{"id":85823,"date":"2021-09-16T00:01:29","date_gmt":"2021-09-15T22:01:29","guid":{"rendered":"https:\/\/veredes.es\/blog\/?p=85823"},"modified":"2021-09-15T18:04:03","modified_gmt":"2021-09-15T16:04:03","slug":"conecta-by-hna-celebra-su-2o-aniversario-con-mas-ventajas-y-un-sorteo-exclusivo","status":"publish","type":"post","link":"https:\/\/veredes.es\/blog\/conecta-by-hna-celebra-su-2o-aniversario-con-mas-ventajas-y-un-sorteo-exclusivo\/","title":{"rendered":"CONECTA by hna celebra su 2\u00ba aniversario con m\u00e1s ventajas y un sorteo exclusivo"},"content":{"rendered":"<p style=\"text-align: justify;\"><strong>\u00b7 Con CONECTA by hna disfrutar\u00e1s de precios \u00fanicos en formaci\u00f3n REVIT online, suscripci\u00f3n anual a las revistas digitales de El Croquis o Tect\u00f3nica y acceso gratuito, durante un a\u00f1o, a la licencia de software para profesionales de Arqu\u00edmedes.<\/strong><\/p>\n<p style=\"text-align: justify;\"><strong>\u00b7 \u00danete y ll\u00e9vate un Kit de escritura al inscribirte en un plan totalmente gratuito con el que obtener importantes ventajas exclusivas pensadas especialmente para ti.<\/strong><\/p>\n<p><img loading=\"lazy\" decoding=\"async\" class=\"alignnone size-full wp-image-85835\" src=\"https:\/\/veredes.es\/blog\/wp-content\/uploads\/2021\/09\/CONECTA-by-hna-celebra-su-2o-aniversario-mas-ventajas-y-un-sorteo-exclusivo-2021.jpg\" alt=\"\" width=\"1200\" height=\"656\" srcset=\"https:\/\/veredes.es\/blog\/wp-content\/uploads\/2021\/09\/CONECTA-by-hna-celebra-su-2o-aniversario-mas-ventajas-y-un-sorteo-exclusivo-2021.jpg 1200w, https:\/\/veredes.es\/blog\/wp-content\/uploads\/2021\/09\/CONECTA-by-hna-celebra-su-2o-aniversario-mas-ventajas-y-un-sorteo-exclusivo-2021-300x164.jpg 300w, https:\/\/veredes.es\/blog\/wp-content\/uploads\/2021\/09\/CONECTA-by-hna-celebra-su-2o-aniversario-mas-ventajas-y-un-sorteo-exclusivo-2021-1024x560.jpg 1024w, https:\/\/veredes.es\/blog\/wp-content\/uploads\/2021\/09\/CONECTA-by-hna-celebra-su-2o-aniversario-mas-ventajas-y-un-sorteo-exclusivo-2021-640x350.jpg 640w\" sizes=\"auto, (max-width: 1200px) 100vw, 1200px\" \/><\/p>\n<p style=\"text-align: justify;\">En<a href=\"https:\/\/bit.ly\/3AplOuM\" target=\"_blank\" rel=\"noopener\"><strong> CONECTA by hna<\/strong><\/a> est\u00e1n de <strong><a href=\"https:\/\/bit.ly\/3AplOuM\" target=\"_blank\" rel=\"noopener\">aniversario<\/a><\/strong> y quieren que te unas a la celebraci\u00f3n. <strong>M\u00e1s de 3000 estudiantes de Arquitectura y Arquitectura T\u00e9cnica se han inscrito ya en este plan<\/strong>, totalmente gratuito, cuyo objetivo es <strong>apoyar a los futuros profesionales durante su etapa acad\u00e9mica<\/strong>, ayud\u00e1ndoles a completar su formaci\u00f3n y estar al d\u00eda en las \u00faltimas tendencias del sector.<\/p>\n<p style=\"text-align: justify;\"><a href=\"https:\/\/bit.ly\/3AplOuM\" target=\"_blank\" rel=\"noopener\"><strong>MAYOR OFERTA FORMATIVA<\/strong><\/a><\/p>\n<p style=\"text-align: justify;\">Accede a precios exclusivos a los <strong>nuevos cursos de formaci\u00f3n REVIT online<\/strong>. <strong>Adem\u00e1s de REVIT Arquitectura, podr\u00e1s ampliar tu formaci\u00f3n con REVIT<\/strong> Estructuras, Instalaciones o Mediciones. Con todos ellos obtendr\u00e1s el certificado oficial Autodesk.<\/p>\n<p style=\"text-align: justify;\">Con el curso <strong>REVIT Arquitectura<\/strong> aprender\u00e1s a desarrollar el modelo constructivo de proyectos de edificaci\u00f3n y obra civil; con <strong>REVIT Estructuras<\/strong> dominar\u00e1s la generaci\u00f3n y el modelado de estructuras, aprendiendo a generar los modelos anal\u00edticos y a exportarlos para utilizarlos en otros programas de c\u00e1lculo como <strong>CYPE o Robot<\/strong>. En <strong>REVIT Instalaciones<\/strong> podr\u00e1s trabajar con un conjunto de herramientas &#8211;<strong>REVIT MEP-<\/strong> pensadas para la creaci\u00f3n y an\u00e1lisis de instalaciones de aire acondicionado, fontaner\u00eda y electricidad de un edificio siguiendo los principios del BIM. Por \u00faltimo, <strong>REVIT Mediciones<\/strong> te permitir\u00e1 aprender todo lo necesario para la <strong>extracci\u00f3n de datos del modelo BIM,<\/strong> mediciones precisas y actualizadas autom\u00e1ticamente, enlazar con bases de precios y actualizar el presupuesto de tus proyectos.<\/p>\n<p style=\"text-align: justify;\">Y solo por ser de <a href=\"https:\/\/bit.ly\/3AplOuM\" target=\"_blank\" rel=\"noopener\"><strong>CONECTA by hna<\/strong><\/a> tendr\u00e1s <strong>acceso gratuito durante un a\u00f1o<\/strong>, bajo petici\u00f3n expresa, a la licencia del<strong> software para profesionales de Arqu\u00edmedes<\/strong> con dos m\u00f3dulos extra: <strong>el m\u00f3dulo Generador de precios<\/strong> que permite obtener precios con las previsiones de costes ajustadas al m\u00e1ximo a la realidad y el <strong>m\u00f3dulo de Memorias CTE<\/strong>, programa dise\u00f1ado para generar y gestionar un proyecto de edificaci\u00f3n.<\/p>\n<p style=\"text-align: justify;\"><a href=\"https:\/\/bit.ly\/3AplOuM\" target=\"_blank\" rel=\"noopener\"><strong>REG\u00cdSTRATE GRATIS Y ELIGE TU REVISTA<\/strong><\/a><\/p>\n<p style=\"text-align: justify;\">Para que est\u00e9s al d\u00eda de las \u00faltimas tendencias e innovaciones, CONECTA te ofrece la posibilidad de escoger entre dos de las publicaciones de mayor relevancia dentro del campo de la arquitectura: <strong>El Croquis y T\u00e9ct\u00f3nica<\/strong>.<\/p>\n<p style=\"text-align: justify;\"><strong>Con tu suscripci\u00f3n a T\u00e9ct\u00f3nica<\/strong> podr\u00e1s acceder a <strong>informaci\u00f3n t\u00e9cnica privilegiada<\/strong> de los proyectos publicados: <strong>detalles en pdf, explicaci\u00f3n t\u00e9cnica y modelos 3D con archivos DWG descargables.<\/strong> Un instrumento muy \u00fatil para simplificar la ingente tarea de dar con la soluci\u00f3n m\u00e1s adecuada a cada problema constructivo concreto.<\/p>\n<p style=\"text-align: justify;\">Con <strong>El Croquis<\/strong> disfrutar\u00e1s de sus <strong>cuidadas monograf\u00edas que analizan el trabajo de los arquitectos m\u00e1s sobresalientes<\/strong>, con especial atenci\u00f3n a la exposici\u00f3n detallada de la documentaci\u00f3n gr\u00e1fica y, en concreto, al proceso proyectivo y a los aspectos y detalles constructivos m\u00e1s singulares de cada obra.<\/p>\n<p style=\"text-align: justify;\"><a href=\"https:\/\/bit.ly\/3AplOuM\" target=\"_blank\" rel=\"noopener\"><strong>CU\u00cdDATE CON CONECTA<\/strong><\/a><\/p>\n<p style=\"text-align: justify;\">Con <a href=\"https:\/\/bit.ly\/3AplOuM\" target=\"_blank\" rel=\"noopener\"><strong>CONECTA by hna<\/strong><\/a> tambi\u00e9n tendr\u00e1s a tu alcance <strong>los tratamientos de est\u00e9tica m\u00e1s avanzados, las \u00faltimas novedades en terapias alternativas y los mejores centros deportivos, gimnasios, \u00f3pticas, balnearios y spas<\/strong> que te ayudar\u00e1n a estar y sentirte mejor en tu d\u00eda a d\u00eda. Con <strong>hasta el 40% de descuento respecto al precio de mercado en servicios de salud y bienestar<\/strong> en una plataforma sencilla e intuitiva en la que se detallan los servicios por categor\u00edas y por geolocalizaci\u00f3n, para que elijas el centro que mejor se adapte a tus necesidades.<\/p>\n<p style=\"text-align: justify;\">Adem\u00e1s, obtendr\u00e1s <strong>regalos peri\u00f3dicos, importantes sorteos y descuentos<\/strong> para ti y los tuyos. Y si tus familiares forman parte del mundo de la arquitectura, con la <strong>\u201cConexi\u00f3n Familiar\u201d<\/strong> te llevar\u00e1s <strong>40\u20ac en compras online<\/strong> y podr\u00e1s compartir sus ventajas que, entre otras, incluyen <strong>promociones exclusivas<\/strong> a la hora de contratar productos de previsi\u00f3n, ahorro, salud, etc. Tambi\u00e9n quieren premiarte si traes a CONECTA a un compa\u00f1ero de estudios. <strong>Solo por inscribirse en la plataforma con tu c\u00f3digo amigo, te regalar\u00e1n 5\u20ac para tus compras online gracias al \u201cPlan Amigo\u201d.<\/strong><\/p>\n<p style=\"text-align: justify;\"><strong><a href=\"https:\/\/bit.ly\/3AplOuM\" target=\"_blank\" rel=\"noopener\">\u00danete a CONECTA by hna<\/a><\/strong> y comienza a disfrutar de sus ventajas exclusivas y gratuitas y, ahora, con motivo del 2\u00ba aniversario, te llevar\u00e1s un Kit de escritura como bienvenida.<\/p>\n","protected":false},"excerpt":{"rendered":"<p>\u00b7 Con CONECTA by hna disfrutar\u00e1s de precios \u00fanicos en formaci\u00f3n REVIT online, suscripci\u00f3n anual a las revistas digitales de El Croquis o Tect\u00f3nica y acceso gratuito, durante un a\u00f1o, a la licencia de software para profesionales de Arqu\u00edmedes. \u00b7 \u00danete y ll\u00e9vate un Kit de escritura al inscribirte en un plan totalmente gratuito con [&hellip;]<\/p>\n","protected":false},"author":2,"featured_media":85835,"comment_status":"open","ping_status":"closed","sticky":false,"template":"","format":"standard","meta":{"footnotes":""},"categories":[5624,5951],"tags":[14932,208,12847,465,535,1893,14364,15214,11681,14363,758,759,10178,7659,15097,10098,14745],"class_list":{"0":"post-85823","1":"post","2":"type-post","3":"status-publish","4":"format-standard","5":"has-post-thumbnail","7":"category-deriva","8":"category-slider-principal","9":"tag-autodesk","10":"tag-biblioteca","11":"tag-bim","12":"tag-el-croquis","13":"tag-estudiante","14":"tag-formacion","15":"tag-fundacion-hna","16":"tag-grace-mcgarvie","17":"tag-hna","18":"tag-hnaconecta","19":"tag-joven-arquitecto","20":"tag-joven-valor","21":"tag-promoci","22":"tag-revista-tectonica","23":"tag-revit","24":"tag-servicio","25":"tag-vitra"},"yoast_head":"<!-- This site is optimized with the Yoast SEO plugin v27.5 - https:\/\/yoast.com\/product\/yoast-seo-wordpress\/ -->\n<title>CONECTA by hna celebra su 2\u00ba aniversario con m\u00e1s ventajas y un sorteo exclusivo - veredes<\/title>\n<meta name=\"description\" content=\"Toda la informaci\u00f3n sobre: CONECTA by hna celebra su 2\u00ba aniversario con m\u00e1s ventajas y un sorteo exclusivo\" \/>\n<meta name=\"robots\" content=\"index, follow, max-snippet:-1, max-image-preview:large, max-video-preview:-1\" \/>\n<link rel=\"canonical\" href=\"https:\/\/veredes.es\/blog\/conecta-by-hna-celebra-su-2o-aniversario-con-mas-ventajas-y-un-sorteo-exclusivo\/\" \/>\n<meta property=\"og:locale\" content=\"es_ES\" \/>\n<meta property=\"og:type\" content=\"article\" \/>\n<meta property=\"og:title\" content=\"CONECTA by hna celebra su 2\u00ba aniversario con m\u00e1s ventajas y un sorteo exclusivo - veredes\" \/>\n<meta property=\"og:description\" content=\"Toda la informaci\u00f3n sobre: CONECTA by hna celebra su 2\u00ba aniversario con m\u00e1s ventajas y un sorteo exclusivo\" \/>\n<meta property=\"og:url\" content=\"https:\/\/veredes.es\/blog\/conecta-by-hna-celebra-su-2o-aniversario-con-mas-ventajas-y-un-sorteo-exclusivo\/\" \/>\n<meta property=\"og:site_name\" content=\"veredes, arquitectura y divulgaci\u00f3n\" \/>\n<meta property=\"article:publisher\" content=\"https:\/\/www.facebook.com\/veredesArquitecturayDivulgacion\/\" \/>\n<meta property=\"article:author\" content=\"https:\/\/www.facebook.com\/veredesArquitecturayDivulgacion\/\" \/>\n<meta property=\"article:published_time\" content=\"2021-09-15T22:01:29+00:00\" \/>\n<meta property=\"og:image\" content=\"https:\/\/veredes.es\/blog\/wp-content\/uploads\/2021\/09\/CONECTA-by-hna-celebra-su-2o-aniversario-mas-ventajas-y-un-sorteo-exclusivo-2021.jpg\" \/>\n\t<meta property=\"og:image:width\" content=\"1200\" \/>\n\t<meta property=\"og:image:height\" content=\"656\" \/>\n\t<meta property=\"og:image:type\" content=\"image\/jpeg\" \/>\n<meta name=\"author\" content=\"veredes\" \/>\n<meta name=\"twitter:card\" content=\"summary_large_image\" \/>\n<meta name=\"twitter:creator\" content=\"@https:\/\/twitter.com\/veredes\" \/>\n<meta name=\"twitter:site\" content=\"@veredes\" \/>\n<meta name=\"twitter:label1\" content=\"Escrito por\" \/>\n\t<meta name=\"twitter:data1\" content=\"veredes\" \/>\n\t<meta name=\"twitter:label2\" content=\"Tiempo de lectura\" \/>\n\t<meta name=\"twitter:data2\" content=\"4 minutos\" \/>\n<script type=\"application\/ld+json\" class=\"yoast-schema-graph\">{\"@context\":\"https:\\\/\\\/schema.org\",\"@graph\":[{\"@type\":\"Article\",\"@id\":\"https:\\\/\\\/veredes.es\\\/blog\\\/conecta-by-hna-celebra-su-2o-aniversario-con-mas-ventajas-y-un-sorteo-exclusivo\\\/#article\",\"isPartOf\":{\"@id\":\"https:\\\/\\\/veredes.es\\\/blog\\\/conecta-by-hna-celebra-su-2o-aniversario-con-mas-ventajas-y-un-sorteo-exclusivo\\\/\"},\"author\":{\"name\":\"veredes\",\"@id\":\"https:\\\/\\\/veredes.es\\\/blog\\\/#\\\/schema\\\/person\\\/0bbb669073ef7faba5168a0844e93d2c\"},\"headline\":\"CONECTA by hna celebra su 2\u00ba aniversario con m\u00e1s ventajas y un sorteo exclusivo\",\"datePublished\":\"2021-09-15T22:01:29+00:00\",\"mainEntityOfPage\":{\"@id\":\"https:\\\/\\\/veredes.es\\\/blog\\\/conecta-by-hna-celebra-su-2o-aniversario-con-mas-ventajas-y-un-sorteo-exclusivo\\\/\"},\"wordCount\":789,\"commentCount\":0,\"publisher\":{\"@id\":\"https:\\\/\\\/veredes.es\\\/blog\\\/#organization\"},\"image\":{\"@id\":\"https:\\\/\\\/veredes.es\\\/blog\\\/conecta-by-hna-celebra-su-2o-aniversario-con-mas-ventajas-y-un-sorteo-exclusivo\\\/#primaryimage\"},\"thumbnailUrl\":\"https:\\\/\\\/veredes.es\\\/blog\\\/wp-content\\\/uploads\\\/2021\\\/09\\\/CONECTA-by-hna-celebra-su-2o-aniversario-mas-ventajas-y-un-sorteo-exclusivo-2021.jpg\",\"keywords\":[\"Autodesk\",\"biblioteca\",\"BIM\",\"el croquis\",\"estudiante\",\"formaci\u00f3n\",\"Fundaci\u00f3n hna\",\"Grace McGarvie\",\"hna\",\"hnaCONECTA\",\"joven arquitecto\",\"joven valor\",\"promoci\u00f3n\",\"revista tect\u00f3nica\",\"Revit\",\"servicio\",\"vitra\"],\"articleSection\":[\"deriva\",\"slider principal\"],\"inLanguage\":\"es\",\"potentialAction\":[{\"@type\":\"CommentAction\",\"name\":\"Comment\",\"target\":[\"https:\\\/\\\/veredes.es\\\/blog\\\/conecta-by-hna-celebra-su-2o-aniversario-con-mas-ventajas-y-un-sorteo-exclusivo\\\/#respond\"]}]},{\"@type\":\"WebPage\",\"@id\":\"https:\\\/\\\/veredes.es\\\/blog\\\/conecta-by-hna-celebra-su-2o-aniversario-con-mas-ventajas-y-un-sorteo-exclusivo\\\/\",\"url\":\"https:\\\/\\\/veredes.es\\\/blog\\\/conecta-by-hna-celebra-su-2o-aniversario-con-mas-ventajas-y-un-sorteo-exclusivo\\\/\",\"name\":\"CONECTA by hna celebra su 2\u00ba aniversario con m\u00e1s ventajas y un sorteo exclusivo - veredes\",\"isPartOf\":{\"@id\":\"https:\\\/\\\/veredes.es\\\/blog\\\/#website\"},\"primaryImageOfPage\":{\"@id\":\"https:\\\/\\\/veredes.es\\\/blog\\\/conecta-by-hna-celebra-su-2o-aniversario-con-mas-ventajas-y-un-sorteo-exclusivo\\\/#primaryimage\"},\"image\":{\"@id\":\"https:\\\/\\\/veredes.es\\\/blog\\\/conecta-by-hna-celebra-su-2o-aniversario-con-mas-ventajas-y-un-sorteo-exclusivo\\\/#primaryimage\"},\"thumbnailUrl\":\"https:\\\/\\\/veredes.es\\\/blog\\\/wp-content\\\/uploads\\\/2021\\\/09\\\/CONECTA-by-hna-celebra-su-2o-aniversario-mas-ventajas-y-un-sorteo-exclusivo-2021.jpg\",\"datePublished\":\"2021-09-15T22:01:29+00:00\",\"description\":\"Toda la informaci\u00f3n sobre: CONECTA by hna celebra su 2\u00ba aniversario con m\u00e1s ventajas y un sorteo exclusivo\",\"breadcrumb\":{\"@id\":\"https:\\\/\\\/veredes.es\\\/blog\\\/conecta-by-hna-celebra-su-2o-aniversario-con-mas-ventajas-y-un-sorteo-exclusivo\\\/#breadcrumb\"},\"inLanguage\":\"es\",\"potentialAction\":[{\"@type\":\"ReadAction\",\"target\":[\"https:\\\/\\\/veredes.es\\\/blog\\\/conecta-by-hna-celebra-su-2o-aniversario-con-mas-ventajas-y-un-sorteo-exclusivo\\\/\"]}]},{\"@type\":\"ImageObject\",\"inLanguage\":\"es\",\"@id\":\"https:\\\/\\\/veredes.es\\\/blog\\\/conecta-by-hna-celebra-su-2o-aniversario-con-mas-ventajas-y-un-sorteo-exclusivo\\\/#primaryimage\",\"url\":\"https:\\\/\\\/veredes.es\\\/blog\\\/wp-content\\\/uploads\\\/2021\\\/09\\\/CONECTA-by-hna-celebra-su-2o-aniversario-mas-ventajas-y-un-sorteo-exclusivo-2021.jpg\",\"contentUrl\":\"https:\\\/\\\/veredes.es\\\/blog\\\/wp-content\\\/uploads\\\/2021\\\/09\\\/CONECTA-by-hna-celebra-su-2o-aniversario-mas-ventajas-y-un-sorteo-exclusivo-2021.jpg\",\"width\":1200,\"height\":656},{\"@type\":\"BreadcrumbList\",\"@id\":\"https:\\\/\\\/veredes.es\\\/blog\\\/conecta-by-hna-celebra-su-2o-aniversario-con-mas-ventajas-y-un-sorteo-exclusivo\\\/#breadcrumb\",\"itemListElement\":[{\"@type\":\"ListItem\",\"position\":1,\"name\":\"Portada\",\"item\":\"https:\\\/\\\/veredes.es\\\/blog\\\/\"},{\"@type\":\"ListItem\",\"position\":2,\"name\":\"CONECTA by hna celebra su 2\u00ba aniversario con m\u00e1s ventajas y un sorteo exclusivo\"}]},{\"@type\":\"WebSite\",\"@id\":\"https:\\\/\\\/veredes.es\\\/blog\\\/#website\",\"url\":\"https:\\\/\\\/veredes.es\\\/blog\\\/\",\"name\":\"veredes, arquitectura y divulgaci\u00f3n\",\"description\":\"veredes\",\"publisher\":{\"@id\":\"https:\\\/\\\/veredes.es\\\/blog\\\/#organization\"},\"alternateName\":\"veredes\",\"potentialAction\":[{\"@type\":\"SearchAction\",\"target\":{\"@type\":\"EntryPoint\",\"urlTemplate\":\"https:\\\/\\\/veredes.es\\\/blog\\\/?s={search_term_string}\"},\"query-input\":{\"@type\":\"PropertyValueSpecification\",\"valueRequired\":true,\"valueName\":\"search_term_string\"}}],\"inLanguage\":\"es\"},{\"@type\":\"Organization\",\"@id\":\"https:\\\/\\\/veredes.es\\\/blog\\\/#organization\",\"name\":\"veredes, arquitectura y divulgaci\u00f3n\",\"alternateName\":\"veredes\",\"url\":\"https:\\\/\\\/veredes.es\\\/blog\\\/\",\"logo\":{\"@type\":\"ImageObject\",\"inLanguage\":\"es\",\"@id\":\"https:\\\/\\\/veredes.es\\\/blog\\\/#\\\/schema\\\/logo\\\/image\\\/\",\"url\":\"https:\\\/\\\/veredes.es\\\/blog\\\/wp-content\\\/uploads\\\/2021\\\/12\\\/veredes-logo-centrado_140x54.png\",\"contentUrl\":\"https:\\\/\\\/veredes.es\\\/blog\\\/wp-content\\\/uploads\\\/2021\\\/12\\\/veredes-logo-centrado_140x54.png\",\"width\":140,\"height\":54,\"caption\":\"veredes, arquitectura y divulgaci\u00f3n\"},\"image\":{\"@id\":\"https:\\\/\\\/veredes.es\\\/blog\\\/#\\\/schema\\\/logo\\\/image\\\/\"},\"sameAs\":[\"https:\\\/\\\/www.facebook.com\\\/veredesArquitecturayDivulgacion\\\/\",\"https:\\\/\\\/x.com\\\/veredes\",\"https:\\\/\\\/instagram.com\\\/veredes\\\/\",\"https:\\\/\\\/www.linkedin.com\\\/company\\\/veredes-arquitectura-y-divulgacion\\\/\",\"https:\\\/\\\/es.pinterest.com\\\/veredes\\\/\",\"https:\\\/\\\/www.tumblr.com\\\/veredes\"]},{\"@type\":\"Person\",\"@id\":\"https:\\\/\\\/veredes.es\\\/blog\\\/#\\\/schema\\\/person\\\/0bbb669073ef7faba5168a0844e93d2c\",\"name\":\"veredes\",\"image\":{\"@type\":\"ImageObject\",\"inLanguage\":\"es\",\"@id\":\"https:\\\/\\\/veredes.es\\\/blog\\\/wp-content\\\/uploads\\\/2018\\\/04\\\/face-96x96.jpg\",\"url\":\"https:\\\/\\\/veredes.es\\\/blog\\\/wp-content\\\/uploads\\\/2018\\\/04\\\/face-96x96.jpg\",\"contentUrl\":\"https:\\\/\\\/veredes.es\\\/blog\\\/wp-content\\\/uploads\\\/2018\\\/04\\\/face-96x96.jpg\",\"caption\":\"veredes\"},\"description\":\"Surge enero de 2009 como b\u00fasqueda de satisfacer el conocimiento de la actividad arquitect\u00f3nica y tangentes que se generan. La idea es crear un espacio para divulgar los diversos proyectos en busca de nueva inspiraci\u00f3n y de intercambio.\",\"sameAs\":[\"https:\\\/\\\/veredes.es\\\/\",\"https:\\\/\\\/www.facebook.com\\\/veredesArquitecturayDivulgacion\\\/\",\"https:\\\/\\\/www.instagram.com\\\/veredes\\\/\",\"https:\\\/\\\/www.linkedin.com\\\/company\\\/veredes-arquitectura-y-divulgacion\\\/\",\"https:\\\/\\\/www.pinterest.es\\\/veredes\\\/\",\"https:\\\/\\\/x.com\\\/https:\\\/\\\/twitter.com\\\/veredes\",\"https:\\\/\\\/veredes.tumblr.com\\\/\"],\"url\":\"https:\\\/\\\/veredes.es\\\/blog\\\/author\\\/alberto\\\/\"}]}<\/script>\n<!-- \/ Yoast SEO plugin. -->","yoast_head_json":{"title":"CONECTA by hna celebra su 2\u00ba aniversario con m\u00e1s ventajas y un sorteo exclusivo - veredes","description":"Toda la informaci\u00f3n sobre: CONECTA by hna celebra su 2\u00ba aniversario con m\u00e1s ventajas y un sorteo exclusivo","robots":{"index":"index","follow":"follow","max-snippet":"max-snippet:-1","max-image-preview":"max-image-preview:large","max-video-preview":"max-video-preview:-1"},"canonical":"https:\/\/veredes.es\/blog\/conecta-by-hna-celebra-su-2o-aniversario-con-mas-ventajas-y-un-sorteo-exclusivo\/","og_locale":"es_ES","og_type":"article","og_title":"CONECTA by hna celebra su 2\u00ba aniversario con m\u00e1s ventajas y un sorteo exclusivo - veredes","og_description":"Toda la informaci\u00f3n sobre: CONECTA by hna celebra su 2\u00ba aniversario con m\u00e1s ventajas y un sorteo exclusivo","og_url":"https:\/\/veredes.es\/blog\/conecta-by-hna-celebra-su-2o-aniversario-con-mas-ventajas-y-un-sorteo-exclusivo\/","og_site_name":"veredes, arquitectura y divulgaci\u00f3n","article_publisher":"https:\/\/www.facebook.com\/veredesArquitecturayDivulgacion\/","article_author":"https:\/\/www.facebook.com\/veredesArquitecturayDivulgacion\/","article_published_time":"2021-09-15T22:01:29+00:00","og_image":[{"width":1200,"height":656,"url":"https:\/\/veredes.es\/blog\/wp-content\/uploads\/2021\/09\/CONECTA-by-hna-celebra-su-2o-aniversario-mas-ventajas-y-un-sorteo-exclusivo-2021.jpg","type":"image\/jpeg"}],"author":"veredes","twitter_card":"summary_large_image","twitter_creator":"@https:\/\/twitter.com\/veredes","twitter_site":"@veredes","twitter_misc":{"Escrito por":"veredes","Tiempo de lectura":"4 minutos"},"schema":{"@context":"https:\/\/schema.org","@graph":[{"@type":"Article","@id":"https:\/\/veredes.es\/blog\/conecta-by-hna-celebra-su-2o-aniversario-con-mas-ventajas-y-un-sorteo-exclusivo\/#article","isPartOf":{"@id":"https:\/\/veredes.es\/blog\/conecta-by-hna-celebra-su-2o-aniversario-con-mas-ventajas-y-un-sorteo-exclusivo\/"},"author":{"name":"veredes","@id":"https:\/\/veredes.es\/blog\/#\/schema\/person\/0bbb669073ef7faba5168a0844e93d2c"},"headline":"CONECTA by hna celebra su 2\u00ba aniversario con m\u00e1s ventajas y un sorteo exclusivo","datePublished":"2021-09-15T22:01:29+00:00","mainEntityOfPage":{"@id":"https:\/\/veredes.es\/blog\/conecta-by-hna-celebra-su-2o-aniversario-con-mas-ventajas-y-un-sorteo-exclusivo\/"},"wordCount":789,"commentCount":0,"publisher":{"@id":"https:\/\/veredes.es\/blog\/#organization"},"image":{"@id":"https:\/\/veredes.es\/blog\/conecta-by-hna-celebra-su-2o-aniversario-con-mas-ventajas-y-un-sorteo-exclusivo\/#primaryimage"},"thumbnailUrl":"https:\/\/veredes.es\/blog\/wp-content\/uploads\/2021\/09\/CONECTA-by-hna-celebra-su-2o-aniversario-mas-ventajas-y-un-sorteo-exclusivo-2021.jpg","keywords":["Autodesk","biblioteca","BIM","el croquis","estudiante","formaci\u00f3n","Fundaci\u00f3n hna","Grace McGarvie","hna","hnaCONECTA","joven arquitecto","joven valor","promoci\u00f3n","revista tect\u00f3nica","Revit","servicio","vitra"],"articleSection":["deriva","slider principal"],"inLanguage":"es","potentialAction":[{"@type":"CommentAction","name":"Comment","target":["https:\/\/veredes.es\/blog\/conecta-by-hna-celebra-su-2o-aniversario-con-mas-ventajas-y-un-sorteo-exclusivo\/#respond"]}]},{"@type":"WebPage","@id":"https:\/\/veredes.es\/blog\/conecta-by-hna-celebra-su-2o-aniversario-con-mas-ventajas-y-un-sorteo-exclusivo\/","url":"https:\/\/veredes.es\/blog\/conecta-by-hna-celebra-su-2o-aniversario-con-mas-ventajas-y-un-sorteo-exclusivo\/","name":"CONECTA by hna celebra su 2\u00ba aniversario con m\u00e1s ventajas y un sorteo exclusivo - veredes","isPartOf":{"@id":"https:\/\/veredes.es\/blog\/#website"},"primaryImageOfPage":{"@id":"https:\/\/veredes.es\/blog\/conecta-by-hna-celebra-su-2o-aniversario-con-mas-ventajas-y-un-sorteo-exclusivo\/#primaryimage"},"image":{"@id":"https:\/\/veredes.es\/blog\/conecta-by-hna-celebra-su-2o-aniversario-con-mas-ventajas-y-un-sorteo-exclusivo\/#primaryimage"},"thumbnailUrl":"https:\/\/veredes.es\/blog\/wp-content\/uploads\/2021\/09\/CONECTA-by-hna-celebra-su-2o-aniversario-mas-ventajas-y-un-sorteo-exclusivo-2021.jpg","datePublished":"2021-09-15T22:01:29+00:00","description":"Toda la informaci\u00f3n sobre: CONECTA by hna celebra su 2\u00ba aniversario con m\u00e1s ventajas y un sorteo exclusivo","breadcrumb":{"@id":"https:\/\/veredes.es\/blog\/conecta-by-hna-celebra-su-2o-aniversario-con-mas-ventajas-y-un-sorteo-exclusivo\/#breadcrumb"},"inLanguage":"es","potentialAction":[{"@type":"ReadAction","target":["https:\/\/veredes.es\/blog\/conecta-by-hna-celebra-su-2o-aniversario-con-mas-ventajas-y-un-sorteo-exclusivo\/"]}]},{"@type":"ImageObject","inLanguage":"es","@id":"https:\/\/veredes.es\/blog\/conecta-by-hna-celebra-su-2o-aniversario-con-mas-ventajas-y-un-sorteo-exclusivo\/#primaryimage","url":"https:\/\/veredes.es\/blog\/wp-content\/uploads\/2021\/09\/CONECTA-by-hna-celebra-su-2o-aniversario-mas-ventajas-y-un-sorteo-exclusivo-2021.jpg","contentUrl":"https:\/\/veredes.es\/blog\/wp-content\/uploads\/2021\/09\/CONECTA-by-hna-celebra-su-2o-aniversario-mas-ventajas-y-un-sorteo-exclusivo-2021.jpg","width":1200,"height":656},{"@type":"BreadcrumbList","@id":"https:\/\/veredes.es\/blog\/conecta-by-hna-celebra-su-2o-aniversario-con-mas-ventajas-y-un-sorteo-exclusivo\/#breadcrumb","itemListElement":[{"@type":"ListItem","position":1,"name":"Portada","item":"https:\/\/veredes.es\/blog\/"},{"@type":"ListItem","position":2,"name":"CONECTA by hna celebra su 2\u00ba aniversario con m\u00e1s ventajas y un sorteo exclusivo"}]},{"@type":"WebSite","@id":"https:\/\/veredes.es\/blog\/#website","url":"https:\/\/veredes.es\/blog\/","name":"veredes, arquitectura y divulgaci\u00f3n","description":"veredes","publisher":{"@id":"https:\/\/veredes.es\/blog\/#organization"},"alternateName":"veredes","potentialAction":[{"@type":"SearchAction","target":{"@type":"EntryPoint","urlTemplate":"https:\/\/veredes.es\/blog\/?s={search_term_string}"},"query-input":{"@type":"PropertyValueSpecification","valueRequired":true,"valueName":"search_term_string"}}],"inLanguage":"es"},{"@type":"Organization","@id":"https:\/\/veredes.es\/blog\/#organization","name":"veredes, arquitectura y divulgaci\u00f3n","alternateName":"veredes","url":"https:\/\/veredes.es\/blog\/","logo":{"@type":"ImageObject","inLanguage":"es","@id":"https:\/\/veredes.es\/blog\/#\/schema\/logo\/image\/","url":"https:\/\/veredes.es\/blog\/wp-content\/uploads\/2021\/12\/veredes-logo-centrado_140x54.png","contentUrl":"https:\/\/veredes.es\/blog\/wp-content\/uploads\/2021\/12\/veredes-logo-centrado_140x54.png","width":140,"height":54,"caption":"veredes, arquitectura y divulgaci\u00f3n"},"image":{"@id":"https:\/\/veredes.es\/blog\/#\/schema\/logo\/image\/"},"sameAs":["https:\/\/www.facebook.com\/veredesArquitecturayDivulgacion\/","https:\/\/x.com\/veredes","https:\/\/instagram.com\/veredes\/","https:\/\/www.linkedin.com\/company\/veredes-arquitectura-y-divulgacion\/","https:\/\/es.pinterest.com\/veredes\/","https:\/\/www.tumblr.com\/veredes"]},{"@type":"Person","@id":"https:\/\/veredes.es\/blog\/#\/schema\/person\/0bbb669073ef7faba5168a0844e93d2c","name":"veredes","image":{"@type":"ImageObject","inLanguage":"es","@id":"https:\/\/veredes.es\/blog\/wp-content\/uploads\/2018\/04\/face-96x96.jpg","url":"https:\/\/veredes.es\/blog\/wp-content\/uploads\/2018\/04\/face-96x96.jpg","contentUrl":"https:\/\/veredes.es\/blog\/wp-content\/uploads\/2018\/04\/face-96x96.jpg","caption":"veredes"},"description":"Surge enero de 2009 como b\u00fasqueda de satisfacer el conocimiento de la actividad arquitect\u00f3nica y tangentes que se generan. La idea es crear un espacio para divulgar los diversos proyectos en busca de nueva inspiraci\u00f3n y de intercambio.","sameAs":["https:\/\/veredes.es\/","https:\/\/www.facebook.com\/veredesArquitecturayDivulgacion\/","https:\/\/www.instagram.com\/veredes\/","https:\/\/www.linkedin.com\/company\/veredes-arquitectura-y-divulgacion\/","https:\/\/www.pinterest.es\/veredes\/","https:\/\/x.com\/https:\/\/twitter.com\/veredes","https:\/\/veredes.tumblr.com\/"],"url":"https:\/\/veredes.es\/blog\/author\/alberto\/"}]}},"_links":{"self":[{"href":"https:\/\/veredes.es\/blog\/wp-json\/wp\/v2\/posts\/85823","targetHints":{"allow":["GET"]}}],"collection":[{"href":"https:\/\/veredes.es\/blog\/wp-json\/wp\/v2\/posts"}],"about":[{"href":"https:\/\/veredes.es\/blog\/wp-json\/wp\/v2\/types\/post"}],"author":[{"embeddable":true,"href":"https:\/\/veredes.es\/blog\/wp-json\/wp\/v2\/users\/2"}],"replies":[{"embeddable":true,"href":"https:\/\/veredes.es\/blog\/wp-json\/wp\/v2\/comments?post=85823"}],"version-history":[{"count":0,"href":"https:\/\/veredes.es\/blog\/wp-json\/wp\/v2\/posts\/85823\/revisions"}],"wp:featuredmedia":[{"embeddable":true,"href":"https:\/\/veredes.es\/blog\/wp-json\/wp\/v2\/media\/85835"}],"wp:attachment":[{"href":"https:\/\/veredes.es\/blog\/wp-json\/wp\/v2\/media?parent=85823"}],"wp:term":[{"taxonomy":"category","embeddable":true,"href":"https:\/\/veredes.es\/blog\/wp-json\/wp\/v2\/categories?post=85823"},{"taxonomy":"post_tag","embeddable":true,"href":"https:\/\/veredes.es\/blog\/wp-json\/wp\/v2\/tags?post=85823"}],"curies":[{"name":"wp","href":"https:\/\/api.w.org\/{rel}","templated":true}]}}