{"id":85418,"date":"2021-07-27T00:01:34","date_gmt":"2021-07-26T22:01:34","guid":{"rendered":"https:\/\/veredes.es\/blog\/?p=85418"},"modified":"2024-02-01T19:35:10","modified_gmt":"2024-02-01T18:35:10","slug":"rebuild-2021","status":"publish","type":"post","link":"https:\/\/veredes.es\/blog\/rebuild-2021\/","title":{"rendered":"REBUILD 2021"},"content":{"rendered":"<p style=\"text-align: justify;\"><strong>\u00b7 Del 21 al 23 de septiembre REBUILD reunir\u00e1 en IFEMA a 200 firmas expositoras que mostrar\u00e1n sus \u00faltimas soluciones para el sector de la construcci\u00f3n.<\/strong><br \/>\n<strong>\u00b7 El Congreso Nacional de Arquitectura Avanzada y Construcci\u00f3n 4.0 contar\u00e1 con m\u00e1s de 260 expertos compartir\u00e1n los proyectos m\u00e1s innovadores del sector.<\/strong><\/p>\n<figure id=\"attachment_85419\" aria-describedby=\"caption-attachment-85419\" style=\"width: 1200px\" class=\"wp-caption alignnone\"><img loading=\"lazy\" decoding=\"async\" class=\"wp-image-85419 size-full\" title=\"REBUILD 2021\" src=\"https:\/\/veredes.es\/blog\/wp-content\/uploads\/2021\/07\/REBUILD-2021-madrid.jpg\" alt=\"REBUILD 2021\" width=\"1200\" height=\"444\" srcset=\"https:\/\/veredes.es\/blog\/wp-content\/uploads\/2021\/07\/REBUILD-2021-madrid.jpg 1200w, https:\/\/veredes.es\/blog\/wp-content\/uploads\/2021\/07\/REBUILD-2021-madrid-300x111.jpg 300w, https:\/\/veredes.es\/blog\/wp-content\/uploads\/2021\/07\/REBUILD-2021-madrid-1024x379.jpg 1024w\" sizes=\"auto, (max-width: 1200px) 100vw, 1200px\" \/><figcaption id=\"caption-attachment-85419\" class=\"wp-caption-text\"><span style=\"color: #999999;\">REBUILD 2021<\/span><\/figcaption><\/figure>\n<p style=\"text-align: justify;\"><a href=\"https:\/\/www.rebuildexpo.com\/\" target=\"_blank\" rel=\"noopener\"><strong>REBUILD 2021<\/strong><\/a> se celebrar\u00e1 el pr\u00f3ximo mes de septiembre en IFEMA con el objetivo de convertir el sector de la edificaci\u00f3n en el tractor de la recuperaci\u00f3n de la econom\u00eda espa\u00f1ola. Durante tres d\u00edas, el evento de innovaci\u00f3n para los profesionales de la edificaci\u00f3n abordar\u00e1 las nuevas tendencias en tecnolog\u00eda, las soluciones y materiales m\u00e1s sostenibles, los sistemas constructivos<br \/>\nindustrializados y modulares, as\u00ed como el dise\u00f1o m\u00e1s vanguardista que marcar\u00e1 el futuro del sector.<\/p>\n<p style=\"text-align: justify;\">Los profesionales de la edificaci\u00f3n se reunir\u00e1n en <a href=\"https:\/\/www.rebuildexpo.com\/\" target=\"_blank\" rel=\"noopener\"><strong>REBUILD 2021<\/strong><\/a><a href=\"https:\/\/bit.ly\/3kR6lia\" target=\"_blank\" rel=\"noopener\">,<\/a> del 21 al 23 de septiembre, para establecer la hoja de ruta para el futuro tanto a medio como a largo plazo, una nueva visi\u00f3n basada en nuevas formas de edificaci\u00f3n que apuesten por la industrializaci\u00f3n, la sostenibilidad aplicada a los nuevos materiales, la digitalizaci\u00f3n y la descarbonizaci\u00f3n.<\/p>\n<p style=\"text-align: justify;\">Durante sus tres d\u00edas de celebraci\u00f3n, <a href=\"https:\/\/www.rebuildexpo.com\/\" target=\"_blank\" rel=\"noopener\"><strong>REBUILD 2021<\/strong><\/a> reunir\u00e1 en un showroom con cerca de 200 firmas en IFEMA todas las novedades para los profesionales del sector de la edificaci\u00f3n. Adem\u00e1s, <a href=\"https:\/\/www.rebuildexpo.com\/\" target=\"_blank\" rel=\"noopener\"><strong>REBUILD 2021<\/strong><\/a> acoger\u00e1 un a\u00f1o m\u00e1s el Congreso Nacional de Arquitectura Avanzada y Construcci\u00f3n 4.0, donde m\u00e1s de 260 expertos se dar\u00e1n cita para mostrar los casos de \u00e9xito referentes en el sector, nuevos materiales y soluciones codise\u00f1adas, las \u00faltimas tecnolog\u00edas emergentes y los sistemas constructivos m\u00e1s innovadores.<\/p>\n<p style=\"text-align: justify;\">En esta edici\u00f3n, el Congreso contar\u00e1 con sesiones para analizar los nuevos programas Espa\u00f1a Puede, Plan Vive u Observatorio 2030, que abordar\u00e1n las claves para afrontar los retos del sector inmobiliario, arquitect\u00f3nico y constructivo; tambi\u00e9n sesiones sobre<em> coliving, Build to Rent,<\/em> sistemas constructivos industrializados 2D y 3D, la aplicaci\u00f3n del BIM, as\u00ed como sesiones enfocadas a dar visibilidad a las nuevas tendencias y a dar soluci\u00f3n a los cambios y nuevos modos de compartir los espacios.<\/p>\n<p style=\"text-align: justify;\">Adem\u00e1s, distintos foros debatir\u00e1n la recuperaci\u00f3n de la vivienda p\u00fablica, las nuevas necesidades de dise\u00f1o de interiores, la transici\u00f3n digital y el uso del dato en todas las fases de un proyecto, su planificaci\u00f3n, construcci\u00f3n, gesti\u00f3n y mantenimiento. El Congreso Nacional de Arquitectura Avanzada y Constucci\u00f3n 4.0 contar\u00e1 una vez m\u00e1s con un Summit de Ingenieros y otro de directores de compra de promotoras, con el prop\u00f3sito de dar representaci\u00f3n a cada uno de los agentes que participan en la cadena de valor de la Rebuild es un evento de: edificaci\u00f3n. Adem\u00e1s, se dar\u00e1n a conocer soluciones de edificaci\u00f3n tanto para proyectos de vivienda residencial, como para hoteles, retail, sector socio-sanitario, espacios de trabajo, y proyectos impulsados por la administraci\u00f3n p\u00fablica.<\/p>\n<figure id=\"attachment_85423\" aria-describedby=\"caption-attachment-85423\" style=\"width: 1200px\" class=\"wp-caption alignnone\"><img loading=\"lazy\" decoding=\"async\" class=\"wp-image-85423 size-full\" title=\"REBUILD 2021\" src=\"https:\/\/veredes.es\/blog\/wp-content\/uploads\/2021\/07\/rebuilf-congres-2021.png\" alt=\"REBUILD 2021\" width=\"1200\" height=\"270\" srcset=\"https:\/\/veredes.es\/blog\/wp-content\/uploads\/2021\/07\/rebuilf-congres-2021.png 1200w, https:\/\/veredes.es\/blog\/wp-content\/uploads\/2021\/07\/rebuilf-congres-2021-300x68.png 300w, https:\/\/veredes.es\/blog\/wp-content\/uploads\/2021\/07\/rebuilf-congres-2021-1024x230.png 1024w\" sizes=\"auto, (max-width: 1200px) 100vw, 1200px\" \/><figcaption id=\"caption-attachment-85423\" class=\"wp-caption-text\"><span style=\"color: #999999;\">REBUILD 2021<\/span><\/figcaption><\/figure>\n<p style=\"text-align: justify;\">El congreso contar\u00e1 tambi\u00e9n con un foro especial sobre madera, material clave para construir bajo todos los principios de descarbonizaci\u00f3n, circularidad, versatilidad, ligereza y bien alineado a los ODS 2030. En este sentido, se analizar\u00e1 como construir edificios de altura con madera y se dar\u00e1n a conocer las obras referentes de la mano de sus protagonistas.<\/p>\n<p style=\"text-align: justify;\">Por su parte, David Mart\u00ednez, presidente de <a href=\"https:\/\/www.rebuildexpo.com\/\" target=\"_blank\" rel=\"noopener\"><strong>REBUILD 2021<\/strong><\/a> y Consejero Delegado de AEDAS HOMES, asegura que<\/p>\n<blockquote>\n<p style=\"text-align: justify;\">\u201cREBUILD 2021 dar\u00e1 respuesta a muchos de los retos a los que las empresas de edificaci\u00f3n se enfrentan ahora mismo. Un a\u00f1o m\u00e1s, la uni\u00f3n de todos los eslabones de la cadena de valor del sector de la edificaci\u00f3n dar\u00e1 por resultado la generaci\u00f3n de ideas y soluciones que nos ayuden a todos a avanzar de forma inexorable en esta nueva d\u00e9cada.\u201d<\/p>\n<\/blockquote>\n<p style=\"text-align: justify;\">En palabras de Gema Traveria, directora de REBUILD,<\/p>\n<blockquote>\n<p style=\"text-align: justify;\">\u201cesta edici\u00f3n pondr\u00e1 de relieve lo fundamental de celebrar este tipo de encuentros presenciales, para que el sector AECO (Arquitectura, Ingenier\u00eda, Construcci\u00f3n y Operaciones) y la edificaci\u00f3n reafirmen su peso como motor clave en la econom\u00eda espa\u00f1ola. Adem\u00e1s, ya tenemos trabajado un protocolo de medidas sanitarias y de seguridad que volver\u00e1n a garantizar la tranquilidad a todos los asistentes, igual que el espacio totalmente seguro que creamos en la pasada edici\u00f3n 2020\u201d.<\/p>\n<\/blockquote>\n","protected":false},"excerpt":{"rendered":"<p>\u00b7 Del 21 al 23 de septiembre REBUILD reunir\u00e1 en IFEMA a 200 firmas expositoras que mostrar\u00e1n sus \u00faltimas soluciones para el sector de la construcci\u00f3n. \u00b7 El Congreso Nacional de Arquitectura Avanzada y Construcci\u00f3n 4.0 contar\u00e1 con m\u00e1s de 260 expertos compartir\u00e1n los proyectos m\u00e1s innovadores del sector. REBUILD 2021 se celebrar\u00e1 el pr\u00f3ximo [&hellip;]<\/p>\n","protected":false},"author":2,"featured_media":85423,"comment_status":"open","ping_status":"closed","sticky":false,"template":"","format":"standard","meta":{"footnotes":""},"categories":[1385,16,18,1383],"tags":[12448,145,2556,12847,357,361,365,12470,432,3087,3291,7470,571,1714,708,814,1091,1093,6148,4416,14625,5244,12464,3686,14965,9720,12469,2778],"class_list":{"0":"post-85418","1":"post","2":"type-post","3":"status-publish","4":"format-standard","5":"has-post-thumbnail","7":"category-conferencias","8":"category-eventos","9":"category-ferias","10":"category-premios","11":"tag-arquitectura","12":"tag-arquitectura-industrial","13":"tag-arquitectura-sostenible","14":"tag-bim","15":"tag-conferencia","16":"tag-congreso","17":"tag-construccion","18":"tag-diseno","19":"tag-diseno-interiores","20":"tag-emprendimiento","21":"tag-etica-de-la-sostenibilidad","22":"tag-fabricacion-digital","23":"tag-feria","24":"tag-identidad-digital","25":"tag-industrializacion","26":"tag-madrid","27":"tag-prefabricacion","28":"tag-premio-eventos","29":"tag-procesos-digitales","30":"tag-realidad","31":"tag-rebuild","32":"tag-red-digital","33":"tag-rehabilitacion","34":"tag-rehabilitar","35":"tag-sarah-harmon","36":"tag-sorteo","37":"tag-sostenibilidad","38":"tag-workshop"},"yoast_head":"<!-- This site is optimized with the Yoast SEO plugin v27.4 - https:\/\/yoast.com\/product\/yoast-seo-wordpress\/ -->\n<title>REBUILD 2021 - veredes<\/title>\n<meta name=\"description\" content=\"Toda la informaci\u00f3n sobre: REBUILD 2021\" \/>\n<meta name=\"robots\" content=\"index, follow, max-snippet:-1, max-image-preview:large, max-video-preview:-1\" \/>\n<link rel=\"canonical\" href=\"https:\/\/veredes.es\/blog\/rebuild-2021\/\" \/>\n<meta property=\"og:locale\" content=\"es_ES\" \/>\n<meta property=\"og:type\" content=\"article\" \/>\n<meta property=\"og:title\" content=\"REBUILD 2021 - veredes\" \/>\n<meta property=\"og:description\" content=\"Toda la informaci\u00f3n sobre: REBUILD 2021\" \/>\n<meta property=\"og:url\" content=\"https:\/\/veredes.es\/blog\/rebuild-2021\/\" \/>\n<meta property=\"og:site_name\" content=\"veredes, arquitectura y divulgaci\u00f3n\" \/>\n<meta property=\"article:publisher\" content=\"https:\/\/www.facebook.com\/veredesArquitecturayDivulgacion\/\" \/>\n<meta property=\"article:author\" content=\"https:\/\/www.facebook.com\/veredesArquitecturayDivulgacion\/\" \/>\n<meta property=\"article:published_time\" content=\"2021-07-26T22:01:34+00:00\" \/>\n<meta property=\"article:modified_time\" content=\"2024-02-01T18:35:10+00:00\" \/>\n<meta property=\"og:image\" content=\"https:\/\/veredes.es\/blog\/wp-content\/uploads\/2021\/07\/rebuilf-congres-2021.png\" \/>\n\t<meta property=\"og:image:width\" content=\"1200\" \/>\n\t<meta property=\"og:image:height\" content=\"270\" \/>\n\t<meta property=\"og:image:type\" content=\"image\/png\" \/>\n<meta name=\"author\" content=\"veredes\" \/>\n<meta name=\"twitter:card\" content=\"summary_large_image\" \/>\n<meta name=\"twitter:creator\" content=\"@https:\/\/twitter.com\/veredes\" \/>\n<meta name=\"twitter:site\" content=\"@veredes\" \/>\n<meta name=\"twitter:label1\" content=\"Escrito por\" \/>\n\t<meta name=\"twitter:data1\" content=\"veredes\" \/>\n\t<meta name=\"twitter:label2\" content=\"Tiempo de lectura\" \/>\n\t<meta name=\"twitter:data2\" content=\"4 minutos\" \/>\n<script type=\"application\/ld+json\" class=\"yoast-schema-graph\">{\"@context\":\"https:\\\/\\\/schema.org\",\"@graph\":[{\"@type\":\"Article\",\"@id\":\"https:\\\/\\\/veredes.es\\\/blog\\\/rebuild-2021\\\/#article\",\"isPartOf\":{\"@id\":\"https:\\\/\\\/veredes.es\\\/blog\\\/rebuild-2021\\\/\"},\"author\":{\"name\":\"veredes\",\"@id\":\"https:\\\/\\\/veredes.es\\\/blog\\\/#\\\/schema\\\/person\\\/0bbb669073ef7faba5168a0844e93d2c\"},\"headline\":\"REBUILD 2021\",\"datePublished\":\"2021-07-26T22:01:34+00:00\",\"dateModified\":\"2024-02-01T18:35:10+00:00\",\"mainEntityOfPage\":{\"@id\":\"https:\\\/\\\/veredes.es\\\/blog\\\/rebuild-2021\\\/\"},\"wordCount\":750,\"commentCount\":0,\"publisher\":{\"@id\":\"https:\\\/\\\/veredes.es\\\/blog\\\/#organization\"},\"image\":{\"@id\":\"https:\\\/\\\/veredes.es\\\/blog\\\/rebuild-2021\\\/#primaryimage\"},\"thumbnailUrl\":\"https:\\\/\\\/veredes.es\\\/blog\\\/wp-content\\\/uploads\\\/2021\\\/07\\\/rebuilf-congres-2021.png\",\"keywords\":[\"arquitectura\",\"arquitectura industrial\",\"arquitectura sostenible\",\"BIM\",\"conferencia\",\"congreso\",\"construcci\u00f3n\",\"dise\u00f1o\",\"dise\u00f1o interiores\",\"emprendimiento\",\"\u00e9tica de la sostenibilidad\",\"fabricaci\u00f3n digital\",\"feria\",\"identidad digital\",\"industrializaci\u00f3n\",\"Madrid\",\"prefabricaci\u00f3n\",\"premio\",\"procesos digitales\",\"realidad\",\"Rebuild\",\"red digital\",\"rehabilitaci\u00f3n\",\"rehabilitar\",\"Sarah Harmon\",\"sorteo\",\"sostenibilidad\",\"workshop\"],\"articleSection\":[\"conferencias\",\"eventos\",\"ferias\",\"premios\"],\"inLanguage\":\"es\",\"potentialAction\":[{\"@type\":\"CommentAction\",\"name\":\"Comment\",\"target\":[\"https:\\\/\\\/veredes.es\\\/blog\\\/rebuild-2021\\\/#respond\"]}]},{\"@type\":\"WebPage\",\"@id\":\"https:\\\/\\\/veredes.es\\\/blog\\\/rebuild-2021\\\/\",\"url\":\"https:\\\/\\\/veredes.es\\\/blog\\\/rebuild-2021\\\/\",\"name\":\"REBUILD 2021 - veredes\",\"isPartOf\":{\"@id\":\"https:\\\/\\\/veredes.es\\\/blog\\\/#website\"},\"primaryImageOfPage\":{\"@id\":\"https:\\\/\\\/veredes.es\\\/blog\\\/rebuild-2021\\\/#primaryimage\"},\"image\":{\"@id\":\"https:\\\/\\\/veredes.es\\\/blog\\\/rebuild-2021\\\/#primaryimage\"},\"thumbnailUrl\":\"https:\\\/\\\/veredes.es\\\/blog\\\/wp-content\\\/uploads\\\/2021\\\/07\\\/rebuilf-congres-2021.png\",\"datePublished\":\"2021-07-26T22:01:34+00:00\",\"dateModified\":\"2024-02-01T18:35:10+00:00\",\"description\":\"Toda la informaci\u00f3n sobre: REBUILD 2021\",\"breadcrumb\":{\"@id\":\"https:\\\/\\\/veredes.es\\\/blog\\\/rebuild-2021\\\/#breadcrumb\"},\"inLanguage\":\"es\",\"potentialAction\":[{\"@type\":\"ReadAction\",\"target\":[\"https:\\\/\\\/veredes.es\\\/blog\\\/rebuild-2021\\\/\"]}]},{\"@type\":\"ImageObject\",\"inLanguage\":\"es\",\"@id\":\"https:\\\/\\\/veredes.es\\\/blog\\\/rebuild-2021\\\/#primaryimage\",\"url\":\"https:\\\/\\\/veredes.es\\\/blog\\\/wp-content\\\/uploads\\\/2021\\\/07\\\/rebuilf-congres-2021.png\",\"contentUrl\":\"https:\\\/\\\/veredes.es\\\/blog\\\/wp-content\\\/uploads\\\/2021\\\/07\\\/rebuilf-congres-2021.png\",\"width\":1200,\"height\":270},{\"@type\":\"BreadcrumbList\",\"@id\":\"https:\\\/\\\/veredes.es\\\/blog\\\/rebuild-2021\\\/#breadcrumb\",\"itemListElement\":[{\"@type\":\"ListItem\",\"position\":1,\"name\":\"Portada\",\"item\":\"https:\\\/\\\/veredes.es\\\/blog\\\/\"},{\"@type\":\"ListItem\",\"position\":2,\"name\":\"REBUILD 2021\"}]},{\"@type\":\"WebSite\",\"@id\":\"https:\\\/\\\/veredes.es\\\/blog\\\/#website\",\"url\":\"https:\\\/\\\/veredes.es\\\/blog\\\/\",\"name\":\"veredes, arquitectura y divulgaci\u00f3n\",\"description\":\"veredes\",\"publisher\":{\"@id\":\"https:\\\/\\\/veredes.es\\\/blog\\\/#organization\"},\"alternateName\":\"veredes\",\"potentialAction\":[{\"@type\":\"SearchAction\",\"target\":{\"@type\":\"EntryPoint\",\"urlTemplate\":\"https:\\\/\\\/veredes.es\\\/blog\\\/?s={search_term_string}\"},\"query-input\":{\"@type\":\"PropertyValueSpecification\",\"valueRequired\":true,\"valueName\":\"search_term_string\"}}],\"inLanguage\":\"es\"},{\"@type\":\"Organization\",\"@id\":\"https:\\\/\\\/veredes.es\\\/blog\\\/#organization\",\"name\":\"veredes, arquitectura y divulgaci\u00f3n\",\"alternateName\":\"veredes\",\"url\":\"https:\\\/\\\/veredes.es\\\/blog\\\/\",\"logo\":{\"@type\":\"ImageObject\",\"inLanguage\":\"es\",\"@id\":\"https:\\\/\\\/veredes.es\\\/blog\\\/#\\\/schema\\\/logo\\\/image\\\/\",\"url\":\"https:\\\/\\\/veredes.es\\\/blog\\\/wp-content\\\/uploads\\\/2021\\\/12\\\/veredes-logo-centrado_140x54.png\",\"contentUrl\":\"https:\\\/\\\/veredes.es\\\/blog\\\/wp-content\\\/uploads\\\/2021\\\/12\\\/veredes-logo-centrado_140x54.png\",\"width\":140,\"height\":54,\"caption\":\"veredes, arquitectura y divulgaci\u00f3n\"},\"image\":{\"@id\":\"https:\\\/\\\/veredes.es\\\/blog\\\/#\\\/schema\\\/logo\\\/image\\\/\"},\"sameAs\":[\"https:\\\/\\\/www.facebook.com\\\/veredesArquitecturayDivulgacion\\\/\",\"https:\\\/\\\/x.com\\\/veredes\",\"https:\\\/\\\/instagram.com\\\/veredes\\\/\",\"https:\\\/\\\/www.linkedin.com\\\/company\\\/veredes-arquitectura-y-divulgacion\\\/\",\"https:\\\/\\\/es.pinterest.com\\\/veredes\\\/\",\"https:\\\/\\\/www.tumblr.com\\\/veredes\"]},{\"@type\":\"Person\",\"@id\":\"https:\\\/\\\/veredes.es\\\/blog\\\/#\\\/schema\\\/person\\\/0bbb669073ef7faba5168a0844e93d2c\",\"name\":\"veredes\",\"image\":{\"@type\":\"ImageObject\",\"inLanguage\":\"es\",\"@id\":\"https:\\\/\\\/veredes.es\\\/blog\\\/wp-content\\\/uploads\\\/2018\\\/04\\\/face-96x96.jpg\",\"url\":\"https:\\\/\\\/veredes.es\\\/blog\\\/wp-content\\\/uploads\\\/2018\\\/04\\\/face-96x96.jpg\",\"contentUrl\":\"https:\\\/\\\/veredes.es\\\/blog\\\/wp-content\\\/uploads\\\/2018\\\/04\\\/face-96x96.jpg\",\"caption\":\"veredes\"},\"description\":\"Surge enero de 2009 como b\u00fasqueda de satisfacer el conocimiento de la actividad arquitect\u00f3nica y tangentes que se generan. La idea es crear un espacio para divulgar los diversos proyectos en busca de nueva inspiraci\u00f3n y de intercambio.\",\"sameAs\":[\"https:\\\/\\\/veredes.es\\\/\",\"https:\\\/\\\/www.facebook.com\\\/veredesArquitecturayDivulgacion\\\/\",\"https:\\\/\\\/www.instagram.com\\\/veredes\\\/\",\"https:\\\/\\\/www.linkedin.com\\\/company\\\/veredes-arquitectura-y-divulgacion\\\/\",\"https:\\\/\\\/www.pinterest.es\\\/veredes\\\/\",\"https:\\\/\\\/x.com\\\/https:\\\/\\\/twitter.com\\\/veredes\",\"https:\\\/\\\/veredes.tumblr.com\\\/\"],\"url\":\"https:\\\/\\\/veredes.es\\\/blog\\\/author\\\/alberto\\\/\"}]}<\/script>\n<!-- \/ Yoast SEO plugin. -->","yoast_head_json":{"title":"REBUILD 2021 - veredes","description":"Toda la informaci\u00f3n sobre: REBUILD 2021","robots":{"index":"index","follow":"follow","max-snippet":"max-snippet:-1","max-image-preview":"max-image-preview:large","max-video-preview":"max-video-preview:-1"},"canonical":"https:\/\/veredes.es\/blog\/rebuild-2021\/","og_locale":"es_ES","og_type":"article","og_title":"REBUILD 2021 - veredes","og_description":"Toda la informaci\u00f3n sobre: REBUILD 2021","og_url":"https:\/\/veredes.es\/blog\/rebuild-2021\/","og_site_name":"veredes, arquitectura y divulgaci\u00f3n","article_publisher":"https:\/\/www.facebook.com\/veredesArquitecturayDivulgacion\/","article_author":"https:\/\/www.facebook.com\/veredesArquitecturayDivulgacion\/","article_published_time":"2021-07-26T22:01:34+00:00","article_modified_time":"2024-02-01T18:35:10+00:00","og_image":[{"width":1200,"height":270,"url":"https:\/\/veredes.es\/blog\/wp-content\/uploads\/2021\/07\/rebuilf-congres-2021.png","type":"image\/png"}],"author":"veredes","twitter_card":"summary_large_image","twitter_creator":"@https:\/\/twitter.com\/veredes","twitter_site":"@veredes","twitter_misc":{"Escrito por":"veredes","Tiempo de lectura":"4 minutos"},"schema":{"@context":"https:\/\/schema.org","@graph":[{"@type":"Article","@id":"https:\/\/veredes.es\/blog\/rebuild-2021\/#article","isPartOf":{"@id":"https:\/\/veredes.es\/blog\/rebuild-2021\/"},"author":{"name":"veredes","@id":"https:\/\/veredes.es\/blog\/#\/schema\/person\/0bbb669073ef7faba5168a0844e93d2c"},"headline":"REBUILD 2021","datePublished":"2021-07-26T22:01:34+00:00","dateModified":"2024-02-01T18:35:10+00:00","mainEntityOfPage":{"@id":"https:\/\/veredes.es\/blog\/rebuild-2021\/"},"wordCount":750,"commentCount":0,"publisher":{"@id":"https:\/\/veredes.es\/blog\/#organization"},"image":{"@id":"https:\/\/veredes.es\/blog\/rebuild-2021\/#primaryimage"},"thumbnailUrl":"https:\/\/veredes.es\/blog\/wp-content\/uploads\/2021\/07\/rebuilf-congres-2021.png","keywords":["arquitectura","arquitectura industrial","arquitectura sostenible","BIM","conferencia","congreso","construcci\u00f3n","dise\u00f1o","dise\u00f1o interiores","emprendimiento","\u00e9tica de la sostenibilidad","fabricaci\u00f3n digital","feria","identidad digital","industrializaci\u00f3n","Madrid","prefabricaci\u00f3n","premio","procesos digitales","realidad","Rebuild","red digital","rehabilitaci\u00f3n","rehabilitar","Sarah Harmon","sorteo","sostenibilidad","workshop"],"articleSection":["conferencias","eventos","ferias","premios"],"inLanguage":"es","potentialAction":[{"@type":"CommentAction","name":"Comment","target":["https:\/\/veredes.es\/blog\/rebuild-2021\/#respond"]}]},{"@type":"WebPage","@id":"https:\/\/veredes.es\/blog\/rebuild-2021\/","url":"https:\/\/veredes.es\/blog\/rebuild-2021\/","name":"REBUILD 2021 - veredes","isPartOf":{"@id":"https:\/\/veredes.es\/blog\/#website"},"primaryImageOfPage":{"@id":"https:\/\/veredes.es\/blog\/rebuild-2021\/#primaryimage"},"image":{"@id":"https:\/\/veredes.es\/blog\/rebuild-2021\/#primaryimage"},"thumbnailUrl":"https:\/\/veredes.es\/blog\/wp-content\/uploads\/2021\/07\/rebuilf-congres-2021.png","datePublished":"2021-07-26T22:01:34+00:00","dateModified":"2024-02-01T18:35:10+00:00","description":"Toda la informaci\u00f3n sobre: REBUILD 2021","breadcrumb":{"@id":"https:\/\/veredes.es\/blog\/rebuild-2021\/#breadcrumb"},"inLanguage":"es","potentialAction":[{"@type":"ReadAction","target":["https:\/\/veredes.es\/blog\/rebuild-2021\/"]}]},{"@type":"ImageObject","inLanguage":"es","@id":"https:\/\/veredes.es\/blog\/rebuild-2021\/#primaryimage","url":"https:\/\/veredes.es\/blog\/wp-content\/uploads\/2021\/07\/rebuilf-congres-2021.png","contentUrl":"https:\/\/veredes.es\/blog\/wp-content\/uploads\/2021\/07\/rebuilf-congres-2021.png","width":1200,"height":270},{"@type":"BreadcrumbList","@id":"https:\/\/veredes.es\/blog\/rebuild-2021\/#breadcrumb","itemListElement":[{"@type":"ListItem","position":1,"name":"Portada","item":"https:\/\/veredes.es\/blog\/"},{"@type":"ListItem","position":2,"name":"REBUILD 2021"}]},{"@type":"WebSite","@id":"https:\/\/veredes.es\/blog\/#website","url":"https:\/\/veredes.es\/blog\/","name":"veredes, arquitectura y divulgaci\u00f3n","description":"veredes","publisher":{"@id":"https:\/\/veredes.es\/blog\/#organization"},"alternateName":"veredes","potentialAction":[{"@type":"SearchAction","target":{"@type":"EntryPoint","urlTemplate":"https:\/\/veredes.es\/blog\/?s={search_term_string}"},"query-input":{"@type":"PropertyValueSpecification","valueRequired":true,"valueName":"search_term_string"}}],"inLanguage":"es"},{"@type":"Organization","@id":"https:\/\/veredes.es\/blog\/#organization","name":"veredes, arquitectura y divulgaci\u00f3n","alternateName":"veredes","url":"https:\/\/veredes.es\/blog\/","logo":{"@type":"ImageObject","inLanguage":"es","@id":"https:\/\/veredes.es\/blog\/#\/schema\/logo\/image\/","url":"https:\/\/veredes.es\/blog\/wp-content\/uploads\/2021\/12\/veredes-logo-centrado_140x54.png","contentUrl":"https:\/\/veredes.es\/blog\/wp-content\/uploads\/2021\/12\/veredes-logo-centrado_140x54.png","width":140,"height":54,"caption":"veredes, arquitectura y divulgaci\u00f3n"},"image":{"@id":"https:\/\/veredes.es\/blog\/#\/schema\/logo\/image\/"},"sameAs":["https:\/\/www.facebook.com\/veredesArquitecturayDivulgacion\/","https:\/\/x.com\/veredes","https:\/\/instagram.com\/veredes\/","https:\/\/www.linkedin.com\/company\/veredes-arquitectura-y-divulgacion\/","https:\/\/es.pinterest.com\/veredes\/","https:\/\/www.tumblr.com\/veredes"]},{"@type":"Person","@id":"https:\/\/veredes.es\/blog\/#\/schema\/person\/0bbb669073ef7faba5168a0844e93d2c","name":"veredes","image":{"@type":"ImageObject","inLanguage":"es","@id":"https:\/\/veredes.es\/blog\/wp-content\/uploads\/2018\/04\/face-96x96.jpg","url":"https:\/\/veredes.es\/blog\/wp-content\/uploads\/2018\/04\/face-96x96.jpg","contentUrl":"https:\/\/veredes.es\/blog\/wp-content\/uploads\/2018\/04\/face-96x96.jpg","caption":"veredes"},"description":"Surge enero de 2009 como b\u00fasqueda de satisfacer el conocimiento de la actividad arquitect\u00f3nica y tangentes que se generan. La idea es crear un espacio para divulgar los diversos proyectos en busca de nueva inspiraci\u00f3n y de intercambio.","sameAs":["https:\/\/veredes.es\/","https:\/\/www.facebook.com\/veredesArquitecturayDivulgacion\/","https:\/\/www.instagram.com\/veredes\/","https:\/\/www.linkedin.com\/company\/veredes-arquitectura-y-divulgacion\/","https:\/\/www.pinterest.es\/veredes\/","https:\/\/x.com\/https:\/\/twitter.com\/veredes","https:\/\/veredes.tumblr.com\/"],"url":"https:\/\/veredes.es\/blog\/author\/alberto\/"}]}},"_links":{"self":[{"href":"https:\/\/veredes.es\/blog\/wp-json\/wp\/v2\/posts\/85418","targetHints":{"allow":["GET"]}}],"collection":[{"href":"https:\/\/veredes.es\/blog\/wp-json\/wp\/v2\/posts"}],"about":[{"href":"https:\/\/veredes.es\/blog\/wp-json\/wp\/v2\/types\/post"}],"author":[{"embeddable":true,"href":"https:\/\/veredes.es\/blog\/wp-json\/wp\/v2\/users\/2"}],"replies":[{"embeddable":true,"href":"https:\/\/veredes.es\/blog\/wp-json\/wp\/v2\/comments?post=85418"}],"version-history":[{"count":0,"href":"https:\/\/veredes.es\/blog\/wp-json\/wp\/v2\/posts\/85418\/revisions"}],"wp:featuredmedia":[{"embeddable":true,"href":"https:\/\/veredes.es\/blog\/wp-json\/wp\/v2\/media\/85423"}],"wp:attachment":[{"href":"https:\/\/veredes.es\/blog\/wp-json\/wp\/v2\/media?parent=85418"}],"wp:term":[{"taxonomy":"category","embeddable":true,"href":"https:\/\/veredes.es\/blog\/wp-json\/wp\/v2\/categories?post=85418"},{"taxonomy":"post_tag","embeddable":true,"href":"https:\/\/veredes.es\/blog\/wp-json\/wp\/v2\/tags?post=85418"}],"curies":[{"name":"wp","href":"https:\/\/api.w.org\/{rel}","templated":true}]}}