{"id":84901,"date":"2021-09-10T00:01:12","date_gmt":"2021-09-09T22:01:12","guid":{"rendered":"https:\/\/veredes.es\/blog\/?p=84901"},"modified":"2023-02-27T20:37:31","modified_gmt":"2023-02-27T19:37:31","slug":"cine-y-arquitectura-el-nuevo-espacio-publico-en-tiempos-de-cuarentena-ignacio-gravalos-patrizia-di-monte","status":"publish","type":"post","link":"https:\/\/veredes.es\/blog\/cine-y-arquitectura-el-nuevo-espacio-publico-en-tiempos-de-cuarentena-ignacio-gravalos-patrizia-di-monte\/","title":{"rendered":"Cine y arquitectura. El nuevo espacio p\u00fablico en tiempos de cuarentena | Ignacio Gr\u00e1valos \u2013 Patrizia Di Monte"},"content":{"rendered":"<p><iframe loading=\"lazy\" title=\"EL NUEVO ESPACIO P\u00daBLICO EN TIEMPOS DE CUARENTENA. #gravalosdimonte\" width=\"696\" height=\"522\" src=\"https:\/\/www.youtube.com\/embed\/Es_KAEjL7yw?feature=oembed\" frameborder=\"0\" allow=\"accelerometer; autoplay; clipboard-write; encrypted-media; gyroscope; picture-in-picture; web-share\" allowfullscreen><\/iframe><\/p>\n<h5><strong>Cine y arquitectura<\/strong><\/h5>\n<p style=\"text-align: justify;\">Hoy publicamos el primer v\u00eddeo de la serie de ARQUITECTURA Y CINE con la que, en estos d\u00edas de cuarentena, os vamos a contar nuestras reflexiones sobre la ciudad post pandemia.<\/p>\n<p style=\"text-align: justify;\">Resulta altamente interesante pensar como, ante la supresi\u00f3n del espacio p\u00fablico, gran parte de la ciudadan\u00eda traspasa sus propias fronteras abriendo las ventanas, para expandir su propio espacio dom\u00e9stico y participar, aunque sea solo a trav\u00e9s de la palabra y a trav\u00e9s de acciones creativas, de un espacio que temporalmente le ha sido vedado.<\/p>\n<h5><strong>El nuevo espacio p\u00fablico en tiempos de cuarentena<\/strong><\/h5>\n<p style=\"text-align: justify;\">Viene a materializar, en cierto modo, la necesidad de dotar de una dimensi\u00f3n p\u00fablica a las obsesiones privadas, a trav\u00e9s de un escenario com\u00fan. La calle, en pocos momentos, pasa a ser entendida como un flujo de gritos y ecos, recuperando las aspiraciones rom\u00e1nticas de autores como Henri Lefebvre sobre la apropiaci\u00f3n del espacio p\u00fablico.<\/p>\n<figure style=\"width: 750px\" class=\"wp-caption alignnone\"><img loading=\"lazy\" decoding=\"async\" class=\"\" title=\"Cine y arquitectura. El nuevo espacio p\u00fablico en tiempos de cuarentena. &quot;Network. Un mundo implacable&quot; (Sidney Lumet, 1976)\" src=\"https:\/\/hips.hearstapps.com\/hmg-prod.s3.amazonaws.com\/images\/network-un-mundo-implacable-1976-con-faye-dunaway-y-peter-finch-1597087358.jpg?crop=0.663xw:1.00xh;0.226xw,0&amp;resize=1200:*\" alt=\"&quot;Network. Un mundo implacable&quot; (Sidney Lumet, 1976)\" width=\"750\" height=\"746\" \/><figcaption class=\"wp-caption-text\"><span style=\"color: #999999;\">\u00abNetwork. Un mundo implacable\u00bb (Sidney Lumet, 1976)<\/span><\/figcaption><\/figure>\n<h5>\u00ab<a href=\"https:\/\/www.imdb.com\/title\/tt0074958\/?ref_=ext_shr_lnk\" target=\"_blank\" rel=\"noopener\"><strong>Network. Un mundo implacable<\/strong><\/a>\u00bb (Sidney Lumet, 1976)<\/h5>\n<p style=\"padding-left: 40px; text-align: justify;\">Un an\u00e1lisis sobre el poder de la televisi\u00f3n, que retrata un mundo competitivo donde el \u00e9xito y los r\u00e9cords de audiencia imponen su dictadura. Howard Beale, veterano presentador de un informativo nocturno, es despedido cuando baja el nivel de audiencia de su popular programa. Sin embargo, antes de abandonar la cadena, ante el asombro de todos, Beale anuncia que antes de irse se suicidar\u00e1 ante las c\u00e1maras, peg\u00e1ndose un tiro en directo en uno de los programas que le quedan. Este hecho sin precedentes provocara una gran expectaci\u00f3n entre los televidentes y los propios compa\u00f1eros de Howard.<\/p>\n<p style=\"padding-left: 40px; text-align: right;\"><a href=\"https:\/\/www.filmaffinity.com\/es\/film480193.html\" target=\"_blank\" rel=\"noopener\">Filmaffinity<\/a><\/p>\n<p><iframe loading=\"lazy\" title=\"Network (1976) (Trailer)\" width=\"696\" height=\"392\" src=\"https:\/\/www.youtube.com\/embed\/qnGgsJ26dao?feature=oembed\" frameborder=\"0\" allow=\"accelerometer; autoplay; clipboard-write; encrypted-media; gyroscope; picture-in-picture; web-share\" allowfullscreen><\/iframe><\/p>\n<blockquote class=\"wp-embedded-content\" data-secret=\"OkH80fVHkn\"><p><a href=\"https:\/\/veredes.es\/blog\/network-la-expresion-del-malestar-espacio-publico-ignacio-gravalos-patrizia-di-monte\/\">\u201cNETWORK\u201d. La expresi\u00f3n del malestar en el espacio p\u00fablico | Ignacio Gr\u00e1valos &#8211; Patrizia Di Monte <\/a><\/p><\/blockquote>\n<p><iframe loading=\"lazy\" class=\"wp-embedded-content\" sandbox=\"allow-scripts\" security=\"restricted\" style=\"position: absolute; clip: rect(1px, 1px, 1px, 1px);\" title=\"\u00ab\u201cNETWORK\u201d. La expresi\u00f3n del malestar en el espacio p\u00fablico | Ignacio Gr\u00e1valos &#8211; Patrizia Di Monte \u00bb \u2014 veredes\" src=\"https:\/\/veredes.es\/blog\/network-la-expresion-del-malestar-espacio-publico-ignacio-gravalos-patrizia-di-monte\/embed\/#?secret=rUPqsjq7a2#?secret=OkH80fVHkn\" data-secret=\"OkH80fVHkn\" width=\"600\" height=\"338\" frameborder=\"0\" marginwidth=\"0\" marginheight=\"0\" scrolling=\"no\"><\/iframe><\/p>\n<h5><strong>Serie Cine y arquitectura<\/strong><\/h5>\n<p style=\"text-align: justify;\">\u00abLa relaci\u00f3n entre el cine y la arquitectura, puede ser vista desde muchos aspectos. Desde los documentales que se han hecho sobre determinado arquitecto o edificio; hasta los arquitectos que han trabajado, espor\u00e1dica o profesionalmente, para el cine; pasando por la escenograf\u00eda m\u00e1s o menos arquitect\u00f3nica; o por la relaci\u00f3n entre ciudades y cines; o incluso por las pel\u00edculas cuyo protagonista figuraba ser un arquitecto.<\/p>\n<p style=\"text-align: justify; padding-left: 40px;\">\u00bfQu\u00e9 puede aportar un cineasta a un arquitecto?, y a la inversa: \u00bfQu\u00e9 puede aportar un arquitecto a un cineasta?, o dicho de otro modo: \u00bfQu\u00e9 lenguaje com\u00fan tienen, o qu\u00e9 lenguaje une, a un arquitecto y a un director de cine?\u00bb.<\/p>\n<blockquote class=\"wp-embedded-content\" data-secret=\"ApNGBRFZkW\"><p><a href=\"https:\/\/veredes.es\/blog\/cine-y-arquitectura-comunidad-ecologia-y-reciclaje-en-la-ciudad-post-pandemia-ignacio-gravalos-patrizia-di-monte\/\">Cine y arquitectura. Comunidad, ecolog\u00eda y reciclaje en la ciudad post pandemia | Ignacio Gr\u00e1valos \u2013 Patrizia Di Monte<\/a><\/p><\/blockquote>\n<p><iframe loading=\"lazy\" class=\"wp-embedded-content\" sandbox=\"allow-scripts\" security=\"restricted\" style=\"position: absolute; clip: rect(1px, 1px, 1px, 1px);\" title=\"\u00abCine y arquitectura. Comunidad, ecolog\u00eda y reciclaje en la ciudad post pandemia | Ignacio Gr\u00e1valos \u2013 Patrizia Di Monte\u00bb \u2014 veredes\" src=\"https:\/\/veredes.es\/blog\/cine-y-arquitectura-comunidad-ecologia-y-reciclaje-en-la-ciudad-post-pandemia-ignacio-gravalos-patrizia-di-monte\/embed\/#?secret=NHB14cHqfM#?secret=ApNGBRFZkW\" data-secret=\"ApNGBRFZkW\" width=\"600\" height=\"338\" frameborder=\"0\" marginwidth=\"0\" marginheight=\"0\" scrolling=\"no\"><\/iframe><\/p>\n","protected":false},"excerpt":{"rendered":"<p>Cine y arquitectura Hoy publicamos el primer v\u00eddeo de la serie de ARQUITECTURA Y CINE con la que, en estos d\u00edas de cuarentena, os vamos a contar nuestras reflexiones sobre la ciudad post pandemia. Resulta altamente interesante pensar como, ante la supresi\u00f3n del espacio p\u00fablico, gran parte de la ciudadan\u00eda traspasa sus propias fronteras abriendo [&hellip;]<\/p>\n","protected":false},"author":49,"featured_media":85816,"comment_status":"open","ping_status":"closed","sticky":false,"template":"","format":"standard","meta":{"footnotes":""},"categories":[33,3,1460,5951],"tags":[7889,12449,12471,318,319,351,1815,458,516,3127,12460,5719,5659,3793,5348,977,978,5347,6148,1146,3174,5244,1172,1888,1241,11477,12468,12848],"class_list":{"0":"post-84901","1":"post","2":"type-post","3":"status-publish","4":"format-standard","5":"has-post-thumbnail","7":"category-arquitectos","8":"category-capturas","9":"category-cine","10":"category-slider-principal","11":"tag-arquitectura-ecologica","12":"tag-arte","13":"tag-cine","14":"tag-ciudad","15":"tag-ciudad-contemporanea","16":"tag-comunidad","17":"tag-ecologia","18":"tag-educacion","19":"tag-espacio-publico","20":"tag-formatos-digitales","21":"tag-fotografia","22":"tag-gravalos-di-monte-arquitectos","23":"tag-henri-lefebvre","24":"tag-huella-ecologica","25":"tag-ignacio-gravalos","26":"tag-paisaje","27":"tag-paisaje-urbano","28":"tag-patrizia-di-monte","29":"tag-procesos-digitales","30":"tag-reciclaje","31":"tag-reconvertir","32":"tag-red-digital","33":"tag-reutilizacion","34":"tag-reutilizar","35":"tag-sociedad","36":"tag-sociedad-red","37":"tag-urbanismo","38":"tag-zygmunt-bauman"},"yoast_head":"<!-- This site is optimized with the Yoast SEO plugin v27.5 - https:\/\/yoast.com\/product\/yoast-seo-wordpress\/ -->\n<title>Cine y arquitectura. El nuevo espacio p\u00fablico en tiempos de cuarentena | Ignacio Gr\u00e1valos \u2013 Patrizia Di Monte - veredes<\/title>\n<meta name=\"description\" content=\"Toda la informaci\u00f3n sobre: Cine y arquitectura. El nuevo espacio p\u00fablico en tiempos de cuarentena | Ignacio Gr\u00e1valos \u2013 Patrizia Di Monte\" \/>\n<meta name=\"robots\" content=\"index, follow, max-snippet:-1, max-image-preview:large, max-video-preview:-1\" \/>\n<link rel=\"canonical\" href=\"https:\/\/veredes.es\/blog\/cine-y-arquitectura-el-nuevo-espacio-publico-en-tiempos-de-cuarentena-ignacio-gravalos-patrizia-di-monte\/\" \/>\n<meta property=\"og:locale\" content=\"es_ES\" \/>\n<meta property=\"og:type\" content=\"article\" \/>\n<meta property=\"og:title\" content=\"Cine y arquitectura. El nuevo espacio p\u00fablico en tiempos de cuarentena | Ignacio Gr\u00e1valos \u2013 Patrizia Di Monte - veredes\" \/>\n<meta property=\"og:description\" content=\"Toda la informaci\u00f3n sobre: Cine y arquitectura. El nuevo espacio p\u00fablico en tiempos de cuarentena | Ignacio Gr\u00e1valos \u2013 Patrizia Di Monte\" \/>\n<meta property=\"og:url\" content=\"https:\/\/veredes.es\/blog\/cine-y-arquitectura-el-nuevo-espacio-publico-en-tiempos-de-cuarentena-ignacio-gravalos-patrizia-di-monte\/\" \/>\n<meta property=\"og:site_name\" content=\"veredes, arquitectura y divulgaci\u00f3n\" \/>\n<meta property=\"article:publisher\" content=\"https:\/\/www.facebook.com\/veredesArquitecturayDivulgacion\/\" \/>\n<meta property=\"article:author\" content=\"https:\/\/www.facebook.com\/gravalosdimonte\" \/>\n<meta property=\"article:published_time\" content=\"2021-09-09T22:01:12+00:00\" \/>\n<meta property=\"article:modified_time\" content=\"2023-02-27T19:37:31+00:00\" \/>\n<meta property=\"og:image\" content=\"https:\/\/veredes.es\/blog\/wp-content\/uploads\/2021\/09\/cine-y-arquitectura-el-nuevo-esp.jpg\" \/>\n\t<meta property=\"og:image:width\" content=\"480\" \/>\n\t<meta property=\"og:image:height\" content=\"360\" \/>\n\t<meta property=\"og:image:type\" content=\"image\/jpeg\" \/>\n<meta name=\"author\" content=\"Ignacio Gr\u00e1valos \u2013 Patrizia di Monte\" \/>\n<meta name=\"twitter:card\" content=\"summary_large_image\" \/>\n<meta name=\"twitter:creator\" content=\"@veredes\" \/>\n<meta name=\"twitter:site\" content=\"@veredes\" \/>\n<meta name=\"twitter:label1\" content=\"Escrito por\" \/>\n\t<meta name=\"twitter:data1\" content=\"Ignacio Gr\u00e1valos \u2013 Patrizia di Monte\" \/>\n\t<meta name=\"twitter:label2\" content=\"Tiempo de lectura\" \/>\n\t<meta name=\"twitter:data2\" content=\"2 minutos\" \/>\n<script type=\"application\/ld+json\" class=\"yoast-schema-graph\">{\"@context\":\"https:\\\/\\\/schema.org\",\"@graph\":[{\"@type\":\"Article\",\"@id\":\"https:\\\/\\\/veredes.es\\\/blog\\\/cine-y-arquitectura-el-nuevo-espacio-publico-en-tiempos-de-cuarentena-ignacio-gravalos-patrizia-di-monte\\\/#article\",\"isPartOf\":{\"@id\":\"https:\\\/\\\/veredes.es\\\/blog\\\/cine-y-arquitectura-el-nuevo-espacio-publico-en-tiempos-de-cuarentena-ignacio-gravalos-patrizia-di-monte\\\/\"},\"author\":{\"name\":\"Ignacio Gr\u00e1valos \u2013 Patrizia di Monte\",\"@id\":\"https:\\\/\\\/veredes.es\\\/blog\\\/#\\\/schema\\\/person\\\/54b7a5ff71486d345ca458713f0ac06f\"},\"headline\":\"Cine y arquitectura. El nuevo espacio p\u00fablico en tiempos de cuarentena | Ignacio Gr\u00e1valos \u2013 Patrizia Di Monte\",\"datePublished\":\"2021-09-09T22:01:12+00:00\",\"dateModified\":\"2023-02-27T19:37:31+00:00\",\"mainEntityOfPage\":{\"@id\":\"https:\\\/\\\/veredes.es\\\/blog\\\/cine-y-arquitectura-el-nuevo-espacio-publico-en-tiempos-de-cuarentena-ignacio-gravalos-patrizia-di-monte\\\/\"},\"wordCount\":448,\"commentCount\":0,\"publisher\":{\"@id\":\"https:\\\/\\\/veredes.es\\\/blog\\\/#organization\"},\"image\":{\"@id\":\"https:\\\/\\\/veredes.es\\\/blog\\\/cine-y-arquitectura-el-nuevo-espacio-publico-en-tiempos-de-cuarentena-ignacio-gravalos-patrizia-di-monte\\\/#primaryimage\"},\"thumbnailUrl\":\"https:\\\/\\\/veredes.es\\\/blog\\\/wp-content\\\/uploads\\\/2021\\\/09\\\/cine-y-arquitectura-el-nuevo-esp.jpg\",\"keywords\":[\"arquitectura ecol\u00f3gica\",\"arte\",\"cine\",\"ciudad\",\"ciudad contempor\u00e1nea\",\"comunidad\",\"ecolog\u00eda\",\"educaci\u00f3n\",\"espacio p\u00fablico\",\"formatos digitales\",\"fotograf\u00eda\",\"gravalos &amp; di monte arquitectos\",\"Henri Lefebvre\",\"huella ecol\u00f3gica\",\"Ignacio Gr\u00e1valos\",\"paisaje\",\"paisaje urbano\",\"Patrizia di Monte\",\"procesos digitales\",\"reciclaje\",\"reconvertir\",\"red digital\",\"reutilizacion\",\"reutilizar\",\"sociedad\",\"sociedad red\",\"urbanismo\",\"Zygmunt Bauman\"],\"articleSection\":[\"arquitectos\",\"capturas\",\"cine\",\"slider principal\"],\"inLanguage\":\"es\",\"potentialAction\":[{\"@type\":\"CommentAction\",\"name\":\"Comment\",\"target\":[\"https:\\\/\\\/veredes.es\\\/blog\\\/cine-y-arquitectura-el-nuevo-espacio-publico-en-tiempos-de-cuarentena-ignacio-gravalos-patrizia-di-monte\\\/#respond\"]}]},{\"@type\":\"WebPage\",\"@id\":\"https:\\\/\\\/veredes.es\\\/blog\\\/cine-y-arquitectura-el-nuevo-espacio-publico-en-tiempos-de-cuarentena-ignacio-gravalos-patrizia-di-monte\\\/\",\"url\":\"https:\\\/\\\/veredes.es\\\/blog\\\/cine-y-arquitectura-el-nuevo-espacio-publico-en-tiempos-de-cuarentena-ignacio-gravalos-patrizia-di-monte\\\/\",\"name\":\"Cine y arquitectura. El nuevo espacio p\u00fablico en tiempos de cuarentena | Ignacio Gr\u00e1valos \u2013 Patrizia Di Monte - veredes\",\"isPartOf\":{\"@id\":\"https:\\\/\\\/veredes.es\\\/blog\\\/#website\"},\"primaryImageOfPage\":{\"@id\":\"https:\\\/\\\/veredes.es\\\/blog\\\/cine-y-arquitectura-el-nuevo-espacio-publico-en-tiempos-de-cuarentena-ignacio-gravalos-patrizia-di-monte\\\/#primaryimage\"},\"image\":{\"@id\":\"https:\\\/\\\/veredes.es\\\/blog\\\/cine-y-arquitectura-el-nuevo-espacio-publico-en-tiempos-de-cuarentena-ignacio-gravalos-patrizia-di-monte\\\/#primaryimage\"},\"thumbnailUrl\":\"https:\\\/\\\/veredes.es\\\/blog\\\/wp-content\\\/uploads\\\/2021\\\/09\\\/cine-y-arquitectura-el-nuevo-esp.jpg\",\"datePublished\":\"2021-09-09T22:01:12+00:00\",\"dateModified\":\"2023-02-27T19:37:31+00:00\",\"description\":\"Toda la informaci\u00f3n sobre: Cine y arquitectura. El nuevo espacio p\u00fablico en tiempos de cuarentena | Ignacio Gr\u00e1valos \u2013 Patrizia Di Monte\",\"breadcrumb\":{\"@id\":\"https:\\\/\\\/veredes.es\\\/blog\\\/cine-y-arquitectura-el-nuevo-espacio-publico-en-tiempos-de-cuarentena-ignacio-gravalos-patrizia-di-monte\\\/#breadcrumb\"},\"inLanguage\":\"es\",\"potentialAction\":[{\"@type\":\"ReadAction\",\"target\":[\"https:\\\/\\\/veredes.es\\\/blog\\\/cine-y-arquitectura-el-nuevo-espacio-publico-en-tiempos-de-cuarentena-ignacio-gravalos-patrizia-di-monte\\\/\"]}]},{\"@type\":\"ImageObject\",\"inLanguage\":\"es\",\"@id\":\"https:\\\/\\\/veredes.es\\\/blog\\\/cine-y-arquitectura-el-nuevo-espacio-publico-en-tiempos-de-cuarentena-ignacio-gravalos-patrizia-di-monte\\\/#primaryimage\",\"url\":\"https:\\\/\\\/veredes.es\\\/blog\\\/wp-content\\\/uploads\\\/2021\\\/09\\\/cine-y-arquitectura-el-nuevo-esp.jpg\",\"contentUrl\":\"https:\\\/\\\/veredes.es\\\/blog\\\/wp-content\\\/uploads\\\/2021\\\/09\\\/cine-y-arquitectura-el-nuevo-esp.jpg\",\"width\":480,\"height\":360},{\"@type\":\"BreadcrumbList\",\"@id\":\"https:\\\/\\\/veredes.es\\\/blog\\\/cine-y-arquitectura-el-nuevo-espacio-publico-en-tiempos-de-cuarentena-ignacio-gravalos-patrizia-di-monte\\\/#breadcrumb\",\"itemListElement\":[{\"@type\":\"ListItem\",\"position\":1,\"name\":\"Portada\",\"item\":\"https:\\\/\\\/veredes.es\\\/blog\\\/\"},{\"@type\":\"ListItem\",\"position\":2,\"name\":\"Cine y arquitectura. El nuevo espacio p\u00fablico en tiempos de cuarentena | Ignacio Gr\u00e1valos \u2013 Patrizia Di Monte\"}]},{\"@type\":\"WebSite\",\"@id\":\"https:\\\/\\\/veredes.es\\\/blog\\\/#website\",\"url\":\"https:\\\/\\\/veredes.es\\\/blog\\\/\",\"name\":\"veredes, arquitectura y divulgaci\u00f3n\",\"description\":\"veredes\",\"publisher\":{\"@id\":\"https:\\\/\\\/veredes.es\\\/blog\\\/#organization\"},\"alternateName\":\"veredes\",\"potentialAction\":[{\"@type\":\"SearchAction\",\"target\":{\"@type\":\"EntryPoint\",\"urlTemplate\":\"https:\\\/\\\/veredes.es\\\/blog\\\/?s={search_term_string}\"},\"query-input\":{\"@type\":\"PropertyValueSpecification\",\"valueRequired\":true,\"valueName\":\"search_term_string\"}}],\"inLanguage\":\"es\"},{\"@type\":\"Organization\",\"@id\":\"https:\\\/\\\/veredes.es\\\/blog\\\/#organization\",\"name\":\"veredes, arquitectura y divulgaci\u00f3n\",\"alternateName\":\"veredes\",\"url\":\"https:\\\/\\\/veredes.es\\\/blog\\\/\",\"logo\":{\"@type\":\"ImageObject\",\"inLanguage\":\"es\",\"@id\":\"https:\\\/\\\/veredes.es\\\/blog\\\/#\\\/schema\\\/logo\\\/image\\\/\",\"url\":\"https:\\\/\\\/veredes.es\\\/blog\\\/wp-content\\\/uploads\\\/2021\\\/12\\\/veredes-logo-centrado_140x54.png\",\"contentUrl\":\"https:\\\/\\\/veredes.es\\\/blog\\\/wp-content\\\/uploads\\\/2021\\\/12\\\/veredes-logo-centrado_140x54.png\",\"width\":140,\"height\":54,\"caption\":\"veredes, arquitectura y divulgaci\u00f3n\"},\"image\":{\"@id\":\"https:\\\/\\\/veredes.es\\\/blog\\\/#\\\/schema\\\/logo\\\/image\\\/\"},\"sameAs\":[\"https:\\\/\\\/www.facebook.com\\\/veredesArquitecturayDivulgacion\\\/\",\"https:\\\/\\\/x.com\\\/veredes\",\"https:\\\/\\\/instagram.com\\\/veredes\\\/\",\"https:\\\/\\\/www.linkedin.com\\\/company\\\/veredes-arquitectura-y-divulgacion\\\/\",\"https:\\\/\\\/es.pinterest.com\\\/veredes\\\/\",\"https:\\\/\\\/www.tumblr.com\\\/veredes\"]},{\"@type\":\"Person\",\"@id\":\"https:\\\/\\\/veredes.es\\\/blog\\\/#\\\/schema\\\/person\\\/54b7a5ff71486d345ca458713f0ac06f\",\"name\":\"Ignacio Gr\u00e1valos \u2013 Patrizia di Monte\",\"image\":{\"@type\":\"ImageObject\",\"inLanguage\":\"es\",\"@id\":\"https:\\\/\\\/veredes.es\\\/blog\\\/wp-content\\\/uploads\\\/2018\\\/04\\\/Ignacio-Gr\u00e1valos-\u2013-Patrizia-di-Monte-96x96.jpeg\",\"url\":\"https:\\\/\\\/veredes.es\\\/blog\\\/wp-content\\\/uploads\\\/2018\\\/04\\\/Ignacio-Gr\u00e1valos-\u2013-Patrizia-di-Monte-96x96.jpeg\",\"contentUrl\":\"https:\\\/\\\/veredes.es\\\/blog\\\/wp-content\\\/uploads\\\/2018\\\/04\\\/Ignacio-Gr\u00e1valos-\u2013-Patrizia-di-Monte-96x96.jpeg\",\"caption\":\"Ignacio Gr\u00e1valos \u2013 Patrizia di Monte\"},\"description\":\"Ignacio Gr\u00e1valos es arquitecto por la ETSAB (Barcelona, 1994). Doctor por la Universidad de Zaragoza (2020) con su tesis \u201cEl fin de la modernidad. Visiones del espacio urbano desde una perspectiva cinematogr\u00e1fica\u201d. Master de Investigaci\u00f3n y Formaci\u00f3n Avanzada en Arquitectura por la Universidad San Jorge (2013). Es profesor titular de Expresi\u00f3n Arquitect\u00f3nica y Proyectos Fin de Grado de la Escuela de Arquitectura de la Universidad San Jorge. Patrizia Di Monte es arquitecta por el I.U.A.V., becada por el Gobierno Italiano para estudios de postgrado del 1996 al 1998, titulo de Master ETSAB-UPC-CCCB, doctorado ETSAB-UPC, profesora de Urbanismo y Arquitectura Social y coordinadora de relaciones internacionales de la ETSA USJ hasta 2014. Visiting professor del Politecnico de Mil\u00e1n, Master NIB, y SOS en Italia desde 2015. Validated Lead Expert Urbact + Cost. En 1998 fundan gravalosdimonte arquitectos, desarrollando proyectos culturales, que abarcan desde el arte a la arquitectura, estrategias de regeneraci\u00f3n urbana, paisajismo, arquitectura participativa y urbanismo sostenible. Autores intelectuales del programa \u201cestonoesunsolar\u201d. Ganadores de los premios internacionales, Eurocties Planning for people, 2011; Innovazione e Qualit\u00e1 urbana 2010, Saie Selecion 12 Urban Regeneration and development, Biennale Spazio Pubblico 2013 Citt\u00e1 sociale, menci\u00f3n de investigaci\u00f3n XI BEAU; sus trabajos han sido expuestos en NAI - R\u00f3tterdam, DAZ - Berl\u00edn, MAXXI - Roma, Biennale Architettura Venezia y Bienal Arquitectura Urbanismo Espa\u00f1ola.\",\"sameAs\":[\"http:\\\/\\\/gravalosdimonte.com\\\/\",\"https:\\\/\\\/www.facebook.com\\\/gravalosdimonte\",\"https:\\\/\\\/www.instagram.com\\\/explore\\\/tags\\\/gravalosdimonte\\\/\"],\"url\":\"https:\\\/\\\/veredes.es\\\/blog\\\/author\\\/ignacio-gravalos-patrizia-di-monte\\\/\"}]}<\/script>\n<!-- \/ Yoast SEO plugin. -->","yoast_head_json":{"title":"Cine y arquitectura. El nuevo espacio p\u00fablico en tiempos de cuarentena | Ignacio Gr\u00e1valos \u2013 Patrizia Di Monte - veredes","description":"Toda la informaci\u00f3n sobre: Cine y arquitectura. El nuevo espacio p\u00fablico en tiempos de cuarentena | Ignacio Gr\u00e1valos \u2013 Patrizia Di Monte","robots":{"index":"index","follow":"follow","max-snippet":"max-snippet:-1","max-image-preview":"max-image-preview:large","max-video-preview":"max-video-preview:-1"},"canonical":"https:\/\/veredes.es\/blog\/cine-y-arquitectura-el-nuevo-espacio-publico-en-tiempos-de-cuarentena-ignacio-gravalos-patrizia-di-monte\/","og_locale":"es_ES","og_type":"article","og_title":"Cine y arquitectura. El nuevo espacio p\u00fablico en tiempos de cuarentena | Ignacio Gr\u00e1valos \u2013 Patrizia Di Monte - veredes","og_description":"Toda la informaci\u00f3n sobre: Cine y arquitectura. El nuevo espacio p\u00fablico en tiempos de cuarentena | Ignacio Gr\u00e1valos \u2013 Patrizia Di Monte","og_url":"https:\/\/veredes.es\/blog\/cine-y-arquitectura-el-nuevo-espacio-publico-en-tiempos-de-cuarentena-ignacio-gravalos-patrizia-di-monte\/","og_site_name":"veredes, arquitectura y divulgaci\u00f3n","article_publisher":"https:\/\/www.facebook.com\/veredesArquitecturayDivulgacion\/","article_author":"https:\/\/www.facebook.com\/gravalosdimonte","article_published_time":"2021-09-09T22:01:12+00:00","article_modified_time":"2023-02-27T19:37:31+00:00","og_image":[{"width":480,"height":360,"url":"https:\/\/veredes.es\/blog\/wp-content\/uploads\/2021\/09\/cine-y-arquitectura-el-nuevo-esp.jpg","type":"image\/jpeg"}],"author":"Ignacio Gr\u00e1valos \u2013 Patrizia di Monte","twitter_card":"summary_large_image","twitter_creator":"@veredes","twitter_site":"@veredes","twitter_misc":{"Escrito por":"Ignacio Gr\u00e1valos \u2013 Patrizia di Monte","Tiempo de lectura":"2 minutos"},"schema":{"@context":"https:\/\/schema.org","@graph":[{"@type":"Article","@id":"https:\/\/veredes.es\/blog\/cine-y-arquitectura-el-nuevo-espacio-publico-en-tiempos-de-cuarentena-ignacio-gravalos-patrizia-di-monte\/#article","isPartOf":{"@id":"https:\/\/veredes.es\/blog\/cine-y-arquitectura-el-nuevo-espacio-publico-en-tiempos-de-cuarentena-ignacio-gravalos-patrizia-di-monte\/"},"author":{"name":"Ignacio Gr\u00e1valos \u2013 Patrizia di Monte","@id":"https:\/\/veredes.es\/blog\/#\/schema\/person\/54b7a5ff71486d345ca458713f0ac06f"},"headline":"Cine y arquitectura. El nuevo espacio p\u00fablico en tiempos de cuarentena | Ignacio Gr\u00e1valos \u2013 Patrizia Di Monte","datePublished":"2021-09-09T22:01:12+00:00","dateModified":"2023-02-27T19:37:31+00:00","mainEntityOfPage":{"@id":"https:\/\/veredes.es\/blog\/cine-y-arquitectura-el-nuevo-espacio-publico-en-tiempos-de-cuarentena-ignacio-gravalos-patrizia-di-monte\/"},"wordCount":448,"commentCount":0,"publisher":{"@id":"https:\/\/veredes.es\/blog\/#organization"},"image":{"@id":"https:\/\/veredes.es\/blog\/cine-y-arquitectura-el-nuevo-espacio-publico-en-tiempos-de-cuarentena-ignacio-gravalos-patrizia-di-monte\/#primaryimage"},"thumbnailUrl":"https:\/\/veredes.es\/blog\/wp-content\/uploads\/2021\/09\/cine-y-arquitectura-el-nuevo-esp.jpg","keywords":["arquitectura ecol\u00f3gica","arte","cine","ciudad","ciudad contempor\u00e1nea","comunidad","ecolog\u00eda","educaci\u00f3n","espacio p\u00fablico","formatos digitales","fotograf\u00eda","gravalos &amp; di monte arquitectos","Henri Lefebvre","huella ecol\u00f3gica","Ignacio Gr\u00e1valos","paisaje","paisaje urbano","Patrizia di Monte","procesos digitales","reciclaje","reconvertir","red digital","reutilizacion","reutilizar","sociedad","sociedad red","urbanismo","Zygmunt Bauman"],"articleSection":["arquitectos","capturas","cine","slider principal"],"inLanguage":"es","potentialAction":[{"@type":"CommentAction","name":"Comment","target":["https:\/\/veredes.es\/blog\/cine-y-arquitectura-el-nuevo-espacio-publico-en-tiempos-de-cuarentena-ignacio-gravalos-patrizia-di-monte\/#respond"]}]},{"@type":"WebPage","@id":"https:\/\/veredes.es\/blog\/cine-y-arquitectura-el-nuevo-espacio-publico-en-tiempos-de-cuarentena-ignacio-gravalos-patrizia-di-monte\/","url":"https:\/\/veredes.es\/blog\/cine-y-arquitectura-el-nuevo-espacio-publico-en-tiempos-de-cuarentena-ignacio-gravalos-patrizia-di-monte\/","name":"Cine y arquitectura. El nuevo espacio p\u00fablico en tiempos de cuarentena | Ignacio Gr\u00e1valos \u2013 Patrizia Di Monte - veredes","isPartOf":{"@id":"https:\/\/veredes.es\/blog\/#website"},"primaryImageOfPage":{"@id":"https:\/\/veredes.es\/blog\/cine-y-arquitectura-el-nuevo-espacio-publico-en-tiempos-de-cuarentena-ignacio-gravalos-patrizia-di-monte\/#primaryimage"},"image":{"@id":"https:\/\/veredes.es\/blog\/cine-y-arquitectura-el-nuevo-espacio-publico-en-tiempos-de-cuarentena-ignacio-gravalos-patrizia-di-monte\/#primaryimage"},"thumbnailUrl":"https:\/\/veredes.es\/blog\/wp-content\/uploads\/2021\/09\/cine-y-arquitectura-el-nuevo-esp.jpg","datePublished":"2021-09-09T22:01:12+00:00","dateModified":"2023-02-27T19:37:31+00:00","description":"Toda la informaci\u00f3n sobre: Cine y arquitectura. El nuevo espacio p\u00fablico en tiempos de cuarentena | Ignacio Gr\u00e1valos \u2013 Patrizia Di Monte","breadcrumb":{"@id":"https:\/\/veredes.es\/blog\/cine-y-arquitectura-el-nuevo-espacio-publico-en-tiempos-de-cuarentena-ignacio-gravalos-patrizia-di-monte\/#breadcrumb"},"inLanguage":"es","potentialAction":[{"@type":"ReadAction","target":["https:\/\/veredes.es\/blog\/cine-y-arquitectura-el-nuevo-espacio-publico-en-tiempos-de-cuarentena-ignacio-gravalos-patrizia-di-monte\/"]}]},{"@type":"ImageObject","inLanguage":"es","@id":"https:\/\/veredes.es\/blog\/cine-y-arquitectura-el-nuevo-espacio-publico-en-tiempos-de-cuarentena-ignacio-gravalos-patrizia-di-monte\/#primaryimage","url":"https:\/\/veredes.es\/blog\/wp-content\/uploads\/2021\/09\/cine-y-arquitectura-el-nuevo-esp.jpg","contentUrl":"https:\/\/veredes.es\/blog\/wp-content\/uploads\/2021\/09\/cine-y-arquitectura-el-nuevo-esp.jpg","width":480,"height":360},{"@type":"BreadcrumbList","@id":"https:\/\/veredes.es\/blog\/cine-y-arquitectura-el-nuevo-espacio-publico-en-tiempos-de-cuarentena-ignacio-gravalos-patrizia-di-monte\/#breadcrumb","itemListElement":[{"@type":"ListItem","position":1,"name":"Portada","item":"https:\/\/veredes.es\/blog\/"},{"@type":"ListItem","position":2,"name":"Cine y arquitectura. El nuevo espacio p\u00fablico en tiempos de cuarentena | Ignacio Gr\u00e1valos \u2013 Patrizia Di Monte"}]},{"@type":"WebSite","@id":"https:\/\/veredes.es\/blog\/#website","url":"https:\/\/veredes.es\/blog\/","name":"veredes, arquitectura y divulgaci\u00f3n","description":"veredes","publisher":{"@id":"https:\/\/veredes.es\/blog\/#organization"},"alternateName":"veredes","potentialAction":[{"@type":"SearchAction","target":{"@type":"EntryPoint","urlTemplate":"https:\/\/veredes.es\/blog\/?s={search_term_string}"},"query-input":{"@type":"PropertyValueSpecification","valueRequired":true,"valueName":"search_term_string"}}],"inLanguage":"es"},{"@type":"Organization","@id":"https:\/\/veredes.es\/blog\/#organization","name":"veredes, arquitectura y divulgaci\u00f3n","alternateName":"veredes","url":"https:\/\/veredes.es\/blog\/","logo":{"@type":"ImageObject","inLanguage":"es","@id":"https:\/\/veredes.es\/blog\/#\/schema\/logo\/image\/","url":"https:\/\/veredes.es\/blog\/wp-content\/uploads\/2021\/12\/veredes-logo-centrado_140x54.png","contentUrl":"https:\/\/veredes.es\/blog\/wp-content\/uploads\/2021\/12\/veredes-logo-centrado_140x54.png","width":140,"height":54,"caption":"veredes, arquitectura y divulgaci\u00f3n"},"image":{"@id":"https:\/\/veredes.es\/blog\/#\/schema\/logo\/image\/"},"sameAs":["https:\/\/www.facebook.com\/veredesArquitecturayDivulgacion\/","https:\/\/x.com\/veredes","https:\/\/instagram.com\/veredes\/","https:\/\/www.linkedin.com\/company\/veredes-arquitectura-y-divulgacion\/","https:\/\/es.pinterest.com\/veredes\/","https:\/\/www.tumblr.com\/veredes"]},{"@type":"Person","@id":"https:\/\/veredes.es\/blog\/#\/schema\/person\/54b7a5ff71486d345ca458713f0ac06f","name":"Ignacio Gr\u00e1valos \u2013 Patrizia di Monte","image":{"@type":"ImageObject","inLanguage":"es","@id":"https:\/\/veredes.es\/blog\/wp-content\/uploads\/2018\/04\/Ignacio-Gr\u00e1valos-\u2013-Patrizia-di-Monte-96x96.jpeg","url":"https:\/\/veredes.es\/blog\/wp-content\/uploads\/2018\/04\/Ignacio-Gr\u00e1valos-\u2013-Patrizia-di-Monte-96x96.jpeg","contentUrl":"https:\/\/veredes.es\/blog\/wp-content\/uploads\/2018\/04\/Ignacio-Gr\u00e1valos-\u2013-Patrizia-di-Monte-96x96.jpeg","caption":"Ignacio Gr\u00e1valos \u2013 Patrizia di Monte"},"description":"Ignacio Gr\u00e1valos es arquitecto por la ETSAB (Barcelona, 1994). Doctor por la Universidad de Zaragoza (2020) con su tesis \u201cEl fin de la modernidad. Visiones del espacio urbano desde una perspectiva cinematogr\u00e1fica\u201d. Master de Investigaci\u00f3n y Formaci\u00f3n Avanzada en Arquitectura por la Universidad San Jorge (2013). Es profesor titular de Expresi\u00f3n Arquitect\u00f3nica y Proyectos Fin de Grado de la Escuela de Arquitectura de la Universidad San Jorge. Patrizia Di Monte es arquitecta por el I.U.A.V., becada por el Gobierno Italiano para estudios de postgrado del 1996 al 1998, titulo de Master ETSAB-UPC-CCCB, doctorado ETSAB-UPC, profesora de Urbanismo y Arquitectura Social y coordinadora de relaciones internacionales de la ETSA USJ hasta 2014. Visiting professor del Politecnico de Mil\u00e1n, Master NIB, y SOS en Italia desde 2015. Validated Lead Expert Urbact + Cost. En 1998 fundan gravalosdimonte arquitectos, desarrollando proyectos culturales, que abarcan desde el arte a la arquitectura, estrategias de regeneraci\u00f3n urbana, paisajismo, arquitectura participativa y urbanismo sostenible. Autores intelectuales del programa \u201cestonoesunsolar\u201d. Ganadores de los premios internacionales, Eurocties Planning for people, 2011; Innovazione e Qualit\u00e1 urbana 2010, Saie Selecion 12 Urban Regeneration and development, Biennale Spazio Pubblico 2013 Citt\u00e1 sociale, menci\u00f3n de investigaci\u00f3n XI BEAU; sus trabajos han sido expuestos en NAI - R\u00f3tterdam, DAZ - Berl\u00edn, MAXXI - Roma, Biennale Architettura Venezia y Bienal Arquitectura Urbanismo Espa\u00f1ola.","sameAs":["http:\/\/gravalosdimonte.com\/","https:\/\/www.facebook.com\/gravalosdimonte","https:\/\/www.instagram.com\/explore\/tags\/gravalosdimonte\/"],"url":"https:\/\/veredes.es\/blog\/author\/ignacio-gravalos-patrizia-di-monte\/"}]}},"_links":{"self":[{"href":"https:\/\/veredes.es\/blog\/wp-json\/wp\/v2\/posts\/84901","targetHints":{"allow":["GET"]}}],"collection":[{"href":"https:\/\/veredes.es\/blog\/wp-json\/wp\/v2\/posts"}],"about":[{"href":"https:\/\/veredes.es\/blog\/wp-json\/wp\/v2\/types\/post"}],"author":[{"embeddable":true,"href":"https:\/\/veredes.es\/blog\/wp-json\/wp\/v2\/users\/49"}],"replies":[{"embeddable":true,"href":"https:\/\/veredes.es\/blog\/wp-json\/wp\/v2\/comments?post=84901"}],"version-history":[{"count":0,"href":"https:\/\/veredes.es\/blog\/wp-json\/wp\/v2\/posts\/84901\/revisions"}],"wp:featuredmedia":[{"embeddable":true,"href":"https:\/\/veredes.es\/blog\/wp-json\/wp\/v2\/media\/85816"}],"wp:attachment":[{"href":"https:\/\/veredes.es\/blog\/wp-json\/wp\/v2\/media?parent=84901"}],"wp:term":[{"taxonomy":"category","embeddable":true,"href":"https:\/\/veredes.es\/blog\/wp-json\/wp\/v2\/categories?post=84901"},{"taxonomy":"post_tag","embeddable":true,"href":"https:\/\/veredes.es\/blog\/wp-json\/wp\/v2\/tags?post=84901"}],"curies":[{"name":"wp","href":"https:\/\/api.w.org\/{rel}","templated":true}]}}