{"id":84831,"date":"2021-10-01T00:01:01","date_gmt":"2021-09-30T22:01:01","guid":{"rendered":"https:\/\/veredes.es\/blog\/?p=84831"},"modified":"2021-10-25T10:16:41","modified_gmt":"2021-10-25T08:16:41","slug":"el-editor-el-critico-el-teorico-miquel-lacasta","status":"publish","type":"post","link":"https:\/\/veredes.es\/blog\/el-editor-el-critico-el-teorico-miquel-lacasta\/","title":{"rendered":"El Editor, el Cr\u00edtico, el Te\u00f3rico | Miquel Lacasta"},"content":{"rendered":"<blockquote class=\"wp-embedded-content\" data-secret=\"XTcMnGHZ84\"><p><a href=\"https:\/\/veredes.es\/blog\/de-la-critica-lo-critico-y-la-crisis-miquel-lacasta\/\">De la Cr\u00edtica, lo Cr\u00edtico y la Crisis | Miquel Lacasta<\/a><\/p><\/blockquote>\n<p><iframe loading=\"lazy\" class=\"wp-embedded-content\" sandbox=\"allow-scripts\" security=\"restricted\" style=\"position: absolute; clip: rect(1px, 1px, 1px, 1px);\" title=\"\u00abDe la Cr\u00edtica, lo Cr\u00edtico y la Crisis | Miquel Lacasta\u00bb \u2014 veredes\" src=\"https:\/\/veredes.es\/blog\/de-la-critica-lo-critico-y-la-crisis-miquel-lacasta\/embed\/#?secret=XTcMnGHZ84\" data-secret=\"XTcMnGHZ84\" width=\"600\" height=\"338\" frameborder=\"0\" marginwidth=\"0\" marginheight=\"0\" scrolling=\"no\"><\/iframe><\/p>\n<figure id=\"attachment_84832\" aria-describedby=\"caption-attachment-84832\" style=\"width: 640px\" class=\"wp-caption alignnone\"><img loading=\"lazy\" decoding=\"async\" class=\"size-full wp-image-84832\" src=\"https:\/\/veredes.es\/blog\/wp-content\/uploads\/2021\/07\/El-Editor-el-Critico-el-Teorico-Miquel-Lacasta-Lebbeus-Woods.-Conflict-Space-2006.jpg\" alt=\"\" width=\"640\" height=\"392\" srcset=\"https:\/\/veredes.es\/blog\/wp-content\/uploads\/2021\/07\/El-Editor-el-Critico-el-Teorico-Miquel-Lacasta-Lebbeus-Woods.-Conflict-Space-2006.jpg 640w, https:\/\/veredes.es\/blog\/wp-content\/uploads\/2021\/07\/El-Editor-el-Critico-el-Teorico-Miquel-Lacasta-Lebbeus-Woods.-Conflict-Space-2006-300x184.jpg 300w\" sizes=\"auto, (max-width: 640px) 100vw, 640px\" \/><figcaption id=\"caption-attachment-84832\" class=\"wp-caption-text\"><span style=\"color: #999999;\">Lebbeus Woods. Conflict Space, 2006<\/span><\/figcaption><\/figure>\n<p style=\"text-align: justify;\">Hace unos meses, estimulado por los comentarios certeros de un cr\u00edtico amigo y superado el escenario sopor\u00edfero donde este hizo una excelente charla, tuve la sensaci\u00f3n que falta aclarar alguna cosa, que no por b\u00e1sica, debe remarcarse de vez en cuando.<\/p>\n<p style=\"text-align: justify;\">Los escritos que se van publicando aqu\u00ed no son en absoluto los textos de un cr\u00edtico. Son en el mejor de los casos, textos te\u00f3ricos y especulativos acerca de la arquitectura y por tanto, varios escalones por debajo del valor social del cr\u00edtico de arquitectura y sus textos. En el peor de los casos, no son m\u00e1s que\u00a0<em>bullshiting<\/em>\u00a0arquitect\u00f3nico.<\/p>\n<p style=\"text-align: justify;\">Para saber a qu\u00e9 atenerse, de los miles de blogs y las decenas de publicaciones f\u00edsicas que tienen la arquitectura como tem\u00e1tica central, distinguir\u00eda 3 niveles o escalones que describo de mayor a menor importancia, en relaci\u00f3n a su relevancia editorial, y al repetido esfuerzo por\u00a0<em>acercar la arquitectura a la gente<\/em>.<\/p>\n<p style=\"text-align: justify;\">El primer nivel, el que mayor valor social tiene, en tanto que de forma r\u00e1pida e intuitiva acerca la arquitectura a los arquitectos, a los estudiantes y a alg\u00fan aficionado, est\u00e1 constituido por los blogs y las publicaciones que se dedican a editar arquitectura. Es decir, sin entrar en ning\u00fan an\u00e1lisis, ni pretender a\u00fan menos, teorizar al respecto, se van sucediendo ejemplos de arquitectura ilustrada, noticias m\u00e1s o menos cercanas a la actualidad o se da difusi\u00f3n a actos de todo tipo. De esta forma, sin requerir demasiado al espectador, se puede tener una imagen congelada de un preciso instante de tiempo del estado de la cuesti\u00f3n arquitect\u00f3nica de un lugar determinado.<\/p>\n<p style=\"text-align: justify;\">Algo as\u00ed como una cr\u00f3nica social de la arquitectura que se sucede d\u00eda tras d\u00eda en t\u00e9rminos de continuidad lineal.<\/p>\n<p style=\"text-align: justify;\">El valor principal del editor es su coherencia. Por tanto algunas de estas publicaciones brillan por su absoluta falta de comprensi\u00f3n y coherencia global informativo-ilustrativa, y sin embargo otras consiguen en cada post reforzar una mirada propia, una contundencia clara en su labor editorial.<\/p>\n<p style=\"text-align: justify;\">Vaya por adelantado un homenaje a las publicaciones acertadas.<\/p>\n<p style=\"text-align: justify;\">El segundo nivel de importancia son las publicaciones estructuradas alrededor del pensamiento cr\u00edtico. En este sentido, cabe destacar que la irrupci\u00f3n de los medios electr\u00f3nicos ha generado una interesante casta de cr\u00edticos j\u00f3venes y no tan j\u00f3venes. Algunos de estos cr\u00edticos se han forjado en los medios de comunicaci\u00f3n tradicionales y hoy d\u00eda compaginan su labor tanto en el papel, como en los medios electr\u00f3nicos. Otros, los quiz\u00e1s m\u00e1s j\u00f3venes, est\u00e1n construyendo una voz propia en la esfera digital. Seguramente, alg\u00fan d\u00eda, har\u00e1n tambi\u00e9n el mismo camino, pero en sentido contrario, y compaginar\u00e1n tanto el papel como el bit.<\/p>\n<p style=\"text-align: justify;\">Curiosamente, los m\u00e1s antiguos tanto de pensamiento como de criterio, no solamente se niegan a saltar del papel al bit, sino que en su incapacidad por entender el mundo que les ha tocado vivir, desprecian todo aquello que suene a lo que gen\u00e9rica y err\u00f3neamente llaman\u00a0<em>internet<\/em>. En el mejor, que suele ser, el peor de los casos, encargan a terceros la\u00a0<em>traducci\u00f3n<\/em>\u00a0de sus ideas a los medios digitales con la exigua excusa de modernizarse, eso s\u00ed, sin que sus nombres aparezcan firmando nada.<\/p>\n<p style=\"text-align: justify;\">Es bien curioso observar que cuando el talento es inmenso, siempre se sobrepone a la edad, como en el caso del malogrado Lebbeus Woods, que no dud\u00f3 ni un instante en desarrollar su labor, a veces como cr\u00edtico y otras como te\u00f3rico de la arquitectura, en su m\u00edtico <a href=\"http:\/\/lebbeuswoods.wordpress.com\/\" target=\"_blank\" rel=\"noopener\">blog<\/a> del que tanto hemos aprendido algunos.<\/p>\n<p style=\"text-align: justify;\">De todas maneras, me parece especialmente interesante que muchos de los cr\u00edticos actuales, se manejen con igual soltura en ambos medios, y lleguen con mucha mayor facilidad que antes a aquellos estudiantes y arquitectos noveles que se interesan de verdad por una profesi\u00f3n dif\u00edcil.<\/p>\n<p style=\"text-align: justify;\">La mayor ventaja de la socializaci\u00f3n del pensamiento cr\u00edtico de la arquitectura por los medios digitales es que autom\u00e1ticamente se desarbola el relato \u00fanico, la verdad moralizante y el discurso un\u00edvoco a favor de una estructura coral de voces contrapuestas, en confrontaci\u00f3n constante, que las redes sociales amplifican y vocean. Algunos de los \u00faltimos episodios aireados en las redes entre un reconocido cr\u00edtico y un conocido arquitecto as\u00ed lo atestiguan.<\/p>\n<p style=\"text-align: justify;\">Me parece fundamental que el est\u00edmulo de lo digital haga crecer m\u00e1s y m\u00e1s las miradas, el pensamiento rotundo y ponga a todo el mundo en su lugar.<\/p>\n<p style=\"text-align: justify;\">Por \u00faltimo, en lo m\u00e1s bajo de la cadena de valor social para la arquitectura, est\u00e1n los textos te\u00f3ricos, las reflexiones y disgregaciones acad\u00e9micas, o no. Para decir la verdad, este es el escal\u00f3n en el que esta publicaci\u00f3n electr\u00f3nica se siente a gusto. Tambi\u00e9n, todo hay que decirlo, hay muy pocas publicaciones que se ci\u00f1an a este perfil. Seguramente, para bien. No cabe duda que leer este tipo de publicaciones requiere un esfuerzo, necesita de una cierta dosis de paciencia y un singular sentido del aprendizaje. No todas las publicaciones de este tipo se basan en textos \u00e1speros y contundentes. Hay algunas cabeceras que conforman un ensayo gr\u00e1fico, m\u00e1s que un ensayo escrito. Otras son h\u00edbridas, y transitan de la teor\u00eda a la cr\u00edtica sin distinci\u00f3n aparente. Otras, contrariamente a lo anterior, son simplemente peque\u00f1os ensayos te\u00f3ricos acerca de la arquitectura.<\/p>\n<p style=\"text-align: justify;\">En resumen, todos y todas tienen cabida en el espacio virtual y f\u00edsico de la arquitectura contada, pensada y conceptualizada. En este caso, s\u00ed que puedo asegurar que cuanto m\u00e1s, mejor.<\/p>\n<p style=\"text-align: justify;\">Sirva esta cita como homenaje a Lebbeus Woods, quiz\u00e1s una manera de despedirse que cualquiera que escriba habitualmente en alg\u00fan medio, deber\u00eda hacerse suya:<\/p>\n<blockquote>\n<p style=\"text-align: justify;\"><em>\u00abI must say that it has been a privilege to have communicated with so many bright and energetic readers. <\/em><em>It has been a unique experience in my life that I will always value highly\u00bb.<\/em><\/p>\n<\/blockquote>\n<p>&nbsp;<\/p>\n","protected":false},"excerpt":{"rendered":"<p>De la Cr\u00edtica, lo Cr\u00edtico y la Crisis | Miquel Lacasta Hace unos meses, estimulado por los comentarios certeros de un cr\u00edtico amigo y superado el escenario sopor\u00edfero donde este hizo una excelente charla, tuve la sensaci\u00f3n que falta aclarar alguna cosa, que no por b\u00e1sica, debe remarcarse de vez en cuando. Los escritos que [&hellip;]<\/p>\n","protected":false},"author":32,"featured_media":84832,"comment_status":"open","ping_status":"closed","sticky":false,"template":"","format":"standard","meta":{"footnotes":""},"categories":[568,5951],"tags":[14460,391,393,1615,456,12726,4522,1021,1120,1865,1278,2048],"class_list":{"0":"post-84831","1":"post","2":"type-post","3":"status-publish","4":"format-standard","5":"has-post-thumbnail","7":"category-faro","8":"category-slider-principal","9":"tag-armen-avanessian","10":"tag-crisis","11":"tag-critica","12":"tag-edicion","13":"tag-editorial","14":"tag-lebbeus-woods","15":"tag-miquel-lacasta","16":"tag-pensamiento","17":"tag-publicacion","18":"tag-reflexion","19":"tag-teoria","20":"tag-teoria-e-historia"},"yoast_head":"<!-- This site is optimized with the Yoast SEO plugin v27.5 - https:\/\/yoast.com\/product\/yoast-seo-wordpress\/ -->\n<title>El Editor, el Cr\u00edtico, el Te\u00f3rico | Miquel Lacasta - veredes<\/title>\n<meta name=\"description\" content=\"Toda la informaci\u00f3n sobre: El Editor, el Cr\u00edtico, el Te\u00f3rico | Miquel Lacasta\" \/>\n<meta name=\"robots\" content=\"index, follow, max-snippet:-1, max-image-preview:large, max-video-preview:-1\" \/>\n<link rel=\"canonical\" href=\"https:\/\/veredes.es\/blog\/el-editor-el-critico-el-teorico-miquel-lacasta\/\" \/>\n<meta property=\"og:locale\" content=\"es_ES\" \/>\n<meta property=\"og:type\" content=\"article\" \/>\n<meta property=\"og:title\" content=\"El Editor, el Cr\u00edtico, el Te\u00f3rico | Miquel Lacasta - veredes\" \/>\n<meta property=\"og:description\" content=\"Toda la informaci\u00f3n sobre: El Editor, el Cr\u00edtico, el Te\u00f3rico | Miquel Lacasta\" \/>\n<meta property=\"og:url\" content=\"https:\/\/veredes.es\/blog\/el-editor-el-critico-el-teorico-miquel-lacasta\/\" \/>\n<meta property=\"og:site_name\" content=\"veredes, arquitectura y divulgaci\u00f3n\" \/>\n<meta property=\"article:publisher\" content=\"https:\/\/www.facebook.com\/veredesArquitecturayDivulgacion\/\" \/>\n<meta property=\"article:author\" content=\"https:\/\/www.facebook.com\/MikelLacastaCodorniu\" \/>\n<meta property=\"article:published_time\" content=\"2021-09-30T22:01:01+00:00\" \/>\n<meta property=\"article:modified_time\" content=\"2021-10-25T08:16:41+00:00\" \/>\n<meta property=\"og:image\" content=\"https:\/\/veredes.es\/blog\/wp-content\/uploads\/2021\/07\/El-Editor-el-Critico-el-Teorico-Miquel-Lacasta-Lebbeus-Woods.-Conflict-Space-2006.jpg\" \/>\n\t<meta property=\"og:image:width\" content=\"640\" \/>\n\t<meta property=\"og:image:height\" content=\"392\" \/>\n\t<meta property=\"og:image:type\" content=\"image\/jpeg\" \/>\n<meta name=\"author\" content=\"Miquel Lacasta Codorniu\" \/>\n<meta name=\"twitter:card\" content=\"summary_large_image\" \/>\n<meta name=\"twitter:creator\" content=\"@https:\/\/twitter.com\/miquelacasta\" \/>\n<meta name=\"twitter:site\" content=\"@veredes\" \/>\n<meta name=\"twitter:label1\" content=\"Escrito por\" \/>\n\t<meta name=\"twitter:data1\" content=\"Miquel Lacasta Codorniu\" \/>\n\t<meta name=\"twitter:label2\" content=\"Tiempo de lectura\" \/>\n\t<meta name=\"twitter:data2\" content=\"5 minutos\" \/>\n<script type=\"application\/ld+json\" class=\"yoast-schema-graph\">{\"@context\":\"https:\\\/\\\/schema.org\",\"@graph\":[{\"@type\":\"Article\",\"@id\":\"https:\\\/\\\/veredes.es\\\/blog\\\/el-editor-el-critico-el-teorico-miquel-lacasta\\\/#article\",\"isPartOf\":{\"@id\":\"https:\\\/\\\/veredes.es\\\/blog\\\/el-editor-el-critico-el-teorico-miquel-lacasta\\\/\"},\"author\":{\"name\":\"Miquel Lacasta Codorniu\",\"@id\":\"https:\\\/\\\/veredes.es\\\/blog\\\/#\\\/schema\\\/person\\\/11c5393188d51787b8b13761dea40343\"},\"headline\":\"El Editor, el Cr\u00edtico, el Te\u00f3rico | Miquel Lacasta\",\"datePublished\":\"2021-09-30T22:01:01+00:00\",\"dateModified\":\"2021-10-25T08:16:41+00:00\",\"mainEntityOfPage\":{\"@id\":\"https:\\\/\\\/veredes.es\\\/blog\\\/el-editor-el-critico-el-teorico-miquel-lacasta\\\/\"},\"wordCount\":1063,\"commentCount\":0,\"publisher\":{\"@id\":\"https:\\\/\\\/veredes.es\\\/blog\\\/#organization\"},\"image\":{\"@id\":\"https:\\\/\\\/veredes.es\\\/blog\\\/el-editor-el-critico-el-teorico-miquel-lacasta\\\/#primaryimage\"},\"thumbnailUrl\":\"https:\\\/\\\/veredes.es\\\/blog\\\/wp-content\\\/uploads\\\/2021\\\/07\\\/El-Editor-el-Critico-el-Teorico-Miquel-Lacasta-Lebbeus-Woods.-Conflict-Space-2006.jpg\",\"keywords\":[\"Armen Avanessian\",\"crisis\",\"cr\u00edtica\",\"edici\u00f3n\",\"editorial\",\"Lebbeus Woods\",\"Miquel Lacasta\",\"pensamiento\",\"publicaci\u00f3n\",\"reflexi\u00f3n\",\"teor\u00eda\",\"teor\u00eda e historia\"],\"articleSection\":[\"faro\",\"slider principal\"],\"inLanguage\":\"es\",\"potentialAction\":[{\"@type\":\"CommentAction\",\"name\":\"Comment\",\"target\":[\"https:\\\/\\\/veredes.es\\\/blog\\\/el-editor-el-critico-el-teorico-miquel-lacasta\\\/#respond\"]}]},{\"@type\":\"WebPage\",\"@id\":\"https:\\\/\\\/veredes.es\\\/blog\\\/el-editor-el-critico-el-teorico-miquel-lacasta\\\/\",\"url\":\"https:\\\/\\\/veredes.es\\\/blog\\\/el-editor-el-critico-el-teorico-miquel-lacasta\\\/\",\"name\":\"El Editor, el Cr\u00edtico, el Te\u00f3rico | Miquel Lacasta - veredes\",\"isPartOf\":{\"@id\":\"https:\\\/\\\/veredes.es\\\/blog\\\/#website\"},\"primaryImageOfPage\":{\"@id\":\"https:\\\/\\\/veredes.es\\\/blog\\\/el-editor-el-critico-el-teorico-miquel-lacasta\\\/#primaryimage\"},\"image\":{\"@id\":\"https:\\\/\\\/veredes.es\\\/blog\\\/el-editor-el-critico-el-teorico-miquel-lacasta\\\/#primaryimage\"},\"thumbnailUrl\":\"https:\\\/\\\/veredes.es\\\/blog\\\/wp-content\\\/uploads\\\/2021\\\/07\\\/El-Editor-el-Critico-el-Teorico-Miquel-Lacasta-Lebbeus-Woods.-Conflict-Space-2006.jpg\",\"datePublished\":\"2021-09-30T22:01:01+00:00\",\"dateModified\":\"2021-10-25T08:16:41+00:00\",\"description\":\"Toda la informaci\u00f3n sobre: El Editor, el Cr\u00edtico, el Te\u00f3rico | Miquel Lacasta\",\"breadcrumb\":{\"@id\":\"https:\\\/\\\/veredes.es\\\/blog\\\/el-editor-el-critico-el-teorico-miquel-lacasta\\\/#breadcrumb\"},\"inLanguage\":\"es\",\"potentialAction\":[{\"@type\":\"ReadAction\",\"target\":[\"https:\\\/\\\/veredes.es\\\/blog\\\/el-editor-el-critico-el-teorico-miquel-lacasta\\\/\"]}]},{\"@type\":\"ImageObject\",\"inLanguage\":\"es\",\"@id\":\"https:\\\/\\\/veredes.es\\\/blog\\\/el-editor-el-critico-el-teorico-miquel-lacasta\\\/#primaryimage\",\"url\":\"https:\\\/\\\/veredes.es\\\/blog\\\/wp-content\\\/uploads\\\/2021\\\/07\\\/El-Editor-el-Critico-el-Teorico-Miquel-Lacasta-Lebbeus-Woods.-Conflict-Space-2006.jpg\",\"contentUrl\":\"https:\\\/\\\/veredes.es\\\/blog\\\/wp-content\\\/uploads\\\/2021\\\/07\\\/El-Editor-el-Critico-el-Teorico-Miquel-Lacasta-Lebbeus-Woods.-Conflict-Space-2006.jpg\",\"width\":640,\"height\":392,\"caption\":\"Lebbeus Woods. Conflict Space, 2006\"},{\"@type\":\"BreadcrumbList\",\"@id\":\"https:\\\/\\\/veredes.es\\\/blog\\\/el-editor-el-critico-el-teorico-miquel-lacasta\\\/#breadcrumb\",\"itemListElement\":[{\"@type\":\"ListItem\",\"position\":1,\"name\":\"Portada\",\"item\":\"https:\\\/\\\/veredes.es\\\/blog\\\/\"},{\"@type\":\"ListItem\",\"position\":2,\"name\":\"El Editor, el Cr\u00edtico, el Te\u00f3rico | Miquel Lacasta\"}]},{\"@type\":\"WebSite\",\"@id\":\"https:\\\/\\\/veredes.es\\\/blog\\\/#website\",\"url\":\"https:\\\/\\\/veredes.es\\\/blog\\\/\",\"name\":\"veredes, arquitectura y divulgaci\u00f3n\",\"description\":\"veredes\",\"publisher\":{\"@id\":\"https:\\\/\\\/veredes.es\\\/blog\\\/#organization\"},\"alternateName\":\"veredes\",\"potentialAction\":[{\"@type\":\"SearchAction\",\"target\":{\"@type\":\"EntryPoint\",\"urlTemplate\":\"https:\\\/\\\/veredes.es\\\/blog\\\/?s={search_term_string}\"},\"query-input\":{\"@type\":\"PropertyValueSpecification\",\"valueRequired\":true,\"valueName\":\"search_term_string\"}}],\"inLanguage\":\"es\"},{\"@type\":\"Organization\",\"@id\":\"https:\\\/\\\/veredes.es\\\/blog\\\/#organization\",\"name\":\"veredes, arquitectura y divulgaci\u00f3n\",\"alternateName\":\"veredes\",\"url\":\"https:\\\/\\\/veredes.es\\\/blog\\\/\",\"logo\":{\"@type\":\"ImageObject\",\"inLanguage\":\"es\",\"@id\":\"https:\\\/\\\/veredes.es\\\/blog\\\/#\\\/schema\\\/logo\\\/image\\\/\",\"url\":\"https:\\\/\\\/veredes.es\\\/blog\\\/wp-content\\\/uploads\\\/2021\\\/12\\\/veredes-logo-centrado_140x54.png\",\"contentUrl\":\"https:\\\/\\\/veredes.es\\\/blog\\\/wp-content\\\/uploads\\\/2021\\\/12\\\/veredes-logo-centrado_140x54.png\",\"width\":140,\"height\":54,\"caption\":\"veredes, arquitectura y divulgaci\u00f3n\"},\"image\":{\"@id\":\"https:\\\/\\\/veredes.es\\\/blog\\\/#\\\/schema\\\/logo\\\/image\\\/\"},\"sameAs\":[\"https:\\\/\\\/www.facebook.com\\\/veredesArquitecturayDivulgacion\\\/\",\"https:\\\/\\\/x.com\\\/veredes\",\"https:\\\/\\\/instagram.com\\\/veredes\\\/\",\"https:\\\/\\\/www.linkedin.com\\\/company\\\/veredes-arquitectura-y-divulgacion\\\/\",\"https:\\\/\\\/es.pinterest.com\\\/veredes\\\/\",\"https:\\\/\\\/www.tumblr.com\\\/veredes\"]},{\"@type\":\"Person\",\"@id\":\"https:\\\/\\\/veredes.es\\\/blog\\\/#\\\/schema\\\/person\\\/11c5393188d51787b8b13761dea40343\",\"name\":\"Miquel Lacasta Codorniu\",\"image\":{\"@type\":\"ImageObject\",\"inLanguage\":\"es\",\"@id\":\"https:\\\/\\\/secure.gravatar.com\\\/avatar\\\/08c0363dcfecc8314962e22fc525294dd6549dd4a7630af6a4f7053ff640935d?s=96&r=g\",\"url\":\"https:\\\/\\\/secure.gravatar.com\\\/avatar\\\/08c0363dcfecc8314962e22fc525294dd6549dd4a7630af6a4f7053ff640935d?s=96&r=g\",\"contentUrl\":\"https:\\\/\\\/secure.gravatar.com\\\/avatar\\\/08c0363dcfecc8314962e22fc525294dd6549dd4a7630af6a4f7053ff640935d?s=96&r=g\",\"caption\":\"Miquel Lacasta Codorniu\"},\"description\":\"Es cofundador en ARCHIKUBIK y tambi\u00e9n en @kubik - espacio multidisciplinario. Obtuvo un Ph.D. con honores (cum laude) en ESARQ Universitat Internacional de Catalunya UIC y tambi\u00e9n fue galardonado con el premio especial Ph.D (UIC 2012), M.arch en ESARQ Universitat Internacional de Catalunya, y se gradu\u00f3 como arquitecto en ETSAB Universitat Polit\u00e8cnica de Catalunya . Miquel es profesor asociado en ESARQ desde 1996. Anteriormente, fue profesor en Elisava y Escola LAI, y tambi\u00e9n en programas de postgrado en ETSAB y La Salle. Fue arquitecto en la oficina de Manuel Brullet desde 1989 desde 1995. Ha sido galardonado en \\\"Taller Barcelona'96. El TGV, una oportunidad por estructurar la periferia \\\". Fue codirector del taller \\\"Territorio Virtual, L\u00edmite Urbano\\\" en ITSEM Guadalajara, M\u00e9xico en 2000 y tambi\u00e9n codirector del taller \\\"Ravalizar Barcelona\\\" en ITSEM Guadalajara, M\u00e9xico, y CCNY, Nueva York, EE. UU. En 2002, 2003 y 2004. Gan\u00f3 el premio A + en 2010 por Sunion School en el Best Educational Building, The International Architecture Award 2008 en The Chicago Athenaeum por Colin's House y el primer premio en Corian Prize en 2006. Su obra ha sido expuesta en Barcelona , Madrid, Florencia, Cannes y en Le Pavillon de l'Arsenal en Par\u00eds. Varias publicaciones han sido reconocidas por su trabajo como Quaderns, ON, Arquitectura Plus, Piso, Arquitectura y Dise\u00f1o, El Pa\u00eds, ABC, La Vanguardia, Clar\u00edn, Sole 24 Ore, y otros. Recientemente realiz\u00f3 conferencias en ITSEM Guadalajara, M\u00e9xico, Facolta di Architettura di l'Alghero, Italia, msa M\u00fcnster School of Architecture, M\u00fcnster Alemania, IBM Think Tank en Par\u00eds, Francia, y varias universidades y organizaciones en Espa\u00f1a. Recientemente fue galardonado con el ZAC RN5 en el concurso Vitry-sur-Seine, un Eco-distrito de 255 residencias sociales y privadas y una residencia de estudiantes en Ivry, y 32 apartamentos asistidos para personas mayores en Olesa de Montserrat.\",\"sameAs\":[\"https:\\\/\\\/axonometrica.wordpress.com\\\/\",\"https:\\\/\\\/www.facebook.com\\\/MikelLacastaCodorniu\",\"https:\\\/\\\/www.instagram.com\\\/mikel3\\\/\",\"https:\\\/\\\/www.linkedin.com\\\/in\\\/miquel-lacasta-profile\\\/\",\"https:\\\/\\\/x.com\\\/https:\\\/\\\/twitter.com\\\/miquelacasta\"],\"url\":\"https:\\\/\\\/veredes.es\\\/blog\\\/author\\\/miquel-lacasta-codorniu\\\/\"}]}<\/script>\n<!-- \/ Yoast SEO plugin. -->","yoast_head_json":{"title":"El Editor, el Cr\u00edtico, el Te\u00f3rico | Miquel Lacasta - veredes","description":"Toda la informaci\u00f3n sobre: El Editor, el Cr\u00edtico, el Te\u00f3rico | Miquel Lacasta","robots":{"index":"index","follow":"follow","max-snippet":"max-snippet:-1","max-image-preview":"max-image-preview:large","max-video-preview":"max-video-preview:-1"},"canonical":"https:\/\/veredes.es\/blog\/el-editor-el-critico-el-teorico-miquel-lacasta\/","og_locale":"es_ES","og_type":"article","og_title":"El Editor, el Cr\u00edtico, el Te\u00f3rico | Miquel Lacasta - veredes","og_description":"Toda la informaci\u00f3n sobre: El Editor, el Cr\u00edtico, el Te\u00f3rico | Miquel Lacasta","og_url":"https:\/\/veredes.es\/blog\/el-editor-el-critico-el-teorico-miquel-lacasta\/","og_site_name":"veredes, arquitectura y divulgaci\u00f3n","article_publisher":"https:\/\/www.facebook.com\/veredesArquitecturayDivulgacion\/","article_author":"https:\/\/www.facebook.com\/MikelLacastaCodorniu","article_published_time":"2021-09-30T22:01:01+00:00","article_modified_time":"2021-10-25T08:16:41+00:00","og_image":[{"width":640,"height":392,"url":"https:\/\/veredes.es\/blog\/wp-content\/uploads\/2021\/07\/El-Editor-el-Critico-el-Teorico-Miquel-Lacasta-Lebbeus-Woods.-Conflict-Space-2006.jpg","type":"image\/jpeg"}],"author":"Miquel Lacasta Codorniu","twitter_card":"summary_large_image","twitter_creator":"@https:\/\/twitter.com\/miquelacasta","twitter_site":"@veredes","twitter_misc":{"Escrito por":"Miquel Lacasta Codorniu","Tiempo de lectura":"5 minutos"},"schema":{"@context":"https:\/\/schema.org","@graph":[{"@type":"Article","@id":"https:\/\/veredes.es\/blog\/el-editor-el-critico-el-teorico-miquel-lacasta\/#article","isPartOf":{"@id":"https:\/\/veredes.es\/blog\/el-editor-el-critico-el-teorico-miquel-lacasta\/"},"author":{"name":"Miquel Lacasta Codorniu","@id":"https:\/\/veredes.es\/blog\/#\/schema\/person\/11c5393188d51787b8b13761dea40343"},"headline":"El Editor, el Cr\u00edtico, el Te\u00f3rico | Miquel Lacasta","datePublished":"2021-09-30T22:01:01+00:00","dateModified":"2021-10-25T08:16:41+00:00","mainEntityOfPage":{"@id":"https:\/\/veredes.es\/blog\/el-editor-el-critico-el-teorico-miquel-lacasta\/"},"wordCount":1063,"commentCount":0,"publisher":{"@id":"https:\/\/veredes.es\/blog\/#organization"},"image":{"@id":"https:\/\/veredes.es\/blog\/el-editor-el-critico-el-teorico-miquel-lacasta\/#primaryimage"},"thumbnailUrl":"https:\/\/veredes.es\/blog\/wp-content\/uploads\/2021\/07\/El-Editor-el-Critico-el-Teorico-Miquel-Lacasta-Lebbeus-Woods.-Conflict-Space-2006.jpg","keywords":["Armen Avanessian","crisis","cr\u00edtica","edici\u00f3n","editorial","Lebbeus Woods","Miquel Lacasta","pensamiento","publicaci\u00f3n","reflexi\u00f3n","teor\u00eda","teor\u00eda e historia"],"articleSection":["faro","slider principal"],"inLanguage":"es","potentialAction":[{"@type":"CommentAction","name":"Comment","target":["https:\/\/veredes.es\/blog\/el-editor-el-critico-el-teorico-miquel-lacasta\/#respond"]}]},{"@type":"WebPage","@id":"https:\/\/veredes.es\/blog\/el-editor-el-critico-el-teorico-miquel-lacasta\/","url":"https:\/\/veredes.es\/blog\/el-editor-el-critico-el-teorico-miquel-lacasta\/","name":"El Editor, el Cr\u00edtico, el Te\u00f3rico | Miquel Lacasta - veredes","isPartOf":{"@id":"https:\/\/veredes.es\/blog\/#website"},"primaryImageOfPage":{"@id":"https:\/\/veredes.es\/blog\/el-editor-el-critico-el-teorico-miquel-lacasta\/#primaryimage"},"image":{"@id":"https:\/\/veredes.es\/blog\/el-editor-el-critico-el-teorico-miquel-lacasta\/#primaryimage"},"thumbnailUrl":"https:\/\/veredes.es\/blog\/wp-content\/uploads\/2021\/07\/El-Editor-el-Critico-el-Teorico-Miquel-Lacasta-Lebbeus-Woods.-Conflict-Space-2006.jpg","datePublished":"2021-09-30T22:01:01+00:00","dateModified":"2021-10-25T08:16:41+00:00","description":"Toda la informaci\u00f3n sobre: El Editor, el Cr\u00edtico, el Te\u00f3rico | Miquel Lacasta","breadcrumb":{"@id":"https:\/\/veredes.es\/blog\/el-editor-el-critico-el-teorico-miquel-lacasta\/#breadcrumb"},"inLanguage":"es","potentialAction":[{"@type":"ReadAction","target":["https:\/\/veredes.es\/blog\/el-editor-el-critico-el-teorico-miquel-lacasta\/"]}]},{"@type":"ImageObject","inLanguage":"es","@id":"https:\/\/veredes.es\/blog\/el-editor-el-critico-el-teorico-miquel-lacasta\/#primaryimage","url":"https:\/\/veredes.es\/blog\/wp-content\/uploads\/2021\/07\/El-Editor-el-Critico-el-Teorico-Miquel-Lacasta-Lebbeus-Woods.-Conflict-Space-2006.jpg","contentUrl":"https:\/\/veredes.es\/blog\/wp-content\/uploads\/2021\/07\/El-Editor-el-Critico-el-Teorico-Miquel-Lacasta-Lebbeus-Woods.-Conflict-Space-2006.jpg","width":640,"height":392,"caption":"Lebbeus Woods. Conflict Space, 2006"},{"@type":"BreadcrumbList","@id":"https:\/\/veredes.es\/blog\/el-editor-el-critico-el-teorico-miquel-lacasta\/#breadcrumb","itemListElement":[{"@type":"ListItem","position":1,"name":"Portada","item":"https:\/\/veredes.es\/blog\/"},{"@type":"ListItem","position":2,"name":"El Editor, el Cr\u00edtico, el Te\u00f3rico | Miquel Lacasta"}]},{"@type":"WebSite","@id":"https:\/\/veredes.es\/blog\/#website","url":"https:\/\/veredes.es\/blog\/","name":"veredes, arquitectura y divulgaci\u00f3n","description":"veredes","publisher":{"@id":"https:\/\/veredes.es\/blog\/#organization"},"alternateName":"veredes","potentialAction":[{"@type":"SearchAction","target":{"@type":"EntryPoint","urlTemplate":"https:\/\/veredes.es\/blog\/?s={search_term_string}"},"query-input":{"@type":"PropertyValueSpecification","valueRequired":true,"valueName":"search_term_string"}}],"inLanguage":"es"},{"@type":"Organization","@id":"https:\/\/veredes.es\/blog\/#organization","name":"veredes, arquitectura y divulgaci\u00f3n","alternateName":"veredes","url":"https:\/\/veredes.es\/blog\/","logo":{"@type":"ImageObject","inLanguage":"es","@id":"https:\/\/veredes.es\/blog\/#\/schema\/logo\/image\/","url":"https:\/\/veredes.es\/blog\/wp-content\/uploads\/2021\/12\/veredes-logo-centrado_140x54.png","contentUrl":"https:\/\/veredes.es\/blog\/wp-content\/uploads\/2021\/12\/veredes-logo-centrado_140x54.png","width":140,"height":54,"caption":"veredes, arquitectura y divulgaci\u00f3n"},"image":{"@id":"https:\/\/veredes.es\/blog\/#\/schema\/logo\/image\/"},"sameAs":["https:\/\/www.facebook.com\/veredesArquitecturayDivulgacion\/","https:\/\/x.com\/veredes","https:\/\/instagram.com\/veredes\/","https:\/\/www.linkedin.com\/company\/veredes-arquitectura-y-divulgacion\/","https:\/\/es.pinterest.com\/veredes\/","https:\/\/www.tumblr.com\/veredes"]},{"@type":"Person","@id":"https:\/\/veredes.es\/blog\/#\/schema\/person\/11c5393188d51787b8b13761dea40343","name":"Miquel Lacasta Codorniu","image":{"@type":"ImageObject","inLanguage":"es","@id":"https:\/\/secure.gravatar.com\/avatar\/08c0363dcfecc8314962e22fc525294dd6549dd4a7630af6a4f7053ff640935d?s=96&r=g","url":"https:\/\/secure.gravatar.com\/avatar\/08c0363dcfecc8314962e22fc525294dd6549dd4a7630af6a4f7053ff640935d?s=96&r=g","contentUrl":"https:\/\/secure.gravatar.com\/avatar\/08c0363dcfecc8314962e22fc525294dd6549dd4a7630af6a4f7053ff640935d?s=96&r=g","caption":"Miquel Lacasta Codorniu"},"description":"Es cofundador en ARCHIKUBIK y tambi\u00e9n en @kubik - espacio multidisciplinario. Obtuvo un Ph.D. con honores (cum laude) en ESARQ Universitat Internacional de Catalunya UIC y tambi\u00e9n fue galardonado con el premio especial Ph.D (UIC 2012), M.arch en ESARQ Universitat Internacional de Catalunya, y se gradu\u00f3 como arquitecto en ETSAB Universitat Polit\u00e8cnica de Catalunya . Miquel es profesor asociado en ESARQ desde 1996. Anteriormente, fue profesor en Elisava y Escola LAI, y tambi\u00e9n en programas de postgrado en ETSAB y La Salle. Fue arquitecto en la oficina de Manuel Brullet desde 1989 desde 1995. Ha sido galardonado en \"Taller Barcelona'96. El TGV, una oportunidad por estructurar la periferia \". Fue codirector del taller \"Territorio Virtual, L\u00edmite Urbano\" en ITSEM Guadalajara, M\u00e9xico en 2000 y tambi\u00e9n codirector del taller \"Ravalizar Barcelona\" en ITSEM Guadalajara, M\u00e9xico, y CCNY, Nueva York, EE. UU. En 2002, 2003 y 2004. Gan\u00f3 el premio A + en 2010 por Sunion School en el Best Educational Building, The International Architecture Award 2008 en The Chicago Athenaeum por Colin's House y el primer premio en Corian Prize en 2006. Su obra ha sido expuesta en Barcelona , Madrid, Florencia, Cannes y en Le Pavillon de l'Arsenal en Par\u00eds. Varias publicaciones han sido reconocidas por su trabajo como Quaderns, ON, Arquitectura Plus, Piso, Arquitectura y Dise\u00f1o, El Pa\u00eds, ABC, La Vanguardia, Clar\u00edn, Sole 24 Ore, y otros. Recientemente realiz\u00f3 conferencias en ITSEM Guadalajara, M\u00e9xico, Facolta di Architettura di l'Alghero, Italia, msa M\u00fcnster School of Architecture, M\u00fcnster Alemania, IBM Think Tank en Par\u00eds, Francia, y varias universidades y organizaciones en Espa\u00f1a. Recientemente fue galardonado con el ZAC RN5 en el concurso Vitry-sur-Seine, un Eco-distrito de 255 residencias sociales y privadas y una residencia de estudiantes en Ivry, y 32 apartamentos asistidos para personas mayores en Olesa de Montserrat.","sameAs":["https:\/\/axonometrica.wordpress.com\/","https:\/\/www.facebook.com\/MikelLacastaCodorniu","https:\/\/www.instagram.com\/mikel3\/","https:\/\/www.linkedin.com\/in\/miquel-lacasta-profile\/","https:\/\/x.com\/https:\/\/twitter.com\/miquelacasta"],"url":"https:\/\/veredes.es\/blog\/author\/miquel-lacasta-codorniu\/"}]}},"_links":{"self":[{"href":"https:\/\/veredes.es\/blog\/wp-json\/wp\/v2\/posts\/84831","targetHints":{"allow":["GET"]}}],"collection":[{"href":"https:\/\/veredes.es\/blog\/wp-json\/wp\/v2\/posts"}],"about":[{"href":"https:\/\/veredes.es\/blog\/wp-json\/wp\/v2\/types\/post"}],"author":[{"embeddable":true,"href":"https:\/\/veredes.es\/blog\/wp-json\/wp\/v2\/users\/32"}],"replies":[{"embeddable":true,"href":"https:\/\/veredes.es\/blog\/wp-json\/wp\/v2\/comments?post=84831"}],"version-history":[{"count":0,"href":"https:\/\/veredes.es\/blog\/wp-json\/wp\/v2\/posts\/84831\/revisions"}],"wp:featuredmedia":[{"embeddable":true,"href":"https:\/\/veredes.es\/blog\/wp-json\/wp\/v2\/media\/84832"}],"wp:attachment":[{"href":"https:\/\/veredes.es\/blog\/wp-json\/wp\/v2\/media?parent=84831"}],"wp:term":[{"taxonomy":"category","embeddable":true,"href":"https:\/\/veredes.es\/blog\/wp-json\/wp\/v2\/categories?post=84831"},{"taxonomy":"post_tag","embeddable":true,"href":"https:\/\/veredes.es\/blog\/wp-json\/wp\/v2\/tags?post=84831"}],"curies":[{"name":"wp","href":"https:\/\/api.w.org\/{rel}","templated":true}]}}