{"id":84669,"date":"2021-08-17T00:01:32","date_gmt":"2021-08-16T22:01:32","guid":{"rendered":"https:\/\/veredes.es\/blog\/?p=84669"},"modified":"2022-05-04T15:14:36","modified_gmt":"2022-05-04T13:14:36","slug":"christo-and-jeanne-claude-40-anniversary-edition","status":"publish","type":"post","link":"https:\/\/veredes.es\/blog\/christo-and-jeanne-claude-40-anniversary-edition\/","title":{"rendered":"Christo and Jeanne-Claude. 40th Anniversary Edition"},"content":{"rendered":"<p style=\"text-align: justify;\">El estudio m\u00e1s exhaustivo hasta la fecha de Christo y Jeanne-Claude, disponible ahora en un volumen compacto. Cientos de fotograf\u00edas y dibujos repasan su inigualable obra y muestran trabajos todav\u00eda en curso, como <em>La Mastaba de Abu Dabi<\/em> y <em>L\u2019Arc de Triomphe Wrapped,<\/em> en Par\u00eds.<\/p>\n<p><img loading=\"lazy\" decoding=\"async\" class=\"alignnone size-full wp-image-84670\" src=\"https:\/\/veredes.es\/blog\/wp-content\/uploads\/2021\/06\/Christo-and-Jeanne-Claude.-40th-Anniversary-Edition.jpg\" alt=\"\" width=\"800\" height=\"1093\" srcset=\"https:\/\/veredes.es\/blog\/wp-content\/uploads\/2021\/06\/Christo-and-Jeanne-Claude.-40th-Anniversary-Edition.jpg 800w, https:\/\/veredes.es\/blog\/wp-content\/uploads\/2021\/06\/Christo-and-Jeanne-Claude.-40th-Anniversary-Edition-220x300.jpg 220w, https:\/\/veredes.es\/blog\/wp-content\/uploads\/2021\/06\/Christo-and-Jeanne-Claude.-40th-Anniversary-Edition-749x1024.jpg 749w\" sizes=\"auto, (max-width: 800px) 100vw, 800px\" \/><\/p>\n<p style=\"text-align: justify;\"><strong>Proyectos temporales, impresiones eternas. <\/strong><strong>El volumen XXL, ahora en un manual compacto<\/strong><br \/>\nLas obras de Christo y Jeanne-Claude son monumentos de la transitoriedad. Realizados a escala gigantesca, siempre son temporales, concebidos para existir durante un tiempo limitado y provocar impresiones \u00fanicas e irrepetibles.<\/p>\n<blockquote>\n<p style=\"text-align: justify;\">\u201cDesde el m\u00e1s peque\u00f1o de los Packages hechos en Par\u00eds a principios de la d\u00e9cada de 1960, hasta el delicado patr\u00f3n formado por cientos de ramas cubiertas con un velo transl\u00facido de tela&#8230; en las obras de Christo y Jeanne-Claude no hay nada abstracto, nada imaginado; todo est\u00e1 all\u00ed: corp\u00f3reo y tangible.\u201d<\/p>\n<p style=\"text-align: right;\">Lorenza Giovanelli<\/p>\n<\/blockquote>\n<p style=\"text-align: justify;\">A medio camino entre la biograf\u00eda, el an\u00e1lisis cr\u00edtico y el cat\u00e1logo, esta edici\u00f3n actualizada recupera la exitosa Edici\u00f3n de Coleccionista de TASCHEN. El volumen abarca la obra completa de Christo y Jeanne-Claude, desde sus primeros dibujos y fotos de familia hasta sus planes para futuros proyectos. Cientos de fotograf\u00edas y dibujos repasan la obra de los dos artistas a lo largo de los \u00faltimos diez a\u00f1os, entre ellos <em>The Floating Piers<\/em> y <em>La mastaba de Londres<\/em>, y trabajos todav\u00eda en curso como<em> La mastaba de Abu Dhabi<\/em> y <em>L\u2019Arc de Triomphe Wrapped <\/em>en Par\u00eds.<\/p>\n<p><img loading=\"lazy\" decoding=\"async\" class=\"alignnone size-full wp-image-84672\" src=\"https:\/\/veredes.es\/blog\/wp-content\/uploads\/2021\/06\/Christo-and-Jeanne-Claude.-40th-Anniversary-Edition.gif\" alt=\"\" width=\"800\" height=\"530\" \/><\/p>\n<p style=\"text-align: justify;\">Junto a la exhaustiva documentaci\u00f3n fotogr\u00e1fica de Wolfgang Volz, este libro es un homenaje a la obra de dos artistas cuya imaginaci\u00f3n ha influido en el paisaje de todos los continentes.<br \/>\nSobre los artistas<\/p>\n<p style=\"text-align: justify;\">Los artistas Christo y Jeanne-Claude, ambos nacidos el 13 de junio de 1935, llevan colaborando desde 1961. Vivieron en Nueva York desde 1964. Jeanne-Claude falleci\u00f3 en 2009. Christo falleci\u00f3 en 2020. Sus proyectos a gran escala incluyen<em> Wrapped Coast<\/em>, Australia, 1968-1969, Valley Curtain, Grand Hogback, Rifle, Colorado, 1970-1972, <em>Running Fence,<\/em> Condados de Sonoma y Marin, California, 1972-1976,<em> Surrounded Islands,<\/em> Bah\u00eda Biscayne, Greater Miami, Florida, 1980-1983, <em>The Pont Neuf Wrapped, Par\u00eds<\/em>, 1975-1985, <em>The Umbrellas,<\/em> Jap\u00f3n-Estados Unidos, 1984-1991, <em>Wrapped Reichstag,<\/em> Berl\u00edn, 1971-1995, Wrapped Trees, Riehen, Suiza, 1997-1998, The Gates, Central Park, Nueva York, 1979-2005, <em>The Floating Piers,<\/em> Lago Iseo, Italia, 2014-2016 y <em>The London Mastaba<\/em>, Serpentine Lake, Hyde Park, 2016-2018. La obra de arte temporal de Christo, <em>L\u2019Arc de Triomphe, Wrapped, Project for Paris,<\/em> est\u00e1 programada para el 18 de septiembre hasta el 3 de octubre de 2021.<\/p>\n<p style=\"text-align: justify;\"><strong>Sobre el fot\u00f3grafo<\/strong><\/p>\n<p style=\"text-align: justify;\">Wolfgang Volz trabaja con Christo y Jeanne-Claude desde 1971 y fue director de proyecto (junto con Roland Specker) en <em>Wrapped Reichstag<\/em> y (junto con Josy Kraft) en <em>Wrapped Trees<\/em>. Ha estado a cargo de<em> The Wall, 13,000 Oil Barrels<\/em>, 1998-99 y<em> Big Air Package, Gasometer Oberhausen<\/em>, 2010-13. Es el fot\u00f3grafo exclusivo de las obras de Christo y Jeanne-Claude. Esta estrecha colaboraci\u00f3n ha dado lugar a numerosos libros y a m\u00e1s de trescientas exposiciones en museos y galer\u00edas de todo el mundo.<\/p>\n<p><iframe style=\"width: 120px; height: 240px;\" src=\"https:\/\/rcm-eu.amazon-adsystem.com\/e\/cm?ref=qf_sp_asin_til&amp;t=veredes-21&amp;m=amazon&amp;o=30&amp;p=8&amp;l=as1&amp;IS2=1&amp;asins=3836580772&amp;linkId=9c5baf26a9f07a2c63b5dfcebe2bcc0e&amp;bc1=000000&amp;lt1=_blank&amp;fc1=333333&amp;lc1=0066c0&amp;bg1=ffffff&amp;f=ifr\" frameborder=\"0\" marginwidth=\"0\" marginheight=\"0\" scrolling=\"no\"> <\/iframe> <iframe style=\"width: 120px; height: 240px;\" src=\"https:\/\/rcm-eu.amazon-adsystem.com\/e\/cm?ref=qf_sp_asin_til&amp;t=veredes-21&amp;m=amazon&amp;o=30&amp;p=8&amp;l=as1&amp;IS2=1&amp;asins=3836501341&amp;linkId=372dc9733d0a5c8be04bbeba94e227dc&amp;bc1=000000&amp;lt1=_blank&amp;fc1=333333&amp;lc1=0066C0&amp;bg1=FFFFFF&amp;f=ifr\" frameborder=\"0\" marginwidth=\"0\" marginheight=\"0\" scrolling=\"no\"> <span data-mce-type=\"bookmark\" style=\"display: inline-block; width: 0px; overflow: hidden; line-height: 0;\" class=\"mce_SELRES_start\">\ufeff<\/span><\/iframe> <iframe style=\"width: 120px; height: 240px;\" src=\"https:\/\/rcm-eu.amazon-adsystem.com\/e\/cm?ref=qf_sp_asin_til&amp;t=veredes-21&amp;m=amazon&amp;o=30&amp;p=8&amp;l=as1&amp;IS2=1&amp;asins=3836564181&amp;linkId=90f3c776ac691731cf800108a23468fa&amp;bc1=000000&amp;lt1=_blank&amp;fc1=333333&amp;lc1=0066C0&amp;bg1=FFFFFF&amp;f=ifr\" frameborder=\"0\" marginwidth=\"0\" marginheight=\"0\" scrolling=\"no\"><span data-mce-type=\"bookmark\" style=\"display: inline-block; width: 0px; overflow: hidden; line-height: 0;\" class=\"mce_SELRES_end\">\ufeff<\/span> <\/iframe> <iframe style=\"width: 120px; height: 240px;\" src=\"https:\/\/rcm-eu.amazon-adsystem.com\/e\/cm?ref=qf_sp_asin_til&amp;t=veredes-21&amp;m=amazon&amp;o=30&amp;p=8&amp;l=as1&amp;IS2=1&amp;asins=3836564394&amp;linkId=365b41a2d39fe49c6cc4eab6bf949139&amp;bc1=000000&amp;lt1=_blank&amp;fc1=333333&amp;lc1=0066C0&amp;bg1=FFFFFF&amp;f=ifr\" frameborder=\"0\" marginwidth=\"0\" marginheight=\"0\" scrolling=\"no\"> <\/iframe> <iframe style=\"width: 120px; height: 240px;\" src=\"https:\/\/rcm-eu.amazon-adsystem.com\/e\/cm?ref=qf_sp_asin_til&amp;t=veredes-21&amp;m=amazon&amp;o=30&amp;p=8&amp;l=as1&amp;IS2=1&amp;asins=8836641253&amp;linkId=fbf6dd8b43dab8226bd37f63d1aea13b&amp;bc1=000000&amp;lt1=_blank&amp;fc1=333333&amp;lc1=0066C0&amp;bg1=FFFFFF&amp;f=ifr\" frameborder=\"0\" marginwidth=\"0\" marginheight=\"0\" scrolling=\"no\"> <\/iframe> <iframe style=\"width: 120px; height: 240px;\" src=\"https:\/\/rcm-eu.amazon-adsystem.com\/e\/cm?ref=qf_sp_asin_til&amp;t=veredes-21&amp;m=amazon&amp;o=30&amp;p=8&amp;l=as1&amp;IS2=1&amp;asins=8809987438&amp;linkId=27ae3fa0e61b6283f1d5c62195f1a66b&amp;bc1=000000&amp;lt1=_blank&amp;fc1=333333&amp;lc1=0066C0&amp;bg1=FFFFFF&amp;f=ifr\" frameborder=\"0\" marginwidth=\"0\" marginheight=\"0\" scrolling=\"no\"> <\/iframe> <iframe style=\"width: 120px; height: 240px;\" src=\"https:\/\/rcm-eu.amazon-adsystem.com\/e\/cm?ref=qf_sp_asin_til&amp;t=veredes-21&amp;m=amazon&amp;o=30&amp;p=8&amp;l=as1&amp;IS2=1&amp;asins=8899509336&amp;linkId=5615994265ff95de7450ee9ff45a1fbf&amp;bc1=000000&amp;lt1=_blank&amp;fc1=333333&amp;lc1=0066C0&amp;bg1=FFFFFF&amp;f=ifr\" frameborder=\"0\" marginwidth=\"0\" marginheight=\"0\" scrolling=\"no\"> <\/iframe> <iframe style=\"width: 120px; height: 240px;\" src=\"https:\/\/rcm-eu.amazon-adsystem.com\/e\/cm?ref=qf_sp_asin_til&amp;t=veredes-21&amp;m=amazon&amp;o=30&amp;p=8&amp;l=as1&amp;IS2=1&amp;asins=8831494406&amp;linkId=a09d502ec24e870b0b2390bfc26a5add&amp;bc1=000000&amp;lt1=_blank&amp;fc1=333333&amp;lc1=0066C0&amp;bg1=FFFFFF&amp;f=ifr\" frameborder=\"0\" marginwidth=\"0\" marginheight=\"0\" scrolling=\"no\"> <\/iframe> <iframe style=\"width: 120px; height: 240px;\" src=\"https:\/\/rcm-eu.amazon-adsystem.com\/e\/cm?ref=qf_sp_asin_til&amp;t=veredes-21&amp;m=amazon&amp;o=30&amp;p=8&amp;l=as1&amp;IS2=1&amp;asins=882290172X&amp;linkId=394b4079183835b68d0cf831ef4159aa&amp;bc1=000000&amp;lt1=_blank&amp;fc1=333333&amp;lc1=0066C0&amp;bg1=FFFFFF&amp;f=ifr\" frameborder=\"0\" marginwidth=\"0\" marginheight=\"0\" scrolling=\"no\"> <span data-mce-type=\"bookmark\" style=\"display: inline-block; width: 0px; overflow: hidden; line-height: 0;\" class=\"mce_SELRES_start\">\ufeff<\/span><\/iframe> <iframe style=\"width: 120px; height: 240px;\" src=\"https:\/\/rcm-eu.amazon-adsystem.com\/e\/cm?ref=qf_sp_asin_til&amp;t=veredes-21&amp;m=amazon&amp;o=30&amp;p=8&amp;l=as1&amp;IS2=1&amp;asins=0500092044&amp;linkId=d0cc716e4af4ffed4146384f923135f1&amp;bc1=000000&amp;lt1=_blank&amp;fc1=333333&amp;lc1=0066c0&amp;bg1=ffffff&amp;f=ifr\" frameborder=\"0\" marginwidth=\"0\" marginheight=\"0\" scrolling=\"no\"> <\/iframe><\/p>\n<p>&nbsp;<\/p>\n","protected":false},"excerpt":{"rendered":"<p>El estudio m\u00e1s exhaustivo hasta la fecha de Christo y Jeanne-Claude, disponible ahora en un volumen compacto. Cientos de fotograf\u00edas y dibujos repasan su inigualable obra y muestran trabajos todav\u00eda en curso, como La Mastaba de Abu Dabi y L\u2019Arc de Triomphe Wrapped, en Par\u00eds. Proyectos temporales, impresiones eternas. El volumen XXL, ahora en un [&hellip;]<\/p>\n","protected":false},"author":2,"featured_media":84670,"comment_status":"open","ping_status":"closed","sticky":false,"template":"","format":"standard","meta":{"footnotes":""},"categories":[794,26],"tags":[12449,155,156,158,7623,15389,424,7513,12460,12205,1120,15390],"class_list":{"0":"post-84669","1":"post","2":"type-post","3":"status-publish","4":"format-standard","5":"has-post-thumbnail","7":"category-libros","8":"category-publicaciones","9":"tag-arte","10":"tag-arte-contemporaneo","11":"tag-arte-urbano","12":"tag-artes-plasticas","13":"tag-biografia","14":"tag-christo-y-jeanne-claude","15":"tag-dibujo","16":"tag-editorial-taschen","17":"tag-fotografia","18":"tag-libro","19":"tag-publicacion","20":"tag-wolfgang-volz"},"yoast_head":"<!-- This site is optimized with the Yoast SEO plugin v27.4 - https:\/\/yoast.com\/product\/yoast-seo-wordpress\/ -->\n<title>Christo and Jeanne-Claude. 40th Anniversary Edition - veredes<\/title>\n<meta name=\"description\" content=\"Toda la informaci\u00f3n sobre: Christo and Jeanne-Claude. 40th Anniversary Edition\" \/>\n<meta name=\"robots\" content=\"index, follow, max-snippet:-1, max-image-preview:large, max-video-preview:-1\" \/>\n<link rel=\"canonical\" href=\"https:\/\/veredes.es\/blog\/christo-and-jeanne-claude-40-anniversary-edition\/\" \/>\n<meta property=\"og:locale\" content=\"es_ES\" \/>\n<meta property=\"og:type\" content=\"article\" \/>\n<meta property=\"og:title\" content=\"Christo and Jeanne-Claude. 40th Anniversary Edition - veredes\" \/>\n<meta property=\"og:description\" content=\"Toda la informaci\u00f3n sobre: Christo and Jeanne-Claude. 40th Anniversary Edition\" \/>\n<meta property=\"og:url\" content=\"https:\/\/veredes.es\/blog\/christo-and-jeanne-claude-40-anniversary-edition\/\" \/>\n<meta property=\"og:site_name\" content=\"veredes, arquitectura y divulgaci\u00f3n\" \/>\n<meta property=\"article:publisher\" content=\"https:\/\/www.facebook.com\/veredesArquitecturayDivulgacion\/\" \/>\n<meta property=\"article:author\" content=\"https:\/\/www.facebook.com\/veredesArquitecturayDivulgacion\/\" \/>\n<meta property=\"article:published_time\" content=\"2021-08-16T22:01:32+00:00\" \/>\n<meta property=\"article:modified_time\" content=\"2022-05-04T13:14:36+00:00\" \/>\n<meta property=\"og:image\" content=\"https:\/\/veredes.es\/blog\/wp-content\/uploads\/2021\/06\/Christo-and-Jeanne-Claude.-40th-Anniversary-Edition.jpg\" \/>\n\t<meta property=\"og:image:width\" content=\"800\" \/>\n\t<meta property=\"og:image:height\" content=\"1093\" \/>\n\t<meta property=\"og:image:type\" content=\"image\/jpeg\" \/>\n<meta name=\"author\" content=\"veredes\" \/>\n<meta name=\"twitter:card\" content=\"summary_large_image\" \/>\n<meta name=\"twitter:creator\" content=\"@https:\/\/twitter.com\/veredes\" \/>\n<meta name=\"twitter:site\" content=\"@veredes\" \/>\n<meta name=\"twitter:label1\" content=\"Escrito por\" \/>\n\t<meta name=\"twitter:data1\" content=\"veredes\" \/>\n\t<meta name=\"twitter:label2\" content=\"Tiempo de lectura\" \/>\n\t<meta name=\"twitter:data2\" content=\"3 minutos\" \/>\n<script type=\"application\/ld+json\" class=\"yoast-schema-graph\">{\"@context\":\"https:\\\/\\\/schema.org\",\"@graph\":[{\"@type\":\"Article\",\"@id\":\"https:\\\/\\\/veredes.es\\\/blog\\\/christo-and-jeanne-claude-40-anniversary-edition\\\/#article\",\"isPartOf\":{\"@id\":\"https:\\\/\\\/veredes.es\\\/blog\\\/christo-and-jeanne-claude-40-anniversary-edition\\\/\"},\"author\":{\"name\":\"veredes\",\"@id\":\"https:\\\/\\\/veredes.es\\\/blog\\\/#\\\/schema\\\/person\\\/0bbb669073ef7faba5168a0844e93d2c\"},\"headline\":\"Christo and Jeanne-Claude. 40th Anniversary Edition\",\"datePublished\":\"2021-08-16T22:01:32+00:00\",\"dateModified\":\"2022-05-04T13:14:36+00:00\",\"mainEntityOfPage\":{\"@id\":\"https:\\\/\\\/veredes.es\\\/blog\\\/christo-and-jeanne-claude-40-anniversary-edition\\\/\"},\"wordCount\":522,\"commentCount\":0,\"publisher\":{\"@id\":\"https:\\\/\\\/veredes.es\\\/blog\\\/#organization\"},\"image\":{\"@id\":\"https:\\\/\\\/veredes.es\\\/blog\\\/christo-and-jeanne-claude-40-anniversary-edition\\\/#primaryimage\"},\"thumbnailUrl\":\"https:\\\/\\\/veredes.es\\\/blog\\\/wp-content\\\/uploads\\\/2021\\\/06\\\/Christo-and-Jeanne-Claude.-40th-Anniversary-Edition.jpg\",\"keywords\":[\"arte\",\"arte contemporaneo\",\"arte urbano\",\"artes pl\u00e1sticas\",\"biografia\",\"Christo y Jeanne-Claude\",\"dibujo\",\"editorial taschen\",\"fotograf\u00eda\",\"libro\",\"publicaci\u00f3n\",\"Wolfgang Volz\"],\"articleSection\":[\"libros\",\"publicaciones\"],\"inLanguage\":\"es\",\"potentialAction\":[{\"@type\":\"CommentAction\",\"name\":\"Comment\",\"target\":[\"https:\\\/\\\/veredes.es\\\/blog\\\/christo-and-jeanne-claude-40-anniversary-edition\\\/#respond\"]}]},{\"@type\":\"WebPage\",\"@id\":\"https:\\\/\\\/veredes.es\\\/blog\\\/christo-and-jeanne-claude-40-anniversary-edition\\\/\",\"url\":\"https:\\\/\\\/veredes.es\\\/blog\\\/christo-and-jeanne-claude-40-anniversary-edition\\\/\",\"name\":\"Christo and Jeanne-Claude. 40th Anniversary Edition - veredes\",\"isPartOf\":{\"@id\":\"https:\\\/\\\/veredes.es\\\/blog\\\/#website\"},\"primaryImageOfPage\":{\"@id\":\"https:\\\/\\\/veredes.es\\\/blog\\\/christo-and-jeanne-claude-40-anniversary-edition\\\/#primaryimage\"},\"image\":{\"@id\":\"https:\\\/\\\/veredes.es\\\/blog\\\/christo-and-jeanne-claude-40-anniversary-edition\\\/#primaryimage\"},\"thumbnailUrl\":\"https:\\\/\\\/veredes.es\\\/blog\\\/wp-content\\\/uploads\\\/2021\\\/06\\\/Christo-and-Jeanne-Claude.-40th-Anniversary-Edition.jpg\",\"datePublished\":\"2021-08-16T22:01:32+00:00\",\"dateModified\":\"2022-05-04T13:14:36+00:00\",\"description\":\"Toda la informaci\u00f3n sobre: Christo and Jeanne-Claude. 40th Anniversary Edition\",\"breadcrumb\":{\"@id\":\"https:\\\/\\\/veredes.es\\\/blog\\\/christo-and-jeanne-claude-40-anniversary-edition\\\/#breadcrumb\"},\"inLanguage\":\"es\",\"potentialAction\":[{\"@type\":\"ReadAction\",\"target\":[\"https:\\\/\\\/veredes.es\\\/blog\\\/christo-and-jeanne-claude-40-anniversary-edition\\\/\"]}]},{\"@type\":\"ImageObject\",\"inLanguage\":\"es\",\"@id\":\"https:\\\/\\\/veredes.es\\\/blog\\\/christo-and-jeanne-claude-40-anniversary-edition\\\/#primaryimage\",\"url\":\"https:\\\/\\\/veredes.es\\\/blog\\\/wp-content\\\/uploads\\\/2021\\\/06\\\/Christo-and-Jeanne-Claude.-40th-Anniversary-Edition.jpg\",\"contentUrl\":\"https:\\\/\\\/veredes.es\\\/blog\\\/wp-content\\\/uploads\\\/2021\\\/06\\\/Christo-and-Jeanne-Claude.-40th-Anniversary-Edition.jpg\",\"width\":800,\"height\":1093},{\"@type\":\"BreadcrumbList\",\"@id\":\"https:\\\/\\\/veredes.es\\\/blog\\\/christo-and-jeanne-claude-40-anniversary-edition\\\/#breadcrumb\",\"itemListElement\":[{\"@type\":\"ListItem\",\"position\":1,\"name\":\"Portada\",\"item\":\"https:\\\/\\\/veredes.es\\\/blog\\\/\"},{\"@type\":\"ListItem\",\"position\":2,\"name\":\"Christo and Jeanne-Claude. 40th Anniversary Edition\"}]},{\"@type\":\"WebSite\",\"@id\":\"https:\\\/\\\/veredes.es\\\/blog\\\/#website\",\"url\":\"https:\\\/\\\/veredes.es\\\/blog\\\/\",\"name\":\"veredes, arquitectura y divulgaci\u00f3n\",\"description\":\"veredes\",\"publisher\":{\"@id\":\"https:\\\/\\\/veredes.es\\\/blog\\\/#organization\"},\"alternateName\":\"veredes\",\"potentialAction\":[{\"@type\":\"SearchAction\",\"target\":{\"@type\":\"EntryPoint\",\"urlTemplate\":\"https:\\\/\\\/veredes.es\\\/blog\\\/?s={search_term_string}\"},\"query-input\":{\"@type\":\"PropertyValueSpecification\",\"valueRequired\":true,\"valueName\":\"search_term_string\"}}],\"inLanguage\":\"es\"},{\"@type\":\"Organization\",\"@id\":\"https:\\\/\\\/veredes.es\\\/blog\\\/#organization\",\"name\":\"veredes, arquitectura y divulgaci\u00f3n\",\"alternateName\":\"veredes\",\"url\":\"https:\\\/\\\/veredes.es\\\/blog\\\/\",\"logo\":{\"@type\":\"ImageObject\",\"inLanguage\":\"es\",\"@id\":\"https:\\\/\\\/veredes.es\\\/blog\\\/#\\\/schema\\\/logo\\\/image\\\/\",\"url\":\"https:\\\/\\\/veredes.es\\\/blog\\\/wp-content\\\/uploads\\\/2021\\\/12\\\/veredes-logo-centrado_140x54.png\",\"contentUrl\":\"https:\\\/\\\/veredes.es\\\/blog\\\/wp-content\\\/uploads\\\/2021\\\/12\\\/veredes-logo-centrado_140x54.png\",\"width\":140,\"height\":54,\"caption\":\"veredes, arquitectura y divulgaci\u00f3n\"},\"image\":{\"@id\":\"https:\\\/\\\/veredes.es\\\/blog\\\/#\\\/schema\\\/logo\\\/image\\\/\"},\"sameAs\":[\"https:\\\/\\\/www.facebook.com\\\/veredesArquitecturayDivulgacion\\\/\",\"https:\\\/\\\/x.com\\\/veredes\",\"https:\\\/\\\/instagram.com\\\/veredes\\\/\",\"https:\\\/\\\/www.linkedin.com\\\/company\\\/veredes-arquitectura-y-divulgacion\\\/\",\"https:\\\/\\\/es.pinterest.com\\\/veredes\\\/\",\"https:\\\/\\\/www.tumblr.com\\\/veredes\"]},{\"@type\":\"Person\",\"@id\":\"https:\\\/\\\/veredes.es\\\/blog\\\/#\\\/schema\\\/person\\\/0bbb669073ef7faba5168a0844e93d2c\",\"name\":\"veredes\",\"image\":{\"@type\":\"ImageObject\",\"inLanguage\":\"es\",\"@id\":\"https:\\\/\\\/veredes.es\\\/blog\\\/wp-content\\\/uploads\\\/2018\\\/04\\\/face-96x96.jpg\",\"url\":\"https:\\\/\\\/veredes.es\\\/blog\\\/wp-content\\\/uploads\\\/2018\\\/04\\\/face-96x96.jpg\",\"contentUrl\":\"https:\\\/\\\/veredes.es\\\/blog\\\/wp-content\\\/uploads\\\/2018\\\/04\\\/face-96x96.jpg\",\"caption\":\"veredes\"},\"description\":\"Surge enero de 2009 como b\u00fasqueda de satisfacer el conocimiento de la actividad arquitect\u00f3nica y tangentes que se generan. La idea es crear un espacio para divulgar los diversos proyectos en busca de nueva inspiraci\u00f3n y de intercambio.\",\"sameAs\":[\"https:\\\/\\\/veredes.es\\\/\",\"https:\\\/\\\/www.facebook.com\\\/veredesArquitecturayDivulgacion\\\/\",\"https:\\\/\\\/www.instagram.com\\\/veredes\\\/\",\"https:\\\/\\\/www.linkedin.com\\\/company\\\/veredes-arquitectura-y-divulgacion\\\/\",\"https:\\\/\\\/www.pinterest.es\\\/veredes\\\/\",\"https:\\\/\\\/x.com\\\/https:\\\/\\\/twitter.com\\\/veredes\",\"https:\\\/\\\/veredes.tumblr.com\\\/\"],\"url\":\"https:\\\/\\\/veredes.es\\\/blog\\\/author\\\/alberto\\\/\"}]}<\/script>\n<!-- \/ Yoast SEO plugin. -->","yoast_head_json":{"title":"Christo and Jeanne-Claude. 40th Anniversary Edition - veredes","description":"Toda la informaci\u00f3n sobre: Christo and Jeanne-Claude. 40th Anniversary Edition","robots":{"index":"index","follow":"follow","max-snippet":"max-snippet:-1","max-image-preview":"max-image-preview:large","max-video-preview":"max-video-preview:-1"},"canonical":"https:\/\/veredes.es\/blog\/christo-and-jeanne-claude-40-anniversary-edition\/","og_locale":"es_ES","og_type":"article","og_title":"Christo and Jeanne-Claude. 40th Anniversary Edition - veredes","og_description":"Toda la informaci\u00f3n sobre: Christo and Jeanne-Claude. 40th Anniversary Edition","og_url":"https:\/\/veredes.es\/blog\/christo-and-jeanne-claude-40-anniversary-edition\/","og_site_name":"veredes, arquitectura y divulgaci\u00f3n","article_publisher":"https:\/\/www.facebook.com\/veredesArquitecturayDivulgacion\/","article_author":"https:\/\/www.facebook.com\/veredesArquitecturayDivulgacion\/","article_published_time":"2021-08-16T22:01:32+00:00","article_modified_time":"2022-05-04T13:14:36+00:00","og_image":[{"width":800,"height":1093,"url":"https:\/\/veredes.es\/blog\/wp-content\/uploads\/2021\/06\/Christo-and-Jeanne-Claude.-40th-Anniversary-Edition.jpg","type":"image\/jpeg"}],"author":"veredes","twitter_card":"summary_large_image","twitter_creator":"@https:\/\/twitter.com\/veredes","twitter_site":"@veredes","twitter_misc":{"Escrito por":"veredes","Tiempo de lectura":"3 minutos"},"schema":{"@context":"https:\/\/schema.org","@graph":[{"@type":"Article","@id":"https:\/\/veredes.es\/blog\/christo-and-jeanne-claude-40-anniversary-edition\/#article","isPartOf":{"@id":"https:\/\/veredes.es\/blog\/christo-and-jeanne-claude-40-anniversary-edition\/"},"author":{"name":"veredes","@id":"https:\/\/veredes.es\/blog\/#\/schema\/person\/0bbb669073ef7faba5168a0844e93d2c"},"headline":"Christo and Jeanne-Claude. 40th Anniversary Edition","datePublished":"2021-08-16T22:01:32+00:00","dateModified":"2022-05-04T13:14:36+00:00","mainEntityOfPage":{"@id":"https:\/\/veredes.es\/blog\/christo-and-jeanne-claude-40-anniversary-edition\/"},"wordCount":522,"commentCount":0,"publisher":{"@id":"https:\/\/veredes.es\/blog\/#organization"},"image":{"@id":"https:\/\/veredes.es\/blog\/christo-and-jeanne-claude-40-anniversary-edition\/#primaryimage"},"thumbnailUrl":"https:\/\/veredes.es\/blog\/wp-content\/uploads\/2021\/06\/Christo-and-Jeanne-Claude.-40th-Anniversary-Edition.jpg","keywords":["arte","arte contemporaneo","arte urbano","artes pl\u00e1sticas","biografia","Christo y Jeanne-Claude","dibujo","editorial taschen","fotograf\u00eda","libro","publicaci\u00f3n","Wolfgang Volz"],"articleSection":["libros","publicaciones"],"inLanguage":"es","potentialAction":[{"@type":"CommentAction","name":"Comment","target":["https:\/\/veredes.es\/blog\/christo-and-jeanne-claude-40-anniversary-edition\/#respond"]}]},{"@type":"WebPage","@id":"https:\/\/veredes.es\/blog\/christo-and-jeanne-claude-40-anniversary-edition\/","url":"https:\/\/veredes.es\/blog\/christo-and-jeanne-claude-40-anniversary-edition\/","name":"Christo and Jeanne-Claude. 40th Anniversary Edition - veredes","isPartOf":{"@id":"https:\/\/veredes.es\/blog\/#website"},"primaryImageOfPage":{"@id":"https:\/\/veredes.es\/blog\/christo-and-jeanne-claude-40-anniversary-edition\/#primaryimage"},"image":{"@id":"https:\/\/veredes.es\/blog\/christo-and-jeanne-claude-40-anniversary-edition\/#primaryimage"},"thumbnailUrl":"https:\/\/veredes.es\/blog\/wp-content\/uploads\/2021\/06\/Christo-and-Jeanne-Claude.-40th-Anniversary-Edition.jpg","datePublished":"2021-08-16T22:01:32+00:00","dateModified":"2022-05-04T13:14:36+00:00","description":"Toda la informaci\u00f3n sobre: Christo and Jeanne-Claude. 40th Anniversary Edition","breadcrumb":{"@id":"https:\/\/veredes.es\/blog\/christo-and-jeanne-claude-40-anniversary-edition\/#breadcrumb"},"inLanguage":"es","potentialAction":[{"@type":"ReadAction","target":["https:\/\/veredes.es\/blog\/christo-and-jeanne-claude-40-anniversary-edition\/"]}]},{"@type":"ImageObject","inLanguage":"es","@id":"https:\/\/veredes.es\/blog\/christo-and-jeanne-claude-40-anniversary-edition\/#primaryimage","url":"https:\/\/veredes.es\/blog\/wp-content\/uploads\/2021\/06\/Christo-and-Jeanne-Claude.-40th-Anniversary-Edition.jpg","contentUrl":"https:\/\/veredes.es\/blog\/wp-content\/uploads\/2021\/06\/Christo-and-Jeanne-Claude.-40th-Anniversary-Edition.jpg","width":800,"height":1093},{"@type":"BreadcrumbList","@id":"https:\/\/veredes.es\/blog\/christo-and-jeanne-claude-40-anniversary-edition\/#breadcrumb","itemListElement":[{"@type":"ListItem","position":1,"name":"Portada","item":"https:\/\/veredes.es\/blog\/"},{"@type":"ListItem","position":2,"name":"Christo and Jeanne-Claude. 40th Anniversary Edition"}]},{"@type":"WebSite","@id":"https:\/\/veredes.es\/blog\/#website","url":"https:\/\/veredes.es\/blog\/","name":"veredes, arquitectura y divulgaci\u00f3n","description":"veredes","publisher":{"@id":"https:\/\/veredes.es\/blog\/#organization"},"alternateName":"veredes","potentialAction":[{"@type":"SearchAction","target":{"@type":"EntryPoint","urlTemplate":"https:\/\/veredes.es\/blog\/?s={search_term_string}"},"query-input":{"@type":"PropertyValueSpecification","valueRequired":true,"valueName":"search_term_string"}}],"inLanguage":"es"},{"@type":"Organization","@id":"https:\/\/veredes.es\/blog\/#organization","name":"veredes, arquitectura y divulgaci\u00f3n","alternateName":"veredes","url":"https:\/\/veredes.es\/blog\/","logo":{"@type":"ImageObject","inLanguage":"es","@id":"https:\/\/veredes.es\/blog\/#\/schema\/logo\/image\/","url":"https:\/\/veredes.es\/blog\/wp-content\/uploads\/2021\/12\/veredes-logo-centrado_140x54.png","contentUrl":"https:\/\/veredes.es\/blog\/wp-content\/uploads\/2021\/12\/veredes-logo-centrado_140x54.png","width":140,"height":54,"caption":"veredes, arquitectura y divulgaci\u00f3n"},"image":{"@id":"https:\/\/veredes.es\/blog\/#\/schema\/logo\/image\/"},"sameAs":["https:\/\/www.facebook.com\/veredesArquitecturayDivulgacion\/","https:\/\/x.com\/veredes","https:\/\/instagram.com\/veredes\/","https:\/\/www.linkedin.com\/company\/veredes-arquitectura-y-divulgacion\/","https:\/\/es.pinterest.com\/veredes\/","https:\/\/www.tumblr.com\/veredes"]},{"@type":"Person","@id":"https:\/\/veredes.es\/blog\/#\/schema\/person\/0bbb669073ef7faba5168a0844e93d2c","name":"veredes","image":{"@type":"ImageObject","inLanguage":"es","@id":"https:\/\/veredes.es\/blog\/wp-content\/uploads\/2018\/04\/face-96x96.jpg","url":"https:\/\/veredes.es\/blog\/wp-content\/uploads\/2018\/04\/face-96x96.jpg","contentUrl":"https:\/\/veredes.es\/blog\/wp-content\/uploads\/2018\/04\/face-96x96.jpg","caption":"veredes"},"description":"Surge enero de 2009 como b\u00fasqueda de satisfacer el conocimiento de la actividad arquitect\u00f3nica y tangentes que se generan. La idea es crear un espacio para divulgar los diversos proyectos en busca de nueva inspiraci\u00f3n y de intercambio.","sameAs":["https:\/\/veredes.es\/","https:\/\/www.facebook.com\/veredesArquitecturayDivulgacion\/","https:\/\/www.instagram.com\/veredes\/","https:\/\/www.linkedin.com\/company\/veredes-arquitectura-y-divulgacion\/","https:\/\/www.pinterest.es\/veredes\/","https:\/\/x.com\/https:\/\/twitter.com\/veredes","https:\/\/veredes.tumblr.com\/"],"url":"https:\/\/veredes.es\/blog\/author\/alberto\/"}]}},"_links":{"self":[{"href":"https:\/\/veredes.es\/blog\/wp-json\/wp\/v2\/posts\/84669","targetHints":{"allow":["GET"]}}],"collection":[{"href":"https:\/\/veredes.es\/blog\/wp-json\/wp\/v2\/posts"}],"about":[{"href":"https:\/\/veredes.es\/blog\/wp-json\/wp\/v2\/types\/post"}],"author":[{"embeddable":true,"href":"https:\/\/veredes.es\/blog\/wp-json\/wp\/v2\/users\/2"}],"replies":[{"embeddable":true,"href":"https:\/\/veredes.es\/blog\/wp-json\/wp\/v2\/comments?post=84669"}],"version-history":[{"count":0,"href":"https:\/\/veredes.es\/blog\/wp-json\/wp\/v2\/posts\/84669\/revisions"}],"wp:featuredmedia":[{"embeddable":true,"href":"https:\/\/veredes.es\/blog\/wp-json\/wp\/v2\/media\/84670"}],"wp:attachment":[{"href":"https:\/\/veredes.es\/blog\/wp-json\/wp\/v2\/media?parent=84669"}],"wp:term":[{"taxonomy":"category","embeddable":true,"href":"https:\/\/veredes.es\/blog\/wp-json\/wp\/v2\/categories?post=84669"},{"taxonomy":"post_tag","embeddable":true,"href":"https:\/\/veredes.es\/blog\/wp-json\/wp\/v2\/tags?post=84669"}],"curies":[{"name":"wp","href":"https:\/\/api.w.org\/{rel}","templated":true}]}}