{"id":84282,"date":"2021-04-23T00:01:14","date_gmt":"2021-04-22T22:01:14","guid":{"rendered":"https:\/\/veredes.es\/blog\/?p=84282"},"modified":"2022-07-30T10:14:22","modified_gmt":"2022-07-30T08:14:22","slug":"dia-internacional-del-libro-2021","status":"publish","type":"post","link":"https:\/\/veredes.es\/blog\/dia-internacional-del-libro-2021\/","title":{"rendered":"D\u00eda Internacional del Libro 2021"},"content":{"rendered":"<p><img loading=\"lazy\" decoding=\"async\" class=\"alignnone size-full wp-image-84285\" src=\"https:\/\/veredes.es\/blog\/wp-content\/uploads\/2021\/04\/veredes-diadelibro2021.jpg\" alt=\"\" width=\"1080\" height=\"1080\" srcset=\"https:\/\/veredes.es\/blog\/wp-content\/uploads\/2021\/04\/veredes-diadelibro2021.jpg 1080w, https:\/\/veredes.es\/blog\/wp-content\/uploads\/2021\/04\/veredes-diadelibro2021-300x300.jpg 300w, https:\/\/veredes.es\/blog\/wp-content\/uploads\/2021\/04\/veredes-diadelibro2021-1024x1024.jpg 1024w, https:\/\/veredes.es\/blog\/wp-content\/uploads\/2021\/04\/veredes-diadelibro2021-120x120.jpg 120w, https:\/\/veredes.es\/blog\/wp-content\/uploads\/2021\/04\/veredes-diadelibro2021-150x150.jpg 150w\" sizes=\"auto, (max-width: 1080px) 100vw, 1080px\" \/><\/p>\n<p style=\"text-align: justify;\"><span lang=\"CA\">Para celebrar el <strong>D\u00eda Internacional del Libro <\/strong>desde <em>veredes, arquitectura y divulgaci\u00f3n<\/em> queremos repasar las publicaciones realizadas para que puedas recordarlas y rese\u00f1ar aquellas que hayas le\u00eddo o te interesar\u00eda leer. Esperamos que as\u00ed este periodo que nos ha tocado vivir sea m\u00e1s llevadero.<\/span><\/p>\n<p>Sin pre\u00e1mbulos os dejamos las 30 publicaciones seleccionadas, como se suele decir <em>ni son todos los que est\u00e1n, ni est\u00e1n todos los que son<\/em>:<\/p>\n<p style=\"text-align: justify; padding-left: 40px;\"><a href=\"https:\/\/veredes.es\/blog\/ya-no-hay-hombres-que-maten-dragones-y-otros-cuentos-surrealistas\/\" target=\"_blank\" rel=\"noopener\">1. Ya no hay hombres que maten dragones y otros cuentos surrealistas. Cristina Garc\u00eda-Rosales<\/a><br \/>\n<a href=\"https:\/\/veredes.es\/blog\/sin-prejuicios-escritos-sobre-arquitectura-arte-cine-jardines-y-otros-recuerdos-2\/\" target=\"_blank\" rel=\"noopener\">2. Sin prejuicios. Escritos sobre arquitectura, arte, cine, jardines y otros recuerdos. Arturo Franco D\u00edaz<\/a><br \/>\n<a href=\"https:\/\/veredes.es\/blog\/open-espacio-tiempo-informacion-arquitectura-vivienda-y-ciudad-contemporanea-teoria-e-historia-de-un-cambio\/\" target=\"_blank\" rel=\"noopener\">3. OPEN. Espacio Tiempo Informaci\u00f3n Arquitectura. Vivienda y ciudad contempor\u00e1nea. Teor\u00eda e historia de un cambio. Manuel Gausa<\/a><br \/>\n<a href=\"https:\/\/veredes.es\/blog\/radical-architecture-of-the-future-beatricegalilee\/\" target=\"_blank\" rel=\"noopener\">4. Radical Architecture of the future. Beatrice Galilee<\/a><br \/>\n<a href=\"https:\/\/veredes.es\/blog\/coleccion-completa-de-la-revista-bauhaus\/\" target=\"_blank\" rel=\"noopener\">5. Colecci\u00f3n completa de la Revista Bauhaus<\/a><br \/>\n<a href=\"https:\/\/veredes.es\/blog\/coleccion-completa-de-revista-die-form-la-forma\/\" target=\"_blank\" rel=\"noopener\">6. Colecci\u00f3n completa de la Revista Die Form (La Forma)<\/a><br \/>\n<a href=\"https:\/\/veredes.es\/blog\/el-mediterraneo-inventado-un-archipielago-arquitectonico-en-la-espana-del-siglo-xx-2\/\" target=\"_blank\" rel=\"noopener\">7. El Mediterr\u00e1neo inventado. Un archipi\u00e9lago arquitect\u00f3nico en la Espa\u00f1a del siglo XX. Antonio Pizza<\/a><br \/>\n<a href=\"https:\/\/veredes.es\/blog\/ciudad-abierta-repensando-la-ciudad-postindustrial\/\" target=\"_blank\" rel=\"noopener\">8. Ciudad Abierta. Re-pensando la ciudad postindustrial. Almudena Ribot,Bego\u00f1a de Abajo Castrillo, Diego Garc\u00eda-Seti\u00e9n Perol, Enrique Espinosa P\u00e9rez, Gaizka Altuna<\/a><br \/>\n<a href=\"https:\/\/veredes.es\/blog\/curriculum-aprendizaje-y-experiencia-en-espana-de-la-nueva-arquitectura-americana\/\" target=\"_blank\" rel=\"noopener\">9. Curriculum. Aprendizaje y experiencia en Espa\u00f1a de la nueva arquitectura americana.<\/a><br \/>\n<a href=\"https:\/\/veredes.es\/blog\/revista-engawa-26\/\" target=\"_blank\" rel=\"noopener\">10. e n g a w a # 26<\/a><br \/>\n<a href=\"https:\/\/veredes.es\/blog\/estructuras-vistas-ocultas-e-ilusorias-lecciones-de-la-historia-en-obra-de-mies-van-der-rohe\/\" target=\"_blank\" rel=\"noopener\">11. Estructuras vistas, ocultas e ilusorias. Lecciones de la historia en la obra de Mies van der Rohe<\/a><br \/>\n<a href=\"https:\/\/veredes.es\/blog\/vad-04-los-secundarios\/\" target=\"_blank\" rel=\"noopener\">12. VAD 04. Los secundarios<\/a><br \/>\n<a href=\"https:\/\/veredes.es\/blog\/coleccion-completa-de-la-revista-archigram\/\" target=\"_blank\" rel=\"noopener\">13. Colecci\u00f3n completa de la Revista Archigram<\/a><br \/>\n<a href=\"https:\/\/veredes.es\/blog\/vivir-en-las-montanas-phaidon\/\" target=\"_blank\" rel=\"noopener\">14. Vivir en las Monta\u00f1as<\/a><br \/>\n<a href=\"https:\/\/veredes.es\/blog\/conversaciones-y-alusiones-enric-miralles\/\" target=\"_blank\" rel=\"noopener\">15. Conversaciones y alusiones: Enric Miralles. Catherine Spellman<\/a><br \/>\n<a href=\"https:\/\/veredes.es\/blog\/habitar-el-agua-la-colonizacion-en-la-espana-del-s-xx\/\" target=\"_blank\" rel=\"noopener\">16. Habitar el agua. La colonizaci\u00f3n en la Espa\u00f1a del siglo XX. Ana Amado |Andr\u00e9s Pati\u00f1o<\/a><br \/>\n<a href=\"https:\/\/veredes.es\/blog\/coleccion-completa-de-la-revista-g-material-zur-elementaren-gestaltung\/\" target=\"_blank\" rel=\"noopener\">17. Colecci\u00f3n completa de la revista G: Material zur elementaren Gestaltung<\/a><br \/>\n<a href=\"https:\/\/veredes.es\/blog\/materialising-colour-journeys-giulio-ridolfo\/\" target=\"_blank\" rel=\"noopener\">18. Materialising Colour. Giulio Ridolfo<\/a><br \/>\n<a href=\"https:\/\/veredes.es\/blog\/engawa-25\/\" target=\"_blank\" rel=\"noopener\">19. e n g a w a # 25<\/a><br \/>\n<a href=\"https:\/\/veredes.es\/blog\/engawa-24\/\" target=\"_blank\" rel=\"noopener\">20. e n g a w a # 24<\/a><br \/>\n<a href=\"https:\/\/veredes.es\/blog\/vad-03-el-orden\/\" target=\"_blank\" rel=\"noopener\">21. Manifiesto arquitect\u00f3nico paso a paso. Un ensayo sobre la arquitectura contempor\u00e1nea a trav\u00e9s de las iglesias. David Garc\u00eda-Asenjo<\/a><br \/>\n<a href=\"https:\/\/veredes.es\/blog\/coleccion-completa-de-revista-ca-sovremennaya-arkhitektura-%d1%81%d0%be%d0%b2%d1%80%d0%b5%d0%bc%d0%b5%d0%bd%d0%bd%d0%b0%d1%8f-a%d1%80%d1%85%d0%b8%d1%82%d0%b5%d0%ba%d1%82%d1%83%d1%80%d0%b0\/\" target=\"_blank\" rel=\"noopener\">22. Colecci\u00f3n completa de la Revista CA Sovremennaya arkhitektura [\u0421\u043e\u0432\u0440\u0435\u043c\u0435\u043d\u043d\u0430\u044f A\u0440\u0445\u0438\u0442\u0435\u043a\u0442\u0443\u0440\u0430]<\/a><br \/>\n<a href=\"https:\/\/veredes.es\/blog\/vad-03-el-orden\/\" target=\"_blank\" rel=\"noopener\">23. VAD 03. El orden<\/a><br \/>\n<a href=\"https:\/\/veredes.es\/blog\/arquitectura-religiosa-siglo-xxi-en-espana\/\" target=\"_blank\" rel=\"noopener\">24. Arquitectura religiosa del siglo XXI en Espa\u00f1a. Esteban Fern\u00e1ndez-Cobi\u00e1n<\/a><br \/>\n<a href=\"https:\/\/veredes.es\/blog\/coleccion-completa-de-la-revista-larchitecture-vivante-1923-32\/\" target=\"_blank\" rel=\"noopener\">25. Colecci\u00f3n completa de la revista L\u2019Architecture Vivante (1923-1932)<\/a><br \/>\n<a href=\"https:\/\/veredes.es\/blog\/coleccion-completa-de-la-revista-ac-documentos-de-actividad-contemporanea-1931-37\/\" target=\"_blank\" rel=\"noopener\">26. Colecci\u00f3n completa de la revista AC. Documentos de actividad contempor\u00e1nea (1931-37)<\/a><br \/>\n<a href=\"https:\/\/veredes.es\/blog\/coleccion-completa-de-la-revista-lesprit-nouveau-1920-25\/\" target=\"_blank\" rel=\"noopener\">27. Colecci\u00f3n completa de la revista L\u2019Esprit Nouveau (1920-1925)<\/a><br \/>\n<a href=\"https:\/\/veredes.es\/blog\/el-poder-de-lo-tek-estudio-global-de-las-innovaciones-arquitectonicas-indigenas\/\" target=\"_blank\" rel=\"noopener\">28. El poder de Lo\u2014TEK. Un estudio global de las innovaciones arquitect\u00f3nicas ind\u00edgenas. Julia Watson<\/a><br \/>\n<a href=\"https:\/\/veredes.es\/blog\/coleccion-completa-de-revista-holandesa-wendingen-1918-32\/\" target=\"_blank\" rel=\"noopener\">29. Colecci\u00f3n completa de la revista holandesa Wendingen 1918-32<\/a><br \/>\n<a href=\"https:\/\/veredes.es\/blog\/living-on-vacation-contemporary-houses-for-tranquil-living\/\" target=\"_blank\" rel=\"noopener\">30. Living on Vacation: Contemporary Houses for Tranquil Living<\/a><br \/>\n<a href=\"https:\/\/veredes.es\/blog\/interiors-the-greatest-rooms-of-the-century-2\/\" target=\"_blank\" rel=\"noopener\">31. Interiors: The Greatest Rooms of the Century<\/a><\/p>\n<p>\u00a1Feliz <span lang=\"CA\"><strong>D\u00eda Internacional del Libro<\/strong>!\u00a1Esperamos vuestras recomendaciones e impresiones.!<\/span><\/p>\n","protected":false},"excerpt":{"rendered":"<p>Para celebrar el D\u00eda Internacional del Libro desde veredes, arquitectura y divulgaci\u00f3n queremos repasar las publicaciones realizadas para que puedas recordarlas y rese\u00f1ar aquellas que hayas le\u00eddo o te interesar\u00eda leer. Esperamos que as\u00ed este periodo que nos ha tocado vivir sea m\u00e1s llevadero. Sin pre\u00e1mbulos os dejamos las 30 publicaciones seleccionadas, como se suele [&hellip;]<\/p>\n","protected":false},"author":2,"featured_media":84285,"comment_status":"open","ping_status":"closed","sticky":false,"template":"","format":"standard","meta":{"footnotes":""},"categories":[794,26,28],"tags":[14698,3149,14702,12273,3428,14784,15076,10805,14787,14713,15077,12740,8173,95,7297,13331,15234,8415,5791,6993,13386,13055,7941,3745,11397,14622,14740,13961,8626,12278,14091,14838,2696,10443,4024,120,12181,11184,12448,6553,6267,9901,143,2539,2631,7446,6657,147,6666,149,6145,13212,2556,7934,3248,150,12640,7846,12449,155,158,1769,9809,6474,160,2330,9080,6340,8298,14626,15086,3503,199,15233,15167,13329,1560,10864,10644,14612,13087,15035,9867,7923,3501,15158,14620,1518,15007,14790,1521,14714,14701,12471,4396,318,319,3344,11371,6917,15171,14679,14614,13327,3632,15146,339,341,4882,4626,346,348,7121,367,4546,388,3380,393,7214,10393,10797,13129,14043,7533,14619,15238,14795,13852,3032,5105,415,5849,3740,11803,426,5222,1735,8505,12470,4503,430,431,432,2397,6714,9387,2779,10300,7513,11998,10819,3030,3165,15174,15005,4915,14717,4682,6593,14621,15172,15081,3333,13330,15235,12467,486,12458,5139,14718,15010,14741,508,510,513,1848,521,14629,14712,2375,12694,531,3291,4804,556,557,558,5885,15162,8862,5442,9038,12502,14628,12460,15179,14792,14799,13853,6304,605,15239,3193,14719,9235,3170,9326,2027,13328,625,12287,14613,15177,5777,14616,14756,1532,14618,636,3204,12676,13959,659,660,1876,4931,14736,12609,14695,2817,15008,15269,15011,15182,668,14759,14696,691,5206,14720,1749,15175,4285,737,3089,9590,3091,14791,14677,14815,14757,749,5286,15163,8721,15083,13341,3169,12777,14716,15160,12991,15240,13855,15084,14796,8082,3028,15237,10562,8377,14789,14814,14813,15161,8081,8912,3653,10689,3952,3036,4164,14793,15082,13854,9944,12882,14675,14676,15236,14839,11750,14624,14623,9283,15014,14737,14758,14699,6637,14812,14733,4827,885,2569,785,789,12205,2132,15178,15168,13851,14734,3533,15170,3849,815,4227,2812,14019,15165,11426,15271,14810,832,4985,14840,14785,11385,13315,15085,15164,5988,7782,13858,847,856,859,14788,8321,865,12553,11421,3327,10392,7536,4522,877,7454,8177,8668,15080,8398,898,3984,918,13144,15087,920,14739,3033,14794,13960,8135,15157,941,14627,10668,949,14797,15034,14811,8458,15009,14721,6305,15181,14722,9654,14723,14724,8181,6302,977,9160,14160,12463,1004,13857,7335,6869,13856,2901,1021,15004,12313,2750,1726,15079,14678,14615,4390,12466,2675,1120,6194,15180,1130,14800,15176,15166,12695,15169,14735,1865,7524,1173,14731,7925,14700,7938,14066,14697,10519,13057,14801,7535,14715,6300,10070,4444,5194,13859,8119,15159,1206,1210,12748,14798,15173,1223,11986,1241,12469,15270,14725,12372,15033,3311,1278,2048,15006,1286,1288,4654,1289,4673,1298,14742,1315,7456,4715,12468,1908,6605,3798,1335,5153,13460,14738,12465,12455,14726,15012,3615,15013,7534,8175,14732,14617,13825,14680],"class_list":{"0":"post-84282","1":"post","2":"type-post","3":"status-publish","4":"format-standard","5":"has-post-thumbnail","7":"category-libros","8":"category-publicaciones","9":"category-revistas","10":"tag-a-c-documentos-de-actividad-contemporanea","11":"tag-agi-architects","12":"tag-albert-morance","13":"tag-alberto-alonso-oro","14":"tag-alberto-campo-baeza","15":"tag-alberto-garcia-samaniego-rey","16":"tag-alberto-morell-sixto","17":"tag-alberto-twose","18":"tag-alegria-colon-mur","19":"tag-alejandro-beautell","20":"tag-alejandro-cervilla-garcia","21":"tag-alejandro-perez-garcia","22":"tag-aleksandr-mijailovich-rodchenko","23":"tag-alemania","24":"tag-alexander-vesnin","25":"tag-almudena-ribot","26":"tag-amateur-architecture-studio","27":"tag-amedee-ozenfant","28":"tag-ana-amado","29":"tag-ana-gonzalez-gil","30":"tag-ana-mombiedro","31":"tag-ana-ma-miguel-quesada","32":"tag-ana-roman","33":"tag-andres-jaque","34":"tag-andres-patino-eirin","35":"tag-anouska-hempel","36":"tag-antoine-pevsner","37":"tag-anton-mikhailovich-lavinsky","38":"tag-antonio-fernandez-alba","39":"tag-antonio-giraldez-lopez","40":"tag-antonio-miro","41":"tag-antonio-pennacchi","42":"tag-antonio-pernas-varela","43":"tag-antonio-pizza","44":"tag-antonio-s-rio-vazquez","45":"tag-archigram","46":"tag-arquitasa","47":"tag-arquitectos-y-cineastas","48":"tag-arquitectura","49":"tag-arquitectura-alemana","50":"tag-arquitectura-catalana","51":"tag-arquitectura-constructivista","52":"tag-arquitectura-contemporanea","54":"tag-arquitectura-espanola","55":"tag-arquitectura-inglesa","56":"tag-arquitectura-italiana","57":"tag-arquitectura-moderna","58":"tag-arquitectura-racionalista","59":"tag-arquitectura-religiosa","60":"tag-arquitectura-rusa","61":"tag-arquitectura-socialista","62":"tag-arquitectura-sostenible","63":"tag-arquitectura-sovietica","64":"tag-arquitectura-textil","65":"tag-arquitectura-tradicional","66":"tag-art-deco","67":"tag-art-nouveau","68":"tag-arte","69":"tag-arte-contemporaneo","70":"tag-artes-plasticas","71":"tag-artesania","72":"tag-arthur-schopenhauer","73":"tag-articulo","74":"tag-artista","75":"tag-arturo-franco-diaz","76":"tag-asemas","77":"tag-atelier-bow-wow","78":"tag-auguste-perret","79":"tag-australia","80":"tag-barbara-stallone","81":"tag-basurama","82":"tag-bauhaus","83":"tag-beatrice-galilee","84":"tag-beatriz-s-gonzalez-jimenez","85":"tag-begona-de-abajo-castrillo","86":"tag-benedetta-tagliabue","87":"tag-bibliotheque-kandinsky","88":"tag-big","89":"tag-bill-blass","90":"tag-bisman-ediciones","91":"tag-bohlin-cywinski","92":"tag-carles-muro","93":"tag-carlos-cachon","94":"tag-carlos-ferrater-lambarri","95":"tag-carlos-penate-vera","96":"tag-carolina-irving","97":"tag-cataluna","98":"tag-catherine-spellman","99":"tag-cecilia-lopez-prego","100":"tag-cedric-price","101":"tag-cherrez-y-cantera","102":"tag-christian-zervos","103":"tag-cine","104":"tag-cineastas","105":"tag-ciudad","106":"tag-ciudad-contemporanea","107":"tag-ciudad-ideal","108":"tag-ciudad-industrial","109":"tag-ciudad-sostenible","110":"tag-clara-gonzalez-gil","111":"tag-claudine-eriksson","112":"tag-coco-chanel","113":"tag-colab","114":"tag-coleccion","115":"tag-coleccion-sin-prejuicios","116":"tag-collage","117":"tag-colonia","118":"tag-color","119":"tag-columbia-university","120":"tag-comic","121":"tag-comisario","122":"tag-composicion","123":"tag-constructivismo","124":"tag-constructivismo-ruso","125":"tag-crear","126":"tag-cristina-garcia-rosales","127":"tag-critica","128":"tag-cubismo","129":"tag-daniel-gimeno","130":"tag-dario-mateo","131":"tag-david-adjaye","132":"tag-david-garcia-asenjo","133":"tag-david-greene","134":"tag-david-netto","135":"tag-david-oreilly","136":"tag-david-v-martinez-villaescusa","137":"tag-davide-masserini","138":"tag-de-stijl","139":"tag-dennis-crompton","140":"tag-desarrollo","141":"tag-desarrollo-sustentable","142":"tag-desarrollo-urbano","143":"tag-diego-garcia-setien-perol","144":"tag-difusion","145":"tag-diller-scofidio-renfro","146":"tag-disenador","147":"tag-disenador-industrial","148":"tag-diseno","149":"tag-diseno-de-mobiliario","150":"tag-diseno-grafico","151":"tag-diseno-industrial","152":"tag-diseno-interiores","153":"tag-diseno-sostenible","154":"tag-divulgacion","155":"tag-ediciones-asimetricas","156":"tag-editorial-actar","157":"tag-editorial-phaidon","158":"tag-editorial-taschen","159":"tag-editorial-turner-publicaciones","160":"tag-eduardo-almale","161":"tag-eduardo-delgado-orusco","162":"tag-eileen-gray","163":"tag-ekain-jimenez-valencia","164":"tag-elena-canovas","165":"tag-elena-rocchi","166":"tag-elesio-gaton","167":"tag-elias-torres","168":"tag-elisa-valero","169":"tag-elsie-de-wolfe","170":"tag-emilio-moya-lledos","171":"tag-emilio-peamjean","172":"tag-enric-miralles","173":"tag-enrique-espinosa-perez","174":"tag-ensamble-studio","175":"tag-ensayo","176":"tag-equipamiento","177":"tag-equipamiento-religioso","178":"tag-erich-mendelsohn","179":"tag-erithacus-arquitectos","180":"tag-ernst-kallai","181":"tag-ernst-schon","182":"tag-escultura","183":"tag-espacio","184":"tag-espacio-interior","186":"tag-espana","187":"tag-estados-unidos","188":"tag-esteban-fernandez-cobian","189":"tag-estetica","190":"tag-esther-abujeta","191":"tag-estructura","192":"tag-etica-de-la-sostenibilidad","193":"tag-eva-prats","194":"tag-exposicion","195":"tag-exposicion-universal","196":"tag-expresion","197":"tag-expresionismo","198":"tag-fernando-cassinello","199":"tag-fernando-garcia-mercadal","200":"tag-fernando-menis","201":"tag-fernando-ramos-galino","202":"tag-fernando-tabuenca","203":"tag-fiyi","204":"tag-fotografia","205":"tag-francisco-diaz","206":"tag-francisco-dinis-diaz-gallego","207":"tag-francisco-javier-parada-pino","208":"tag-francisco-silva","209":"tag-francois-guynot-de-boismenu","210":"tag-frank-lloyd-wright","211":"tag-freddy-mamani","212":"tag-fredy-massad","213":"tag-funcionable","214":"tag-fundacion-bauhaus-dessau","215":"tag-fundacion-caja-de-arquitectos","216":"tag-fundacion-enric-miralles","217":"tag-futurismo","218":"tag-gaizka-altuna","219":"tag-gatepac","220":"tag-george-grosz","221":"tag-georgia-okeeffe","222":"tag-gerardo-olivares","223":"tag-gerrit-t-rietveld","224":"tag-gianni-versace","225":"tag-giulio-ridolfo","226":"tag-gordon-matta-clark","227":"tag-graeme-brooker","228":"tag-grafico","229":"tag-grafismo","230":"tag-guido-cimadomo","231":"tag-gustav-klutsis","232":"tag-habitar","233":"tag-habitat","234":"tag-habitat-urbano","235":"tag-hannes-meyer","236":"tag-hans-arp","237":"tag-harvard-university","238":"tag-hendricus-theodorus-wijdeveld","239":"tag-henri-matisse","240":"tag-herbert-bayer","241":"tag-hermann-bloch","242":"tag-hermann-reckendorf","243":"tag-hernan-bisman","244":"tag-historia","245":"tag-howard-sooley","246":"tag-i10","247":"tag-iglesia","248":"tag-ignacio-vicens-y-hualde","249":"tag-imb-arquitectos","250":"tag-india","251":"tag-ines-tabar-rodriguez","252":"tag-inigo-garcia-odiaga","253":"tag-investigacion","254":"tag-investigacion-cientifica","255":"tag-investigador","256":"tag-investigar","257":"tag-ismael-amarouch-garcia","258":"tag-j-stephen-lansing","259":"tag-j-r-ewing","260":"tag-jane-withers","261":"tag-jardineria","262":"tag-jaume-prat-ortells","263":"tag-javier-caballero-chica","264":"tag-javier-de-las-heras-sole","265":"tag-javier-toledo","266":"tag-javier-viver","267":"tag-jean-badovici","268":"tag-jelena-prokopljevic","269":"tag-jesus-bazal","270":"tag-jesus-garcia-herrero","271":"tag-jhoana-mayer","272":"tag-jill-magid","273":"tag-joan-alfos","274":"tag-joao-pauperio","275":"tag-joaquin-ibanez-montoya","276":"tag-joaquin-labayen","277":"tag-john-berger","278":"tag-john-gerrard","279":"tag-john-heartfield","280":"tag-john-summerson","281":"tag-jon-arteta-grisalena","282":"tag-jonas-langbein","283":"tag-jorge-cardenas","284":"tag-jose-francisco-garcia-sanchez","285":"tag-jose-manuel-aizpurua-y-azqueta","286":"tag-jose-rafael-moneo-valles","287":"tag-jose-ramon-hernandez-correa","288":"tag-josef-albers","289":"tag-josep-quetglas","290":"tag-josep-torres-i-clave","291":"tag-juan-daniel-fullaondo","292":"tag-juan-diego-lopez-arquillo","293":"tag-juan-fernando-rodenas","294":"tag-juan-fernando-rodenas-garcia","295":"tag-juan-jose-lahuerta","296":"tag-juan-pando-barrero","297":"tag-julia-watson","298":"tag-julia-watson-studio","299":"tag-julie-mehretu","300":"tag-julio-llamazares","301":"tag-jung-iberica","302":"tag-karim-rashid","303":"tag-kelly-hoppen","304":"tag-konstantin-stepanovich-melnikov","305":"tag-kurt-schroeder","306":"tag-kurt-schwitters","307":"tag-kvadrat","308":"tag-l-diseno","309":"tag-lesprit-nouveau","310":"tag-laia-masllorens","311":"tag-lajos-kassak","312":"tag-langarita-navarro","313":"tag-laszlo-moholy-nagy","314":"tag-lazar-markovich-lissitzky","315":"tag-le-corbusier","316":"tag-lenguaje","317":"tag-libro","318":"tag-literatura","319":"tag-logan-leyton","320":"tag-lucho-miquel","321":"tag-ludovica-marcacci-balestrazzi","322":"tag-ludwig-karl-hilberseimer","323":"tag-luis-barragan","324":"tag-luis-moya-gonzalez","325":"tag-luis-suarez-mansilla","326":"tag-maestro","327":"tag-man-ray","328":"tag-manifiesto","329":"tag-manuel-bailo","330":"tag-manuel-barbero","331":"tag-manuel-gausa","332":"tag-manuel-penella-heller","333":"tag-manuel-vilas","334":"tag-marcel-breuer","335":"tag-marcelo-gardinetti","336":"tag-maria-angeles-duran","337":"tag-maria-jesus-garcia-granja","338":"tag-maria-langarita","339":"tag-maria-pura-moreno-moreno","340":"tag-maria-rebelo","341":"tag-mariano-garrigues","342":"tag-marruecos","343":"tag-maurici-pla","344":"tag-mauricio-calvo","345":"tag-medio-rural","346":"tag-metodo-tradicional","347":"tag-mexico","348":"tag-michael-bond","349":"tag-michael-webb","350":"tag-mies-van-der-rohe","351":"tag-miguel-angel-alonso-del-val","352":"tag-miguel-centellas-soler","353":"tag-miguel-fisac","354":"tag-miguel-guitart","355":"tag-mike-webb","356":"tag-miquel-lacasta","357":"tag-moda","358":"tag-modernismo-sovietico","359":"tag-moisei-yakovlevich-ginzburg","360":"tag-moises-puente","361":"tag-momojo-kaijima","362":"tag-montse-solano","363":"tag-movimiento-moderno","364":"tag-mundo-rural-tradicional","365":"tag-musica","366":"tag-myriam-goluboff-scheps","367":"tag-nader-habash-de-viu","368":"tag-naturaleza","369":"tag-naum-gabo","370":"tag-new-bauhaus","371":"tag-nicolas-valencia","372":"tag-nikolai-alexandrovich-ladovsky","373":"tag-nikolaus-pevsner","374":"tag-noelia-cervero-sanchez","375":"tag-noruega","376":"tag-nueva-zelanda","377":"tag-nuria-prieto","378":"tag-oab","379":"tag-oljer-cardenas-nino","380":"tag-olson-kundig","381":"tag-oriol-vilanova","382":"tag-orson-welles","383":"tag-oskar-schlemmer","384":"tag-otxotorena-arquitectos","385":"tag-ourania-chamilaki","386":"tag-pablo-engelman","387":"tag-pablo-guillen","388":"tag-pablo-ibanez-ferrera","389":"tag-pablo-lopez-aguado","390":"tag-pablo-m-millan","391":"tag-pablo-picasso","392":"tag-pablo-twose-valls","393":"tag-paisaje","394":"tag-paisaje-cultural","395":"tag-particion-interior","396":"tag-patrimonio","397":"tag-patrimonio-historico","398":"tag-pau-llorca","399":"tag-paul-klee","400":"tag-paula-alvarez","401":"tag-paula-jaen","402":"tag-pedro-puertas-herrera","403":"tag-pensamiento","404":"tag-peter-buchanan","405":"tag-peter-burger","406":"tag-peter-cook","407":"tag-peter-zumthor","408":"tag-philipp-oswalt","409":"tag-piera-wolf","410":"tag-pierre-cardin","411":"tag-piet-mondrian","412":"tag-pintura","413":"tag-postmodernidad","414":"tag-publicacion","415":"tag-purismo","416":"tag-qut-ediciones","417":"tag-racionalismo","418":"tag-rafael-angel-garcia-lozano","419":"tag-rafael-de-la-hoz","420":"tag-rafael-de-la-joya","421":"tag-rafael-fernandez-del-amo","422":"tag-ramon-canas","423":"tag-raoul-hausmann","424":"tag-reflexion","425":"tag-renato-bocchi","426":"tag-revista","427":"tag-revista-ca-sovremennaya-arkhitektura","428":"tag-revista-engawa","429":"tag-revista-larchitecture-vivante","430":"tag-revista-rita","431":"tag-revista-vad","432":"tag-revista-wendingen","433":"tag-rick-joy","434":"tag-roberto-cides","435":"tag-rodinas","436":"tag-ron-herron","437":"tag-ruben-labiano","438":"tag-ruben-paez","439":"tag-s-xviii","440":"tag-s-xx","441":"tag-salvador-dali","442":"tag-salvador-moreno-perez","443":"tag-salvador-perez-arroyo","444":"tag-samuel-fernandez-perez","445":"tag-sanaa","446":"tag-santiago-de-molina","447":"tag-sara-escudero","448":"tag-sete-alvarez","449":"tag-severino-gonzalez-fernandez","450":"tag-sevilla","451":"tag-silvia-blanco-agueira","452":"tag-sociedad","453":"tag-sostenibilidad","454":"tag-susan-george","455":"tag-t113-arquitectos","456":"tag-tabuencaleache","457":"tag-tatiana-bilbao","458":"tag-tecnica-tradicional","459":"tag-teoria","460":"tag-teoria-e-historia","461":"tag-teresa-gali-izard","462":"tag-territorio","463":"tag-texto","464":"tag-theo-van-doesburg","465":"tag-tiempo","466":"tag-todo-por-la-praxis","467":"tag-tradicion","468":"tag-tristan-tzara","469":"tag-udc","470":"tag-union-sovietica","471":"tag-universidad-de-navarra","472":"tag-urbanismo","473":"tag-urbanismo-responsable","474":"tag-urbanismo-sostenible","475":"tag-valladolid","476":"tag-vanguardia","477":"tag-viajar","478":"tag-victor-diaz-asensio","479":"tag-viking-eggeling","480":"tag-vivienda","481":"tag-vivienda-unifamiliar","482":"tag-vz-arquitectos","483":"tag-walter-curt-behrendt","484":"tag-walter-gropius","485":"tag-walter-riezler","486":"tag-warren-chalk","487":"tag-wassily-kandinsky","488":"tag-werner-graeff","489":"tag-william-norwich","490":"tag-wolfgang-tillmans","491":"tag-w-e-studio"},"yoast_head":"<!-- This site is optimized with the Yoast SEO plugin v27.4 - https:\/\/yoast.com\/product\/yoast-seo-wordpress\/ -->\n<title>D\u00eda Internacional del Libro 2021 - veredes<\/title>\n<meta name=\"description\" content=\"Toda la informaci\u00f3n sobre: D\u00eda Internacional del Libro 2021\" \/>\n<meta name=\"robots\" content=\"index, follow, max-snippet:-1, max-image-preview:large, max-video-preview:-1\" \/>\n<link rel=\"canonical\" href=\"https:\/\/veredes.es\/blog\/dia-internacional-del-libro-2021\/\" \/>\n<meta property=\"og:locale\" content=\"es_ES\" \/>\n<meta property=\"og:type\" content=\"article\" \/>\n<meta property=\"og:title\" content=\"D\u00eda Internacional del Libro 2021 - veredes\" \/>\n<meta property=\"og:description\" content=\"Toda la informaci\u00f3n sobre: D\u00eda Internacional del Libro 2021\" \/>\n<meta property=\"og:url\" content=\"https:\/\/veredes.es\/blog\/dia-internacional-del-libro-2021\/\" \/>\n<meta property=\"og:site_name\" content=\"veredes, arquitectura y divulgaci\u00f3n\" \/>\n<meta property=\"article:publisher\" content=\"https:\/\/www.facebook.com\/veredesArquitecturayDivulgacion\/\" \/>\n<meta property=\"article:author\" content=\"https:\/\/www.facebook.com\/veredesArquitecturayDivulgacion\/\" \/>\n<meta property=\"article:published_time\" content=\"2021-04-22T22:01:14+00:00\" \/>\n<meta property=\"article:modified_time\" content=\"2022-07-30T08:14:22+00:00\" \/>\n<meta property=\"og:image\" content=\"https:\/\/veredes.es\/blog\/wp-content\/uploads\/2021\/04\/veredes-diadelibro2021.jpg\" \/>\n\t<meta property=\"og:image:width\" content=\"1080\" \/>\n\t<meta property=\"og:image:height\" content=\"1080\" \/>\n\t<meta property=\"og:image:type\" content=\"image\/jpeg\" \/>\n<meta name=\"author\" content=\"veredes\" \/>\n<meta name=\"twitter:card\" content=\"summary_large_image\" \/>\n<meta name=\"twitter:creator\" content=\"@https:\/\/twitter.com\/veredes\" \/>\n<meta name=\"twitter:site\" content=\"@veredes\" \/>\n<meta name=\"twitter:label1\" content=\"Escrito por\" \/>\n\t<meta name=\"twitter:data1\" content=\"veredes\" \/>\n\t<meta name=\"twitter:label2\" content=\"Tiempo de lectura\" \/>\n\t<meta name=\"twitter:data2\" content=\"3 minutos\" \/>\n<script type=\"application\/ld+json\" class=\"yoast-schema-graph\">{\"@context\":\"https:\\\/\\\/schema.org\",\"@graph\":[{\"@type\":\"Article\",\"@id\":\"https:\\\/\\\/veredes.es\\\/blog\\\/dia-internacional-del-libro-2021\\\/#article\",\"isPartOf\":{\"@id\":\"https:\\\/\\\/veredes.es\\\/blog\\\/dia-internacional-del-libro-2021\\\/\"},\"author\":{\"name\":\"veredes\",\"@id\":\"https:\\\/\\\/veredes.es\\\/blog\\\/#\\\/schema\\\/person\\\/0bbb669073ef7faba5168a0844e93d2c\"},\"headline\":\"D\u00eda Internacional del Libro 2021\",\"datePublished\":\"2021-04-22T22:01:14+00:00\",\"dateModified\":\"2022-07-30T08:14:22+00:00\",\"mainEntityOfPage\":{\"@id\":\"https:\\\/\\\/veredes.es\\\/blog\\\/dia-internacional-del-libro-2021\\\/\"},\"wordCount\":432,\"commentCount\":0,\"publisher\":{\"@id\":\"https:\\\/\\\/veredes.es\\\/blog\\\/#organization\"},\"image\":{\"@id\":\"https:\\\/\\\/veredes.es\\\/blog\\\/dia-internacional-del-libro-2021\\\/#primaryimage\"},\"thumbnailUrl\":\"https:\\\/\\\/veredes.es\\\/blog\\\/wp-content\\\/uploads\\\/2021\\\/04\\\/veredes-diadelibro2021.jpg\",\"keywords\":[\"A. C. Documentos de Actividad Contempor\u00e1nea\",\"AGI Architects\",\"Albert Moranc\u00e9\",\"Alberto Alonso Oro\",\"Alberto Campo Baeza\",\"Alberto Garc\u00eda-Samaniego Rey\",\"Alberto Morell Sixto\",\"Alberto Twose\",\"Alegr\u00eda Col\u00f3n Mur\",\"Alejandro Beautell\",\"Alejandro Cervilla Garc\u00eda\",\"Alejandro P\u00e9rez Garc\u00eda\",\"Aleksandr Mij\u00e1ilovich R\u00f3dchenko\",\"Alemania\",\"Alexander Vesnin\",\"Almudena Ribot\",\"Amateur Architecture Studio\",\"Am\u00e9d\u00e9e Ozenfant\",\"Ana Amado\",\"Ana Gonz\u00e1lez Gil\",\"Ana Mombiedro\",\"Ana M\u00aa Miguel Quesada\",\"Ana Rom\u00e1n\",\"Andr\u00e9s Jaque\",\"Andr\u00e9s Pati\u00f1o Eir\u00edn\",\"Anouska Hempel\",\"Antoine Pevsner\",\"Anton Mikhailovich Lavinsky\",\"Antonio Fern\u00e1ndez Alba\",\"Antonio Gir\u00e1ldez L\u00f3pez\",\"Antonio Mir\u00f3\",\"Antonio Pennacchi\",\"Antonio Pernas Varela\",\"Antonio Pizza\",\"Antonio S. R\u00edo V\u00e1zquez\",\"Archigram\",\"arquitasa\",\"arquitectos y cineastas\",\"arquitectura\",\"arquitectura alemana\",\"arquitectura catalana\",\"arquitectura constructivista\",\"arquitectura contempor\u00e1nea\",\"arquitectura del paisaje\",\"arquitectura espa\u00f1ola\",\"arquitectura inglesa\",\"arquitectura italiana\",\"arquitectura moderna\",\"arquitectura racionalista\",\"arquitectura religiosa\",\"arquitectura rusa\",\"arquitectura socialista\",\"arquitectura sostenible\",\"arquitectura sovi\u00e9tica\",\"arquitectura textil\",\"arquitectura tradicional\",\"Art Deco\",\"Art Nouveau\",\"arte\",\"arte contemporaneo\",\"artes pl\u00e1sticas\",\"artesan\u00eda\",\"Arthur Schopenhauer\",\"art\u00edculo\",\"artista\",\"Arturo Franco D\u00edaz\",\"asemas\",\"Atelier Bow Wow\",\"Auguste Perret\",\"Australia\",\"Barbara Stallone\",\"basurama\",\"Bauhaus\",\"Beatrice Galilee\",\"Beatriz S. Gonz\u00e1lez Jim\u00e9nez\",\"Bego\u00f1a de Abajo Castrillo\",\"Benedetta Tagliabue\",\"biblioth\u00e8que Kandinsky\",\"BIG\",\"Bill Blass\",\"Bisman Ediciones\",\"Bohlin Cywinski\",\"Carles Muro\",\"Carlos Cach\u00f3n\",\"Carlos Ferrater Lambarri\",\"Carlos Pe\u00f1ate Vera\",\"Carolina Irving\",\"Catalu\u00f1a\",\"Catherine Spellman\",\"Cecilia L\u00f3pez Prego\",\"Cedric Price\",\"Ch\u00e9rrez y Cantera\",\"Christian Zervos\",\"cine\",\"cineastas\",\"ciudad\",\"ciudad contempor\u00e1nea\",\"ciudad ideal\",\"ciudad industrial\",\"ciudad sostenible\",\"Clara Gonz\u00e1lez Gil\",\"Claudine Eriksson\",\"Coco Chanel\",\"COLAB\",\"colecci\u00f3n\",\"colecci\u00f3n Sin Prejuicios\",\"collage\",\"colonia\",\"color\",\"Columbia University\",\"comic\",\"comisario\",\"composici\u00f3n\",\"constructivismo\",\"constructivismo ruso\",\"crear\",\"Cristina Garc\u00eda-Rosales\",\"cr\u00edtica\",\"cubismo\",\"Daniel Gimeno\",\"Dar\u00edo Mateo\",\"David Adjaye\",\"David Garc\u00eda-Asenjo\",\"David Greene\",\"David Netto\",\"David O\u2019Reilly\",\"David V. Mart\u00ednez Villaescusa\",\"Davide Masserini\",\"De Stijl\",\"Dennis Crompton\",\"desarrollo\",\"desarrollo sustentable\",\"desarrollo urbano\",\"diego garc\u00eda-seti\u00e9n perol\",\"difusi\u00f3n\",\"Diller Scofidio + Renfro\",\"dise\u00f1ador\",\"dise\u00f1ador industrial\",\"dise\u00f1o\",\"dise\u00f1o de mobiliario\",\"dise\u00f1o gr\u00e1fico\",\"dise\u00f1o industrial\",\"dise\u00f1o interiores\",\"dise\u00f1o sostenible\",\"divulgaci\u00f3n\",\"ediciones asim\u00e9tricas\",\"editorial actar\",\"editorial phaidon\",\"editorial taschen\",\"editorial turner publicaciones\",\"Eduardo Almal\u00e9\",\"Eduardo Delgado Orusco\",\"Eileen Gray\",\"Ekain Jim\u00e9nez Valencia\",\"Elena C\u00e1novas\",\"elena rocchi\",\"Elesio Gat\u00f3n\",\"El\u00edas Torres\",\"Elisa Valero\",\"Elsie de Wolfe\",\"Emilio Moya Lled\u00f3s\",\"Emilio Peamjean\",\"Enric Miralles\",\"Enrique Espinosa P\u00e9rez\",\"Ensamble Studio\",\"ensayo\",\"equipamiento\",\"equipamiento religioso\",\"Erich Mendelsohn\",\"Erithacus arquitectos\",\"Ernst K\u00e1llai\",\"Ernst Sch\u00f6n\",\"escultura\",\"espacio\",\"espacio interior\",\"espacio urbano\",\"Espa\u00f1a\",\"Estados Unidos\",\"Esteban Fern\u00e1ndez-Cobi\u00e1n\",\"est\u00e9tica\",\"Esther Abujeta\",\"estructura\",\"\u00e9tica de la sostenibilidad\",\"Eva Prats\",\"exposici\u00f3n\",\"exposici\u00f3n universal\",\"expresi\u00f3n\",\"expresionismo\",\"Fernando Cassinello\",\"Fernando Garc\u00eda Mercadal\",\"Fernando Menis\",\"Fernando Ramos Galino\",\"Fernando Tabuenca\",\"Fiyi\",\"fotograf\u00eda\",\"Francisco D\u00edaz\",\"Francisco Din\u00eds D\u00edaz Gallego\",\"Francisco Javier Parada Pino\",\"Francisco Silva\",\"Fran\u00e7ois Guynot de Boismenu\",\"Frank Lloyd Wright\",\"Freddy Mamani\",\"Fredy Massad\",\"Funcionable\",\"fundaci\u00f3n Bauhaus Dessau\",\"fundaci\u00f3n Caja de Arquitectos\",\"fundaci\u00f3n Enric Miralles\",\"futurismo\",\"Gaizka Altuna\",\"GATEPAC\",\"George Grosz\",\"Georgia O\u2019Keeffe\",\"Gerardo Olivares\",\"Gerrit T. Rietveld\",\"Gianni Versace\",\"Giulio Ridolfo\",\"Gordon Matta-Clark\",\"Graeme Brooker\",\"gr\u00e1fico\",\"grafismo\",\"Guido Cimadomo\",\"Gustav Klutsis\",\"habitar\",\"h\u00e1bitat\",\"h\u00e1bitat urbano\",\"Hannes Meyer\",\"Hans Arp\",\"Harvard University\",\"Hendricus Theodorus Wijdeveld\",\"Henri Matisse\",\"Herbert Bayer\",\"Hermann Bloch\",\"Hermann Reckendorf\",\"Hern\u00e1n Bisman\",\"historia\",\"Howard Sooley\",\"i10\",\"iglesia\",\"Ignacio Vicens y Hualde\",\"IMB arquitectos\",\"India\",\"In\u00e9s Tabar Rodr\u00edguez\",\"\u00cd\u00f1igo Garc\u00eda Odiaga\",\"investigaci\u00f3n\",\"investigaci\u00f3n cient\u00edfica\",\"investigador\",\"investigar\",\"Ismael Amarouch Garc\u00eda\",\"J. Stephen Lansing\",\"J.R. Ewing\",\"Jane Withers\",\"jardineria\",\"Jaume Prat Ortells\",\"Javier Caballero Chica\",\"Javier de las Heras Sol\u00e9\",\"Javier Toledo\",\"Javier Viver\",\"Jean Badovici\",\"Jelena Prokopljevi\u0107\",\"Jes\u00fas Bazal\",\"Jes\u00fas Garc\u00eda Herrero\",\"Jhoana Mayer\",\"Jill Magid\",\"Joan Alf\u00f2s\",\"Jo\u00e3o Paup\u00e9rio\",\"Joaqu\u00edn Ib\u00e1\u00f1ez Montoya\",\"joaqu\u00edn labayen\",\"john berger\",\"John Gerrard\",\"john heartfield\",\"John Summerson\",\"Jon Arteta Grisale\u00f1a\",\"Jonas Langbein\",\"Jorge C\u00e1rdenas\",\"Jos\u00e9 Francisco Garc\u00eda-S\u00e1nchez\",\"Jos\u00e9 Manuel Aizp\u00farua y Azqueta\",\"Jos\u00e9 Rafael Moneo Vall\u00e9s\",\"Jos\u00e9 Ram\u00f3n Hern\u00e1ndez Correa\",\"Josef Albers\",\"Josep Quetglas\",\"Josep Torres i Clav\u00e9\",\"Juan Daniel Fullaondo\",\"Juan Diego L\u00f3pez-Arquillo\",\"Juan Fernando R\u00f3denas\",\"Juan Fernando R\u00f3denas Garc\u00eda\",\"Juan Jos\u00e9 Lahuerta\",\"Juan Pando Barrero\",\"Julia Watson\",\"Julia Watson Studio\",\"Julie Mehretu\",\"Julio Llamazares\",\"Jung Ib\u00e9rica\",\"Karim Rashid\",\"Kelly Hoppen\",\"Konstant\u00edn Step\u00e1novich M\u00e9lnikov\",\"Kurt Schroeder\",\"Kurt Schwitters\",\"Kvadrat\",\"l dise\u00f1o\",\"L'Esprit Nouveau\",\"Laia Masllorens\",\"Lajos Kassak\",\"Langarita-Navarro\",\"L\u00e1szl\u00f3 Moholy-Nagy\",\"Lazar Markovich Lissitzky\",\"Le Corbusier\",\"lenguaje\",\"libro\",\"literatura\",\"Logan Leyton\",\"Lucho Miquel\",\"Ludovica Marcacci Balestrazzi\",\"Ludwig Karl Hilberseimer\",\"Luis Barrag\u00e1n\",\"Luis Moya Gonz\u00e1lez\",\"Luis Su\u00e1rez Mansilla\",\"maestro\",\"Man Ray\",\"manifiesto\",\"Manuel Bailo\",\"Manuel Barbero\",\"Manuel Gausa\",\"Manuel Penella Heller\",\"Manuel Vilas\",\"Marcel Breuer\",\"Marcelo Gardinetti\",\"Mar\u00eda \u00c1ngeles Dur\u00e1n\",\"Mar\u00eda Jes\u00fas Garc\u00eda Granja\",\"Mar\u00eda Langarita\",\"Mar\u00eda Pura Moreno Moreno\",\"Maria Rebelo\",\"Mariano Garrigues\",\"marruecos\",\"maurici pla\",\"Mauricio Calvo\",\"medio rural\",\"m\u00e9todo tradicional\",\"M\u00e9xico\",\"Michael Bond\",\"Michael Webb\",\"Mies van der Rohe\",\"Miguel \u00c1ngel Alonso del Val\",\"Miguel Centellas Soler\",\"Miguel Fisac\",\"miguel guitart\",\"Mike Webb\",\"Miquel Lacasta\",\"moda\",\"modernismo sovi\u00e9tico\",\"Moisei Yakovlevich Ginzburg\",\"Mois\u00e9s Puente\",\"Momojo Kaijima\",\"Montse Solano\",\"movimiento moderno\",\"mundo rural tradicional\",\"m\u00fasica\",\"Myriam Goluboff Scheps\",\"Nader Habash de Vi\u00fa\",\"naturaleza\",\"Naum Gabo\",\"new bauhaus\",\"Nicol\u00e1s Valencia\",\"Nikolai Alexandrovich Ladovsky\",\"Nikolaus Pevsner\",\"Noelia Cervero S\u00e1nchez\",\"Noruega\",\"Nueva Zelanda\",\"nuria prieto\",\"oab\",\"Oljer C\u00e1rdenas Ni\u00f1o\",\"Olson Kundig\",\"Oriol Vilanova\",\"Orson Welles\",\"Oskar Schlemmer\",\"Otxotorena arquitectos\",\"Ourania Chamilaki\",\"Pablo Engelman\",\"Pablo Guill\u00e9n\",\"Pablo Ib\u00e1\u00f1ez Ferrera\",\"Pablo L\u00f3pez Aguado\",\"Pablo M. Mill\u00e1n\",\"Pablo Picasso\",\"Pablo Twose Valls\",\"paisaje\",\"paisaje cultural\",\"partici\u00f3n interior\",\"patrimonio\",\"patrimonio hist\u00f3rico\",\"Pau Llorca\",\"Paul Klee\",\"paula \u00e1lvarez\",\"Paula Ja\u00e9n\",\"Pedro Puertas Herrera\",\"pensamiento\",\"Peter Buchanan\",\"Peter B\u00fcrger\",\"Peter Cook\",\"Peter Zumthor\",\"Philipp Oswalt\",\"Piera Wolf\",\"Pierre Cardin\",\"Piet Mondrian\",\"pintura\",\"postmodernidad\",\"publicaci\u00f3n\",\"purismo\",\"QUT Ediciones\",\"racionalismo\",\"Rafael \u00c1ngel Garc\u00eda-Lozano\",\"Rafael de La Hoz\",\"Rafael de la Joya\",\"Rafael Fern\u00e1ndez del Amo\",\"Ram\u00f3n Ca\u00f1as\",\"Raoul Hausmann\",\"reflexi\u00f3n\",\"renato bocchi\",\"revista\",\"revista CA Sovremennaya arkhitektura\",\"revista engawa\",\"revista L'Architecture Vivante\",\"revista rita\",\"revista VAD\",\"revista Wendingen\",\"rick joy\",\"Roberto Cides\",\"rodi\u00f1as\",\"Ron Herron\",\"Rub\u00e9n Labiano\",\"Rub\u00e9n P\u00e1ez\",\"s. xviii\",\"s. xx\",\"Salvador Dal\u00ed\",\"Salvador Moreno P\u00e9rez\",\"Salvador P\u00e9rez Arroyo\",\"Samuel Fern\u00e1ndez P\u00e9rez\",\"SANAA\",\"Santiago de Molina\",\"Sara Escudero\",\"Sete \u00c1lvarez\",\"Severino Gonz\u00e1lez Fern\u00e1ndez\",\"Sevilla\",\"Silvia Blanco Ag\u00fceira\",\"sociedad\",\"sostenibilidad\",\"Susan George\",\"T113 arquitectos\",\"Tabuenca&amp;Leache\",\"Tatiana Bilbao\",\"t\u00e9cnica tradicional\",\"teor\u00eda\",\"teor\u00eda e historia\",\"Teresa Gal\u00ed-Izard\",\"territorio\",\"texto\",\"Theo van Doesburg\",\"tiempo\",\"todo por la praxis\",\"tradici\u00f3n\",\"Tristan Tzara\",\"UdC\",\"uni\u00f3n sovi\u00e9tica\",\"Universidad de Navarra\",\"urbanismo\",\"urbanismo responsable\",\"urbanismo sostenible\",\"Valladolid\",\"vanguardia\",\"viajar\",\"V\u00edctor D\u00edaz-Asensio\",\"Viking Eggeling\",\"vivienda\",\"vivienda unifamiliar\",\"VZ arquitectos\",\"Walter Curt Behrendt\",\"Walter Gropius\",\"Walter Riezler\",\"Warren Chalk\",\"Wassily Kandinsky\",\"Werner Graeff\",\"William Norwich\",\"Wolfgang Tillmans\",\"W\u2014E studio\"],\"articleSection\":[\"libros\",\"publicaciones\",\"revistas\"],\"inLanguage\":\"es\",\"potentialAction\":[{\"@type\":\"CommentAction\",\"name\":\"Comment\",\"target\":[\"https:\\\/\\\/veredes.es\\\/blog\\\/dia-internacional-del-libro-2021\\\/#respond\"]}]},{\"@type\":\"WebPage\",\"@id\":\"https:\\\/\\\/veredes.es\\\/blog\\\/dia-internacional-del-libro-2021\\\/\",\"url\":\"https:\\\/\\\/veredes.es\\\/blog\\\/dia-internacional-del-libro-2021\\\/\",\"name\":\"D\u00eda Internacional del Libro 2021 - veredes\",\"isPartOf\":{\"@id\":\"https:\\\/\\\/veredes.es\\\/blog\\\/#website\"},\"primaryImageOfPage\":{\"@id\":\"https:\\\/\\\/veredes.es\\\/blog\\\/dia-internacional-del-libro-2021\\\/#primaryimage\"},\"image\":{\"@id\":\"https:\\\/\\\/veredes.es\\\/blog\\\/dia-internacional-del-libro-2021\\\/#primaryimage\"},\"thumbnailUrl\":\"https:\\\/\\\/veredes.es\\\/blog\\\/wp-content\\\/uploads\\\/2021\\\/04\\\/veredes-diadelibro2021.jpg\",\"datePublished\":\"2021-04-22T22:01:14+00:00\",\"dateModified\":\"2022-07-30T08:14:22+00:00\",\"description\":\"Toda la informaci\u00f3n sobre: D\u00eda Internacional del Libro 2021\",\"breadcrumb\":{\"@id\":\"https:\\\/\\\/veredes.es\\\/blog\\\/dia-internacional-del-libro-2021\\\/#breadcrumb\"},\"inLanguage\":\"es\",\"potentialAction\":[{\"@type\":\"ReadAction\",\"target\":[\"https:\\\/\\\/veredes.es\\\/blog\\\/dia-internacional-del-libro-2021\\\/\"]}]},{\"@type\":\"ImageObject\",\"inLanguage\":\"es\",\"@id\":\"https:\\\/\\\/veredes.es\\\/blog\\\/dia-internacional-del-libro-2021\\\/#primaryimage\",\"url\":\"https:\\\/\\\/veredes.es\\\/blog\\\/wp-content\\\/uploads\\\/2021\\\/04\\\/veredes-diadelibro2021.jpg\",\"contentUrl\":\"https:\\\/\\\/veredes.es\\\/blog\\\/wp-content\\\/uploads\\\/2021\\\/04\\\/veredes-diadelibro2021.jpg\",\"width\":1080,\"height\":1080},{\"@type\":\"BreadcrumbList\",\"@id\":\"https:\\\/\\\/veredes.es\\\/blog\\\/dia-internacional-del-libro-2021\\\/#breadcrumb\",\"itemListElement\":[{\"@type\":\"ListItem\",\"position\":1,\"name\":\"Portada\",\"item\":\"https:\\\/\\\/veredes.es\\\/blog\\\/\"},{\"@type\":\"ListItem\",\"position\":2,\"name\":\"D\u00eda Internacional del Libro 2021\"}]},{\"@type\":\"WebSite\",\"@id\":\"https:\\\/\\\/veredes.es\\\/blog\\\/#website\",\"url\":\"https:\\\/\\\/veredes.es\\\/blog\\\/\",\"name\":\"veredes, arquitectura y divulgaci\u00f3n\",\"description\":\"veredes\",\"publisher\":{\"@id\":\"https:\\\/\\\/veredes.es\\\/blog\\\/#organization\"},\"alternateName\":\"veredes\",\"potentialAction\":[{\"@type\":\"SearchAction\",\"target\":{\"@type\":\"EntryPoint\",\"urlTemplate\":\"https:\\\/\\\/veredes.es\\\/blog\\\/?s={search_term_string}\"},\"query-input\":{\"@type\":\"PropertyValueSpecification\",\"valueRequired\":true,\"valueName\":\"search_term_string\"}}],\"inLanguage\":\"es\"},{\"@type\":\"Organization\",\"@id\":\"https:\\\/\\\/veredes.es\\\/blog\\\/#organization\",\"name\":\"veredes, arquitectura y divulgaci\u00f3n\",\"alternateName\":\"veredes\",\"url\":\"https:\\\/\\\/veredes.es\\\/blog\\\/\",\"logo\":{\"@type\":\"ImageObject\",\"inLanguage\":\"es\",\"@id\":\"https:\\\/\\\/veredes.es\\\/blog\\\/#\\\/schema\\\/logo\\\/image\\\/\",\"url\":\"https:\\\/\\\/veredes.es\\\/blog\\\/wp-content\\\/uploads\\\/2021\\\/12\\\/veredes-logo-centrado_140x54.png\",\"contentUrl\":\"https:\\\/\\\/veredes.es\\\/blog\\\/wp-content\\\/uploads\\\/2021\\\/12\\\/veredes-logo-centrado_140x54.png\",\"width\":140,\"height\":54,\"caption\":\"veredes, arquitectura y divulgaci\u00f3n\"},\"image\":{\"@id\":\"https:\\\/\\\/veredes.es\\\/blog\\\/#\\\/schema\\\/logo\\\/image\\\/\"},\"sameAs\":[\"https:\\\/\\\/www.facebook.com\\\/veredesArquitecturayDivulgacion\\\/\",\"https:\\\/\\\/x.com\\\/veredes\",\"https:\\\/\\\/instagram.com\\\/veredes\\\/\",\"https:\\\/\\\/www.linkedin.com\\\/company\\\/veredes-arquitectura-y-divulgacion\\\/\",\"https:\\\/\\\/es.pinterest.com\\\/veredes\\\/\",\"https:\\\/\\\/www.tumblr.com\\\/veredes\"]},{\"@type\":\"Person\",\"@id\":\"https:\\\/\\\/veredes.es\\\/blog\\\/#\\\/schema\\\/person\\\/0bbb669073ef7faba5168a0844e93d2c\",\"name\":\"veredes\",\"image\":{\"@type\":\"ImageObject\",\"inLanguage\":\"es\",\"@id\":\"https:\\\/\\\/veredes.es\\\/blog\\\/wp-content\\\/uploads\\\/2018\\\/04\\\/face-96x96.jpg\",\"url\":\"https:\\\/\\\/veredes.es\\\/blog\\\/wp-content\\\/uploads\\\/2018\\\/04\\\/face-96x96.jpg\",\"contentUrl\":\"https:\\\/\\\/veredes.es\\\/blog\\\/wp-content\\\/uploads\\\/2018\\\/04\\\/face-96x96.jpg\",\"caption\":\"veredes\"},\"description\":\"Surge enero de 2009 como b\u00fasqueda de satisfacer el conocimiento de la actividad arquitect\u00f3nica y tangentes que se generan. La idea es crear un espacio para divulgar los diversos proyectos en busca de nueva inspiraci\u00f3n y de intercambio.\",\"sameAs\":[\"https:\\\/\\\/veredes.es\\\/\",\"https:\\\/\\\/www.facebook.com\\\/veredesArquitecturayDivulgacion\\\/\",\"https:\\\/\\\/www.instagram.com\\\/veredes\\\/\",\"https:\\\/\\\/www.linkedin.com\\\/company\\\/veredes-arquitectura-y-divulgacion\\\/\",\"https:\\\/\\\/www.pinterest.es\\\/veredes\\\/\",\"https:\\\/\\\/x.com\\\/https:\\\/\\\/twitter.com\\\/veredes\",\"https:\\\/\\\/veredes.tumblr.com\\\/\"],\"url\":\"https:\\\/\\\/veredes.es\\\/blog\\\/author\\\/alberto\\\/\"}]}<\/script>\n<!-- \/ Yoast SEO plugin. -->","yoast_head_json":{"title":"D\u00eda Internacional del Libro 2021 - veredes","description":"Toda la informaci\u00f3n sobre: D\u00eda Internacional del Libro 2021","robots":{"index":"index","follow":"follow","max-snippet":"max-snippet:-1","max-image-preview":"max-image-preview:large","max-video-preview":"max-video-preview:-1"},"canonical":"https:\/\/veredes.es\/blog\/dia-internacional-del-libro-2021\/","og_locale":"es_ES","og_type":"article","og_title":"D\u00eda Internacional del Libro 2021 - veredes","og_description":"Toda la informaci\u00f3n sobre: D\u00eda Internacional del Libro 2021","og_url":"https:\/\/veredes.es\/blog\/dia-internacional-del-libro-2021\/","og_site_name":"veredes, arquitectura y divulgaci\u00f3n","article_publisher":"https:\/\/www.facebook.com\/veredesArquitecturayDivulgacion\/","article_author":"https:\/\/www.facebook.com\/veredesArquitecturayDivulgacion\/","article_published_time":"2021-04-22T22:01:14+00:00","article_modified_time":"2022-07-30T08:14:22+00:00","og_image":[{"width":1080,"height":1080,"url":"https:\/\/veredes.es\/blog\/wp-content\/uploads\/2021\/04\/veredes-diadelibro2021.jpg","type":"image\/jpeg"}],"author":"veredes","twitter_card":"summary_large_image","twitter_creator":"@https:\/\/twitter.com\/veredes","twitter_site":"@veredes","twitter_misc":{"Escrito por":"veredes","Tiempo de lectura":"3 minutos"},"schema":{"@context":"https:\/\/schema.org","@graph":[{"@type":"Article","@id":"https:\/\/veredes.es\/blog\/dia-internacional-del-libro-2021\/#article","isPartOf":{"@id":"https:\/\/veredes.es\/blog\/dia-internacional-del-libro-2021\/"},"author":{"name":"veredes","@id":"https:\/\/veredes.es\/blog\/#\/schema\/person\/0bbb669073ef7faba5168a0844e93d2c"},"headline":"D\u00eda Internacional del Libro 2021","datePublished":"2021-04-22T22:01:14+00:00","dateModified":"2022-07-30T08:14:22+00:00","mainEntityOfPage":{"@id":"https:\/\/veredes.es\/blog\/dia-internacional-del-libro-2021\/"},"wordCount":432,"commentCount":0,"publisher":{"@id":"https:\/\/veredes.es\/blog\/#organization"},"image":{"@id":"https:\/\/veredes.es\/blog\/dia-internacional-del-libro-2021\/#primaryimage"},"thumbnailUrl":"https:\/\/veredes.es\/blog\/wp-content\/uploads\/2021\/04\/veredes-diadelibro2021.jpg","keywords":["A. C. Documentos de Actividad Contempor\u00e1nea","AGI Architects","Albert Moranc\u00e9","Alberto Alonso Oro","Alberto Campo Baeza","Alberto Garc\u00eda-Samaniego Rey","Alberto Morell Sixto","Alberto Twose","Alegr\u00eda Col\u00f3n Mur","Alejandro Beautell","Alejandro Cervilla Garc\u00eda","Alejandro P\u00e9rez Garc\u00eda","Aleksandr Mij\u00e1ilovich R\u00f3dchenko","Alemania","Alexander Vesnin","Almudena Ribot","Amateur Architecture Studio","Am\u00e9d\u00e9e Ozenfant","Ana Amado","Ana Gonz\u00e1lez Gil","Ana Mombiedro","Ana M\u00aa Miguel Quesada","Ana Rom\u00e1n","Andr\u00e9s Jaque","Andr\u00e9s Pati\u00f1o Eir\u00edn","Anouska Hempel","Antoine Pevsner","Anton Mikhailovich Lavinsky","Antonio Fern\u00e1ndez Alba","Antonio Gir\u00e1ldez L\u00f3pez","Antonio Mir\u00f3","Antonio Pennacchi","Antonio Pernas Varela","Antonio Pizza","Antonio S. R\u00edo V\u00e1zquez","Archigram","arquitasa","arquitectos y cineastas","arquitectura","arquitectura alemana","arquitectura catalana","arquitectura constructivista","arquitectura contempor\u00e1nea","arquitectura del paisaje","arquitectura espa\u00f1ola","arquitectura inglesa","arquitectura italiana","arquitectura moderna","arquitectura racionalista","arquitectura religiosa","arquitectura rusa","arquitectura socialista","arquitectura sostenible","arquitectura sovi\u00e9tica","arquitectura textil","arquitectura tradicional","Art Deco","Art Nouveau","arte","arte contemporaneo","artes pl\u00e1sticas","artesan\u00eda","Arthur Schopenhauer","art\u00edculo","artista","Arturo Franco D\u00edaz","asemas","Atelier Bow Wow","Auguste Perret","Australia","Barbara Stallone","basurama","Bauhaus","Beatrice Galilee","Beatriz S. Gonz\u00e1lez Jim\u00e9nez","Bego\u00f1a de Abajo Castrillo","Benedetta Tagliabue","biblioth\u00e8que Kandinsky","BIG","Bill Blass","Bisman Ediciones","Bohlin Cywinski","Carles Muro","Carlos Cach\u00f3n","Carlos Ferrater Lambarri","Carlos Pe\u00f1ate Vera","Carolina Irving","Catalu\u00f1a","Catherine Spellman","Cecilia L\u00f3pez Prego","Cedric Price","Ch\u00e9rrez y Cantera","Christian Zervos","cine","cineastas","ciudad","ciudad contempor\u00e1nea","ciudad ideal","ciudad industrial","ciudad sostenible","Clara Gonz\u00e1lez Gil","Claudine Eriksson","Coco Chanel","COLAB","colecci\u00f3n","colecci\u00f3n Sin Prejuicios","collage","colonia","color","Columbia University","comic","comisario","composici\u00f3n","constructivismo","constructivismo ruso","crear","Cristina Garc\u00eda-Rosales","cr\u00edtica","cubismo","Daniel Gimeno","Dar\u00edo Mateo","David Adjaye","David Garc\u00eda-Asenjo","David Greene","David Netto","David O\u2019Reilly","David V. Mart\u00ednez Villaescusa","Davide Masserini","De Stijl","Dennis Crompton","desarrollo","desarrollo sustentable","desarrollo urbano","diego garc\u00eda-seti\u00e9n perol","difusi\u00f3n","Diller Scofidio + Renfro","dise\u00f1ador","dise\u00f1ador industrial","dise\u00f1o","dise\u00f1o de mobiliario","dise\u00f1o gr\u00e1fico","dise\u00f1o industrial","dise\u00f1o interiores","dise\u00f1o sostenible","divulgaci\u00f3n","ediciones asim\u00e9tricas","editorial actar","editorial phaidon","editorial taschen","editorial turner publicaciones","Eduardo Almal\u00e9","Eduardo Delgado Orusco","Eileen Gray","Ekain Jim\u00e9nez Valencia","Elena C\u00e1novas","elena rocchi","Elesio Gat\u00f3n","El\u00edas Torres","Elisa Valero","Elsie de Wolfe","Emilio Moya Lled\u00f3s","Emilio Peamjean","Enric Miralles","Enrique Espinosa P\u00e9rez","Ensamble Studio","ensayo","equipamiento","equipamiento religioso","Erich Mendelsohn","Erithacus arquitectos","Ernst K\u00e1llai","Ernst Sch\u00f6n","escultura","espacio","espacio interior","espacio urbano","Espa\u00f1a","Estados Unidos","Esteban Fern\u00e1ndez-Cobi\u00e1n","est\u00e9tica","Esther Abujeta","estructura","\u00e9tica de la sostenibilidad","Eva Prats","exposici\u00f3n","exposici\u00f3n universal","expresi\u00f3n","expresionismo","Fernando Cassinello","Fernando Garc\u00eda Mercadal","Fernando Menis","Fernando Ramos Galino","Fernando Tabuenca","Fiyi","fotograf\u00eda","Francisco D\u00edaz","Francisco Din\u00eds D\u00edaz Gallego","Francisco Javier Parada Pino","Francisco Silva","Fran\u00e7ois Guynot de Boismenu","Frank Lloyd Wright","Freddy Mamani","Fredy Massad","Funcionable","fundaci\u00f3n Bauhaus Dessau","fundaci\u00f3n Caja de Arquitectos","fundaci\u00f3n Enric Miralles","futurismo","Gaizka Altuna","GATEPAC","George Grosz","Georgia O\u2019Keeffe","Gerardo Olivares","Gerrit T. Rietveld","Gianni Versace","Giulio Ridolfo","Gordon Matta-Clark","Graeme Brooker","gr\u00e1fico","grafismo","Guido Cimadomo","Gustav Klutsis","habitar","h\u00e1bitat","h\u00e1bitat urbano","Hannes Meyer","Hans Arp","Harvard University","Hendricus Theodorus Wijdeveld","Henri Matisse","Herbert Bayer","Hermann Bloch","Hermann Reckendorf","Hern\u00e1n Bisman","historia","Howard Sooley","i10","iglesia","Ignacio Vicens y Hualde","IMB arquitectos","India","In\u00e9s Tabar Rodr\u00edguez","\u00cd\u00f1igo Garc\u00eda Odiaga","investigaci\u00f3n","investigaci\u00f3n cient\u00edfica","investigador","investigar","Ismael Amarouch Garc\u00eda","J. Stephen Lansing","J.R. Ewing","Jane Withers","jardineria","Jaume Prat Ortells","Javier Caballero Chica","Javier de las Heras Sol\u00e9","Javier Toledo","Javier Viver","Jean Badovici","Jelena Prokopljevi\u0107","Jes\u00fas Bazal","Jes\u00fas Garc\u00eda Herrero","Jhoana Mayer","Jill Magid","Joan Alf\u00f2s","Jo\u00e3o Paup\u00e9rio","Joaqu\u00edn Ib\u00e1\u00f1ez Montoya","joaqu\u00edn labayen","john berger","John Gerrard","john heartfield","John Summerson","Jon Arteta Grisale\u00f1a","Jonas Langbein","Jorge C\u00e1rdenas","Jos\u00e9 Francisco Garc\u00eda-S\u00e1nchez","Jos\u00e9 Manuel Aizp\u00farua y Azqueta","Jos\u00e9 Rafael Moneo Vall\u00e9s","Jos\u00e9 Ram\u00f3n Hern\u00e1ndez Correa","Josef Albers","Josep Quetglas","Josep Torres i Clav\u00e9","Juan Daniel Fullaondo","Juan Diego L\u00f3pez-Arquillo","Juan Fernando R\u00f3denas","Juan Fernando R\u00f3denas Garc\u00eda","Juan Jos\u00e9 Lahuerta","Juan Pando Barrero","Julia Watson","Julia Watson Studio","Julie Mehretu","Julio Llamazares","Jung Ib\u00e9rica","Karim Rashid","Kelly Hoppen","Konstant\u00edn Step\u00e1novich M\u00e9lnikov","Kurt Schroeder","Kurt Schwitters","Kvadrat","l dise\u00f1o","L'Esprit Nouveau","Laia Masllorens","Lajos Kassak","Langarita-Navarro","L\u00e1szl\u00f3 Moholy-Nagy","Lazar Markovich Lissitzky","Le Corbusier","lenguaje","libro","literatura","Logan Leyton","Lucho Miquel","Ludovica Marcacci Balestrazzi","Ludwig Karl Hilberseimer","Luis Barrag\u00e1n","Luis Moya Gonz\u00e1lez","Luis Su\u00e1rez Mansilla","maestro","Man Ray","manifiesto","Manuel Bailo","Manuel Barbero","Manuel Gausa","Manuel Penella Heller","Manuel Vilas","Marcel Breuer","Marcelo Gardinetti","Mar\u00eda \u00c1ngeles Dur\u00e1n","Mar\u00eda Jes\u00fas Garc\u00eda Granja","Mar\u00eda Langarita","Mar\u00eda Pura Moreno Moreno","Maria Rebelo","Mariano Garrigues","marruecos","maurici pla","Mauricio Calvo","medio rural","m\u00e9todo tradicional","M\u00e9xico","Michael Bond","Michael Webb","Mies van der Rohe","Miguel \u00c1ngel Alonso del Val","Miguel Centellas Soler","Miguel Fisac","miguel guitart","Mike Webb","Miquel Lacasta","moda","modernismo sovi\u00e9tico","Moisei Yakovlevich Ginzburg","Mois\u00e9s Puente","Momojo Kaijima","Montse Solano","movimiento moderno","mundo rural tradicional","m\u00fasica","Myriam Goluboff Scheps","Nader Habash de Vi\u00fa","naturaleza","Naum Gabo","new bauhaus","Nicol\u00e1s Valencia","Nikolai Alexandrovich Ladovsky","Nikolaus Pevsner","Noelia Cervero S\u00e1nchez","Noruega","Nueva Zelanda","nuria prieto","oab","Oljer C\u00e1rdenas Ni\u00f1o","Olson Kundig","Oriol Vilanova","Orson Welles","Oskar Schlemmer","Otxotorena arquitectos","Ourania Chamilaki","Pablo Engelman","Pablo Guill\u00e9n","Pablo Ib\u00e1\u00f1ez Ferrera","Pablo L\u00f3pez Aguado","Pablo M. Mill\u00e1n","Pablo Picasso","Pablo Twose Valls","paisaje","paisaje cultural","partici\u00f3n interior","patrimonio","patrimonio hist\u00f3rico","Pau Llorca","Paul Klee","paula \u00e1lvarez","Paula Ja\u00e9n","Pedro Puertas Herrera","pensamiento","Peter Buchanan","Peter B\u00fcrger","Peter Cook","Peter Zumthor","Philipp Oswalt","Piera Wolf","Pierre Cardin","Piet Mondrian","pintura","postmodernidad","publicaci\u00f3n","purismo","QUT Ediciones","racionalismo","Rafael \u00c1ngel Garc\u00eda-Lozano","Rafael de La Hoz","Rafael de la Joya","Rafael Fern\u00e1ndez del Amo","Ram\u00f3n Ca\u00f1as","Raoul Hausmann","reflexi\u00f3n","renato bocchi","revista","revista CA Sovremennaya arkhitektura","revista engawa","revista L'Architecture Vivante","revista rita","revista VAD","revista Wendingen","rick joy","Roberto Cides","rodi\u00f1as","Ron Herron","Rub\u00e9n Labiano","Rub\u00e9n P\u00e1ez","s. xviii","s. xx","Salvador Dal\u00ed","Salvador Moreno P\u00e9rez","Salvador P\u00e9rez Arroyo","Samuel Fern\u00e1ndez P\u00e9rez","SANAA","Santiago de Molina","Sara Escudero","Sete \u00c1lvarez","Severino Gonz\u00e1lez Fern\u00e1ndez","Sevilla","Silvia Blanco Ag\u00fceira","sociedad","sostenibilidad","Susan George","T113 arquitectos","Tabuenca&amp;Leache","Tatiana Bilbao","t\u00e9cnica tradicional","teor\u00eda","teor\u00eda e historia","Teresa Gal\u00ed-Izard","territorio","texto","Theo van Doesburg","tiempo","todo por la praxis","tradici\u00f3n","Tristan Tzara","UdC","uni\u00f3n sovi\u00e9tica","Universidad de Navarra","urbanismo","urbanismo responsable","urbanismo sostenible","Valladolid","vanguardia","viajar","V\u00edctor D\u00edaz-Asensio","Viking Eggeling","vivienda","vivienda unifamiliar","VZ arquitectos","Walter Curt Behrendt","Walter Gropius","Walter Riezler","Warren Chalk","Wassily Kandinsky","Werner Graeff","William Norwich","Wolfgang Tillmans","W\u2014E studio"],"articleSection":["libros","publicaciones","revistas"],"inLanguage":"es","potentialAction":[{"@type":"CommentAction","name":"Comment","target":["https:\/\/veredes.es\/blog\/dia-internacional-del-libro-2021\/#respond"]}]},{"@type":"WebPage","@id":"https:\/\/veredes.es\/blog\/dia-internacional-del-libro-2021\/","url":"https:\/\/veredes.es\/blog\/dia-internacional-del-libro-2021\/","name":"D\u00eda Internacional del Libro 2021 - veredes","isPartOf":{"@id":"https:\/\/veredes.es\/blog\/#website"},"primaryImageOfPage":{"@id":"https:\/\/veredes.es\/blog\/dia-internacional-del-libro-2021\/#primaryimage"},"image":{"@id":"https:\/\/veredes.es\/blog\/dia-internacional-del-libro-2021\/#primaryimage"},"thumbnailUrl":"https:\/\/veredes.es\/blog\/wp-content\/uploads\/2021\/04\/veredes-diadelibro2021.jpg","datePublished":"2021-04-22T22:01:14+00:00","dateModified":"2022-07-30T08:14:22+00:00","description":"Toda la informaci\u00f3n sobre: D\u00eda Internacional del Libro 2021","breadcrumb":{"@id":"https:\/\/veredes.es\/blog\/dia-internacional-del-libro-2021\/#breadcrumb"},"inLanguage":"es","potentialAction":[{"@type":"ReadAction","target":["https:\/\/veredes.es\/blog\/dia-internacional-del-libro-2021\/"]}]},{"@type":"ImageObject","inLanguage":"es","@id":"https:\/\/veredes.es\/blog\/dia-internacional-del-libro-2021\/#primaryimage","url":"https:\/\/veredes.es\/blog\/wp-content\/uploads\/2021\/04\/veredes-diadelibro2021.jpg","contentUrl":"https:\/\/veredes.es\/blog\/wp-content\/uploads\/2021\/04\/veredes-diadelibro2021.jpg","width":1080,"height":1080},{"@type":"BreadcrumbList","@id":"https:\/\/veredes.es\/blog\/dia-internacional-del-libro-2021\/#breadcrumb","itemListElement":[{"@type":"ListItem","position":1,"name":"Portada","item":"https:\/\/veredes.es\/blog\/"},{"@type":"ListItem","position":2,"name":"D\u00eda Internacional del Libro 2021"}]},{"@type":"WebSite","@id":"https:\/\/veredes.es\/blog\/#website","url":"https:\/\/veredes.es\/blog\/","name":"veredes, arquitectura y divulgaci\u00f3n","description":"veredes","publisher":{"@id":"https:\/\/veredes.es\/blog\/#organization"},"alternateName":"veredes","potentialAction":[{"@type":"SearchAction","target":{"@type":"EntryPoint","urlTemplate":"https:\/\/veredes.es\/blog\/?s={search_term_string}"},"query-input":{"@type":"PropertyValueSpecification","valueRequired":true,"valueName":"search_term_string"}}],"inLanguage":"es"},{"@type":"Organization","@id":"https:\/\/veredes.es\/blog\/#organization","name":"veredes, arquitectura y divulgaci\u00f3n","alternateName":"veredes","url":"https:\/\/veredes.es\/blog\/","logo":{"@type":"ImageObject","inLanguage":"es","@id":"https:\/\/veredes.es\/blog\/#\/schema\/logo\/image\/","url":"https:\/\/veredes.es\/blog\/wp-content\/uploads\/2021\/12\/veredes-logo-centrado_140x54.png","contentUrl":"https:\/\/veredes.es\/blog\/wp-content\/uploads\/2021\/12\/veredes-logo-centrado_140x54.png","width":140,"height":54,"caption":"veredes, arquitectura y divulgaci\u00f3n"},"image":{"@id":"https:\/\/veredes.es\/blog\/#\/schema\/logo\/image\/"},"sameAs":["https:\/\/www.facebook.com\/veredesArquitecturayDivulgacion\/","https:\/\/x.com\/veredes","https:\/\/instagram.com\/veredes\/","https:\/\/www.linkedin.com\/company\/veredes-arquitectura-y-divulgacion\/","https:\/\/es.pinterest.com\/veredes\/","https:\/\/www.tumblr.com\/veredes"]},{"@type":"Person","@id":"https:\/\/veredes.es\/blog\/#\/schema\/person\/0bbb669073ef7faba5168a0844e93d2c","name":"veredes","image":{"@type":"ImageObject","inLanguage":"es","@id":"https:\/\/veredes.es\/blog\/wp-content\/uploads\/2018\/04\/face-96x96.jpg","url":"https:\/\/veredes.es\/blog\/wp-content\/uploads\/2018\/04\/face-96x96.jpg","contentUrl":"https:\/\/veredes.es\/blog\/wp-content\/uploads\/2018\/04\/face-96x96.jpg","caption":"veredes"},"description":"Surge enero de 2009 como b\u00fasqueda de satisfacer el conocimiento de la actividad arquitect\u00f3nica y tangentes que se generan. La idea es crear un espacio para divulgar los diversos proyectos en busca de nueva inspiraci\u00f3n y de intercambio.","sameAs":["https:\/\/veredes.es\/","https:\/\/www.facebook.com\/veredesArquitecturayDivulgacion\/","https:\/\/www.instagram.com\/veredes\/","https:\/\/www.linkedin.com\/company\/veredes-arquitectura-y-divulgacion\/","https:\/\/www.pinterest.es\/veredes\/","https:\/\/x.com\/https:\/\/twitter.com\/veredes","https:\/\/veredes.tumblr.com\/"],"url":"https:\/\/veredes.es\/blog\/author\/alberto\/"}]}},"_links":{"self":[{"href":"https:\/\/veredes.es\/blog\/wp-json\/wp\/v2\/posts\/84282","targetHints":{"allow":["GET"]}}],"collection":[{"href":"https:\/\/veredes.es\/blog\/wp-json\/wp\/v2\/posts"}],"about":[{"href":"https:\/\/veredes.es\/blog\/wp-json\/wp\/v2\/types\/post"}],"author":[{"embeddable":true,"href":"https:\/\/veredes.es\/blog\/wp-json\/wp\/v2\/users\/2"}],"replies":[{"embeddable":true,"href":"https:\/\/veredes.es\/blog\/wp-json\/wp\/v2\/comments?post=84282"}],"version-history":[{"count":0,"href":"https:\/\/veredes.es\/blog\/wp-json\/wp\/v2\/posts\/84282\/revisions"}],"wp:featuredmedia":[{"embeddable":true,"href":"https:\/\/veredes.es\/blog\/wp-json\/wp\/v2\/media\/84285"}],"wp:attachment":[{"href":"https:\/\/veredes.es\/blog\/wp-json\/wp\/v2\/media?parent=84282"}],"wp:term":[{"taxonomy":"category","embeddable":true,"href":"https:\/\/veredes.es\/blog\/wp-json\/wp\/v2\/categories?post=84282"},{"taxonomy":"post_tag","embeddable":true,"href":"https:\/\/veredes.es\/blog\/wp-json\/wp\/v2\/tags?post=84282"}],"curies":[{"name":"wp","href":"https:\/\/api.w.org\/{rel}","templated":true}]}}