{"id":84225,"date":"2021-08-11T00:01:20","date_gmt":"2021-08-10T22:01:20","guid":{"rendered":"https:\/\/veredes.es\/blog\/?p=84225"},"modified":"2021-04-16T20:48:42","modified_gmt":"2021-04-16T18:48:42","slug":"gamazo-29-reforma-de-vivienda-en-el-casco-historico-de-valladolid-alvaro-moral-garcia-daniel-gonzalez-garcia-manuel-cuadrado-senorans","status":"publish","type":"post","link":"https:\/\/veredes.es\/blog\/gamazo-29-reforma-de-vivienda-en-el-casco-historico-de-valladolid-alvaro-moral-garcia-daniel-gonzalez-garcia-manuel-cuadrado-senorans\/","title":{"rendered":"Gamazo 29, reforma de vivienda en el casco hist\u00f3rico de Valladolid | \u00c1lvaro Moral Garc\u00eda &#8211; Daniel Gonz\u00e1lez Garc\u00eda &#8211; Manuel Cuadrado Se\u00f1orans"},"content":{"rendered":"<p><img loading=\"lazy\" decoding=\"async\" class=\"alignnone size-full wp-image-84229\" src=\"https:\/\/veredes.es\/blog\/wp-content\/uploads\/2021\/08\/Gamazo-29-reforma-de-vivienda-en-el-casco-historico-de-Valladolid-Alvaro-Moral-Garcia-Daniel-Gonzalez-Garcia-Manuel-Cuadrado-Senorans-o1.jpg\" alt=\"\" width=\"1200\" height=\"1802\" srcset=\"https:\/\/veredes.es\/blog\/wp-content\/uploads\/2021\/08\/Gamazo-29-reforma-de-vivienda-en-el-casco-historico-de-Valladolid-Alvaro-Moral-Garcia-Daniel-Gonzalez-Garcia-Manuel-Cuadrado-Senorans-o1.jpg 1200w, https:\/\/veredes.es\/blog\/wp-content\/uploads\/2021\/08\/Gamazo-29-reforma-de-vivienda-en-el-casco-historico-de-Valladolid-Alvaro-Moral-Garcia-Daniel-Gonzalez-Garcia-Manuel-Cuadrado-Senorans-o1-200x300.jpg 200w, https:\/\/veredes.es\/blog\/wp-content\/uploads\/2021\/08\/Gamazo-29-reforma-de-vivienda-en-el-casco-historico-de-Valladolid-Alvaro-Moral-Garcia-Daniel-Gonzalez-Garcia-Manuel-Cuadrado-Senorans-o1-682x1024.jpg 682w, https:\/\/veredes.es\/blog\/wp-content\/uploads\/2021\/08\/Gamazo-29-reforma-de-vivienda-en-el-casco-historico-de-Valladolid-Alvaro-Moral-Garcia-Daniel-Gonzalez-Garcia-Manuel-Cuadrado-Senorans-o1-1023x1536.jpg 1023w\" sizes=\"auto, (max-width: 1200px) 100vw, 1200px\" \/><\/p>\n<p style=\"text-align: justify;\">Situado en la reordenaci\u00f3n de los terrenos ocupados por la ultima corona conventual de Valladolid, se construye apoy\u00e1ndose en las alineaciones de mediados del siglo XIX, teniendo datada su construcci\u00f3n entre 1902 y 1903. Se trata de un edificio de car\u00e1cter industrial, marcado conceptualmente por la cercan\u00eda a la estaci\u00f3n de tren. El edificio presenta una planta libre, construida con varias cruj\u00edas de pies derechos de madera independientes de la tabiquer\u00eda de bloques de adobe y sus fachadas de ladrillo macizo.<\/p>\n<p style=\"text-align: justify;\">La intervenci\u00f3n se caracteriza por una actitud de depuraci\u00f3n formal de la compleja tipolog\u00eda encontrada. \u00c9sta, basada en alcobas y dependencias cerradas a patios interiores, es el resultado de una planta demasiado alargada, pero con dos fachadas de gran relevancia a las calles Muro y Gamazo. Se aprovecha la fachada hacia el este de luz matutina para las Habitaciones y la fachada Oeste, de luz de tarde para las zonas de estar.<\/p>\n<p style=\"text-align: justify;\">La intenci\u00f3n del proyecto es la liberaci\u00f3n completa de las fachadas, integrando todos los espacios de servicio en las zonas menos iluminadas, generando una ameba central, disgregada, elevada unos cent\u00edmetros por cuestiones t\u00e9cnicas, que absorbe las irregularidades de una geometr\u00eda singular. El resto de la vivienda se resuelve mediante dos muebles.<\/p>\n<p><img loading=\"lazy\" decoding=\"async\" class=\"alignnone size-full wp-image-84231\" src=\"https:\/\/veredes.es\/blog\/wp-content\/uploads\/2021\/08\/Gamazo-29-reforma-de-vivienda-en-el-casco-historico-de-Valladolid-Alvaro-Moral-Garcia-Daniel-Gonzalez-Garcia-Manuel-Cuadrado-Senorans-o3.gif\" alt=\"\" width=\"1200\" height=\"1800\" \/><\/p>\n<p style=\"text-align: justify;\">Estos muebles secuencian la privacidad de los espacios.<\/p>\n<p style=\"text-align: justify;\">El primero se pega a la medianera del edificio, engord\u00e1ndola levemente, marcando la transici\u00f3n de la zona publica a la privada (comedor-despensa-ropa sucia-vestidor). El segundo se dispone como una espina de pez (cocina-hall-mueble de acceso-habitaci\u00f3n) atravesando la vivienda por la parte central.<\/p>\n<p style=\"text-align: justify;\">La vivienda trata de dar respuesta a un modo de vida contempor\u00e1neo, eliminando por completo la tipolog\u00eda asociada a antiguos modos de habitar, pero, a la vez incorporando elementos heredados, como es el caso de los pies derechos de madera, el ladrillo de la fachada este o el mirador a calle Muro.<\/p>\n<p style=\"text-align: justify;\">Se pretende con ello la adici\u00f3n de un nuevo estrato, que no borre por completo las huellas del pasado, y dialogue con \u00e9l, a\u00f1adiendo un nuevo cap\u00edtulo al discurso contempor\u00e1neo sobre la vivienda.<\/p>\n<div id='gallery-1' class='gallery galleryid-84225 gallery-columns-4 gallery-size-thumbnail'><figure class='gallery-item'>\n\t\t\t<div class='gallery-icon portrait'>\n\t\t\t\t<a href='https:\/\/veredes.es\/blog\/wp-content\/uploads\/2021\/08\/Gamazo-29-reforma-de-vivienda-en-el-casco-historico-de-Valladolid-Alvaro-Moral-Garcia-Daniel-Gonzalez-Garcia-Manuel-Cuadrado-Senorans-o1.jpg'><img loading=\"lazy\" decoding=\"async\" width=\"120\" height=\"120\" src=\"https:\/\/veredes.es\/blog\/wp-content\/uploads\/2021\/08\/Gamazo-29-reforma-de-vivienda-en-el-casco-historico-de-Valladolid-Alvaro-Moral-Garcia-Daniel-Gonzalez-Garcia-Manuel-Cuadrado-Senorans-o1-120x120.jpg\" class=\"attachment-thumbnail size-thumbnail\" alt=\"\" srcset=\"https:\/\/veredes.es\/blog\/wp-content\/uploads\/2021\/08\/Gamazo-29-reforma-de-vivienda-en-el-casco-historico-de-Valladolid-Alvaro-Moral-Garcia-Daniel-Gonzalez-Garcia-Manuel-Cuadrado-Senorans-o1-120x120.jpg 120w, https:\/\/veredes.es\/blog\/wp-content\/uploads\/2021\/08\/Gamazo-29-reforma-de-vivienda-en-el-casco-historico-de-Valladolid-Alvaro-Moral-Garcia-Daniel-Gonzalez-Garcia-Manuel-Cuadrado-Senorans-o1-150x150.jpg 150w\" sizes=\"auto, (max-width: 120px) 100vw, 120px\" \/><\/a>\n\t\t\t<\/div><\/figure><figure class='gallery-item'>\n\t\t\t<div class='gallery-icon portrait'>\n\t\t\t\t<a href='https:\/\/veredes.es\/blog\/wp-content\/uploads\/2021\/08\/Gamazo-29-reforma-de-vivienda-en-el-casco-historico-de-Valladolid-Alvaro-Moral-Garcia-Daniel-Gonzalez-Garcia-Manuel-Cuadrado-Senorans-o2.jpg'><img loading=\"lazy\" decoding=\"async\" width=\"120\" height=\"120\" src=\"https:\/\/veredes.es\/blog\/wp-content\/uploads\/2021\/08\/Gamazo-29-reforma-de-vivienda-en-el-casco-historico-de-Valladolid-Alvaro-Moral-Garcia-Daniel-Gonzalez-Garcia-Manuel-Cuadrado-Senorans-o2-120x120.jpg\" class=\"attachment-thumbnail size-thumbnail\" alt=\"\" srcset=\"https:\/\/veredes.es\/blog\/wp-content\/uploads\/2021\/08\/Gamazo-29-reforma-de-vivienda-en-el-casco-historico-de-Valladolid-Alvaro-Moral-Garcia-Daniel-Gonzalez-Garcia-Manuel-Cuadrado-Senorans-o2-120x120.jpg 120w, https:\/\/veredes.es\/blog\/wp-content\/uploads\/2021\/08\/Gamazo-29-reforma-de-vivienda-en-el-casco-historico-de-Valladolid-Alvaro-Moral-Garcia-Daniel-Gonzalez-Garcia-Manuel-Cuadrado-Senorans-o2-150x150.jpg 150w\" sizes=\"auto, (max-width: 120px) 100vw, 120px\" \/><\/a>\n\t\t\t<\/div><\/figure><figure class='gallery-item'>\n\t\t\t<div class='gallery-icon portrait'>\n\t\t\t\t<a href='https:\/\/veredes.es\/blog\/wp-content\/uploads\/2021\/08\/Gamazo-29-reforma-de-vivienda-en-el-casco-historico-de-Valladolid-Alvaro-Moral-Garcia-Daniel-Gonzalez-Garcia-Manuel-Cuadrado-Senorans-o3.gif'><img loading=\"lazy\" decoding=\"async\" width=\"120\" height=\"120\" src=\"https:\/\/veredes.es\/blog\/wp-content\/uploads\/2021\/08\/Gamazo-29-reforma-de-vivienda-en-el-casco-historico-de-Valladolid-Alvaro-Moral-Garcia-Daniel-Gonzalez-Garcia-Manuel-Cuadrado-Senorans-o3-120x120.gif\" class=\"attachment-thumbnail size-thumbnail\" alt=\"\" srcset=\"https:\/\/veredes.es\/blog\/wp-content\/uploads\/2021\/08\/Gamazo-29-reforma-de-vivienda-en-el-casco-historico-de-Valladolid-Alvaro-Moral-Garcia-Daniel-Gonzalez-Garcia-Manuel-Cuadrado-Senorans-o3-120x120.gif 120w, https:\/\/veredes.es\/blog\/wp-content\/uploads\/2021\/08\/Gamazo-29-reforma-de-vivienda-en-el-casco-historico-de-Valladolid-Alvaro-Moral-Garcia-Daniel-Gonzalez-Garcia-Manuel-Cuadrado-Senorans-o3-150x150.gif 150w\" sizes=\"auto, (max-width: 120px) 100vw, 120px\" \/><\/a>\n\t\t\t<\/div><\/figure><figure class='gallery-item'>\n\t\t\t<div class='gallery-icon portrait'>\n\t\t\t\t<a href='https:\/\/veredes.es\/blog\/wp-content\/uploads\/2021\/08\/Gamazo-29-reforma-de-vivienda-en-el-casco-historico-de-Valladolid-Alvaro-Moral-Garcia-Daniel-Gonzalez-Garcia-Manuel-Cuadrado-Senorans-o4.gif'><img loading=\"lazy\" decoding=\"async\" width=\"120\" height=\"120\" src=\"https:\/\/veredes.es\/blog\/wp-content\/uploads\/2021\/08\/Gamazo-29-reforma-de-vivienda-en-el-casco-historico-de-Valladolid-Alvaro-Moral-Garcia-Daniel-Gonzalez-Garcia-Manuel-Cuadrado-Senorans-o4-120x120.gif\" class=\"attachment-thumbnail size-thumbnail\" alt=\"\" srcset=\"https:\/\/veredes.es\/blog\/wp-content\/uploads\/2021\/08\/Gamazo-29-reforma-de-vivienda-en-el-casco-historico-de-Valladolid-Alvaro-Moral-Garcia-Daniel-Gonzalez-Garcia-Manuel-Cuadrado-Senorans-o4-120x120.gif 120w, https:\/\/veredes.es\/blog\/wp-content\/uploads\/2021\/08\/Gamazo-29-reforma-de-vivienda-en-el-casco-historico-de-Valladolid-Alvaro-Moral-Garcia-Daniel-Gonzalez-Garcia-Manuel-Cuadrado-Senorans-o4-150x150.gif 150w\" sizes=\"auto, (max-width: 120px) 100vw, 120px\" \/><\/a>\n\t\t\t<\/div><\/figure><figure class='gallery-item'>\n\t\t\t<div class='gallery-icon portrait'>\n\t\t\t\t<a href='https:\/\/veredes.es\/blog\/wp-content\/uploads\/2021\/08\/Gamazo-29-reforma-de-vivienda-en-el-casco-historico-de-Valladolid-Alvaro-Moral-Garcia-Daniel-Gonzalez-Garcia-Manuel-Cuadrado-Senorans-o6.gif'><img loading=\"lazy\" decoding=\"async\" width=\"120\" height=\"120\" src=\"https:\/\/veredes.es\/blog\/wp-content\/uploads\/2021\/08\/Gamazo-29-reforma-de-vivienda-en-el-casco-historico-de-Valladolid-Alvaro-Moral-Garcia-Daniel-Gonzalez-Garcia-Manuel-Cuadrado-Senorans-o6-120x120.gif\" class=\"attachment-thumbnail size-thumbnail\" alt=\"\" srcset=\"https:\/\/veredes.es\/blog\/wp-content\/uploads\/2021\/08\/Gamazo-29-reforma-de-vivienda-en-el-casco-historico-de-Valladolid-Alvaro-Moral-Garcia-Daniel-Gonzalez-Garcia-Manuel-Cuadrado-Senorans-o6-120x120.gif 120w, https:\/\/veredes.es\/blog\/wp-content\/uploads\/2021\/08\/Gamazo-29-reforma-de-vivienda-en-el-casco-historico-de-Valladolid-Alvaro-Moral-Garcia-Daniel-Gonzalez-Garcia-Manuel-Cuadrado-Senorans-o6-150x150.gif 150w\" sizes=\"auto, (max-width: 120px) 100vw, 120px\" \/><\/a>\n\t\t\t<\/div><\/figure><figure class='gallery-item'>\n\t\t\t<div class='gallery-icon portrait'>\n\t\t\t\t<a href='https:\/\/veredes.es\/blog\/wp-content\/uploads\/2021\/08\/Gamazo-29-reforma-de-vivienda-en-el-casco-historico-de-Valladolid-Alvaro-Moral-Garcia-Daniel-Gonzalez-Garcia-Manuel-Cuadrado-Senorans-o6.jpg'><img loading=\"lazy\" decoding=\"async\" width=\"120\" height=\"120\" src=\"https:\/\/veredes.es\/blog\/wp-content\/uploads\/2021\/08\/Gamazo-29-reforma-de-vivienda-en-el-casco-historico-de-Valladolid-Alvaro-Moral-Garcia-Daniel-Gonzalez-Garcia-Manuel-Cuadrado-Senorans-o6-120x120.jpg\" class=\"attachment-thumbnail size-thumbnail\" alt=\"\" srcset=\"https:\/\/veredes.es\/blog\/wp-content\/uploads\/2021\/08\/Gamazo-29-reforma-de-vivienda-en-el-casco-historico-de-Valladolid-Alvaro-Moral-Garcia-Daniel-Gonzalez-Garcia-Manuel-Cuadrado-Senorans-o6-120x120.jpg 120w, https:\/\/veredes.es\/blog\/wp-content\/uploads\/2021\/08\/Gamazo-29-reforma-de-vivienda-en-el-casco-historico-de-Valladolid-Alvaro-Moral-Garcia-Daniel-Gonzalez-Garcia-Manuel-Cuadrado-Senorans-o6-150x150.jpg 150w\" sizes=\"auto, (max-width: 120px) 100vw, 120px\" \/><\/a>\n\t\t\t<\/div><\/figure><figure class='gallery-item'>\n\t\t\t<div class='gallery-icon portrait'>\n\t\t\t\t<a href='https:\/\/veredes.es\/blog\/wp-content\/uploads\/2021\/08\/Gamazo-29-reforma-de-vivienda-en-el-casco-historico-de-Valladolid-Alvaro-Moral-Garcia-Daniel-Gonzalez-Garcia-Manuel-Cuadrado-Senorans-o7.jpg'><img loading=\"lazy\" decoding=\"async\" width=\"120\" height=\"120\" src=\"https:\/\/veredes.es\/blog\/wp-content\/uploads\/2021\/08\/Gamazo-29-reforma-de-vivienda-en-el-casco-historico-de-Valladolid-Alvaro-Moral-Garcia-Daniel-Gonzalez-Garcia-Manuel-Cuadrado-Senorans-o7-120x120.jpg\" class=\"attachment-thumbnail size-thumbnail\" alt=\"\" srcset=\"https:\/\/veredes.es\/blog\/wp-content\/uploads\/2021\/08\/Gamazo-29-reforma-de-vivienda-en-el-casco-historico-de-Valladolid-Alvaro-Moral-Garcia-Daniel-Gonzalez-Garcia-Manuel-Cuadrado-Senorans-o7-120x120.jpg 120w, https:\/\/veredes.es\/blog\/wp-content\/uploads\/2021\/08\/Gamazo-29-reforma-de-vivienda-en-el-casco-historico-de-Valladolid-Alvaro-Moral-Garcia-Daniel-Gonzalez-Garcia-Manuel-Cuadrado-Senorans-o7-150x150.jpg 150w\" sizes=\"auto, (max-width: 120px) 100vw, 120px\" \/><\/a>\n\t\t\t<\/div><\/figure><figure class='gallery-item'>\n\t\t\t<div class='gallery-icon portrait'>\n\t\t\t\t<a href='https:\/\/veredes.es\/blog\/wp-content\/uploads\/2021\/08\/Gamazo-29-reforma-de-vivienda-en-el-casco-historico-de-Valladolid-Alvaro-Moral-Garcia-Daniel-Gonzalez-Garcia-Manuel-Cuadrado-Senorans-o8.jpg'><img loading=\"lazy\" decoding=\"async\" width=\"120\" height=\"120\" src=\"https:\/\/veredes.es\/blog\/wp-content\/uploads\/2021\/08\/Gamazo-29-reforma-de-vivienda-en-el-casco-historico-de-Valladolid-Alvaro-Moral-Garcia-Daniel-Gonzalez-Garcia-Manuel-Cuadrado-Senorans-o8-120x120.jpg\" class=\"attachment-thumbnail size-thumbnail\" alt=\"\" srcset=\"https:\/\/veredes.es\/blog\/wp-content\/uploads\/2021\/08\/Gamazo-29-reforma-de-vivienda-en-el-casco-historico-de-Valladolid-Alvaro-Moral-Garcia-Daniel-Gonzalez-Garcia-Manuel-Cuadrado-Senorans-o8-120x120.jpg 120w, https:\/\/veredes.es\/blog\/wp-content\/uploads\/2021\/08\/Gamazo-29-reforma-de-vivienda-en-el-casco-historico-de-Valladolid-Alvaro-Moral-Garcia-Daniel-Gonzalez-Garcia-Manuel-Cuadrado-Senorans-o8-150x150.jpg 150w\" sizes=\"auto, (max-width: 120px) 100vw, 120px\" \/><\/a>\n\t\t\t<\/div><\/figure><figure class='gallery-item'>\n\t\t\t<div class='gallery-icon landscape'>\n\t\t\t\t<a href='https:\/\/veredes.es\/blog\/wp-content\/uploads\/2021\/08\/Gamazo-29-reforma-de-vivienda-en-el-casco-historico-de-Valladolid-Alvaro-Moral-Garcia-Daniel-Gonzalez-Garcia-Manuel-Cuadrado-Senorans-o9.jpg'><img loading=\"lazy\" decoding=\"async\" width=\"120\" height=\"120\" src=\"https:\/\/veredes.es\/blog\/wp-content\/uploads\/2021\/08\/Gamazo-29-reforma-de-vivienda-en-el-casco-historico-de-Valladolid-Alvaro-Moral-Garcia-Daniel-Gonzalez-Garcia-Manuel-Cuadrado-Senorans-o9-120x120.jpg\" class=\"attachment-thumbnail size-thumbnail\" alt=\"\" srcset=\"https:\/\/veredes.es\/blog\/wp-content\/uploads\/2021\/08\/Gamazo-29-reforma-de-vivienda-en-el-casco-historico-de-Valladolid-Alvaro-Moral-Garcia-Daniel-Gonzalez-Garcia-Manuel-Cuadrado-Senorans-o9-120x120.jpg 120w, https:\/\/veredes.es\/blog\/wp-content\/uploads\/2021\/08\/Gamazo-29-reforma-de-vivienda-en-el-casco-historico-de-Valladolid-Alvaro-Moral-Garcia-Daniel-Gonzalez-Garcia-Manuel-Cuadrado-Senorans-o9-150x150.jpg 150w\" sizes=\"auto, (max-width: 120px) 100vw, 120px\" \/><\/a>\n\t\t\t<\/div><\/figure><figure class='gallery-item'>\n\t\t\t<div class='gallery-icon landscape'>\n\t\t\t\t<a href='https:\/\/veredes.es\/blog\/wp-content\/uploads\/2021\/08\/Gamazo-29-reforma-de-vivienda-en-el-casco-historico-de-Valladolid-Alvaro-Moral-Garcia-Daniel-Gonzalez-Garcia-Manuel-Cuadrado-Senorans-o10.jpg'><img loading=\"lazy\" decoding=\"async\" width=\"120\" height=\"120\" src=\"https:\/\/veredes.es\/blog\/wp-content\/uploads\/2021\/08\/Gamazo-29-reforma-de-vivienda-en-el-casco-historico-de-Valladolid-Alvaro-Moral-Garcia-Daniel-Gonzalez-Garcia-Manuel-Cuadrado-Senorans-o10-120x120.jpg\" class=\"attachment-thumbnail size-thumbnail\" alt=\"\" srcset=\"https:\/\/veredes.es\/blog\/wp-content\/uploads\/2021\/08\/Gamazo-29-reforma-de-vivienda-en-el-casco-historico-de-Valladolid-Alvaro-Moral-Garcia-Daniel-Gonzalez-Garcia-Manuel-Cuadrado-Senorans-o10-120x120.jpg 120w, https:\/\/veredes.es\/blog\/wp-content\/uploads\/2021\/08\/Gamazo-29-reforma-de-vivienda-en-el-casco-historico-de-Valladolid-Alvaro-Moral-Garcia-Daniel-Gonzalez-Garcia-Manuel-Cuadrado-Senorans-o10-150x150.jpg 150w\" sizes=\"auto, (max-width: 120px) 100vw, 120px\" \/><\/a>\n\t\t\t<\/div><\/figure><figure class='gallery-item'>\n\t\t\t<div class='gallery-icon landscape'>\n\t\t\t\t<a href='https:\/\/veredes.es\/blog\/wp-content\/uploads\/2021\/08\/Gamazo-29-reforma-de-vivienda-en-el-casco-historico-de-Valladolid-Alvaro-Moral-Garcia-Daniel-Gonzalez-Garcia-Manuel-Cuadrado-Senorans-o11.jpg'><img loading=\"lazy\" decoding=\"async\" width=\"120\" height=\"120\" src=\"https:\/\/veredes.es\/blog\/wp-content\/uploads\/2021\/08\/Gamazo-29-reforma-de-vivienda-en-el-casco-historico-de-Valladolid-Alvaro-Moral-Garcia-Daniel-Gonzalez-Garcia-Manuel-Cuadrado-Senorans-o11-120x120.jpg\" class=\"attachment-thumbnail size-thumbnail\" alt=\"\" srcset=\"https:\/\/veredes.es\/blog\/wp-content\/uploads\/2021\/08\/Gamazo-29-reforma-de-vivienda-en-el-casco-historico-de-Valladolid-Alvaro-Moral-Garcia-Daniel-Gonzalez-Garcia-Manuel-Cuadrado-Senorans-o11-120x120.jpg 120w, https:\/\/veredes.es\/blog\/wp-content\/uploads\/2021\/08\/Gamazo-29-reforma-de-vivienda-en-el-casco-historico-de-Valladolid-Alvaro-Moral-Garcia-Daniel-Gonzalez-Garcia-Manuel-Cuadrado-Senorans-o11-150x150.jpg 150w\" sizes=\"auto, (max-width: 120px) 100vw, 120px\" \/><\/a>\n\t\t\t<\/div><\/figure><figure class='gallery-item'>\n\t\t\t<div class='gallery-icon landscape'>\n\t\t\t\t<a href='https:\/\/veredes.es\/blog\/wp-content\/uploads\/2021\/08\/Gamazo-29-reforma-de-vivienda-en-el-casco-historico-de-Valladolid-Alvaro-Moral-Garcia-Daniel-Gonzalez-Garcia-Manuel-Cuadrado-Senorans-o12.jpg'><img loading=\"lazy\" decoding=\"async\" width=\"120\" height=\"120\" src=\"https:\/\/veredes.es\/blog\/wp-content\/uploads\/2021\/08\/Gamazo-29-reforma-de-vivienda-en-el-casco-historico-de-Valladolid-Alvaro-Moral-Garcia-Daniel-Gonzalez-Garcia-Manuel-Cuadrado-Senorans-o12-120x120.jpg\" class=\"attachment-thumbnail size-thumbnail\" alt=\"\" srcset=\"https:\/\/veredes.es\/blog\/wp-content\/uploads\/2021\/08\/Gamazo-29-reforma-de-vivienda-en-el-casco-historico-de-Valladolid-Alvaro-Moral-Garcia-Daniel-Gonzalez-Garcia-Manuel-Cuadrado-Senorans-o12-120x120.jpg 120w, https:\/\/veredes.es\/blog\/wp-content\/uploads\/2021\/08\/Gamazo-29-reforma-de-vivienda-en-el-casco-historico-de-Valladolid-Alvaro-Moral-Garcia-Daniel-Gonzalez-Garcia-Manuel-Cuadrado-Senorans-o12-150x150.jpg 150w\" sizes=\"auto, (max-width: 120px) 100vw, 120px\" \/><\/a>\n\t\t\t<\/div><\/figure><figure class='gallery-item'>\n\t\t\t<div class='gallery-icon landscape'>\n\t\t\t\t<a href='https:\/\/veredes.es\/blog\/wp-content\/uploads\/2021\/08\/Gamazo-29-reforma-de-vivienda-en-el-casco-historico-de-Valladolid-Alvaro-Moral-Garcia-Daniel-Gonzalez-Garcia-Manuel-Cuadrado-Senorans-o13.jpg'><img loading=\"lazy\" decoding=\"async\" width=\"120\" height=\"120\" src=\"https:\/\/veredes.es\/blog\/wp-content\/uploads\/2021\/08\/Gamazo-29-reforma-de-vivienda-en-el-casco-historico-de-Valladolid-Alvaro-Moral-Garcia-Daniel-Gonzalez-Garcia-Manuel-Cuadrado-Senorans-o13-120x120.jpg\" class=\"attachment-thumbnail size-thumbnail\" alt=\"\" srcset=\"https:\/\/veredes.es\/blog\/wp-content\/uploads\/2021\/08\/Gamazo-29-reforma-de-vivienda-en-el-casco-historico-de-Valladolid-Alvaro-Moral-Garcia-Daniel-Gonzalez-Garcia-Manuel-Cuadrado-Senorans-o13-120x120.jpg 120w, https:\/\/veredes.es\/blog\/wp-content\/uploads\/2021\/08\/Gamazo-29-reforma-de-vivienda-en-el-casco-historico-de-Valladolid-Alvaro-Moral-Garcia-Daniel-Gonzalez-Garcia-Manuel-Cuadrado-Senorans-o13-150x150.jpg 150w\" sizes=\"auto, (max-width: 120px) 100vw, 120px\" \/><\/a>\n\t\t\t<\/div><\/figure><figure class='gallery-item'>\n\t\t\t<div class='gallery-icon portrait'>\n\t\t\t\t<a href='https:\/\/veredes.es\/blog\/wp-content\/uploads\/2021\/08\/Gamazo-29-reforma-de-vivienda-en-el-casco-historico-de-Valladolid-Alvaro-Moral-Garcia-Daniel-Gonzalez-Garcia-Manuel-Cuadrado-Senorans-o14-Plano001-scaled.jpg'><img loading=\"lazy\" decoding=\"async\" width=\"120\" height=\"120\" src=\"https:\/\/veredes.es\/blog\/wp-content\/uploads\/2021\/08\/Gamazo-29-reforma-de-vivienda-en-el-casco-historico-de-Valladolid-Alvaro-Moral-Garcia-Daniel-Gonzalez-Garcia-Manuel-Cuadrado-Senorans-o14-Plano001-120x120.jpg\" class=\"attachment-thumbnail size-thumbnail\" alt=\"\" srcset=\"https:\/\/veredes.es\/blog\/wp-content\/uploads\/2021\/08\/Gamazo-29-reforma-de-vivienda-en-el-casco-historico-de-Valladolid-Alvaro-Moral-Garcia-Daniel-Gonzalez-Garcia-Manuel-Cuadrado-Senorans-o14-Plano001-120x120.jpg 120w, https:\/\/veredes.es\/blog\/wp-content\/uploads\/2021\/08\/Gamazo-29-reforma-de-vivienda-en-el-casco-historico-de-Valladolid-Alvaro-Moral-Garcia-Daniel-Gonzalez-Garcia-Manuel-Cuadrado-Senorans-o14-Plano001-150x150.jpg 150w\" sizes=\"auto, (max-width: 120px) 100vw, 120px\" \/><\/a>\n\t\t\t<\/div><\/figure><figure class='gallery-item'>\n\t\t\t<div class='gallery-icon landscape'>\n\t\t\t\t<a href='https:\/\/veredes.es\/blog\/wp-content\/uploads\/2021\/08\/Gamazo-29-reforma-de-vivienda-en-el-casco-historico-de-Valladolid-Alvaro-Moral-Garcia-Daniel-Gonzalez-Garcia-Manuel-Cuadrado-Senorans-o15-Plano002.jpg'><img loading=\"lazy\" decoding=\"async\" width=\"120\" height=\"120\" src=\"https:\/\/veredes.es\/blog\/wp-content\/uploads\/2021\/08\/Gamazo-29-reforma-de-vivienda-en-el-casco-historico-de-Valladolid-Alvaro-Moral-Garcia-Daniel-Gonzalez-Garcia-Manuel-Cuadrado-Senorans-o15-Plano002-120x120.jpg\" class=\"attachment-thumbnail size-thumbnail\" alt=\"\" srcset=\"https:\/\/veredes.es\/blog\/wp-content\/uploads\/2021\/08\/Gamazo-29-reforma-de-vivienda-en-el-casco-historico-de-Valladolid-Alvaro-Moral-Garcia-Daniel-Gonzalez-Garcia-Manuel-Cuadrado-Senorans-o15-Plano002-120x120.jpg 120w, https:\/\/veredes.es\/blog\/wp-content\/uploads\/2021\/08\/Gamazo-29-reforma-de-vivienda-en-el-casco-historico-de-Valladolid-Alvaro-Moral-Garcia-Daniel-Gonzalez-Garcia-Manuel-Cuadrado-Senorans-o15-Plano002-300x300.jpg 300w, https:\/\/veredes.es\/blog\/wp-content\/uploads\/2021\/08\/Gamazo-29-reforma-de-vivienda-en-el-casco-historico-de-Valladolid-Alvaro-Moral-Garcia-Daniel-Gonzalez-Garcia-Manuel-Cuadrado-Senorans-o15-Plano002-1024x1024.jpg 1024w, https:\/\/veredes.es\/blog\/wp-content\/uploads\/2021\/08\/Gamazo-29-reforma-de-vivienda-en-el-casco-historico-de-Valladolid-Alvaro-Moral-Garcia-Daniel-Gonzalez-Garcia-Manuel-Cuadrado-Senorans-o15-Plano002-150x150.jpg 150w, https:\/\/veredes.es\/blog\/wp-content\/uploads\/2021\/08\/Gamazo-29-reforma-de-vivienda-en-el-casco-historico-de-Valladolid-Alvaro-Moral-Garcia-Daniel-Gonzalez-Garcia-Manuel-Cuadrado-Senorans-o15-Plano002.jpg 1200w\" sizes=\"auto, (max-width: 120px) 100vw, 120px\" \/><\/a>\n\t\t\t<\/div><\/figure><figure class='gallery-item'>\n\t\t\t<div class='gallery-icon landscape'>\n\t\t\t\t<a href='https:\/\/veredes.es\/blog\/wp-content\/uploads\/2021\/08\/Gamazo-29-reforma-de-vivienda-en-el-casco-historico-de-Valladolid-Alvaro-Moral-Garcia-Daniel-Gonzalez-Garcia-Manuel-Cuadrado-Senorans-o16-Plano003.jpg'><img loading=\"lazy\" decoding=\"async\" width=\"120\" height=\"120\" src=\"https:\/\/veredes.es\/blog\/wp-content\/uploads\/2021\/08\/Gamazo-29-reforma-de-vivienda-en-el-casco-historico-de-Valladolid-Alvaro-Moral-Garcia-Daniel-Gonzalez-Garcia-Manuel-Cuadrado-Senorans-o16-Plano003-120x120.jpg\" class=\"attachment-thumbnail size-thumbnail\" alt=\"\" srcset=\"https:\/\/veredes.es\/blog\/wp-content\/uploads\/2021\/08\/Gamazo-29-reforma-de-vivienda-en-el-casco-historico-de-Valladolid-Alvaro-Moral-Garcia-Daniel-Gonzalez-Garcia-Manuel-Cuadrado-Senorans-o16-Plano003-120x120.jpg 120w, https:\/\/veredes.es\/blog\/wp-content\/uploads\/2021\/08\/Gamazo-29-reforma-de-vivienda-en-el-casco-historico-de-Valladolid-Alvaro-Moral-Garcia-Daniel-Gonzalez-Garcia-Manuel-Cuadrado-Senorans-o16-Plano003-150x150.jpg 150w\" sizes=\"auto, (max-width: 120px) 100vw, 120px\" \/><\/a>\n\t\t\t<\/div><\/figure><figure class='gallery-item'>\n\t\t\t<div class='gallery-icon landscape'>\n\t\t\t\t<a href='https:\/\/veredes.es\/blog\/wp-content\/uploads\/2021\/08\/Gamazo-29-reforma-de-vivienda-en-el-casco-historico-de-Valladolid-Alvaro-Moral-Garcia-Daniel-Gonzalez-Garcia-Manuel-Cuadrado-Senorans-o17-Plano004.jpg'><img loading=\"lazy\" decoding=\"async\" width=\"120\" height=\"120\" src=\"https:\/\/veredes.es\/blog\/wp-content\/uploads\/2021\/08\/Gamazo-29-reforma-de-vivienda-en-el-casco-historico-de-Valladolid-Alvaro-Moral-Garcia-Daniel-Gonzalez-Garcia-Manuel-Cuadrado-Senorans-o17-Plano004-120x120.jpg\" class=\"attachment-thumbnail size-thumbnail\" alt=\"\" srcset=\"https:\/\/veredes.es\/blog\/wp-content\/uploads\/2021\/08\/Gamazo-29-reforma-de-vivienda-en-el-casco-historico-de-Valladolid-Alvaro-Moral-Garcia-Daniel-Gonzalez-Garcia-Manuel-Cuadrado-Senorans-o17-Plano004-120x120.jpg 120w, https:\/\/veredes.es\/blog\/wp-content\/uploads\/2021\/08\/Gamazo-29-reforma-de-vivienda-en-el-casco-historico-de-Valladolid-Alvaro-Moral-Garcia-Daniel-Gonzalez-Garcia-Manuel-Cuadrado-Senorans-o17-Plano004-150x150.jpg 150w\" sizes=\"auto, (max-width: 120px) 100vw, 120px\" \/><\/a>\n\t\t\t<\/div><\/figure><figure class='gallery-item'>\n\t\t\t<div class='gallery-icon landscape'>\n\t\t\t\t<a href='https:\/\/veredes.es\/blog\/wp-content\/uploads\/2021\/08\/Gamazo-29-reforma-de-vivienda-en-el-casco-historico-de-Valladolid-Alvaro-Moral-Garcia-Daniel-Gonzalez-Garcia-Manuel-Cuadrado-Senorans-o18-Plano005.jpg'><img loading=\"lazy\" decoding=\"async\" width=\"120\" height=\"120\" src=\"https:\/\/veredes.es\/blog\/wp-content\/uploads\/2021\/08\/Gamazo-29-reforma-de-vivienda-en-el-casco-historico-de-Valladolid-Alvaro-Moral-Garcia-Daniel-Gonzalez-Garcia-Manuel-Cuadrado-Senorans-o18-Plano005-120x120.jpg\" class=\"attachment-thumbnail size-thumbnail\" alt=\"\" srcset=\"https:\/\/veredes.es\/blog\/wp-content\/uploads\/2021\/08\/Gamazo-29-reforma-de-vivienda-en-el-casco-historico-de-Valladolid-Alvaro-Moral-Garcia-Daniel-Gonzalez-Garcia-Manuel-Cuadrado-Senorans-o18-Plano005-120x120.jpg 120w, https:\/\/veredes.es\/blog\/wp-content\/uploads\/2021\/08\/Gamazo-29-reforma-de-vivienda-en-el-casco-historico-de-Valladolid-Alvaro-Moral-Garcia-Daniel-Gonzalez-Garcia-Manuel-Cuadrado-Senorans-o18-Plano005-150x150.jpg 150w\" sizes=\"auto, (max-width: 120px) 100vw, 120px\" \/><\/a>\n\t\t\t<\/div><\/figure><figure class='gallery-item'>\n\t\t\t<div class='gallery-icon landscape'>\n\t\t\t\t<a href='https:\/\/veredes.es\/blog\/wp-content\/uploads\/2021\/08\/Gamazo-29-reforma-de-vivienda-en-el-casco-historico-de-Valladolid-Alvaro-Moral-Garcia-Daniel-Gonzalez-Garcia-Manuel-Cuadrado-Senorans-o19-Plano006.jpg'><img loading=\"lazy\" decoding=\"async\" width=\"120\" height=\"120\" src=\"https:\/\/veredes.es\/blog\/wp-content\/uploads\/2021\/08\/Gamazo-29-reforma-de-vivienda-en-el-casco-historico-de-Valladolid-Alvaro-Moral-Garcia-Daniel-Gonzalez-Garcia-Manuel-Cuadrado-Senorans-o19-Plano006-120x120.jpg\" class=\"attachment-thumbnail size-thumbnail\" alt=\"\" srcset=\"https:\/\/veredes.es\/blog\/wp-content\/uploads\/2021\/08\/Gamazo-29-reforma-de-vivienda-en-el-casco-historico-de-Valladolid-Alvaro-Moral-Garcia-Daniel-Gonzalez-Garcia-Manuel-Cuadrado-Senorans-o19-Plano006-120x120.jpg 120w, https:\/\/veredes.es\/blog\/wp-content\/uploads\/2021\/08\/Gamazo-29-reforma-de-vivienda-en-el-casco-historico-de-Valladolid-Alvaro-Moral-Garcia-Daniel-Gonzalez-Garcia-Manuel-Cuadrado-Senorans-o19-Plano006-300x300.jpg 300w, https:\/\/veredes.es\/blog\/wp-content\/uploads\/2021\/08\/Gamazo-29-reforma-de-vivienda-en-el-casco-historico-de-Valladolid-Alvaro-Moral-Garcia-Daniel-Gonzalez-Garcia-Manuel-Cuadrado-Senorans-o19-Plano006-150x150.jpg 150w, https:\/\/veredes.es\/blog\/wp-content\/uploads\/2021\/08\/Gamazo-29-reforma-de-vivienda-en-el-casco-historico-de-Valladolid-Alvaro-Moral-Garcia-Daniel-Gonzalez-Garcia-Manuel-Cuadrado-Senorans-o19-Plano006.jpg 1000w\" sizes=\"auto, (max-width: 120px) 100vw, 120px\" \/><\/a>\n\t\t\t<\/div><\/figure><figure class='gallery-item'>\n\t\t\t<div class='gallery-icon landscape'>\n\t\t\t\t<a href='https:\/\/veredes.es\/blog\/wp-content\/uploads\/2021\/08\/Gamazo-29-reforma-de-vivienda-en-el-casco-historico-de-Valladolid-Alvaro-Moral-Garcia-Daniel-Gonzalez-Garcia-Manuel-Cuadrado-Senorans-o20-Plano007.jpg'><img loading=\"lazy\" decoding=\"async\" width=\"120\" height=\"120\" src=\"https:\/\/veredes.es\/blog\/wp-content\/uploads\/2021\/08\/Gamazo-29-reforma-de-vivienda-en-el-casco-historico-de-Valladolid-Alvaro-Moral-Garcia-Daniel-Gonzalez-Garcia-Manuel-Cuadrado-Senorans-o20-Plano007-120x120.jpg\" class=\"attachment-thumbnail size-thumbnail\" alt=\"\" srcset=\"https:\/\/veredes.es\/blog\/wp-content\/uploads\/2021\/08\/Gamazo-29-reforma-de-vivienda-en-el-casco-historico-de-Valladolid-Alvaro-Moral-Garcia-Daniel-Gonzalez-Garcia-Manuel-Cuadrado-Senorans-o20-Plano007-120x120.jpg 120w, https:\/\/veredes.es\/blog\/wp-content\/uploads\/2021\/08\/Gamazo-29-reforma-de-vivienda-en-el-casco-historico-de-Valladolid-Alvaro-Moral-Garcia-Daniel-Gonzalez-Garcia-Manuel-Cuadrado-Senorans-o20-Plano007-150x150.jpg 150w\" sizes=\"auto, (max-width: 120px) 100vw, 120px\" \/><\/a>\n\t\t\t<\/div><\/figure>\n\t\t<\/div>\n\n<p style=\"text-align: justify;\">Obra: Gamazo 29, reforma de vivienda en el casco hist\u00f3rico de Valladolid<br \/>\nAutores: \u00c1lvaro Moral Garc\u00eda | Daniel Gonz\u00e1lez Garc\u00eda | Manuel Cuadrado Se\u00f1orans<br \/>\nColaboradores: Mar\u00eda Garc\u00eda Alonso<br \/>\nEmplazamiento: Calle de Gamazo, 47001 Valladolid, Espa\u00f1a<br \/>\nA\u00f1o: 2017-2019<br \/>\nSuperficie: 130 m2<br \/>\nPresupuesto: 150.000 \u20ac<br \/>\nConstructora: Grupo HCB<br \/>\nCarpinter\u00eda: Grupo HCB<br \/>\nIluminaci\u00f3n: Tromilux, arco Contempor\u00e1neo, Uno 1luminaci\u00f3n<br \/>\nFotograf\u00eda: Javier Bravo<br \/>\n<span style=\"color: #999999;\"><a style=\"color: #999999;\" href=\"http:\/\/www.madevarquitectos.com\/\" target=\"_blank\" rel=\"noopener\">+ madevarquitectos.com<\/a><\/span><\/p>\n<p style=\"text-align: justify;\"><strong>Premios<\/strong><br \/>\nXI Premios COACYLE PRIMER PREMIO. Dise\u00f1o de espacios interiores<\/p>\n","protected":false},"excerpt":{"rendered":"<p>Situado en la reordenaci\u00f3n de los terrenos ocupados por la ultima corona conventual de Valladolid, se construye apoy\u00e1ndose en las alineaciones de mediados del siglo XIX, teniendo datada su construcci\u00f3n entre 1902 y 1903. Se trata de un edificio de car\u00e1cter industrial, marcado conceptualmente por la cercan\u00eda a la estaci\u00f3n de tren. El edificio presenta [&hellip;]<\/p>\n","protected":false},"author":2,"featured_media":84241,"comment_status":"open","ping_status":"closed","sticky":false,"template":"","format":"standard","meta":{"footnotes":""},"categories":[34,23,2039,5951,58],"tags":[15242,812,2631,267,15342,4503,15341,12472,3798,12454,6318],"class_list":{"0":"post-84225","1":"post","2":"type-post","3":"status-publish","4":"format-standard","5":"has-post-thumbnail","7":"category-arquitectura","8":"category-obras","9":"category-reforma-interior","10":"category-slider-principal","11":"category-vivienda-colectiva","12":"tag-alvaro-moral-garcia","14":"tag-arquitectura-espanola","15":"tag-casco-historico","16":"tag-daniel-gonzalez-garcia","17":"tag-diseno-de-mobiliario","18":"tag-manuel-cuadrado-senorans","19":"tag-reforma-interior","20":"tag-valladolid","21":"tag-vivienda-colectiva","22":"tag-vivienda-entremedianera"},"yoast_head":"<!-- This site is optimized with the Yoast SEO plugin v27.5 - https:\/\/yoast.com\/product\/yoast-seo-wordpress\/ -->\n<title>Gamazo 29, reforma de vivienda en el casco hist\u00f3rico de Valladolid | \u00c1lvaro Moral Garc\u00eda - Daniel Gonz\u00e1lez Garc\u00eda - Manuel Cuadrado Se\u00f1orans - veredes<\/title>\n<meta name=\"description\" content=\"Toda la informaci\u00f3n sobre: Gamazo 29, reforma de vivienda en el casco hist\u00f3rico de Valladolid | \u00c1lvaro Moral Garc\u00eda - Daniel Gonz\u00e1lez Garc\u00eda - Manuel Cuadrado Se\u00f1orans\" \/>\n<meta name=\"robots\" content=\"index, follow, max-snippet:-1, max-image-preview:large, max-video-preview:-1\" \/>\n<link rel=\"canonical\" href=\"https:\/\/veredes.es\/blog\/gamazo-29-reforma-de-vivienda-en-el-casco-historico-de-valladolid-alvaro-moral-garcia-daniel-gonzalez-garcia-manuel-cuadrado-senorans\/\" \/>\n<meta property=\"og:locale\" content=\"es_ES\" \/>\n<meta property=\"og:type\" content=\"article\" \/>\n<meta property=\"og:title\" content=\"Gamazo 29, reforma de vivienda en el casco hist\u00f3rico de Valladolid | \u00c1lvaro Moral Garc\u00eda - Daniel Gonz\u00e1lez Garc\u00eda - Manuel Cuadrado Se\u00f1orans - veredes\" \/>\n<meta property=\"og:description\" content=\"Toda la informaci\u00f3n sobre: Gamazo 29, reforma de vivienda en el casco hist\u00f3rico de Valladolid | \u00c1lvaro Moral Garc\u00eda - Daniel Gonz\u00e1lez Garc\u00eda - Manuel Cuadrado Se\u00f1orans\" \/>\n<meta property=\"og:url\" content=\"https:\/\/veredes.es\/blog\/gamazo-29-reforma-de-vivienda-en-el-casco-historico-de-valladolid-alvaro-moral-garcia-daniel-gonzalez-garcia-manuel-cuadrado-senorans\/\" \/>\n<meta property=\"og:site_name\" content=\"veredes, arquitectura y divulgaci\u00f3n\" \/>\n<meta property=\"article:publisher\" content=\"https:\/\/www.facebook.com\/veredesArquitecturayDivulgacion\/\" \/>\n<meta property=\"article:author\" content=\"https:\/\/www.facebook.com\/veredesArquitecturayDivulgacion\/\" \/>\n<meta property=\"article:published_time\" content=\"2021-08-10T22:01:20+00:00\" \/>\n<meta property=\"og:image\" content=\"https:\/\/veredes.es\/blog\/wp-content\/uploads\/2021\/08\/Gamazo-29-reforma-de-vivienda-en-el-casco-historico-de-Valladolid-Alvaro-Moral-Garcia-Daniel-Gonzalez-Garcia-Manuel-Cuadrado-Senorans-o13.jpg\" \/>\n\t<meta property=\"og:image:width\" content=\"1200\" \/>\n\t<meta property=\"og:image:height\" content=\"800\" \/>\n\t<meta property=\"og:image:type\" content=\"image\/jpeg\" \/>\n<meta name=\"author\" content=\"veredes\" \/>\n<meta name=\"twitter:card\" content=\"summary_large_image\" \/>\n<meta name=\"twitter:creator\" content=\"@https:\/\/twitter.com\/veredes\" \/>\n<meta name=\"twitter:site\" content=\"@veredes\" \/>\n<meta name=\"twitter:label1\" content=\"Escrito por\" \/>\n\t<meta name=\"twitter:data1\" content=\"veredes\" \/>\n\t<meta name=\"twitter:label2\" content=\"Tiempo de lectura\" \/>\n\t<meta name=\"twitter:data2\" content=\"3 minutos\" \/>\n<script type=\"application\/ld+json\" class=\"yoast-schema-graph\">{\"@context\":\"https:\\\/\\\/schema.org\",\"@graph\":[{\"@type\":\"Article\",\"@id\":\"https:\\\/\\\/veredes.es\\\/blog\\\/gamazo-29-reforma-de-vivienda-en-el-casco-historico-de-valladolid-alvaro-moral-garcia-daniel-gonzalez-garcia-manuel-cuadrado-senorans\\\/#article\",\"isPartOf\":{\"@id\":\"https:\\\/\\\/veredes.es\\\/blog\\\/gamazo-29-reforma-de-vivienda-en-el-casco-historico-de-valladolid-alvaro-moral-garcia-daniel-gonzalez-garcia-manuel-cuadrado-senorans\\\/\"},\"author\":{\"name\":\"veredes\",\"@id\":\"https:\\\/\\\/veredes.es\\\/blog\\\/#\\\/schema\\\/person\\\/0bbb669073ef7faba5168a0844e93d2c\"},\"headline\":\"Gamazo 29, reforma de vivienda en el casco hist\u00f3rico de Valladolid | \u00c1lvaro Moral Garc\u00eda &#8211; Daniel Gonz\u00e1lez Garc\u00eda &#8211; Manuel Cuadrado Se\u00f1orans\",\"datePublished\":\"2021-08-10T22:01:20+00:00\",\"mainEntityOfPage\":{\"@id\":\"https:\\\/\\\/veredes.es\\\/blog\\\/gamazo-29-reforma-de-vivienda-en-el-casco-historico-de-valladolid-alvaro-moral-garcia-daniel-gonzalez-garcia-manuel-cuadrado-senorans\\\/\"},\"wordCount\":471,\"commentCount\":0,\"publisher\":{\"@id\":\"https:\\\/\\\/veredes.es\\\/blog\\\/#organization\"},\"image\":{\"@id\":\"https:\\\/\\\/veredes.es\\\/blog\\\/gamazo-29-reforma-de-vivienda-en-el-casco-historico-de-valladolid-alvaro-moral-garcia-daniel-gonzalez-garcia-manuel-cuadrado-senorans\\\/#primaryimage\"},\"thumbnailUrl\":\"https:\\\/\\\/veredes.es\\\/blog\\\/wp-content\\\/uploads\\\/2021\\\/08\\\/Gamazo-29-reforma-de-vivienda-en-el-casco-historico-de-Valladolid-Alvaro-Moral-Garcia-Daniel-Gonzalez-Garcia-Manuel-Cuadrado-Senorans-o13.jpg\",\"keywords\":[\"\u00c1lvaro Moral Garc\u00eda\",\"arquitectura en madera\",\"arquitectura espa\u00f1ola\",\"casco hist\u00f3rico\",\"Daniel Gonz\u00e1lez Garc\u00eda\",\"dise\u00f1o de mobiliario\",\"Manuel Cuadrado Se\u00f1orans\",\"reforma interior\",\"Valladolid\",\"vivienda colectiva\",\"vivienda entremedianera\"],\"articleSection\":[\"arquitectura\",\"obras\",\"reforma interior\",\"slider principal\",\"vivienda colectiva\"],\"inLanguage\":\"es\",\"potentialAction\":[{\"@type\":\"CommentAction\",\"name\":\"Comment\",\"target\":[\"https:\\\/\\\/veredes.es\\\/blog\\\/gamazo-29-reforma-de-vivienda-en-el-casco-historico-de-valladolid-alvaro-moral-garcia-daniel-gonzalez-garcia-manuel-cuadrado-senorans\\\/#respond\"]}]},{\"@type\":\"WebPage\",\"@id\":\"https:\\\/\\\/veredes.es\\\/blog\\\/gamazo-29-reforma-de-vivienda-en-el-casco-historico-de-valladolid-alvaro-moral-garcia-daniel-gonzalez-garcia-manuel-cuadrado-senorans\\\/\",\"url\":\"https:\\\/\\\/veredes.es\\\/blog\\\/gamazo-29-reforma-de-vivienda-en-el-casco-historico-de-valladolid-alvaro-moral-garcia-daniel-gonzalez-garcia-manuel-cuadrado-senorans\\\/\",\"name\":\"Gamazo 29, reforma de vivienda en el casco hist\u00f3rico de Valladolid | \u00c1lvaro Moral Garc\u00eda - Daniel Gonz\u00e1lez Garc\u00eda - Manuel Cuadrado Se\u00f1orans - veredes\",\"isPartOf\":{\"@id\":\"https:\\\/\\\/veredes.es\\\/blog\\\/#website\"},\"primaryImageOfPage\":{\"@id\":\"https:\\\/\\\/veredes.es\\\/blog\\\/gamazo-29-reforma-de-vivienda-en-el-casco-historico-de-valladolid-alvaro-moral-garcia-daniel-gonzalez-garcia-manuel-cuadrado-senorans\\\/#primaryimage\"},\"image\":{\"@id\":\"https:\\\/\\\/veredes.es\\\/blog\\\/gamazo-29-reforma-de-vivienda-en-el-casco-historico-de-valladolid-alvaro-moral-garcia-daniel-gonzalez-garcia-manuel-cuadrado-senorans\\\/#primaryimage\"},\"thumbnailUrl\":\"https:\\\/\\\/veredes.es\\\/blog\\\/wp-content\\\/uploads\\\/2021\\\/08\\\/Gamazo-29-reforma-de-vivienda-en-el-casco-historico-de-Valladolid-Alvaro-Moral-Garcia-Daniel-Gonzalez-Garcia-Manuel-Cuadrado-Senorans-o13.jpg\",\"datePublished\":\"2021-08-10T22:01:20+00:00\",\"description\":\"Toda la informaci\u00f3n sobre: Gamazo 29, reforma de vivienda en el casco hist\u00f3rico de Valladolid | \u00c1lvaro Moral Garc\u00eda - Daniel Gonz\u00e1lez Garc\u00eda - Manuel Cuadrado Se\u00f1orans\",\"breadcrumb\":{\"@id\":\"https:\\\/\\\/veredes.es\\\/blog\\\/gamazo-29-reforma-de-vivienda-en-el-casco-historico-de-valladolid-alvaro-moral-garcia-daniel-gonzalez-garcia-manuel-cuadrado-senorans\\\/#breadcrumb\"},\"inLanguage\":\"es\",\"potentialAction\":[{\"@type\":\"ReadAction\",\"target\":[\"https:\\\/\\\/veredes.es\\\/blog\\\/gamazo-29-reforma-de-vivienda-en-el-casco-historico-de-valladolid-alvaro-moral-garcia-daniel-gonzalez-garcia-manuel-cuadrado-senorans\\\/\"]}]},{\"@type\":\"ImageObject\",\"inLanguage\":\"es\",\"@id\":\"https:\\\/\\\/veredes.es\\\/blog\\\/gamazo-29-reforma-de-vivienda-en-el-casco-historico-de-valladolid-alvaro-moral-garcia-daniel-gonzalez-garcia-manuel-cuadrado-senorans\\\/#primaryimage\",\"url\":\"https:\\\/\\\/veredes.es\\\/blog\\\/wp-content\\\/uploads\\\/2021\\\/08\\\/Gamazo-29-reforma-de-vivienda-en-el-casco-historico-de-Valladolid-Alvaro-Moral-Garcia-Daniel-Gonzalez-Garcia-Manuel-Cuadrado-Senorans-o13.jpg\",\"contentUrl\":\"https:\\\/\\\/veredes.es\\\/blog\\\/wp-content\\\/uploads\\\/2021\\\/08\\\/Gamazo-29-reforma-de-vivienda-en-el-casco-historico-de-Valladolid-Alvaro-Moral-Garcia-Daniel-Gonzalez-Garcia-Manuel-Cuadrado-Senorans-o13.jpg\",\"width\":1200,\"height\":800},{\"@type\":\"BreadcrumbList\",\"@id\":\"https:\\\/\\\/veredes.es\\\/blog\\\/gamazo-29-reforma-de-vivienda-en-el-casco-historico-de-valladolid-alvaro-moral-garcia-daniel-gonzalez-garcia-manuel-cuadrado-senorans\\\/#breadcrumb\",\"itemListElement\":[{\"@type\":\"ListItem\",\"position\":1,\"name\":\"Portada\",\"item\":\"https:\\\/\\\/veredes.es\\\/blog\\\/\"},{\"@type\":\"ListItem\",\"position\":2,\"name\":\"Gamazo 29, reforma de vivienda en el casco hist\u00f3rico de Valladolid | \u00c1lvaro Moral Garc\u00eda &#8211; Daniel Gonz\u00e1lez Garc\u00eda &#8211; Manuel Cuadrado Se\u00f1orans\"}]},{\"@type\":\"WebSite\",\"@id\":\"https:\\\/\\\/veredes.es\\\/blog\\\/#website\",\"url\":\"https:\\\/\\\/veredes.es\\\/blog\\\/\",\"name\":\"veredes, arquitectura y divulgaci\u00f3n\",\"description\":\"veredes\",\"publisher\":{\"@id\":\"https:\\\/\\\/veredes.es\\\/blog\\\/#organization\"},\"alternateName\":\"veredes\",\"potentialAction\":[{\"@type\":\"SearchAction\",\"target\":{\"@type\":\"EntryPoint\",\"urlTemplate\":\"https:\\\/\\\/veredes.es\\\/blog\\\/?s={search_term_string}\"},\"query-input\":{\"@type\":\"PropertyValueSpecification\",\"valueRequired\":true,\"valueName\":\"search_term_string\"}}],\"inLanguage\":\"es\"},{\"@type\":\"Organization\",\"@id\":\"https:\\\/\\\/veredes.es\\\/blog\\\/#organization\",\"name\":\"veredes, arquitectura y divulgaci\u00f3n\",\"alternateName\":\"veredes\",\"url\":\"https:\\\/\\\/veredes.es\\\/blog\\\/\",\"logo\":{\"@type\":\"ImageObject\",\"inLanguage\":\"es\",\"@id\":\"https:\\\/\\\/veredes.es\\\/blog\\\/#\\\/schema\\\/logo\\\/image\\\/\",\"url\":\"https:\\\/\\\/veredes.es\\\/blog\\\/wp-content\\\/uploads\\\/2021\\\/12\\\/veredes-logo-centrado_140x54.png\",\"contentUrl\":\"https:\\\/\\\/veredes.es\\\/blog\\\/wp-content\\\/uploads\\\/2021\\\/12\\\/veredes-logo-centrado_140x54.png\",\"width\":140,\"height\":54,\"caption\":\"veredes, arquitectura y divulgaci\u00f3n\"},\"image\":{\"@id\":\"https:\\\/\\\/veredes.es\\\/blog\\\/#\\\/schema\\\/logo\\\/image\\\/\"},\"sameAs\":[\"https:\\\/\\\/www.facebook.com\\\/veredesArquitecturayDivulgacion\\\/\",\"https:\\\/\\\/x.com\\\/veredes\",\"https:\\\/\\\/instagram.com\\\/veredes\\\/\",\"https:\\\/\\\/www.linkedin.com\\\/company\\\/veredes-arquitectura-y-divulgacion\\\/\",\"https:\\\/\\\/es.pinterest.com\\\/veredes\\\/\",\"https:\\\/\\\/www.tumblr.com\\\/veredes\"]},{\"@type\":\"Person\",\"@id\":\"https:\\\/\\\/veredes.es\\\/blog\\\/#\\\/schema\\\/person\\\/0bbb669073ef7faba5168a0844e93d2c\",\"name\":\"veredes\",\"image\":{\"@type\":\"ImageObject\",\"inLanguage\":\"es\",\"@id\":\"https:\\\/\\\/veredes.es\\\/blog\\\/wp-content\\\/uploads\\\/2018\\\/04\\\/face-96x96.jpg\",\"url\":\"https:\\\/\\\/veredes.es\\\/blog\\\/wp-content\\\/uploads\\\/2018\\\/04\\\/face-96x96.jpg\",\"contentUrl\":\"https:\\\/\\\/veredes.es\\\/blog\\\/wp-content\\\/uploads\\\/2018\\\/04\\\/face-96x96.jpg\",\"caption\":\"veredes\"},\"description\":\"Surge enero de 2009 como b\u00fasqueda de satisfacer el conocimiento de la actividad arquitect\u00f3nica y tangentes que se generan. La idea es crear un espacio para divulgar los diversos proyectos en busca de nueva inspiraci\u00f3n y de intercambio.\",\"sameAs\":[\"https:\\\/\\\/veredes.es\\\/\",\"https:\\\/\\\/www.facebook.com\\\/veredesArquitecturayDivulgacion\\\/\",\"https:\\\/\\\/www.instagram.com\\\/veredes\\\/\",\"https:\\\/\\\/www.linkedin.com\\\/company\\\/veredes-arquitectura-y-divulgacion\\\/\",\"https:\\\/\\\/www.pinterest.es\\\/veredes\\\/\",\"https:\\\/\\\/x.com\\\/https:\\\/\\\/twitter.com\\\/veredes\",\"https:\\\/\\\/veredes.tumblr.com\\\/\"],\"url\":\"https:\\\/\\\/veredes.es\\\/blog\\\/author\\\/alberto\\\/\"}]}<\/script>\n<!-- \/ Yoast SEO plugin. -->","yoast_head_json":{"title":"Gamazo 29, reforma de vivienda en el casco hist\u00f3rico de Valladolid | \u00c1lvaro Moral Garc\u00eda - Daniel Gonz\u00e1lez Garc\u00eda - Manuel Cuadrado Se\u00f1orans - veredes","description":"Toda la informaci\u00f3n sobre: Gamazo 29, reforma de vivienda en el casco hist\u00f3rico de Valladolid | \u00c1lvaro Moral Garc\u00eda - Daniel Gonz\u00e1lez Garc\u00eda - Manuel Cuadrado Se\u00f1orans","robots":{"index":"index","follow":"follow","max-snippet":"max-snippet:-1","max-image-preview":"max-image-preview:large","max-video-preview":"max-video-preview:-1"},"canonical":"https:\/\/veredes.es\/blog\/gamazo-29-reforma-de-vivienda-en-el-casco-historico-de-valladolid-alvaro-moral-garcia-daniel-gonzalez-garcia-manuel-cuadrado-senorans\/","og_locale":"es_ES","og_type":"article","og_title":"Gamazo 29, reforma de vivienda en el casco hist\u00f3rico de Valladolid | \u00c1lvaro Moral Garc\u00eda - Daniel Gonz\u00e1lez Garc\u00eda - Manuel Cuadrado Se\u00f1orans - veredes","og_description":"Toda la informaci\u00f3n sobre: Gamazo 29, reforma de vivienda en el casco hist\u00f3rico de Valladolid | \u00c1lvaro Moral Garc\u00eda - Daniel Gonz\u00e1lez Garc\u00eda - Manuel Cuadrado Se\u00f1orans","og_url":"https:\/\/veredes.es\/blog\/gamazo-29-reforma-de-vivienda-en-el-casco-historico-de-valladolid-alvaro-moral-garcia-daniel-gonzalez-garcia-manuel-cuadrado-senorans\/","og_site_name":"veredes, arquitectura y divulgaci\u00f3n","article_publisher":"https:\/\/www.facebook.com\/veredesArquitecturayDivulgacion\/","article_author":"https:\/\/www.facebook.com\/veredesArquitecturayDivulgacion\/","article_published_time":"2021-08-10T22:01:20+00:00","og_image":[{"width":1200,"height":800,"url":"https:\/\/veredes.es\/blog\/wp-content\/uploads\/2021\/08\/Gamazo-29-reforma-de-vivienda-en-el-casco-historico-de-Valladolid-Alvaro-Moral-Garcia-Daniel-Gonzalez-Garcia-Manuel-Cuadrado-Senorans-o13.jpg","type":"image\/jpeg"}],"author":"veredes","twitter_card":"summary_large_image","twitter_creator":"@https:\/\/twitter.com\/veredes","twitter_site":"@veredes","twitter_misc":{"Escrito por":"veredes","Tiempo de lectura":"3 minutos"},"schema":{"@context":"https:\/\/schema.org","@graph":[{"@type":"Article","@id":"https:\/\/veredes.es\/blog\/gamazo-29-reforma-de-vivienda-en-el-casco-historico-de-valladolid-alvaro-moral-garcia-daniel-gonzalez-garcia-manuel-cuadrado-senorans\/#article","isPartOf":{"@id":"https:\/\/veredes.es\/blog\/gamazo-29-reforma-de-vivienda-en-el-casco-historico-de-valladolid-alvaro-moral-garcia-daniel-gonzalez-garcia-manuel-cuadrado-senorans\/"},"author":{"name":"veredes","@id":"https:\/\/veredes.es\/blog\/#\/schema\/person\/0bbb669073ef7faba5168a0844e93d2c"},"headline":"Gamazo 29, reforma de vivienda en el casco hist\u00f3rico de Valladolid | \u00c1lvaro Moral Garc\u00eda &#8211; Daniel Gonz\u00e1lez Garc\u00eda &#8211; Manuel Cuadrado Se\u00f1orans","datePublished":"2021-08-10T22:01:20+00:00","mainEntityOfPage":{"@id":"https:\/\/veredes.es\/blog\/gamazo-29-reforma-de-vivienda-en-el-casco-historico-de-valladolid-alvaro-moral-garcia-daniel-gonzalez-garcia-manuel-cuadrado-senorans\/"},"wordCount":471,"commentCount":0,"publisher":{"@id":"https:\/\/veredes.es\/blog\/#organization"},"image":{"@id":"https:\/\/veredes.es\/blog\/gamazo-29-reforma-de-vivienda-en-el-casco-historico-de-valladolid-alvaro-moral-garcia-daniel-gonzalez-garcia-manuel-cuadrado-senorans\/#primaryimage"},"thumbnailUrl":"https:\/\/veredes.es\/blog\/wp-content\/uploads\/2021\/08\/Gamazo-29-reforma-de-vivienda-en-el-casco-historico-de-Valladolid-Alvaro-Moral-Garcia-Daniel-Gonzalez-Garcia-Manuel-Cuadrado-Senorans-o13.jpg","keywords":["\u00c1lvaro Moral Garc\u00eda","arquitectura en madera","arquitectura espa\u00f1ola","casco hist\u00f3rico","Daniel Gonz\u00e1lez Garc\u00eda","dise\u00f1o de mobiliario","Manuel Cuadrado Se\u00f1orans","reforma interior","Valladolid","vivienda colectiva","vivienda entremedianera"],"articleSection":["arquitectura","obras","reforma interior","slider principal","vivienda colectiva"],"inLanguage":"es","potentialAction":[{"@type":"CommentAction","name":"Comment","target":["https:\/\/veredes.es\/blog\/gamazo-29-reforma-de-vivienda-en-el-casco-historico-de-valladolid-alvaro-moral-garcia-daniel-gonzalez-garcia-manuel-cuadrado-senorans\/#respond"]}]},{"@type":"WebPage","@id":"https:\/\/veredes.es\/blog\/gamazo-29-reforma-de-vivienda-en-el-casco-historico-de-valladolid-alvaro-moral-garcia-daniel-gonzalez-garcia-manuel-cuadrado-senorans\/","url":"https:\/\/veredes.es\/blog\/gamazo-29-reforma-de-vivienda-en-el-casco-historico-de-valladolid-alvaro-moral-garcia-daniel-gonzalez-garcia-manuel-cuadrado-senorans\/","name":"Gamazo 29, reforma de vivienda en el casco hist\u00f3rico de Valladolid | \u00c1lvaro Moral Garc\u00eda - Daniel Gonz\u00e1lez Garc\u00eda - Manuel Cuadrado Se\u00f1orans - veredes","isPartOf":{"@id":"https:\/\/veredes.es\/blog\/#website"},"primaryImageOfPage":{"@id":"https:\/\/veredes.es\/blog\/gamazo-29-reforma-de-vivienda-en-el-casco-historico-de-valladolid-alvaro-moral-garcia-daniel-gonzalez-garcia-manuel-cuadrado-senorans\/#primaryimage"},"image":{"@id":"https:\/\/veredes.es\/blog\/gamazo-29-reforma-de-vivienda-en-el-casco-historico-de-valladolid-alvaro-moral-garcia-daniel-gonzalez-garcia-manuel-cuadrado-senorans\/#primaryimage"},"thumbnailUrl":"https:\/\/veredes.es\/blog\/wp-content\/uploads\/2021\/08\/Gamazo-29-reforma-de-vivienda-en-el-casco-historico-de-Valladolid-Alvaro-Moral-Garcia-Daniel-Gonzalez-Garcia-Manuel-Cuadrado-Senorans-o13.jpg","datePublished":"2021-08-10T22:01:20+00:00","description":"Toda la informaci\u00f3n sobre: Gamazo 29, reforma de vivienda en el casco hist\u00f3rico de Valladolid | \u00c1lvaro Moral Garc\u00eda - Daniel Gonz\u00e1lez Garc\u00eda - Manuel Cuadrado Se\u00f1orans","breadcrumb":{"@id":"https:\/\/veredes.es\/blog\/gamazo-29-reforma-de-vivienda-en-el-casco-historico-de-valladolid-alvaro-moral-garcia-daniel-gonzalez-garcia-manuel-cuadrado-senorans\/#breadcrumb"},"inLanguage":"es","potentialAction":[{"@type":"ReadAction","target":["https:\/\/veredes.es\/blog\/gamazo-29-reforma-de-vivienda-en-el-casco-historico-de-valladolid-alvaro-moral-garcia-daniel-gonzalez-garcia-manuel-cuadrado-senorans\/"]}]},{"@type":"ImageObject","inLanguage":"es","@id":"https:\/\/veredes.es\/blog\/gamazo-29-reforma-de-vivienda-en-el-casco-historico-de-valladolid-alvaro-moral-garcia-daniel-gonzalez-garcia-manuel-cuadrado-senorans\/#primaryimage","url":"https:\/\/veredes.es\/blog\/wp-content\/uploads\/2021\/08\/Gamazo-29-reforma-de-vivienda-en-el-casco-historico-de-Valladolid-Alvaro-Moral-Garcia-Daniel-Gonzalez-Garcia-Manuel-Cuadrado-Senorans-o13.jpg","contentUrl":"https:\/\/veredes.es\/blog\/wp-content\/uploads\/2021\/08\/Gamazo-29-reforma-de-vivienda-en-el-casco-historico-de-Valladolid-Alvaro-Moral-Garcia-Daniel-Gonzalez-Garcia-Manuel-Cuadrado-Senorans-o13.jpg","width":1200,"height":800},{"@type":"BreadcrumbList","@id":"https:\/\/veredes.es\/blog\/gamazo-29-reforma-de-vivienda-en-el-casco-historico-de-valladolid-alvaro-moral-garcia-daniel-gonzalez-garcia-manuel-cuadrado-senorans\/#breadcrumb","itemListElement":[{"@type":"ListItem","position":1,"name":"Portada","item":"https:\/\/veredes.es\/blog\/"},{"@type":"ListItem","position":2,"name":"Gamazo 29, reforma de vivienda en el casco hist\u00f3rico de Valladolid | \u00c1lvaro Moral Garc\u00eda &#8211; Daniel Gonz\u00e1lez Garc\u00eda &#8211; Manuel Cuadrado Se\u00f1orans"}]},{"@type":"WebSite","@id":"https:\/\/veredes.es\/blog\/#website","url":"https:\/\/veredes.es\/blog\/","name":"veredes, arquitectura y divulgaci\u00f3n","description":"veredes","publisher":{"@id":"https:\/\/veredes.es\/blog\/#organization"},"alternateName":"veredes","potentialAction":[{"@type":"SearchAction","target":{"@type":"EntryPoint","urlTemplate":"https:\/\/veredes.es\/blog\/?s={search_term_string}"},"query-input":{"@type":"PropertyValueSpecification","valueRequired":true,"valueName":"search_term_string"}}],"inLanguage":"es"},{"@type":"Organization","@id":"https:\/\/veredes.es\/blog\/#organization","name":"veredes, arquitectura y divulgaci\u00f3n","alternateName":"veredes","url":"https:\/\/veredes.es\/blog\/","logo":{"@type":"ImageObject","inLanguage":"es","@id":"https:\/\/veredes.es\/blog\/#\/schema\/logo\/image\/","url":"https:\/\/veredes.es\/blog\/wp-content\/uploads\/2021\/12\/veredes-logo-centrado_140x54.png","contentUrl":"https:\/\/veredes.es\/blog\/wp-content\/uploads\/2021\/12\/veredes-logo-centrado_140x54.png","width":140,"height":54,"caption":"veredes, arquitectura y divulgaci\u00f3n"},"image":{"@id":"https:\/\/veredes.es\/blog\/#\/schema\/logo\/image\/"},"sameAs":["https:\/\/www.facebook.com\/veredesArquitecturayDivulgacion\/","https:\/\/x.com\/veredes","https:\/\/instagram.com\/veredes\/","https:\/\/www.linkedin.com\/company\/veredes-arquitectura-y-divulgacion\/","https:\/\/es.pinterest.com\/veredes\/","https:\/\/www.tumblr.com\/veredes"]},{"@type":"Person","@id":"https:\/\/veredes.es\/blog\/#\/schema\/person\/0bbb669073ef7faba5168a0844e93d2c","name":"veredes","image":{"@type":"ImageObject","inLanguage":"es","@id":"https:\/\/veredes.es\/blog\/wp-content\/uploads\/2018\/04\/face-96x96.jpg","url":"https:\/\/veredes.es\/blog\/wp-content\/uploads\/2018\/04\/face-96x96.jpg","contentUrl":"https:\/\/veredes.es\/blog\/wp-content\/uploads\/2018\/04\/face-96x96.jpg","caption":"veredes"},"description":"Surge enero de 2009 como b\u00fasqueda de satisfacer el conocimiento de la actividad arquitect\u00f3nica y tangentes que se generan. La idea es crear un espacio para divulgar los diversos proyectos en busca de nueva inspiraci\u00f3n y de intercambio.","sameAs":["https:\/\/veredes.es\/","https:\/\/www.facebook.com\/veredesArquitecturayDivulgacion\/","https:\/\/www.instagram.com\/veredes\/","https:\/\/www.linkedin.com\/company\/veredes-arquitectura-y-divulgacion\/","https:\/\/www.pinterest.es\/veredes\/","https:\/\/x.com\/https:\/\/twitter.com\/veredes","https:\/\/veredes.tumblr.com\/"],"url":"https:\/\/veredes.es\/blog\/author\/alberto\/"}]}},"_links":{"self":[{"href":"https:\/\/veredes.es\/blog\/wp-json\/wp\/v2\/posts\/84225","targetHints":{"allow":["GET"]}}],"collection":[{"href":"https:\/\/veredes.es\/blog\/wp-json\/wp\/v2\/posts"}],"about":[{"href":"https:\/\/veredes.es\/blog\/wp-json\/wp\/v2\/types\/post"}],"author":[{"embeddable":true,"href":"https:\/\/veredes.es\/blog\/wp-json\/wp\/v2\/users\/2"}],"replies":[{"embeddable":true,"href":"https:\/\/veredes.es\/blog\/wp-json\/wp\/v2\/comments?post=84225"}],"version-history":[{"count":0,"href":"https:\/\/veredes.es\/blog\/wp-json\/wp\/v2\/posts\/84225\/revisions"}],"wp:featuredmedia":[{"embeddable":true,"href":"https:\/\/veredes.es\/blog\/wp-json\/wp\/v2\/media\/84241"}],"wp:attachment":[{"href":"https:\/\/veredes.es\/blog\/wp-json\/wp\/v2\/media?parent=84225"}],"wp:term":[{"taxonomy":"category","embeddable":true,"href":"https:\/\/veredes.es\/blog\/wp-json\/wp\/v2\/categories?post=84225"},{"taxonomy":"post_tag","embeddable":true,"href":"https:\/\/veredes.es\/blog\/wp-json\/wp\/v2\/tags?post=84225"}],"curies":[{"name":"wp","href":"https:\/\/api.w.org\/{rel}","templated":true}]}}