{"id":84154,"date":"2021-04-15T00:01:17","date_gmt":"2021-04-14T22:01:17","guid":{"rendered":"https:\/\/veredes.es\/blog\/?p=84154"},"modified":"2022-04-21T09:19:33","modified_gmt":"2022-04-21T07:19:33","slug":"miralles-un-homenaje-que-recuerda-al-arquitecto-en-todas-sus-facetas","status":"publish","type":"post","link":"https:\/\/veredes.es\/blog\/miralles-un-homenaje-que-recuerda-al-arquitecto-en-todas-sus-facetas\/","title":{"rendered":"Miralles, un homenaje que recuerda al arquitecto en todas sus facetas"},"content":{"rendered":"<p style=\"text-align: justify;\">\u2022 La Fundaci\u00f3 Enric Miralles, con el apoyo del Ajuntament de Barcelona y la Generalitat de Catalunya, impulsan un homenaje a Enric Miralles, de cuyo fallecimiento se cumplieron 20 a\u00f1os el pasado 2020.<br \/>\n\u2022 Exposiciones y actividades mostrar\u00e1n a lo largo de 2021 sus m\u00faltiples facetas como creador: arquitecto, dise\u00f1ador, fot\u00f3grafo y profesor, acercando su figura profesional y humana al gran p\u00fablico.<br \/>\n\u2022 Los comisarios del homenaje, Benedetta Tagliabue y Joan Roig i Duran, han seleccionado para su exhibici\u00f3n materiales originales e in\u00e9ditos del archivo de la Fundaci\u00f3 Enric Miralles.<\/p>\n<p><img loading=\"lazy\" decoding=\"async\" class=\"alignnone size-full wp-image-84155\" src=\"https:\/\/veredes.es\/blog\/wp-content\/uploads\/2021\/04\/Miralles-un-homenaje-que-recuerda-al-arquitecto-en-todas-susfacetas.jpg\" alt=\"\" width=\"1200\" height=\"846\" srcset=\"https:\/\/veredes.es\/blog\/wp-content\/uploads\/2021\/04\/Miralles-un-homenaje-que-recuerda-al-arquitecto-en-todas-susfacetas.jpg 1200w, https:\/\/veredes.es\/blog\/wp-content\/uploads\/2021\/04\/Miralles-un-homenaje-que-recuerda-al-arquitecto-en-todas-susfacetas-300x212.jpg 300w, https:\/\/veredes.es\/blog\/wp-content\/uploads\/2021\/04\/Miralles-un-homenaje-que-recuerda-al-arquitecto-en-todas-susfacetas-1024x722.jpg 1024w\" sizes=\"auto, (max-width: 1200px) 100vw, 1200px\" \/><\/p>\n<p style=\"text-align: justify;\">La Fundaci\u00f3 Enric Miralles, con el apoyo del Ajuntament de Barcelona y la Generalitat de Catalunya, impulsan un homenaje a Enric Miralles, una de las figuras m\u00e1s emblem\u00e1ticas de la arquitectura catalana contempor\u00e1nea y de cuyo fallecimiento se cumplieron 20 a\u00f1os el pasado 2020.<\/p>\n<p style=\"text-align: justify;\"><strong>MIRALLES<\/strong> es un programa de exposiciones y actividades que muestra al gran p\u00fablico el legado que el arquitecto dej\u00f3, con obras en Barcelona -ciudad donde vivi\u00f3 y trabaj\u00f3-, Catalunya y en el resto del mundo. El homenaje aborda sus diferentes facetas como creador: arquitecto, dise\u00f1ador, fot\u00f3grafo y profesor, ofreciendo una mirada poli\u00e9drica y personal de su trayectoria.<\/p>\n<p style=\"text-align: justify;\">Las actividades de<strong> MIRALLES<\/strong> est\u00e1n comisariadas por Benedetta Tagliabue (Miralles Tagliabue EMBT) y Joan Roig i Duran (Batlle i Roig), y organizadas por la Fundaci\u00f3 Enric Miralles con el apoyo del Ajuntament de Barcelona y la Generalitat de Catalunya a trav\u00e9s de sus Departamentos de Presidencia, Cultura y Territorio y Sostenibilidad, en colaboraci\u00f3n con l\u2019Escola T\u00e8cnica Superior d\u2019Arquitectura (ETSAB), el Col\u00b7legi d\u2019Arquitectes de Catalunya (COAC) y el estudio de arquitectura Miralles Tagliabue EMBT.<\/p>\n<p style=\"text-align: justify;\">Este homenaje<\/p>\n<blockquote>\n<p style=\"text-align: justify;\">\u201cno solo quiere recordar la figura humana y profesional de Enric Miralles, sino tambi\u00e9n mantener vivo el esp\u00edritu del visionario, del experimentalista como forma de trabajar y de ver el mundo. Y dejar su legado tambi\u00e9n para las futuras generaciones.\u201d<\/p>\n<\/blockquote>\n<p style=\"text-align: justify;\">subraya Benedetta Tagliabue.<\/p>\n<p style=\"text-align: justify;\">El programa se extiende por espacios representativos de la ciudad de Barcelona, empezando por el Sal\u00f3 del Tinell, que es la sede de la exposici\u00f3n sobre Miralles arquitecto y que fue elegida por haber hospedado en 1956 la primera retrospectiva de otro ilustre arquitecto de la ciudad, Antoni Gaud\u00ed. Las otras sedes de las actividades, igualmente emblem\u00e1ticas, ser\u00e1n el Centre d\u2019Arts Santa M\u00f2nica de la Generalitat de Catalunya, el Disseny Hub del Ajuntament de Barcelona, el Col\u00b7legi Oficial d\u2019Arquitectes de Catalunya (COAC), la Escola T\u00e8cnica Superior d\u2019Arquitectura de Barcelona (ETSAB) y la Fundaci\u00f3 Enric Miralles.<\/p>\n<p style=\"text-align: justify;\">A trav\u00e9s de estos lugares se ha dise\u00f1ado un \u201ccircuito Miralles\u201d que puede visitarse en varios momentos del a\u00f1o y que es accesible a todos los p\u00fablicos. Usando diferentes formatos: charlas, debates, fotograf\u00eda, v\u00eddeos, planos, dibujos, maquetas, libretas de notas, croquis, collages\u2026 cualquier persona, est\u00e9 o no vinculada al mundo de la arquitectura, puede acercarse a la figura humana de uno de los arquitectos catalanes contempor\u00e1neos m\u00e1s internacionales.<\/p>\n<p style=\"text-align: justify;\">Miralles cuenta con una carrera excepcionalmente prol\u00edfica: en s\u00f3lo 26 a\u00f1os de profesi\u00f3n, desde 1974 hasta el 2000, ha recibido 62 premios, ha participado en 68 concursos y ha sido finalista en otros muchos. Adem\u00e1s, ha realizado instalaciones y ejecutado diferentes proyectos. Entre todos estos aspectos, se recogen un total de 225 obras y proyectos en diferentes pa\u00edses como por ejemplo Holanda, Espa\u00f1a, Italia, Alemania, Escocia, Jap\u00f3n, Austria, Argentina, Estados Unidos, Brasil, Grecia, Finlandia, Francia, EE. UU., Inglaterra, Irlanda, Suiza, y Dinamarca.<\/p>\n<p style=\"text-align: justify;\">Ejerci\u00f3 la docencia en Barcelona, en Frankfurt, y en las universidades m\u00e1s prestigiosas de USA como Harvard, Columbia, Princeton o Yale. Es el arquitecto m\u00e1s estudiado e imitado por los estudiantes del mundo occidental y oriental. La fundaci\u00f3n que atesora su legado recibe cada a\u00f1o m\u00e1s de 2.000 visitas de todas partes del mundo.<\/p>\n<p style=\"text-align: justify;\">El homenaje prioriza la documentaci\u00f3n y materiales que Miralles realiz\u00f3 en vida, algunos de ellos in\u00e9ditos, que salen por primera vez del archivo. Pero MIRALLES es tambi\u00e9n un acto de afirmaci\u00f3n de la herencia que ha dejado en la historia de la arquitectura y en el mundo acad\u00e9mico alargando la mirada hasta la huella que el estudio EMBT ha sabido seguir.<\/p>\n<p style=\"text-align: justify;\">El comisario Joan Roig i Duran explica que<\/p>\n<blockquote>\n<p style=\"text-align: justify;\">\u201cse ha hecho un esfuerzo minucioso para rebuscar entre el archivo aquellos documentos y materiales que mejor puedan explicar Miralles al gran p\u00fablico. No es un homenaje hecho desde la distancia, se ha pensado desde primera l\u00ednea para hacerlo accesible a todos.\u201d<\/p>\n<\/blockquote>\n<figure id=\"attachment_84156\" aria-describedby=\"caption-attachment-84156\" style=\"width: 1200px\" class=\"wp-caption alignnone\"><img loading=\"lazy\" decoding=\"async\" class=\"size-full wp-image-84156\" src=\"https:\/\/veredes.es\/blog\/wp-content\/uploads\/2021\/04\/Miralles-un-homenaje-que-recuerda-al-arquitecto-en-todas-susfacetas-Enric-Miralles_Inestable_Maro-Kouri.jpg\" alt=\"\" width=\"1200\" height=\"768\" srcset=\"https:\/\/veredes.es\/blog\/wp-content\/uploads\/2021\/04\/Miralles-un-homenaje-que-recuerda-al-arquitecto-en-todas-susfacetas-Enric-Miralles_Inestable_Maro-Kouri.jpg 1200w, https:\/\/veredes.es\/blog\/wp-content\/uploads\/2021\/04\/Miralles-un-homenaje-que-recuerda-al-arquitecto-en-todas-susfacetas-Enric-Miralles_Inestable_Maro-Kouri-300x192.jpg 300w, https:\/\/veredes.es\/blog\/wp-content\/uploads\/2021\/04\/Miralles-un-homenaje-que-recuerda-al-arquitecto-en-todas-susfacetas-Enric-Miralles_Inestable_Maro-Kouri-1024x655.jpg 1024w\" sizes=\"auto, (max-width: 1200px) 100vw, 1200px\" \/><figcaption id=\"caption-attachment-84156\" class=\"wp-caption-text\"><span style=\"color: #999999;\">Enric Miralles. Inestable | Maro Kouri<\/span><\/figcaption><\/figure>\n<p style=\"text-align: justify;\">Enric Miralles Moya (Barcelona 1955 \u2013 Sant Feliu de Codines 2000) se form\u00f3 en la Escuela T\u00e9cnica Superior de Arquitectura de Barcelona ETSAB gradu\u00e1ndose en 1978. De 1973 a 1983 colabor\u00f3 con Albert Viaplana y Helio Pi\u00f1\u00f3n, y en 1984 comenz\u00f3 su trayectoria independiente. En su primera etapa creativa, junto a la arquitecta Carme Pin\u00f3s, cre\u00f3 alguna de sus obras m\u00e1s po\u00e9ticas, como el Cementerio de Igualada.<\/p>\n<p style=\"text-align: justify;\">Fue profesor visitante Fulbright en la Universidad de Columbia el curso 1980-81. Dos a\u00f1os m\u00e1s tarde present\u00f3 su tesis doctoral \u00abLas cosas vistas hacia la izquierda y hacia la derecha, (sin gafas)\u00bb. Fue profesor de la Escuela T\u00e9cnica Superior de Arquitectura de Barcelona ETSAB desde 1985, ocupando la C\u00e1tedra de Arquitectura desde 1996.<\/p>\n<p style=\"text-align: justify;\">En 1993 crea el estudio EMBT con su esposa, Benedetta Tagliabue. Juntos llevaron adelante grandes y emblem\u00e1ticos proyectos como la remodelaci\u00f3n del Mercat de Santa Caterina o el nuevo Parlamento de Escocia.<\/p>\n<p style=\"text-align: justify;\">Tambi\u00e9n fue director y Profesor de las clases magistrales en el St\u00e4delschule de Frankfurt-am-Main desde 1990, profesor en la Universidad de Harvard, en la C\u00e1tedra Kenzo Tange desde 1992, profesor invitado y conferenciante en varias universidades de los Estados Unidos (Columbia, Princeton, Harvard, Yale), Alemania, Reino Unido, Italia, Holanda y miembro de la Royal Incorporation of Architects in Scotland.<\/p>\n<p style=\"text-align: justify;\">Entre otros premios, en el 1995 fue galardonado con el Premio Nacional de Arquitectura, concedido por el Ministerio de Cultura, y en el 1996 con el \u00abLe\u00f3n de Oro\u00bb a la Bienal de Arquitectura de Venecia. En 2002 recibi\u00f3 a t\u00edtulo p\u00f3stumo la Medalla de Oro del Col\u00b7legi d\u2019Arquitectes de Catalunya.<\/p>\n<p style=\"text-align: justify;\">Considerado como un arquitecto de gran inventiva, se le defini\u00f3 como el enfant terrible de la arquitectura espa\u00f1ola. Muri\u00f3 prematuramente en Sant Feliu de Codines, en Julio del a\u00f1o 2000, en el punto \u00e1lgido de su carrera profesional.<\/p>\n<p style=\"text-align: justify;\">Autor de edificios abrumadores, conjug\u00f3 un lenguaje genuinamente nuevo con un profundo respeto por el lugar. Nos dej\u00f3 un mundo arquitect\u00f3nico exuberante y una prol\u00edfica obra intelectual: escritos, dibujos, bocetos, fotomontajes, libretas de notas, y casi un millar de maquetas originales.<\/p>\n<p><strong>EXPOSICIONES Y ACTIVIDADES DEL HOMENAJE<\/strong><\/p>\n<p style=\"text-align: justify;\">En el Sal\u00f3 del Tinell se expone <strong>MIRALLES. A quarts de quatre&#8230;<\/strong> una visi\u00f3n del Miralles arquitecto, centrada en cuatro proyectos construidos y referentes de la arquitectura moderna europea, y que adem\u00e1s representan un hito en su vida. El Parque cementerio de Igualada (1985-1991\u2026) es su obra \u201cinaugural\u201d y encarna el trabajo con la topograf\u00eda del lugar; el Pabell\u00f3n de Baloncesto de Huesca (1994) se escogi\u00f3 por ser uno de los primeros grandes edificios de su carrera y porque en \u00e9l destacan las cubiertas como elemento arquitect\u00f3nico; Mercat de Santa Caterina (1997) es el m\u00e1s vinculado a Barcelona, es un proyecto que act\u00faa en el coraz\u00f3n de la ciudad y del barrio, y en el que el arquitecto establece respeto y di\u00e1logo con la historia del lugar. Por \u00faltimo, se eligi\u00f3 el Parlamento de Escocia en Edinburgo (2004), como obra maestra de Miralles que recoge toda su experiencia y pr\u00e1ctica arquitect\u00f3nica, y que probablemente fue su mayor desaf\u00edo. El dise\u00f1o expositivo corre a cargo de Benedetta Tagliabue y Joan Roig i Duran, la museograf\u00eda del estudio de arquitectura Miralles Tagliabue EMBT en colaboraci\u00f3n con la arquitecta Victoria Garriga. El proyecto de iluminaci\u00f3n est\u00e1 a cargo de Maria G\u00fcell de La Invisible.<\/p>\n<p style=\"text-align: justify;\">El Centre d\u2019Arts Santa M\u00f2nica por su parte muestra en <strong>MIRALLES. Photos &amp; Collages<\/strong> los collages y fotomontajes tan identificativos de la manera de expresarse de Enric Miralles. Fotograf\u00edas de viajes familiares y profesionales, fotomontajes y proyecciones son solo una parte del archivo privado del arquitecto que se podr\u00e1 ver de manera in\u00e9dita durante esta exposici\u00f3n, comisariada por Salvador Gilabert Sanz, profesor y jefe de proyectos de Miralles Tagliabue EMBT. Miralles usaba este formato sistem\u00e1ticamente con distintos prop\u00f3sitos, fragmentando, reconstruyendo y volviendo a deconstruir la realidad, inspirado por el cubismo de Picasso o de David Hockney. Es la primera vez que se realiza una muestra tan amplia centrada en esta faceta del arquitecto. La exposici\u00f3n recoge cerca de 170 collages de su archivo. El soporte expositivo de los collages fue dise\u00f1ado por Miralles en 1995 y se ha producido por primera vez para esta muestra.<\/p>\n<figure id=\"attachment_84160\" aria-describedby=\"caption-attachment-84160\" style=\"width: 1200px\" class=\"wp-caption alignnone\"><img loading=\"lazy\" decoding=\"async\" class=\"wp-image-84160 size-full\" src=\"https:\/\/veredes.es\/blog\/wp-content\/uploads\/2021\/04\/Miralles-un-homenaje-que-recuerda-al-arquitecto-en-todas-susfacetas-MIRALLES-Maro-Kouri.jpg\" alt=\"\" width=\"1200\" height=\"768\" srcset=\"https:\/\/veredes.es\/blog\/wp-content\/uploads\/2021\/04\/Miralles-un-homenaje-que-recuerda-al-arquitecto-en-todas-susfacetas-MIRALLES-Maro-Kouri.jpg 1200w, https:\/\/veredes.es\/blog\/wp-content\/uploads\/2021\/04\/Miralles-un-homenaje-que-recuerda-al-arquitecto-en-todas-susfacetas-MIRALLES-Maro-Kouri-300x192.jpg 300w, https:\/\/veredes.es\/blog\/wp-content\/uploads\/2021\/04\/Miralles-un-homenaje-que-recuerda-al-arquitecto-en-todas-susfacetas-MIRALLES-Maro-Kouri-1024x655.jpg 1024w\" sizes=\"auto, (max-width: 1200px) 100vw, 1200px\" \/><figcaption id=\"caption-attachment-84160\" class=\"wp-caption-text\">Enric Miralles | Maro Kouri<\/figcaption><\/figure>\n<p style=\"text-align: justify;\">En la Fundaci\u00f3 Enric Miralles, la exposici\u00f3n <strong>MIRALLES. To be continued&#8230;<\/strong> mostrar\u00e1 el trabajo que desde su estudio Miralles Tagliabue EMBT se ha realizado en los \u00faltimos veinte a\u00f1os. Uno de los objetivos fundamentales de la Fundaci\u00f3 es la preservaci\u00f3n de la obra, las ideas y el esp\u00edritu creador del arquitecto para el beneficio de todas las generaciones. Con una selecci\u00f3n de maquetas, bocetos, fotograf\u00edas, correspondencias, collages y proyecciones, la Fundaci\u00f3 Enric Miralles presentar\u00e1 una exposici\u00f3n donde se recoge el legado que ha dejado el autor y que ha marcado la trayectoria que a\u00fan hoy sigue el estudio Miralles Tagliabue EMBT. Este proyecto expositivo est\u00e1 dise\u00f1ado por Victoria Garriga y el estudio de arquitectura Miralles Tagliabue EMBT, coordinado por Beatriz M\u00ednguez de Molina y contar\u00e1 con reflexiones de Martha Thorne.<\/p>\n<p style=\"text-align: justify;\">En el Disseny Hub, bajo el t\u00edtulo <strong>MIRALLES. Perpetuum Mobile<\/strong> se exhibir\u00e1 el trabajo de Miralles como dise\u00f1ador. Una exposici\u00f3n que contar\u00e1 con mobiliario y objetos in\u00e9ditos, como las mesas \u2018Inestable\u2019, \u2018Dolmen\u2019, \u2018Troncos\u2019 y \u201cTropical\u201d, la estanter\u00eda \u2018Lelukaappi\u2019 inspirada en la obra del arquitecto Alvar Aalto, y varias sillas y puntos de luz in\u00e9ditos. Todo ello junto a planos, dibujos y croquis de los proyectos, que se mostrar\u00e1n conjuntamente por primera vez. Los muebles son piezas \u00fanicas que dise\u00f1aron para su casa y fueron usados por \u00e9l y su familia. Enric Miralles consegu\u00eda convertir un objeto inerte en una pieza m\u00f3vil y en constante evoluci\u00f3n. La exposici\u00f3n, comisariada por Benedetta Tagliabue y Joan Roig i Duran, apoyada por American Hardwood Export Council (AHEC) con madera donada por AE Maderas, contar\u00e1 con proyecciones que permitir\u00e1n ver los muebles en movimiento. Un ejemplo es la mesa \u2018Inestable\u2019, que tiene 20 posiciones distintas. El proyecto de iluminaci\u00f3n de esta exposici\u00f3n corre a cargo de Maria G\u00fcell de La Invisible.<\/p>\n<p style=\"text-align: justify;\">En el Col\u00b7legi d\u2019Arquitectes de Catalunya (COAC), se realizar\u00e1 el ciclo de conferencias p\u00fablicas <strong>MIRALLES. Converses<\/strong> en las que intervendr\u00e1n diferentes personajes, maestros, socios profesionales, colaboradores y amigos que conocieron personal y profesionalmente al arquitecto catal\u00e1n. Encuentros entre Rafael Moneo y Benedetta Tagliabue, Liz Diller y Beatriz Colomina; y Soraya Smithson y Carme Pin\u00f3s.<\/p>\n<p style=\"text-align: justify;\">En la Escola T\u00e8cnica Superior d\u2019Arquitectura (ETSAB) se organiza una exposici\u00f3n bajo el t\u00edtulo de <strong>MIRALLES. A l\u2019escola<\/strong>. Se ense\u00f1ar\u00e1 su labor acad\u00e9mica como docente, tanto en Barcelona como en el resto del mundo. Esta es una faceta muy importante de Enric Miralles, que aunque dej\u00f3 mucha repercusi\u00f3n internacional, est\u00e1 poco documentada. Se recorrer\u00e1n todas sus etapas en \u00e1mbito acad\u00e9mico a nivel europeo y mundial, recordando cuando en 1984 empez\u00f3 como profesor titular de la Escuela T\u00e9cnica Superior de Arquitectura de Barcelona ETSAB, o cuando fue profesor en la Universidad de Harvard, con la C\u00e1tedra Kenzo Tange desde 1992. Esta exposici\u00f3n est\u00e1 comisariada por Carme Ribas y Ton Salvad\u00f3.<\/p>\n<p style=\"text-align: justify;\">A lo largo del a\u00f1o nuevas exposiciones y presentaciones, todav\u00eda en fase de definici\u00f3n, se sumar\u00e1n a los eventos enmarcados en el homenaje <strong>MIRALLES<\/strong>.<\/p>\n<figure id=\"attachment_84158\" aria-describedby=\"caption-attachment-84158\" style=\"width: 800px\" class=\"wp-caption alignnone\"><img loading=\"lazy\" decoding=\"async\" class=\"size-full wp-image-84158\" src=\"https:\/\/veredes.es\/blog\/wp-content\/uploads\/2021\/04\/Miralles-un-homenaje-que-recuerda-al-arquitecto-en-todas-susfacetas-MIRALLES.jpg\" alt=\"\" width=\"800\" height=\"1104\" srcset=\"https:\/\/veredes.es\/blog\/wp-content\/uploads\/2021\/04\/Miralles-un-homenaje-que-recuerda-al-arquitecto-en-todas-susfacetas-MIRALLES.jpg 800w, https:\/\/veredes.es\/blog\/wp-content\/uploads\/2021\/04\/Miralles-un-homenaje-que-recuerda-al-arquitecto-en-todas-susfacetas-MIRALLES-217x300.jpg 217w, https:\/\/veredes.es\/blog\/wp-content\/uploads\/2021\/04\/Miralles-un-homenaje-que-recuerda-al-arquitecto-en-todas-susfacetas-MIRALLES-742x1024.jpg 742w\" sizes=\"auto, (max-width: 800px) 100vw, 800px\" \/><figcaption id=\"caption-attachment-84158\" class=\"wp-caption-text\"><span style=\"color: #999999;\">Miralles | Paco Elvira, 1995<\/span><\/figcaption><\/figure>\n<p><strong>AGENDA<\/strong><\/p>\n<p>MIRALLES. A quarts de quatre\u2026<br \/>\nDesde 15.04.21 hasta 04.07.2021<br \/>\nSal\u00f3 del Tinell. Pla\u00e7a del Rei, 10 Barcelona<br \/>\nPrecio: 3 \u20ac (entrada general MUHBA)<\/p>\n<p>MIRALLES. Photos &amp; Collages<br \/>\nDesde 15.04.21 hasta 30.06.21<br \/>\nCentre d\u2019Arts Santa M\u00f2nica. La Rambla, 7 Barcelona<br \/>\nGratuito<\/p>\n<p>MIRALLES. To be continued\u2026<br \/>\nDesde 15.04.21 hasta 23.12.21<br \/>\nFundaci\u00f3 Enric Miralles. Passatge de la Pau, 10 bis Barcelona<br \/>\nGratuito<\/p>\n<p>MIRALLES. Perpetuum Mobile<br \/>\nDesde 27.05.21 hasta 29.08.21<br \/>\nDisseny Hub. Pla\u00e7a de les Gl\u00f2ries, 37 Barcelona<br \/>\nPrecio: 3 \u20ac (entrada en Disseny HUB)<\/p>\n<p>MIRALLES. Converses<br \/>\n03.06 \u2013 10.06 \u2013 17.06.2021<br \/>\nCOAC. Pla\u00e7a Nova, 5 Barcelona<br \/>\nGratuito<\/p>\n<p>MIRALLES. A l\u2019escola<br \/>\nDesde 22.09.2021 hasta el 24.11.2021<br \/>\nETSAB. Av. Diagonal, 649-651 Barcelona<br \/>\nGratuito<\/p>\n","protected":false},"excerpt":{"rendered":"<p>\u2022 La Fundaci\u00f3 Enric Miralles, con el apoyo del Ajuntament de Barcelona y la Generalitat de Catalunya, impulsan un homenaje a Enric Miralles, de cuyo fallecimiento se cumplieron 20 a\u00f1os el pasado 2020. \u2022 Exposiciones y actividades mostrar\u00e1n a lo largo de 2021 sus m\u00faltiples facetas como creador: arquitecto, dise\u00f1ador, fot\u00f3grafo y profesor, acercando su [&hellip;]<\/p>\n","protected":false},"author":2,"featured_media":84155,"comment_status":"open","ping_status":"closed","sticky":false,"template":"","format":"standard","meta":{"footnotes":""},"categories":[1385,16,1382],"tags":[10718,6267,143,2631,15329,5096,1560,5257,15333,357,15331,4503,8342,2886,2515,3333,2131,556,9326,9357,5061,8912,13952,815,15330,6040,8181,15332,11349,9869,7961],"class_list":{"0":"post-84154","1":"post","2":"type-post","3":"status-publish","4":"format-standard","5":"has-post-thumbnail","7":"category-conferencias","8":"category-eventos","9":"category-exposiciones","10":"tag-albert-viaplana","11":"tag-arquitectura-catalana","13":"tag-arquitectura-espanola","14":"tag-batlle-i-roig","15":"tag-beatriz-colomina","16":"tag-benedetta-tagliabue","17":"tag-carme-pinos","18":"tag-carme-ribas","19":"tag-conferencia","20":"tag-david-hockney","21":"tag-diseno-de-mobiliario","22":"tag-elizabeth-diller","23":"tag-embt","24":"tag-enric-batlle","25":"tag-enric-miralles","26":"tag-etsab","27":"tag-exposicion","28":"tag-fundacion-enric-miralles","29":"tag-helio-pinon","30":"tag-joan-roig-i-duran","31":"tag-jose-rafael-moneo-valles","32":"tag-kenzo-tange","33":"tag-maestro","34":"tag-maria-guell","35":"tag-martha-thorne","36":"tag-pablo-picasso","37":"tag-salvador-gilabert-sanz","38":"tag-soraya-smithson-miralda","39":"tag-ton-salvado-cabre","40":"tag-victoria-garriga"},"yoast_head":"<!-- This site is optimized with the Yoast SEO plugin v27.5 - https:\/\/yoast.com\/product\/yoast-seo-wordpress\/ -->\n<title>Miralles, un homenaje que recuerda al arquitecto en todas sus facetas - veredes<\/title>\n<meta name=\"description\" content=\"Toda la informaci\u00f3n sobre: Miralles, un homenaje que recuerda al arquitecto en todas sus facetas\" \/>\n<meta name=\"robots\" content=\"index, follow, max-snippet:-1, max-image-preview:large, max-video-preview:-1\" \/>\n<link rel=\"canonical\" href=\"https:\/\/veredes.es\/blog\/miralles-un-homenaje-que-recuerda-al-arquitecto-en-todas-sus-facetas\/\" \/>\n<meta property=\"og:locale\" content=\"es_ES\" \/>\n<meta property=\"og:type\" content=\"article\" \/>\n<meta property=\"og:title\" content=\"Miralles, un homenaje que recuerda al arquitecto en todas sus facetas - veredes\" \/>\n<meta property=\"og:description\" content=\"Toda la informaci\u00f3n sobre: Miralles, un homenaje que recuerda al arquitecto en todas sus facetas\" \/>\n<meta property=\"og:url\" content=\"https:\/\/veredes.es\/blog\/miralles-un-homenaje-que-recuerda-al-arquitecto-en-todas-sus-facetas\/\" \/>\n<meta property=\"og:site_name\" content=\"veredes, arquitectura y divulgaci\u00f3n\" \/>\n<meta property=\"article:publisher\" content=\"https:\/\/www.facebook.com\/veredesArquitecturayDivulgacion\/\" \/>\n<meta property=\"article:author\" content=\"https:\/\/www.facebook.com\/veredesArquitecturayDivulgacion\/\" \/>\n<meta property=\"article:published_time\" content=\"2021-04-14T22:01:17+00:00\" \/>\n<meta property=\"article:modified_time\" content=\"2022-04-21T07:19:33+00:00\" \/>\n<meta property=\"og:image\" content=\"https:\/\/veredes.es\/blog\/wp-content\/uploads\/2021\/04\/Miralles-un-homenaje-que-recuerda-al-arquitecto-en-todas-susfacetas.jpg\" \/>\n\t<meta property=\"og:image:width\" content=\"1200\" \/>\n\t<meta property=\"og:image:height\" content=\"846\" \/>\n\t<meta property=\"og:image:type\" content=\"image\/jpeg\" \/>\n<meta name=\"author\" content=\"veredes\" \/>\n<meta name=\"twitter:card\" content=\"summary_large_image\" \/>\n<meta name=\"twitter:creator\" content=\"@https:\/\/twitter.com\/veredes\" \/>\n<meta name=\"twitter:site\" content=\"@veredes\" \/>\n<meta name=\"twitter:label1\" content=\"Escrito por\" \/>\n\t<meta name=\"twitter:data1\" content=\"veredes\" \/>\n\t<meta name=\"twitter:label2\" content=\"Tiempo de lectura\" \/>\n\t<meta name=\"twitter:data2\" content=\"10 minutos\" \/>\n<script type=\"application\/ld+json\" class=\"yoast-schema-graph\">{\"@context\":\"https:\\\/\\\/schema.org\",\"@graph\":[{\"@type\":\"Article\",\"@id\":\"https:\\\/\\\/veredes.es\\\/blog\\\/miralles-un-homenaje-que-recuerda-al-arquitecto-en-todas-sus-facetas\\\/#article\",\"isPartOf\":{\"@id\":\"https:\\\/\\\/veredes.es\\\/blog\\\/miralles-un-homenaje-que-recuerda-al-arquitecto-en-todas-sus-facetas\\\/\"},\"author\":{\"name\":\"veredes\",\"@id\":\"https:\\\/\\\/veredes.es\\\/blog\\\/#\\\/schema\\\/person\\\/0bbb669073ef7faba5168a0844e93d2c\"},\"headline\":\"Miralles, un homenaje que recuerda al arquitecto en todas sus facetas\",\"datePublished\":\"2021-04-14T22:01:17+00:00\",\"dateModified\":\"2022-04-21T07:19:33+00:00\",\"mainEntityOfPage\":{\"@id\":\"https:\\\/\\\/veredes.es\\\/blog\\\/miralles-un-homenaje-que-recuerda-al-arquitecto-en-todas-sus-facetas\\\/\"},\"wordCount\":2154,\"commentCount\":0,\"publisher\":{\"@id\":\"https:\\\/\\\/veredes.es\\\/blog\\\/#organization\"},\"image\":{\"@id\":\"https:\\\/\\\/veredes.es\\\/blog\\\/miralles-un-homenaje-que-recuerda-al-arquitecto-en-todas-sus-facetas\\\/#primaryimage\"},\"thumbnailUrl\":\"https:\\\/\\\/veredes.es\\\/blog\\\/wp-content\\\/uploads\\\/2021\\\/04\\\/Miralles-un-homenaje-que-recuerda-al-arquitecto-en-todas-susfacetas.jpg\",\"keywords\":[\"Albert Viaplana\",\"arquitectura catalana\",\"arquitectura contempor\u00e1nea\",\"arquitectura espa\u00f1ola\",\"Batlle i Roig\",\"Beatriz Colomina\",\"Benedetta Tagliabue\",\"Carme Pin\u00f3s\",\"Carme Ribas\",\"conferencia\",\"David Hockney\",\"dise\u00f1o de mobiliario\",\"Elizabeth Diller\",\"embt\",\"Enric Batlle\",\"Enric Miralles\",\"ETSAB\",\"exposici\u00f3n\",\"fundaci\u00f3n Enric Miralles\",\"Helio Pi\u00f1\u00f3n\",\"Joan Roig i Duran\",\"Jos\u00e9 Rafael Moneo Vall\u00e9s\",\"Kenzo Tange\",\"maestro\",\"Maria G\u00fcell\",\"Martha Thorne\",\"Pablo Picasso\",\"Salvador Gilabert Sanz\",\"soraya smithson miralda\",\"ton salvad\u00f3 cabr\u00e9\",\"Victoria Garriga\"],\"articleSection\":[\"conferencias\",\"eventos\",\"exposiciones\"],\"inLanguage\":\"es\",\"potentialAction\":[{\"@type\":\"CommentAction\",\"name\":\"Comment\",\"target\":[\"https:\\\/\\\/veredes.es\\\/blog\\\/miralles-un-homenaje-que-recuerda-al-arquitecto-en-todas-sus-facetas\\\/#respond\"]}]},{\"@type\":\"WebPage\",\"@id\":\"https:\\\/\\\/veredes.es\\\/blog\\\/miralles-un-homenaje-que-recuerda-al-arquitecto-en-todas-sus-facetas\\\/\",\"url\":\"https:\\\/\\\/veredes.es\\\/blog\\\/miralles-un-homenaje-que-recuerda-al-arquitecto-en-todas-sus-facetas\\\/\",\"name\":\"Miralles, un homenaje que recuerda al arquitecto en todas sus facetas - veredes\",\"isPartOf\":{\"@id\":\"https:\\\/\\\/veredes.es\\\/blog\\\/#website\"},\"primaryImageOfPage\":{\"@id\":\"https:\\\/\\\/veredes.es\\\/blog\\\/miralles-un-homenaje-que-recuerda-al-arquitecto-en-todas-sus-facetas\\\/#primaryimage\"},\"image\":{\"@id\":\"https:\\\/\\\/veredes.es\\\/blog\\\/miralles-un-homenaje-que-recuerda-al-arquitecto-en-todas-sus-facetas\\\/#primaryimage\"},\"thumbnailUrl\":\"https:\\\/\\\/veredes.es\\\/blog\\\/wp-content\\\/uploads\\\/2021\\\/04\\\/Miralles-un-homenaje-que-recuerda-al-arquitecto-en-todas-susfacetas.jpg\",\"datePublished\":\"2021-04-14T22:01:17+00:00\",\"dateModified\":\"2022-04-21T07:19:33+00:00\",\"description\":\"Toda la informaci\u00f3n sobre: Miralles, un homenaje que recuerda al arquitecto en todas sus facetas\",\"breadcrumb\":{\"@id\":\"https:\\\/\\\/veredes.es\\\/blog\\\/miralles-un-homenaje-que-recuerda-al-arquitecto-en-todas-sus-facetas\\\/#breadcrumb\"},\"inLanguage\":\"es\",\"potentialAction\":[{\"@type\":\"ReadAction\",\"target\":[\"https:\\\/\\\/veredes.es\\\/blog\\\/miralles-un-homenaje-que-recuerda-al-arquitecto-en-todas-sus-facetas\\\/\"]}]},{\"@type\":\"ImageObject\",\"inLanguage\":\"es\",\"@id\":\"https:\\\/\\\/veredes.es\\\/blog\\\/miralles-un-homenaje-que-recuerda-al-arquitecto-en-todas-sus-facetas\\\/#primaryimage\",\"url\":\"https:\\\/\\\/veredes.es\\\/blog\\\/wp-content\\\/uploads\\\/2021\\\/04\\\/Miralles-un-homenaje-que-recuerda-al-arquitecto-en-todas-susfacetas.jpg\",\"contentUrl\":\"https:\\\/\\\/veredes.es\\\/blog\\\/wp-content\\\/uploads\\\/2021\\\/04\\\/Miralles-un-homenaje-que-recuerda-al-arquitecto-en-todas-susfacetas.jpg\",\"width\":1200,\"height\":846},{\"@type\":\"BreadcrumbList\",\"@id\":\"https:\\\/\\\/veredes.es\\\/blog\\\/miralles-un-homenaje-que-recuerda-al-arquitecto-en-todas-sus-facetas\\\/#breadcrumb\",\"itemListElement\":[{\"@type\":\"ListItem\",\"position\":1,\"name\":\"Portada\",\"item\":\"https:\\\/\\\/veredes.es\\\/blog\\\/\"},{\"@type\":\"ListItem\",\"position\":2,\"name\":\"Miralles, un homenaje que recuerda al arquitecto en todas sus facetas\"}]},{\"@type\":\"WebSite\",\"@id\":\"https:\\\/\\\/veredes.es\\\/blog\\\/#website\",\"url\":\"https:\\\/\\\/veredes.es\\\/blog\\\/\",\"name\":\"veredes, arquitectura y divulgaci\u00f3n\",\"description\":\"veredes\",\"publisher\":{\"@id\":\"https:\\\/\\\/veredes.es\\\/blog\\\/#organization\"},\"alternateName\":\"veredes\",\"potentialAction\":[{\"@type\":\"SearchAction\",\"target\":{\"@type\":\"EntryPoint\",\"urlTemplate\":\"https:\\\/\\\/veredes.es\\\/blog\\\/?s={search_term_string}\"},\"query-input\":{\"@type\":\"PropertyValueSpecification\",\"valueRequired\":true,\"valueName\":\"search_term_string\"}}],\"inLanguage\":\"es\"},{\"@type\":\"Organization\",\"@id\":\"https:\\\/\\\/veredes.es\\\/blog\\\/#organization\",\"name\":\"veredes, arquitectura y divulgaci\u00f3n\",\"alternateName\":\"veredes\",\"url\":\"https:\\\/\\\/veredes.es\\\/blog\\\/\",\"logo\":{\"@type\":\"ImageObject\",\"inLanguage\":\"es\",\"@id\":\"https:\\\/\\\/veredes.es\\\/blog\\\/#\\\/schema\\\/logo\\\/image\\\/\",\"url\":\"https:\\\/\\\/veredes.es\\\/blog\\\/wp-content\\\/uploads\\\/2021\\\/12\\\/veredes-logo-centrado_140x54.png\",\"contentUrl\":\"https:\\\/\\\/veredes.es\\\/blog\\\/wp-content\\\/uploads\\\/2021\\\/12\\\/veredes-logo-centrado_140x54.png\",\"width\":140,\"height\":54,\"caption\":\"veredes, arquitectura y divulgaci\u00f3n\"},\"image\":{\"@id\":\"https:\\\/\\\/veredes.es\\\/blog\\\/#\\\/schema\\\/logo\\\/image\\\/\"},\"sameAs\":[\"https:\\\/\\\/www.facebook.com\\\/veredesArquitecturayDivulgacion\\\/\",\"https:\\\/\\\/x.com\\\/veredes\",\"https:\\\/\\\/instagram.com\\\/veredes\\\/\",\"https:\\\/\\\/www.linkedin.com\\\/company\\\/veredes-arquitectura-y-divulgacion\\\/\",\"https:\\\/\\\/es.pinterest.com\\\/veredes\\\/\",\"https:\\\/\\\/www.tumblr.com\\\/veredes\"]},{\"@type\":\"Person\",\"@id\":\"https:\\\/\\\/veredes.es\\\/blog\\\/#\\\/schema\\\/person\\\/0bbb669073ef7faba5168a0844e93d2c\",\"name\":\"veredes\",\"image\":{\"@type\":\"ImageObject\",\"inLanguage\":\"es\",\"@id\":\"https:\\\/\\\/veredes.es\\\/blog\\\/wp-content\\\/uploads\\\/2018\\\/04\\\/face-96x96.jpg\",\"url\":\"https:\\\/\\\/veredes.es\\\/blog\\\/wp-content\\\/uploads\\\/2018\\\/04\\\/face-96x96.jpg\",\"contentUrl\":\"https:\\\/\\\/veredes.es\\\/blog\\\/wp-content\\\/uploads\\\/2018\\\/04\\\/face-96x96.jpg\",\"caption\":\"veredes\"},\"description\":\"Surge enero de 2009 como b\u00fasqueda de satisfacer el conocimiento de la actividad arquitect\u00f3nica y tangentes que se generan. La idea es crear un espacio para divulgar los diversos proyectos en busca de nueva inspiraci\u00f3n y de intercambio.\",\"sameAs\":[\"https:\\\/\\\/veredes.es\\\/\",\"https:\\\/\\\/www.facebook.com\\\/veredesArquitecturayDivulgacion\\\/\",\"https:\\\/\\\/www.instagram.com\\\/veredes\\\/\",\"https:\\\/\\\/www.linkedin.com\\\/company\\\/veredes-arquitectura-y-divulgacion\\\/\",\"https:\\\/\\\/www.pinterest.es\\\/veredes\\\/\",\"https:\\\/\\\/x.com\\\/https:\\\/\\\/twitter.com\\\/veredes\",\"https:\\\/\\\/veredes.tumblr.com\\\/\"],\"url\":\"https:\\\/\\\/veredes.es\\\/blog\\\/author\\\/alberto\\\/\"}]}<\/script>\n<!-- \/ Yoast SEO plugin. -->","yoast_head_json":{"title":"Miralles, un homenaje que recuerda al arquitecto en todas sus facetas - veredes","description":"Toda la informaci\u00f3n sobre: Miralles, un homenaje que recuerda al arquitecto en todas sus facetas","robots":{"index":"index","follow":"follow","max-snippet":"max-snippet:-1","max-image-preview":"max-image-preview:large","max-video-preview":"max-video-preview:-1"},"canonical":"https:\/\/veredes.es\/blog\/miralles-un-homenaje-que-recuerda-al-arquitecto-en-todas-sus-facetas\/","og_locale":"es_ES","og_type":"article","og_title":"Miralles, un homenaje que recuerda al arquitecto en todas sus facetas - veredes","og_description":"Toda la informaci\u00f3n sobre: Miralles, un homenaje que recuerda al arquitecto en todas sus facetas","og_url":"https:\/\/veredes.es\/blog\/miralles-un-homenaje-que-recuerda-al-arquitecto-en-todas-sus-facetas\/","og_site_name":"veredes, arquitectura y divulgaci\u00f3n","article_publisher":"https:\/\/www.facebook.com\/veredesArquitecturayDivulgacion\/","article_author":"https:\/\/www.facebook.com\/veredesArquitecturayDivulgacion\/","article_published_time":"2021-04-14T22:01:17+00:00","article_modified_time":"2022-04-21T07:19:33+00:00","og_image":[{"width":1200,"height":846,"url":"https:\/\/veredes.es\/blog\/wp-content\/uploads\/2021\/04\/Miralles-un-homenaje-que-recuerda-al-arquitecto-en-todas-susfacetas.jpg","type":"image\/jpeg"}],"author":"veredes","twitter_card":"summary_large_image","twitter_creator":"@https:\/\/twitter.com\/veredes","twitter_site":"@veredes","twitter_misc":{"Escrito por":"veredes","Tiempo de lectura":"10 minutos"},"schema":{"@context":"https:\/\/schema.org","@graph":[{"@type":"Article","@id":"https:\/\/veredes.es\/blog\/miralles-un-homenaje-que-recuerda-al-arquitecto-en-todas-sus-facetas\/#article","isPartOf":{"@id":"https:\/\/veredes.es\/blog\/miralles-un-homenaje-que-recuerda-al-arquitecto-en-todas-sus-facetas\/"},"author":{"name":"veredes","@id":"https:\/\/veredes.es\/blog\/#\/schema\/person\/0bbb669073ef7faba5168a0844e93d2c"},"headline":"Miralles, un homenaje que recuerda al arquitecto en todas sus facetas","datePublished":"2021-04-14T22:01:17+00:00","dateModified":"2022-04-21T07:19:33+00:00","mainEntityOfPage":{"@id":"https:\/\/veredes.es\/blog\/miralles-un-homenaje-que-recuerda-al-arquitecto-en-todas-sus-facetas\/"},"wordCount":2154,"commentCount":0,"publisher":{"@id":"https:\/\/veredes.es\/blog\/#organization"},"image":{"@id":"https:\/\/veredes.es\/blog\/miralles-un-homenaje-que-recuerda-al-arquitecto-en-todas-sus-facetas\/#primaryimage"},"thumbnailUrl":"https:\/\/veredes.es\/blog\/wp-content\/uploads\/2021\/04\/Miralles-un-homenaje-que-recuerda-al-arquitecto-en-todas-susfacetas.jpg","keywords":["Albert Viaplana","arquitectura catalana","arquitectura contempor\u00e1nea","arquitectura espa\u00f1ola","Batlle i Roig","Beatriz Colomina","Benedetta Tagliabue","Carme Pin\u00f3s","Carme Ribas","conferencia","David Hockney","dise\u00f1o de mobiliario","Elizabeth Diller","embt","Enric Batlle","Enric Miralles","ETSAB","exposici\u00f3n","fundaci\u00f3n Enric Miralles","Helio Pi\u00f1\u00f3n","Joan Roig i Duran","Jos\u00e9 Rafael Moneo Vall\u00e9s","Kenzo Tange","maestro","Maria G\u00fcell","Martha Thorne","Pablo Picasso","Salvador Gilabert Sanz","soraya smithson miralda","ton salvad\u00f3 cabr\u00e9","Victoria Garriga"],"articleSection":["conferencias","eventos","exposiciones"],"inLanguage":"es","potentialAction":[{"@type":"CommentAction","name":"Comment","target":["https:\/\/veredes.es\/blog\/miralles-un-homenaje-que-recuerda-al-arquitecto-en-todas-sus-facetas\/#respond"]}]},{"@type":"WebPage","@id":"https:\/\/veredes.es\/blog\/miralles-un-homenaje-que-recuerda-al-arquitecto-en-todas-sus-facetas\/","url":"https:\/\/veredes.es\/blog\/miralles-un-homenaje-que-recuerda-al-arquitecto-en-todas-sus-facetas\/","name":"Miralles, un homenaje que recuerda al arquitecto en todas sus facetas - veredes","isPartOf":{"@id":"https:\/\/veredes.es\/blog\/#website"},"primaryImageOfPage":{"@id":"https:\/\/veredes.es\/blog\/miralles-un-homenaje-que-recuerda-al-arquitecto-en-todas-sus-facetas\/#primaryimage"},"image":{"@id":"https:\/\/veredes.es\/blog\/miralles-un-homenaje-que-recuerda-al-arquitecto-en-todas-sus-facetas\/#primaryimage"},"thumbnailUrl":"https:\/\/veredes.es\/blog\/wp-content\/uploads\/2021\/04\/Miralles-un-homenaje-que-recuerda-al-arquitecto-en-todas-susfacetas.jpg","datePublished":"2021-04-14T22:01:17+00:00","dateModified":"2022-04-21T07:19:33+00:00","description":"Toda la informaci\u00f3n sobre: Miralles, un homenaje que recuerda al arquitecto en todas sus facetas","breadcrumb":{"@id":"https:\/\/veredes.es\/blog\/miralles-un-homenaje-que-recuerda-al-arquitecto-en-todas-sus-facetas\/#breadcrumb"},"inLanguage":"es","potentialAction":[{"@type":"ReadAction","target":["https:\/\/veredes.es\/blog\/miralles-un-homenaje-que-recuerda-al-arquitecto-en-todas-sus-facetas\/"]}]},{"@type":"ImageObject","inLanguage":"es","@id":"https:\/\/veredes.es\/blog\/miralles-un-homenaje-que-recuerda-al-arquitecto-en-todas-sus-facetas\/#primaryimage","url":"https:\/\/veredes.es\/blog\/wp-content\/uploads\/2021\/04\/Miralles-un-homenaje-que-recuerda-al-arquitecto-en-todas-susfacetas.jpg","contentUrl":"https:\/\/veredes.es\/blog\/wp-content\/uploads\/2021\/04\/Miralles-un-homenaje-que-recuerda-al-arquitecto-en-todas-susfacetas.jpg","width":1200,"height":846},{"@type":"BreadcrumbList","@id":"https:\/\/veredes.es\/blog\/miralles-un-homenaje-que-recuerda-al-arquitecto-en-todas-sus-facetas\/#breadcrumb","itemListElement":[{"@type":"ListItem","position":1,"name":"Portada","item":"https:\/\/veredes.es\/blog\/"},{"@type":"ListItem","position":2,"name":"Miralles, un homenaje que recuerda al arquitecto en todas sus facetas"}]},{"@type":"WebSite","@id":"https:\/\/veredes.es\/blog\/#website","url":"https:\/\/veredes.es\/blog\/","name":"veredes, arquitectura y divulgaci\u00f3n","description":"veredes","publisher":{"@id":"https:\/\/veredes.es\/blog\/#organization"},"alternateName":"veredes","potentialAction":[{"@type":"SearchAction","target":{"@type":"EntryPoint","urlTemplate":"https:\/\/veredes.es\/blog\/?s={search_term_string}"},"query-input":{"@type":"PropertyValueSpecification","valueRequired":true,"valueName":"search_term_string"}}],"inLanguage":"es"},{"@type":"Organization","@id":"https:\/\/veredes.es\/blog\/#organization","name":"veredes, arquitectura y divulgaci\u00f3n","alternateName":"veredes","url":"https:\/\/veredes.es\/blog\/","logo":{"@type":"ImageObject","inLanguage":"es","@id":"https:\/\/veredes.es\/blog\/#\/schema\/logo\/image\/","url":"https:\/\/veredes.es\/blog\/wp-content\/uploads\/2021\/12\/veredes-logo-centrado_140x54.png","contentUrl":"https:\/\/veredes.es\/blog\/wp-content\/uploads\/2021\/12\/veredes-logo-centrado_140x54.png","width":140,"height":54,"caption":"veredes, arquitectura y divulgaci\u00f3n"},"image":{"@id":"https:\/\/veredes.es\/blog\/#\/schema\/logo\/image\/"},"sameAs":["https:\/\/www.facebook.com\/veredesArquitecturayDivulgacion\/","https:\/\/x.com\/veredes","https:\/\/instagram.com\/veredes\/","https:\/\/www.linkedin.com\/company\/veredes-arquitectura-y-divulgacion\/","https:\/\/es.pinterest.com\/veredes\/","https:\/\/www.tumblr.com\/veredes"]},{"@type":"Person","@id":"https:\/\/veredes.es\/blog\/#\/schema\/person\/0bbb669073ef7faba5168a0844e93d2c","name":"veredes","image":{"@type":"ImageObject","inLanguage":"es","@id":"https:\/\/veredes.es\/blog\/wp-content\/uploads\/2018\/04\/face-96x96.jpg","url":"https:\/\/veredes.es\/blog\/wp-content\/uploads\/2018\/04\/face-96x96.jpg","contentUrl":"https:\/\/veredes.es\/blog\/wp-content\/uploads\/2018\/04\/face-96x96.jpg","caption":"veredes"},"description":"Surge enero de 2009 como b\u00fasqueda de satisfacer el conocimiento de la actividad arquitect\u00f3nica y tangentes que se generan. La idea es crear un espacio para divulgar los diversos proyectos en busca de nueva inspiraci\u00f3n y de intercambio.","sameAs":["https:\/\/veredes.es\/","https:\/\/www.facebook.com\/veredesArquitecturayDivulgacion\/","https:\/\/www.instagram.com\/veredes\/","https:\/\/www.linkedin.com\/company\/veredes-arquitectura-y-divulgacion\/","https:\/\/www.pinterest.es\/veredes\/","https:\/\/x.com\/https:\/\/twitter.com\/veredes","https:\/\/veredes.tumblr.com\/"],"url":"https:\/\/veredes.es\/blog\/author\/alberto\/"}]}},"_links":{"self":[{"href":"https:\/\/veredes.es\/blog\/wp-json\/wp\/v2\/posts\/84154","targetHints":{"allow":["GET"]}}],"collection":[{"href":"https:\/\/veredes.es\/blog\/wp-json\/wp\/v2\/posts"}],"about":[{"href":"https:\/\/veredes.es\/blog\/wp-json\/wp\/v2\/types\/post"}],"author":[{"embeddable":true,"href":"https:\/\/veredes.es\/blog\/wp-json\/wp\/v2\/users\/2"}],"replies":[{"embeddable":true,"href":"https:\/\/veredes.es\/blog\/wp-json\/wp\/v2\/comments?post=84154"}],"version-history":[{"count":0,"href":"https:\/\/veredes.es\/blog\/wp-json\/wp\/v2\/posts\/84154\/revisions"}],"wp:featuredmedia":[{"embeddable":true,"href":"https:\/\/veredes.es\/blog\/wp-json\/wp\/v2\/media\/84155"}],"wp:attachment":[{"href":"https:\/\/veredes.es\/blog\/wp-json\/wp\/v2\/media?parent=84154"}],"wp:term":[{"taxonomy":"category","embeddable":true,"href":"https:\/\/veredes.es\/blog\/wp-json\/wp\/v2\/categories?post=84154"},{"taxonomy":"post_tag","embeddable":true,"href":"https:\/\/veredes.es\/blog\/wp-json\/wp\/v2\/tags?post=84154"}],"curies":[{"name":"wp","href":"https:\/\/api.w.org\/{rel}","templated":true}]}}