{"id":83529,"date":"2021-04-26T00:01:41","date_gmt":"2021-04-25T22:01:41","guid":{"rendered":"https:\/\/veredes.es\/blog\/?p=83529"},"modified":"2021-05-21T18:56:50","modified_gmt":"2021-05-21T16:56:50","slug":"ciudades-para-el-tricentenario-aldo-g-facho","status":"publish","type":"post","link":"https:\/\/veredes.es\/blog\/ciudades-para-el-tricentenario-aldo-g-facho\/","title":{"rendered":"Ciudades para el tricentenario | Aldo G. Facho Dede"},"content":{"rendered":"<figure id=\"attachment_83531\" aria-describedby=\"caption-attachment-83531\" style=\"width: 980px\" class=\"wp-caption alignnone\"><img loading=\"lazy\" decoding=\"async\" class=\"size-full wp-image-83531\" src=\"https:\/\/veredes.es\/blog\/wp-content\/uploads\/2021\/02\/Ciudades-para-el-tricentenario-Aldo-G.-Facho-Dede.jpg\" alt=\"\" width=\"980\" height=\"980\" srcset=\"https:\/\/veredes.es\/blog\/wp-content\/uploads\/2021\/02\/Ciudades-para-el-tricentenario-Aldo-G.-Facho-Dede.jpg 980w, https:\/\/veredes.es\/blog\/wp-content\/uploads\/2021\/02\/Ciudades-para-el-tricentenario-Aldo-G.-Facho-Dede-300x300.jpg 300w, https:\/\/veredes.es\/blog\/wp-content\/uploads\/2021\/02\/Ciudades-para-el-tricentenario-Aldo-G.-Facho-Dede-120x120.jpg 120w, https:\/\/veredes.es\/blog\/wp-content\/uploads\/2021\/02\/Ciudades-para-el-tricentenario-Aldo-G.-Facho-Dede-150x150.jpg 150w\" sizes=\"auto, (max-width: 980px) 100vw, 980px\" \/><figcaption id=\"caption-attachment-83531\" class=\"wp-caption-text\"><a href=\"https:\/\/www.flickr.com\/photos\/ddourojeanni\/\" target=\"_blank\" rel=\"noopener noreferrer\"><span style=\"color: #999999;\">Foto: Diego Dourojeanni<\/span><\/a><\/figcaption><\/figure>\n<p style=\"text-align: justify;\">La pandemia del COVID-19 ha desnudado las enormes debilidades y limitaciones que tenemos como Naci\u00f3n. Nuestras ciudades, como construcciones sociales que son, han sido uno de los escenarios donde se han evidenciado con mayor fuerza el ego\u00edsmo e indiferencia que nos lastran, as\u00ed como la solidaridad y la esperanza que nos unen. Lamentablemente, las brechas generadas por lo primero se han tornado, en algunos casos, infranqueables, mostr\u00e1ndonos los grandes retos que, en materia de urbanismo, tenemos que asumir para que la \u201cnueva normalidad\u201d sea m\u00e1s justa e inclusiva que la previa a la pandemia.<\/p>\n<p style=\"text-align: justify;\">Podr\u00edamos enumerar esos retos, pero considero que hay un concepto que los aglutina: el \u201cderecho a la ciudad\u201d como ampliaci\u00f3n del \u201cderecho a la vivienda\u201d, que fue eliminado en la Constituci\u00f3n de 1993 pero que est\u00e1 subyacente en la mayor\u00eda de derechos fundamentales: al libre desarrollo y bienestar, a la no discriminaci\u00f3n, a elegir el lugar de residencia, al disfrute del tiempo libre y al descanso, a gozar de un ambiente equilibrado y adecuado para el desarrollo de la vida, a la educaci\u00f3n y a la salud.<\/p>\n<p style=\"text-align: justify;\"><strong>\u00bfPor qu\u00e9 es importante que el Estado Peruano reconozca el derecho a la ciudad como un derecho fundamental? <\/strong><\/p>\n<p style=\"text-align: justify;\">Porque con ello se estar\u00eda evidenciando la integralidad del bienestar, es decir, que toda intervenci\u00f3n o inversi\u00f3n del Estado orientada a mejorar la calidad de vida de sus ciudadanos tendr\u00eda que estar enmarcada en un modelo de desarrollo urbano que la justifique y, por ende, permita maximizar sus beneficios.<\/p>\n<blockquote>\n<p style=\"text-align: justify;\">\u201c\u00bfPor qu\u00e9 es importante que el Estado Peruano reconozca el derecho a la ciudad como un derecho fundamental? Porque con ello se estar\u00eda evidenciando la integralidad del bienestar, es decir, que toda intervenci\u00f3n o inversi\u00f3n del Estado orientada a mejorar la calidad de vida de sus ciudadanos tendr\u00eda que estar enmarcada en un modelo de desarrollo urbano que la justifique y, por ende, permita maximizar sus beneficios.\u201d<\/p>\n<\/blockquote>\n<p style=\"text-align: justify;\">Por ejemplo, no deber\u00edamos ver m\u00e1s pistas reci\u00e9n terminadas que son rotas para ampliar la red de agua y desag\u00fce; proyectos de vivienda social sin parques, colegios ni postas m\u00e9dicas; nuevas urbanizaciones sin conexi\u00f3n a la red de transporte p\u00fablico; titulaci\u00f3n de viviendas a las que no se puede llegar con una ambulancia o proyectos de telef\u00e9ricos para viviendas sin servicios b\u00e1sicos.<\/p>\n<blockquote>\n<p style=\"text-align: justify;\">\u201cEl derecho a la ciudad se viabiliza mediante la planificaci\u00f3n urbana estrat\u00e9gica. En el mundo tenemos grandes muestras de este enfoque integral de desarrollo y de su aporte en la reducci\u00f3n de la vulnerabilidad social.\u201d<\/p>\n<\/blockquote>\n<p style=\"text-align: justify;\">Ciudades como Barcelona, Londres, Berl\u00edn y Par\u00eds han renovado importantes sectores mediante intervenciones integrales, utilizando, incluso, grandes eventos como gatilladores del cambio. En nuestro continente tenemos el destacado ejemplo de la ciudad de Medell\u00edn que, con la implementaci\u00f3n de los Proyectos Urbanos Integrales, consigui\u00f3 conectar, equipar y valorar sectores hist\u00f3ricamente marginados.<\/p>\n<blockquote>\n<p style=\"text-align: justify;\">\u201cEn nuestro pa\u00eds hemos intentado seguir esos ejemplos con escasos o nulos resultados, principalmente porque la planificaci\u00f3n urbana no es determinante para viabilizar la inversi\u00f3n p\u00fablica, y el Estado no reconoce a la ciudad como una unidad espacial y social, en la que cada acci\u00f3n impacta de forma transversal en la vida de las personas.\u201d<\/p>\n<\/blockquote>\n<p style=\"text-align: justify;\">En el caso de Lima tenemos proyectos millonarios de movilidad como el Metro L\u00ednea 2; de vivienda social como los de Carabayllo, Comas y Anc\u00f3n; o de recreaci\u00f3n y deporte como algunos parques zonales y el legado de los Juegos Panamericanos. Todos est\u00e1n desconectados de la ciudad, desperdiciados o muy poco aprovechados por no haber sido pensados bajo un enfoque urbano integral, que te lo da la planificaci\u00f3n urbana. No lo debemos permitir m\u00e1s.<\/p>\n<blockquote>\n<p style=\"text-align: justify;\">\u201cDejemos de pensar que el problema es la falta de vivienda y que este se soluciona estimulando la generaci\u00f3n de viviendas sin ciudad, cuando el problema de fondo es la falta de ciudades planificadas, inclusivas, seguras y saludables, donde puedan desarrollarse ofertas diversas para vivir dignamente.\u201d<\/p>\n<\/blockquote>\n<p style=\"text-align: justify;\">Debemos exigir el derecho a la ciudad como el legado del Bicentenario hacia el Tricentenario. Este es un reconocimiento a la integralidad del bienestar, pues la \u00fanica forma que tendremos de salir de la pobreza de manera sostenida es con ciudades que nos garanticen el desarrollo de nuestros derechos b\u00e1sicos, exaltados en ese derecho mayor.<\/p>\n","protected":false},"excerpt":{"rendered":"<p>La pandemia del COVID-19 ha desnudado las enormes debilidades y limitaciones que tenemos como Naci\u00f3n. Nuestras ciudades, como construcciones sociales que son, han sido uno de los escenarios donde se han evidenciado con mayor fuerza el ego\u00edsmo e indiferencia que nos lastran, as\u00ed como la solidaridad y la esperanza que nos unen. Lamentablemente, las brechas [&hellip;]<\/p>\n","protected":false},"author":6,"featured_media":83531,"comment_status":"open","ping_status":"closed","sticky":false,"template":"","format":"standard","meta":{"footnotes":""},"categories":[5934,5951],"tags":[3866,5921,2556,195,286,290,318,6917,2669,12463,2787,4551,1004,1005,13020,1030,12469,1298,6605],"class_list":{"0":"post-83529","1":"post","2":"type-post","3":"status-publish","4":"format-standard","5":"has-post-thumbnail","7":"category-articulos","8":"category-slider-principal","9":"tag-aldo-facho-dede","10":"tag-arquitectura-peruana","11":"tag-arquitectura-sostenible","12":"tag-barrio","13":"tag-centro-cultural","14":"tag-centro-historico","15":"tag-ciudad","16":"tag-ciudad-sostenible","17":"tag-gentrificacion","18":"tag-patrimonio","19":"tag-patrimonio-cultural","20":"tag-patrimonio-de-la-humanidad","21":"tag-patrimonio-historico","22":"tag-patrimonio-industrial","23":"tag-patrimonio-natural","24":"tag-peru","25":"tag-sostenibilidad","26":"tag-tradicion","27":"tag-urbanismo-sostenible"},"yoast_head":"<!-- This site is optimized with the Yoast SEO plugin v27.5 - https:\/\/yoast.com\/product\/yoast-seo-wordpress\/ -->\n<title>Ciudades para el tricentenario | Aldo G. Facho Dede - veredes<\/title>\n<meta name=\"description\" content=\"Toda la informaci\u00f3n sobre: Ciudades para el tricentenario | Aldo G. Facho Dede\" \/>\n<meta name=\"robots\" content=\"index, follow, max-snippet:-1, max-image-preview:large, max-video-preview:-1\" \/>\n<link rel=\"canonical\" href=\"https:\/\/veredes.es\/blog\/ciudades-para-el-tricentenario-aldo-g-facho\/\" \/>\n<meta property=\"og:locale\" content=\"es_ES\" \/>\n<meta property=\"og:type\" content=\"article\" \/>\n<meta property=\"og:title\" content=\"Ciudades para el tricentenario | Aldo G. Facho Dede - veredes\" \/>\n<meta property=\"og:description\" content=\"Toda la informaci\u00f3n sobre: Ciudades para el tricentenario | Aldo G. Facho Dede\" \/>\n<meta property=\"og:url\" content=\"https:\/\/veredes.es\/blog\/ciudades-para-el-tricentenario-aldo-g-facho\/\" \/>\n<meta property=\"og:site_name\" content=\"veredes, arquitectura y divulgaci\u00f3n\" \/>\n<meta property=\"article:publisher\" content=\"https:\/\/www.facebook.com\/veredesArquitecturayDivulgacion\/\" \/>\n<meta property=\"article:author\" content=\"https:\/\/www.facebook.com\/aldogfd\" \/>\n<meta property=\"article:published_time\" content=\"2021-04-25T22:01:41+00:00\" \/>\n<meta property=\"article:modified_time\" content=\"2021-05-21T16:56:50+00:00\" \/>\n<meta property=\"og:image\" content=\"https:\/\/veredes.es\/blog\/wp-content\/uploads\/2021\/02\/Ciudades-para-el-tricentenario-Aldo-G.-Facho-Dede.jpg\" \/>\n\t<meta property=\"og:image:width\" content=\"980\" \/>\n\t<meta property=\"og:image:height\" content=\"980\" \/>\n\t<meta property=\"og:image:type\" content=\"image\/jpeg\" \/>\n<meta name=\"author\" content=\"Aldo G. Facho Dede\" \/>\n<meta name=\"twitter:card\" content=\"summary_large_image\" \/>\n<meta name=\"twitter:creator\" content=\"@https:\/\/twitter.com\/Aldo_FD\" \/>\n<meta name=\"twitter:site\" content=\"@veredes\" \/>\n<meta name=\"twitter:label1\" content=\"Escrito por\" \/>\n\t<meta name=\"twitter:data1\" content=\"Aldo G. Facho Dede\" \/>\n\t<meta name=\"twitter:label2\" content=\"Tiempo de lectura\" \/>\n\t<meta name=\"twitter:data2\" content=\"4 minutos\" \/>\n<script type=\"application\/ld+json\" class=\"yoast-schema-graph\">{\"@context\":\"https:\\\/\\\/schema.org\",\"@graph\":[{\"@type\":\"Article\",\"@id\":\"https:\\\/\\\/veredes.es\\\/blog\\\/ciudades-para-el-tricentenario-aldo-g-facho\\\/#article\",\"isPartOf\":{\"@id\":\"https:\\\/\\\/veredes.es\\\/blog\\\/ciudades-para-el-tricentenario-aldo-g-facho\\\/\"},\"author\":{\"name\":\"Aldo G. Facho Dede\",\"@id\":\"https:\\\/\\\/veredes.es\\\/blog\\\/#\\\/schema\\\/person\\\/3cc9f8d7361e24dbbfa9a9811f917ebe\"},\"headline\":\"Ciudades para el tricentenario | Aldo G. Facho Dede\",\"datePublished\":\"2021-04-25T22:01:41+00:00\",\"dateModified\":\"2021-05-21T16:56:50+00:00\",\"mainEntityOfPage\":{\"@id\":\"https:\\\/\\\/veredes.es\\\/blog\\\/ciudades-para-el-tricentenario-aldo-g-facho\\\/\"},\"wordCount\":758,\"commentCount\":0,\"publisher\":{\"@id\":\"https:\\\/\\\/veredes.es\\\/blog\\\/#organization\"},\"image\":{\"@id\":\"https:\\\/\\\/veredes.es\\\/blog\\\/ciudades-para-el-tricentenario-aldo-g-facho\\\/#primaryimage\"},\"thumbnailUrl\":\"https:\\\/\\\/veredes.es\\\/blog\\\/wp-content\\\/uploads\\\/2021\\\/02\\\/Ciudades-para-el-tricentenario-Aldo-G.-Facho-Dede.jpg\",\"keywords\":[\"Aldo Facho Dede\",\"arquitectura peruana\",\"arquitectura sostenible\",\"barrio\",\"centro cultural\",\"centro hist\u00f3rico\",\"ciudad\",\"ciudad sostenible\",\"gentrificaci\u00f3n\",\"patrimonio\",\"patrimonio cultural\",\"patrimonio de la humanidad\",\"patrimonio hist\u00f3rico\",\"patrimonio industrial\",\"patrimonio natural\",\"Per\u00fa\",\"sostenibilidad\",\"tradici\u00f3n\",\"urbanismo sostenible\"],\"articleSection\":[\"art\u00edculos\",\"slider principal\"],\"inLanguage\":\"es\",\"potentialAction\":[{\"@type\":\"CommentAction\",\"name\":\"Comment\",\"target\":[\"https:\\\/\\\/veredes.es\\\/blog\\\/ciudades-para-el-tricentenario-aldo-g-facho\\\/#respond\"]}]},{\"@type\":\"WebPage\",\"@id\":\"https:\\\/\\\/veredes.es\\\/blog\\\/ciudades-para-el-tricentenario-aldo-g-facho\\\/\",\"url\":\"https:\\\/\\\/veredes.es\\\/blog\\\/ciudades-para-el-tricentenario-aldo-g-facho\\\/\",\"name\":\"Ciudades para el tricentenario | Aldo G. Facho Dede - veredes\",\"isPartOf\":{\"@id\":\"https:\\\/\\\/veredes.es\\\/blog\\\/#website\"},\"primaryImageOfPage\":{\"@id\":\"https:\\\/\\\/veredes.es\\\/blog\\\/ciudades-para-el-tricentenario-aldo-g-facho\\\/#primaryimage\"},\"image\":{\"@id\":\"https:\\\/\\\/veredes.es\\\/blog\\\/ciudades-para-el-tricentenario-aldo-g-facho\\\/#primaryimage\"},\"thumbnailUrl\":\"https:\\\/\\\/veredes.es\\\/blog\\\/wp-content\\\/uploads\\\/2021\\\/02\\\/Ciudades-para-el-tricentenario-Aldo-G.-Facho-Dede.jpg\",\"datePublished\":\"2021-04-25T22:01:41+00:00\",\"dateModified\":\"2021-05-21T16:56:50+00:00\",\"description\":\"Toda la informaci\u00f3n sobre: Ciudades para el tricentenario | Aldo G. Facho Dede\",\"breadcrumb\":{\"@id\":\"https:\\\/\\\/veredes.es\\\/blog\\\/ciudades-para-el-tricentenario-aldo-g-facho\\\/#breadcrumb\"},\"inLanguage\":\"es\",\"potentialAction\":[{\"@type\":\"ReadAction\",\"target\":[\"https:\\\/\\\/veredes.es\\\/blog\\\/ciudades-para-el-tricentenario-aldo-g-facho\\\/\"]}]},{\"@type\":\"ImageObject\",\"inLanguage\":\"es\",\"@id\":\"https:\\\/\\\/veredes.es\\\/blog\\\/ciudades-para-el-tricentenario-aldo-g-facho\\\/#primaryimage\",\"url\":\"https:\\\/\\\/veredes.es\\\/blog\\\/wp-content\\\/uploads\\\/2021\\\/02\\\/Ciudades-para-el-tricentenario-Aldo-G.-Facho-Dede.jpg\",\"contentUrl\":\"https:\\\/\\\/veredes.es\\\/blog\\\/wp-content\\\/uploads\\\/2021\\\/02\\\/Ciudades-para-el-tricentenario-Aldo-G.-Facho-Dede.jpg\",\"width\":980,\"height\":980,\"caption\":\"Foto; Diego Dourojeanni. https:\\\/\\\/www.flickr.com\\\/photos\\\/ddourojeanni\\\/\"},{\"@type\":\"BreadcrumbList\",\"@id\":\"https:\\\/\\\/veredes.es\\\/blog\\\/ciudades-para-el-tricentenario-aldo-g-facho\\\/#breadcrumb\",\"itemListElement\":[{\"@type\":\"ListItem\",\"position\":1,\"name\":\"Portada\",\"item\":\"https:\\\/\\\/veredes.es\\\/blog\\\/\"},{\"@type\":\"ListItem\",\"position\":2,\"name\":\"Ciudades para el tricentenario | Aldo G. Facho Dede\"}]},{\"@type\":\"WebSite\",\"@id\":\"https:\\\/\\\/veredes.es\\\/blog\\\/#website\",\"url\":\"https:\\\/\\\/veredes.es\\\/blog\\\/\",\"name\":\"veredes, arquitectura y divulgaci\u00f3n\",\"description\":\"veredes\",\"publisher\":{\"@id\":\"https:\\\/\\\/veredes.es\\\/blog\\\/#organization\"},\"alternateName\":\"veredes\",\"potentialAction\":[{\"@type\":\"SearchAction\",\"target\":{\"@type\":\"EntryPoint\",\"urlTemplate\":\"https:\\\/\\\/veredes.es\\\/blog\\\/?s={search_term_string}\"},\"query-input\":{\"@type\":\"PropertyValueSpecification\",\"valueRequired\":true,\"valueName\":\"search_term_string\"}}],\"inLanguage\":\"es\"},{\"@type\":\"Organization\",\"@id\":\"https:\\\/\\\/veredes.es\\\/blog\\\/#organization\",\"name\":\"veredes, arquitectura y divulgaci\u00f3n\",\"alternateName\":\"veredes\",\"url\":\"https:\\\/\\\/veredes.es\\\/blog\\\/\",\"logo\":{\"@type\":\"ImageObject\",\"inLanguage\":\"es\",\"@id\":\"https:\\\/\\\/veredes.es\\\/blog\\\/#\\\/schema\\\/logo\\\/image\\\/\",\"url\":\"https:\\\/\\\/veredes.es\\\/blog\\\/wp-content\\\/uploads\\\/2021\\\/12\\\/veredes-logo-centrado_140x54.png\",\"contentUrl\":\"https:\\\/\\\/veredes.es\\\/blog\\\/wp-content\\\/uploads\\\/2021\\\/12\\\/veredes-logo-centrado_140x54.png\",\"width\":140,\"height\":54,\"caption\":\"veredes, arquitectura y divulgaci\u00f3n\"},\"image\":{\"@id\":\"https:\\\/\\\/veredes.es\\\/blog\\\/#\\\/schema\\\/logo\\\/image\\\/\"},\"sameAs\":[\"https:\\\/\\\/www.facebook.com\\\/veredesArquitecturayDivulgacion\\\/\",\"https:\\\/\\\/x.com\\\/veredes\",\"https:\\\/\\\/instagram.com\\\/veredes\\\/\",\"https:\\\/\\\/www.linkedin.com\\\/company\\\/veredes-arquitectura-y-divulgacion\\\/\",\"https:\\\/\\\/es.pinterest.com\\\/veredes\\\/\",\"https:\\\/\\\/www.tumblr.com\\\/veredes\"]},{\"@type\":\"Person\",\"@id\":\"https:\\\/\\\/veredes.es\\\/blog\\\/#\\\/schema\\\/person\\\/3cc9f8d7361e24dbbfa9a9811f917ebe\",\"name\":\"Aldo G. Facho Dede\",\"image\":{\"@type\":\"ImageObject\",\"inLanguage\":\"es\",\"@id\":\"https:\\\/\\\/veredes.es\\\/blog\\\/wp-content\\\/uploads\\\/2024\\\/05\\\/cropped-Aldo-G.-Facho-Dede-96x96.jpg\",\"url\":\"https:\\\/\\\/veredes.es\\\/blog\\\/wp-content\\\/uploads\\\/2024\\\/05\\\/cropped-Aldo-G.-Facho-Dede-96x96.jpg\",\"contentUrl\":\"https:\\\/\\\/veredes.es\\\/blog\\\/wp-content\\\/uploads\\\/2024\\\/05\\\/cropped-Aldo-G.-Facho-Dede-96x96.jpg\",\"caption\":\"Aldo G. Facho Dede\"},\"description\":\"Arquitecto urbanista asociado a FD Arquitectos y editor principal de la \u201cRed Latinoamericana de Urbanistas\u201d. Est\u00e1 convencido que nuestras ciudades se deben planificar en base a modelos estrat\u00e9gicos y adaptativos, que partan del reconocimiento de la diversidad del territorio, ambiente y culturas, y sirvan para estimular el desarrollo integral de los talentos de sus ciudadanas y ciudadanos. Aldo cuenta con m\u00e1s de veinte a\u00f1os de experiencia profesional en urbanismo, planificaci\u00f3n urbana y arquitectura en Latinoam\u00e9rica y Espa\u00f1a, principalmente en el Per\u00fa y la Argentina. Ha enfocado su labor docente en aportar a la formaci\u00f3n de arquitectos con conciencia social, sensibles con su ciudad y medio ambiente. Adem\u00e1s, en alianza con el Comit\u00e9 de Lectura, produce el podcast \u201cCiudades que Inspiran\u201d. Junto a su esposa intenta formar a sus tres hijos como personas libres y ciudadanos de bien. Arquitecto-Urbanista por la Universidad Nacional de Ingenier\u00eda (UNI-FAUA), t\u00edtulo homologado en Argentina. Magister en Desarrollo Sustentable por la Universidad de Lan\u00fas (UNLA-FLACAM, Argentina). Estudios de Doctorado en la Universidad Polit\u00e9cnica de Catalu\u00f1a (Espa\u00f1a). Experiencia profesional en Urbanismo, Planificaci\u00f3n Urbana y Arquitectura, desarrollada en las ciudades de Lima-Per\u00fa, La Plata-Argentina y Barcelona-Espa\u00f1a. Ha participado en el desarrollo de proyectos y consultor\u00edas para Per\u00fa, Argentina, Espa\u00f1a, M\u00e9xico y Brasil. Ha ganado concursos de arquitectura y dise\u00f1o urbano en Per\u00fa y Argentina. Es docente del \u00e1rea de Urbanismo de la USAT y miembro del Consejo Consultivo de la Escuela de Arquitectura de la UDEP. Es socio de FDARQ Urbanismo + Arquitectura y editor del blog HABITAR\",\"sameAs\":[\"http:\\\/\\\/urbanistas.lat\\\/\",\"https:\\\/\\\/www.facebook.com\\\/aldogfd\",\"https:\\\/\\\/www.instagram.com\\\/aldo_fd\\\/\",\"https:\\\/\\\/www.linkedin.com\\\/in\\\/aldofachodede\\\/\",\"https:\\\/\\\/x.com\\\/https:\\\/\\\/twitter.com\\\/Aldo_FD\"],\"url\":\"https:\\\/\\\/veredes.es\\\/blog\\\/author\\\/aldo-g-facho-dede\\\/\"}]}<\/script>\n<!-- \/ Yoast SEO plugin. -->","yoast_head_json":{"title":"Ciudades para el tricentenario | Aldo G. Facho Dede - veredes","description":"Toda la informaci\u00f3n sobre: Ciudades para el tricentenario | Aldo G. Facho Dede","robots":{"index":"index","follow":"follow","max-snippet":"max-snippet:-1","max-image-preview":"max-image-preview:large","max-video-preview":"max-video-preview:-1"},"canonical":"https:\/\/veredes.es\/blog\/ciudades-para-el-tricentenario-aldo-g-facho\/","og_locale":"es_ES","og_type":"article","og_title":"Ciudades para el tricentenario | Aldo G. Facho Dede - veredes","og_description":"Toda la informaci\u00f3n sobre: Ciudades para el tricentenario | Aldo G. Facho Dede","og_url":"https:\/\/veredes.es\/blog\/ciudades-para-el-tricentenario-aldo-g-facho\/","og_site_name":"veredes, arquitectura y divulgaci\u00f3n","article_publisher":"https:\/\/www.facebook.com\/veredesArquitecturayDivulgacion\/","article_author":"https:\/\/www.facebook.com\/aldogfd","article_published_time":"2021-04-25T22:01:41+00:00","article_modified_time":"2021-05-21T16:56:50+00:00","og_image":[{"width":980,"height":980,"url":"https:\/\/veredes.es\/blog\/wp-content\/uploads\/2021\/02\/Ciudades-para-el-tricentenario-Aldo-G.-Facho-Dede.jpg","type":"image\/jpeg"}],"author":"Aldo G. Facho Dede","twitter_card":"summary_large_image","twitter_creator":"@https:\/\/twitter.com\/Aldo_FD","twitter_site":"@veredes","twitter_misc":{"Escrito por":"Aldo G. Facho Dede","Tiempo de lectura":"4 minutos"},"schema":{"@context":"https:\/\/schema.org","@graph":[{"@type":"Article","@id":"https:\/\/veredes.es\/blog\/ciudades-para-el-tricentenario-aldo-g-facho\/#article","isPartOf":{"@id":"https:\/\/veredes.es\/blog\/ciudades-para-el-tricentenario-aldo-g-facho\/"},"author":{"name":"Aldo G. Facho Dede","@id":"https:\/\/veredes.es\/blog\/#\/schema\/person\/3cc9f8d7361e24dbbfa9a9811f917ebe"},"headline":"Ciudades para el tricentenario | Aldo G. Facho Dede","datePublished":"2021-04-25T22:01:41+00:00","dateModified":"2021-05-21T16:56:50+00:00","mainEntityOfPage":{"@id":"https:\/\/veredes.es\/blog\/ciudades-para-el-tricentenario-aldo-g-facho\/"},"wordCount":758,"commentCount":0,"publisher":{"@id":"https:\/\/veredes.es\/blog\/#organization"},"image":{"@id":"https:\/\/veredes.es\/blog\/ciudades-para-el-tricentenario-aldo-g-facho\/#primaryimage"},"thumbnailUrl":"https:\/\/veredes.es\/blog\/wp-content\/uploads\/2021\/02\/Ciudades-para-el-tricentenario-Aldo-G.-Facho-Dede.jpg","keywords":["Aldo Facho Dede","arquitectura peruana","arquitectura sostenible","barrio","centro cultural","centro hist\u00f3rico","ciudad","ciudad sostenible","gentrificaci\u00f3n","patrimonio","patrimonio cultural","patrimonio de la humanidad","patrimonio hist\u00f3rico","patrimonio industrial","patrimonio natural","Per\u00fa","sostenibilidad","tradici\u00f3n","urbanismo sostenible"],"articleSection":["art\u00edculos","slider principal"],"inLanguage":"es","potentialAction":[{"@type":"CommentAction","name":"Comment","target":["https:\/\/veredes.es\/blog\/ciudades-para-el-tricentenario-aldo-g-facho\/#respond"]}]},{"@type":"WebPage","@id":"https:\/\/veredes.es\/blog\/ciudades-para-el-tricentenario-aldo-g-facho\/","url":"https:\/\/veredes.es\/blog\/ciudades-para-el-tricentenario-aldo-g-facho\/","name":"Ciudades para el tricentenario | Aldo G. Facho Dede - veredes","isPartOf":{"@id":"https:\/\/veredes.es\/blog\/#website"},"primaryImageOfPage":{"@id":"https:\/\/veredes.es\/blog\/ciudades-para-el-tricentenario-aldo-g-facho\/#primaryimage"},"image":{"@id":"https:\/\/veredes.es\/blog\/ciudades-para-el-tricentenario-aldo-g-facho\/#primaryimage"},"thumbnailUrl":"https:\/\/veredes.es\/blog\/wp-content\/uploads\/2021\/02\/Ciudades-para-el-tricentenario-Aldo-G.-Facho-Dede.jpg","datePublished":"2021-04-25T22:01:41+00:00","dateModified":"2021-05-21T16:56:50+00:00","description":"Toda la informaci\u00f3n sobre: Ciudades para el tricentenario | Aldo G. Facho Dede","breadcrumb":{"@id":"https:\/\/veredes.es\/blog\/ciudades-para-el-tricentenario-aldo-g-facho\/#breadcrumb"},"inLanguage":"es","potentialAction":[{"@type":"ReadAction","target":["https:\/\/veredes.es\/blog\/ciudades-para-el-tricentenario-aldo-g-facho\/"]}]},{"@type":"ImageObject","inLanguage":"es","@id":"https:\/\/veredes.es\/blog\/ciudades-para-el-tricentenario-aldo-g-facho\/#primaryimage","url":"https:\/\/veredes.es\/blog\/wp-content\/uploads\/2021\/02\/Ciudades-para-el-tricentenario-Aldo-G.-Facho-Dede.jpg","contentUrl":"https:\/\/veredes.es\/blog\/wp-content\/uploads\/2021\/02\/Ciudades-para-el-tricentenario-Aldo-G.-Facho-Dede.jpg","width":980,"height":980,"caption":"Foto; Diego Dourojeanni. https:\/\/www.flickr.com\/photos\/ddourojeanni\/"},{"@type":"BreadcrumbList","@id":"https:\/\/veredes.es\/blog\/ciudades-para-el-tricentenario-aldo-g-facho\/#breadcrumb","itemListElement":[{"@type":"ListItem","position":1,"name":"Portada","item":"https:\/\/veredes.es\/blog\/"},{"@type":"ListItem","position":2,"name":"Ciudades para el tricentenario | Aldo G. Facho Dede"}]},{"@type":"WebSite","@id":"https:\/\/veredes.es\/blog\/#website","url":"https:\/\/veredes.es\/blog\/","name":"veredes, arquitectura y divulgaci\u00f3n","description":"veredes","publisher":{"@id":"https:\/\/veredes.es\/blog\/#organization"},"alternateName":"veredes","potentialAction":[{"@type":"SearchAction","target":{"@type":"EntryPoint","urlTemplate":"https:\/\/veredes.es\/blog\/?s={search_term_string}"},"query-input":{"@type":"PropertyValueSpecification","valueRequired":true,"valueName":"search_term_string"}}],"inLanguage":"es"},{"@type":"Organization","@id":"https:\/\/veredes.es\/blog\/#organization","name":"veredes, arquitectura y divulgaci\u00f3n","alternateName":"veredes","url":"https:\/\/veredes.es\/blog\/","logo":{"@type":"ImageObject","inLanguage":"es","@id":"https:\/\/veredes.es\/blog\/#\/schema\/logo\/image\/","url":"https:\/\/veredes.es\/blog\/wp-content\/uploads\/2021\/12\/veredes-logo-centrado_140x54.png","contentUrl":"https:\/\/veredes.es\/blog\/wp-content\/uploads\/2021\/12\/veredes-logo-centrado_140x54.png","width":140,"height":54,"caption":"veredes, arquitectura y divulgaci\u00f3n"},"image":{"@id":"https:\/\/veredes.es\/blog\/#\/schema\/logo\/image\/"},"sameAs":["https:\/\/www.facebook.com\/veredesArquitecturayDivulgacion\/","https:\/\/x.com\/veredes","https:\/\/instagram.com\/veredes\/","https:\/\/www.linkedin.com\/company\/veredes-arquitectura-y-divulgacion\/","https:\/\/es.pinterest.com\/veredes\/","https:\/\/www.tumblr.com\/veredes"]},{"@type":"Person","@id":"https:\/\/veredes.es\/blog\/#\/schema\/person\/3cc9f8d7361e24dbbfa9a9811f917ebe","name":"Aldo G. Facho Dede","image":{"@type":"ImageObject","inLanguage":"es","@id":"https:\/\/veredes.es\/blog\/wp-content\/uploads\/2024\/05\/cropped-Aldo-G.-Facho-Dede-96x96.jpg","url":"https:\/\/veredes.es\/blog\/wp-content\/uploads\/2024\/05\/cropped-Aldo-G.-Facho-Dede-96x96.jpg","contentUrl":"https:\/\/veredes.es\/blog\/wp-content\/uploads\/2024\/05\/cropped-Aldo-G.-Facho-Dede-96x96.jpg","caption":"Aldo G. Facho Dede"},"description":"Arquitecto urbanista asociado a FD Arquitectos y editor principal de la \u201cRed Latinoamericana de Urbanistas\u201d. Est\u00e1 convencido que nuestras ciudades se deben planificar en base a modelos estrat\u00e9gicos y adaptativos, que partan del reconocimiento de la diversidad del territorio, ambiente y culturas, y sirvan para estimular el desarrollo integral de los talentos de sus ciudadanas y ciudadanos. Aldo cuenta con m\u00e1s de veinte a\u00f1os de experiencia profesional en urbanismo, planificaci\u00f3n urbana y arquitectura en Latinoam\u00e9rica y Espa\u00f1a, principalmente en el Per\u00fa y la Argentina. Ha enfocado su labor docente en aportar a la formaci\u00f3n de arquitectos con conciencia social, sensibles con su ciudad y medio ambiente. Adem\u00e1s, en alianza con el Comit\u00e9 de Lectura, produce el podcast \u201cCiudades que Inspiran\u201d. Junto a su esposa intenta formar a sus tres hijos como personas libres y ciudadanos de bien. Arquitecto-Urbanista por la Universidad Nacional de Ingenier\u00eda (UNI-FAUA), t\u00edtulo homologado en Argentina. Magister en Desarrollo Sustentable por la Universidad de Lan\u00fas (UNLA-FLACAM, Argentina). Estudios de Doctorado en la Universidad Polit\u00e9cnica de Catalu\u00f1a (Espa\u00f1a). Experiencia profesional en Urbanismo, Planificaci\u00f3n Urbana y Arquitectura, desarrollada en las ciudades de Lima-Per\u00fa, La Plata-Argentina y Barcelona-Espa\u00f1a. Ha participado en el desarrollo de proyectos y consultor\u00edas para Per\u00fa, Argentina, Espa\u00f1a, M\u00e9xico y Brasil. Ha ganado concursos de arquitectura y dise\u00f1o urbano en Per\u00fa y Argentina. Es docente del \u00e1rea de Urbanismo de la USAT y miembro del Consejo Consultivo de la Escuela de Arquitectura de la UDEP. Es socio de FDARQ Urbanismo + Arquitectura y editor del blog HABITAR","sameAs":["http:\/\/urbanistas.lat\/","https:\/\/www.facebook.com\/aldogfd","https:\/\/www.instagram.com\/aldo_fd\/","https:\/\/www.linkedin.com\/in\/aldofachodede\/","https:\/\/x.com\/https:\/\/twitter.com\/Aldo_FD"],"url":"https:\/\/veredes.es\/blog\/author\/aldo-g-facho-dede\/"}]}},"_links":{"self":[{"href":"https:\/\/veredes.es\/blog\/wp-json\/wp\/v2\/posts\/83529","targetHints":{"allow":["GET"]}}],"collection":[{"href":"https:\/\/veredes.es\/blog\/wp-json\/wp\/v2\/posts"}],"about":[{"href":"https:\/\/veredes.es\/blog\/wp-json\/wp\/v2\/types\/post"}],"author":[{"embeddable":true,"href":"https:\/\/veredes.es\/blog\/wp-json\/wp\/v2\/users\/6"}],"replies":[{"embeddable":true,"href":"https:\/\/veredes.es\/blog\/wp-json\/wp\/v2\/comments?post=83529"}],"version-history":[{"count":0,"href":"https:\/\/veredes.es\/blog\/wp-json\/wp\/v2\/posts\/83529\/revisions"}],"wp:featuredmedia":[{"embeddable":true,"href":"https:\/\/veredes.es\/blog\/wp-json\/wp\/v2\/media\/83531"}],"wp:attachment":[{"href":"https:\/\/veredes.es\/blog\/wp-json\/wp\/v2\/media?parent=83529"}],"wp:term":[{"taxonomy":"category","embeddable":true,"href":"https:\/\/veredes.es\/blog\/wp-json\/wp\/v2\/categories?post=83529"},{"taxonomy":"post_tag","embeddable":true,"href":"https:\/\/veredes.es\/blog\/wp-json\/wp\/v2\/tags?post=83529"}],"curies":[{"name":"wp","href":"https:\/\/api.w.org\/{rel}","templated":true}]}}