{"id":83440,"date":"2021-02-22T00:01:32","date_gmt":"2021-02-21T23:01:32","guid":{"rendered":"https:\/\/veredes.es\/blog\/?p=83440"},"modified":"2021-02-04T18:30:15","modified_gmt":"2021-02-04T17:30:15","slug":"encajar-inigo-garcia-odiaga","status":"publish","type":"post","link":"https:\/\/veredes.es\/blog\/encajar-inigo-garcia-odiaga\/","title":{"rendered":"Encajar | \u00cd\u00f1igo Garc\u00eda Odiaga"},"content":{"rendered":"<figure id=\"attachment_83441\" aria-describedby=\"caption-attachment-83441\" style=\"width: 1024px\" class=\"wp-caption alignnone\"><img loading=\"lazy\" decoding=\"async\" class=\"wp-image-83441 size-full\" src=\"https:\/\/veredes.es\/blog\/wp-content\/uploads\/2021\/02\/Encajar-\u00cd\u00f1igo-Garc\u00eda-Odiaga-parthenon-proportions-trazados-reguladores.jpg\" alt=\"\" width=\"1024\" height=\"576\" srcset=\"https:\/\/veredes.es\/blog\/wp-content\/uploads\/2021\/02\/Encajar-\u00cd\u00f1igo-Garc\u00eda-Odiaga-parthenon-proportions-trazados-reguladores.jpg 1024w, https:\/\/veredes.es\/blog\/wp-content\/uploads\/2021\/02\/Encajar-\u00cd\u00f1igo-Garc\u00eda-Odiaga-parthenon-proportions-trazados-reguladores-300x169.jpg 300w\" sizes=\"auto, (max-width: 1024px) 100vw, 1024px\" \/><figcaption id=\"caption-attachment-83441\" class=\"wp-caption-text\"><span style=\"color: #999999;\">Proporciones del Parten\u00f3n<\/span><\/figcaption><\/figure>\n<p style=\"text-align: justify;\">Como f\u00e1cilmente puede deducirse, encajar proviene etimol\u00f3gicamente, de meter en cajas, como una acepci\u00f3n especial de embalar, es decir de introducir en una bala o fardo. Al fin y al cabo se trata de disponer o colocar objetos convenientemente en el interior de cubiertas o envoltorios para que puedan ser transportados. Pero encajar tambi\u00e9n es regular, meter en<a href=\"https:\/\/veredes.es\/vad\/index.php\/vad\/issue\/view\/VAD-03-el-orden\" target=\"_blank\" rel=\"noopener noreferrer\"> orden<\/a>, ajustar o estar de acuerdo con unas reglas.<\/p>\n<p style=\"text-align: justify;\">De hecho al comenzar un dibujo se encaja, se trazan las cajas que albergar\u00e1n las formas o las diferentes partes que construyen la estructura general. Mediante ese procedimiento la materia se ordena, se regula y se mete en el orden del papel. Al encajar la forma, el ojo y la mano han impuesto la <a href=\"https:\/\/veredes.es\/blog\/geometrias-del-lugar-inigo-garcia-odiaga\/\" target=\"_blank\" rel=\"noopener noreferrer\">geometr\u00eda<\/a>, la medida para poder abarcarla, abrazarla y representarla.<\/p>\n<p style=\"text-align: justify;\">Pero del mismo modo la arquitectura puede tambi\u00e9n encajarse y ordenarse a priori. <a href=\"https:\/\/veredes.es\/blog\/tag\/le-corbusier\/\" target=\"_blank\" rel=\"noopener noreferrer\">Le Corbusier<\/a> lo intento con los trazados reguladores al igual que los griegos, los egipcios, <a href=\"https:\/\/veredes.es\/blog\/tag\/miguel-angel\/\" target=\"_blank\" rel=\"noopener noreferrer\">Miguel \u00c1ngel<\/a> o <a href=\"https:\/\/veredes.es\/blog\/tag\/jacques-francois-blondel\/\" target=\"_blank\" rel=\"noopener noreferrer\">Blondel<\/a>. Le Corbusier defini\u00f3 el trazado regulador como una satisfacci\u00f3n de orden espiritual que conduce a la b\u00fasqueda de relaciones ingeniosas y armoniosas. Relaciones que han servido para hacer cosas s\u00f3lidas y de utilidad, cosas bellas que lo son a causa de esas mismas relaciones. Al igual que en la<a href=\"https:\/\/veredes.es\/blog\/arquitectura-y-musica-diego-mata-pose\/\" target=\"_blank\" rel=\"noopener noreferrer\"> m\u00fasica<\/a> en la que el ritmo mide y unifica, un trazado regulador construye y satisface.<\/p>\n<p style=\"text-align: justify;\">Ordena con proporciones matem\u00e1ticas sensibles a la vista, los v\u00ednculos entre las partes, y entre las partes y el todo, garantizando la armon\u00eda que acompa\u00f1a a la <a href=\"https:\/\/veredes.es\/blog\/la-belleza-de-lo-feo-inigo-garcia-odiaga\/\" target=\"_blank\" rel=\"noopener noreferrer\">belleza<\/a>. A fin de cuentas los trazados reguladores no buscan otra cosa que asegurar que todo encaje.<\/p>\n<p style=\"text-align: justify;\">\u00cd\u00f1igo Garc\u00eda Odiaga. Arquitecto<br \/>\nSan Sebasti\u00e1n. Marzo 2017<\/p>\n","protected":false},"excerpt":{"rendered":"<p>Como f\u00e1cilmente puede deducirse, encajar proviene etimol\u00f3gicamente, de meter en cajas, como una acepci\u00f3n especial de embalar, es decir de introducir en una bala o fardo. Al fin y al cabo se trata de disponer o colocar objetos convenientemente en el interior de cubiertas o envoltorios para que puedan ser transportados. Pero encajar tambi\u00e9n es [&hellip;]<\/p>\n","protected":false},"author":31,"featured_media":83441,"comment_status":"open","ping_status":"closed","sticky":false,"template":"","format":"standard","meta":{"footnotes":""},"categories":[5934,5951],"tags":[12449,15150,2298,15151,9781,668,4285,13944,15152,785,15153,6567,884,918,960,4239,15154,1278,2048],"class_list":{"0":"post-83440","1":"post","2":"type-post","3":"status-publish","4":"format-standard","5":"has-post-thumbnail","7":"category-articulos","8":"category-slider-principal","9":"tag-arte","10":"tag-bela-viktor-janos-bartok","11":"tag-dibujar","12":"tag-diego-mata-pose","13":"tag-fondation-le-corbusier","14":"tag-historia","15":"tag-inigo-garcia-odiaga","16":"tag-jacques-francois-blondel","17":"tag-johannes-kepler","18":"tag-le-corbusier","19":"tag-luca-pacioli","20":"tag-miguel-angel","21":"tag-modulor","22":"tag-musica","23":"tag-ordenacion","24":"tag-platon","25":"tag-roy-howat","26":"tag-teoria","27":"tag-teoria-e-historia"},"yoast_head":"<!-- This site is optimized with the Yoast SEO plugin v27.5 - https:\/\/yoast.com\/product\/yoast-seo-wordpress\/ -->\n<title>Encajar | \u00cd\u00f1igo Garc\u00eda Odiaga - veredes<\/title>\n<meta name=\"description\" content=\"Toda la informaci\u00f3n sobre: Encajar | \u00cd\u00f1igo Garc\u00eda Odiaga\" \/>\n<meta name=\"robots\" content=\"index, follow, max-snippet:-1, max-image-preview:large, max-video-preview:-1\" \/>\n<link rel=\"canonical\" href=\"https:\/\/veredes.es\/blog\/encajar-inigo-garcia-odiaga\/\" \/>\n<meta property=\"og:locale\" content=\"es_ES\" \/>\n<meta property=\"og:type\" content=\"article\" \/>\n<meta property=\"og:title\" content=\"Encajar | \u00cd\u00f1igo Garc\u00eda Odiaga - veredes\" \/>\n<meta property=\"og:description\" content=\"Toda la informaci\u00f3n sobre: Encajar | \u00cd\u00f1igo Garc\u00eda Odiaga\" \/>\n<meta property=\"og:url\" content=\"https:\/\/veredes.es\/blog\/encajar-inigo-garcia-odiaga\/\" \/>\n<meta property=\"og:site_name\" content=\"veredes, arquitectura y divulgaci\u00f3n\" \/>\n<meta property=\"article:publisher\" content=\"https:\/\/www.facebook.com\/veredesArquitecturayDivulgacion\/\" \/>\n<meta property=\"article:author\" content=\"https:\/\/www.facebook.com\/inigo.garciaodiaga\" \/>\n<meta property=\"article:published_time\" content=\"2021-02-21T23:01:32+00:00\" \/>\n<meta property=\"og:image\" content=\"https:\/\/veredes.es\/blog\/wp-content\/uploads\/2021\/02\/Encajar-\u00cd\u00f1igo-Garc\u00eda-Odiaga-parthenon-proportions-trazados-reguladores.jpg\" \/>\n\t<meta property=\"og:image:width\" content=\"1024\" \/>\n\t<meta property=\"og:image:height\" content=\"576\" \/>\n\t<meta property=\"og:image:type\" content=\"image\/jpeg\" \/>\n<meta name=\"author\" content=\"\u00cd\u00f1igo Garc\u00eda Odiaga\" \/>\n<meta name=\"twitter:card\" content=\"summary_large_image\" \/>\n<meta name=\"twitter:creator\" content=\"@https:\/\/twitter.com\/IOdiaga\" \/>\n<meta name=\"twitter:site\" content=\"@veredes\" \/>\n<meta name=\"twitter:label1\" content=\"Escrito por\" \/>\n\t<meta name=\"twitter:data1\" content=\"\u00cd\u00f1igo Garc\u00eda Odiaga\" \/>\n\t<meta name=\"twitter:label2\" content=\"Tiempo de lectura\" \/>\n\t<meta name=\"twitter:data2\" content=\"2 minutos\" \/>\n<script type=\"application\/ld+json\" class=\"yoast-schema-graph\">{\"@context\":\"https:\\\/\\\/schema.org\",\"@graph\":[{\"@type\":\"Article\",\"@id\":\"https:\\\/\\\/veredes.es\\\/blog\\\/encajar-inigo-garcia-odiaga\\\/#article\",\"isPartOf\":{\"@id\":\"https:\\\/\\\/veredes.es\\\/blog\\\/encajar-inigo-garcia-odiaga\\\/\"},\"author\":{\"name\":\"\u00cd\u00f1igo Garc\u00eda Odiaga\",\"@id\":\"https:\\\/\\\/veredes.es\\\/blog\\\/#\\\/schema\\\/person\\\/7edb23bf36ddbe2d9c8f4cf5fae64668\"},\"headline\":\"Encajar | \u00cd\u00f1igo Garc\u00eda Odiaga\",\"datePublished\":\"2021-02-21T23:01:32+00:00\",\"mainEntityOfPage\":{\"@id\":\"https:\\\/\\\/veredes.es\\\/blog\\\/encajar-inigo-garcia-odiaga\\\/\"},\"wordCount\":310,\"commentCount\":0,\"publisher\":{\"@id\":\"https:\\\/\\\/veredes.es\\\/blog\\\/#organization\"},\"image\":{\"@id\":\"https:\\\/\\\/veredes.es\\\/blog\\\/encajar-inigo-garcia-odiaga\\\/#primaryimage\"},\"thumbnailUrl\":\"https:\\\/\\\/veredes.es\\\/blog\\\/wp-content\\\/uploads\\\/2021\\\/02\\\/Encajar-\u00cd\u00f1igo-Garc\u00eda-Odiaga-parthenon-proportions-trazados-reguladores.jpg\",\"keywords\":[\"arte\",\"B\u00e9la Viktor J\u00e1nos Bart\u00f3k\",\"dibujar\",\"Diego Mata Pose\",\"fondation Le Corbusier\",\"historia\",\"\u00cd\u00f1igo Garc\u00eda Odiaga\",\"Jacques Fran\u00e7ois Blondel\",\"Johannes Kepler\",\"Le Corbusier\",\"Luca Pacioli\",\"Miguel \u00c1ngel\",\"modulor\",\"m\u00fasica\",\"ordenaci\u00f3n\",\"Plat\u00f3n\",\"Roy Howat\",\"teor\u00eda\",\"teor\u00eda e historia\"],\"articleSection\":[\"art\u00edculos\",\"slider principal\"],\"inLanguage\":\"es\",\"potentialAction\":[{\"@type\":\"CommentAction\",\"name\":\"Comment\",\"target\":[\"https:\\\/\\\/veredes.es\\\/blog\\\/encajar-inigo-garcia-odiaga\\\/#respond\"]}]},{\"@type\":\"WebPage\",\"@id\":\"https:\\\/\\\/veredes.es\\\/blog\\\/encajar-inigo-garcia-odiaga\\\/\",\"url\":\"https:\\\/\\\/veredes.es\\\/blog\\\/encajar-inigo-garcia-odiaga\\\/\",\"name\":\"Encajar | \u00cd\u00f1igo Garc\u00eda Odiaga - veredes\",\"isPartOf\":{\"@id\":\"https:\\\/\\\/veredes.es\\\/blog\\\/#website\"},\"primaryImageOfPage\":{\"@id\":\"https:\\\/\\\/veredes.es\\\/blog\\\/encajar-inigo-garcia-odiaga\\\/#primaryimage\"},\"image\":{\"@id\":\"https:\\\/\\\/veredes.es\\\/blog\\\/encajar-inigo-garcia-odiaga\\\/#primaryimage\"},\"thumbnailUrl\":\"https:\\\/\\\/veredes.es\\\/blog\\\/wp-content\\\/uploads\\\/2021\\\/02\\\/Encajar-\u00cd\u00f1igo-Garc\u00eda-Odiaga-parthenon-proportions-trazados-reguladores.jpg\",\"datePublished\":\"2021-02-21T23:01:32+00:00\",\"description\":\"Toda la informaci\u00f3n sobre: Encajar | \u00cd\u00f1igo Garc\u00eda Odiaga\",\"breadcrumb\":{\"@id\":\"https:\\\/\\\/veredes.es\\\/blog\\\/encajar-inigo-garcia-odiaga\\\/#breadcrumb\"},\"inLanguage\":\"es\",\"potentialAction\":[{\"@type\":\"ReadAction\",\"target\":[\"https:\\\/\\\/veredes.es\\\/blog\\\/encajar-inigo-garcia-odiaga\\\/\"]}]},{\"@type\":\"ImageObject\",\"inLanguage\":\"es\",\"@id\":\"https:\\\/\\\/veredes.es\\\/blog\\\/encajar-inigo-garcia-odiaga\\\/#primaryimage\",\"url\":\"https:\\\/\\\/veredes.es\\\/blog\\\/wp-content\\\/uploads\\\/2021\\\/02\\\/Encajar-\u00cd\u00f1igo-Garc\u00eda-Odiaga-parthenon-proportions-trazados-reguladores.jpg\",\"contentUrl\":\"https:\\\/\\\/veredes.es\\\/blog\\\/wp-content\\\/uploads\\\/2021\\\/02\\\/Encajar-\u00cd\u00f1igo-Garc\u00eda-Odiaga-parthenon-proportions-trazados-reguladores.jpg\",\"width\":1024,\"height\":576},{\"@type\":\"BreadcrumbList\",\"@id\":\"https:\\\/\\\/veredes.es\\\/blog\\\/encajar-inigo-garcia-odiaga\\\/#breadcrumb\",\"itemListElement\":[{\"@type\":\"ListItem\",\"position\":1,\"name\":\"Portada\",\"item\":\"https:\\\/\\\/veredes.es\\\/blog\\\/\"},{\"@type\":\"ListItem\",\"position\":2,\"name\":\"Encajar | \u00cd\u00f1igo Garc\u00eda Odiaga\"}]},{\"@type\":\"WebSite\",\"@id\":\"https:\\\/\\\/veredes.es\\\/blog\\\/#website\",\"url\":\"https:\\\/\\\/veredes.es\\\/blog\\\/\",\"name\":\"veredes, arquitectura y divulgaci\u00f3n\",\"description\":\"veredes\",\"publisher\":{\"@id\":\"https:\\\/\\\/veredes.es\\\/blog\\\/#organization\"},\"alternateName\":\"veredes\",\"potentialAction\":[{\"@type\":\"SearchAction\",\"target\":{\"@type\":\"EntryPoint\",\"urlTemplate\":\"https:\\\/\\\/veredes.es\\\/blog\\\/?s={search_term_string}\"},\"query-input\":{\"@type\":\"PropertyValueSpecification\",\"valueRequired\":true,\"valueName\":\"search_term_string\"}}],\"inLanguage\":\"es\"},{\"@type\":\"Organization\",\"@id\":\"https:\\\/\\\/veredes.es\\\/blog\\\/#organization\",\"name\":\"veredes, arquitectura y divulgaci\u00f3n\",\"alternateName\":\"veredes\",\"url\":\"https:\\\/\\\/veredes.es\\\/blog\\\/\",\"logo\":{\"@type\":\"ImageObject\",\"inLanguage\":\"es\",\"@id\":\"https:\\\/\\\/veredes.es\\\/blog\\\/#\\\/schema\\\/logo\\\/image\\\/\",\"url\":\"https:\\\/\\\/veredes.es\\\/blog\\\/wp-content\\\/uploads\\\/2021\\\/12\\\/veredes-logo-centrado_140x54.png\",\"contentUrl\":\"https:\\\/\\\/veredes.es\\\/blog\\\/wp-content\\\/uploads\\\/2021\\\/12\\\/veredes-logo-centrado_140x54.png\",\"width\":140,\"height\":54,\"caption\":\"veredes, arquitectura y divulgaci\u00f3n\"},\"image\":{\"@id\":\"https:\\\/\\\/veredes.es\\\/blog\\\/#\\\/schema\\\/logo\\\/image\\\/\"},\"sameAs\":[\"https:\\\/\\\/www.facebook.com\\\/veredesArquitecturayDivulgacion\\\/\",\"https:\\\/\\\/x.com\\\/veredes\",\"https:\\\/\\\/instagram.com\\\/veredes\\\/\",\"https:\\\/\\\/www.linkedin.com\\\/company\\\/veredes-arquitectura-y-divulgacion\\\/\",\"https:\\\/\\\/es.pinterest.com\\\/veredes\\\/\",\"https:\\\/\\\/www.tumblr.com\\\/veredes\"]},{\"@type\":\"Person\",\"@id\":\"https:\\\/\\\/veredes.es\\\/blog\\\/#\\\/schema\\\/person\\\/7edb23bf36ddbe2d9c8f4cf5fae64668\",\"name\":\"\u00cd\u00f1igo Garc\u00eda Odiaga\",\"image\":{\"@type\":\"ImageObject\",\"inLanguage\":\"es\",\"@id\":\"https:\\\/\\\/veredes.es\\\/blog\\\/wp-content\\\/uploads\\\/2018\\\/04\\\/\u00cd\u00f1igo-Garc\u00eda-Odiaga-96x96.jpg\",\"url\":\"https:\\\/\\\/veredes.es\\\/blog\\\/wp-content\\\/uploads\\\/2018\\\/04\\\/\u00cd\u00f1igo-Garc\u00eda-Odiaga-96x96.jpg\",\"contentUrl\":\"https:\\\/\\\/veredes.es\\\/blog\\\/wp-content\\\/uploads\\\/2018\\\/04\\\/\u00cd\u00f1igo-Garc\u00eda-Odiaga-96x96.jpg\",\"caption\":\"\u00cd\u00f1igo Garc\u00eda Odiaga\"},\"description\":\"Doctor Arquitecto y profesor asociado de Proyectos Arquitect\u00f3nicos, ETSASS. Editor de NOMU. 1\\\/5 del estudio de arquitectura VAUMM. Vivo en Donosti.\",\"sameAs\":[\"http:\\\/\\\/vaumm.com\\\/\",\"https:\\\/\\\/www.facebook.com\\\/inigo.garciaodiaga\",\"https:\\\/\\\/www.instagram.com\\\/okamika\\\/\",\"https:\\\/\\\/x.com\\\/https:\\\/\\\/twitter.com\\\/IOdiaga\"],\"url\":\"https:\\\/\\\/veredes.es\\\/blog\\\/author\\\/inigog\\\/\"}]}<\/script>\n<!-- \/ Yoast SEO plugin. -->","yoast_head_json":{"title":"Encajar | \u00cd\u00f1igo Garc\u00eda Odiaga - veredes","description":"Toda la informaci\u00f3n sobre: Encajar | \u00cd\u00f1igo Garc\u00eda Odiaga","robots":{"index":"index","follow":"follow","max-snippet":"max-snippet:-1","max-image-preview":"max-image-preview:large","max-video-preview":"max-video-preview:-1"},"canonical":"https:\/\/veredes.es\/blog\/encajar-inigo-garcia-odiaga\/","og_locale":"es_ES","og_type":"article","og_title":"Encajar | \u00cd\u00f1igo Garc\u00eda Odiaga - veredes","og_description":"Toda la informaci\u00f3n sobre: Encajar | \u00cd\u00f1igo Garc\u00eda Odiaga","og_url":"https:\/\/veredes.es\/blog\/encajar-inigo-garcia-odiaga\/","og_site_name":"veredes, arquitectura y divulgaci\u00f3n","article_publisher":"https:\/\/www.facebook.com\/veredesArquitecturayDivulgacion\/","article_author":"https:\/\/www.facebook.com\/inigo.garciaodiaga","article_published_time":"2021-02-21T23:01:32+00:00","og_image":[{"width":1024,"height":576,"url":"https:\/\/veredes.es\/blog\/wp-content\/uploads\/2021\/02\/Encajar-\u00cd\u00f1igo-Garc\u00eda-Odiaga-parthenon-proportions-trazados-reguladores.jpg","type":"image\/jpeg"}],"author":"\u00cd\u00f1igo Garc\u00eda Odiaga","twitter_card":"summary_large_image","twitter_creator":"@https:\/\/twitter.com\/IOdiaga","twitter_site":"@veredes","twitter_misc":{"Escrito por":"\u00cd\u00f1igo Garc\u00eda Odiaga","Tiempo de lectura":"2 minutos"},"schema":{"@context":"https:\/\/schema.org","@graph":[{"@type":"Article","@id":"https:\/\/veredes.es\/blog\/encajar-inigo-garcia-odiaga\/#article","isPartOf":{"@id":"https:\/\/veredes.es\/blog\/encajar-inigo-garcia-odiaga\/"},"author":{"name":"\u00cd\u00f1igo Garc\u00eda Odiaga","@id":"https:\/\/veredes.es\/blog\/#\/schema\/person\/7edb23bf36ddbe2d9c8f4cf5fae64668"},"headline":"Encajar | \u00cd\u00f1igo Garc\u00eda Odiaga","datePublished":"2021-02-21T23:01:32+00:00","mainEntityOfPage":{"@id":"https:\/\/veredes.es\/blog\/encajar-inigo-garcia-odiaga\/"},"wordCount":310,"commentCount":0,"publisher":{"@id":"https:\/\/veredes.es\/blog\/#organization"},"image":{"@id":"https:\/\/veredes.es\/blog\/encajar-inigo-garcia-odiaga\/#primaryimage"},"thumbnailUrl":"https:\/\/veredes.es\/blog\/wp-content\/uploads\/2021\/02\/Encajar-\u00cd\u00f1igo-Garc\u00eda-Odiaga-parthenon-proportions-trazados-reguladores.jpg","keywords":["arte","B\u00e9la Viktor J\u00e1nos Bart\u00f3k","dibujar","Diego Mata Pose","fondation Le Corbusier","historia","\u00cd\u00f1igo Garc\u00eda Odiaga","Jacques Fran\u00e7ois Blondel","Johannes Kepler","Le Corbusier","Luca Pacioli","Miguel \u00c1ngel","modulor","m\u00fasica","ordenaci\u00f3n","Plat\u00f3n","Roy Howat","teor\u00eda","teor\u00eda e historia"],"articleSection":["art\u00edculos","slider principal"],"inLanguage":"es","potentialAction":[{"@type":"CommentAction","name":"Comment","target":["https:\/\/veredes.es\/blog\/encajar-inigo-garcia-odiaga\/#respond"]}]},{"@type":"WebPage","@id":"https:\/\/veredes.es\/blog\/encajar-inigo-garcia-odiaga\/","url":"https:\/\/veredes.es\/blog\/encajar-inigo-garcia-odiaga\/","name":"Encajar | \u00cd\u00f1igo Garc\u00eda Odiaga - veredes","isPartOf":{"@id":"https:\/\/veredes.es\/blog\/#website"},"primaryImageOfPage":{"@id":"https:\/\/veredes.es\/blog\/encajar-inigo-garcia-odiaga\/#primaryimage"},"image":{"@id":"https:\/\/veredes.es\/blog\/encajar-inigo-garcia-odiaga\/#primaryimage"},"thumbnailUrl":"https:\/\/veredes.es\/blog\/wp-content\/uploads\/2021\/02\/Encajar-\u00cd\u00f1igo-Garc\u00eda-Odiaga-parthenon-proportions-trazados-reguladores.jpg","datePublished":"2021-02-21T23:01:32+00:00","description":"Toda la informaci\u00f3n sobre: Encajar | \u00cd\u00f1igo Garc\u00eda Odiaga","breadcrumb":{"@id":"https:\/\/veredes.es\/blog\/encajar-inigo-garcia-odiaga\/#breadcrumb"},"inLanguage":"es","potentialAction":[{"@type":"ReadAction","target":["https:\/\/veredes.es\/blog\/encajar-inigo-garcia-odiaga\/"]}]},{"@type":"ImageObject","inLanguage":"es","@id":"https:\/\/veredes.es\/blog\/encajar-inigo-garcia-odiaga\/#primaryimage","url":"https:\/\/veredes.es\/blog\/wp-content\/uploads\/2021\/02\/Encajar-\u00cd\u00f1igo-Garc\u00eda-Odiaga-parthenon-proportions-trazados-reguladores.jpg","contentUrl":"https:\/\/veredes.es\/blog\/wp-content\/uploads\/2021\/02\/Encajar-\u00cd\u00f1igo-Garc\u00eda-Odiaga-parthenon-proportions-trazados-reguladores.jpg","width":1024,"height":576},{"@type":"BreadcrumbList","@id":"https:\/\/veredes.es\/blog\/encajar-inigo-garcia-odiaga\/#breadcrumb","itemListElement":[{"@type":"ListItem","position":1,"name":"Portada","item":"https:\/\/veredes.es\/blog\/"},{"@type":"ListItem","position":2,"name":"Encajar | \u00cd\u00f1igo Garc\u00eda Odiaga"}]},{"@type":"WebSite","@id":"https:\/\/veredes.es\/blog\/#website","url":"https:\/\/veredes.es\/blog\/","name":"veredes, arquitectura y divulgaci\u00f3n","description":"veredes","publisher":{"@id":"https:\/\/veredes.es\/blog\/#organization"},"alternateName":"veredes","potentialAction":[{"@type":"SearchAction","target":{"@type":"EntryPoint","urlTemplate":"https:\/\/veredes.es\/blog\/?s={search_term_string}"},"query-input":{"@type":"PropertyValueSpecification","valueRequired":true,"valueName":"search_term_string"}}],"inLanguage":"es"},{"@type":"Organization","@id":"https:\/\/veredes.es\/blog\/#organization","name":"veredes, arquitectura y divulgaci\u00f3n","alternateName":"veredes","url":"https:\/\/veredes.es\/blog\/","logo":{"@type":"ImageObject","inLanguage":"es","@id":"https:\/\/veredes.es\/blog\/#\/schema\/logo\/image\/","url":"https:\/\/veredes.es\/blog\/wp-content\/uploads\/2021\/12\/veredes-logo-centrado_140x54.png","contentUrl":"https:\/\/veredes.es\/blog\/wp-content\/uploads\/2021\/12\/veredes-logo-centrado_140x54.png","width":140,"height":54,"caption":"veredes, arquitectura y divulgaci\u00f3n"},"image":{"@id":"https:\/\/veredes.es\/blog\/#\/schema\/logo\/image\/"},"sameAs":["https:\/\/www.facebook.com\/veredesArquitecturayDivulgacion\/","https:\/\/x.com\/veredes","https:\/\/instagram.com\/veredes\/","https:\/\/www.linkedin.com\/company\/veredes-arquitectura-y-divulgacion\/","https:\/\/es.pinterest.com\/veredes\/","https:\/\/www.tumblr.com\/veredes"]},{"@type":"Person","@id":"https:\/\/veredes.es\/blog\/#\/schema\/person\/7edb23bf36ddbe2d9c8f4cf5fae64668","name":"\u00cd\u00f1igo Garc\u00eda Odiaga","image":{"@type":"ImageObject","inLanguage":"es","@id":"https:\/\/veredes.es\/blog\/wp-content\/uploads\/2018\/04\/\u00cd\u00f1igo-Garc\u00eda-Odiaga-96x96.jpg","url":"https:\/\/veredes.es\/blog\/wp-content\/uploads\/2018\/04\/\u00cd\u00f1igo-Garc\u00eda-Odiaga-96x96.jpg","contentUrl":"https:\/\/veredes.es\/blog\/wp-content\/uploads\/2018\/04\/\u00cd\u00f1igo-Garc\u00eda-Odiaga-96x96.jpg","caption":"\u00cd\u00f1igo Garc\u00eda Odiaga"},"description":"Doctor Arquitecto y profesor asociado de Proyectos Arquitect\u00f3nicos, ETSASS. Editor de NOMU. 1\/5 del estudio de arquitectura VAUMM. Vivo en Donosti.","sameAs":["http:\/\/vaumm.com\/","https:\/\/www.facebook.com\/inigo.garciaodiaga","https:\/\/www.instagram.com\/okamika\/","https:\/\/x.com\/https:\/\/twitter.com\/IOdiaga"],"url":"https:\/\/veredes.es\/blog\/author\/inigog\/"}]}},"_links":{"self":[{"href":"https:\/\/veredes.es\/blog\/wp-json\/wp\/v2\/posts\/83440","targetHints":{"allow":["GET"]}}],"collection":[{"href":"https:\/\/veredes.es\/blog\/wp-json\/wp\/v2\/posts"}],"about":[{"href":"https:\/\/veredes.es\/blog\/wp-json\/wp\/v2\/types\/post"}],"author":[{"embeddable":true,"href":"https:\/\/veredes.es\/blog\/wp-json\/wp\/v2\/users\/31"}],"replies":[{"embeddable":true,"href":"https:\/\/veredes.es\/blog\/wp-json\/wp\/v2\/comments?post=83440"}],"version-history":[{"count":0,"href":"https:\/\/veredes.es\/blog\/wp-json\/wp\/v2\/posts\/83440\/revisions"}],"wp:featuredmedia":[{"embeddable":true,"href":"https:\/\/veredes.es\/blog\/wp-json\/wp\/v2\/media\/83441"}],"wp:attachment":[{"href":"https:\/\/veredes.es\/blog\/wp-json\/wp\/v2\/media?parent=83440"}],"wp:term":[{"taxonomy":"category","embeddable":true,"href":"https:\/\/veredes.es\/blog\/wp-json\/wp\/v2\/categories?post=83440"},{"taxonomy":"post_tag","embeddable":true,"href":"https:\/\/veredes.es\/blog\/wp-json\/wp\/v2\/tags?post=83440"}],"curies":[{"name":"wp","href":"https:\/\/api.w.org\/{rel}","templated":true}]}}