{"id":83008,"date":"2021-02-02T00:01:11","date_gmt":"2021-02-01T23:01:11","guid":{"rendered":"https:\/\/veredes.es\/blog\/?p=83008"},"modified":"2022-07-02T19:09:53","modified_gmt":"2022-07-02T17:09:53","slug":"vad-05-call-for-papers-las-oportunidades","status":"publish","type":"post","link":"https:\/\/veredes.es\/blog\/vad-05-call-for-papers-las-oportunidades\/","title":{"rendered":"VAD 05. Call for Papers. Las oportunidades"},"content":{"rendered":"<p><img loading=\"lazy\" decoding=\"async\" class=\"alignnone size-full wp-image-83009\" src=\"https:\/\/veredes.es\/blog\/wp-content\/uploads\/2021\/01\/CFP-VAD05.jpg\" alt=\"\" width=\"1200\" height=\"1698\" srcset=\"https:\/\/veredes.es\/blog\/wp-content\/uploads\/2021\/01\/CFP-VAD05.jpg 1200w, https:\/\/veredes.es\/blog\/wp-content\/uploads\/2021\/01\/CFP-VAD05-212x300.jpg 212w, https:\/\/veredes.es\/blog\/wp-content\/uploads\/2021\/01\/CFP-VAD05-724x1024.jpg 724w, https:\/\/veredes.es\/blog\/wp-content\/uploads\/2021\/01\/CFP-VAD05-1086x1536.jpg 1086w\" sizes=\"auto, (max-width: 1200px) 100vw, 1200px\" \/><\/p>\n<p style=\"text-align: justify;\">Oportunidad es una palabra decididamente optimista, positiva, que nos remite a ese momento id\u00f3neo en el que todo es posible. Sin embargo, tambi\u00e9n presenta un lado oscuro al aliarse frecuentemente con el negativo concepto de crisis. Esta dualidad parece una condici\u00f3n indispensable para conseguir acotar el valor de la oportunidad como inversamente proporcional al de su crisis opuesta. En este sentido la propuesta de VAD no podr\u00eda ser m\u00e1s relevante en un momento en que nos enfrentamos, como sociedad, a una de las mayores y m\u00e1s universales crisis que se recuerdan.<\/p>\n<p style=\"text-align: justify;\">Ha habido numerosos ejemplos en arquitectura del \u00e9xito de la dial\u00e9ctica crisis-oportunidad. La crisis que las teor\u00edas de Malthus podr\u00edan llegar a desencadenar motiva a Fuller para definir la <em>Ephemeralization,<\/em> una oportunidad para crear un mundo mejor y m\u00e1s solidario. M\u00e1s generalmente, si aceptamos una visi\u00f3n lineal y, por tanto, simplificada, de la historia de la arquitectura de los dos \u00faltimos siglos, podemos comprender los movimientos que se suceden a lo largo de los mismos como consecuencia de esta mec\u00e1nica dual. As\u00ed, la crisis de identidad del arquitecto, \u201cexpulsado\u201d de la escuela de bellas artes, y enfrentado a la revoluci\u00f3n tecnol\u00f3gica de la era postindustrial puede verse como el detonante del Movimiento Moderno. Modernidad cuyos principios, a su vez, entran en crisis durante la reconstrucci\u00f3n de Europa tras la Segunda Guerra Mundial, dando la oportunidad a la post-modernidad de aliar arquitectura y neoliberalismo. La arquitectura de los \u00faltimos a\u00f1os del siglo pasado es definida por numerosas posturas individuales, en oposici\u00f3n al nacimiento de grandes causas universales entre las que destacan la sostenibilidad y el feminismo.<\/p>\n<p style=\"text-align: justify;\">A menudo, se han buscando rupturas en momentos de simple y necesaria reflexi\u00f3n, tan potente es la impresi\u00f3n de que, tras ellos, se encontrar\u00e1 la oportunidad definitiva. Pero, en realidad, cualquier desaf\u00edo al umbral de la pr\u00e1ctica arquitect\u00f3nica habitual puede hacerla surgir espor\u00e1dicamente. Tambi\u00e9n hay muchos ejemplos de ello en la arquitectura de los dos \u00faltimos siglos. Seguramente fuese su encuentro en la oficina de Peter Behrens la que, a\u00f1os m\u00e1s tarde, motiv\u00f3 que Mies invitase a Le Corbusier a participar en la exposici\u00f3n de la <em>Weissenhofsiedlung.<\/em> La colaboraci\u00f3n de Cedric Price con la directora de teatro Joan Littlewood para dise\u00f1ar el Fun Palace, tambi\u00e9n abre una nueva etapa de colaboraci\u00f3n multidisciplinar que ha enriquecido la pr\u00e1ctica arquitect\u00f3nica. Los propios procesos de participaci\u00f3n, los <em>Open buildings<\/em> y, en general, cualquier binomio entre arquitectos, abierto o no a colaboraciones transdisciplinarias, puede representar una oportunidad de progreso y transformaci\u00f3n.<\/p>\n<p style=\"text-align: justify;\">En este n\u00famero, VAD invita a debatir el concepto de oportunidad entendido tanto desde la descripci\u00f3n del evento mismo que resulta de ella como del momento propicio que la ha facilitado. Extendiendo sus l\u00edmites, si es posible, a la superaci\u00f3n del entorno del <em>c\u00edrculo de nosotros<\/em>, para ayudarnos, quiz\u00e1s, a adivinar qu\u00e9 oportunidades esconde el contexto de crisis actual para la pan-humanidad.<\/p>\n<p><strong>Normas de env\u00edo.<\/strong><br \/>\nConsulta el apartado\u00a0<a href=\"http:\/\/veredes.es\/vad\/index.php\/vad\/about\/submissions\" target=\"_blank\" rel=\"noopener noreferrer\">ENVIOS<\/a>\u00a0para conocer el procedimiento a seguir para remitir la documentaci\u00f3n.<\/p>\n<p><strong>Calendario.<\/strong><br \/>\nApertura recepci\u00f3n de art\u00edculos:\u00a0<strong>2 de febrero de 2021.<\/strong><br \/>\nFecha l\u00edmite de recepci\u00f3n de art\u00edculos:\u00a0<strong>30 de abril de 2021.<\/strong><br \/>\nPuedes consulta el calendario en el apartado\u00a0<a href=\"http:\/\/veredes.es\/vad\/index.php\/vad\/announcement%20\" target=\"_blank\" rel=\"noopener noreferrer\">AVISOS<\/a>.<\/p>\n<p><strong>Web.<\/strong><br \/>\nToda la informaci\u00f3n en\u00a0<strong><a href=\"http:\/\/veredes.es\/vad\/\" target=\"_blank\" rel=\"noopener noreferrer\">web<\/a><\/strong>.<\/p>\n<p><strong><em>Pr\u00f3logo realizado por Beatriz Villanueva Cajide, miembro del consejo editorial.<\/em><\/strong><\/p>\n","protected":false},"excerpt":{"rendered":"<p>Oportunidad es una palabra decididamente optimista, positiva, que nos remite a ese momento id\u00f3neo en el que todo es posible. Sin embargo, tambi\u00e9n presenta un lado oscuro al aliarse frecuentemente con el negativo concepto de crisis. Esta dualidad parece una condici\u00f3n indispensable para conseguir acotar el valor de la oportunidad como inversamente proporcional al de [&hellip;]<\/p>\n","protected":false},"author":2,"featured_media":83009,"comment_status":"open","ping_status":"closed","sticky":false,"template":"","format":"standard","meta":{"footnotes":""},"categories":[5624,5951],"tags":[12273,12448,145,6863,6474,4360,14068,1521,318,335,2641,377,5576,393,12470,6714,668,15191,785,789,865,1697,898,1961,1005,1021,11071,2675,3145,4416,1865,1173,14066,11986,1278,12468,7945],"class_list":{"0":"post-83008","1":"post","2":"type-post","3":"status-publish","4":"format-standard","5":"has-post-thumbnail","7":"category-deriva","8":"category-slider-principal","9":"tag-alberto-alonso-oro","10":"tag-arquitectura","11":"tag-arquitectura-industrial","12":"tag-arquitectura-postmoderna","13":"tag-articulo","14":"tag-beatriz-villanueva-cajide","15":"tag-call-for-papers","16":"tag-cedric-price","17":"tag-ciudad","18":"tag-colaboracion","19":"tag-construir","20":"tag-convocatoria","21":"tag-crisis-como-oportunidad","22":"tag-critica","23":"tag-diseno","24":"tag-divulgacion","25":"tag-historia","26":"tag-joan-littlewood","27":"tag-le-corbusier","28":"tag-lenguaje","29":"tag-mies-van-der-rohe","30":"tag-modelo","31":"tag-movimiento-moderno","32":"tag-oficio","33":"tag-patrimonio-industrial","34":"tag-pensamiento","35":"tag-peter-behrens","36":"tag-postmodernidad","37":"tag-presentacion","38":"tag-realidad","39":"tag-reflexion","40":"tag-revista","41":"tag-revista-vad","42":"tag-silvia-blanco-agueira","43":"tag-teoria","44":"tag-urbanismo","45":"tag-veredes"},"yoast_head":"<!-- This site is optimized with the Yoast SEO plugin v27.5 - https:\/\/yoast.com\/product\/yoast-seo-wordpress\/ -->\n<title>VAD 05. Call for Papers. Las oportunidades - veredes<\/title>\n<meta name=\"description\" content=\"Toda la informaci\u00f3n sobre: VAD 05. Call for Papers. Las oportunidades\" \/>\n<meta name=\"robots\" content=\"index, follow, max-snippet:-1, max-image-preview:large, max-video-preview:-1\" \/>\n<link rel=\"canonical\" href=\"https:\/\/veredes.es\/blog\/vad-05-call-for-papers-las-oportunidades\/\" \/>\n<meta property=\"og:locale\" content=\"es_ES\" \/>\n<meta property=\"og:type\" content=\"article\" \/>\n<meta property=\"og:title\" content=\"VAD 05. Call for Papers. Las oportunidades - veredes\" \/>\n<meta property=\"og:description\" content=\"Toda la informaci\u00f3n sobre: VAD 05. Call for Papers. Las oportunidades\" \/>\n<meta property=\"og:url\" content=\"https:\/\/veredes.es\/blog\/vad-05-call-for-papers-las-oportunidades\/\" \/>\n<meta property=\"og:site_name\" content=\"veredes, arquitectura y divulgaci\u00f3n\" \/>\n<meta property=\"article:publisher\" content=\"https:\/\/www.facebook.com\/veredesArquitecturayDivulgacion\/\" \/>\n<meta property=\"article:author\" content=\"https:\/\/www.facebook.com\/veredesArquitecturayDivulgacion\/\" \/>\n<meta property=\"article:published_time\" content=\"2021-02-01T23:01:11+00:00\" \/>\n<meta property=\"article:modified_time\" content=\"2022-07-02T17:09:53+00:00\" \/>\n<meta property=\"og:image\" content=\"https:\/\/veredes.es\/blog\/wp-content\/uploads\/2021\/01\/CFP-VAD05.jpg\" \/>\n\t<meta property=\"og:image:width\" content=\"1200\" \/>\n\t<meta property=\"og:image:height\" content=\"1698\" \/>\n\t<meta property=\"og:image:type\" content=\"image\/jpeg\" \/>\n<meta name=\"author\" content=\"veredes\" \/>\n<meta name=\"twitter:card\" content=\"summary_large_image\" \/>\n<meta name=\"twitter:creator\" content=\"@https:\/\/twitter.com\/veredes\" \/>\n<meta name=\"twitter:site\" content=\"@veredes\" \/>\n<meta name=\"twitter:label1\" content=\"Escrito por\" \/>\n\t<meta name=\"twitter:data1\" content=\"veredes\" \/>\n\t<meta name=\"twitter:label2\" content=\"Tiempo de lectura\" \/>\n\t<meta name=\"twitter:data2\" content=\"3 minutos\" \/>\n<script type=\"application\/ld+json\" class=\"yoast-schema-graph\">{\"@context\":\"https:\\\/\\\/schema.org\",\"@graph\":[{\"@type\":\"Article\",\"@id\":\"https:\\\/\\\/veredes.es\\\/blog\\\/vad-05-call-for-papers-las-oportunidades\\\/#article\",\"isPartOf\":{\"@id\":\"https:\\\/\\\/veredes.es\\\/blog\\\/vad-05-call-for-papers-las-oportunidades\\\/\"},\"author\":{\"name\":\"veredes\",\"@id\":\"https:\\\/\\\/veredes.es\\\/blog\\\/#\\\/schema\\\/person\\\/0bbb669073ef7faba5168a0844e93d2c\"},\"headline\":\"VAD 05. Call for Papers. Las oportunidades\",\"datePublished\":\"2021-02-01T23:01:11+00:00\",\"dateModified\":\"2022-07-02T17:09:53+00:00\",\"mainEntityOfPage\":{\"@id\":\"https:\\\/\\\/veredes.es\\\/blog\\\/vad-05-call-for-papers-las-oportunidades\\\/\"},\"wordCount\":590,\"commentCount\":0,\"publisher\":{\"@id\":\"https:\\\/\\\/veredes.es\\\/blog\\\/#organization\"},\"image\":{\"@id\":\"https:\\\/\\\/veredes.es\\\/blog\\\/vad-05-call-for-papers-las-oportunidades\\\/#primaryimage\"},\"thumbnailUrl\":\"https:\\\/\\\/veredes.es\\\/blog\\\/wp-content\\\/uploads\\\/2021\\\/01\\\/CFP-VAD05.jpg\",\"keywords\":[\"Alberto Alonso Oro\",\"arquitectura\",\"arquitectura industrial\",\"arquitectura postmoderna\",\"art\u00edculo\",\"Beatriz Villanueva Cajide\",\"call for papers\",\"Cedric Price\",\"ciudad\",\"colaboraci\u00f3n\",\"construir\",\"convocatoria\",\"crisis como oportunidad\",\"cr\u00edtica\",\"dise\u00f1o\",\"divulgaci\u00f3n\",\"historia\",\"Joan Littlewood\",\"Le Corbusier\",\"lenguaje\",\"Mies van der Rohe\",\"modelo\",\"movimiento moderno\",\"oficio\",\"patrimonio industrial\",\"pensamiento\",\"Peter Behrens\",\"postmodernidad\",\"presentaci\u00f3n\",\"realidad\",\"reflexi\u00f3n\",\"revista\",\"revista VAD\",\"Silvia Blanco Ag\u00fceira\",\"teor\u00eda\",\"urbanismo\",\"veredes\"],\"articleSection\":[\"deriva\",\"slider principal\"],\"inLanguage\":\"es\",\"potentialAction\":[{\"@type\":\"CommentAction\",\"name\":\"Comment\",\"target\":[\"https:\\\/\\\/veredes.es\\\/blog\\\/vad-05-call-for-papers-las-oportunidades\\\/#respond\"]}]},{\"@type\":\"WebPage\",\"@id\":\"https:\\\/\\\/veredes.es\\\/blog\\\/vad-05-call-for-papers-las-oportunidades\\\/\",\"url\":\"https:\\\/\\\/veredes.es\\\/blog\\\/vad-05-call-for-papers-las-oportunidades\\\/\",\"name\":\"VAD 05. Call for Papers. Las oportunidades - veredes\",\"isPartOf\":{\"@id\":\"https:\\\/\\\/veredes.es\\\/blog\\\/#website\"},\"primaryImageOfPage\":{\"@id\":\"https:\\\/\\\/veredes.es\\\/blog\\\/vad-05-call-for-papers-las-oportunidades\\\/#primaryimage\"},\"image\":{\"@id\":\"https:\\\/\\\/veredes.es\\\/blog\\\/vad-05-call-for-papers-las-oportunidades\\\/#primaryimage\"},\"thumbnailUrl\":\"https:\\\/\\\/veredes.es\\\/blog\\\/wp-content\\\/uploads\\\/2021\\\/01\\\/CFP-VAD05.jpg\",\"datePublished\":\"2021-02-01T23:01:11+00:00\",\"dateModified\":\"2022-07-02T17:09:53+00:00\",\"description\":\"Toda la informaci\u00f3n sobre: VAD 05. Call for Papers. Las oportunidades\",\"breadcrumb\":{\"@id\":\"https:\\\/\\\/veredes.es\\\/blog\\\/vad-05-call-for-papers-las-oportunidades\\\/#breadcrumb\"},\"inLanguage\":\"es\",\"potentialAction\":[{\"@type\":\"ReadAction\",\"target\":[\"https:\\\/\\\/veredes.es\\\/blog\\\/vad-05-call-for-papers-las-oportunidades\\\/\"]}]},{\"@type\":\"ImageObject\",\"inLanguage\":\"es\",\"@id\":\"https:\\\/\\\/veredes.es\\\/blog\\\/vad-05-call-for-papers-las-oportunidades\\\/#primaryimage\",\"url\":\"https:\\\/\\\/veredes.es\\\/blog\\\/wp-content\\\/uploads\\\/2021\\\/01\\\/CFP-VAD05.jpg\",\"contentUrl\":\"https:\\\/\\\/veredes.es\\\/blog\\\/wp-content\\\/uploads\\\/2021\\\/01\\\/CFP-VAD05.jpg\",\"width\":1200,\"height\":1698},{\"@type\":\"BreadcrumbList\",\"@id\":\"https:\\\/\\\/veredes.es\\\/blog\\\/vad-05-call-for-papers-las-oportunidades\\\/#breadcrumb\",\"itemListElement\":[{\"@type\":\"ListItem\",\"position\":1,\"name\":\"Portada\",\"item\":\"https:\\\/\\\/veredes.es\\\/blog\\\/\"},{\"@type\":\"ListItem\",\"position\":2,\"name\":\"VAD 05. Call for Papers. Las oportunidades\"}]},{\"@type\":\"WebSite\",\"@id\":\"https:\\\/\\\/veredes.es\\\/blog\\\/#website\",\"url\":\"https:\\\/\\\/veredes.es\\\/blog\\\/\",\"name\":\"veredes, arquitectura y divulgaci\u00f3n\",\"description\":\"veredes\",\"publisher\":{\"@id\":\"https:\\\/\\\/veredes.es\\\/blog\\\/#organization\"},\"alternateName\":\"veredes\",\"potentialAction\":[{\"@type\":\"SearchAction\",\"target\":{\"@type\":\"EntryPoint\",\"urlTemplate\":\"https:\\\/\\\/veredes.es\\\/blog\\\/?s={search_term_string}\"},\"query-input\":{\"@type\":\"PropertyValueSpecification\",\"valueRequired\":true,\"valueName\":\"search_term_string\"}}],\"inLanguage\":\"es\"},{\"@type\":\"Organization\",\"@id\":\"https:\\\/\\\/veredes.es\\\/blog\\\/#organization\",\"name\":\"veredes, arquitectura y divulgaci\u00f3n\",\"alternateName\":\"veredes\",\"url\":\"https:\\\/\\\/veredes.es\\\/blog\\\/\",\"logo\":{\"@type\":\"ImageObject\",\"inLanguage\":\"es\",\"@id\":\"https:\\\/\\\/veredes.es\\\/blog\\\/#\\\/schema\\\/logo\\\/image\\\/\",\"url\":\"https:\\\/\\\/veredes.es\\\/blog\\\/wp-content\\\/uploads\\\/2021\\\/12\\\/veredes-logo-centrado_140x54.png\",\"contentUrl\":\"https:\\\/\\\/veredes.es\\\/blog\\\/wp-content\\\/uploads\\\/2021\\\/12\\\/veredes-logo-centrado_140x54.png\",\"width\":140,\"height\":54,\"caption\":\"veredes, arquitectura y divulgaci\u00f3n\"},\"image\":{\"@id\":\"https:\\\/\\\/veredes.es\\\/blog\\\/#\\\/schema\\\/logo\\\/image\\\/\"},\"sameAs\":[\"https:\\\/\\\/www.facebook.com\\\/veredesArquitecturayDivulgacion\\\/\",\"https:\\\/\\\/x.com\\\/veredes\",\"https:\\\/\\\/instagram.com\\\/veredes\\\/\",\"https:\\\/\\\/www.linkedin.com\\\/company\\\/veredes-arquitectura-y-divulgacion\\\/\",\"https:\\\/\\\/es.pinterest.com\\\/veredes\\\/\",\"https:\\\/\\\/www.tumblr.com\\\/veredes\"]},{\"@type\":\"Person\",\"@id\":\"https:\\\/\\\/veredes.es\\\/blog\\\/#\\\/schema\\\/person\\\/0bbb669073ef7faba5168a0844e93d2c\",\"name\":\"veredes\",\"image\":{\"@type\":\"ImageObject\",\"inLanguage\":\"es\",\"@id\":\"https:\\\/\\\/veredes.es\\\/blog\\\/wp-content\\\/uploads\\\/2018\\\/04\\\/face-96x96.jpg\",\"url\":\"https:\\\/\\\/veredes.es\\\/blog\\\/wp-content\\\/uploads\\\/2018\\\/04\\\/face-96x96.jpg\",\"contentUrl\":\"https:\\\/\\\/veredes.es\\\/blog\\\/wp-content\\\/uploads\\\/2018\\\/04\\\/face-96x96.jpg\",\"caption\":\"veredes\"},\"description\":\"Surge enero de 2009 como b\u00fasqueda de satisfacer el conocimiento de la actividad arquitect\u00f3nica y tangentes que se generan. La idea es crear un espacio para divulgar los diversos proyectos en busca de nueva inspiraci\u00f3n y de intercambio.\",\"sameAs\":[\"https:\\\/\\\/veredes.es\\\/\",\"https:\\\/\\\/www.facebook.com\\\/veredesArquitecturayDivulgacion\\\/\",\"https:\\\/\\\/www.instagram.com\\\/veredes\\\/\",\"https:\\\/\\\/www.linkedin.com\\\/company\\\/veredes-arquitectura-y-divulgacion\\\/\",\"https:\\\/\\\/www.pinterest.es\\\/veredes\\\/\",\"https:\\\/\\\/x.com\\\/https:\\\/\\\/twitter.com\\\/veredes\",\"https:\\\/\\\/veredes.tumblr.com\\\/\"],\"url\":\"https:\\\/\\\/veredes.es\\\/blog\\\/author\\\/alberto\\\/\"}]}<\/script>\n<!-- \/ Yoast SEO plugin. -->","yoast_head_json":{"title":"VAD 05. Call for Papers. Las oportunidades - veredes","description":"Toda la informaci\u00f3n sobre: VAD 05. Call for Papers. Las oportunidades","robots":{"index":"index","follow":"follow","max-snippet":"max-snippet:-1","max-image-preview":"max-image-preview:large","max-video-preview":"max-video-preview:-1"},"canonical":"https:\/\/veredes.es\/blog\/vad-05-call-for-papers-las-oportunidades\/","og_locale":"es_ES","og_type":"article","og_title":"VAD 05. Call for Papers. Las oportunidades - veredes","og_description":"Toda la informaci\u00f3n sobre: VAD 05. Call for Papers. Las oportunidades","og_url":"https:\/\/veredes.es\/blog\/vad-05-call-for-papers-las-oportunidades\/","og_site_name":"veredes, arquitectura y divulgaci\u00f3n","article_publisher":"https:\/\/www.facebook.com\/veredesArquitecturayDivulgacion\/","article_author":"https:\/\/www.facebook.com\/veredesArquitecturayDivulgacion\/","article_published_time":"2021-02-01T23:01:11+00:00","article_modified_time":"2022-07-02T17:09:53+00:00","og_image":[{"width":1200,"height":1698,"url":"https:\/\/veredes.es\/blog\/wp-content\/uploads\/2021\/01\/CFP-VAD05.jpg","type":"image\/jpeg"}],"author":"veredes","twitter_card":"summary_large_image","twitter_creator":"@https:\/\/twitter.com\/veredes","twitter_site":"@veredes","twitter_misc":{"Escrito por":"veredes","Tiempo de lectura":"3 minutos"},"schema":{"@context":"https:\/\/schema.org","@graph":[{"@type":"Article","@id":"https:\/\/veredes.es\/blog\/vad-05-call-for-papers-las-oportunidades\/#article","isPartOf":{"@id":"https:\/\/veredes.es\/blog\/vad-05-call-for-papers-las-oportunidades\/"},"author":{"name":"veredes","@id":"https:\/\/veredes.es\/blog\/#\/schema\/person\/0bbb669073ef7faba5168a0844e93d2c"},"headline":"VAD 05. Call for Papers. Las oportunidades","datePublished":"2021-02-01T23:01:11+00:00","dateModified":"2022-07-02T17:09:53+00:00","mainEntityOfPage":{"@id":"https:\/\/veredes.es\/blog\/vad-05-call-for-papers-las-oportunidades\/"},"wordCount":590,"commentCount":0,"publisher":{"@id":"https:\/\/veredes.es\/blog\/#organization"},"image":{"@id":"https:\/\/veredes.es\/blog\/vad-05-call-for-papers-las-oportunidades\/#primaryimage"},"thumbnailUrl":"https:\/\/veredes.es\/blog\/wp-content\/uploads\/2021\/01\/CFP-VAD05.jpg","keywords":["Alberto Alonso Oro","arquitectura","arquitectura industrial","arquitectura postmoderna","art\u00edculo","Beatriz Villanueva Cajide","call for papers","Cedric Price","ciudad","colaboraci\u00f3n","construir","convocatoria","crisis como oportunidad","cr\u00edtica","dise\u00f1o","divulgaci\u00f3n","historia","Joan Littlewood","Le Corbusier","lenguaje","Mies van der Rohe","modelo","movimiento moderno","oficio","patrimonio industrial","pensamiento","Peter Behrens","postmodernidad","presentaci\u00f3n","realidad","reflexi\u00f3n","revista","revista VAD","Silvia Blanco Ag\u00fceira","teor\u00eda","urbanismo","veredes"],"articleSection":["deriva","slider principal"],"inLanguage":"es","potentialAction":[{"@type":"CommentAction","name":"Comment","target":["https:\/\/veredes.es\/blog\/vad-05-call-for-papers-las-oportunidades\/#respond"]}]},{"@type":"WebPage","@id":"https:\/\/veredes.es\/blog\/vad-05-call-for-papers-las-oportunidades\/","url":"https:\/\/veredes.es\/blog\/vad-05-call-for-papers-las-oportunidades\/","name":"VAD 05. Call for Papers. Las oportunidades - veredes","isPartOf":{"@id":"https:\/\/veredes.es\/blog\/#website"},"primaryImageOfPage":{"@id":"https:\/\/veredes.es\/blog\/vad-05-call-for-papers-las-oportunidades\/#primaryimage"},"image":{"@id":"https:\/\/veredes.es\/blog\/vad-05-call-for-papers-las-oportunidades\/#primaryimage"},"thumbnailUrl":"https:\/\/veredes.es\/blog\/wp-content\/uploads\/2021\/01\/CFP-VAD05.jpg","datePublished":"2021-02-01T23:01:11+00:00","dateModified":"2022-07-02T17:09:53+00:00","description":"Toda la informaci\u00f3n sobre: VAD 05. Call for Papers. Las oportunidades","breadcrumb":{"@id":"https:\/\/veredes.es\/blog\/vad-05-call-for-papers-las-oportunidades\/#breadcrumb"},"inLanguage":"es","potentialAction":[{"@type":"ReadAction","target":["https:\/\/veredes.es\/blog\/vad-05-call-for-papers-las-oportunidades\/"]}]},{"@type":"ImageObject","inLanguage":"es","@id":"https:\/\/veredes.es\/blog\/vad-05-call-for-papers-las-oportunidades\/#primaryimage","url":"https:\/\/veredes.es\/blog\/wp-content\/uploads\/2021\/01\/CFP-VAD05.jpg","contentUrl":"https:\/\/veredes.es\/blog\/wp-content\/uploads\/2021\/01\/CFP-VAD05.jpg","width":1200,"height":1698},{"@type":"BreadcrumbList","@id":"https:\/\/veredes.es\/blog\/vad-05-call-for-papers-las-oportunidades\/#breadcrumb","itemListElement":[{"@type":"ListItem","position":1,"name":"Portada","item":"https:\/\/veredes.es\/blog\/"},{"@type":"ListItem","position":2,"name":"VAD 05. Call for Papers. Las oportunidades"}]},{"@type":"WebSite","@id":"https:\/\/veredes.es\/blog\/#website","url":"https:\/\/veredes.es\/blog\/","name":"veredes, arquitectura y divulgaci\u00f3n","description":"veredes","publisher":{"@id":"https:\/\/veredes.es\/blog\/#organization"},"alternateName":"veredes","potentialAction":[{"@type":"SearchAction","target":{"@type":"EntryPoint","urlTemplate":"https:\/\/veredes.es\/blog\/?s={search_term_string}"},"query-input":{"@type":"PropertyValueSpecification","valueRequired":true,"valueName":"search_term_string"}}],"inLanguage":"es"},{"@type":"Organization","@id":"https:\/\/veredes.es\/blog\/#organization","name":"veredes, arquitectura y divulgaci\u00f3n","alternateName":"veredes","url":"https:\/\/veredes.es\/blog\/","logo":{"@type":"ImageObject","inLanguage":"es","@id":"https:\/\/veredes.es\/blog\/#\/schema\/logo\/image\/","url":"https:\/\/veredes.es\/blog\/wp-content\/uploads\/2021\/12\/veredes-logo-centrado_140x54.png","contentUrl":"https:\/\/veredes.es\/blog\/wp-content\/uploads\/2021\/12\/veredes-logo-centrado_140x54.png","width":140,"height":54,"caption":"veredes, arquitectura y divulgaci\u00f3n"},"image":{"@id":"https:\/\/veredes.es\/blog\/#\/schema\/logo\/image\/"},"sameAs":["https:\/\/www.facebook.com\/veredesArquitecturayDivulgacion\/","https:\/\/x.com\/veredes","https:\/\/instagram.com\/veredes\/","https:\/\/www.linkedin.com\/company\/veredes-arquitectura-y-divulgacion\/","https:\/\/es.pinterest.com\/veredes\/","https:\/\/www.tumblr.com\/veredes"]},{"@type":"Person","@id":"https:\/\/veredes.es\/blog\/#\/schema\/person\/0bbb669073ef7faba5168a0844e93d2c","name":"veredes","image":{"@type":"ImageObject","inLanguage":"es","@id":"https:\/\/veredes.es\/blog\/wp-content\/uploads\/2018\/04\/face-96x96.jpg","url":"https:\/\/veredes.es\/blog\/wp-content\/uploads\/2018\/04\/face-96x96.jpg","contentUrl":"https:\/\/veredes.es\/blog\/wp-content\/uploads\/2018\/04\/face-96x96.jpg","caption":"veredes"},"description":"Surge enero de 2009 como b\u00fasqueda de satisfacer el conocimiento de la actividad arquitect\u00f3nica y tangentes que se generan. La idea es crear un espacio para divulgar los diversos proyectos en busca de nueva inspiraci\u00f3n y de intercambio.","sameAs":["https:\/\/veredes.es\/","https:\/\/www.facebook.com\/veredesArquitecturayDivulgacion\/","https:\/\/www.instagram.com\/veredes\/","https:\/\/www.linkedin.com\/company\/veredes-arquitectura-y-divulgacion\/","https:\/\/www.pinterest.es\/veredes\/","https:\/\/x.com\/https:\/\/twitter.com\/veredes","https:\/\/veredes.tumblr.com\/"],"url":"https:\/\/veredes.es\/blog\/author\/alberto\/"}]}},"_links":{"self":[{"href":"https:\/\/veredes.es\/blog\/wp-json\/wp\/v2\/posts\/83008","targetHints":{"allow":["GET"]}}],"collection":[{"href":"https:\/\/veredes.es\/blog\/wp-json\/wp\/v2\/posts"}],"about":[{"href":"https:\/\/veredes.es\/blog\/wp-json\/wp\/v2\/types\/post"}],"author":[{"embeddable":true,"href":"https:\/\/veredes.es\/blog\/wp-json\/wp\/v2\/users\/2"}],"replies":[{"embeddable":true,"href":"https:\/\/veredes.es\/blog\/wp-json\/wp\/v2\/comments?post=83008"}],"version-history":[{"count":0,"href":"https:\/\/veredes.es\/blog\/wp-json\/wp\/v2\/posts\/83008\/revisions"}],"wp:featuredmedia":[{"embeddable":true,"href":"https:\/\/veredes.es\/blog\/wp-json\/wp\/v2\/media\/83009"}],"wp:attachment":[{"href":"https:\/\/veredes.es\/blog\/wp-json\/wp\/v2\/media?parent=83008"}],"wp:term":[{"taxonomy":"category","embeddable":true,"href":"https:\/\/veredes.es\/blog\/wp-json\/wp\/v2\/categories?post=83008"},{"taxonomy":"post_tag","embeddable":true,"href":"https:\/\/veredes.es\/blog\/wp-json\/wp\/v2\/tags?post=83008"}],"curies":[{"name":"wp","href":"https:\/\/api.w.org\/{rel}","templated":true}]}}