{"id":82972,"date":"2021-03-11T00:01:57","date_gmt":"2021-03-10T23:01:57","guid":{"rendered":"https:\/\/veredes.es\/blog\/?p=82972"},"modified":"2023-08-29T17:00:04","modified_gmt":"2023-08-29T15:00:04","slug":"anna-ramos-directora-de-la-fundacion-mies-van-der-rohe","status":"publish","type":"post","link":"https:\/\/veredes.es\/blog\/anna-ramos-directora-de-la-fundacion-mies-van-der-rohe\/","title":{"rendered":"Anna Ramos \u00b7 Directora de la Fundaci\u00f3n Mies van der Rohe"},"content":{"rendered":"<figure id=\"attachment_83674\" aria-describedby=\"caption-attachment-83674\" style=\"width: 1200px\" class=\"wp-caption alignnone\"><img loading=\"lazy\" decoding=\"async\" class=\"size-full wp-image-83674\" src=\"https:\/\/veredes.es\/blog\/wp-content\/uploads\/2020\/12\/Anna-Ramos-\u00b7-Directora-de-la-Fundaci\u00f3n-Mies-van-der-Rohe-@-Anna-Mas.jpg\" alt=\"\" width=\"1200\" height=\"1800\" srcset=\"https:\/\/veredes.es\/blog\/wp-content\/uploads\/2020\/12\/Anna-Ramos-\u00b7-Directora-de-la-Fundaci\u00f3n-Mies-van-der-Rohe-@-Anna-Mas.jpg 1200w, https:\/\/veredes.es\/blog\/wp-content\/uploads\/2020\/12\/Anna-Ramos-\u00b7-Directora-de-la-Fundaci\u00f3n-Mies-van-der-Rohe-@-Anna-Mas-200x300.jpg 200w, https:\/\/veredes.es\/blog\/wp-content\/uploads\/2020\/12\/Anna-Ramos-\u00b7-Directora-de-la-Fundaci\u00f3n-Mies-van-der-Rohe-@-Anna-Mas-683x1024.jpg 683w, https:\/\/veredes.es\/blog\/wp-content\/uploads\/2020\/12\/Anna-Ramos-\u00b7-Directora-de-la-Fundaci\u00f3n-Mies-van-der-Rohe-@-Anna-Mas-1024x1536.jpg 1024w\" sizes=\"auto, (max-width: 1200px) 100vw, 1200px\" \/><figcaption id=\"caption-attachment-83674\" class=\"wp-caption-text\"><span style=\"color: #999999;\">Anna Ramos, directora de la Fundaci\u00f3 Mies van der Rohe | Fotograf\u00eda @ Anna Mas<\/span><\/figcaption><\/figure>\n<p style=\"text-align: justify;\">Hace unas semanas charl\u00e1bamos con <a href=\"https:\/\/veredes.es\/blog\/sol-candela-alcover-directora-de-la-fundacion-arquia\/\" target=\"_blank\" rel=\"noopener noreferrer\">Sol Candela Alcover<\/a> y su labor como directora al frente de la Fundaci\u00f3n Arquia, as\u00ed que aprovechando la estancia en Barcelona nos desplazamos al pie de Montj\u00fcic donde se ubica el <a href=\"https:\/\/miesbcn.com\/es\/el-pabellon\/\" target=\"_blank\" rel=\"noopener noreferrer\">Pabell\u00f3n Alem\u00e1n para la Exposici\u00f3n Internacional de Barcelona de 1929<\/a>, proyectado por Mies van der Rohe y reconstruido en 1986 por el equipo formado, por Oriol Bohigas impuls\u00f3 esta iniciativa desde la Delegaci\u00f3n de Urbanismo del Ayuntamiento de Barcelona, e Ignasi de Sol\u00e0-Morales, Cristian Cirici y Fernando Ramos. El pabell\u00f3n es la sede de la <a href=\"https:\/\/miesbcn.com\/es\/\" target=\"_blank\" rel=\"noopener noreferrer\">Fundaci\u00f3n Mies van der Rohe<\/a>,<\/p>\n<blockquote>\n<p style=\"text-align: justify;\">\u00abLa Fundaci\u00f3 Mies van der Rohe se une con su experiencia y amplia red de colaboradores a la ambici\u00f3n de la Comisi\u00f3n Europea de crear un nuevo movimiento Bauhaus europeo. Estamos comprometidos en el proceso de cocreaci\u00f3n participativa junto con una red de pensadores, planificadores, arquitectos, dise\u00f1adores, emprendedores, estudiantes y ciudadanos que trabajan juntos para desarrollar proyectos y soluciones innovadores y sostenibles para un entorno inclusivo, sostenible y de calidad para la vida.\u00bb<\/p>\n<\/blockquote>\n<p style=\"text-align: justify;\">Actualmente la direcci\u00f3n de la <a href=\"https:\/\/miesbcn.com\/es\/\" target=\"_blank\" rel=\"noopener noreferrer\">Fundaci\u00f3n Mies van der Rohe<\/a>, est\u00e1 a cargo de Anna Ramos, puesto que desempe\u00f1a desde 2016. La <a href=\"https:\/\/miesbcn.com\/es\/\" target=\"_blank\" rel=\"noopener noreferrer\">Fundaci\u00f3n Mies van der Rohe<\/a> es una instituci\u00f3n de reconocido prestigio gracias al gran trabajo desarrollado por sus antecesores y por el <a href=\"https:\/\/miesbcn.com\/es\/la-fundacion\/equipo\/\" target=\"_blank\" rel=\"noopener noreferrer\">equipo de la Fundaci\u00f3n<\/a>. Asumi\u00f3 el reto con entusiasmo, aportando los conocimientos y bagaje profesional adquiridos durante el <a href=\"https:\/\/miesbcn.com\/es\/proyectos\/\" target=\"_blank\" rel=\"noopener noreferrer\">ejercicio<\/a> de la arquitectura, de la docencia y la investigaci\u00f3n universitarias, y de la gesti\u00f3n al frente de instituciones acad\u00e9micas y culturales.<\/p>\n<p style=\"text-align: justify;\">Sin m\u00e1s pre\u00e1mbulos os dejamos con la entrevista que hemos tenido la oportunidad de realizarle.<\/p>\n<figure id=\"attachment_83675\" aria-describedby=\"caption-attachment-83675\" style=\"width: 1200px\" class=\"wp-caption alignnone\"><img loading=\"lazy\" decoding=\"async\" class=\"size-full wp-image-83675\" src=\"https:\/\/veredes.es\/blog\/wp-content\/uploads\/2020\/12\/Anna-Ramos-\u00b7-Directora-de-la-Fundaci\u00f3n-Mies-van-der-Rohe-@-equipo-Fundacion.jpg\" alt=\"\" width=\"1200\" height=\"900\" srcset=\"https:\/\/veredes.es\/blog\/wp-content\/uploads\/2020\/12\/Anna-Ramos-\u00b7-Directora-de-la-Fundaci\u00f3n-Mies-van-der-Rohe-@-equipo-Fundacion.jpg 1200w, https:\/\/veredes.es\/blog\/wp-content\/uploads\/2020\/12\/Anna-Ramos-\u00b7-Directora-de-la-Fundaci\u00f3n-Mies-van-der-Rohe-@-equipo-Fundacion-300x225.jpg 300w, https:\/\/veredes.es\/blog\/wp-content\/uploads\/2020\/12\/Anna-Ramos-\u00b7-Directora-de-la-Fundaci\u00f3n-Mies-van-der-Rohe-@-equipo-Fundacion-1024x768.jpg 1024w\" sizes=\"auto, (max-width: 1200px) 100vw, 1200px\" \/><figcaption id=\"caption-attachment-83675\" class=\"wp-caption-text\"><span style=\"color: #999999;\">Equipo de la Fundacio\u0301 Mies van der Rohe<\/span><\/figcaption><\/figure>\n<p style=\"text-align: justify;\"><strong>\u00bfC\u00f3mo, cu\u00e1ndo y por qu\u00e9 surge tu implicaci\u00f3n con la <a href=\"https:\/\/miesbcn.com\/es\/\" target=\"_blank\" rel=\"noopener noreferrer\">Fundaci\u00f3n Mies van der Rohe<\/a>?<\/strong><\/p>\n<p style=\"text-align: justify;\">Surge en mi infancia, con la casa llena de fotograf\u00edas de los m\u00e1rmoles del Pabell\u00f3n que mi padre, Fernando Ramos, junto a Ignasi de Sol\u00e0-Morales y Cristian Cirici compon\u00edan y recompon\u00edan a modo de puzle. Sin el tiempo, rigor y dedicaci\u00f3n que todos ellos volcaron en la <a href=\"https:\/\/veredes.es\/blog\/entrevista-isabel-bachs\/\" target=\"_blank\" rel=\"noopener noreferrer\">reconstrucci\u00f3n<\/a> del Pabell\u00f3n hoy la Fundaci\u00f3n Mies van der Rohe no existir\u00eda.<\/p>\n<p style=\"text-align: justify;\">Mi implicaci\u00f3n profesional surge 30 a\u00f1os m\u00e1s tarde, a principios de 2016, cuando se convoca el concurso internacional para dotar la plaza vacante de Direcci\u00f3n. Unos buenos amigos me animaron a presentarme, y al leer las bases de la convocatoria me pareci\u00f3 que s\u00ed ten\u00eda algo que aportar. Fue un reto ciertamente ilusionante proyectar un nuevo camino para una instituci\u00f3n tan respetada y querida.<\/p>\n<p style=\"text-align: justify;\"><strong>\u00bfC\u00f3mo es el d\u00eda a d\u00eda a la hora de dirigir la <a href=\"https:\/\/miesbcn.com\/es\/\" target=\"_blank\" rel=\"noopener noreferrer\">Fundaci\u00f3n Mies van der Rohe<\/a>?<\/strong><\/p>\n<p style=\"text-align: justify;\">Muy estimulante. Todas las personas que forman el equipo de la Fundaci\u00f3n Mies van der Rohe est\u00e1n absolutamente volcadas en la vocaci\u00f3n de excelencia de la instituci\u00f3n y son unos profesionales incre\u00edbles. La dimensi\u00f3n del equipo permite trabajar muy cerca de los resultados, ya sea la conservaci\u00f3n del espacio maravilloso del Pabell\u00f3n como las arriesgadas transgresiones que suponen algunas de las intervenciones art\u00edsticas que lo alteran. Trabajamos en red, principalmente en el marco del Premio de Arquitectura Contempor\u00e1nea de la Uni\u00f3n Europea \u2013 Premio Mies van der Rohe pero no solo, con los principales actores arquitect\u00f3nicos europeos y mundiales desde una ciudad que apuesta continuamente por la arquitectura y el espacio urbano de calidad como motor de cambio social, y esto nos permite levantar la mirada y alzar la voz en defensa de una arquitectura entendida como bien de inter\u00e9s p\u00fablico.<\/p>\n<figure id=\"attachment_83678\" aria-describedby=\"caption-attachment-83678\" style=\"width: 1200px\" class=\"wp-caption alignnone\"><img loading=\"lazy\" decoding=\"async\" class=\"size-full wp-image-83678\" src=\"https:\/\/veredes.es\/blog\/wp-content\/uploads\/2021\/02\/Anna-Ramos-\u00b7-Directora-de-la-Fundaci\u00f3n-Mies-van-der-Rohe-Artists-in-Architecture-@Jose-Hevia.jpg\" alt=\"\" width=\"1200\" height=\"800\" srcset=\"https:\/\/veredes.es\/blog\/wp-content\/uploads\/2021\/02\/Anna-Ramos-\u00b7-Directora-de-la-Fundaci\u00f3n-Mies-van-der-Rohe-Artists-in-Architecture-@Jose-Hevia.jpg 1200w, https:\/\/veredes.es\/blog\/wp-content\/uploads\/2021\/02\/Anna-Ramos-\u00b7-Directora-de-la-Fundaci\u00f3n-Mies-van-der-Rohe-Artists-in-Architecture-@Jose-Hevia-300x200.jpg 300w, https:\/\/veredes.es\/blog\/wp-content\/uploads\/2021\/02\/Anna-Ramos-\u00b7-Directora-de-la-Fundaci\u00f3n-Mies-van-der-Rohe-Artists-in-Architecture-@Jose-Hevia-1024x683.jpg 1024w\" sizes=\"auto, (max-width: 1200px) 100vw, 1200px\" \/><figcaption id=\"caption-attachment-83678\" class=\"wp-caption-text\"><a href=\"https:\/\/miesbcn.com\/es\/proyecto\/artists-in-architecture-re-activating-modern-european-houses\/\" target=\"_blank\" rel=\"noopener noreferrer\"><span style=\"color: #999999;\">Artists in Architecture: Re-Activating Modern European Houses | Fotograf\u00eda @ Jose Hevia<\/span><\/a><\/figcaption><\/figure>\n<p style=\"text-align: justify;\"><strong>\u00bfHas delegado funciones y te has centrado en partes concretas dentro de la <a href=\"https:\/\/miesbcn.com\/es\/\" target=\"_blank\" rel=\"noopener noreferrer\">Fundaci\u00f3n Mies van der Rohe<\/a>?<\/strong><\/p>\n<p style=\"text-align: justify;\">Mi tarea fundamental consiste en tener una visi\u00f3n general de todas nuestras actividades y garantizar que se alineen con nuestros objetivos fundamentales: divulgar la cultura arquitect\u00f3nica, potenciar la capacidad de interacci\u00f3n de la arquitectura con todos los actores sociales y generar investigaci\u00f3n y debate sobre la arquitectura moderna y contempor\u00e1nea.<\/p>\n<p style=\"text-align: justify;\"><strong>Ante los continuos cambios que afectan a la profesi\u00f3n \u00bfqu\u00e9 metas se ha marcado la <a href=\"https:\/\/miesbcn.com\/es\/\" target=\"_blank\" rel=\"noopener noreferrer\">Fundaci\u00f3n Mies van der Rohe<\/a>, adem\u00e1s de las que ya tiene desde su origen?<\/strong><\/p>\n<p style=\"text-align: justify;\">La arquitectura, como todas las disciplinas, est\u00e1 en constante evoluci\u00f3n. La Fundaci\u00f3n ha consolidado el <a href=\"https:\/\/miesbcn.com\/es\/premio\/\" target=\"_blank\" rel=\"noopener noreferrer\">Premio de Arquitectura Contempor\u00e1nea de la Uni\u00f3n Europea \u2013 Premio Mies van der Rohe<\/a> como elemento estrat\u00e9gico para promover una arquitectura de calidad concebida con rigor para satisfacer las necesidades de la sociedad. Queremos hacer part\u00edcipes a los ciudadanos y a las instituciones p\u00fablicas de la proyecci\u00f3n y la influencia de este Premio que, siguiendo las marcas de la arquitectura del Pabell\u00f3n Mies van der Rohe, reconoce la excelencia en la arquitectura y la innovaci\u00f3n en t\u00e9rminos conceptuales y constructivos. Difundiendo el Premio m\u00e1s all\u00e1 de los circuitos arquitect\u00f3nicos potenciamos la capacidad de interacci\u00f3n de la arquitectura con todos los actores sociales en el \u00e1mbito europeo, siempre teniendo en cuenta los cambios de paradigma, y muy especialmente conceptos que hoy en d\u00eda son fundamentales como la identidad, la inclusi\u00f3n social y todos los aspectos de la sostenibilidad.<\/p>\n<p style=\"text-align: justify;\">Dentro de esta atenci\u00f3n a los cambios de paradigma se incluye uno de nuestros nuevos programas, la <a href=\"https:\/\/miesbcn.com\/es\/proyecto\/lilly-reich-grant-for-equality-in-architecture\/\" target=\"_blank\" rel=\"noopener noreferrer\">Beca Lilly Reich<\/a> para la igualdad en la arquitectura, que nos permitir\u00e1 conocer y difundir m\u00e1s y mejor las aportaciones olvidadas e invisibilizadas en el relato \u2018heroico\u2019 y excluyente de la arquitectura vigente en el pasado y, no nos enga\u00f1emos, en el presente.<\/p>\n<blockquote>\n<p style=\"text-align: justify;\">\u00abCon el objetivo de incluir una dimensi\u00f3n cultural en el viaje hacia un futuro sostenible, la Comisi\u00f3n Europea propone una nueva Bauhaus europea inspirada en la Bauhaus de hace cien a\u00f1os donde arquitectos y dise\u00f1adores como Walter Gropius, Mariane Brandt, Ludwig Mies van der Rohe, Gunta Stozl, Marcel Breuer, Lilly Reich o Anni Albers asumieron el desaf\u00edo de reconstruir Europa para mejorar la calidad de vida de todos en un crisol de transformaci\u00f3n econ\u00f3mica y social.\u00bb<\/p>\n<\/blockquote>\n<figure id=\"attachment_83676\" aria-describedby=\"caption-attachment-83676\" style=\"width: 1200px\" class=\"wp-caption alignnone\"><img loading=\"lazy\" decoding=\"async\" class=\"size-full wp-image-83676\" src=\"https:\/\/veredes.es\/blog\/wp-content\/uploads\/2020\/12\/Anna-Ramos-\u00b7-Directora-de-la-Fundaci\u00f3n-Mies-van-der-Rohe-GRANTING-CEREMONY-EUMiesAward2019_\u00a9-Anna-Mas.jpg\" alt=\"\" width=\"1200\" height=\"800\" srcset=\"https:\/\/veredes.es\/blog\/wp-content\/uploads\/2020\/12\/Anna-Ramos-\u00b7-Directora-de-la-Fundaci\u00f3n-Mies-van-der-Rohe-GRANTING-CEREMONY-EUMiesAward2019_\u00a9-Anna-Mas.jpg 1200w, https:\/\/veredes.es\/blog\/wp-content\/uploads\/2020\/12\/Anna-Ramos-\u00b7-Directora-de-la-Fundaci\u00f3n-Mies-van-der-Rohe-GRANTING-CEREMONY-EUMiesAward2019_\u00a9-Anna-Mas-300x200.jpg 300w, https:\/\/veredes.es\/blog\/wp-content\/uploads\/2020\/12\/Anna-Ramos-\u00b7-Directora-de-la-Fundaci\u00f3n-Mies-van-der-Rohe-GRANTING-CEREMONY-EUMiesAward2019_\u00a9-Anna-Mas-1024x683.jpg 1024w\" sizes=\"auto, (max-width: 1200px) 100vw, 1200px\" \/><figcaption id=\"caption-attachment-83676\" class=\"wp-caption-text\"><span style=\"color: #999999;\">Ceremonia de entrega EU Mies Award 2019 | Fotograf\u00eda \u00a9 Anna Mas<\/span><\/figcaption><\/figure>\n<p style=\"text-align: justify;\"><strong>\u00bfQu\u00e9 labor y acciones desarrolla la <a href=\"https:\/\/miesbcn.com\/es\/\" target=\"_blank\" rel=\"noopener noreferrer\">Fundaci\u00f3n Mies van der Rohe<\/a>? \u00bfEst\u00e1is estudiando futuros proyectos?<\/strong><\/p>\n<p style=\"text-align: justify;\">En el Pabell\u00f3n hemos implementado un programa educativo que seguimos ampliando, hemos incrementado las jornadas de puertas abiertas y tenemos un proyecto para mejorar los recursos interpretativos a disposici\u00f3n de nuestros visitantes. Un intenso programa de intervenciones art\u00edsticas nos permite actualizar y revisitar el Pabell\u00f3n para seguir aprendiendo sus lecciones de arquitectura.<\/p>\n<p style=\"text-align: justify;\">El Premio de Arquitectura Contempor\u00e1nea de la Uni\u00f3n Europea \u2013 Premio Mies van der Rohe se ha consolidado y ha incorporado con el <a href=\"https:\/\/www.ytaaward.com\/\" target=\"_blank\" rel=\"noopener noreferrer\"><em>Young Talent Architecture Award<\/em><\/a> una mirada muy enriquecedora a la producci\u00f3n en las escuelas de arquitectura. El archivo y la colecci\u00f3n de maquetas y documentos del Premio son un recurso excepcional para conocer y analizar la arquitectura europea y su evoluci\u00f3n social, un recurso que explotamos en forma de exposiciones -como la que actualmente acoge <a href=\"https:\/\/www.citedelarchitecture.fr\/fr\" target=\"_blank\" rel=\"noopener noreferrer\"><em>La Cit\u00e9 de l\u2019Architecture et l\u2019Urbanisme de Paris<\/em><\/a>&#8211; y publicaciones \u2013como el <a href=\"https:\/\/veredes.es\/blog\/atlas-arquitectura-europea-contemporanea\/\" target=\"_blank\" rel=\"noopener noreferrer\">ATLAS<\/a>-, y que ponemos a disposici\u00f3n de todos los investigadores. Un proyecto a futuro es establecer un Centro de Documentaci\u00f3n con espacios adecuados para la consulta e investigaci\u00f3n de nuestro excepcional fondo.<\/p>\n<p style=\"text-align: justify;\">Y un sinf\u00edn de acciones m\u00e1s: la coordinaci\u00f3n y participaci\u00f3n en la Semana de Arquitectura de Barcelona, la participaci\u00f3n y presencia en foros globales como el <a href=\"https:\/\/www.cscae.com\/index.php\/conoce-cscae\/sala-de-comunicacion\/5582-madrid-albergara-el-primer-foro-de-la-union-internacional-de-arquitectos-sobre-acceso-a-la-vivienda-en-2021\" target=\"_blank\" rel=\"noopener noreferrer\">Foro Internacional de Acceso a la Vivienda en Madrid<\/a> o la pr\u00f3xima exposici\u00f3n internacional en Dubai, la <a href=\"https:\/\/universes.art\/es\/bienal-venecia\/2021-architecture\" target=\"_blank\" rel=\"noopener noreferrer\">Bienal de Arquitectura de Venecia<\/a>, una intensa colaboraci\u00f3n con redes culturales y arquitect\u00f3nicas locales, nacionales y europeas, programas como <a href=\"https:\/\/architectureandthemedia.com\/\" target=\"_blank\" rel=\"noopener noreferrer\"><em>Architecture and the Media<\/em><\/a> que buscan la necesaria complicidad con los medios en el com\u00fan objetivo de divulgar arquitectura\u2026<\/p>\n<blockquote><p>\u00a1Hay muchas oportunidades para hablar de arquitectura e intentamos aprovecharlas al m\u00e1ximo!<\/p><\/blockquote>\n<figure id=\"attachment_83679\" aria-describedby=\"caption-attachment-83679\" style=\"width: 1200px\" class=\"wp-caption alignnone\"><img loading=\"lazy\" decoding=\"async\" class=\"size-full wp-image-83679\" src=\"https:\/\/veredes.es\/blog\/wp-content\/uploads\/2021\/02\/Anna-Ramos-\u00b7-Directora-de-la-Fundaci\u00f3n-Mies-van-der-RoheGeometry-of-Light_@-Kate-Joyce.jpg\" alt=\"\" width=\"1200\" height=\"800\" srcset=\"https:\/\/veredes.es\/blog\/wp-content\/uploads\/2021\/02\/Anna-Ramos-\u00b7-Directora-de-la-Fundaci\u00f3n-Mies-van-der-RoheGeometry-of-Light_@-Kate-Joyce.jpg 1200w, https:\/\/veredes.es\/blog\/wp-content\/uploads\/2021\/02\/Anna-Ramos-\u00b7-Directora-de-la-Fundaci\u00f3n-Mies-van-der-RoheGeometry-of-Light_@-Kate-Joyce-300x200.jpg 300w, https:\/\/veredes.es\/blog\/wp-content\/uploads\/2021\/02\/Anna-Ramos-\u00b7-Directora-de-la-Fundaci\u00f3n-Mies-van-der-RoheGeometry-of-Light_@-Kate-Joyce-1024x683.jpg 1024w\" sizes=\"auto, (max-width: 1200px) 100vw, 1200px\" \/><figcaption id=\"caption-attachment-83679\" class=\"wp-caption-text\"><a href=\"https:\/\/miesbcn.com\/es\/proyecto\/luftwerk-iker-gil-geometry-of-light\/\" target=\"_blank\" rel=\"noopener noreferrer\"><span style=\"color: #999999;\">Luftwerk &amp; Iker Gil. Geometry of Light | Fotograf\u00eda @ Kate Joyce<\/span><\/a><\/figcaption><\/figure>\n<p style=\"text-align: justify;\"><strong>\u00bfA qu\u00e9 segmento de p\u00fablico os dirig\u00eds?<\/strong><\/p>\n<p style=\"text-align: justify;\">Nos dirigimos a todos los p\u00fablicos, rotundamente.<\/p>\n<blockquote>\n<p style=\"text-align: justify;\">\u00abHasta el verano de 2021, nos uniremos a la fase de dise\u00f1o creando un di\u00e1logo con nuestras partes interesadas en la red para explorar ideas que la Comisi\u00f3n Europea pueda utilizar para dar forma al movimiento. Si est\u00e1 interesado en formar parte de \u00e9l, env\u00ede un correo electr\u00f3nico a <a href=\"mailto:newbauhaus@miesbcn.com\" target=\"_blank\" rel=\"noopener noreferrer\">newbauhaus@miesbcn.com<\/a><\/p>\n<p style=\"text-align: justify;\">En la segunda mitad de 2021, el movimiento se entregar\u00e1 e implementar\u00e1 cinco proyectos de la Nueva Bauhaus europea en diferentes Estados miembros de la UE.<\/p>\n<p style=\"text-align: justify;\">En una tercera fase, la UE tiene previsto difundir y promover una red de Bauhaus con diferentes caracter\u00edsticas, siempre teniendo en cuenta la transformaci\u00f3n hacia la convivencia sostenible.\u00bb<\/p>\n<\/blockquote>\n<p style=\"text-align: justify;\"><strong>\u00bfCu\u00e1les son vuestras referencias en cuanto a comunicaci\u00f3n?<\/strong><\/p>\n<p style=\"text-align: justify;\">Quiz\u00e1 no sea esto lo que me preguntas, pero me interesan enormemente los medios locales. Cuando conseguimos hablar de arquitectura desde lo \u2018local\u2019 y no desde \u2018cultura\u2019 aumentamos exponencialmente nuestra audiencia. Y est\u00e1n muy interesados en la arquitectura que conforma sus barrios y sus ciudades, lo sabemos.<\/p>\n<figure id=\"attachment_83684\" aria-describedby=\"caption-attachment-83684\" style=\"width: 1200px\" class=\"wp-caption alignnone\"><img loading=\"lazy\" decoding=\"async\" class=\"wp-image-83684 size-full\" src=\"https:\/\/veredes.es\/blog\/wp-content\/uploads\/2021\/02\/Anna-Ramos-\u00b7-Directora-de-la-Fundaci\u00f3n-Mies-van-der-Rohe-Laercio-Redondo_@annamasphoto.jpg\" alt=\"\" width=\"1200\" height=\"800\" srcset=\"https:\/\/veredes.es\/blog\/wp-content\/uploads\/2021\/02\/Anna-Ramos-\u00b7-Directora-de-la-Fundaci\u00f3n-Mies-van-der-Rohe-Laercio-Redondo_@annamasphoto.jpg 1200w, https:\/\/veredes.es\/blog\/wp-content\/uploads\/2021\/02\/Anna-Ramos-\u00b7-Directora-de-la-Fundaci\u00f3n-Mies-van-der-Rohe-Laercio-Redondo_@annamasphoto-300x200.jpg 300w, https:\/\/veredes.es\/blog\/wp-content\/uploads\/2021\/02\/Anna-Ramos-\u00b7-Directora-de-la-Fundaci\u00f3n-Mies-van-der-Rohe-Laercio-Redondo_@annamasphoto-1024x683.jpg 1024w\" sizes=\"auto, (max-width: 1200px) 100vw, 1200px\" \/><figcaption id=\"caption-attachment-83684\" class=\"wp-caption-text\"><a href=\"https:\/\/miesbcn.com\/es\/calendario\/laercio-redondo\/\" target=\"_blank\" rel=\"noopener noreferrer\"><span style=\"color: #999999;\">Lo m\u00e1s sencillo es lo m\u00e1s dif\u00edcil de hacer, Laercio Redondo en el Pabell\u00f3n Mies van der Rohe | Fotograf\u00eda @ Anna Mas<\/span><\/a><\/figcaption><\/figure>\n<p style=\"text-align: justify;\"><strong>\u00bfC\u00f3mo enfoc\u00e1is la divulgaci\u00f3n y comunicaci\u00f3n de vuestra actividad, siendo conscientes de los m\u00faltiples frentes que ten\u00e9is?<\/strong><\/p>\n<p style=\"text-align: justify;\">La multicanalidad es la \u00fanica opci\u00f3n: <em>newsletter<\/em>, redes, agendas de actividades en prensa, contenidos en v\u00eddeo, buenas fotograf\u00edas, art\u00edculos en profundidad\u2026aprovecho para manifestar mi admiraci\u00f3n y respeto por el periodismo de calidad, y animo a los editores a generar las condiciones de tiempo y espacio que la sociedad necesita que tengan sus periodistas.<\/p>\n<p style=\"text-align: justify;\"><strong>\u00bfC\u00f3mo y para qu\u00e9 utiliz\u00e1is las \u201cnuevas tecnolog\u00edas\u201d? \u00bfLa \u201cred\u201d ha facilitado vuestra labor?<\/strong><\/p>\n<p style=\"text-align: justify;\">Yo no soy una experta en comunicaci\u00f3n, pero soy consciente de c\u00f3mo yo misma o mi entorno utilizamos los distintos medios. El potencial de las redes es enorme, pero veo que hay tambi\u00e9n un gran riesgo de generar grupos reducidos y autoreferenciales. Por eso procuramos mantener siempre una apuesta simultanea por las redes pero tambi\u00e9n por los medios generalistas.<\/p>\n<figure id=\"attachment_83685\" aria-describedby=\"caption-attachment-83685\" style=\"width: 1200px\" class=\"wp-caption alignnone\"><img loading=\"lazy\" decoding=\"async\" class=\"size-full wp-image-83685\" src=\"https:\/\/veredes.es\/blog\/wp-content\/uploads\/2021\/02\/Anna-Ramos-\u00b7-Directora-de-la-Fundaci\u00f3n-Mies-van-der-Rohe-MIES-MISSING-MATERIALITY-\u00a9Adria\u0300-Goula.jpg\" alt=\"\" width=\"1200\" height=\"800\" srcset=\"https:\/\/veredes.es\/blog\/wp-content\/uploads\/2021\/02\/Anna-Ramos-\u00b7-Directora-de-la-Fundaci\u00f3n-Mies-van-der-Rohe-MIES-MISSING-MATERIALITY-\u00a9Adria\u0300-Goula.jpg 1200w, https:\/\/veredes.es\/blog\/wp-content\/uploads\/2021\/02\/Anna-Ramos-\u00b7-Directora-de-la-Fundaci\u00f3n-Mies-van-der-Rohe-MIES-MISSING-MATERIALITY-\u00a9Adria\u0300-Goula-300x200.jpg 300w, https:\/\/veredes.es\/blog\/wp-content\/uploads\/2021\/02\/Anna-Ramos-\u00b7-Directora-de-la-Fundaci\u00f3n-Mies-van-der-Rohe-MIES-MISSING-MATERIALITY-\u00a9Adria\u0300-Goula-1024x683.jpg 1024w\" sizes=\"auto, (max-width: 1200px) 100vw, 1200px\" \/><figcaption id=\"caption-attachment-83685\" class=\"wp-caption-text\"><a href=\"https:\/\/miesbcn.com\/es\/proyecto\/mies-missing-materiality\/\" target=\"_blank\" rel=\"noopener noreferrer\"><span style=\"color: #999999;\">Anna &amp; Eugeni Bach. Mies missing materiality | Fotograf\u00eda \u00a9 Adria\u0300 Goula<\/span><\/a><\/figcaption><\/figure>\n<p style=\"text-align: justify;\"><strong>\u00bfCompaginas o complementas esta actividad con otras labores o en otros campos?<\/strong><\/p>\n<p style=\"text-align: justify;\">Mantengo mi posici\u00f3n de profesora asociada a tiempo parcial en la Escuela T\u00e9cnica superior de Arquitectura de Barcelona &#8211; UPC<\/p>\n<p style=\"text-align: justify;\"><strong>\u00bfC\u00f3mo ves el futuro de la arquitectura?<\/strong><\/p>\n<p style=\"text-align: justify;\">Las personas siempre necesitaran espacios para construir sus vidas, siempre habr\u00e1 espacio para la arquitectura en la sociedad.<\/p>\n<figure id=\"attachment_83686\" aria-describedby=\"caption-attachment-83686\" style=\"width: 1200px\" class=\"wp-caption alignnone\"><img loading=\"lazy\" decoding=\"async\" class=\"size-full wp-image-83686\" src=\"https:\/\/veredes.es\/blog\/wp-content\/uploads\/2021\/02\/Anna-Ramos-\u00b7-Directora-de-la-Fundaci\u00f3n-Mies-van-der-Rohe-NO-FEAR-OF-GLASS_Foto-Jose\u0301Hevia.jpg\" alt=\"\" width=\"1200\" height=\"1324\" srcset=\"https:\/\/veredes.es\/blog\/wp-content\/uploads\/2021\/02\/Anna-Ramos-\u00b7-Directora-de-la-Fundaci\u00f3n-Mies-van-der-Rohe-NO-FEAR-OF-GLASS_Foto-Jose\u0301Hevia.jpg 1200w, https:\/\/veredes.es\/blog\/wp-content\/uploads\/2021\/02\/Anna-Ramos-\u00b7-Directora-de-la-Fundaci\u00f3n-Mies-van-der-Rohe-NO-FEAR-OF-GLASS_Foto-Jose\u0301Hevia-272x300.jpg 272w, https:\/\/veredes.es\/blog\/wp-content\/uploads\/2021\/02\/Anna-Ramos-\u00b7-Directora-de-la-Fundaci\u00f3n-Mies-van-der-Rohe-NO-FEAR-OF-GLASS_Foto-Jose\u0301Hevia-928x1024.jpg 928w\" sizes=\"auto, (max-width: 1200px) 100vw, 1200px\" \/><figcaption id=\"caption-attachment-83686\" class=\"wp-caption-text\"><span style=\"color: #999999;\">No Fear of Glass \u2013 Sabine Marcelis | Fotograf\u00eda \u00a9 Jose\u0301 Hevia<\/span><\/figcaption><\/figure>\n<p style=\"text-align: justify;\"><strong>\u00bfQu\u00e9 opinas de los arquitectos que \u201cabren y\/o recuperan\u201d nuevos campos y\/o enfoques de la profesi\u00f3n?<\/strong><\/p>\n<p style=\"text-align: justify;\">Me parece perfecto, y no es ninguna novedad. Siempre ha habido m\u00faltiples maneras de ejercer la profesi\u00f3n, aunque el relato heroico y excluyente al que me he referido antes nos cuente que solo hay una manera \u2018buena\u2019 de ser arquitecto. Resultar\u00eda rid\u00edculo e infantil.<\/p>\n<p style=\"text-align: justify;\"><strong>Para acabar, \u00bfqu\u00e9 le aconsejar\u00edas a los actuales estudiantes y futuros profesionales de arquitectura?<\/strong><\/p>\n<p style=\"text-align: justify;\">Que disfruten de cada proyecto y no pierdan la ilusi\u00f3n por construir un mundo mejor y m\u00e1s hermoso.<\/p>\n<figure id=\"attachment_83687\" aria-describedby=\"caption-attachment-83687\" style=\"width: 1200px\" class=\"wp-caption alignnone\"><img loading=\"lazy\" decoding=\"async\" class=\"wp-image-83687 size-full\" src=\"https:\/\/veredes.es\/blog\/wp-content\/uploads\/2021\/02\/Anna-Ramos-\u00b7-Directora-de-la-Fundaci\u00f3n-Mies-van-der-Rohe-RE-ENACTMENT-Lilly-Reich-Grant-\u00a9-Pepo-Segura.jpg\" alt=\"\" width=\"1200\" height=\"516\" srcset=\"https:\/\/veredes.es\/blog\/wp-content\/uploads\/2021\/02\/Anna-Ramos-\u00b7-Directora-de-la-Fundaci\u00f3n-Mies-van-der-Rohe-RE-ENACTMENT-Lilly-Reich-Grant-\u00a9-Pepo-Segura.jpg 1200w, https:\/\/veredes.es\/blog\/wp-content\/uploads\/2021\/02\/Anna-Ramos-\u00b7-Directora-de-la-Fundaci\u00f3n-Mies-van-der-Rohe-RE-ENACTMENT-Lilly-Reich-Grant-\u00a9-Pepo-Segura-300x129.jpg 300w, https:\/\/veredes.es\/blog\/wp-content\/uploads\/2021\/02\/Anna-Ramos-\u00b7-Directora-de-la-Fundaci\u00f3n-Mies-van-der-Rohe-RE-ENACTMENT-Lilly-Reich-Grant-\u00a9-Pepo-Segura-1024x440.jpg 1024w\" sizes=\"auto, (max-width: 1200px) 100vw, 1200px\" \/><figcaption id=\"caption-attachment-83687\" class=\"wp-caption-text\"><span style=\"color: #999999;\">RE ENACTMENT. Lilly Reich Grant | Fotograf\u00eda Pepo Segura<\/span><\/figcaption><\/figure>\n<p style=\"text-align: justify;\"><strong>Anna Ramos \u00b7 Directora de la <a href=\"https:\/\/miesbcn.com\/es\/\" target=\"_blank\" rel=\"noopener noreferrer\">Fundaci\u00f3n Mies van der Rohe<\/a><\/strong><br \/>\nFebrero, 2021<\/p>\n<p style=\"text-align: justify;\"><span style=\"color: #999999;\"><em>Entrevista realizada por Ana Barreiro Blanco y Alberto Alonso Oro. Agradecer a Javier su tiempo y predisposici\u00f3n con este peque\u00f1o espacio.<\/em><\/span><\/p>\n","protected":false},"excerpt":{"rendered":"<p>Hace unas semanas charl\u00e1bamos con Sol Candela Alcover y su labor como directora al frente de la Fundaci\u00f3n Arquia, as\u00ed que aprovechando la estancia en Barcelona nos desplazamos al pie de Montj\u00fcic donde se ubica el Pabell\u00f3n Alem\u00e1n para la Exposici\u00f3n Internacional de Barcelona de 1929, proyectado por Mies van der Rohe y reconstruido en [&hellip;]<\/p>\n","protected":false},"author":85,"featured_media":83674,"comment_status":"open","ping_status":"closed","sticky":false,"template":"","format":"standard","meta":{"footnotes":""},"categories":[9430,5951],"tags":[12273,6743,12275,15185,15274,6267,2631,147,12477,191,350,3027,7166,12649,12558,426,2604,12647,3087,5815,484,9038,9930,12652,15273,3875,12650,737,12653,12648,10689,4559,3952,758,759,3732,6094,832,9599,865,4798,4888,2049,4414,6158,2173,3615],"class_list":{"0":"post-82972","1":"post","2":"type-post","3":"status-publish","4":"format-standard","5":"has-post-thumbnail","7":"category-baliza","8":"category-slider-principal","9":"tag-alberto-alonso-oro","10":"tag-alison-smithson","11":"tag-ana-barreiro-blanco","12":"tag-anna-ramos","13":"tag-anni-albers","15":"tag-arquitectura-espanola","16":"tag-arquitectura-moderna","17":"tag-baliza","18":"tag-barcelona","19":"tag-comunicacion","20":"tag-comunicacion-visual","21":"tag-comunicar","22":"tag-cristian-cirici","23":"tag-daniel-giralt-miracle","24":"tag-difusion","25":"tag-docencia","26":"tag-emili-donato","27":"tag-emprendimiento","28":"tag-empresa","29":"tag-entrevista","30":"tag-fernando-ramos-galino","31":"tag-fundacion-mies-van-der-rohe","32":"tag-giovanni-klaus-koenig","33":"tag-gunta-stolzl","34":"tag-ignasi-de-sola-morales","35":"tag-imma-julian","36":"tag-investigacion","37":"tag-isabel-bachs","38":"tag-joan-bassegoda","39":"tag-josef-albers","40":"tag-josep-maria-montaner","41":"tag-josep-quetglas","42":"tag-joven-arquitecto","43":"tag-joven-valor","44":"tag-lilly-reich","45":"tag-manfredo-tafuri","46":"tag-marcel-breuer","47":"tag-marianne-brandt","48":"tag-mies-van-der-rohe","49":"tag-modelo-profesional","50":"tag-mujeres-arquitectas","51":"tag-oma","52":"tag-oriol-bohigas","53":"tag-premio-mies-van-de-rohe","54":"tag-rem-koolhaas","55":"tag-walter-gropius"},"yoast_head":"<!-- This site is optimized with the Yoast SEO plugin v27.5 - https:\/\/yoast.com\/product\/yoast-seo-wordpress\/ -->\n<title>Anna Ramos \u00b7 Directora de la Fundaci\u00f3n Mies van der Rohe - veredes<\/title>\n<meta name=\"description\" content=\"Toda la informaci\u00f3n sobre: Anna Ramos \u00b7 Directora de la Fundaci\u00f3n Mies van der Rohe\" \/>\n<meta name=\"robots\" content=\"index, follow, max-snippet:-1, max-image-preview:large, max-video-preview:-1\" \/>\n<link rel=\"canonical\" href=\"https:\/\/veredes.es\/blog\/anna-ramos-directora-de-la-fundacion-mies-van-der-rohe\/\" \/>\n<meta property=\"og:locale\" content=\"es_ES\" \/>\n<meta property=\"og:type\" content=\"article\" \/>\n<meta property=\"og:title\" content=\"Anna Ramos \u00b7 Directora de la Fundaci\u00f3n Mies van der Rohe - veredes\" \/>\n<meta property=\"og:description\" content=\"Toda la informaci\u00f3n sobre: Anna Ramos \u00b7 Directora de la Fundaci\u00f3n Mies van der Rohe\" \/>\n<meta property=\"og:url\" content=\"https:\/\/veredes.es\/blog\/anna-ramos-directora-de-la-fundacion-mies-van-der-rohe\/\" \/>\n<meta property=\"og:site_name\" content=\"veredes, arquitectura y divulgaci\u00f3n\" \/>\n<meta property=\"article:publisher\" content=\"https:\/\/www.facebook.com\/veredesArquitecturayDivulgacion\/\" \/>\n<meta property=\"article:author\" content=\"https:\/\/www.facebook.com\/anabarreiroblanco\/\" \/>\n<meta property=\"article:published_time\" content=\"2021-03-10T23:01:57+00:00\" \/>\n<meta property=\"article:modified_time\" content=\"2023-08-29T15:00:04+00:00\" \/>\n<meta property=\"og:image\" content=\"https:\/\/veredes.es\/blog\/wp-content\/uploads\/2020\/12\/Anna-Ramos-\u00b7-Directora-de-la-Fundaci\u00f3n-Mies-van-der-Rohe-@-Anna-Mas.jpg\" \/>\n\t<meta property=\"og:image:width\" content=\"1200\" \/>\n\t<meta property=\"og:image:height\" content=\"1800\" \/>\n\t<meta property=\"og:image:type\" content=\"image\/jpeg\" \/>\n<meta name=\"author\" content=\"Ana Barreiro Blanco\" \/>\n<meta name=\"twitter:card\" content=\"summary_large_image\" \/>\n<meta name=\"twitter:creator\" content=\"@veredes\" \/>\n<meta name=\"twitter:site\" content=\"@veredes\" \/>\n<meta name=\"twitter:label1\" content=\"Escrito por\" \/>\n\t<meta name=\"twitter:data1\" content=\"Ana Barreiro Blanco\" \/>\n\t<meta name=\"twitter:label2\" content=\"Tiempo de lectura\" \/>\n\t<meta name=\"twitter:data2\" content=\"10 minutos\" \/>\n<script type=\"application\/ld+json\" class=\"yoast-schema-graph\">{\"@context\":\"https:\\\/\\\/schema.org\",\"@graph\":[{\"@type\":\"Article\",\"@id\":\"https:\\\/\\\/veredes.es\\\/blog\\\/anna-ramos-directora-de-la-fundacion-mies-van-der-rohe\\\/#article\",\"isPartOf\":{\"@id\":\"https:\\\/\\\/veredes.es\\\/blog\\\/anna-ramos-directora-de-la-fundacion-mies-van-der-rohe\\\/\"},\"author\":{\"name\":\"Ana Barreiro Blanco\",\"@id\":\"https:\\\/\\\/veredes.es\\\/blog\\\/#\\\/schema\\\/person\\\/d75d9abfee4af7f452f32c140a5aa176\"},\"headline\":\"Anna Ramos \u00b7 Directora de la Fundaci\u00f3n Mies van der Rohe\",\"datePublished\":\"2021-03-10T23:01:57+00:00\",\"dateModified\":\"2023-08-29T15:00:04+00:00\",\"mainEntityOfPage\":{\"@id\":\"https:\\\/\\\/veredes.es\\\/blog\\\/anna-ramos-directora-de-la-fundacion-mies-van-der-rohe\\\/\"},\"wordCount\":2079,\"commentCount\":0,\"publisher\":{\"@id\":\"https:\\\/\\\/veredes.es\\\/blog\\\/#organization\"},\"image\":{\"@id\":\"https:\\\/\\\/veredes.es\\\/blog\\\/anna-ramos-directora-de-la-fundacion-mies-van-der-rohe\\\/#primaryimage\"},\"thumbnailUrl\":\"https:\\\/\\\/veredes.es\\\/blog\\\/wp-content\\\/uploads\\\/2020\\\/12\\\/Anna-Ramos-\u00b7-Directora-de-la-Fundaci\u00f3n-Mies-van-der-Rohe-@-Anna-Mas.jpg\",\"keywords\":[\"Alberto Alonso Oro\",\"Alison Smithson\",\"Ana Barreiro Blanco\",\"Anna Ramos\",\"Anni Albers\",\"arquitectura catalana\",\"arquitectura espa\u00f1ola\",\"arquitectura moderna\",\"baliza\",\"Barcelona\",\"comunicaci\u00f3n\",\"comunicaci\u00f3n visual\",\"comunicar\",\"Cristian Cirici\",\"Daniel Giralt-Miracle\",\"difusi\u00f3n\",\"docencia\",\"Emili Donato\",\"emprendimiento\",\"empresa\",\"entrevista\",\"Fernando Ramos Galino\",\"fundaci\u00f3n Mies van der Rohe\",\"Giovanni Klaus Koenig\",\"Gunta St\u00f6lzl\",\"Ignasi de Sol\u00e0-Morales\",\"Imma Juli\u00e1n\",\"investigaci\u00f3n\",\"Isabel Bachs\",\"Joan Bassegoda\",\"Josef Albers\",\"Josep Mar\u00eda Montaner\",\"Josep Quetglas\",\"joven arquitecto\",\"joven valor\",\"Lilly Reich\",\"Manfredo Tafuri\",\"Marcel Breuer\",\"Marianne Brandt\",\"Mies van der Rohe\",\"modelo profesional\",\"mujeres arquitectas\",\"OMA\",\"Oriol Bohigas\",\"premio Mies van der Rohe\",\"Rem Koolhaas\",\"Walter Gropius\"],\"articleSection\":[\"baliza\",\"slider principal\"],\"inLanguage\":\"es\",\"potentialAction\":[{\"@type\":\"CommentAction\",\"name\":\"Comment\",\"target\":[\"https:\\\/\\\/veredes.es\\\/blog\\\/anna-ramos-directora-de-la-fundacion-mies-van-der-rohe\\\/#respond\"]}]},{\"@type\":\"WebPage\",\"@id\":\"https:\\\/\\\/veredes.es\\\/blog\\\/anna-ramos-directora-de-la-fundacion-mies-van-der-rohe\\\/\",\"url\":\"https:\\\/\\\/veredes.es\\\/blog\\\/anna-ramos-directora-de-la-fundacion-mies-van-der-rohe\\\/\",\"name\":\"Anna Ramos \u00b7 Directora de la Fundaci\u00f3n Mies van der Rohe - veredes\",\"isPartOf\":{\"@id\":\"https:\\\/\\\/veredes.es\\\/blog\\\/#website\"},\"primaryImageOfPage\":{\"@id\":\"https:\\\/\\\/veredes.es\\\/blog\\\/anna-ramos-directora-de-la-fundacion-mies-van-der-rohe\\\/#primaryimage\"},\"image\":{\"@id\":\"https:\\\/\\\/veredes.es\\\/blog\\\/anna-ramos-directora-de-la-fundacion-mies-van-der-rohe\\\/#primaryimage\"},\"thumbnailUrl\":\"https:\\\/\\\/veredes.es\\\/blog\\\/wp-content\\\/uploads\\\/2020\\\/12\\\/Anna-Ramos-\u00b7-Directora-de-la-Fundaci\u00f3n-Mies-van-der-Rohe-@-Anna-Mas.jpg\",\"datePublished\":\"2021-03-10T23:01:57+00:00\",\"dateModified\":\"2023-08-29T15:00:04+00:00\",\"description\":\"Toda la informaci\u00f3n sobre: Anna Ramos \u00b7 Directora de la Fundaci\u00f3n Mies van der Rohe\",\"breadcrumb\":{\"@id\":\"https:\\\/\\\/veredes.es\\\/blog\\\/anna-ramos-directora-de-la-fundacion-mies-van-der-rohe\\\/#breadcrumb\"},\"inLanguage\":\"es\",\"potentialAction\":[{\"@type\":\"ReadAction\",\"target\":[\"https:\\\/\\\/veredes.es\\\/blog\\\/anna-ramos-directora-de-la-fundacion-mies-van-der-rohe\\\/\"]}]},{\"@type\":\"ImageObject\",\"inLanguage\":\"es\",\"@id\":\"https:\\\/\\\/veredes.es\\\/blog\\\/anna-ramos-directora-de-la-fundacion-mies-van-der-rohe\\\/#primaryimage\",\"url\":\"https:\\\/\\\/veredes.es\\\/blog\\\/wp-content\\\/uploads\\\/2020\\\/12\\\/Anna-Ramos-\u00b7-Directora-de-la-Fundaci\u00f3n-Mies-van-der-Rohe-@-Anna-Mas.jpg\",\"contentUrl\":\"https:\\\/\\\/veredes.es\\\/blog\\\/wp-content\\\/uploads\\\/2020\\\/12\\\/Anna-Ramos-\u00b7-Directora-de-la-Fundaci\u00f3n-Mies-van-der-Rohe-@-Anna-Mas.jpg\",\"width\":1200,\"height\":1800,\"caption\":\"Anna Ramos \u00b7 Directora de la Fundaci\u00f3n Mies van der Rohe | Fotograf\u00eda: @ Anna Mas\"},{\"@type\":\"BreadcrumbList\",\"@id\":\"https:\\\/\\\/veredes.es\\\/blog\\\/anna-ramos-directora-de-la-fundacion-mies-van-der-rohe\\\/#breadcrumb\",\"itemListElement\":[{\"@type\":\"ListItem\",\"position\":1,\"name\":\"Portada\",\"item\":\"https:\\\/\\\/veredes.es\\\/blog\\\/\"},{\"@type\":\"ListItem\",\"position\":2,\"name\":\"Anna Ramos \u00b7 Directora de la Fundaci\u00f3n Mies van der Rohe\"}]},{\"@type\":\"WebSite\",\"@id\":\"https:\\\/\\\/veredes.es\\\/blog\\\/#website\",\"url\":\"https:\\\/\\\/veredes.es\\\/blog\\\/\",\"name\":\"veredes, arquitectura y divulgaci\u00f3n\",\"description\":\"veredes\",\"publisher\":{\"@id\":\"https:\\\/\\\/veredes.es\\\/blog\\\/#organization\"},\"alternateName\":\"veredes\",\"potentialAction\":[{\"@type\":\"SearchAction\",\"target\":{\"@type\":\"EntryPoint\",\"urlTemplate\":\"https:\\\/\\\/veredes.es\\\/blog\\\/?s={search_term_string}\"},\"query-input\":{\"@type\":\"PropertyValueSpecification\",\"valueRequired\":true,\"valueName\":\"search_term_string\"}}],\"inLanguage\":\"es\"},{\"@type\":\"Organization\",\"@id\":\"https:\\\/\\\/veredes.es\\\/blog\\\/#organization\",\"name\":\"veredes, arquitectura y divulgaci\u00f3n\",\"alternateName\":\"veredes\",\"url\":\"https:\\\/\\\/veredes.es\\\/blog\\\/\",\"logo\":{\"@type\":\"ImageObject\",\"inLanguage\":\"es\",\"@id\":\"https:\\\/\\\/veredes.es\\\/blog\\\/#\\\/schema\\\/logo\\\/image\\\/\",\"url\":\"https:\\\/\\\/veredes.es\\\/blog\\\/wp-content\\\/uploads\\\/2021\\\/12\\\/veredes-logo-centrado_140x54.png\",\"contentUrl\":\"https:\\\/\\\/veredes.es\\\/blog\\\/wp-content\\\/uploads\\\/2021\\\/12\\\/veredes-logo-centrado_140x54.png\",\"width\":140,\"height\":54,\"caption\":\"veredes, arquitectura y divulgaci\u00f3n\"},\"image\":{\"@id\":\"https:\\\/\\\/veredes.es\\\/blog\\\/#\\\/schema\\\/logo\\\/image\\\/\"},\"sameAs\":[\"https:\\\/\\\/www.facebook.com\\\/veredesArquitecturayDivulgacion\\\/\",\"https:\\\/\\\/x.com\\\/veredes\",\"https:\\\/\\\/instagram.com\\\/veredes\\\/\",\"https:\\\/\\\/www.linkedin.com\\\/company\\\/veredes-arquitectura-y-divulgacion\\\/\",\"https:\\\/\\\/es.pinterest.com\\\/veredes\\\/\",\"https:\\\/\\\/www.tumblr.com\\\/veredes\"]},{\"@type\":\"Person\",\"@id\":\"https:\\\/\\\/veredes.es\\\/blog\\\/#\\\/schema\\\/person\\\/d75d9abfee4af7f452f32c140a5aa176\",\"name\":\"Ana Barreiro Blanco\",\"image\":{\"@type\":\"ImageObject\",\"inLanguage\":\"es\",\"@id\":\"https:\\\/\\\/veredes.es\\\/blog\\\/wp-content\\\/uploads\\\/2023\\\/07\\\/cropped-ana-barreiro-blanco-96x96.jpg\",\"url\":\"https:\\\/\\\/veredes.es\\\/blog\\\/wp-content\\\/uploads\\\/2023\\\/07\\\/cropped-ana-barreiro-blanco-96x96.jpg\",\"contentUrl\":\"https:\\\/\\\/veredes.es\\\/blog\\\/wp-content\\\/uploads\\\/2023\\\/07\\\/cropped-ana-barreiro-blanco-96x96.jpg\",\"caption\":\"Ana Barreiro Blanco\"},\"description\":\"Arquitecta y socia fundadora de gesti\u00f3n cultural taller abierto\",\"sameAs\":[\"https:\\\/\\\/tallerabierto.gal\\\/gl\\\/\",\"https:\\\/\\\/www.facebook.com\\\/anabarreiroblanco\\\/\",\"https:\\\/\\\/www.linkedin.com\\\/in\\\/anabarreiroblanco\\\/\"],\"url\":\"https:\\\/\\\/veredes.es\\\/blog\\\/author\\\/ana-barreiro-blanco\\\/\"}]}<\/script>\n<!-- \/ Yoast SEO plugin. -->","yoast_head_json":{"title":"Anna Ramos \u00b7 Directora de la Fundaci\u00f3n Mies van der Rohe - veredes","description":"Toda la informaci\u00f3n sobre: Anna Ramos \u00b7 Directora de la Fundaci\u00f3n Mies van der Rohe","robots":{"index":"index","follow":"follow","max-snippet":"max-snippet:-1","max-image-preview":"max-image-preview:large","max-video-preview":"max-video-preview:-1"},"canonical":"https:\/\/veredes.es\/blog\/anna-ramos-directora-de-la-fundacion-mies-van-der-rohe\/","og_locale":"es_ES","og_type":"article","og_title":"Anna Ramos \u00b7 Directora de la Fundaci\u00f3n Mies van der Rohe - veredes","og_description":"Toda la informaci\u00f3n sobre: Anna Ramos \u00b7 Directora de la Fundaci\u00f3n Mies van der Rohe","og_url":"https:\/\/veredes.es\/blog\/anna-ramos-directora-de-la-fundacion-mies-van-der-rohe\/","og_site_name":"veredes, arquitectura y divulgaci\u00f3n","article_publisher":"https:\/\/www.facebook.com\/veredesArquitecturayDivulgacion\/","article_author":"https:\/\/www.facebook.com\/anabarreiroblanco\/","article_published_time":"2021-03-10T23:01:57+00:00","article_modified_time":"2023-08-29T15:00:04+00:00","og_image":[{"width":1200,"height":1800,"url":"https:\/\/veredes.es\/blog\/wp-content\/uploads\/2020\/12\/Anna-Ramos-\u00b7-Directora-de-la-Fundaci\u00f3n-Mies-van-der-Rohe-@-Anna-Mas.jpg","type":"image\/jpeg"}],"author":"Ana Barreiro Blanco","twitter_card":"summary_large_image","twitter_creator":"@veredes","twitter_site":"@veredes","twitter_misc":{"Escrito por":"Ana Barreiro Blanco","Tiempo de lectura":"10 minutos"},"schema":{"@context":"https:\/\/schema.org","@graph":[{"@type":"Article","@id":"https:\/\/veredes.es\/blog\/anna-ramos-directora-de-la-fundacion-mies-van-der-rohe\/#article","isPartOf":{"@id":"https:\/\/veredes.es\/blog\/anna-ramos-directora-de-la-fundacion-mies-van-der-rohe\/"},"author":{"name":"Ana Barreiro Blanco","@id":"https:\/\/veredes.es\/blog\/#\/schema\/person\/d75d9abfee4af7f452f32c140a5aa176"},"headline":"Anna Ramos \u00b7 Directora de la Fundaci\u00f3n Mies van der Rohe","datePublished":"2021-03-10T23:01:57+00:00","dateModified":"2023-08-29T15:00:04+00:00","mainEntityOfPage":{"@id":"https:\/\/veredes.es\/blog\/anna-ramos-directora-de-la-fundacion-mies-van-der-rohe\/"},"wordCount":2079,"commentCount":0,"publisher":{"@id":"https:\/\/veredes.es\/blog\/#organization"},"image":{"@id":"https:\/\/veredes.es\/blog\/anna-ramos-directora-de-la-fundacion-mies-van-der-rohe\/#primaryimage"},"thumbnailUrl":"https:\/\/veredes.es\/blog\/wp-content\/uploads\/2020\/12\/Anna-Ramos-\u00b7-Directora-de-la-Fundaci\u00f3n-Mies-van-der-Rohe-@-Anna-Mas.jpg","keywords":["Alberto Alonso Oro","Alison Smithson","Ana Barreiro Blanco","Anna Ramos","Anni Albers","arquitectura catalana","arquitectura espa\u00f1ola","arquitectura moderna","baliza","Barcelona","comunicaci\u00f3n","comunicaci\u00f3n visual","comunicar","Cristian Cirici","Daniel Giralt-Miracle","difusi\u00f3n","docencia","Emili Donato","emprendimiento","empresa","entrevista","Fernando Ramos Galino","fundaci\u00f3n Mies van der Rohe","Giovanni Klaus Koenig","Gunta St\u00f6lzl","Ignasi de Sol\u00e0-Morales","Imma Juli\u00e1n","investigaci\u00f3n","Isabel Bachs","Joan Bassegoda","Josef Albers","Josep Mar\u00eda Montaner","Josep Quetglas","joven arquitecto","joven valor","Lilly Reich","Manfredo Tafuri","Marcel Breuer","Marianne Brandt","Mies van der Rohe","modelo profesional","mujeres arquitectas","OMA","Oriol Bohigas","premio Mies van der Rohe","Rem Koolhaas","Walter Gropius"],"articleSection":["baliza","slider principal"],"inLanguage":"es","potentialAction":[{"@type":"CommentAction","name":"Comment","target":["https:\/\/veredes.es\/blog\/anna-ramos-directora-de-la-fundacion-mies-van-der-rohe\/#respond"]}]},{"@type":"WebPage","@id":"https:\/\/veredes.es\/blog\/anna-ramos-directora-de-la-fundacion-mies-van-der-rohe\/","url":"https:\/\/veredes.es\/blog\/anna-ramos-directora-de-la-fundacion-mies-van-der-rohe\/","name":"Anna Ramos \u00b7 Directora de la Fundaci\u00f3n Mies van der Rohe - veredes","isPartOf":{"@id":"https:\/\/veredes.es\/blog\/#website"},"primaryImageOfPage":{"@id":"https:\/\/veredes.es\/blog\/anna-ramos-directora-de-la-fundacion-mies-van-der-rohe\/#primaryimage"},"image":{"@id":"https:\/\/veredes.es\/blog\/anna-ramos-directora-de-la-fundacion-mies-van-der-rohe\/#primaryimage"},"thumbnailUrl":"https:\/\/veredes.es\/blog\/wp-content\/uploads\/2020\/12\/Anna-Ramos-\u00b7-Directora-de-la-Fundaci\u00f3n-Mies-van-der-Rohe-@-Anna-Mas.jpg","datePublished":"2021-03-10T23:01:57+00:00","dateModified":"2023-08-29T15:00:04+00:00","description":"Toda la informaci\u00f3n sobre: Anna Ramos \u00b7 Directora de la Fundaci\u00f3n Mies van der Rohe","breadcrumb":{"@id":"https:\/\/veredes.es\/blog\/anna-ramos-directora-de-la-fundacion-mies-van-der-rohe\/#breadcrumb"},"inLanguage":"es","potentialAction":[{"@type":"ReadAction","target":["https:\/\/veredes.es\/blog\/anna-ramos-directora-de-la-fundacion-mies-van-der-rohe\/"]}]},{"@type":"ImageObject","inLanguage":"es","@id":"https:\/\/veredes.es\/blog\/anna-ramos-directora-de-la-fundacion-mies-van-der-rohe\/#primaryimage","url":"https:\/\/veredes.es\/blog\/wp-content\/uploads\/2020\/12\/Anna-Ramos-\u00b7-Directora-de-la-Fundaci\u00f3n-Mies-van-der-Rohe-@-Anna-Mas.jpg","contentUrl":"https:\/\/veredes.es\/blog\/wp-content\/uploads\/2020\/12\/Anna-Ramos-\u00b7-Directora-de-la-Fundaci\u00f3n-Mies-van-der-Rohe-@-Anna-Mas.jpg","width":1200,"height":1800,"caption":"Anna Ramos \u00b7 Directora de la Fundaci\u00f3n Mies van der Rohe | Fotograf\u00eda: @ Anna Mas"},{"@type":"BreadcrumbList","@id":"https:\/\/veredes.es\/blog\/anna-ramos-directora-de-la-fundacion-mies-van-der-rohe\/#breadcrumb","itemListElement":[{"@type":"ListItem","position":1,"name":"Portada","item":"https:\/\/veredes.es\/blog\/"},{"@type":"ListItem","position":2,"name":"Anna Ramos \u00b7 Directora de la Fundaci\u00f3n Mies van der Rohe"}]},{"@type":"WebSite","@id":"https:\/\/veredes.es\/blog\/#website","url":"https:\/\/veredes.es\/blog\/","name":"veredes, arquitectura y divulgaci\u00f3n","description":"veredes","publisher":{"@id":"https:\/\/veredes.es\/blog\/#organization"},"alternateName":"veredes","potentialAction":[{"@type":"SearchAction","target":{"@type":"EntryPoint","urlTemplate":"https:\/\/veredes.es\/blog\/?s={search_term_string}"},"query-input":{"@type":"PropertyValueSpecification","valueRequired":true,"valueName":"search_term_string"}}],"inLanguage":"es"},{"@type":"Organization","@id":"https:\/\/veredes.es\/blog\/#organization","name":"veredes, arquitectura y divulgaci\u00f3n","alternateName":"veredes","url":"https:\/\/veredes.es\/blog\/","logo":{"@type":"ImageObject","inLanguage":"es","@id":"https:\/\/veredes.es\/blog\/#\/schema\/logo\/image\/","url":"https:\/\/veredes.es\/blog\/wp-content\/uploads\/2021\/12\/veredes-logo-centrado_140x54.png","contentUrl":"https:\/\/veredes.es\/blog\/wp-content\/uploads\/2021\/12\/veredes-logo-centrado_140x54.png","width":140,"height":54,"caption":"veredes, arquitectura y divulgaci\u00f3n"},"image":{"@id":"https:\/\/veredes.es\/blog\/#\/schema\/logo\/image\/"},"sameAs":["https:\/\/www.facebook.com\/veredesArquitecturayDivulgacion\/","https:\/\/x.com\/veredes","https:\/\/instagram.com\/veredes\/","https:\/\/www.linkedin.com\/company\/veredes-arquitectura-y-divulgacion\/","https:\/\/es.pinterest.com\/veredes\/","https:\/\/www.tumblr.com\/veredes"]},{"@type":"Person","@id":"https:\/\/veredes.es\/blog\/#\/schema\/person\/d75d9abfee4af7f452f32c140a5aa176","name":"Ana Barreiro Blanco","image":{"@type":"ImageObject","inLanguage":"es","@id":"https:\/\/veredes.es\/blog\/wp-content\/uploads\/2023\/07\/cropped-ana-barreiro-blanco-96x96.jpg","url":"https:\/\/veredes.es\/blog\/wp-content\/uploads\/2023\/07\/cropped-ana-barreiro-blanco-96x96.jpg","contentUrl":"https:\/\/veredes.es\/blog\/wp-content\/uploads\/2023\/07\/cropped-ana-barreiro-blanco-96x96.jpg","caption":"Ana Barreiro Blanco"},"description":"Arquitecta y socia fundadora de gesti\u00f3n cultural taller abierto","sameAs":["https:\/\/tallerabierto.gal\/gl\/","https:\/\/www.facebook.com\/anabarreiroblanco\/","https:\/\/www.linkedin.com\/in\/anabarreiroblanco\/"],"url":"https:\/\/veredes.es\/blog\/author\/ana-barreiro-blanco\/"}]}},"_links":{"self":[{"href":"https:\/\/veredes.es\/blog\/wp-json\/wp\/v2\/posts\/82972","targetHints":{"allow":["GET"]}}],"collection":[{"href":"https:\/\/veredes.es\/blog\/wp-json\/wp\/v2\/posts"}],"about":[{"href":"https:\/\/veredes.es\/blog\/wp-json\/wp\/v2\/types\/post"}],"author":[{"embeddable":true,"href":"https:\/\/veredes.es\/blog\/wp-json\/wp\/v2\/users\/85"}],"replies":[{"embeddable":true,"href":"https:\/\/veredes.es\/blog\/wp-json\/wp\/v2\/comments?post=82972"}],"version-history":[{"count":0,"href":"https:\/\/veredes.es\/blog\/wp-json\/wp\/v2\/posts\/82972\/revisions"}],"wp:featuredmedia":[{"embeddable":true,"href":"https:\/\/veredes.es\/blog\/wp-json\/wp\/v2\/media\/83674"}],"wp:attachment":[{"href":"https:\/\/veredes.es\/blog\/wp-json\/wp\/v2\/media?parent=82972"}],"wp:term":[{"taxonomy":"category","embeddable":true,"href":"https:\/\/veredes.es\/blog\/wp-json\/wp\/v2\/categories?post=82972"},{"taxonomy":"post_tag","embeddable":true,"href":"https:\/\/veredes.es\/blog\/wp-json\/wp\/v2\/tags?post=82972"}],"curies":[{"name":"wp","href":"https:\/\/api.w.org\/{rel}","templated":true}]}}