{"id":82909,"date":"2020-12-17T00:01:59","date_gmt":"2020-12-16T23:01:59","guid":{"rendered":"https:\/\/veredes.es\/blog\/?p=82909"},"modified":"2020-12-17T10:58:45","modified_gmt":"2020-12-17T09:58:45","slug":"vad-04-los-secundarios","status":"publish","type":"post","link":"https:\/\/veredes.es\/blog\/vad-04-los-secundarios\/","title":{"rendered":"VAD 04. Los secundarios"},"content":{"rendered":"<p><img loading=\"lazy\" decoding=\"async\" class=\"alignnone size-full wp-image-82917\" src=\"https:\/\/veredes.es\/blog\/wp-content\/uploads\/2020\/12\/VAD04-Los-secundarios.jpg\" alt=\"\" width=\"1200\" height=\"1697\" srcset=\"https:\/\/veredes.es\/blog\/wp-content\/uploads\/2020\/12\/VAD04-Los-secundarios.jpg 1200w, https:\/\/veredes.es\/blog\/wp-content\/uploads\/2020\/12\/VAD04-Los-secundarios-212x300.jpg 212w, https:\/\/veredes.es\/blog\/wp-content\/uploads\/2020\/12\/VAD04-Los-secundarios-724x1024.jpg 724w, https:\/\/veredes.es\/blog\/wp-content\/uploads\/2020\/12\/VAD04-Los-secundarios-1086x1536.jpg 1086w\" sizes=\"auto, (max-width: 1200px) 100vw, 1200px\" \/><\/p>\n<p style=\"text-align: justify;\">Hace ya 20 a\u00f1os que el profesor Carlos Sambricio propuso la idea de la recuperaci\u00f3n en el panorama espa\u00f1ol de lo que nosotros queremos llamar \u201clos secundarios\u201d, aquellos arquitectos que por diferentes motivos no disfrutaron de excesiva fortuna cr\u00edtica durante su ejercicio profesional pero cuya obra, revisitada a la luz de los a\u00f1os transcurridos, plantea temas de inter\u00e9s a los ojos contempor\u00e1neos.<\/p>\n<p style=\"text-align: justify;\">Ciertamente la memoria de aquellos profesionales y de sus trabajos \u2014esta vez abierto el foco dentro y fuera de nuestro pa\u00eds\u2014 se hace necesaria para entender en toda su extensi\u00f3n la urdimbre profesional que hizo posible alumbrar un panorama sobresaliente \u2014en todo caso desproporcionado para los medios disponibles\u2014 as\u00ed como muchas las obras maestras de la arquitectura moderna,<\/p>\n<blockquote>\n<p style=\"text-align: justify;\">\u201cde modo que a trav\u00e9s de ese conjunto pudiese entenderse de un modo distinto \u2014tal vez m\u00e1s continuo y uniforme, m\u00e1s an\u00f3nimo pero no menos interesante\u2014 lo sucedido en el \u00e1mbito de la arquitectura\u201d.<\/p>\n<\/blockquote>\n<p style=\"text-align: justify;\">Pero es que adem\u00e1s, la obra de esos profesionales, adecuadamente diseccionada, descubre nuevas capas de inter\u00e9s y complejidad en aquella urdimbre. Ser\u00edan secundarios de lujo sin cuya participaci\u00f3n no solo no se entiende lo ocurrido en aquellos a\u00f1os de brillantez, es que sin ellos sencillamente no se hubieran dado.<\/p>\n<p style=\"text-align: justify;\">Adem\u00e1s sucede que la mirada contempor\u00e1nea descubre obras y personajes de aquellas otras \u00e9pocas que resplandecen con luz propia y cuyo an\u00e1lisis est\u00e1 todav\u00eda pendiente. Corresponden a una pl\u00e9yade de arquitectos que se entend\u00edan a s\u00ed mismos como hombres de oficio, al servicio de sus clientes, y que en muchos casos prefirieron ocultar su perfil de los focos de la cr\u00edtica e incluso de la difusi\u00f3n profesional.<\/p>\n<p style=\"text-align: justify;\">Ello no obsta \u2014m\u00e1s bien al contrario\u2014 para el alumbramiento de trayectorias ejemplares que en nuestros d\u00edas, cuando el oficio parece la construcci\u00f3n de la propia imagen a trav\u00e9s de las facilidades que ofrecen las redes sociales y otros medios, cobran especial pertinencia.<\/p>\n<p style=\"text-align: justify;\">Son modelos profesionales, en muchos casos independientes y ajenos al ruido, que hoy escasean y a los que deber\u00edamos prestar especial atenci\u00f3n.<\/p>\n<p style=\"text-align: justify;\">Es por todo ello, por la necesidad de recuperar arquitectos y arquitecturas que se han filtrado en los sucesivos tamices de la cr\u00edtica, que este nuevo n\u00famero de VAD. veredes, arquitectura y divulgaci\u00f3n plantea este tema de los llamados secundarios.<\/p>\n<p style=\"text-align: justify;\">As\u00ed pues, se abre la veda para este redescubrimiento. O m\u00e1s bien, para el pasado a limpio de tantas investigaciones recientes que han abierto cajones\u2014planeros, desempolvado vegetales y recuperado memorias con una mente an\u00e1loga: la de la escritura de un nueva capa en el palimpsesto de la historia de la arquitectura.<\/p>\n<p style=\"text-align: center;\"><strong><a href=\"https:\/\/veredes.es\/vad\/index.php\/vad\/issue\/view\/VAD04-Los-secundarios\/VAD04-Los-secundarios\" target=\"_blank\" rel=\"noopener noreferrer\">DESCARGAR<\/a><\/strong><\/p>\n<p style=\"text-align: justify;\"><strong>SUMARIO<\/strong><\/p>\n<p style=\"text-align: justify;\"><strong>Pr\u00f3logo<\/strong><\/p>\n<p style=\"text-align: justify; padding-left: 40px;\">&#8211; Los secundarios. Eduardo Delgado Orusco<\/p>\n<p style=\"text-align: justify;\"><strong>Editorial<\/strong><\/p>\n<p style=\"text-align: justify; padding-left: 40px;\">&#8211; Los secundarios, o \u2018los olvidados\u2019. Noelia Cervero S\u00e1nchez<\/p>\n<p style=\"text-align: justify;\"><strong>Art\u00edculos de investigaci\u00f3n<\/strong><\/p>\n<p style=\"text-align: justify; padding-left: 40px;\">&#8211; Salvador F\u00e1bregas: cinco secuencias de su obra. Carlos Pe\u00f1ate Vera | Samuel Fern\u00e1ndez P\u00e9rez<br \/>\n&#8211; Figuras ocultas. Lucho Miquel en el Poblado Dirigido de Fuencarral C. Jes\u00fas Garc\u00eda Herrero<br \/>\n&#8211; Redescubrir a Rafael de la Joya y Manuel Barbero: un viaje desde las fotograf\u00edas de Juan Pando. Beatriz S. Gonz\u00e1lez Jim\u00e9nez<br \/>\n&#8211; Expresionismo en la obra de Juan Daniel Fullaondo, 1961-1994. Jos\u00e9 Ramon Hern\u00e1ndez Correa<br \/>\n&#8211; Mariano Garrigues en Fortuny 14: la casa entre palacios. Ismael Amarouch Garc\u00eda<br \/>\n&#8211; Los a\u00f1os 40 en Le\u00f3n, entre la tradici\u00f3n y la modernidad. Ram\u00f3n Ca\u00f1as, las Casas Arriola y Ceremonias. Javier Caballero Chica<br \/>\n&#8211; El Gran Hotel Almer\u00eda de Fernando Cassinello: hito urbano y atalaya al Mediterr\u00e1neo, 1968. Miguel Centellas Soler | Jos\u00e9 Francisco Garc\u00eda-S\u00e1nchez<\/p>\n<p style=\"text-align: justify;\"><strong>Art\u00edculos de cr\u00edtica<\/strong><\/p>\n<p style=\"text-align: justify; padding-left: 40px;\">&#8211; Coyunturas. \u00bfDe qu\u00e9 estamos hablando los arquitectos en Argentina? Fredy Massad<br \/>\n&#8211; Emilio Moya Lled\u00f3s, arquitecto conservador de la Rep\u00fablica. Luis Moya Gonz\u00e1lez<br \/>\n&#8211; Severino Gonz\u00e1lez Fern\u00e1ndez, un desconocido. Ana Gonz\u00e1lez Gil | Clara Gonz\u00e1lez Gil | Antonio Pernas Varela<br \/>\n&#8211; Feo. Horroroso. Para demolerlo. Ekain Jim\u00e9nez Valencia<br \/>\n&#8211; Escuela al Aire Libre en Vistahermosa, Alicante. El Colegio Santa Teresa, de Rafael de La Hoz y Gerardo Olivares. In\u00e9s Tabar Rodr\u00edguez<\/p>\n<p style=\"text-align: justify;\"><strong>Rese\u00f1as<\/strong><\/p>\n<p style=\"text-align: justify; padding-left: 40px;\">&#8211; Ch\u00e1chara y otras historias de arquitectura. Mois\u00e9s Puente. Antonio Gir\u00e1ldez L\u00f3pez | Pablo Ib\u00e1\u00f1ez Ferrera<br \/>\n&#8211; Axonom\u00e9trica. Paseos por el voladizo. Miquel Lacasta Codorniu. Jaume Prat Ortells<br \/>\n&#8211; Patolog\u00edas contempor\u00e1neas: Ensayos de arquitectura tras la crisis de 2008. Francisco D\u00edaz. Logan Leyton<br \/>\n&#8211; Habitar el agua. La colonizaci\u00f3n en la Espa\u00f1a del siglo XX. Ana Amado | Andr\u00e9s Pati\u00f1o. Antonio S. R\u00edo V\u00e1zquez<\/p>\n<div data-url=\"https:\/\/issuu.com\/veredes\/docs\/vad04lossecundarios\" style=\"width: 696px; height: 492px;\" class=\"issuuembed\"><\/div>\n<p><script type=\"text\/javascript\" src=\"\/\/e.issuu.com\/embed.js\" async=\"true\"><\/script><\/p>\n<p>&nbsp;<\/p>\n","protected":false},"excerpt":{"rendered":"<p>Hace ya 20 a\u00f1os que el profesor Carlos Sambricio propuso la idea de la recuperaci\u00f3n en el panorama espa\u00f1ol de lo que nosotros queremos llamar \u201clos secundarios\u201d, aquellos arquitectos que por diferentes motivos no disfrutaron de excesiva fortuna cr\u00edtica durante su ejercicio profesional pero cuya obra, revisitada a la luz de los a\u00f1os transcurridos, plantea [&hellip;]<\/p>\n","protected":false},"author":2,"featured_media":82919,"comment_status":"open","ping_status":"closed","sticky":false,"template":"","format":"standard","meta":{"footnotes":""},"categories":[26,28,5951],"tags":[12273,5791,6993,11397,12278,2696,4024,12181,2631,9080,15167,15158,15171,426,12470,6714,3030,15174,15172,5885,15162,15179,3193,15177,15175,737,3089,9590,3091,14791,5286,15163,15160,15161,3653,4164,12882,11750,15178,15168,15170,815,15165,15164,11421,3327,4522,8668,8135,15157,9654,15176,15166,15169,14066,14801,15159,15173,11986,1278,2048,12468],"class_list":{"0":"post-82909","1":"post","2":"type-post","3":"status-publish","4":"format-standard","5":"has-post-thumbnail","7":"category-publicaciones","8":"category-revistas","9":"category-slider-principal","10":"tag-alberto-alonso-oro","11":"tag-ana-amado","12":"tag-ana-gonzalez-gil","13":"tag-andres-patino-eirin","14":"tag-antonio-giraldez-lopez","15":"tag-antonio-pernas-varela","16":"tag-antonio-s-rio-vazquez","18":"tag-arquitectura-espanola","19":"tag-asemas","20":"tag-beatriz-s-gonzalez-jimenez","21":"tag-carlos-penate-vera","22":"tag-clara-gonzalez-gil","23":"tag-difusion","24":"tag-diseno","25":"tag-divulgacion","26":"tag-eduardo-delgado-orusco","27":"tag-ekain-jimenez-valencia","28":"tag-emilio-moya-lledos","29":"tag-expresionismo","30":"tag-fernando-cassinello","31":"tag-francisco-diaz","32":"tag-fredy-massad","33":"tag-gerardo-olivares","34":"tag-ines-tabar-rodriguez","35":"tag-investigacion","36":"tag-investigacion-cientifica","37":"tag-investigador","38":"tag-investigar","39":"tag-ismael-amarouch-garcia","40":"tag-jaume-prat-ortells","41":"tag-javier-caballero-chica","42":"tag-jesus-garcia-herrero","43":"tag-jose-francisco-garcia-sanchez","44":"tag-jose-ramon-hernandez-correa","45":"tag-juan-daniel-fullaondo","46":"tag-juan-pando-barrero","47":"tag-jung-iberica","48":"tag-logan-leyton","49":"tag-lucho-miquel","50":"tag-luis-moya-gonzalez","51":"tag-maestro","52":"tag-manuel-barbero","53":"tag-mariano-garrigues","54":"tag-miguel-centellas-soler","55":"tag-miguel-fisac","56":"tag-miquel-lacasta","57":"tag-moises-puente","58":"tag-nikolaus-pevsner","59":"tag-noelia-cervero-sanchez","60":"tag-pablo-ibanez-ferrera","61":"tag-rafael-de-la-hoz","62":"tag-rafael-de-la-joya","63":"tag-ramon-canas","64":"tag-revista-vad","65":"tag-rodinas","66":"tag-samuel-fernandez-perez","67":"tag-severino-gonzalez-fernandez","68":"tag-silvia-blanco-agueira","69":"tag-teoria","70":"tag-teoria-e-historia","71":"tag-urbanismo"},"yoast_head":"<!-- This site is optimized with the Yoast SEO plugin v27.5 - https:\/\/yoast.com\/product\/yoast-seo-wordpress\/ -->\n<title>VAD 04. Los secundarios - veredes<\/title>\n<meta name=\"description\" content=\"Toda la informaci\u00f3n sobre: VAD 04. Los secundarios\" \/>\n<meta name=\"robots\" content=\"index, follow, max-snippet:-1, max-image-preview:large, max-video-preview:-1\" \/>\n<link rel=\"canonical\" href=\"https:\/\/veredes.es\/blog\/vad-04-los-secundarios\/\" \/>\n<meta property=\"og:locale\" content=\"es_ES\" \/>\n<meta property=\"og:type\" content=\"article\" \/>\n<meta property=\"og:title\" content=\"VAD 04. Los secundarios - veredes\" \/>\n<meta property=\"og:description\" content=\"Toda la informaci\u00f3n sobre: VAD 04. Los secundarios\" \/>\n<meta property=\"og:url\" content=\"https:\/\/veredes.es\/blog\/vad-04-los-secundarios\/\" \/>\n<meta property=\"og:site_name\" content=\"veredes, arquitectura y divulgaci\u00f3n\" \/>\n<meta property=\"article:publisher\" content=\"https:\/\/www.facebook.com\/veredesArquitecturayDivulgacion\/\" \/>\n<meta property=\"article:author\" content=\"https:\/\/www.facebook.com\/veredesArquitecturayDivulgacion\/\" \/>\n<meta property=\"article:published_time\" content=\"2020-12-16T23:01:59+00:00\" \/>\n<meta property=\"article:modified_time\" content=\"2020-12-17T09:58:45+00:00\" \/>\n<meta property=\"og:image\" content=\"https:\/\/veredes.es\/blog\/wp-content\/uploads\/2020\/12\/VAD03-El-orden-1200.jpg\" \/>\n\t<meta property=\"og:image:width\" content=\"1200\" \/>\n\t<meta property=\"og:image:height\" content=\"1200\" \/>\n\t<meta property=\"og:image:type\" content=\"image\/jpeg\" \/>\n<meta name=\"author\" content=\"veredes\" \/>\n<meta name=\"twitter:card\" content=\"summary_large_image\" \/>\n<meta name=\"twitter:creator\" content=\"@https:\/\/twitter.com\/veredes\" \/>\n<meta name=\"twitter:site\" content=\"@veredes\" \/>\n<meta name=\"twitter:label1\" content=\"Escrito por\" \/>\n\t<meta name=\"twitter:data1\" content=\"veredes\" \/>\n\t<meta name=\"twitter:label2\" content=\"Tiempo de lectura\" \/>\n\t<meta name=\"twitter:data2\" content=\"4 minutos\" \/>\n<script type=\"application\/ld+json\" class=\"yoast-schema-graph\">{\"@context\":\"https:\\\/\\\/schema.org\",\"@graph\":[{\"@type\":\"Article\",\"@id\":\"https:\\\/\\\/veredes.es\\\/blog\\\/vad-04-los-secundarios\\\/#article\",\"isPartOf\":{\"@id\":\"https:\\\/\\\/veredes.es\\\/blog\\\/vad-04-los-secundarios\\\/\"},\"author\":{\"name\":\"veredes\",\"@id\":\"https:\\\/\\\/veredes.es\\\/blog\\\/#\\\/schema\\\/person\\\/0bbb669073ef7faba5168a0844e93d2c\"},\"headline\":\"VAD 04. Los secundarios\",\"datePublished\":\"2020-12-16T23:01:59+00:00\",\"dateModified\":\"2020-12-17T09:58:45+00:00\",\"mainEntityOfPage\":{\"@id\":\"https:\\\/\\\/veredes.es\\\/blog\\\/vad-04-los-secundarios\\\/\"},\"wordCount\":801,\"commentCount\":0,\"publisher\":{\"@id\":\"https:\\\/\\\/veredes.es\\\/blog\\\/#organization\"},\"image\":{\"@id\":\"https:\\\/\\\/veredes.es\\\/blog\\\/vad-04-los-secundarios\\\/#primaryimage\"},\"thumbnailUrl\":\"https:\\\/\\\/veredes.es\\\/blog\\\/wp-content\\\/uploads\\\/2020\\\/12\\\/VAD03-El-orden-1200.jpg\",\"keywords\":[\"Alberto Alonso Oro\",\"Ana Amado\",\"Ana Gonz\u00e1lez Gil\",\"Andr\u00e9s Pati\u00f1o Eir\u00edn\",\"Antonio Gir\u00e1ldez L\u00f3pez\",\"Antonio Pernas Varela\",\"Antonio S. R\u00edo V\u00e1zquez\",\"arquitasa\",\"arquitectura espa\u00f1ola\",\"asemas\",\"Beatriz S. Gonz\u00e1lez Jim\u00e9nez\",\"Carlos Pe\u00f1ate Vera\",\"Clara Gonz\u00e1lez Gil\",\"difusi\u00f3n\",\"dise\u00f1o\",\"divulgaci\u00f3n\",\"Eduardo Delgado Orusco\",\"Ekain Jim\u00e9nez Valencia\",\"Emilio Moya Lled\u00f3s\",\"expresionismo\",\"Fernando Cassinello\",\"Francisco D\u00edaz\",\"Fredy Massad\",\"Gerardo Olivares\",\"In\u00e9s Tabar Rodr\u00edguez\",\"investigaci\u00f3n\",\"investigaci\u00f3n cient\u00edfica\",\"investigador\",\"investigar\",\"Ismael Amarouch Garc\u00eda\",\"Jaume Prat Ortells\",\"Javier Caballero Chica\",\"Jes\u00fas Garc\u00eda Herrero\",\"Jos\u00e9 Francisco Garc\u00eda-S\u00e1nchez\",\"Jos\u00e9 Ram\u00f3n Hern\u00e1ndez Correa\",\"Juan Daniel Fullaondo\",\"Juan Pando Barrero\",\"Jung Ib\u00e9rica\",\"Logan Leyton\",\"Lucho Miquel\",\"Luis Moya Gonz\u00e1lez\",\"maestro\",\"Manuel Barbero\",\"Mariano Garrigues\",\"Miguel Centellas Soler\",\"Miguel Fisac\",\"Miquel Lacasta\",\"Mois\u00e9s Puente\",\"Nikolaus Pevsner\",\"Noelia Cervero S\u00e1nchez\",\"Pablo Ib\u00e1\u00f1ez Ferrera\",\"Rafael de La Hoz\",\"Rafael de la Joya\",\"Ram\u00f3n Ca\u00f1as\",\"revista VAD\",\"rodi\u00f1as\",\"Samuel Fern\u00e1ndez P\u00e9rez\",\"Severino Gonz\u00e1lez Fern\u00e1ndez\",\"Silvia Blanco Ag\u00fceira\",\"teor\u00eda\",\"teor\u00eda e historia\",\"urbanismo\"],\"articleSection\":[\"publicaciones\",\"revistas\",\"slider principal\"],\"inLanguage\":\"es\",\"potentialAction\":[{\"@type\":\"CommentAction\",\"name\":\"Comment\",\"target\":[\"https:\\\/\\\/veredes.es\\\/blog\\\/vad-04-los-secundarios\\\/#respond\"]}]},{\"@type\":\"WebPage\",\"@id\":\"https:\\\/\\\/veredes.es\\\/blog\\\/vad-04-los-secundarios\\\/\",\"url\":\"https:\\\/\\\/veredes.es\\\/blog\\\/vad-04-los-secundarios\\\/\",\"name\":\"VAD 04. Los secundarios - veredes\",\"isPartOf\":{\"@id\":\"https:\\\/\\\/veredes.es\\\/blog\\\/#website\"},\"primaryImageOfPage\":{\"@id\":\"https:\\\/\\\/veredes.es\\\/blog\\\/vad-04-los-secundarios\\\/#primaryimage\"},\"image\":{\"@id\":\"https:\\\/\\\/veredes.es\\\/blog\\\/vad-04-los-secundarios\\\/#primaryimage\"},\"thumbnailUrl\":\"https:\\\/\\\/veredes.es\\\/blog\\\/wp-content\\\/uploads\\\/2020\\\/12\\\/VAD03-El-orden-1200.jpg\",\"datePublished\":\"2020-12-16T23:01:59+00:00\",\"dateModified\":\"2020-12-17T09:58:45+00:00\",\"description\":\"Toda la informaci\u00f3n sobre: VAD 04. Los secundarios\",\"breadcrumb\":{\"@id\":\"https:\\\/\\\/veredes.es\\\/blog\\\/vad-04-los-secundarios\\\/#breadcrumb\"},\"inLanguage\":\"es\",\"potentialAction\":[{\"@type\":\"ReadAction\",\"target\":[\"https:\\\/\\\/veredes.es\\\/blog\\\/vad-04-los-secundarios\\\/\"]}]},{\"@type\":\"ImageObject\",\"inLanguage\":\"es\",\"@id\":\"https:\\\/\\\/veredes.es\\\/blog\\\/vad-04-los-secundarios\\\/#primaryimage\",\"url\":\"https:\\\/\\\/veredes.es\\\/blog\\\/wp-content\\\/uploads\\\/2020\\\/12\\\/VAD03-El-orden-1200.jpg\",\"contentUrl\":\"https:\\\/\\\/veredes.es\\\/blog\\\/wp-content\\\/uploads\\\/2020\\\/12\\\/VAD03-El-orden-1200.jpg\",\"width\":1200,\"height\":1200},{\"@type\":\"BreadcrumbList\",\"@id\":\"https:\\\/\\\/veredes.es\\\/blog\\\/vad-04-los-secundarios\\\/#breadcrumb\",\"itemListElement\":[{\"@type\":\"ListItem\",\"position\":1,\"name\":\"Portada\",\"item\":\"https:\\\/\\\/veredes.es\\\/blog\\\/\"},{\"@type\":\"ListItem\",\"position\":2,\"name\":\"VAD 04. Los secundarios\"}]},{\"@type\":\"WebSite\",\"@id\":\"https:\\\/\\\/veredes.es\\\/blog\\\/#website\",\"url\":\"https:\\\/\\\/veredes.es\\\/blog\\\/\",\"name\":\"veredes, arquitectura y divulgaci\u00f3n\",\"description\":\"veredes\",\"publisher\":{\"@id\":\"https:\\\/\\\/veredes.es\\\/blog\\\/#organization\"},\"alternateName\":\"veredes\",\"potentialAction\":[{\"@type\":\"SearchAction\",\"target\":{\"@type\":\"EntryPoint\",\"urlTemplate\":\"https:\\\/\\\/veredes.es\\\/blog\\\/?s={search_term_string}\"},\"query-input\":{\"@type\":\"PropertyValueSpecification\",\"valueRequired\":true,\"valueName\":\"search_term_string\"}}],\"inLanguage\":\"es\"},{\"@type\":\"Organization\",\"@id\":\"https:\\\/\\\/veredes.es\\\/blog\\\/#organization\",\"name\":\"veredes, arquitectura y divulgaci\u00f3n\",\"alternateName\":\"veredes\",\"url\":\"https:\\\/\\\/veredes.es\\\/blog\\\/\",\"logo\":{\"@type\":\"ImageObject\",\"inLanguage\":\"es\",\"@id\":\"https:\\\/\\\/veredes.es\\\/blog\\\/#\\\/schema\\\/logo\\\/image\\\/\",\"url\":\"https:\\\/\\\/veredes.es\\\/blog\\\/wp-content\\\/uploads\\\/2021\\\/12\\\/veredes-logo-centrado_140x54.png\",\"contentUrl\":\"https:\\\/\\\/veredes.es\\\/blog\\\/wp-content\\\/uploads\\\/2021\\\/12\\\/veredes-logo-centrado_140x54.png\",\"width\":140,\"height\":54,\"caption\":\"veredes, arquitectura y divulgaci\u00f3n\"},\"image\":{\"@id\":\"https:\\\/\\\/veredes.es\\\/blog\\\/#\\\/schema\\\/logo\\\/image\\\/\"},\"sameAs\":[\"https:\\\/\\\/www.facebook.com\\\/veredesArquitecturayDivulgacion\\\/\",\"https:\\\/\\\/x.com\\\/veredes\",\"https:\\\/\\\/instagram.com\\\/veredes\\\/\",\"https:\\\/\\\/www.linkedin.com\\\/company\\\/veredes-arquitectura-y-divulgacion\\\/\",\"https:\\\/\\\/es.pinterest.com\\\/veredes\\\/\",\"https:\\\/\\\/www.tumblr.com\\\/veredes\"]},{\"@type\":\"Person\",\"@id\":\"https:\\\/\\\/veredes.es\\\/blog\\\/#\\\/schema\\\/person\\\/0bbb669073ef7faba5168a0844e93d2c\",\"name\":\"veredes\",\"image\":{\"@type\":\"ImageObject\",\"inLanguage\":\"es\",\"@id\":\"https:\\\/\\\/veredes.es\\\/blog\\\/wp-content\\\/uploads\\\/2018\\\/04\\\/face-96x96.jpg\",\"url\":\"https:\\\/\\\/veredes.es\\\/blog\\\/wp-content\\\/uploads\\\/2018\\\/04\\\/face-96x96.jpg\",\"contentUrl\":\"https:\\\/\\\/veredes.es\\\/blog\\\/wp-content\\\/uploads\\\/2018\\\/04\\\/face-96x96.jpg\",\"caption\":\"veredes\"},\"description\":\"Surge enero de 2009 como b\u00fasqueda de satisfacer el conocimiento de la actividad arquitect\u00f3nica y tangentes que se generan. La idea es crear un espacio para divulgar los diversos proyectos en busca de nueva inspiraci\u00f3n y de intercambio.\",\"sameAs\":[\"https:\\\/\\\/veredes.es\\\/\",\"https:\\\/\\\/www.facebook.com\\\/veredesArquitecturayDivulgacion\\\/\",\"https:\\\/\\\/www.instagram.com\\\/veredes\\\/\",\"https:\\\/\\\/www.linkedin.com\\\/company\\\/veredes-arquitectura-y-divulgacion\\\/\",\"https:\\\/\\\/www.pinterest.es\\\/veredes\\\/\",\"https:\\\/\\\/x.com\\\/https:\\\/\\\/twitter.com\\\/veredes\",\"https:\\\/\\\/veredes.tumblr.com\\\/\"],\"url\":\"https:\\\/\\\/veredes.es\\\/blog\\\/author\\\/alberto\\\/\"}]}<\/script>\n<!-- \/ Yoast SEO plugin. -->","yoast_head_json":{"title":"VAD 04. Los secundarios - veredes","description":"Toda la informaci\u00f3n sobre: VAD 04. Los secundarios","robots":{"index":"index","follow":"follow","max-snippet":"max-snippet:-1","max-image-preview":"max-image-preview:large","max-video-preview":"max-video-preview:-1"},"canonical":"https:\/\/veredes.es\/blog\/vad-04-los-secundarios\/","og_locale":"es_ES","og_type":"article","og_title":"VAD 04. Los secundarios - veredes","og_description":"Toda la informaci\u00f3n sobre: VAD 04. Los secundarios","og_url":"https:\/\/veredes.es\/blog\/vad-04-los-secundarios\/","og_site_name":"veredes, arquitectura y divulgaci\u00f3n","article_publisher":"https:\/\/www.facebook.com\/veredesArquitecturayDivulgacion\/","article_author":"https:\/\/www.facebook.com\/veredesArquitecturayDivulgacion\/","article_published_time":"2020-12-16T23:01:59+00:00","article_modified_time":"2020-12-17T09:58:45+00:00","og_image":[{"width":1200,"height":1200,"url":"https:\/\/veredes.es\/blog\/wp-content\/uploads\/2020\/12\/VAD03-El-orden-1200.jpg","type":"image\/jpeg"}],"author":"veredes","twitter_card":"summary_large_image","twitter_creator":"@https:\/\/twitter.com\/veredes","twitter_site":"@veredes","twitter_misc":{"Escrito por":"veredes","Tiempo de lectura":"4 minutos"},"schema":{"@context":"https:\/\/schema.org","@graph":[{"@type":"Article","@id":"https:\/\/veredes.es\/blog\/vad-04-los-secundarios\/#article","isPartOf":{"@id":"https:\/\/veredes.es\/blog\/vad-04-los-secundarios\/"},"author":{"name":"veredes","@id":"https:\/\/veredes.es\/blog\/#\/schema\/person\/0bbb669073ef7faba5168a0844e93d2c"},"headline":"VAD 04. Los secundarios","datePublished":"2020-12-16T23:01:59+00:00","dateModified":"2020-12-17T09:58:45+00:00","mainEntityOfPage":{"@id":"https:\/\/veredes.es\/blog\/vad-04-los-secundarios\/"},"wordCount":801,"commentCount":0,"publisher":{"@id":"https:\/\/veredes.es\/blog\/#organization"},"image":{"@id":"https:\/\/veredes.es\/blog\/vad-04-los-secundarios\/#primaryimage"},"thumbnailUrl":"https:\/\/veredes.es\/blog\/wp-content\/uploads\/2020\/12\/VAD03-El-orden-1200.jpg","keywords":["Alberto Alonso Oro","Ana Amado","Ana Gonz\u00e1lez Gil","Andr\u00e9s Pati\u00f1o Eir\u00edn","Antonio Gir\u00e1ldez L\u00f3pez","Antonio Pernas Varela","Antonio S. R\u00edo V\u00e1zquez","arquitasa","arquitectura espa\u00f1ola","asemas","Beatriz S. Gonz\u00e1lez Jim\u00e9nez","Carlos Pe\u00f1ate Vera","Clara Gonz\u00e1lez Gil","difusi\u00f3n","dise\u00f1o","divulgaci\u00f3n","Eduardo Delgado Orusco","Ekain Jim\u00e9nez Valencia","Emilio Moya Lled\u00f3s","expresionismo","Fernando Cassinello","Francisco D\u00edaz","Fredy Massad","Gerardo Olivares","In\u00e9s Tabar Rodr\u00edguez","investigaci\u00f3n","investigaci\u00f3n cient\u00edfica","investigador","investigar","Ismael Amarouch Garc\u00eda","Jaume Prat Ortells","Javier Caballero Chica","Jes\u00fas Garc\u00eda Herrero","Jos\u00e9 Francisco Garc\u00eda-S\u00e1nchez","Jos\u00e9 Ram\u00f3n Hern\u00e1ndez Correa","Juan Daniel Fullaondo","Juan Pando Barrero","Jung Ib\u00e9rica","Logan Leyton","Lucho Miquel","Luis Moya Gonz\u00e1lez","maestro","Manuel Barbero","Mariano Garrigues","Miguel Centellas Soler","Miguel Fisac","Miquel Lacasta","Mois\u00e9s Puente","Nikolaus Pevsner","Noelia Cervero S\u00e1nchez","Pablo Ib\u00e1\u00f1ez Ferrera","Rafael de La Hoz","Rafael de la Joya","Ram\u00f3n Ca\u00f1as","revista VAD","rodi\u00f1as","Samuel Fern\u00e1ndez P\u00e9rez","Severino Gonz\u00e1lez Fern\u00e1ndez","Silvia Blanco Ag\u00fceira","teor\u00eda","teor\u00eda e historia","urbanismo"],"articleSection":["publicaciones","revistas","slider principal"],"inLanguage":"es","potentialAction":[{"@type":"CommentAction","name":"Comment","target":["https:\/\/veredes.es\/blog\/vad-04-los-secundarios\/#respond"]}]},{"@type":"WebPage","@id":"https:\/\/veredes.es\/blog\/vad-04-los-secundarios\/","url":"https:\/\/veredes.es\/blog\/vad-04-los-secundarios\/","name":"VAD 04. Los secundarios - veredes","isPartOf":{"@id":"https:\/\/veredes.es\/blog\/#website"},"primaryImageOfPage":{"@id":"https:\/\/veredes.es\/blog\/vad-04-los-secundarios\/#primaryimage"},"image":{"@id":"https:\/\/veredes.es\/blog\/vad-04-los-secundarios\/#primaryimage"},"thumbnailUrl":"https:\/\/veredes.es\/blog\/wp-content\/uploads\/2020\/12\/VAD03-El-orden-1200.jpg","datePublished":"2020-12-16T23:01:59+00:00","dateModified":"2020-12-17T09:58:45+00:00","description":"Toda la informaci\u00f3n sobre: VAD 04. Los secundarios","breadcrumb":{"@id":"https:\/\/veredes.es\/blog\/vad-04-los-secundarios\/#breadcrumb"},"inLanguage":"es","potentialAction":[{"@type":"ReadAction","target":["https:\/\/veredes.es\/blog\/vad-04-los-secundarios\/"]}]},{"@type":"ImageObject","inLanguage":"es","@id":"https:\/\/veredes.es\/blog\/vad-04-los-secundarios\/#primaryimage","url":"https:\/\/veredes.es\/blog\/wp-content\/uploads\/2020\/12\/VAD03-El-orden-1200.jpg","contentUrl":"https:\/\/veredes.es\/blog\/wp-content\/uploads\/2020\/12\/VAD03-El-orden-1200.jpg","width":1200,"height":1200},{"@type":"BreadcrumbList","@id":"https:\/\/veredes.es\/blog\/vad-04-los-secundarios\/#breadcrumb","itemListElement":[{"@type":"ListItem","position":1,"name":"Portada","item":"https:\/\/veredes.es\/blog\/"},{"@type":"ListItem","position":2,"name":"VAD 04. Los secundarios"}]},{"@type":"WebSite","@id":"https:\/\/veredes.es\/blog\/#website","url":"https:\/\/veredes.es\/blog\/","name":"veredes, arquitectura y divulgaci\u00f3n","description":"veredes","publisher":{"@id":"https:\/\/veredes.es\/blog\/#organization"},"alternateName":"veredes","potentialAction":[{"@type":"SearchAction","target":{"@type":"EntryPoint","urlTemplate":"https:\/\/veredes.es\/blog\/?s={search_term_string}"},"query-input":{"@type":"PropertyValueSpecification","valueRequired":true,"valueName":"search_term_string"}}],"inLanguage":"es"},{"@type":"Organization","@id":"https:\/\/veredes.es\/blog\/#organization","name":"veredes, arquitectura y divulgaci\u00f3n","alternateName":"veredes","url":"https:\/\/veredes.es\/blog\/","logo":{"@type":"ImageObject","inLanguage":"es","@id":"https:\/\/veredes.es\/blog\/#\/schema\/logo\/image\/","url":"https:\/\/veredes.es\/blog\/wp-content\/uploads\/2021\/12\/veredes-logo-centrado_140x54.png","contentUrl":"https:\/\/veredes.es\/blog\/wp-content\/uploads\/2021\/12\/veredes-logo-centrado_140x54.png","width":140,"height":54,"caption":"veredes, arquitectura y divulgaci\u00f3n"},"image":{"@id":"https:\/\/veredes.es\/blog\/#\/schema\/logo\/image\/"},"sameAs":["https:\/\/www.facebook.com\/veredesArquitecturayDivulgacion\/","https:\/\/x.com\/veredes","https:\/\/instagram.com\/veredes\/","https:\/\/www.linkedin.com\/company\/veredes-arquitectura-y-divulgacion\/","https:\/\/es.pinterest.com\/veredes\/","https:\/\/www.tumblr.com\/veredes"]},{"@type":"Person","@id":"https:\/\/veredes.es\/blog\/#\/schema\/person\/0bbb669073ef7faba5168a0844e93d2c","name":"veredes","image":{"@type":"ImageObject","inLanguage":"es","@id":"https:\/\/veredes.es\/blog\/wp-content\/uploads\/2018\/04\/face-96x96.jpg","url":"https:\/\/veredes.es\/blog\/wp-content\/uploads\/2018\/04\/face-96x96.jpg","contentUrl":"https:\/\/veredes.es\/blog\/wp-content\/uploads\/2018\/04\/face-96x96.jpg","caption":"veredes"},"description":"Surge enero de 2009 como b\u00fasqueda de satisfacer el conocimiento de la actividad arquitect\u00f3nica y tangentes que se generan. La idea es crear un espacio para divulgar los diversos proyectos en busca de nueva inspiraci\u00f3n y de intercambio.","sameAs":["https:\/\/veredes.es\/","https:\/\/www.facebook.com\/veredesArquitecturayDivulgacion\/","https:\/\/www.instagram.com\/veredes\/","https:\/\/www.linkedin.com\/company\/veredes-arquitectura-y-divulgacion\/","https:\/\/www.pinterest.es\/veredes\/","https:\/\/x.com\/https:\/\/twitter.com\/veredes","https:\/\/veredes.tumblr.com\/"],"url":"https:\/\/veredes.es\/blog\/author\/alberto\/"}]}},"_links":{"self":[{"href":"https:\/\/veredes.es\/blog\/wp-json\/wp\/v2\/posts\/82909","targetHints":{"allow":["GET"]}}],"collection":[{"href":"https:\/\/veredes.es\/blog\/wp-json\/wp\/v2\/posts"}],"about":[{"href":"https:\/\/veredes.es\/blog\/wp-json\/wp\/v2\/types\/post"}],"author":[{"embeddable":true,"href":"https:\/\/veredes.es\/blog\/wp-json\/wp\/v2\/users\/2"}],"replies":[{"embeddable":true,"href":"https:\/\/veredes.es\/blog\/wp-json\/wp\/v2\/comments?post=82909"}],"version-history":[{"count":0,"href":"https:\/\/veredes.es\/blog\/wp-json\/wp\/v2\/posts\/82909\/revisions"}],"wp:featuredmedia":[{"embeddable":true,"href":"https:\/\/veredes.es\/blog\/wp-json\/wp\/v2\/media\/82919"}],"wp:attachment":[{"href":"https:\/\/veredes.es\/blog\/wp-json\/wp\/v2\/media?parent=82909"}],"wp:term":[{"taxonomy":"category","embeddable":true,"href":"https:\/\/veredes.es\/blog\/wp-json\/wp\/v2\/categories?post=82909"},{"taxonomy":"post_tag","embeddable":true,"href":"https:\/\/veredes.es\/blog\/wp-json\/wp\/v2\/tags?post=82909"}],"curies":[{"name":"wp","href":"https:\/\/api.w.org\/{rel}","templated":true}]}}