{"id":82795,"date":"2021-03-03T00:01:52","date_gmt":"2021-03-02T23:01:52","guid":{"rendered":"https:\/\/veredes.es\/blog\/?p=82795"},"modified":"2021-01-17T14:19:22","modified_gmt":"2021-01-17T13:19:22","slug":"nuevo-campus-wpp-en-madrid-bdg-architecture-design","status":"publish","type":"post","link":"https:\/\/veredes.es\/blog\/nuevo-campus-wpp-en-madrid-bdg-architecture-design\/","title":{"rendered":"Nuevo campus WPP en Madrid | BDG architecture + design"},"content":{"rendered":"<p><img loading=\"lazy\" decoding=\"async\" class=\"alignnone size-full wp-image-82798\" src=\"https:\/\/veredes.es\/blog\/wp-content\/uploads\/2021\/02\/Nuevo-campus-WPP-en-Madrid-BDG-architecture-design-o1.jpg\" alt=\"\" width=\"1200\" height=\"1500\" srcset=\"https:\/\/veredes.es\/blog\/wp-content\/uploads\/2021\/02\/Nuevo-campus-WPP-en-Madrid-BDG-architecture-design-o1.jpg 1200w, https:\/\/veredes.es\/blog\/wp-content\/uploads\/2021\/02\/Nuevo-campus-WPP-en-Madrid-BDG-architecture-design-o1-240x300.jpg 240w, https:\/\/veredes.es\/blog\/wp-content\/uploads\/2021\/02\/Nuevo-campus-WPP-en-Madrid-BDG-architecture-design-o1-819x1024.jpg 819w\" sizes=\"auto, (max-width: 1200px) 100vw, 1200px\" \/><\/p>\n<p style=\"text-align: justify;\">Como parte del proyecto de transformaci\u00f3n del espacio de trabajo de WPP, BDG architecture + design ha creado un impresionante y din\u00e1mico campus para las empresas que el grupo posee en Madrid, y que acoger\u00e1 alrededor de 2.500 empleados. El traslado al centro de la ciudad forma parte de la estrategia de la compa\u00f1\u00eda para aumentar la heterogeneidad entre sus empleados y participar activamente en las comunidades en las que viven y trabajan, dando una nueva vida a un edificio con una historia compleja y proporcionando un est\u00edmulo econ\u00f3mico a toda la zona.<\/p>\n<p style=\"text-align: justify;\">La antigua central de Telef\u00f3nica, en la calle de R\u00edos Rosas, en el c\u00e9ntrico barrio de Chamber\u00ed, ha abandonado el sombr\u00edo estado en el que se encontraba en los \u00faltimos a\u00f1os, para dar la bienvenida a WPP, que la ha transformado para inyectar a la ciudad una siempre necesaria dosis de optimismo regenerativo. El edificio de alrededor de 35.000 m2 dispone de una serie de cualidades espec\u00edficas: la planta con mayor superficie entre los edificios de oficina del centro de Madrid, 7.000 m2, y los techos m\u00e1s altos, de algo menos de 5 m.<\/p>\n<p><img loading=\"lazy\" decoding=\"async\" class=\"alignnone size-full wp-image-82800\" src=\"https:\/\/veredes.es\/blog\/wp-content\/uploads\/2021\/02\/Nuevo-campus-WPP-en-Madrid-BDG-architecture-design-o3.jpg\" alt=\"\" width=\"1200\" height=\"1187\" srcset=\"https:\/\/veredes.es\/blog\/wp-content\/uploads\/2021\/02\/Nuevo-campus-WPP-en-Madrid-BDG-architecture-design-o3.jpg 1200w, https:\/\/veredes.es\/blog\/wp-content\/uploads\/2021\/02\/Nuevo-campus-WPP-en-Madrid-BDG-architecture-design-o3-300x297.jpg 300w, https:\/\/veredes.es\/blog\/wp-content\/uploads\/2021\/02\/Nuevo-campus-WPP-en-Madrid-BDG-architecture-design-o3-1024x1013.jpg 1024w, https:\/\/veredes.es\/blog\/wp-content\/uploads\/2021\/02\/Nuevo-campus-WPP-en-Madrid-BDG-architecture-design-o3-120x120.jpg 120w\" sizes=\"auto, (max-width: 1200px) 100vw, 1200px\" \/><\/p>\n<p style=\"text-align: justify;\">R\u00edos Rosas 26 tiene la dimensi\u00f3n de un bloque urbano, situado en un \u00e1rea residencial y comercial. El estudio BDG empez\u00f3 a reimaginar creativamente la estructura existente, que todav\u00eda ten\u00eda las cicatrices del atentado terrorista de 1982, para transformarla en un vibrante centro de operaciones que albergar\u00e1 las 30 empresas de WPP en Madrid. Cada una de ellas sentir\u00e1 que sus espacios de trabajo le pertenecen gracias al equilibrio conseguido entre ambientes propios de la marca y otros m\u00e1s neutros.<\/p>\n<p style=\"text-align: justify;\">Desde el exterior, el cambio m\u00e1s visible es la fachada, donde se han modificado los dos frentes norte y sur de 140 m, con acristalamiento con marcos de madera laminada de alta calidad en la fachada norte, y de aluminio de secci\u00f3n reducida con <em>brise-soleil<\/em> en la fachada sur, adapt\u00e1ndose a las condiciones existentes y reflejando la belleza del edificio de enfrente, la Escuela T\u00e9cnica Superior de Ingenieros de Minas y Energ\u00eda de la Universidad de Madrid.<\/p>\n<p style=\"text-align: justify;\">La recepci\u00f3n, tambi\u00e9n redise\u00f1ada, cuenta con una doble altura que da la sensaci\u00f3n de abertura y ligereza, en consonancia con el dise\u00f1o general, y crea un v\u00ednculo f\u00edsico y visual con el espacio exterior de doble nivel, de unos 3.000 m2. Un precioso espacio, anteriormente en desuso, ha sido transformado en un jard\u00edn interior, con un paisajismo redise\u00f1ado con especies apropiadas para la altitud y las severas condiciones clim\u00e1ticas de los veranos madrile\u00f1os.<\/p>\n<p style=\"text-align: justify;\">El jard\u00edn conecta con una cafeter\u00eda y con los espacios de trabajo compartido de la planta baja, as\u00ed como con la cantina, el restaurante y el bar de la planta baja inferior.<\/p>\n<p><img loading=\"lazy\" decoding=\"async\" class=\"alignnone size-full wp-image-82808\" src=\"https:\/\/veredes.es\/blog\/wp-content\/uploads\/2021\/02\/Nuevo-campus-WPP-en-Madrid-BDG-architecture-design-o11.jpg\" alt=\"\" width=\"1200\" height=\"800\" srcset=\"https:\/\/veredes.es\/blog\/wp-content\/uploads\/2021\/02\/Nuevo-campus-WPP-en-Madrid-BDG-architecture-design-o11.jpg 1200w, https:\/\/veredes.es\/blog\/wp-content\/uploads\/2021\/02\/Nuevo-campus-WPP-en-Madrid-BDG-architecture-design-o11-300x200.jpg 300w, https:\/\/veredes.es\/blog\/wp-content\/uploads\/2021\/02\/Nuevo-campus-WPP-en-Madrid-BDG-architecture-design-o11-1024x683.jpg 1024w\" sizes=\"auto, (max-width: 1200px) 100vw, 1200px\" \/><\/p>\n<p style=\"text-align: justify;\">El proyecto incluye la remodelaci\u00f3n del n\u00facleo existente y una ampliaci\u00f3n con uno nuevo, en el que se han incorporado ascensores exclusivos para las plantas superiores del edificio, donde tambi\u00e9n se sit\u00faa otra de las grandes transformaciones: una nueva sala de actos y conferencias, un auditorio para 150 personas y una terraza de libre acceso.<\/p>\n<p style=\"text-align: justify;\">La agilidad de la arquitectura es clave, y el s\u00f3lido proceso de an\u00e1lisis in situ de BDG con cada nuevo equipo ha dado forma al planteamiento inicial \u2014 flexibilidad intr\u00ednseca conseguida a trav\u00e9s de paredes levantadas debajo del techo y de la red de instalaciones, de manera que su derribo y reorganizaci\u00f3n seg\u00fan necesidad no sean complicados, sino r\u00e1pidos y poco disruptivos, asegurando as\u00ed un futuro al espacio.<\/p>\n<p style=\"text-align: justify;\">BDG architecture + design, socio global de WPP para arquitectura y dise\u00f1o, ha trabajado con b720 Ferm\u00edn V\u00e1zquez Arquitectos con sede en Madrid.<\/p>\n<p style=\"text-align: justify;\">Colin Macgadie, jefe de la Oficina creativa de BDG architecture + design, explica:<\/p>\n<blockquote><p>\u00abEl \u00e9xito de este proyecto radica en el hecho de que un edificio menospreciado, que podr\u00eda haber sido demolido, se ha reutilizado y reformado, transform\u00e1ndolo en el coraz\u00f3n creativo de WPP en Madrid. Y eso ha tenido un incre\u00edble impacto positivo en sus ocupantes y tambi\u00e9n en el vecindario. La permeabilidad aumentada del edificio invita al mundo exterior, a la vez que proporciona un espacio de oficinas muy bien dise\u00f1ado, moderno y vers\u00e1til.\u00bb<\/p><\/blockquote>\n<div id='gallery-1' class='gallery galleryid-82795 gallery-columns-4 gallery-size-thumbnail'><figure class='gallery-item'>\n\t\t\t<div class='gallery-icon portrait'>\n\t\t\t\t<a href='https:\/\/veredes.es\/blog\/wp-content\/uploads\/2021\/02\/Nuevo-campus-WPP-en-Madrid-BDG-architecture-design-o1.jpg'><img loading=\"lazy\" decoding=\"async\" width=\"120\" height=\"120\" src=\"https:\/\/veredes.es\/blog\/wp-content\/uploads\/2021\/02\/Nuevo-campus-WPP-en-Madrid-BDG-architecture-design-o1-120x120.jpg\" class=\"attachment-thumbnail size-thumbnail\" alt=\"\" srcset=\"https:\/\/veredes.es\/blog\/wp-content\/uploads\/2021\/02\/Nuevo-campus-WPP-en-Madrid-BDG-architecture-design-o1-120x120.jpg 120w, https:\/\/veredes.es\/blog\/wp-content\/uploads\/2021\/02\/Nuevo-campus-WPP-en-Madrid-BDG-architecture-design-o1-150x150.jpg 150w\" sizes=\"auto, (max-width: 120px) 100vw, 120px\" \/><\/a>\n\t\t\t<\/div><\/figure><figure class='gallery-item'>\n\t\t\t<div class='gallery-icon portrait'>\n\t\t\t\t<a href='https:\/\/veredes.es\/blog\/wp-content\/uploads\/2021\/02\/Nuevo-campus-WPP-en-Madrid-BDG-architecture-design-o2.jpg'><img loading=\"lazy\" decoding=\"async\" width=\"120\" height=\"120\" src=\"https:\/\/veredes.es\/blog\/wp-content\/uploads\/2021\/02\/Nuevo-campus-WPP-en-Madrid-BDG-architecture-design-o2-120x120.jpg\" class=\"attachment-thumbnail size-thumbnail\" alt=\"\" srcset=\"https:\/\/veredes.es\/blog\/wp-content\/uploads\/2021\/02\/Nuevo-campus-WPP-en-Madrid-BDG-architecture-design-o2-120x120.jpg 120w, https:\/\/veredes.es\/blog\/wp-content\/uploads\/2021\/02\/Nuevo-campus-WPP-en-Madrid-BDG-architecture-design-o2-150x150.jpg 150w\" sizes=\"auto, (max-width: 120px) 100vw, 120px\" \/><\/a>\n\t\t\t<\/div><\/figure><figure class='gallery-item'>\n\t\t\t<div class='gallery-icon landscape'>\n\t\t\t\t<a href='https:\/\/veredes.es\/blog\/wp-content\/uploads\/2021\/02\/Nuevo-campus-WPP-en-Madrid-BDG-architecture-design-o3.jpg'><img loading=\"lazy\" decoding=\"async\" width=\"120\" height=\"120\" src=\"https:\/\/veredes.es\/blog\/wp-content\/uploads\/2021\/02\/Nuevo-campus-WPP-en-Madrid-BDG-architecture-design-o3-120x120.jpg\" class=\"attachment-thumbnail size-thumbnail\" alt=\"\" srcset=\"https:\/\/veredes.es\/blog\/wp-content\/uploads\/2021\/02\/Nuevo-campus-WPP-en-Madrid-BDG-architecture-design-o3-120x120.jpg 120w, https:\/\/veredes.es\/blog\/wp-content\/uploads\/2021\/02\/Nuevo-campus-WPP-en-Madrid-BDG-architecture-design-o3-300x297.jpg 300w, https:\/\/veredes.es\/blog\/wp-content\/uploads\/2021\/02\/Nuevo-campus-WPP-en-Madrid-BDG-architecture-design-o3-1024x1013.jpg 1024w, https:\/\/veredes.es\/blog\/wp-content\/uploads\/2021\/02\/Nuevo-campus-WPP-en-Madrid-BDG-architecture-design-o3-150x150.jpg 150w, https:\/\/veredes.es\/blog\/wp-content\/uploads\/2021\/02\/Nuevo-campus-WPP-en-Madrid-BDG-architecture-design-o3.jpg 1200w\" sizes=\"auto, (max-width: 120px) 100vw, 120px\" \/><\/a>\n\t\t\t<\/div><\/figure><figure class='gallery-item'>\n\t\t\t<div class='gallery-icon portrait'>\n\t\t\t\t<a href='https:\/\/veredes.es\/blog\/wp-content\/uploads\/2021\/02\/Nuevo-campus-WPP-en-Madrid-BDG-architecture-design-o4.jpg'><img loading=\"lazy\" decoding=\"async\" width=\"120\" height=\"120\" src=\"https:\/\/veredes.es\/blog\/wp-content\/uploads\/2021\/02\/Nuevo-campus-WPP-en-Madrid-BDG-architecture-design-o4-120x120.jpg\" class=\"attachment-thumbnail size-thumbnail\" alt=\"\" srcset=\"https:\/\/veredes.es\/blog\/wp-content\/uploads\/2021\/02\/Nuevo-campus-WPP-en-Madrid-BDG-architecture-design-o4-120x120.jpg 120w, https:\/\/veredes.es\/blog\/wp-content\/uploads\/2021\/02\/Nuevo-campus-WPP-en-Madrid-BDG-architecture-design-o4-150x150.jpg 150w\" sizes=\"auto, (max-width: 120px) 100vw, 120px\" \/><\/a>\n\t\t\t<\/div><\/figure><figure class='gallery-item'>\n\t\t\t<div class='gallery-icon portrait'>\n\t\t\t\t<a href='https:\/\/veredes.es\/blog\/wp-content\/uploads\/2021\/02\/Nuevo-campus-WPP-en-Madrid-BDG-architecture-design-o5.jpg'><img loading=\"lazy\" decoding=\"async\" width=\"120\" height=\"120\" src=\"https:\/\/veredes.es\/blog\/wp-content\/uploads\/2021\/02\/Nuevo-campus-WPP-en-Madrid-BDG-architecture-design-o5-120x120.jpg\" class=\"attachment-thumbnail size-thumbnail\" alt=\"\" srcset=\"https:\/\/veredes.es\/blog\/wp-content\/uploads\/2021\/02\/Nuevo-campus-WPP-en-Madrid-BDG-architecture-design-o5-120x120.jpg 120w, https:\/\/veredes.es\/blog\/wp-content\/uploads\/2021\/02\/Nuevo-campus-WPP-en-Madrid-BDG-architecture-design-o5-150x150.jpg 150w\" sizes=\"auto, (max-width: 120px) 100vw, 120px\" \/><\/a>\n\t\t\t<\/div><\/figure><figure class='gallery-item'>\n\t\t\t<div class='gallery-icon landscape'>\n\t\t\t\t<a href='https:\/\/veredes.es\/blog\/wp-content\/uploads\/2021\/02\/Nuevo-campus-WPP-en-Madrid-BDG-architecture-design-o6.jpg'><img loading=\"lazy\" decoding=\"async\" width=\"120\" height=\"120\" src=\"https:\/\/veredes.es\/blog\/wp-content\/uploads\/2021\/02\/Nuevo-campus-WPP-en-Madrid-BDG-architecture-design-o6-120x120.jpg\" class=\"attachment-thumbnail size-thumbnail\" alt=\"\" srcset=\"https:\/\/veredes.es\/blog\/wp-content\/uploads\/2021\/02\/Nuevo-campus-WPP-en-Madrid-BDG-architecture-design-o6-120x120.jpg 120w, https:\/\/veredes.es\/blog\/wp-content\/uploads\/2021\/02\/Nuevo-campus-WPP-en-Madrid-BDG-architecture-design-o6-150x150.jpg 150w\" sizes=\"auto, (max-width: 120px) 100vw, 120px\" \/><\/a>\n\t\t\t<\/div><\/figure><figure class='gallery-item'>\n\t\t\t<div class='gallery-icon portrait'>\n\t\t\t\t<a href='https:\/\/veredes.es\/blog\/wp-content\/uploads\/2021\/02\/Nuevo-campus-WPP-en-Madrid-BDG-architecture-design-o7.jpg'><img loading=\"lazy\" decoding=\"async\" width=\"120\" height=\"120\" src=\"https:\/\/veredes.es\/blog\/wp-content\/uploads\/2021\/02\/Nuevo-campus-WPP-en-Madrid-BDG-architecture-design-o7-120x120.jpg\" class=\"attachment-thumbnail size-thumbnail\" alt=\"\" srcset=\"https:\/\/veredes.es\/blog\/wp-content\/uploads\/2021\/02\/Nuevo-campus-WPP-en-Madrid-BDG-architecture-design-o7-120x120.jpg 120w, https:\/\/veredes.es\/blog\/wp-content\/uploads\/2021\/02\/Nuevo-campus-WPP-en-Madrid-BDG-architecture-design-o7-150x150.jpg 150w\" sizes=\"auto, (max-width: 120px) 100vw, 120px\" \/><\/a>\n\t\t\t<\/div><\/figure><figure class='gallery-item'>\n\t\t\t<div class='gallery-icon portrait'>\n\t\t\t\t<a href='https:\/\/veredes.es\/blog\/wp-content\/uploads\/2021\/02\/Nuevo-campus-WPP-en-Madrid-BDG-architecture-design-o8.jpg'><img loading=\"lazy\" decoding=\"async\" width=\"120\" height=\"120\" src=\"https:\/\/veredes.es\/blog\/wp-content\/uploads\/2021\/02\/Nuevo-campus-WPP-en-Madrid-BDG-architecture-design-o8-120x120.jpg\" class=\"attachment-thumbnail size-thumbnail\" alt=\"\" srcset=\"https:\/\/veredes.es\/blog\/wp-content\/uploads\/2021\/02\/Nuevo-campus-WPP-en-Madrid-BDG-architecture-design-o8-120x120.jpg 120w, https:\/\/veredes.es\/blog\/wp-content\/uploads\/2021\/02\/Nuevo-campus-WPP-en-Madrid-BDG-architecture-design-o8-150x150.jpg 150w\" sizes=\"auto, (max-width: 120px) 100vw, 120px\" \/><\/a>\n\t\t\t<\/div><\/figure><figure class='gallery-item'>\n\t\t\t<div class='gallery-icon portrait'>\n\t\t\t\t<a href='https:\/\/veredes.es\/blog\/wp-content\/uploads\/2021\/02\/Nuevo-campus-WPP-en-Madrid-BDG-architecture-design-o9.jpg'><img loading=\"lazy\" decoding=\"async\" width=\"120\" height=\"120\" src=\"https:\/\/veredes.es\/blog\/wp-content\/uploads\/2021\/02\/Nuevo-campus-WPP-en-Madrid-BDG-architecture-design-o9-120x120.jpg\" class=\"attachment-thumbnail size-thumbnail\" alt=\"\" srcset=\"https:\/\/veredes.es\/blog\/wp-content\/uploads\/2021\/02\/Nuevo-campus-WPP-en-Madrid-BDG-architecture-design-o9-120x120.jpg 120w, https:\/\/veredes.es\/blog\/wp-content\/uploads\/2021\/02\/Nuevo-campus-WPP-en-Madrid-BDG-architecture-design-o9-150x150.jpg 150w\" sizes=\"auto, (max-width: 120px) 100vw, 120px\" \/><\/a>\n\t\t\t<\/div><\/figure><figure class='gallery-item'>\n\t\t\t<div class='gallery-icon landscape'>\n\t\t\t\t<a href='https:\/\/veredes.es\/blog\/wp-content\/uploads\/2021\/02\/Nuevo-campus-WPP-en-Madrid-BDG-architecture-design-o10.jpg'><img loading=\"lazy\" decoding=\"async\" width=\"120\" height=\"120\" src=\"https:\/\/veredes.es\/blog\/wp-content\/uploads\/2021\/02\/Nuevo-campus-WPP-en-Madrid-BDG-architecture-design-o10-120x120.jpg\" class=\"attachment-thumbnail size-thumbnail\" alt=\"\" srcset=\"https:\/\/veredes.es\/blog\/wp-content\/uploads\/2021\/02\/Nuevo-campus-WPP-en-Madrid-BDG-architecture-design-o10-120x120.jpg 120w, https:\/\/veredes.es\/blog\/wp-content\/uploads\/2021\/02\/Nuevo-campus-WPP-en-Madrid-BDG-architecture-design-o10-150x150.jpg 150w\" sizes=\"auto, (max-width: 120px) 100vw, 120px\" \/><\/a>\n\t\t\t<\/div><\/figure><figure class='gallery-item'>\n\t\t\t<div class='gallery-icon landscape'>\n\t\t\t\t<a href='https:\/\/veredes.es\/blog\/wp-content\/uploads\/2021\/02\/Nuevo-campus-WPP-en-Madrid-BDG-architecture-design-o11.jpg'><img loading=\"lazy\" decoding=\"async\" width=\"120\" height=\"120\" src=\"https:\/\/veredes.es\/blog\/wp-content\/uploads\/2021\/02\/Nuevo-campus-WPP-en-Madrid-BDG-architecture-design-o11-120x120.jpg\" class=\"attachment-thumbnail size-thumbnail\" alt=\"\" srcset=\"https:\/\/veredes.es\/blog\/wp-content\/uploads\/2021\/02\/Nuevo-campus-WPP-en-Madrid-BDG-architecture-design-o11-120x120.jpg 120w, https:\/\/veredes.es\/blog\/wp-content\/uploads\/2021\/02\/Nuevo-campus-WPP-en-Madrid-BDG-architecture-design-o11-150x150.jpg 150w\" sizes=\"auto, (max-width: 120px) 100vw, 120px\" \/><\/a>\n\t\t\t<\/div><\/figure><figure class='gallery-item'>\n\t\t\t<div class='gallery-icon landscape'>\n\t\t\t\t<a href='https:\/\/veredes.es\/blog\/wp-content\/uploads\/2021\/02\/Nuevo-campus-WPP-en-Madrid-BDG-architecture-design-o12.jpg'><img loading=\"lazy\" decoding=\"async\" width=\"120\" height=\"120\" src=\"https:\/\/veredes.es\/blog\/wp-content\/uploads\/2021\/02\/Nuevo-campus-WPP-en-Madrid-BDG-architecture-design-o12-120x120.jpg\" class=\"attachment-thumbnail size-thumbnail\" alt=\"\" srcset=\"https:\/\/veredes.es\/blog\/wp-content\/uploads\/2021\/02\/Nuevo-campus-WPP-en-Madrid-BDG-architecture-design-o12-120x120.jpg 120w, https:\/\/veredes.es\/blog\/wp-content\/uploads\/2021\/02\/Nuevo-campus-WPP-en-Madrid-BDG-architecture-design-o12-150x150.jpg 150w\" sizes=\"auto, (max-width: 120px) 100vw, 120px\" \/><\/a>\n\t\t\t<\/div><\/figure><figure class='gallery-item'>\n\t\t\t<div class='gallery-icon landscape'>\n\t\t\t\t<a href='https:\/\/veredes.es\/blog\/wp-content\/uploads\/2021\/02\/Nuevo-campus-WPP-en-Madrid-BDG-architecture-design-o13.jpg'><img loading=\"lazy\" decoding=\"async\" width=\"120\" height=\"120\" src=\"https:\/\/veredes.es\/blog\/wp-content\/uploads\/2021\/02\/Nuevo-campus-WPP-en-Madrid-BDG-architecture-design-o13-120x120.jpg\" class=\"attachment-thumbnail size-thumbnail\" alt=\"\" srcset=\"https:\/\/veredes.es\/blog\/wp-content\/uploads\/2021\/02\/Nuevo-campus-WPP-en-Madrid-BDG-architecture-design-o13-120x120.jpg 120w, https:\/\/veredes.es\/blog\/wp-content\/uploads\/2021\/02\/Nuevo-campus-WPP-en-Madrid-BDG-architecture-design-o13-150x150.jpg 150w\" sizes=\"auto, (max-width: 120px) 100vw, 120px\" \/><\/a>\n\t\t\t<\/div><\/figure><figure class='gallery-item'>\n\t\t\t<div class='gallery-icon portrait'>\n\t\t\t\t<a href='https:\/\/veredes.es\/blog\/wp-content\/uploads\/2021\/02\/Nuevo-campus-WPP-en-Madrid-BDG-architecture-design-o14.jpg'><img loading=\"lazy\" decoding=\"async\" width=\"120\" height=\"120\" src=\"https:\/\/veredes.es\/blog\/wp-content\/uploads\/2021\/02\/Nuevo-campus-WPP-en-Madrid-BDG-architecture-design-o14-120x120.jpg\" class=\"attachment-thumbnail size-thumbnail\" alt=\"\" srcset=\"https:\/\/veredes.es\/blog\/wp-content\/uploads\/2021\/02\/Nuevo-campus-WPP-en-Madrid-BDG-architecture-design-o14-120x120.jpg 120w, https:\/\/veredes.es\/blog\/wp-content\/uploads\/2021\/02\/Nuevo-campus-WPP-en-Madrid-BDG-architecture-design-o14-150x150.jpg 150w\" sizes=\"auto, (max-width: 120px) 100vw, 120px\" \/><\/a>\n\t\t\t<\/div><\/figure><figure class='gallery-item'>\n\t\t\t<div class='gallery-icon landscape'>\n\t\t\t\t<a href='https:\/\/veredes.es\/blog\/wp-content\/uploads\/2021\/02\/Nuevo-campus-WPP-en-Madrid-BDG-architecture-design-o15.jpg'><img loading=\"lazy\" decoding=\"async\" width=\"120\" height=\"120\" src=\"https:\/\/veredes.es\/blog\/wp-content\/uploads\/2021\/02\/Nuevo-campus-WPP-en-Madrid-BDG-architecture-design-o15-120x120.jpg\" class=\"attachment-thumbnail size-thumbnail\" alt=\"\" srcset=\"https:\/\/veredes.es\/blog\/wp-content\/uploads\/2021\/02\/Nuevo-campus-WPP-en-Madrid-BDG-architecture-design-o15-120x120.jpg 120w, https:\/\/veredes.es\/blog\/wp-content\/uploads\/2021\/02\/Nuevo-campus-WPP-en-Madrid-BDG-architecture-design-o15-150x150.jpg 150w\" sizes=\"auto, (max-width: 120px) 100vw, 120px\" \/><\/a>\n\t\t\t<\/div><\/figure><figure class='gallery-item'>\n\t\t\t<div class='gallery-icon landscape'>\n\t\t\t\t<a href='https:\/\/veredes.es\/blog\/wp-content\/uploads\/2021\/02\/Nuevo-campus-WPP-en-Madrid-BDG-architecture-design-o16.jpg'><img loading=\"lazy\" decoding=\"async\" width=\"120\" height=\"120\" src=\"https:\/\/veredes.es\/blog\/wp-content\/uploads\/2021\/02\/Nuevo-campus-WPP-en-Madrid-BDG-architecture-design-o16-120x120.jpg\" class=\"attachment-thumbnail size-thumbnail\" alt=\"\" srcset=\"https:\/\/veredes.es\/blog\/wp-content\/uploads\/2021\/02\/Nuevo-campus-WPP-en-Madrid-BDG-architecture-design-o16-120x120.jpg 120w, https:\/\/veredes.es\/blog\/wp-content\/uploads\/2021\/02\/Nuevo-campus-WPP-en-Madrid-BDG-architecture-design-o16-150x150.jpg 150w\" sizes=\"auto, (max-width: 120px) 100vw, 120px\" \/><\/a>\n\t\t\t<\/div><\/figure><figure class='gallery-item'>\n\t\t\t<div class='gallery-icon landscape'>\n\t\t\t\t<a href='https:\/\/veredes.es\/blog\/wp-content\/uploads\/2021\/02\/Nuevo-campus-WPP-en-Madrid-BDG-architecture-design-o17.jpg'><img loading=\"lazy\" decoding=\"async\" width=\"120\" height=\"120\" src=\"https:\/\/veredes.es\/blog\/wp-content\/uploads\/2021\/02\/Nuevo-campus-WPP-en-Madrid-BDG-architecture-design-o17-120x120.jpg\" class=\"attachment-thumbnail size-thumbnail\" alt=\"\" srcset=\"https:\/\/veredes.es\/blog\/wp-content\/uploads\/2021\/02\/Nuevo-campus-WPP-en-Madrid-BDG-architecture-design-o17-120x120.jpg 120w, https:\/\/veredes.es\/blog\/wp-content\/uploads\/2021\/02\/Nuevo-campus-WPP-en-Madrid-BDG-architecture-design-o17-150x150.jpg 150w\" sizes=\"auto, (max-width: 120px) 100vw, 120px\" \/><\/a>\n\t\t\t<\/div><\/figure><figure class='gallery-item'>\n\t\t\t<div class='gallery-icon landscape'>\n\t\t\t\t<a href='https:\/\/veredes.es\/blog\/wp-content\/uploads\/2021\/02\/Nuevo-campus-WPP-en-Madrid-BDG-architecture-design-o18.jpg'><img loading=\"lazy\" decoding=\"async\" width=\"120\" height=\"120\" src=\"https:\/\/veredes.es\/blog\/wp-content\/uploads\/2021\/02\/Nuevo-campus-WPP-en-Madrid-BDG-architecture-design-o18-120x120.jpg\" class=\"attachment-thumbnail size-thumbnail\" alt=\"\" srcset=\"https:\/\/veredes.es\/blog\/wp-content\/uploads\/2021\/02\/Nuevo-campus-WPP-en-Madrid-BDG-architecture-design-o18-120x120.jpg 120w, https:\/\/veredes.es\/blog\/wp-content\/uploads\/2021\/02\/Nuevo-campus-WPP-en-Madrid-BDG-architecture-design-o18-150x150.jpg 150w\" sizes=\"auto, (max-width: 120px) 100vw, 120px\" \/><\/a>\n\t\t\t<\/div><\/figure><figure class='gallery-item'>\n\t\t\t<div class='gallery-icon portrait'>\n\t\t\t\t<a href='https:\/\/veredes.es\/blog\/wp-content\/uploads\/2021\/02\/Nuevo-campus-WPP-en-Madrid-BDG-architecture-design-o19.jpg'><img loading=\"lazy\" decoding=\"async\" width=\"120\" height=\"120\" src=\"https:\/\/veredes.es\/blog\/wp-content\/uploads\/2021\/02\/Nuevo-campus-WPP-en-Madrid-BDG-architecture-design-o19-120x120.jpg\" class=\"attachment-thumbnail size-thumbnail\" alt=\"\" srcset=\"https:\/\/veredes.es\/blog\/wp-content\/uploads\/2021\/02\/Nuevo-campus-WPP-en-Madrid-BDG-architecture-design-o19-120x120.jpg 120w, https:\/\/veredes.es\/blog\/wp-content\/uploads\/2021\/02\/Nuevo-campus-WPP-en-Madrid-BDG-architecture-design-o19-150x150.jpg 150w\" sizes=\"auto, (max-width: 120px) 100vw, 120px\" \/><\/a>\n\t\t\t<\/div><\/figure><figure class='gallery-item'>\n\t\t\t<div class='gallery-icon portrait'>\n\t\t\t\t<a href='https:\/\/veredes.es\/blog\/wp-content\/uploads\/2021\/02\/Nuevo-campus-WPP-en-Madrid-BDG-architecture-design-o20.jpg'><img loading=\"lazy\" decoding=\"async\" width=\"120\" height=\"120\" src=\"https:\/\/veredes.es\/blog\/wp-content\/uploads\/2021\/02\/Nuevo-campus-WPP-en-Madrid-BDG-architecture-design-o20-120x120.jpg\" class=\"attachment-thumbnail size-thumbnail\" alt=\"\" srcset=\"https:\/\/veredes.es\/blog\/wp-content\/uploads\/2021\/02\/Nuevo-campus-WPP-en-Madrid-BDG-architecture-design-o20-120x120.jpg 120w, https:\/\/veredes.es\/blog\/wp-content\/uploads\/2021\/02\/Nuevo-campus-WPP-en-Madrid-BDG-architecture-design-o20-150x150.jpg 150w\" sizes=\"auto, (max-width: 120px) 100vw, 120px\" \/><\/a>\n\t\t\t<\/div><\/figure><figure class='gallery-item'>\n\t\t\t<div class='gallery-icon landscape'>\n\t\t\t\t<a href='https:\/\/veredes.es\/blog\/wp-content\/uploads\/2021\/02\/Nuevo-campus-WPP-en-Madrid-BDG-architecture-design-o21.jpg'><img loading=\"lazy\" decoding=\"async\" width=\"120\" height=\"120\" src=\"https:\/\/veredes.es\/blog\/wp-content\/uploads\/2021\/02\/Nuevo-campus-WPP-en-Madrid-BDG-architecture-design-o21-120x120.jpg\" class=\"attachment-thumbnail size-thumbnail\" alt=\"\" srcset=\"https:\/\/veredes.es\/blog\/wp-content\/uploads\/2021\/02\/Nuevo-campus-WPP-en-Madrid-BDG-architecture-design-o21-120x120.jpg 120w, https:\/\/veredes.es\/blog\/wp-content\/uploads\/2021\/02\/Nuevo-campus-WPP-en-Madrid-BDG-architecture-design-o21-150x150.jpg 150w\" sizes=\"auto, (max-width: 120px) 100vw, 120px\" \/><\/a>\n\t\t\t<\/div><\/figure><figure class='gallery-item'>\n\t\t\t<div class='gallery-icon landscape'>\n\t\t\t\t<a href='https:\/\/veredes.es\/blog\/wp-content\/uploads\/2021\/02\/Nuevo-campus-WPP-en-Madrid-BDG-architecture-design-o22.jpg'><img loading=\"lazy\" decoding=\"async\" width=\"120\" height=\"120\" src=\"https:\/\/veredes.es\/blog\/wp-content\/uploads\/2021\/02\/Nuevo-campus-WPP-en-Madrid-BDG-architecture-design-o22-120x120.jpg\" class=\"attachment-thumbnail size-thumbnail\" alt=\"\" srcset=\"https:\/\/veredes.es\/blog\/wp-content\/uploads\/2021\/02\/Nuevo-campus-WPP-en-Madrid-BDG-architecture-design-o22-120x120.jpg 120w, https:\/\/veredes.es\/blog\/wp-content\/uploads\/2021\/02\/Nuevo-campus-WPP-en-Madrid-BDG-architecture-design-o22-150x150.jpg 150w\" sizes=\"auto, (max-width: 120px) 100vw, 120px\" \/><\/a>\n\t\t\t<\/div><\/figure><figure class='gallery-item'>\n\t\t\t<div class='gallery-icon portrait'>\n\t\t\t\t<a href='https:\/\/veredes.es\/blog\/wp-content\/uploads\/2021\/02\/Nuevo-campus-WPP-en-Madrid-BDG-architecture-design-o23.jpg'><img loading=\"lazy\" decoding=\"async\" width=\"120\" height=\"120\" src=\"https:\/\/veredes.es\/blog\/wp-content\/uploads\/2021\/02\/Nuevo-campus-WPP-en-Madrid-BDG-architecture-design-o23-120x120.jpg\" class=\"attachment-thumbnail size-thumbnail\" alt=\"\" srcset=\"https:\/\/veredes.es\/blog\/wp-content\/uploads\/2021\/02\/Nuevo-campus-WPP-en-Madrid-BDG-architecture-design-o23-120x120.jpg 120w, https:\/\/veredes.es\/blog\/wp-content\/uploads\/2021\/02\/Nuevo-campus-WPP-en-Madrid-BDG-architecture-design-o23-150x150.jpg 150w\" sizes=\"auto, (max-width: 120px) 100vw, 120px\" \/><\/a>\n\t\t\t<\/div><\/figure><figure class='gallery-item'>\n\t\t\t<div class='gallery-icon portrait'>\n\t\t\t\t<a href='https:\/\/veredes.es\/blog\/wp-content\/uploads\/2021\/02\/Nuevo-campus-WPP-en-Madrid-BDG-architecture-design-o24.jpg'><img loading=\"lazy\" decoding=\"async\" width=\"120\" height=\"120\" src=\"https:\/\/veredes.es\/blog\/wp-content\/uploads\/2021\/02\/Nuevo-campus-WPP-en-Madrid-BDG-architecture-design-o24-120x120.jpg\" class=\"attachment-thumbnail size-thumbnail\" alt=\"\" srcset=\"https:\/\/veredes.es\/blog\/wp-content\/uploads\/2021\/02\/Nuevo-campus-WPP-en-Madrid-BDG-architecture-design-o24-120x120.jpg 120w, https:\/\/veredes.es\/blog\/wp-content\/uploads\/2021\/02\/Nuevo-campus-WPP-en-Madrid-BDG-architecture-design-o24-150x150.jpg 150w\" sizes=\"auto, (max-width: 120px) 100vw, 120px\" \/><\/a>\n\t\t\t<\/div><\/figure><figure class='gallery-item'>\n\t\t\t<div class='gallery-icon landscape'>\n\t\t\t\t<a href='https:\/\/veredes.es\/blog\/wp-content\/uploads\/2021\/02\/Nuevo-campus-WPP-en-Madrid-BDG-architecture-design-o25.jpg'><img loading=\"lazy\" decoding=\"async\" width=\"120\" height=\"120\" src=\"https:\/\/veredes.es\/blog\/wp-content\/uploads\/2021\/02\/Nuevo-campus-WPP-en-Madrid-BDG-architecture-design-o25-120x120.jpg\" class=\"attachment-thumbnail size-thumbnail\" alt=\"\" srcset=\"https:\/\/veredes.es\/blog\/wp-content\/uploads\/2021\/02\/Nuevo-campus-WPP-en-Madrid-BDG-architecture-design-o25-120x120.jpg 120w, https:\/\/veredes.es\/blog\/wp-content\/uploads\/2021\/02\/Nuevo-campus-WPP-en-Madrid-BDG-architecture-design-o25-150x150.jpg 150w\" sizes=\"auto, (max-width: 120px) 100vw, 120px\" \/><\/a>\n\t\t\t<\/div><\/figure><figure class='gallery-item'>\n\t\t\t<div class='gallery-icon landscape'>\n\t\t\t\t<a href='https:\/\/veredes.es\/blog\/wp-content\/uploads\/2021\/02\/Nuevo-campus-WPP-en-Madrid-BDG-architecture-design-o26.jpg'><img loading=\"lazy\" decoding=\"async\" width=\"120\" height=\"120\" src=\"https:\/\/veredes.es\/blog\/wp-content\/uploads\/2021\/02\/Nuevo-campus-WPP-en-Madrid-BDG-architecture-design-o26-120x120.jpg\" class=\"attachment-thumbnail size-thumbnail\" alt=\"\" srcset=\"https:\/\/veredes.es\/blog\/wp-content\/uploads\/2021\/02\/Nuevo-campus-WPP-en-Madrid-BDG-architecture-design-o26-120x120.jpg 120w, https:\/\/veredes.es\/blog\/wp-content\/uploads\/2021\/02\/Nuevo-campus-WPP-en-Madrid-BDG-architecture-design-o26-150x150.jpg 150w\" sizes=\"auto, (max-width: 120px) 100vw, 120px\" \/><\/a>\n\t\t\t<\/div><\/figure><figure class='gallery-item'>\n\t\t\t<div class='gallery-icon landscape'>\n\t\t\t\t<a href='https:\/\/veredes.es\/blog\/wp-content\/uploads\/2021\/02\/Nuevo-campus-WPP-en-Madrid-BDG-architecture-design-o27.jpg'><img loading=\"lazy\" decoding=\"async\" width=\"120\" height=\"120\" src=\"https:\/\/veredes.es\/blog\/wp-content\/uploads\/2021\/02\/Nuevo-campus-WPP-en-Madrid-BDG-architecture-design-o27-120x120.jpg\" class=\"attachment-thumbnail size-thumbnail\" alt=\"\" srcset=\"https:\/\/veredes.es\/blog\/wp-content\/uploads\/2021\/02\/Nuevo-campus-WPP-en-Madrid-BDG-architecture-design-o27-120x120.jpg 120w, https:\/\/veredes.es\/blog\/wp-content\/uploads\/2021\/02\/Nuevo-campus-WPP-en-Madrid-BDG-architecture-design-o27-150x150.jpg 150w\" sizes=\"auto, (max-width: 120px) 100vw, 120px\" \/><\/a>\n\t\t\t<\/div><\/figure><figure class='gallery-item'>\n\t\t\t<div class='gallery-icon landscape'>\n\t\t\t\t<a href='https:\/\/veredes.es\/blog\/wp-content\/uploads\/2021\/02\/Nuevo-campus-WPP-en-Madrid-BDG-architecture-design-o28.jpg'><img loading=\"lazy\" decoding=\"async\" width=\"120\" height=\"120\" src=\"https:\/\/veredes.es\/blog\/wp-content\/uploads\/2021\/02\/Nuevo-campus-WPP-en-Madrid-BDG-architecture-design-o28-120x120.jpg\" class=\"attachment-thumbnail size-thumbnail\" alt=\"\" srcset=\"https:\/\/veredes.es\/blog\/wp-content\/uploads\/2021\/02\/Nuevo-campus-WPP-en-Madrid-BDG-architecture-design-o28-120x120.jpg 120w, https:\/\/veredes.es\/blog\/wp-content\/uploads\/2021\/02\/Nuevo-campus-WPP-en-Madrid-BDG-architecture-design-o28-150x150.jpg 150w\" sizes=\"auto, (max-width: 120px) 100vw, 120px\" \/><\/a>\n\t\t\t<\/div><\/figure><figure class='gallery-item'>\n\t\t\t<div class='gallery-icon landscape'>\n\t\t\t\t<a href='https:\/\/veredes.es\/blog\/wp-content\/uploads\/2021\/02\/Nuevo-campus-WPP-en-Madrid-BDG-architecture-design-o29.jpg'><img loading=\"lazy\" decoding=\"async\" width=\"120\" height=\"120\" src=\"https:\/\/veredes.es\/blog\/wp-content\/uploads\/2021\/02\/Nuevo-campus-WPP-en-Madrid-BDG-architecture-design-o29-120x120.jpg\" class=\"attachment-thumbnail size-thumbnail\" alt=\"\" srcset=\"https:\/\/veredes.es\/blog\/wp-content\/uploads\/2021\/02\/Nuevo-campus-WPP-en-Madrid-BDG-architecture-design-o29-120x120.jpg 120w, https:\/\/veredes.es\/blog\/wp-content\/uploads\/2021\/02\/Nuevo-campus-WPP-en-Madrid-BDG-architecture-design-o29-150x150.jpg 150w\" sizes=\"auto, (max-width: 120px) 100vw, 120px\" \/><\/a>\n\t\t\t<\/div><\/figure><figure class='gallery-item'>\n\t\t\t<div class='gallery-icon landscape'>\n\t\t\t\t<a href='https:\/\/veredes.es\/blog\/wp-content\/uploads\/2021\/02\/Nuevo-campus-WPP-en-Madrid-BDG-architecture-design-o30.jpg'><img loading=\"lazy\" decoding=\"async\" width=\"120\" height=\"120\" src=\"https:\/\/veredes.es\/blog\/wp-content\/uploads\/2021\/02\/Nuevo-campus-WPP-en-Madrid-BDG-architecture-design-o30-120x120.jpg\" class=\"attachment-thumbnail size-thumbnail\" alt=\"\" srcset=\"https:\/\/veredes.es\/blog\/wp-content\/uploads\/2021\/02\/Nuevo-campus-WPP-en-Madrid-BDG-architecture-design-o30-120x120.jpg 120w, https:\/\/veredes.es\/blog\/wp-content\/uploads\/2021\/02\/Nuevo-campus-WPP-en-Madrid-BDG-architecture-design-o30-150x150.jpg 150w\" sizes=\"auto, (max-width: 120px) 100vw, 120px\" \/><\/a>\n\t\t\t<\/div><\/figure><figure class='gallery-item'>\n\t\t\t<div class='gallery-icon landscape'>\n\t\t\t\t<a href='https:\/\/veredes.es\/blog\/wp-content\/uploads\/2021\/02\/Nuevo-campus-WPP-en-Madrid-BDG-architecture-design-o31-Level-2.jpg'><img loading=\"lazy\" decoding=\"async\" width=\"120\" height=\"120\" src=\"https:\/\/veredes.es\/blog\/wp-content\/uploads\/2021\/02\/Nuevo-campus-WPP-en-Madrid-BDG-architecture-design-o31-Level-2-120x120.jpg\" class=\"attachment-thumbnail size-thumbnail\" alt=\"\" srcset=\"https:\/\/veredes.es\/blog\/wp-content\/uploads\/2021\/02\/Nuevo-campus-WPP-en-Madrid-BDG-architecture-design-o31-Level-2-120x120.jpg 120w, https:\/\/veredes.es\/blog\/wp-content\/uploads\/2021\/02\/Nuevo-campus-WPP-en-Madrid-BDG-architecture-design-o31-Level-2-150x150.jpg 150w\" sizes=\"auto, (max-width: 120px) 100vw, 120px\" \/><\/a>\n\t\t\t<\/div><\/figure><figure class='gallery-item'>\n\t\t\t<div class='gallery-icon landscape'>\n\t\t\t\t<a href='https:\/\/veredes.es\/blog\/wp-content\/uploads\/2021\/02\/Nuevo-campus-WPP-en-Madrid-BDG-architecture-design-o32-Level-0.jpg'><img loading=\"lazy\" decoding=\"async\" width=\"120\" height=\"120\" src=\"https:\/\/veredes.es\/blog\/wp-content\/uploads\/2021\/02\/Nuevo-campus-WPP-en-Madrid-BDG-architecture-design-o32-Level-0-120x120.jpg\" class=\"attachment-thumbnail size-thumbnail\" alt=\"\" srcset=\"https:\/\/veredes.es\/blog\/wp-content\/uploads\/2021\/02\/Nuevo-campus-WPP-en-Madrid-BDG-architecture-design-o32-Level-0-120x120.jpg 120w, https:\/\/veredes.es\/blog\/wp-content\/uploads\/2021\/02\/Nuevo-campus-WPP-en-Madrid-BDG-architecture-design-o32-Level-0-150x150.jpg 150w\" sizes=\"auto, (max-width: 120px) 100vw, 120px\" \/><\/a>\n\t\t\t<\/div><\/figure>\n\t\t<\/div>\n\n<p>Obra: Campus WPP Madrid<br \/>\nCliente: WPP<br \/>\nAutores: BDG architecture + design<br \/>\nColaboradores: b720 Ferm\u00edn V\u00e1zquez Arquitectos<br \/>\nSuperficie: 35,000 m\u00b2<br \/>\nUbicaci\u00f3n: Madrid<br \/>\nEstado: Obra finalizada<br \/>\nA\u00f1o: 2019<br \/>\nFotograf\u00eda: <a href=\"https:\/\/garethgardner.com\/\" target=\"_blank\" rel=\"noopener noreferrer\">Gareth Gardner<\/a><br \/>\n<a href=\"http:\/\/b720.com\/es\/\" target=\"_blank\" rel=\"noopener noreferrer\"><span style=\"color: #999999;\">+ b720.com\/es\/<\/span><\/a><br \/>\n<a href=\"http:\/\/www.bdg-a-d.com\/\" target=\"_blank\" rel=\"noopener noreferrer\"><span style=\"color: #999999;\">+ bdg-a-d.com<\/span><\/a><\/p>\n","protected":false},"excerpt":{"rendered":"<p>Como parte del proyecto de transformaci\u00f3n del espacio de trabajo de WPP, BDG architecture + design ha creado un impresionante y din\u00e1mico campus para las empresas que el grupo posee en Madrid, y que acoger\u00e1 alrededor de 2.500 empleados. El traslado al centro de la ciudad forma parte de la estrategia de la compa\u00f1\u00eda para [&hellip;]<\/p>\n","protected":false},"author":2,"featured_media":82812,"comment_status":"open","ping_status":"closed","sticky":false,"template":"","format":"standard","meta":{"footnotes":""},"categories":[34,2037,488,23,1159,5951],"tags":[12448,5316,15147,12470,12443,12457,814,12463,1004,1005,12464,15148],"class_list":{"0":"post-82795","1":"post","2":"type-post","3":"status-publish","4":"format-standard","5":"has-post-thumbnail","7":"category-arquitectura","8":"category-equipamiento-docente-arquitectura","9":"category-equipamiento-dotacional","10":"category-obras","11":"category-rehabilitacion","12":"category-slider-principal","13":"tag-arquitectura","14":"tag-b720-fermin-vazquez-arquitectos","15":"tag-bdg-architecture-design","16":"tag-diseno","17":"tag-equipamiento-docente","18":"tag-equipamiento-dotacional","19":"tag-madrid","20":"tag-patrimonio","21":"tag-patrimonio-historico","22":"tag-patrimonio-industrial","23":"tag-rehabilitacion","24":"tag-wpp"},"yoast_head":"<!-- This site is optimized with the Yoast SEO plugin v27.5 - https:\/\/yoast.com\/product\/yoast-seo-wordpress\/ -->\n<title>Nuevo campus WPP en Madrid | BDG architecture + design - veredes<\/title>\n<meta name=\"description\" content=\"Toda la informaci\u00f3n sobre: Nuevo campus WPP en Madrid | BDG architecture + design\" \/>\n<meta name=\"robots\" content=\"index, follow, max-snippet:-1, max-image-preview:large, max-video-preview:-1\" \/>\n<link rel=\"canonical\" href=\"https:\/\/veredes.es\/blog\/nuevo-campus-wpp-en-madrid-bdg-architecture-design\/\" \/>\n<meta property=\"og:locale\" content=\"es_ES\" \/>\n<meta property=\"og:type\" content=\"article\" \/>\n<meta property=\"og:title\" content=\"Nuevo campus WPP en Madrid | BDG architecture + design - veredes\" \/>\n<meta property=\"og:description\" content=\"Toda la informaci\u00f3n sobre: Nuevo campus WPP en Madrid | BDG architecture + design\" \/>\n<meta property=\"og:url\" content=\"https:\/\/veredes.es\/blog\/nuevo-campus-wpp-en-madrid-bdg-architecture-design\/\" \/>\n<meta property=\"og:site_name\" content=\"veredes, arquitectura y divulgaci\u00f3n\" \/>\n<meta property=\"article:publisher\" content=\"https:\/\/www.facebook.com\/veredesArquitecturayDivulgacion\/\" \/>\n<meta property=\"article:author\" content=\"https:\/\/www.facebook.com\/veredesArquitecturayDivulgacion\/\" \/>\n<meta property=\"article:published_time\" content=\"2021-03-02T23:01:52+00:00\" \/>\n<meta property=\"og:image\" content=\"https:\/\/veredes.es\/blog\/wp-content\/uploads\/2021\/02\/Nuevo-campus-WPP-en-Madrid-BDG-architecture-design-o15.jpg\" \/>\n\t<meta property=\"og:image:width\" content=\"1200\" \/>\n\t<meta property=\"og:image:height\" content=\"800\" \/>\n\t<meta property=\"og:image:type\" content=\"image\/jpeg\" \/>\n<meta name=\"author\" content=\"veredes\" \/>\n<meta name=\"twitter:card\" content=\"summary_large_image\" \/>\n<meta name=\"twitter:creator\" content=\"@https:\/\/twitter.com\/veredes\" \/>\n<meta name=\"twitter:site\" content=\"@veredes\" \/>\n<meta name=\"twitter:label1\" content=\"Escrito por\" \/>\n\t<meta name=\"twitter:data1\" content=\"veredes\" \/>\n\t<meta name=\"twitter:label2\" content=\"Tiempo de lectura\" \/>\n\t<meta name=\"twitter:data2\" content=\"4 minutos\" \/>\n<script type=\"application\/ld+json\" class=\"yoast-schema-graph\">{\"@context\":\"https:\\\/\\\/schema.org\",\"@graph\":[{\"@type\":\"Article\",\"@id\":\"https:\\\/\\\/veredes.es\\\/blog\\\/nuevo-campus-wpp-en-madrid-bdg-architecture-design\\\/#article\",\"isPartOf\":{\"@id\":\"https:\\\/\\\/veredes.es\\\/blog\\\/nuevo-campus-wpp-en-madrid-bdg-architecture-design\\\/\"},\"author\":{\"name\":\"veredes\",\"@id\":\"https:\\\/\\\/veredes.es\\\/blog\\\/#\\\/schema\\\/person\\\/0bbb669073ef7faba5168a0844e93d2c\"},\"headline\":\"Nuevo campus WPP en Madrid | BDG architecture + design\",\"datePublished\":\"2021-03-02T23:01:52+00:00\",\"mainEntityOfPage\":{\"@id\":\"https:\\\/\\\/veredes.es\\\/blog\\\/nuevo-campus-wpp-en-madrid-bdg-architecture-design\\\/\"},\"wordCount\":773,\"commentCount\":0,\"publisher\":{\"@id\":\"https:\\\/\\\/veredes.es\\\/blog\\\/#organization\"},\"image\":{\"@id\":\"https:\\\/\\\/veredes.es\\\/blog\\\/nuevo-campus-wpp-en-madrid-bdg-architecture-design\\\/#primaryimage\"},\"thumbnailUrl\":\"https:\\\/\\\/veredes.es\\\/blog\\\/wp-content\\\/uploads\\\/2021\\\/02\\\/Nuevo-campus-WPP-en-Madrid-BDG-architecture-design-o15.jpg\",\"keywords\":[\"arquitectura\",\"b720 Ferm\u00edn V\u00e1zquez arquitectos\",\"BDG architecture + design\",\"dise\u00f1o\",\"equipamiento docente\",\"equipamiento dotacional\",\"Madrid\",\"patrimonio\",\"patrimonio hist\u00f3rico\",\"patrimonio industrial\",\"rehabilitaci\u00f3n\",\"WPP\"],\"articleSection\":[\"arquitectura\",\"equipamiento docente\",\"equipamiento dotacional\",\"obras\",\"rehabilitaci\u00f3n\",\"slider principal\"],\"inLanguage\":\"es\",\"potentialAction\":[{\"@type\":\"CommentAction\",\"name\":\"Comment\",\"target\":[\"https:\\\/\\\/veredes.es\\\/blog\\\/nuevo-campus-wpp-en-madrid-bdg-architecture-design\\\/#respond\"]}]},{\"@type\":\"WebPage\",\"@id\":\"https:\\\/\\\/veredes.es\\\/blog\\\/nuevo-campus-wpp-en-madrid-bdg-architecture-design\\\/\",\"url\":\"https:\\\/\\\/veredes.es\\\/blog\\\/nuevo-campus-wpp-en-madrid-bdg-architecture-design\\\/\",\"name\":\"Nuevo campus WPP en Madrid | BDG architecture + design - veredes\",\"isPartOf\":{\"@id\":\"https:\\\/\\\/veredes.es\\\/blog\\\/#website\"},\"primaryImageOfPage\":{\"@id\":\"https:\\\/\\\/veredes.es\\\/blog\\\/nuevo-campus-wpp-en-madrid-bdg-architecture-design\\\/#primaryimage\"},\"image\":{\"@id\":\"https:\\\/\\\/veredes.es\\\/blog\\\/nuevo-campus-wpp-en-madrid-bdg-architecture-design\\\/#primaryimage\"},\"thumbnailUrl\":\"https:\\\/\\\/veredes.es\\\/blog\\\/wp-content\\\/uploads\\\/2021\\\/02\\\/Nuevo-campus-WPP-en-Madrid-BDG-architecture-design-o15.jpg\",\"datePublished\":\"2021-03-02T23:01:52+00:00\",\"description\":\"Toda la informaci\u00f3n sobre: Nuevo campus WPP en Madrid | BDG architecture + design\",\"breadcrumb\":{\"@id\":\"https:\\\/\\\/veredes.es\\\/blog\\\/nuevo-campus-wpp-en-madrid-bdg-architecture-design\\\/#breadcrumb\"},\"inLanguage\":\"es\",\"potentialAction\":[{\"@type\":\"ReadAction\",\"target\":[\"https:\\\/\\\/veredes.es\\\/blog\\\/nuevo-campus-wpp-en-madrid-bdg-architecture-design\\\/\"]}]},{\"@type\":\"ImageObject\",\"inLanguage\":\"es\",\"@id\":\"https:\\\/\\\/veredes.es\\\/blog\\\/nuevo-campus-wpp-en-madrid-bdg-architecture-design\\\/#primaryimage\",\"url\":\"https:\\\/\\\/veredes.es\\\/blog\\\/wp-content\\\/uploads\\\/2021\\\/02\\\/Nuevo-campus-WPP-en-Madrid-BDG-architecture-design-o15.jpg\",\"contentUrl\":\"https:\\\/\\\/veredes.es\\\/blog\\\/wp-content\\\/uploads\\\/2021\\\/02\\\/Nuevo-campus-WPP-en-Madrid-BDG-architecture-design-o15.jpg\",\"width\":1200,\"height\":800},{\"@type\":\"BreadcrumbList\",\"@id\":\"https:\\\/\\\/veredes.es\\\/blog\\\/nuevo-campus-wpp-en-madrid-bdg-architecture-design\\\/#breadcrumb\",\"itemListElement\":[{\"@type\":\"ListItem\",\"position\":1,\"name\":\"Portada\",\"item\":\"https:\\\/\\\/veredes.es\\\/blog\\\/\"},{\"@type\":\"ListItem\",\"position\":2,\"name\":\"Nuevo campus WPP en Madrid | BDG architecture + design\"}]},{\"@type\":\"WebSite\",\"@id\":\"https:\\\/\\\/veredes.es\\\/blog\\\/#website\",\"url\":\"https:\\\/\\\/veredes.es\\\/blog\\\/\",\"name\":\"veredes, arquitectura y divulgaci\u00f3n\",\"description\":\"veredes\",\"publisher\":{\"@id\":\"https:\\\/\\\/veredes.es\\\/blog\\\/#organization\"},\"alternateName\":\"veredes\",\"potentialAction\":[{\"@type\":\"SearchAction\",\"target\":{\"@type\":\"EntryPoint\",\"urlTemplate\":\"https:\\\/\\\/veredes.es\\\/blog\\\/?s={search_term_string}\"},\"query-input\":{\"@type\":\"PropertyValueSpecification\",\"valueRequired\":true,\"valueName\":\"search_term_string\"}}],\"inLanguage\":\"es\"},{\"@type\":\"Organization\",\"@id\":\"https:\\\/\\\/veredes.es\\\/blog\\\/#organization\",\"name\":\"veredes, arquitectura y divulgaci\u00f3n\",\"alternateName\":\"veredes\",\"url\":\"https:\\\/\\\/veredes.es\\\/blog\\\/\",\"logo\":{\"@type\":\"ImageObject\",\"inLanguage\":\"es\",\"@id\":\"https:\\\/\\\/veredes.es\\\/blog\\\/#\\\/schema\\\/logo\\\/image\\\/\",\"url\":\"https:\\\/\\\/veredes.es\\\/blog\\\/wp-content\\\/uploads\\\/2021\\\/12\\\/veredes-logo-centrado_140x54.png\",\"contentUrl\":\"https:\\\/\\\/veredes.es\\\/blog\\\/wp-content\\\/uploads\\\/2021\\\/12\\\/veredes-logo-centrado_140x54.png\",\"width\":140,\"height\":54,\"caption\":\"veredes, arquitectura y divulgaci\u00f3n\"},\"image\":{\"@id\":\"https:\\\/\\\/veredes.es\\\/blog\\\/#\\\/schema\\\/logo\\\/image\\\/\"},\"sameAs\":[\"https:\\\/\\\/www.facebook.com\\\/veredesArquitecturayDivulgacion\\\/\",\"https:\\\/\\\/x.com\\\/veredes\",\"https:\\\/\\\/instagram.com\\\/veredes\\\/\",\"https:\\\/\\\/www.linkedin.com\\\/company\\\/veredes-arquitectura-y-divulgacion\\\/\",\"https:\\\/\\\/es.pinterest.com\\\/veredes\\\/\",\"https:\\\/\\\/www.tumblr.com\\\/veredes\"]},{\"@type\":\"Person\",\"@id\":\"https:\\\/\\\/veredes.es\\\/blog\\\/#\\\/schema\\\/person\\\/0bbb669073ef7faba5168a0844e93d2c\",\"name\":\"veredes\",\"image\":{\"@type\":\"ImageObject\",\"inLanguage\":\"es\",\"@id\":\"https:\\\/\\\/veredes.es\\\/blog\\\/wp-content\\\/uploads\\\/2018\\\/04\\\/face-96x96.jpg\",\"url\":\"https:\\\/\\\/veredes.es\\\/blog\\\/wp-content\\\/uploads\\\/2018\\\/04\\\/face-96x96.jpg\",\"contentUrl\":\"https:\\\/\\\/veredes.es\\\/blog\\\/wp-content\\\/uploads\\\/2018\\\/04\\\/face-96x96.jpg\",\"caption\":\"veredes\"},\"description\":\"Surge enero de 2009 como b\u00fasqueda de satisfacer el conocimiento de la actividad arquitect\u00f3nica y tangentes que se generan. La idea es crear un espacio para divulgar los diversos proyectos en busca de nueva inspiraci\u00f3n y de intercambio.\",\"sameAs\":[\"https:\\\/\\\/veredes.es\\\/\",\"https:\\\/\\\/www.facebook.com\\\/veredesArquitecturayDivulgacion\\\/\",\"https:\\\/\\\/www.instagram.com\\\/veredes\\\/\",\"https:\\\/\\\/www.linkedin.com\\\/company\\\/veredes-arquitectura-y-divulgacion\\\/\",\"https:\\\/\\\/www.pinterest.es\\\/veredes\\\/\",\"https:\\\/\\\/x.com\\\/https:\\\/\\\/twitter.com\\\/veredes\",\"https:\\\/\\\/veredes.tumblr.com\\\/\"],\"url\":\"https:\\\/\\\/veredes.es\\\/blog\\\/author\\\/alberto\\\/\"}]}<\/script>\n<!-- \/ Yoast SEO plugin. -->","yoast_head_json":{"title":"Nuevo campus WPP en Madrid | BDG architecture + design - veredes","description":"Toda la informaci\u00f3n sobre: Nuevo campus WPP en Madrid | BDG architecture + design","robots":{"index":"index","follow":"follow","max-snippet":"max-snippet:-1","max-image-preview":"max-image-preview:large","max-video-preview":"max-video-preview:-1"},"canonical":"https:\/\/veredes.es\/blog\/nuevo-campus-wpp-en-madrid-bdg-architecture-design\/","og_locale":"es_ES","og_type":"article","og_title":"Nuevo campus WPP en Madrid | BDG architecture + design - veredes","og_description":"Toda la informaci\u00f3n sobre: Nuevo campus WPP en Madrid | BDG architecture + design","og_url":"https:\/\/veredes.es\/blog\/nuevo-campus-wpp-en-madrid-bdg-architecture-design\/","og_site_name":"veredes, arquitectura y divulgaci\u00f3n","article_publisher":"https:\/\/www.facebook.com\/veredesArquitecturayDivulgacion\/","article_author":"https:\/\/www.facebook.com\/veredesArquitecturayDivulgacion\/","article_published_time":"2021-03-02T23:01:52+00:00","og_image":[{"width":1200,"height":800,"url":"https:\/\/veredes.es\/blog\/wp-content\/uploads\/2021\/02\/Nuevo-campus-WPP-en-Madrid-BDG-architecture-design-o15.jpg","type":"image\/jpeg"}],"author":"veredes","twitter_card":"summary_large_image","twitter_creator":"@https:\/\/twitter.com\/veredes","twitter_site":"@veredes","twitter_misc":{"Escrito por":"veredes","Tiempo de lectura":"4 minutos"},"schema":{"@context":"https:\/\/schema.org","@graph":[{"@type":"Article","@id":"https:\/\/veredes.es\/blog\/nuevo-campus-wpp-en-madrid-bdg-architecture-design\/#article","isPartOf":{"@id":"https:\/\/veredes.es\/blog\/nuevo-campus-wpp-en-madrid-bdg-architecture-design\/"},"author":{"name":"veredes","@id":"https:\/\/veredes.es\/blog\/#\/schema\/person\/0bbb669073ef7faba5168a0844e93d2c"},"headline":"Nuevo campus WPP en Madrid | BDG architecture + design","datePublished":"2021-03-02T23:01:52+00:00","mainEntityOfPage":{"@id":"https:\/\/veredes.es\/blog\/nuevo-campus-wpp-en-madrid-bdg-architecture-design\/"},"wordCount":773,"commentCount":0,"publisher":{"@id":"https:\/\/veredes.es\/blog\/#organization"},"image":{"@id":"https:\/\/veredes.es\/blog\/nuevo-campus-wpp-en-madrid-bdg-architecture-design\/#primaryimage"},"thumbnailUrl":"https:\/\/veredes.es\/blog\/wp-content\/uploads\/2021\/02\/Nuevo-campus-WPP-en-Madrid-BDG-architecture-design-o15.jpg","keywords":["arquitectura","b720 Ferm\u00edn V\u00e1zquez arquitectos","BDG architecture + design","dise\u00f1o","equipamiento docente","equipamiento dotacional","Madrid","patrimonio","patrimonio hist\u00f3rico","patrimonio industrial","rehabilitaci\u00f3n","WPP"],"articleSection":["arquitectura","equipamiento docente","equipamiento dotacional","obras","rehabilitaci\u00f3n","slider principal"],"inLanguage":"es","potentialAction":[{"@type":"CommentAction","name":"Comment","target":["https:\/\/veredes.es\/blog\/nuevo-campus-wpp-en-madrid-bdg-architecture-design\/#respond"]}]},{"@type":"WebPage","@id":"https:\/\/veredes.es\/blog\/nuevo-campus-wpp-en-madrid-bdg-architecture-design\/","url":"https:\/\/veredes.es\/blog\/nuevo-campus-wpp-en-madrid-bdg-architecture-design\/","name":"Nuevo campus WPP en Madrid | BDG architecture + design - veredes","isPartOf":{"@id":"https:\/\/veredes.es\/blog\/#website"},"primaryImageOfPage":{"@id":"https:\/\/veredes.es\/blog\/nuevo-campus-wpp-en-madrid-bdg-architecture-design\/#primaryimage"},"image":{"@id":"https:\/\/veredes.es\/blog\/nuevo-campus-wpp-en-madrid-bdg-architecture-design\/#primaryimage"},"thumbnailUrl":"https:\/\/veredes.es\/blog\/wp-content\/uploads\/2021\/02\/Nuevo-campus-WPP-en-Madrid-BDG-architecture-design-o15.jpg","datePublished":"2021-03-02T23:01:52+00:00","description":"Toda la informaci\u00f3n sobre: Nuevo campus WPP en Madrid | BDG architecture + design","breadcrumb":{"@id":"https:\/\/veredes.es\/blog\/nuevo-campus-wpp-en-madrid-bdg-architecture-design\/#breadcrumb"},"inLanguage":"es","potentialAction":[{"@type":"ReadAction","target":["https:\/\/veredes.es\/blog\/nuevo-campus-wpp-en-madrid-bdg-architecture-design\/"]}]},{"@type":"ImageObject","inLanguage":"es","@id":"https:\/\/veredes.es\/blog\/nuevo-campus-wpp-en-madrid-bdg-architecture-design\/#primaryimage","url":"https:\/\/veredes.es\/blog\/wp-content\/uploads\/2021\/02\/Nuevo-campus-WPP-en-Madrid-BDG-architecture-design-o15.jpg","contentUrl":"https:\/\/veredes.es\/blog\/wp-content\/uploads\/2021\/02\/Nuevo-campus-WPP-en-Madrid-BDG-architecture-design-o15.jpg","width":1200,"height":800},{"@type":"BreadcrumbList","@id":"https:\/\/veredes.es\/blog\/nuevo-campus-wpp-en-madrid-bdg-architecture-design\/#breadcrumb","itemListElement":[{"@type":"ListItem","position":1,"name":"Portada","item":"https:\/\/veredes.es\/blog\/"},{"@type":"ListItem","position":2,"name":"Nuevo campus WPP en Madrid | BDG architecture + design"}]},{"@type":"WebSite","@id":"https:\/\/veredes.es\/blog\/#website","url":"https:\/\/veredes.es\/blog\/","name":"veredes, arquitectura y divulgaci\u00f3n","description":"veredes","publisher":{"@id":"https:\/\/veredes.es\/blog\/#organization"},"alternateName":"veredes","potentialAction":[{"@type":"SearchAction","target":{"@type":"EntryPoint","urlTemplate":"https:\/\/veredes.es\/blog\/?s={search_term_string}"},"query-input":{"@type":"PropertyValueSpecification","valueRequired":true,"valueName":"search_term_string"}}],"inLanguage":"es"},{"@type":"Organization","@id":"https:\/\/veredes.es\/blog\/#organization","name":"veredes, arquitectura y divulgaci\u00f3n","alternateName":"veredes","url":"https:\/\/veredes.es\/blog\/","logo":{"@type":"ImageObject","inLanguage":"es","@id":"https:\/\/veredes.es\/blog\/#\/schema\/logo\/image\/","url":"https:\/\/veredes.es\/blog\/wp-content\/uploads\/2021\/12\/veredes-logo-centrado_140x54.png","contentUrl":"https:\/\/veredes.es\/blog\/wp-content\/uploads\/2021\/12\/veredes-logo-centrado_140x54.png","width":140,"height":54,"caption":"veredes, arquitectura y divulgaci\u00f3n"},"image":{"@id":"https:\/\/veredes.es\/blog\/#\/schema\/logo\/image\/"},"sameAs":["https:\/\/www.facebook.com\/veredesArquitecturayDivulgacion\/","https:\/\/x.com\/veredes","https:\/\/instagram.com\/veredes\/","https:\/\/www.linkedin.com\/company\/veredes-arquitectura-y-divulgacion\/","https:\/\/es.pinterest.com\/veredes\/","https:\/\/www.tumblr.com\/veredes"]},{"@type":"Person","@id":"https:\/\/veredes.es\/blog\/#\/schema\/person\/0bbb669073ef7faba5168a0844e93d2c","name":"veredes","image":{"@type":"ImageObject","inLanguage":"es","@id":"https:\/\/veredes.es\/blog\/wp-content\/uploads\/2018\/04\/face-96x96.jpg","url":"https:\/\/veredes.es\/blog\/wp-content\/uploads\/2018\/04\/face-96x96.jpg","contentUrl":"https:\/\/veredes.es\/blog\/wp-content\/uploads\/2018\/04\/face-96x96.jpg","caption":"veredes"},"description":"Surge enero de 2009 como b\u00fasqueda de satisfacer el conocimiento de la actividad arquitect\u00f3nica y tangentes que se generan. La idea es crear un espacio para divulgar los diversos proyectos en busca de nueva inspiraci\u00f3n y de intercambio.","sameAs":["https:\/\/veredes.es\/","https:\/\/www.facebook.com\/veredesArquitecturayDivulgacion\/","https:\/\/www.instagram.com\/veredes\/","https:\/\/www.linkedin.com\/company\/veredes-arquitectura-y-divulgacion\/","https:\/\/www.pinterest.es\/veredes\/","https:\/\/x.com\/https:\/\/twitter.com\/veredes","https:\/\/veredes.tumblr.com\/"],"url":"https:\/\/veredes.es\/blog\/author\/alberto\/"}]}},"_links":{"self":[{"href":"https:\/\/veredes.es\/blog\/wp-json\/wp\/v2\/posts\/82795","targetHints":{"allow":["GET"]}}],"collection":[{"href":"https:\/\/veredes.es\/blog\/wp-json\/wp\/v2\/posts"}],"about":[{"href":"https:\/\/veredes.es\/blog\/wp-json\/wp\/v2\/types\/post"}],"author":[{"embeddable":true,"href":"https:\/\/veredes.es\/blog\/wp-json\/wp\/v2\/users\/2"}],"replies":[{"embeddable":true,"href":"https:\/\/veredes.es\/blog\/wp-json\/wp\/v2\/comments?post=82795"}],"version-history":[{"count":0,"href":"https:\/\/veredes.es\/blog\/wp-json\/wp\/v2\/posts\/82795\/revisions"}],"wp:featuredmedia":[{"embeddable":true,"href":"https:\/\/veredes.es\/blog\/wp-json\/wp\/v2\/media\/82812"}],"wp:attachment":[{"href":"https:\/\/veredes.es\/blog\/wp-json\/wp\/v2\/media?parent=82795"}],"wp:term":[{"taxonomy":"category","embeddable":true,"href":"https:\/\/veredes.es\/blog\/wp-json\/wp\/v2\/categories?post=82795"},{"taxonomy":"post_tag","embeddable":true,"href":"https:\/\/veredes.es\/blog\/wp-json\/wp\/v2\/tags?post=82795"}],"curies":[{"name":"wp","href":"https:\/\/api.w.org\/{rel}","templated":true}]}}