{"id":82107,"date":"2021-01-12T00:01:44","date_gmt":"2021-01-11T23:01:44","guid":{"rendered":"https:\/\/veredes.es\/blog\/?p=82107"},"modified":"2026-03-07T11:40:12","modified_gmt":"2026-03-07T10:40:12","slug":"ciudad-abierta-repensando-la-ciudad-postindustrial","status":"publish","type":"post","link":"https:\/\/veredes.es\/blog\/ciudad-abierta-repensando-la-ciudad-postindustrial\/","title":{"rendered":"Ciudad Abierta. Re-pensando la ciudad postindustrial"},"content":{"rendered":"<p><img loading=\"lazy\" decoding=\"async\" class=\"alignnone size-full wp-image-82108\" src=\"https:\/\/veredes.es\/blog\/wp-content\/uploads\/2020\/11\/Ciudad-Abierta.-Re-pensando-la-ciudad-postindustrial.jpg\" alt=\"\" width=\"1200\" height=\"1703\" srcset=\"https:\/\/veredes.es\/blog\/wp-content\/uploads\/2020\/11\/Ciudad-Abierta.-Re-pensando-la-ciudad-postindustrial.jpg 1200w, https:\/\/veredes.es\/blog\/wp-content\/uploads\/2020\/11\/Ciudad-Abierta.-Re-pensando-la-ciudad-postindustrial-211x300.jpg 211w, https:\/\/veredes.es\/blog\/wp-content\/uploads\/2020\/11\/Ciudad-Abierta.-Re-pensando-la-ciudad-postindustrial-722x1024.jpg 722w, https:\/\/veredes.es\/blog\/wp-content\/uploads\/2020\/11\/Ciudad-Abierta.-Re-pensando-la-ciudad-postindustrial-1082x1536.jpg 1082w\" sizes=\"auto, (max-width: 1200px) 100vw, 1200px\" \/><\/p>\n<p style=\"text-align: justify;\">Actualmente el 55% de la poblaci\u00f3n mundial vive en ciudades, alcanzando previsiblemente el 70% en 2050. Las ciudades son organismos en continua transformaci\u00f3n: crecimiento, cambio, pero tambi\u00e9n encogimiento o colapso. <a href=\"http:\/\/actar.com\/product\/open-city\/\" target=\"_blank\" rel=\"noopener noreferrer\">Open City<\/a> explora y especula desde la contemporaneidad sobre el futuro de la ciudad postindustrial, donde archipi\u00e9lagos industriales (S), frames (XL) y singularidades obsoletas o desprogramadas (M\/L) representan contextos cr\u00edticos pero tambi\u00e9n oportunidades para una nueva Open City.<\/p>\n<p style=\"text-align: justify;\">Los sistemas abiertos han sido el foco de investigaci\u00f3n de CoLab.\u00a0Este libro recopila algunas ideas contempor\u00e1neas relevantes y atractivas, incluidas las contribuciones de <a href=\"https:\/\/veredes.es\/blog\/tag\/andres-jaque\/\" target=\"_blank\" rel=\"noopener noreferrer\">Andr\u00e9s Jaque<\/a>, <a href=\"https:\/\/veredes.es\/blog\/tag\/juan-herreros\/\" target=\"_blank\" rel=\"noopener noreferrer\">Juan Herreros<\/a>, Philipp Oswalt, Momojo Kaijima (<a href=\"https:\/\/veredes.es\/blog\/tag\/atelier-bow-wow\/\" target=\"_blank\" rel=\"noopener noreferrer\">Atelier Bow-Wow<\/a>), <a href=\"https:\/\/veredes.es\/blog\/tag\/langarita-navarro\/\" target=\"_blank\" rel=\"noopener noreferrer\">Langarita + Navarro<\/a> o <a href=\"https:\/\/veredes.es\/blog\/tag\/cedric-price\/\" target=\"_blank\" rel=\"noopener noreferrer\">Cedric Price<\/a>, entre otros.<\/p>\n<p><iframe title=\"Open City\" src=\"https:\/\/e.issuu.com\/embed.html?u=actar&#038;d=open_city\" style=\"border:none; width: 696px; height: 534px;\" allow=\"clipboard-write,allow-top-navigation,allow-top-navigation-by-user-activation,allow-downloads,allow-scripts,allow-same-origin,allow-popups,allow-modals,allow-popups-to-escape-sandbox,allow-forms\"  allowfullscreen=\"true\"><\/iframe><\/p>\n<p>&nbsp;<\/p>\n","protected":false},"excerpt":{"rendered":"<p>Actualmente el 55% de la poblaci\u00f3n mundial vive en ciudades, alcanzando previsiblemente el 70% en 2050. Las ciudades son organismos en continua transformaci\u00f3n: crecimiento, cambio, pero tambi\u00e9n encogimiento o colapso. Open City explora y especula desde la contemporaneidad sobre el futuro de la ciudad postindustrial, donde archipi\u00e9lagos industriales (S), frames (XL) y singularidades obsoletas o [&hellip;]<\/p>\n","protected":false},"author":2,"featured_media":82108,"comment_status":"open","ping_status":"closed","sticky":false,"template":"","format":"standard","meta":{"footnotes":""},"categories":[794,26],"tags":[13331,3745,6340,13329,1521,11371,13327,5849,3740,11803,2779,13330,13328,4827,12205,11385,15080,15079,2675,1120,1286,12468,1908,6605],"class_list":{"0":"post-82107","1":"post","2":"type-post","3":"status-publish","4":"format-standard","5":"has-post-thumbnail","7":"category-libros","8":"category-publicaciones","9":"tag-almudena-ribot","10":"tag-andres-jaque","11":"tag-atelier-bow-wow","12":"tag-begona-de-abajo-castrillo","13":"tag-cedric-price","14":"tag-ciudad-industrial","15":"tag-colab","16":"tag-desarrollo-sustentable","17":"tag-desarrollo-urbano","18":"tag-diego-garcia-setien-perol","19":"tag-editorial-actar","20":"tag-enrique-espinosa-perez","21":"tag-gaizka-altuna","22":"tag-langarita-navarro","23":"tag-libro","24":"tag-maria-langarita","25":"tag-momojo-kaijima","26":"tag-philipp-oswalt","27":"tag-postmodernidad","28":"tag-publicacion","29":"tag-territorio","30":"tag-urbanismo","31":"tag-urbanismo-responsable","32":"tag-urbanismo-sostenible"},"yoast_head":"<!-- This site is optimized with the Yoast SEO plugin v27.5 - https:\/\/yoast.com\/product\/yoast-seo-wordpress\/ -->\n<title>Ciudad Abierta. Re-pensando la ciudad postindustrial - veredes<\/title>\n<meta name=\"description\" content=\"Toda la informaci\u00f3n sobre: Ciudad Abierta. Re-pensando la ciudad postindustrial\" \/>\n<meta name=\"robots\" content=\"index, follow, max-snippet:-1, max-image-preview:large, max-video-preview:-1\" \/>\n<link rel=\"canonical\" href=\"https:\/\/veredes.es\/blog\/ciudad-abierta-repensando-la-ciudad-postindustrial\/\" \/>\n<meta property=\"og:locale\" content=\"es_ES\" \/>\n<meta property=\"og:type\" content=\"article\" \/>\n<meta property=\"og:title\" content=\"Ciudad Abierta. Re-pensando la ciudad postindustrial - veredes\" \/>\n<meta property=\"og:description\" content=\"Toda la informaci\u00f3n sobre: Ciudad Abierta. Re-pensando la ciudad postindustrial\" \/>\n<meta property=\"og:url\" content=\"https:\/\/veredes.es\/blog\/ciudad-abierta-repensando-la-ciudad-postindustrial\/\" \/>\n<meta property=\"og:site_name\" content=\"veredes, arquitectura y divulgaci\u00f3n\" \/>\n<meta property=\"article:publisher\" content=\"https:\/\/www.facebook.com\/veredesArquitecturayDivulgacion\/\" \/>\n<meta property=\"article:author\" content=\"https:\/\/www.facebook.com\/veredesArquitecturayDivulgacion\/\" \/>\n<meta property=\"article:published_time\" content=\"2021-01-11T23:01:44+00:00\" \/>\n<meta property=\"article:modified_time\" content=\"2026-03-07T10:40:12+00:00\" \/>\n<meta property=\"og:image\" content=\"https:\/\/veredes.es\/blog\/wp-content\/uploads\/2020\/11\/Ciudad-Abierta.-Re-pensando-la-ciudad-postindustrial.jpg\" \/>\n\t<meta property=\"og:image:width\" content=\"1200\" \/>\n\t<meta property=\"og:image:height\" content=\"1703\" \/>\n\t<meta property=\"og:image:type\" content=\"image\/jpeg\" \/>\n<meta name=\"author\" content=\"veredes\" \/>\n<meta name=\"twitter:card\" content=\"summary_large_image\" \/>\n<meta name=\"twitter:creator\" content=\"@https:\/\/twitter.com\/veredes\" \/>\n<meta name=\"twitter:site\" content=\"@veredes\" \/>\n<meta name=\"twitter:label1\" content=\"Escrito por\" \/>\n\t<meta name=\"twitter:data1\" content=\"veredes\" \/>\n\t<meta name=\"twitter:label2\" content=\"Tiempo de lectura\" \/>\n\t<meta name=\"twitter:data2\" content=\"1 minuto\" \/>\n<script type=\"application\/ld+json\" class=\"yoast-schema-graph\">{\"@context\":\"https:\\\/\\\/schema.org\",\"@graph\":[{\"@type\":\"Article\",\"@id\":\"https:\\\/\\\/veredes.es\\\/blog\\\/ciudad-abierta-repensando-la-ciudad-postindustrial\\\/#article\",\"isPartOf\":{\"@id\":\"https:\\\/\\\/veredes.es\\\/blog\\\/ciudad-abierta-repensando-la-ciudad-postindustrial\\\/\"},\"author\":{\"name\":\"veredes\",\"@id\":\"https:\\\/\\\/veredes.es\\\/blog\\\/#\\\/schema\\\/person\\\/0bbb669073ef7faba5168a0844e93d2c\"},\"headline\":\"Ciudad Abierta. Re-pensando la ciudad postindustrial\",\"datePublished\":\"2021-01-11T23:01:44+00:00\",\"dateModified\":\"2026-03-07T10:40:12+00:00\",\"mainEntityOfPage\":{\"@id\":\"https:\\\/\\\/veredes.es\\\/blog\\\/ciudad-abierta-repensando-la-ciudad-postindustrial\\\/\"},\"wordCount\":132,\"commentCount\":0,\"publisher\":{\"@id\":\"https:\\\/\\\/veredes.es\\\/blog\\\/#organization\"},\"image\":{\"@id\":\"https:\\\/\\\/veredes.es\\\/blog\\\/ciudad-abierta-repensando-la-ciudad-postindustrial\\\/#primaryimage\"},\"thumbnailUrl\":\"https:\\\/\\\/veredes.es\\\/blog\\\/wp-content\\\/uploads\\\/2020\\\/11\\\/Ciudad-Abierta.-Re-pensando-la-ciudad-postindustrial.jpg\",\"keywords\":[\"Almudena Ribot\",\"Andr\u00e9s Jaque\",\"Atelier Bow Wow\",\"Bego\u00f1a de Abajo Castrillo\",\"Cedric Price\",\"ciudad industrial\",\"COLAB\",\"desarrollo sustentable\",\"desarrollo urbano\",\"diego garc\u00eda-seti\u00e9n perol\",\"editorial actar\",\"Enrique Espinosa P\u00e9rez\",\"Gaizka Altuna\",\"Langarita-Navarro\",\"libro\",\"Mar\u00eda Langarita\",\"Momojo Kaijima\",\"Philipp Oswalt\",\"postmodernidad\",\"publicaci\u00f3n\",\"territorio\",\"urbanismo\",\"urbanismo responsable\",\"urbanismo sostenible\"],\"articleSection\":[\"libros\",\"publicaciones\"],\"inLanguage\":\"es\",\"potentialAction\":[{\"@type\":\"CommentAction\",\"name\":\"Comment\",\"target\":[\"https:\\\/\\\/veredes.es\\\/blog\\\/ciudad-abierta-repensando-la-ciudad-postindustrial\\\/#respond\"]}]},{\"@type\":\"WebPage\",\"@id\":\"https:\\\/\\\/veredes.es\\\/blog\\\/ciudad-abierta-repensando-la-ciudad-postindustrial\\\/\",\"url\":\"https:\\\/\\\/veredes.es\\\/blog\\\/ciudad-abierta-repensando-la-ciudad-postindustrial\\\/\",\"name\":\"Ciudad Abierta. Re-pensando la ciudad postindustrial - veredes\",\"isPartOf\":{\"@id\":\"https:\\\/\\\/veredes.es\\\/blog\\\/#website\"},\"primaryImageOfPage\":{\"@id\":\"https:\\\/\\\/veredes.es\\\/blog\\\/ciudad-abierta-repensando-la-ciudad-postindustrial\\\/#primaryimage\"},\"image\":{\"@id\":\"https:\\\/\\\/veredes.es\\\/blog\\\/ciudad-abierta-repensando-la-ciudad-postindustrial\\\/#primaryimage\"},\"thumbnailUrl\":\"https:\\\/\\\/veredes.es\\\/blog\\\/wp-content\\\/uploads\\\/2020\\\/11\\\/Ciudad-Abierta.-Re-pensando-la-ciudad-postindustrial.jpg\",\"datePublished\":\"2021-01-11T23:01:44+00:00\",\"dateModified\":\"2026-03-07T10:40:12+00:00\",\"description\":\"Toda la informaci\u00f3n sobre: Ciudad Abierta. Re-pensando la ciudad postindustrial\",\"breadcrumb\":{\"@id\":\"https:\\\/\\\/veredes.es\\\/blog\\\/ciudad-abierta-repensando-la-ciudad-postindustrial\\\/#breadcrumb\"},\"inLanguage\":\"es\",\"potentialAction\":[{\"@type\":\"ReadAction\",\"target\":[\"https:\\\/\\\/veredes.es\\\/blog\\\/ciudad-abierta-repensando-la-ciudad-postindustrial\\\/\"]}]},{\"@type\":\"ImageObject\",\"inLanguage\":\"es\",\"@id\":\"https:\\\/\\\/veredes.es\\\/blog\\\/ciudad-abierta-repensando-la-ciudad-postindustrial\\\/#primaryimage\",\"url\":\"https:\\\/\\\/veredes.es\\\/blog\\\/wp-content\\\/uploads\\\/2020\\\/11\\\/Ciudad-Abierta.-Re-pensando-la-ciudad-postindustrial.jpg\",\"contentUrl\":\"https:\\\/\\\/veredes.es\\\/blog\\\/wp-content\\\/uploads\\\/2020\\\/11\\\/Ciudad-Abierta.-Re-pensando-la-ciudad-postindustrial.jpg\",\"width\":1200,\"height\":1703},{\"@type\":\"BreadcrumbList\",\"@id\":\"https:\\\/\\\/veredes.es\\\/blog\\\/ciudad-abierta-repensando-la-ciudad-postindustrial\\\/#breadcrumb\",\"itemListElement\":[{\"@type\":\"ListItem\",\"position\":1,\"name\":\"Portada\",\"item\":\"https:\\\/\\\/veredes.es\\\/blog\\\/\"},{\"@type\":\"ListItem\",\"position\":2,\"name\":\"Ciudad Abierta. Re-pensando la ciudad postindustrial\"}]},{\"@type\":\"WebSite\",\"@id\":\"https:\\\/\\\/veredes.es\\\/blog\\\/#website\",\"url\":\"https:\\\/\\\/veredes.es\\\/blog\\\/\",\"name\":\"veredes, arquitectura y divulgaci\u00f3n\",\"description\":\"veredes\",\"publisher\":{\"@id\":\"https:\\\/\\\/veredes.es\\\/blog\\\/#organization\"},\"alternateName\":\"veredes\",\"potentialAction\":[{\"@type\":\"SearchAction\",\"target\":{\"@type\":\"EntryPoint\",\"urlTemplate\":\"https:\\\/\\\/veredes.es\\\/blog\\\/?s={search_term_string}\"},\"query-input\":{\"@type\":\"PropertyValueSpecification\",\"valueRequired\":true,\"valueName\":\"search_term_string\"}}],\"inLanguage\":\"es\"},{\"@type\":\"Organization\",\"@id\":\"https:\\\/\\\/veredes.es\\\/blog\\\/#organization\",\"name\":\"veredes, arquitectura y divulgaci\u00f3n\",\"alternateName\":\"veredes\",\"url\":\"https:\\\/\\\/veredes.es\\\/blog\\\/\",\"logo\":{\"@type\":\"ImageObject\",\"inLanguage\":\"es\",\"@id\":\"https:\\\/\\\/veredes.es\\\/blog\\\/#\\\/schema\\\/logo\\\/image\\\/\",\"url\":\"https:\\\/\\\/veredes.es\\\/blog\\\/wp-content\\\/uploads\\\/2021\\\/12\\\/veredes-logo-centrado_140x54.png\",\"contentUrl\":\"https:\\\/\\\/veredes.es\\\/blog\\\/wp-content\\\/uploads\\\/2021\\\/12\\\/veredes-logo-centrado_140x54.png\",\"width\":140,\"height\":54,\"caption\":\"veredes, arquitectura y divulgaci\u00f3n\"},\"image\":{\"@id\":\"https:\\\/\\\/veredes.es\\\/blog\\\/#\\\/schema\\\/logo\\\/image\\\/\"},\"sameAs\":[\"https:\\\/\\\/www.facebook.com\\\/veredesArquitecturayDivulgacion\\\/\",\"https:\\\/\\\/x.com\\\/veredes\",\"https:\\\/\\\/instagram.com\\\/veredes\\\/\",\"https:\\\/\\\/www.linkedin.com\\\/company\\\/veredes-arquitectura-y-divulgacion\\\/\",\"https:\\\/\\\/es.pinterest.com\\\/veredes\\\/\",\"https:\\\/\\\/www.tumblr.com\\\/veredes\"]},{\"@type\":\"Person\",\"@id\":\"https:\\\/\\\/veredes.es\\\/blog\\\/#\\\/schema\\\/person\\\/0bbb669073ef7faba5168a0844e93d2c\",\"name\":\"veredes\",\"image\":{\"@type\":\"ImageObject\",\"inLanguage\":\"es\",\"@id\":\"https:\\\/\\\/veredes.es\\\/blog\\\/wp-content\\\/uploads\\\/2018\\\/04\\\/face-96x96.jpg\",\"url\":\"https:\\\/\\\/veredes.es\\\/blog\\\/wp-content\\\/uploads\\\/2018\\\/04\\\/face-96x96.jpg\",\"contentUrl\":\"https:\\\/\\\/veredes.es\\\/blog\\\/wp-content\\\/uploads\\\/2018\\\/04\\\/face-96x96.jpg\",\"caption\":\"veredes\"},\"description\":\"Surge enero de 2009 como b\u00fasqueda de satisfacer el conocimiento de la actividad arquitect\u00f3nica y tangentes que se generan. La idea es crear un espacio para divulgar los diversos proyectos en busca de nueva inspiraci\u00f3n y de intercambio.\",\"sameAs\":[\"https:\\\/\\\/veredes.es\\\/\",\"https:\\\/\\\/www.facebook.com\\\/veredesArquitecturayDivulgacion\\\/\",\"https:\\\/\\\/www.instagram.com\\\/veredes\\\/\",\"https:\\\/\\\/www.linkedin.com\\\/company\\\/veredes-arquitectura-y-divulgacion\\\/\",\"https:\\\/\\\/www.pinterest.es\\\/veredes\\\/\",\"https:\\\/\\\/x.com\\\/https:\\\/\\\/twitter.com\\\/veredes\",\"https:\\\/\\\/veredes.tumblr.com\\\/\"],\"url\":\"https:\\\/\\\/veredes.es\\\/blog\\\/author\\\/alberto\\\/\"}]}<\/script>\n<!-- \/ Yoast SEO plugin. -->","yoast_head_json":{"title":"Ciudad Abierta. Re-pensando la ciudad postindustrial - veredes","description":"Toda la informaci\u00f3n sobre: Ciudad Abierta. Re-pensando la ciudad postindustrial","robots":{"index":"index","follow":"follow","max-snippet":"max-snippet:-1","max-image-preview":"max-image-preview:large","max-video-preview":"max-video-preview:-1"},"canonical":"https:\/\/veredes.es\/blog\/ciudad-abierta-repensando-la-ciudad-postindustrial\/","og_locale":"es_ES","og_type":"article","og_title":"Ciudad Abierta. Re-pensando la ciudad postindustrial - veredes","og_description":"Toda la informaci\u00f3n sobre: Ciudad Abierta. Re-pensando la ciudad postindustrial","og_url":"https:\/\/veredes.es\/blog\/ciudad-abierta-repensando-la-ciudad-postindustrial\/","og_site_name":"veredes, arquitectura y divulgaci\u00f3n","article_publisher":"https:\/\/www.facebook.com\/veredesArquitecturayDivulgacion\/","article_author":"https:\/\/www.facebook.com\/veredesArquitecturayDivulgacion\/","article_published_time":"2021-01-11T23:01:44+00:00","article_modified_time":"2026-03-07T10:40:12+00:00","og_image":[{"width":1200,"height":1703,"url":"https:\/\/veredes.es\/blog\/wp-content\/uploads\/2020\/11\/Ciudad-Abierta.-Re-pensando-la-ciudad-postindustrial.jpg","type":"image\/jpeg"}],"author":"veredes","twitter_card":"summary_large_image","twitter_creator":"@https:\/\/twitter.com\/veredes","twitter_site":"@veredes","twitter_misc":{"Escrito por":"veredes","Tiempo de lectura":"1 minuto"},"schema":{"@context":"https:\/\/schema.org","@graph":[{"@type":"Article","@id":"https:\/\/veredes.es\/blog\/ciudad-abierta-repensando-la-ciudad-postindustrial\/#article","isPartOf":{"@id":"https:\/\/veredes.es\/blog\/ciudad-abierta-repensando-la-ciudad-postindustrial\/"},"author":{"name":"veredes","@id":"https:\/\/veredes.es\/blog\/#\/schema\/person\/0bbb669073ef7faba5168a0844e93d2c"},"headline":"Ciudad Abierta. Re-pensando la ciudad postindustrial","datePublished":"2021-01-11T23:01:44+00:00","dateModified":"2026-03-07T10:40:12+00:00","mainEntityOfPage":{"@id":"https:\/\/veredes.es\/blog\/ciudad-abierta-repensando-la-ciudad-postindustrial\/"},"wordCount":132,"commentCount":0,"publisher":{"@id":"https:\/\/veredes.es\/blog\/#organization"},"image":{"@id":"https:\/\/veredes.es\/blog\/ciudad-abierta-repensando-la-ciudad-postindustrial\/#primaryimage"},"thumbnailUrl":"https:\/\/veredes.es\/blog\/wp-content\/uploads\/2020\/11\/Ciudad-Abierta.-Re-pensando-la-ciudad-postindustrial.jpg","keywords":["Almudena Ribot","Andr\u00e9s Jaque","Atelier Bow Wow","Bego\u00f1a de Abajo Castrillo","Cedric Price","ciudad industrial","COLAB","desarrollo sustentable","desarrollo urbano","diego garc\u00eda-seti\u00e9n perol","editorial actar","Enrique Espinosa P\u00e9rez","Gaizka Altuna","Langarita-Navarro","libro","Mar\u00eda Langarita","Momojo Kaijima","Philipp Oswalt","postmodernidad","publicaci\u00f3n","territorio","urbanismo","urbanismo responsable","urbanismo sostenible"],"articleSection":["libros","publicaciones"],"inLanguage":"es","potentialAction":[{"@type":"CommentAction","name":"Comment","target":["https:\/\/veredes.es\/blog\/ciudad-abierta-repensando-la-ciudad-postindustrial\/#respond"]}]},{"@type":"WebPage","@id":"https:\/\/veredes.es\/blog\/ciudad-abierta-repensando-la-ciudad-postindustrial\/","url":"https:\/\/veredes.es\/blog\/ciudad-abierta-repensando-la-ciudad-postindustrial\/","name":"Ciudad Abierta. Re-pensando la ciudad postindustrial - veredes","isPartOf":{"@id":"https:\/\/veredes.es\/blog\/#website"},"primaryImageOfPage":{"@id":"https:\/\/veredes.es\/blog\/ciudad-abierta-repensando-la-ciudad-postindustrial\/#primaryimage"},"image":{"@id":"https:\/\/veredes.es\/blog\/ciudad-abierta-repensando-la-ciudad-postindustrial\/#primaryimage"},"thumbnailUrl":"https:\/\/veredes.es\/blog\/wp-content\/uploads\/2020\/11\/Ciudad-Abierta.-Re-pensando-la-ciudad-postindustrial.jpg","datePublished":"2021-01-11T23:01:44+00:00","dateModified":"2026-03-07T10:40:12+00:00","description":"Toda la informaci\u00f3n sobre: Ciudad Abierta. Re-pensando la ciudad postindustrial","breadcrumb":{"@id":"https:\/\/veredes.es\/blog\/ciudad-abierta-repensando-la-ciudad-postindustrial\/#breadcrumb"},"inLanguage":"es","potentialAction":[{"@type":"ReadAction","target":["https:\/\/veredes.es\/blog\/ciudad-abierta-repensando-la-ciudad-postindustrial\/"]}]},{"@type":"ImageObject","inLanguage":"es","@id":"https:\/\/veredes.es\/blog\/ciudad-abierta-repensando-la-ciudad-postindustrial\/#primaryimage","url":"https:\/\/veredes.es\/blog\/wp-content\/uploads\/2020\/11\/Ciudad-Abierta.-Re-pensando-la-ciudad-postindustrial.jpg","contentUrl":"https:\/\/veredes.es\/blog\/wp-content\/uploads\/2020\/11\/Ciudad-Abierta.-Re-pensando-la-ciudad-postindustrial.jpg","width":1200,"height":1703},{"@type":"BreadcrumbList","@id":"https:\/\/veredes.es\/blog\/ciudad-abierta-repensando-la-ciudad-postindustrial\/#breadcrumb","itemListElement":[{"@type":"ListItem","position":1,"name":"Portada","item":"https:\/\/veredes.es\/blog\/"},{"@type":"ListItem","position":2,"name":"Ciudad Abierta. Re-pensando la ciudad postindustrial"}]},{"@type":"WebSite","@id":"https:\/\/veredes.es\/blog\/#website","url":"https:\/\/veredes.es\/blog\/","name":"veredes, arquitectura y divulgaci\u00f3n","description":"veredes","publisher":{"@id":"https:\/\/veredes.es\/blog\/#organization"},"alternateName":"veredes","potentialAction":[{"@type":"SearchAction","target":{"@type":"EntryPoint","urlTemplate":"https:\/\/veredes.es\/blog\/?s={search_term_string}"},"query-input":{"@type":"PropertyValueSpecification","valueRequired":true,"valueName":"search_term_string"}}],"inLanguage":"es"},{"@type":"Organization","@id":"https:\/\/veredes.es\/blog\/#organization","name":"veredes, arquitectura y divulgaci\u00f3n","alternateName":"veredes","url":"https:\/\/veredes.es\/blog\/","logo":{"@type":"ImageObject","inLanguage":"es","@id":"https:\/\/veredes.es\/blog\/#\/schema\/logo\/image\/","url":"https:\/\/veredes.es\/blog\/wp-content\/uploads\/2021\/12\/veredes-logo-centrado_140x54.png","contentUrl":"https:\/\/veredes.es\/blog\/wp-content\/uploads\/2021\/12\/veredes-logo-centrado_140x54.png","width":140,"height":54,"caption":"veredes, arquitectura y divulgaci\u00f3n"},"image":{"@id":"https:\/\/veredes.es\/blog\/#\/schema\/logo\/image\/"},"sameAs":["https:\/\/www.facebook.com\/veredesArquitecturayDivulgacion\/","https:\/\/x.com\/veredes","https:\/\/instagram.com\/veredes\/","https:\/\/www.linkedin.com\/company\/veredes-arquitectura-y-divulgacion\/","https:\/\/es.pinterest.com\/veredes\/","https:\/\/www.tumblr.com\/veredes"]},{"@type":"Person","@id":"https:\/\/veredes.es\/blog\/#\/schema\/person\/0bbb669073ef7faba5168a0844e93d2c","name":"veredes","image":{"@type":"ImageObject","inLanguage":"es","@id":"https:\/\/veredes.es\/blog\/wp-content\/uploads\/2018\/04\/face-96x96.jpg","url":"https:\/\/veredes.es\/blog\/wp-content\/uploads\/2018\/04\/face-96x96.jpg","contentUrl":"https:\/\/veredes.es\/blog\/wp-content\/uploads\/2018\/04\/face-96x96.jpg","caption":"veredes"},"description":"Surge enero de 2009 como b\u00fasqueda de satisfacer el conocimiento de la actividad arquitect\u00f3nica y tangentes que se generan. La idea es crear un espacio para divulgar los diversos proyectos en busca de nueva inspiraci\u00f3n y de intercambio.","sameAs":["https:\/\/veredes.es\/","https:\/\/www.facebook.com\/veredesArquitecturayDivulgacion\/","https:\/\/www.instagram.com\/veredes\/","https:\/\/www.linkedin.com\/company\/veredes-arquitectura-y-divulgacion\/","https:\/\/www.pinterest.es\/veredes\/","https:\/\/x.com\/https:\/\/twitter.com\/veredes","https:\/\/veredes.tumblr.com\/"],"url":"https:\/\/veredes.es\/blog\/author\/alberto\/"}]}},"_links":{"self":[{"href":"https:\/\/veredes.es\/blog\/wp-json\/wp\/v2\/posts\/82107","targetHints":{"allow":["GET"]}}],"collection":[{"href":"https:\/\/veredes.es\/blog\/wp-json\/wp\/v2\/posts"}],"about":[{"href":"https:\/\/veredes.es\/blog\/wp-json\/wp\/v2\/types\/post"}],"author":[{"embeddable":true,"href":"https:\/\/veredes.es\/blog\/wp-json\/wp\/v2\/users\/2"}],"replies":[{"embeddable":true,"href":"https:\/\/veredes.es\/blog\/wp-json\/wp\/v2\/comments?post=82107"}],"version-history":[{"count":1,"href":"https:\/\/veredes.es\/blog\/wp-json\/wp\/v2\/posts\/82107\/revisions"}],"predecessor-version":[{"id":105418,"href":"https:\/\/veredes.es\/blog\/wp-json\/wp\/v2\/posts\/82107\/revisions\/105418"}],"wp:featuredmedia":[{"embeddable":true,"href":"https:\/\/veredes.es\/blog\/wp-json\/wp\/v2\/media\/82108"}],"wp:attachment":[{"href":"https:\/\/veredes.es\/blog\/wp-json\/wp\/v2\/media?parent=82107"}],"wp:term":[{"taxonomy":"category","embeddable":true,"href":"https:\/\/veredes.es\/blog\/wp-json\/wp\/v2\/categories?post=82107"},{"taxonomy":"post_tag","embeddable":true,"href":"https:\/\/veredes.es\/blog\/wp-json\/wp\/v2\/tags?post=82107"}],"curies":[{"name":"wp","href":"https:\/\/api.w.org\/{rel}","templated":true}]}}