{"id":81807,"date":"2020-11-27T00:01:33","date_gmt":"2020-11-26T23:01:33","guid":{"rendered":"https:\/\/veredes.es\/blog\/?p=81807"},"modified":"2023-02-27T20:13:59","modified_gmt":"2023-02-27T19:13:59","slug":"un-urbanismo-de-emergencia-ignacio-gravalos-patrizia-di-monte","status":"publish","type":"post","link":"https:\/\/veredes.es\/blog\/un-urbanismo-de-emergencia-ignacio-gravalos-patrizia-di-monte\/","title":{"rendered":"Un urbanismo de emergencia | Ignacio Gr\u00e1valos \u2013 Patrizia Di Monte"},"content":{"rendered":"<figure id=\"attachment_81809\" aria-describedby=\"caption-attachment-81809\" style=\"width: 1200px\" class=\"wp-caption alignnone\"><img loading=\"lazy\" decoding=\"async\" class=\"wp-image-81809 size-full\" title=\"Un urbanismo de emergencia | Ignacio Gr\u00e1valos \u2013 Patrizia Di Monte. Situaci\u00f3n del campamento de refugiados de Tilyani, cerca de la frontera siria\" src=\"https:\/\/veredes.es\/blog\/wp-content\/uploads\/2020\/10\/Un-urbanismo-de-emergencia-Ignacio-Gr\u00e1valos-\u2013-Patrizia-Di-Monte-Situaci\u00f3n-del-campamento-de-refugiados-de-Tilyani-cerca-de-la-frontera-siria-1.jpg\" alt=\"Un urbanismo de emergencia | Ignacio Gr\u00e1valos \u2013 Patrizia Di Monte. Situaci\u00f3n del campamento de refugiados de Tilyani, cerca de la frontera siria\" width=\"1200\" height=\"509\" srcset=\"https:\/\/veredes.es\/blog\/wp-content\/uploads\/2020\/10\/Un-urbanismo-de-emergencia-Ignacio-Gr\u00e1valos-\u2013-Patrizia-Di-Monte-Situaci\u00f3n-del-campamento-de-refugiados-de-Tilyani-cerca-de-la-frontera-siria-1.jpg 1200w, https:\/\/veredes.es\/blog\/wp-content\/uploads\/2020\/10\/Un-urbanismo-de-emergencia-Ignacio-Gr\u00e1valos-\u2013-Patrizia-Di-Monte-Situaci\u00f3n-del-campamento-de-refugiados-de-Tilyani-cerca-de-la-frontera-siria-1-300x127.jpg 300w, https:\/\/veredes.es\/blog\/wp-content\/uploads\/2020\/10\/Un-urbanismo-de-emergencia-Ignacio-Gr\u00e1valos-\u2013-Patrizia-Di-Monte-Situaci\u00f3n-del-campamento-de-refugiados-de-Tilyani-cerca-de-la-frontera-siria-1-1024x434.jpg 1024w\" sizes=\"auto, (max-width: 1200px) 100vw, 1200px\" \/><figcaption id=\"caption-attachment-81809\" class=\"wp-caption-text\"><span style=\"color: #999999;\">Situaci\u00f3n del campamento de refugiados de Tilyani, cerca de la frontera siria.<\/span><\/figcaption><\/figure>\n<h5 style=\"text-align: justify;\"><strong>Experiencia de un workshop sobre urbanismo de emergencia en L\u00edbano<\/strong><\/h5>\n<blockquote>\n<p style=\"text-align: justify;\">\u201cUn vez que se es refugiado, se es para siempre. Los caminos de regreso al para\u00edso dom\u00e9stico perdido (o que ya no existen) han quedado todos cortados y las salidas del purgatorio del campamento conducen al infierno&#8230;\u201d<\/p>\n<p style=\"text-align: right;\"><a href=\"https:\/\/veredes.es\/blog\/tag\/zygmunt-bauman\/\" target=\"_blank\" rel=\"noopener noreferrer\">Zygmunt Bauman<\/a>. <em>Tiempos l\u00edquidos.<\/em><\/p>\n<\/blockquote>\n<p style=\"text-align: justify;\"><em>estonoesunsolar<\/em> fue invitado a participar en un <em>workshop<\/em> internacional organizado por la Universidad Americana del Cairo para trabajar sobre un campo de refugiados sirios situado en L\u00edbano (Tilyani camp), muy cercano a la frontera con Siria. Presentamos aqu\u00ed, algunas de las reflexiones inspiradas en aquella <a href=\"https:\/\/veredes.es\/blog\/?s=urbanismo+de+emergencia\" target=\"_blank\" rel=\"noopener\">experiencia<\/a>.<\/p>\n<p style=\"text-align: justify;\">Como no puede ser de otra manera, todas ella abordaron el tema de las urgencias. Por un lado existen las que pretenden dar respuesta a las necesidades b\u00e1sicas e inmediatas (tener cobijo, protegerse, alimentarse, obtener agua, disponer de condiciones higi\u00e9nicas, etc.). Por otro, est\u00e1n las que tienen relaci\u00f3n con los sentimientos de identidad y de pertenencia, con la relaci\u00f3n y la sociabilidad, con el territorio y el lugar. Las acciones humanitarias, por lo general, ofrecen soluci\u00f3n a las primeras. Sin embargo, en la mayor\u00eda de los casos, se descuidan las cuestiones relativas al lugar como articulador de las relaciones sociales y del devenir humano.<\/p>\n<p style=\"text-align: justify;\">En ese sentido, existen una serie de espacios que los habitantes de estos campos van configurando de modo espont\u00e1neo, cediendo unos o reapropi\u00e1ndose de otros. Y esta gradaci\u00f3n de espacios abarca numerosas escalas que van desde el territorio hasta los microespacios de cada tienda.<\/p>\n<figure id=\"attachment_81810\" aria-describedby=\"caption-attachment-81810\" style=\"width: 1200px\" class=\"wp-caption alignnone\"><img loading=\"lazy\" decoding=\"async\" class=\"wp-image-81810 size-full\" title=\"Un urbanismo de emergencia | Ignacio Gr\u00e1valos \u2013 Patrizia Di Monte. Situaci\u00f3n del campamento de refugiados de Tilyani, cerca de la frontera siria\" src=\"https:\/\/veredes.es\/blog\/wp-content\/uploads\/2020\/10\/Un-urbanismo-de-emergencia-Ignacio-Gr\u00e1valos-\u2013-Patrizia-Di-Monte-Situaci\u00f3n-del-campamento-de-refugiados-de-Tilyani-cerca-de-la-frontera-siria-2.jpg\" alt=\"Un urbanismo de emergencia | Ignacio Gr\u00e1valos \u2013 Patrizia Di Monte. Situaci\u00f3n del campamento de refugiados de Tilyani, cerca de la frontera siria\" width=\"1200\" height=\"764\" srcset=\"https:\/\/veredes.es\/blog\/wp-content\/uploads\/2020\/10\/Un-urbanismo-de-emergencia-Ignacio-Gr\u00e1valos-\u2013-Patrizia-Di-Monte-Situaci\u00f3n-del-campamento-de-refugiados-de-Tilyani-cerca-de-la-frontera-siria-2.jpg 1200w, https:\/\/veredes.es\/blog\/wp-content\/uploads\/2020\/10\/Un-urbanismo-de-emergencia-Ignacio-Gr\u00e1valos-\u2013-Patrizia-Di-Monte-Situaci\u00f3n-del-campamento-de-refugiados-de-Tilyani-cerca-de-la-frontera-siria-2-300x191.jpg 300w, https:\/\/veredes.es\/blog\/wp-content\/uploads\/2020\/10\/Un-urbanismo-de-emergencia-Ignacio-Gr\u00e1valos-\u2013-Patrizia-Di-Monte-Situaci\u00f3n-del-campamento-de-refugiados-de-Tilyani-cerca-de-la-frontera-siria-2-1024x652.jpg 1024w\" sizes=\"auto, (max-width: 1200px) 100vw, 1200px\" \/><figcaption id=\"caption-attachment-81810\" class=\"wp-caption-text\"><span style=\"color: #999999;\">Situaci\u00f3n del campamento de refugiados de Tilyani, cerca de la frontera siria.<\/span><\/figcaption><\/figure>\n<h5 style=\"text-align: justify;\"><strong>El territorio de los otros,<\/strong><strong>\u00a0en el urbanismo de emergencia<\/strong><\/h5>\n<p style=\"text-align: justify;\">La Guerra civil de Siria se inici\u00f3 en 2011. Ha dejado hasta el momento m\u00e1s de 200.000 muertos, de los cuales, m\u00e1s de 63.000 son civiles. El conflicto ha provocado la destrucci\u00f3n de ciudades enteras, generando m\u00e1s de 3.000.000 de refugiados. Todos los d\u00edas, 6.000 sirios huyen de su pa\u00eds. La mitad de los refugiados son menores de edad.<\/p>\n<p style=\"text-align: justify;\">La frontera entre L\u00edbano y Siria transcurre a trav\u00e9s de 330 km. L\u00edbano tiene 4.1 millones de habitantes y una extensi\u00f3n de 10.452 km\u00b2. En la actualidad acoge a m\u00e1s de 1.8 millones de refugiados<sup>1<\/sup>.\u00a0 En enero de 2015, por primera vez, impuso el visado de entrada para los ciudadanos sirios. Actualmente, L\u00edbano no permite levantar campos de refugiados dentro de sus fronteras.<\/p>\n<p style=\"text-align: justify;\">Esto provoca la aparici\u00f3n de asentamientos informales, no reconocidos. Los territorios donde se instalan los campos de refugiados son privados. Los propietarios, alquilan los terrenos para la implantaci\u00f3n de estos asentamientos, dando lugar a procesos especulativos en lo que antes eran campos de cultivo. Cada tienda debe pagar un alquiler de unos 100 $ al mes. En el campo de Tilyani (nombre del propietario del terreno) habitan 350 personas. Est\u00e1 formado por 63 tiendas. En cada una de ellas, convive una familia de unos 6 miembros.<\/p>\n<h5 style=\"text-align: justify;\"><strong>Lugares transitorios. Extrav\u00edos<\/strong><strong>, en el urbanismo de emergencia<\/strong><\/h5>\n<p style=\"text-align: justify;\">En L\u00edbano no existen campos de refugiados amparados por la legislaci\u00f3n. Oficialmente, no est\u00e1n permitidos. Los refugiados se ven abocados a una ley de la incerticumbre. Esta confusi\u00f3n se produce, en palabras de Michel Agier<sup>2<\/sup>, en un \u00e1mbito en que se encuentran fuera de cualquier ley, arrojados a una<\/p>\n<blockquote>\n<p style=\"text-align: justify;\">\u201cderiva liminar, y no saben, ni pueden saber, si es pasajera o permanente. (&#8230;) Nunca se ver\u00e1n libres de la tormentosa sensaci\u00f3n de transitoriedad, indeterminaci\u00f3n y provisionalidad de cualquiera de sus asentamientos.\u201d<\/p>\n<\/blockquote>\n<figure id=\"attachment_81811\" aria-describedby=\"caption-attachment-81811\" style=\"width: 1200px\" class=\"wp-caption alignnone\"><img loading=\"lazy\" decoding=\"async\" class=\"wp-image-81811 size-full\" title=\"Un urbanismo de emergencia | Ignacio Gr\u00e1valos \u2013 Patrizia Di Monte. Disposici\u00f3n del campamento de refugiados de Tilyani. | Fotograf\u00eda: \u00a9 Patrizia Di Monte\" src=\"https:\/\/veredes.es\/blog\/wp-content\/uploads\/2020\/10\/Un-urbanismo-de-emergencia-Ignacio-Gr\u00e1valos-\u2013-Patrizia-Di-Monte-Disposici\u00f3n-del-campamento-de-refugiados-de-Tilyani.-\u00a9-Patrizia-Di-Monte.jpg\" alt=\"Un urbanismo de emergencia | Ignacio Gr\u00e1valos \u2013 Patrizia Di Monte. Disposici\u00f3n del campamento de refugiados de Tilyani. | Fotograf\u00eda: \u00a9 Patrizia Di Monte\" width=\"1200\" height=\"900\" srcset=\"https:\/\/veredes.es\/blog\/wp-content\/uploads\/2020\/10\/Un-urbanismo-de-emergencia-Ignacio-Gr\u00e1valos-\u2013-Patrizia-Di-Monte-Disposici\u00f3n-del-campamento-de-refugiados-de-Tilyani.-\u00a9-Patrizia-Di-Monte.jpg 1200w, https:\/\/veredes.es\/blog\/wp-content\/uploads\/2020\/10\/Un-urbanismo-de-emergencia-Ignacio-Gr\u00e1valos-\u2013-Patrizia-Di-Monte-Disposici\u00f3n-del-campamento-de-refugiados-de-Tilyani.-\u00a9-Patrizia-Di-Monte-300x225.jpg 300w, https:\/\/veredes.es\/blog\/wp-content\/uploads\/2020\/10\/Un-urbanismo-de-emergencia-Ignacio-Gr\u00e1valos-\u2013-Patrizia-Di-Monte-Disposici\u00f3n-del-campamento-de-refugiados-de-Tilyani.-\u00a9-Patrizia-Di-Monte-1024x768.jpg 1024w\" sizes=\"auto, (max-width: 1200px) 100vw, 1200px\" \/><figcaption id=\"caption-attachment-81811\" class=\"wp-caption-text\"><span style=\"color: #999999;\">Disposici\u00f3n del campamento de refugiados de Tilyani. | Fotograf\u00eda: \u00a9 Patrizia Di Monte<\/span><\/figcaption><\/figure>\n<p style=\"text-align: justify;\">Una vez alejados de su territorio, se ven despojados de cualquier se\u00f1a de identidad. Pasan a formar parte de una masa sin rostro. En ese sentido, carecen de puntos de referencia portadores de significado que les permita establecer un marco social (territorio, hogar, familia, etc.). Los refugiados tienen dif\u00edcil su integraci\u00f3n con la sociedad de los n\u00facleos pr\u00f3ximos (o no tan pr\u00f3ximos), con lo que dif\u00edcilmente pueden ser asimilados por un nuevo cuerpo social.<\/p>\n<p style=\"text-align: justify;\">Este camino, afirma Bauman<sup>3<\/sup>, es de una sola direcci\u00f3n, no permite el retorno, al tratarse de<\/p>\n<blockquote>\n<p style=\"text-align: justify;\">\u201cpersonas sin atributos que han sido depositadas en un territorio sin denominaci\u00f3n, mientras que se han bloqueado para siempre todos los caminos que llevan a lugares con significado y a los sitios en los que puede forjarse, y se forjan a diario, significados socialmente legibles\u201d.<\/p>\n<\/blockquote>\n<p style=\"text-align: justify;\">No se trata, por tanto, de un cambio de lugar, sino de una p\u00e9rdida de su lugar en el mundo.<\/p>\n<figure id=\"attachment_81814\" aria-describedby=\"caption-attachment-81814\" style=\"width: 1200px\" class=\"wp-caption alignnone\"><img loading=\"lazy\" decoding=\"async\" class=\"wp-image-81814 size-full\" title=\"Un urbanismo de emergencia | Ignacio Gr\u00e1valos \u2013 Patrizia Di Monte. Espacio p\u00fablico y ejes de circulaci\u00f3n \u00a9 Patrizia Di Monte\" src=\"https:\/\/veredes.es\/blog\/wp-content\/uploads\/2020\/10\/Un-urbanismo-de-emergencia-Ignacio-Gr\u00e1valos-\u2013-Patrizia-Di-Monte-espacio-p\u00fablico-y-ejes-de-circulaci\u00f3n-\u00a9-Patrizia-Di-Monte.jpg\" alt=\"Un urbanismo de emergencia | Ignacio Gr\u00e1valos \u2013 Patrizia Di Monte. Espacio p\u00fablico y ejes de circulaci\u00f3n (\u00a9 Patrizia Di Monte\" width=\"1200\" height=\"1600\" srcset=\"https:\/\/veredes.es\/blog\/wp-content\/uploads\/2020\/10\/Un-urbanismo-de-emergencia-Ignacio-Gr\u00e1valos-\u2013-Patrizia-Di-Monte-espacio-p\u00fablico-y-ejes-de-circulaci\u00f3n-\u00a9-Patrizia-Di-Monte.jpg 1200w, https:\/\/veredes.es\/blog\/wp-content\/uploads\/2020\/10\/Un-urbanismo-de-emergencia-Ignacio-Gr\u00e1valos-\u2013-Patrizia-Di-Monte-espacio-p\u00fablico-y-ejes-de-circulaci\u00f3n-\u00a9-Patrizia-Di-Monte-225x300.jpg 225w, https:\/\/veredes.es\/blog\/wp-content\/uploads\/2020\/10\/Un-urbanismo-de-emergencia-Ignacio-Gr\u00e1valos-\u2013-Patrizia-Di-Monte-espacio-p\u00fablico-y-ejes-de-circulaci\u00f3n-\u00a9-Patrizia-Di-Monte-768x1024.jpg 768w, https:\/\/veredes.es\/blog\/wp-content\/uploads\/2020\/10\/Un-urbanismo-de-emergencia-Ignacio-Gr\u00e1valos-\u2013-Patrizia-Di-Monte-espacio-p\u00fablico-y-ejes-de-circulaci\u00f3n-\u00a9-Patrizia-Di-Monte-1152x1536.jpg 1152w\" sizes=\"auto, (max-width: 1200px) 100vw, 1200px\" \/><figcaption id=\"caption-attachment-81814\" class=\"wp-caption-text\"><span style=\"color: #999999;\">Espacio p\u00fablico y ejes de circulaci\u00f3n (\u00a9 Patrizia Di Monte)<\/span><\/figcaption><\/figure>\n<h5 style=\"text-align: justify;\"><strong>Transiciones y apropiaciones,<\/strong><strong>\u00a0en el urbanismo de emergencia<\/strong><\/h5>\n<p style=\"text-align: justify;\">Los campamentos se establecen con una ordenaci\u00f3n inicial que permite jerarquizar los espacios, y por tanto, pautar las transiciones del espacio p\u00fablico al privado. Las tiendas se disponen alineadas alrededor de v\u00edas principales que permiten el paso de veh\u00edculos, desde la que se producen sus accesos. Las zonas posteriores de las tiendas forman una franja de servicio, en las que se encuentran espacios de almacenaje, cabinas de aseo y dep\u00f3sitos de agua. Los peque\u00f1os intersticios disponibles entre tienda y tienda, que inicialmente constituyen espacios libres, van siendo colonizados poco a poco, constituyendo un espacio flexible e indeterminado.<\/p>\n<p style=\"text-align: justify;\">Del mismo modo, cada tienda procura apropiarse de un peque\u00f1o espacio intermedio, espacio conquistado al vial p\u00fablico a trav\u00e9s de una disposici\u00f3n de macetas o elementos vegetales (a veces con peque\u00f1os porches) y que permiten una transici\u00f3n pautada entre la tierra de nadie y la ficci\u00f3n de un universo \u00edntimo y propio. Pasa as\u00ed a constituir un elemento semip\u00fablico, de acogida, de socializaci\u00f3n controlada, personalizados a trav\u00e9s del color y los aromas vegetales, en un intento de superponer ra\u00edces donde no las hay, de hacer suya una porci\u00f3n del territorio. Pero este transitar hacia lo privado, no acaba all\u00ed, ya que una vez en el interior de la tienda, siempre existe un espacio, a modo de vest\u00edbulo, que todav\u00eda no tiene el car\u00e1cter estrictamente privado, sino tiene una funci\u00f3n de acogida, esta vez m\u00e1s \u00edntima, de pertenencia al visitante, de bienvenida al caminante.<\/p>\n<figure id=\"attachment_81812\" aria-describedby=\"caption-attachment-81812\" style=\"width: 1200px\" class=\"wp-caption alignnone\"><img loading=\"lazy\" decoding=\"async\" class=\"wp-image-81812 size-full\" title=\"Espacios intermedios de acceso a las tiendas | Fotograf\u00eda: \u00a9 Patrizia Di Monte\" src=\"https:\/\/veredes.es\/blog\/wp-content\/uploads\/2020\/10\/Un-urbanismo-de-emergencia-Ignacio-Gr\u00e1valos-\u2013-Patrizia-Di-Monte-Espacios-intermedios-de-acceso-a-las-tiendas.-\u00a9-Patrizia-Di-Monte.jpg\" alt=\"Un urbanismo de emergencia | Ignacio Gr\u00e1valos \u2013 Patrizia Di Monte. Espacios intermedios de acceso a las tiendas | Fotograf\u00eda: \u00a9 Patrizia Di Monte\" width=\"1200\" height=\"896\" srcset=\"https:\/\/veredes.es\/blog\/wp-content\/uploads\/2020\/10\/Un-urbanismo-de-emergencia-Ignacio-Gr\u00e1valos-\u2013-Patrizia-Di-Monte-Espacios-intermedios-de-acceso-a-las-tiendas.-\u00a9-Patrizia-Di-Monte.jpg 1200w, https:\/\/veredes.es\/blog\/wp-content\/uploads\/2020\/10\/Un-urbanismo-de-emergencia-Ignacio-Gr\u00e1valos-\u2013-Patrizia-Di-Monte-Espacios-intermedios-de-acceso-a-las-tiendas.-\u00a9-Patrizia-Di-Monte-300x224.jpg 300w, https:\/\/veredes.es\/blog\/wp-content\/uploads\/2020\/10\/Un-urbanismo-de-emergencia-Ignacio-Gr\u00e1valos-\u2013-Patrizia-Di-Monte-Espacios-intermedios-de-acceso-a-las-tiendas.-\u00a9-Patrizia-Di-Monte-1024x765.jpg 1024w\" sizes=\"auto, (max-width: 1200px) 100vw, 1200px\" \/><figcaption id=\"caption-attachment-81812\" class=\"wp-caption-text\"><span style=\"color: #999999;\">Espacios intermedios de acceso a las tiendas | Fotograf\u00eda: \u00a9 Patrizia Di Monte<\/span><\/figcaption><\/figure>\n<h5 style=\"text-align: justify;\"><strong>Conexiones sociales, en el urbanismo de emergencia<\/strong><\/h5>\n<p style=\"text-align: justify;\">Pero volvamos al \u00e1mbito p\u00fablico. Adem\u00e1s de las tiendas individuales, los campamentos suelen poseer algunas piezas destinadas a articular la vida social. Escuelas infantiles, tiendas multiusos o peque\u00f1as tiendas de comercio, donadas a trav\u00e9s de fundaciones, ONGs, etc., constituyen los espacios que protagonizan las interacciones sociales. La escuela es la pieza que articula la vida de los ni\u00f1os, y donde pasan la mayor parte del d\u00eda. Existen peque\u00f1as estructuras dedicadas a tiendas de alimentaci\u00f3n y productos b\u00e1sicos, aunque en ocasiones se establecen grandes tiendas multiusos, si bien estas peque\u00f1as piezas son de una vital importancia, ya que en ellas se producen los peque\u00f1os acontecimientos cotidianos que provocan la <em>extensibilidad del yo<\/em>, el salirse de uno mismo y, por sedimentaci\u00f3n, van produciendo un sistema significante. Es en los lugares comunes donde se producen los encuentros y desencuentros, donde se desarrolla lo que Halbwachs denomina las \u201cinterferencias colectivas\u201d y, por todo ello, donde se fundamenta el sentimiento de comunidad.<\/p>\n<p style=\"text-align: justify;\">Estos espacios constituyen una peque\u00f1a sustituci\u00f3n de un lugar que en realidad no tienen, y es all\u00ed sonde se administra la interacci\u00f3n social y se fundamenta un cierto sentido de identidad (mi vecino, mi comunidad, mi escuela, mis amigos,&#8230;). La vinculaci\u00f3n con un lugar genera un marco para toda forma social (<em>genius Loci<\/em>). En ese sentido, el lugar se convierte en un punto de anclaje reconocible de la socialidad, y a medida que se refuerzan estos v\u00ednculos con el territorio, se refuerza de igual modo el sentimiento com\u00fan. Maffesoli<sup>4<\/sup>\u00a0habla del lugar como dato de base de toda forma de socialidad. En cierto modo, se trata de un intento de dibujar la memoria en el suelo.<\/p>\n<figure id=\"attachment_81813\" aria-describedby=\"caption-attachment-81813\" style=\"width: 1200px\" class=\"wp-caption alignnone\"><img loading=\"lazy\" decoding=\"async\" class=\"wp-image-81813 size-full\" title=\"Transici\u00f3n de espacio p\u00fablico y de usos superpuestos | Fotograf\u00eda: \u00a9 Patrizia Di Monte\" src=\"https:\/\/veredes.es\/blog\/wp-content\/uploads\/2020\/10\/Un-urbanismo-de-emergencia-Ignacio-Gr\u00e1valos-\u2013-Patrizia-Di-Monte-Transici\u00f3n-de-espacio-p\u00fablico-y-de-usos-superpuestos.-\u00a9-Patrizia-Di-Monte.jpg\" alt=\"Un urbanismo de emergencia | Ignacio Gr\u00e1valos \u2013 Patrizia Di Monte. Transici\u00f3n de espacio p\u00fablico y de usos superpuestos | Fotograf\u00eda: \u00a9 Patrizia Di Monte\" width=\"1200\" height=\"900\" srcset=\"https:\/\/veredes.es\/blog\/wp-content\/uploads\/2020\/10\/Un-urbanismo-de-emergencia-Ignacio-Gr\u00e1valos-\u2013-Patrizia-Di-Monte-Transici\u00f3n-de-espacio-p\u00fablico-y-de-usos-superpuestos.-\u00a9-Patrizia-Di-Monte.jpg 1200w, https:\/\/veredes.es\/blog\/wp-content\/uploads\/2020\/10\/Un-urbanismo-de-emergencia-Ignacio-Gr\u00e1valos-\u2013-Patrizia-Di-Monte-Transici\u00f3n-de-espacio-p\u00fablico-y-de-usos-superpuestos.-\u00a9-Patrizia-Di-Monte-300x225.jpg 300w, https:\/\/veredes.es\/blog\/wp-content\/uploads\/2020\/10\/Un-urbanismo-de-emergencia-Ignacio-Gr\u00e1valos-\u2013-Patrizia-Di-Monte-Transici\u00f3n-de-espacio-p\u00fablico-y-de-usos-superpuestos.-\u00a9-Patrizia-Di-Monte-1024x768.jpg 1024w\" sizes=\"auto, (max-width: 1200px) 100vw, 1200px\" \/><figcaption id=\"caption-attachment-81813\" class=\"wp-caption-text\"><span style=\"color: #999999;\">Transici\u00f3n de espacio p\u00fablico y de usos superpuestos | Fotograf\u00eda: \u00a9 Patrizia Di Monte<\/span><\/figcaption><\/figure>\n<h5 style=\"text-align: justify;\"><strong>La huella, en el urbanismo de emergencia<\/strong><\/h5>\n<p style=\"text-align: justify;\">Son lugares que reciben<\/p>\n<blockquote>\n<p style=\"text-align: justify;\">\u201cla huella del grupo, y viceversa\u201d.<\/p>\n<\/blockquote>\n<p style=\"text-align: justify;\">Este sentido de vinculaci\u00f3n espacial es fundamental para establecer un marco en el que se afiance una memoria colectiva. Halbwachs<sup>5<\/sup>\u00a0argumenta que los recuerdos vienen a ser reconstrucciones del pasado. Pero estos recuerdos s\u00f3lo se afianzan si poseen un marco social. En realidad el pasado s\u00f3lo es lo que es, en la medida que lo hemos podido compartir con otros. Nunca estamos solos. Se crea as\u00ed una cadena espacio-sociedad-memoria que va indisolublemente unida.<\/p>\n<p style=\"text-align: justify;\">Por otra parte, continuando con Halbwachs, el apego o el desarraigo de un grupo con el territorio que habita, est\u00e1 condicionado por la necesidad. As\u00ed, para un campesino, que posee una vinculaci\u00f3n muy estrecha con su propia tierra, el crear una serie de tradiciones y costumbres arraigadas al territorio supone una cuesti\u00f3n de superviviencia, de<\/p>\n<blockquote>\n<p style=\"text-align: justify;\">\u201cla f\u00e9rrea voluntad que tiene el grupo de conservarse intacto en el tiempo y el espacio\u201d.<\/p>\n<\/blockquote>\n<p style=\"text-align: justify;\">Esto no sucede en un grupo n\u00f3mada, desterrado, que ha sido despojado de un lugar, que no dispone de elementos estables en los que hilvanar ning\u00fan recuerdo. En esta nueva realidad, nace una conciencia nueva, cuya extensi\u00f3n y contenidos son distintos de los que ten\u00edan antes, fundi\u00e9ndose con otros grupos. Los desplazamientos producidos, derivan en un debilitamiento de la identidad, que tiene que empezar de nuevo, creando lazos con un territorio que no es el suyo, buscando una identidad que les ha sido robada.<\/p>\n<p>Ignacio Gr\u00e1valos \u2013 Patrizia Di Monte. Arquitectos (estonoesunsolar)<br \/>\nZaragoza-Venezia. Diciembre 2020.<\/p>\n<p><span style=\"color: #999999;\"><em>Art\u00edculo publicado originalmente en estonoesunsolar en diciembre 2015<\/em><\/span><\/p>\n<h6 style=\"text-align: justify;\"><strong>Notas<\/strong><\/h6>\n<p style=\"text-align: justify;\"><sup>1 <\/sup>Lebanon Environmental Assessment of the Syrian Conflict. MOE\/EU\/UNDP, 2014.<br \/>\n<sup>2 <\/sup>Zygmunt Bauman. <a href=\"https:\/\/amzn.to\/2IYOipv\" target=\"_blank\" rel=\"noopener noreferrer\">Tiempos l\u00edquidos.<\/a><br \/>\n<sup>3 <\/sup><a href=\"https:\/\/journals.openedition.org\/lhomme\/230\" target=\"_blank\" rel=\"noopener noreferrer\">Michel Agier. <em>Aux bords du monde, les r\u00e9fugi\u00e9s.<\/em><\/a><br \/>\n<sup>4 <\/sup>M. Maffesoli. <a href=\"https:\/\/amzn.to\/31EvDFV\" target=\"_blank\" rel=\"noopener noreferrer\">El tiempo de las tribus<\/a>.<br \/>\n<sup>51 <\/sup>M. Halbwachs. <a href=\"https:\/\/atheneadigital.net\/article\/view\/n13-carretero\" target=\"_blank\" rel=\"noopener noreferrer\">La memoria colectiva.<\/a><\/p>\n","protected":false},"excerpt":{"rendered":"<p>Experiencia de un workshop sobre urbanismo de emergencia en L\u00edbano \u201cUn vez que se es refugiado, se es para siempre. Los caminos de regreso al para\u00edso dom\u00e9stico perdido (o que ya no existen) han quedado todos cortados y las salidas del purgatorio del campamento conducen al infierno&#8230;\u201d Zygmunt Bauman. Tiempos l\u00edquidos. estonoesunsolar fue invitado a [&hellip;]<\/p>\n","protected":false},"author":49,"featured_media":81811,"comment_status":"open","ping_status":"closed","sticky":false,"template":"","format":"standard","meta":{"footnotes":""},"categories":[568,5951],"tags":[510,516,5348,804,6367,15057,5347,1161,1241,1286,12848],"class_list":{"0":"post-81807","1":"post","2":"type-post","3":"status-publish","4":"format-standard","5":"has-post-thumbnail","7":"category-faro","8":"category-slider-principal","9":"tag-espacio","10":"tag-espacio-publico","11":"tag-ignacio-gravalos","12":"tag-lugar","13":"tag-lugar-abandonado","14":"tag-michel-maffesoli","15":"tag-patrizia-di-monte","16":"tag-relacion","17":"tag-sociedad","18":"tag-territorio","19":"tag-zygmunt-bauman"},"yoast_head":"<!-- This site is optimized with the Yoast SEO plugin v27.4 - https:\/\/yoast.com\/product\/yoast-seo-wordpress\/ -->\n<title>Un urbanismo de emergencia | Ignacio Gr\u00e1valos \u2013 Patrizia Di Monte - veredes<\/title>\n<meta name=\"description\" content=\"Toda la informaci\u00f3n sobre: Un urbanismo de emergencia | Ignacio Gr\u00e1valos \u2013 Patrizia Di Monte Urbanismo de emergencia\" \/>\n<meta name=\"robots\" content=\"index, follow, max-snippet:-1, max-image-preview:large, max-video-preview:-1\" \/>\n<link rel=\"canonical\" href=\"https:\/\/veredes.es\/blog\/un-urbanismo-de-emergencia-ignacio-gravalos-patrizia-di-monte\/\" \/>\n<meta property=\"og:locale\" content=\"es_ES\" \/>\n<meta property=\"og:type\" content=\"article\" \/>\n<meta property=\"og:title\" content=\"Un urbanismo de emergencia | Ignacio Gr\u00e1valos \u2013 Patrizia Di Monte - veredes\" \/>\n<meta property=\"og:description\" content=\"Toda la informaci\u00f3n sobre: Un urbanismo de emergencia | Ignacio Gr\u00e1valos \u2013 Patrizia Di Monte Urbanismo de emergencia\" \/>\n<meta property=\"og:url\" content=\"https:\/\/veredes.es\/blog\/un-urbanismo-de-emergencia-ignacio-gravalos-patrizia-di-monte\/\" \/>\n<meta property=\"og:site_name\" content=\"veredes, arquitectura y divulgaci\u00f3n\" \/>\n<meta property=\"article:publisher\" content=\"https:\/\/www.facebook.com\/veredesArquitecturayDivulgacion\/\" \/>\n<meta property=\"article:author\" content=\"https:\/\/www.facebook.com\/gravalosdimonte\" \/>\n<meta property=\"article:published_time\" content=\"2020-11-26T23:01:33+00:00\" \/>\n<meta property=\"article:modified_time\" content=\"2023-02-27T19:13:59+00:00\" \/>\n<meta property=\"og:image\" content=\"https:\/\/veredes.es\/blog\/wp-content\/uploads\/2020\/10\/Un-urbanismo-de-emergencia-Ignacio-Gr\u00e1valos-\u2013-Patrizia-Di-Monte-Disposici\u00f3n-del-campamento-de-refugiados-de-Tilyani.-\u00a9-Patrizia-Di-Monte.jpg\" \/>\n\t<meta property=\"og:image:width\" content=\"1200\" \/>\n\t<meta property=\"og:image:height\" content=\"900\" \/>\n\t<meta property=\"og:image:type\" content=\"image\/jpeg\" \/>\n<meta name=\"author\" content=\"Ignacio Gr\u00e1valos \u2013 Patrizia di Monte\" \/>\n<meta name=\"twitter:card\" content=\"summary_large_image\" \/>\n<meta name=\"twitter:creator\" content=\"@veredes\" \/>\n<meta name=\"twitter:site\" content=\"@veredes\" \/>\n<meta name=\"twitter:label1\" content=\"Escrito por\" \/>\n\t<meta name=\"twitter:data1\" content=\"Ignacio Gr\u00e1valos \u2013 Patrizia di Monte\" \/>\n\t<meta name=\"twitter:label2\" content=\"Tiempo de lectura\" \/>\n\t<meta name=\"twitter:data2\" content=\"9 minutos\" \/>\n<script type=\"application\/ld+json\" class=\"yoast-schema-graph\">{\"@context\":\"https:\\\/\\\/schema.org\",\"@graph\":[{\"@type\":\"Article\",\"@id\":\"https:\\\/\\\/veredes.es\\\/blog\\\/un-urbanismo-de-emergencia-ignacio-gravalos-patrizia-di-monte\\\/#article\",\"isPartOf\":{\"@id\":\"https:\\\/\\\/veredes.es\\\/blog\\\/un-urbanismo-de-emergencia-ignacio-gravalos-patrizia-di-monte\\\/\"},\"author\":{\"name\":\"Ignacio Gr\u00e1valos \u2013 Patrizia di Monte\",\"@id\":\"https:\\\/\\\/veredes.es\\\/blog\\\/#\\\/schema\\\/person\\\/54b7a5ff71486d345ca458713f0ac06f\"},\"headline\":\"Un urbanismo de emergencia | Ignacio Gr\u00e1valos \u2013 Patrizia Di Monte\",\"datePublished\":\"2020-11-26T23:01:33+00:00\",\"dateModified\":\"2023-02-27T19:13:59+00:00\",\"mainEntityOfPage\":{\"@id\":\"https:\\\/\\\/veredes.es\\\/blog\\\/un-urbanismo-de-emergencia-ignacio-gravalos-patrizia-di-monte\\\/\"},\"wordCount\":1748,\"commentCount\":0,\"publisher\":{\"@id\":\"https:\\\/\\\/veredes.es\\\/blog\\\/#organization\"},\"image\":{\"@id\":\"https:\\\/\\\/veredes.es\\\/blog\\\/un-urbanismo-de-emergencia-ignacio-gravalos-patrizia-di-monte\\\/#primaryimage\"},\"thumbnailUrl\":\"https:\\\/\\\/veredes.es\\\/blog\\\/wp-content\\\/uploads\\\/2020\\\/10\\\/Un-urbanismo-de-emergencia-Ignacio-Gr\u00e1valos-\u2013-Patrizia-Di-Monte-Disposici\u00f3n-del-campamento-de-refugiados-de-Tilyani.-\u00a9-Patrizia-Di-Monte.jpg\",\"keywords\":[\"espacio\",\"espacio p\u00fablico\",\"Ignacio Gr\u00e1valos\",\"lugar\",\"lugar abandonado\",\"Michel Maffesoli\",\"Patrizia di Monte\",\"relacion\",\"sociedad\",\"territorio\",\"Zygmunt Bauman\"],\"articleSection\":[\"faro\",\"slider principal\"],\"inLanguage\":\"es\",\"potentialAction\":[{\"@type\":\"CommentAction\",\"name\":\"Comment\",\"target\":[\"https:\\\/\\\/veredes.es\\\/blog\\\/un-urbanismo-de-emergencia-ignacio-gravalos-patrizia-di-monte\\\/#respond\"]}]},{\"@type\":\"WebPage\",\"@id\":\"https:\\\/\\\/veredes.es\\\/blog\\\/un-urbanismo-de-emergencia-ignacio-gravalos-patrizia-di-monte\\\/\",\"url\":\"https:\\\/\\\/veredes.es\\\/blog\\\/un-urbanismo-de-emergencia-ignacio-gravalos-patrizia-di-monte\\\/\",\"name\":\"Un urbanismo de emergencia | Ignacio Gr\u00e1valos \u2013 Patrizia Di Monte - veredes\",\"isPartOf\":{\"@id\":\"https:\\\/\\\/veredes.es\\\/blog\\\/#website\"},\"primaryImageOfPage\":{\"@id\":\"https:\\\/\\\/veredes.es\\\/blog\\\/un-urbanismo-de-emergencia-ignacio-gravalos-patrizia-di-monte\\\/#primaryimage\"},\"image\":{\"@id\":\"https:\\\/\\\/veredes.es\\\/blog\\\/un-urbanismo-de-emergencia-ignacio-gravalos-patrizia-di-monte\\\/#primaryimage\"},\"thumbnailUrl\":\"https:\\\/\\\/veredes.es\\\/blog\\\/wp-content\\\/uploads\\\/2020\\\/10\\\/Un-urbanismo-de-emergencia-Ignacio-Gr\u00e1valos-\u2013-Patrizia-Di-Monte-Disposici\u00f3n-del-campamento-de-refugiados-de-Tilyani.-\u00a9-Patrizia-Di-Monte.jpg\",\"datePublished\":\"2020-11-26T23:01:33+00:00\",\"dateModified\":\"2023-02-27T19:13:59+00:00\",\"description\":\"Toda la informaci\u00f3n sobre: Un urbanismo de emergencia | Ignacio Gr\u00e1valos \u2013 Patrizia Di Monte Urbanismo de emergencia\",\"breadcrumb\":{\"@id\":\"https:\\\/\\\/veredes.es\\\/blog\\\/un-urbanismo-de-emergencia-ignacio-gravalos-patrizia-di-monte\\\/#breadcrumb\"},\"inLanguage\":\"es\",\"potentialAction\":[{\"@type\":\"ReadAction\",\"target\":[\"https:\\\/\\\/veredes.es\\\/blog\\\/un-urbanismo-de-emergencia-ignacio-gravalos-patrizia-di-monte\\\/\"]}]},{\"@type\":\"ImageObject\",\"inLanguage\":\"es\",\"@id\":\"https:\\\/\\\/veredes.es\\\/blog\\\/un-urbanismo-de-emergencia-ignacio-gravalos-patrizia-di-monte\\\/#primaryimage\",\"url\":\"https:\\\/\\\/veredes.es\\\/blog\\\/wp-content\\\/uploads\\\/2020\\\/10\\\/Un-urbanismo-de-emergencia-Ignacio-Gr\u00e1valos-\u2013-Patrizia-Di-Monte-Disposici\u00f3n-del-campamento-de-refugiados-de-Tilyani.-\u00a9-Patrizia-Di-Monte.jpg\",\"contentUrl\":\"https:\\\/\\\/veredes.es\\\/blog\\\/wp-content\\\/uploads\\\/2020\\\/10\\\/Un-urbanismo-de-emergencia-Ignacio-Gr\u00e1valos-\u2013-Patrizia-Di-Monte-Disposici\u00f3n-del-campamento-de-refugiados-de-Tilyani.-\u00a9-Patrizia-Di-Monte.jpg\",\"width\":1200,\"height\":900,\"caption\":\"Disposici\u00f3n del campamento de refugiados de Tilyani. | Fotograf\u00eda: \u00a9 Patrizia Di Monte\"},{\"@type\":\"BreadcrumbList\",\"@id\":\"https:\\\/\\\/veredes.es\\\/blog\\\/un-urbanismo-de-emergencia-ignacio-gravalos-patrizia-di-monte\\\/#breadcrumb\",\"itemListElement\":[{\"@type\":\"ListItem\",\"position\":1,\"name\":\"Portada\",\"item\":\"https:\\\/\\\/veredes.es\\\/blog\\\/\"},{\"@type\":\"ListItem\",\"position\":2,\"name\":\"Un urbanismo de emergencia | Ignacio Gr\u00e1valos \u2013 Patrizia Di Monte\"}]},{\"@type\":\"WebSite\",\"@id\":\"https:\\\/\\\/veredes.es\\\/blog\\\/#website\",\"url\":\"https:\\\/\\\/veredes.es\\\/blog\\\/\",\"name\":\"veredes, arquitectura y divulgaci\u00f3n\",\"description\":\"veredes\",\"publisher\":{\"@id\":\"https:\\\/\\\/veredes.es\\\/blog\\\/#organization\"},\"alternateName\":\"veredes\",\"potentialAction\":[{\"@type\":\"SearchAction\",\"target\":{\"@type\":\"EntryPoint\",\"urlTemplate\":\"https:\\\/\\\/veredes.es\\\/blog\\\/?s={search_term_string}\"},\"query-input\":{\"@type\":\"PropertyValueSpecification\",\"valueRequired\":true,\"valueName\":\"search_term_string\"}}],\"inLanguage\":\"es\"},{\"@type\":\"Organization\",\"@id\":\"https:\\\/\\\/veredes.es\\\/blog\\\/#organization\",\"name\":\"veredes, arquitectura y divulgaci\u00f3n\",\"alternateName\":\"veredes\",\"url\":\"https:\\\/\\\/veredes.es\\\/blog\\\/\",\"logo\":{\"@type\":\"ImageObject\",\"inLanguage\":\"es\",\"@id\":\"https:\\\/\\\/veredes.es\\\/blog\\\/#\\\/schema\\\/logo\\\/image\\\/\",\"url\":\"https:\\\/\\\/veredes.es\\\/blog\\\/wp-content\\\/uploads\\\/2021\\\/12\\\/veredes-logo-centrado_140x54.png\",\"contentUrl\":\"https:\\\/\\\/veredes.es\\\/blog\\\/wp-content\\\/uploads\\\/2021\\\/12\\\/veredes-logo-centrado_140x54.png\",\"width\":140,\"height\":54,\"caption\":\"veredes, arquitectura y divulgaci\u00f3n\"},\"image\":{\"@id\":\"https:\\\/\\\/veredes.es\\\/blog\\\/#\\\/schema\\\/logo\\\/image\\\/\"},\"sameAs\":[\"https:\\\/\\\/www.facebook.com\\\/veredesArquitecturayDivulgacion\\\/\",\"https:\\\/\\\/x.com\\\/veredes\",\"https:\\\/\\\/instagram.com\\\/veredes\\\/\",\"https:\\\/\\\/www.linkedin.com\\\/company\\\/veredes-arquitectura-y-divulgacion\\\/\",\"https:\\\/\\\/es.pinterest.com\\\/veredes\\\/\",\"https:\\\/\\\/www.tumblr.com\\\/veredes\"]},{\"@type\":\"Person\",\"@id\":\"https:\\\/\\\/veredes.es\\\/blog\\\/#\\\/schema\\\/person\\\/54b7a5ff71486d345ca458713f0ac06f\",\"name\":\"Ignacio Gr\u00e1valos \u2013 Patrizia di Monte\",\"image\":{\"@type\":\"ImageObject\",\"inLanguage\":\"es\",\"@id\":\"https:\\\/\\\/veredes.es\\\/blog\\\/wp-content\\\/uploads\\\/2018\\\/04\\\/Ignacio-Gr\u00e1valos-\u2013-Patrizia-di-Monte-96x96.jpeg\",\"url\":\"https:\\\/\\\/veredes.es\\\/blog\\\/wp-content\\\/uploads\\\/2018\\\/04\\\/Ignacio-Gr\u00e1valos-\u2013-Patrizia-di-Monte-96x96.jpeg\",\"contentUrl\":\"https:\\\/\\\/veredes.es\\\/blog\\\/wp-content\\\/uploads\\\/2018\\\/04\\\/Ignacio-Gr\u00e1valos-\u2013-Patrizia-di-Monte-96x96.jpeg\",\"caption\":\"Ignacio Gr\u00e1valos \u2013 Patrizia di Monte\"},\"description\":\"Ignacio Gr\u00e1valos es arquitecto por la ETSAB (Barcelona, 1994). Doctor por la Universidad de Zaragoza (2020) con su tesis \u201cEl fin de la modernidad. Visiones del espacio urbano desde una perspectiva cinematogr\u00e1fica\u201d. Master de Investigaci\u00f3n y Formaci\u00f3n Avanzada en Arquitectura por la Universidad San Jorge (2013). Es profesor titular de Expresi\u00f3n Arquitect\u00f3nica y Proyectos Fin de Grado de la Escuela de Arquitectura de la Universidad San Jorge. Patrizia Di Monte es arquitecta por el I.U.A.V., becada por el Gobierno Italiano para estudios de postgrado del 1996 al 1998, titulo de Master ETSAB-UPC-CCCB, doctorado ETSAB-UPC, profesora de Urbanismo y Arquitectura Social y coordinadora de relaciones internacionales de la ETSA USJ hasta 2014. Visiting professor del Politecnico de Mil\u00e1n, Master NIB, y SOS en Italia desde 2015. Validated Lead Expert Urbact + Cost. En 1998 fundan gravalosdimonte arquitectos, desarrollando proyectos culturales, que abarcan desde el arte a la arquitectura, estrategias de regeneraci\u00f3n urbana, paisajismo, arquitectura participativa y urbanismo sostenible. Autores intelectuales del programa \u201cestonoesunsolar\u201d. Ganadores de los premios internacionales, Eurocties Planning for people, 2011; Innovazione e Qualit\u00e1 urbana 2010, Saie Selecion 12 Urban Regeneration and development, Biennale Spazio Pubblico 2013 Citt\u00e1 sociale, menci\u00f3n de investigaci\u00f3n XI BEAU; sus trabajos han sido expuestos en NAI - R\u00f3tterdam, DAZ - Berl\u00edn, MAXXI - Roma, Biennale Architettura Venezia y Bienal Arquitectura Urbanismo Espa\u00f1ola.\",\"sameAs\":[\"http:\\\/\\\/gravalosdimonte.com\\\/\",\"https:\\\/\\\/www.facebook.com\\\/gravalosdimonte\",\"https:\\\/\\\/www.instagram.com\\\/explore\\\/tags\\\/gravalosdimonte\\\/\"],\"url\":\"https:\\\/\\\/veredes.es\\\/blog\\\/author\\\/ignacio-gravalos-patrizia-di-monte\\\/\"}]}<\/script>\n<!-- \/ Yoast SEO plugin. -->","yoast_head_json":{"title":"Un urbanismo de emergencia | Ignacio Gr\u00e1valos \u2013 Patrizia Di Monte - veredes","description":"Toda la informaci\u00f3n sobre: Un urbanismo de emergencia | Ignacio Gr\u00e1valos \u2013 Patrizia Di Monte Urbanismo de emergencia","robots":{"index":"index","follow":"follow","max-snippet":"max-snippet:-1","max-image-preview":"max-image-preview:large","max-video-preview":"max-video-preview:-1"},"canonical":"https:\/\/veredes.es\/blog\/un-urbanismo-de-emergencia-ignacio-gravalos-patrizia-di-monte\/","og_locale":"es_ES","og_type":"article","og_title":"Un urbanismo de emergencia | Ignacio Gr\u00e1valos \u2013 Patrizia Di Monte - veredes","og_description":"Toda la informaci\u00f3n sobre: Un urbanismo de emergencia | Ignacio Gr\u00e1valos \u2013 Patrizia Di Monte Urbanismo de emergencia","og_url":"https:\/\/veredes.es\/blog\/un-urbanismo-de-emergencia-ignacio-gravalos-patrizia-di-monte\/","og_site_name":"veredes, arquitectura y divulgaci\u00f3n","article_publisher":"https:\/\/www.facebook.com\/veredesArquitecturayDivulgacion\/","article_author":"https:\/\/www.facebook.com\/gravalosdimonte","article_published_time":"2020-11-26T23:01:33+00:00","article_modified_time":"2023-02-27T19:13:59+00:00","og_image":[{"width":1200,"height":900,"url":"https:\/\/veredes.es\/blog\/wp-content\/uploads\/2020\/10\/Un-urbanismo-de-emergencia-Ignacio-Gr\u00e1valos-\u2013-Patrizia-Di-Monte-Disposici\u00f3n-del-campamento-de-refugiados-de-Tilyani.-\u00a9-Patrizia-Di-Monte.jpg","type":"image\/jpeg"}],"author":"Ignacio Gr\u00e1valos \u2013 Patrizia di Monte","twitter_card":"summary_large_image","twitter_creator":"@veredes","twitter_site":"@veredes","twitter_misc":{"Escrito por":"Ignacio Gr\u00e1valos \u2013 Patrizia di Monte","Tiempo de lectura":"9 minutos"},"schema":{"@context":"https:\/\/schema.org","@graph":[{"@type":"Article","@id":"https:\/\/veredes.es\/blog\/un-urbanismo-de-emergencia-ignacio-gravalos-patrizia-di-monte\/#article","isPartOf":{"@id":"https:\/\/veredes.es\/blog\/un-urbanismo-de-emergencia-ignacio-gravalos-patrizia-di-monte\/"},"author":{"name":"Ignacio Gr\u00e1valos \u2013 Patrizia di Monte","@id":"https:\/\/veredes.es\/blog\/#\/schema\/person\/54b7a5ff71486d345ca458713f0ac06f"},"headline":"Un urbanismo de emergencia | Ignacio Gr\u00e1valos \u2013 Patrizia Di Monte","datePublished":"2020-11-26T23:01:33+00:00","dateModified":"2023-02-27T19:13:59+00:00","mainEntityOfPage":{"@id":"https:\/\/veredes.es\/blog\/un-urbanismo-de-emergencia-ignacio-gravalos-patrizia-di-monte\/"},"wordCount":1748,"commentCount":0,"publisher":{"@id":"https:\/\/veredes.es\/blog\/#organization"},"image":{"@id":"https:\/\/veredes.es\/blog\/un-urbanismo-de-emergencia-ignacio-gravalos-patrizia-di-monte\/#primaryimage"},"thumbnailUrl":"https:\/\/veredes.es\/blog\/wp-content\/uploads\/2020\/10\/Un-urbanismo-de-emergencia-Ignacio-Gr\u00e1valos-\u2013-Patrizia-Di-Monte-Disposici\u00f3n-del-campamento-de-refugiados-de-Tilyani.-\u00a9-Patrizia-Di-Monte.jpg","keywords":["espacio","espacio p\u00fablico","Ignacio Gr\u00e1valos","lugar","lugar abandonado","Michel Maffesoli","Patrizia di Monte","relacion","sociedad","territorio","Zygmunt Bauman"],"articleSection":["faro","slider principal"],"inLanguage":"es","potentialAction":[{"@type":"CommentAction","name":"Comment","target":["https:\/\/veredes.es\/blog\/un-urbanismo-de-emergencia-ignacio-gravalos-patrizia-di-monte\/#respond"]}]},{"@type":"WebPage","@id":"https:\/\/veredes.es\/blog\/un-urbanismo-de-emergencia-ignacio-gravalos-patrizia-di-monte\/","url":"https:\/\/veredes.es\/blog\/un-urbanismo-de-emergencia-ignacio-gravalos-patrizia-di-monte\/","name":"Un urbanismo de emergencia | Ignacio Gr\u00e1valos \u2013 Patrizia Di Monte - veredes","isPartOf":{"@id":"https:\/\/veredes.es\/blog\/#website"},"primaryImageOfPage":{"@id":"https:\/\/veredes.es\/blog\/un-urbanismo-de-emergencia-ignacio-gravalos-patrizia-di-monte\/#primaryimage"},"image":{"@id":"https:\/\/veredes.es\/blog\/un-urbanismo-de-emergencia-ignacio-gravalos-patrizia-di-monte\/#primaryimage"},"thumbnailUrl":"https:\/\/veredes.es\/blog\/wp-content\/uploads\/2020\/10\/Un-urbanismo-de-emergencia-Ignacio-Gr\u00e1valos-\u2013-Patrizia-Di-Monte-Disposici\u00f3n-del-campamento-de-refugiados-de-Tilyani.-\u00a9-Patrizia-Di-Monte.jpg","datePublished":"2020-11-26T23:01:33+00:00","dateModified":"2023-02-27T19:13:59+00:00","description":"Toda la informaci\u00f3n sobre: Un urbanismo de emergencia | Ignacio Gr\u00e1valos \u2013 Patrizia Di Monte Urbanismo de emergencia","breadcrumb":{"@id":"https:\/\/veredes.es\/blog\/un-urbanismo-de-emergencia-ignacio-gravalos-patrizia-di-monte\/#breadcrumb"},"inLanguage":"es","potentialAction":[{"@type":"ReadAction","target":["https:\/\/veredes.es\/blog\/un-urbanismo-de-emergencia-ignacio-gravalos-patrizia-di-monte\/"]}]},{"@type":"ImageObject","inLanguage":"es","@id":"https:\/\/veredes.es\/blog\/un-urbanismo-de-emergencia-ignacio-gravalos-patrizia-di-monte\/#primaryimage","url":"https:\/\/veredes.es\/blog\/wp-content\/uploads\/2020\/10\/Un-urbanismo-de-emergencia-Ignacio-Gr\u00e1valos-\u2013-Patrizia-Di-Monte-Disposici\u00f3n-del-campamento-de-refugiados-de-Tilyani.-\u00a9-Patrizia-Di-Monte.jpg","contentUrl":"https:\/\/veredes.es\/blog\/wp-content\/uploads\/2020\/10\/Un-urbanismo-de-emergencia-Ignacio-Gr\u00e1valos-\u2013-Patrizia-Di-Monte-Disposici\u00f3n-del-campamento-de-refugiados-de-Tilyani.-\u00a9-Patrizia-Di-Monte.jpg","width":1200,"height":900,"caption":"Disposici\u00f3n del campamento de refugiados de Tilyani. | Fotograf\u00eda: \u00a9 Patrizia Di Monte"},{"@type":"BreadcrumbList","@id":"https:\/\/veredes.es\/blog\/un-urbanismo-de-emergencia-ignacio-gravalos-patrizia-di-monte\/#breadcrumb","itemListElement":[{"@type":"ListItem","position":1,"name":"Portada","item":"https:\/\/veredes.es\/blog\/"},{"@type":"ListItem","position":2,"name":"Un urbanismo de emergencia | Ignacio Gr\u00e1valos \u2013 Patrizia Di Monte"}]},{"@type":"WebSite","@id":"https:\/\/veredes.es\/blog\/#website","url":"https:\/\/veredes.es\/blog\/","name":"veredes, arquitectura y divulgaci\u00f3n","description":"veredes","publisher":{"@id":"https:\/\/veredes.es\/blog\/#organization"},"alternateName":"veredes","potentialAction":[{"@type":"SearchAction","target":{"@type":"EntryPoint","urlTemplate":"https:\/\/veredes.es\/blog\/?s={search_term_string}"},"query-input":{"@type":"PropertyValueSpecification","valueRequired":true,"valueName":"search_term_string"}}],"inLanguage":"es"},{"@type":"Organization","@id":"https:\/\/veredes.es\/blog\/#organization","name":"veredes, arquitectura y divulgaci\u00f3n","alternateName":"veredes","url":"https:\/\/veredes.es\/blog\/","logo":{"@type":"ImageObject","inLanguage":"es","@id":"https:\/\/veredes.es\/blog\/#\/schema\/logo\/image\/","url":"https:\/\/veredes.es\/blog\/wp-content\/uploads\/2021\/12\/veredes-logo-centrado_140x54.png","contentUrl":"https:\/\/veredes.es\/blog\/wp-content\/uploads\/2021\/12\/veredes-logo-centrado_140x54.png","width":140,"height":54,"caption":"veredes, arquitectura y divulgaci\u00f3n"},"image":{"@id":"https:\/\/veredes.es\/blog\/#\/schema\/logo\/image\/"},"sameAs":["https:\/\/www.facebook.com\/veredesArquitecturayDivulgacion\/","https:\/\/x.com\/veredes","https:\/\/instagram.com\/veredes\/","https:\/\/www.linkedin.com\/company\/veredes-arquitectura-y-divulgacion\/","https:\/\/es.pinterest.com\/veredes\/","https:\/\/www.tumblr.com\/veredes"]},{"@type":"Person","@id":"https:\/\/veredes.es\/blog\/#\/schema\/person\/54b7a5ff71486d345ca458713f0ac06f","name":"Ignacio Gr\u00e1valos \u2013 Patrizia di Monte","image":{"@type":"ImageObject","inLanguage":"es","@id":"https:\/\/veredes.es\/blog\/wp-content\/uploads\/2018\/04\/Ignacio-Gr\u00e1valos-\u2013-Patrizia-di-Monte-96x96.jpeg","url":"https:\/\/veredes.es\/blog\/wp-content\/uploads\/2018\/04\/Ignacio-Gr\u00e1valos-\u2013-Patrizia-di-Monte-96x96.jpeg","contentUrl":"https:\/\/veredes.es\/blog\/wp-content\/uploads\/2018\/04\/Ignacio-Gr\u00e1valos-\u2013-Patrizia-di-Monte-96x96.jpeg","caption":"Ignacio Gr\u00e1valos \u2013 Patrizia di Monte"},"description":"Ignacio Gr\u00e1valos es arquitecto por la ETSAB (Barcelona, 1994). Doctor por la Universidad de Zaragoza (2020) con su tesis \u201cEl fin de la modernidad. Visiones del espacio urbano desde una perspectiva cinematogr\u00e1fica\u201d. Master de Investigaci\u00f3n y Formaci\u00f3n Avanzada en Arquitectura por la Universidad San Jorge (2013). Es profesor titular de Expresi\u00f3n Arquitect\u00f3nica y Proyectos Fin de Grado de la Escuela de Arquitectura de la Universidad San Jorge. Patrizia Di Monte es arquitecta por el I.U.A.V., becada por el Gobierno Italiano para estudios de postgrado del 1996 al 1998, titulo de Master ETSAB-UPC-CCCB, doctorado ETSAB-UPC, profesora de Urbanismo y Arquitectura Social y coordinadora de relaciones internacionales de la ETSA USJ hasta 2014. Visiting professor del Politecnico de Mil\u00e1n, Master NIB, y SOS en Italia desde 2015. Validated Lead Expert Urbact + Cost. En 1998 fundan gravalosdimonte arquitectos, desarrollando proyectos culturales, que abarcan desde el arte a la arquitectura, estrategias de regeneraci\u00f3n urbana, paisajismo, arquitectura participativa y urbanismo sostenible. Autores intelectuales del programa \u201cestonoesunsolar\u201d. Ganadores de los premios internacionales, Eurocties Planning for people, 2011; Innovazione e Qualit\u00e1 urbana 2010, Saie Selecion 12 Urban Regeneration and development, Biennale Spazio Pubblico 2013 Citt\u00e1 sociale, menci\u00f3n de investigaci\u00f3n XI BEAU; sus trabajos han sido expuestos en NAI - R\u00f3tterdam, DAZ - Berl\u00edn, MAXXI - Roma, Biennale Architettura Venezia y Bienal Arquitectura Urbanismo Espa\u00f1ola.","sameAs":["http:\/\/gravalosdimonte.com\/","https:\/\/www.facebook.com\/gravalosdimonte","https:\/\/www.instagram.com\/explore\/tags\/gravalosdimonte\/"],"url":"https:\/\/veredes.es\/blog\/author\/ignacio-gravalos-patrizia-di-monte\/"}]}},"_links":{"self":[{"href":"https:\/\/veredes.es\/blog\/wp-json\/wp\/v2\/posts\/81807","targetHints":{"allow":["GET"]}}],"collection":[{"href":"https:\/\/veredes.es\/blog\/wp-json\/wp\/v2\/posts"}],"about":[{"href":"https:\/\/veredes.es\/blog\/wp-json\/wp\/v2\/types\/post"}],"author":[{"embeddable":true,"href":"https:\/\/veredes.es\/blog\/wp-json\/wp\/v2\/users\/49"}],"replies":[{"embeddable":true,"href":"https:\/\/veredes.es\/blog\/wp-json\/wp\/v2\/comments?post=81807"}],"version-history":[{"count":0,"href":"https:\/\/veredes.es\/blog\/wp-json\/wp\/v2\/posts\/81807\/revisions"}],"wp:featuredmedia":[{"embeddable":true,"href":"https:\/\/veredes.es\/blog\/wp-json\/wp\/v2\/media\/81811"}],"wp:attachment":[{"href":"https:\/\/veredes.es\/blog\/wp-json\/wp\/v2\/media?parent=81807"}],"wp:term":[{"taxonomy":"category","embeddable":true,"href":"https:\/\/veredes.es\/blog\/wp-json\/wp\/v2\/categories?post=81807"},{"taxonomy":"post_tag","embeddable":true,"href":"https:\/\/veredes.es\/blog\/wp-json\/wp\/v2\/tags?post=81807"}],"curies":[{"name":"wp","href":"https:\/\/api.w.org\/{rel}","templated":true}]}}