{"id":81532,"date":"2021-12-14T00:01:31","date_gmt":"2021-12-13T23:01:31","guid":{"rendered":"https:\/\/veredes.es\/blog\/?p=81532"},"modified":"2021-11-03T13:08:54","modified_gmt":"2021-11-03T12:08:54","slug":"coleccion-completa-de-revista-carrer-de-la-ciutat","status":"publish","type":"post","link":"https:\/\/veredes.es\/blog\/coleccion-completa-de-revista-carrer-de-la-ciutat\/","title":{"rendered":"Colecci\u00f3n completa de la Revista Carrer de la Ciutat"},"content":{"rendered":"<p><img loading=\"lazy\" decoding=\"async\" class=\"alignnone size-full wp-image-81535\" src=\"https:\/\/veredes.es\/blog\/wp-content\/uploads\/2020\/10\/Colecci\u00f3n-completa-de-la-Revista-Carrer-de-la-Ciutat.jpg\" alt=\"\" width=\"720\" height=\"540\" srcset=\"https:\/\/veredes.es\/blog\/wp-content\/uploads\/2020\/10\/Colecci\u00f3n-completa-de-la-Revista-Carrer-de-la-Ciutat.jpg 720w, https:\/\/veredes.es\/blog\/wp-content\/uploads\/2020\/10\/Colecci\u00f3n-completa-de-la-Revista-Carrer-de-la-Ciutat-300x225.jpg 300w\" sizes=\"auto, (max-width: 720px) 100vw, 720px\" \/><\/p>\n<p style=\"text-align: justify;\"><strong>Carrer de la Ciutat<\/strong>, es una revista de arquitectura de la <a href=\"https:\/\/upcommons.upc.edu\/handle\/2099\/199\" target=\"_blank\" rel=\"noopener noreferrer\">ETSAB<\/a>, dirigida por Beatriz Colomina. Publicada en Barcelona entre 1977 y 1980. 12+1 n\u00fameros publicados, dos de ellos dobles y con la existencia de un n\u00famero 0.<\/p>\n<p style=\"text-align: justify;\">Equipo redactor: Xavier Blanquer, Luis Burillo, Beatriz Colomina, Enric Granell, Juan Jos\u00e9 Lahuerta (n\u00fam. 9-12) Jos\u00e9 Manuel P\u00e9rez Latorre, Helio Pi\u00f1\u00f3n, Santiago Planas (n\u00fam 9-12) Francesco Prosperetti, Josep Quetglas, Josep Maria Rovira (n\u00fam 9-12) y Txatxo Sabater.<\/p>\n<p><img loading=\"lazy\" decoding=\"async\" class=\"alignnone wp-image-81536\" src=\"https:\/\/veredes.es\/blog\/wp-content\/uploads\/2020\/10\/Colecci\u00f3n-completa-de-la-Revista-Carrer-de-la-Ciutat-1.jpg\" alt=\"\" width=\"640\" height=\"580\" srcset=\"https:\/\/veredes.es\/blog\/wp-content\/uploads\/2020\/10\/Colecci\u00f3n-completa-de-la-Revista-Carrer-de-la-Ciutat-1.jpg 340w, https:\/\/veredes.es\/blog\/wp-content\/uploads\/2020\/10\/Colecci\u00f3n-completa-de-la-Revista-Carrer-de-la-Ciutat-1-300x272.jpg 300w\" sizes=\"auto, (max-width: 640px) 100vw, 640px\" \/><\/p>\n<p style=\"text-align: center;\"><a href=\"https:\/\/drive.google.com\/uc?id=1w9fncoh5Lmunhw82u_FA7ttQRCYAguWI&amp;export=download\" target=\"_blank\" rel=\"noopener noreferrer\"><strong>Acceso a la base completa AQU\u00cd<\/strong><\/a><\/p>\n<p style=\"text-align: justify;\">La informaci\u00f3n ha sido recopilada por\u00a0<a href=\"https:\/\/twitter.com\/almale\" target=\"_blank\" rel=\"noopener noreferrer\">Eduardo Almal\u00e9 Artal<\/a>\u00a0tras rastrearla a trav\u00e9s principalmente de bibliotecas y archivos. Los siguientes repositorios son solo algunos de ellos:<\/p>\n<p style=\"padding-left: 40px; text-align: justify;\"><a href=\"https:\/\/archive.org\/\" target=\"_blank\" rel=\"noopener noreferrer\">\u2013 Archive<\/a><br \/>\n<a href=\"https:\/\/monoskop.org\/Monoskop\" target=\"_blank\" rel=\"noopener noreferrer\">\u2013 Monoskop<\/a><br \/>\n<a href=\"https:\/\/usmodernist.org\/library.htm\" target=\"_blank\" rel=\"noopener noreferrer\">\u2013 US Modernist<\/a><br \/>\n<a href=\"https:\/\/magazines.iaddb.org\/periodicals\" target=\"_blank\" rel=\"noopener noreferrer\">\u2013 IADDB<\/a><br \/>\n<a href=\"https:\/\/www.ub.uni-heidelberg.de\/helios\/digi\/digilit.html\" target=\"_blank\" rel=\"noopener noreferrer\">\u2013 Heidelberger historische Best\u00e4nde \u2013 digital<\/a><br \/>\n<a href=\"http:\/\/hemerotecadigital.bne.es\/index.vm\" target=\"_blank\" rel=\"noopener noreferrer\">\u2013 Hemeroteca digital<\/a><\/p>\n","protected":false},"excerpt":{"rendered":"<p>Carrer de la Ciutat, es una revista de arquitectura de la ETSAB, dirigida por Beatriz Colomina. Publicada en Barcelona entre 1977 y 1980. 12+1 n\u00fameros publicados, dos de ellos dobles y con la existencia de un n\u00famero 0. Equipo redactor: Xavier Blanquer, Luis Burillo, Beatriz Colomina, Enric Granell, Juan Jos\u00e9 Lahuerta (n\u00fam. 9-12) Jos\u00e9 Manuel [&hellip;]<\/p>\n","protected":false},"author":2,"featured_media":81535,"comment_status":"open","ping_status":"closed","sticky":false,"template":"","format":"standard","meta":{"footnotes":""},"categories":[26,28],"tags":[12448,6267,191,5096,10819,15019,2131,15017,9357,668,15021,11417,3952,9944,15020,1173,15016,1278,2048,15018,12468,15015],"class_list":{"0":"post-81532","1":"post","2":"type-post","3":"status-publish","4":"format-standard","5":"has-post-thumbnail","7":"category-publicaciones","8":"category-revistas","9":"tag-arquitectura","10":"tag-arquitectura-catalana","11":"tag-barcelona","12":"tag-beatriz-colomina","13":"tag-eduardo-almale","14":"tag-enric-granell","15":"tag-etsab","16":"tag-francesco-prosperetti","17":"tag-helio-pinon","18":"tag-historia","19":"tag-jose-manuel-perez-latorre","20":"tag-josep-maria-rovira","21":"tag-josep-quetglas","22":"tag-juan-jose-lahuerta","23":"tag-luis-burillo","24":"tag-revista","25":"tag-santiago-planas","26":"tag-teoria","27":"tag-teoria-e-historia","28":"tag-txatxo-sabater","29":"tag-urbanismo","30":"tag-xavier-blanquer"},"yoast_head":"<!-- This site is optimized with the Yoast SEO plugin v27.4 - https:\/\/yoast.com\/product\/yoast-seo-wordpress\/ -->\n<title>Colecci\u00f3n completa de la Revista Carrer de la Ciutat - veredes<\/title>\n<meta name=\"description\" content=\"Toda la informaci\u00f3n sobre: Colecci\u00f3n completa de la Revista Carrer de la Ciutat\" \/>\n<meta name=\"robots\" content=\"index, follow, max-snippet:-1, max-image-preview:large, max-video-preview:-1\" \/>\n<link rel=\"canonical\" href=\"https:\/\/veredes.es\/blog\/coleccion-completa-de-revista-carrer-de-la-ciutat\/\" \/>\n<meta property=\"og:locale\" content=\"es_ES\" \/>\n<meta property=\"og:type\" content=\"article\" \/>\n<meta property=\"og:title\" content=\"Colecci\u00f3n completa de la Revista Carrer de la Ciutat - veredes\" \/>\n<meta property=\"og:description\" content=\"Toda la informaci\u00f3n sobre: Colecci\u00f3n completa de la Revista Carrer de la Ciutat\" \/>\n<meta property=\"og:url\" content=\"https:\/\/veredes.es\/blog\/coleccion-completa-de-revista-carrer-de-la-ciutat\/\" \/>\n<meta property=\"og:site_name\" content=\"veredes, arquitectura y divulgaci\u00f3n\" \/>\n<meta property=\"article:publisher\" content=\"https:\/\/www.facebook.com\/veredesArquitecturayDivulgacion\/\" \/>\n<meta property=\"article:author\" content=\"https:\/\/www.facebook.com\/veredesArquitecturayDivulgacion\/\" \/>\n<meta property=\"article:published_time\" content=\"2021-12-13T23:01:31+00:00\" \/>\n<meta property=\"og:image\" content=\"https:\/\/veredes.es\/blog\/wp-content\/uploads\/2020\/10\/Colecci\u00f3n-completa-de-la-Revista-Carrer-de-la-Ciutat.jpg\" \/>\n\t<meta property=\"og:image:width\" content=\"720\" \/>\n\t<meta property=\"og:image:height\" content=\"540\" \/>\n\t<meta property=\"og:image:type\" content=\"image\/jpeg\" \/>\n<meta name=\"author\" content=\"veredes\" \/>\n<meta name=\"twitter:card\" content=\"summary_large_image\" \/>\n<meta name=\"twitter:creator\" content=\"@https:\/\/twitter.com\/veredes\" \/>\n<meta name=\"twitter:site\" content=\"@veredes\" \/>\n<meta name=\"twitter:label1\" content=\"Escrito por\" \/>\n\t<meta name=\"twitter:data1\" content=\"veredes\" \/>\n\t<meta name=\"twitter:label2\" content=\"Tiempo de lectura\" \/>\n\t<meta name=\"twitter:data2\" content=\"1 minuto\" \/>\n<script type=\"application\/ld+json\" class=\"yoast-schema-graph\">{\"@context\":\"https:\\\/\\\/schema.org\",\"@graph\":[{\"@type\":\"Article\",\"@id\":\"https:\\\/\\\/veredes.es\\\/blog\\\/coleccion-completa-de-revista-carrer-de-la-ciutat\\\/#article\",\"isPartOf\":{\"@id\":\"https:\\\/\\\/veredes.es\\\/blog\\\/coleccion-completa-de-revista-carrer-de-la-ciutat\\\/\"},\"author\":{\"name\":\"veredes\",\"@id\":\"https:\\\/\\\/veredes.es\\\/blog\\\/#\\\/schema\\\/person\\\/0bbb669073ef7faba5168a0844e93d2c\"},\"headline\":\"Colecci\u00f3n completa de la Revista Carrer de la Ciutat\",\"datePublished\":\"2021-12-13T23:01:31+00:00\",\"mainEntityOfPage\":{\"@id\":\"https:\\\/\\\/veredes.es\\\/blog\\\/coleccion-completa-de-revista-carrer-de-la-ciutat\\\/\"},\"wordCount\":134,\"commentCount\":0,\"publisher\":{\"@id\":\"https:\\\/\\\/veredes.es\\\/blog\\\/#organization\"},\"image\":{\"@id\":\"https:\\\/\\\/veredes.es\\\/blog\\\/coleccion-completa-de-revista-carrer-de-la-ciutat\\\/#primaryimage\"},\"thumbnailUrl\":\"https:\\\/\\\/veredes.es\\\/blog\\\/wp-content\\\/uploads\\\/2020\\\/10\\\/Colecci\u00f3n-completa-de-la-Revista-Carrer-de-la-Ciutat.jpg\",\"keywords\":[\"arquitectura\",\"arquitectura catalana\",\"Barcelona\",\"Beatriz Colomina\",\"Eduardo Almal\u00e9\",\"Enric Granell\",\"ETSAB\",\"Francesco Prosperetti\",\"Helio Pi\u00f1\u00f3n\",\"historia\",\"Jos\u00e9 Manuel P\u00e9rez Latorre\",\"Josep Maria Rovira\",\"Josep Quetglas\",\"Juan Jos\u00e9 Lahuerta\",\"Luis Burillo\",\"revista\",\"Santiago Planas\",\"teor\u00eda\",\"teor\u00eda e historia\",\"Txatxo Sabater\",\"urbanismo\",\"Xavier Blanquer\"],\"articleSection\":[\"publicaciones\",\"revistas\"],\"inLanguage\":\"es\",\"potentialAction\":[{\"@type\":\"CommentAction\",\"name\":\"Comment\",\"target\":[\"https:\\\/\\\/veredes.es\\\/blog\\\/coleccion-completa-de-revista-carrer-de-la-ciutat\\\/#respond\"]}]},{\"@type\":\"WebPage\",\"@id\":\"https:\\\/\\\/veredes.es\\\/blog\\\/coleccion-completa-de-revista-carrer-de-la-ciutat\\\/\",\"url\":\"https:\\\/\\\/veredes.es\\\/blog\\\/coleccion-completa-de-revista-carrer-de-la-ciutat\\\/\",\"name\":\"Colecci\u00f3n completa de la Revista Carrer de la Ciutat - veredes\",\"isPartOf\":{\"@id\":\"https:\\\/\\\/veredes.es\\\/blog\\\/#website\"},\"primaryImageOfPage\":{\"@id\":\"https:\\\/\\\/veredes.es\\\/blog\\\/coleccion-completa-de-revista-carrer-de-la-ciutat\\\/#primaryimage\"},\"image\":{\"@id\":\"https:\\\/\\\/veredes.es\\\/blog\\\/coleccion-completa-de-revista-carrer-de-la-ciutat\\\/#primaryimage\"},\"thumbnailUrl\":\"https:\\\/\\\/veredes.es\\\/blog\\\/wp-content\\\/uploads\\\/2020\\\/10\\\/Colecci\u00f3n-completa-de-la-Revista-Carrer-de-la-Ciutat.jpg\",\"datePublished\":\"2021-12-13T23:01:31+00:00\",\"description\":\"Toda la informaci\u00f3n sobre: Colecci\u00f3n completa de la Revista Carrer de la Ciutat\",\"breadcrumb\":{\"@id\":\"https:\\\/\\\/veredes.es\\\/blog\\\/coleccion-completa-de-revista-carrer-de-la-ciutat\\\/#breadcrumb\"},\"inLanguage\":\"es\",\"potentialAction\":[{\"@type\":\"ReadAction\",\"target\":[\"https:\\\/\\\/veredes.es\\\/blog\\\/coleccion-completa-de-revista-carrer-de-la-ciutat\\\/\"]}]},{\"@type\":\"ImageObject\",\"inLanguage\":\"es\",\"@id\":\"https:\\\/\\\/veredes.es\\\/blog\\\/coleccion-completa-de-revista-carrer-de-la-ciutat\\\/#primaryimage\",\"url\":\"https:\\\/\\\/veredes.es\\\/blog\\\/wp-content\\\/uploads\\\/2020\\\/10\\\/Colecci\u00f3n-completa-de-la-Revista-Carrer-de-la-Ciutat.jpg\",\"contentUrl\":\"https:\\\/\\\/veredes.es\\\/blog\\\/wp-content\\\/uploads\\\/2020\\\/10\\\/Colecci\u00f3n-completa-de-la-Revista-Carrer-de-la-Ciutat.jpg\",\"width\":720,\"height\":540},{\"@type\":\"BreadcrumbList\",\"@id\":\"https:\\\/\\\/veredes.es\\\/blog\\\/coleccion-completa-de-revista-carrer-de-la-ciutat\\\/#breadcrumb\",\"itemListElement\":[{\"@type\":\"ListItem\",\"position\":1,\"name\":\"Portada\",\"item\":\"https:\\\/\\\/veredes.es\\\/blog\\\/\"},{\"@type\":\"ListItem\",\"position\":2,\"name\":\"Colecci\u00f3n completa de la Revista Carrer de la Ciutat\"}]},{\"@type\":\"WebSite\",\"@id\":\"https:\\\/\\\/veredes.es\\\/blog\\\/#website\",\"url\":\"https:\\\/\\\/veredes.es\\\/blog\\\/\",\"name\":\"veredes, arquitectura y divulgaci\u00f3n\",\"description\":\"veredes\",\"publisher\":{\"@id\":\"https:\\\/\\\/veredes.es\\\/blog\\\/#organization\"},\"alternateName\":\"veredes\",\"potentialAction\":[{\"@type\":\"SearchAction\",\"target\":{\"@type\":\"EntryPoint\",\"urlTemplate\":\"https:\\\/\\\/veredes.es\\\/blog\\\/?s={search_term_string}\"},\"query-input\":{\"@type\":\"PropertyValueSpecification\",\"valueRequired\":true,\"valueName\":\"search_term_string\"}}],\"inLanguage\":\"es\"},{\"@type\":\"Organization\",\"@id\":\"https:\\\/\\\/veredes.es\\\/blog\\\/#organization\",\"name\":\"veredes, arquitectura y divulgaci\u00f3n\",\"alternateName\":\"veredes\",\"url\":\"https:\\\/\\\/veredes.es\\\/blog\\\/\",\"logo\":{\"@type\":\"ImageObject\",\"inLanguage\":\"es\",\"@id\":\"https:\\\/\\\/veredes.es\\\/blog\\\/#\\\/schema\\\/logo\\\/image\\\/\",\"url\":\"https:\\\/\\\/veredes.es\\\/blog\\\/wp-content\\\/uploads\\\/2021\\\/12\\\/veredes-logo-centrado_140x54.png\",\"contentUrl\":\"https:\\\/\\\/veredes.es\\\/blog\\\/wp-content\\\/uploads\\\/2021\\\/12\\\/veredes-logo-centrado_140x54.png\",\"width\":140,\"height\":54,\"caption\":\"veredes, arquitectura y divulgaci\u00f3n\"},\"image\":{\"@id\":\"https:\\\/\\\/veredes.es\\\/blog\\\/#\\\/schema\\\/logo\\\/image\\\/\"},\"sameAs\":[\"https:\\\/\\\/www.facebook.com\\\/veredesArquitecturayDivulgacion\\\/\",\"https:\\\/\\\/x.com\\\/veredes\",\"https:\\\/\\\/instagram.com\\\/veredes\\\/\",\"https:\\\/\\\/www.linkedin.com\\\/company\\\/veredes-arquitectura-y-divulgacion\\\/\",\"https:\\\/\\\/es.pinterest.com\\\/veredes\\\/\",\"https:\\\/\\\/www.tumblr.com\\\/veredes\"]},{\"@type\":\"Person\",\"@id\":\"https:\\\/\\\/veredes.es\\\/blog\\\/#\\\/schema\\\/person\\\/0bbb669073ef7faba5168a0844e93d2c\",\"name\":\"veredes\",\"image\":{\"@type\":\"ImageObject\",\"inLanguage\":\"es\",\"@id\":\"https:\\\/\\\/veredes.es\\\/blog\\\/wp-content\\\/uploads\\\/2018\\\/04\\\/face-96x96.jpg\",\"url\":\"https:\\\/\\\/veredes.es\\\/blog\\\/wp-content\\\/uploads\\\/2018\\\/04\\\/face-96x96.jpg\",\"contentUrl\":\"https:\\\/\\\/veredes.es\\\/blog\\\/wp-content\\\/uploads\\\/2018\\\/04\\\/face-96x96.jpg\",\"caption\":\"veredes\"},\"description\":\"Surge enero de 2009 como b\u00fasqueda de satisfacer el conocimiento de la actividad arquitect\u00f3nica y tangentes que se generan. La idea es crear un espacio para divulgar los diversos proyectos en busca de nueva inspiraci\u00f3n y de intercambio.\",\"sameAs\":[\"https:\\\/\\\/veredes.es\\\/\",\"https:\\\/\\\/www.facebook.com\\\/veredesArquitecturayDivulgacion\\\/\",\"https:\\\/\\\/www.instagram.com\\\/veredes\\\/\",\"https:\\\/\\\/www.linkedin.com\\\/company\\\/veredes-arquitectura-y-divulgacion\\\/\",\"https:\\\/\\\/www.pinterest.es\\\/veredes\\\/\",\"https:\\\/\\\/x.com\\\/https:\\\/\\\/twitter.com\\\/veredes\",\"https:\\\/\\\/veredes.tumblr.com\\\/\"],\"url\":\"https:\\\/\\\/veredes.es\\\/blog\\\/author\\\/alberto\\\/\"}]}<\/script>\n<!-- \/ Yoast SEO plugin. -->","yoast_head_json":{"title":"Colecci\u00f3n completa de la Revista Carrer de la Ciutat - veredes","description":"Toda la informaci\u00f3n sobre: Colecci\u00f3n completa de la Revista Carrer de la Ciutat","robots":{"index":"index","follow":"follow","max-snippet":"max-snippet:-1","max-image-preview":"max-image-preview:large","max-video-preview":"max-video-preview:-1"},"canonical":"https:\/\/veredes.es\/blog\/coleccion-completa-de-revista-carrer-de-la-ciutat\/","og_locale":"es_ES","og_type":"article","og_title":"Colecci\u00f3n completa de la Revista Carrer de la Ciutat - veredes","og_description":"Toda la informaci\u00f3n sobre: Colecci\u00f3n completa de la Revista Carrer de la Ciutat","og_url":"https:\/\/veredes.es\/blog\/coleccion-completa-de-revista-carrer-de-la-ciutat\/","og_site_name":"veredes, arquitectura y divulgaci\u00f3n","article_publisher":"https:\/\/www.facebook.com\/veredesArquitecturayDivulgacion\/","article_author":"https:\/\/www.facebook.com\/veredesArquitecturayDivulgacion\/","article_published_time":"2021-12-13T23:01:31+00:00","og_image":[{"width":720,"height":540,"url":"https:\/\/veredes.es\/blog\/wp-content\/uploads\/2020\/10\/Colecci\u00f3n-completa-de-la-Revista-Carrer-de-la-Ciutat.jpg","type":"image\/jpeg"}],"author":"veredes","twitter_card":"summary_large_image","twitter_creator":"@https:\/\/twitter.com\/veredes","twitter_site":"@veredes","twitter_misc":{"Escrito por":"veredes","Tiempo de lectura":"1 minuto"},"schema":{"@context":"https:\/\/schema.org","@graph":[{"@type":"Article","@id":"https:\/\/veredes.es\/blog\/coleccion-completa-de-revista-carrer-de-la-ciutat\/#article","isPartOf":{"@id":"https:\/\/veredes.es\/blog\/coleccion-completa-de-revista-carrer-de-la-ciutat\/"},"author":{"name":"veredes","@id":"https:\/\/veredes.es\/blog\/#\/schema\/person\/0bbb669073ef7faba5168a0844e93d2c"},"headline":"Colecci\u00f3n completa de la Revista Carrer de la Ciutat","datePublished":"2021-12-13T23:01:31+00:00","mainEntityOfPage":{"@id":"https:\/\/veredes.es\/blog\/coleccion-completa-de-revista-carrer-de-la-ciutat\/"},"wordCount":134,"commentCount":0,"publisher":{"@id":"https:\/\/veredes.es\/blog\/#organization"},"image":{"@id":"https:\/\/veredes.es\/blog\/coleccion-completa-de-revista-carrer-de-la-ciutat\/#primaryimage"},"thumbnailUrl":"https:\/\/veredes.es\/blog\/wp-content\/uploads\/2020\/10\/Colecci\u00f3n-completa-de-la-Revista-Carrer-de-la-Ciutat.jpg","keywords":["arquitectura","arquitectura catalana","Barcelona","Beatriz Colomina","Eduardo Almal\u00e9","Enric Granell","ETSAB","Francesco Prosperetti","Helio Pi\u00f1\u00f3n","historia","Jos\u00e9 Manuel P\u00e9rez Latorre","Josep Maria Rovira","Josep Quetglas","Juan Jos\u00e9 Lahuerta","Luis Burillo","revista","Santiago Planas","teor\u00eda","teor\u00eda e historia","Txatxo Sabater","urbanismo","Xavier Blanquer"],"articleSection":["publicaciones","revistas"],"inLanguage":"es","potentialAction":[{"@type":"CommentAction","name":"Comment","target":["https:\/\/veredes.es\/blog\/coleccion-completa-de-revista-carrer-de-la-ciutat\/#respond"]}]},{"@type":"WebPage","@id":"https:\/\/veredes.es\/blog\/coleccion-completa-de-revista-carrer-de-la-ciutat\/","url":"https:\/\/veredes.es\/blog\/coleccion-completa-de-revista-carrer-de-la-ciutat\/","name":"Colecci\u00f3n completa de la Revista Carrer de la Ciutat - veredes","isPartOf":{"@id":"https:\/\/veredes.es\/blog\/#website"},"primaryImageOfPage":{"@id":"https:\/\/veredes.es\/blog\/coleccion-completa-de-revista-carrer-de-la-ciutat\/#primaryimage"},"image":{"@id":"https:\/\/veredes.es\/blog\/coleccion-completa-de-revista-carrer-de-la-ciutat\/#primaryimage"},"thumbnailUrl":"https:\/\/veredes.es\/blog\/wp-content\/uploads\/2020\/10\/Colecci\u00f3n-completa-de-la-Revista-Carrer-de-la-Ciutat.jpg","datePublished":"2021-12-13T23:01:31+00:00","description":"Toda la informaci\u00f3n sobre: Colecci\u00f3n completa de la Revista Carrer de la Ciutat","breadcrumb":{"@id":"https:\/\/veredes.es\/blog\/coleccion-completa-de-revista-carrer-de-la-ciutat\/#breadcrumb"},"inLanguage":"es","potentialAction":[{"@type":"ReadAction","target":["https:\/\/veredes.es\/blog\/coleccion-completa-de-revista-carrer-de-la-ciutat\/"]}]},{"@type":"ImageObject","inLanguage":"es","@id":"https:\/\/veredes.es\/blog\/coleccion-completa-de-revista-carrer-de-la-ciutat\/#primaryimage","url":"https:\/\/veredes.es\/blog\/wp-content\/uploads\/2020\/10\/Colecci\u00f3n-completa-de-la-Revista-Carrer-de-la-Ciutat.jpg","contentUrl":"https:\/\/veredes.es\/blog\/wp-content\/uploads\/2020\/10\/Colecci\u00f3n-completa-de-la-Revista-Carrer-de-la-Ciutat.jpg","width":720,"height":540},{"@type":"BreadcrumbList","@id":"https:\/\/veredes.es\/blog\/coleccion-completa-de-revista-carrer-de-la-ciutat\/#breadcrumb","itemListElement":[{"@type":"ListItem","position":1,"name":"Portada","item":"https:\/\/veredes.es\/blog\/"},{"@type":"ListItem","position":2,"name":"Colecci\u00f3n completa de la Revista Carrer de la Ciutat"}]},{"@type":"WebSite","@id":"https:\/\/veredes.es\/blog\/#website","url":"https:\/\/veredes.es\/blog\/","name":"veredes, arquitectura y divulgaci\u00f3n","description":"veredes","publisher":{"@id":"https:\/\/veredes.es\/blog\/#organization"},"alternateName":"veredes","potentialAction":[{"@type":"SearchAction","target":{"@type":"EntryPoint","urlTemplate":"https:\/\/veredes.es\/blog\/?s={search_term_string}"},"query-input":{"@type":"PropertyValueSpecification","valueRequired":true,"valueName":"search_term_string"}}],"inLanguage":"es"},{"@type":"Organization","@id":"https:\/\/veredes.es\/blog\/#organization","name":"veredes, arquitectura y divulgaci\u00f3n","alternateName":"veredes","url":"https:\/\/veredes.es\/blog\/","logo":{"@type":"ImageObject","inLanguage":"es","@id":"https:\/\/veredes.es\/blog\/#\/schema\/logo\/image\/","url":"https:\/\/veredes.es\/blog\/wp-content\/uploads\/2021\/12\/veredes-logo-centrado_140x54.png","contentUrl":"https:\/\/veredes.es\/blog\/wp-content\/uploads\/2021\/12\/veredes-logo-centrado_140x54.png","width":140,"height":54,"caption":"veredes, arquitectura y divulgaci\u00f3n"},"image":{"@id":"https:\/\/veredes.es\/blog\/#\/schema\/logo\/image\/"},"sameAs":["https:\/\/www.facebook.com\/veredesArquitecturayDivulgacion\/","https:\/\/x.com\/veredes","https:\/\/instagram.com\/veredes\/","https:\/\/www.linkedin.com\/company\/veredes-arquitectura-y-divulgacion\/","https:\/\/es.pinterest.com\/veredes\/","https:\/\/www.tumblr.com\/veredes"]},{"@type":"Person","@id":"https:\/\/veredes.es\/blog\/#\/schema\/person\/0bbb669073ef7faba5168a0844e93d2c","name":"veredes","image":{"@type":"ImageObject","inLanguage":"es","@id":"https:\/\/veredes.es\/blog\/wp-content\/uploads\/2018\/04\/face-96x96.jpg","url":"https:\/\/veredes.es\/blog\/wp-content\/uploads\/2018\/04\/face-96x96.jpg","contentUrl":"https:\/\/veredes.es\/blog\/wp-content\/uploads\/2018\/04\/face-96x96.jpg","caption":"veredes"},"description":"Surge enero de 2009 como b\u00fasqueda de satisfacer el conocimiento de la actividad arquitect\u00f3nica y tangentes que se generan. La idea es crear un espacio para divulgar los diversos proyectos en busca de nueva inspiraci\u00f3n y de intercambio.","sameAs":["https:\/\/veredes.es\/","https:\/\/www.facebook.com\/veredesArquitecturayDivulgacion\/","https:\/\/www.instagram.com\/veredes\/","https:\/\/www.linkedin.com\/company\/veredes-arquitectura-y-divulgacion\/","https:\/\/www.pinterest.es\/veredes\/","https:\/\/x.com\/https:\/\/twitter.com\/veredes","https:\/\/veredes.tumblr.com\/"],"url":"https:\/\/veredes.es\/blog\/author\/alberto\/"}]}},"_links":{"self":[{"href":"https:\/\/veredes.es\/blog\/wp-json\/wp\/v2\/posts\/81532","targetHints":{"allow":["GET"]}}],"collection":[{"href":"https:\/\/veredes.es\/blog\/wp-json\/wp\/v2\/posts"}],"about":[{"href":"https:\/\/veredes.es\/blog\/wp-json\/wp\/v2\/types\/post"}],"author":[{"embeddable":true,"href":"https:\/\/veredes.es\/blog\/wp-json\/wp\/v2\/users\/2"}],"replies":[{"embeddable":true,"href":"https:\/\/veredes.es\/blog\/wp-json\/wp\/v2\/comments?post=81532"}],"version-history":[{"count":0,"href":"https:\/\/veredes.es\/blog\/wp-json\/wp\/v2\/posts\/81532\/revisions"}],"wp:featuredmedia":[{"embeddable":true,"href":"https:\/\/veredes.es\/blog\/wp-json\/wp\/v2\/media\/81535"}],"wp:attachment":[{"href":"https:\/\/veredes.es\/blog\/wp-json\/wp\/v2\/media?parent=81532"}],"wp:term":[{"taxonomy":"category","embeddable":true,"href":"https:\/\/veredes.es\/blog\/wp-json\/wp\/v2\/categories?post=81532"},{"taxonomy":"post_tag","embeddable":true,"href":"https:\/\/veredes.es\/blog\/wp-json\/wp\/v2\/tags?post=81532"}],"curies":[{"name":"wp","href":"https:\/\/api.w.org\/{rel}","templated":true}]}}