{"id":81065,"date":"2020-09-10T00:01:18","date_gmt":"2020-09-09T22:01:18","guid":{"rendered":"https:\/\/veredes.es\/blog\/?p=81065"},"modified":"2023-08-29T17:00:18","modified_gmt":"2023-08-29T15:00:18","slug":"paz-perez-senior-ux-designer-autodesk","status":"publish","type":"post","link":"https:\/\/veredes.es\/blog\/paz-perez-senior-ux-designer-autodesk\/","title":{"rendered":"Paz P\u00e9rez \u00b7 Senior UX Designer | Autodesk"},"content":{"rendered":"<p style=\"text-align: justify;\">Hoy tenemos la oportunidad de <a href=\"https:\/\/veredes.es\/blog\/baliza\/\" target=\"_blank\" rel=\"noopener\">entrevistar<\/a> a <strong><a href=\"https:\/\/www.linkedin.com\/in\/pazperez\/\" target=\"_blank\" rel=\"noopener noreferrer\">Paz P\u00e9rez<\/a><\/strong>, arquitecta por la universidad de Sevilla en 2005, que nos describir\u00e1 su experiencia en<strong> Autodesk<\/strong> y c\u00f3mo ha sido su camino hasta San Francisco. Durante a\u00f1os trabaj\u00f3 en diferentes estudios de arquitectura, principalmente en Barcelona y NYC. En el 2013 decidi\u00f3 un cambio fundamental en su vida, dejarlo todo y lanzarse de lleno al mundo de la tecnolog\u00eda.<\/p>\n<p style=\"text-align: justify;\">Ha trabajado como <strong><em>UX<\/em> o<em> Product Designer<\/em><\/strong> para diferentes tipos de empresas, desde agencias de publicidad hasta startups, hasta llegar hasta Autodesk.<\/p>\n<p style=\"text-align: justify;\">Pese a que en la actualidad vive en San Francisco, hemos charlado sobre diferentes aspectos, as\u00ed que sin m\u00e1s pre\u00e1mbulos.<\/p>\n<figure id=\"attachment_81075\" aria-describedby=\"caption-attachment-81075\" style=\"width: 1200px\" class=\"wp-caption alignnone\"><img loading=\"lazy\" decoding=\"async\" class=\"wp-image-81075 size-full\" title=\"Paz P\u00e9rez \u00b7 Senior UX Designer | Autodesk\" src=\"https:\/\/veredes.es\/blog\/wp-content\/uploads\/2020\/09\/Paz-P\u00e9rez-\u00b7-Senior-UX-Designer-Autodesk-Dando-clases-en-Allwomen.jpg\" alt=\"Paz P\u00e9rez \u00b7 Senior UX Designer | Autodesk\" width=\"1200\" height=\"800\" srcset=\"https:\/\/veredes.es\/blog\/wp-content\/uploads\/2020\/09\/Paz-P\u00e9rez-\u00b7-Senior-UX-Designer-Autodesk-Dando-clases-en-Allwomen.jpg 1200w, https:\/\/veredes.es\/blog\/wp-content\/uploads\/2020\/09\/Paz-P\u00e9rez-\u00b7-Senior-UX-Designer-Autodesk-Dando-clases-en-Allwomen-300x200.jpg 300w, https:\/\/veredes.es\/blog\/wp-content\/uploads\/2020\/09\/Paz-P\u00e9rez-\u00b7-Senior-UX-Designer-Autodesk-Dando-clases-en-Allwomen-1024x683.jpg 1024w\" sizes=\"auto, (max-width: 1200px) 100vw, 1200px\" \/><figcaption id=\"caption-attachment-81075\" class=\"wp-caption-text\"><span style=\"color: #999999;\">Dando clases en Allwomen | Fotograf\u00eda: Cortes\u00eda de Paz P\u00e9rez<\/span><\/figcaption><\/figure>\n<p style=\"text-align: justify;\"><strong>\u00bfC\u00f3mo se definir\u00eda Paz?<\/strong><\/p>\n<p style=\"text-align: justify;\">Soy una persona inquieta y en general bastante positiva. Esto me ha ayudado a dar el salto a terrenos desconocidos en varios momentos de mi carrera profesional, poniendo el foco en que con esfuerzo y suerte las cosas salen bien. Me apasiona el comportamiento del ser humano, como utilizamos nuestro entorno y damos forma a nuestras herramientas. Creo que la diversidad y la educaci\u00f3n es la clave para un mundo mas interesante y sobretodo mas justo.<\/p>\n<p style=\"text-align: justify;\"><strong>\u00bfC\u00f3mo, cu\u00e1ndo y por qu\u00e9 surge el inter\u00e9s hac\u00eda \u201c<em>product designer<\/em>\u201d?<\/strong><\/p>\n<p style=\"text-align: justify;\">Termin\u00e9 la escuela de arquitectura entorno al 2005, cuando el comercio web en Espa\u00f1a estaba en sus comienzos. Casi por casualidad empece a montar una <em>ecommerce<\/em> con mi socio, un americano que ve\u00eda en su pa\u00eds un autentico boom en esto. Durante un par de a\u00f1os trabaj\u00e9 en un estudio de Barcelona como arquitecta durante el d\u00eda y por las noches en nuestra empresa vendiendo cer\u00e1mica del suroeste de Espa\u00f1a a EEUU. Con la crisis del 2008 el negocio se vino abajo y, aunque yo contin\u00fae en mi carrera como arquitecta, me dio la perspectiva para entender que el espacio tech no era tan dif\u00edcil y las posibilidades eran infinitas.<\/p>\n<p style=\"text-align: justify;\">Durante un tiempo trabaj\u00e9 como arquitecta en NYC construyendo escuelas p\u00fablicas. Era un trabajo que me encantaba, con mucha responsabilidad y muy agradecido, pero las horas eran criminales. Me di cuenta que ten\u00eda lo que llaman los americanos \u201c<em>golden handcuffs<\/em>\u201d y no ve\u00eda salida a largo plazo. As\u00ed que decid\u00ed \u201cdivorciarme\u201d (as\u00ed lo viv\u00ed en ese momento) de la arquitectura, apuntarme a clases de formaci\u00f3n digital y dar el salto. Sin ninguna garant\u00eda, aunque con el privilegio de no tener hipotecas o familiares a mi cargo. Lo digo, porque soy muy consciente de que es m\u00e1s f\u00e1cil ser valiente as\u00ed. No todos tenemos las mismas circunstancias.<\/p>\n<p style=\"text-align: justify;\">Sin duda la mejor decisi\u00f3n profesional de mi vida, no he mirado atr\u00e1s. Lo \u00fanico que echo de menos es el olor a hormig\u00f3n fresco.<\/p>\n<figure id=\"attachment_81077\" aria-describedby=\"caption-attachment-81077\" style=\"width: 1200px\" class=\"wp-caption alignnone\"><img loading=\"lazy\" decoding=\"async\" class=\"wp-image-81077 size-full\" title=\"Paz P\u00e9rez \u00b7 Senior UX Designer | Autodesk\" src=\"https:\/\/veredes.es\/blog\/wp-content\/uploads\/2020\/09\/Paz-P\u00e9rez-\u00b7-Senior-UX-Designer-Autodesk-Ejercicio-con-mis-estudiantes-en-un-bootcamp.jpg\" alt=\"Paz P\u00e9rez \u00b7 Senior UX Designer | Autodesk\" width=\"1200\" height=\"900\" srcset=\"https:\/\/veredes.es\/blog\/wp-content\/uploads\/2020\/09\/Paz-P\u00e9rez-\u00b7-Senior-UX-Designer-Autodesk-Ejercicio-con-mis-estudiantes-en-un-bootcamp.jpg 1200w, https:\/\/veredes.es\/blog\/wp-content\/uploads\/2020\/09\/Paz-P\u00e9rez-\u00b7-Senior-UX-Designer-Autodesk-Ejercicio-con-mis-estudiantes-en-un-bootcamp-300x225.jpg 300w, https:\/\/veredes.es\/blog\/wp-content\/uploads\/2020\/09\/Paz-P\u00e9rez-\u00b7-Senior-UX-Designer-Autodesk-Ejercicio-con-mis-estudiantes-en-un-bootcamp-1024x768.jpg 1024w\" sizes=\"auto, (max-width: 1200px) 100vw, 1200px\" \/><figcaption id=\"caption-attachment-81077\" class=\"wp-caption-text\"><span style=\"color: #999999;\">Ejercicio con mis estudiantes en un bootcamp | Fotograf\u00eda: Cortes\u00eda de Paz P\u00e9rez<\/span><\/figcaption><\/figure>\n<p style=\"text-align: justify;\"><strong>\u00bfQu\u00e9 dificultades o problem\u00e1ticas te encontraste a la hora de enfocarte hac\u00eda \u201c<em>product designer<\/em>\u201d?\u00a0 <\/strong><\/p>\n<p style=\"text-align: justify;\">Cuando empece a formarme en<em> tech<\/em> sab\u00eda que quer\u00eda estar en este espacio pero no estaba segura de los diferentes roles, en parte por que la industria es tan joven que no paran de cambiar. La dificultad m\u00e1s grande fue entender como todos mis conocimientos de arquitectura encajaban en este mundo. Tuve la suerte de atender una clase de estrategia en marketing digital en NYU y all\u00ed descubr\u00ed el mundo de <em>UX<\/em> y <em>Product Design<\/em>. Fue amor a primera vista, el proceso creativo es fundamentalmente el mismo que el que utilizamos como arquitectos y yo hab\u00eda encontrado mi sitio.<\/p>\n<p style=\"text-align: justify;\">Otro reto fue que es una industria formada por gente muy joven, la mayor\u00eda de mis compa\u00f1eros ten\u00edan alrededor de 25 a\u00f1os o menos. Entre la p\u00e9rdida de sueldo y tener que empezar desde abajo fue una cura de humildad.<\/p>\n<p style=\"text-align: justify;\"><strong>\u00bfEs muy diferente la <a href=\"https:\/\/www.linkedin.com\/in\/pazperez\/\" target=\"_blank\" rel=\"noopener noreferrer\">Paz P\u00e9rez<\/a> de los comienzos de la actual?<\/strong><\/p>\n<p style=\"text-align: justify;\">Todos estamos en un proceso de evoluci\u00f3n constante, en ciertos aspectos soy muy diferente y en otros completamente igual.<\/p>\n<p style=\"text-align: justify;\">Tengo mucha m\u00e1s seguridad en lo que hago, en mi habilidad para adaptarme a diferentes medios y en los retos que traer\u00e1 el futuro.<\/p>\n<p style=\"text-align: justify;\">En general tengo mucha menos ansiedad, la responsabilidad y coordinaci\u00f3n es menor, las reuniones de trabajo no tienen la tensi\u00f3n de las reuniones de obra. Todos en el equipo tenemos el mismo objetivo, crear para la gente el mejor producto posible.<\/p>\n<p><iframe loading=\"lazy\" title=\"How to solve problems like a designer\" width=\"696\" height=\"392\" src=\"https:\/\/www.youtube.com\/embed\/wOrmr5kT-48?feature=oembed\" frameborder=\"0\" allow=\"accelerometer; autoplay; clipboard-write; encrypted-media; gyroscope; picture-in-picture; web-share\" allowfullscreen><\/iframe><\/p>\n<p style=\"text-align: justify;\"><strong>\u00bfQu\u00e9 es un \u201c<em>product designer<\/em>\u201d?\u00bfY un \u201c<em>UX designer<\/em>\u201d?<\/strong><\/p>\n<p style=\"text-align: justify;\">En esta industria los t\u00edtulos cambian de empresa a empresa, hay que mirar las funciones a realizar m\u00e1s que otra cosa. Dentro de lo que hago puedes encontrar <em>UX Designers, Product Designers, Interaction Designers, Service Designers, UX Engineers, Information Architects, UX\/UI Designers, UX Strategists<\/em> y seguro que me quedo alguno por nombrar. En general un Product Designer forma parte muy activa del producto desde la estrategia hasta implementaci\u00f3n final y<em> UX Designer<\/em> forma m\u00e1s parte de una cadena donde tiendes a trabajar con un <em>Visual Designer<\/em> a tu lado. En mi \u00faltima empresa era <em>Product Designer<\/em> y ahora en Autodesk soy <em>senior UX Designer<\/em>. Las cosas no son tan r\u00edgidas.<\/p>\n<p style=\"text-align: justify;\">Por lo que he visto en Espa\u00f1a se requieren mas UX\/UI Designers, m\u00e1s centrados en visual design, en parte porque la industria aun tiene que madurar. Pero como digo, es una generalizaci\u00f3n.<\/p>\n<p style=\"text-align: justify;\"><strong>\u00bfQu\u00e9 labores realizas como \u201c<em>Senior UX Designer<\/em>\u201d?<\/strong><\/p>\n<p style=\"text-align: justify;\">Un poco de todo. Desde tener reuniones con los \u201c<em>stakeholders<\/em>\u201d par entender lo que quieren, coordinar con investigaci\u00f3n para ver que tipo de informaci\u00f3n queremos encontrar, hacer simulaciones sola o en grupo, dise\u00f1ar las interfaces, hablar con los ingenieros que las construir\u00e1n, testear los dise\u00f1os\u2026no te aburres.<\/p>\n<p style=\"text-align: justify;\"><strong>\u00bfC\u00f3mo es el d\u00eda a d\u00eda de trabajar como \u201c<em>senior ux designer<\/em>\u201d en Autodesk?<\/strong><\/p>\n<p style=\"text-align: justify;\">Trabajo en San Francisco y ahora con el COVID-19 estamos todos trabajando de manera remota, seguramente hasta junio 2021. Esto implica que toda la coordinaci\u00f3n que hacemos, que es mucha, tiene que ocurrir online. Mi d\u00eda a d\u00eda es muchas reuniones por Zoom y mucho chateo por Slack. Aunque siempre guardo un poco de tiempo para leer y dibujar con l\u00e1piz y papel.<\/p>\n<p style=\"text-align: justify;\"><strong>\u00bfQu\u00e9 proyectos manejas habitualmente como \u201c<em>UX product designer<\/em>\u201d en <a href=\"https:\/\/www.autodesk.es\/\" target=\"_blank\" rel=\"noopener noreferrer\">Autodesk<\/a>?<\/strong><\/p>\n<p style=\"text-align: justify;\">Estoy en la secci\u00f3n de ayuda \u201c<a href=\"https:\/\/knowledge.autodesk.com\/support\" target=\"_blank\" rel=\"noopener noreferrer\">Help and Learn<\/a>\u201d. B\u00e1sicamente cuando ten\u00e9is una duda de como comprar, instalar y m\u00e1s sobre los productos sol\u00e9is utilizar parte de lo que dise\u00f1o. Es un gran reto porque es una empresa enorme, con presencia en muchos pa\u00edses y es dif\u00edcil hacer hacer las cosas r\u00e1pidas. Especialmente ahora que Autodesk est\u00e1 cambiando a <a href=\"https:\/\/www.sage.com\/es-es\/blog\/que-es-el-saas-y-como-aprovecharlo-en-la-empresa\/\" target=\"_blank\" rel=\"noopener noreferrer\">empresa SaaS,<\/a> va a ser doloroso para los arquitectos que est\u00e1n acostumbrados a utilizar el software gratis. Aqu\u00ed estaremos para apoyar la transici\u00f3n.<\/p>\n<figure id=\"attachment_81162\" aria-describedby=\"caption-attachment-81162\" style=\"width: 1200px\" class=\"wp-caption alignnone\"><img loading=\"lazy\" decoding=\"async\" class=\"wp-image-81162 size-full\" title=\"Paz P\u00e9rez \u00b7 Senior UX Designer | Autodesk\" src=\"https:\/\/veredes.es\/blog\/wp-content\/uploads\/2020\/09\/Paz-P\u00e9rez-\u00b7-Senior-UX-Designer-Autodesk-Oficinas-Autodesk-en-San-Francisco-por-Glenser-Foto-por-Michael-Townsend.jpg\" alt=\"Paz P\u00e9rez \u00b7 Senior UX Designer | Autodesk\" width=\"1200\" height=\"800\" srcset=\"https:\/\/veredes.es\/blog\/wp-content\/uploads\/2020\/09\/Paz-P\u00e9rez-\u00b7-Senior-UX-Designer-Autodesk-Oficinas-Autodesk-en-San-Francisco-por-Glenser-Foto-por-Michael-Townsend.jpg 1200w, https:\/\/veredes.es\/blog\/wp-content\/uploads\/2020\/09\/Paz-P\u00e9rez-\u00b7-Senior-UX-Designer-Autodesk-Oficinas-Autodesk-en-San-Francisco-por-Glenser-Foto-por-Michael-Townsend-300x200.jpg 300w, https:\/\/veredes.es\/blog\/wp-content\/uploads\/2020\/09\/Paz-P\u00e9rez-\u00b7-Senior-UX-Designer-Autodesk-Oficinas-Autodesk-en-San-Francisco-por-Glenser-Foto-por-Michael-Townsend-1024x683.jpg 1024w\" sizes=\"auto, (max-width: 1200px) 100vw, 1200px\" \/><figcaption id=\"caption-attachment-81162\" class=\"wp-caption-text\"><span style=\"color: #999999;\">Oficinas Autodesk en San Francisco, por Glenser | Foto por Michael Townsend<\/span><\/figcaption><\/figure>\n<p style=\"text-align: justify;\"><strong>\u00bfQu\u00e9 referencias maneja Paz (y su equipo) a la hora de enfocar y realizar sus diferentes proyectos?<\/strong><\/p>\n<p style=\"text-align: justify;\">En realidad utilizamos recursos parecidos a la arquitectura. Muchos libros y blogs sobre la industria, talleres y clases online. Esta industria es tan cambiante que est\u00e1s siempre aprendiendo. Si te paras te quedas obsoleto muy pronto.<\/p>\n<p style=\"text-align: justify;\">Otro aspecto es que siempre estamos observando a la gente. Me encanta ver como las personas utilizan las tecnolog\u00edas a su manera, igual que cuando ejerc\u00eda de arquitecta y la gente se apropiaba de los espacios y los hac\u00edan suyos.<\/p>\n<p style=\"text-align: justify;\"><strong>\u00bfC\u00f3mo enfocas la \u201cdivulgaci\u00f3n y\/o comunicaci\u00f3n\u201d en cada uno de los medios?<\/strong><\/p>\n<p style=\"text-align: justify;\">En general la gente que trabaja en tecnolog\u00eda somos muy de compartir conocimiento. Todos los grandes productos que se utiliza ahora, desde Amazon hasta Google, est\u00e1n construidos sobre los cimientos de otros (<em>hello Altavista!<\/em>). Lo que quiero decir con esto es que es muy normal para nosotros hacer divulgaci\u00f3n, desde Tumblr a Medium; hay un sentimiento de que compartir es beneficioso.<\/p>\n<p style=\"text-align: justify;\">A mi me preocupa menos la marca personal y m\u00e1s crear diversidad en la industria, por eso suelo centrarme en hacer talleres para minor\u00edas. Me encontrar\u00e1s m\u00e1s en un <em>meetup<\/em> que escribiendo un libro. Pero<\/p>\n<blockquote>\n<p style=\"text-align: justify;\">\u00a1nunca se sabe!<\/p>\n<\/blockquote>\n<p style=\"text-align: justify;\"><strong>\u00bfC\u00f3mo es la experiencia de trabaja en una multinacional como <a href=\"https:\/\/www.autodesk.es\/\" target=\"_blank\" rel=\"noopener noreferrer\">Autodesk<\/a> y adem\u00e1s en EEUU?<\/strong><\/p>\n<p style=\"text-align: justify;\">Yo llevo ya trabajando en EEUU mas de 10 a\u00f1os, y aunque al principio hay un ajuste cultural ya me he acostumbrado. Lo que mas me gusta es la mentalidad de que todo es posible y que el fracaso es parte del viaje. Es muy liberador.<\/p>\n<p style=\"text-align: justify;\">Trabajar para una multinacional tiene ciertos retos, las decisiones tienen que estar vetadas por muchos grupos antes de implementarse y eso retrasa mucho la innovaci\u00f3n. Quiz\u00e1s eso es lo que menos me guste. Por otra parte es un trabajo tranquilo, con un equipo muy bueno y much\u00edsima seguridad. En este punto de mi vida, especialmente en tiempos de pandemia, es lo que necesito. Estoy muy contenta aqu\u00ed.<\/p>\n<figure id=\"attachment_81163\" aria-describedby=\"caption-attachment-81163\" style=\"width: 1200px\" class=\"wp-caption alignnone\"><img loading=\"lazy\" decoding=\"async\" class=\"wp-image-81163 size-full\" title=\"Paz P\u00e9rez \u00b7 Senior UX Designer | Autodesk\" src=\"https:\/\/veredes.es\/blog\/wp-content\/uploads\/2020\/09\/Paz-P\u00e9rez-\u00b7-Senior-UX-Designer-Autodesk-Wireframes-herramientas-que-utilizamos-a-diario-Foto-por-Amelie-Mourichon.jpg\" alt=\"Paz P\u00e9rez \u00b7 Senior UX Designer | Autodesk\" width=\"1200\" height=\"900\" srcset=\"https:\/\/veredes.es\/blog\/wp-content\/uploads\/2020\/09\/Paz-P\u00e9rez-\u00b7-Senior-UX-Designer-Autodesk-Wireframes-herramientas-que-utilizamos-a-diario-Foto-por-Amelie-Mourichon.jpg 1200w, https:\/\/veredes.es\/blog\/wp-content\/uploads\/2020\/09\/Paz-P\u00e9rez-\u00b7-Senior-UX-Designer-Autodesk-Wireframes-herramientas-que-utilizamos-a-diario-Foto-por-Amelie-Mourichon-300x225.jpg 300w, https:\/\/veredes.es\/blog\/wp-content\/uploads\/2020\/09\/Paz-P\u00e9rez-\u00b7-Senior-UX-Designer-Autodesk-Wireframes-herramientas-que-utilizamos-a-diario-Foto-por-Amelie-Mourichon-1024x768.jpg 1024w\" sizes=\"auto, (max-width: 1200px) 100vw, 1200px\" \/><figcaption id=\"caption-attachment-81163\" class=\"wp-caption-text\"><span style=\"color: #999999;\">Wireframes, herramientas que utilizamos a diario | Foto por Amelie Mourichon<\/span><\/figcaption><\/figure>\n<p style=\"text-align: justify;\"><strong>\u00bfCompaginas o complementas esta actividad con otras labores o en otros campos?<\/strong><\/p>\n<p style=\"text-align: justify;\">Lo compagino con docencia y voluntariado, aunque en los \u00faltimos meses no he podido hacer mucho. Lo hago porque me encanta, no hay sensaci\u00f3n mejor que abrir camino a otros. En general me gusta ense\u00f1ar <a href=\"https:\/\/www.luisan.net\/blog\/diseno-grafico\/que-es-design-thinking\" target=\"_blank\" rel=\"noopener noreferrer\"><em>Design Thinking<\/em><\/a>, que es algo que se utiliza en todos los procesos de dise\u00f1o, incluido en arquitectura.<\/p>\n<p style=\"text-align: justify;\">Hay un concepto americano de <a href=\"https:\/\/economipedia.com\/definiciones\/mentoria.html\" target=\"_blank\" rel=\"noopener noreferrer\"><em>mentoria<\/em><\/a> que me ha ayudado mucho en mis peripecias, y en parte me siento en deuda. La manera de devolver es \u201c<a href=\"https:\/\/www.huffingtonpost.es\/anxo-perez\/pay-it-forward_a_23348795\/\" target=\"_blank\" rel=\"noopener noreferrer\"><em>Pay it forward<\/em><\/a>\u201d y eso es lo que intento hacer. Esa es la raz\u00f3n por la que hago cosas como esta entrevista, con la idea de que si hay alguien que est\u00e1 interesado en dar el salto a la tecnolog\u00eda quiz\u00e1s le pueda servir mi experiencia.<\/p>\n<p style=\"text-align: justify;\"><strong>La arquitectura, tiene abiertos muchos frentes de batalla (LSP, Bolonia, paro, precariedad laboral, COAs, ETSAs, emigraci\u00f3n, comunicaci\u00f3n, etc), \u00bfno ser\u00e1n demasiados para la polarizaci\u00f3n existente dentro de la misma?<\/strong><\/p>\n<p style=\"text-align: justify;\">Desgraciadamente la situaci\u00f3n de la arquitectura en Espa\u00f1a me rompe el coraz\u00f3n. Cuando pienso en el talento que hay y las ganas de trabajar, me entran ganas de coger un altavoz e ir a las escuelas para que sepan que hay otras salidas. En arquitectura en nuestro pa\u00eds hay precariedad a corto y medio plazo. El mercado est\u00e1 saturado, es lo que hay.<\/p>\n<p style=\"text-align: justify;\"><strong>\u00bfC\u00f3mo ves el futuro de la arquitectura? \u00bfY el de la profesi\u00f3n?<\/strong><\/p>\n<p style=\"text-align: justify;\">Veo una arquitectura mucho mas integrada con la tecnolog\u00eda en todos los aspectos. Esto creara nuevos roles que aun no est\u00e1n inventados, trayendo esperanza y aire a la profesi\u00f3n. Cuando veo la cantidad de amigos trabajando en el espacio<a href=\"https:\/\/es.wikipedia.org\/wiki\/Internet_de_las_cosas\" target=\"_blank\" rel=\"noopener noreferrer\"> IoT<\/a> o incluso programando en Phyton por aprender Revit lo veo claro. Mis dos mundos cada vez se funden mas.<\/p>\n<p style=\"text-align: justify;\"><strong>\u00bfQu\u00e9 mejoras crees que son fundamentales y que deber\u00edan ser puestas en marcha de forma inmediata?<\/strong><\/p>\n<p style=\"text-align: justify;\">Como siempre la educaci\u00f3n. Tan monol\u00edtica y jerarquizada. Las universidades se est\u00e1n quedando atr\u00e1s en la ense\u00f1anza de tecnolog\u00eda, parece que la \u00fanica manera de entrar es a trav\u00e9s de ingenier\u00eda inform\u00e1tica. Yo jamas he programado nada, de la misma manera que tampoco he construido un edificio yo sola.<\/p>\n<p style=\"text-align: justify;\">Este vac\u00edo ha dado una hueco muy grande a los<em> bootcamps<\/em> privados, que no todo el mundo puede pagarse. Hay una oportunidad enorme, pero hay que tomar decisiones valientes para las que la universidad espa\u00f1ola no esta preparada.<\/p>\n<p style=\"text-align: justify;\">Este mundo no va por titulaciones, sino por portafolios. Ens\u00e9\u00f1ame que has hecho, me da igual la cantidad de m\u00e1steres que tengas. Como ejemplo te dir\u00e9 que Google est\u00e1 sacando sus propios <em>bootcamps<\/em> de 6 meses y van a ser equivalentes a las titulaciones de 4 a\u00f1os durante su proceso de contrataci\u00f3n. Pi\u00e9nsalo un momento. Solo 6 meses a una fracci\u00f3n del precio. La revoluci\u00f3n esta aqu\u00ed y la universidad espa\u00f1ola tiene que ponerse las pilas.<\/p>\n<figure id=\"attachment_81078\" aria-describedby=\"caption-attachment-81078\" style=\"width: 640px\" class=\"wp-caption alignnone\"><img loading=\"lazy\" decoding=\"async\" class=\"size-large wp-image-81078\" src=\"https:\/\/veredes.es\/blog\/wp-content\/uploads\/2020\/09\/Paz-P\u00e9rez-\u00b7-Senior-UX-Designer-Autodesk-Conciliar-es-mas-facil-ahora-1024x768.jpg\" alt=\"\" width=\"640\" height=\"480\" srcset=\"https:\/\/veredes.es\/blog\/wp-content\/uploads\/2020\/09\/Paz-P\u00e9rez-\u00b7-Senior-UX-Designer-Autodesk-Conciliar-es-mas-facil-ahora-1024x768.jpg 1024w, https:\/\/veredes.es\/blog\/wp-content\/uploads\/2020\/09\/Paz-P\u00e9rez-\u00b7-Senior-UX-Designer-Autodesk-Conciliar-es-mas-facil-ahora-300x225.jpg 300w, https:\/\/veredes.es\/blog\/wp-content\/uploads\/2020\/09\/Paz-P\u00e9rez-\u00b7-Senior-UX-Designer-Autodesk-Conciliar-es-mas-facil-ahora.jpg 1200w\" sizes=\"auto, (max-width: 640px) 100vw, 640px\" \/><figcaption id=\"caption-attachment-81078\" class=\"wp-caption-text\"><span style=\"color: #999999;\">Conciliar es mas facil ahora | Fotograf\u00eda: Cortes\u00eda de Paz P\u00e9rez<\/span><\/figcaption><\/figure>\n<p style=\"text-align: justify;\"><strong>Como \u201cemprendedora\u201d \u00bfqu\u00e9 opinas de los arquitectos que \u201cabren y\/o recuperan\u201d nuevos campos y\/o enfoques de la profesi\u00f3n?<\/strong><\/p>\n<p style=\"text-align: justify;\">Es fant\u00e1stico. Si algo nos ense\u00f1o esta profesi\u00f3n es a buscarnos la vida. Tenemos una formaci\u00f3n t\u00e9cnica-humanista sin igual y lo que es mas una capacidad de esfuerzo por encima de la media. Enfoca esas ganas de trabajar a cualquier campo f\u00e9rtil y puedes ser imparable.<\/p>\n<p style=\"text-align: justify;\"><strong>\u00bfEst\u00e1s contenta con la trayectoria realizada hasta ahora? \u00bfQu\u00e9 proyectos de futuro le esperan a Paz?<\/strong><\/p>\n<p style=\"text-align: justify;\">Estoy muy feliz con la carrera que he construido por ahora, me encanta y me da mucha calidad de vida. Pero sobretodo me gusta libertad para trabajar donde quiera, las horas que quiera y en la industria que me guste dentro del campo de la tecnolog\u00eda. No todo es perfecto, siempre hay que hacer concesiones, pero no me quejo.<\/p>\n<p style=\"text-align: justify;\">En el futuro espero poder montar alguna startup que llevar al sur de Espa\u00f1a, quiz\u00e1s dar clases all\u00ed y hacer un poco de tierra. Es importante recordar de donde vienes.<\/p>\n<p style=\"text-align: justify;\"><strong>Para acabar, \u00bfqu\u00e9 le aconsejar\u00edas a los actuales estudiantes y futuros profesionales de arquitectura?<\/strong><\/p>\n<p style=\"text-align: justify;\">Disfrutad de la profesi\u00f3n, que es preciosa, pero no dej\u00e9is de empujar los limites de lo que significa. Conoced vuestros derechos como trabajadores y vuestro valor como aut\u00f3nomos. Tomad decisiones valientes.<\/p>\n<p style=\"text-align: justify; padding-left: 40px;\">\u00a1Os deseo mucha suerte en el camino!<\/p>\n<figure id=\"attachment_81076\" aria-describedby=\"caption-attachment-81076\" style=\"width: 696px\" class=\"wp-caption alignnone\"><img loading=\"lazy\" decoding=\"async\" class=\"wp-image-81076 size-large\" title=\"Paz P\u00e9rez \u00b7 Senior UX Designer | Autodesk\" src=\"https:\/\/veredes.es\/blog\/wp-content\/uploads\/2020\/09\/Paz-P\u00e9rez-\u00b7-Senior-UX-Designer-Autodesk-Realizando-test-de-usuarios-para-una-startup-1024x768.jpg\" alt=\"Paz P\u00e9rez \u00b7 Senior UX Designer | Autodesk\" width=\"696\" height=\"522\" srcset=\"https:\/\/veredes.es\/blog\/wp-content\/uploads\/2020\/09\/Paz-P\u00e9rez-\u00b7-Senior-UX-Designer-Autodesk-Realizando-test-de-usuarios-para-una-startup-1024x768.jpg 1024w, https:\/\/veredes.es\/blog\/wp-content\/uploads\/2020\/09\/Paz-P\u00e9rez-\u00b7-Senior-UX-Designer-Autodesk-Realizando-test-de-usuarios-para-una-startup-300x225.jpg 300w, https:\/\/veredes.es\/blog\/wp-content\/uploads\/2020\/09\/Paz-P\u00e9rez-\u00b7-Senior-UX-Designer-Autodesk-Realizando-test-de-usuarios-para-una-startup.jpg 1200w\" sizes=\"auto, (max-width: 696px) 100vw, 696px\" \/><figcaption id=\"caption-attachment-81076\" class=\"wp-caption-text\"><span style=\"color: #999999;\">Realizando test de usuarios para una startup | Fotograf\u00eda: Cortes\u00eda de Paz P\u00e9rez | Fotograf\u00eda: Cortes\u00eda de Paz P\u00e9rez<\/span><\/figcaption><\/figure>\n<p style=\"text-align: justify;\"><strong><a href=\"https:\/\/www.linkedin.com\/in\/pazperez\/\" target=\"_blank\" rel=\"noopener noreferrer\">Paz P\u00e9rez<\/a> \u00b7 Senior UX Designer | Autodesk<\/strong><br \/>\nSeptiembre 2020<\/p>\n<p style=\"text-align: justify;\"><em><span style=\"color: #999999;\">Entrevista realizada por Ana Barreiro Blanco y Alberto Alonso Oro. Agradecer a Paz su tiempo y predisposici\u00f3n con este peque\u00f1o espacio.<\/span><\/em><\/p>\n","protected":false},"excerpt":{"rendered":"<p>Hoy tenemos la oportunidad de entrevistar a Paz P\u00e9rez, arquitecta por la universidad de Sevilla en 2005, que nos describir\u00e1 su experiencia en Autodesk y c\u00f3mo ha sido su camino hasta San Francisco. Durante a\u00f1os trabaj\u00f3 en diferentes estudios de arquitectura, principalmente en Barcelona y NYC. En el 2013 decidi\u00f3 un cambio fundamental en su [&hellip;]<\/p>\n","protected":false},"author":85,"featured_media":81075,"comment_status":"open","ping_status":"closed","sticky":false,"template":"","format":"standard","meta":{"footnotes":""},"categories":[9430,5951],"tags":[12273,12275,12448,14932,12477,350,7723,3027,7166,3113,426,12470,6118,458,3087,484,10277,4729,2820,5344,758,759,4798,2030,14931,3202,1102,4518,1103,1271,1321],"class_list":{"0":"post-81065","1":"post","2":"type-post","3":"status-publish","4":"format-standard","5":"has-post-thumbnail","7":"category-baliza","8":"category-slider-principal","9":"tag-alberto-alonso-oro","10":"tag-ana-barreiro-blanco","11":"tag-arquitectura","12":"tag-autodesk","13":"tag-baliza","14":"tag-comunicacion","15":"tag-comunicacion-audiovisual","16":"tag-comunicacion-visual","17":"tag-comunicar","18":"tag-creatividad","19":"tag-difusion","20":"tag-diseno","21":"tag-economia-creativa","22":"tag-educacion","23":"tag-emprendimiento","24":"tag-entrevista","25":"tag-google","26":"tag-informatica","27":"tag-innovacion","28":"tag-innovador","29":"tag-joven-arquitecto","30":"tag-joven-valor","31":"tag-modelo-profesional","32":"tag-multidisciplinar","33":"tag-paz-perez","34":"tag-proceso-creativo","35":"tag-produccion","36":"tag-productor","37":"tag-profesion","38":"tag-tecnologia","39":"tag-universidad"},"yoast_head":"<!-- This site is optimized with the Yoast SEO plugin v27.5 - https:\/\/yoast.com\/product\/yoast-seo-wordpress\/ -->\n<title>Paz P\u00e9rez \u00b7 Senior UX Designer | Autodesk - veredes<\/title>\n<meta name=\"description\" content=\"Toda la informaci\u00f3n sobre: Paz P\u00e9rez \u00b7 Senior UX Designer | Autodesk\" \/>\n<meta name=\"robots\" content=\"index, follow, max-snippet:-1, max-image-preview:large, max-video-preview:-1\" \/>\n<link rel=\"canonical\" href=\"https:\/\/veredes.es\/blog\/paz-perez-senior-ux-designer-autodesk\/\" \/>\n<meta property=\"og:locale\" content=\"es_ES\" \/>\n<meta property=\"og:type\" content=\"article\" \/>\n<meta property=\"og:title\" content=\"Paz P\u00e9rez \u00b7 Senior UX Designer | Autodesk - veredes\" \/>\n<meta property=\"og:description\" content=\"Toda la informaci\u00f3n sobre: Paz P\u00e9rez \u00b7 Senior UX Designer | Autodesk\" \/>\n<meta property=\"og:url\" content=\"https:\/\/veredes.es\/blog\/paz-perez-senior-ux-designer-autodesk\/\" \/>\n<meta property=\"og:site_name\" content=\"veredes, arquitectura y divulgaci\u00f3n\" \/>\n<meta property=\"article:publisher\" content=\"https:\/\/www.facebook.com\/veredesArquitecturayDivulgacion\/\" \/>\n<meta property=\"article:author\" content=\"https:\/\/www.facebook.com\/anabarreiroblanco\/\" \/>\n<meta property=\"article:published_time\" content=\"2020-09-09T22:01:18+00:00\" \/>\n<meta property=\"article:modified_time\" content=\"2023-08-29T15:00:18+00:00\" \/>\n<meta property=\"og:image\" content=\"https:\/\/veredes.es\/blog\/wp-content\/uploads\/2020\/09\/Paz-P\u00e9rez-\u00b7-Senior-UX-Designer-Autodesk-Dando-clases-en-Allwomen.jpg\" \/>\n\t<meta property=\"og:image:width\" content=\"1200\" \/>\n\t<meta property=\"og:image:height\" content=\"800\" \/>\n\t<meta property=\"og:image:type\" content=\"image\/jpeg\" \/>\n<meta name=\"author\" content=\"Ana Barreiro Blanco\" \/>\n<meta name=\"twitter:card\" content=\"summary_large_image\" \/>\n<meta name=\"twitter:creator\" content=\"@veredes\" \/>\n<meta name=\"twitter:site\" content=\"@veredes\" \/>\n<meta name=\"twitter:label1\" content=\"Escrito por\" \/>\n\t<meta name=\"twitter:data1\" content=\"Ana Barreiro Blanco\" \/>\n\t<meta name=\"twitter:label2\" content=\"Tiempo de lectura\" \/>\n\t<meta name=\"twitter:data2\" content=\"12 minutos\" \/>\n<script type=\"application\/ld+json\" class=\"yoast-schema-graph\">{\"@context\":\"https:\\\/\\\/schema.org\",\"@graph\":[{\"@type\":\"Article\",\"@id\":\"https:\\\/\\\/veredes.es\\\/blog\\\/paz-perez-senior-ux-designer-autodesk\\\/#article\",\"isPartOf\":{\"@id\":\"https:\\\/\\\/veredes.es\\\/blog\\\/paz-perez-senior-ux-designer-autodesk\\\/\"},\"author\":{\"name\":\"Ana Barreiro Blanco\",\"@id\":\"https:\\\/\\\/veredes.es\\\/blog\\\/#\\\/schema\\\/person\\\/d75d9abfee4af7f452f32c140a5aa176\"},\"headline\":\"Paz P\u00e9rez \u00b7 Senior UX Designer | Autodesk\",\"datePublished\":\"2020-09-09T22:01:18+00:00\",\"dateModified\":\"2023-08-29T15:00:18+00:00\",\"mainEntityOfPage\":{\"@id\":\"https:\\\/\\\/veredes.es\\\/blog\\\/paz-perez-senior-ux-designer-autodesk\\\/\"},\"wordCount\":2413,\"commentCount\":0,\"publisher\":{\"@id\":\"https:\\\/\\\/veredes.es\\\/blog\\\/#organization\"},\"image\":{\"@id\":\"https:\\\/\\\/veredes.es\\\/blog\\\/paz-perez-senior-ux-designer-autodesk\\\/#primaryimage\"},\"thumbnailUrl\":\"https:\\\/\\\/veredes.es\\\/blog\\\/wp-content\\\/uploads\\\/2020\\\/09\\\/Paz-P\u00e9rez-\u00b7-Senior-UX-Designer-Autodesk-Dando-clases-en-Allwomen.jpg\",\"keywords\":[\"Alberto Alonso Oro\",\"Ana Barreiro Blanco\",\"arquitectura\",\"Autodesk\",\"baliza\",\"comunicaci\u00f3n\",\"comunicaci\u00f3n audiovisual\",\"comunicaci\u00f3n visual\",\"comunicar\",\"creatividad\",\"difusi\u00f3n\",\"dise\u00f1o\",\"econom\u00eda creativa\",\"educaci\u00f3n\",\"emprendimiento\",\"entrevista\",\"google\",\"inform\u00e1tica\",\"innovaci\u00f3n\",\"innovador\",\"joven arquitecto\",\"joven valor\",\"modelo profesional\",\"multidisciplinar\",\"Paz P\u00e9rez\",\"proceso creativo\",\"produccion\",\"productor\",\"profesi\u00f3n\",\"tecnolog\u00eda\",\"universidad\"],\"articleSection\":[\"baliza\",\"slider principal\"],\"inLanguage\":\"es\",\"potentialAction\":[{\"@type\":\"CommentAction\",\"name\":\"Comment\",\"target\":[\"https:\\\/\\\/veredes.es\\\/blog\\\/paz-perez-senior-ux-designer-autodesk\\\/#respond\"]}]},{\"@type\":\"WebPage\",\"@id\":\"https:\\\/\\\/veredes.es\\\/blog\\\/paz-perez-senior-ux-designer-autodesk\\\/\",\"url\":\"https:\\\/\\\/veredes.es\\\/blog\\\/paz-perez-senior-ux-designer-autodesk\\\/\",\"name\":\"Paz P\u00e9rez \u00b7 Senior UX Designer | Autodesk - veredes\",\"isPartOf\":{\"@id\":\"https:\\\/\\\/veredes.es\\\/blog\\\/#website\"},\"primaryImageOfPage\":{\"@id\":\"https:\\\/\\\/veredes.es\\\/blog\\\/paz-perez-senior-ux-designer-autodesk\\\/#primaryimage\"},\"image\":{\"@id\":\"https:\\\/\\\/veredes.es\\\/blog\\\/paz-perez-senior-ux-designer-autodesk\\\/#primaryimage\"},\"thumbnailUrl\":\"https:\\\/\\\/veredes.es\\\/blog\\\/wp-content\\\/uploads\\\/2020\\\/09\\\/Paz-P\u00e9rez-\u00b7-Senior-UX-Designer-Autodesk-Dando-clases-en-Allwomen.jpg\",\"datePublished\":\"2020-09-09T22:01:18+00:00\",\"dateModified\":\"2023-08-29T15:00:18+00:00\",\"description\":\"Toda la informaci\u00f3n sobre: Paz P\u00e9rez \u00b7 Senior UX Designer | Autodesk\",\"breadcrumb\":{\"@id\":\"https:\\\/\\\/veredes.es\\\/blog\\\/paz-perez-senior-ux-designer-autodesk\\\/#breadcrumb\"},\"inLanguage\":\"es\",\"potentialAction\":[{\"@type\":\"ReadAction\",\"target\":[\"https:\\\/\\\/veredes.es\\\/blog\\\/paz-perez-senior-ux-designer-autodesk\\\/\"]}]},{\"@type\":\"ImageObject\",\"inLanguage\":\"es\",\"@id\":\"https:\\\/\\\/veredes.es\\\/blog\\\/paz-perez-senior-ux-designer-autodesk\\\/#primaryimage\",\"url\":\"https:\\\/\\\/veredes.es\\\/blog\\\/wp-content\\\/uploads\\\/2020\\\/09\\\/Paz-P\u00e9rez-\u00b7-Senior-UX-Designer-Autodesk-Dando-clases-en-Allwomen.jpg\",\"contentUrl\":\"https:\\\/\\\/veredes.es\\\/blog\\\/wp-content\\\/uploads\\\/2020\\\/09\\\/Paz-P\u00e9rez-\u00b7-Senior-UX-Designer-Autodesk-Dando-clases-en-Allwomen.jpg\",\"width\":1200,\"height\":800,\"caption\":\"Dando clases en Allwomen | Fotograf\u00eda: Cortes\u00eda de Paz P\u00e9rez\"},{\"@type\":\"BreadcrumbList\",\"@id\":\"https:\\\/\\\/veredes.es\\\/blog\\\/paz-perez-senior-ux-designer-autodesk\\\/#breadcrumb\",\"itemListElement\":[{\"@type\":\"ListItem\",\"position\":1,\"name\":\"Portada\",\"item\":\"https:\\\/\\\/veredes.es\\\/blog\\\/\"},{\"@type\":\"ListItem\",\"position\":2,\"name\":\"Paz P\u00e9rez \u00b7 Senior UX Designer | Autodesk\"}]},{\"@type\":\"WebSite\",\"@id\":\"https:\\\/\\\/veredes.es\\\/blog\\\/#website\",\"url\":\"https:\\\/\\\/veredes.es\\\/blog\\\/\",\"name\":\"veredes, arquitectura y divulgaci\u00f3n\",\"description\":\"veredes\",\"publisher\":{\"@id\":\"https:\\\/\\\/veredes.es\\\/blog\\\/#organization\"},\"alternateName\":\"veredes\",\"potentialAction\":[{\"@type\":\"SearchAction\",\"target\":{\"@type\":\"EntryPoint\",\"urlTemplate\":\"https:\\\/\\\/veredes.es\\\/blog\\\/?s={search_term_string}\"},\"query-input\":{\"@type\":\"PropertyValueSpecification\",\"valueRequired\":true,\"valueName\":\"search_term_string\"}}],\"inLanguage\":\"es\"},{\"@type\":\"Organization\",\"@id\":\"https:\\\/\\\/veredes.es\\\/blog\\\/#organization\",\"name\":\"veredes, arquitectura y divulgaci\u00f3n\",\"alternateName\":\"veredes\",\"url\":\"https:\\\/\\\/veredes.es\\\/blog\\\/\",\"logo\":{\"@type\":\"ImageObject\",\"inLanguage\":\"es\",\"@id\":\"https:\\\/\\\/veredes.es\\\/blog\\\/#\\\/schema\\\/logo\\\/image\\\/\",\"url\":\"https:\\\/\\\/veredes.es\\\/blog\\\/wp-content\\\/uploads\\\/2021\\\/12\\\/veredes-logo-centrado_140x54.png\",\"contentUrl\":\"https:\\\/\\\/veredes.es\\\/blog\\\/wp-content\\\/uploads\\\/2021\\\/12\\\/veredes-logo-centrado_140x54.png\",\"width\":140,\"height\":54,\"caption\":\"veredes, arquitectura y divulgaci\u00f3n\"},\"image\":{\"@id\":\"https:\\\/\\\/veredes.es\\\/blog\\\/#\\\/schema\\\/logo\\\/image\\\/\"},\"sameAs\":[\"https:\\\/\\\/www.facebook.com\\\/veredesArquitecturayDivulgacion\\\/\",\"https:\\\/\\\/x.com\\\/veredes\",\"https:\\\/\\\/instagram.com\\\/veredes\\\/\",\"https:\\\/\\\/www.linkedin.com\\\/company\\\/veredes-arquitectura-y-divulgacion\\\/\",\"https:\\\/\\\/es.pinterest.com\\\/veredes\\\/\",\"https:\\\/\\\/www.tumblr.com\\\/veredes\"]},{\"@type\":\"Person\",\"@id\":\"https:\\\/\\\/veredes.es\\\/blog\\\/#\\\/schema\\\/person\\\/d75d9abfee4af7f452f32c140a5aa176\",\"name\":\"Ana Barreiro Blanco\",\"image\":{\"@type\":\"ImageObject\",\"inLanguage\":\"es\",\"@id\":\"https:\\\/\\\/veredes.es\\\/blog\\\/wp-content\\\/uploads\\\/2023\\\/07\\\/cropped-ana-barreiro-blanco-96x96.jpg\",\"url\":\"https:\\\/\\\/veredes.es\\\/blog\\\/wp-content\\\/uploads\\\/2023\\\/07\\\/cropped-ana-barreiro-blanco-96x96.jpg\",\"contentUrl\":\"https:\\\/\\\/veredes.es\\\/blog\\\/wp-content\\\/uploads\\\/2023\\\/07\\\/cropped-ana-barreiro-blanco-96x96.jpg\",\"caption\":\"Ana Barreiro Blanco\"},\"description\":\"Arquitecta y socia fundadora de gesti\u00f3n cultural taller abierto\",\"sameAs\":[\"https:\\\/\\\/tallerabierto.gal\\\/gl\\\/\",\"https:\\\/\\\/www.facebook.com\\\/anabarreiroblanco\\\/\",\"https:\\\/\\\/www.linkedin.com\\\/in\\\/anabarreiroblanco\\\/\"],\"url\":\"https:\\\/\\\/veredes.es\\\/blog\\\/author\\\/ana-barreiro-blanco\\\/\"}]}<\/script>\n<!-- \/ Yoast SEO plugin. -->","yoast_head_json":{"title":"Paz P\u00e9rez \u00b7 Senior UX Designer | Autodesk - veredes","description":"Toda la informaci\u00f3n sobre: Paz P\u00e9rez \u00b7 Senior UX Designer | Autodesk","robots":{"index":"index","follow":"follow","max-snippet":"max-snippet:-1","max-image-preview":"max-image-preview:large","max-video-preview":"max-video-preview:-1"},"canonical":"https:\/\/veredes.es\/blog\/paz-perez-senior-ux-designer-autodesk\/","og_locale":"es_ES","og_type":"article","og_title":"Paz P\u00e9rez \u00b7 Senior UX Designer | Autodesk - veredes","og_description":"Toda la informaci\u00f3n sobre: Paz P\u00e9rez \u00b7 Senior UX Designer | Autodesk","og_url":"https:\/\/veredes.es\/blog\/paz-perez-senior-ux-designer-autodesk\/","og_site_name":"veredes, arquitectura y divulgaci\u00f3n","article_publisher":"https:\/\/www.facebook.com\/veredesArquitecturayDivulgacion\/","article_author":"https:\/\/www.facebook.com\/anabarreiroblanco\/","article_published_time":"2020-09-09T22:01:18+00:00","article_modified_time":"2023-08-29T15:00:18+00:00","og_image":[{"width":1200,"height":800,"url":"https:\/\/veredes.es\/blog\/wp-content\/uploads\/2020\/09\/Paz-P\u00e9rez-\u00b7-Senior-UX-Designer-Autodesk-Dando-clases-en-Allwomen.jpg","type":"image\/jpeg"}],"author":"Ana Barreiro Blanco","twitter_card":"summary_large_image","twitter_creator":"@veredes","twitter_site":"@veredes","twitter_misc":{"Escrito por":"Ana Barreiro Blanco","Tiempo de lectura":"12 minutos"},"schema":{"@context":"https:\/\/schema.org","@graph":[{"@type":"Article","@id":"https:\/\/veredes.es\/blog\/paz-perez-senior-ux-designer-autodesk\/#article","isPartOf":{"@id":"https:\/\/veredes.es\/blog\/paz-perez-senior-ux-designer-autodesk\/"},"author":{"name":"Ana Barreiro Blanco","@id":"https:\/\/veredes.es\/blog\/#\/schema\/person\/d75d9abfee4af7f452f32c140a5aa176"},"headline":"Paz P\u00e9rez \u00b7 Senior UX Designer | Autodesk","datePublished":"2020-09-09T22:01:18+00:00","dateModified":"2023-08-29T15:00:18+00:00","mainEntityOfPage":{"@id":"https:\/\/veredes.es\/blog\/paz-perez-senior-ux-designer-autodesk\/"},"wordCount":2413,"commentCount":0,"publisher":{"@id":"https:\/\/veredes.es\/blog\/#organization"},"image":{"@id":"https:\/\/veredes.es\/blog\/paz-perez-senior-ux-designer-autodesk\/#primaryimage"},"thumbnailUrl":"https:\/\/veredes.es\/blog\/wp-content\/uploads\/2020\/09\/Paz-P\u00e9rez-\u00b7-Senior-UX-Designer-Autodesk-Dando-clases-en-Allwomen.jpg","keywords":["Alberto Alonso Oro","Ana Barreiro Blanco","arquitectura","Autodesk","baliza","comunicaci\u00f3n","comunicaci\u00f3n audiovisual","comunicaci\u00f3n visual","comunicar","creatividad","difusi\u00f3n","dise\u00f1o","econom\u00eda creativa","educaci\u00f3n","emprendimiento","entrevista","google","inform\u00e1tica","innovaci\u00f3n","innovador","joven arquitecto","joven valor","modelo profesional","multidisciplinar","Paz P\u00e9rez","proceso creativo","produccion","productor","profesi\u00f3n","tecnolog\u00eda","universidad"],"articleSection":["baliza","slider principal"],"inLanguage":"es","potentialAction":[{"@type":"CommentAction","name":"Comment","target":["https:\/\/veredes.es\/blog\/paz-perez-senior-ux-designer-autodesk\/#respond"]}]},{"@type":"WebPage","@id":"https:\/\/veredes.es\/blog\/paz-perez-senior-ux-designer-autodesk\/","url":"https:\/\/veredes.es\/blog\/paz-perez-senior-ux-designer-autodesk\/","name":"Paz P\u00e9rez \u00b7 Senior UX Designer | Autodesk - veredes","isPartOf":{"@id":"https:\/\/veredes.es\/blog\/#website"},"primaryImageOfPage":{"@id":"https:\/\/veredes.es\/blog\/paz-perez-senior-ux-designer-autodesk\/#primaryimage"},"image":{"@id":"https:\/\/veredes.es\/blog\/paz-perez-senior-ux-designer-autodesk\/#primaryimage"},"thumbnailUrl":"https:\/\/veredes.es\/blog\/wp-content\/uploads\/2020\/09\/Paz-P\u00e9rez-\u00b7-Senior-UX-Designer-Autodesk-Dando-clases-en-Allwomen.jpg","datePublished":"2020-09-09T22:01:18+00:00","dateModified":"2023-08-29T15:00:18+00:00","description":"Toda la informaci\u00f3n sobre: Paz P\u00e9rez \u00b7 Senior UX Designer | Autodesk","breadcrumb":{"@id":"https:\/\/veredes.es\/blog\/paz-perez-senior-ux-designer-autodesk\/#breadcrumb"},"inLanguage":"es","potentialAction":[{"@type":"ReadAction","target":["https:\/\/veredes.es\/blog\/paz-perez-senior-ux-designer-autodesk\/"]}]},{"@type":"ImageObject","inLanguage":"es","@id":"https:\/\/veredes.es\/blog\/paz-perez-senior-ux-designer-autodesk\/#primaryimage","url":"https:\/\/veredes.es\/blog\/wp-content\/uploads\/2020\/09\/Paz-P\u00e9rez-\u00b7-Senior-UX-Designer-Autodesk-Dando-clases-en-Allwomen.jpg","contentUrl":"https:\/\/veredes.es\/blog\/wp-content\/uploads\/2020\/09\/Paz-P\u00e9rez-\u00b7-Senior-UX-Designer-Autodesk-Dando-clases-en-Allwomen.jpg","width":1200,"height":800,"caption":"Dando clases en Allwomen | Fotograf\u00eda: Cortes\u00eda de Paz P\u00e9rez"},{"@type":"BreadcrumbList","@id":"https:\/\/veredes.es\/blog\/paz-perez-senior-ux-designer-autodesk\/#breadcrumb","itemListElement":[{"@type":"ListItem","position":1,"name":"Portada","item":"https:\/\/veredes.es\/blog\/"},{"@type":"ListItem","position":2,"name":"Paz P\u00e9rez \u00b7 Senior UX Designer | Autodesk"}]},{"@type":"WebSite","@id":"https:\/\/veredes.es\/blog\/#website","url":"https:\/\/veredes.es\/blog\/","name":"veredes, arquitectura y divulgaci\u00f3n","description":"veredes","publisher":{"@id":"https:\/\/veredes.es\/blog\/#organization"},"alternateName":"veredes","potentialAction":[{"@type":"SearchAction","target":{"@type":"EntryPoint","urlTemplate":"https:\/\/veredes.es\/blog\/?s={search_term_string}"},"query-input":{"@type":"PropertyValueSpecification","valueRequired":true,"valueName":"search_term_string"}}],"inLanguage":"es"},{"@type":"Organization","@id":"https:\/\/veredes.es\/blog\/#organization","name":"veredes, arquitectura y divulgaci\u00f3n","alternateName":"veredes","url":"https:\/\/veredes.es\/blog\/","logo":{"@type":"ImageObject","inLanguage":"es","@id":"https:\/\/veredes.es\/blog\/#\/schema\/logo\/image\/","url":"https:\/\/veredes.es\/blog\/wp-content\/uploads\/2021\/12\/veredes-logo-centrado_140x54.png","contentUrl":"https:\/\/veredes.es\/blog\/wp-content\/uploads\/2021\/12\/veredes-logo-centrado_140x54.png","width":140,"height":54,"caption":"veredes, arquitectura y divulgaci\u00f3n"},"image":{"@id":"https:\/\/veredes.es\/blog\/#\/schema\/logo\/image\/"},"sameAs":["https:\/\/www.facebook.com\/veredesArquitecturayDivulgacion\/","https:\/\/x.com\/veredes","https:\/\/instagram.com\/veredes\/","https:\/\/www.linkedin.com\/company\/veredes-arquitectura-y-divulgacion\/","https:\/\/es.pinterest.com\/veredes\/","https:\/\/www.tumblr.com\/veredes"]},{"@type":"Person","@id":"https:\/\/veredes.es\/blog\/#\/schema\/person\/d75d9abfee4af7f452f32c140a5aa176","name":"Ana Barreiro Blanco","image":{"@type":"ImageObject","inLanguage":"es","@id":"https:\/\/veredes.es\/blog\/wp-content\/uploads\/2023\/07\/cropped-ana-barreiro-blanco-96x96.jpg","url":"https:\/\/veredes.es\/blog\/wp-content\/uploads\/2023\/07\/cropped-ana-barreiro-blanco-96x96.jpg","contentUrl":"https:\/\/veredes.es\/blog\/wp-content\/uploads\/2023\/07\/cropped-ana-barreiro-blanco-96x96.jpg","caption":"Ana Barreiro Blanco"},"description":"Arquitecta y socia fundadora de gesti\u00f3n cultural taller abierto","sameAs":["https:\/\/tallerabierto.gal\/gl\/","https:\/\/www.facebook.com\/anabarreiroblanco\/","https:\/\/www.linkedin.com\/in\/anabarreiroblanco\/"],"url":"https:\/\/veredes.es\/blog\/author\/ana-barreiro-blanco\/"}]}},"_links":{"self":[{"href":"https:\/\/veredes.es\/blog\/wp-json\/wp\/v2\/posts\/81065","targetHints":{"allow":["GET"]}}],"collection":[{"href":"https:\/\/veredes.es\/blog\/wp-json\/wp\/v2\/posts"}],"about":[{"href":"https:\/\/veredes.es\/blog\/wp-json\/wp\/v2\/types\/post"}],"author":[{"embeddable":true,"href":"https:\/\/veredes.es\/blog\/wp-json\/wp\/v2\/users\/85"}],"replies":[{"embeddable":true,"href":"https:\/\/veredes.es\/blog\/wp-json\/wp\/v2\/comments?post=81065"}],"version-history":[{"count":0,"href":"https:\/\/veredes.es\/blog\/wp-json\/wp\/v2\/posts\/81065\/revisions"}],"wp:featuredmedia":[{"embeddable":true,"href":"https:\/\/veredes.es\/blog\/wp-json\/wp\/v2\/media\/81075"}],"wp:attachment":[{"href":"https:\/\/veredes.es\/blog\/wp-json\/wp\/v2\/media?parent=81065"}],"wp:term":[{"taxonomy":"category","embeddable":true,"href":"https:\/\/veredes.es\/blog\/wp-json\/wp\/v2\/categories?post=81065"},{"taxonomy":"post_tag","embeddable":true,"href":"https:\/\/veredes.es\/blog\/wp-json\/wp\/v2\/tags?post=81065"}],"curies":[{"name":"wp","href":"https:\/\/api.w.org\/{rel}","templated":true}]}}