{"id":80987,"date":"2020-09-30T00:01:04","date_gmt":"2020-09-29T22:01:04","guid":{"rendered":"https:\/\/veredes.es\/blog\/?p=80987"},"modified":"2020-08-19T20:53:56","modified_gmt":"2020-08-19T18:53:56","slug":"adaptacion-de-la-nave-3-del-parque-central-a-equipamiento-cultural-contell-martinez-arquitectos","status":"publish","type":"post","link":"https:\/\/veredes.es\/blog\/adaptacion-de-la-nave-3-del-parque-central-a-equipamiento-cultural-contell-martinez-arquitectos\/","title":{"rendered":"Adaptaci\u00f3n de la Nave 3 del parque central a equipamiento cultural | Contell Mart\u00ednez Arquitectos"},"content":{"rendered":"<p><img loading=\"lazy\" decoding=\"async\" class=\"alignnone size-large wp-image-80998\" src=\"https:\/\/veredes.es\/blog\/wp-content\/uploads\/2020\/08\/Adaptaci\u00f3n-de-la-Nave-3-del-parque-central-a-equipamiento-cultural-Contell-Mart\u00ednez-Arquitectos-o10-1024x577.jpg\" alt=\"\" width=\"640\" height=\"361\" srcset=\"https:\/\/veredes.es\/blog\/wp-content\/uploads\/2020\/08\/Adaptaci\u00f3n-de-la-Nave-3-del-parque-central-a-equipamiento-cultural-Contell-Mart\u00ednez-Arquitectos-o10-1024x577.jpg 1024w, https:\/\/veredes.es\/blog\/wp-content\/uploads\/2020\/08\/Adaptaci\u00f3n-de-la-Nave-3-del-parque-central-a-equipamiento-cultural-Contell-Mart\u00ednez-Arquitectos-o10-300x169.jpg 300w, https:\/\/veredes.es\/blog\/wp-content\/uploads\/2020\/08\/Adaptaci\u00f3n-de-la-Nave-3-del-parque-central-a-equipamiento-cultural-Contell-Mart\u00ednez-Arquitectos-o10.jpg 1200w\" sizes=\"auto, (max-width: 640px) 100vw, 640px\" \/><\/p>\n<p style=\"text-align: justify;\">El proyecto consiste en adaptar la Nave 3 del Parque Central de Val\u00e8ncia a equipamiento cultural. El edificio fue rehabilitado con anterioridad a este proyecto, comprendiendo los trabajos previos las intervenciones en los cerramientos de f\u00e1brica, en las carpinter\u00edas exteriores y en la cubierta, pero careciendo del acondicionamiento ac\u00fastico necesario para un edificio en el que se realizar\u00edan actividades esc\u00e9nicas, ya que en ese momento se desconoc\u00eda cu\u00e1l iba a ser su uso. La nave se construye es 1917 y se atribuye al arquitecto Demetrio Ribes, siendo un valioso ejemplo del patrimonio ferroviario valenciano, con calificaci\u00f3n de Bien de Relevancia Local.<\/p>\n<p style=\"text-align: justify;\">Se propone una intervenci\u00f3n que posibilite una gran flexibilidad de uso, permitiendo la realizaci\u00f3n de distintas actividades de forma simult\u00e1nea, respetando el car\u00e1cter industrial de la nave donde se inscribe la actuaci\u00f3n.<\/p>\n<p style=\"text-align: justify;\">La nave se divide en cinco cruj\u00edas, que van a pautar geom\u00e9tricamente el proyecto. Este ritmo estructural, as\u00ed como la posibilidad de desarrollar dos niveles en altura, son fundamentales en el planteamiento de la propuesta.<\/p>\n<p style=\"text-align: justify;\">La nave posee dos accesos desde el exterior, uno en cada uno de los muros testeros, utiliz\u00e1ndose el m\u00e1s pr\u00f3ximo a la calle Filipinas como acceso principal, reservando el m\u00e1s alejado como salida de emergencia y punto de acceso para el contenido de las exposiciones o el material esc\u00e9nico.<\/p>\n<p style=\"text-align: justify;\">Tomando como referencia el acceso, la primera cruj\u00eda comprende un espacio de vest\u00edbulo, con la recepci\u00f3n, las taquillas y el n\u00facleo lineal de comunicaci\u00f3n vertical tras una celos\u00eda formada por ra\u00edles de tren. En el nivel superior se sit\u00faa una sala polivalente, que enriquece la transici\u00f3n del espacio de acceso al espacio principal. Esta peque\u00f1a pieza se materializa con cerramientos de vidrio y un techo tensado ac\u00fastico transl\u00facido, de forma que no se pierda la concepci\u00f3n espacial de la nave.<\/p>\n<p style=\"text-align: justify;\">En la planta baja de la segunda cruj\u00eda se construye un cuerpo con los aseos, el cuarto de instalaciones y un despacho. La cubierta de este espacio sirve como soporte para ubicar unas gradas, o simplemente como plataforma de uso a una cota elevada.<\/p>\n<p style=\"text-align: justify;\">Las tres cruj\u00edas restantes dan cabida a un espacio multiusos que permite desarrollar distintas configuraciones esc\u00e9nicas, as\u00ed como la organizaci\u00f3n de exposiciones y actividades. Esta flexibilidad se consigue gracias a la disposici\u00f3n de tarimas plegables -que se colocar\u00e1n en una segunda fase de obra posterior de adecuaci\u00f3n a uso esc\u00e9nico- que pueden componerse en distintos niveles generando una topograf\u00eda artificial, ya que debido a la heterogeneidad de los contenidos previstos, era necesario poder disponer de la superficie en horizontal para realizar exposiciones, un escenario lateral o una configuraci\u00f3n con un escenario central para otro tipo de escenograf\u00edas, incluso una seriaci\u00f3n lineal de plataformas.<\/p>\n<p style=\"text-align: justify;\">Dando continuidad y coherencia a la propuesta, se proyecta un mueble perimetral por el que discurren las instalaciones necesarias para dar servicio al conjunto. Este mueble podr\u00eda definirse como un contenedor complejo que se deforma recogiendo la recepci\u00f3n o las taquillas, que se descompone en fragmentos de muro m\u00f3vil que ser\u00e1n soporte para las exposiciones y que crece transform\u00e1ndose en los camerinos para los actores y espacios de almacenaje. Este muro m\u00f3vil y trasdosado perimetral surge tambi\u00e9n del requisito de Patrimonio de dar un acabado a las partes del muro existente que no estaban pensadas para quedar vistas. Esta superficie de chapa de acero perforada contrasta con las f\u00e1bricas de ladrillo originales, al tiempo que transforma y acondiciona ac\u00fasticamente el espacio al uso cultural y esc\u00e9nico previsto.<\/p>\n<p style=\"text-align: justify;\">Desde el acceso y la recepci\u00f3n, hasta cualquier punto de uso p\u00fablico, el edificio es accesible. Incluso las gradas m\u00f3viles permiten reservar espacios para usuarios con movilidad reducida atendiendo a su n\u00famero. Para resolver la accesibilidad vertical se dispone una plataforma materializada con planos de chapa y vidrio para no distorsionar la continuidad del espacio de la nave.<\/p>\n<p style=\"text-align: justify;\">En cuanto a los par\u00e1metros de sostenibilidad empleados en el edificio, hay que destacar que sus requisitos energ\u00e9ticos est\u00e1n cubiertos con la central de energ\u00eda geot\u00e9rmica ubicada en el exterior, lo que tambi\u00e9n resulta posible por la utilizaci\u00f3n de unidades interiores de eficiencia muy alta. Por otro lado, las chapas de acero utilizadas -adem\u00e1s de constituir un residuo valorizable- provienen del stock de un almac\u00e9n cercano. Las chapas de 3,00&#215;1,50m se colocan pr\u00e1cticamente en su totalidad sin cortar, utilizando piezas enteras que tambi\u00e9n se pliegan seg\u00fan las necesidades para minimizar al m\u00e1ximo el volumen de residuos.<\/p>\n<p style=\"text-align: justify;\">A pesar de que la rehabilitaci\u00f3n de la envolvente de este antiguo almac\u00e9n ferroviario ya se hab\u00eda realizado con anterioridad, habi\u00e9ndose eliminado todo su contenido interior, se utilizan ra\u00edles ligeros recuperados, como celos\u00eda sobre la que apoya el cuerpo superior. La secci\u00f3n de los ra\u00edles ligeros se reproduce en las superficies vidriadas para hacerlas perceptibles a los usuarios y para que no olviden el pasado ferroviario del conjunto de las Naves de Demetrio Ribes.<\/p>\n<div id='gallery-1' class='gallery galleryid-80987 gallery-columns-4 gallery-size-thumbnail'><figure class='gallery-item'>\n\t\t\t<div class='gallery-icon landscape'>\n\t\t\t\t<a href='https:\/\/veredes.es\/blog\/wp-content\/uploads\/2020\/08\/Adaptaci\u00f3n-de-la-Nave-3-del-parque-central-a-equipamiento-cultural-Contell-Mart\u00ednez-Arquitectos-o1-SITU.jpg'><img loading=\"lazy\" decoding=\"async\" width=\"120\" height=\"120\" src=\"https:\/\/veredes.es\/blog\/wp-content\/uploads\/2020\/08\/Adaptaci\u00f3n-de-la-Nave-3-del-parque-central-a-equipamiento-cultural-Contell-Mart\u00ednez-Arquitectos-o1-SITU-120x120.jpg\" class=\"attachment-thumbnail size-thumbnail\" alt=\"\" srcset=\"https:\/\/veredes.es\/blog\/wp-content\/uploads\/2020\/08\/Adaptaci\u00f3n-de-la-Nave-3-del-parque-central-a-equipamiento-cultural-Contell-Mart\u00ednez-Arquitectos-o1-SITU-120x120.jpg 120w, https:\/\/veredes.es\/blog\/wp-content\/uploads\/2020\/08\/Adaptaci\u00f3n-de-la-Nave-3-del-parque-central-a-equipamiento-cultural-Contell-Mart\u00ednez-Arquitectos-o1-SITU-150x150.jpg 150w\" sizes=\"auto, (max-width: 120px) 100vw, 120px\" \/><\/a>\n\t\t\t<\/div><\/figure><figure class='gallery-item'>\n\t\t\t<div class='gallery-icon landscape'>\n\t\t\t\t<a href='https:\/\/veredes.es\/blog\/wp-content\/uploads\/2020\/08\/Adaptaci\u00f3n-de-la-Nave-3-del-parque-central-a-equipamiento-cultural-Contell-Mart\u00ednez-Arquitectos-o2-PB.jpg'><img loading=\"lazy\" decoding=\"async\" width=\"120\" height=\"120\" src=\"https:\/\/veredes.es\/blog\/wp-content\/uploads\/2020\/08\/Adaptaci\u00f3n-de-la-Nave-3-del-parque-central-a-equipamiento-cultural-Contell-Mart\u00ednez-Arquitectos-o2-PB-120x120.jpg\" class=\"attachment-thumbnail size-thumbnail\" alt=\"\" srcset=\"https:\/\/veredes.es\/blog\/wp-content\/uploads\/2020\/08\/Adaptaci\u00f3n-de-la-Nave-3-del-parque-central-a-equipamiento-cultural-Contell-Mart\u00ednez-Arquitectos-o2-PB-120x120.jpg 120w, https:\/\/veredes.es\/blog\/wp-content\/uploads\/2020\/08\/Adaptaci\u00f3n-de-la-Nave-3-del-parque-central-a-equipamiento-cultural-Contell-Mart\u00ednez-Arquitectos-o2-PB-150x150.jpg 150w\" sizes=\"auto, (max-width: 120px) 100vw, 120px\" \/><\/a>\n\t\t\t<\/div><\/figure><figure class='gallery-item'>\n\t\t\t<div class='gallery-icon landscape'>\n\t\t\t\t<a href='https:\/\/veredes.es\/blog\/wp-content\/uploads\/2020\/08\/Adaptaci\u00f3n-de-la-Nave-3-del-parque-central-a-equipamiento-cultural-Contell-Mart\u00ednez-Arquitectos-o3-P1.jpg'><img loading=\"lazy\" decoding=\"async\" width=\"120\" height=\"120\" src=\"https:\/\/veredes.es\/blog\/wp-content\/uploads\/2020\/08\/Adaptaci\u00f3n-de-la-Nave-3-del-parque-central-a-equipamiento-cultural-Contell-Mart\u00ednez-Arquitectos-o3-P1-120x120.jpg\" class=\"attachment-thumbnail size-thumbnail\" alt=\"\" srcset=\"https:\/\/veredes.es\/blog\/wp-content\/uploads\/2020\/08\/Adaptaci\u00f3n-de-la-Nave-3-del-parque-central-a-equipamiento-cultural-Contell-Mart\u00ednez-Arquitectos-o3-P1-120x120.jpg 120w, https:\/\/veredes.es\/blog\/wp-content\/uploads\/2020\/08\/Adaptaci\u00f3n-de-la-Nave-3-del-parque-central-a-equipamiento-cultural-Contell-Mart\u00ednez-Arquitectos-o3-P1-150x150.jpg 150w\" sizes=\"auto, (max-width: 120px) 100vw, 120px\" \/><\/a>\n\t\t\t<\/div><\/figure><figure class='gallery-item'>\n\t\t\t<div class='gallery-icon landscape'>\n\t\t\t\t<a href='https:\/\/veredes.es\/blog\/wp-content\/uploads\/2020\/08\/Adaptaci\u00f3n-de-la-Nave-3-del-parque-central-a-equipamiento-cultural-Contell-Mart\u00ednez-Arquitectos-o4-S01.jpg'><img loading=\"lazy\" decoding=\"async\" width=\"120\" height=\"120\" src=\"https:\/\/veredes.es\/blog\/wp-content\/uploads\/2020\/08\/Adaptaci\u00f3n-de-la-Nave-3-del-parque-central-a-equipamiento-cultural-Contell-Mart\u00ednez-Arquitectos-o4-S01-120x120.jpg\" class=\"attachment-thumbnail size-thumbnail\" alt=\"\" srcset=\"https:\/\/veredes.es\/blog\/wp-content\/uploads\/2020\/08\/Adaptaci\u00f3n-de-la-Nave-3-del-parque-central-a-equipamiento-cultural-Contell-Mart\u00ednez-Arquitectos-o4-S01-120x120.jpg 120w, https:\/\/veredes.es\/blog\/wp-content\/uploads\/2020\/08\/Adaptaci\u00f3n-de-la-Nave-3-del-parque-central-a-equipamiento-cultural-Contell-Mart\u00ednez-Arquitectos-o4-S01-150x150.jpg 150w\" sizes=\"auto, (max-width: 120px) 100vw, 120px\" \/><\/a>\n\t\t\t<\/div><\/figure><figure class='gallery-item'>\n\t\t\t<div class='gallery-icon landscape'>\n\t\t\t\t<a href='https:\/\/veredes.es\/blog\/wp-content\/uploads\/2020\/08\/Adaptaci\u00f3n-de-la-Nave-3-del-parque-central-a-equipamiento-cultural-Contell-Mart\u00ednez-Arquitectos-o5-S02.jpg'><img loading=\"lazy\" decoding=\"async\" width=\"120\" height=\"120\" src=\"https:\/\/veredes.es\/blog\/wp-content\/uploads\/2020\/08\/Adaptaci\u00f3n-de-la-Nave-3-del-parque-central-a-equipamiento-cultural-Contell-Mart\u00ednez-Arquitectos-o5-S02-120x120.jpg\" class=\"attachment-thumbnail size-thumbnail\" alt=\"\" srcset=\"https:\/\/veredes.es\/blog\/wp-content\/uploads\/2020\/08\/Adaptaci\u00f3n-de-la-Nave-3-del-parque-central-a-equipamiento-cultural-Contell-Mart\u00ednez-Arquitectos-o5-S02-120x120.jpg 120w, https:\/\/veredes.es\/blog\/wp-content\/uploads\/2020\/08\/Adaptaci\u00f3n-de-la-Nave-3-del-parque-central-a-equipamiento-cultural-Contell-Mart\u00ednez-Arquitectos-o5-S02-150x150.jpg 150w\" sizes=\"auto, (max-width: 120px) 100vw, 120px\" \/><\/a>\n\t\t\t<\/div><\/figure><figure class='gallery-item'>\n\t\t\t<div class='gallery-icon landscape'>\n\t\t\t\t<a href='https:\/\/veredes.es\/blog\/wp-content\/uploads\/2020\/08\/Adaptaci\u00f3n-de-la-Nave-3-del-parque-central-a-equipamiento-cultural-Contell-Mart\u00ednez-Arquitectos-o6-S03.jpg'><img loading=\"lazy\" decoding=\"async\" width=\"120\" height=\"120\" src=\"https:\/\/veredes.es\/blog\/wp-content\/uploads\/2020\/08\/Adaptaci\u00f3n-de-la-Nave-3-del-parque-central-a-equipamiento-cultural-Contell-Mart\u00ednez-Arquitectos-o6-S03-120x120.jpg\" class=\"attachment-thumbnail size-thumbnail\" alt=\"\" srcset=\"https:\/\/veredes.es\/blog\/wp-content\/uploads\/2020\/08\/Adaptaci\u00f3n-de-la-Nave-3-del-parque-central-a-equipamiento-cultural-Contell-Mart\u00ednez-Arquitectos-o6-S03-120x120.jpg 120w, https:\/\/veredes.es\/blog\/wp-content\/uploads\/2020\/08\/Adaptaci\u00f3n-de-la-Nave-3-del-parque-central-a-equipamiento-cultural-Contell-Mart\u00ednez-Arquitectos-o6-S03-150x150.jpg 150w\" sizes=\"auto, (max-width: 120px) 100vw, 120px\" \/><\/a>\n\t\t\t<\/div><\/figure><figure class='gallery-item'>\n\t\t\t<div class='gallery-icon portrait'>\n\t\t\t\t<a href='https:\/\/veredes.es\/blog\/wp-content\/uploads\/2020\/08\/Adaptaci\u00f3n-de-la-Nave-3-del-parque-central-a-equipamiento-cultural-Contell-Mart\u00ednez-Arquitectos-o7-AXONOMETRIA.jpg'><img loading=\"lazy\" decoding=\"async\" width=\"120\" height=\"120\" src=\"https:\/\/veredes.es\/blog\/wp-content\/uploads\/2020\/08\/Adaptaci\u00f3n-de-la-Nave-3-del-parque-central-a-equipamiento-cultural-Contell-Mart\u00ednez-Arquitectos-o7-AXONOMETRIA-120x120.jpg\" class=\"attachment-thumbnail size-thumbnail\" alt=\"\" srcset=\"https:\/\/veredes.es\/blog\/wp-content\/uploads\/2020\/08\/Adaptaci\u00f3n-de-la-Nave-3-del-parque-central-a-equipamiento-cultural-Contell-Mart\u00ednez-Arquitectos-o7-AXONOMETRIA-120x120.jpg 120w, https:\/\/veredes.es\/blog\/wp-content\/uploads\/2020\/08\/Adaptaci\u00f3n-de-la-Nave-3-del-parque-central-a-equipamiento-cultural-Contell-Mart\u00ednez-Arquitectos-o7-AXONOMETRIA-150x150.jpg 150w\" sizes=\"auto, (max-width: 120px) 100vw, 120px\" \/><\/a>\n\t\t\t<\/div><\/figure><figure class='gallery-item'>\n\t\t\t<div class='gallery-icon landscape'>\n\t\t\t\t<a href='https:\/\/veredes.es\/blog\/wp-content\/uploads\/2020\/08\/Adaptaci\u00f3n-de-la-Nave-3-del-parque-central-a-equipamiento-cultural-Contell-Mart\u00ednez-Arquitectos-o8-ESQUEMAS-USO.jpg'><img loading=\"lazy\" decoding=\"async\" width=\"120\" height=\"120\" src=\"https:\/\/veredes.es\/blog\/wp-content\/uploads\/2020\/08\/Adaptaci\u00f3n-de-la-Nave-3-del-parque-central-a-equipamiento-cultural-Contell-Mart\u00ednez-Arquitectos-o8-ESQUEMAS-USO-120x120.jpg\" class=\"attachment-thumbnail size-thumbnail\" alt=\"\" srcset=\"https:\/\/veredes.es\/blog\/wp-content\/uploads\/2020\/08\/Adaptaci\u00f3n-de-la-Nave-3-del-parque-central-a-equipamiento-cultural-Contell-Mart\u00ednez-Arquitectos-o8-ESQUEMAS-USO-120x120.jpg 120w, https:\/\/veredes.es\/blog\/wp-content\/uploads\/2020\/08\/Adaptaci\u00f3n-de-la-Nave-3-del-parque-central-a-equipamiento-cultural-Contell-Mart\u00ednez-Arquitectos-o8-ESQUEMAS-USO-150x150.jpg 150w\" sizes=\"auto, (max-width: 120px) 100vw, 120px\" \/><\/a>\n\t\t\t<\/div><\/figure><figure class='gallery-item'>\n\t\t\t<div class='gallery-icon landscape'>\n\t\t\t\t<a href='https:\/\/veredes.es\/blog\/wp-content\/uploads\/2020\/08\/Adaptaci\u00f3n-de-la-Nave-3-del-parque-central-a-equipamiento-cultural-Contell-Mart\u00ednez-Arquitectos-o9-ESQUEMA-INST.jpg'><img loading=\"lazy\" decoding=\"async\" width=\"120\" height=\"120\" src=\"https:\/\/veredes.es\/blog\/wp-content\/uploads\/2020\/08\/Adaptaci\u00f3n-de-la-Nave-3-del-parque-central-a-equipamiento-cultural-Contell-Mart\u00ednez-Arquitectos-o9-ESQUEMA-INST-120x120.jpg\" class=\"attachment-thumbnail size-thumbnail\" alt=\"\" srcset=\"https:\/\/veredes.es\/blog\/wp-content\/uploads\/2020\/08\/Adaptaci\u00f3n-de-la-Nave-3-del-parque-central-a-equipamiento-cultural-Contell-Mart\u00ednez-Arquitectos-o9-ESQUEMA-INST-120x120.jpg 120w, https:\/\/veredes.es\/blog\/wp-content\/uploads\/2020\/08\/Adaptaci\u00f3n-de-la-Nave-3-del-parque-central-a-equipamiento-cultural-Contell-Mart\u00ednez-Arquitectos-o9-ESQUEMA-INST-150x150.jpg 150w\" sizes=\"auto, (max-width: 120px) 100vw, 120px\" \/><\/a>\n\t\t\t<\/div><\/figure><figure class='gallery-item'>\n\t\t\t<div class='gallery-icon landscape'>\n\t\t\t\t<a href='https:\/\/veredes.es\/blog\/wp-content\/uploads\/2020\/08\/Adaptaci\u00f3n-de-la-Nave-3-del-parque-central-a-equipamiento-cultural-Contell-Mart\u00ednez-Arquitectos-o10.jpg'><img loading=\"lazy\" decoding=\"async\" width=\"120\" height=\"120\" src=\"https:\/\/veredes.es\/blog\/wp-content\/uploads\/2020\/08\/Adaptaci\u00f3n-de-la-Nave-3-del-parque-central-a-equipamiento-cultural-Contell-Mart\u00ednez-Arquitectos-o10-120x120.jpg\" class=\"attachment-thumbnail size-thumbnail\" alt=\"\" srcset=\"https:\/\/veredes.es\/blog\/wp-content\/uploads\/2020\/08\/Adaptaci\u00f3n-de-la-Nave-3-del-parque-central-a-equipamiento-cultural-Contell-Mart\u00ednez-Arquitectos-o10-120x120.jpg 120w, https:\/\/veredes.es\/blog\/wp-content\/uploads\/2020\/08\/Adaptaci\u00f3n-de-la-Nave-3-del-parque-central-a-equipamiento-cultural-Contell-Mart\u00ednez-Arquitectos-o10-150x150.jpg 150w\" sizes=\"auto, (max-width: 120px) 100vw, 120px\" \/><\/a>\n\t\t\t<\/div><\/figure><figure class='gallery-item'>\n\t\t\t<div class='gallery-icon landscape'>\n\t\t\t\t<a href='https:\/\/veredes.es\/blog\/wp-content\/uploads\/2020\/08\/Adaptaci\u00f3n-de-la-Nave-3-del-parque-central-a-equipamiento-cultural-Contell-Mart\u00ednez-Arquitectos-o12.jpg'><img loading=\"lazy\" decoding=\"async\" width=\"120\" height=\"120\" src=\"https:\/\/veredes.es\/blog\/wp-content\/uploads\/2020\/08\/Adaptaci\u00f3n-de-la-Nave-3-del-parque-central-a-equipamiento-cultural-Contell-Mart\u00ednez-Arquitectos-o12-120x120.jpg\" class=\"attachment-thumbnail size-thumbnail\" alt=\"\" srcset=\"https:\/\/veredes.es\/blog\/wp-content\/uploads\/2020\/08\/Adaptaci\u00f3n-de-la-Nave-3-del-parque-central-a-equipamiento-cultural-Contell-Mart\u00ednez-Arquitectos-o12-120x120.jpg 120w, https:\/\/veredes.es\/blog\/wp-content\/uploads\/2020\/08\/Adaptaci\u00f3n-de-la-Nave-3-del-parque-central-a-equipamiento-cultural-Contell-Mart\u00ednez-Arquitectos-o12-300x297.jpg 300w, https:\/\/veredes.es\/blog\/wp-content\/uploads\/2020\/08\/Adaptaci\u00f3n-de-la-Nave-3-del-parque-central-a-equipamiento-cultural-Contell-Mart\u00ednez-Arquitectos-o12-1024x1013.jpg 1024w, https:\/\/veredes.es\/blog\/wp-content\/uploads\/2020\/08\/Adaptaci\u00f3n-de-la-Nave-3-del-parque-central-a-equipamiento-cultural-Contell-Mart\u00ednez-Arquitectos-o12-150x150.jpg 150w, https:\/\/veredes.es\/blog\/wp-content\/uploads\/2020\/08\/Adaptaci\u00f3n-de-la-Nave-3-del-parque-central-a-equipamiento-cultural-Contell-Mart\u00ednez-Arquitectos-o12.jpg 1200w\" sizes=\"auto, (max-width: 120px) 100vw, 120px\" \/><\/a>\n\t\t\t<\/div><\/figure><figure class='gallery-item'>\n\t\t\t<div class='gallery-icon landscape'>\n\t\t\t\t<a href='https:\/\/veredes.es\/blog\/wp-content\/uploads\/2020\/08\/Adaptaci\u00f3n-de-la-Nave-3-del-parque-central-a-equipamiento-cultural-Contell-Mart\u00ednez-Arquitectos-o13.jpg'><img loading=\"lazy\" decoding=\"async\" width=\"120\" height=\"120\" src=\"https:\/\/veredes.es\/blog\/wp-content\/uploads\/2020\/08\/Adaptaci\u00f3n-de-la-Nave-3-del-parque-central-a-equipamiento-cultural-Contell-Mart\u00ednez-Arquitectos-o13-120x120.jpg\" class=\"attachment-thumbnail size-thumbnail\" alt=\"\" srcset=\"https:\/\/veredes.es\/blog\/wp-content\/uploads\/2020\/08\/Adaptaci\u00f3n-de-la-Nave-3-del-parque-central-a-equipamiento-cultural-Contell-Mart\u00ednez-Arquitectos-o13-120x120.jpg 120w, https:\/\/veredes.es\/blog\/wp-content\/uploads\/2020\/08\/Adaptaci\u00f3n-de-la-Nave-3-del-parque-central-a-equipamiento-cultural-Contell-Mart\u00ednez-Arquitectos-o13-150x150.jpg 150w\" sizes=\"auto, (max-width: 120px) 100vw, 120px\" \/><\/a>\n\t\t\t<\/div><\/figure><figure class='gallery-item'>\n\t\t\t<div class='gallery-icon landscape'>\n\t\t\t\t<a href='https:\/\/veredes.es\/blog\/wp-content\/uploads\/2020\/08\/Adaptaci\u00f3n-de-la-Nave-3-del-parque-central-a-equipamiento-cultural-Contell-Mart\u00ednez-Arquitectos-o14.jpg'><img loading=\"lazy\" decoding=\"async\" width=\"120\" height=\"120\" src=\"https:\/\/veredes.es\/blog\/wp-content\/uploads\/2020\/08\/Adaptaci\u00f3n-de-la-Nave-3-del-parque-central-a-equipamiento-cultural-Contell-Mart\u00ednez-Arquitectos-o14-120x120.jpg\" class=\"attachment-thumbnail size-thumbnail\" alt=\"\" srcset=\"https:\/\/veredes.es\/blog\/wp-content\/uploads\/2020\/08\/Adaptaci\u00f3n-de-la-Nave-3-del-parque-central-a-equipamiento-cultural-Contell-Mart\u00ednez-Arquitectos-o14-120x120.jpg 120w, https:\/\/veredes.es\/blog\/wp-content\/uploads\/2020\/08\/Adaptaci\u00f3n-de-la-Nave-3-del-parque-central-a-equipamiento-cultural-Contell-Mart\u00ednez-Arquitectos-o14-150x150.jpg 150w\" sizes=\"auto, (max-width: 120px) 100vw, 120px\" \/><\/a>\n\t\t\t<\/div><\/figure><figure class='gallery-item'>\n\t\t\t<div class='gallery-icon landscape'>\n\t\t\t\t<a href='https:\/\/veredes.es\/blog\/wp-content\/uploads\/2020\/08\/Adaptaci\u00f3n-de-la-Nave-3-del-parque-central-a-equipamiento-cultural-Contell-Mart\u00ednez-Arquitectos-o15.jpg'><img loading=\"lazy\" decoding=\"async\" width=\"120\" height=\"120\" src=\"https:\/\/veredes.es\/blog\/wp-content\/uploads\/2020\/08\/Adaptaci\u00f3n-de-la-Nave-3-del-parque-central-a-equipamiento-cultural-Contell-Mart\u00ednez-Arquitectos-o15-120x120.jpg\" class=\"attachment-thumbnail size-thumbnail\" alt=\"\" srcset=\"https:\/\/veredes.es\/blog\/wp-content\/uploads\/2020\/08\/Adaptaci\u00f3n-de-la-Nave-3-del-parque-central-a-equipamiento-cultural-Contell-Mart\u00ednez-Arquitectos-o15-120x120.jpg 120w, https:\/\/veredes.es\/blog\/wp-content\/uploads\/2020\/08\/Adaptaci\u00f3n-de-la-Nave-3-del-parque-central-a-equipamiento-cultural-Contell-Mart\u00ednez-Arquitectos-o15-150x150.jpg 150w\" sizes=\"auto, (max-width: 120px) 100vw, 120px\" \/><\/a>\n\t\t\t<\/div><\/figure><figure class='gallery-item'>\n\t\t\t<div class='gallery-icon landscape'>\n\t\t\t\t<a href='https:\/\/veredes.es\/blog\/wp-content\/uploads\/2020\/08\/Adaptaci\u00f3n-de-la-Nave-3-del-parque-central-a-equipamiento-cultural-Contell-Mart\u00ednez-Arquitectos-o16.jpg'><img loading=\"lazy\" decoding=\"async\" width=\"120\" height=\"120\" src=\"https:\/\/veredes.es\/blog\/wp-content\/uploads\/2020\/08\/Adaptaci\u00f3n-de-la-Nave-3-del-parque-central-a-equipamiento-cultural-Contell-Mart\u00ednez-Arquitectos-o16-120x120.jpg\" class=\"attachment-thumbnail size-thumbnail\" alt=\"\" srcset=\"https:\/\/veredes.es\/blog\/wp-content\/uploads\/2020\/08\/Adaptaci\u00f3n-de-la-Nave-3-del-parque-central-a-equipamiento-cultural-Contell-Mart\u00ednez-Arquitectos-o16-120x120.jpg 120w, https:\/\/veredes.es\/blog\/wp-content\/uploads\/2020\/08\/Adaptaci\u00f3n-de-la-Nave-3-del-parque-central-a-equipamiento-cultural-Contell-Mart\u00ednez-Arquitectos-o16-150x150.jpg 150w\" sizes=\"auto, (max-width: 120px) 100vw, 120px\" \/><\/a>\n\t\t\t<\/div><\/figure><figure class='gallery-item'>\n\t\t\t<div class='gallery-icon landscape'>\n\t\t\t\t<a href='https:\/\/veredes.es\/blog\/wp-content\/uploads\/2020\/08\/Adaptaci\u00f3n-de-la-Nave-3-del-parque-central-a-equipamiento-cultural-Contell-Mart\u00ednez-Arquitectos-o17.jpg'><img loading=\"lazy\" decoding=\"async\" width=\"120\" height=\"120\" src=\"https:\/\/veredes.es\/blog\/wp-content\/uploads\/2020\/08\/Adaptaci\u00f3n-de-la-Nave-3-del-parque-central-a-equipamiento-cultural-Contell-Mart\u00ednez-Arquitectos-o17-120x120.jpg\" class=\"attachment-thumbnail size-thumbnail\" alt=\"\" srcset=\"https:\/\/veredes.es\/blog\/wp-content\/uploads\/2020\/08\/Adaptaci\u00f3n-de-la-Nave-3-del-parque-central-a-equipamiento-cultural-Contell-Mart\u00ednez-Arquitectos-o17-120x120.jpg 120w, https:\/\/veredes.es\/blog\/wp-content\/uploads\/2020\/08\/Adaptaci\u00f3n-de-la-Nave-3-del-parque-central-a-equipamiento-cultural-Contell-Mart\u00ednez-Arquitectos-o17-150x150.jpg 150w\" sizes=\"auto, (max-width: 120px) 100vw, 120px\" \/><\/a>\n\t\t\t<\/div><\/figure><figure class='gallery-item'>\n\t\t\t<div class='gallery-icon landscape'>\n\t\t\t\t<a href='https:\/\/veredes.es\/blog\/wp-content\/uploads\/2020\/08\/Adaptaci\u00f3n-de-la-Nave-3-del-parque-central-a-equipamiento-cultural-Contell-Mart\u00ednez-Arquitectos-o18.jpg'><img loading=\"lazy\" decoding=\"async\" width=\"120\" height=\"120\" src=\"https:\/\/veredes.es\/blog\/wp-content\/uploads\/2020\/08\/Adaptaci\u00f3n-de-la-Nave-3-del-parque-central-a-equipamiento-cultural-Contell-Mart\u00ednez-Arquitectos-o18-120x120.jpg\" class=\"attachment-thumbnail size-thumbnail\" alt=\"\" srcset=\"https:\/\/veredes.es\/blog\/wp-content\/uploads\/2020\/08\/Adaptaci\u00f3n-de-la-Nave-3-del-parque-central-a-equipamiento-cultural-Contell-Mart\u00ednez-Arquitectos-o18-120x120.jpg 120w, https:\/\/veredes.es\/blog\/wp-content\/uploads\/2020\/08\/Adaptaci\u00f3n-de-la-Nave-3-del-parque-central-a-equipamiento-cultural-Contell-Mart\u00ednez-Arquitectos-o18-150x150.jpg 150w\" sizes=\"auto, (max-width: 120px) 100vw, 120px\" \/><\/a>\n\t\t\t<\/div><\/figure><figure class='gallery-item'>\n\t\t\t<div class='gallery-icon landscape'>\n\t\t\t\t<a href='https:\/\/veredes.es\/blog\/wp-content\/uploads\/2020\/08\/Adaptaci\u00f3n-de-la-Nave-3-del-parque-central-a-equipamiento-cultural-Contell-Mart\u00ednez-Arquitectos-o19.jpg'><img loading=\"lazy\" decoding=\"async\" width=\"120\" height=\"120\" src=\"https:\/\/veredes.es\/blog\/wp-content\/uploads\/2020\/08\/Adaptaci\u00f3n-de-la-Nave-3-del-parque-central-a-equipamiento-cultural-Contell-Mart\u00ednez-Arquitectos-o19-120x120.jpg\" class=\"attachment-thumbnail size-thumbnail\" alt=\"\" srcset=\"https:\/\/veredes.es\/blog\/wp-content\/uploads\/2020\/08\/Adaptaci\u00f3n-de-la-Nave-3-del-parque-central-a-equipamiento-cultural-Contell-Mart\u00ednez-Arquitectos-o19-120x120.jpg 120w, https:\/\/veredes.es\/blog\/wp-content\/uploads\/2020\/08\/Adaptaci\u00f3n-de-la-Nave-3-del-parque-central-a-equipamiento-cultural-Contell-Mart\u00ednez-Arquitectos-o19-150x150.jpg 150w, https:\/\/veredes.es\/blog\/wp-content\/uploads\/2020\/08\/Adaptaci\u00f3n-de-la-Nave-3-del-parque-central-a-equipamiento-cultural-Contell-Mart\u00ednez-Arquitectos-o19.jpg 1200w\" sizes=\"auto, (max-width: 120px) 100vw, 120px\" \/><\/a>\n\t\t\t<\/div><\/figure><figure class='gallery-item'>\n\t\t\t<div class='gallery-icon landscape'>\n\t\t\t\t<a href='https:\/\/veredes.es\/blog\/wp-content\/uploads\/2020\/08\/Adaptaci\u00f3n-de-la-Nave-3-del-parque-central-a-equipamiento-cultural-Contell-Mart\u00ednez-Arquitectos-o20.jpg'><img loading=\"lazy\" decoding=\"async\" width=\"120\" height=\"120\" src=\"https:\/\/veredes.es\/blog\/wp-content\/uploads\/2020\/08\/Adaptaci\u00f3n-de-la-Nave-3-del-parque-central-a-equipamiento-cultural-Contell-Mart\u00ednez-Arquitectos-o20-120x120.jpg\" class=\"attachment-thumbnail size-thumbnail\" alt=\"\" srcset=\"https:\/\/veredes.es\/blog\/wp-content\/uploads\/2020\/08\/Adaptaci\u00f3n-de-la-Nave-3-del-parque-central-a-equipamiento-cultural-Contell-Mart\u00ednez-Arquitectos-o20-120x120.jpg 120w, https:\/\/veredes.es\/blog\/wp-content\/uploads\/2020\/08\/Adaptaci\u00f3n-de-la-Nave-3-del-parque-central-a-equipamiento-cultural-Contell-Mart\u00ednez-Arquitectos-o20-150x150.jpg 150w\" sizes=\"auto, (max-width: 120px) 100vw, 120px\" \/><\/a>\n\t\t\t<\/div><\/figure><figure class='gallery-item'>\n\t\t\t<div class='gallery-icon landscape'>\n\t\t\t\t<a href='https:\/\/veredes.es\/blog\/wp-content\/uploads\/2020\/08\/Adaptaci\u00f3n-de-la-Nave-3-del-parque-central-a-equipamiento-cultural-Contell-Mart\u00ednez-Arquitectos-o21.jpg'><img loading=\"lazy\" decoding=\"async\" width=\"120\" height=\"120\" src=\"https:\/\/veredes.es\/blog\/wp-content\/uploads\/2020\/08\/Adaptaci\u00f3n-de-la-Nave-3-del-parque-central-a-equipamiento-cultural-Contell-Mart\u00ednez-Arquitectos-o21-120x120.jpg\" class=\"attachment-thumbnail size-thumbnail\" alt=\"\" srcset=\"https:\/\/veredes.es\/blog\/wp-content\/uploads\/2020\/08\/Adaptaci\u00f3n-de-la-Nave-3-del-parque-central-a-equipamiento-cultural-Contell-Mart\u00ednez-Arquitectos-o21-120x120.jpg 120w, https:\/\/veredes.es\/blog\/wp-content\/uploads\/2020\/08\/Adaptaci\u00f3n-de-la-Nave-3-del-parque-central-a-equipamiento-cultural-Contell-Mart\u00ednez-Arquitectos-o21-150x150.jpg 150w\" sizes=\"auto, (max-width: 120px) 100vw, 120px\" \/><\/a>\n\t\t\t<\/div><\/figure><figure class='gallery-item'>\n\t\t\t<div class='gallery-icon portrait'>\n\t\t\t\t<a href='https:\/\/veredes.es\/blog\/wp-content\/uploads\/2020\/08\/Adaptaci\u00f3n-de-la-Nave-3-del-parque-central-a-equipamiento-cultural-Contell-Mart\u00ednez-Arquitectos-o22.jpg'><img loading=\"lazy\" decoding=\"async\" width=\"120\" height=\"120\" src=\"https:\/\/veredes.es\/blog\/wp-content\/uploads\/2020\/08\/Adaptaci\u00f3n-de-la-Nave-3-del-parque-central-a-equipamiento-cultural-Contell-Mart\u00ednez-Arquitectos-o22-120x120.jpg\" class=\"attachment-thumbnail size-thumbnail\" alt=\"\" srcset=\"https:\/\/veredes.es\/blog\/wp-content\/uploads\/2020\/08\/Adaptaci\u00f3n-de-la-Nave-3-del-parque-central-a-equipamiento-cultural-Contell-Mart\u00ednez-Arquitectos-o22-120x120.jpg 120w, https:\/\/veredes.es\/blog\/wp-content\/uploads\/2020\/08\/Adaptaci\u00f3n-de-la-Nave-3-del-parque-central-a-equipamiento-cultural-Contell-Mart\u00ednez-Arquitectos-o22-150x150.jpg 150w\" sizes=\"auto, (max-width: 120px) 100vw, 120px\" \/><\/a>\n\t\t\t<\/div><\/figure><figure class='gallery-item'>\n\t\t\t<div class='gallery-icon landscape'>\n\t\t\t\t<a href='https:\/\/veredes.es\/blog\/wp-content\/uploads\/2020\/08\/Adaptaci\u00f3n-de-la-Nave-3-del-parque-central-a-equipamiento-cultural-Contell-Mart\u00ednez-Arquitectos-o23.jpg'><img loading=\"lazy\" decoding=\"async\" width=\"120\" height=\"120\" src=\"https:\/\/veredes.es\/blog\/wp-content\/uploads\/2020\/08\/Adaptaci\u00f3n-de-la-Nave-3-del-parque-central-a-equipamiento-cultural-Contell-Mart\u00ednez-Arquitectos-o23-120x120.jpg\" class=\"attachment-thumbnail size-thumbnail\" alt=\"\" srcset=\"https:\/\/veredes.es\/blog\/wp-content\/uploads\/2020\/08\/Adaptaci\u00f3n-de-la-Nave-3-del-parque-central-a-equipamiento-cultural-Contell-Mart\u00ednez-Arquitectos-o23-120x120.jpg 120w, https:\/\/veredes.es\/blog\/wp-content\/uploads\/2020\/08\/Adaptaci\u00f3n-de-la-Nave-3-del-parque-central-a-equipamiento-cultural-Contell-Mart\u00ednez-Arquitectos-o23-150x150.jpg 150w\" sizes=\"auto, (max-width: 120px) 100vw, 120px\" \/><\/a>\n\t\t\t<\/div><\/figure><figure class='gallery-item'>\n\t\t\t<div class='gallery-icon portrait'>\n\t\t\t\t<a href='https:\/\/veredes.es\/blog\/wp-content\/uploads\/2020\/08\/Adaptaci\u00f3n-de-la-Nave-3-del-parque-central-a-equipamiento-cultural-Contell-Mart\u00ednez-Arquitectos-o24.jpg'><img loading=\"lazy\" decoding=\"async\" width=\"120\" height=\"120\" src=\"https:\/\/veredes.es\/blog\/wp-content\/uploads\/2020\/08\/Adaptaci\u00f3n-de-la-Nave-3-del-parque-central-a-equipamiento-cultural-Contell-Mart\u00ednez-Arquitectos-o24-120x120.jpg\" class=\"attachment-thumbnail size-thumbnail\" alt=\"\" srcset=\"https:\/\/veredes.es\/blog\/wp-content\/uploads\/2020\/08\/Adaptaci\u00f3n-de-la-Nave-3-del-parque-central-a-equipamiento-cultural-Contell-Mart\u00ednez-Arquitectos-o24-120x120.jpg 120w, https:\/\/veredes.es\/blog\/wp-content\/uploads\/2020\/08\/Adaptaci\u00f3n-de-la-Nave-3-del-parque-central-a-equipamiento-cultural-Contell-Mart\u00ednez-Arquitectos-o24-150x150.jpg 150w\" sizes=\"auto, (max-width: 120px) 100vw, 120px\" \/><\/a>\n\t\t\t<\/div><\/figure><figure class='gallery-item'>\n\t\t\t<div class='gallery-icon portrait'>\n\t\t\t\t<a href='https:\/\/veredes.es\/blog\/wp-content\/uploads\/2020\/08\/Adaptaci\u00f3n-de-la-Nave-3-del-parque-central-a-equipamiento-cultural-Contell-Mart\u00ednez-Arquitectos-o25.jpg'><img loading=\"lazy\" decoding=\"async\" width=\"120\" height=\"120\" src=\"https:\/\/veredes.es\/blog\/wp-content\/uploads\/2020\/08\/Adaptaci\u00f3n-de-la-Nave-3-del-parque-central-a-equipamiento-cultural-Contell-Mart\u00ednez-Arquitectos-o25-120x120.jpg\" class=\"attachment-thumbnail size-thumbnail\" alt=\"\" srcset=\"https:\/\/veredes.es\/blog\/wp-content\/uploads\/2020\/08\/Adaptaci\u00f3n-de-la-Nave-3-del-parque-central-a-equipamiento-cultural-Contell-Mart\u00ednez-Arquitectos-o25-120x120.jpg 120w, https:\/\/veredes.es\/blog\/wp-content\/uploads\/2020\/08\/Adaptaci\u00f3n-de-la-Nave-3-del-parque-central-a-equipamiento-cultural-Contell-Mart\u00ednez-Arquitectos-o25-150x150.jpg 150w\" sizes=\"auto, (max-width: 120px) 100vw, 120px\" \/><\/a>\n\t\t\t<\/div><\/figure>\n\t\t<\/div>\n\n<p>Obra: Adecuaci\u00f3n de la nave 3 del parque central a equipamiento cultural<br \/>\nAutores: Contell Mart\u00ednez Arquitectos (M\u00aa Dolores Contell &#8211; Juan Miguel Mart\u00ednez)<br \/>\nEmplazamiento: Nave 3 del Parque Central, Val\u00e8ncia [39\u00b027&#8217;32.1&#8243;N 0\u00b022&#8217;41.4&#8243;W]<br \/>\nPromoter: Ayuntamiento de Val\u00e8ncia<br \/>\nEstructura: Fco. Javier Cases<br \/>\nArquitecto t\u00e9cnico: Vicente Sevila<br \/>\nInstalaciones: Leing, S.L.<br \/>\nDirecci\u00f3n de obra: 1\u00ba Fase_M\u00aa Dolores Contell &#8211; Juan Miguel Mart\u00ednez &#8211; Sandra Castellano | 2\u00ba FASE_Equipamiento esc\u00e9nico (en proceso) M\u00aa Dolores Contell &#8211; Juan Miguel Mart\u00ednez<br \/>\nConstructora: PRIMERA FASE Contratas Vilor, S.L.<br \/>\nSuperficie: 604,76 m\u00b2<br \/>\nPresupuesto: 330.578,51 \u20ac (sin IVA)<br \/>\nA\u00f1o: Proyecto ejecuci\u00f3n &#8211; Octubre 2017 | Direcci\u00f3n de obra: Octubre 2018 \u2013 Octubre 2019<br \/>\nFotograf\u00eda: <a href=\"http:\/\/fotografadearquitectura.com\/\" target=\"_blank\" rel=\"noopener noreferrer\">Mariela Apollonio<\/a><br \/>\n<a href=\"http:\/\/www.contell-martinez.com\" target=\"_blank\" rel=\"noopener noreferrer\"><span style=\"color: #999999;\">+ contell-martinez.com<\/span><\/a><\/p>\n<p><strong>Reconocimientos<\/strong><br \/>\nObra seleccionada en la 62 Edici\u00f3n de los premios FAD de arquitectura y urbanismo 2020<br \/>\nObra seleccionada en la VIII Edici\u00f3n de los Premios de arquitectura ENOR 2020<\/p>\n","protected":false},"excerpt":{"rendered":"<p>El proyecto consiste en adaptar la Nave 3 del Parque Central de Val\u00e8ncia a equipamiento cultural. El edificio fue rehabilitado con anterioridad a este proyecto, comprendiendo los trabajos previos las intervenciones en los cerramientos de f\u00e1brica, en las carpinter\u00edas exteriores y en la cubierta, pero careciendo del acondicionamiento ac\u00fastico necesario para un edificio en el [&hellip;]<\/p>\n","protected":false},"author":2,"featured_media":81009,"comment_status":"open","ping_status":"closed","sticky":false,"template":"","format":"standard","meta":{"footnotes":""},"categories":[34,47,488,52,23,5951],"tags":[13218,11183,14873,12456,13737,14872,14874,2787,1005,12464,1799],"class_list":{"0":"post-80987","1":"post","2":"type-post","3":"status-publish","4":"format-standard","5":"has-post-thumbnail","7":"category-arquitectura","8":"category-equipamiento-cultural-arquitectura-obras","9":"category-equipamiento-dotacional","10":"category-equipamiento-terciario","11":"category-obras","12":"category-slider-principal","13":"tag-arquitectura-de-ladrillo","14":"tag-arquitectura-valenciana","15":"tag-contell-martinez-arquitectos","16":"tag-equipamiento-cultural","17":"tag-juan-miguel-martinez","18":"tag-ma-dolores-contell","19":"tag-nave","20":"tag-patrimonio-cultural","21":"tag-patrimonio-industrial","22":"tag-rehabilitacion","23":"tag-valencia"},"yoast_head":"<!-- This site is optimized with the Yoast SEO plugin v27.4 - https:\/\/yoast.com\/product\/yoast-seo-wordpress\/ -->\n<title>Adaptaci\u00f3n de la Nave 3 del parque central a equipamiento cultural | Contell Mart\u00ednez Arquitectos - veredes<\/title>\n<meta name=\"description\" content=\"Toda la informaci\u00f3n sobre: Adaptaci\u00f3n de la Nave 3 del parque central a equipamiento cultural | Contell Mart\u00ednez Arquitectos\" \/>\n<meta name=\"robots\" content=\"index, follow, max-snippet:-1, max-image-preview:large, max-video-preview:-1\" \/>\n<link rel=\"canonical\" href=\"https:\/\/veredes.es\/blog\/adaptacion-de-la-nave-3-del-parque-central-a-equipamiento-cultural-contell-martinez-arquitectos\/\" \/>\n<meta property=\"og:locale\" content=\"es_ES\" \/>\n<meta property=\"og:type\" content=\"article\" \/>\n<meta property=\"og:title\" content=\"Adaptaci\u00f3n de la Nave 3 del parque central a equipamiento cultural | Contell Mart\u00ednez Arquitectos - veredes\" \/>\n<meta property=\"og:description\" content=\"Toda la informaci\u00f3n sobre: Adaptaci\u00f3n de la Nave 3 del parque central a equipamiento cultural | Contell Mart\u00ednez Arquitectos\" \/>\n<meta property=\"og:url\" content=\"https:\/\/veredes.es\/blog\/adaptacion-de-la-nave-3-del-parque-central-a-equipamiento-cultural-contell-martinez-arquitectos\/\" \/>\n<meta property=\"og:site_name\" content=\"veredes, arquitectura y divulgaci\u00f3n\" \/>\n<meta property=\"article:publisher\" content=\"https:\/\/www.facebook.com\/veredesArquitecturayDivulgacion\/\" \/>\n<meta property=\"article:author\" content=\"https:\/\/www.facebook.com\/veredesArquitecturayDivulgacion\/\" \/>\n<meta property=\"article:published_time\" content=\"2020-09-29T22:01:04+00:00\" \/>\n<meta property=\"og:image\" content=\"https:\/\/veredes.es\/blog\/wp-content\/uploads\/2020\/08\/Adaptaci\u00f3n-de-la-Nave-3-del-parque-central-a-equipamiento-cultural-Contell-Mart\u00ednez-Arquitectos-o22.jpg\" \/>\n\t<meta property=\"og:image:width\" content=\"1200\" \/>\n\t<meta property=\"og:image:height\" content=\"1298\" \/>\n\t<meta property=\"og:image:type\" content=\"image\/jpeg\" \/>\n<meta name=\"author\" content=\"veredes\" \/>\n<meta name=\"twitter:card\" content=\"summary_large_image\" \/>\n<meta name=\"twitter:creator\" content=\"@https:\/\/twitter.com\/veredes\" \/>\n<meta name=\"twitter:site\" content=\"@veredes\" \/>\n<meta name=\"twitter:label1\" content=\"Escrito por\" \/>\n\t<meta name=\"twitter:data1\" content=\"veredes\" \/>\n\t<meta name=\"twitter:label2\" content=\"Tiempo de lectura\" \/>\n\t<meta name=\"twitter:data2\" content=\"5 minutos\" \/>\n<script type=\"application\/ld+json\" class=\"yoast-schema-graph\">{\"@context\":\"https:\\\/\\\/schema.org\",\"@graph\":[{\"@type\":\"Article\",\"@id\":\"https:\\\/\\\/veredes.es\\\/blog\\\/adaptacion-de-la-nave-3-del-parque-central-a-equipamiento-cultural-contell-martinez-arquitectos\\\/#article\",\"isPartOf\":{\"@id\":\"https:\\\/\\\/veredes.es\\\/blog\\\/adaptacion-de-la-nave-3-del-parque-central-a-equipamiento-cultural-contell-martinez-arquitectos\\\/\"},\"author\":{\"name\":\"veredes\",\"@id\":\"https:\\\/\\\/veredes.es\\\/blog\\\/#\\\/schema\\\/person\\\/0bbb669073ef7faba5168a0844e93d2c\"},\"headline\":\"Adaptaci\u00f3n de la Nave 3 del parque central a equipamiento cultural | Contell Mart\u00ednez Arquitectos\",\"datePublished\":\"2020-09-29T22:01:04+00:00\",\"mainEntityOfPage\":{\"@id\":\"https:\\\/\\\/veredes.es\\\/blog\\\/adaptacion-de-la-nave-3-del-parque-central-a-equipamiento-cultural-contell-martinez-arquitectos\\\/\"},\"wordCount\":1040,\"commentCount\":0,\"publisher\":{\"@id\":\"https:\\\/\\\/veredes.es\\\/blog\\\/#organization\"},\"image\":{\"@id\":\"https:\\\/\\\/veredes.es\\\/blog\\\/adaptacion-de-la-nave-3-del-parque-central-a-equipamiento-cultural-contell-martinez-arquitectos\\\/#primaryimage\"},\"thumbnailUrl\":\"https:\\\/\\\/veredes.es\\\/blog\\\/wp-content\\\/uploads\\\/2020\\\/08\\\/Adaptaci\u00f3n-de-la-Nave-3-del-parque-central-a-equipamiento-cultural-Contell-Mart\u00ednez-Arquitectos-o22.jpg\",\"keywords\":[\"arquitectura de ladrillo\",\"arquitectura valenciana\",\"Contell Mart\u00ednez Arquitectos\",\"equipamiento cultural\",\"Juan Miguel Mart\u00ednez\",\"M\u00aa Dolores Contell\",\"nave\",\"patrimonio cultural\",\"patrimonio industrial\",\"rehabilitaci\u00f3n\",\"Valencia\"],\"articleSection\":[\"arquitectura\",\"equipamiento cultural\",\"equipamiento dotacional\",\"equipamiento terciario\",\"obras\",\"slider principal\"],\"inLanguage\":\"es\",\"potentialAction\":[{\"@type\":\"CommentAction\",\"name\":\"Comment\",\"target\":[\"https:\\\/\\\/veredes.es\\\/blog\\\/adaptacion-de-la-nave-3-del-parque-central-a-equipamiento-cultural-contell-martinez-arquitectos\\\/#respond\"]}]},{\"@type\":\"WebPage\",\"@id\":\"https:\\\/\\\/veredes.es\\\/blog\\\/adaptacion-de-la-nave-3-del-parque-central-a-equipamiento-cultural-contell-martinez-arquitectos\\\/\",\"url\":\"https:\\\/\\\/veredes.es\\\/blog\\\/adaptacion-de-la-nave-3-del-parque-central-a-equipamiento-cultural-contell-martinez-arquitectos\\\/\",\"name\":\"Adaptaci\u00f3n de la Nave 3 del parque central a equipamiento cultural | Contell Mart\u00ednez Arquitectos - veredes\",\"isPartOf\":{\"@id\":\"https:\\\/\\\/veredes.es\\\/blog\\\/#website\"},\"primaryImageOfPage\":{\"@id\":\"https:\\\/\\\/veredes.es\\\/blog\\\/adaptacion-de-la-nave-3-del-parque-central-a-equipamiento-cultural-contell-martinez-arquitectos\\\/#primaryimage\"},\"image\":{\"@id\":\"https:\\\/\\\/veredes.es\\\/blog\\\/adaptacion-de-la-nave-3-del-parque-central-a-equipamiento-cultural-contell-martinez-arquitectos\\\/#primaryimage\"},\"thumbnailUrl\":\"https:\\\/\\\/veredes.es\\\/blog\\\/wp-content\\\/uploads\\\/2020\\\/08\\\/Adaptaci\u00f3n-de-la-Nave-3-del-parque-central-a-equipamiento-cultural-Contell-Mart\u00ednez-Arquitectos-o22.jpg\",\"datePublished\":\"2020-09-29T22:01:04+00:00\",\"description\":\"Toda la informaci\u00f3n sobre: Adaptaci\u00f3n de la Nave 3 del parque central a equipamiento cultural | Contell Mart\u00ednez Arquitectos\",\"breadcrumb\":{\"@id\":\"https:\\\/\\\/veredes.es\\\/blog\\\/adaptacion-de-la-nave-3-del-parque-central-a-equipamiento-cultural-contell-martinez-arquitectos\\\/#breadcrumb\"},\"inLanguage\":\"es\",\"potentialAction\":[{\"@type\":\"ReadAction\",\"target\":[\"https:\\\/\\\/veredes.es\\\/blog\\\/adaptacion-de-la-nave-3-del-parque-central-a-equipamiento-cultural-contell-martinez-arquitectos\\\/\"]}]},{\"@type\":\"ImageObject\",\"inLanguage\":\"es\",\"@id\":\"https:\\\/\\\/veredes.es\\\/blog\\\/adaptacion-de-la-nave-3-del-parque-central-a-equipamiento-cultural-contell-martinez-arquitectos\\\/#primaryimage\",\"url\":\"https:\\\/\\\/veredes.es\\\/blog\\\/wp-content\\\/uploads\\\/2020\\\/08\\\/Adaptaci\u00f3n-de-la-Nave-3-del-parque-central-a-equipamiento-cultural-Contell-Mart\u00ednez-Arquitectos-o22.jpg\",\"contentUrl\":\"https:\\\/\\\/veredes.es\\\/blog\\\/wp-content\\\/uploads\\\/2020\\\/08\\\/Adaptaci\u00f3n-de-la-Nave-3-del-parque-central-a-equipamiento-cultural-Contell-Mart\u00ednez-Arquitectos-o22.jpg\",\"width\":1200,\"height\":1298},{\"@type\":\"BreadcrumbList\",\"@id\":\"https:\\\/\\\/veredes.es\\\/blog\\\/adaptacion-de-la-nave-3-del-parque-central-a-equipamiento-cultural-contell-martinez-arquitectos\\\/#breadcrumb\",\"itemListElement\":[{\"@type\":\"ListItem\",\"position\":1,\"name\":\"Portada\",\"item\":\"https:\\\/\\\/veredes.es\\\/blog\\\/\"},{\"@type\":\"ListItem\",\"position\":2,\"name\":\"Adaptaci\u00f3n de la Nave 3 del parque central a equipamiento cultural | Contell Mart\u00ednez Arquitectos\"}]},{\"@type\":\"WebSite\",\"@id\":\"https:\\\/\\\/veredes.es\\\/blog\\\/#website\",\"url\":\"https:\\\/\\\/veredes.es\\\/blog\\\/\",\"name\":\"veredes, arquitectura y divulgaci\u00f3n\",\"description\":\"veredes\",\"publisher\":{\"@id\":\"https:\\\/\\\/veredes.es\\\/blog\\\/#organization\"},\"alternateName\":\"veredes\",\"potentialAction\":[{\"@type\":\"SearchAction\",\"target\":{\"@type\":\"EntryPoint\",\"urlTemplate\":\"https:\\\/\\\/veredes.es\\\/blog\\\/?s={search_term_string}\"},\"query-input\":{\"@type\":\"PropertyValueSpecification\",\"valueRequired\":true,\"valueName\":\"search_term_string\"}}],\"inLanguage\":\"es\"},{\"@type\":\"Organization\",\"@id\":\"https:\\\/\\\/veredes.es\\\/blog\\\/#organization\",\"name\":\"veredes, arquitectura y divulgaci\u00f3n\",\"alternateName\":\"veredes\",\"url\":\"https:\\\/\\\/veredes.es\\\/blog\\\/\",\"logo\":{\"@type\":\"ImageObject\",\"inLanguage\":\"es\",\"@id\":\"https:\\\/\\\/veredes.es\\\/blog\\\/#\\\/schema\\\/logo\\\/image\\\/\",\"url\":\"https:\\\/\\\/veredes.es\\\/blog\\\/wp-content\\\/uploads\\\/2021\\\/12\\\/veredes-logo-centrado_140x54.png\",\"contentUrl\":\"https:\\\/\\\/veredes.es\\\/blog\\\/wp-content\\\/uploads\\\/2021\\\/12\\\/veredes-logo-centrado_140x54.png\",\"width\":140,\"height\":54,\"caption\":\"veredes, arquitectura y divulgaci\u00f3n\"},\"image\":{\"@id\":\"https:\\\/\\\/veredes.es\\\/blog\\\/#\\\/schema\\\/logo\\\/image\\\/\"},\"sameAs\":[\"https:\\\/\\\/www.facebook.com\\\/veredesArquitecturayDivulgacion\\\/\",\"https:\\\/\\\/x.com\\\/veredes\",\"https:\\\/\\\/instagram.com\\\/veredes\\\/\",\"https:\\\/\\\/www.linkedin.com\\\/company\\\/veredes-arquitectura-y-divulgacion\\\/\",\"https:\\\/\\\/es.pinterest.com\\\/veredes\\\/\",\"https:\\\/\\\/www.tumblr.com\\\/veredes\"]},{\"@type\":\"Person\",\"@id\":\"https:\\\/\\\/veredes.es\\\/blog\\\/#\\\/schema\\\/person\\\/0bbb669073ef7faba5168a0844e93d2c\",\"name\":\"veredes\",\"image\":{\"@type\":\"ImageObject\",\"inLanguage\":\"es\",\"@id\":\"https:\\\/\\\/veredes.es\\\/blog\\\/wp-content\\\/uploads\\\/2018\\\/04\\\/face-96x96.jpg\",\"url\":\"https:\\\/\\\/veredes.es\\\/blog\\\/wp-content\\\/uploads\\\/2018\\\/04\\\/face-96x96.jpg\",\"contentUrl\":\"https:\\\/\\\/veredes.es\\\/blog\\\/wp-content\\\/uploads\\\/2018\\\/04\\\/face-96x96.jpg\",\"caption\":\"veredes\"},\"description\":\"Surge enero de 2009 como b\u00fasqueda de satisfacer el conocimiento de la actividad arquitect\u00f3nica y tangentes que se generan. La idea es crear un espacio para divulgar los diversos proyectos en busca de nueva inspiraci\u00f3n y de intercambio.\",\"sameAs\":[\"https:\\\/\\\/veredes.es\\\/\",\"https:\\\/\\\/www.facebook.com\\\/veredesArquitecturayDivulgacion\\\/\",\"https:\\\/\\\/www.instagram.com\\\/veredes\\\/\",\"https:\\\/\\\/www.linkedin.com\\\/company\\\/veredes-arquitectura-y-divulgacion\\\/\",\"https:\\\/\\\/www.pinterest.es\\\/veredes\\\/\",\"https:\\\/\\\/x.com\\\/https:\\\/\\\/twitter.com\\\/veredes\",\"https:\\\/\\\/veredes.tumblr.com\\\/\"],\"url\":\"https:\\\/\\\/veredes.es\\\/blog\\\/author\\\/alberto\\\/\"}]}<\/script>\n<!-- \/ Yoast SEO plugin. -->","yoast_head_json":{"title":"Adaptaci\u00f3n de la Nave 3 del parque central a equipamiento cultural | Contell Mart\u00ednez Arquitectos - veredes","description":"Toda la informaci\u00f3n sobre: Adaptaci\u00f3n de la Nave 3 del parque central a equipamiento cultural | Contell Mart\u00ednez Arquitectos","robots":{"index":"index","follow":"follow","max-snippet":"max-snippet:-1","max-image-preview":"max-image-preview:large","max-video-preview":"max-video-preview:-1"},"canonical":"https:\/\/veredes.es\/blog\/adaptacion-de-la-nave-3-del-parque-central-a-equipamiento-cultural-contell-martinez-arquitectos\/","og_locale":"es_ES","og_type":"article","og_title":"Adaptaci\u00f3n de la Nave 3 del parque central a equipamiento cultural | Contell Mart\u00ednez Arquitectos - veredes","og_description":"Toda la informaci\u00f3n sobre: Adaptaci\u00f3n de la Nave 3 del parque central a equipamiento cultural | Contell Mart\u00ednez Arquitectos","og_url":"https:\/\/veredes.es\/blog\/adaptacion-de-la-nave-3-del-parque-central-a-equipamiento-cultural-contell-martinez-arquitectos\/","og_site_name":"veredes, arquitectura y divulgaci\u00f3n","article_publisher":"https:\/\/www.facebook.com\/veredesArquitecturayDivulgacion\/","article_author":"https:\/\/www.facebook.com\/veredesArquitecturayDivulgacion\/","article_published_time":"2020-09-29T22:01:04+00:00","og_image":[{"width":1200,"height":1298,"url":"https:\/\/veredes.es\/blog\/wp-content\/uploads\/2020\/08\/Adaptaci\u00f3n-de-la-Nave-3-del-parque-central-a-equipamiento-cultural-Contell-Mart\u00ednez-Arquitectos-o22.jpg","type":"image\/jpeg"}],"author":"veredes","twitter_card":"summary_large_image","twitter_creator":"@https:\/\/twitter.com\/veredes","twitter_site":"@veredes","twitter_misc":{"Escrito por":"veredes","Tiempo de lectura":"5 minutos"},"schema":{"@context":"https:\/\/schema.org","@graph":[{"@type":"Article","@id":"https:\/\/veredes.es\/blog\/adaptacion-de-la-nave-3-del-parque-central-a-equipamiento-cultural-contell-martinez-arquitectos\/#article","isPartOf":{"@id":"https:\/\/veredes.es\/blog\/adaptacion-de-la-nave-3-del-parque-central-a-equipamiento-cultural-contell-martinez-arquitectos\/"},"author":{"name":"veredes","@id":"https:\/\/veredes.es\/blog\/#\/schema\/person\/0bbb669073ef7faba5168a0844e93d2c"},"headline":"Adaptaci\u00f3n de la Nave 3 del parque central a equipamiento cultural | Contell Mart\u00ednez Arquitectos","datePublished":"2020-09-29T22:01:04+00:00","mainEntityOfPage":{"@id":"https:\/\/veredes.es\/blog\/adaptacion-de-la-nave-3-del-parque-central-a-equipamiento-cultural-contell-martinez-arquitectos\/"},"wordCount":1040,"commentCount":0,"publisher":{"@id":"https:\/\/veredes.es\/blog\/#organization"},"image":{"@id":"https:\/\/veredes.es\/blog\/adaptacion-de-la-nave-3-del-parque-central-a-equipamiento-cultural-contell-martinez-arquitectos\/#primaryimage"},"thumbnailUrl":"https:\/\/veredes.es\/blog\/wp-content\/uploads\/2020\/08\/Adaptaci\u00f3n-de-la-Nave-3-del-parque-central-a-equipamiento-cultural-Contell-Mart\u00ednez-Arquitectos-o22.jpg","keywords":["arquitectura de ladrillo","arquitectura valenciana","Contell Mart\u00ednez Arquitectos","equipamiento cultural","Juan Miguel Mart\u00ednez","M\u00aa Dolores Contell","nave","patrimonio cultural","patrimonio industrial","rehabilitaci\u00f3n","Valencia"],"articleSection":["arquitectura","equipamiento cultural","equipamiento dotacional","equipamiento terciario","obras","slider principal"],"inLanguage":"es","potentialAction":[{"@type":"CommentAction","name":"Comment","target":["https:\/\/veredes.es\/blog\/adaptacion-de-la-nave-3-del-parque-central-a-equipamiento-cultural-contell-martinez-arquitectos\/#respond"]}]},{"@type":"WebPage","@id":"https:\/\/veredes.es\/blog\/adaptacion-de-la-nave-3-del-parque-central-a-equipamiento-cultural-contell-martinez-arquitectos\/","url":"https:\/\/veredes.es\/blog\/adaptacion-de-la-nave-3-del-parque-central-a-equipamiento-cultural-contell-martinez-arquitectos\/","name":"Adaptaci\u00f3n de la Nave 3 del parque central a equipamiento cultural | Contell Mart\u00ednez Arquitectos - veredes","isPartOf":{"@id":"https:\/\/veredes.es\/blog\/#website"},"primaryImageOfPage":{"@id":"https:\/\/veredes.es\/blog\/adaptacion-de-la-nave-3-del-parque-central-a-equipamiento-cultural-contell-martinez-arquitectos\/#primaryimage"},"image":{"@id":"https:\/\/veredes.es\/blog\/adaptacion-de-la-nave-3-del-parque-central-a-equipamiento-cultural-contell-martinez-arquitectos\/#primaryimage"},"thumbnailUrl":"https:\/\/veredes.es\/blog\/wp-content\/uploads\/2020\/08\/Adaptaci\u00f3n-de-la-Nave-3-del-parque-central-a-equipamiento-cultural-Contell-Mart\u00ednez-Arquitectos-o22.jpg","datePublished":"2020-09-29T22:01:04+00:00","description":"Toda la informaci\u00f3n sobre: Adaptaci\u00f3n de la Nave 3 del parque central a equipamiento cultural | Contell Mart\u00ednez Arquitectos","breadcrumb":{"@id":"https:\/\/veredes.es\/blog\/adaptacion-de-la-nave-3-del-parque-central-a-equipamiento-cultural-contell-martinez-arquitectos\/#breadcrumb"},"inLanguage":"es","potentialAction":[{"@type":"ReadAction","target":["https:\/\/veredes.es\/blog\/adaptacion-de-la-nave-3-del-parque-central-a-equipamiento-cultural-contell-martinez-arquitectos\/"]}]},{"@type":"ImageObject","inLanguage":"es","@id":"https:\/\/veredes.es\/blog\/adaptacion-de-la-nave-3-del-parque-central-a-equipamiento-cultural-contell-martinez-arquitectos\/#primaryimage","url":"https:\/\/veredes.es\/blog\/wp-content\/uploads\/2020\/08\/Adaptaci\u00f3n-de-la-Nave-3-del-parque-central-a-equipamiento-cultural-Contell-Mart\u00ednez-Arquitectos-o22.jpg","contentUrl":"https:\/\/veredes.es\/blog\/wp-content\/uploads\/2020\/08\/Adaptaci\u00f3n-de-la-Nave-3-del-parque-central-a-equipamiento-cultural-Contell-Mart\u00ednez-Arquitectos-o22.jpg","width":1200,"height":1298},{"@type":"BreadcrumbList","@id":"https:\/\/veredes.es\/blog\/adaptacion-de-la-nave-3-del-parque-central-a-equipamiento-cultural-contell-martinez-arquitectos\/#breadcrumb","itemListElement":[{"@type":"ListItem","position":1,"name":"Portada","item":"https:\/\/veredes.es\/blog\/"},{"@type":"ListItem","position":2,"name":"Adaptaci\u00f3n de la Nave 3 del parque central a equipamiento cultural | Contell Mart\u00ednez Arquitectos"}]},{"@type":"WebSite","@id":"https:\/\/veredes.es\/blog\/#website","url":"https:\/\/veredes.es\/blog\/","name":"veredes, arquitectura y divulgaci\u00f3n","description":"veredes","publisher":{"@id":"https:\/\/veredes.es\/blog\/#organization"},"alternateName":"veredes","potentialAction":[{"@type":"SearchAction","target":{"@type":"EntryPoint","urlTemplate":"https:\/\/veredes.es\/blog\/?s={search_term_string}"},"query-input":{"@type":"PropertyValueSpecification","valueRequired":true,"valueName":"search_term_string"}}],"inLanguage":"es"},{"@type":"Organization","@id":"https:\/\/veredes.es\/blog\/#organization","name":"veredes, arquitectura y divulgaci\u00f3n","alternateName":"veredes","url":"https:\/\/veredes.es\/blog\/","logo":{"@type":"ImageObject","inLanguage":"es","@id":"https:\/\/veredes.es\/blog\/#\/schema\/logo\/image\/","url":"https:\/\/veredes.es\/blog\/wp-content\/uploads\/2021\/12\/veredes-logo-centrado_140x54.png","contentUrl":"https:\/\/veredes.es\/blog\/wp-content\/uploads\/2021\/12\/veredes-logo-centrado_140x54.png","width":140,"height":54,"caption":"veredes, arquitectura y divulgaci\u00f3n"},"image":{"@id":"https:\/\/veredes.es\/blog\/#\/schema\/logo\/image\/"},"sameAs":["https:\/\/www.facebook.com\/veredesArquitecturayDivulgacion\/","https:\/\/x.com\/veredes","https:\/\/instagram.com\/veredes\/","https:\/\/www.linkedin.com\/company\/veredes-arquitectura-y-divulgacion\/","https:\/\/es.pinterest.com\/veredes\/","https:\/\/www.tumblr.com\/veredes"]},{"@type":"Person","@id":"https:\/\/veredes.es\/blog\/#\/schema\/person\/0bbb669073ef7faba5168a0844e93d2c","name":"veredes","image":{"@type":"ImageObject","inLanguage":"es","@id":"https:\/\/veredes.es\/blog\/wp-content\/uploads\/2018\/04\/face-96x96.jpg","url":"https:\/\/veredes.es\/blog\/wp-content\/uploads\/2018\/04\/face-96x96.jpg","contentUrl":"https:\/\/veredes.es\/blog\/wp-content\/uploads\/2018\/04\/face-96x96.jpg","caption":"veredes"},"description":"Surge enero de 2009 como b\u00fasqueda de satisfacer el conocimiento de la actividad arquitect\u00f3nica y tangentes que se generan. La idea es crear un espacio para divulgar los diversos proyectos en busca de nueva inspiraci\u00f3n y de intercambio.","sameAs":["https:\/\/veredes.es\/","https:\/\/www.facebook.com\/veredesArquitecturayDivulgacion\/","https:\/\/www.instagram.com\/veredes\/","https:\/\/www.linkedin.com\/company\/veredes-arquitectura-y-divulgacion\/","https:\/\/www.pinterest.es\/veredes\/","https:\/\/x.com\/https:\/\/twitter.com\/veredes","https:\/\/veredes.tumblr.com\/"],"url":"https:\/\/veredes.es\/blog\/author\/alberto\/"}]}},"_links":{"self":[{"href":"https:\/\/veredes.es\/blog\/wp-json\/wp\/v2\/posts\/80987","targetHints":{"allow":["GET"]}}],"collection":[{"href":"https:\/\/veredes.es\/blog\/wp-json\/wp\/v2\/posts"}],"about":[{"href":"https:\/\/veredes.es\/blog\/wp-json\/wp\/v2\/types\/post"}],"author":[{"embeddable":true,"href":"https:\/\/veredes.es\/blog\/wp-json\/wp\/v2\/users\/2"}],"replies":[{"embeddable":true,"href":"https:\/\/veredes.es\/blog\/wp-json\/wp\/v2\/comments?post=80987"}],"version-history":[{"count":0,"href":"https:\/\/veredes.es\/blog\/wp-json\/wp\/v2\/posts\/80987\/revisions"}],"wp:featuredmedia":[{"embeddable":true,"href":"https:\/\/veredes.es\/blog\/wp-json\/wp\/v2\/media\/81009"}],"wp:attachment":[{"href":"https:\/\/veredes.es\/blog\/wp-json\/wp\/v2\/media?parent=80987"}],"wp:term":[{"taxonomy":"category","embeddable":true,"href":"https:\/\/veredes.es\/blog\/wp-json\/wp\/v2\/categories?post=80987"},{"taxonomy":"post_tag","embeddable":true,"href":"https:\/\/veredes.es\/blog\/wp-json\/wp\/v2\/tags?post=80987"}],"curies":[{"name":"wp","href":"https:\/\/api.w.org\/{rel}","templated":true}]}}