{"id":80822,"date":"2020-09-23T00:01:51","date_gmt":"2020-09-22T22:01:51","guid":{"rendered":"https:\/\/veredes.es\/blog\/?p=80822"},"modified":"2020-09-23T09:04:07","modified_gmt":"2020-09-23T07:04:07","slug":"yellow-is-the-new-white-conjuntos-empatico","status":"publish","type":"post","link":"https:\/\/veredes.es\/blog\/yellow-is-the-new-white-conjuntos-empatico\/","title":{"rendered":"Yellow is the new white | Conjuntos Emp\u00e1ticos"},"content":{"rendered":"<p style=\"text-align: justify;\">Este pabell\u00f3n, localizado en el exterior, form\u00f3 parte del festival de arte <a href=\"http:\/\/cohetetoledo.com\/\" target=\"_blank\" rel=\"noopener noreferrer\">Cohete Toledo<\/a>, en su edici\u00f3n de 2018. Con su instalaci\u00f3n, pretende visibilizar un espacio vac\u00edo, sin uso, en el Parque del Tr\u00e1nsito, porque todo lugar, por muy predispuesto que pueda parecer a su uso, no es m\u00e1s que una in-atm\u00f3sfera en ausencia de elementos que faciliten su apropiaci\u00f3n.<\/p>\n<p><img loading=\"lazy\" decoding=\"async\" class=\"alignnone size-large wp-image-80829\" src=\"https:\/\/veredes.es\/blog\/wp-content\/uploads\/2020\/09\/Yellow-is-the-new-white-Conjuntos-Emp\u00e1tico-o5-768x1024.jpg\" alt=\"\" width=\"640\" height=\"853\" srcset=\"https:\/\/veredes.es\/blog\/wp-content\/uploads\/2020\/09\/Yellow-is-the-new-white-Conjuntos-Emp\u00e1tico-o5-768x1024.jpg 768w, https:\/\/veredes.es\/blog\/wp-content\/uploads\/2020\/09\/Yellow-is-the-new-white-Conjuntos-Emp\u00e1tico-o5-225x300.jpg 225w, https:\/\/veredes.es\/blog\/wp-content\/uploads\/2020\/09\/Yellow-is-the-new-white-Conjuntos-Emp\u00e1tico-o5-1152x1536.jpg 1152w, https:\/\/veredes.es\/blog\/wp-content\/uploads\/2020\/09\/Yellow-is-the-new-white-Conjuntos-Emp\u00e1tico-o5.jpg 1200w\" sizes=\"auto, (max-width: 640px) 100vw, 640px\" \/><\/p>\n<p style=\"text-align: justify;\">En numerosas ocasiones hacemos referencia a los espacios de encuentro como entornos convergentes o circulares, en los que los usuarios pueden aglutinarse y establecer v\u00ednculos visuales, verbales, etc. No obstante, reivindicamos la l\u00ednea como espacio a recuperar de movimiento y acci\u00f3n, capaz de reunir diversos usos que no giren entorno \u00fanicamente al de caminar o correr. Se propone as\u00ed la construcci\u00f3n de un espacio de reuni\u00f3n para el exterior o interior, con un patr\u00f3n lo suficientemente gen\u00e9rico como para adaptarse a diferentes morfolog\u00edas, capaces de generar acciones que propicien la activaci\u00f3n de espacios poco usados o mal usamos. En este sentido, se produce un objeto de arquitectura neum\u00e1tica con polietileno de galga 200 mediante soldadura, por medio de planchas de calor, y t\u00e9cnica de adhesi\u00f3n en seco.<\/p>\n<p style=\"text-align: justify;\">As\u00ed, este nuevo artefacto funciona a modo de articulador del espacio de la ciudad, que cose los distintos tejidos que nos encontramos inconexos. Estas intervenciones se llevan a cabo, por tanto, en lugares poco transitados o no dise\u00f1ados espec\u00edficamente para una funci\u00f3n, siendo capaces de generar una atracci\u00f3n de aforo y fomentar actividades de socializaci\u00f3n que permitan procesos de empoderamiento y esparcimiento del p\u00fablico, entendiendo que los usuarios pueden percibir la realidad superando vicios culturales y siendo capaces de imaginar nuevos usos mediante el extra\u00f1amiento producido por elementos localizados en estas zonas de oportunidad. Se conforma as\u00ed el espacio colectivo entendido como \u00e1reas de encuentro comunitario, independientemente de las caracter\u00edsticas de la propiedad que lo posea, sabiendo que puede ser p\u00fablica o privada. Es decir, nuestro entorno de inter\u00e9s\/actuaci\u00f3n ya no es el espacio de propiedad p\u00fablica, sino aquellos escenarios con condiciones favorables a las acciones de la comunidad.<\/p>\n<div id='gallery-1' class='gallery galleryid-80822 gallery-columns-4 gallery-size-thumbnail'><figure class='gallery-item'>\n\t\t\t<div class='gallery-icon landscape'>\n\t\t\t\t<a href='https:\/\/veredes.es\/blog\/wp-content\/uploads\/2020\/09\/Yellow-is-the-new-white-Conjuntos-Emp\u00e1tico-o4-Axonometria.jpg'><img loading=\"lazy\" decoding=\"async\" width=\"120\" height=\"120\" src=\"https:\/\/veredes.es\/blog\/wp-content\/uploads\/2020\/09\/Yellow-is-the-new-white-Conjuntos-Emp\u00e1tico-o4-Axonometria-120x120.jpg\" class=\"attachment-thumbnail size-thumbnail\" alt=\"\" srcset=\"https:\/\/veredes.es\/blog\/wp-content\/uploads\/2020\/09\/Yellow-is-the-new-white-Conjuntos-Emp\u00e1tico-o4-Axonometria-120x120.jpg 120w, https:\/\/veredes.es\/blog\/wp-content\/uploads\/2020\/09\/Yellow-is-the-new-white-Conjuntos-Emp\u00e1tico-o4-Axonometria-150x150.jpg 150w\" sizes=\"auto, (max-width: 120px) 100vw, 120px\" \/><\/a>\n\t\t\t<\/div><\/figure><figure class='gallery-item'>\n\t\t\t<div class='gallery-icon landscape'>\n\t\t\t\t<a href='https:\/\/veredes.es\/blog\/wp-content\/uploads\/2020\/09\/Yellow-is-the-new-white-Conjuntos-Emp\u00e1tico-o1-Planta.jpg'><img loading=\"lazy\" decoding=\"async\" width=\"120\" height=\"120\" src=\"https:\/\/veredes.es\/blog\/wp-content\/uploads\/2020\/09\/Yellow-is-the-new-white-Conjuntos-Emp\u00e1tico-o1-Planta-120x120.jpg\" class=\"attachment-thumbnail size-thumbnail\" alt=\"\" srcset=\"https:\/\/veredes.es\/blog\/wp-content\/uploads\/2020\/09\/Yellow-is-the-new-white-Conjuntos-Emp\u00e1tico-o1-Planta-120x120.jpg 120w, https:\/\/veredes.es\/blog\/wp-content\/uploads\/2020\/09\/Yellow-is-the-new-white-Conjuntos-Emp\u00e1tico-o1-Planta-150x150.jpg 150w\" sizes=\"auto, (max-width: 120px) 100vw, 120px\" \/><\/a>\n\t\t\t<\/div><\/figure><figure class='gallery-item'>\n\t\t\t<div class='gallery-icon landscape'>\n\t\t\t\t<a href='https:\/\/veredes.es\/blog\/wp-content\/uploads\/2020\/09\/Yellow-is-the-new-white-Conjuntos-Emp\u00e1tico-o2-Seccion-Longitudinal.jpg'><img loading=\"lazy\" decoding=\"async\" width=\"120\" height=\"120\" src=\"https:\/\/veredes.es\/blog\/wp-content\/uploads\/2020\/09\/Yellow-is-the-new-white-Conjuntos-Emp\u00e1tico-o2-Seccion-Longitudinal-120x120.jpg\" class=\"attachment-thumbnail size-thumbnail\" alt=\"\" srcset=\"https:\/\/veredes.es\/blog\/wp-content\/uploads\/2020\/09\/Yellow-is-the-new-white-Conjuntos-Emp\u00e1tico-o2-Seccion-Longitudinal-120x120.jpg 120w, https:\/\/veredes.es\/blog\/wp-content\/uploads\/2020\/09\/Yellow-is-the-new-white-Conjuntos-Emp\u00e1tico-o2-Seccion-Longitudinal-150x150.jpg 150w\" sizes=\"auto, (max-width: 120px) 100vw, 120px\" \/><\/a>\n\t\t\t<\/div><\/figure><figure class='gallery-item'>\n\t\t\t<div class='gallery-icon landscape'>\n\t\t\t\t<a href='https:\/\/veredes.es\/blog\/wp-content\/uploads\/2020\/09\/Yellow-is-the-new-white-Conjuntos-Emp\u00e1tico-o3-Seccion-Transversal.jpg'><img loading=\"lazy\" decoding=\"async\" width=\"120\" height=\"120\" src=\"https:\/\/veredes.es\/blog\/wp-content\/uploads\/2020\/09\/Yellow-is-the-new-white-Conjuntos-Emp\u00e1tico-o3-Seccion-Transversal-120x120.jpg\" class=\"attachment-thumbnail size-thumbnail\" alt=\"\" srcset=\"https:\/\/veredes.es\/blog\/wp-content\/uploads\/2020\/09\/Yellow-is-the-new-white-Conjuntos-Emp\u00e1tico-o3-Seccion-Transversal-120x120.jpg 120w, https:\/\/veredes.es\/blog\/wp-content\/uploads\/2020\/09\/Yellow-is-the-new-white-Conjuntos-Emp\u00e1tico-o3-Seccion-Transversal-150x150.jpg 150w\" sizes=\"auto, (max-width: 120px) 100vw, 120px\" \/><\/a>\n\t\t\t<\/div><\/figure><figure class='gallery-item'>\n\t\t\t<div class='gallery-icon portrait'>\n\t\t\t\t<a href='https:\/\/veredes.es\/blog\/wp-content\/uploads\/2020\/09\/Yellow-is-the-new-white-Conjuntos-Emp\u00e1tico-o5.jpg'><img loading=\"lazy\" decoding=\"async\" width=\"120\" height=\"120\" src=\"https:\/\/veredes.es\/blog\/wp-content\/uploads\/2020\/09\/Yellow-is-the-new-white-Conjuntos-Emp\u00e1tico-o5-120x120.jpg\" class=\"attachment-thumbnail size-thumbnail\" alt=\"\" srcset=\"https:\/\/veredes.es\/blog\/wp-content\/uploads\/2020\/09\/Yellow-is-the-new-white-Conjuntos-Emp\u00e1tico-o5-120x120.jpg 120w, https:\/\/veredes.es\/blog\/wp-content\/uploads\/2020\/09\/Yellow-is-the-new-white-Conjuntos-Emp\u00e1tico-o5-150x150.jpg 150w\" sizes=\"auto, (max-width: 120px) 100vw, 120px\" \/><\/a>\n\t\t\t<\/div><\/figure><figure class='gallery-item'>\n\t\t\t<div class='gallery-icon portrait'>\n\t\t\t\t<a href='https:\/\/veredes.es\/blog\/wp-content\/uploads\/2020\/09\/Yellow-is-the-new-white-Conjuntos-Emp\u00e1tico-o6.jpg'><img loading=\"lazy\" decoding=\"async\" width=\"120\" height=\"120\" src=\"https:\/\/veredes.es\/blog\/wp-content\/uploads\/2020\/09\/Yellow-is-the-new-white-Conjuntos-Emp\u00e1tico-o6-120x120.jpg\" class=\"attachment-thumbnail size-thumbnail\" alt=\"\" srcset=\"https:\/\/veredes.es\/blog\/wp-content\/uploads\/2020\/09\/Yellow-is-the-new-white-Conjuntos-Emp\u00e1tico-o6-120x120.jpg 120w, https:\/\/veredes.es\/blog\/wp-content\/uploads\/2020\/09\/Yellow-is-the-new-white-Conjuntos-Emp\u00e1tico-o6-150x150.jpg 150w\" sizes=\"auto, (max-width: 120px) 100vw, 120px\" \/><\/a>\n\t\t\t<\/div><\/figure><figure class='gallery-item'>\n\t\t\t<div class='gallery-icon portrait'>\n\t\t\t\t<a href='https:\/\/veredes.es\/blog\/wp-content\/uploads\/2020\/09\/Yellow-is-the-new-white-Conjuntos-Emp\u00e1tico-o7.jpg'><img loading=\"lazy\" decoding=\"async\" width=\"120\" height=\"120\" src=\"https:\/\/veredes.es\/blog\/wp-content\/uploads\/2020\/09\/Yellow-is-the-new-white-Conjuntos-Emp\u00e1tico-o7-120x120.jpg\" class=\"attachment-thumbnail size-thumbnail\" alt=\"\" srcset=\"https:\/\/veredes.es\/blog\/wp-content\/uploads\/2020\/09\/Yellow-is-the-new-white-Conjuntos-Emp\u00e1tico-o7-120x120.jpg 120w, https:\/\/veredes.es\/blog\/wp-content\/uploads\/2020\/09\/Yellow-is-the-new-white-Conjuntos-Emp\u00e1tico-o7-150x150.jpg 150w\" sizes=\"auto, (max-width: 120px) 100vw, 120px\" \/><\/a>\n\t\t\t<\/div><\/figure><figure class='gallery-item'>\n\t\t\t<div class='gallery-icon portrait'>\n\t\t\t\t<a href='https:\/\/veredes.es\/blog\/wp-content\/uploads\/2020\/09\/Yellow-is-the-new-white-Conjuntos-Emp\u00e1tico-o8.jpg'><img loading=\"lazy\" decoding=\"async\" width=\"120\" height=\"120\" src=\"https:\/\/veredes.es\/blog\/wp-content\/uploads\/2020\/09\/Yellow-is-the-new-white-Conjuntos-Emp\u00e1tico-o8-120x120.jpg\" class=\"attachment-thumbnail size-thumbnail\" alt=\"\" srcset=\"https:\/\/veredes.es\/blog\/wp-content\/uploads\/2020\/09\/Yellow-is-the-new-white-Conjuntos-Emp\u00e1tico-o8-120x120.jpg 120w, https:\/\/veredes.es\/blog\/wp-content\/uploads\/2020\/09\/Yellow-is-the-new-white-Conjuntos-Emp\u00e1tico-o8-150x150.jpg 150w\" sizes=\"auto, (max-width: 120px) 100vw, 120px\" \/><\/a>\n\t\t\t<\/div><\/figure><figure class='gallery-item'>\n\t\t\t<div class='gallery-icon landscape'>\n\t\t\t\t<a href='https:\/\/veredes.es\/blog\/wp-content\/uploads\/2020\/09\/Yellow-is-the-new-white-Conjuntos-Emp\u00e1tico-o9.jpg'><img loading=\"lazy\" decoding=\"async\" width=\"120\" height=\"120\" src=\"https:\/\/veredes.es\/blog\/wp-content\/uploads\/2020\/09\/Yellow-is-the-new-white-Conjuntos-Emp\u00e1tico-o9-120x120.jpg\" class=\"attachment-thumbnail size-thumbnail\" alt=\"\" srcset=\"https:\/\/veredes.es\/blog\/wp-content\/uploads\/2020\/09\/Yellow-is-the-new-white-Conjuntos-Emp\u00e1tico-o9-120x120.jpg 120w, https:\/\/veredes.es\/blog\/wp-content\/uploads\/2020\/09\/Yellow-is-the-new-white-Conjuntos-Emp\u00e1tico-o9-150x150.jpg 150w\" sizes=\"auto, (max-width: 120px) 100vw, 120px\" \/><\/a>\n\t\t\t<\/div><\/figure><figure class='gallery-item'>\n\t\t\t<div class='gallery-icon landscape'>\n\t\t\t\t<a href='https:\/\/veredes.es\/blog\/wp-content\/uploads\/2020\/09\/Yellow-is-the-new-white-Conjuntos-Emp\u00e1tico-o10.jpg'><img loading=\"lazy\" decoding=\"async\" width=\"120\" height=\"120\" src=\"https:\/\/veredes.es\/blog\/wp-content\/uploads\/2020\/09\/Yellow-is-the-new-white-Conjuntos-Emp\u00e1tico-o10-120x120.jpg\" class=\"attachment-thumbnail size-thumbnail\" alt=\"\" srcset=\"https:\/\/veredes.es\/blog\/wp-content\/uploads\/2020\/09\/Yellow-is-the-new-white-Conjuntos-Emp\u00e1tico-o10-120x120.jpg 120w, https:\/\/veredes.es\/blog\/wp-content\/uploads\/2020\/09\/Yellow-is-the-new-white-Conjuntos-Emp\u00e1tico-o10-150x150.jpg 150w\" sizes=\"auto, (max-width: 120px) 100vw, 120px\" \/><\/a>\n\t\t\t<\/div><\/figure><figure class='gallery-item'>\n\t\t\t<div class='gallery-icon landscape'>\n\t\t\t\t<a href='https:\/\/veredes.es\/blog\/wp-content\/uploads\/2020\/09\/Yellow-is-the-new-white-Conjuntos-Emp\u00e1tico-o11.jpg'><img loading=\"lazy\" decoding=\"async\" width=\"120\" height=\"120\" src=\"https:\/\/veredes.es\/blog\/wp-content\/uploads\/2020\/09\/Yellow-is-the-new-white-Conjuntos-Emp\u00e1tico-o11-120x120.jpg\" class=\"attachment-thumbnail size-thumbnail\" alt=\"\" srcset=\"https:\/\/veredes.es\/blog\/wp-content\/uploads\/2020\/09\/Yellow-is-the-new-white-Conjuntos-Emp\u00e1tico-o11-120x120.jpg 120w, https:\/\/veredes.es\/blog\/wp-content\/uploads\/2020\/09\/Yellow-is-the-new-white-Conjuntos-Emp\u00e1tico-o11-150x150.jpg 150w\" sizes=\"auto, (max-width: 120px) 100vw, 120px\" \/><\/a>\n\t\t\t<\/div><\/figure><figure class='gallery-item'>\n\t\t\t<div class='gallery-icon landscape'>\n\t\t\t\t<a href='https:\/\/veredes.es\/blog\/wp-content\/uploads\/2020\/09\/Yellow-is-the-new-white-Conjuntos-Emp\u00e1tico-o12.jpg'><img loading=\"lazy\" decoding=\"async\" width=\"120\" height=\"120\" src=\"https:\/\/veredes.es\/blog\/wp-content\/uploads\/2020\/09\/Yellow-is-the-new-white-Conjuntos-Emp\u00e1tico-o12-120x120.jpg\" class=\"attachment-thumbnail size-thumbnail\" alt=\"\" srcset=\"https:\/\/veredes.es\/blog\/wp-content\/uploads\/2020\/09\/Yellow-is-the-new-white-Conjuntos-Emp\u00e1tico-o12-120x120.jpg 120w, https:\/\/veredes.es\/blog\/wp-content\/uploads\/2020\/09\/Yellow-is-the-new-white-Conjuntos-Emp\u00e1tico-o12-300x300.jpg 300w, https:\/\/veredes.es\/blog\/wp-content\/uploads\/2020\/09\/Yellow-is-the-new-white-Conjuntos-Emp\u00e1tico-o12-1024x1024.jpg 1024w, https:\/\/veredes.es\/blog\/wp-content\/uploads\/2020\/09\/Yellow-is-the-new-white-Conjuntos-Emp\u00e1tico-o12-150x150.jpg 150w, https:\/\/veredes.es\/blog\/wp-content\/uploads\/2020\/09\/Yellow-is-the-new-white-Conjuntos-Emp\u00e1tico-o12.jpg 1200w\" sizes=\"auto, (max-width: 120px) 100vw, 120px\" \/><\/a>\n\t\t\t<\/div><\/figure><figure class='gallery-item'>\n\t\t\t<div class='gallery-icon landscape'>\n\t\t\t\t<a href='https:\/\/veredes.es\/blog\/wp-content\/uploads\/2020\/09\/Yellow-is-the-new-white-Conjuntos-Emp\u00e1tico-o13.jpg'><img loading=\"lazy\" decoding=\"async\" width=\"120\" height=\"120\" src=\"https:\/\/veredes.es\/blog\/wp-content\/uploads\/2020\/09\/Yellow-is-the-new-white-Conjuntos-Emp\u00e1tico-o13-120x120.jpg\" class=\"attachment-thumbnail size-thumbnail\" alt=\"\" srcset=\"https:\/\/veredes.es\/blog\/wp-content\/uploads\/2020\/09\/Yellow-is-the-new-white-Conjuntos-Emp\u00e1tico-o13-120x120.jpg 120w, https:\/\/veredes.es\/blog\/wp-content\/uploads\/2020\/09\/Yellow-is-the-new-white-Conjuntos-Emp\u00e1tico-o13-300x300.jpg 300w, https:\/\/veredes.es\/blog\/wp-content\/uploads\/2020\/09\/Yellow-is-the-new-white-Conjuntos-Emp\u00e1tico-o13-1024x1024.jpg 1024w, https:\/\/veredes.es\/blog\/wp-content\/uploads\/2020\/09\/Yellow-is-the-new-white-Conjuntos-Emp\u00e1tico-o13-150x150.jpg 150w, https:\/\/veredes.es\/blog\/wp-content\/uploads\/2020\/09\/Yellow-is-the-new-white-Conjuntos-Emp\u00e1tico-o13.jpg 1200w\" sizes=\"auto, (max-width: 120px) 100vw, 120px\" \/><\/a>\n\t\t\t<\/div><\/figure><figure class='gallery-item'>\n\t\t\t<div class='gallery-icon landscape'>\n\t\t\t\t<a href='https:\/\/veredes.es\/blog\/wp-content\/uploads\/2020\/09\/Yellow-is-the-new-white-Conjuntos-Emp\u00e1tico-o14.jpg'><img loading=\"lazy\" decoding=\"async\" width=\"120\" height=\"120\" src=\"https:\/\/veredes.es\/blog\/wp-content\/uploads\/2020\/09\/Yellow-is-the-new-white-Conjuntos-Emp\u00e1tico-o14-120x120.jpg\" class=\"attachment-thumbnail size-thumbnail\" alt=\"\" srcset=\"https:\/\/veredes.es\/blog\/wp-content\/uploads\/2020\/09\/Yellow-is-the-new-white-Conjuntos-Emp\u00e1tico-o14-120x120.jpg 120w, https:\/\/veredes.es\/blog\/wp-content\/uploads\/2020\/09\/Yellow-is-the-new-white-Conjuntos-Emp\u00e1tico-o14-150x150.jpg 150w\" sizes=\"auto, (max-width: 120px) 100vw, 120px\" \/><\/a>\n\t\t\t<\/div><\/figure><figure class='gallery-item'>\n\t\t\t<div class='gallery-icon landscape'>\n\t\t\t\t<a href='https:\/\/veredes.es\/blog\/wp-content\/uploads\/2020\/09\/Yellow-is-the-new-white-Conjuntos-Emp\u00e1tico-o15.jpg'><img loading=\"lazy\" decoding=\"async\" width=\"120\" height=\"120\" src=\"https:\/\/veredes.es\/blog\/wp-content\/uploads\/2020\/09\/Yellow-is-the-new-white-Conjuntos-Emp\u00e1tico-o15-120x120.jpg\" class=\"attachment-thumbnail size-thumbnail\" alt=\"\" srcset=\"https:\/\/veredes.es\/blog\/wp-content\/uploads\/2020\/09\/Yellow-is-the-new-white-Conjuntos-Emp\u00e1tico-o15-120x120.jpg 120w, https:\/\/veredes.es\/blog\/wp-content\/uploads\/2020\/09\/Yellow-is-the-new-white-Conjuntos-Emp\u00e1tico-o15-150x150.jpg 150w\" sizes=\"auto, (max-width: 120px) 100vw, 120px\" \/><\/a>\n\t\t\t<\/div><\/figure><figure class='gallery-item'>\n\t\t\t<div class='gallery-icon landscape'>\n\t\t\t\t<a href='https:\/\/veredes.es\/blog\/wp-content\/uploads\/2020\/09\/Yellow-is-the-new-white-Conjuntos-Emp\u00e1tico-o16.jpg'><img loading=\"lazy\" decoding=\"async\" width=\"120\" height=\"120\" src=\"https:\/\/veredes.es\/blog\/wp-content\/uploads\/2020\/09\/Yellow-is-the-new-white-Conjuntos-Emp\u00e1tico-o16-120x120.jpg\" class=\"attachment-thumbnail size-thumbnail\" alt=\"\" srcset=\"https:\/\/veredes.es\/blog\/wp-content\/uploads\/2020\/09\/Yellow-is-the-new-white-Conjuntos-Emp\u00e1tico-o16-120x120.jpg 120w, https:\/\/veredes.es\/blog\/wp-content\/uploads\/2020\/09\/Yellow-is-the-new-white-Conjuntos-Emp\u00e1tico-o16-300x300.jpg 300w, https:\/\/veredes.es\/blog\/wp-content\/uploads\/2020\/09\/Yellow-is-the-new-white-Conjuntos-Emp\u00e1tico-o16-1024x1019.jpg 1024w, https:\/\/veredes.es\/blog\/wp-content\/uploads\/2020\/09\/Yellow-is-the-new-white-Conjuntos-Emp\u00e1tico-o16-150x150.jpg 150w, https:\/\/veredes.es\/blog\/wp-content\/uploads\/2020\/09\/Yellow-is-the-new-white-Conjuntos-Emp\u00e1tico-o16.jpg 1200w\" sizes=\"auto, (max-width: 120px) 100vw, 120px\" \/><\/a>\n\t\t\t<\/div><\/figure><figure class='gallery-item'>\n\t\t\t<div class='gallery-icon landscape'>\n\t\t\t\t<a href='https:\/\/veredes.es\/blog\/wp-content\/uploads\/2020\/09\/Yellow-is-the-new-white-Conjuntos-Emp\u00e1tico-o17.jpg'><img loading=\"lazy\" decoding=\"async\" width=\"120\" height=\"120\" src=\"https:\/\/veredes.es\/blog\/wp-content\/uploads\/2020\/09\/Yellow-is-the-new-white-Conjuntos-Emp\u00e1tico-o17-120x120.jpg\" class=\"attachment-thumbnail size-thumbnail\" alt=\"\" srcset=\"https:\/\/veredes.es\/blog\/wp-content\/uploads\/2020\/09\/Yellow-is-the-new-white-Conjuntos-Emp\u00e1tico-o17-120x120.jpg 120w, https:\/\/veredes.es\/blog\/wp-content\/uploads\/2020\/09\/Yellow-is-the-new-white-Conjuntos-Emp\u00e1tico-o17-150x150.jpg 150w\" sizes=\"auto, (max-width: 120px) 100vw, 120px\" \/><\/a>\n\t\t\t<\/div><\/figure><figure class='gallery-item'>\n\t\t\t<div class='gallery-icon landscape'>\n\t\t\t\t<a href='https:\/\/veredes.es\/blog\/wp-content\/uploads\/2020\/09\/Yellow-is-the-new-white-Conjuntos-Emp\u00e1tico-o18.jpg'><img loading=\"lazy\" decoding=\"async\" width=\"120\" height=\"120\" src=\"https:\/\/veredes.es\/blog\/wp-content\/uploads\/2020\/09\/Yellow-is-the-new-white-Conjuntos-Emp\u00e1tico-o18-120x120.jpg\" class=\"attachment-thumbnail size-thumbnail\" alt=\"\" srcset=\"https:\/\/veredes.es\/blog\/wp-content\/uploads\/2020\/09\/Yellow-is-the-new-white-Conjuntos-Emp\u00e1tico-o18-120x120.jpg 120w, https:\/\/veredes.es\/blog\/wp-content\/uploads\/2020\/09\/Yellow-is-the-new-white-Conjuntos-Emp\u00e1tico-o18-300x300.jpg 300w, https:\/\/veredes.es\/blog\/wp-content\/uploads\/2020\/09\/Yellow-is-the-new-white-Conjuntos-Emp\u00e1tico-o18-1024x1024.jpg 1024w, https:\/\/veredes.es\/blog\/wp-content\/uploads\/2020\/09\/Yellow-is-the-new-white-Conjuntos-Emp\u00e1tico-o18-150x150.jpg 150w, https:\/\/veredes.es\/blog\/wp-content\/uploads\/2020\/09\/Yellow-is-the-new-white-Conjuntos-Emp\u00e1tico-o18.jpg 1200w\" sizes=\"auto, (max-width: 120px) 100vw, 120px\" \/><\/a>\n\t\t\t<\/div><\/figure><figure class='gallery-item'>\n\t\t\t<div class='gallery-icon landscape'>\n\t\t\t\t<a href='https:\/\/veredes.es\/blog\/wp-content\/uploads\/2020\/09\/Yellow-is-the-new-white-Conjuntos-Emp\u00e1tico-o19.jpg'><img loading=\"lazy\" decoding=\"async\" width=\"120\" height=\"120\" src=\"https:\/\/veredes.es\/blog\/wp-content\/uploads\/2020\/09\/Yellow-is-the-new-white-Conjuntos-Emp\u00e1tico-o19-120x120.jpg\" class=\"attachment-thumbnail size-thumbnail\" alt=\"\" srcset=\"https:\/\/veredes.es\/blog\/wp-content\/uploads\/2020\/09\/Yellow-is-the-new-white-Conjuntos-Emp\u00e1tico-o19-120x120.jpg 120w, https:\/\/veredes.es\/blog\/wp-content\/uploads\/2020\/09\/Yellow-is-the-new-white-Conjuntos-Emp\u00e1tico-o19-300x300.jpg 300w, https:\/\/veredes.es\/blog\/wp-content\/uploads\/2020\/09\/Yellow-is-the-new-white-Conjuntos-Emp\u00e1tico-o19-1024x1024.jpg 1024w, https:\/\/veredes.es\/blog\/wp-content\/uploads\/2020\/09\/Yellow-is-the-new-white-Conjuntos-Emp\u00e1tico-o19-150x150.jpg 150w, https:\/\/veredes.es\/blog\/wp-content\/uploads\/2020\/09\/Yellow-is-the-new-white-Conjuntos-Emp\u00e1tico-o19.jpg 1200w\" sizes=\"auto, (max-width: 120px) 100vw, 120px\" \/><\/a>\n\t\t\t<\/div><\/figure><figure class='gallery-item'>\n\t\t\t<div class='gallery-icon landscape'>\n\t\t\t\t<a href='https:\/\/veredes.es\/blog\/wp-content\/uploads\/2020\/09\/Yellow-is-the-new-white-Conjuntos-Emp\u00e1tico-o20.jpg'><img loading=\"lazy\" decoding=\"async\" width=\"120\" height=\"120\" src=\"https:\/\/veredes.es\/blog\/wp-content\/uploads\/2020\/09\/Yellow-is-the-new-white-Conjuntos-Emp\u00e1tico-o20-120x120.jpg\" class=\"attachment-thumbnail size-thumbnail\" alt=\"\" srcset=\"https:\/\/veredes.es\/blog\/wp-content\/uploads\/2020\/09\/Yellow-is-the-new-white-Conjuntos-Emp\u00e1tico-o20-120x120.jpg 120w, https:\/\/veredes.es\/blog\/wp-content\/uploads\/2020\/09\/Yellow-is-the-new-white-Conjuntos-Emp\u00e1tico-o20-300x300.jpg 300w, https:\/\/veredes.es\/blog\/wp-content\/uploads\/2020\/09\/Yellow-is-the-new-white-Conjuntos-Emp\u00e1tico-o20-1024x1024.jpg 1024w, https:\/\/veredes.es\/blog\/wp-content\/uploads\/2020\/09\/Yellow-is-the-new-white-Conjuntos-Emp\u00e1tico-o20-150x150.jpg 150w, https:\/\/veredes.es\/blog\/wp-content\/uploads\/2020\/09\/Yellow-is-the-new-white-Conjuntos-Emp\u00e1tico-o20.jpg 1200w\" sizes=\"auto, (max-width: 120px) 100vw, 120px\" \/><\/a>\n\t\t\t<\/div><\/figure><figure class='gallery-item'>\n\t\t\t<div class='gallery-icon portrait'>\n\t\t\t\t<a href='https:\/\/veredes.es\/blog\/wp-content\/uploads\/2020\/09\/Yellow-is-the-new-white-Conjuntos-Emp\u00e1tico-o21.jpg'><img loading=\"lazy\" decoding=\"async\" width=\"120\" height=\"120\" src=\"https:\/\/veredes.es\/blog\/wp-content\/uploads\/2020\/09\/Yellow-is-the-new-white-Conjuntos-Emp\u00e1tico-o21-120x120.jpg\" class=\"attachment-thumbnail size-thumbnail\" alt=\"\" srcset=\"https:\/\/veredes.es\/blog\/wp-content\/uploads\/2020\/09\/Yellow-is-the-new-white-Conjuntos-Emp\u00e1tico-o21-120x120.jpg 120w, https:\/\/veredes.es\/blog\/wp-content\/uploads\/2020\/09\/Yellow-is-the-new-white-Conjuntos-Emp\u00e1tico-o21-150x150.jpg 150w\" sizes=\"auto, (max-width: 120px) 100vw, 120px\" \/><\/a>\n\t\t\t<\/div><\/figure><figure class='gallery-item'>\n\t\t\t<div class='gallery-icon portrait'>\n\t\t\t\t<a href='https:\/\/veredes.es\/blog\/wp-content\/uploads\/2020\/09\/Yellow-is-the-new-white-Conjuntos-Emp\u00e1tico-o22.jpg'><img loading=\"lazy\" decoding=\"async\" width=\"120\" height=\"120\" src=\"https:\/\/veredes.es\/blog\/wp-content\/uploads\/2020\/09\/Yellow-is-the-new-white-Conjuntos-Emp\u00e1tico-o22-120x120.jpg\" class=\"attachment-thumbnail size-thumbnail\" alt=\"\" srcset=\"https:\/\/veredes.es\/blog\/wp-content\/uploads\/2020\/09\/Yellow-is-the-new-white-Conjuntos-Emp\u00e1tico-o22-120x120.jpg 120w, https:\/\/veredes.es\/blog\/wp-content\/uploads\/2020\/09\/Yellow-is-the-new-white-Conjuntos-Emp\u00e1tico-o22-150x150.jpg 150w\" sizes=\"auto, (max-width: 120px) 100vw, 120px\" \/><\/a>\n\t\t\t<\/div><\/figure><figure class='gallery-item'>\n\t\t\t<div class='gallery-icon portrait'>\n\t\t\t\t<a href='https:\/\/veredes.es\/blog\/wp-content\/uploads\/2020\/09\/Yellow-is-the-new-white-Conjuntos-Emp\u00e1tico-o23.jpg'><img loading=\"lazy\" decoding=\"async\" width=\"120\" height=\"120\" src=\"https:\/\/veredes.es\/blog\/wp-content\/uploads\/2020\/09\/Yellow-is-the-new-white-Conjuntos-Emp\u00e1tico-o23-120x120.jpg\" class=\"attachment-thumbnail size-thumbnail\" alt=\"\" srcset=\"https:\/\/veredes.es\/blog\/wp-content\/uploads\/2020\/09\/Yellow-is-the-new-white-Conjuntos-Emp\u00e1tico-o23-120x120.jpg 120w, https:\/\/veredes.es\/blog\/wp-content\/uploads\/2020\/09\/Yellow-is-the-new-white-Conjuntos-Emp\u00e1tico-o23-150x150.jpg 150w\" sizes=\"auto, (max-width: 120px) 100vw, 120px\" \/><\/a>\n\t\t\t<\/div><\/figure>\n\t\t<\/div>\n\n<p>Obra: Yelow is the new white<br \/>\nAutoras: Conjuntos Emp\u00e1ticos (S\u00e1lvora Feliz + Laura Dom\u00ednguez Valdivieso + Alba Gonz\u00e1lez Jim\u00e9nez + Elena Brunete)<br \/>\nColaboradores: Noem\u00ed D\u00edaz, Alberto Ferrero de la Vega, Paula Bozalongo, Silvia Fern\u00e1ndez Pacheco, Luc\u00eda Lazaro, Alejandro Mu\u00f1oz, Javier Ordo\u00f1ez, Nuria P\u00e9rez, Mar\u00eda Jos\u00e9 Rodr\u00edguez de Vera, Lydia Romero, Diego Sancho y Silvia Sbis\u00e1.\u200b<br \/>\nUbicaci\u00f3n: Parque del tr\u00e1nsito, Toledo, Espa\u00f1a.<br \/>\nA\u00f1os: 2018<br \/>\n<a href=\"https:\/\/conjuntosempaticos.wixsite.com\/conjuntosempaticos\" target=\"_blank\" rel=\"noopener noreferrer\"><span style=\"color: #999999;\">+ conjuntosempaticos.wixsite.com<\/span><\/a><\/p>\n","protected":false},"excerpt":{"rendered":"<p>Este pabell\u00f3n, localizado en el exterior, form\u00f3 parte del festival de arte Cohete Toledo, en su edici\u00f3n de 2018. Con su instalaci\u00f3n, pretende visibilizar un espacio vac\u00edo, sin uso, en el Parque del Tr\u00e1nsito, porque todo lugar, por muy predispuesto que pueda parecer a su uso, no es m\u00e1s que una in-atm\u00f3sfera en ausencia de [&hellip;]<\/p>\n","protected":false},"author":2,"featured_media":80837,"comment_status":"open","ping_status":"closed","sticky":false,"template":"","format":"standard","meta":{"footnotes":""},"categories":[34,1465,735,23,5951],"tags":[14834,45,12449,155,1724,156,158,12992,14835,516,3356,14833,972,1069,12993,1918],"class_list":{"0":"post-80822","1":"post","2":"type-post","3":"status-publish","4":"format-standard","5":"has-post-thumbnail","7":"category-arquitectura","8":"category-espacio-publico-arquitectura","9":"category-intervencion-urbana","10":"category-obras","11":"category-slider-principal","12":"tag-alba-gonzalez-jimenez","13":"tag-arquitectura-efimera","14":"tag-arte","15":"tag-arte-contemporaneo","16":"tag-arte-publico","17":"tag-arte-urbano","18":"tag-artes-plasticas","19":"tag-conjuntos-empaticos","20":"tag-elena-brunete","21":"tag-espacio-publico","22":"tag-intervencion-efimera","23":"tag-laura-dominguez-valdivieso","24":"tag-pabellon","25":"tag-plaza-efimera","26":"tag-salvora-feliz","27":"tag-toledo"},"yoast_head":"<!-- This site is optimized with the Yoast SEO plugin v27.5 - https:\/\/yoast.com\/product\/yoast-seo-wordpress\/ -->\n<title>Yellow is the new white | Conjuntos Emp\u00e1ticos - veredes<\/title>\n<meta name=\"description\" content=\"Toda la informaci\u00f3n sobre: Yellow is the new white | Conjuntos Emp\u00e1ticos\" \/>\n<meta name=\"robots\" content=\"index, follow, max-snippet:-1, max-image-preview:large, max-video-preview:-1\" \/>\n<link rel=\"canonical\" href=\"https:\/\/veredes.es\/blog\/yellow-is-the-new-white-conjuntos-empatico\/\" \/>\n<meta property=\"og:locale\" content=\"es_ES\" \/>\n<meta property=\"og:type\" content=\"article\" \/>\n<meta property=\"og:title\" content=\"Yellow is the new white | Conjuntos Emp\u00e1ticos - veredes\" \/>\n<meta property=\"og:description\" content=\"Toda la informaci\u00f3n sobre: Yellow is the new white | Conjuntos Emp\u00e1ticos\" \/>\n<meta property=\"og:url\" content=\"https:\/\/veredes.es\/blog\/yellow-is-the-new-white-conjuntos-empatico\/\" \/>\n<meta property=\"og:site_name\" content=\"veredes, arquitectura y divulgaci\u00f3n\" \/>\n<meta property=\"article:publisher\" content=\"https:\/\/www.facebook.com\/veredesArquitecturayDivulgacion\/\" \/>\n<meta property=\"article:author\" content=\"https:\/\/www.facebook.com\/veredesArquitecturayDivulgacion\/\" \/>\n<meta property=\"article:published_time\" content=\"2020-09-22T22:01:51+00:00\" \/>\n<meta property=\"article:modified_time\" content=\"2020-09-23T07:04:07+00:00\" \/>\n<meta property=\"og:image\" content=\"https:\/\/veredes.es\/blog\/wp-content\/uploads\/2020\/09\/Yellow-is-the-new-white-Conjuntos-Emp\u00e1tico-o13.jpg\" \/>\n\t<meta property=\"og:image:width\" content=\"1200\" \/>\n\t<meta property=\"og:image:height\" content=\"1200\" \/>\n\t<meta property=\"og:image:type\" content=\"image\/jpeg\" \/>\n<meta name=\"author\" content=\"veredes\" \/>\n<meta name=\"twitter:card\" content=\"summary_large_image\" \/>\n<meta name=\"twitter:creator\" content=\"@https:\/\/twitter.com\/veredes\" \/>\n<meta name=\"twitter:site\" content=\"@veredes\" \/>\n<meta name=\"twitter:label1\" content=\"Escrito por\" \/>\n\t<meta name=\"twitter:data1\" content=\"veredes\" \/>\n\t<meta name=\"twitter:label2\" content=\"Tiempo de lectura\" \/>\n\t<meta name=\"twitter:data2\" content=\"2 minutos\" \/>\n<script type=\"application\/ld+json\" class=\"yoast-schema-graph\">{\"@context\":\"https:\\\/\\\/schema.org\",\"@graph\":[{\"@type\":\"Article\",\"@id\":\"https:\\\/\\\/veredes.es\\\/blog\\\/yellow-is-the-new-white-conjuntos-empatico\\\/#article\",\"isPartOf\":{\"@id\":\"https:\\\/\\\/veredes.es\\\/blog\\\/yellow-is-the-new-white-conjuntos-empatico\\\/\"},\"author\":{\"name\":\"veredes\",\"@id\":\"https:\\\/\\\/veredes.es\\\/blog\\\/#\\\/schema\\\/person\\\/0bbb669073ef7faba5168a0844e93d2c\"},\"headline\":\"Yellow is the new white | Conjuntos Emp\u00e1ticos\",\"datePublished\":\"2020-09-22T22:01:51+00:00\",\"dateModified\":\"2020-09-23T07:04:07+00:00\",\"mainEntityOfPage\":{\"@id\":\"https:\\\/\\\/veredes.es\\\/blog\\\/yellow-is-the-new-white-conjuntos-empatico\\\/\"},\"wordCount\":459,\"commentCount\":0,\"publisher\":{\"@id\":\"https:\\\/\\\/veredes.es\\\/blog\\\/#organization\"},\"image\":{\"@id\":\"https:\\\/\\\/veredes.es\\\/blog\\\/yellow-is-the-new-white-conjuntos-empatico\\\/#primaryimage\"},\"thumbnailUrl\":\"https:\\\/\\\/veredes.es\\\/blog\\\/wp-content\\\/uploads\\\/2020\\\/09\\\/Yellow-is-the-new-white-Conjuntos-Emp\u00e1tico-o13.jpg\",\"keywords\":[\"Alba Gonz\u00e1lez Jim\u00e9nez\",\"arquitectura ef\u00edmera\",\"arte\",\"arte contemporaneo\",\"arte p\u00fablico\",\"arte urbano\",\"artes pl\u00e1sticas\",\"Conjuntos Emp\u00e1ticos\",\"Elena Brunete\",\"espacio p\u00fablico\",\"intervenci\u00f3n ef\u00edmera\",\"Laura Dom\u00ednguez Valdivieso\",\"pabell\u00f3n\",\"plaza efimera\",\"S\u00e1lvora Feliz\",\"toledo\"],\"articleSection\":[\"arquitectura\",\"espacio publico\",\"intervenci\u00f3n urbana\",\"obras\",\"slider principal\"],\"inLanguage\":\"es\",\"potentialAction\":[{\"@type\":\"CommentAction\",\"name\":\"Comment\",\"target\":[\"https:\\\/\\\/veredes.es\\\/blog\\\/yellow-is-the-new-white-conjuntos-empatico\\\/#respond\"]}]},{\"@type\":\"WebPage\",\"@id\":\"https:\\\/\\\/veredes.es\\\/blog\\\/yellow-is-the-new-white-conjuntos-empatico\\\/\",\"url\":\"https:\\\/\\\/veredes.es\\\/blog\\\/yellow-is-the-new-white-conjuntos-empatico\\\/\",\"name\":\"Yellow is the new white | Conjuntos Emp\u00e1ticos - veredes\",\"isPartOf\":{\"@id\":\"https:\\\/\\\/veredes.es\\\/blog\\\/#website\"},\"primaryImageOfPage\":{\"@id\":\"https:\\\/\\\/veredes.es\\\/blog\\\/yellow-is-the-new-white-conjuntos-empatico\\\/#primaryimage\"},\"image\":{\"@id\":\"https:\\\/\\\/veredes.es\\\/blog\\\/yellow-is-the-new-white-conjuntos-empatico\\\/#primaryimage\"},\"thumbnailUrl\":\"https:\\\/\\\/veredes.es\\\/blog\\\/wp-content\\\/uploads\\\/2020\\\/09\\\/Yellow-is-the-new-white-Conjuntos-Emp\u00e1tico-o13.jpg\",\"datePublished\":\"2020-09-22T22:01:51+00:00\",\"dateModified\":\"2020-09-23T07:04:07+00:00\",\"description\":\"Toda la informaci\u00f3n sobre: Yellow is the new white | Conjuntos Emp\u00e1ticos\",\"breadcrumb\":{\"@id\":\"https:\\\/\\\/veredes.es\\\/blog\\\/yellow-is-the-new-white-conjuntos-empatico\\\/#breadcrumb\"},\"inLanguage\":\"es\",\"potentialAction\":[{\"@type\":\"ReadAction\",\"target\":[\"https:\\\/\\\/veredes.es\\\/blog\\\/yellow-is-the-new-white-conjuntos-empatico\\\/\"]}]},{\"@type\":\"ImageObject\",\"inLanguage\":\"es\",\"@id\":\"https:\\\/\\\/veredes.es\\\/blog\\\/yellow-is-the-new-white-conjuntos-empatico\\\/#primaryimage\",\"url\":\"https:\\\/\\\/veredes.es\\\/blog\\\/wp-content\\\/uploads\\\/2020\\\/09\\\/Yellow-is-the-new-white-Conjuntos-Emp\u00e1tico-o13.jpg\",\"contentUrl\":\"https:\\\/\\\/veredes.es\\\/blog\\\/wp-content\\\/uploads\\\/2020\\\/09\\\/Yellow-is-the-new-white-Conjuntos-Emp\u00e1tico-o13.jpg\",\"width\":1200,\"height\":1200},{\"@type\":\"BreadcrumbList\",\"@id\":\"https:\\\/\\\/veredes.es\\\/blog\\\/yellow-is-the-new-white-conjuntos-empatico\\\/#breadcrumb\",\"itemListElement\":[{\"@type\":\"ListItem\",\"position\":1,\"name\":\"Portada\",\"item\":\"https:\\\/\\\/veredes.es\\\/blog\\\/\"},{\"@type\":\"ListItem\",\"position\":2,\"name\":\"Yellow is the new white | Conjuntos Emp\u00e1ticos\"}]},{\"@type\":\"WebSite\",\"@id\":\"https:\\\/\\\/veredes.es\\\/blog\\\/#website\",\"url\":\"https:\\\/\\\/veredes.es\\\/blog\\\/\",\"name\":\"veredes, arquitectura y divulgaci\u00f3n\",\"description\":\"veredes\",\"publisher\":{\"@id\":\"https:\\\/\\\/veredes.es\\\/blog\\\/#organization\"},\"alternateName\":\"veredes\",\"potentialAction\":[{\"@type\":\"SearchAction\",\"target\":{\"@type\":\"EntryPoint\",\"urlTemplate\":\"https:\\\/\\\/veredes.es\\\/blog\\\/?s={search_term_string}\"},\"query-input\":{\"@type\":\"PropertyValueSpecification\",\"valueRequired\":true,\"valueName\":\"search_term_string\"}}],\"inLanguage\":\"es\"},{\"@type\":\"Organization\",\"@id\":\"https:\\\/\\\/veredes.es\\\/blog\\\/#organization\",\"name\":\"veredes, arquitectura y divulgaci\u00f3n\",\"alternateName\":\"veredes\",\"url\":\"https:\\\/\\\/veredes.es\\\/blog\\\/\",\"logo\":{\"@type\":\"ImageObject\",\"inLanguage\":\"es\",\"@id\":\"https:\\\/\\\/veredes.es\\\/blog\\\/#\\\/schema\\\/logo\\\/image\\\/\",\"url\":\"https:\\\/\\\/veredes.es\\\/blog\\\/wp-content\\\/uploads\\\/2021\\\/12\\\/veredes-logo-centrado_140x54.png\",\"contentUrl\":\"https:\\\/\\\/veredes.es\\\/blog\\\/wp-content\\\/uploads\\\/2021\\\/12\\\/veredes-logo-centrado_140x54.png\",\"width\":140,\"height\":54,\"caption\":\"veredes, arquitectura y divulgaci\u00f3n\"},\"image\":{\"@id\":\"https:\\\/\\\/veredes.es\\\/blog\\\/#\\\/schema\\\/logo\\\/image\\\/\"},\"sameAs\":[\"https:\\\/\\\/www.facebook.com\\\/veredesArquitecturayDivulgacion\\\/\",\"https:\\\/\\\/x.com\\\/veredes\",\"https:\\\/\\\/instagram.com\\\/veredes\\\/\",\"https:\\\/\\\/www.linkedin.com\\\/company\\\/veredes-arquitectura-y-divulgacion\\\/\",\"https:\\\/\\\/es.pinterest.com\\\/veredes\\\/\",\"https:\\\/\\\/www.tumblr.com\\\/veredes\"]},{\"@type\":\"Person\",\"@id\":\"https:\\\/\\\/veredes.es\\\/blog\\\/#\\\/schema\\\/person\\\/0bbb669073ef7faba5168a0844e93d2c\",\"name\":\"veredes\",\"image\":{\"@type\":\"ImageObject\",\"inLanguage\":\"es\",\"@id\":\"https:\\\/\\\/veredes.es\\\/blog\\\/wp-content\\\/uploads\\\/2018\\\/04\\\/face-96x96.jpg\",\"url\":\"https:\\\/\\\/veredes.es\\\/blog\\\/wp-content\\\/uploads\\\/2018\\\/04\\\/face-96x96.jpg\",\"contentUrl\":\"https:\\\/\\\/veredes.es\\\/blog\\\/wp-content\\\/uploads\\\/2018\\\/04\\\/face-96x96.jpg\",\"caption\":\"veredes\"},\"description\":\"Surge enero de 2009 como b\u00fasqueda de satisfacer el conocimiento de la actividad arquitect\u00f3nica y tangentes que se generan. La idea es crear un espacio para divulgar los diversos proyectos en busca de nueva inspiraci\u00f3n y de intercambio.\",\"sameAs\":[\"https:\\\/\\\/veredes.es\\\/\",\"https:\\\/\\\/www.facebook.com\\\/veredesArquitecturayDivulgacion\\\/\",\"https:\\\/\\\/www.instagram.com\\\/veredes\\\/\",\"https:\\\/\\\/www.linkedin.com\\\/company\\\/veredes-arquitectura-y-divulgacion\\\/\",\"https:\\\/\\\/www.pinterest.es\\\/veredes\\\/\",\"https:\\\/\\\/x.com\\\/https:\\\/\\\/twitter.com\\\/veredes\",\"https:\\\/\\\/veredes.tumblr.com\\\/\"],\"url\":\"https:\\\/\\\/veredes.es\\\/blog\\\/author\\\/alberto\\\/\"}]}<\/script>\n<!-- \/ Yoast SEO plugin. -->","yoast_head_json":{"title":"Yellow is the new white | Conjuntos Emp\u00e1ticos - veredes","description":"Toda la informaci\u00f3n sobre: Yellow is the new white | Conjuntos Emp\u00e1ticos","robots":{"index":"index","follow":"follow","max-snippet":"max-snippet:-1","max-image-preview":"max-image-preview:large","max-video-preview":"max-video-preview:-1"},"canonical":"https:\/\/veredes.es\/blog\/yellow-is-the-new-white-conjuntos-empatico\/","og_locale":"es_ES","og_type":"article","og_title":"Yellow is the new white | Conjuntos Emp\u00e1ticos - veredes","og_description":"Toda la informaci\u00f3n sobre: Yellow is the new white | Conjuntos Emp\u00e1ticos","og_url":"https:\/\/veredes.es\/blog\/yellow-is-the-new-white-conjuntos-empatico\/","og_site_name":"veredes, arquitectura y divulgaci\u00f3n","article_publisher":"https:\/\/www.facebook.com\/veredesArquitecturayDivulgacion\/","article_author":"https:\/\/www.facebook.com\/veredesArquitecturayDivulgacion\/","article_published_time":"2020-09-22T22:01:51+00:00","article_modified_time":"2020-09-23T07:04:07+00:00","og_image":[{"width":1200,"height":1200,"url":"https:\/\/veredes.es\/blog\/wp-content\/uploads\/2020\/09\/Yellow-is-the-new-white-Conjuntos-Emp\u00e1tico-o13.jpg","type":"image\/jpeg"}],"author":"veredes","twitter_card":"summary_large_image","twitter_creator":"@https:\/\/twitter.com\/veredes","twitter_site":"@veredes","twitter_misc":{"Escrito por":"veredes","Tiempo de lectura":"2 minutos"},"schema":{"@context":"https:\/\/schema.org","@graph":[{"@type":"Article","@id":"https:\/\/veredes.es\/blog\/yellow-is-the-new-white-conjuntos-empatico\/#article","isPartOf":{"@id":"https:\/\/veredes.es\/blog\/yellow-is-the-new-white-conjuntos-empatico\/"},"author":{"name":"veredes","@id":"https:\/\/veredes.es\/blog\/#\/schema\/person\/0bbb669073ef7faba5168a0844e93d2c"},"headline":"Yellow is the new white | Conjuntos Emp\u00e1ticos","datePublished":"2020-09-22T22:01:51+00:00","dateModified":"2020-09-23T07:04:07+00:00","mainEntityOfPage":{"@id":"https:\/\/veredes.es\/blog\/yellow-is-the-new-white-conjuntos-empatico\/"},"wordCount":459,"commentCount":0,"publisher":{"@id":"https:\/\/veredes.es\/blog\/#organization"},"image":{"@id":"https:\/\/veredes.es\/blog\/yellow-is-the-new-white-conjuntos-empatico\/#primaryimage"},"thumbnailUrl":"https:\/\/veredes.es\/blog\/wp-content\/uploads\/2020\/09\/Yellow-is-the-new-white-Conjuntos-Emp\u00e1tico-o13.jpg","keywords":["Alba Gonz\u00e1lez Jim\u00e9nez","arquitectura ef\u00edmera","arte","arte contemporaneo","arte p\u00fablico","arte urbano","artes pl\u00e1sticas","Conjuntos Emp\u00e1ticos","Elena Brunete","espacio p\u00fablico","intervenci\u00f3n ef\u00edmera","Laura Dom\u00ednguez Valdivieso","pabell\u00f3n","plaza efimera","S\u00e1lvora Feliz","toledo"],"articleSection":["arquitectura","espacio publico","intervenci\u00f3n urbana","obras","slider principal"],"inLanguage":"es","potentialAction":[{"@type":"CommentAction","name":"Comment","target":["https:\/\/veredes.es\/blog\/yellow-is-the-new-white-conjuntos-empatico\/#respond"]}]},{"@type":"WebPage","@id":"https:\/\/veredes.es\/blog\/yellow-is-the-new-white-conjuntos-empatico\/","url":"https:\/\/veredes.es\/blog\/yellow-is-the-new-white-conjuntos-empatico\/","name":"Yellow is the new white | Conjuntos Emp\u00e1ticos - veredes","isPartOf":{"@id":"https:\/\/veredes.es\/blog\/#website"},"primaryImageOfPage":{"@id":"https:\/\/veredes.es\/blog\/yellow-is-the-new-white-conjuntos-empatico\/#primaryimage"},"image":{"@id":"https:\/\/veredes.es\/blog\/yellow-is-the-new-white-conjuntos-empatico\/#primaryimage"},"thumbnailUrl":"https:\/\/veredes.es\/blog\/wp-content\/uploads\/2020\/09\/Yellow-is-the-new-white-Conjuntos-Emp\u00e1tico-o13.jpg","datePublished":"2020-09-22T22:01:51+00:00","dateModified":"2020-09-23T07:04:07+00:00","description":"Toda la informaci\u00f3n sobre: Yellow is the new white | Conjuntos Emp\u00e1ticos","breadcrumb":{"@id":"https:\/\/veredes.es\/blog\/yellow-is-the-new-white-conjuntos-empatico\/#breadcrumb"},"inLanguage":"es","potentialAction":[{"@type":"ReadAction","target":["https:\/\/veredes.es\/blog\/yellow-is-the-new-white-conjuntos-empatico\/"]}]},{"@type":"ImageObject","inLanguage":"es","@id":"https:\/\/veredes.es\/blog\/yellow-is-the-new-white-conjuntos-empatico\/#primaryimage","url":"https:\/\/veredes.es\/blog\/wp-content\/uploads\/2020\/09\/Yellow-is-the-new-white-Conjuntos-Emp\u00e1tico-o13.jpg","contentUrl":"https:\/\/veredes.es\/blog\/wp-content\/uploads\/2020\/09\/Yellow-is-the-new-white-Conjuntos-Emp\u00e1tico-o13.jpg","width":1200,"height":1200},{"@type":"BreadcrumbList","@id":"https:\/\/veredes.es\/blog\/yellow-is-the-new-white-conjuntos-empatico\/#breadcrumb","itemListElement":[{"@type":"ListItem","position":1,"name":"Portada","item":"https:\/\/veredes.es\/blog\/"},{"@type":"ListItem","position":2,"name":"Yellow is the new white | Conjuntos Emp\u00e1ticos"}]},{"@type":"WebSite","@id":"https:\/\/veredes.es\/blog\/#website","url":"https:\/\/veredes.es\/blog\/","name":"veredes, arquitectura y divulgaci\u00f3n","description":"veredes","publisher":{"@id":"https:\/\/veredes.es\/blog\/#organization"},"alternateName":"veredes","potentialAction":[{"@type":"SearchAction","target":{"@type":"EntryPoint","urlTemplate":"https:\/\/veredes.es\/blog\/?s={search_term_string}"},"query-input":{"@type":"PropertyValueSpecification","valueRequired":true,"valueName":"search_term_string"}}],"inLanguage":"es"},{"@type":"Organization","@id":"https:\/\/veredes.es\/blog\/#organization","name":"veredes, arquitectura y divulgaci\u00f3n","alternateName":"veredes","url":"https:\/\/veredes.es\/blog\/","logo":{"@type":"ImageObject","inLanguage":"es","@id":"https:\/\/veredes.es\/blog\/#\/schema\/logo\/image\/","url":"https:\/\/veredes.es\/blog\/wp-content\/uploads\/2021\/12\/veredes-logo-centrado_140x54.png","contentUrl":"https:\/\/veredes.es\/blog\/wp-content\/uploads\/2021\/12\/veredes-logo-centrado_140x54.png","width":140,"height":54,"caption":"veredes, arquitectura y divulgaci\u00f3n"},"image":{"@id":"https:\/\/veredes.es\/blog\/#\/schema\/logo\/image\/"},"sameAs":["https:\/\/www.facebook.com\/veredesArquitecturayDivulgacion\/","https:\/\/x.com\/veredes","https:\/\/instagram.com\/veredes\/","https:\/\/www.linkedin.com\/company\/veredes-arquitectura-y-divulgacion\/","https:\/\/es.pinterest.com\/veredes\/","https:\/\/www.tumblr.com\/veredes"]},{"@type":"Person","@id":"https:\/\/veredes.es\/blog\/#\/schema\/person\/0bbb669073ef7faba5168a0844e93d2c","name":"veredes","image":{"@type":"ImageObject","inLanguage":"es","@id":"https:\/\/veredes.es\/blog\/wp-content\/uploads\/2018\/04\/face-96x96.jpg","url":"https:\/\/veredes.es\/blog\/wp-content\/uploads\/2018\/04\/face-96x96.jpg","contentUrl":"https:\/\/veredes.es\/blog\/wp-content\/uploads\/2018\/04\/face-96x96.jpg","caption":"veredes"},"description":"Surge enero de 2009 como b\u00fasqueda de satisfacer el conocimiento de la actividad arquitect\u00f3nica y tangentes que se generan. La idea es crear un espacio para divulgar los diversos proyectos en busca de nueva inspiraci\u00f3n y de intercambio.","sameAs":["https:\/\/veredes.es\/","https:\/\/www.facebook.com\/veredesArquitecturayDivulgacion\/","https:\/\/www.instagram.com\/veredes\/","https:\/\/www.linkedin.com\/company\/veredes-arquitectura-y-divulgacion\/","https:\/\/www.pinterest.es\/veredes\/","https:\/\/x.com\/https:\/\/twitter.com\/veredes","https:\/\/veredes.tumblr.com\/"],"url":"https:\/\/veredes.es\/blog\/author\/alberto\/"}]}},"_links":{"self":[{"href":"https:\/\/veredes.es\/blog\/wp-json\/wp\/v2\/posts\/80822","targetHints":{"allow":["GET"]}}],"collection":[{"href":"https:\/\/veredes.es\/blog\/wp-json\/wp\/v2\/posts"}],"about":[{"href":"https:\/\/veredes.es\/blog\/wp-json\/wp\/v2\/types\/post"}],"author":[{"embeddable":true,"href":"https:\/\/veredes.es\/blog\/wp-json\/wp\/v2\/users\/2"}],"replies":[{"embeddable":true,"href":"https:\/\/veredes.es\/blog\/wp-json\/wp\/v2\/comments?post=80822"}],"version-history":[{"count":0,"href":"https:\/\/veredes.es\/blog\/wp-json\/wp\/v2\/posts\/80822\/revisions"}],"wp:featuredmedia":[{"embeddable":true,"href":"https:\/\/veredes.es\/blog\/wp-json\/wp\/v2\/media\/80837"}],"wp:attachment":[{"href":"https:\/\/veredes.es\/blog\/wp-json\/wp\/v2\/media?parent=80822"}],"wp:term":[{"taxonomy":"category","embeddable":true,"href":"https:\/\/veredes.es\/blog\/wp-json\/wp\/v2\/categories?post=80822"},{"taxonomy":"post_tag","embeddable":true,"href":"https:\/\/veredes.es\/blog\/wp-json\/wp\/v2\/tags?post=80822"}],"curies":[{"name":"wp","href":"https:\/\/api.w.org\/{rel}","templated":true}]}}