{"id":80539,"date":"2020-07-16T00:01:33","date_gmt":"2020-07-15T22:01:33","guid":{"rendered":"https:\/\/veredes.es\/blog\/?p=80539"},"modified":"2020-06-23T09:49:51","modified_gmt":"2020-06-23T07:49:51","slug":"tesis-de-urbanismo-premio-europeo-manuel-de-sola-morales","status":"publish","type":"post","link":"https:\/\/veredes.es\/blog\/tesis-de-urbanismo-premio-europeo-manuel-de-sola-morales\/","title":{"rendered":"Tesis de Urbanismo. III Premio Europeo Manuel de Sol\u00e0-Morales"},"content":{"rendered":"<p><img loading=\"lazy\" decoding=\"async\" class=\"alignnone size-large wp-image-80541\" src=\"https:\/\/veredes.es\/blog\/wp-content\/uploads\/2020\/07\/Tesis-de-Urbanismo.-III-Premio-Europeo-Manuel-de-Sol\u00e0-Morales-1024x623.jpg\" alt=\"\" width=\"640\" height=\"389\" srcset=\"https:\/\/veredes.es\/blog\/wp-content\/uploads\/2020\/07\/Tesis-de-Urbanismo.-III-Premio-Europeo-Manuel-de-Sol\u00e0-Morales-1024x623.jpg 1024w, https:\/\/veredes.es\/blog\/wp-content\/uploads\/2020\/07\/Tesis-de-Urbanismo.-III-Premio-Europeo-Manuel-de-Sol\u00e0-Morales-300x183.jpg 300w, https:\/\/veredes.es\/blog\/wp-content\/uploads\/2020\/07\/Tesis-de-Urbanismo.-III-Premio-Europeo-Manuel-de-Sol\u00e0-Morales.jpg 1200w\" sizes=\"auto, (max-width: 640px) 100vw, 640px\" \/><\/p>\n<p style=\"text-align: justify;\">El <strong>premio Europeo de Sol\u00e0-Morales<\/strong> reconoce cada dos a\u00f1os las mejores investigaciones universitarias en el campo de la urban\u00edstica para obtener el t\u00edtulo de doctor (PhD).<\/p>\n<p style=\"text-align: justify;\">Actualmente los arquitectos espa\u00f1oles y portugueses cuentan con dos convocatorias de concursos de tesis que comparten como premio la edici\u00f3n de la tesis ganadora en la colecci\u00f3n arquia\/tesis de la Fundaci\u00f3n Arquia:<\/p>\n<p style=\"text-align: justify; padding-left: 40px;\">1. La convocatoria ib\u00e9rica del Concurso bienal de tesis de arquitectura de la Fundaci\u00f3n Arquia, que este pr\u00f3ximo a\u00f1o 2021 celebrar\u00e1 su XIII edici\u00f3n, est\u00e1 abierta a arquitectos espa\u00f1oles y portugueses con tesis presentadas en escuelas internacionales o nacionales, o arquitectos extranjeros con tesis presentadas en escuelas de arquitectura espa\u00f1olas o portuguesas.<\/p>\n<p style=\"text-align: justify; padding-left: 40px;\">2. El Premio Europeo Manuel de Sol\u00e1-Morales para tesis de urbanismo, con car\u00e1cter bienal, organizado por LUB-ETSAB-UPC, que actualmente tiene su 3\u00aa convocatoria 2021 abierta para la recepci\u00f3n de tesis desde el 21 de mayo al 15 de septiembre de 2020, se dirige a tesis presentadas en escuelas de arquitectura europeas.<\/p>\n<p style=\"text-align: justify;\">Considerando esta situaci\u00f3n, la Fundaci\u00f3n Arquia realizar\u00e1 un cambio en las bases de su pr\u00f3xima convocatoria, que se abrir\u00e1 en enero de 2021, de tal manera, que las tesis de urbanismo, ordenaci\u00f3n del territorio, paisaje, etc., \u00fanicamente podr\u00e1n presentarse al Premio Europeo Sol\u00e1-Morales, cuyo jurado cuenta con profesionales en esta materia y disciplina arquitect\u00f3nica, as\u00ed como representantes de la Fundaci\u00f3n arquia.<\/p>\n<p style=\"text-align: justify;\">Por tanto, se invita a enviar las tesis en esta especialidad a la convocatoria vigente del Premio Europeo Manuel de Sol\u00e1-Morales 2021.<\/p>\n","protected":false},"excerpt":{"rendered":"<p>El premio Europeo de Sol\u00e0-Morales reconoce cada dos a\u00f1os las mejores investigaciones universitarias en el campo de la urban\u00edstica para obtener el t\u00edtulo de doctor (PhD). Actualmente los arquitectos espa\u00f1oles y portugueses cuentan con dos convocatorias de concursos de tesis que comparten como premio la edici\u00f3n de la tesis ganadora en la colecci\u00f3n arquia\/tesis de [&hellip;]<\/p>\n","protected":false},"author":2,"featured_media":80541,"comment_status":"open","ping_status":"closed","sticky":false,"template":"","format":"standard","meta":{"footnotes":""},"categories":[7937,16,1383],"tags":[2631,5819,377,458,521,2131,3170,668,3874,1086,1093,1278,2048,1287,12468],"class_list":{"0":"post-80539","1":"post","2":"type-post","3":"status-publish","4":"format-standard","5":"has-post-thumbnail","7":"category-convocatorias","8":"category-eventos","10":"tag-arquitectura-espanola","11":"tag-arquitectura-portuguesa","12":"tag-convocatoria","14":"tag-espana","15":"tag-etsab","16":"tag-fundacion-caja-de-arquitectos","17":"tag-historia","18":"tag-manuel-de-sola-morales","19":"tag-portugal","20":"tag-premio-eventos","21":"tag-teoria","22":"tag-teoria-e-historia","23":"tag-tesis","24":"tag-urbanismo"},"yoast_head":"<!-- This site is optimized with the Yoast SEO plugin v27.5 - https:\/\/yoast.com\/product\/yoast-seo-wordpress\/ -->\n<title>Tesis de Urbanismo. III Premio Europeo Manuel de Sol\u00e0-Morales - veredes<\/title>\n<meta name=\"description\" content=\"Toda la informaci\u00f3n sobre: Tesis de Urbanismo. III Premio Europeo Manuel de Sol\u00e0-Morales\" \/>\n<meta name=\"robots\" content=\"index, follow, max-snippet:-1, max-image-preview:large, max-video-preview:-1\" \/>\n<link rel=\"canonical\" href=\"https:\/\/veredes.es\/blog\/tesis-de-urbanismo-premio-europeo-manuel-de-sola-morales\/\" \/>\n<meta property=\"og:locale\" content=\"es_ES\" \/>\n<meta property=\"og:type\" content=\"article\" \/>\n<meta property=\"og:title\" content=\"Tesis de Urbanismo. III Premio Europeo Manuel de Sol\u00e0-Morales - veredes\" \/>\n<meta property=\"og:description\" content=\"Toda la informaci\u00f3n sobre: Tesis de Urbanismo. III Premio Europeo Manuel de Sol\u00e0-Morales\" \/>\n<meta property=\"og:url\" content=\"https:\/\/veredes.es\/blog\/tesis-de-urbanismo-premio-europeo-manuel-de-sola-morales\/\" \/>\n<meta property=\"og:site_name\" content=\"veredes, arquitectura y divulgaci\u00f3n\" \/>\n<meta property=\"article:publisher\" content=\"https:\/\/www.facebook.com\/veredesArquitecturayDivulgacion\/\" \/>\n<meta property=\"article:author\" content=\"https:\/\/www.facebook.com\/veredesArquitecturayDivulgacion\/\" \/>\n<meta property=\"article:published_time\" content=\"2020-07-15T22:01:33+00:00\" \/>\n<meta property=\"og:image\" content=\"https:\/\/veredes.es\/blog\/wp-content\/uploads\/2020\/07\/Tesis-de-Urbanismo.-III-Premio-Europeo-Manuel-de-Sol\u00e0-Morales.jpg\" \/>\n\t<meta property=\"og:image:width\" content=\"1200\" \/>\n\t<meta property=\"og:image:height\" content=\"730\" \/>\n\t<meta property=\"og:image:type\" content=\"image\/jpeg\" \/>\n<meta name=\"author\" content=\"veredes\" \/>\n<meta name=\"twitter:card\" content=\"summary_large_image\" \/>\n<meta name=\"twitter:creator\" content=\"@https:\/\/twitter.com\/veredes\" \/>\n<meta name=\"twitter:site\" content=\"@veredes\" \/>\n<meta name=\"twitter:label1\" content=\"Escrito por\" \/>\n\t<meta name=\"twitter:data1\" content=\"veredes\" \/>\n\t<meta name=\"twitter:label2\" content=\"Tiempo de lectura\" \/>\n\t<meta name=\"twitter:data2\" content=\"1 minuto\" \/>\n<script type=\"application\/ld+json\" class=\"yoast-schema-graph\">{\"@context\":\"https:\\\/\\\/schema.org\",\"@graph\":[{\"@type\":\"Article\",\"@id\":\"https:\\\/\\\/veredes.es\\\/blog\\\/tesis-de-urbanismo-premio-europeo-manuel-de-sola-morales\\\/#article\",\"isPartOf\":{\"@id\":\"https:\\\/\\\/veredes.es\\\/blog\\\/tesis-de-urbanismo-premio-europeo-manuel-de-sola-morales\\\/\"},\"author\":{\"name\":\"veredes\",\"@id\":\"https:\\\/\\\/veredes.es\\\/blog\\\/#\\\/schema\\\/person\\\/0bbb669073ef7faba5168a0844e93d2c\"},\"headline\":\"Tesis de Urbanismo. III Premio Europeo Manuel de Sol\u00e0-Morales\",\"datePublished\":\"2020-07-15T22:01:33+00:00\",\"mainEntityOfPage\":{\"@id\":\"https:\\\/\\\/veredes.es\\\/blog\\\/tesis-de-urbanismo-premio-europeo-manuel-de-sola-morales\\\/\"},\"wordCount\":272,\"commentCount\":0,\"publisher\":{\"@id\":\"https:\\\/\\\/veredes.es\\\/blog\\\/#organization\"},\"image\":{\"@id\":\"https:\\\/\\\/veredes.es\\\/blog\\\/tesis-de-urbanismo-premio-europeo-manuel-de-sola-morales\\\/#primaryimage\"},\"thumbnailUrl\":\"https:\\\/\\\/veredes.es\\\/blog\\\/wp-content\\\/uploads\\\/2020\\\/07\\\/Tesis-de-Urbanismo.-III-Premio-Europeo-Manuel-de-Sol\u00e0-Morales.jpg\",\"keywords\":[\"arquitectura espa\u00f1ola\",\"arquitectura portuguesa\",\"convocatoria\",\"educaci\u00f3n\",\"Espa\u00f1a\",\"ETSAB\",\"fundaci\u00f3n Caja de Arquitectos\",\"historia\",\"Manuel de Sol\u00e0-Morales\",\"Portugal\",\"premio\",\"teor\u00eda\",\"teor\u00eda e historia\",\"tesis\",\"urbanismo\"],\"articleSection\":[\"convocatorias\",\"eventos\",\"premios\"],\"inLanguage\":\"es\",\"potentialAction\":[{\"@type\":\"CommentAction\",\"name\":\"Comment\",\"target\":[\"https:\\\/\\\/veredes.es\\\/blog\\\/tesis-de-urbanismo-premio-europeo-manuel-de-sola-morales\\\/#respond\"]}]},{\"@type\":\"WebPage\",\"@id\":\"https:\\\/\\\/veredes.es\\\/blog\\\/tesis-de-urbanismo-premio-europeo-manuel-de-sola-morales\\\/\",\"url\":\"https:\\\/\\\/veredes.es\\\/blog\\\/tesis-de-urbanismo-premio-europeo-manuel-de-sola-morales\\\/\",\"name\":\"Tesis de Urbanismo. III Premio Europeo Manuel de Sol\u00e0-Morales - veredes\",\"isPartOf\":{\"@id\":\"https:\\\/\\\/veredes.es\\\/blog\\\/#website\"},\"primaryImageOfPage\":{\"@id\":\"https:\\\/\\\/veredes.es\\\/blog\\\/tesis-de-urbanismo-premio-europeo-manuel-de-sola-morales\\\/#primaryimage\"},\"image\":{\"@id\":\"https:\\\/\\\/veredes.es\\\/blog\\\/tesis-de-urbanismo-premio-europeo-manuel-de-sola-morales\\\/#primaryimage\"},\"thumbnailUrl\":\"https:\\\/\\\/veredes.es\\\/blog\\\/wp-content\\\/uploads\\\/2020\\\/07\\\/Tesis-de-Urbanismo.-III-Premio-Europeo-Manuel-de-Sol\u00e0-Morales.jpg\",\"datePublished\":\"2020-07-15T22:01:33+00:00\",\"description\":\"Toda la informaci\u00f3n sobre: Tesis de Urbanismo. III Premio Europeo Manuel de Sol\u00e0-Morales\",\"breadcrumb\":{\"@id\":\"https:\\\/\\\/veredes.es\\\/blog\\\/tesis-de-urbanismo-premio-europeo-manuel-de-sola-morales\\\/#breadcrumb\"},\"inLanguage\":\"es\",\"potentialAction\":[{\"@type\":\"ReadAction\",\"target\":[\"https:\\\/\\\/veredes.es\\\/blog\\\/tesis-de-urbanismo-premio-europeo-manuel-de-sola-morales\\\/\"]}]},{\"@type\":\"ImageObject\",\"inLanguage\":\"es\",\"@id\":\"https:\\\/\\\/veredes.es\\\/blog\\\/tesis-de-urbanismo-premio-europeo-manuel-de-sola-morales\\\/#primaryimage\",\"url\":\"https:\\\/\\\/veredes.es\\\/blog\\\/wp-content\\\/uploads\\\/2020\\\/07\\\/Tesis-de-Urbanismo.-III-Premio-Europeo-Manuel-de-Sol\u00e0-Morales.jpg\",\"contentUrl\":\"https:\\\/\\\/veredes.es\\\/blog\\\/wp-content\\\/uploads\\\/2020\\\/07\\\/Tesis-de-Urbanismo.-III-Premio-Europeo-Manuel-de-Sol\u00e0-Morales.jpg\",\"width\":1200,\"height\":730},{\"@type\":\"BreadcrumbList\",\"@id\":\"https:\\\/\\\/veredes.es\\\/blog\\\/tesis-de-urbanismo-premio-europeo-manuel-de-sola-morales\\\/#breadcrumb\",\"itemListElement\":[{\"@type\":\"ListItem\",\"position\":1,\"name\":\"Portada\",\"item\":\"https:\\\/\\\/veredes.es\\\/blog\\\/\"},{\"@type\":\"ListItem\",\"position\":2,\"name\":\"Tesis de Urbanismo. III Premio Europeo Manuel de Sol\u00e0-Morales\"}]},{\"@type\":\"WebSite\",\"@id\":\"https:\\\/\\\/veredes.es\\\/blog\\\/#website\",\"url\":\"https:\\\/\\\/veredes.es\\\/blog\\\/\",\"name\":\"veredes, arquitectura y divulgaci\u00f3n\",\"description\":\"veredes\",\"publisher\":{\"@id\":\"https:\\\/\\\/veredes.es\\\/blog\\\/#organization\"},\"alternateName\":\"veredes\",\"potentialAction\":[{\"@type\":\"SearchAction\",\"target\":{\"@type\":\"EntryPoint\",\"urlTemplate\":\"https:\\\/\\\/veredes.es\\\/blog\\\/?s={search_term_string}\"},\"query-input\":{\"@type\":\"PropertyValueSpecification\",\"valueRequired\":true,\"valueName\":\"search_term_string\"}}],\"inLanguage\":\"es\"},{\"@type\":\"Organization\",\"@id\":\"https:\\\/\\\/veredes.es\\\/blog\\\/#organization\",\"name\":\"veredes, arquitectura y divulgaci\u00f3n\",\"alternateName\":\"veredes\",\"url\":\"https:\\\/\\\/veredes.es\\\/blog\\\/\",\"logo\":{\"@type\":\"ImageObject\",\"inLanguage\":\"es\",\"@id\":\"https:\\\/\\\/veredes.es\\\/blog\\\/#\\\/schema\\\/logo\\\/image\\\/\",\"url\":\"https:\\\/\\\/veredes.es\\\/blog\\\/wp-content\\\/uploads\\\/2021\\\/12\\\/veredes-logo-centrado_140x54.png\",\"contentUrl\":\"https:\\\/\\\/veredes.es\\\/blog\\\/wp-content\\\/uploads\\\/2021\\\/12\\\/veredes-logo-centrado_140x54.png\",\"width\":140,\"height\":54,\"caption\":\"veredes, arquitectura y divulgaci\u00f3n\"},\"image\":{\"@id\":\"https:\\\/\\\/veredes.es\\\/blog\\\/#\\\/schema\\\/logo\\\/image\\\/\"},\"sameAs\":[\"https:\\\/\\\/www.facebook.com\\\/veredesArquitecturayDivulgacion\\\/\",\"https:\\\/\\\/x.com\\\/veredes\",\"https:\\\/\\\/instagram.com\\\/veredes\\\/\",\"https:\\\/\\\/www.linkedin.com\\\/company\\\/veredes-arquitectura-y-divulgacion\\\/\",\"https:\\\/\\\/es.pinterest.com\\\/veredes\\\/\",\"https:\\\/\\\/www.tumblr.com\\\/veredes\"]},{\"@type\":\"Person\",\"@id\":\"https:\\\/\\\/veredes.es\\\/blog\\\/#\\\/schema\\\/person\\\/0bbb669073ef7faba5168a0844e93d2c\",\"name\":\"veredes\",\"image\":{\"@type\":\"ImageObject\",\"inLanguage\":\"es\",\"@id\":\"https:\\\/\\\/veredes.es\\\/blog\\\/wp-content\\\/uploads\\\/2018\\\/04\\\/face-96x96.jpg\",\"url\":\"https:\\\/\\\/veredes.es\\\/blog\\\/wp-content\\\/uploads\\\/2018\\\/04\\\/face-96x96.jpg\",\"contentUrl\":\"https:\\\/\\\/veredes.es\\\/blog\\\/wp-content\\\/uploads\\\/2018\\\/04\\\/face-96x96.jpg\",\"caption\":\"veredes\"},\"description\":\"Surge enero de 2009 como b\u00fasqueda de satisfacer el conocimiento de la actividad arquitect\u00f3nica y tangentes que se generan. La idea es crear un espacio para divulgar los diversos proyectos en busca de nueva inspiraci\u00f3n y de intercambio.\",\"sameAs\":[\"https:\\\/\\\/veredes.es\\\/\",\"https:\\\/\\\/www.facebook.com\\\/veredesArquitecturayDivulgacion\\\/\",\"https:\\\/\\\/www.instagram.com\\\/veredes\\\/\",\"https:\\\/\\\/www.linkedin.com\\\/company\\\/veredes-arquitectura-y-divulgacion\\\/\",\"https:\\\/\\\/www.pinterest.es\\\/veredes\\\/\",\"https:\\\/\\\/x.com\\\/https:\\\/\\\/twitter.com\\\/veredes\",\"https:\\\/\\\/veredes.tumblr.com\\\/\"],\"url\":\"https:\\\/\\\/veredes.es\\\/blog\\\/author\\\/alberto\\\/\"}]}<\/script>\n<!-- \/ Yoast SEO plugin. -->","yoast_head_json":{"title":"Tesis de Urbanismo. III Premio Europeo Manuel de Sol\u00e0-Morales - veredes","description":"Toda la informaci\u00f3n sobre: Tesis de Urbanismo. III Premio Europeo Manuel de Sol\u00e0-Morales","robots":{"index":"index","follow":"follow","max-snippet":"max-snippet:-1","max-image-preview":"max-image-preview:large","max-video-preview":"max-video-preview:-1"},"canonical":"https:\/\/veredes.es\/blog\/tesis-de-urbanismo-premio-europeo-manuel-de-sola-morales\/","og_locale":"es_ES","og_type":"article","og_title":"Tesis de Urbanismo. III Premio Europeo Manuel de Sol\u00e0-Morales - veredes","og_description":"Toda la informaci\u00f3n sobre: Tesis de Urbanismo. III Premio Europeo Manuel de Sol\u00e0-Morales","og_url":"https:\/\/veredes.es\/blog\/tesis-de-urbanismo-premio-europeo-manuel-de-sola-morales\/","og_site_name":"veredes, arquitectura y divulgaci\u00f3n","article_publisher":"https:\/\/www.facebook.com\/veredesArquitecturayDivulgacion\/","article_author":"https:\/\/www.facebook.com\/veredesArquitecturayDivulgacion\/","article_published_time":"2020-07-15T22:01:33+00:00","og_image":[{"width":1200,"height":730,"url":"https:\/\/veredes.es\/blog\/wp-content\/uploads\/2020\/07\/Tesis-de-Urbanismo.-III-Premio-Europeo-Manuel-de-Sol\u00e0-Morales.jpg","type":"image\/jpeg"}],"author":"veredes","twitter_card":"summary_large_image","twitter_creator":"@https:\/\/twitter.com\/veredes","twitter_site":"@veredes","twitter_misc":{"Escrito por":"veredes","Tiempo de lectura":"1 minuto"},"schema":{"@context":"https:\/\/schema.org","@graph":[{"@type":"Article","@id":"https:\/\/veredes.es\/blog\/tesis-de-urbanismo-premio-europeo-manuel-de-sola-morales\/#article","isPartOf":{"@id":"https:\/\/veredes.es\/blog\/tesis-de-urbanismo-premio-europeo-manuel-de-sola-morales\/"},"author":{"name":"veredes","@id":"https:\/\/veredes.es\/blog\/#\/schema\/person\/0bbb669073ef7faba5168a0844e93d2c"},"headline":"Tesis de Urbanismo. III Premio Europeo Manuel de Sol\u00e0-Morales","datePublished":"2020-07-15T22:01:33+00:00","mainEntityOfPage":{"@id":"https:\/\/veredes.es\/blog\/tesis-de-urbanismo-premio-europeo-manuel-de-sola-morales\/"},"wordCount":272,"commentCount":0,"publisher":{"@id":"https:\/\/veredes.es\/blog\/#organization"},"image":{"@id":"https:\/\/veredes.es\/blog\/tesis-de-urbanismo-premio-europeo-manuel-de-sola-morales\/#primaryimage"},"thumbnailUrl":"https:\/\/veredes.es\/blog\/wp-content\/uploads\/2020\/07\/Tesis-de-Urbanismo.-III-Premio-Europeo-Manuel-de-Sol\u00e0-Morales.jpg","keywords":["arquitectura espa\u00f1ola","arquitectura portuguesa","convocatoria","educaci\u00f3n","Espa\u00f1a","ETSAB","fundaci\u00f3n Caja de Arquitectos","historia","Manuel de Sol\u00e0-Morales","Portugal","premio","teor\u00eda","teor\u00eda e historia","tesis","urbanismo"],"articleSection":["convocatorias","eventos","premios"],"inLanguage":"es","potentialAction":[{"@type":"CommentAction","name":"Comment","target":["https:\/\/veredes.es\/blog\/tesis-de-urbanismo-premio-europeo-manuel-de-sola-morales\/#respond"]}]},{"@type":"WebPage","@id":"https:\/\/veredes.es\/blog\/tesis-de-urbanismo-premio-europeo-manuel-de-sola-morales\/","url":"https:\/\/veredes.es\/blog\/tesis-de-urbanismo-premio-europeo-manuel-de-sola-morales\/","name":"Tesis de Urbanismo. III Premio Europeo Manuel de Sol\u00e0-Morales - veredes","isPartOf":{"@id":"https:\/\/veredes.es\/blog\/#website"},"primaryImageOfPage":{"@id":"https:\/\/veredes.es\/blog\/tesis-de-urbanismo-premio-europeo-manuel-de-sola-morales\/#primaryimage"},"image":{"@id":"https:\/\/veredes.es\/blog\/tesis-de-urbanismo-premio-europeo-manuel-de-sola-morales\/#primaryimage"},"thumbnailUrl":"https:\/\/veredes.es\/blog\/wp-content\/uploads\/2020\/07\/Tesis-de-Urbanismo.-III-Premio-Europeo-Manuel-de-Sol\u00e0-Morales.jpg","datePublished":"2020-07-15T22:01:33+00:00","description":"Toda la informaci\u00f3n sobre: Tesis de Urbanismo. III Premio Europeo Manuel de Sol\u00e0-Morales","breadcrumb":{"@id":"https:\/\/veredes.es\/blog\/tesis-de-urbanismo-premio-europeo-manuel-de-sola-morales\/#breadcrumb"},"inLanguage":"es","potentialAction":[{"@type":"ReadAction","target":["https:\/\/veredes.es\/blog\/tesis-de-urbanismo-premio-europeo-manuel-de-sola-morales\/"]}]},{"@type":"ImageObject","inLanguage":"es","@id":"https:\/\/veredes.es\/blog\/tesis-de-urbanismo-premio-europeo-manuel-de-sola-morales\/#primaryimage","url":"https:\/\/veredes.es\/blog\/wp-content\/uploads\/2020\/07\/Tesis-de-Urbanismo.-III-Premio-Europeo-Manuel-de-Sol\u00e0-Morales.jpg","contentUrl":"https:\/\/veredes.es\/blog\/wp-content\/uploads\/2020\/07\/Tesis-de-Urbanismo.-III-Premio-Europeo-Manuel-de-Sol\u00e0-Morales.jpg","width":1200,"height":730},{"@type":"BreadcrumbList","@id":"https:\/\/veredes.es\/blog\/tesis-de-urbanismo-premio-europeo-manuel-de-sola-morales\/#breadcrumb","itemListElement":[{"@type":"ListItem","position":1,"name":"Portada","item":"https:\/\/veredes.es\/blog\/"},{"@type":"ListItem","position":2,"name":"Tesis de Urbanismo. III Premio Europeo Manuel de Sol\u00e0-Morales"}]},{"@type":"WebSite","@id":"https:\/\/veredes.es\/blog\/#website","url":"https:\/\/veredes.es\/blog\/","name":"veredes, arquitectura y divulgaci\u00f3n","description":"veredes","publisher":{"@id":"https:\/\/veredes.es\/blog\/#organization"},"alternateName":"veredes","potentialAction":[{"@type":"SearchAction","target":{"@type":"EntryPoint","urlTemplate":"https:\/\/veredes.es\/blog\/?s={search_term_string}"},"query-input":{"@type":"PropertyValueSpecification","valueRequired":true,"valueName":"search_term_string"}}],"inLanguage":"es"},{"@type":"Organization","@id":"https:\/\/veredes.es\/blog\/#organization","name":"veredes, arquitectura y divulgaci\u00f3n","alternateName":"veredes","url":"https:\/\/veredes.es\/blog\/","logo":{"@type":"ImageObject","inLanguage":"es","@id":"https:\/\/veredes.es\/blog\/#\/schema\/logo\/image\/","url":"https:\/\/veredes.es\/blog\/wp-content\/uploads\/2021\/12\/veredes-logo-centrado_140x54.png","contentUrl":"https:\/\/veredes.es\/blog\/wp-content\/uploads\/2021\/12\/veredes-logo-centrado_140x54.png","width":140,"height":54,"caption":"veredes, arquitectura y divulgaci\u00f3n"},"image":{"@id":"https:\/\/veredes.es\/blog\/#\/schema\/logo\/image\/"},"sameAs":["https:\/\/www.facebook.com\/veredesArquitecturayDivulgacion\/","https:\/\/x.com\/veredes","https:\/\/instagram.com\/veredes\/","https:\/\/www.linkedin.com\/company\/veredes-arquitectura-y-divulgacion\/","https:\/\/es.pinterest.com\/veredes\/","https:\/\/www.tumblr.com\/veredes"]},{"@type":"Person","@id":"https:\/\/veredes.es\/blog\/#\/schema\/person\/0bbb669073ef7faba5168a0844e93d2c","name":"veredes","image":{"@type":"ImageObject","inLanguage":"es","@id":"https:\/\/veredes.es\/blog\/wp-content\/uploads\/2018\/04\/face-96x96.jpg","url":"https:\/\/veredes.es\/blog\/wp-content\/uploads\/2018\/04\/face-96x96.jpg","contentUrl":"https:\/\/veredes.es\/blog\/wp-content\/uploads\/2018\/04\/face-96x96.jpg","caption":"veredes"},"description":"Surge enero de 2009 como b\u00fasqueda de satisfacer el conocimiento de la actividad arquitect\u00f3nica y tangentes que se generan. La idea es crear un espacio para divulgar los diversos proyectos en busca de nueva inspiraci\u00f3n y de intercambio.","sameAs":["https:\/\/veredes.es\/","https:\/\/www.facebook.com\/veredesArquitecturayDivulgacion\/","https:\/\/www.instagram.com\/veredes\/","https:\/\/www.linkedin.com\/company\/veredes-arquitectura-y-divulgacion\/","https:\/\/www.pinterest.es\/veredes\/","https:\/\/x.com\/https:\/\/twitter.com\/veredes","https:\/\/veredes.tumblr.com\/"],"url":"https:\/\/veredes.es\/blog\/author\/alberto\/"}]}},"_links":{"self":[{"href":"https:\/\/veredes.es\/blog\/wp-json\/wp\/v2\/posts\/80539","targetHints":{"allow":["GET"]}}],"collection":[{"href":"https:\/\/veredes.es\/blog\/wp-json\/wp\/v2\/posts"}],"about":[{"href":"https:\/\/veredes.es\/blog\/wp-json\/wp\/v2\/types\/post"}],"author":[{"embeddable":true,"href":"https:\/\/veredes.es\/blog\/wp-json\/wp\/v2\/users\/2"}],"replies":[{"embeddable":true,"href":"https:\/\/veredes.es\/blog\/wp-json\/wp\/v2\/comments?post=80539"}],"version-history":[{"count":0,"href":"https:\/\/veredes.es\/blog\/wp-json\/wp\/v2\/posts\/80539\/revisions"}],"wp:featuredmedia":[{"embeddable":true,"href":"https:\/\/veredes.es\/blog\/wp-json\/wp\/v2\/media\/80541"}],"wp:attachment":[{"href":"https:\/\/veredes.es\/blog\/wp-json\/wp\/v2\/media?parent=80539"}],"wp:term":[{"taxonomy":"category","embeddable":true,"href":"https:\/\/veredes.es\/blog\/wp-json\/wp\/v2\/categories?post=80539"},{"taxonomy":"post_tag","embeddable":true,"href":"https:\/\/veredes.es\/blog\/wp-json\/wp\/v2\/tags?post=80539"}],"curies":[{"name":"wp","href":"https:\/\/api.w.org\/{rel}","templated":true}]}}