{"id":80477,"date":"2020-06-30T00:01:49","date_gmt":"2020-06-29T22:01:49","guid":{"rendered":"https:\/\/veredes.es\/blog\/?p=80477"},"modified":"2020-06-12T12:24:22","modified_gmt":"2020-06-12T10:24:22","slug":"intervencion-en-la-cubierta-del-palacete-en-azuqueca-de-henares","status":"publish","type":"post","link":"https:\/\/veredes.es\/blog\/intervencion-en-la-cubierta-del-palacete-en-azuqueca-de-henares\/","title":{"rendered":"Intervenci\u00f3n en la cubierta del palacete en Azuqueca de Henares"},"content":{"rendered":"<p><figure id=\"attachment_80490\" aria-describedby=\"caption-attachment-80490\" style=\"width: 640px\" class=\"wp-caption alignnone\"><img loading=\"lazy\" decoding=\"async\" class=\"size-large wp-image-80490\" src=\"https:\/\/veredes.es\/blog\/wp-content\/uploads\/2020\/06\/Intervenci\u00f3n-en-la-cubierta-del-palacete-en-Azuqueca-de-Henares-o1-1024x768.jpg\" alt=\"\" width=\"640\" height=\"480\" srcset=\"https:\/\/veredes.es\/blog\/wp-content\/uploads\/2020\/06\/Intervenci\u00f3n-en-la-cubierta-del-palacete-en-Azuqueca-de-Henares-o1-1024x768.jpg 1024w, https:\/\/veredes.es\/blog\/wp-content\/uploads\/2020\/06\/Intervenci\u00f3n-en-la-cubierta-del-palacete-en-Azuqueca-de-Henares-o1-300x225.jpg 300w, https:\/\/veredes.es\/blog\/wp-content\/uploads\/2020\/06\/Intervenci\u00f3n-en-la-cubierta-del-palacete-en-Azuqueca-de-Henares-o1.jpg 1200w\" sizes=\"auto, (max-width: 640px) 100vw, 640px\" \/><figcaption id=\"caption-attachment-80490\" class=\"wp-caption-text\"><span style=\"color: #999999;\">Intervenci\u00f3n en la cubierta del palacete en Azuqueca de Henares | Fotograf\u00eda:<a href=\"https:\/\/tejasverea.com\/\" target=\"_blank\" rel=\"noopener noreferrer\"> Tejas Verea<\/a><\/span><\/figcaption><\/figure><\/p>\n<p style=\"text-align: justify;\">Construido en el a\u00f1o 1850, este palacete de estilo italiano se encuentra ubicado en Azuqueca de Henares en Guadalajara (Castilla-La Mancha), rodeado por una parcela de aproximadamente 20.000 m2.<\/p>\n<figure id=\"attachment_80491\" aria-describedby=\"caption-attachment-80491\" style=\"width: 640px\" class=\"wp-caption alignnone\"><img loading=\"lazy\" decoding=\"async\" class=\"wp-image-80491 size-large\" src=\"https:\/\/veredes.es\/blog\/wp-content\/uploads\/2020\/06\/Intervenci\u00f3n-en-la-cubierta-del-palacete-en-Azuqueca-de-Henares-o2-1024x768.jpg\" alt=\"\" width=\"640\" height=\"480\" srcset=\"https:\/\/veredes.es\/blog\/wp-content\/uploads\/2020\/06\/Intervenci\u00f3n-en-la-cubierta-del-palacete-en-Azuqueca-de-Henares-o2-1024x768.jpg 1024w, https:\/\/veredes.es\/blog\/wp-content\/uploads\/2020\/06\/Intervenci\u00f3n-en-la-cubierta-del-palacete-en-Azuqueca-de-Henares-o2-300x225.jpg 300w, https:\/\/veredes.es\/blog\/wp-content\/uploads\/2020\/06\/Intervenci\u00f3n-en-la-cubierta-del-palacete-en-Azuqueca-de-Henares-o2.jpg 1200w\" sizes=\"auto, (max-width: 640px) 100vw, 640px\" \/><figcaption id=\"caption-attachment-80491\" class=\"wp-caption-text\"><span style=\"color: #999999;\">Estado previo de la cubierta del palacete en Azuqueca de Henares | Fotograf\u00eda: Tejas Verea<\/span><\/figcaption><\/figure>\n<p style=\"text-align: justify;\"><strong>\u00bfQu\u00e9 problem\u00e1ticas ser afrontaron?<\/strong><\/p>\n<p style=\"text-align: justify;\">La estructura de cubierta del palacete estaba formada por vigas y correas de madera, sobre las que se apoyaba una ripia de madera, generando una superficie continua sobre la que se asentaban directamente tejas cer\u00e1micas tomadas con mortero.<\/p>\n<p style=\"text-align: justify;\">El paso de los a\u00f1os provoc\u00f3 movimiento en las tejas, lo que hizo que se despegasen del mortero y acabasen desplaz\u00e1ndose de su posici\u00f3n original, lo que, unido a la inexistencia de una capa de impermeabilizaci\u00f3n inferior, provoc\u00f3 la filtraci\u00f3n de agua hacia la estructura de madera originando graves humedades en el interior de la edificaci\u00f3n, as\u00ed como su deterioro prematuro.<\/p>\n<figure id=\"attachment_80493\" aria-describedby=\"caption-attachment-80493\" style=\"width: 640px\" class=\"wp-caption alignnone\"><img loading=\"lazy\" decoding=\"async\" class=\"size-large wp-image-80493\" src=\"https:\/\/veredes.es\/blog\/wp-content\/uploads\/2020\/06\/Intervenci\u00f3n-en-la-cubierta-del-palacete-en-Azuqueca-de-Henares-o3-1024x768.jpg\" alt=\"\" width=\"640\" height=\"480\" srcset=\"https:\/\/veredes.es\/blog\/wp-content\/uploads\/2020\/06\/Intervenci\u00f3n-en-la-cubierta-del-palacete-en-Azuqueca-de-Henares-o3-1024x768.jpg 1024w, https:\/\/veredes.es\/blog\/wp-content\/uploads\/2020\/06\/Intervenci\u00f3n-en-la-cubierta-del-palacete-en-Azuqueca-de-Henares-o3-300x225.jpg 300w, https:\/\/veredes.es\/blog\/wp-content\/uploads\/2020\/06\/Intervenci\u00f3n-en-la-cubierta-del-palacete-en-Azuqueca-de-Henares-o3.jpg 1200w\" sizes=\"auto, (max-width: 640px) 100vw, 640px\" \/><figcaption id=\"caption-attachment-80493\" class=\"wp-caption-text\"><span style=\"color: #999999;\">Cubierta ligera del palacete en Azuqueca de Henares | Fotograf\u00eda: <a href=\"https:\/\/tejasverea.com\/\" target=\"_blank\" rel=\"noopener noreferrer\">Tejas Verea<\/a><\/span><\/figcaption><\/figure>\n<p style=\"text-align: justify;\"><strong>\u00bfQu\u00e9 soluci\u00f3n t\u00e9cnica se propuso?<\/strong><\/p>\n<p style=\"text-align: justify;\">Teniendo en cuenta el mal estado de toda la estructura de madera se opta por una intervenci\u00f3n total en la cubierta, sustituyendo la estructura original por un sistema de cubierta ligera, formada por vigas y correas met\u00e1licas, que sirvieron de base para la colocaci\u00f3n de placa ondulada de fibrocemento, sobre la que se instalaron tejas cer\u00e1micas curvas de dimensiones 50&#215;21 acabado Jacobeo siguiendo el <strong><a href=\"https:\/\/tejasverea.com\/wp-content\/uploads\/2019\/07\/DIT-622-16_VEREA-SYSTEM.pdf\" target=\"_blank\" rel=\"noopener noreferrer\">DIT de instalaci\u00f3n n\u00famero 622\/16 de<\/a> <a href=\"https:\/\/tejasverea.com\/wp-content\/uploads\/2019\/07\/DIT-622-16_VEREA-SYSTEM.pdf\" target=\"_blank\" rel=\"noopener noreferrer\">Tejas Verea<\/a><\/strong>.<\/p>\n<p style=\"text-align: justify;\">Se puede apreciar la estructura met\u00e1lica, cuyas vigas tienen un canto considerable dado que la distancia entre apoyos era importante. Sobre estas vigas se colocaron unos perfiles tipo omega 50&#215;40 met\u00e1licos, con una separaci\u00f3n entre ellos de 1,15 metros, distancia m\u00e1xima permitida para la colocaci\u00f3n de placas onduladas de fibrocemento de 2,50 metros de longitud para un solape de 20 cm, tal y como indica el <a href=\"https:\/\/tejasverea.com\/wp-content\/uploads\/2019\/07\/DIT-622-16_VEREA-SYSTEM.pdf\" target=\"_blank\" rel=\"noopener noreferrer\">DIT de Tejas Verea.<\/a><\/p>\n<figure id=\"attachment_80495\" aria-describedby=\"caption-attachment-80495\" style=\"width: 640px\" class=\"wp-caption alignnone\"><img loading=\"lazy\" decoding=\"async\" class=\"wp-image-80495 size-large\" src=\"https:\/\/veredes.es\/blog\/wp-content\/uploads\/2020\/06\/Intervenci\u00f3n-en-la-cubierta-del-palacete-en-Azuqueca-de-Henares-o4-1024x768.jpg\" alt=\"\" width=\"640\" height=\"480\" srcset=\"https:\/\/veredes.es\/blog\/wp-content\/uploads\/2020\/06\/Intervenci\u00f3n-en-la-cubierta-del-palacete-en-Azuqueca-de-Henares-o4-1024x768.jpg 1024w, https:\/\/veredes.es\/blog\/wp-content\/uploads\/2020\/06\/Intervenci\u00f3n-en-la-cubierta-del-palacete-en-Azuqueca-de-Henares-o4-300x225.jpg 300w, https:\/\/veredes.es\/blog\/wp-content\/uploads\/2020\/06\/Intervenci\u00f3n-en-la-cubierta-del-palacete-en-Azuqueca-de-Henares-o4.jpg 1200w\" sizes=\"auto, (max-width: 640px) 100vw, 640px\" \/><figcaption id=\"caption-attachment-80495\" class=\"wp-caption-text\"><span style=\"color: #999999;\">Cubrici\u00f3n | Fotograf\u00eda:<a href=\"https:\/\/tejasverea.com\/\" target=\"_blank\" rel=\"noopener noreferrer\"> Tejas Verea<\/a><\/span><\/figcaption><\/figure>\n<p style=\"text-align: justify;\">En la zona de alero se instal\u00f3 un canal\u00f3n de recogida de aguas, cuyas patillas se fijaron directamente a la placa de fibrocemento al permitir este material realizar fijaciones directas sobre el mismo, impermeabilizando la zona de fijaci\u00f3n para evitar posibles filtraciones de agua, tal y como se aprecia en la siguiente fotograf\u00eda.<\/p>\n<p style=\"text-align: justify;\">Una vez fijado el soporte para el canal\u00f3n, se procedi\u00f3 a la colocaci\u00f3n de la teja de alero, <a href=\"https:\/\/tejasverea.com\/videos\/\" target=\"_blank\" rel=\"noopener noreferrer\"><strong>una pieza especial<\/strong><\/a> contemplada en el sistema que consiste en una pieza precortada y pretaladrada, permitiendo de este modo que la teja cobija del alero sea m\u00e1s corta que las del resto del fald\u00f3n y sirviendo de tope para las mismas. Por ello es de vital importancia que esta teja se fije con un tornillo a la onda alta del fibrocemento, aprovechando el agujero pretaladrado que trae de f\u00e1brica, lo que adem\u00e1s de asegurar que no se desplazar\u00e1 de su posici\u00f3n, permite la entrada de aire por la zona de alero lo que garantiza la microventilaci\u00f3n bajo teja, que ayuda a la conservaci\u00f3n del material cer\u00e1mico y aumenta el confort t\u00e9rmico de la vivienda.<\/p>\n<figure id=\"attachment_80496\" aria-describedby=\"caption-attachment-80496\" style=\"width: 640px\" class=\"wp-caption alignnone\"><img loading=\"lazy\" decoding=\"async\" class=\"size-large wp-image-80496\" src=\"https:\/\/veredes.es\/blog\/wp-content\/uploads\/2020\/06\/Intervenci\u00f3n-en-la-cubierta-del-palacete-en-Azuqueca-de-Henares-o5-1024x695.jpg\" alt=\"\" width=\"640\" height=\"434\" srcset=\"https:\/\/veredes.es\/blog\/wp-content\/uploads\/2020\/06\/Intervenci\u00f3n-en-la-cubierta-del-palacete-en-Azuqueca-de-Henares-o5-1024x695.jpg 1024w, https:\/\/veredes.es\/blog\/wp-content\/uploads\/2020\/06\/Intervenci\u00f3n-en-la-cubierta-del-palacete-en-Azuqueca-de-Henares-o5-300x204.jpg 300w, https:\/\/veredes.es\/blog\/wp-content\/uploads\/2020\/06\/Intervenci\u00f3n-en-la-cubierta-del-palacete-en-Azuqueca-de-Henares-o5.jpg 1200w\" sizes=\"auto, (max-width: 640px) 100vw, 640px\" \/><figcaption id=\"caption-attachment-80496\" class=\"wp-caption-text\"><span style=\"color: #999999;\">Encuentro de alero con canal\u00f3n | Fotograf\u00eda: Tejas Verea<\/span><\/figcaption><\/figure>\n<p style=\"text-align: justify;\">Una vez colocadas todas las tejas de alero, el resto de piezas del fald\u00f3n se instalan en seco mediante gancho de acero inoxidable de longitud 7,5 cm, as\u00ed como espuma de poliuretano en la zona de solape entre tejas cobijas.<\/p>\n<p style=\"text-align: justify;\">Por \u00faltimo, la cumbrera se ejecuta igualmente mediante el sistema ventilado contemplado en el<strong><a href=\"https:\/\/tejasverea.com\/wp-content\/uploads\/2019\/07\/DIT-622-16_VEREA-SYSTEM.pdf\" target=\"_blank\" rel=\"noopener noreferrer\"> DIT<\/a><\/strong>, formado por una l\u00e1mina impermeable-transpirable y por un perfil met\u00e1lico que se fija y nivela mediante un conjunto pletina met\u00e1lico, que a su vez va atornillado directamente a la onda alta de la placa ondulada de fibrocemento.<\/p>\n<figure id=\"attachment_80498\" aria-describedby=\"caption-attachment-80498\" style=\"width: 640px\" class=\"wp-caption alignnone\"><img loading=\"lazy\" decoding=\"async\" class=\"wp-image-80498 size-large\" src=\"https:\/\/veredes.es\/blog\/wp-content\/uploads\/2020\/06\/Intervenci\u00f3n-en-la-cubierta-del-palacete-en-Azuqueca-de-Henares-o6-1024x768.jpg\" alt=\"\" width=\"640\" height=\"480\" srcset=\"https:\/\/veredes.es\/blog\/wp-content\/uploads\/2020\/06\/Intervenci\u00f3n-en-la-cubierta-del-palacete-en-Azuqueca-de-Henares-o6-1024x768.jpg 1024w, https:\/\/veredes.es\/blog\/wp-content\/uploads\/2020\/06\/Intervenci\u00f3n-en-la-cubierta-del-palacete-en-Azuqueca-de-Henares-o6-300x225.jpg 300w, https:\/\/veredes.es\/blog\/wp-content\/uploads\/2020\/06\/Intervenci\u00f3n-en-la-cubierta-del-palacete-en-Azuqueca-de-Henares-o6.jpg 1200w\" sizes=\"auto, (max-width: 640px) 100vw, 640px\" \/><figcaption id=\"caption-attachment-80498\" class=\"wp-caption-text\"><span style=\"color: #999999;\">Cumbrera y limatesa | Fotograf\u00eda: <a href=\"https:\/\/tejasverea.com\/\" target=\"_blank\" rel=\"noopener noreferrer\">Tejas Verea<\/a><\/span><\/figcaption><\/figure>\n<p style=\"text-align: justify;\">De esta forma, se garantiza que el aire que entra por la zona se alero se evacua correctamente por la zona de cumbrera, asegurando de este modo el correcto funcionamiento de la cubierta.<\/p>\n<figure id=\"attachment_80499\" aria-describedby=\"caption-attachment-80499\" style=\"width: 640px\" class=\"wp-caption alignnone\"><img loading=\"lazy\" decoding=\"async\" class=\"wp-image-80499 size-large\" src=\"https:\/\/veredes.es\/blog\/wp-content\/uploads\/2020\/06\/Intervenci\u00f3n-en-la-cubierta-del-palacete-en-Azuqueca-de-Henares-o7-1024x768.jpg\" alt=\"\" width=\"640\" height=\"480\" srcset=\"https:\/\/veredes.es\/blog\/wp-content\/uploads\/2020\/06\/Intervenci\u00f3n-en-la-cubierta-del-palacete-en-Azuqueca-de-Henares-o7-1024x768.jpg 1024w, https:\/\/veredes.es\/blog\/wp-content\/uploads\/2020\/06\/Intervenci\u00f3n-en-la-cubierta-del-palacete-en-Azuqueca-de-Henares-o7-300x225.jpg 300w, https:\/\/veredes.es\/blog\/wp-content\/uploads\/2020\/06\/Intervenci\u00f3n-en-la-cubierta-del-palacete-en-Azuqueca-de-Henares-o7.jpg 1200w\" sizes=\"auto, (max-width: 640px) 100vw, 640px\" \/><figcaption id=\"caption-attachment-80499\" class=\"wp-caption-text\"><span style=\"color: #999999;\">Intervenci\u00f3n en la cubierta del palacete en Azuqueca de Henares | Fotograf\u00eda: <a href=\"https:\/\/tejasverea.com\/\" target=\"_blank\" rel=\"noopener noreferrer\">Tejas Verea<\/a><\/span><\/figcaption><\/figure>\n<p>Principales datos de la rehabilitaci\u00f3n<br \/>\nInicio de las obras: marzo 2019<br \/>\nSuperficie rehabilitada: 600 m2<br \/>\nEmpresa responsable de la cubierta: Sotecur SL<\/p>","protected":false},"excerpt":{"rendered":"<p>Construido en el a\u00f1o 1850, este palacete de estilo italiano se encuentra ubicado en Azuqueca de Henares en Guadalajara (Castilla-La Mancha), rodeado por una parcela de aproximadamente 20.000 m2. \u00bfQu\u00e9 problem\u00e1ticas ser afrontaron? La estructura de cubierta del palacete estaba formada por vigas y correas de madera, sobre las que se apoyaba una ripia de [&hellip;]<\/p>\n","protected":false},"author":2,"featured_media":80499,"comment_status":"open","ping_status":"closed","sticky":false,"template":"","format":"standard","meta":{"footnotes":""},"categories":[10089,5951],"tags":[12478,365,733,12463,2787,1004,12464,3686,14525],"class_list":{"0":"post-80477","1":"post","2":"type-post","3":"status-publish","4":"format-standard","5":"has-post-thumbnail","7":"category-aparejo","8":"category-slider-principal","9":"tag-aparejo","10":"tag-construccion","11":"tag-intervencion","12":"tag-patrimonio","13":"tag-patrimonio-cultural","14":"tag-patrimonio-historico","15":"tag-rehabilitacion","16":"tag-rehabilitar","17":"tag-tejas-verea"},"yoast_head":"<!-- This site is optimized with the Yoast SEO plugin v27.4 - https:\/\/yoast.com\/product\/yoast-seo-wordpress\/ -->\n<title>Intervenci\u00f3n en la cubierta del palacete en Azuqueca de Henares - veredes<\/title>\n<meta name=\"description\" content=\"Toda la informaci\u00f3n sobre: Intervenci\u00f3n en la cubierta del palacete en Azuqueca de Henares\" \/>\n<meta name=\"robots\" content=\"index, follow, max-snippet:-1, max-image-preview:large, max-video-preview:-1\" \/>\n<link rel=\"canonical\" href=\"https:\/\/veredes.es\/blog\/intervencion-en-la-cubierta-del-palacete-en-azuqueca-de-henares\/\" \/>\n<meta property=\"og:locale\" content=\"es_ES\" \/>\n<meta property=\"og:type\" content=\"article\" \/>\n<meta property=\"og:title\" content=\"Intervenci\u00f3n en la cubierta del palacete en Azuqueca de Henares - veredes\" \/>\n<meta property=\"og:description\" content=\"Toda la informaci\u00f3n sobre: Intervenci\u00f3n en la cubierta del palacete en Azuqueca de Henares\" \/>\n<meta property=\"og:url\" content=\"https:\/\/veredes.es\/blog\/intervencion-en-la-cubierta-del-palacete-en-azuqueca-de-henares\/\" \/>\n<meta property=\"og:site_name\" content=\"veredes, arquitectura y divulgaci\u00f3n\" \/>\n<meta property=\"article:publisher\" content=\"https:\/\/www.facebook.com\/veredesArquitecturayDivulgacion\/\" \/>\n<meta property=\"article:author\" content=\"https:\/\/www.facebook.com\/veredesArquitecturayDivulgacion\/\" \/>\n<meta property=\"article:published_time\" content=\"2020-06-29T22:01:49+00:00\" \/>\n<meta property=\"og:image\" content=\"https:\/\/veredes.es\/blog\/wp-content\/uploads\/2020\/06\/Intervenci\u00f3n-en-la-cubierta-del-palacete-en-Azuqueca-de-Henares-o7.jpg\" \/>\n\t<meta property=\"og:image:width\" content=\"1200\" \/>\n\t<meta property=\"og:image:height\" content=\"900\" \/>\n\t<meta property=\"og:image:type\" content=\"image\/jpeg\" \/>\n<meta name=\"author\" content=\"veredes\" \/>\n<meta name=\"twitter:card\" content=\"summary_large_image\" \/>\n<meta name=\"twitter:creator\" content=\"@https:\/\/twitter.com\/veredes\" \/>\n<meta name=\"twitter:site\" content=\"@veredes\" \/>\n<meta name=\"twitter:label1\" content=\"Escrito por\" \/>\n\t<meta name=\"twitter:data1\" content=\"veredes\" \/>\n\t<meta name=\"twitter:label2\" content=\"Tiempo de lectura\" \/>\n\t<meta name=\"twitter:data2\" content=\"12 minutos\" \/>\n<script type=\"application\/ld+json\" class=\"yoast-schema-graph\">{\"@context\":\"https:\\\/\\\/schema.org\",\"@graph\":[{\"@type\":\"Article\",\"@id\":\"https:\\\/\\\/veredes.es\\\/blog\\\/intervencion-en-la-cubierta-del-palacete-en-azuqueca-de-henares\\\/#article\",\"isPartOf\":{\"@id\":\"https:\\\/\\\/veredes.es\\\/blog\\\/intervencion-en-la-cubierta-del-palacete-en-azuqueca-de-henares\\\/\"},\"author\":{\"name\":\"veredes\",\"@id\":\"https:\\\/\\\/veredes.es\\\/blog\\\/#\\\/schema\\\/person\\\/0bbb669073ef7faba5168a0844e93d2c\"},\"headline\":\"Intervenci\u00f3n en la cubierta del palacete en Azuqueca de Henares\",\"datePublished\":\"2020-06-29T22:01:49+00:00\",\"mainEntityOfPage\":{\"@id\":\"https:\\\/\\\/veredes.es\\\/blog\\\/intervencion-en-la-cubierta-del-palacete-en-azuqueca-de-henares\\\/\"},\"wordCount\":2330,\"commentCount\":0,\"publisher\":{\"@id\":\"https:\\\/\\\/veredes.es\\\/blog\\\/#organization\"},\"image\":{\"@id\":\"https:\\\/\\\/veredes.es\\\/blog\\\/intervencion-en-la-cubierta-del-palacete-en-azuqueca-de-henares\\\/#primaryimage\"},\"thumbnailUrl\":\"https:\\\/\\\/veredes.es\\\/blog\\\/wp-content\\\/uploads\\\/2020\\\/06\\\/Intervenci\u00f3n-en-la-cubierta-del-palacete-en-Azuqueca-de-Henares-o7.jpg\",\"keywords\":[\"aparejo\",\"construcci\u00f3n\",\"intervenci\u00f3n\",\"patrimonio\",\"patrimonio cultural\",\"patrimonio hist\u00f3rico\",\"rehabilitaci\u00f3n\",\"rehabilitar\",\"Tejas Verea\"],\"articleSection\":[\"aparejo\",\"slider principal\"],\"inLanguage\":\"es\",\"potentialAction\":[{\"@type\":\"CommentAction\",\"name\":\"Comment\",\"target\":[\"https:\\\/\\\/veredes.es\\\/blog\\\/intervencion-en-la-cubierta-del-palacete-en-azuqueca-de-henares\\\/#respond\"]}]},{\"@type\":\"WebPage\",\"@id\":\"https:\\\/\\\/veredes.es\\\/blog\\\/intervencion-en-la-cubierta-del-palacete-en-azuqueca-de-henares\\\/\",\"url\":\"https:\\\/\\\/veredes.es\\\/blog\\\/intervencion-en-la-cubierta-del-palacete-en-azuqueca-de-henares\\\/\",\"name\":\"Intervenci\u00f3n en la cubierta del palacete en Azuqueca de Henares - veredes\",\"isPartOf\":{\"@id\":\"https:\\\/\\\/veredes.es\\\/blog\\\/#website\"},\"primaryImageOfPage\":{\"@id\":\"https:\\\/\\\/veredes.es\\\/blog\\\/intervencion-en-la-cubierta-del-palacete-en-azuqueca-de-henares\\\/#primaryimage\"},\"image\":{\"@id\":\"https:\\\/\\\/veredes.es\\\/blog\\\/intervencion-en-la-cubierta-del-palacete-en-azuqueca-de-henares\\\/#primaryimage\"},\"thumbnailUrl\":\"https:\\\/\\\/veredes.es\\\/blog\\\/wp-content\\\/uploads\\\/2020\\\/06\\\/Intervenci\u00f3n-en-la-cubierta-del-palacete-en-Azuqueca-de-Henares-o7.jpg\",\"datePublished\":\"2020-06-29T22:01:49+00:00\",\"description\":\"Toda la informaci\u00f3n sobre: Intervenci\u00f3n en la cubierta del palacete en Azuqueca de Henares\",\"breadcrumb\":{\"@id\":\"https:\\\/\\\/veredes.es\\\/blog\\\/intervencion-en-la-cubierta-del-palacete-en-azuqueca-de-henares\\\/#breadcrumb\"},\"inLanguage\":\"es\",\"potentialAction\":[{\"@type\":\"ReadAction\",\"target\":[\"https:\\\/\\\/veredes.es\\\/blog\\\/intervencion-en-la-cubierta-del-palacete-en-azuqueca-de-henares\\\/\"]}]},{\"@type\":\"ImageObject\",\"inLanguage\":\"es\",\"@id\":\"https:\\\/\\\/veredes.es\\\/blog\\\/intervencion-en-la-cubierta-del-palacete-en-azuqueca-de-henares\\\/#primaryimage\",\"url\":\"https:\\\/\\\/veredes.es\\\/blog\\\/wp-content\\\/uploads\\\/2020\\\/06\\\/Intervenci\u00f3n-en-la-cubierta-del-palacete-en-Azuqueca-de-Henares-o7.jpg\",\"contentUrl\":\"https:\\\/\\\/veredes.es\\\/blog\\\/wp-content\\\/uploads\\\/2020\\\/06\\\/Intervenci\u00f3n-en-la-cubierta-del-palacete-en-Azuqueca-de-Henares-o7.jpg\",\"width\":1200,\"height\":900},{\"@type\":\"BreadcrumbList\",\"@id\":\"https:\\\/\\\/veredes.es\\\/blog\\\/intervencion-en-la-cubierta-del-palacete-en-azuqueca-de-henares\\\/#breadcrumb\",\"itemListElement\":[{\"@type\":\"ListItem\",\"position\":1,\"name\":\"Portada\",\"item\":\"https:\\\/\\\/veredes.es\\\/blog\\\/\"},{\"@type\":\"ListItem\",\"position\":2,\"name\":\"Intervenci\u00f3n en la cubierta del palacete en Azuqueca de Henares\"}]},{\"@type\":\"WebSite\",\"@id\":\"https:\\\/\\\/veredes.es\\\/blog\\\/#website\",\"url\":\"https:\\\/\\\/veredes.es\\\/blog\\\/\",\"name\":\"veredes, arquitectura y divulgaci\u00f3n\",\"description\":\"veredes\",\"publisher\":{\"@id\":\"https:\\\/\\\/veredes.es\\\/blog\\\/#organization\"},\"alternateName\":\"veredes\",\"potentialAction\":[{\"@type\":\"SearchAction\",\"target\":{\"@type\":\"EntryPoint\",\"urlTemplate\":\"https:\\\/\\\/veredes.es\\\/blog\\\/?s={search_term_string}\"},\"query-input\":{\"@type\":\"PropertyValueSpecification\",\"valueRequired\":true,\"valueName\":\"search_term_string\"}}],\"inLanguage\":\"es\"},{\"@type\":\"Organization\",\"@id\":\"https:\\\/\\\/veredes.es\\\/blog\\\/#organization\",\"name\":\"veredes, arquitectura y divulgaci\u00f3n\",\"alternateName\":\"veredes\",\"url\":\"https:\\\/\\\/veredes.es\\\/blog\\\/\",\"logo\":{\"@type\":\"ImageObject\",\"inLanguage\":\"es\",\"@id\":\"https:\\\/\\\/veredes.es\\\/blog\\\/#\\\/schema\\\/logo\\\/image\\\/\",\"url\":\"https:\\\/\\\/veredes.es\\\/blog\\\/wp-content\\\/uploads\\\/2021\\\/12\\\/veredes-logo-centrado_140x54.png\",\"contentUrl\":\"https:\\\/\\\/veredes.es\\\/blog\\\/wp-content\\\/uploads\\\/2021\\\/12\\\/veredes-logo-centrado_140x54.png\",\"width\":140,\"height\":54,\"caption\":\"veredes, arquitectura y divulgaci\u00f3n\"},\"image\":{\"@id\":\"https:\\\/\\\/veredes.es\\\/blog\\\/#\\\/schema\\\/logo\\\/image\\\/\"},\"sameAs\":[\"https:\\\/\\\/www.facebook.com\\\/veredesArquitecturayDivulgacion\\\/\",\"https:\\\/\\\/x.com\\\/veredes\",\"https:\\\/\\\/instagram.com\\\/veredes\\\/\",\"https:\\\/\\\/www.linkedin.com\\\/company\\\/veredes-arquitectura-y-divulgacion\\\/\",\"https:\\\/\\\/es.pinterest.com\\\/veredes\\\/\",\"https:\\\/\\\/www.tumblr.com\\\/veredes\"]},{\"@type\":\"Person\",\"@id\":\"https:\\\/\\\/veredes.es\\\/blog\\\/#\\\/schema\\\/person\\\/0bbb669073ef7faba5168a0844e93d2c\",\"name\":\"veredes\",\"image\":{\"@type\":\"ImageObject\",\"inLanguage\":\"es\",\"@id\":\"https:\\\/\\\/veredes.es\\\/blog\\\/wp-content\\\/uploads\\\/2018\\\/04\\\/face-96x96.jpg\",\"url\":\"https:\\\/\\\/veredes.es\\\/blog\\\/wp-content\\\/uploads\\\/2018\\\/04\\\/face-96x96.jpg\",\"contentUrl\":\"https:\\\/\\\/veredes.es\\\/blog\\\/wp-content\\\/uploads\\\/2018\\\/04\\\/face-96x96.jpg\",\"caption\":\"veredes\"},\"description\":\"Surge enero de 2009 como b\u00fasqueda de satisfacer el conocimiento de la actividad arquitect\u00f3nica y tangentes que se generan. La idea es crear un espacio para divulgar los diversos proyectos en busca de nueva inspiraci\u00f3n y de intercambio.\",\"sameAs\":[\"https:\\\/\\\/veredes.es\\\/\",\"https:\\\/\\\/www.facebook.com\\\/veredesArquitecturayDivulgacion\\\/\",\"https:\\\/\\\/www.instagram.com\\\/veredes\\\/\",\"https:\\\/\\\/www.linkedin.com\\\/company\\\/veredes-arquitectura-y-divulgacion\\\/\",\"https:\\\/\\\/www.pinterest.es\\\/veredes\\\/\",\"https:\\\/\\\/x.com\\\/https:\\\/\\\/twitter.com\\\/veredes\",\"https:\\\/\\\/veredes.tumblr.com\\\/\"],\"url\":\"https:\\\/\\\/veredes.es\\\/blog\\\/author\\\/alberto\\\/\"}]}<\/script>\n<!-- \/ Yoast SEO plugin. -->","yoast_head_json":{"title":"Intervenci\u00f3n en la cubierta del palacete en Azuqueca de Henares - veredes","description":"Toda la informaci\u00f3n sobre: Intervenci\u00f3n en la cubierta del palacete en Azuqueca de Henares","robots":{"index":"index","follow":"follow","max-snippet":"max-snippet:-1","max-image-preview":"max-image-preview:large","max-video-preview":"max-video-preview:-1"},"canonical":"https:\/\/veredes.es\/blog\/intervencion-en-la-cubierta-del-palacete-en-azuqueca-de-henares\/","og_locale":"es_ES","og_type":"article","og_title":"Intervenci\u00f3n en la cubierta del palacete en Azuqueca de Henares - veredes","og_description":"Toda la informaci\u00f3n sobre: Intervenci\u00f3n en la cubierta del palacete en Azuqueca de Henares","og_url":"https:\/\/veredes.es\/blog\/intervencion-en-la-cubierta-del-palacete-en-azuqueca-de-henares\/","og_site_name":"veredes, arquitectura y divulgaci\u00f3n","article_publisher":"https:\/\/www.facebook.com\/veredesArquitecturayDivulgacion\/","article_author":"https:\/\/www.facebook.com\/veredesArquitecturayDivulgacion\/","article_published_time":"2020-06-29T22:01:49+00:00","og_image":[{"width":1200,"height":900,"url":"https:\/\/veredes.es\/blog\/wp-content\/uploads\/2020\/06\/Intervenci\u00f3n-en-la-cubierta-del-palacete-en-Azuqueca-de-Henares-o7.jpg","type":"image\/jpeg"}],"author":"veredes","twitter_card":"summary_large_image","twitter_creator":"@https:\/\/twitter.com\/veredes","twitter_site":"@veredes","twitter_misc":{"Escrito por":"veredes","Tiempo de lectura":"12 minutos"},"schema":{"@context":"https:\/\/schema.org","@graph":[{"@type":"Article","@id":"https:\/\/veredes.es\/blog\/intervencion-en-la-cubierta-del-palacete-en-azuqueca-de-henares\/#article","isPartOf":{"@id":"https:\/\/veredes.es\/blog\/intervencion-en-la-cubierta-del-palacete-en-azuqueca-de-henares\/"},"author":{"name":"veredes","@id":"https:\/\/veredes.es\/blog\/#\/schema\/person\/0bbb669073ef7faba5168a0844e93d2c"},"headline":"Intervenci\u00f3n en la cubierta del palacete en Azuqueca de Henares","datePublished":"2020-06-29T22:01:49+00:00","mainEntityOfPage":{"@id":"https:\/\/veredes.es\/blog\/intervencion-en-la-cubierta-del-palacete-en-azuqueca-de-henares\/"},"wordCount":2330,"commentCount":0,"publisher":{"@id":"https:\/\/veredes.es\/blog\/#organization"},"image":{"@id":"https:\/\/veredes.es\/blog\/intervencion-en-la-cubierta-del-palacete-en-azuqueca-de-henares\/#primaryimage"},"thumbnailUrl":"https:\/\/veredes.es\/blog\/wp-content\/uploads\/2020\/06\/Intervenci\u00f3n-en-la-cubierta-del-palacete-en-Azuqueca-de-Henares-o7.jpg","keywords":["aparejo","construcci\u00f3n","intervenci\u00f3n","patrimonio","patrimonio cultural","patrimonio hist\u00f3rico","rehabilitaci\u00f3n","rehabilitar","Tejas Verea"],"articleSection":["aparejo","slider principal"],"inLanguage":"es","potentialAction":[{"@type":"CommentAction","name":"Comment","target":["https:\/\/veredes.es\/blog\/intervencion-en-la-cubierta-del-palacete-en-azuqueca-de-henares\/#respond"]}]},{"@type":"WebPage","@id":"https:\/\/veredes.es\/blog\/intervencion-en-la-cubierta-del-palacete-en-azuqueca-de-henares\/","url":"https:\/\/veredes.es\/blog\/intervencion-en-la-cubierta-del-palacete-en-azuqueca-de-henares\/","name":"Intervenci\u00f3n en la cubierta del palacete en Azuqueca de Henares - veredes","isPartOf":{"@id":"https:\/\/veredes.es\/blog\/#website"},"primaryImageOfPage":{"@id":"https:\/\/veredes.es\/blog\/intervencion-en-la-cubierta-del-palacete-en-azuqueca-de-henares\/#primaryimage"},"image":{"@id":"https:\/\/veredes.es\/blog\/intervencion-en-la-cubierta-del-palacete-en-azuqueca-de-henares\/#primaryimage"},"thumbnailUrl":"https:\/\/veredes.es\/blog\/wp-content\/uploads\/2020\/06\/Intervenci\u00f3n-en-la-cubierta-del-palacete-en-Azuqueca-de-Henares-o7.jpg","datePublished":"2020-06-29T22:01:49+00:00","description":"Toda la informaci\u00f3n sobre: Intervenci\u00f3n en la cubierta del palacete en Azuqueca de Henares","breadcrumb":{"@id":"https:\/\/veredes.es\/blog\/intervencion-en-la-cubierta-del-palacete-en-azuqueca-de-henares\/#breadcrumb"},"inLanguage":"es","potentialAction":[{"@type":"ReadAction","target":["https:\/\/veredes.es\/blog\/intervencion-en-la-cubierta-del-palacete-en-azuqueca-de-henares\/"]}]},{"@type":"ImageObject","inLanguage":"es","@id":"https:\/\/veredes.es\/blog\/intervencion-en-la-cubierta-del-palacete-en-azuqueca-de-henares\/#primaryimage","url":"https:\/\/veredes.es\/blog\/wp-content\/uploads\/2020\/06\/Intervenci\u00f3n-en-la-cubierta-del-palacete-en-Azuqueca-de-Henares-o7.jpg","contentUrl":"https:\/\/veredes.es\/blog\/wp-content\/uploads\/2020\/06\/Intervenci\u00f3n-en-la-cubierta-del-palacete-en-Azuqueca-de-Henares-o7.jpg","width":1200,"height":900},{"@type":"BreadcrumbList","@id":"https:\/\/veredes.es\/blog\/intervencion-en-la-cubierta-del-palacete-en-azuqueca-de-henares\/#breadcrumb","itemListElement":[{"@type":"ListItem","position":1,"name":"Portada","item":"https:\/\/veredes.es\/blog\/"},{"@type":"ListItem","position":2,"name":"Intervenci\u00f3n en la cubierta del palacete en Azuqueca de Henares"}]},{"@type":"WebSite","@id":"https:\/\/veredes.es\/blog\/#website","url":"https:\/\/veredes.es\/blog\/","name":"veredes, arquitectura y divulgaci\u00f3n","description":"veredes","publisher":{"@id":"https:\/\/veredes.es\/blog\/#organization"},"alternateName":"veredes","potentialAction":[{"@type":"SearchAction","target":{"@type":"EntryPoint","urlTemplate":"https:\/\/veredes.es\/blog\/?s={search_term_string}"},"query-input":{"@type":"PropertyValueSpecification","valueRequired":true,"valueName":"search_term_string"}}],"inLanguage":"es"},{"@type":"Organization","@id":"https:\/\/veredes.es\/blog\/#organization","name":"veredes, arquitectura y divulgaci\u00f3n","alternateName":"veredes","url":"https:\/\/veredes.es\/blog\/","logo":{"@type":"ImageObject","inLanguage":"es","@id":"https:\/\/veredes.es\/blog\/#\/schema\/logo\/image\/","url":"https:\/\/veredes.es\/blog\/wp-content\/uploads\/2021\/12\/veredes-logo-centrado_140x54.png","contentUrl":"https:\/\/veredes.es\/blog\/wp-content\/uploads\/2021\/12\/veredes-logo-centrado_140x54.png","width":140,"height":54,"caption":"veredes, arquitectura y divulgaci\u00f3n"},"image":{"@id":"https:\/\/veredes.es\/blog\/#\/schema\/logo\/image\/"},"sameAs":["https:\/\/www.facebook.com\/veredesArquitecturayDivulgacion\/","https:\/\/x.com\/veredes","https:\/\/instagram.com\/veredes\/","https:\/\/www.linkedin.com\/company\/veredes-arquitectura-y-divulgacion\/","https:\/\/es.pinterest.com\/veredes\/","https:\/\/www.tumblr.com\/veredes"]},{"@type":"Person","@id":"https:\/\/veredes.es\/blog\/#\/schema\/person\/0bbb669073ef7faba5168a0844e93d2c","name":"veredes","image":{"@type":"ImageObject","inLanguage":"es","@id":"https:\/\/veredes.es\/blog\/wp-content\/uploads\/2018\/04\/face-96x96.jpg","url":"https:\/\/veredes.es\/blog\/wp-content\/uploads\/2018\/04\/face-96x96.jpg","contentUrl":"https:\/\/veredes.es\/blog\/wp-content\/uploads\/2018\/04\/face-96x96.jpg","caption":"veredes"},"description":"Surge enero de 2009 como b\u00fasqueda de satisfacer el conocimiento de la actividad arquitect\u00f3nica y tangentes que se generan. La idea es crear un espacio para divulgar los diversos proyectos en busca de nueva inspiraci\u00f3n y de intercambio.","sameAs":["https:\/\/veredes.es\/","https:\/\/www.facebook.com\/veredesArquitecturayDivulgacion\/","https:\/\/www.instagram.com\/veredes\/","https:\/\/www.linkedin.com\/company\/veredes-arquitectura-y-divulgacion\/","https:\/\/www.pinterest.es\/veredes\/","https:\/\/x.com\/https:\/\/twitter.com\/veredes","https:\/\/veredes.tumblr.com\/"],"url":"https:\/\/veredes.es\/blog\/author\/alberto\/"}]}},"_links":{"self":[{"href":"https:\/\/veredes.es\/blog\/wp-json\/wp\/v2\/posts\/80477","targetHints":{"allow":["GET"]}}],"collection":[{"href":"https:\/\/veredes.es\/blog\/wp-json\/wp\/v2\/posts"}],"about":[{"href":"https:\/\/veredes.es\/blog\/wp-json\/wp\/v2\/types\/post"}],"author":[{"embeddable":true,"href":"https:\/\/veredes.es\/blog\/wp-json\/wp\/v2\/users\/2"}],"replies":[{"embeddable":true,"href":"https:\/\/veredes.es\/blog\/wp-json\/wp\/v2\/comments?post=80477"}],"version-history":[{"count":0,"href":"https:\/\/veredes.es\/blog\/wp-json\/wp\/v2\/posts\/80477\/revisions"}],"wp:featuredmedia":[{"embeddable":true,"href":"https:\/\/veredes.es\/blog\/wp-json\/wp\/v2\/media\/80499"}],"wp:attachment":[{"href":"https:\/\/veredes.es\/blog\/wp-json\/wp\/v2\/media?parent=80477"}],"wp:term":[{"taxonomy":"category","embeddable":true,"href":"https:\/\/veredes.es\/blog\/wp-json\/wp\/v2\/categories?post=80477"},{"taxonomy":"post_tag","embeddable":true,"href":"https:\/\/veredes.es\/blog\/wp-json\/wp\/v2\/tags?post=80477"}],"curies":[{"name":"wp","href":"https:\/\/api.w.org\/{rel}","templated":true}]}}