{"id":80082,"date":"2020-07-28T00:01:47","date_gmt":"2020-07-27T22:01:47","guid":{"rendered":"https:\/\/veredes.es\/blog\/?p=80082"},"modified":"2020-06-12T09:37:11","modified_gmt":"2020-06-12T07:37:11","slug":"conversando-con-tomas-maldonado","status":"publish","type":"post","link":"https:\/\/veredes.es\/blog\/conversando-con-tomas-maldonado\/","title":{"rendered":"Conversando con Tom\u00e1s Maldonado"},"content":{"rendered":"<p style=\"text-align: justify;\"><strong>Tom\u00e1s Maldonado<\/strong> fue un pintor, dise\u00f1ador industrial y te\u00f3rico del dise\u00f1o argentino. Fue conocido por su considerable influencia en el pensamiento y la pr\u00e1ctica del dise\u00f1o en la segunda mitad del siglo XX y es considerado como uno de los principales te\u00f3ricos del llamado enfoque cient\u00edfico del dise\u00f1o. Fue miembro fundador del <a href=\"https:\/\/masdearte.com\/movimientos\/arte-concreto\/\" target=\"_blank\" rel=\"noopener noreferrer\"><strong>Movimiento de Arte Concreto<\/strong><\/a> y uno de los protagonistas de la renovaci\u00f3n pl\u00e1stica de la d\u00e9cada de los 1940 en la Argentina.<\/p>\n<p style=\"text-align: justify;\">Su reputaci\u00f3n se estableci\u00f3 durante sus a\u00f1os en la Hochschule f\u00fcr Gestaltung (HfG) en Ulm (Alemania), donde su influencia se sent\u00eda cada vez m\u00e1s, tras su nombramiento como director en 1956. All\u00ed, Maldonado consider\u00f3 al proceso de dise\u00f1o como una metodolog\u00eda sistem\u00e1tica, cient\u00edfica, y de base te\u00f3rica. Y desempe\u00f1\u00f3 un papel clave en la mudanza del programa de estudios de la escuela, fuera del programa inspirado en la Bauhaus en sus inicios, hacia un enfoque que se consider\u00f3 m\u00e1s adecuado para hacer frente a las complejidades de la vida posterior a la Segunda Guerra Mundial.<\/p>\n<p style=\"text-align: justify;\">A fines de la d\u00e9cada de 1960 se traslad\u00f3 a Italia donde sobresali\u00f3 en la pr\u00e1ctica profesional del dise\u00f1o y la comunicaci\u00f3n tanto como la docencia. Su profusa producci\u00f3n te\u00f3rica sobre tem\u00e1ticas vinculadas al dise\u00f1o, la proyectaci\u00f3n, el medio ambiente y la filosof\u00eda t\u00e9cnica, lo posicionaron como un referente insoslayable del pensamiento contempor\u00e1neo. Fueron todas estas actividades las que lo mantuvieron alejado de la pintura. En 2000 retom\u00f3 la pintura luego de 45 a\u00f1os sin practicarla.<\/p>\n<p style=\"text-align: justify;\">Tom\u00e1s Maldonado recibi\u00f3 los mayores reconocimientos internacionales por su trayectoria. Entre otros cargos importantes, fue presidente del Comit\u00e9 Ejectivo del ICSID (International Council of Societies of Industrial Design) y director de la revista Casabella. En 2012 recibi\u00f3 el Premio Konex Menci\u00f3n Especial por su destacada trayectoria en las Artes Visuales de la Argentina.<\/p>\n<p><iframe loading=\"lazy\" title=\"Conversando con Tom\u00e1s Maldonado\" width=\"696\" height=\"392\" src=\"https:\/\/www.youtube.com\/embed\/Ii0RK1lIBKU?feature=oembed\" frameborder=\"0\" allow=\"accelerometer; autoplay; clipboard-write; encrypted-media; gyroscope; picture-in-picture\" allowfullscreen><\/iframe><\/p>\n<blockquote>\n<p style=\"text-align: justify;\"><em>\u201c\u00c9ramos la generaci\u00f3n de la Segunda Guerra. El fascismo, la proliferaci\u00f3n de dictaduras latinoamericanas, una oligarqu\u00eda ciega y absurda y un arte [&#8230;] almidonado, que tuvo alg\u00fan m\u00e9rito. Nos escrib\u00edan con l\u00e1piz sobre los cuadros: \u201cConcretos concretinos\u201d. Pero nosotros intuimos que cerraba un mundo y empezaba otro. \u00bfQu\u00e9 pod\u00edamos hacer a los veinte a\u00f1os? Imaginamos cosas fant\u00e1sticas: un mundo sin guerra, sin racismo, con m\u00e1s justicia, y el arte como elemento de coagulaci\u00f3n de esas ideas. Una utop\u00eda<\/em>.<em>\u201d<\/em><sup id=\"cite_ref-1\" class=\"reference separada\"><\/sup><\/p>\n<p style=\"text-align: right;\"><a href=\"https:\/\/es.wikipedia.org\/wiki\/Tom%C3%A1s_Maldonado\" target=\"_blank\" rel=\"noopener noreferrer\">Tom\u00e1s Maldonado, 2007.<\/a><\/p>\n<\/blockquote>\n","protected":false},"excerpt":{"rendered":"<p>Tom\u00e1s Maldonado fue un pintor, dise\u00f1ador industrial y te\u00f3rico del dise\u00f1o argentino. Fue conocido por su considerable influencia en el pensamiento y la pr\u00e1ctica del dise\u00f1o en la segunda mitad del siglo XX y es considerado como uno de los principales te\u00f3ricos del llamado enfoque cient\u00edfico del dise\u00f1o. Fue miembro fundador del Movimiento de Arte [&hellip;]<\/p>\n","protected":false},"author":2,"featured_media":80914,"comment_status":"open","ping_status":"closed","sticky":false,"template":"","format":"standard","meta":{"footnotes":""},"categories":[4854],"tags":[129,12449,199,1735,8505,12470,580,898,1048,9491,12474],"class_list":{"0":"post-80082","1":"post","2":"type-post","3":"status-publish","4":"format-standard","5":"has-post-thumbnail","7":"category-tv","8":"tag-argentina","9":"tag-arte","10":"tag-bauhaus","11":"tag-disenador","12":"tag-disenador-industrial","13":"tag-diseno","14":"tag-filosofia","15":"tag-movimiento-moderno","16":"tag-pintor","17":"tag-tomas-maldonado","18":"tag-tv"},"yoast_head":"<!-- This site is optimized with the Yoast SEO plugin v27.4 - https:\/\/yoast.com\/product\/yoast-seo-wordpress\/ -->\n<title>Conversando con Tom\u00e1s Maldonado - veredes<\/title>\n<meta name=\"description\" content=\"Toda la informaci\u00f3n sobre: Conversando con Tom\u00e1s Maldonado\" \/>\n<meta name=\"robots\" content=\"index, follow, max-snippet:-1, max-image-preview:large, max-video-preview:-1\" \/>\n<link rel=\"canonical\" href=\"https:\/\/veredes.es\/blog\/conversando-con-tomas-maldonado\/\" \/>\n<meta property=\"og:locale\" content=\"es_ES\" \/>\n<meta property=\"og:type\" content=\"article\" \/>\n<meta property=\"og:title\" content=\"Conversando con Tom\u00e1s Maldonado - veredes\" \/>\n<meta property=\"og:description\" content=\"Toda la informaci\u00f3n sobre: Conversando con Tom\u00e1s Maldonado\" \/>\n<meta property=\"og:url\" content=\"https:\/\/veredes.es\/blog\/conversando-con-tomas-maldonado\/\" \/>\n<meta property=\"og:site_name\" content=\"veredes, arquitectura y divulgaci\u00f3n\" \/>\n<meta property=\"article:publisher\" content=\"https:\/\/www.facebook.com\/veredesArquitecturayDivulgacion\/\" \/>\n<meta property=\"article:author\" content=\"https:\/\/www.facebook.com\/veredesArquitecturayDivulgacion\/\" \/>\n<meta property=\"article:published_time\" content=\"2020-07-27T22:01:47+00:00\" \/>\n<meta property=\"og:image\" content=\"https:\/\/veredes.es\/blog\/wp-content\/uploads\/2020\/07\/conversando-con-tomas-maldonado.jpg\" \/>\n\t<meta property=\"og:image:width\" content=\"1280\" \/>\n\t<meta property=\"og:image:height\" content=\"720\" \/>\n\t<meta property=\"og:image:type\" content=\"image\/jpeg\" \/>\n<meta name=\"author\" content=\"veredes\" \/>\n<meta name=\"twitter:card\" content=\"summary_large_image\" \/>\n<meta name=\"twitter:creator\" content=\"@https:\/\/twitter.com\/veredes\" \/>\n<meta name=\"twitter:site\" content=\"@veredes\" \/>\n<meta name=\"twitter:label1\" content=\"Escrito por\" \/>\n\t<meta name=\"twitter:data1\" content=\"veredes\" \/>\n\t<meta name=\"twitter:label2\" content=\"Tiempo de lectura\" \/>\n\t<meta name=\"twitter:data2\" content=\"2 minutos\" \/>\n<script type=\"application\/ld+json\" class=\"yoast-schema-graph\">{\"@context\":\"https:\\\/\\\/schema.org\",\"@graph\":[{\"@type\":\"Article\",\"@id\":\"https:\\\/\\\/veredes.es\\\/blog\\\/conversando-con-tomas-maldonado\\\/#article\",\"isPartOf\":{\"@id\":\"https:\\\/\\\/veredes.es\\\/blog\\\/conversando-con-tomas-maldonado\\\/\"},\"author\":{\"name\":\"veredes\",\"@id\":\"https:\\\/\\\/veredes.es\\\/blog\\\/#\\\/schema\\\/person\\\/0bbb669073ef7faba5168a0844e93d2c\"},\"headline\":\"Conversando con Tom\u00e1s Maldonado\",\"datePublished\":\"2020-07-27T22:01:47+00:00\",\"mainEntityOfPage\":{\"@id\":\"https:\\\/\\\/veredes.es\\\/blog\\\/conversando-con-tomas-maldonado\\\/\"},\"wordCount\":434,\"commentCount\":0,\"publisher\":{\"@id\":\"https:\\\/\\\/veredes.es\\\/blog\\\/#organization\"},\"image\":{\"@id\":\"https:\\\/\\\/veredes.es\\\/blog\\\/conversando-con-tomas-maldonado\\\/#primaryimage\"},\"thumbnailUrl\":\"https:\\\/\\\/veredes.es\\\/blog\\\/wp-content\\\/uploads\\\/2020\\\/07\\\/conversando-con-tomas-maldonado.jpg\",\"keywords\":[\"Argentina\",\"arte\",\"Bauhaus\",\"dise\u00f1ador\",\"dise\u00f1ador industrial\",\"dise\u00f1o\",\"filosof\u00eda\",\"movimiento moderno\",\"pintor\",\"Tom\u00e1s Maldonado\",\"tv\"],\"articleSection\":[\"tv\"],\"inLanguage\":\"es\",\"potentialAction\":[{\"@type\":\"CommentAction\",\"name\":\"Comment\",\"target\":[\"https:\\\/\\\/veredes.es\\\/blog\\\/conversando-con-tomas-maldonado\\\/#respond\"]}]},{\"@type\":\"WebPage\",\"@id\":\"https:\\\/\\\/veredes.es\\\/blog\\\/conversando-con-tomas-maldonado\\\/\",\"url\":\"https:\\\/\\\/veredes.es\\\/blog\\\/conversando-con-tomas-maldonado\\\/\",\"name\":\"Conversando con Tom\u00e1s Maldonado - veredes\",\"isPartOf\":{\"@id\":\"https:\\\/\\\/veredes.es\\\/blog\\\/#website\"},\"primaryImageOfPage\":{\"@id\":\"https:\\\/\\\/veredes.es\\\/blog\\\/conversando-con-tomas-maldonado\\\/#primaryimage\"},\"image\":{\"@id\":\"https:\\\/\\\/veredes.es\\\/blog\\\/conversando-con-tomas-maldonado\\\/#primaryimage\"},\"thumbnailUrl\":\"https:\\\/\\\/veredes.es\\\/blog\\\/wp-content\\\/uploads\\\/2020\\\/07\\\/conversando-con-tomas-maldonado.jpg\",\"datePublished\":\"2020-07-27T22:01:47+00:00\",\"description\":\"Toda la informaci\u00f3n sobre: Conversando con Tom\u00e1s Maldonado\",\"breadcrumb\":{\"@id\":\"https:\\\/\\\/veredes.es\\\/blog\\\/conversando-con-tomas-maldonado\\\/#breadcrumb\"},\"inLanguage\":\"es\",\"potentialAction\":[{\"@type\":\"ReadAction\",\"target\":[\"https:\\\/\\\/veredes.es\\\/blog\\\/conversando-con-tomas-maldonado\\\/\"]}]},{\"@type\":\"ImageObject\",\"inLanguage\":\"es\",\"@id\":\"https:\\\/\\\/veredes.es\\\/blog\\\/conversando-con-tomas-maldonado\\\/#primaryimage\",\"url\":\"https:\\\/\\\/veredes.es\\\/blog\\\/wp-content\\\/uploads\\\/2020\\\/07\\\/conversando-con-tomas-maldonado.jpg\",\"contentUrl\":\"https:\\\/\\\/veredes.es\\\/blog\\\/wp-content\\\/uploads\\\/2020\\\/07\\\/conversando-con-tomas-maldonado.jpg\",\"width\":1280,\"height\":720},{\"@type\":\"BreadcrumbList\",\"@id\":\"https:\\\/\\\/veredes.es\\\/blog\\\/conversando-con-tomas-maldonado\\\/#breadcrumb\",\"itemListElement\":[{\"@type\":\"ListItem\",\"position\":1,\"name\":\"Portada\",\"item\":\"https:\\\/\\\/veredes.es\\\/blog\\\/\"},{\"@type\":\"ListItem\",\"position\":2,\"name\":\"Conversando con Tom\u00e1s Maldonado\"}]},{\"@type\":\"WebSite\",\"@id\":\"https:\\\/\\\/veredes.es\\\/blog\\\/#website\",\"url\":\"https:\\\/\\\/veredes.es\\\/blog\\\/\",\"name\":\"veredes, arquitectura y divulgaci\u00f3n\",\"description\":\"veredes\",\"publisher\":{\"@id\":\"https:\\\/\\\/veredes.es\\\/blog\\\/#organization\"},\"alternateName\":\"veredes\",\"potentialAction\":[{\"@type\":\"SearchAction\",\"target\":{\"@type\":\"EntryPoint\",\"urlTemplate\":\"https:\\\/\\\/veredes.es\\\/blog\\\/?s={search_term_string}\"},\"query-input\":{\"@type\":\"PropertyValueSpecification\",\"valueRequired\":true,\"valueName\":\"search_term_string\"}}],\"inLanguage\":\"es\"},{\"@type\":\"Organization\",\"@id\":\"https:\\\/\\\/veredes.es\\\/blog\\\/#organization\",\"name\":\"veredes, arquitectura y divulgaci\u00f3n\",\"alternateName\":\"veredes\",\"url\":\"https:\\\/\\\/veredes.es\\\/blog\\\/\",\"logo\":{\"@type\":\"ImageObject\",\"inLanguage\":\"es\",\"@id\":\"https:\\\/\\\/veredes.es\\\/blog\\\/#\\\/schema\\\/logo\\\/image\\\/\",\"url\":\"https:\\\/\\\/veredes.es\\\/blog\\\/wp-content\\\/uploads\\\/2021\\\/12\\\/veredes-logo-centrado_140x54.png\",\"contentUrl\":\"https:\\\/\\\/veredes.es\\\/blog\\\/wp-content\\\/uploads\\\/2021\\\/12\\\/veredes-logo-centrado_140x54.png\",\"width\":140,\"height\":54,\"caption\":\"veredes, arquitectura y divulgaci\u00f3n\"},\"image\":{\"@id\":\"https:\\\/\\\/veredes.es\\\/blog\\\/#\\\/schema\\\/logo\\\/image\\\/\"},\"sameAs\":[\"https:\\\/\\\/www.facebook.com\\\/veredesArquitecturayDivulgacion\\\/\",\"https:\\\/\\\/x.com\\\/veredes\",\"https:\\\/\\\/instagram.com\\\/veredes\\\/\",\"https:\\\/\\\/www.linkedin.com\\\/company\\\/veredes-arquitectura-y-divulgacion\\\/\",\"https:\\\/\\\/es.pinterest.com\\\/veredes\\\/\",\"https:\\\/\\\/www.tumblr.com\\\/veredes\"]},{\"@type\":\"Person\",\"@id\":\"https:\\\/\\\/veredes.es\\\/blog\\\/#\\\/schema\\\/person\\\/0bbb669073ef7faba5168a0844e93d2c\",\"name\":\"veredes\",\"image\":{\"@type\":\"ImageObject\",\"inLanguage\":\"es\",\"@id\":\"https:\\\/\\\/veredes.es\\\/blog\\\/wp-content\\\/uploads\\\/2018\\\/04\\\/face-96x96.jpg\",\"url\":\"https:\\\/\\\/veredes.es\\\/blog\\\/wp-content\\\/uploads\\\/2018\\\/04\\\/face-96x96.jpg\",\"contentUrl\":\"https:\\\/\\\/veredes.es\\\/blog\\\/wp-content\\\/uploads\\\/2018\\\/04\\\/face-96x96.jpg\",\"caption\":\"veredes\"},\"description\":\"Surge enero de 2009 como b\u00fasqueda de satisfacer el conocimiento de la actividad arquitect\u00f3nica y tangentes que se generan. La idea es crear un espacio para divulgar los diversos proyectos en busca de nueva inspiraci\u00f3n y de intercambio.\",\"sameAs\":[\"https:\\\/\\\/veredes.es\\\/\",\"https:\\\/\\\/www.facebook.com\\\/veredesArquitecturayDivulgacion\\\/\",\"https:\\\/\\\/www.instagram.com\\\/veredes\\\/\",\"https:\\\/\\\/www.linkedin.com\\\/company\\\/veredes-arquitectura-y-divulgacion\\\/\",\"https:\\\/\\\/www.pinterest.es\\\/veredes\\\/\",\"https:\\\/\\\/x.com\\\/https:\\\/\\\/twitter.com\\\/veredes\",\"https:\\\/\\\/veredes.tumblr.com\\\/\"],\"url\":\"https:\\\/\\\/veredes.es\\\/blog\\\/author\\\/alberto\\\/\"}]}<\/script>\n<!-- \/ Yoast SEO plugin. -->","yoast_head_json":{"title":"Conversando con Tom\u00e1s Maldonado - veredes","description":"Toda la informaci\u00f3n sobre: Conversando con Tom\u00e1s Maldonado","robots":{"index":"index","follow":"follow","max-snippet":"max-snippet:-1","max-image-preview":"max-image-preview:large","max-video-preview":"max-video-preview:-1"},"canonical":"https:\/\/veredes.es\/blog\/conversando-con-tomas-maldonado\/","og_locale":"es_ES","og_type":"article","og_title":"Conversando con Tom\u00e1s Maldonado - veredes","og_description":"Toda la informaci\u00f3n sobre: Conversando con Tom\u00e1s Maldonado","og_url":"https:\/\/veredes.es\/blog\/conversando-con-tomas-maldonado\/","og_site_name":"veredes, arquitectura y divulgaci\u00f3n","article_publisher":"https:\/\/www.facebook.com\/veredesArquitecturayDivulgacion\/","article_author":"https:\/\/www.facebook.com\/veredesArquitecturayDivulgacion\/","article_published_time":"2020-07-27T22:01:47+00:00","og_image":[{"width":1280,"height":720,"url":"https:\/\/veredes.es\/blog\/wp-content\/uploads\/2020\/07\/conversando-con-tomas-maldonado.jpg","type":"image\/jpeg"}],"author":"veredes","twitter_card":"summary_large_image","twitter_creator":"@https:\/\/twitter.com\/veredes","twitter_site":"@veredes","twitter_misc":{"Escrito por":"veredes","Tiempo de lectura":"2 minutos"},"schema":{"@context":"https:\/\/schema.org","@graph":[{"@type":"Article","@id":"https:\/\/veredes.es\/blog\/conversando-con-tomas-maldonado\/#article","isPartOf":{"@id":"https:\/\/veredes.es\/blog\/conversando-con-tomas-maldonado\/"},"author":{"name":"veredes","@id":"https:\/\/veredes.es\/blog\/#\/schema\/person\/0bbb669073ef7faba5168a0844e93d2c"},"headline":"Conversando con Tom\u00e1s Maldonado","datePublished":"2020-07-27T22:01:47+00:00","mainEntityOfPage":{"@id":"https:\/\/veredes.es\/blog\/conversando-con-tomas-maldonado\/"},"wordCount":434,"commentCount":0,"publisher":{"@id":"https:\/\/veredes.es\/blog\/#organization"},"image":{"@id":"https:\/\/veredes.es\/blog\/conversando-con-tomas-maldonado\/#primaryimage"},"thumbnailUrl":"https:\/\/veredes.es\/blog\/wp-content\/uploads\/2020\/07\/conversando-con-tomas-maldonado.jpg","keywords":["Argentina","arte","Bauhaus","dise\u00f1ador","dise\u00f1ador industrial","dise\u00f1o","filosof\u00eda","movimiento moderno","pintor","Tom\u00e1s Maldonado","tv"],"articleSection":["tv"],"inLanguage":"es","potentialAction":[{"@type":"CommentAction","name":"Comment","target":["https:\/\/veredes.es\/blog\/conversando-con-tomas-maldonado\/#respond"]}]},{"@type":"WebPage","@id":"https:\/\/veredes.es\/blog\/conversando-con-tomas-maldonado\/","url":"https:\/\/veredes.es\/blog\/conversando-con-tomas-maldonado\/","name":"Conversando con Tom\u00e1s Maldonado - veredes","isPartOf":{"@id":"https:\/\/veredes.es\/blog\/#website"},"primaryImageOfPage":{"@id":"https:\/\/veredes.es\/blog\/conversando-con-tomas-maldonado\/#primaryimage"},"image":{"@id":"https:\/\/veredes.es\/blog\/conversando-con-tomas-maldonado\/#primaryimage"},"thumbnailUrl":"https:\/\/veredes.es\/blog\/wp-content\/uploads\/2020\/07\/conversando-con-tomas-maldonado.jpg","datePublished":"2020-07-27T22:01:47+00:00","description":"Toda la informaci\u00f3n sobre: Conversando con Tom\u00e1s Maldonado","breadcrumb":{"@id":"https:\/\/veredes.es\/blog\/conversando-con-tomas-maldonado\/#breadcrumb"},"inLanguage":"es","potentialAction":[{"@type":"ReadAction","target":["https:\/\/veredes.es\/blog\/conversando-con-tomas-maldonado\/"]}]},{"@type":"ImageObject","inLanguage":"es","@id":"https:\/\/veredes.es\/blog\/conversando-con-tomas-maldonado\/#primaryimage","url":"https:\/\/veredes.es\/blog\/wp-content\/uploads\/2020\/07\/conversando-con-tomas-maldonado.jpg","contentUrl":"https:\/\/veredes.es\/blog\/wp-content\/uploads\/2020\/07\/conversando-con-tomas-maldonado.jpg","width":1280,"height":720},{"@type":"BreadcrumbList","@id":"https:\/\/veredes.es\/blog\/conversando-con-tomas-maldonado\/#breadcrumb","itemListElement":[{"@type":"ListItem","position":1,"name":"Portada","item":"https:\/\/veredes.es\/blog\/"},{"@type":"ListItem","position":2,"name":"Conversando con Tom\u00e1s Maldonado"}]},{"@type":"WebSite","@id":"https:\/\/veredes.es\/blog\/#website","url":"https:\/\/veredes.es\/blog\/","name":"veredes, arquitectura y divulgaci\u00f3n","description":"veredes","publisher":{"@id":"https:\/\/veredes.es\/blog\/#organization"},"alternateName":"veredes","potentialAction":[{"@type":"SearchAction","target":{"@type":"EntryPoint","urlTemplate":"https:\/\/veredes.es\/blog\/?s={search_term_string}"},"query-input":{"@type":"PropertyValueSpecification","valueRequired":true,"valueName":"search_term_string"}}],"inLanguage":"es"},{"@type":"Organization","@id":"https:\/\/veredes.es\/blog\/#organization","name":"veredes, arquitectura y divulgaci\u00f3n","alternateName":"veredes","url":"https:\/\/veredes.es\/blog\/","logo":{"@type":"ImageObject","inLanguage":"es","@id":"https:\/\/veredes.es\/blog\/#\/schema\/logo\/image\/","url":"https:\/\/veredes.es\/blog\/wp-content\/uploads\/2021\/12\/veredes-logo-centrado_140x54.png","contentUrl":"https:\/\/veredes.es\/blog\/wp-content\/uploads\/2021\/12\/veredes-logo-centrado_140x54.png","width":140,"height":54,"caption":"veredes, arquitectura y divulgaci\u00f3n"},"image":{"@id":"https:\/\/veredes.es\/blog\/#\/schema\/logo\/image\/"},"sameAs":["https:\/\/www.facebook.com\/veredesArquitecturayDivulgacion\/","https:\/\/x.com\/veredes","https:\/\/instagram.com\/veredes\/","https:\/\/www.linkedin.com\/company\/veredes-arquitectura-y-divulgacion\/","https:\/\/es.pinterest.com\/veredes\/","https:\/\/www.tumblr.com\/veredes"]},{"@type":"Person","@id":"https:\/\/veredes.es\/blog\/#\/schema\/person\/0bbb669073ef7faba5168a0844e93d2c","name":"veredes","image":{"@type":"ImageObject","inLanguage":"es","@id":"https:\/\/veredes.es\/blog\/wp-content\/uploads\/2018\/04\/face-96x96.jpg","url":"https:\/\/veredes.es\/blog\/wp-content\/uploads\/2018\/04\/face-96x96.jpg","contentUrl":"https:\/\/veredes.es\/blog\/wp-content\/uploads\/2018\/04\/face-96x96.jpg","caption":"veredes"},"description":"Surge enero de 2009 como b\u00fasqueda de satisfacer el conocimiento de la actividad arquitect\u00f3nica y tangentes que se generan. La idea es crear un espacio para divulgar los diversos proyectos en busca de nueva inspiraci\u00f3n y de intercambio.","sameAs":["https:\/\/veredes.es\/","https:\/\/www.facebook.com\/veredesArquitecturayDivulgacion\/","https:\/\/www.instagram.com\/veredes\/","https:\/\/www.linkedin.com\/company\/veredes-arquitectura-y-divulgacion\/","https:\/\/www.pinterest.es\/veredes\/","https:\/\/x.com\/https:\/\/twitter.com\/veredes","https:\/\/veredes.tumblr.com\/"],"url":"https:\/\/veredes.es\/blog\/author\/alberto\/"}]}},"_links":{"self":[{"href":"https:\/\/veredes.es\/blog\/wp-json\/wp\/v2\/posts\/80082","targetHints":{"allow":["GET"]}}],"collection":[{"href":"https:\/\/veredes.es\/blog\/wp-json\/wp\/v2\/posts"}],"about":[{"href":"https:\/\/veredes.es\/blog\/wp-json\/wp\/v2\/types\/post"}],"author":[{"embeddable":true,"href":"https:\/\/veredes.es\/blog\/wp-json\/wp\/v2\/users\/2"}],"replies":[{"embeddable":true,"href":"https:\/\/veredes.es\/blog\/wp-json\/wp\/v2\/comments?post=80082"}],"version-history":[{"count":0,"href":"https:\/\/veredes.es\/blog\/wp-json\/wp\/v2\/posts\/80082\/revisions"}],"wp:featuredmedia":[{"embeddable":true,"href":"https:\/\/veredes.es\/blog\/wp-json\/wp\/v2\/media\/80914"}],"wp:attachment":[{"href":"https:\/\/veredes.es\/blog\/wp-json\/wp\/v2\/media?parent=80082"}],"wp:term":[{"taxonomy":"category","embeddable":true,"href":"https:\/\/veredes.es\/blog\/wp-json\/wp\/v2\/categories?post=80082"},{"taxonomy":"post_tag","embeddable":true,"href":"https:\/\/veredes.es\/blog\/wp-json\/wp\/v2\/tags?post=80082"}],"curies":[{"name":"wp","href":"https:\/\/api.w.org\/{rel}","templated":true}]}}