{"id":80049,"date":"2020-05-22T00:01:36","date_gmt":"2020-05-21T22:01:36","guid":{"rendered":"https:\/\/veredes.es\/blog\/?p=80049"},"modified":"2022-03-28T14:34:55","modified_gmt":"2022-03-28T12:34:55","slug":"compre-muebles-de-mi-tio-jorge-gorostiza","status":"publish","type":"post","link":"https:\/\/veredes.es\/blog\/compre-muebles-de-mi-tio-jorge-gorostiza\/","title":{"rendered":"Compre los muebles de Mi t\u00edo | Jorge Gorostiza"},"content":{"rendered":"<p><img loading=\"lazy\" decoding=\"async\" class=\"alignnone size-large wp-image-80050\" src=\"https:\/\/veredes.es\/blog\/wp-content\/uploads\/2020\/05\/Compre-los-muebles-de-Mi-t\u00edo-Jorge-Gorostiza-1024x495.jpg\" alt=\"\" width=\"640\" height=\"309\" srcset=\"https:\/\/veredes.es\/blog\/wp-content\/uploads\/2020\/05\/Compre-los-muebles-de-Mi-t\u00edo-Jorge-Gorostiza-1024x495.jpg 1024w, https:\/\/veredes.es\/blog\/wp-content\/uploads\/2020\/05\/Compre-los-muebles-de-Mi-t\u00edo-Jorge-Gorostiza-300x145.jpg 300w, https:\/\/veredes.es\/blog\/wp-content\/uploads\/2020\/05\/Compre-los-muebles-de-Mi-t\u00edo-Jorge-Gorostiza.jpg 1200w\" sizes=\"auto, (max-width: 640px) 100vw, 640px\" \/><\/p>\n<p style=\"text-align: justify;\">El pasado diciembre de 2019 se ha publicado en<em>\u00a0<a href=\"https:\/\/filmandfurniture.com\/\" target=\"_blank\" rel=\"noopener noreferrer\">Film and Furniture<\/a><\/em>\u00a0que, como indica su nombre, se dedica a todo lo que tenga relaci\u00f3n con el mobiliario que aparece en las pantallas,\u00a0una\u00a0<strong><a href=\"https:\/\/filmandfurniture.com\/2019\/12\/furniture-or-art-seminal-furniture-pieces-from-jacques-tatis-mon-oncle-now-available\/?fbclid=IwAR0rwihbD0VDjgDUY8hOBskOLsiy-HP5BNklfDkJP9OwIAM6o9n4iHTpl3E\" target=\"_blank\" rel=\"noopener noreferrer\">noticia<\/a><\/strong>\u00a0ins\u00f3lita, que es un indicio m\u00e1s de c\u00f3mo funciona nuestro mundo actual. La empresa\u00a0<a href=\"http:\/\/domeauperes.com\/\" target=\"_blank\" rel=\"noopener noreferrer\">Domeau &amp; P\u00e9res<\/a>\u00a0ha puesto a la venta la copia de tres muebles que estaban en la\u00a0<a href=\"http:\/\/tochoocho.blogspot.com\/2014\/04\/villa-arpel-1956-pabellon-de-francia.html\" target=\"_blank\" rel=\"noopener noreferrer\">Casa Arpel\u00a0<\/a>de\u00a0<i><a href=\"https:\/\/es.wikipedia.org\/wiki\/Mi_t%C3%ADo\" target=\"_blank\" rel=\"noopener noreferrer\">Mon oncle<\/a><\/i>: el\u00a0<a href=\"https:\/\/filmandfurniture.com\/product\/mrs-arpels-sofa-from-jacques-tatis-mon-oncle\/\" target=\"_blank\" rel=\"noopener noreferrer\">sof\u00e1<\/a>, el\u00a0<a href=\"https:\/\/filmandfurniture.com\/product\/mr-hulots-daybed-bench-from-jacques-tatis-mon-oncle\/\" target=\"_blank\" rel=\"noopener noreferrer\">banco<\/a>\u00a0\u00abdaybed\u00bb (\u00ab<em>camaded\u00eda<\/em>\u00ab) -seg\u00fan la denominaci\u00f3n de esa empresa- y una\u00a0<a href=\"https:\/\/filmandfurniture.com\/product\/rocking-chair-from-jacques-tatis-mon-oncle\/\" target=\"_blank\" rel=\"noopener noreferrer\">mecedora<\/a>, solo se han construido ocho ejemplares numerados y sellados de cada uno y se venden con certificado de autenticidad y contando con la distribuidora oficial<em>\u00a0<a href=\"http:\/\/www.machamakeieff.com\/?p=264\" target=\"_blank\" rel=\"noopener noreferrer\">Les Films de Mon Oncle<\/a><\/em>. En esta noticia no se indican los precios de cada mueble, sino que para tener m\u00e1s informaci\u00f3n, se ha de contactar en privado con Film and Furniture.<\/p>\n<p><iframe loading=\"lazy\" title=\"Mon Oncle (2)\" frameborder=\"0\" width=\"696\" height=\"522\" src=\"https:\/\/www.dailymotion.com\/embed\/video\/x4oi8ur?pubtool=oembed\" allowfullscreen allow=\"autoplay\"><\/iframe><\/p>\n<p style=\"text-align: justify;\">Supongo que han visto\u00a0<i>Mon oncle<\/i>\u00a0-y si no lo han hecho, h\u00e1ganlo inmediatamente- pero si no la recuerdan, en ella<a href=\"https:\/\/veredes.es\/blog\/tag\/jacques-tati\/\" target=\"_blank\" rel=\"noopener noreferrer\"> Jacques Tati<\/a> hace una divertida, inteligente y despiadada cr\u00edtica del sentido est\u00e9tico de la burgues\u00eda de finales de los a\u00f1os cincuenta, que intentaba estar a la \u00ab\u00faltima\u00bb construyendo chal\u00e9s y comprando muebles con formas modernas, aunque no cumplieran con sus funciones y adem\u00e1s en el caso del mobiliario, fuera muy inc\u00f3modo, recu\u00e9rdese que el protagonista inclina el banco antes citado para poderse acostar, quedando con la postura que pod\u00eda haber tenido reposando en la \u00ab<em>chaise longue<\/em>\u00bb\u00a0<a href=\"https:\/\/www.cassina.com\/\" target=\"_blank\" rel=\"noopener noreferrer\">LC4<\/a>\u00a0dise\u00f1ada por <a href=\"https:\/\/veredes.es\/blog\/tag\/charlotte-perriand\/\" target=\"_blank\" rel=\"noopener noreferrer\">Charlotte Perriand<\/a>, <a href=\"https:\/\/veredes.es\/blog\/tag\/pierre-jeanneret\/\">Pierre Jeanneret<\/a> y <a href=\"https:\/\/veredes.es\/blog\/tag\/le-corbusier\/\" target=\"_blank\" rel=\"noopener noreferrer\">Le Corbusier<\/a>, tal como aparece en el dibujo que hice hace ya muchos a\u00f1os para un art\u00edculo sobre la arquitectura y Tati.<\/p>\n<figure id=\"attachment_80051\" aria-describedby=\"caption-attachment-80051\" style=\"width: 624px\" class=\"wp-caption alignnone\"><img loading=\"lazy\" decoding=\"async\" class=\"size-large wp-image-80051\" src=\"https:\/\/veredes.es\/blog\/wp-content\/uploads\/2020\/05\/Compre-los-muebles-de-Mi-t\u00edo-Jorge-Gorostiza-Hulot-acostado-en-la-chaise-longue-de-Le-Corbusier-624x1024.jpg\" alt=\"\" width=\"624\" height=\"1024\" srcset=\"https:\/\/veredes.es\/blog\/wp-content\/uploads\/2020\/05\/Compre-los-muebles-de-Mi-t\u00edo-Jorge-Gorostiza-Hulot-acostado-en-la-chaise-longue-de-Le-Corbusier-624x1024.jpg 624w, https:\/\/veredes.es\/blog\/wp-content\/uploads\/2020\/05\/Compre-los-muebles-de-Mi-t\u00edo-Jorge-Gorostiza-Hulot-acostado-en-la-chaise-longue-de-Le-Corbusier-183x300.jpg 183w, https:\/\/veredes.es\/blog\/wp-content\/uploads\/2020\/05\/Compre-los-muebles-de-Mi-t\u00edo-Jorge-Gorostiza-Hulot-acostado-en-la-chaise-longue-de-Le-Corbusier-936x1536.jpg 936w, https:\/\/veredes.es\/blog\/wp-content\/uploads\/2020\/05\/Compre-los-muebles-de-Mi-t\u00edo-Jorge-Gorostiza-Hulot-acostado-en-la-chaise-longue-de-Le-Corbusier.jpg 1200w\" sizes=\"auto, (max-width: 624px) 100vw, 624px\" \/><figcaption id=\"caption-attachment-80051\" class=\"wp-caption-text\">Hulot acostado en el sof\u00e1. Dibujo: Jorge Gorostiza<\/figcaption><\/figure>\n<p>En el texto publicado en <em>Film and Furniture<\/em> ya se advierte\u00a0que estas piezas no son<\/p>\n<p style=\"padding-left: 40px;\">\u00abcompletamente pr\u00e1cticas\u00bb<\/p>\n<p>y que han de<\/p>\n<p style=\"padding-left: 40px;\">\u00abser vistas tal vez m\u00e1s como una obra de arte o escultura\u00bb,<\/p>\n<p style=\"text-align: justify;\">nadie puede dudar que Tati era un artista -sin profundizar en este t\u00e9rmino-, pero sus dise\u00f1os no pretend\u00edan ser en s\u00ed mismas las obras de un escultor, solo y no es poco, ser caricaturas de otros muebles que exist\u00edan en ese momento. Por ello si alguien, seguramente con mucho poder adquisitivo, compra una de estas \u00abpiezas\u00bb y la coloca en su casa, dif\u00edcilmente podr\u00e1 usarlo para sentarse y solo le servir\u00e1 para ense\u00f1arlo a sus amistades, como hac\u00eda la fatua y rid\u00edcula se\u00f1ora Arpel en\u00a0<i>Mon oncle<\/i>. Lo que interesa no es el objeto, sino tener el dinero suficiente para comprarlo, y alardear de su posesi\u00f3n sin importar para qu\u00e9 y por qu\u00e9 fue creado.<\/p>\n<p style=\"text-align: justify;\">Estoy seguro que a Jacques Tati le encantar\u00eda ver su muebles en las casas de ricos personajes del siglo veintiuno, tan est\u00fapidos como los<em> Arpel<\/em> del siglo pasado.<\/p>\n<p style=\"text-align: justify;\">Jorge Gorostiza, Doctor arquitecto.<br \/>\nSanta Cruz de Tenerife, diciembre 2019<br \/>\n<span style=\"color: #999999;\"><em>Autor del blog Arquitectura+Cine+Ciudad<\/em><\/span><\/p>\n<p><\/p>","protected":false},"excerpt":{"rendered":"<p>El pasado diciembre de 2019 se ha publicado en\u00a0Film and Furniture\u00a0que, como indica su nombre, se dedica a todo lo que tenga relaci\u00f3n con el mobiliario que aparece en las pantallas,\u00a0una\u00a0noticia\u00a0ins\u00f3lita, que es un indicio m\u00e1s de c\u00f3mo funciona nuestro mundo actual. La empresa\u00a0Domeau &amp; P\u00e9res\u00a0ha puesto a la venta la copia de tres muebles [&hellip;]<\/p>\n","protected":false},"author":34,"featured_media":80050,"comment_status":"open","ping_status":"closed","sticky":false,"template":"","format":"standard","meta":{"footnotes":""},"categories":[36,3,1460,1397,5951],"tags":[3733,12471,12470,4503,668,10059,1593,785],"class_list":{"0":"post-80049","1":"post","2":"type-post","3":"status-publish","4":"format-standard","5":"has-post-thumbnail","7":"category-arte-blog","8":"category-capturas","9":"category-cine","10":"category-diseno","11":"category-slider-principal","12":"tag-charlotte-perriand","13":"tag-cine","14":"tag-diseno","15":"tag-diseno-de-mobiliario","16":"tag-historia","17":"tag-jacques-tati","18":"tag-jorge-gorostiza","19":"tag-le-corbusier"},"yoast_head":"<!-- This site is optimized with the Yoast SEO plugin v27.4 - https:\/\/yoast.com\/product\/yoast-seo-wordpress\/ -->\n<title>Compre los muebles de Mi t\u00edo | Jorge Gorostiza - veredes<\/title>\n<meta name=\"description\" content=\"Toda la informaci\u00f3n sobre: Compre los muebles de Mi t\u00edo | Jorge Gorostiza\" \/>\n<meta name=\"robots\" content=\"index, follow, max-snippet:-1, max-image-preview:large, max-video-preview:-1\" \/>\n<link rel=\"canonical\" href=\"https:\/\/veredes.es\/blog\/compre-muebles-de-mi-tio-jorge-gorostiza\/\" \/>\n<meta property=\"og:locale\" content=\"es_ES\" \/>\n<meta property=\"og:type\" content=\"article\" \/>\n<meta property=\"og:title\" content=\"Compre los muebles de Mi t\u00edo | Jorge Gorostiza - veredes\" \/>\n<meta property=\"og:description\" content=\"Toda la informaci\u00f3n sobre: Compre los muebles de Mi t\u00edo | Jorge Gorostiza\" \/>\n<meta property=\"og:url\" content=\"https:\/\/veredes.es\/blog\/compre-muebles-de-mi-tio-jorge-gorostiza\/\" \/>\n<meta property=\"og:site_name\" content=\"veredes, arquitectura y divulgaci\u00f3n\" \/>\n<meta property=\"article:publisher\" content=\"https:\/\/www.facebook.com\/veredesArquitecturayDivulgacion\/\" \/>\n<meta property=\"article:author\" content=\"https:\/\/www.facebook.com\/gorostiza\" \/>\n<meta property=\"article:published_time\" content=\"2020-05-21T22:01:36+00:00\" \/>\n<meta property=\"article:modified_time\" content=\"2022-03-28T12:34:55+00:00\" \/>\n<meta property=\"og:image\" content=\"https:\/\/veredes.es\/blog\/wp-content\/uploads\/2020\/05\/Compre-los-muebles-de-Mi-t\u00edo-Jorge-Gorostiza.jpg\" \/>\n\t<meta property=\"og:image:width\" content=\"1200\" \/>\n\t<meta property=\"og:image:height\" content=\"580\" \/>\n\t<meta property=\"og:image:type\" content=\"image\/jpeg\" \/>\n<meta name=\"author\" content=\"Jorge Gorostiza\" \/>\n<meta name=\"twitter:card\" content=\"summary_large_image\" \/>\n<meta name=\"twitter:creator\" content=\"@https:\/\/twitter.com\/jorgegorostiza\" \/>\n<meta name=\"twitter:site\" content=\"@veredes\" \/>\n<meta name=\"twitter:label1\" content=\"Escrito por\" \/>\n\t<meta name=\"twitter:data1\" content=\"Jorge Gorostiza\" \/>\n\t<meta name=\"twitter:label2\" content=\"Tiempo de lectura\" \/>\n\t<meta name=\"twitter:data2\" content=\"3 minutos\" \/>\n<script type=\"application\/ld+json\" class=\"yoast-schema-graph\">{\"@context\":\"https:\\\/\\\/schema.org\",\"@graph\":[{\"@type\":\"Article\",\"@id\":\"https:\\\/\\\/veredes.es\\\/blog\\\/compre-muebles-de-mi-tio-jorge-gorostiza\\\/#article\",\"isPartOf\":{\"@id\":\"https:\\\/\\\/veredes.es\\\/blog\\\/compre-muebles-de-mi-tio-jorge-gorostiza\\\/\"},\"author\":{\"name\":\"Jorge Gorostiza\",\"@id\":\"https:\\\/\\\/veredes.es\\\/blog\\\/#\\\/schema\\\/person\\\/3f2d8efdf175df3cfcfa51a2b06cc527\"},\"headline\":\"Compre los muebles de Mi t\u00edo | Jorge Gorostiza\",\"datePublished\":\"2020-05-21T22:01:36+00:00\",\"dateModified\":\"2022-03-28T12:34:55+00:00\",\"mainEntityOfPage\":{\"@id\":\"https:\\\/\\\/veredes.es\\\/blog\\\/compre-muebles-de-mi-tio-jorge-gorostiza\\\/\"},\"wordCount\":1569,\"commentCount\":0,\"publisher\":{\"@id\":\"https:\\\/\\\/veredes.es\\\/blog\\\/#organization\"},\"image\":{\"@id\":\"https:\\\/\\\/veredes.es\\\/blog\\\/compre-muebles-de-mi-tio-jorge-gorostiza\\\/#primaryimage\"},\"thumbnailUrl\":\"https:\\\/\\\/veredes.es\\\/blog\\\/wp-content\\\/uploads\\\/2020\\\/05\\\/Compre-los-muebles-de-Mi-t\u00edo-Jorge-Gorostiza.jpg\",\"keywords\":[\"Charlotte Perriand\",\"cine\",\"dise\u00f1o\",\"dise\u00f1o de mobiliario\",\"historia\",\"Jacques Tati\",\"Jorge Gorostiza\",\"Le Corbusier\"],\"articleSection\":[\"arte\",\"capturas\",\"cine\",\"dise\u00f1o\",\"slider principal\"],\"inLanguage\":\"es\",\"potentialAction\":[{\"@type\":\"CommentAction\",\"name\":\"Comment\",\"target\":[\"https:\\\/\\\/veredes.es\\\/blog\\\/compre-muebles-de-mi-tio-jorge-gorostiza\\\/#respond\"]}]},{\"@type\":\"WebPage\",\"@id\":\"https:\\\/\\\/veredes.es\\\/blog\\\/compre-muebles-de-mi-tio-jorge-gorostiza\\\/\",\"url\":\"https:\\\/\\\/veredes.es\\\/blog\\\/compre-muebles-de-mi-tio-jorge-gorostiza\\\/\",\"name\":\"Compre los muebles de Mi t\u00edo | Jorge Gorostiza - veredes\",\"isPartOf\":{\"@id\":\"https:\\\/\\\/veredes.es\\\/blog\\\/#website\"},\"primaryImageOfPage\":{\"@id\":\"https:\\\/\\\/veredes.es\\\/blog\\\/compre-muebles-de-mi-tio-jorge-gorostiza\\\/#primaryimage\"},\"image\":{\"@id\":\"https:\\\/\\\/veredes.es\\\/blog\\\/compre-muebles-de-mi-tio-jorge-gorostiza\\\/#primaryimage\"},\"thumbnailUrl\":\"https:\\\/\\\/veredes.es\\\/blog\\\/wp-content\\\/uploads\\\/2020\\\/05\\\/Compre-los-muebles-de-Mi-t\u00edo-Jorge-Gorostiza.jpg\",\"datePublished\":\"2020-05-21T22:01:36+00:00\",\"dateModified\":\"2022-03-28T12:34:55+00:00\",\"description\":\"Toda la informaci\u00f3n sobre: Compre los muebles de Mi t\u00edo | Jorge Gorostiza\",\"breadcrumb\":{\"@id\":\"https:\\\/\\\/veredes.es\\\/blog\\\/compre-muebles-de-mi-tio-jorge-gorostiza\\\/#breadcrumb\"},\"inLanguage\":\"es\",\"potentialAction\":[{\"@type\":\"ReadAction\",\"target\":[\"https:\\\/\\\/veredes.es\\\/blog\\\/compre-muebles-de-mi-tio-jorge-gorostiza\\\/\"]}]},{\"@type\":\"ImageObject\",\"inLanguage\":\"es\",\"@id\":\"https:\\\/\\\/veredes.es\\\/blog\\\/compre-muebles-de-mi-tio-jorge-gorostiza\\\/#primaryimage\",\"url\":\"https:\\\/\\\/veredes.es\\\/blog\\\/wp-content\\\/uploads\\\/2020\\\/05\\\/Compre-los-muebles-de-Mi-t\u00edo-Jorge-Gorostiza.jpg\",\"contentUrl\":\"https:\\\/\\\/veredes.es\\\/blog\\\/wp-content\\\/uploads\\\/2020\\\/05\\\/Compre-los-muebles-de-Mi-t\u00edo-Jorge-Gorostiza.jpg\",\"width\":1200,\"height\":580},{\"@type\":\"BreadcrumbList\",\"@id\":\"https:\\\/\\\/veredes.es\\\/blog\\\/compre-muebles-de-mi-tio-jorge-gorostiza\\\/#breadcrumb\",\"itemListElement\":[{\"@type\":\"ListItem\",\"position\":1,\"name\":\"Portada\",\"item\":\"https:\\\/\\\/veredes.es\\\/blog\\\/\"},{\"@type\":\"ListItem\",\"position\":2,\"name\":\"Compre los muebles de Mi t\u00edo | Jorge Gorostiza\"}]},{\"@type\":\"WebSite\",\"@id\":\"https:\\\/\\\/veredes.es\\\/blog\\\/#website\",\"url\":\"https:\\\/\\\/veredes.es\\\/blog\\\/\",\"name\":\"veredes, arquitectura y divulgaci\u00f3n\",\"description\":\"veredes\",\"publisher\":{\"@id\":\"https:\\\/\\\/veredes.es\\\/blog\\\/#organization\"},\"alternateName\":\"veredes\",\"potentialAction\":[{\"@type\":\"SearchAction\",\"target\":{\"@type\":\"EntryPoint\",\"urlTemplate\":\"https:\\\/\\\/veredes.es\\\/blog\\\/?s={search_term_string}\"},\"query-input\":{\"@type\":\"PropertyValueSpecification\",\"valueRequired\":true,\"valueName\":\"search_term_string\"}}],\"inLanguage\":\"es\"},{\"@type\":\"Organization\",\"@id\":\"https:\\\/\\\/veredes.es\\\/blog\\\/#organization\",\"name\":\"veredes, arquitectura y divulgaci\u00f3n\",\"alternateName\":\"veredes\",\"url\":\"https:\\\/\\\/veredes.es\\\/blog\\\/\",\"logo\":{\"@type\":\"ImageObject\",\"inLanguage\":\"es\",\"@id\":\"https:\\\/\\\/veredes.es\\\/blog\\\/#\\\/schema\\\/logo\\\/image\\\/\",\"url\":\"https:\\\/\\\/veredes.es\\\/blog\\\/wp-content\\\/uploads\\\/2021\\\/12\\\/veredes-logo-centrado_140x54.png\",\"contentUrl\":\"https:\\\/\\\/veredes.es\\\/blog\\\/wp-content\\\/uploads\\\/2021\\\/12\\\/veredes-logo-centrado_140x54.png\",\"width\":140,\"height\":54,\"caption\":\"veredes, arquitectura y divulgaci\u00f3n\"},\"image\":{\"@id\":\"https:\\\/\\\/veredes.es\\\/blog\\\/#\\\/schema\\\/logo\\\/image\\\/\"},\"sameAs\":[\"https:\\\/\\\/www.facebook.com\\\/veredesArquitecturayDivulgacion\\\/\",\"https:\\\/\\\/x.com\\\/veredes\",\"https:\\\/\\\/instagram.com\\\/veredes\\\/\",\"https:\\\/\\\/www.linkedin.com\\\/company\\\/veredes-arquitectura-y-divulgacion\\\/\",\"https:\\\/\\\/es.pinterest.com\\\/veredes\\\/\",\"https:\\\/\\\/www.tumblr.com\\\/veredes\"]},{\"@type\":\"Person\",\"@id\":\"https:\\\/\\\/veredes.es\\\/blog\\\/#\\\/schema\\\/person\\\/3f2d8efdf175df3cfcfa51a2b06cc527\",\"name\":\"Jorge Gorostiza\",\"image\":{\"@type\":\"ImageObject\",\"inLanguage\":\"es\",\"@id\":\"https:\\\/\\\/veredes.es\\\/blog\\\/wp-content\\\/uploads\\\/2018\\\/04\\\/jorge-gorostiza-96x96.jpg\",\"url\":\"https:\\\/\\\/veredes.es\\\/blog\\\/wp-content\\\/uploads\\\/2018\\\/04\\\/jorge-gorostiza-96x96.jpg\",\"contentUrl\":\"https:\\\/\\\/veredes.es\\\/blog\\\/wp-content\\\/uploads\\\/2018\\\/04\\\/jorge-gorostiza-96x96.jpg\",\"caption\":\"Jorge Gorostiza\"},\"description\":\"Doctor arquitecto por la UPM, 2015. He publicado bastantes libros y muchos art\u00edculos, he impartido conferencias, he sido comisario de exposiciones y jurado en much\u00edsmos festivales. Si quieren saber m\u00e1s no duden en consultar mi blog ARQUITECTURA + CINE + CIUDAD. En este blog se ir\u00e1n recogiendo art\u00edculos y textos dispersos por la Web, as\u00ed como otros publicados y libres de derechos, que traten sobre Cine, Arquitectura y Ciudad. As\u00ed quienes est\u00e9n interesados por las relaciones entre la ficci\u00f3n y la realidad, podr\u00e1n tener m\u00e1s argumentos para profundizar en esas relaciones. No es un blog en el que se vayan a hacer comentarios sobre las vivencias personales de su responsable, que adem\u00e1s a nadie interesan. Por supuesto que est\u00e1 abierto a cualquiera que le gusten estos temas, sirviendo como foro de debate y como lugar donde todos podamos aprender con las ideas de los dem\u00e1s.\",\"sameAs\":[\"http:\\\/\\\/cinearquitecturaciudad.blogspot.com.es\\\/\",\"https:\\\/\\\/www.facebook.com\\\/gorostiza\",\"https:\\\/\\\/www.instagram.com\\\/jorge.gorostiza\\\/\",\"https:\\\/\\\/www.linkedin.com\\\/in\\\/jorge-gorostiza-022a6a13\\\/\",\"https:\\\/\\\/x.com\\\/https:\\\/\\\/twitter.com\\\/jorgegorostiza\"],\"url\":\"https:\\\/\\\/veredes.es\\\/blog\\\/author\\\/jorge-gorostiza\\\/\"}]}<\/script>\n<!-- \/ Yoast SEO plugin. -->","yoast_head_json":{"title":"Compre los muebles de Mi t\u00edo | Jorge Gorostiza - veredes","description":"Toda la informaci\u00f3n sobre: Compre los muebles de Mi t\u00edo | Jorge Gorostiza","robots":{"index":"index","follow":"follow","max-snippet":"max-snippet:-1","max-image-preview":"max-image-preview:large","max-video-preview":"max-video-preview:-1"},"canonical":"https:\/\/veredes.es\/blog\/compre-muebles-de-mi-tio-jorge-gorostiza\/","og_locale":"es_ES","og_type":"article","og_title":"Compre los muebles de Mi t\u00edo | Jorge Gorostiza - veredes","og_description":"Toda la informaci\u00f3n sobre: Compre los muebles de Mi t\u00edo | Jorge Gorostiza","og_url":"https:\/\/veredes.es\/blog\/compre-muebles-de-mi-tio-jorge-gorostiza\/","og_site_name":"veredes, arquitectura y divulgaci\u00f3n","article_publisher":"https:\/\/www.facebook.com\/veredesArquitecturayDivulgacion\/","article_author":"https:\/\/www.facebook.com\/gorostiza","article_published_time":"2020-05-21T22:01:36+00:00","article_modified_time":"2022-03-28T12:34:55+00:00","og_image":[{"width":1200,"height":580,"url":"https:\/\/veredes.es\/blog\/wp-content\/uploads\/2020\/05\/Compre-los-muebles-de-Mi-t\u00edo-Jorge-Gorostiza.jpg","type":"image\/jpeg"}],"author":"Jorge Gorostiza","twitter_card":"summary_large_image","twitter_creator":"@https:\/\/twitter.com\/jorgegorostiza","twitter_site":"@veredes","twitter_misc":{"Escrito por":"Jorge Gorostiza","Tiempo de lectura":"3 minutos"},"schema":{"@context":"https:\/\/schema.org","@graph":[{"@type":"Article","@id":"https:\/\/veredes.es\/blog\/compre-muebles-de-mi-tio-jorge-gorostiza\/#article","isPartOf":{"@id":"https:\/\/veredes.es\/blog\/compre-muebles-de-mi-tio-jorge-gorostiza\/"},"author":{"name":"Jorge Gorostiza","@id":"https:\/\/veredes.es\/blog\/#\/schema\/person\/3f2d8efdf175df3cfcfa51a2b06cc527"},"headline":"Compre los muebles de Mi t\u00edo | Jorge Gorostiza","datePublished":"2020-05-21T22:01:36+00:00","dateModified":"2022-03-28T12:34:55+00:00","mainEntityOfPage":{"@id":"https:\/\/veredes.es\/blog\/compre-muebles-de-mi-tio-jorge-gorostiza\/"},"wordCount":1569,"commentCount":0,"publisher":{"@id":"https:\/\/veredes.es\/blog\/#organization"},"image":{"@id":"https:\/\/veredes.es\/blog\/compre-muebles-de-mi-tio-jorge-gorostiza\/#primaryimage"},"thumbnailUrl":"https:\/\/veredes.es\/blog\/wp-content\/uploads\/2020\/05\/Compre-los-muebles-de-Mi-t\u00edo-Jorge-Gorostiza.jpg","keywords":["Charlotte Perriand","cine","dise\u00f1o","dise\u00f1o de mobiliario","historia","Jacques Tati","Jorge Gorostiza","Le Corbusier"],"articleSection":["arte","capturas","cine","dise\u00f1o","slider principal"],"inLanguage":"es","potentialAction":[{"@type":"CommentAction","name":"Comment","target":["https:\/\/veredes.es\/blog\/compre-muebles-de-mi-tio-jorge-gorostiza\/#respond"]}]},{"@type":"WebPage","@id":"https:\/\/veredes.es\/blog\/compre-muebles-de-mi-tio-jorge-gorostiza\/","url":"https:\/\/veredes.es\/blog\/compre-muebles-de-mi-tio-jorge-gorostiza\/","name":"Compre los muebles de Mi t\u00edo | Jorge Gorostiza - veredes","isPartOf":{"@id":"https:\/\/veredes.es\/blog\/#website"},"primaryImageOfPage":{"@id":"https:\/\/veredes.es\/blog\/compre-muebles-de-mi-tio-jorge-gorostiza\/#primaryimage"},"image":{"@id":"https:\/\/veredes.es\/blog\/compre-muebles-de-mi-tio-jorge-gorostiza\/#primaryimage"},"thumbnailUrl":"https:\/\/veredes.es\/blog\/wp-content\/uploads\/2020\/05\/Compre-los-muebles-de-Mi-t\u00edo-Jorge-Gorostiza.jpg","datePublished":"2020-05-21T22:01:36+00:00","dateModified":"2022-03-28T12:34:55+00:00","description":"Toda la informaci\u00f3n sobre: Compre los muebles de Mi t\u00edo | Jorge Gorostiza","breadcrumb":{"@id":"https:\/\/veredes.es\/blog\/compre-muebles-de-mi-tio-jorge-gorostiza\/#breadcrumb"},"inLanguage":"es","potentialAction":[{"@type":"ReadAction","target":["https:\/\/veredes.es\/blog\/compre-muebles-de-mi-tio-jorge-gorostiza\/"]}]},{"@type":"ImageObject","inLanguage":"es","@id":"https:\/\/veredes.es\/blog\/compre-muebles-de-mi-tio-jorge-gorostiza\/#primaryimage","url":"https:\/\/veredes.es\/blog\/wp-content\/uploads\/2020\/05\/Compre-los-muebles-de-Mi-t\u00edo-Jorge-Gorostiza.jpg","contentUrl":"https:\/\/veredes.es\/blog\/wp-content\/uploads\/2020\/05\/Compre-los-muebles-de-Mi-t\u00edo-Jorge-Gorostiza.jpg","width":1200,"height":580},{"@type":"BreadcrumbList","@id":"https:\/\/veredes.es\/blog\/compre-muebles-de-mi-tio-jorge-gorostiza\/#breadcrumb","itemListElement":[{"@type":"ListItem","position":1,"name":"Portada","item":"https:\/\/veredes.es\/blog\/"},{"@type":"ListItem","position":2,"name":"Compre los muebles de Mi t\u00edo | Jorge Gorostiza"}]},{"@type":"WebSite","@id":"https:\/\/veredes.es\/blog\/#website","url":"https:\/\/veredes.es\/blog\/","name":"veredes, arquitectura y divulgaci\u00f3n","description":"veredes","publisher":{"@id":"https:\/\/veredes.es\/blog\/#organization"},"alternateName":"veredes","potentialAction":[{"@type":"SearchAction","target":{"@type":"EntryPoint","urlTemplate":"https:\/\/veredes.es\/blog\/?s={search_term_string}"},"query-input":{"@type":"PropertyValueSpecification","valueRequired":true,"valueName":"search_term_string"}}],"inLanguage":"es"},{"@type":"Organization","@id":"https:\/\/veredes.es\/blog\/#organization","name":"veredes, arquitectura y divulgaci\u00f3n","alternateName":"veredes","url":"https:\/\/veredes.es\/blog\/","logo":{"@type":"ImageObject","inLanguage":"es","@id":"https:\/\/veredes.es\/blog\/#\/schema\/logo\/image\/","url":"https:\/\/veredes.es\/blog\/wp-content\/uploads\/2021\/12\/veredes-logo-centrado_140x54.png","contentUrl":"https:\/\/veredes.es\/blog\/wp-content\/uploads\/2021\/12\/veredes-logo-centrado_140x54.png","width":140,"height":54,"caption":"veredes, arquitectura y divulgaci\u00f3n"},"image":{"@id":"https:\/\/veredes.es\/blog\/#\/schema\/logo\/image\/"},"sameAs":["https:\/\/www.facebook.com\/veredesArquitecturayDivulgacion\/","https:\/\/x.com\/veredes","https:\/\/instagram.com\/veredes\/","https:\/\/www.linkedin.com\/company\/veredes-arquitectura-y-divulgacion\/","https:\/\/es.pinterest.com\/veredes\/","https:\/\/www.tumblr.com\/veredes"]},{"@type":"Person","@id":"https:\/\/veredes.es\/blog\/#\/schema\/person\/3f2d8efdf175df3cfcfa51a2b06cc527","name":"Jorge Gorostiza","image":{"@type":"ImageObject","inLanguage":"es","@id":"https:\/\/veredes.es\/blog\/wp-content\/uploads\/2018\/04\/jorge-gorostiza-96x96.jpg","url":"https:\/\/veredes.es\/blog\/wp-content\/uploads\/2018\/04\/jorge-gorostiza-96x96.jpg","contentUrl":"https:\/\/veredes.es\/blog\/wp-content\/uploads\/2018\/04\/jorge-gorostiza-96x96.jpg","caption":"Jorge Gorostiza"},"description":"Doctor arquitecto por la UPM, 2015. He publicado bastantes libros y muchos art\u00edculos, he impartido conferencias, he sido comisario de exposiciones y jurado en much\u00edsmos festivales. Si quieren saber m\u00e1s no duden en consultar mi blog ARQUITECTURA + CINE + CIUDAD. En este blog se ir\u00e1n recogiendo art\u00edculos y textos dispersos por la Web, as\u00ed como otros publicados y libres de derechos, que traten sobre Cine, Arquitectura y Ciudad. As\u00ed quienes est\u00e9n interesados por las relaciones entre la ficci\u00f3n y la realidad, podr\u00e1n tener m\u00e1s argumentos para profundizar en esas relaciones. No es un blog en el que se vayan a hacer comentarios sobre las vivencias personales de su responsable, que adem\u00e1s a nadie interesan. Por supuesto que est\u00e1 abierto a cualquiera que le gusten estos temas, sirviendo como foro de debate y como lugar donde todos podamos aprender con las ideas de los dem\u00e1s.","sameAs":["http:\/\/cinearquitecturaciudad.blogspot.com.es\/","https:\/\/www.facebook.com\/gorostiza","https:\/\/www.instagram.com\/jorge.gorostiza\/","https:\/\/www.linkedin.com\/in\/jorge-gorostiza-022a6a13\/","https:\/\/x.com\/https:\/\/twitter.com\/jorgegorostiza"],"url":"https:\/\/veredes.es\/blog\/author\/jorge-gorostiza\/"}]}},"_links":{"self":[{"href":"https:\/\/veredes.es\/blog\/wp-json\/wp\/v2\/posts\/80049","targetHints":{"allow":["GET"]}}],"collection":[{"href":"https:\/\/veredes.es\/blog\/wp-json\/wp\/v2\/posts"}],"about":[{"href":"https:\/\/veredes.es\/blog\/wp-json\/wp\/v2\/types\/post"}],"author":[{"embeddable":true,"href":"https:\/\/veredes.es\/blog\/wp-json\/wp\/v2\/users\/34"}],"replies":[{"embeddable":true,"href":"https:\/\/veredes.es\/blog\/wp-json\/wp\/v2\/comments?post=80049"}],"version-history":[{"count":0,"href":"https:\/\/veredes.es\/blog\/wp-json\/wp\/v2\/posts\/80049\/revisions"}],"wp:featuredmedia":[{"embeddable":true,"href":"https:\/\/veredes.es\/blog\/wp-json\/wp\/v2\/media\/80050"}],"wp:attachment":[{"href":"https:\/\/veredes.es\/blog\/wp-json\/wp\/v2\/media?parent=80049"}],"wp:term":[{"taxonomy":"category","embeddable":true,"href":"https:\/\/veredes.es\/blog\/wp-json\/wp\/v2\/categories?post=80049"},{"taxonomy":"post_tag","embeddable":true,"href":"https:\/\/veredes.es\/blog\/wp-json\/wp\/v2\/tags?post=80049"}],"curies":[{"name":"wp","href":"https:\/\/api.w.org\/{rel}","templated":true}]}}