{"id":79598,"date":"2020-04-16T00:01:17","date_gmt":"2020-04-15T22:01:17","guid":{"rendered":"https:\/\/veredes.es\/blog\/?p=79598"},"modified":"2024-03-07T14:05:29","modified_gmt":"2024-03-07T13:05:29","slug":"bim-on-2020-2","status":"publish","type":"post","link":"https:\/\/veredes.es\/blog\/bim-on-2020-2\/","title":{"rendered":"BIM On 2020"},"content":{"rendered":"<figure id=\"attachment_79600\" aria-describedby=\"caption-attachment-79600\" style=\"width: 1200px\" class=\"wp-caption alignnone\"><img loading=\"lazy\" decoding=\"async\" class=\"wp-image-79600 size-full\" title=\"BIM On 2020\" src=\"https:\/\/veredes.es\/blog\/wp-content\/uploads\/2020\/04\/BIM-On-2020.jpg\" alt=\"BIM On 2020\" width=\"1200\" height=\"467\" srcset=\"https:\/\/veredes.es\/blog\/wp-content\/uploads\/2020\/04\/BIM-On-2020.jpg 1200w, https:\/\/veredes.es\/blog\/wp-content\/uploads\/2020\/04\/BIM-On-2020-300x117.jpg 300w, https:\/\/veredes.es\/blog\/wp-content\/uploads\/2020\/04\/BIM-On-2020-1024x399.jpg 1024w\" sizes=\"auto, (max-width: 1200px) 100vw, 1200px\" \/><figcaption id=\"caption-attachment-79600\" class=\"wp-caption-text\"><\/span> <span style=\"color: #999999;\">BIM On 2020<\/span><\/figcaption><\/figure>\n<h5 style=\"text-align: justify;\"><strong>\u00bfQu\u00e9 es BIM On?<\/strong><\/h5>\n<p style=\"text-align: justify;\"><strong>BIM On<\/strong> es el primer evento <strong>BIM online de Espa\u00f1a, <\/strong><a href=\"https:\/\/veredes.es\/blog\/rafael-gonzalez-del-castillo-sancho-editeca-escuela-de-formacion-online\/\" target=\"_blank\" rel=\"noopener noreferrer\">organizado por <strong>editeca<\/strong><\/a>. Tras el \u00e9xito de a\u00f1os anteriores, celebramos su tercera edici\u00f3n BIM On 2020. La ocasi\u00f3n perfecta para conectar empresas de las diversas \u00e1reas con expertos y los profesionales en torno al BIM. Tendremos el testimonio de expertos de las diversas \u00e1reas que nos desvelar\u00e1n la realidad del sector. Una cita obligatoria si quieres estar al d\u00eda de todas las novedades y la situaci\u00f3n actual.<\/p>\n<blockquote>\n<p style=\"text-align: justify; padding-left: 40px;\"><em><a href=\"https:\/\/editeca.com\/evento-bim-on-2020\/\" target=\"_blank\" rel=\"noopener noreferrer\">\u00a1No queremos que nadie se lo pierda! Es completamente gratuito, y puedes seguirlo desde todos los pa\u00edses del mundo.<\/a><\/em><\/p>\n<\/blockquote>\n<h5 style=\"text-align: justify;\"><strong>\u00bfA qui\u00e9n va dirigido?<\/strong><\/h5>\n<p style=\"text-align: justify;\">Contamos con profesionales de primer nivel en las diversas \u00e1reas que convergen el BIM. Desde construcci\u00f3n, estudios de arquitectura, software y expertos en su implantaci\u00f3n, que desarrollar\u00e1n, a base de casos reales, la actualidad del BIM en Espa\u00f1a y pa\u00edses de habla hispana.<\/p>\n<p style=\"text-align: justify;\">Si eres profesional BIM, estudiante o tienes inquietudes por las nuevas tecnolog\u00edas que est\u00e1n transformando la construcci\u00f3n\u2026 \u00a1Este es tu evento!<\/p>\n<p style=\"text-align: justify; padding-left: 40px;\"><em><a href=\"https:\/\/editeca.com\/evento-bim-on-2020\/\" target=\"_blank\" rel=\"noopener noreferrer\"><strong>Reg\u00edstrate, y sigue los pasos para acceder online a nuestro evento.<\/strong><\/a><\/em><\/p>\n<h5 style=\"text-align: justify;\"><strong>\u00bfD\u00f3nde y Cu\u00e1ndo?<\/strong><\/h5>\n<p style=\"text-align: justify;\">\u00bfD\u00f3nde?\u00a0El evento\u00a0<strong>BIM On 2020\u00a0es\u00a0online<\/strong><\/p>\n<p style=\"text-align: justify; padding-left: 40px;\"><strong>\u00a1Puedes conectarte desde donde t\u00fa quieras! Recuerda finalizar el registro y no lo dejes para el \u00faltimo momento.<\/strong><\/p>\n<p style=\"text-align: justify;\">\u00bfCu\u00e1ndo? el <strong>jueves 23 de Abril a las 11.30 de la ma\u00f1ana, hora espa\u00f1ola. El congreso durar\u00e1 todo el d\u00eda<\/strong>. Lo dividimos en bloques tem\u00e1ticos para que puedas estar atento a las charlas que m\u00e1s te interesan.<\/p>\n<p style=\"padding-left: 40px; text-align: center;\"><strong>\u00a1Te esperamos! Solo tienes que registrarte.<\/strong><\/p>\n<figure id=\"attachment_79603\" aria-describedby=\"caption-attachment-79603\" style=\"width: 1200px\" class=\"wp-caption alignnone\"><img loading=\"lazy\" decoding=\"async\" class=\"wp-image-79603 size-full\" title=\"BIM On 2020\" src=\"https:\/\/veredes.es\/blog\/wp-content\/uploads\/2020\/04\/BIM-On-2020-programa-ponencias.jpg\" alt=\"BIM On 2020\" width=\"1200\" height=\"1697\" srcset=\"https:\/\/veredes.es\/blog\/wp-content\/uploads\/2020\/04\/BIM-On-2020-programa-ponencias.jpg 1200w, https:\/\/veredes.es\/blog\/wp-content\/uploads\/2020\/04\/BIM-On-2020-programa-ponencias-212x300.jpg 212w, https:\/\/veredes.es\/blog\/wp-content\/uploads\/2020\/04\/BIM-On-2020-programa-ponencias-724x1024.jpg 724w, https:\/\/veredes.es\/blog\/wp-content\/uploads\/2020\/04\/BIM-On-2020-programa-ponencias-1086x1536.jpg 1086w\" sizes=\"auto, (max-width: 1200px) 100vw, 1200px\" \/><figcaption id=\"caption-attachment-79603\" class=\"wp-caption-text\">BIM On 2020<\/figcaption><\/figure>\n<h5><strong>Ciudades digitales e inteligentes<\/strong><\/h5>\n<p>\u00b7 BIM\u00a0para Administraciones P\u00fablicas:\u00a0\u00a0Licitaciones, ofertas, concursos y redacci\u00f3n del BEP omisi\u00f3n BIM<br \/>\n\u00b7 BIM en\u00a0Ciudades: CIM (City Information Modeling)<br \/>\n\u00b7 BIM contra la Contaminaci\u00f3n: Ecolog\u00eda, Sosteniblidad\u00a0y Eficiencia con BIM<br \/>\n\u00b7 BIM en fases de Operaci\u00f3n y Mantenimiento<\/p>\n<h5><strong>Certificaciones y proyectos<\/strong><\/h5>\n<p>\u00b7 Certificados BIM: \u00bfQu\u00e9 necesito para certificarme? \u00bfCu\u00e1les son los m\u00e1s recomendables para mi perfil?<br \/>\n\u00b7 Open BIM:\u00a0Estandarizaci\u00f3n BIM (PAS, COBIE) e interoperabilidad<br \/>\n\u00b7 Grandes proyectos BIM: Estructuras e infraestructuras<\/p>\n<h5><strong>Nuevas tecnolog\u00edas<\/strong><\/h5>\n<p>\u00b7 Industrializaci\u00f3n y prefabricaci\u00f3n con BIM<br \/>\n\u00b7 Digital Twin e Industria 4.0<br \/>\n\u00b7 Blockchain y IOT para BIM<br \/>\n\u00b7 El BIM del futuro: Dise\u00f1o Generativo, Smart Computing<br \/>\n\u00b7 FIN del BIM: Transformaci\u00f3n Digital<\/p>\n","protected":false},"excerpt":{"rendered":"<p>\u00bfQu\u00e9 es BIM On? BIM On es el primer evento BIM online de Espa\u00f1a, organizado por editeca. Tras el \u00e9xito de a\u00f1os anteriores, celebramos su tercera edici\u00f3n BIM On 2020. La ocasi\u00f3n perfecta para conectar empresas de las diversas \u00e1reas con expertos y los profesionales en torno al BIM. Tendremos el testimonio de expertos de [&hellip;]<\/p>\n","protected":false},"author":2,"featured_media":79600,"comment_status":"open","ping_status":"closed","sticky":false,"template":"","format":"standard","meta":{"footnotes":""},"categories":[1385,7937,16],"tags":[12448,2631,12477,12847,6419,357,361,13474,3087,5815,484,505,535,542,12445,1893,712,758,4798,1886,1103,1106,13473,4416,4642],"class_list":{"0":"post-79598","1":"post","2":"type-post","3":"status-publish","4":"format-standard","5":"has-post-thumbnail","7":"category-conferencias","8":"category-convocatorias","9":"category-eventos","11":"tag-arquitectura-espanola","12":"tag-baliza","13":"tag-bim","14":"tag-charla","15":"tag-conferencia","16":"tag-congreso","17":"tag-editeca","18":"tag-emprendimiento","19":"tag-empresa","20":"tag-entrevista","21":"tag-escuela","22":"tag-estudiante","23":"tag-etsam","24":"tag-evento","25":"tag-formacion","26":"tag-ingenieria","27":"tag-joven-arquitecto","28":"tag-modelo-profesional","29":"tag-on-line","30":"tag-profesion","31":"tag-programa","32":"tag-rafael-gonzalez-del-castillo-sancho","33":"tag-realidad","34":"tag-software-libre"},"yoast_head":"<!-- This site is optimized with the Yoast SEO plugin v27.4 - https:\/\/yoast.com\/product\/yoast-seo-wordpress\/ -->\n<title>BIM On 2020 - veredes<\/title>\n<meta name=\"description\" content=\"Toda la informaci\u00f3n sobre: BIM On 2020\" \/>\n<meta name=\"robots\" content=\"index, follow, max-snippet:-1, max-image-preview:large, max-video-preview:-1\" \/>\n<link rel=\"canonical\" href=\"https:\/\/veredes.es\/blog\/bim-on-2020-2\/\" \/>\n<meta property=\"og:locale\" content=\"es_ES\" \/>\n<meta property=\"og:type\" content=\"article\" \/>\n<meta property=\"og:title\" content=\"BIM On 2020 - veredes\" \/>\n<meta property=\"og:description\" content=\"Toda la informaci\u00f3n sobre: BIM On 2020\" \/>\n<meta property=\"og:url\" content=\"https:\/\/veredes.es\/blog\/bim-on-2020-2\/\" \/>\n<meta property=\"og:site_name\" content=\"veredes, arquitectura y divulgaci\u00f3n\" \/>\n<meta property=\"article:publisher\" content=\"https:\/\/www.facebook.com\/veredesArquitecturayDivulgacion\/\" \/>\n<meta property=\"article:author\" content=\"https:\/\/www.facebook.com\/veredesArquitecturayDivulgacion\/\" \/>\n<meta property=\"article:published_time\" content=\"2020-04-15T22:01:17+00:00\" \/>\n<meta property=\"article:modified_time\" content=\"2024-03-07T13:05:29+00:00\" \/>\n<meta property=\"og:image\" content=\"https:\/\/veredes.es\/blog\/wp-content\/uploads\/2020\/04\/BIM-On-2020.jpg\" \/>\n\t<meta property=\"og:image:width\" content=\"1200\" \/>\n\t<meta property=\"og:image:height\" content=\"467\" \/>\n\t<meta property=\"og:image:type\" content=\"image\/jpeg\" \/>\n<meta name=\"author\" content=\"veredes\" \/>\n<meta name=\"twitter:card\" content=\"summary_large_image\" \/>\n<meta name=\"twitter:creator\" content=\"@https:\/\/twitter.com\/veredes\" \/>\n<meta name=\"twitter:site\" content=\"@veredes\" \/>\n<meta name=\"twitter:label1\" content=\"Escrito por\" \/>\n\t<meta name=\"twitter:data1\" content=\"veredes\" \/>\n\t<meta name=\"twitter:label2\" content=\"Tiempo de lectura\" \/>\n\t<meta name=\"twitter:data2\" content=\"3 minutos\" \/>\n<script type=\"application\/ld+json\" class=\"yoast-schema-graph\">{\"@context\":\"https:\\\/\\\/schema.org\",\"@graph\":[{\"@type\":\"Article\",\"@id\":\"https:\\\/\\\/veredes.es\\\/blog\\\/bim-on-2020-2\\\/#article\",\"isPartOf\":{\"@id\":\"https:\\\/\\\/veredes.es\\\/blog\\\/bim-on-2020-2\\\/\"},\"author\":{\"name\":\"veredes\",\"@id\":\"https:\\\/\\\/veredes.es\\\/blog\\\/#\\\/schema\\\/person\\\/0bbb669073ef7faba5168a0844e93d2c\"},\"headline\":\"BIM On 2020\",\"datePublished\":\"2020-04-15T22:01:17+00:00\",\"dateModified\":\"2024-03-07T13:05:29+00:00\",\"mainEntityOfPage\":{\"@id\":\"https:\\\/\\\/veredes.es\\\/blog\\\/bim-on-2020-2\\\/\"},\"wordCount\":409,\"commentCount\":0,\"publisher\":{\"@id\":\"https:\\\/\\\/veredes.es\\\/blog\\\/#organization\"},\"image\":{\"@id\":\"https:\\\/\\\/veredes.es\\\/blog\\\/bim-on-2020-2\\\/#primaryimage\"},\"thumbnailUrl\":\"https:\\\/\\\/veredes.es\\\/blog\\\/wp-content\\\/uploads\\\/2020\\\/04\\\/BIM-On-2020.jpg\",\"keywords\":[\"arquitectura\",\"arquitectura espa\u00f1ola\",\"baliza\",\"BIM\",\"charla\",\"conferencia\",\"congreso\",\"Editeca\",\"emprendimiento\",\"empresa\",\"entrevista\",\"escuela\",\"estudiante\",\"ETSAM\",\"evento\",\"formaci\u00f3n\",\"ingenier\u00eda\",\"joven arquitecto\",\"modelo profesional\",\"on line\",\"profesi\u00f3n\",\"programa\",\"Rafael Gonz\u00e1lez del Castillo Sancho\",\"realidad\",\"software libre\"],\"articleSection\":[\"conferencias\",\"convocatorias\",\"eventos\"],\"inLanguage\":\"es\",\"potentialAction\":[{\"@type\":\"CommentAction\",\"name\":\"Comment\",\"target\":[\"https:\\\/\\\/veredes.es\\\/blog\\\/bim-on-2020-2\\\/#respond\"]}]},{\"@type\":\"WebPage\",\"@id\":\"https:\\\/\\\/veredes.es\\\/blog\\\/bim-on-2020-2\\\/\",\"url\":\"https:\\\/\\\/veredes.es\\\/blog\\\/bim-on-2020-2\\\/\",\"name\":\"BIM On 2020 - veredes\",\"isPartOf\":{\"@id\":\"https:\\\/\\\/veredes.es\\\/blog\\\/#website\"},\"primaryImageOfPage\":{\"@id\":\"https:\\\/\\\/veredes.es\\\/blog\\\/bim-on-2020-2\\\/#primaryimage\"},\"image\":{\"@id\":\"https:\\\/\\\/veredes.es\\\/blog\\\/bim-on-2020-2\\\/#primaryimage\"},\"thumbnailUrl\":\"https:\\\/\\\/veredes.es\\\/blog\\\/wp-content\\\/uploads\\\/2020\\\/04\\\/BIM-On-2020.jpg\",\"datePublished\":\"2020-04-15T22:01:17+00:00\",\"dateModified\":\"2024-03-07T13:05:29+00:00\",\"description\":\"Toda la informaci\u00f3n sobre: BIM On 2020\",\"breadcrumb\":{\"@id\":\"https:\\\/\\\/veredes.es\\\/blog\\\/bim-on-2020-2\\\/#breadcrumb\"},\"inLanguage\":\"es\",\"potentialAction\":[{\"@type\":\"ReadAction\",\"target\":[\"https:\\\/\\\/veredes.es\\\/blog\\\/bim-on-2020-2\\\/\"]}]},{\"@type\":\"ImageObject\",\"inLanguage\":\"es\",\"@id\":\"https:\\\/\\\/veredes.es\\\/blog\\\/bim-on-2020-2\\\/#primaryimage\",\"url\":\"https:\\\/\\\/veredes.es\\\/blog\\\/wp-content\\\/uploads\\\/2020\\\/04\\\/BIM-On-2020.jpg\",\"contentUrl\":\"https:\\\/\\\/veredes.es\\\/blog\\\/wp-content\\\/uploads\\\/2020\\\/04\\\/BIM-On-2020.jpg\",\"width\":1200,\"height\":467},{\"@type\":\"BreadcrumbList\",\"@id\":\"https:\\\/\\\/veredes.es\\\/blog\\\/bim-on-2020-2\\\/#breadcrumb\",\"itemListElement\":[{\"@type\":\"ListItem\",\"position\":1,\"name\":\"Portada\",\"item\":\"https:\\\/\\\/veredes.es\\\/blog\\\/\"},{\"@type\":\"ListItem\",\"position\":2,\"name\":\"BIM On 2020\"}]},{\"@type\":\"WebSite\",\"@id\":\"https:\\\/\\\/veredes.es\\\/blog\\\/#website\",\"url\":\"https:\\\/\\\/veredes.es\\\/blog\\\/\",\"name\":\"veredes, arquitectura y divulgaci\u00f3n\",\"description\":\"veredes\",\"publisher\":{\"@id\":\"https:\\\/\\\/veredes.es\\\/blog\\\/#organization\"},\"alternateName\":\"veredes\",\"potentialAction\":[{\"@type\":\"SearchAction\",\"target\":{\"@type\":\"EntryPoint\",\"urlTemplate\":\"https:\\\/\\\/veredes.es\\\/blog\\\/?s={search_term_string}\"},\"query-input\":{\"@type\":\"PropertyValueSpecification\",\"valueRequired\":true,\"valueName\":\"search_term_string\"}}],\"inLanguage\":\"es\"},{\"@type\":\"Organization\",\"@id\":\"https:\\\/\\\/veredes.es\\\/blog\\\/#organization\",\"name\":\"veredes, arquitectura y divulgaci\u00f3n\",\"alternateName\":\"veredes\",\"url\":\"https:\\\/\\\/veredes.es\\\/blog\\\/\",\"logo\":{\"@type\":\"ImageObject\",\"inLanguage\":\"es\",\"@id\":\"https:\\\/\\\/veredes.es\\\/blog\\\/#\\\/schema\\\/logo\\\/image\\\/\",\"url\":\"https:\\\/\\\/veredes.es\\\/blog\\\/wp-content\\\/uploads\\\/2021\\\/12\\\/veredes-logo-centrado_140x54.png\",\"contentUrl\":\"https:\\\/\\\/veredes.es\\\/blog\\\/wp-content\\\/uploads\\\/2021\\\/12\\\/veredes-logo-centrado_140x54.png\",\"width\":140,\"height\":54,\"caption\":\"veredes, arquitectura y divulgaci\u00f3n\"},\"image\":{\"@id\":\"https:\\\/\\\/veredes.es\\\/blog\\\/#\\\/schema\\\/logo\\\/image\\\/\"},\"sameAs\":[\"https:\\\/\\\/www.facebook.com\\\/veredesArquitecturayDivulgacion\\\/\",\"https:\\\/\\\/x.com\\\/veredes\",\"https:\\\/\\\/instagram.com\\\/veredes\\\/\",\"https:\\\/\\\/www.linkedin.com\\\/company\\\/veredes-arquitectura-y-divulgacion\\\/\",\"https:\\\/\\\/es.pinterest.com\\\/veredes\\\/\",\"https:\\\/\\\/www.tumblr.com\\\/veredes\"]},{\"@type\":\"Person\",\"@id\":\"https:\\\/\\\/veredes.es\\\/blog\\\/#\\\/schema\\\/person\\\/0bbb669073ef7faba5168a0844e93d2c\",\"name\":\"veredes\",\"image\":{\"@type\":\"ImageObject\",\"inLanguage\":\"es\",\"@id\":\"https:\\\/\\\/veredes.es\\\/blog\\\/wp-content\\\/uploads\\\/2018\\\/04\\\/face-96x96.jpg\",\"url\":\"https:\\\/\\\/veredes.es\\\/blog\\\/wp-content\\\/uploads\\\/2018\\\/04\\\/face-96x96.jpg\",\"contentUrl\":\"https:\\\/\\\/veredes.es\\\/blog\\\/wp-content\\\/uploads\\\/2018\\\/04\\\/face-96x96.jpg\",\"caption\":\"veredes\"},\"description\":\"Surge enero de 2009 como b\u00fasqueda de satisfacer el conocimiento de la actividad arquitect\u00f3nica y tangentes que se generan. La idea es crear un espacio para divulgar los diversos proyectos en busca de nueva inspiraci\u00f3n y de intercambio.\",\"sameAs\":[\"https:\\\/\\\/veredes.es\\\/\",\"https:\\\/\\\/www.facebook.com\\\/veredesArquitecturayDivulgacion\\\/\",\"https:\\\/\\\/www.instagram.com\\\/veredes\\\/\",\"https:\\\/\\\/www.linkedin.com\\\/company\\\/veredes-arquitectura-y-divulgacion\\\/\",\"https:\\\/\\\/www.pinterest.es\\\/veredes\\\/\",\"https:\\\/\\\/x.com\\\/https:\\\/\\\/twitter.com\\\/veredes\",\"https:\\\/\\\/veredes.tumblr.com\\\/\"],\"url\":\"https:\\\/\\\/veredes.es\\\/blog\\\/author\\\/alberto\\\/\"}]}<\/script>\n<!-- \/ Yoast SEO plugin. -->","yoast_head_json":{"title":"BIM On 2020 - veredes","description":"Toda la informaci\u00f3n sobre: BIM On 2020","robots":{"index":"index","follow":"follow","max-snippet":"max-snippet:-1","max-image-preview":"max-image-preview:large","max-video-preview":"max-video-preview:-1"},"canonical":"https:\/\/veredes.es\/blog\/bim-on-2020-2\/","og_locale":"es_ES","og_type":"article","og_title":"BIM On 2020 - veredes","og_description":"Toda la informaci\u00f3n sobre: BIM On 2020","og_url":"https:\/\/veredes.es\/blog\/bim-on-2020-2\/","og_site_name":"veredes, arquitectura y divulgaci\u00f3n","article_publisher":"https:\/\/www.facebook.com\/veredesArquitecturayDivulgacion\/","article_author":"https:\/\/www.facebook.com\/veredesArquitecturayDivulgacion\/","article_published_time":"2020-04-15T22:01:17+00:00","article_modified_time":"2024-03-07T13:05:29+00:00","og_image":[{"width":1200,"height":467,"url":"https:\/\/veredes.es\/blog\/wp-content\/uploads\/2020\/04\/BIM-On-2020.jpg","type":"image\/jpeg"}],"author":"veredes","twitter_card":"summary_large_image","twitter_creator":"@https:\/\/twitter.com\/veredes","twitter_site":"@veredes","twitter_misc":{"Escrito por":"veredes","Tiempo de lectura":"3 minutos"},"schema":{"@context":"https:\/\/schema.org","@graph":[{"@type":"Article","@id":"https:\/\/veredes.es\/blog\/bim-on-2020-2\/#article","isPartOf":{"@id":"https:\/\/veredes.es\/blog\/bim-on-2020-2\/"},"author":{"name":"veredes","@id":"https:\/\/veredes.es\/blog\/#\/schema\/person\/0bbb669073ef7faba5168a0844e93d2c"},"headline":"BIM On 2020","datePublished":"2020-04-15T22:01:17+00:00","dateModified":"2024-03-07T13:05:29+00:00","mainEntityOfPage":{"@id":"https:\/\/veredes.es\/blog\/bim-on-2020-2\/"},"wordCount":409,"commentCount":0,"publisher":{"@id":"https:\/\/veredes.es\/blog\/#organization"},"image":{"@id":"https:\/\/veredes.es\/blog\/bim-on-2020-2\/#primaryimage"},"thumbnailUrl":"https:\/\/veredes.es\/blog\/wp-content\/uploads\/2020\/04\/BIM-On-2020.jpg","keywords":["arquitectura","arquitectura espa\u00f1ola","baliza","BIM","charla","conferencia","congreso","Editeca","emprendimiento","empresa","entrevista","escuela","estudiante","ETSAM","evento","formaci\u00f3n","ingenier\u00eda","joven arquitecto","modelo profesional","on line","profesi\u00f3n","programa","Rafael Gonz\u00e1lez del Castillo Sancho","realidad","software libre"],"articleSection":["conferencias","convocatorias","eventos"],"inLanguage":"es","potentialAction":[{"@type":"CommentAction","name":"Comment","target":["https:\/\/veredes.es\/blog\/bim-on-2020-2\/#respond"]}]},{"@type":"WebPage","@id":"https:\/\/veredes.es\/blog\/bim-on-2020-2\/","url":"https:\/\/veredes.es\/blog\/bim-on-2020-2\/","name":"BIM On 2020 - veredes","isPartOf":{"@id":"https:\/\/veredes.es\/blog\/#website"},"primaryImageOfPage":{"@id":"https:\/\/veredes.es\/blog\/bim-on-2020-2\/#primaryimage"},"image":{"@id":"https:\/\/veredes.es\/blog\/bim-on-2020-2\/#primaryimage"},"thumbnailUrl":"https:\/\/veredes.es\/blog\/wp-content\/uploads\/2020\/04\/BIM-On-2020.jpg","datePublished":"2020-04-15T22:01:17+00:00","dateModified":"2024-03-07T13:05:29+00:00","description":"Toda la informaci\u00f3n sobre: BIM On 2020","breadcrumb":{"@id":"https:\/\/veredes.es\/blog\/bim-on-2020-2\/#breadcrumb"},"inLanguage":"es","potentialAction":[{"@type":"ReadAction","target":["https:\/\/veredes.es\/blog\/bim-on-2020-2\/"]}]},{"@type":"ImageObject","inLanguage":"es","@id":"https:\/\/veredes.es\/blog\/bim-on-2020-2\/#primaryimage","url":"https:\/\/veredes.es\/blog\/wp-content\/uploads\/2020\/04\/BIM-On-2020.jpg","contentUrl":"https:\/\/veredes.es\/blog\/wp-content\/uploads\/2020\/04\/BIM-On-2020.jpg","width":1200,"height":467},{"@type":"BreadcrumbList","@id":"https:\/\/veredes.es\/blog\/bim-on-2020-2\/#breadcrumb","itemListElement":[{"@type":"ListItem","position":1,"name":"Portada","item":"https:\/\/veredes.es\/blog\/"},{"@type":"ListItem","position":2,"name":"BIM On 2020"}]},{"@type":"WebSite","@id":"https:\/\/veredes.es\/blog\/#website","url":"https:\/\/veredes.es\/blog\/","name":"veredes, arquitectura y divulgaci\u00f3n","description":"veredes","publisher":{"@id":"https:\/\/veredes.es\/blog\/#organization"},"alternateName":"veredes","potentialAction":[{"@type":"SearchAction","target":{"@type":"EntryPoint","urlTemplate":"https:\/\/veredes.es\/blog\/?s={search_term_string}"},"query-input":{"@type":"PropertyValueSpecification","valueRequired":true,"valueName":"search_term_string"}}],"inLanguage":"es"},{"@type":"Organization","@id":"https:\/\/veredes.es\/blog\/#organization","name":"veredes, arquitectura y divulgaci\u00f3n","alternateName":"veredes","url":"https:\/\/veredes.es\/blog\/","logo":{"@type":"ImageObject","inLanguage":"es","@id":"https:\/\/veredes.es\/blog\/#\/schema\/logo\/image\/","url":"https:\/\/veredes.es\/blog\/wp-content\/uploads\/2021\/12\/veredes-logo-centrado_140x54.png","contentUrl":"https:\/\/veredes.es\/blog\/wp-content\/uploads\/2021\/12\/veredes-logo-centrado_140x54.png","width":140,"height":54,"caption":"veredes, arquitectura y divulgaci\u00f3n"},"image":{"@id":"https:\/\/veredes.es\/blog\/#\/schema\/logo\/image\/"},"sameAs":["https:\/\/www.facebook.com\/veredesArquitecturayDivulgacion\/","https:\/\/x.com\/veredes","https:\/\/instagram.com\/veredes\/","https:\/\/www.linkedin.com\/company\/veredes-arquitectura-y-divulgacion\/","https:\/\/es.pinterest.com\/veredes\/","https:\/\/www.tumblr.com\/veredes"]},{"@type":"Person","@id":"https:\/\/veredes.es\/blog\/#\/schema\/person\/0bbb669073ef7faba5168a0844e93d2c","name":"veredes","image":{"@type":"ImageObject","inLanguage":"es","@id":"https:\/\/veredes.es\/blog\/wp-content\/uploads\/2018\/04\/face-96x96.jpg","url":"https:\/\/veredes.es\/blog\/wp-content\/uploads\/2018\/04\/face-96x96.jpg","contentUrl":"https:\/\/veredes.es\/blog\/wp-content\/uploads\/2018\/04\/face-96x96.jpg","caption":"veredes"},"description":"Surge enero de 2009 como b\u00fasqueda de satisfacer el conocimiento de la actividad arquitect\u00f3nica y tangentes que se generan. La idea es crear un espacio para divulgar los diversos proyectos en busca de nueva inspiraci\u00f3n y de intercambio.","sameAs":["https:\/\/veredes.es\/","https:\/\/www.facebook.com\/veredesArquitecturayDivulgacion\/","https:\/\/www.instagram.com\/veredes\/","https:\/\/www.linkedin.com\/company\/veredes-arquitectura-y-divulgacion\/","https:\/\/www.pinterest.es\/veredes\/","https:\/\/x.com\/https:\/\/twitter.com\/veredes","https:\/\/veredes.tumblr.com\/"],"url":"https:\/\/veredes.es\/blog\/author\/alberto\/"}]}},"_links":{"self":[{"href":"https:\/\/veredes.es\/blog\/wp-json\/wp\/v2\/posts\/79598","targetHints":{"allow":["GET"]}}],"collection":[{"href":"https:\/\/veredes.es\/blog\/wp-json\/wp\/v2\/posts"}],"about":[{"href":"https:\/\/veredes.es\/blog\/wp-json\/wp\/v2\/types\/post"}],"author":[{"embeddable":true,"href":"https:\/\/veredes.es\/blog\/wp-json\/wp\/v2\/users\/2"}],"replies":[{"embeddable":true,"href":"https:\/\/veredes.es\/blog\/wp-json\/wp\/v2\/comments?post=79598"}],"version-history":[{"count":0,"href":"https:\/\/veredes.es\/blog\/wp-json\/wp\/v2\/posts\/79598\/revisions"}],"wp:featuredmedia":[{"embeddable":true,"href":"https:\/\/veredes.es\/blog\/wp-json\/wp\/v2\/media\/79600"}],"wp:attachment":[{"href":"https:\/\/veredes.es\/blog\/wp-json\/wp\/v2\/media?parent=79598"}],"wp:term":[{"taxonomy":"category","embeddable":true,"href":"https:\/\/veredes.es\/blog\/wp-json\/wp\/v2\/categories?post=79598"},{"taxonomy":"post_tag","embeddable":true,"href":"https:\/\/veredes.es\/blog\/wp-json\/wp\/v2\/tags?post=79598"}],"curies":[{"name":"wp","href":"https:\/\/api.w.org\/{rel}","templated":true}]}}