{"id":78882,"date":"2020-05-11T00:01:00","date_gmt":"2020-05-10T22:01:00","guid":{"rendered":"https:\/\/veredes.es\/blog\/?p=78882"},"modified":"2022-06-27T12:07:54","modified_gmt":"2022-06-27T10:07:54","slug":"la-construccion-del-techo-miguel-angel-diaz-camacho","status":"publish","type":"post","link":"https:\/\/veredes.es\/blog\/la-construccion-del-techo-miguel-angel-diaz-camacho\/","title":{"rendered":"La construcci\u00f3n del techo | Miguel \u00c1ngel D\u00edaz Camacho"},"content":{"rendered":"<figure id=\"attachment_78884\" aria-describedby=\"caption-attachment-78884\" style=\"width: 1340px\" class=\"wp-caption alignnone\"><img loading=\"lazy\" decoding=\"async\" class=\"wp-image-78884 size-full\" src=\"https:\/\/veredes.es\/blog\/wp-content\/uploads\/2020\/03\/La-construcci\u00f3n-del-techo-Miguel-\u00c1ngel-D\u00edaz-Camacho-nave-del-laboratorio-de-hidr\u00e1ulica-del-Centro-de-Estudios-Hidrogr\u00e1ficos.jpg\" alt=\"\" width=\"1340\" height=\"1156\" srcset=\"https:\/\/veredes.es\/blog\/wp-content\/uploads\/2020\/03\/La-construcci\u00f3n-del-techo-Miguel-\u00c1ngel-D\u00edaz-Camacho-nave-del-laboratorio-de-hidr\u00e1ulica-del-Centro-de-Estudios-Hidrogr\u00e1ficos.jpg 1340w, https:\/\/veredes.es\/blog\/wp-content\/uploads\/2020\/03\/La-construcci\u00f3n-del-techo-Miguel-\u00c1ngel-D\u00edaz-Camacho-nave-del-laboratorio-de-hidr\u00e1ulica-del-Centro-de-Estudios-Hidrogr\u00e1ficos-300x259.jpg 300w, https:\/\/veredes.es\/blog\/wp-content\/uploads\/2020\/03\/La-construcci\u00f3n-del-techo-Miguel-\u00c1ngel-D\u00edaz-Camacho-nave-del-laboratorio-de-hidr\u00e1ulica-del-Centro-de-Estudios-Hidrogr\u00e1ficos-1024x883.jpg 1024w\" sizes=\"auto, (max-width: 1340px) 100vw, 1340px\" \/><figcaption id=\"caption-attachment-78884\" class=\"wp-caption-text\"><span style=\"color: #999999;\">Nave del laboratorio de hidr\u00e1ulica del Centro de Estudios Hidrogr\u00e1ficos | Fuente: fundacionfisac.com<\/span><\/figcaption><\/figure>\n<p style=\"text-align: justify;\">Algunos arquitectos han dedicado una gran parte de sus vidas a la construcci\u00f3n del techo. Sin duda <a href=\"https:\/\/veredes.es\/blog\/tag\/miguel-fisac\/\" target=\"_blank\" rel=\"noopener noreferrer\">Miguel Fisac<\/a> fue uno de ellos. Enti\u00e9ndase el techo no como la mera cobertura superior de un edificio, no como la simple superficie horizontal que nos acoge. Basta recuperar sencillas expresiones del lenguaje -tengo que buscarme un techo- para comprobar c\u00f3mo en ocasiones el t\u00e9rmino incorpora la idea m\u00e1s elemental de la propia arquitectura, aquello sin lo cual rara vez podamos imaginar una casa, resolver una habitaci\u00f3n o pensar una cama: el techo como estructura fundacional de la arquitectura.<\/p>\n<p style=\"text-align: justify;\">Tuve la suerte de visitar el<a href=\"http:\/\/www.docomomoiberico.com\/index.php?option=com_k2&amp;view=item&amp;id=2367:instituto-laboral&amp;Itemid=11&amp;vista=1&amp;lang=es\" target=\"_blank\" rel=\"noopener noreferrer\"> Instituto Laboral de Daimiel<\/a> muy pronto (como estudiante) all\u00e1 por los a\u00f1os noventa.<sup>1<\/sup> Fue mi primer encuentro con la secci\u00f3n, con la luz, y recuerdo muy bien nuestras cabezas mirando hacia lo alto con frecuencia. Al llegar al auditorio descubrimos un techo ondulado provisto de paneles m\u00f3viles -abiertos o cerrados de manera alterna- y cuyo fino revestimiento se convert\u00eda, como por arte de magia, en ventana, cobertura o pared. Sin duda la influencia n\u00f3rdica de <a href=\"https:\/\/veredes.es\/blog\/tag\/erik-gunnar-asplund\/\" target=\"_blank\" rel=\"noopener noreferrer\">Asplund<\/a> -a qui\u00e9n posiblemente yo descubrir\u00eda m\u00e1s tarde- se apreciaba en la finura de los detalles en madera, en la exquisitez de una luz domesticada en el epicentro de la llanura manchega.<sup>2<\/sup><\/p>\n<p style=\"text-align: justify;\">Algunos arquitectos han dedicado una gran parte de sus vidas a la construcci\u00f3n del techo: sin duda Miguel Fisac fue uno de ellos. No en vano la nave del laboratorio de hidr\u00e1ulica del <a href=\"http:\/\/fundacionfisac.com\/centro-de-estudios-hidrograficos\/\" target=\"_blank\" rel=\"noopener noreferrer\">Centro de Estudios Hidrogr\u00e1ficos<\/a> pueda ser, tal vez, uno de los espacios m\u00e1s emocionantes de la arquitectura espa\u00f1ola en la segunda mitad del siglo veinte.<sup>3<\/sup> En la ligera vibraci\u00f3n de la luz entre sus huesos se filtra el D\u00eda como discurre el tiempo entre las ampollas del reloj de arena: en su interior presentimos la b\u00f3veda celeste, el transparente curso de las nubes, otros techos m\u00e1s all\u00e1 de lo oscuro de los d\u00edas y sus techumbres miserables.<\/p>\n<p style=\"text-align: justify;\">Aqu\u00ed yace la <a href=\"https:\/\/veredes.es\/blog\/refugio-la-luz-miguel-angel-diaz-camacho\/\" target=\"_blank\" rel=\"noopener noreferrer\">luz<\/a>:<\/p>\n<blockquote>\n<p style=\"text-align: justify;\">\u00bfacaso podr\u00edamos sugerir algo m\u00e1s noble?<\/p>\n<\/blockquote>\n<p style=\"text-align: justify;\">La arquitectura se la juega en la construcci\u00f3n del techo.<\/p>\n<p>Miguel \u00c1ngel D\u00edaz Camacho. Doctor Arquitecto<br \/>\nMadrid. Abril 2016.<br \/>\n<span style=\"color: #999999;\">Autor de\u00a0<em>Parr\u00e1fos de arquitectura<\/em>.\u00a0<a style=\"color: #999999;\" href=\"https:\/\/twitter.com\/hashtag\/arquiparrafos?f=realtime&amp;src=hash\" target=\"_blank\" rel=\"noopener noreferrer\">#arquiParrafos<\/a><\/span><\/p>\n<p style=\"text-align: justify;\">Notas:<\/p>\n<p style=\"text-align: justify;\"><sup>1<\/sup>\u00a0Miguel Fisac, Instituto Laboral de Daimiel, Ciudad Real, 1951. <em>Viaje de tercer curso 1993-94<\/em>, Grupo de J.I. Linazasoro, ETSAM (Profesor Fernando Tabuenca).<br \/>\n<sup>2<\/sup>\u00a0Por suerte para la arquitectura espa\u00f1ola, Fisac hab\u00eda vuelto de su viaje por los pa\u00edses n\u00f3rdicos (1949) completamente transformado, en sus propias palabras, libre de la concepci\u00f3n arquitect\u00f3nica \u00ab<em>de orientaci\u00f3n italiana que hab\u00eda seguido hasta terminar la construcci\u00f3n de mis primeros proyectos<\/em>\u00ab.<br \/>\n<sup>3 <\/sup>Con permiso eso s\u00ed del gimnasio Maravillas de Alejandro de la Sota o el pabell\u00f3n de los Hex\u00e1gonos de Corrales y Molez\u00fan, entre otros grandes techos. Por cierto, Miguel Fisac fue jurado en el concurso para la construcci\u00f3n del Pabell\u00f3n Espa\u00f1ol en la Exposici\u00f3n Internacional de Bruselas de 1958, ganado precisamente por Corrales y Molez\u00fan. A \u00e9l le debemos -en parte- la construcci\u00f3n de esta hermosa cobertura hoy \u00abolvidada\u00bb en la Casa de Campo.<\/p>\n","protected":false},"excerpt":{"rendered":"<p>Algunos arquitectos han dedicado una gran parte de sus vidas a la construcci\u00f3n del techo. Sin duda Miguel Fisac fue uno de ellos. Enti\u00e9ndase el techo no como la mera cobertura superior de un edificio, no como la simple superficie horizontal que nos acoge. Basta recuperar sencillas expresiones del lenguaje -tengo que buscarme un techo- [&hellip;]<\/p>\n","protected":false},"author":5,"featured_media":78884,"comment_status":"open","ping_status":"closed","sticky":false,"template":"","format":"standard","meta":{"footnotes":""},"categories":[5934,5951],"tags":[13415,93,12448,2631,12449,155,2641,12470,6821,12502,8257,13416,659,668,9700,5884,3037,814,815,6465,3327,1021,7927,2066,1136,1865,1278],"class_list":{"0":"post-78882","1":"post","2":"type-post","3":"status-publish","4":"format-standard","5":"has-post-thumbnail","7":"category-articulos","8":"category-slider-principal","9":"tag-aime-maeght","10":"tag-alejandro-de-la-sota","12":"tag-arquitectura-espanola","13":"tag-arte","14":"tag-arte-contemporaneo","15":"tag-construir","16":"tag-diseno","17":"tag-erik-gunnar-asplund","18":"tag-fernando-tabuenca","19":"tag-fundacion-miguel-fisac","20":"tag-georges-braque","21":"tag-habitar","22":"tag-historia","23":"tag-joan-miro","24":"tag-jose-antonio-corrales-gutierrez","25":"tag-josep-lluis-sert","26":"tag-madrid","27":"tag-maestro","28":"tag-miguel-angel-diaz-camacho","29":"tag-miguel-fisac","30":"tag-pensamiento","31":"tag-philip-jodidio","32":"tag-proyectar","33":"tag-ramon-vazquez-molezun","34":"tag-reflexion","35":"tag-teoria"},"yoast_head":"<!-- This site is optimized with the Yoast SEO plugin v27.5 - https:\/\/yoast.com\/product\/yoast-seo-wordpress\/ -->\n<title>La construcci\u00f3n del techo | Miguel \u00c1ngel D\u00edaz Camacho - veredes<\/title>\n<meta name=\"description\" content=\"Toda la informaci\u00f3n sobre: La construcci\u00f3n del techo | Miguel \u00c1ngel D\u00edaz Camacho\" \/>\n<meta name=\"robots\" content=\"index, follow, max-snippet:-1, max-image-preview:large, max-video-preview:-1\" \/>\n<link rel=\"canonical\" href=\"https:\/\/veredes.es\/blog\/la-construccion-del-techo-miguel-angel-diaz-camacho\/\" \/>\n<meta property=\"og:locale\" content=\"es_ES\" \/>\n<meta property=\"og:type\" content=\"article\" \/>\n<meta property=\"og:title\" content=\"La construcci\u00f3n del techo | Miguel \u00c1ngel D\u00edaz Camacho - veredes\" \/>\n<meta property=\"og:description\" content=\"Toda la informaci\u00f3n sobre: La construcci\u00f3n del techo | Miguel \u00c1ngel D\u00edaz Camacho\" \/>\n<meta property=\"og:url\" content=\"https:\/\/veredes.es\/blog\/la-construccion-del-techo-miguel-angel-diaz-camacho\/\" \/>\n<meta property=\"og:site_name\" content=\"veredes, arquitectura y divulgaci\u00f3n\" \/>\n<meta property=\"article:publisher\" content=\"https:\/\/www.facebook.com\/veredesArquitecturayDivulgacion\/\" \/>\n<meta property=\"article:author\" content=\"https:\/\/www.facebook.com\/diazcamacho\" \/>\n<meta property=\"article:published_time\" content=\"2020-05-10T22:01:00+00:00\" \/>\n<meta property=\"article:modified_time\" content=\"2022-06-27T10:07:54+00:00\" \/>\n<meta property=\"og:image\" content=\"https:\/\/veredes.es\/blog\/wp-content\/uploads\/2020\/03\/La-construcci\u00f3n-del-techo-Miguel-\u00c1ngel-D\u00edaz-Camacho-nave-del-laboratorio-de-hidr\u00e1ulica-del-Centro-de-Estudios-Hidrogr\u00e1ficos.jpg\" \/>\n\t<meta property=\"og:image:width\" content=\"1340\" \/>\n\t<meta property=\"og:image:height\" content=\"1156\" \/>\n\t<meta property=\"og:image:type\" content=\"image\/jpeg\" \/>\n<meta name=\"author\" content=\"Miguel \u00c1ngel D\u00edaz Camacho\" \/>\n<meta name=\"twitter:card\" content=\"summary_large_image\" \/>\n<meta name=\"twitter:creator\" content=\"@https:\/\/twitter.com\/MADCARQUITECTOS\" \/>\n<meta name=\"twitter:site\" content=\"@veredes\" \/>\n<meta name=\"twitter:label1\" content=\"Escrito por\" \/>\n\t<meta name=\"twitter:data1\" content=\"Miguel \u00c1ngel D\u00edaz Camacho\" \/>\n\t<meta name=\"twitter:label2\" content=\"Tiempo de lectura\" \/>\n\t<meta name=\"twitter:data2\" content=\"3 minutos\" \/>\n<script type=\"application\/ld+json\" class=\"yoast-schema-graph\">{\"@context\":\"https:\\\/\\\/schema.org\",\"@graph\":[{\"@type\":\"Article\",\"@id\":\"https:\\\/\\\/veredes.es\\\/blog\\\/la-construccion-del-techo-miguel-angel-diaz-camacho\\\/#article\",\"isPartOf\":{\"@id\":\"https:\\\/\\\/veredes.es\\\/blog\\\/la-construccion-del-techo-miguel-angel-diaz-camacho\\\/\"},\"author\":{\"name\":\"Miguel \u00c1ngel D\u00edaz Camacho\",\"@id\":\"https:\\\/\\\/veredes.es\\\/blog\\\/#\\\/schema\\\/person\\\/e3a2f3fc087cf59bab205fb869b57b1d\"},\"headline\":\"La construcci\u00f3n del techo | Miguel \u00c1ngel D\u00edaz Camacho\",\"datePublished\":\"2020-05-10T22:01:00+00:00\",\"dateModified\":\"2022-06-27T10:07:54+00:00\",\"mainEntityOfPage\":{\"@id\":\"https:\\\/\\\/veredes.es\\\/blog\\\/la-construccion-del-techo-miguel-angel-diaz-camacho\\\/\"},\"wordCount\":569,\"commentCount\":0,\"publisher\":{\"@id\":\"https:\\\/\\\/veredes.es\\\/blog\\\/#organization\"},\"image\":{\"@id\":\"https:\\\/\\\/veredes.es\\\/blog\\\/la-construccion-del-techo-miguel-angel-diaz-camacho\\\/#primaryimage\"},\"thumbnailUrl\":\"https:\\\/\\\/veredes.es\\\/blog\\\/wp-content\\\/uploads\\\/2020\\\/03\\\/La-construcci\u00f3n-del-techo-Miguel-\u00c1ngel-D\u00edaz-Camacho-nave-del-laboratorio-de-hidr\u00e1ulica-del-Centro-de-Estudios-Hidrogr\u00e1ficos.jpg\",\"keywords\":[\"Aim\u00e9 Maeght\",\"Alejandro de la Sota\",\"arquitectura\",\"arquitectura espa\u00f1ola\",\"arte\",\"arte contemporaneo\",\"construir\",\"dise\u00f1o\",\"Erik Gunnar Asplund\",\"Fernando Tabuenca\",\"fundaci\u00f3n Miguel Fisac\",\"Georges Braque\",\"habitar\",\"historia\",\"Joan Mir\u00f3\",\"Jos\u00e9 Antonio Corrales Guti\u00e9rrez\",\"Josep Llu\u00eds Sert\",\"Madrid\",\"maestro\",\"Miguel \u00c1ngel D\u00edaz Camacho\",\"Miguel Fisac\",\"pensamiento\",\"Philip Jodidio\",\"proyectar\",\"Ram\u00f3n V\u00e1zquez Molez\u00fan\",\"reflexi\u00f3n\",\"teor\u00eda\"],\"articleSection\":[\"art\u00edculos\",\"slider principal\"],\"inLanguage\":\"es\",\"potentialAction\":[{\"@type\":\"CommentAction\",\"name\":\"Comment\",\"target\":[\"https:\\\/\\\/veredes.es\\\/blog\\\/la-construccion-del-techo-miguel-angel-diaz-camacho\\\/#respond\"]}]},{\"@type\":\"WebPage\",\"@id\":\"https:\\\/\\\/veredes.es\\\/blog\\\/la-construccion-del-techo-miguel-angel-diaz-camacho\\\/\",\"url\":\"https:\\\/\\\/veredes.es\\\/blog\\\/la-construccion-del-techo-miguel-angel-diaz-camacho\\\/\",\"name\":\"La construcci\u00f3n del techo | Miguel \u00c1ngel D\u00edaz Camacho - veredes\",\"isPartOf\":{\"@id\":\"https:\\\/\\\/veredes.es\\\/blog\\\/#website\"},\"primaryImageOfPage\":{\"@id\":\"https:\\\/\\\/veredes.es\\\/blog\\\/la-construccion-del-techo-miguel-angel-diaz-camacho\\\/#primaryimage\"},\"image\":{\"@id\":\"https:\\\/\\\/veredes.es\\\/blog\\\/la-construccion-del-techo-miguel-angel-diaz-camacho\\\/#primaryimage\"},\"thumbnailUrl\":\"https:\\\/\\\/veredes.es\\\/blog\\\/wp-content\\\/uploads\\\/2020\\\/03\\\/La-construcci\u00f3n-del-techo-Miguel-\u00c1ngel-D\u00edaz-Camacho-nave-del-laboratorio-de-hidr\u00e1ulica-del-Centro-de-Estudios-Hidrogr\u00e1ficos.jpg\",\"datePublished\":\"2020-05-10T22:01:00+00:00\",\"dateModified\":\"2022-06-27T10:07:54+00:00\",\"description\":\"Toda la informaci\u00f3n sobre: La construcci\u00f3n del techo | Miguel \u00c1ngel D\u00edaz Camacho\",\"breadcrumb\":{\"@id\":\"https:\\\/\\\/veredes.es\\\/blog\\\/la-construccion-del-techo-miguel-angel-diaz-camacho\\\/#breadcrumb\"},\"inLanguage\":\"es\",\"potentialAction\":[{\"@type\":\"ReadAction\",\"target\":[\"https:\\\/\\\/veredes.es\\\/blog\\\/la-construccion-del-techo-miguel-angel-diaz-camacho\\\/\"]}]},{\"@type\":\"ImageObject\",\"inLanguage\":\"es\",\"@id\":\"https:\\\/\\\/veredes.es\\\/blog\\\/la-construccion-del-techo-miguel-angel-diaz-camacho\\\/#primaryimage\",\"url\":\"https:\\\/\\\/veredes.es\\\/blog\\\/wp-content\\\/uploads\\\/2020\\\/03\\\/La-construcci\u00f3n-del-techo-Miguel-\u00c1ngel-D\u00edaz-Camacho-nave-del-laboratorio-de-hidr\u00e1ulica-del-Centro-de-Estudios-Hidrogr\u00e1ficos.jpg\",\"contentUrl\":\"https:\\\/\\\/veredes.es\\\/blog\\\/wp-content\\\/uploads\\\/2020\\\/03\\\/La-construcci\u00f3n-del-techo-Miguel-\u00c1ngel-D\u00edaz-Camacho-nave-del-laboratorio-de-hidr\u00e1ulica-del-Centro-de-Estudios-Hidrogr\u00e1ficos.jpg\",\"width\":1340,\"height\":1156,\"caption\":\"Nave del laboratorio de hidr\u00e1ulica del Centro de Estudios Hidrogr\u00e1ficos | Fuente: fundacionfisac.com\"},{\"@type\":\"BreadcrumbList\",\"@id\":\"https:\\\/\\\/veredes.es\\\/blog\\\/la-construccion-del-techo-miguel-angel-diaz-camacho\\\/#breadcrumb\",\"itemListElement\":[{\"@type\":\"ListItem\",\"position\":1,\"name\":\"Portada\",\"item\":\"https:\\\/\\\/veredes.es\\\/blog\\\/\"},{\"@type\":\"ListItem\",\"position\":2,\"name\":\"La construcci\u00f3n del techo | Miguel \u00c1ngel D\u00edaz Camacho\"}]},{\"@type\":\"WebSite\",\"@id\":\"https:\\\/\\\/veredes.es\\\/blog\\\/#website\",\"url\":\"https:\\\/\\\/veredes.es\\\/blog\\\/\",\"name\":\"veredes, arquitectura y divulgaci\u00f3n\",\"description\":\"veredes\",\"publisher\":{\"@id\":\"https:\\\/\\\/veredes.es\\\/blog\\\/#organization\"},\"alternateName\":\"veredes\",\"potentialAction\":[{\"@type\":\"SearchAction\",\"target\":{\"@type\":\"EntryPoint\",\"urlTemplate\":\"https:\\\/\\\/veredes.es\\\/blog\\\/?s={search_term_string}\"},\"query-input\":{\"@type\":\"PropertyValueSpecification\",\"valueRequired\":true,\"valueName\":\"search_term_string\"}}],\"inLanguage\":\"es\"},{\"@type\":\"Organization\",\"@id\":\"https:\\\/\\\/veredes.es\\\/blog\\\/#organization\",\"name\":\"veredes, arquitectura y divulgaci\u00f3n\",\"alternateName\":\"veredes\",\"url\":\"https:\\\/\\\/veredes.es\\\/blog\\\/\",\"logo\":{\"@type\":\"ImageObject\",\"inLanguage\":\"es\",\"@id\":\"https:\\\/\\\/veredes.es\\\/blog\\\/#\\\/schema\\\/logo\\\/image\\\/\",\"url\":\"https:\\\/\\\/veredes.es\\\/blog\\\/wp-content\\\/uploads\\\/2021\\\/12\\\/veredes-logo-centrado_140x54.png\",\"contentUrl\":\"https:\\\/\\\/veredes.es\\\/blog\\\/wp-content\\\/uploads\\\/2021\\\/12\\\/veredes-logo-centrado_140x54.png\",\"width\":140,\"height\":54,\"caption\":\"veredes, arquitectura y divulgaci\u00f3n\"},\"image\":{\"@id\":\"https:\\\/\\\/veredes.es\\\/blog\\\/#\\\/schema\\\/logo\\\/image\\\/\"},\"sameAs\":[\"https:\\\/\\\/www.facebook.com\\\/veredesArquitecturayDivulgacion\\\/\",\"https:\\\/\\\/x.com\\\/veredes\",\"https:\\\/\\\/instagram.com\\\/veredes\\\/\",\"https:\\\/\\\/www.linkedin.com\\\/company\\\/veredes-arquitectura-y-divulgacion\\\/\",\"https:\\\/\\\/es.pinterest.com\\\/veredes\\\/\",\"https:\\\/\\\/www.tumblr.com\\\/veredes\"]},{\"@type\":\"Person\",\"@id\":\"https:\\\/\\\/veredes.es\\\/blog\\\/#\\\/schema\\\/person\\\/e3a2f3fc087cf59bab205fb869b57b1d\",\"name\":\"Miguel \u00c1ngel D\u00edaz Camacho\",\"image\":{\"@type\":\"ImageObject\",\"inLanguage\":\"es\",\"@id\":\"https:\\\/\\\/veredes.es\\\/blog\\\/wp-content\\\/uploads\\\/2018\\\/04\\\/miguel\u00e1ngeld\u00edazcamacho-96x96.jpg\",\"url\":\"https:\\\/\\\/veredes.es\\\/blog\\\/wp-content\\\/uploads\\\/2018\\\/04\\\/miguel\u00e1ngeld\u00edazcamacho-96x96.jpg\",\"contentUrl\":\"https:\\\/\\\/veredes.es\\\/blog\\\/wp-content\\\/uploads\\\/2018\\\/04\\\/miguel\u00e1ngeld\u00edazcamacho-96x96.jpg\",\"caption\":\"Miguel \u00c1ngel D\u00edaz Camacho\"},\"description\":\"Es doctor arquitecto y actual presidente de la Asociaci\u00f3n Sostenibilidad y Arquitectura. Delegado del Consejo Superior de los Colegios de Arquitectos de Espa\u00f1a (CSCAE) en el Consejo Europeo de Arquitectos, Architects Council of Europe (ACE). Socio fundador en MADC Arquitectos, compa\u00f1\u00eda establecida en Madrid que ha recibido numerosos premios en concursos nacionales e internacionales. Investigador y profesor universitario, su filosof\u00eda de trabajo y pensamiento te\u00f3rico han sido ampliamente desarrollados en publicaciones como \u201cP\u00e1rrafos de Arquitectura. Core(oh)graf\u00edas\u201d (Ediciones Asim\u00e9tricas, 2016) o \u201cArquitectura y Cambio Clim\u00e1tico\u201d (Fundaci\u00f3n Arquia, 2018). En la actualidad desarrolla proyectos de arquitectura y urbanismo en Espa\u00f1a y Noruega.\",\"sameAs\":[\"https:\\\/\\\/madc.xyz\\\/\",\"https:\\\/\\\/www.facebook.com\\\/diazcamacho\",\"https:\\\/\\\/www.instagram.com\\\/madc_architecture\\\/\",\"https:\\\/\\\/www.linkedin.com\\\/in\\\/madcarquitectos\\\/\",\"https:\\\/\\\/x.com\\\/https:\\\/\\\/twitter.com\\\/MADCARQUITECTOS\"],\"url\":\"https:\\\/\\\/veredes.es\\\/blog\\\/author\\\/miguel-angel-diaz-camacho\\\/\"}]}<\/script>\n<!-- \/ Yoast SEO plugin. -->","yoast_head_json":{"title":"La construcci\u00f3n del techo | Miguel \u00c1ngel D\u00edaz Camacho - veredes","description":"Toda la informaci\u00f3n sobre: La construcci\u00f3n del techo | Miguel \u00c1ngel D\u00edaz Camacho","robots":{"index":"index","follow":"follow","max-snippet":"max-snippet:-1","max-image-preview":"max-image-preview:large","max-video-preview":"max-video-preview:-1"},"canonical":"https:\/\/veredes.es\/blog\/la-construccion-del-techo-miguel-angel-diaz-camacho\/","og_locale":"es_ES","og_type":"article","og_title":"La construcci\u00f3n del techo | Miguel \u00c1ngel D\u00edaz Camacho - veredes","og_description":"Toda la informaci\u00f3n sobre: La construcci\u00f3n del techo | Miguel \u00c1ngel D\u00edaz Camacho","og_url":"https:\/\/veredes.es\/blog\/la-construccion-del-techo-miguel-angel-diaz-camacho\/","og_site_name":"veredes, arquitectura y divulgaci\u00f3n","article_publisher":"https:\/\/www.facebook.com\/veredesArquitecturayDivulgacion\/","article_author":"https:\/\/www.facebook.com\/diazcamacho","article_published_time":"2020-05-10T22:01:00+00:00","article_modified_time":"2022-06-27T10:07:54+00:00","og_image":[{"width":1340,"height":1156,"url":"https:\/\/veredes.es\/blog\/wp-content\/uploads\/2020\/03\/La-construcci\u00f3n-del-techo-Miguel-\u00c1ngel-D\u00edaz-Camacho-nave-del-laboratorio-de-hidr\u00e1ulica-del-Centro-de-Estudios-Hidrogr\u00e1ficos.jpg","type":"image\/jpeg"}],"author":"Miguel \u00c1ngel D\u00edaz Camacho","twitter_card":"summary_large_image","twitter_creator":"@https:\/\/twitter.com\/MADCARQUITECTOS","twitter_site":"@veredes","twitter_misc":{"Escrito por":"Miguel \u00c1ngel D\u00edaz Camacho","Tiempo de lectura":"3 minutos"},"schema":{"@context":"https:\/\/schema.org","@graph":[{"@type":"Article","@id":"https:\/\/veredes.es\/blog\/la-construccion-del-techo-miguel-angel-diaz-camacho\/#article","isPartOf":{"@id":"https:\/\/veredes.es\/blog\/la-construccion-del-techo-miguel-angel-diaz-camacho\/"},"author":{"name":"Miguel \u00c1ngel D\u00edaz Camacho","@id":"https:\/\/veredes.es\/blog\/#\/schema\/person\/e3a2f3fc087cf59bab205fb869b57b1d"},"headline":"La construcci\u00f3n del techo | Miguel \u00c1ngel D\u00edaz Camacho","datePublished":"2020-05-10T22:01:00+00:00","dateModified":"2022-06-27T10:07:54+00:00","mainEntityOfPage":{"@id":"https:\/\/veredes.es\/blog\/la-construccion-del-techo-miguel-angel-diaz-camacho\/"},"wordCount":569,"commentCount":0,"publisher":{"@id":"https:\/\/veredes.es\/blog\/#organization"},"image":{"@id":"https:\/\/veredes.es\/blog\/la-construccion-del-techo-miguel-angel-diaz-camacho\/#primaryimage"},"thumbnailUrl":"https:\/\/veredes.es\/blog\/wp-content\/uploads\/2020\/03\/La-construcci\u00f3n-del-techo-Miguel-\u00c1ngel-D\u00edaz-Camacho-nave-del-laboratorio-de-hidr\u00e1ulica-del-Centro-de-Estudios-Hidrogr\u00e1ficos.jpg","keywords":["Aim\u00e9 Maeght","Alejandro de la Sota","arquitectura","arquitectura espa\u00f1ola","arte","arte contemporaneo","construir","dise\u00f1o","Erik Gunnar Asplund","Fernando Tabuenca","fundaci\u00f3n Miguel Fisac","Georges Braque","habitar","historia","Joan Mir\u00f3","Jos\u00e9 Antonio Corrales Guti\u00e9rrez","Josep Llu\u00eds Sert","Madrid","maestro","Miguel \u00c1ngel D\u00edaz Camacho","Miguel Fisac","pensamiento","Philip Jodidio","proyectar","Ram\u00f3n V\u00e1zquez Molez\u00fan","reflexi\u00f3n","teor\u00eda"],"articleSection":["art\u00edculos","slider principal"],"inLanguage":"es","potentialAction":[{"@type":"CommentAction","name":"Comment","target":["https:\/\/veredes.es\/blog\/la-construccion-del-techo-miguel-angel-diaz-camacho\/#respond"]}]},{"@type":"WebPage","@id":"https:\/\/veredes.es\/blog\/la-construccion-del-techo-miguel-angel-diaz-camacho\/","url":"https:\/\/veredes.es\/blog\/la-construccion-del-techo-miguel-angel-diaz-camacho\/","name":"La construcci\u00f3n del techo | Miguel \u00c1ngel D\u00edaz Camacho - veredes","isPartOf":{"@id":"https:\/\/veredes.es\/blog\/#website"},"primaryImageOfPage":{"@id":"https:\/\/veredes.es\/blog\/la-construccion-del-techo-miguel-angel-diaz-camacho\/#primaryimage"},"image":{"@id":"https:\/\/veredes.es\/blog\/la-construccion-del-techo-miguel-angel-diaz-camacho\/#primaryimage"},"thumbnailUrl":"https:\/\/veredes.es\/blog\/wp-content\/uploads\/2020\/03\/La-construcci\u00f3n-del-techo-Miguel-\u00c1ngel-D\u00edaz-Camacho-nave-del-laboratorio-de-hidr\u00e1ulica-del-Centro-de-Estudios-Hidrogr\u00e1ficos.jpg","datePublished":"2020-05-10T22:01:00+00:00","dateModified":"2022-06-27T10:07:54+00:00","description":"Toda la informaci\u00f3n sobre: La construcci\u00f3n del techo | Miguel \u00c1ngel D\u00edaz Camacho","breadcrumb":{"@id":"https:\/\/veredes.es\/blog\/la-construccion-del-techo-miguel-angel-diaz-camacho\/#breadcrumb"},"inLanguage":"es","potentialAction":[{"@type":"ReadAction","target":["https:\/\/veredes.es\/blog\/la-construccion-del-techo-miguel-angel-diaz-camacho\/"]}]},{"@type":"ImageObject","inLanguage":"es","@id":"https:\/\/veredes.es\/blog\/la-construccion-del-techo-miguel-angel-diaz-camacho\/#primaryimage","url":"https:\/\/veredes.es\/blog\/wp-content\/uploads\/2020\/03\/La-construcci\u00f3n-del-techo-Miguel-\u00c1ngel-D\u00edaz-Camacho-nave-del-laboratorio-de-hidr\u00e1ulica-del-Centro-de-Estudios-Hidrogr\u00e1ficos.jpg","contentUrl":"https:\/\/veredes.es\/blog\/wp-content\/uploads\/2020\/03\/La-construcci\u00f3n-del-techo-Miguel-\u00c1ngel-D\u00edaz-Camacho-nave-del-laboratorio-de-hidr\u00e1ulica-del-Centro-de-Estudios-Hidrogr\u00e1ficos.jpg","width":1340,"height":1156,"caption":"Nave del laboratorio de hidr\u00e1ulica del Centro de Estudios Hidrogr\u00e1ficos | Fuente: fundacionfisac.com"},{"@type":"BreadcrumbList","@id":"https:\/\/veredes.es\/blog\/la-construccion-del-techo-miguel-angel-diaz-camacho\/#breadcrumb","itemListElement":[{"@type":"ListItem","position":1,"name":"Portada","item":"https:\/\/veredes.es\/blog\/"},{"@type":"ListItem","position":2,"name":"La construcci\u00f3n del techo | Miguel \u00c1ngel D\u00edaz Camacho"}]},{"@type":"WebSite","@id":"https:\/\/veredes.es\/blog\/#website","url":"https:\/\/veredes.es\/blog\/","name":"veredes, arquitectura y divulgaci\u00f3n","description":"veredes","publisher":{"@id":"https:\/\/veredes.es\/blog\/#organization"},"alternateName":"veredes","potentialAction":[{"@type":"SearchAction","target":{"@type":"EntryPoint","urlTemplate":"https:\/\/veredes.es\/blog\/?s={search_term_string}"},"query-input":{"@type":"PropertyValueSpecification","valueRequired":true,"valueName":"search_term_string"}}],"inLanguage":"es"},{"@type":"Organization","@id":"https:\/\/veredes.es\/blog\/#organization","name":"veredes, arquitectura y divulgaci\u00f3n","alternateName":"veredes","url":"https:\/\/veredes.es\/blog\/","logo":{"@type":"ImageObject","inLanguage":"es","@id":"https:\/\/veredes.es\/blog\/#\/schema\/logo\/image\/","url":"https:\/\/veredes.es\/blog\/wp-content\/uploads\/2021\/12\/veredes-logo-centrado_140x54.png","contentUrl":"https:\/\/veredes.es\/blog\/wp-content\/uploads\/2021\/12\/veredes-logo-centrado_140x54.png","width":140,"height":54,"caption":"veredes, arquitectura y divulgaci\u00f3n"},"image":{"@id":"https:\/\/veredes.es\/blog\/#\/schema\/logo\/image\/"},"sameAs":["https:\/\/www.facebook.com\/veredesArquitecturayDivulgacion\/","https:\/\/x.com\/veredes","https:\/\/instagram.com\/veredes\/","https:\/\/www.linkedin.com\/company\/veredes-arquitectura-y-divulgacion\/","https:\/\/es.pinterest.com\/veredes\/","https:\/\/www.tumblr.com\/veredes"]},{"@type":"Person","@id":"https:\/\/veredes.es\/blog\/#\/schema\/person\/e3a2f3fc087cf59bab205fb869b57b1d","name":"Miguel \u00c1ngel D\u00edaz Camacho","image":{"@type":"ImageObject","inLanguage":"es","@id":"https:\/\/veredes.es\/blog\/wp-content\/uploads\/2018\/04\/miguel\u00e1ngeld\u00edazcamacho-96x96.jpg","url":"https:\/\/veredes.es\/blog\/wp-content\/uploads\/2018\/04\/miguel\u00e1ngeld\u00edazcamacho-96x96.jpg","contentUrl":"https:\/\/veredes.es\/blog\/wp-content\/uploads\/2018\/04\/miguel\u00e1ngeld\u00edazcamacho-96x96.jpg","caption":"Miguel \u00c1ngel D\u00edaz Camacho"},"description":"Es doctor arquitecto y actual presidente de la Asociaci\u00f3n Sostenibilidad y Arquitectura. Delegado del Consejo Superior de los Colegios de Arquitectos de Espa\u00f1a (CSCAE) en el Consejo Europeo de Arquitectos, Architects Council of Europe (ACE). Socio fundador en MADC Arquitectos, compa\u00f1\u00eda establecida en Madrid que ha recibido numerosos premios en concursos nacionales e internacionales. Investigador y profesor universitario, su filosof\u00eda de trabajo y pensamiento te\u00f3rico han sido ampliamente desarrollados en publicaciones como \u201cP\u00e1rrafos de Arquitectura. Core(oh)graf\u00edas\u201d (Ediciones Asim\u00e9tricas, 2016) o \u201cArquitectura y Cambio Clim\u00e1tico\u201d (Fundaci\u00f3n Arquia, 2018). En la actualidad desarrolla proyectos de arquitectura y urbanismo en Espa\u00f1a y Noruega.","sameAs":["https:\/\/madc.xyz\/","https:\/\/www.facebook.com\/diazcamacho","https:\/\/www.instagram.com\/madc_architecture\/","https:\/\/www.linkedin.com\/in\/madcarquitectos\/","https:\/\/x.com\/https:\/\/twitter.com\/MADCARQUITECTOS"],"url":"https:\/\/veredes.es\/blog\/author\/miguel-angel-diaz-camacho\/"}]}},"_links":{"self":[{"href":"https:\/\/veredes.es\/blog\/wp-json\/wp\/v2\/posts\/78882","targetHints":{"allow":["GET"]}}],"collection":[{"href":"https:\/\/veredes.es\/blog\/wp-json\/wp\/v2\/posts"}],"about":[{"href":"https:\/\/veredes.es\/blog\/wp-json\/wp\/v2\/types\/post"}],"author":[{"embeddable":true,"href":"https:\/\/veredes.es\/blog\/wp-json\/wp\/v2\/users\/5"}],"replies":[{"embeddable":true,"href":"https:\/\/veredes.es\/blog\/wp-json\/wp\/v2\/comments?post=78882"}],"version-history":[{"count":0,"href":"https:\/\/veredes.es\/blog\/wp-json\/wp\/v2\/posts\/78882\/revisions"}],"wp:featuredmedia":[{"embeddable":true,"href":"https:\/\/veredes.es\/blog\/wp-json\/wp\/v2\/media\/78884"}],"wp:attachment":[{"href":"https:\/\/veredes.es\/blog\/wp-json\/wp\/v2\/media?parent=78882"}],"wp:term":[{"taxonomy":"category","embeddable":true,"href":"https:\/\/veredes.es\/blog\/wp-json\/wp\/v2\/categories?post=78882"},{"taxonomy":"post_tag","embeddable":true,"href":"https:\/\/veredes.es\/blog\/wp-json\/wp\/v2\/tags?post=78882"}],"curies":[{"name":"wp","href":"https:\/\/api.w.org\/{rel}","templated":true}]}}