{"id":77724,"date":"2020-03-02T00:01:40","date_gmt":"2020-03-01T23:01:40","guid":{"rendered":"https:\/\/veredes.es\/blog\/?p=77724"},"modified":"2020-01-31T15:43:31","modified_gmt":"2020-01-31T14:43:31","slug":"la-explosion-la-caja-funcionalista-marcelo-gardinetti","status":"publish","type":"post","link":"https:\/\/veredes.es\/blog\/la-explosion-la-caja-funcionalista-marcelo-gardinetti\/","title":{"rendered":"La explosi\u00f3n de la caja funcionalista | Marcelo Gardinetti"},"content":{"rendered":"<figure id=\"attachment_77757\" aria-describedby=\"caption-attachment-77757\" style=\"width: 640px\" class=\"wp-caption alignnone\"><img loading=\"lazy\" decoding=\"async\" class=\"wp-image-77757\" src=\"https:\/\/veredes.es\/blog\/wp-content\/uploads\/2020\/03\/La-explosi\u00f3n-de-la-caja-fuMuseo-Groeninger-\u00a9Gebouw-Groninger-Museum.jpg\" alt=\"Museo Groeninger \u00a9Gebouw Groninger Museum\" width=\"640\" height=\"376\" srcset=\"https:\/\/veredes.es\/blog\/wp-content\/uploads\/2020\/03\/La-explosi\u00f3n-de-la-caja-fuMuseo-Groeninger-\u00a9Gebouw-Groninger-Museum.jpg 630w, https:\/\/veredes.es\/blog\/wp-content\/uploads\/2020\/03\/La-explosi\u00f3n-de-la-caja-fuMuseo-Groeninger-\u00a9Gebouw-Groninger-Museum-300x176.jpg 300w\" sizes=\"auto, (max-width: 640px) 100vw, 640px\" \/><figcaption id=\"caption-attachment-77757\" class=\"wp-caption-text\"><span style=\"color: #999999;\">Museo Groeninger \u00a9 Gebouw Groninger Museum<\/span><\/figcaption><\/figure>\n<p style=\"text-align: justify;\"><strong>Introducci\u00f3n<\/strong><\/p>\n<p style=\"text-align: justify;\">A principios de 1990 Frans Haks, director del Museo Groninger, convoc\u00f3 a Alessandro Mendini para realizar el proyecto de ampliaci\u00f3n del museo sobre el canal que se encuentra en el l\u00edmite de la parcela del edificio hist\u00f3rico. Mendini propone atomizar el programa en tres partes, para diluir el impacto del edificio sobre el entorno<em>.<\/em><sup>1<\/sup>\u00a0Propone un esquema lineal para unificar las tres \u00e1reas y proyecta las \u00e1reas administrativas y de servicio. Para el dise\u00f1o de los pabellones de exposici\u00f3n, Mendini convoca a Philipe Starck, Michele de Lucchi y Coop Himmelb[l]au<sup>2<\/sup> para que cada uno se ocupe de dise\u00f1ar una parte del edificio<\/p>\n<p style=\"text-align: justify;\">En esos a\u00f1os, Coop Himmelb[l]au se encontraba en una b\u00fasqueda pertinaz por desarticular el objeto arquitect\u00f3nico. Su m\u00e9todo de trabajo indaga la definici\u00f3n de la forma arquitect\u00f3nica mediante un bosquejo gr\u00e1fico que proviene de un impulso creativo que se origina en el subconsciente. El dise\u00f1o del pabell\u00f3n este del museo Groningen es resultado de esa acci\u00f3n. Una graf\u00eda que llamaron \u201cArquitectura l\u00edquida\u201d porque representa una peque\u00f1a part\u00edcula que flota libremente en el espacio.<\/p>\n<figure id=\"attachment_77758\" aria-describedby=\"caption-attachment-77758\" style=\"width: 640px\" class=\"wp-caption alignnone\"><img loading=\"lazy\" decoding=\"async\" class=\"wp-image-77758\" src=\"https:\/\/veredes.es\/blog\/wp-content\/uploads\/2020\/03\/La-explosi\u00f3n-de-la-caja-funcionalista-MaGroningen-Plano-del-sitio.png\" alt=\"Situaci\u00f3n\" width=\"640\" height=\"361\" srcset=\"https:\/\/veredes.es\/blog\/wp-content\/uploads\/2020\/03\/La-explosi\u00f3n-de-la-caja-funcionalista-MaGroningen-Plano-del-sitio.png 630w, https:\/\/veredes.es\/blog\/wp-content\/uploads\/2020\/03\/La-explosi\u00f3n-de-la-caja-funcionalista-MaGroningen-Plano-del-sitio-300x169.png 300w\" sizes=\"auto, (max-width: 640px) 100vw, 640px\" \/><figcaption id=\"caption-attachment-77758\" class=\"wp-caption-text\"><span style=\"color: #999999;\">Situaci\u00f3n<\/span><\/figcaption><\/figure>\n<p style=\"text-align: justify;\"><strong>El Museo Groningen<\/strong><\/p>\n<p style=\"text-align: justify;\">El plan de Mendini para la ampliaci\u00f3n del nuevo museo Groningen se estructura a lo largo de una de las orillas, frente a la estaci\u00f3n central de la ciudad, mediante la construcci\u00f3n de tres islas de pabellones alineados. El objetivo de este desarrollo era evitar la ocupaci\u00f3n excesiva en el ancho del canal para permitir la libre circulaci\u00f3n de las embarcaciones. Adem\u00e1s, esta estrategia permit\u00eda atenuar el impacto visual que pod\u00eda generar un edificio compacto en un entorno abierto. De ese modo, el puente peatonal existente, junto a peque\u00f1as plazas y pasarelas incorporadas, formaba una estructura circulatoria que vinculaba las dos orillas con el museo y a las tres islas entre s\u00ed. Una vez trazado el plan general, Mendini se reserv\u00f3 el dise\u00f1o de la isla central, donde plantea el acceso al edificio. En ese espacio ubica el auditorio, los servicios y las \u00e1reas de uso p\u00fablico. El elemento destacado de ese conjunto es la \u201ctorre dorada\u201d, un volumen inaccesible para el p\u00fablico que adquiere valor simb\u00f3lico por su ubicaci\u00f3n central y una altura muy superior al resto del museo. Esta torre contiene el dep\u00f3sito de las obras de arte y es el \u00fanico de los pabellones que dise\u00f1o Mendini que no est\u00e1 revestido de elementos decorativos. Mendini tambi\u00e9n dise\u00f1\u00f3 el basamento del ala este, que alberga la colecci\u00f3n de arte moderno.<\/p>\n<p style=\"text-align: justify;\">El ala oeste del museo est\u00e1 compuesta por dos vol\u00famenes superpuestos. El inferior fue dise\u00f1ado por Michele de Lucchi. Un volumen compacto de ladrillos que interpreta la tradici\u00f3n constructiva local. Ese pabell\u00f3n aloja las \u00e1reas de arqueolog\u00eda e historia. Por encima se encuentra el pabell\u00f3n para el arte aplicado dise\u00f1ado por Philippe Starck, un cuerpo cil\u00edndrico cargado de simbolismos y referencias a las artes aplicadas. El pabell\u00f3n de Coop Himmelb[l]au de ubica en el ala este por encima del pabell\u00f3n de Maldini.<\/p>\n<figure id=\"attachment_77759\" aria-describedby=\"caption-attachment-77759\" style=\"width: 640px\" class=\"wp-caption alignnone\"><img loading=\"lazy\" decoding=\"async\" class=\"wp-image-77759\" src=\"https:\/\/veredes.es\/blog\/wp-content\/uploads\/2020\/03\/La-explosi\u00f3n-de-la-caja-funcionalisGroningen-Coop-Himmelblau-techos.png\" alt=\"Planta de cubierta\" width=\"640\" height=\"402\" srcset=\"https:\/\/veredes.es\/blog\/wp-content\/uploads\/2020\/03\/La-explosi\u00f3n-de-la-caja-funcionalisGroningen-Coop-Himmelblau-techos.png 630w, https:\/\/veredes.es\/blog\/wp-content\/uploads\/2020\/03\/La-explosi\u00f3n-de-la-caja-funcionalisGroningen-Coop-Himmelblau-techos-300x189.png 300w\" sizes=\"auto, (max-width: 640px) 100vw, 640px\" \/><figcaption id=\"caption-attachment-77759\" class=\"wp-caption-text\"><span style=\"color: #999999;\">Planta de cubierta<\/span><\/figcaption><\/figure>\n<p style=\"text-align: justify;\"><strong>El bosquejo explosivo<\/strong><\/p>\n<p style=\"text-align: justify;\">Desde su fundaci\u00f3n, Coop Himmelb[l]au ha expresado su deseo por reformular los c\u00e1nones tradicionales de la arquitectura. Su obra, estructurada mediante m\u00e9todos no lineales, compendia el andar ca\u00f3tico y extravagante de la sociedad. Alineada a las teor\u00edas art\u00edsticas del momento, indagan en manifestaciones de otras disciplinas para descubrir mecanismos que promuevan una expresi\u00f3n arquitect\u00f3nica novedosa. Los inicios de\u00a0Coop Himmelb[l]au\u00a0coinciden con los acontecimientos del mayo franc\u00e9s, en una Viena agitada por el Wiener Aktionismus (Accionismo Vien\u00e9s); un colectivo de arte decidido a perturbar el conformismo austriaco con una est\u00e9tica violenta y fugaz, que cuestiona los valores morales de la sociedad. Las corrientes art\u00edsticas exaltaban la creatividad y la experimentaci\u00f3n, influidos por la Internacional Situacionista y otros movimientos contraculturales, el feminismo, el hipismo y la m\u00fasica de rock. En la escena cultural vienesa predominan las manifestaciones del Accionismo, un grupo de artistas radicales que durante la d\u00e9cada del 60 reaccionaron ante el statu quo local. En el campo arquitect\u00f3nico, Hans Hollein es la figura revulsiva que promueve la renovaci\u00f3n de la disciplina. En su manifiesto \u201cAlles ist Architektur!\u201d Hollein declara:<\/p>\n<blockquote>\n<p style=\"text-align: justify;\">\u00a0\u201c<em>La concepci\u00f3n estricta y las definiciones tradicionales de la arquitectura y sus medios han perdido en gran medida su legitimidad\u2026. La forma de definir, de determinar un entorno (cada vez que se desee) se basa en la extensi\u00f3n de estos significados.\u00a0 Estos son los medios de la arquitectura. Si miramos las cosas m\u00e1s de cerca, podr\u00edamos especificar el concepto de arquitectura de acuerdo con las siguientes funciones y definiciones: \u2013 La arquitectura es culto, es marca, s\u00edmbolo, signo, expresi\u00f3n- La arquitectura es control de la temperatura corporal \u2013 refugio protector- La arquitectura es determinaci\u00f3n -definici\u00f3n -del espacio, del entorno- La arquitectura es condicionante de un estado psicol\u00f3gico<\/em>\u201d<em>.<\/em><sup>3<\/sup><\/p>\n<\/blockquote>\n<p style=\"text-align: justify;\">El enfoque disciplinar de\u00a0Coop Himmelb[l]au\u00a0adhiere a las manifestaciones de Hollein. El estudio vienes sostiene que<\/p>\n<blockquote>\n<p style=\"text-align: justify;\">\u201c<em>La arquitectura no tiene un plano f\u00edsico, sino ps\u00edquico<\/em>\u201d,<sup>4<\/sup><\/p>\n<\/blockquote>\n<p style=\"text-align: justify;\">declaraci\u00f3n que revela su negaci\u00f3n a cualquier antecedente tipol\u00f3gico. Este aspecto es determinante en la arquitectura de Coop Himmelb[l]au, y robustece su intenci\u00f3n por reformular el proceso de gestaci\u00f3n de la idea arquitect\u00f3nica. Su m\u00e9todo de trabajo condiciona el desarrollo de cualquier proyecto a un bosquejo aleatorio elaborado en pocos y confusos trazos denominado psicograma; una reacci\u00f3n autom\u00e1tica y emotiva del pensamiento sobre el papel. Ostwald y Chapman sostienen que el desentra\u00f1amiento del proceso de dise\u00f1o, permite que sus edificios terminados expresen los gestos creativos que les han dado forma.<\/p>\n<blockquote>\n<p style=\"text-align: justify;\">\u201c<em>El psicograma, generalmente un dibujo, pero a veces un modelo, es la expresi\u00f3n de la emoci\u00f3n del arquitecto liberado de las restricciones racionalizadoras que atan los procesos de dise\u00f1o arquitect\u00f3nico convencionales. El objetivo de Coop Himmelb[l]au ha sido reducir el proceso de dise\u00f1o a un \u00fanico y vol\u00e1til instante de creatividad. Proponen que cuanto mayor sea el grado de compresi\u00f3n de tiempo entre el inicio y el final de un psicograma, mayor ser\u00e1 la validez del dise\u00f1o<\/em>\u201d.<sup>5<\/sup><\/p>\n<\/blockquote>\n<figure id=\"attachment_77762\" aria-describedby=\"caption-attachment-77762\" style=\"width: 640px\" class=\"wp-caption alignnone\"><img loading=\"lazy\" decoding=\"async\" class=\"wp-image-77762\" src=\"https:\/\/veredes.es\/blog\/wp-content\/uploads\/2020\/03\/La-explosi\u00f3n-de-la-caja-funcionalisGroningen-Coop-Himmelblau-planta.png\" alt=\"Planta\" width=\"640\" height=\"404\" srcset=\"https:\/\/veredes.es\/blog\/wp-content\/uploads\/2020\/03\/La-explosi\u00f3n-de-la-caja-funcionalisGroningen-Coop-Himmelblau-planta.png 630w, https:\/\/veredes.es\/blog\/wp-content\/uploads\/2020\/03\/La-explosi\u00f3n-de-la-caja-funcionalisGroningen-Coop-Himmelblau-planta-300x190.png 300w\" sizes=\"auto, (max-width: 640px) 100vw, 640px\" \/><figcaption id=\"caption-attachment-77762\" class=\"wp-caption-text\"><span style=\"color: #999999;\">Planta<\/span><\/figcaption><\/figure>\n<p style=\"text-align: justify;\">Este m\u00e9todo busca captar las fuerzas de la emoci\u00f3n y traducirlas en un gr\u00e1fico o esquema aleatorio, que luego es sometido al dominio de la raz\u00f3n para concretar la forma arquitect\u00f3nica. Este m\u00e9todo sutil es similar al modelo de creaci\u00f3n art\u00edstica que resulta de la automatizaci\u00f3n de sue\u00f1os y pasiones que expresa Andr\u00e9 Bret\u00f3n.<sup>6<\/sup> Teniendo en cuenta que Bret\u00f3n nunca expuso los par\u00e1metros que deb\u00edan seguir los artistas para alcanzar esos resultados, el uso del psicograma puede identificarse como una t\u00e9cnica inspirada por el surrealismo.<sup>7<\/sup><\/p>\n<p style=\"text-align: justify;\">La pr\u00e1ctica de dise\u00f1o basada en el psicograma es muy activa en el estudio entre los primeros a\u00f1os de su actividad y los a\u00f1os finales del siglo XX. El uso del psicograma otorg\u00f3 a Coop Himmelb[l]au un marco te\u00f3rico que sustenta el resultado de sus dise\u00f1os. Sainz se\u00f1ala que la arquitectura torturada y fracturada de Coop Himmelblau se basa en gran medida en ese gesto gr\u00e1fico inicial (Sainz 1994). En algunos trabajos, el psicograma tuvo relativa injerencia en el resultado final; en otros alcanz\u00f3 un uso exacerbado. El proyecto de la Open House es una muestra de ese procedimiento,<\/p>\n<blockquote>\n<p style=\"text-align: justify;\">\u201c<em>creada a partir de un boceto explosivo. Dibujada con los ojos cerrados en intensa concentraci\u00f3n, la mano act\u00faa como un sism\u00f3grafo, registrando las sensaciones que el espacio evocar\u00e1<\/em>\u201d<em>.<\/em><sup>8<\/sup><\/p>\n<\/blockquote>\n<p style=\"text-align: justify;\">Este m\u00e9todo de gestaci\u00f3n no est\u00e1 exento de ambig\u00fcedad, debido a que la fuerza del boceto es aleatoria y ambivalente, y la traducci\u00f3n de ese esquema desde el plano ps\u00edquico al f\u00edsico puede conducir a interpretaciones diversas que dan como resultado composiciones formales disimiles. La idea de arquitectura abierta busca que el usuario se apropie de ese espacio insubordinado, sin l\u00edmites geom\u00e9tricos precisos, haciendo que esa ambig\u00fcedad se diluya porque la mutaci\u00f3n formal y la idea de acci\u00f3n est\u00e1n siempre presentes. Para Coop Himmelb[l]au todas las operaciones de dise\u00f1o dan como resultado una forma tridimensional que responde a un problema y, por lo tanto, su arquitectura carece de cualquier otro significado.<\/p>\n<figure id=\"attachment_77761\" aria-describedby=\"caption-attachment-77761\" style=\"width: 640px\" class=\"wp-caption alignnone\"><img loading=\"lazy\" decoding=\"async\" class=\"wp-image-77761\" src=\"https:\/\/veredes.es\/blog\/wp-content\/uploads\/2020\/03\/La-explosi\u00f3n-de-la-caja-funcionalistGroningen-Coop-Himmelblau-corte.png\" alt=\"Secci\u00f3n\" width=\"640\" height=\"286\" srcset=\"https:\/\/veredes.es\/blog\/wp-content\/uploads\/2020\/03\/La-explosi\u00f3n-de-la-caja-funcionalistGroningen-Coop-Himmelblau-corte.png 630w, https:\/\/veredes.es\/blog\/wp-content\/uploads\/2020\/03\/La-explosi\u00f3n-de-la-caja-funcionalistGroningen-Coop-Himmelblau-corte-300x134.png 300w\" sizes=\"auto, (max-width: 640px) 100vw, 640px\" \/><figcaption id=\"caption-attachment-77761\" class=\"wp-caption-text\">Secci\u00f3n<\/figcaption><\/figure>\n<p style=\"text-align: justify;\"><strong>La explosi\u00f3n de la caja funcionalista<\/strong><\/p>\n<p style=\"text-align: justify;\">El pabell\u00f3n este del Museo Groningen ocupa la parte superior del pabell\u00f3n de Mendini y alberga en su interior una colecci\u00f3n de arte que abarca desde el siglo XVI hasta el arte contempor\u00e1neo. El dise\u00f1o de Coop Himmelb[l]au rompe los est\u00e1ndares de construcci\u00f3n tradicional, sim\u00e9trica y ornamentada que exhiben el resto de los pabellones. Somete al objeto arquitect\u00f3nico a un proceso de desmantelamiento org\u00e1nico y sistem\u00e1tico para que alcance un estado de\u00a0arquitectura fluida. En el trabajo de Coop Himmelblau existe una trama variable de v\u00ednculos que es dif\u00edcil de establecer. Por lo tanto, resulta complejo \u2014y arbitrario\u2014 determinar una secuencia en la creaci\u00f3n del objeto arquitect\u00f3nico. En Groningen, la caja estalla. Se desarticula por las pulsaciones de un dise\u00f1o provocativo y vivaz. El volumen se posiciona flotando como un \u00e1tomo en proceso de transformaci\u00f3n constante. Los paneles de acero y vidrio de su envolvente se extienden m\u00e1s all\u00e1 de los l\u00edmites del suelo. El dise\u00f1o demuestra en plenitud el punto de vista intr\u00ednseco de Coop Himmelb[l]au<\/p>\n<blockquote>\n<p style=\"text-align: justify;\"><em>\u00a0\u201cEl proceso de dise\u00f1o incluy\u00f3 la superposici\u00f3n de estudios tridimensionales de vol\u00famenes de luz natural y artificial con el boceto original del concepto del pabell\u00f3n. Este proceso de estratificaci\u00f3n result\u00f3 en un modelo de boceto que us\u00f3 el poder de la primera impresi\u00f3n emocional, o psicograma del concepto, para disolver el espacio. El proceso de dise\u00f1o tambi\u00e9n intent\u00f3 capturar la vivacidad aleatoria de este modelo de boceto y traduce sus detalles escult\u00f3ricos a la escala del edificio real\u201d.<\/em><sup>9<\/sup><\/p>\n<\/blockquote>\n<p style=\"text-align: justify;\">Como parte de ese proceso creativo, Coop Himmelb[l]au digitaliza el boceto para transformarlo en un objeto tridimensional, y as\u00ed canalizar las cuestiones program\u00e1ticas, estructurales y espaciales, y hacer evidentes las intenciones que el dise\u00f1o propone para experimentar el arte desde distintos puntos de vista. Para Sainz, el ordenador permite mantener este car\u00e1cter gestual y aleatorio del boceto preliminar y convertirlo en un modelo infogr\u00e1fico; pero entre uno y otro se hace imprescindible el uso de maquetas de trabajo. Seg\u00fan expresa, el Museo de Groningen se gest\u00f3 a partir de unos croquis y una maqueta de trabajo que se digitaliz\u00f3 para obtener un modelo infogr\u00e1fico con el cual se elabor\u00f3 la maqueta definitiva<em>.<\/em><sup>10<\/sup><\/p>\n<p style=\"text-align: justify;\">La ruptura de la caja en piezas dispuesta de manera aleatoria provee una variedad de situaciones espaciales para el espacio expositivo.<sup>11\u00a0<\/sup>Los niveles de iluminaci\u00f3n y los espacios de circulaci\u00f3n son determinantes para la organizaci\u00f3n interna. Las placas que forman parte del pabell\u00f3n fueron construidas seg\u00fan los m\u00e9todos utilizados por la industria naval local. Las complejas formas de las placas de acero fueron realizadas en los astilleros mediante un sistema de corte computarizado y trasladadas al sitio mediante peque\u00f1as embarcaciones junto con los elementos estructurales. Este sistema de producci\u00f3n permiti\u00f3 reducir costos y los plazos de ejecuci\u00f3n. Las manchas de alquitr\u00e1n que impregnan los paneles rojos son enormes ampliaciones del primero boceto de dise\u00f1o que aluden al origen del proyecto.<sup>12<\/sup><\/p>\n<figure id=\"attachment_77760\" aria-describedby=\"caption-attachment-77760\" style=\"width: 640px\" class=\"wp-caption alignnone\"><img loading=\"lazy\" decoding=\"async\" class=\"wp-image-77760\" src=\"https:\/\/veredes.es\/blog\/wp-content\/uploads\/2020\/03\/La-explosi\u00f3n-de-la-caja-funcionaMuseo-Groeninger-2-\u00a9Coop-Himmelblau.jpg\" alt=\"Museo Groeninger 2 \u00a9Coop Himmelblau\" width=\"640\" height=\"351\" srcset=\"https:\/\/veredes.es\/blog\/wp-content\/uploads\/2020\/03\/La-explosi\u00f3n-de-la-caja-funcionaMuseo-Groeninger-2-\u00a9Coop-Himmelblau.jpg 630w, https:\/\/veredes.es\/blog\/wp-content\/uploads\/2020\/03\/La-explosi\u00f3n-de-la-caja-funcionaMuseo-Groeninger-2-\u00a9Coop-Himmelblau-300x165.jpg 300w\" sizes=\"auto, (max-width: 640px) 100vw, 640px\" \/><figcaption id=\"caption-attachment-77760\" class=\"wp-caption-text\"><span style=\"color: #999999;\">Museo Groeninger \u00a9 Coop Himmelblau<\/span><\/figcaption><\/figure>\n<p style=\"text-align: justify;\"><strong>Conclusi\u00f3n<\/strong><\/p>\n<blockquote>\n<p style=\"text-align: justify;\">\u201c<em>Groningen es una obra clave para Coop Himmelb(l)au porque all\u00ed pudimos realizar por primera vez en una gran escala nuestra concepci\u00f3n de un espacio que hizo explotar la prisi\u00f3n de la caja funcionalista en mil piezas<\/em>\u201d<em>.<\/em><sup>13<\/sup><\/p>\n<\/blockquote>\n<p style=\"text-align: justify;\">Coop Himmelb[l]au muestra su aversi\u00f3n por evitar cualquier condicionante a la forma arquitect\u00f3nica. Su m\u00e9todo de dise\u00f1o, basado en el automatismo sensitivo ofrece resultados aleatorios, novedosos y contradictorios, ajenos a cualquier neutralidad. En Groningen, Coop Himmelb[l]au despliega cualidades espaciales tan sugerentes como desconcertantes. Su trabajo disloca los l\u00edmites de la caja arquitect\u00f3nica enaltecida por el movimiento moderno, para hacer palpable su idea perceptiva, mediante una resoluci\u00f3n sutil, no exenta de complejidades y contradicciones.<\/p>\n<p style=\"text-align: justify;\">Marcelo Gardinetti. Arquitecto<br \/>\nLa Plata. Argentina.\u00a0Febrero 20120<\/p>\n<p style=\"text-align: justify;\">Notas:<br \/>\n<sup>1 <\/sup>\u201cEl proceso de dise\u00f1o no fue f\u00e1cil y a menudo nos encontramos en el centro de duros debates en la ciudad. Frans Haks invent\u00f3 la f\u00f3rmula cultural del museo y hay que agradecerle esta experiencia excepcional: un museo compuesto por pabellones separados, con arquitectos invitados planificados desde el principio: Michele De Lucchi, Philippe Starck y Coop-Himmelb(l)au\u201d Alessandro Mendini, Groninger Museum\u2019s second life en Domus web 2011\/01\/04 <a href=\"https:\/\/www.domusweb.it\/en\/design\/2011\/01\/04\/groninger-museum-s-second-life.html\" target=\"_blank\">https:\/\/www.domusweb.it\/en\/design\/2011\/01\/04\/groninger-museum-s-second-life.html<\/a> [Consultado el 18\/09\/2019]<br \/>\n<sup>2 <\/sup>En una primera convocatoria fue invitado Frank Stella para realizar el dise\u00f1o del pabell\u00f3n este, pero un tiempo despu\u00e9s desisti\u00f3 del encargo y Mendini convoc\u00f3 al equipo austriaco.<br \/>\n<sup>3 <\/sup>\u201cLa arquitectura es el condicionamiento de un estado psicol\u00f3gico\u201d\u00a0Hans Hollein,\u00a0Alles ist Architektur!\u00a0\u201cBau\u201d Schrift f\u00fcr Architektur und St\u00e4dtebau, 23. Jahrgang, Heft 1\/2, Wien 1968.<br \/>\n<sup>4 <\/sup>\u201cNuestra arquitectura no tiene un plano f\u00edsico, sino ps\u00edquico. Los muros ya no existen. Nuestros espacios son globos pulsantes. El latido de nuestro coraz\u00f3n se convierte en espacio; nuestro rostro es la fachada.\u00a0Coop Himmelb[l]au, (1968)\u00a0Our Architecture Has no Physical Ground Plan.\u00a0Sitio web del autor. <a href=\"http:\/\/www.coop-Himmelb[l]au.at\/architecture\/philosophy\" target=\"_blank\">http:\/\/www.coop-Himmelb[l]au.at\/architecture\/philosophy<\/a><br \/>\n<sup>5 <\/sup>Michael Ostwald and Michael Chapman \u201cPsychic automatism and no linear dynamics: Surrealism and science\u201d en The architecture of Coop Himmelb[l]au. A Design Culture Journal, 2006<br \/>\n<sup>6 <\/sup>\u201cSi las profundidades de nuestro esp\u00edritu ocultan extra\u00f1as fuerzas capaces de aumentar aquellas que se advierten en la superficie, o de luchar victoriosamente contra ellas, es de mayor inter\u00e9s captar estas fuerzas, captarlas ante todo para, a continuaci\u00f3n, someterlas al dominio de nuestra raz\u00f3n, si es que resulta procedente\u201d Andr\u00e9 Breton, \u201cManifiestos del surrealismo\u201d (Barcelona, Editorial Labor S.A. 1980). 26<br \/>\n<sup>7 <\/sup>\u201cEs verdad que el movimiento nunca estableci\u00f3 unos par\u00e1metros fijos sobre la est\u00e9tica o las t\u00e9cnicas que deb\u00edan de seguir los artistas surrealistas, pero de hecho, este movimiento defiende la creaci\u00f3n libre del artista como funci\u00f3n autom\u00e1tica de sus sue\u00f1os y pasiones\u201d B. Barreiro Leon \u201cLa est\u00e9tica surrealista\u201d, en Revista Eikasia N\u00b058,p\u00e1g. 452, Oviedo, Eikasia Ediciones,septiembre de 2014<br \/>\n<sup>8 <\/sup>Coop Himmelb[l]au, (1983)\u00a0Open House, Memoria descriptive<br \/>\n<sup>9 <\/sup>Coop Himmelb[l]au,\u00a0(1993)\u00a0\u201cGroninger Museum \u2013 The East Pavilion, Memoria del Proyecto\u201d en\u00a0Sitio web del autor.\u00a0<a href=\"http:\/\/www.coop-Himmelb[l]au.at\/architecture\/projects\/groninger-museum\" target=\"_blank\">http:\/\/www.coop-Himmelb[l]au.at\/architecture\/projects\/groninger-museum<\/a> [Consultado el 08\/09\/2019]<br \/>\n<sup>10<\/sup>\u00a0Utilizado como instrumento intermedio entre el croquis inicial y la maqueta de trabajo, el ordenador permite a Coop Himmelblau trasladar a sus edificios la naturaleza gestual y aleatoria de sus dibujos. Jorge Sainz, \u201cAleatoriedad gestual, El ordenador en el estudio Coop Himmelblau\u201d en Arquitectura Viva N\u00b0 37 Julio- Agosto 1994. 100-103<br \/>\n<sup>11 <\/sup>\u201cNuestro concepto para el Pabell\u00f3n Este se basaba en la idea de desplegar el espacio positivo y negativo, y extender la estructura de la azotea sobre el agua hasta la orilla del canal: efectivamente extendiendo el museo hacia la ciudad\u201d.\u00a0Coop Himmelb[l]au,\u00a0(1993) Op. Cit.<br \/>\n<sup>12 <\/sup>\u201cEste proceso de dise\u00f1o intuitivo culmina con el proyecto del Groninger Museum, en el que una versi\u00f3n ampliada del boceto inicial se graba f\u00edsicamente en el lateral del edificio de modo que, a medida que el acero se oxida, el \u00fanico elemento que queda del edificio es el boceto (protegido contra la oxidaci\u00f3n por el proceso de grabado). De este modo, el proceso vincula po\u00e9ticamente el destino del edificio con su origen y materializa el boceto como componente f\u00edsico de la arquitectura. La tensi\u00f3n entre la \u201cvelocidad\u201d del boceto y su eterna momificaci\u00f3n en la arquitectura es una tensi\u00f3n que los arquitectos no resuelven\u201d.\u00a0Michael Ostwald and Michael Chapman (2006) Op. Cit.<br \/>\n<sup>13<\/sup>\u00a0Coop Himmelb[l]au, \u201cStill very good alive\u201d, en A publication on the occassion of the 20th anniversary of the Groninger Museum in Groningen, The Netherlands.\u00a9Coop Himmeb(l)au, 2014.<\/p>\n<p style=\"text-align: justify;\"><strong>Bibliograf\u00eda<\/strong><\/p>\n<p style=\"text-align: justify;\">Barreiro Leon, B. \u201cLa est\u00e9tica surrealista\u201d, en Revista Eikasia N\u00b058,p\u00e1g. 452, Oviedo, Eikasia Ediciones,septiembre de 2014<br \/>\nBreton, Andr\u00e9. \u201cManifiestos del surrealismo\u201d (Barcelona, Editorial Labor S.A. 1980).<br \/>\nBugge \u00d8ye, Victoria \u201cOn Astroballoons and Personal Bubbles\u201d en e-flux architecture, <a href=\"https:\/\/www.e-flux.com\/architecture\/positions\/194841\/on-astroballoons-and-personal-bubbles\/\" target=\"_blank\">https:\/\/www.e-flux.com\/architecture\/positions\/194841\/on-astroballoons-and-personal-bubbles\/<\/a> [Consultado el 31\/08\/2019]<br \/>\nCoop Himmelb[l]au, Sitio web. <a href=\"http:\/\/www.coop-Himmelb[l]au.at\/\" target=\"_blank\">http:\/\/www.coop-Himmelb[l]au.at\/<\/a><br \/>\nCoop Himmelb[l]au, \u201cStill very good alive\u201d, en A publication on the occassion of the 20th anniversary of the Groninger Museum in Groningen, The Netherlands.\u00a9Coop Himmeb(l)au, 2014.<br \/>\nHollein, Hans. \u201cAlles ist Architektur!\u201d en Bau, Schrift f\u00fcr Architektur und St\u00e4dtebau, 23. Jahrgang, Heft 1\/2, Wien 1968.<br \/>\nMendini, Alessandro, Groninger Museum\u2019s second life en Domus web 2011\/01\/04<br \/>\nOstwald, M y Chapman, M. \u201cAutomated architecture: violence and nihilism as strategies of \u2018making\u2019\u201d en The tactics of Coop Himmelb(l)au, Architectural Research Quarterly \u00b7 September 2006<br \/>\nOstwald, M y Chapman, M. \u201cPrivileging the Sketch: Coop Himmelblau, Nonlinear Dynamics and the Psychogram\u201d, (Design Research Society. Conferencia Internacional de Lisboa. IADE, 2006)<br \/>\nOstwald, M y Chapman, M. \u201cPsychic automatism and no linear dynamics: Surrealism and science\u201d en The architecture of Coop Himmelb[l]au. A Design Culture Journal, 2006<br \/>\nSainz, Jorge \u201cAleatoriedad gestual, El ordenador en el estudio Coop Himmelblau\u201d en Arquitectura Viva N\u00b0 37 Julio-agosto 1994. 100-103<\/p>\n","protected":false},"excerpt":{"rendered":"<p>Introducci\u00f3n A principios de 1990 Frans Haks, director del Museo Groninger, convoc\u00f3 a Alessandro Mendini para realizar el proyecto de ampliaci\u00f3n del museo sobre el canal que se encuentra en el l\u00edmite de la parcela del edificio hist\u00f3rico. Mendini propone atomizar el programa en tres partes, para diluir el impacto del edificio sobre el entorno.1\u00a0Propone [&hellip;]<\/p>\n","protected":false},"author":2,"featured_media":77757,"comment_status":"open","ping_status":"closed","sticky":false,"template":"","format":"standard","meta":{"footnotes":""},"categories":[5934,5951],"tags":[9490,10773,14473,9364,12456,610,3115,668,14471,14470,14472,8455,2066,1113,1278,2608,14474],"class_list":{"0":"post-77724","1":"post","2":"type-post","3":"status-publish","4":"format-standard","5":"has-post-thumbnail","7":"category-articulos","8":"category-slider-principal","9":"tag-alessandro-mendini","10":"tag-andre-breton","11":"tag-barbara-barreiro-leon","12":"tag-coop-himmelblau","13":"tag-equipamiento-cultural","14":"tag-fundacion","15":"tag-hans-hollein","16":"tag-historia","17":"tag-michael-chapman","18":"tag-michael-ostwald","19":"tag-michele-de-lucchi","20":"tag-philippe-starck","21":"tag-proyectar","22":"tag-proyecto","23":"tag-teoria","24":"tag-tipologia","25":"tag-victoria-bugge-oye"},"yoast_head":"<!-- This site is optimized with the Yoast SEO plugin v27.4 - https:\/\/yoast.com\/product\/yoast-seo-wordpress\/ -->\n<title>La explosi\u00f3n de la caja funcionalista | Marcelo Gardinetti - veredes<\/title>\n<meta name=\"description\" content=\"Toda la informaci\u00f3n sobre: La explosi\u00f3n de la caja funcionalista | Marcelo Gardinetti\" \/>\n<meta name=\"robots\" content=\"index, follow, max-snippet:-1, max-image-preview:large, max-video-preview:-1\" \/>\n<link rel=\"canonical\" href=\"https:\/\/veredes.es\/blog\/la-explosion-la-caja-funcionalista-marcelo-gardinetti\/\" \/>\n<meta property=\"og:locale\" content=\"es_ES\" \/>\n<meta property=\"og:type\" content=\"article\" \/>\n<meta property=\"og:title\" content=\"La explosi\u00f3n de la caja funcionalista | Marcelo Gardinetti - veredes\" \/>\n<meta property=\"og:description\" content=\"Toda la informaci\u00f3n sobre: La explosi\u00f3n de la caja funcionalista | Marcelo Gardinetti\" \/>\n<meta property=\"og:url\" content=\"https:\/\/veredes.es\/blog\/la-explosion-la-caja-funcionalista-marcelo-gardinetti\/\" \/>\n<meta property=\"og:site_name\" content=\"veredes, arquitectura y divulgaci\u00f3n\" \/>\n<meta property=\"article:publisher\" content=\"https:\/\/www.facebook.com\/veredesArquitecturayDivulgacion\/\" \/>\n<meta property=\"article:author\" content=\"https:\/\/www.facebook.com\/veredesArquitecturayDivulgacion\/\" \/>\n<meta property=\"article:published_time\" content=\"2020-03-01T23:01:40+00:00\" \/>\n<meta property=\"og:image\" content=\"https:\/\/veredes.es\/blog\/wp-content\/uploads\/2020\/03\/La-explosi\u00f3n-de-la-caja-fuMuseo-Groeninger-\u00a9Gebouw-Groninger-Museum.jpg\" \/>\n\t<meta property=\"og:image:width\" content=\"630\" \/>\n\t<meta property=\"og:image:height\" content=\"370\" \/>\n\t<meta property=\"og:image:type\" content=\"image\/jpeg\" \/>\n<meta name=\"author\" content=\"veredes\" \/>\n<meta name=\"twitter:card\" content=\"summary_large_image\" \/>\n<meta name=\"twitter:creator\" content=\"@https:\/\/twitter.com\/veredes\" \/>\n<meta name=\"twitter:site\" content=\"@veredes\" \/>\n<meta name=\"twitter:label1\" content=\"Escrito por\" \/>\n\t<meta name=\"twitter:data1\" content=\"veredes\" \/>\n\t<meta name=\"twitter:label2\" content=\"Tiempo de lectura\" \/>\n\t<meta name=\"twitter:data2\" content=\"15 minutos\" \/>\n<script type=\"application\/ld+json\" class=\"yoast-schema-graph\">{\"@context\":\"https:\\\/\\\/schema.org\",\"@graph\":[{\"@type\":\"Article\",\"@id\":\"https:\\\/\\\/veredes.es\\\/blog\\\/la-explosion-la-caja-funcionalista-marcelo-gardinetti\\\/#article\",\"isPartOf\":{\"@id\":\"https:\\\/\\\/veredes.es\\\/blog\\\/la-explosion-la-caja-funcionalista-marcelo-gardinetti\\\/\"},\"author\":{\"name\":\"veredes\",\"@id\":\"https:\\\/\\\/veredes.es\\\/blog\\\/#\\\/schema\\\/person\\\/0bbb669073ef7faba5168a0844e93d2c\"},\"headline\":\"La explosi\u00f3n de la caja funcionalista | Marcelo Gardinetti\",\"datePublished\":\"2020-03-01T23:01:40+00:00\",\"mainEntityOfPage\":{\"@id\":\"https:\\\/\\\/veredes.es\\\/blog\\\/la-explosion-la-caja-funcionalista-marcelo-gardinetti\\\/\"},\"wordCount\":3026,\"commentCount\":0,\"publisher\":{\"@id\":\"https:\\\/\\\/veredes.es\\\/blog\\\/#organization\"},\"image\":{\"@id\":\"https:\\\/\\\/veredes.es\\\/blog\\\/la-explosion-la-caja-funcionalista-marcelo-gardinetti\\\/#primaryimage\"},\"thumbnailUrl\":\"https:\\\/\\\/veredes.es\\\/blog\\\/wp-content\\\/uploads\\\/2020\\\/03\\\/La-explosi\u00f3n-de-la-caja-fuMuseo-Groeninger-\u00a9Gebouw-Groninger-Museum.jpg\",\"keywords\":[\"Alessandro Mendini\",\"Andr\u00e9 Breton\",\"Barbara Barreiro Le\u00f3n\",\"coop himmelblau\",\"equipamiento cultural\",\"fundaci\u00f3n\",\"Hans Hollein\",\"historia\",\"Michael Chapman\",\"Michael Ostwald\",\"Michele De Lucchi\",\"Philippe Starck\",\"proyectar\",\"proyecto\",\"teor\u00eda\",\"tipolog\u00eda\",\"Victoria Bugge \u00d8ye\"],\"articleSection\":[\"art\u00edculos\",\"slider principal\"],\"inLanguage\":\"es\",\"potentialAction\":[{\"@type\":\"CommentAction\",\"name\":\"Comment\",\"target\":[\"https:\\\/\\\/veredes.es\\\/blog\\\/la-explosion-la-caja-funcionalista-marcelo-gardinetti\\\/#respond\"]}]},{\"@type\":\"WebPage\",\"@id\":\"https:\\\/\\\/veredes.es\\\/blog\\\/la-explosion-la-caja-funcionalista-marcelo-gardinetti\\\/\",\"url\":\"https:\\\/\\\/veredes.es\\\/blog\\\/la-explosion-la-caja-funcionalista-marcelo-gardinetti\\\/\",\"name\":\"La explosi\u00f3n de la caja funcionalista | Marcelo Gardinetti - veredes\",\"isPartOf\":{\"@id\":\"https:\\\/\\\/veredes.es\\\/blog\\\/#website\"},\"primaryImageOfPage\":{\"@id\":\"https:\\\/\\\/veredes.es\\\/blog\\\/la-explosion-la-caja-funcionalista-marcelo-gardinetti\\\/#primaryimage\"},\"image\":{\"@id\":\"https:\\\/\\\/veredes.es\\\/blog\\\/la-explosion-la-caja-funcionalista-marcelo-gardinetti\\\/#primaryimage\"},\"thumbnailUrl\":\"https:\\\/\\\/veredes.es\\\/blog\\\/wp-content\\\/uploads\\\/2020\\\/03\\\/La-explosi\u00f3n-de-la-caja-fuMuseo-Groeninger-\u00a9Gebouw-Groninger-Museum.jpg\",\"datePublished\":\"2020-03-01T23:01:40+00:00\",\"description\":\"Toda la informaci\u00f3n sobre: La explosi\u00f3n de la caja funcionalista | Marcelo Gardinetti\",\"breadcrumb\":{\"@id\":\"https:\\\/\\\/veredes.es\\\/blog\\\/la-explosion-la-caja-funcionalista-marcelo-gardinetti\\\/#breadcrumb\"},\"inLanguage\":\"es\",\"potentialAction\":[{\"@type\":\"ReadAction\",\"target\":[\"https:\\\/\\\/veredes.es\\\/blog\\\/la-explosion-la-caja-funcionalista-marcelo-gardinetti\\\/\"]}]},{\"@type\":\"ImageObject\",\"inLanguage\":\"es\",\"@id\":\"https:\\\/\\\/veredes.es\\\/blog\\\/la-explosion-la-caja-funcionalista-marcelo-gardinetti\\\/#primaryimage\",\"url\":\"https:\\\/\\\/veredes.es\\\/blog\\\/wp-content\\\/uploads\\\/2020\\\/03\\\/La-explosi\u00f3n-de-la-caja-fuMuseo-Groeninger-\u00a9Gebouw-Groninger-Museum.jpg\",\"contentUrl\":\"https:\\\/\\\/veredes.es\\\/blog\\\/wp-content\\\/uploads\\\/2020\\\/03\\\/La-explosi\u00f3n-de-la-caja-fuMuseo-Groeninger-\u00a9Gebouw-Groninger-Museum.jpg\",\"width\":630,\"height\":370,\"caption\":\"Museo Groeninger \u00a9Gebouw Groninger Museum\"},{\"@type\":\"BreadcrumbList\",\"@id\":\"https:\\\/\\\/veredes.es\\\/blog\\\/la-explosion-la-caja-funcionalista-marcelo-gardinetti\\\/#breadcrumb\",\"itemListElement\":[{\"@type\":\"ListItem\",\"position\":1,\"name\":\"Portada\",\"item\":\"https:\\\/\\\/veredes.es\\\/blog\\\/\"},{\"@type\":\"ListItem\",\"position\":2,\"name\":\"La explosi\u00f3n de la caja funcionalista | Marcelo Gardinetti\"}]},{\"@type\":\"WebSite\",\"@id\":\"https:\\\/\\\/veredes.es\\\/blog\\\/#website\",\"url\":\"https:\\\/\\\/veredes.es\\\/blog\\\/\",\"name\":\"veredes, arquitectura y divulgaci\u00f3n\",\"description\":\"veredes\",\"publisher\":{\"@id\":\"https:\\\/\\\/veredes.es\\\/blog\\\/#organization\"},\"alternateName\":\"veredes\",\"potentialAction\":[{\"@type\":\"SearchAction\",\"target\":{\"@type\":\"EntryPoint\",\"urlTemplate\":\"https:\\\/\\\/veredes.es\\\/blog\\\/?s={search_term_string}\"},\"query-input\":{\"@type\":\"PropertyValueSpecification\",\"valueRequired\":true,\"valueName\":\"search_term_string\"}}],\"inLanguage\":\"es\"},{\"@type\":\"Organization\",\"@id\":\"https:\\\/\\\/veredes.es\\\/blog\\\/#organization\",\"name\":\"veredes, arquitectura y divulgaci\u00f3n\",\"alternateName\":\"veredes\",\"url\":\"https:\\\/\\\/veredes.es\\\/blog\\\/\",\"logo\":{\"@type\":\"ImageObject\",\"inLanguage\":\"es\",\"@id\":\"https:\\\/\\\/veredes.es\\\/blog\\\/#\\\/schema\\\/logo\\\/image\\\/\",\"url\":\"https:\\\/\\\/veredes.es\\\/blog\\\/wp-content\\\/uploads\\\/2021\\\/12\\\/veredes-logo-centrado_140x54.png\",\"contentUrl\":\"https:\\\/\\\/veredes.es\\\/blog\\\/wp-content\\\/uploads\\\/2021\\\/12\\\/veredes-logo-centrado_140x54.png\",\"width\":140,\"height\":54,\"caption\":\"veredes, arquitectura y divulgaci\u00f3n\"},\"image\":{\"@id\":\"https:\\\/\\\/veredes.es\\\/blog\\\/#\\\/schema\\\/logo\\\/image\\\/\"},\"sameAs\":[\"https:\\\/\\\/www.facebook.com\\\/veredesArquitecturayDivulgacion\\\/\",\"https:\\\/\\\/x.com\\\/veredes\",\"https:\\\/\\\/instagram.com\\\/veredes\\\/\",\"https:\\\/\\\/www.linkedin.com\\\/company\\\/veredes-arquitectura-y-divulgacion\\\/\",\"https:\\\/\\\/es.pinterest.com\\\/veredes\\\/\",\"https:\\\/\\\/www.tumblr.com\\\/veredes\"]},{\"@type\":\"Person\",\"@id\":\"https:\\\/\\\/veredes.es\\\/blog\\\/#\\\/schema\\\/person\\\/0bbb669073ef7faba5168a0844e93d2c\",\"name\":\"veredes\",\"image\":{\"@type\":\"ImageObject\",\"inLanguage\":\"es\",\"@id\":\"https:\\\/\\\/veredes.es\\\/blog\\\/wp-content\\\/uploads\\\/2018\\\/04\\\/face-96x96.jpg\",\"url\":\"https:\\\/\\\/veredes.es\\\/blog\\\/wp-content\\\/uploads\\\/2018\\\/04\\\/face-96x96.jpg\",\"contentUrl\":\"https:\\\/\\\/veredes.es\\\/blog\\\/wp-content\\\/uploads\\\/2018\\\/04\\\/face-96x96.jpg\",\"caption\":\"veredes\"},\"description\":\"Surge enero de 2009 como b\u00fasqueda de satisfacer el conocimiento de la actividad arquitect\u00f3nica y tangentes que se generan. La idea es crear un espacio para divulgar los diversos proyectos en busca de nueva inspiraci\u00f3n y de intercambio.\",\"sameAs\":[\"https:\\\/\\\/veredes.es\\\/\",\"https:\\\/\\\/www.facebook.com\\\/veredesArquitecturayDivulgacion\\\/\",\"https:\\\/\\\/www.instagram.com\\\/veredes\\\/\",\"https:\\\/\\\/www.linkedin.com\\\/company\\\/veredes-arquitectura-y-divulgacion\\\/\",\"https:\\\/\\\/www.pinterest.es\\\/veredes\\\/\",\"https:\\\/\\\/x.com\\\/https:\\\/\\\/twitter.com\\\/veredes\",\"https:\\\/\\\/veredes.tumblr.com\\\/\"],\"url\":\"https:\\\/\\\/veredes.es\\\/blog\\\/author\\\/alberto\\\/\"}]}<\/script>\n<!-- \/ Yoast SEO plugin. -->","yoast_head_json":{"title":"La explosi\u00f3n de la caja funcionalista | Marcelo Gardinetti - veredes","description":"Toda la informaci\u00f3n sobre: La explosi\u00f3n de la caja funcionalista | Marcelo Gardinetti","robots":{"index":"index","follow":"follow","max-snippet":"max-snippet:-1","max-image-preview":"max-image-preview:large","max-video-preview":"max-video-preview:-1"},"canonical":"https:\/\/veredes.es\/blog\/la-explosion-la-caja-funcionalista-marcelo-gardinetti\/","og_locale":"es_ES","og_type":"article","og_title":"La explosi\u00f3n de la caja funcionalista | Marcelo Gardinetti - veredes","og_description":"Toda la informaci\u00f3n sobre: La explosi\u00f3n de la caja funcionalista | Marcelo Gardinetti","og_url":"https:\/\/veredes.es\/blog\/la-explosion-la-caja-funcionalista-marcelo-gardinetti\/","og_site_name":"veredes, arquitectura y divulgaci\u00f3n","article_publisher":"https:\/\/www.facebook.com\/veredesArquitecturayDivulgacion\/","article_author":"https:\/\/www.facebook.com\/veredesArquitecturayDivulgacion\/","article_published_time":"2020-03-01T23:01:40+00:00","og_image":[{"width":630,"height":370,"url":"https:\/\/veredes.es\/blog\/wp-content\/uploads\/2020\/03\/La-explosi\u00f3n-de-la-caja-fuMuseo-Groeninger-\u00a9Gebouw-Groninger-Museum.jpg","type":"image\/jpeg"}],"author":"veredes","twitter_card":"summary_large_image","twitter_creator":"@https:\/\/twitter.com\/veredes","twitter_site":"@veredes","twitter_misc":{"Escrito por":"veredes","Tiempo de lectura":"15 minutos"},"schema":{"@context":"https:\/\/schema.org","@graph":[{"@type":"Article","@id":"https:\/\/veredes.es\/blog\/la-explosion-la-caja-funcionalista-marcelo-gardinetti\/#article","isPartOf":{"@id":"https:\/\/veredes.es\/blog\/la-explosion-la-caja-funcionalista-marcelo-gardinetti\/"},"author":{"name":"veredes","@id":"https:\/\/veredes.es\/blog\/#\/schema\/person\/0bbb669073ef7faba5168a0844e93d2c"},"headline":"La explosi\u00f3n de la caja funcionalista | Marcelo Gardinetti","datePublished":"2020-03-01T23:01:40+00:00","mainEntityOfPage":{"@id":"https:\/\/veredes.es\/blog\/la-explosion-la-caja-funcionalista-marcelo-gardinetti\/"},"wordCount":3026,"commentCount":0,"publisher":{"@id":"https:\/\/veredes.es\/blog\/#organization"},"image":{"@id":"https:\/\/veredes.es\/blog\/la-explosion-la-caja-funcionalista-marcelo-gardinetti\/#primaryimage"},"thumbnailUrl":"https:\/\/veredes.es\/blog\/wp-content\/uploads\/2020\/03\/La-explosi\u00f3n-de-la-caja-fuMuseo-Groeninger-\u00a9Gebouw-Groninger-Museum.jpg","keywords":["Alessandro Mendini","Andr\u00e9 Breton","Barbara Barreiro Le\u00f3n","coop himmelblau","equipamiento cultural","fundaci\u00f3n","Hans Hollein","historia","Michael Chapman","Michael Ostwald","Michele De Lucchi","Philippe Starck","proyectar","proyecto","teor\u00eda","tipolog\u00eda","Victoria Bugge \u00d8ye"],"articleSection":["art\u00edculos","slider principal"],"inLanguage":"es","potentialAction":[{"@type":"CommentAction","name":"Comment","target":["https:\/\/veredes.es\/blog\/la-explosion-la-caja-funcionalista-marcelo-gardinetti\/#respond"]}]},{"@type":"WebPage","@id":"https:\/\/veredes.es\/blog\/la-explosion-la-caja-funcionalista-marcelo-gardinetti\/","url":"https:\/\/veredes.es\/blog\/la-explosion-la-caja-funcionalista-marcelo-gardinetti\/","name":"La explosi\u00f3n de la caja funcionalista | Marcelo Gardinetti - veredes","isPartOf":{"@id":"https:\/\/veredes.es\/blog\/#website"},"primaryImageOfPage":{"@id":"https:\/\/veredes.es\/blog\/la-explosion-la-caja-funcionalista-marcelo-gardinetti\/#primaryimage"},"image":{"@id":"https:\/\/veredes.es\/blog\/la-explosion-la-caja-funcionalista-marcelo-gardinetti\/#primaryimage"},"thumbnailUrl":"https:\/\/veredes.es\/blog\/wp-content\/uploads\/2020\/03\/La-explosi\u00f3n-de-la-caja-fuMuseo-Groeninger-\u00a9Gebouw-Groninger-Museum.jpg","datePublished":"2020-03-01T23:01:40+00:00","description":"Toda la informaci\u00f3n sobre: La explosi\u00f3n de la caja funcionalista | Marcelo Gardinetti","breadcrumb":{"@id":"https:\/\/veredes.es\/blog\/la-explosion-la-caja-funcionalista-marcelo-gardinetti\/#breadcrumb"},"inLanguage":"es","potentialAction":[{"@type":"ReadAction","target":["https:\/\/veredes.es\/blog\/la-explosion-la-caja-funcionalista-marcelo-gardinetti\/"]}]},{"@type":"ImageObject","inLanguage":"es","@id":"https:\/\/veredes.es\/blog\/la-explosion-la-caja-funcionalista-marcelo-gardinetti\/#primaryimage","url":"https:\/\/veredes.es\/blog\/wp-content\/uploads\/2020\/03\/La-explosi\u00f3n-de-la-caja-fuMuseo-Groeninger-\u00a9Gebouw-Groninger-Museum.jpg","contentUrl":"https:\/\/veredes.es\/blog\/wp-content\/uploads\/2020\/03\/La-explosi\u00f3n-de-la-caja-fuMuseo-Groeninger-\u00a9Gebouw-Groninger-Museum.jpg","width":630,"height":370,"caption":"Museo Groeninger \u00a9Gebouw Groninger Museum"},{"@type":"BreadcrumbList","@id":"https:\/\/veredes.es\/blog\/la-explosion-la-caja-funcionalista-marcelo-gardinetti\/#breadcrumb","itemListElement":[{"@type":"ListItem","position":1,"name":"Portada","item":"https:\/\/veredes.es\/blog\/"},{"@type":"ListItem","position":2,"name":"La explosi\u00f3n de la caja funcionalista | Marcelo Gardinetti"}]},{"@type":"WebSite","@id":"https:\/\/veredes.es\/blog\/#website","url":"https:\/\/veredes.es\/blog\/","name":"veredes, arquitectura y divulgaci\u00f3n","description":"veredes","publisher":{"@id":"https:\/\/veredes.es\/blog\/#organization"},"alternateName":"veredes","potentialAction":[{"@type":"SearchAction","target":{"@type":"EntryPoint","urlTemplate":"https:\/\/veredes.es\/blog\/?s={search_term_string}"},"query-input":{"@type":"PropertyValueSpecification","valueRequired":true,"valueName":"search_term_string"}}],"inLanguage":"es"},{"@type":"Organization","@id":"https:\/\/veredes.es\/blog\/#organization","name":"veredes, arquitectura y divulgaci\u00f3n","alternateName":"veredes","url":"https:\/\/veredes.es\/blog\/","logo":{"@type":"ImageObject","inLanguage":"es","@id":"https:\/\/veredes.es\/blog\/#\/schema\/logo\/image\/","url":"https:\/\/veredes.es\/blog\/wp-content\/uploads\/2021\/12\/veredes-logo-centrado_140x54.png","contentUrl":"https:\/\/veredes.es\/blog\/wp-content\/uploads\/2021\/12\/veredes-logo-centrado_140x54.png","width":140,"height":54,"caption":"veredes, arquitectura y divulgaci\u00f3n"},"image":{"@id":"https:\/\/veredes.es\/blog\/#\/schema\/logo\/image\/"},"sameAs":["https:\/\/www.facebook.com\/veredesArquitecturayDivulgacion\/","https:\/\/x.com\/veredes","https:\/\/instagram.com\/veredes\/","https:\/\/www.linkedin.com\/company\/veredes-arquitectura-y-divulgacion\/","https:\/\/es.pinterest.com\/veredes\/","https:\/\/www.tumblr.com\/veredes"]},{"@type":"Person","@id":"https:\/\/veredes.es\/blog\/#\/schema\/person\/0bbb669073ef7faba5168a0844e93d2c","name":"veredes","image":{"@type":"ImageObject","inLanguage":"es","@id":"https:\/\/veredes.es\/blog\/wp-content\/uploads\/2018\/04\/face-96x96.jpg","url":"https:\/\/veredes.es\/blog\/wp-content\/uploads\/2018\/04\/face-96x96.jpg","contentUrl":"https:\/\/veredes.es\/blog\/wp-content\/uploads\/2018\/04\/face-96x96.jpg","caption":"veredes"},"description":"Surge enero de 2009 como b\u00fasqueda de satisfacer el conocimiento de la actividad arquitect\u00f3nica y tangentes que se generan. La idea es crear un espacio para divulgar los diversos proyectos en busca de nueva inspiraci\u00f3n y de intercambio.","sameAs":["https:\/\/veredes.es\/","https:\/\/www.facebook.com\/veredesArquitecturayDivulgacion\/","https:\/\/www.instagram.com\/veredes\/","https:\/\/www.linkedin.com\/company\/veredes-arquitectura-y-divulgacion\/","https:\/\/www.pinterest.es\/veredes\/","https:\/\/x.com\/https:\/\/twitter.com\/veredes","https:\/\/veredes.tumblr.com\/"],"url":"https:\/\/veredes.es\/blog\/author\/alberto\/"}]}},"_links":{"self":[{"href":"https:\/\/veredes.es\/blog\/wp-json\/wp\/v2\/posts\/77724","targetHints":{"allow":["GET"]}}],"collection":[{"href":"https:\/\/veredes.es\/blog\/wp-json\/wp\/v2\/posts"}],"about":[{"href":"https:\/\/veredes.es\/blog\/wp-json\/wp\/v2\/types\/post"}],"author":[{"embeddable":true,"href":"https:\/\/veredes.es\/blog\/wp-json\/wp\/v2\/users\/2"}],"replies":[{"embeddable":true,"href":"https:\/\/veredes.es\/blog\/wp-json\/wp\/v2\/comments?post=77724"}],"version-history":[{"count":0,"href":"https:\/\/veredes.es\/blog\/wp-json\/wp\/v2\/posts\/77724\/revisions"}],"wp:featuredmedia":[{"embeddable":true,"href":"https:\/\/veredes.es\/blog\/wp-json\/wp\/v2\/media\/77757"}],"wp:attachment":[{"href":"https:\/\/veredes.es\/blog\/wp-json\/wp\/v2\/media?parent=77724"}],"wp:term":[{"taxonomy":"category","embeddable":true,"href":"https:\/\/veredes.es\/blog\/wp-json\/wp\/v2\/categories?post=77724"},{"taxonomy":"post_tag","embeddable":true,"href":"https:\/\/veredes.es\/blog\/wp-json\/wp\/v2\/tags?post=77724"}],"curies":[{"name":"wp","href":"https:\/\/api.w.org\/{rel}","templated":true}]}}