{"id":77689,"date":"2020-03-27T00:01:43","date_gmt":"2020-03-26T23:01:43","guid":{"rendered":"https:\/\/veredes.es\/blog\/?p=77689"},"modified":"2023-05-18T07:30:32","modified_gmt":"2023-05-18T05:30:32","slug":"la-extincion-los-cuerpos-pedro-hernandez","status":"publish","type":"post","link":"https:\/\/veredes.es\/blog\/la-extincion-los-cuerpos-pedro-hernandez\/","title":{"rendered":"La extinci\u00f3n de los cuerpos | Landa Hern\u00e1ndez Mart\u00ednez"},"content":{"rendered":"<h5><strong>Apuntes sobre la posible trasformaci\u00f3n del espacio y lo sensible en un capitalismo acelerado<\/strong><\/h5>\n<figure id=\"attachment_77690\" aria-describedby=\"caption-attachment-77690\" style=\"width: 750px\" class=\"wp-caption alignnone\"><img loading=\"lazy\" decoding=\"async\" class=\"wp-image-77690\" title=\"La extinci\u00f3n de los cuerpos | Landa Hern\u00e1ndez Mart\u00ednez. La dur\u00e9e poignard\u00e9e, Ren\u00e9 Magritte\" src=\"https:\/\/veredes.es\/blog\/wp-content\/uploads\/2020\/01\/La-extinci\u00f3n-de-los-cuerpos-Pedro-Hern\u00e1ndez-La-dur\u00e9e-poignard\u00e9e-Ren\u00e9-Magritte.jpg\" alt=\"La extinci\u00f3n de los cuerpos | Landa Hern\u00e1ndez Mart\u00ednez. La dur\u00e9e poignard\u00e9e, Ren\u00e9 Magritte\" width=\"750\" height=\"1128\" srcset=\"https:\/\/veredes.es\/blog\/wp-content\/uploads\/2020\/01\/La-extinci\u00f3n-de-los-cuerpos-Pedro-Hern\u00e1ndez-La-dur\u00e9e-poignard\u00e9e-Ren\u00e9-Magritte.jpg 532w, https:\/\/veredes.es\/blog\/wp-content\/uploads\/2020\/01\/La-extinci\u00f3n-de-los-cuerpos-Pedro-Hern\u00e1ndez-La-dur\u00e9e-poignard\u00e9e-Ren\u00e9-Magritte-200x300.jpg 200w\" sizes=\"auto, (max-width: 750px) 100vw, 750px\" \/><figcaption id=\"caption-attachment-77690\" class=\"wp-caption-text\"><span style=\"color: #999999;\"><em>La dur\u00e9e poignard\u00e9e<\/em>, Ren\u00e9 Magritte<\/span><\/figcaption><\/figure>\n<h5><strong class=\"fo ga\">Acelerar<\/strong><\/h5>\n<p id=\"8efa\" class=\"fm fn dc bk fo b fp fq fr fs ft fu fv fw fx fy fz cu\" style=\"text-align: justify;\" data-selectable-paragraph=\"\">En\u00a0<em class=\"gv\">La dur\u00e9e poignard\u00e9e<\/em>, Ren\u00e9 Magritte nos ofrece un paisaje surrealista en el que una locomotora emerge del sal\u00f3n de una casa burguesa a trav\u00e9s de la chimenea. Sobre ella destaca otro elemento: un reloj. El di\u00e1logo entre ambos se establece, adem\u00e1s, en que el c\u00edrculo del frente de la m\u00e1quina tiene las mismas dimensiones que la circunferencia del reloj. Las coincidencias no parecen casuales. Ambos fueron aparatos importantes, si no decisivos, en la construcci\u00f3n de la modernidad y en la expansi\u00f3n del capitalismo, ayudando a definir un \u00fanico ritmo sobre el mundo.<\/p>\n<p id=\"d7f5\" class=\"fm fn dc bk fo b fp fq fr fs ft fu fv fw fx fy fz cu\" style=\"text-align: justify;\" data-selectable-paragraph=\"\">La locomotora, adem\u00e1s de otorgar la confianza en un progreso apoyado en la t\u00e9cnica, expandi\u00e9ndose a trav\u00e9s de la homog\u00e9nea superficie\/red de los ra\u00edles a todos los puntos del globo, se ali\u00f3 con los relojes y juntos se esforzaron por sincronizar la medida del tiempo incluso en los lugares m\u00e1s remotos. No es anecd\u00f3tico que fuera Sandford Fleming, ingeniero de ferrocarriles, quien, despu\u00e9s de perder un tren en el a\u00f1o 1876, propusiera un horario universal basado en husos horarios que ser\u00eda la base del actual Tiempo Universal Coordinado (UCT, por sus siglas en ingl\u00e9s), que es utilizado por elementos tan cotidianos para nosotros como Internet o la\u00a0<em class=\"gv\">World Wide Web<\/em>.<\/p>\n<p id=\"da30\" class=\"fm fn dc bk fo b fp fq fr fs ft fu fv fw fx fy fz cu\" style=\"text-align: justify;\" data-selectable-paragraph=\"\">La idea de un \u00fanico tiempo devino en una aceleraci\u00f3n del mundo marcada por un modelo de eficiencia capitalista: el tiempo es dinero. As\u00ed, tardar menos es una necesidad y matar al tiempo, desplazar mercanc\u00edas \u2014 o personas \u2014 un lugar a otro lo m\u00e1s r\u00e1pido posible, se convertir\u00e1 en la prioridad de los nuevos prodigios t\u00e9cnicos, hasta desarrollar una inmediatez que ha mutado la naturaleza de las cosas para adaptarse a este tiempo acelerado. De la mano de esta aceleraci\u00f3n, la econom\u00eda alcanza mayor abstracci\u00f3n. La vieja econom\u00eda de mercado, basada en la venta de productos, queda atr\u00e1s y se sustituye por un modelo financiero en el que no hace falta vender sino especular con los valores.<\/p>\n<p id=\"ec14\" class=\"fm fn dc bk fo b fp fq fr fs ft fu fv fw fx fy fz cu\" style=\"text-align: justify;\" data-selectable-paragraph=\"\">La \u00fanica posibilidad para seguir acelerando es quitar materia y peso a las cosas; abstray\u00e9ndolas o haciendo que su contacto sea cada vez m\u00e1s suave, sutil, minimizando la fricci\u00f3n, para que todo siga deslizando, sin interrupciones.<\/p>\n<figure id=\"attachment_77693\" aria-describedby=\"caption-attachment-77693\" style=\"width: 960px\" class=\"wp-caption alignnone\"><img loading=\"lazy\" decoding=\"async\" class=\"wp-image-77693 size-full\" title=\"La extinci\u00f3n de los cuerpos | Landa Hern\u00e1ndez Mart\u00ednez. New York Stock Exchange 1980\" src=\"https:\/\/veredes.es\/blog\/wp-content\/uploads\/2020\/01\/La-extinci\u00f3n-de-los-cuerpos-Pedro-Hern\u00e1ndez-new-york-stock-exchange-1980.jpeg\" alt=\"La extinci\u00f3n de los cuerpos | Landa Hern\u00e1ndez Mart\u00ednez. New York Stock Exchange 1980 \" width=\"960\" height=\"642\" srcset=\"https:\/\/veredes.es\/blog\/wp-content\/uploads\/2020\/01\/La-extinci\u00f3n-de-los-cuerpos-Pedro-Hern\u00e1ndez-new-york-stock-exchange-1980.jpeg 960w, https:\/\/veredes.es\/blog\/wp-content\/uploads\/2020\/01\/La-extinci\u00f3n-de-los-cuerpos-Pedro-Hern\u00e1ndez-new-york-stock-exchange-1980-300x201.jpeg 300w\" sizes=\"auto, (max-width: 960px) 100vw, 960px\" \/><figcaption id=\"caption-attachment-77693\" class=\"wp-caption-text\"><span style=\"color: #999999;\">New York Stock Exchange 1980<\/span><\/figcaption><\/figure>\n<h5 class=\"fm fn dc bk fo b fp fq fr fs ft fu fv fw fx fy fz cu\" style=\"text-align: justify;\"><strong class=\"fo ga\">Totalizar<\/strong><\/h5>\n<p class=\"fm fn dc bk fo b fp fq fr fs ft fu fv fw fx fy fz cu\" style=\"text-align: justify;\" data-selectable-paragraph=\"\">Los tiempos veloces son adem\u00e1s tiempos precarios, donde el\u00a0<em class=\"gv\">freelance<\/em>\u00a0\u2014\u00a0<em class=\"gv\">Free-Lance<\/em>, \u201cLanza libre\u201d, soldado que no estaba atado a ning\u00fan amo durante el medievo \u2014 se manifiesta como el mejor exponente de las mutaciones sufridas en el contexto laboral contempor\u00e1neo. Deslocalizado, generalmente al servicio de industrias creativas, el\u00a0<em class=\"gv\">freelance<\/em>\u00a0se mueve de un trabajo \u2014 o de varios \u2014 a otro, apoy\u00e1ndose en las posibilidades que ofrece la tecnolog\u00eda de nuestros ordenadores y dispositivos port\u00e1tiles, que permiten responder un correo o realizar un encargo desde cualquier lugar y liberado de horarios cl\u00e1sicos. Sin ese compromiso \u2014 contrato \u2014 que lo ate a un tiempo acotado o al espacio concreto de una gran empresa \u2014 de la que no recibe ni contrato ni prestaciones \u2014 , el\u00a0<em class=\"gv\">freelance<\/em>\u00a0concatena trabajos que garanticen unos recursos econ\u00f3micos durante, al menos, un tiempo, en largas jornadas laborales autoimpuestas definidas por la autoexplotaci\u00f3n.<\/p>\n<figure id=\"attachment_77695\" aria-describedby=\"caption-attachment-77695\" style=\"width: 1024px\" class=\"wp-caption alignnone\"><img loading=\"lazy\" decoding=\"async\" class=\"wp-image-77695 size-full\" title=\"La extinci\u00f3n de los cuerpos . Beatriz Colomina, extracto del peri\u00f3dico The Wall Street Journal\" src=\"https:\/\/veredes.es\/blog\/wp-content\/uploads\/2020\/01\/La-extinci\u00f3n-de-los-cuerpos-Pedro-Hern\u00e1ndez-Beatriz-Colomina-peri\u00f3dico-The-Wall-Street-Journa.jpeg\" alt=\"Beatriz Colomina, extracto del peri\u00f3dico The Wall Street Journal\" width=\"1024\" height=\"729\" srcset=\"https:\/\/veredes.es\/blog\/wp-content\/uploads\/2020\/01\/La-extinci\u00f3n-de-los-cuerpos-Pedro-Hern\u00e1ndez-Beatriz-Colomina-peri\u00f3dico-The-Wall-Street-Journa.jpeg 1024w, https:\/\/veredes.es\/blog\/wp-content\/uploads\/2020\/01\/La-extinci\u00f3n-de-los-cuerpos-Pedro-Hern\u00e1ndez-Beatriz-Colomina-peri\u00f3dico-The-Wall-Street-Journa-300x214.jpeg 300w\" sizes=\"auto, (max-width: 1024px) 100vw, 1024px\" \/><figcaption id=\"caption-attachment-77695\" class=\"wp-caption-text\"><span style=\"color: #999999;\">Beatriz Colomina, extracto del peri\u00f3dico The Wall Street Journal<\/span><\/figcaption><\/figure>\n<p id=\"4c6c\" class=\"fm fn dc bk fo b fp fq fr fs ft fu fv fw fx fy fz cu\" style=\"text-align: justify;\" data-selectable-paragraph=\"\"><a href=\"https:\/\/veredes.es\/blog\/del-cansancio-ii-pedro-hernandez\/\" target=\"_blank\" rel=\"noopener noreferrer\">Desde aqu\u00ed<\/a>, la historiadora e investigadora Beatriz Colomina, en una de sus \u00faltimas investigaciones, se sirve de un dato extra\u00eddo del peri\u00f3dico\u00a0<em class=\"gv\">The Wall Street Journal<\/em>\u00a0que advierte que el 80% de los profesionales j\u00f3venes de la ciudad de Nueva York ya no se sirven de la oficina tradicional:<\/p>\n<blockquote>\n<p class=\"fm fn dc bk fo b fp fq fr fs ft fu fv fw fx fy fz cu\" style=\"text-align: justify;\" data-selectable-paragraph=\"\">\u201cen situaciones como Nueva York, donde el espacio es muy reducido y donde la mayor\u00eda de la gente vive en un estudio en el que, pr\u00e1cticamente, abres la puerta y te tiras en la cama, esta \u2014 la cama \u2014 se ha convertido en el centro del universo, un universo en el que no hay ni noche ni d\u00eda\u201d.<\/p>\n<\/blockquote>\n<p id=\"ccea\" class=\"fm fn dc bk fo b fp fq fr fs ft fu fv fw fx fy fz cu\" style=\"text-align: justify;\" data-selectable-paragraph=\"\">Esta confusi\u00f3n de horarios destruye la vieja estructura temporal que divid\u00eda el d\u00eda en tres periodos diferenciados de ocho horas cada uno \u2014 dormir, trabajar y disfrutar \u2014 en el que se asent\u00f3 gran parte del urbanismo moderno. Ahora, bajo la econom\u00eda acelerada, el trabajo ha colonizado todo el tiempo y el espacio, reconfigurando lo privado y lo p\u00fablico, el ocio y el negocio; la cama, convertida en la oficina, hace evidente esta transformaci\u00f3n, permitiendo no s\u00f3lo reducir los costos de una oficina sino que impide pensarla como su uso original: el descanso.<\/p>\n<p id=\"8b56\" class=\"fm fn dc bk fo b fp fq fr fs ft fu fv fw fx fy fz cu\" style=\"text-align: justify;\" data-selectable-paragraph=\"\">En las camas no se duerme ni se disfruta, sino que se nos condena a la pantalla, en vilo y permanente conexi\u00f3n para poder llegar a fin de mes. La cama, en definitiva, se ha sometido a los designios del capitalismo y, por ello, a sus requisitos de eficiencia. En ella se debe trabajar, recuperar la inversi\u00f3n, eficientar el tiempo. Una l\u00f3gica que se extiende tambi\u00e9n al resto de espacios y elementos dom\u00e9sticos, donde empresas como Airbnb sacan partido a una habitaci\u00f3n\/sof\u00e1\/cama que tenemos vac\u00eda en casa; donde otras como UBER o Cabify te aseguran que puedes usar tu propio coche y ser tu propio jefe haciendo de chofer, y otras como Glovo te convierten r\u00e1pidamente en un repartidor que presta su propia bicicleta a la causa \u2014 la mochila se alquila.<\/p>\n<p class=\"fm fn dc bk fo b fp fq fr fs ft fu fv fw fx fy fz cu\" style=\"text-align: justify;\" data-selectable-paragraph=\"\">Este modelo, llamado capitalismo de plataformas, se basa en una hipot\u00e9tica idea de colectivizaci\u00f3n de los espacios \u2014\u00a0<em class=\"gv\">coliving, coworking<\/em>\u00a0\u2014 pero en realidad marca la imposibilidad de la privacidad, del espacio propio, que cede ante el rendimiento econ\u00f3mico en el que se fundamenta una vida precarizada.<\/p>\n<p id=\"c296\" class=\"fm fn dc bk fo b fp fq fr fs ft fu fv fw fx fy fz cu\" style=\"text-align: justify;\" data-selectable-paragraph=\"\">Mientras la aceleraci\u00f3n, hab\u00edamos dicho, produce un mundo con la menor fricci\u00f3n posible, que obliga al menor peso para seguir movi\u00e9ndose, la formulaci\u00f3n de un trabajo que conquista cada aspecto de la vida, impide que pueda ser vivida de forma plena, pues aunque se ocupan espacios no se llegan a habitarlos. Pudiendo\u00a0<em class=\"gv\">estar<\/em>\u00a0s\u00f3lo fugazmente, como pasa con la mesa o la habitaci\u00f3n que alquilamos durante un tiempo para trabajar o viajar, el v\u00ednculo hacia un lugar o un objeto es ef\u00edmero, marcado por las condiciones que impone alguna empresa establecida en alg\u00fan lugar remoto.<\/p>\n<h5 class=\"fm fn dc bk fo b fp fq fr fs ft fu fv fw fx fy fz cu\" style=\"text-align: justify;\"><strong>Automatizar<\/strong><\/h5>\n<p class=\"fm fn dc bk fo b fp fq fr fs ft fu fv fw fx fy fz cu\" style=\"text-align: justify;\" data-selectable-paragraph=\"\">Nacida como una empresa que vend\u00eda libros, con la particularidad que su sistema de env\u00edo los mandaba a la casa del comprador, Amazon se ha expandido hasta convertirse en la mayor minorista del mundo, acogiendo casi cualquier producto y servicio imaginado: desde art\u00edculos de segunda mano a pel\u00edculas en\u00a0<em class=\"gv\">streaming<\/em>\u00a0o la industria militar y, pese a no producir nada, s\u00ed ha desarrollado algunas invenciones destacables que han hecho de Amazon una obra de arte total.<\/p>\n<p id=\"3ab5\" class=\"fm fn dc bk fo b fp fq fr fs ft fu fv fw fx fy fz cu\" style=\"text-align: justify;\" data-selectable-paragraph=\"\">En sus gigantescos almacenes de\u00a0<em class=\"gv\">retail<\/em>\u00a0se amontonan millones de productos catalogados de acuerdo a l\u00f3gicas de eficiencia espacial bajo el sistema del \u201ccaos organizado\u201d que no ordena los art\u00edculos por marcas, colores, tama\u00f1os o cualquier otro criterio de orden aparente, sino que sit\u00faa el producto all\u00ed donde haya hueco suficiente para que quepa. Es un c\u00f3digo alfanum\u00e9rico el que permite ubicarlo sin problemas y ponerlo en circulaci\u00f3n hacia el comprador tan s\u00f3lo 15 minutos despu\u00e9s de haber hecho\u00a0<em class=\"gv\">click<\/em>\u00a0en su pantalla. Una l\u00f3gica funcional basada en la eficiencia del espacio y el tiempo que le ha permitido cierta superioridad sobre su competencia y que afecta tambi\u00e9n a la maquinaria y a los trabajadores que operan dentro de los almacenes.<\/p>\n<p id=\"1c9a\" class=\"fm fn dc bk fo b fp fq fr fs ft fu fv fw fx fy fz cu\" style=\"text-align: justify;\" data-selectable-paragraph=\"\">Desde su \u00e1rea de investigaci\u00f3n Amazon Robotics, la empresa cre\u00f3 Kiva, una l\u00ednea de robots inteligentes capaces de desplazarse por el almac\u00e9n con hasta 1000 libras de peso sobre ellos gracias a una estanter\u00eda especialmente dise\u00f1ada para ello. Su dise\u00f1o e implementaci\u00f3n ha permitido reducir los espacios de circulaci\u00f3n y, con ello, aumentar el volumen destinado al almacenaje, permitiendo incrementar el n\u00famero de productos sin por ello ampliar la superficie. En el mundo imaginado por Amazon, cualquier producto puede estar en movimiento y a la espera de un nuevo destino.<\/p>\n<p id=\"5c64\" class=\"fm fn dc bk fo b fp fq fr fs ft fu fv fw fx fy fz cu\" style=\"text-align: justify;\" data-selectable-paragraph=\"\">Con la aparici\u00f3n de Kiva, los empleados han sido reubicados en \u00e1reas delimitadas y protegidas de la circulaci\u00f3n de la m\u00e1quina. Su trabajo se ha limitado, bien al mantenimiento, bien a la colocaci\u00f3n y comprobaci\u00f3n del estado de los productos que se depositan en las cajas para su env\u00edo. Estos gestos m\u00ednimos del cuerpo, son el objeto central de las nuevas pulseras patentadas por la empresa que no s\u00f3lo permiten geolocalizar a los trabajadores, sino tambi\u00e9n medir el tiempo que tardan en alargar la mano y coger o dejar los productos. En cada uno de estos gestos, la pulsera funciona adem\u00e1s como esc\u00e1ner y peque\u00f1o ordenador port\u00e1til que va rellenando o comprobando inventarios. El objetivo, m\u00e1s all\u00e1 de las pol\u00e9micas, es sencillo: incrementar, de nuevo, la eficiencia trav\u00e9s de la medici\u00f3n detallada de cada aspecto vital.<\/p>\n<p id=\"0564\" class=\"fm fn dc bk fo b fp fq fr fs ft fu fv fw fx fy fz cu\" style=\"text-align: justify;\" data-selectable-paragraph=\"\">Este imperativo de eficiencia innecesario se ampl\u00eda a muchos de sus otros proyectos e invenciones. As\u00ed, Amazon Go \u2014 su l\u00ednea de supermercados sin colas, donde el cliente toma los productos sin pasar por caja al ser cobrados gracias a una aplicaci\u00f3n que lleva en su tel\u00e9fono m\u00f3vil \u2014 o Alexa \u2014 el asistente personal con voz femenina que nos ayuda a hacer la compra, revisar el clima o el tr\u00e1fico, reproducir m\u00fasica, establecer alarmas o temporizadores, controlar dispositivos inteligentes o hacer un resumen de las noticias \u2014 exploran el uso de la tecnolog\u00eda para hacer m\u00e1s r\u00e1pidamente accesibles los diferentes servicios, mientras se obtiene una valiosa informaci\u00f3n de nuestras formas de vida.<\/p>\n<p id=\"26f7\" class=\"fm fn dc bk fo b fp fq fr fs ft fu fv fw fx fy fz cu\" style=\"text-align: justify;\" data-selectable-paragraph=\"\">Este proceso de datificaci\u00f3n de nuestra vida es posible gracias al uso de algoritmos. Estos c\u00f3digos \u2014 patentados \u2014 tienen diferentes funciones, desde conectar nuestro tel\u00e9fono m\u00f3vil con los sensores de un supermercado hipertecnificado para saber qu\u00e9 tomamos de una estanter\u00eda a decidir el trayecto m\u00e1s eficiente de Kiva, pasando por detectar qu\u00e9 gesti\u00f3n del tiempo hacen los empleados. Se trata de condicionar y dirigir el comportamientos mediante sugerencias y predicciones cada vez m\u00e1s minuciosas.<\/p>\n<p id=\"0114\" class=\"fm fn dc bk fo b fp fq fr fs ft fu fv fw fx fy fz cu\" style=\"text-align: justify;\" data-selectable-paragraph=\"\">Bajo su uso, los procesos son automatizados, insert\u00e1ndose en nuestro lenguaje, modulando los afectos, y con ello los cuerpos, con un n\u00famero limitado de posibilidades de elecci\u00f3n, lo que supone, a su vez, una reducci\u00f3n de la sensibilidad espacial y corporal de los usuarios. Al reducir la elecci\u00f3n a un n\u00famero de posibilidades limitadas, aparentemente, por nuestros gustos, lo inesperado, la sorpresa, lo conflictivo, aquello que, en resumen, fricciona, se reduce. Lo imprevisible desaparece y se sustituye por lo programado.<\/p>\n<h5 id=\"7ca8\" class=\"fm fn dc bk fo b fp fq fr fs ft fu fv fw fx fy fz cu\" style=\"text-align: justify;\"><strong class=\"fo ga\">Coda.\u00a0<\/strong><strong class=\"fo ga\">El fin de lo humano<\/strong><\/h5>\n<p id=\"5138\" class=\"fm fn dc bk fo b fp fq fr fs ft fu fv fw fx fy fz cu\" style=\"text-align: justify;\" data-selectable-paragraph=\"\">La reducci\u00f3n del marco sensible sucede en paralelo a la destrucci\u00f3n del marco natural, apuntalado por factores como el cambio clim\u00e1tico o las desigualdades sociales cada vez m\u00e1s evidentes y los discursos sobre la imposibilidad de acceso al futuro se repiten sin cesar. Esta incapacidad de imaginar otros mundos y alternativas posibles pone de manifiesto c\u00f3mo la imaginaci\u00f3n, expresi\u00f3n de una amplitud sensible, ha sido capturada por el capitalismo. V\u00e9ase c\u00f3mo el cine ha destruido el planeta tantas veces, exponi\u00e9ndolo a ataques extraterrestres, los designios del cosmos o con una naturaleza rebelada contra la humanidad, que pensadores como <a href=\"https:\/\/es.wikipedia.org\/wiki\/Fredric_Jameson\" target=\"_blank\" rel=\"noopener noreferrer\">Fredric Jameson<\/a> han advertido que nos es m\u00e1s f\u00e1cil imaginar el fin del mundo que el final del capitalismo, haciendo suyas, de alg\u00fan modo, aquel lema<em> thatcheriano<\/em> seg\u00fan el cual ya no hay alternativa.<\/p>\n<p id=\"c751\" class=\"fm fn dc bk fo b fp fq fr fs ft fu fv fw fx fy fz cu\" style=\"text-align: justify;\" data-selectable-paragraph=\"\">A diferencia de las posturas aceleracionistas, que creen que pueden hacer quebrar al sistema desde la potenciaci\u00f3n de sus cualidades \u2014 llev\u00e1ndolo al l\u00edmite \u2014 , otra posibilidad es aquella en la que s\u00f3lo el capitalismo sobreviva a esta lucha, creando un mundo de mercanc\u00edas y especulaci\u00f3n monetaria en permanente aceleraci\u00f3n que ha dejado atr\u00e1s a la humanidad \u2014 y a las dem\u00e1s especies \u2014 como si se soltara un vag\u00f3n que s\u00f3lo lastra la posibilidad de una mayor aceleraci\u00f3n.<\/p>\n<p id=\"613a\" class=\"fm fn dc bk fo b fp fq fr fs ft fu fv fw fx fy fz cu\" style=\"text-align: justify;\" data-selectable-paragraph=\"\">El capitalismo muestra que mientras la precariedad econ\u00f3mica y laboral hace manifiesta un contexto de cuerpos cansados y autoexplotados, los algoritmos impulsan un di\u00e1logo informacional ente objetos tecnol\u00f3gicos sin necesidad de interacci\u00f3n humana. Bajo la acci\u00f3n de un capitalismo acelerado y digital, el cuerpo corre el riesgo de quedar atr\u00e1s: pesa demasiado, su carne es d\u00e9bil y blanda y su mente, en comparaci\u00f3n de la velocidad de procesamiento de nuestros ordenadores, poco eficiente.<\/p>\n<p id=\"10a3\" class=\"fm fn dc bk fo b fp fq fr fs ft fu fv fw fx fy fz cu\" style=\"text-align: justify;\" data-selectable-paragraph=\"\">El sujeto se encuentra ante una disyuntiva: o se redefine o desaparece. Las teor\u00edas y filosof\u00edas transhumanas describen la primera posibilidad construyendo una humanidad mejorada que tanto a nivel f\u00edsico como psicol\u00f3gico o intelectual gracias a la tecnolog\u00eda. Sin embargo, el contexto aqu\u00ed expuesto, en su af\u00e1n totalizador, somete la producci\u00f3n de este nuevo cuerpo, adaptado a las nuevas condiciones aceleradas, a los intereses de unos pocos que imponen, en la b\u00fasqueda de una mayor eficiencia de sus ganancias, una vida homog\u00e9nea y simulada.<\/p>\n<blockquote>\n<p id=\"4def\" class=\"fm fn dc bk fo b fp fq fr fs ft fu fv fw fx fy fz cu\" style=\"text-align: justify;\" data-selectable-paragraph=\"\">\u00bfCu\u00e1l es este nuevo sujeto?<\/p>\n<p class=\"fm fn dc bk fo b fp fq fr fs ft fu fv fw fx fy fz cu\" style=\"text-align: justify;\" data-selectable-paragraph=\"\">\u00bfUno cuyo cuerpo es perfectible gracias a implantes tecnol\u00f3gicos?, \u00bfese donde la complejidad de la mente se ha reproducido con programaci\u00f3n y descargado a la red?, \u00bfese que pese a tener apariencia humana carece de carne y es completamente aut\u00f3mata?, \u00bfuno capaz de imitar en su voz, en su escritura, forma de mirar o comportamiento a lo humano pero cuya \u00fanica fisicalidad es la de un c\u00f3digo algor\u00edtmico reproducido a trav\u00e9s de un dispositivo?, \u00bfo uno nuevo, completamente extra\u00f1o y ajeno a nosotros?<\/p>\n<\/blockquote>\n<p id=\"cec5\" class=\"fm fn dc bk fo b fp fq fr fs ft fu fv fw fx fy fz cu\" style=\"text-align: justify;\" data-selectable-paragraph=\"\">Este trabajo no s\u00f3lo busca analizar las transformaciones espaciales bajo la acci\u00f3n del capitalismo acelerado, sino que quiere construir la imagen de este posible sujeto acorde a las condiciones aceleradas que impone el sistema.<\/p>\n<p class=\"fm fn dc bk fo b fp fq fr fs ft fu fv fw fx fy fz cu\" style=\"text-align: justify;\" data-selectable-paragraph=\"\">Pedro Hern\u00e1ndez \u00b7 arquitecto<br \/>\nMadrid. Julio 2019<\/p>\n<h6 id=\"84e1\" class=\"fm fn dc bk fo b fp fq fr fs ft fu fv fw fx fy fz cu\" style=\"text-align: justify;\"><strong class=\"fo ga\">Bibliograf\u00eda<\/strong><\/h6>\n<p id=\"76d6\" class=\"fm fn dc bk fo b fp fq fr fs ft fu fv fw fx fy fz cu\" style=\"text-align: justify;\" data-selectable-paragraph=\"\">AURELI, PIER VITTORIO, 2008,\u00a0<a href=\"https:\/\/amzn.to\/2u2KKeJ\" target=\"_blank\" rel=\"noopener noreferrer\"><em class=\"gv\">The Project of Autonomy. Politics and Architecture Within and Against Capitalism<\/em><\/a>, Princeton Architectural Press, Nueva York<\/p>\n<p id=\"1e61\" class=\"fm fn dc bk fo b fp fq fr fs ft fu fv fw fx fy fz cu\" style=\"text-align: justify;\" data-selectable-paragraph=\"\">AVANESSIAN, ARMEN y REIS, MAURO (Eds.), 2017,<a href=\"https:\/\/amzn.to\/37EJ5dX\" target=\"_blank\" rel=\"noopener noreferrer\">\u00a0<em class=\"gv\">Aceleracionismo. Estrategias para una transici\u00f3n hacia el postcapitalismo<\/em>,<\/a> Caja negra, Buenos Aires.<\/p>\n<p id=\"c439\" class=\"fm fn dc bk fo b fp fq fr fs ft fu fv fw fx fy fz cu\" style=\"text-align: justify;\" data-selectable-paragraph=\"\">BENJAMIN, WALTER, 2005,\u00a0<a href=\"https:\/\/amzn.to\/2GwjNTh\" target=\"_blank\" rel=\"noopener noreferrer\"><em class=\"gv\">Obra de los pasajes<\/em><\/a>, Akal, Madrid.<\/p>\n<p id=\"5ff7\" class=\"fm fn dc bk fo b fp fq fr fs ft fu fv fw fx fy fz cu\" style=\"text-align: justify;\" data-selectable-paragraph=\"\">\u2018BIFO\u2019 BERARDI, FRANCO, 2017,<em class=\"gv\">\u00a0<a href=\"https:\/\/amzn.to\/2t6L3EU\" target=\"_blank\" rel=\"noopener noreferrer\">Fenomenolog\u00eda del fin. Sensibilidad y mutaci\u00f3n conectiva<\/a><\/em>, Caja Negra, Buenos Aires.<\/p>\n<p id=\"1949\" class=\"fm fn dc bk fo b fp fq fr fs ft fu fv fw fx fy fz cu\" style=\"text-align: justify;\" data-selectable-paragraph=\"\">COLOMINA, BEATRIZ, 2010,\u00a0<a href=\"https:\/\/amzn.to\/36FfCPI\" target=\"_blank\" rel=\"noopener noreferrer\"><em class=\"gv\">Privacidad y publicidad. La arquitectura moderna como medio de comunicaci\u00f3n de masas<\/em><\/a>, CENDEAC, Murcia<\/p>\n<p id=\"f6d5\" class=\"fm fn dc bk fo b fp fq fr fs ft fu fv fw fx fy fz cu\" style=\"text-align: justify;\" data-selectable-paragraph=\"\">COLOMINA, BEATRIZ, 2014,\u00a0<a href=\"https:\/\/amzn.to\/36yjHp3\" target=\"_blank\" rel=\"noopener noreferrer\"><em class=\"gv\">The century of the bed<\/em>,<\/a> Verlag fur moderne Kunst Nurnberg, Viena<\/p>\n<p id=\"a21c\" class=\"fm fn dc bk fo b fp fq fr fs ft fu fv fw fx fy fz cu\" style=\"text-align: justify;\" data-selectable-paragraph=\"\">CONCHEIRO, LUCIANO, 2016,\u00a0<a href=\"https:\/\/amzn.to\/2U6hPBi\" target=\"_blank\" rel=\"noopener noreferrer\"><em class=\"gv\">Contra el tiempo<\/em><\/a>, Anagrama, Barcelona.<\/p>\n<p id=\"69dd\" class=\"fm fn dc bk fo b fp fq fr fs ft fu fv fw fx fy fz cu\" style=\"text-align: justify;\" data-selectable-paragraph=\"\">CRARY, JONATHAN, 2015,\u00a0<a href=\"https:\/\/amzn.to\/2Oa4LqH\" target=\"_blank\" rel=\"noopener noreferrer\"><em class=\"gv\">24\/7. El capitalismo tard\u00edo y el fin del sue\u00f1o<\/em><\/a>, Ariel, Madrid.<\/p>\n<p id=\"dd67\" class=\"fm fn dc bk fo b fp fq fr fs ft fu fv fw fx fy fz cu\" style=\"text-align: justify;\" data-selectable-paragraph=\"\">DE GRAAF, REINIER, 2017,\u00a0<a href=\"https:\/\/amzn.to\/2O95zMx\" target=\"_blank\" rel=\"noopener noreferrer\"><em class=\"gv\">Four Walls and a Roof<\/em><\/a>, Harvard University Press, Cambridge.<\/p>\n<p id=\"398f\" class=\"fm fn dc bk fo b fp fq fr fs ft fu fv fw fx fy fz cu\" style=\"text-align: justify;\" data-selectable-paragraph=\"\">DEOTTE, JEAN-LOUIS, 2013,\u00a0<a href=\"https:\/\/amzn.to\/2SctrAf\" target=\"_blank\" rel=\"noopener noreferrer\"><em class=\"gv\">La \u00e9poca de los aparatos<\/em><\/a>, Adriana Hidalgo Editora, Buenos Aires.<\/p>\n<p id=\"7c5d\" class=\"fm fn dc bk fo b fp fq fr fs ft fu fv fw fx fy fz cu\" style=\"text-align: justify;\" data-selectable-paragraph=\"\">FISHER, MARK, 2016,<em class=\"gv\">\u00a0<a href=\"https:\/\/amzn.to\/2U6iLWk\" target=\"_blank\" rel=\"noopener noreferrer\">Realismo capitalista. \u00bfNo hay alternativa?<\/a><\/em>, Caja Negra Editora, Buenos Aires.<\/p>\n<p id=\"b83a\" class=\"fm fn dc bk fo b fp fq fr fs ft fu fv fw fx fy fz cu\" style=\"text-align: justify;\" data-selectable-paragraph=\"\">FLUSSER, VILEM, 2015,\u00a0<a href=\"https:\/\/amzn.to\/38KGIGw\" target=\"_blank\" rel=\"noopener noreferrer\"><em class=\"gv\">El universo de las im\u00e1genes t\u00e9cnicas. Elogio de la superficialidad<\/em><\/a>. Buenos Aires, Caja Negra Editora.<\/p>\n<p id=\"3fd4\" class=\"fm fn dc bk fo b fp fq fr fs ft fu fv fw fx fy fz cu\" style=\"text-align: justify;\" data-selectable-paragraph=\"\">HAN, BYUNG-CHUL, 2012,\u00a0<a href=\"https:\/\/amzn.to\/2U8RbHQ\" target=\"_blank\" rel=\"noopener noreferrer\"><em class=\"gv\">La sociedad del cansancio<\/em><\/a>, Herder Editorial, Barcelona.<\/p>\n<p id=\"079d\" class=\"fm fn dc bk fo b fp fq fr fs ft fu fv fw fx fy fz cu\" style=\"text-align: justify;\" data-selectable-paragraph=\"\">ITO, TOYO, 2000,\u00a0<em class=\"gv\">Escritos<\/em>, Colegio Oficial de Aparejadores y Arquitectos T\u00e9cnicos de Murcia, Murcia.<\/p>\n<p id=\"4e21\" class=\"fm fn dc bk fo b fp fq fr fs ft fu fv fw fx fy fz cu\" style=\"text-align: justify;\" data-selectable-paragraph=\"\">LANGE, ALEXANDRA, 2012,\u00a0<a href=\"https:\/\/amzn.to\/38PIdTU\" target=\"_blank\" rel=\"noopener noreferrer\"><em class=\"gv\">The Dot-Com City: Silicon Valley Urbanism<\/em><\/a>, Strelka Press, Mosc\u00fa.<\/p>\n<p id=\"623b\" class=\"fm fn dc bk fo b fp fq fr fs ft fu fv fw fx fy fz cu\" style=\"text-align: justify;\" data-selectable-paragraph=\"\">MARTIN, REINHOLD, 2010,\u00a0<em class=\"gv\">Utopia\u2019s Ghost. Architecture and Postmodernism<\/em>, University of Minnesota Press, Mine\u00e1polis.<\/p>\n<p id=\"e473\" class=\"fm fn dc bk fo b fp fq fr fs ft fu fv fw fx fy fz cu\" style=\"text-align: justify;\" data-selectable-paragraph=\"\">NOYS, BENJAMIN, 2018,<em class=\"gv\">\u00a0<a href=\"https:\/\/amzn.to\/2RCMIf2\" target=\"_blank\" rel=\"noopener noreferrer\">Velocidades malignas<\/a><\/em>, Materia Oscura, Madrid.<\/p>\n<p id=\"c4bb\" class=\"fm fn dc bk fo b fp fq fr fs ft fu fv fw fx fy fz cu\" style=\"text-align: justify;\" data-selectable-paragraph=\"\">SADIN, \u00c9RIC, 2018,\u00a0<a href=\"https:\/\/amzn.to\/2vxn1E2\" target=\"_blank\" rel=\"noopener noreferrer\"><em class=\"gv\">La silicolonizaici\u00f3n del mundo<\/em><\/a>, Caja Negra, Buenos Aires.<\/p>\n<p id=\"daa2\" class=\"fm fn dc bk fo b fp fq fr fs ft fu fv fw fx fy fz cu\" style=\"text-align: justify;\" data-selectable-paragraph=\"\">SPERANZA, GABRIELA, 2017,<a href=\"https:\/\/amzn.to\/2RCzKxK\" target=\"_blank\" rel=\"noopener noreferrer\">\u00a0<em class=\"gv\">Cronograf\u00edas. Arte y ficciones de un tiempo sin tiempo<\/em>,<\/a> Anagrama, Barcelona.<\/p>\n<p id=\"0453\" class=\"fm fn dc bk fo b fp fq fr fs ft fu fv fw fx fy fz cu\" style=\"text-align: justify;\" data-selectable-paragraph=\"\">STEYERL, HITO, 2015,\u00a0<a href=\"https:\/\/amzn.to\/36HOjod\" target=\"_blank\" rel=\"noopener noreferrer\"><em class=\"gv\">Los condenados de la pantalla<\/em><\/a>, Caja Negra editora, Buenos Aires.<\/p>\n<p id=\"285b\" class=\"fm fn dc bk fo b fp fq fr fs ft fu fv fw fx fy fz cu\" style=\"text-align: justify;\" data-selectable-paragraph=\"\">VIRILIO, PAUL, 2009,\u00a0<a href=\"https:\/\/amzn.to\/2U62HDT\" target=\"_blank\" rel=\"noopener noreferrer\"><em class=\"gv\">Velocidad y pol\u00edtica<\/em>,<\/a> La Marca Editora, Buenos Aires.<\/p>\n<p id=\"3273\" class=\"fm fn dc bk fo b fp fq fr fs ft fu fv fw fx fy fz cu\" style=\"text-align: justify;\" data-selectable-paragraph=\"\">ZAFRA, REMEDIOS, 2010,<em class=\"gv\">\u00a0<a href=\"https:\/\/amzn.to\/318UXlZ\" target=\"_blank\" rel=\"noopener noreferrer\">Un cuarto propio conectado<\/a>. <a href=\"https:\/\/amzn.to\/318UXlZ\" target=\"_blank\" rel=\"noopener noreferrer\">Ciber)espacio y (auto)gesti\u00f3n del yo<\/a><\/em>. F\u00f3rcola, Madrid.<\/p>\n<p id=\"9caf\" class=\"fm fn dc bk fo b fp fq fr fs ft fu fv fw fx fy fz cu\" style=\"text-align: justify;\" data-selectable-paragraph=\"\">ZAFRA, REMEDIOS, 2015,\u00a0<a href=\"https:\/\/amzn.to\/2Scv159\" target=\"_blank\" rel=\"noopener noreferrer\"><em class=\"gv\">Ojos y capital<\/em><\/a>, Consonni, Bilbao.<\/p>\n<h6 id=\"84a8\" class=\"fm fn dc bk fo b fp fq fr fs ft fu fv fw fx fy fz cu\" style=\"text-align: justify;\"><strong class=\"fo ga\">Art\u00edculos consultados<\/strong><\/h6>\n<p id=\"0147\" class=\"fm fn dc bk fo b fp fq fr fs ft fu fv fw fx fy fz cu\" style=\"text-align: justify;\" data-selectable-paragraph=\"\">AURELI, PIER VITTORIO, 2011,<em class=\"gv\">\u00a0Labor and Architecture: Revisiting Cedric Price\u2019s Potteries Thinkbelt<\/em>, en\u00a0<em class=\"gv\">LOG #23<\/em>, Anyone Corporation, Nueva York.<\/p>\n<p id=\"448f\" class=\"fm fn dc bk fo b fp fq fr fs ft fu fv fw fx fy fz cu\" style=\"text-align: justify;\" data-selectable-paragraph=\"\">AURELI, PIER VITTORIO y TATTARA, MARTINO, 2015,\u00a0<em class=\"gv\">Production\/Reproduction: Housing beyond the Family<\/em>, en Harvard Design Magazine #41.<\/p>\n<p id=\"4e39\" class=\"fm fn dc bk fo b fp fq fr fs ft fu fv fw fx fy fz cu\" style=\"text-align: justify;\" data-selectable-paragraph=\"\">\u2018BIFO\u2019 BERARDI, FRANCO, 2017,\u00a0<em class=\"gv\">Ingenier\u00eda del yo<\/em>, en HERN\u00c1NDEZ G\u00c1LVEZ, ALEJANDRO (Ed.), Revista Arquine \u211680 | Veinte a\u00f1os, Ciudad de M\u00e9xico.<\/p>\n<p id=\"3263\" class=\"fm fn dc bk fo b fp fq fr fs ft fu fv fw fx fy fz cu\" style=\"text-align: justify;\" data-selectable-paragraph=\"\">BUCK-MORSS, SUSAN, 1993 ,\u00a0<em class=\"gv\">Est\u00e9tica y anest\u00e9tica. Una revisi\u00f3n del ensayo de W.Benjamin sobre la obra de arte<\/em>, La balsa de la medusa #23<\/p>\n<p id=\"5859\" class=\"fm fn dc bk fo b fp fq fr fs ft fu fv fw fx fy fz cu\" style=\"text-align: justify;\" data-selectable-paragraph=\"\">DE GRAAF, REINIER, 2017,\u00a0<em class=\"gv\">El siglo que nunca existi\u00f3<\/em>, en HERN\u00c1NDEZ G\u00c1LVEZ, ALEJANDRO (Ed.),\u00a0<em class=\"gv\">Futuros<\/em>, Arquine, Ciudad de M\u00e9xico.<\/p>\n<p id=\"4092\" class=\"fm fn dc bk fo b fp fq fr fs ft fu fv fw fx fy fz cu\" style=\"text-align: justify;\" data-selectable-paragraph=\"\">GARC\u00c9S, MARINA, 2017,\u00a0<em class=\"gv\">La condici\u00f3n p\u00f3stuma,<\/em>\u00a0en HERN\u00c1NDEZ G\u00c1LVEZ, ALEJANDRO (Ed.),\u00a0<em class=\"gv\">Futuros<\/em>, Arquine, Ciudad de M\u00e9xico.<\/p>\n<p id=\"d811\" class=\"fm fn dc bk fo b fp fq fr fs ft fu fv fw fx fy fz cu\" style=\"text-align: justify;\" data-selectable-paragraph=\"\">IACONESI, SALVATORE y PERSICO, ORINACA, 2017,\u00a0<em class=\"gv\">Constrained Cities<\/em>, e-flux architecture, Nueva York. Disponible en:\u00a0<a class=\"at cg hj hk hl hm\" href=\"https:\/\/www.e-flux.com\/architecture\/post-internet-cities\/140722\/constrained-cities\/\" target=\"_blank\" rel=\"noopener nofollow noreferrer\">https:\/\/www.e-flux.com\/architecture\/post-internet-cities\/140722\/constrained-cities\/<\/a>. Traducci\u00f3n al castellano: IACONESI, SALVATORE y PERSICO, ORINACA, 2018,\u00a0<em class=\"gv\">Ciudades constre\u00f1idas<\/em>, en HERN\u00c1NDEZ G\u00c1LVEZ, ALEJANDRO (Ed.), Revista Arquine \u211684 | Vidrio, Ciudad de M\u00e9xico.<\/p>\n<p id=\"e979\" class=\"fm fn dc bk fo b fp fq fr fs ft fu fv fw fx fy fz cu\" style=\"text-align: justify;\" data-selectable-paragraph=\"\">L\u00d3PEZ GABRIELIDIS, ALEJANDRA, 2018,\u00a0<em class=\"gv\">Transparencia y sospecha<\/em>, en HERN\u00c1NDEZ G\u00c1LVEZ, ALEJANDRO (Ed.), Revista Arquine \u211684 | Vidrio, Ciudad de M\u00e9xico.<\/p>\n<p id=\"a21e\" class=\"fm fn dc bk fo b fp fq fr fs ft fu fv fw fx fy fz cu\" style=\"text-align: justify;\" data-selectable-paragraph=\"\">RUSHKOFF, DOUGLAS.\u00a0<em class=\"gv\">La supervivencia de los m\u00e1s ricos y c\u00f3mo traman abandonar el barco,<\/em>\u00a0disponible en:\u00a0<a class=\"at cg hj hk hl hm\" href=\"https:\/\/ctxt.es\/es\/20180801\/Politica\/21062\/tecnologia-futuro-ricos-pobres-economia-Douglas-Rushkoff.htm\" target=\"_blank\" rel=\"noopener nofollow noreferrer\">https:\/\/ctxt.es\/es\/20180801\/Politica\/21062\/tecnologia-futuro-ricos-pobres-economia-Douglas-Rushkoff.htm<\/a>\u00a0(\u00faltima consulta: 6 de febrero de 2019).<\/p>\n<p id=\"0ded\" class=\"fm fn dc bk fo b fp fq fr fs ft fu fv fw fx fy fz cu\" style=\"text-align: justify;\" data-selectable-paragraph=\"\">SLOTERDIJK, PETER, 2004,\u00a0<em class=\"gv\">El Palacio de Cristal<\/em>, conferencia pronunciada en el marco del debate \u201cTraumas urbanos; La ciudad y los desastres\u201d, Centro de Cultura Contempor\u00e1nea de Barcelona, CCCB. Transcripci\u00f3n disponible en:\u00a0<a class=\"at cg hj hk hl hm\" href=\"https:\/\/www.cccb.org\/rcs_gene\/petersloterdijk.pdf\" target=\"_blank\" rel=\"noopener nofollow noreferrer\">https:\/\/www.cccb.org\/rcs_gene\/petersloterdijk.pdf<\/a>\u00a0(\u00faltima consulta: 6 de febrero de 2018)<\/p>\n<p id=\"63db\" class=\"fm fn dc bk fo b fp fq fr fs ft fu fv fw fx fy fz cu\" style=\"text-align: justify;\" data-selectable-paragraph=\"\">MCFARLANE, KEY, 2018,\u00a0<em class=\"gv\">The greenhouse effect<\/em>, MUTE, Disponible en\u00a0<a class=\"at cg hj hk hl hm\" href=\"http:\/\/www.metamute.org\/editorial\/articles\/greenhouse-effect\" target=\"_blank\" rel=\"noopener nofollow noreferrer\">http:\/\/www.metamute.org\/editorial\/articles\/greenhouse-effect<\/a>\u00a0(\u00daltima consulta: 6 de febrero de 2019). Traducci\u00f3n al castellano: MCFARLANE, KEY, 2018,\u00a0<em class=\"gv\">El efecto invernadero: la vida en arquitectura de cristal<\/em>, en HERN\u00c1NDEZ G\u00c1LVEZ, ALEJANDRO (Ed.), Revista Arquine \u211684 | Vidrio, Ciudad de M\u00e9xico.<\/p>\n<p id=\"a343\" class=\"fm fn dc bk fo b fp fq fr fs ft fu fv fw fx fy fz cu\" style=\"text-align: justify;\" data-selectable-paragraph=\"\">PAGLEN, TREVOR, 2018,\u00a0<em class=\"gv\">Visiones de m\u00e1quina<\/em>\u00a0(Cat\u00e1logo), Museo Tamayo-INBA, Ciudad de M\u00e9xico.<\/p>\n<p id=\"9e67\" class=\"fm fn dc bk fo b fp fq fr fs ft fu fv fw fx fy fz cu\" style=\"text-align: justify;\" data-selectable-paragraph=\"\">VARNELIS, KAZYS, 2014,\u00a0<em class=\"gv\">Eyes That Do Not See: Tracking the Self in the Age of the Data Center<\/em>, en Harvard Design Magazine #38. Disponible en:\u00a0<a class=\"at cg hj hk hl hm\" href=\"http:\/\/www.harvarddesignmagazine.org\/issues\/38\/eyes-that-do-not-see-tracking-the-self-in-the-age-of-the-data-center\" target=\"_blank\" rel=\"noopener nofollow noreferrer\">http:\/\/www.harvarddesignmagazine.org\/issues\/38\/eyes-that-do-not-see-tracking-the-self-in-the-age-of-the-data-center<\/a>\u00a0(\u00faltima consulta: 6 de febrero de 2018)<\/p>\n","protected":false},"excerpt":{"rendered":"<p>Apuntes sobre la posible trasformaci\u00f3n del espacio y lo sensible en un capitalismo acelerado Acelerar En\u00a0La dur\u00e9e poignard\u00e9e, Ren\u00e9 Magritte nos ofrece un paisaje surrealista en el que una locomotora emerge del sal\u00f3n de una casa burguesa a trav\u00e9s de la chimenea. Sobre ella destaca otro elemento: un reloj. El di\u00e1logo entre ambos se establece, [&hellip;]<\/p>\n","protected":false},"author":36,"featured_media":77690,"comment_status":"open","ping_status":"closed","sticky":false,"template":"","format":"standard","meta":{"footnotes":""},"categories":[568,5951],"tags":[78,2194,6713,14464,14460,5096,14465,12391,14466,7481,5907,6870,580,14461,14458,14467,659,668,12906,14463,14462,4505,14457,14260,14459,11215,1021,10978,1865,1890,12203,12730,14468,4444,1243,1271,1278,2048,1289,1721,5116,6918,8599],"class_list":{"0":"post-77689","1":"post","2":"type-post","3":"status-publish","4":"format-standard","5":"has-post-thumbnail","7":"category-faro","8":"category-slider-principal","9":"tag-actividad","10":"tag-actividad-social","11":"tag-alejandro-hernandez-galvez","12":"tag-alexandra-lange","13":"tag-armen-avanessian","14":"tag-beatriz-colomina","15":"tag-benjamin-noys","16":"tag-byung-chul-han","17":"tag-eric-sadin","18":"tag-espacio-domestico","19":"tag-espacio-privado","20":"tag-espacio-sensible","21":"tag-filosofia","22":"tag-franco-bifo-berardi","23":"tag-fredric-jameson","24":"tag-graciela-speranza","25":"tag-habitar","26":"tag-historia","27":"tag-hito-steyerl","28":"tag-jean-louis-deotte","29":"tag-jonathan-crary","30":"tag-landa-hernandez","31":"tag-luciano-concheiro","32":"tag-mark-fisher","33":"tag-mauro-reis","34":"tag-paul-virilio","35":"tag-pensamiento","36":"tag-pier-vittorio-aureli","37":"tag-reflexion","38":"tag-reflexion-multidisciplinar","39":"tag-reinhold-martin","40":"tag-reinier-de-graaf","41":"tag-remedios-zafra-alcaraz","42":"tag-s-xx","43":"tag-sociologia","44":"tag-tecnologia","45":"tag-teoria","46":"tag-teoria-e-historia","47":"tag-tiempo","48":"tag-toyo-ito","49":"tag-trabajar","50":"tag-vilem-flusser","51":"tag-walter-benjamin"},"yoast_head":"<!-- This site is optimized with the Yoast SEO plugin v27.5 - https:\/\/yoast.com\/product\/yoast-seo-wordpress\/ -->\n<title>La extinci\u00f3n de los cuerpos | Landa Hern\u00e1ndez Mart\u00ednez - veredes<\/title>\n<meta name=\"description\" content=\"Toda la informaci\u00f3n sobre: La extinci\u00f3n de los cuerpos | Landa Hern\u00e1ndez Mart\u00ednez Trasformaci\u00f3n del espacio y lo sensible en un capitalismo\" \/>\n<meta name=\"robots\" content=\"index, follow, max-snippet:-1, max-image-preview:large, max-video-preview:-1\" \/>\n<link rel=\"canonical\" href=\"https:\/\/veredes.es\/blog\/la-extincion-los-cuerpos-pedro-hernandez\/\" \/>\n<meta property=\"og:locale\" content=\"es_ES\" \/>\n<meta property=\"og:type\" content=\"article\" \/>\n<meta property=\"og:title\" content=\"La extinci\u00f3n de los cuerpos | Landa Hern\u00e1ndez Mart\u00ednez - veredes\" \/>\n<meta property=\"og:description\" content=\"Toda la informaci\u00f3n sobre: La extinci\u00f3n de los cuerpos | Landa Hern\u00e1ndez Mart\u00ednez Trasformaci\u00f3n del espacio y lo sensible en un capitalismo\" \/>\n<meta property=\"og:url\" content=\"https:\/\/veredes.es\/blog\/la-extincion-los-cuerpos-pedro-hernandez\/\" \/>\n<meta property=\"og:site_name\" content=\"veredes, arquitectura y divulgaci\u00f3n\" \/>\n<meta property=\"article:publisher\" content=\"https:\/\/www.facebook.com\/veredesArquitecturayDivulgacion\/\" \/>\n<meta property=\"article:author\" content=\"https:\/\/www.facebook.com\/pehemar\" \/>\n<meta property=\"article:published_time\" content=\"2020-03-26T23:01:43+00:00\" \/>\n<meta property=\"article:modified_time\" content=\"2023-05-18T05:30:32+00:00\" \/>\n<meta property=\"og:image\" content=\"https:\/\/veredes.es\/blog\/wp-content\/uploads\/2020\/01\/La-extinci\u00f3n-de-los-cuerpos-Pedro-Hern\u00e1ndez-La-dur\u00e9e-poignard\u00e9e-Ren\u00e9-Magritte.jpg\" \/>\n\t<meta property=\"og:image:width\" content=\"532\" \/>\n\t<meta property=\"og:image:height\" content=\"800\" \/>\n\t<meta property=\"og:image:type\" content=\"image\/jpeg\" \/>\n<meta name=\"author\" content=\"Landa Hern\u00e1ndez\" \/>\n<meta name=\"twitter:card\" content=\"summary_large_image\" \/>\n<meta name=\"twitter:creator\" content=\"@https:\/\/twitter.com\/laperiferia\" \/>\n<meta name=\"twitter:site\" content=\"@veredes\" \/>\n<meta name=\"twitter:label1\" content=\"Escrito por\" \/>\n\t<meta name=\"twitter:data1\" content=\"Landa Hern\u00e1ndez\" \/>\n\t<meta name=\"twitter:label2\" content=\"Tiempo de lectura\" \/>\n\t<meta name=\"twitter:data2\" content=\"14 minutos\" \/>\n<script type=\"application\/ld+json\" class=\"yoast-schema-graph\">{\"@context\":\"https:\\\/\\\/schema.org\",\"@graph\":[{\"@type\":\"Article\",\"@id\":\"https:\\\/\\\/veredes.es\\\/blog\\\/la-extincion-los-cuerpos-pedro-hernandez\\\/#article\",\"isPartOf\":{\"@id\":\"https:\\\/\\\/veredes.es\\\/blog\\\/la-extincion-los-cuerpos-pedro-hernandez\\\/\"},\"author\":{\"name\":\"Landa Hern\u00e1ndez\",\"@id\":\"https:\\\/\\\/veredes.es\\\/blog\\\/#\\\/schema\\\/person\\\/c2e70e079f5cb4810ff9e002286ae4d4\"},\"headline\":\"La extinci\u00f3n de los cuerpos | Landa Hern\u00e1ndez Mart\u00ednez\",\"datePublished\":\"2020-03-26T23:01:43+00:00\",\"dateModified\":\"2023-05-18T05:30:32+00:00\",\"mainEntityOfPage\":{\"@id\":\"https:\\\/\\\/veredes.es\\\/blog\\\/la-extincion-los-cuerpos-pedro-hernandez\\\/\"},\"wordCount\":3076,\"commentCount\":0,\"publisher\":{\"@id\":\"https:\\\/\\\/veredes.es\\\/blog\\\/#organization\"},\"image\":{\"@id\":\"https:\\\/\\\/veredes.es\\\/blog\\\/la-extincion-los-cuerpos-pedro-hernandez\\\/#primaryimage\"},\"thumbnailUrl\":\"https:\\\/\\\/veredes.es\\\/blog\\\/wp-content\\\/uploads\\\/2020\\\/01\\\/La-extinci\u00f3n-de-los-cuerpos-Pedro-Hern\u00e1ndez-La-dur\u00e9e-poignard\u00e9e-Ren\u00e9-Magritte.jpg\",\"keywords\":[\"actividad\",\"actividad social\",\"Alejandro Hern\u00e1ndez G\u00e1lvez\",\"Alexandra Lange\",\"Armen Avanessian\",\"Beatriz Colomina\",\"Benjamin Noys\",\"Byung Chul Han\",\"\u00c9ric Sadin\",\"espacio dom\u00e9stico\",\"espacio privado\",\"espacio sensible\",\"filosof\u00eda\",\"Franco Bifo Berardi\",\"Fredric Jameson\",\"Graciela Speranza\",\"habitar\",\"historia\",\"Hito Steyerl\",\"Jean-Louis De\u00f3tte\",\"Jonathan Crary\",\"Landa Hern\u00e1ndez\",\"Luciano Concheiro\",\"Mark Fisher\",\"Mauro Reis\",\"Paul Virilio\",\"pensamiento\",\"Pier Vittorio Aureli\",\"reflexi\u00f3n\",\"reflexi\u00f3n multidisciplinar\",\"Reinhold Martin\",\"Reinier de Graaf\",\"Remedios Zafra Alcaraz\",\"s. xx\",\"sociologia\",\"tecnolog\u00eda\",\"teor\u00eda\",\"teor\u00eda e historia\",\"tiempo\",\"Toyo Ito\",\"trabajar\",\"Vil\u00e9m Flusser\",\"Walter Benjamin\"],\"articleSection\":[\"faro\",\"slider principal\"],\"inLanguage\":\"es\",\"potentialAction\":[{\"@type\":\"CommentAction\",\"name\":\"Comment\",\"target\":[\"https:\\\/\\\/veredes.es\\\/blog\\\/la-extincion-los-cuerpos-pedro-hernandez\\\/#respond\"]}]},{\"@type\":\"WebPage\",\"@id\":\"https:\\\/\\\/veredes.es\\\/blog\\\/la-extincion-los-cuerpos-pedro-hernandez\\\/\",\"url\":\"https:\\\/\\\/veredes.es\\\/blog\\\/la-extincion-los-cuerpos-pedro-hernandez\\\/\",\"name\":\"La extinci\u00f3n de los cuerpos | Landa Hern\u00e1ndez Mart\u00ednez - veredes\",\"isPartOf\":{\"@id\":\"https:\\\/\\\/veredes.es\\\/blog\\\/#website\"},\"primaryImageOfPage\":{\"@id\":\"https:\\\/\\\/veredes.es\\\/blog\\\/la-extincion-los-cuerpos-pedro-hernandez\\\/#primaryimage\"},\"image\":{\"@id\":\"https:\\\/\\\/veredes.es\\\/blog\\\/la-extincion-los-cuerpos-pedro-hernandez\\\/#primaryimage\"},\"thumbnailUrl\":\"https:\\\/\\\/veredes.es\\\/blog\\\/wp-content\\\/uploads\\\/2020\\\/01\\\/La-extinci\u00f3n-de-los-cuerpos-Pedro-Hern\u00e1ndez-La-dur\u00e9e-poignard\u00e9e-Ren\u00e9-Magritte.jpg\",\"datePublished\":\"2020-03-26T23:01:43+00:00\",\"dateModified\":\"2023-05-18T05:30:32+00:00\",\"description\":\"Toda la informaci\u00f3n sobre: La extinci\u00f3n de los cuerpos | Landa Hern\u00e1ndez Mart\u00ednez Trasformaci\u00f3n del espacio y lo sensible en un capitalismo\",\"breadcrumb\":{\"@id\":\"https:\\\/\\\/veredes.es\\\/blog\\\/la-extincion-los-cuerpos-pedro-hernandez\\\/#breadcrumb\"},\"inLanguage\":\"es\",\"potentialAction\":[{\"@type\":\"ReadAction\",\"target\":[\"https:\\\/\\\/veredes.es\\\/blog\\\/la-extincion-los-cuerpos-pedro-hernandez\\\/\"]}]},{\"@type\":\"ImageObject\",\"inLanguage\":\"es\",\"@id\":\"https:\\\/\\\/veredes.es\\\/blog\\\/la-extincion-los-cuerpos-pedro-hernandez\\\/#primaryimage\",\"url\":\"https:\\\/\\\/veredes.es\\\/blog\\\/wp-content\\\/uploads\\\/2020\\\/01\\\/La-extinci\u00f3n-de-los-cuerpos-Pedro-Hern\u00e1ndez-La-dur\u00e9e-poignard\u00e9e-Ren\u00e9-Magritte.jpg\",\"contentUrl\":\"https:\\\/\\\/veredes.es\\\/blog\\\/wp-content\\\/uploads\\\/2020\\\/01\\\/La-extinci\u00f3n-de-los-cuerpos-Pedro-Hern\u00e1ndez-La-dur\u00e9e-poignard\u00e9e-Ren\u00e9-Magritte.jpg\",\"width\":532,\"height\":800,\"caption\":\"La dur\u00e9e poignard\u00e9e, Ren\u00e9 Magritte\"},{\"@type\":\"BreadcrumbList\",\"@id\":\"https:\\\/\\\/veredes.es\\\/blog\\\/la-extincion-los-cuerpos-pedro-hernandez\\\/#breadcrumb\",\"itemListElement\":[{\"@type\":\"ListItem\",\"position\":1,\"name\":\"Portada\",\"item\":\"https:\\\/\\\/veredes.es\\\/blog\\\/\"},{\"@type\":\"ListItem\",\"position\":2,\"name\":\"La extinci\u00f3n de los cuerpos | Landa Hern\u00e1ndez Mart\u00ednez\"}]},{\"@type\":\"WebSite\",\"@id\":\"https:\\\/\\\/veredes.es\\\/blog\\\/#website\",\"url\":\"https:\\\/\\\/veredes.es\\\/blog\\\/\",\"name\":\"veredes, arquitectura y divulgaci\u00f3n\",\"description\":\"veredes\",\"publisher\":{\"@id\":\"https:\\\/\\\/veredes.es\\\/blog\\\/#organization\"},\"alternateName\":\"veredes\",\"potentialAction\":[{\"@type\":\"SearchAction\",\"target\":{\"@type\":\"EntryPoint\",\"urlTemplate\":\"https:\\\/\\\/veredes.es\\\/blog\\\/?s={search_term_string}\"},\"query-input\":{\"@type\":\"PropertyValueSpecification\",\"valueRequired\":true,\"valueName\":\"search_term_string\"}}],\"inLanguage\":\"es\"},{\"@type\":\"Organization\",\"@id\":\"https:\\\/\\\/veredes.es\\\/blog\\\/#organization\",\"name\":\"veredes, arquitectura y divulgaci\u00f3n\",\"alternateName\":\"veredes\",\"url\":\"https:\\\/\\\/veredes.es\\\/blog\\\/\",\"logo\":{\"@type\":\"ImageObject\",\"inLanguage\":\"es\",\"@id\":\"https:\\\/\\\/veredes.es\\\/blog\\\/#\\\/schema\\\/logo\\\/image\\\/\",\"url\":\"https:\\\/\\\/veredes.es\\\/blog\\\/wp-content\\\/uploads\\\/2021\\\/12\\\/veredes-logo-centrado_140x54.png\",\"contentUrl\":\"https:\\\/\\\/veredes.es\\\/blog\\\/wp-content\\\/uploads\\\/2021\\\/12\\\/veredes-logo-centrado_140x54.png\",\"width\":140,\"height\":54,\"caption\":\"veredes, arquitectura y divulgaci\u00f3n\"},\"image\":{\"@id\":\"https:\\\/\\\/veredes.es\\\/blog\\\/#\\\/schema\\\/logo\\\/image\\\/\"},\"sameAs\":[\"https:\\\/\\\/www.facebook.com\\\/veredesArquitecturayDivulgacion\\\/\",\"https:\\\/\\\/x.com\\\/veredes\",\"https:\\\/\\\/instagram.com\\\/veredes\\\/\",\"https:\\\/\\\/www.linkedin.com\\\/company\\\/veredes-arquitectura-y-divulgacion\\\/\",\"https:\\\/\\\/es.pinterest.com\\\/veredes\\\/\",\"https:\\\/\\\/www.tumblr.com\\\/veredes\"]},{\"@type\":\"Person\",\"@id\":\"https:\\\/\\\/veredes.es\\\/blog\\\/#\\\/schema\\\/person\\\/c2e70e079f5cb4810ff9e002286ae4d4\",\"name\":\"Landa Hern\u00e1ndez\",\"image\":{\"@type\":\"ImageObject\",\"inLanguage\":\"es\",\"@id\":\"https:\\\/\\\/secure.gravatar.com\\\/avatar\\\/557e510e5576322e0c38a78a1bfab7d33982187ff66668704d6978d3f690ceb1?s=96&r=g\",\"url\":\"https:\\\/\\\/secure.gravatar.com\\\/avatar\\\/557e510e5576322e0c38a78a1bfab7d33982187ff66668704d6978d3f690ceb1?s=96&r=g\",\"contentUrl\":\"https:\\\/\\\/secure.gravatar.com\\\/avatar\\\/557e510e5576322e0c38a78a1bfab7d33982187ff66668704d6978d3f690ceb1?s=96&r=g\",\"caption\":\"Landa Hern\u00e1ndez\"},\"description\":\"Soy arquitecto por la Universidad de Alicante, pero mi inter\u00e9s sobre esta disciplina se encuentra alejado de su papel tradicional de dise\u00f1o de espacios. M\u00e1s bien, me interesa entender c\u00f3mo las representaciones de la arquitectura, el paisaje, el dise\u00f1o o el territorio construyen y materializan determinados discursos ideol\u00f3gicos, imponiendo posturas, subjetividades y formas de acci\u00f3n sobre los cuerpos que la habitan. En mi trabajo edito estos discursos \u2013sus im\u00e1genes, sus historias o sus restos materiales\u2013 y reelaboro comentarios cr\u00edticos que ponen en evidencia sus controversias y contradicciones, formaliz\u00e1ndolos en diversos formatos como textos, fotograf\u00edas, v\u00eddeos, objetos o instalaciones, muchas veces entrecruzados entre s\u00ed. He publicado art\u00edculos y ensayos en diversos medios de Estados Unidos, Italia, Croacia, Espa\u00f1a, Chile y M\u00e9xico. Desde enero de 2013 resido en la Ciudad de M\u00e9xico donde trabajo como coordinador de contenidos en Arquine.\",\"sameAs\":[\"http:\\\/\\\/laperiferiadomestica.tumblr.com\\\/\",\"https:\\\/\\\/www.facebook.com\\\/pehemar\",\"https:\\\/\\\/www.instagram.com\\\/laperiferia\\\/\",\"https:\\\/\\\/www.linkedin.com\\\/in\\\/pedrohm\\\/\",\"https:\\\/\\\/x.com\\\/https:\\\/\\\/twitter.com\\\/laperiferia\"],\"url\":\"https:\\\/\\\/veredes.es\\\/blog\\\/author\\\/pedro-hernandez-martinez\\\/\"}]}<\/script>\n<!-- \/ Yoast SEO plugin. -->","yoast_head_json":{"title":"La extinci\u00f3n de los cuerpos | Landa Hern\u00e1ndez Mart\u00ednez - veredes","description":"Toda la informaci\u00f3n sobre: La extinci\u00f3n de los cuerpos | Landa Hern\u00e1ndez Mart\u00ednez Trasformaci\u00f3n del espacio y lo sensible en un capitalismo","robots":{"index":"index","follow":"follow","max-snippet":"max-snippet:-1","max-image-preview":"max-image-preview:large","max-video-preview":"max-video-preview:-1"},"canonical":"https:\/\/veredes.es\/blog\/la-extincion-los-cuerpos-pedro-hernandez\/","og_locale":"es_ES","og_type":"article","og_title":"La extinci\u00f3n de los cuerpos | Landa Hern\u00e1ndez Mart\u00ednez - veredes","og_description":"Toda la informaci\u00f3n sobre: La extinci\u00f3n de los cuerpos | Landa Hern\u00e1ndez Mart\u00ednez Trasformaci\u00f3n del espacio y lo sensible en un capitalismo","og_url":"https:\/\/veredes.es\/blog\/la-extincion-los-cuerpos-pedro-hernandez\/","og_site_name":"veredes, arquitectura y divulgaci\u00f3n","article_publisher":"https:\/\/www.facebook.com\/veredesArquitecturayDivulgacion\/","article_author":"https:\/\/www.facebook.com\/pehemar","article_published_time":"2020-03-26T23:01:43+00:00","article_modified_time":"2023-05-18T05:30:32+00:00","og_image":[{"width":532,"height":800,"url":"https:\/\/veredes.es\/blog\/wp-content\/uploads\/2020\/01\/La-extinci\u00f3n-de-los-cuerpos-Pedro-Hern\u00e1ndez-La-dur\u00e9e-poignard\u00e9e-Ren\u00e9-Magritte.jpg","type":"image\/jpeg"}],"author":"Landa Hern\u00e1ndez","twitter_card":"summary_large_image","twitter_creator":"@https:\/\/twitter.com\/laperiferia","twitter_site":"@veredes","twitter_misc":{"Escrito por":"Landa Hern\u00e1ndez","Tiempo de lectura":"14 minutos"},"schema":{"@context":"https:\/\/schema.org","@graph":[{"@type":"Article","@id":"https:\/\/veredes.es\/blog\/la-extincion-los-cuerpos-pedro-hernandez\/#article","isPartOf":{"@id":"https:\/\/veredes.es\/blog\/la-extincion-los-cuerpos-pedro-hernandez\/"},"author":{"name":"Landa Hern\u00e1ndez","@id":"https:\/\/veredes.es\/blog\/#\/schema\/person\/c2e70e079f5cb4810ff9e002286ae4d4"},"headline":"La extinci\u00f3n de los cuerpos | Landa Hern\u00e1ndez Mart\u00ednez","datePublished":"2020-03-26T23:01:43+00:00","dateModified":"2023-05-18T05:30:32+00:00","mainEntityOfPage":{"@id":"https:\/\/veredes.es\/blog\/la-extincion-los-cuerpos-pedro-hernandez\/"},"wordCount":3076,"commentCount":0,"publisher":{"@id":"https:\/\/veredes.es\/blog\/#organization"},"image":{"@id":"https:\/\/veredes.es\/blog\/la-extincion-los-cuerpos-pedro-hernandez\/#primaryimage"},"thumbnailUrl":"https:\/\/veredes.es\/blog\/wp-content\/uploads\/2020\/01\/La-extinci\u00f3n-de-los-cuerpos-Pedro-Hern\u00e1ndez-La-dur\u00e9e-poignard\u00e9e-Ren\u00e9-Magritte.jpg","keywords":["actividad","actividad social","Alejandro Hern\u00e1ndez G\u00e1lvez","Alexandra Lange","Armen Avanessian","Beatriz Colomina","Benjamin Noys","Byung Chul Han","\u00c9ric Sadin","espacio dom\u00e9stico","espacio privado","espacio sensible","filosof\u00eda","Franco Bifo Berardi","Fredric Jameson","Graciela Speranza","habitar","historia","Hito Steyerl","Jean-Louis De\u00f3tte","Jonathan Crary","Landa Hern\u00e1ndez","Luciano Concheiro","Mark Fisher","Mauro Reis","Paul Virilio","pensamiento","Pier Vittorio Aureli","reflexi\u00f3n","reflexi\u00f3n multidisciplinar","Reinhold Martin","Reinier de Graaf","Remedios Zafra Alcaraz","s. xx","sociologia","tecnolog\u00eda","teor\u00eda","teor\u00eda e historia","tiempo","Toyo Ito","trabajar","Vil\u00e9m Flusser","Walter Benjamin"],"articleSection":["faro","slider principal"],"inLanguage":"es","potentialAction":[{"@type":"CommentAction","name":"Comment","target":["https:\/\/veredes.es\/blog\/la-extincion-los-cuerpos-pedro-hernandez\/#respond"]}]},{"@type":"WebPage","@id":"https:\/\/veredes.es\/blog\/la-extincion-los-cuerpos-pedro-hernandez\/","url":"https:\/\/veredes.es\/blog\/la-extincion-los-cuerpos-pedro-hernandez\/","name":"La extinci\u00f3n de los cuerpos | Landa Hern\u00e1ndez Mart\u00ednez - veredes","isPartOf":{"@id":"https:\/\/veredes.es\/blog\/#website"},"primaryImageOfPage":{"@id":"https:\/\/veredes.es\/blog\/la-extincion-los-cuerpos-pedro-hernandez\/#primaryimage"},"image":{"@id":"https:\/\/veredes.es\/blog\/la-extincion-los-cuerpos-pedro-hernandez\/#primaryimage"},"thumbnailUrl":"https:\/\/veredes.es\/blog\/wp-content\/uploads\/2020\/01\/La-extinci\u00f3n-de-los-cuerpos-Pedro-Hern\u00e1ndez-La-dur\u00e9e-poignard\u00e9e-Ren\u00e9-Magritte.jpg","datePublished":"2020-03-26T23:01:43+00:00","dateModified":"2023-05-18T05:30:32+00:00","description":"Toda la informaci\u00f3n sobre: La extinci\u00f3n de los cuerpos | Landa Hern\u00e1ndez Mart\u00ednez Trasformaci\u00f3n del espacio y lo sensible en un capitalismo","breadcrumb":{"@id":"https:\/\/veredes.es\/blog\/la-extincion-los-cuerpos-pedro-hernandez\/#breadcrumb"},"inLanguage":"es","potentialAction":[{"@type":"ReadAction","target":["https:\/\/veredes.es\/blog\/la-extincion-los-cuerpos-pedro-hernandez\/"]}]},{"@type":"ImageObject","inLanguage":"es","@id":"https:\/\/veredes.es\/blog\/la-extincion-los-cuerpos-pedro-hernandez\/#primaryimage","url":"https:\/\/veredes.es\/blog\/wp-content\/uploads\/2020\/01\/La-extinci\u00f3n-de-los-cuerpos-Pedro-Hern\u00e1ndez-La-dur\u00e9e-poignard\u00e9e-Ren\u00e9-Magritte.jpg","contentUrl":"https:\/\/veredes.es\/blog\/wp-content\/uploads\/2020\/01\/La-extinci\u00f3n-de-los-cuerpos-Pedro-Hern\u00e1ndez-La-dur\u00e9e-poignard\u00e9e-Ren\u00e9-Magritte.jpg","width":532,"height":800,"caption":"La dur\u00e9e poignard\u00e9e, Ren\u00e9 Magritte"},{"@type":"BreadcrumbList","@id":"https:\/\/veredes.es\/blog\/la-extincion-los-cuerpos-pedro-hernandez\/#breadcrumb","itemListElement":[{"@type":"ListItem","position":1,"name":"Portada","item":"https:\/\/veredes.es\/blog\/"},{"@type":"ListItem","position":2,"name":"La extinci\u00f3n de los cuerpos | Landa Hern\u00e1ndez Mart\u00ednez"}]},{"@type":"WebSite","@id":"https:\/\/veredes.es\/blog\/#website","url":"https:\/\/veredes.es\/blog\/","name":"veredes, arquitectura y divulgaci\u00f3n","description":"veredes","publisher":{"@id":"https:\/\/veredes.es\/blog\/#organization"},"alternateName":"veredes","potentialAction":[{"@type":"SearchAction","target":{"@type":"EntryPoint","urlTemplate":"https:\/\/veredes.es\/blog\/?s={search_term_string}"},"query-input":{"@type":"PropertyValueSpecification","valueRequired":true,"valueName":"search_term_string"}}],"inLanguage":"es"},{"@type":"Organization","@id":"https:\/\/veredes.es\/blog\/#organization","name":"veredes, arquitectura y divulgaci\u00f3n","alternateName":"veredes","url":"https:\/\/veredes.es\/blog\/","logo":{"@type":"ImageObject","inLanguage":"es","@id":"https:\/\/veredes.es\/blog\/#\/schema\/logo\/image\/","url":"https:\/\/veredes.es\/blog\/wp-content\/uploads\/2021\/12\/veredes-logo-centrado_140x54.png","contentUrl":"https:\/\/veredes.es\/blog\/wp-content\/uploads\/2021\/12\/veredes-logo-centrado_140x54.png","width":140,"height":54,"caption":"veredes, arquitectura y divulgaci\u00f3n"},"image":{"@id":"https:\/\/veredes.es\/blog\/#\/schema\/logo\/image\/"},"sameAs":["https:\/\/www.facebook.com\/veredesArquitecturayDivulgacion\/","https:\/\/x.com\/veredes","https:\/\/instagram.com\/veredes\/","https:\/\/www.linkedin.com\/company\/veredes-arquitectura-y-divulgacion\/","https:\/\/es.pinterest.com\/veredes\/","https:\/\/www.tumblr.com\/veredes"]},{"@type":"Person","@id":"https:\/\/veredes.es\/blog\/#\/schema\/person\/c2e70e079f5cb4810ff9e002286ae4d4","name":"Landa Hern\u00e1ndez","image":{"@type":"ImageObject","inLanguage":"es","@id":"https:\/\/secure.gravatar.com\/avatar\/557e510e5576322e0c38a78a1bfab7d33982187ff66668704d6978d3f690ceb1?s=96&r=g","url":"https:\/\/secure.gravatar.com\/avatar\/557e510e5576322e0c38a78a1bfab7d33982187ff66668704d6978d3f690ceb1?s=96&r=g","contentUrl":"https:\/\/secure.gravatar.com\/avatar\/557e510e5576322e0c38a78a1bfab7d33982187ff66668704d6978d3f690ceb1?s=96&r=g","caption":"Landa Hern\u00e1ndez"},"description":"Soy arquitecto por la Universidad de Alicante, pero mi inter\u00e9s sobre esta disciplina se encuentra alejado de su papel tradicional de dise\u00f1o de espacios. M\u00e1s bien, me interesa entender c\u00f3mo las representaciones de la arquitectura, el paisaje, el dise\u00f1o o el territorio construyen y materializan determinados discursos ideol\u00f3gicos, imponiendo posturas, subjetividades y formas de acci\u00f3n sobre los cuerpos que la habitan. En mi trabajo edito estos discursos \u2013sus im\u00e1genes, sus historias o sus restos materiales\u2013 y reelaboro comentarios cr\u00edticos que ponen en evidencia sus controversias y contradicciones, formaliz\u00e1ndolos en diversos formatos como textos, fotograf\u00edas, v\u00eddeos, objetos o instalaciones, muchas veces entrecruzados entre s\u00ed. He publicado art\u00edculos y ensayos en diversos medios de Estados Unidos, Italia, Croacia, Espa\u00f1a, Chile y M\u00e9xico. Desde enero de 2013 resido en la Ciudad de M\u00e9xico donde trabajo como coordinador de contenidos en Arquine.","sameAs":["http:\/\/laperiferiadomestica.tumblr.com\/","https:\/\/www.facebook.com\/pehemar","https:\/\/www.instagram.com\/laperiferia\/","https:\/\/www.linkedin.com\/in\/pedrohm\/","https:\/\/x.com\/https:\/\/twitter.com\/laperiferia"],"url":"https:\/\/veredes.es\/blog\/author\/pedro-hernandez-martinez\/"}]}},"_links":{"self":[{"href":"https:\/\/veredes.es\/blog\/wp-json\/wp\/v2\/posts\/77689","targetHints":{"allow":["GET"]}}],"collection":[{"href":"https:\/\/veredes.es\/blog\/wp-json\/wp\/v2\/posts"}],"about":[{"href":"https:\/\/veredes.es\/blog\/wp-json\/wp\/v2\/types\/post"}],"author":[{"embeddable":true,"href":"https:\/\/veredes.es\/blog\/wp-json\/wp\/v2\/users\/36"}],"replies":[{"embeddable":true,"href":"https:\/\/veredes.es\/blog\/wp-json\/wp\/v2\/comments?post=77689"}],"version-history":[{"count":0,"href":"https:\/\/veredes.es\/blog\/wp-json\/wp\/v2\/posts\/77689\/revisions"}],"wp:featuredmedia":[{"embeddable":true,"href":"https:\/\/veredes.es\/blog\/wp-json\/wp\/v2\/media\/77690"}],"wp:attachment":[{"href":"https:\/\/veredes.es\/blog\/wp-json\/wp\/v2\/media?parent=77689"}],"wp:term":[{"taxonomy":"category","embeddable":true,"href":"https:\/\/veredes.es\/blog\/wp-json\/wp\/v2\/categories?post=77689"},{"taxonomy":"post_tag","embeddable":true,"href":"https:\/\/veredes.es\/blog\/wp-json\/wp\/v2\/tags?post=77689"}],"curies":[{"name":"wp","href":"https:\/\/api.w.org\/{rel}","templated":true}]}}