{"id":77317,"date":"2020-01-28T08:00:36","date_gmt":"2020-01-28T07:00:36","guid":{"rendered":"https:\/\/veredes.es\/blog\/?p=77317"},"modified":"2020-01-24T13:59:42","modified_gmt":"2020-01-24T12:59:42","slug":"gaudi-impresiones-intimas-2","status":"publish","type":"post","link":"https:\/\/veredes.es\/blog\/gaudi-impresiones-intimas-2\/","title":{"rendered":"Gaud\u00ed. Impresiones \u00edntimas"},"content":{"rendered":"<p style=\"text-align: justify;\"><img loading=\"lazy\" decoding=\"async\" class=\"alignnone size-full wp-image-77318\" src=\"https:\/\/veredes.es\/blog\/wp-content\/uploads\/2020\/01\/Gaud\u00ed.-Impresiones-\u00edntimas.jpg\" alt=\"Gaud\u00ed. Impresiones \u00edntimas\" width=\"1010\" height=\"400\" srcset=\"https:\/\/veredes.es\/blog\/wp-content\/uploads\/2020\/01\/Gaud\u00ed.-Impresiones-\u00edntimas.jpg 1010w, https:\/\/veredes.es\/blog\/wp-content\/uploads\/2020\/01\/Gaud\u00ed.-Impresiones-\u00edntimas-300x119.jpg 300w\" sizes=\"auto, (max-width: 1010px) 100vw, 1010px\" \/><\/p>\n<p style=\"text-align: justify;\">La exposici\u00f3n\u00a0<strong><em>Impresiones \u00edntimas<\/em><\/strong>\u00a0del fot\u00f3grafo Aitor Ortiz muestra un conjunto de 120 im\u00e1genes tomadas a diversos edificios dise\u00f1ados por el arquitecto catal\u00e1n Antoni Gaud\u00ed (Reus, 1852 &#8211; Barcelona, 1926), entre los que se encuentran la Casa Mil\u00e1, la Sagrada Familia, la Casa Batll\u00f3, el Parc G\u00fcell, la Torre Bellesguard, el Palau G\u00fcell, la Casa Vicens, la Casa Calvet, los Pabellones G\u00fcell, la cripta de la colonia G\u00fcell y el taller de maquetas de la Sagrada Familia. Aunque el visitante puede reconocer de qu\u00e9 edificio en concreto se tomaron tales o cuales fotograf\u00edas, Aitor Ortiz no trata de hacer evidente este reconocimiento, pero tampoco ocultarlo. Especializado en fotografiar complejas y grandes estructuras arquitect\u00f3nicas de la actualidad, esta es su primera incursi\u00f3n en el terreno de un arquitecto hist\u00f3rico due\u00f1o de una singular y poderosa potencia visual. Desde el respeto y la admiraci\u00f3n, el fot\u00f3grafo establece una delicada e \u00edntima conversaci\u00f3n con el arquitecto en la que cada uno habla al visitante desde su propio lenguaje creativo, potenci\u00e1ndose mutuamente.<\/p>\n<p style=\"text-align: justify;\">En este proyecto sobre la arquitectura de Antoni Gaud\u00ed podr\u00eda parecer que Aitor Ortiz ha girado su mirada hacia un dise\u00f1ador que fue un genio del espacio arquitect\u00f3nico al tiempo que utilizaba magistralmente una exuberancia creativa volcada al dise\u00f1o de los detalles, y que tanto lo uno como lo otro fueron las causas que le hicieron prestar atenci\u00f3n a una arquitectura tan diferente de la que anteriormente absorbi\u00f3 su atenci\u00f3n.<\/p>\n<p style=\"text-align: justify;\">No obstante, al fotografiar la obra arquitect\u00f3nica de Gaud\u00ed, Aitor Ortiz no deja de ser quien fue, quien es, pues ha sabido encontrar en el arquitecto catal\u00e1n, en un Gaud\u00ed paralelo al espectacular que nos asombra con sus formas y cromatismos, a otro Gaud\u00ed que no lo es menos que el anterior, que tambi\u00e9n existe, aunque no ha sido observado con minuciosidad, un Gaud\u00ed m\u00e1s sutil y delicado, un Gaud\u00ed imperceptible apenas, casi secreto, un Gaud\u00ed que pasa desapercibido entre las fantasiosas creaciones de su ondulante imaginaci\u00f3n.<\/p>\n<p style=\"text-align: justify;\">La c\u00e1mara de Aitor Ortiz funciona como un ojo desvelador de lo que, estando a la vista, sin embargo, permanece invisible para una mirada sobrecogida y exhausta por un relato desbordante de riqueza narrativa. Pero existe otro relato en Gaud\u00ed: es el que ha visto este singular fot\u00f3grafo de s\u00f3lida personalidad.<\/p>\n<p style=\"text-align: justify;\">Ante edificios como la Casa Mil\u00e1, la Sagrada Familia, la Casa Batll\u00f3 o la Torre Bellesguard,<\/p>\n<blockquote>\n<p style=\"text-align: justify;\">\u00bfse puede no caer en la reiteraci\u00f3n visual, en el t\u00f3pico ic\u00f3nico mil veces abordado por profesionales de la imagen, medios de comunicaci\u00f3n o turistas?<\/p>\n<\/blockquote>\n<p style=\"text-align: justify;\">La sobrealimentaci\u00f3n fotogr\u00e1fica en torno a la obra del arquitecto catal\u00e1n, con las secuelas de ruido visual y saturaci\u00f3n ic\u00f3nica, nos obliga a desear y buscar \u2015en el misterio del silencio final, en la disoluci\u00f3n que permita a nuestra conciencia recordarla y entenderla\u2015 un relato radicalmente diferente<\/p>\n<p>AITOR ORTIZ<br \/>\nGAUD\u00cd. Impresiones \u00edntimas<br \/>\nDel 15 de noviembre de 2019 al 16 de febrero de 2020<br \/>\nComisario: Javier Gonz\u00e1lez de Durana<br \/>\nKutxa Kultur Artegunea<\/p>\n","protected":false},"excerpt":{"rendered":"<p>La exposici\u00f3n\u00a0Impresiones \u00edntimas\u00a0del fot\u00f3grafo Aitor Ortiz muestra un conjunto de 120 im\u00e1genes tomadas a diversos edificios dise\u00f1ados por el arquitecto catal\u00e1n Antoni Gaud\u00ed (Reus, 1852 &#8211; Barcelona, 1926), entre los que se encuentran la Casa Mil\u00e1, la Sagrada Familia, la Casa Batll\u00f3, el Parc G\u00fcell, la Torre Bellesguard, el Palau G\u00fcell, la Casa Vicens, la [&hellip;]<\/p>\n","protected":false},"author":2,"featured_media":77318,"comment_status":"open","ping_status":"closed","sticky":false,"template":"","format":"standard","meta":{"footnotes":""},"categories":[16,1382],"tags":[13073,3123,8449,556,12460],"class_list":{"0":"post-77317","1":"post","2":"type-post","3":"status-publish","4":"format-standard","5":"has-post-thumbnail","7":"category-eventos","8":"category-exposiciones","9":"tag-aitor-ortiz","10":"tag-antoni-gaudi","11":"tag-arquitectura-modernista","12":"tag-exposicion","13":"tag-fotografia"},"yoast_head":"<!-- This site is optimized with the Yoast SEO plugin v27.4 - https:\/\/yoast.com\/product\/yoast-seo-wordpress\/ -->\n<title>Gaud\u00ed. Impresiones \u00edntimas - veredes<\/title>\n<meta name=\"description\" content=\"Toda la informaci\u00f3n sobre: Gaud\u00ed. Impresiones \u00edntimas\" \/>\n<meta name=\"robots\" content=\"index, follow, max-snippet:-1, max-image-preview:large, max-video-preview:-1\" \/>\n<link rel=\"canonical\" href=\"https:\/\/veredes.es\/blog\/gaudi-impresiones-intimas-2\/\" \/>\n<meta property=\"og:locale\" content=\"es_ES\" \/>\n<meta property=\"og:type\" content=\"article\" \/>\n<meta property=\"og:title\" content=\"Gaud\u00ed. Impresiones \u00edntimas - veredes\" \/>\n<meta property=\"og:description\" content=\"Toda la informaci\u00f3n sobre: Gaud\u00ed. Impresiones \u00edntimas\" \/>\n<meta property=\"og:url\" content=\"https:\/\/veredes.es\/blog\/gaudi-impresiones-intimas-2\/\" \/>\n<meta property=\"og:site_name\" content=\"veredes, arquitectura y divulgaci\u00f3n\" \/>\n<meta property=\"article:publisher\" content=\"https:\/\/www.facebook.com\/veredesArquitecturayDivulgacion\/\" \/>\n<meta property=\"article:author\" content=\"https:\/\/www.facebook.com\/veredesArquitecturayDivulgacion\/\" \/>\n<meta property=\"article:published_time\" content=\"2020-01-28T07:00:36+00:00\" \/>\n<meta property=\"og:image\" content=\"https:\/\/veredes.es\/blog\/wp-content\/uploads\/2020\/01\/Gaud\u00ed.-Impresiones-\u00edntimas.jpg\" \/>\n\t<meta property=\"og:image:width\" content=\"1010\" \/>\n\t<meta property=\"og:image:height\" content=\"400\" \/>\n\t<meta property=\"og:image:type\" content=\"image\/jpeg\" \/>\n<meta name=\"author\" content=\"veredes\" \/>\n<meta name=\"twitter:card\" content=\"summary_large_image\" \/>\n<meta name=\"twitter:creator\" content=\"@https:\/\/twitter.com\/veredes\" \/>\n<meta name=\"twitter:site\" content=\"@veredes\" \/>\n<meta name=\"twitter:label1\" content=\"Escrito por\" \/>\n\t<meta name=\"twitter:data1\" content=\"veredes\" \/>\n\t<meta name=\"twitter:label2\" content=\"Tiempo de lectura\" \/>\n\t<meta name=\"twitter:data2\" content=\"3 minutos\" \/>\n<script type=\"application\/ld+json\" class=\"yoast-schema-graph\">{\"@context\":\"https:\\\/\\\/schema.org\",\"@graph\":[{\"@type\":\"Article\",\"@id\":\"https:\\\/\\\/veredes.es\\\/blog\\\/gaudi-impresiones-intimas-2\\\/#article\",\"isPartOf\":{\"@id\":\"https:\\\/\\\/veredes.es\\\/blog\\\/gaudi-impresiones-intimas-2\\\/\"},\"author\":{\"name\":\"veredes\",\"@id\":\"https:\\\/\\\/veredes.es\\\/blog\\\/#\\\/schema\\\/person\\\/0bbb669073ef7faba5168a0844e93d2c\"},\"headline\":\"Gaud\u00ed. Impresiones \u00edntimas\",\"datePublished\":\"2020-01-28T07:00:36+00:00\",\"mainEntityOfPage\":{\"@id\":\"https:\\\/\\\/veredes.es\\\/blog\\\/gaudi-impresiones-intimas-2\\\/\"},\"wordCount\":528,\"commentCount\":0,\"publisher\":{\"@id\":\"https:\\\/\\\/veredes.es\\\/blog\\\/#organization\"},\"image\":{\"@id\":\"https:\\\/\\\/veredes.es\\\/blog\\\/gaudi-impresiones-intimas-2\\\/#primaryimage\"},\"thumbnailUrl\":\"https:\\\/\\\/veredes.es\\\/blog\\\/wp-content\\\/uploads\\\/2020\\\/01\\\/Gaud\u00ed.-Impresiones-\u00edntimas.jpg\",\"keywords\":[\"Aitor Ortiz\",\"Antoni Gaud\u00ed\",\"arquitectura modernista\",\"exposici\u00f3n\",\"fotograf\u00eda\"],\"articleSection\":[\"eventos\",\"exposiciones\"],\"inLanguage\":\"es\",\"potentialAction\":[{\"@type\":\"CommentAction\",\"name\":\"Comment\",\"target\":[\"https:\\\/\\\/veredes.es\\\/blog\\\/gaudi-impresiones-intimas-2\\\/#respond\"]}]},{\"@type\":\"WebPage\",\"@id\":\"https:\\\/\\\/veredes.es\\\/blog\\\/gaudi-impresiones-intimas-2\\\/\",\"url\":\"https:\\\/\\\/veredes.es\\\/blog\\\/gaudi-impresiones-intimas-2\\\/\",\"name\":\"Gaud\u00ed. Impresiones \u00edntimas - veredes\",\"isPartOf\":{\"@id\":\"https:\\\/\\\/veredes.es\\\/blog\\\/#website\"},\"primaryImageOfPage\":{\"@id\":\"https:\\\/\\\/veredes.es\\\/blog\\\/gaudi-impresiones-intimas-2\\\/#primaryimage\"},\"image\":{\"@id\":\"https:\\\/\\\/veredes.es\\\/blog\\\/gaudi-impresiones-intimas-2\\\/#primaryimage\"},\"thumbnailUrl\":\"https:\\\/\\\/veredes.es\\\/blog\\\/wp-content\\\/uploads\\\/2020\\\/01\\\/Gaud\u00ed.-Impresiones-\u00edntimas.jpg\",\"datePublished\":\"2020-01-28T07:00:36+00:00\",\"description\":\"Toda la informaci\u00f3n sobre: Gaud\u00ed. Impresiones \u00edntimas\",\"breadcrumb\":{\"@id\":\"https:\\\/\\\/veredes.es\\\/blog\\\/gaudi-impresiones-intimas-2\\\/#breadcrumb\"},\"inLanguage\":\"es\",\"potentialAction\":[{\"@type\":\"ReadAction\",\"target\":[\"https:\\\/\\\/veredes.es\\\/blog\\\/gaudi-impresiones-intimas-2\\\/\"]}]},{\"@type\":\"ImageObject\",\"inLanguage\":\"es\",\"@id\":\"https:\\\/\\\/veredes.es\\\/blog\\\/gaudi-impresiones-intimas-2\\\/#primaryimage\",\"url\":\"https:\\\/\\\/veredes.es\\\/blog\\\/wp-content\\\/uploads\\\/2020\\\/01\\\/Gaud\u00ed.-Impresiones-\u00edntimas.jpg\",\"contentUrl\":\"https:\\\/\\\/veredes.es\\\/blog\\\/wp-content\\\/uploads\\\/2020\\\/01\\\/Gaud\u00ed.-Impresiones-\u00edntimas.jpg\",\"width\":1010,\"height\":400},{\"@type\":\"BreadcrumbList\",\"@id\":\"https:\\\/\\\/veredes.es\\\/blog\\\/gaudi-impresiones-intimas-2\\\/#breadcrumb\",\"itemListElement\":[{\"@type\":\"ListItem\",\"position\":1,\"name\":\"Portada\",\"item\":\"https:\\\/\\\/veredes.es\\\/blog\\\/\"},{\"@type\":\"ListItem\",\"position\":2,\"name\":\"Gaud\u00ed. Impresiones \u00edntimas\"}]},{\"@type\":\"WebSite\",\"@id\":\"https:\\\/\\\/veredes.es\\\/blog\\\/#website\",\"url\":\"https:\\\/\\\/veredes.es\\\/blog\\\/\",\"name\":\"veredes, arquitectura y divulgaci\u00f3n\",\"description\":\"veredes\",\"publisher\":{\"@id\":\"https:\\\/\\\/veredes.es\\\/blog\\\/#organization\"},\"alternateName\":\"veredes\",\"potentialAction\":[{\"@type\":\"SearchAction\",\"target\":{\"@type\":\"EntryPoint\",\"urlTemplate\":\"https:\\\/\\\/veredes.es\\\/blog\\\/?s={search_term_string}\"},\"query-input\":{\"@type\":\"PropertyValueSpecification\",\"valueRequired\":true,\"valueName\":\"search_term_string\"}}],\"inLanguage\":\"es\"},{\"@type\":\"Organization\",\"@id\":\"https:\\\/\\\/veredes.es\\\/blog\\\/#organization\",\"name\":\"veredes, arquitectura y divulgaci\u00f3n\",\"alternateName\":\"veredes\",\"url\":\"https:\\\/\\\/veredes.es\\\/blog\\\/\",\"logo\":{\"@type\":\"ImageObject\",\"inLanguage\":\"es\",\"@id\":\"https:\\\/\\\/veredes.es\\\/blog\\\/#\\\/schema\\\/logo\\\/image\\\/\",\"url\":\"https:\\\/\\\/veredes.es\\\/blog\\\/wp-content\\\/uploads\\\/2021\\\/12\\\/veredes-logo-centrado_140x54.png\",\"contentUrl\":\"https:\\\/\\\/veredes.es\\\/blog\\\/wp-content\\\/uploads\\\/2021\\\/12\\\/veredes-logo-centrado_140x54.png\",\"width\":140,\"height\":54,\"caption\":\"veredes, arquitectura y divulgaci\u00f3n\"},\"image\":{\"@id\":\"https:\\\/\\\/veredes.es\\\/blog\\\/#\\\/schema\\\/logo\\\/image\\\/\"},\"sameAs\":[\"https:\\\/\\\/www.facebook.com\\\/veredesArquitecturayDivulgacion\\\/\",\"https:\\\/\\\/x.com\\\/veredes\",\"https:\\\/\\\/instagram.com\\\/veredes\\\/\",\"https:\\\/\\\/www.linkedin.com\\\/company\\\/veredes-arquitectura-y-divulgacion\\\/\",\"https:\\\/\\\/es.pinterest.com\\\/veredes\\\/\",\"https:\\\/\\\/www.tumblr.com\\\/veredes\"]},{\"@type\":\"Person\",\"@id\":\"https:\\\/\\\/veredes.es\\\/blog\\\/#\\\/schema\\\/person\\\/0bbb669073ef7faba5168a0844e93d2c\",\"name\":\"veredes\",\"image\":{\"@type\":\"ImageObject\",\"inLanguage\":\"es\",\"@id\":\"https:\\\/\\\/veredes.es\\\/blog\\\/wp-content\\\/uploads\\\/2018\\\/04\\\/face-96x96.jpg\",\"url\":\"https:\\\/\\\/veredes.es\\\/blog\\\/wp-content\\\/uploads\\\/2018\\\/04\\\/face-96x96.jpg\",\"contentUrl\":\"https:\\\/\\\/veredes.es\\\/blog\\\/wp-content\\\/uploads\\\/2018\\\/04\\\/face-96x96.jpg\",\"caption\":\"veredes\"},\"description\":\"Surge enero de 2009 como b\u00fasqueda de satisfacer el conocimiento de la actividad arquitect\u00f3nica y tangentes que se generan. La idea es crear un espacio para divulgar los diversos proyectos en busca de nueva inspiraci\u00f3n y de intercambio.\",\"sameAs\":[\"https:\\\/\\\/veredes.es\\\/\",\"https:\\\/\\\/www.facebook.com\\\/veredesArquitecturayDivulgacion\\\/\",\"https:\\\/\\\/www.instagram.com\\\/veredes\\\/\",\"https:\\\/\\\/www.linkedin.com\\\/company\\\/veredes-arquitectura-y-divulgacion\\\/\",\"https:\\\/\\\/www.pinterest.es\\\/veredes\\\/\",\"https:\\\/\\\/x.com\\\/https:\\\/\\\/twitter.com\\\/veredes\",\"https:\\\/\\\/veredes.tumblr.com\\\/\"],\"url\":\"https:\\\/\\\/veredes.es\\\/blog\\\/author\\\/alberto\\\/\"}]}<\/script>\n<!-- \/ Yoast SEO plugin. -->","yoast_head_json":{"title":"Gaud\u00ed. Impresiones \u00edntimas - veredes","description":"Toda la informaci\u00f3n sobre: Gaud\u00ed. Impresiones \u00edntimas","robots":{"index":"index","follow":"follow","max-snippet":"max-snippet:-1","max-image-preview":"max-image-preview:large","max-video-preview":"max-video-preview:-1"},"canonical":"https:\/\/veredes.es\/blog\/gaudi-impresiones-intimas-2\/","og_locale":"es_ES","og_type":"article","og_title":"Gaud\u00ed. Impresiones \u00edntimas - veredes","og_description":"Toda la informaci\u00f3n sobre: Gaud\u00ed. Impresiones \u00edntimas","og_url":"https:\/\/veredes.es\/blog\/gaudi-impresiones-intimas-2\/","og_site_name":"veredes, arquitectura y divulgaci\u00f3n","article_publisher":"https:\/\/www.facebook.com\/veredesArquitecturayDivulgacion\/","article_author":"https:\/\/www.facebook.com\/veredesArquitecturayDivulgacion\/","article_published_time":"2020-01-28T07:00:36+00:00","og_image":[{"width":1010,"height":400,"url":"https:\/\/veredes.es\/blog\/wp-content\/uploads\/2020\/01\/Gaud\u00ed.-Impresiones-\u00edntimas.jpg","type":"image\/jpeg"}],"author":"veredes","twitter_card":"summary_large_image","twitter_creator":"@https:\/\/twitter.com\/veredes","twitter_site":"@veredes","twitter_misc":{"Escrito por":"veredes","Tiempo de lectura":"3 minutos"},"schema":{"@context":"https:\/\/schema.org","@graph":[{"@type":"Article","@id":"https:\/\/veredes.es\/blog\/gaudi-impresiones-intimas-2\/#article","isPartOf":{"@id":"https:\/\/veredes.es\/blog\/gaudi-impresiones-intimas-2\/"},"author":{"name":"veredes","@id":"https:\/\/veredes.es\/blog\/#\/schema\/person\/0bbb669073ef7faba5168a0844e93d2c"},"headline":"Gaud\u00ed. Impresiones \u00edntimas","datePublished":"2020-01-28T07:00:36+00:00","mainEntityOfPage":{"@id":"https:\/\/veredes.es\/blog\/gaudi-impresiones-intimas-2\/"},"wordCount":528,"commentCount":0,"publisher":{"@id":"https:\/\/veredes.es\/blog\/#organization"},"image":{"@id":"https:\/\/veredes.es\/blog\/gaudi-impresiones-intimas-2\/#primaryimage"},"thumbnailUrl":"https:\/\/veredes.es\/blog\/wp-content\/uploads\/2020\/01\/Gaud\u00ed.-Impresiones-\u00edntimas.jpg","keywords":["Aitor Ortiz","Antoni Gaud\u00ed","arquitectura modernista","exposici\u00f3n","fotograf\u00eda"],"articleSection":["eventos","exposiciones"],"inLanguage":"es","potentialAction":[{"@type":"CommentAction","name":"Comment","target":["https:\/\/veredes.es\/blog\/gaudi-impresiones-intimas-2\/#respond"]}]},{"@type":"WebPage","@id":"https:\/\/veredes.es\/blog\/gaudi-impresiones-intimas-2\/","url":"https:\/\/veredes.es\/blog\/gaudi-impresiones-intimas-2\/","name":"Gaud\u00ed. Impresiones \u00edntimas - veredes","isPartOf":{"@id":"https:\/\/veredes.es\/blog\/#website"},"primaryImageOfPage":{"@id":"https:\/\/veredes.es\/blog\/gaudi-impresiones-intimas-2\/#primaryimage"},"image":{"@id":"https:\/\/veredes.es\/blog\/gaudi-impresiones-intimas-2\/#primaryimage"},"thumbnailUrl":"https:\/\/veredes.es\/blog\/wp-content\/uploads\/2020\/01\/Gaud\u00ed.-Impresiones-\u00edntimas.jpg","datePublished":"2020-01-28T07:00:36+00:00","description":"Toda la informaci\u00f3n sobre: Gaud\u00ed. Impresiones \u00edntimas","breadcrumb":{"@id":"https:\/\/veredes.es\/blog\/gaudi-impresiones-intimas-2\/#breadcrumb"},"inLanguage":"es","potentialAction":[{"@type":"ReadAction","target":["https:\/\/veredes.es\/blog\/gaudi-impresiones-intimas-2\/"]}]},{"@type":"ImageObject","inLanguage":"es","@id":"https:\/\/veredes.es\/blog\/gaudi-impresiones-intimas-2\/#primaryimage","url":"https:\/\/veredes.es\/blog\/wp-content\/uploads\/2020\/01\/Gaud\u00ed.-Impresiones-\u00edntimas.jpg","contentUrl":"https:\/\/veredes.es\/blog\/wp-content\/uploads\/2020\/01\/Gaud\u00ed.-Impresiones-\u00edntimas.jpg","width":1010,"height":400},{"@type":"BreadcrumbList","@id":"https:\/\/veredes.es\/blog\/gaudi-impresiones-intimas-2\/#breadcrumb","itemListElement":[{"@type":"ListItem","position":1,"name":"Portada","item":"https:\/\/veredes.es\/blog\/"},{"@type":"ListItem","position":2,"name":"Gaud\u00ed. Impresiones \u00edntimas"}]},{"@type":"WebSite","@id":"https:\/\/veredes.es\/blog\/#website","url":"https:\/\/veredes.es\/blog\/","name":"veredes, arquitectura y divulgaci\u00f3n","description":"veredes","publisher":{"@id":"https:\/\/veredes.es\/blog\/#organization"},"alternateName":"veredes","potentialAction":[{"@type":"SearchAction","target":{"@type":"EntryPoint","urlTemplate":"https:\/\/veredes.es\/blog\/?s={search_term_string}"},"query-input":{"@type":"PropertyValueSpecification","valueRequired":true,"valueName":"search_term_string"}}],"inLanguage":"es"},{"@type":"Organization","@id":"https:\/\/veredes.es\/blog\/#organization","name":"veredes, arquitectura y divulgaci\u00f3n","alternateName":"veredes","url":"https:\/\/veredes.es\/blog\/","logo":{"@type":"ImageObject","inLanguage":"es","@id":"https:\/\/veredes.es\/blog\/#\/schema\/logo\/image\/","url":"https:\/\/veredes.es\/blog\/wp-content\/uploads\/2021\/12\/veredes-logo-centrado_140x54.png","contentUrl":"https:\/\/veredes.es\/blog\/wp-content\/uploads\/2021\/12\/veredes-logo-centrado_140x54.png","width":140,"height":54,"caption":"veredes, arquitectura y divulgaci\u00f3n"},"image":{"@id":"https:\/\/veredes.es\/blog\/#\/schema\/logo\/image\/"},"sameAs":["https:\/\/www.facebook.com\/veredesArquitecturayDivulgacion\/","https:\/\/x.com\/veredes","https:\/\/instagram.com\/veredes\/","https:\/\/www.linkedin.com\/company\/veredes-arquitectura-y-divulgacion\/","https:\/\/es.pinterest.com\/veredes\/","https:\/\/www.tumblr.com\/veredes"]},{"@type":"Person","@id":"https:\/\/veredes.es\/blog\/#\/schema\/person\/0bbb669073ef7faba5168a0844e93d2c","name":"veredes","image":{"@type":"ImageObject","inLanguage":"es","@id":"https:\/\/veredes.es\/blog\/wp-content\/uploads\/2018\/04\/face-96x96.jpg","url":"https:\/\/veredes.es\/blog\/wp-content\/uploads\/2018\/04\/face-96x96.jpg","contentUrl":"https:\/\/veredes.es\/blog\/wp-content\/uploads\/2018\/04\/face-96x96.jpg","caption":"veredes"},"description":"Surge enero de 2009 como b\u00fasqueda de satisfacer el conocimiento de la actividad arquitect\u00f3nica y tangentes que se generan. La idea es crear un espacio para divulgar los diversos proyectos en busca de nueva inspiraci\u00f3n y de intercambio.","sameAs":["https:\/\/veredes.es\/","https:\/\/www.facebook.com\/veredesArquitecturayDivulgacion\/","https:\/\/www.instagram.com\/veredes\/","https:\/\/www.linkedin.com\/company\/veredes-arquitectura-y-divulgacion\/","https:\/\/www.pinterest.es\/veredes\/","https:\/\/x.com\/https:\/\/twitter.com\/veredes","https:\/\/veredes.tumblr.com\/"],"url":"https:\/\/veredes.es\/blog\/author\/alberto\/"}]}},"_links":{"self":[{"href":"https:\/\/veredes.es\/blog\/wp-json\/wp\/v2\/posts\/77317","targetHints":{"allow":["GET"]}}],"collection":[{"href":"https:\/\/veredes.es\/blog\/wp-json\/wp\/v2\/posts"}],"about":[{"href":"https:\/\/veredes.es\/blog\/wp-json\/wp\/v2\/types\/post"}],"author":[{"embeddable":true,"href":"https:\/\/veredes.es\/blog\/wp-json\/wp\/v2\/users\/2"}],"replies":[{"embeddable":true,"href":"https:\/\/veredes.es\/blog\/wp-json\/wp\/v2\/comments?post=77317"}],"version-history":[{"count":0,"href":"https:\/\/veredes.es\/blog\/wp-json\/wp\/v2\/posts\/77317\/revisions"}],"wp:featuredmedia":[{"embeddable":true,"href":"https:\/\/veredes.es\/blog\/wp-json\/wp\/v2\/media\/77318"}],"wp:attachment":[{"href":"https:\/\/veredes.es\/blog\/wp-json\/wp\/v2\/media?parent=77317"}],"wp:term":[{"taxonomy":"category","embeddable":true,"href":"https:\/\/veredes.es\/blog\/wp-json\/wp\/v2\/categories?post=77317"},{"taxonomy":"post_tag","embeddable":true,"href":"https:\/\/veredes.es\/blog\/wp-json\/wp\/v2\/tags?post=77317"}],"curies":[{"name":"wp","href":"https:\/\/api.w.org\/{rel}","templated":true}]}}