{"id":77215,"date":"2020-05-14T00:01:22","date_gmt":"2020-05-13T22:01:22","guid":{"rendered":"https:\/\/veredes.es\/blog\/?p=77215"},"modified":"2020-04-23T12:44:39","modified_gmt":"2020-04-23T10:44:39","slug":"la-ingenieria-clasica-influencia-urbanismo-actual","status":"publish","type":"post","link":"https:\/\/veredes.es\/blog\/la-ingenieria-clasica-influencia-urbanismo-actual\/","title":{"rendered":"La ingenier\u00eda cl\u00e1sica y su influencia en el urbanismo actual"},"content":{"rendered":"<p><iframe loading=\"lazy\" title=\"La Ingenier\u00eda cl\u00e1sica y su influencia en el urbanismo actual\" width=\"696\" height=\"392\" src=\"https:\/\/www.youtube.com\/embed\/w9_UdXcmpRQ?feature=oembed\" frameborder=\"0\" allow=\"accelerometer; autoplay; clipboard-write; encrypted-media; gyroscope; picture-in-picture\" allowfullscreen><\/iframe><\/p>\n<blockquote>\n<p style=\"text-align: justify;\">\u201cLas obras p\u00fablicas son\u00a0 realidades muy complejas, que pueden determinar la prosperidad o la ruina de comarcas\u00a0 enteras, determinan la ordenaci\u00f3n de un territorio y no se deben planificar en funci\u00f3n de\u00a0 meros intereses electorales y coyunturales. Tampoco terminan las obras en el momento en\u00a0 que son inauguradas por el ministro de turno\u201d.<\/p>\n<\/blockquote>\n<p style=\"text-align: justify;\">\u00daltima clase magistral de D. <strong>Fernando S\u00e1enz Ridruejo<\/strong>, profesor de la ETS Caminos Canales y Puertos de la Universidad Polit\u00e9cnica de Madrid.<\/p>\n<blockquote><p><strong>\u201cm\u00e1s que historiador, ya que me falla la metodolog\u00eda, mi labor es m\u00e1s de curiosidad\u201d<\/strong><\/p><\/blockquote>\n<p style=\"text-align: justify;\">V\u00eddeo Producido por el Gabinete de Tele-Educaci\u00f3n de la UPM. 20 de Mayo de 2009<\/p>\n","protected":false},"excerpt":{"rendered":"<p>\u201cLas obras p\u00fablicas son\u00a0 realidades muy complejas, que pueden determinar la prosperidad o la ruina de comarcas\u00a0 enteras, determinan la ordenaci\u00f3n de un territorio y no se deben planificar en funci\u00f3n de\u00a0 meros intereses electorales y coyunturales. Tampoco terminan las obras en el momento en\u00a0 que son inauguradas por el ministro de turno\u201d. \u00daltima clase [&hellip;]<\/p>\n","protected":false},"author":2,"featured_media":79719,"comment_status":"open","ping_status":"closed","sticky":false,"template":"","format":"standard","meta":{"footnotes":""},"categories":[4854],"tags":[434,11582,712,3177,12474,12468],"class_list":{"0":"post-77215","1":"post","2":"type-post","3":"status-publish","4":"format-standard","5":"has-post-thumbnail","7":"category-tv","8":"tag-documental","9":"tag-fernando-saenz-ridruejo","10":"tag-ingenieria","11":"tag-ingeniero","12":"tag-tv","13":"tag-urbanismo"},"yoast_head":"<!-- This site is optimized with the Yoast SEO plugin v27.4 - https:\/\/yoast.com\/product\/yoast-seo-wordpress\/ -->\n<title>La ingenier\u00eda cl\u00e1sica y su influencia en el urbanismo actual - veredes<\/title>\n<meta name=\"description\" content=\"Toda la informaci\u00f3n sobre: La ingenier\u00eda cl\u00e1sica y su influencia en el urbanismo actual\" \/>\n<meta name=\"robots\" content=\"index, follow, max-snippet:-1, max-image-preview:large, max-video-preview:-1\" \/>\n<link rel=\"canonical\" href=\"https:\/\/veredes.es\/blog\/la-ingenieria-clasica-influencia-urbanismo-actual\/\" \/>\n<meta property=\"og:locale\" content=\"es_ES\" \/>\n<meta property=\"og:type\" content=\"article\" \/>\n<meta property=\"og:title\" content=\"La ingenier\u00eda cl\u00e1sica y su influencia en el urbanismo actual - veredes\" \/>\n<meta property=\"og:description\" content=\"Toda la informaci\u00f3n sobre: La ingenier\u00eda cl\u00e1sica y su influencia en el urbanismo actual\" \/>\n<meta property=\"og:url\" content=\"https:\/\/veredes.es\/blog\/la-ingenieria-clasica-influencia-urbanismo-actual\/\" \/>\n<meta property=\"og:site_name\" content=\"veredes, arquitectura y divulgaci\u00f3n\" \/>\n<meta property=\"article:publisher\" content=\"https:\/\/www.facebook.com\/veredesArquitecturayDivulgacion\/\" \/>\n<meta property=\"article:author\" content=\"https:\/\/www.facebook.com\/veredesArquitecturayDivulgacion\/\" \/>\n<meta property=\"article:published_time\" content=\"2020-05-13T22:01:22+00:00\" \/>\n<meta property=\"og:image\" content=\"https:\/\/veredes.es\/blog\/wp-content\/uploads\/2020\/04\/la-ingenieria-clasica-y-su-influ.jpg\" \/>\n\t<meta property=\"og:image:width\" content=\"480\" \/>\n\t<meta property=\"og:image:height\" content=\"360\" \/>\n\t<meta property=\"og:image:type\" content=\"image\/jpeg\" \/>\n<meta name=\"author\" content=\"veredes\" \/>\n<meta name=\"twitter:card\" content=\"summary_large_image\" \/>\n<meta name=\"twitter:creator\" content=\"@https:\/\/twitter.com\/veredes\" \/>\n<meta name=\"twitter:site\" content=\"@veredes\" \/>\n<meta name=\"twitter:label1\" content=\"Escrito por\" \/>\n\t<meta name=\"twitter:data1\" content=\"veredes\" \/>\n\t<meta name=\"twitter:label2\" content=\"Tiempo de lectura\" \/>\n\t<meta name=\"twitter:data2\" content=\"1 minuto\" \/>\n<script type=\"application\/ld+json\" class=\"yoast-schema-graph\">{\"@context\":\"https:\\\/\\\/schema.org\",\"@graph\":[{\"@type\":\"Article\",\"@id\":\"https:\\\/\\\/veredes.es\\\/blog\\\/la-ingenieria-clasica-influencia-urbanismo-actual\\\/#article\",\"isPartOf\":{\"@id\":\"https:\\\/\\\/veredes.es\\\/blog\\\/la-ingenieria-clasica-influencia-urbanismo-actual\\\/\"},\"author\":{\"name\":\"veredes\",\"@id\":\"https:\\\/\\\/veredes.es\\\/blog\\\/#\\\/schema\\\/person\\\/0bbb669073ef7faba5168a0844e93d2c\"},\"headline\":\"La ingenier\u00eda cl\u00e1sica y su influencia en el urbanismo actual\",\"datePublished\":\"2020-05-13T22:01:22+00:00\",\"mainEntityOfPage\":{\"@id\":\"https:\\\/\\\/veredes.es\\\/blog\\\/la-ingenieria-clasica-influencia-urbanismo-actual\\\/\"},\"wordCount\":130,\"commentCount\":0,\"publisher\":{\"@id\":\"https:\\\/\\\/veredes.es\\\/blog\\\/#organization\"},\"image\":{\"@id\":\"https:\\\/\\\/veredes.es\\\/blog\\\/la-ingenieria-clasica-influencia-urbanismo-actual\\\/#primaryimage\"},\"thumbnailUrl\":\"https:\\\/\\\/veredes.es\\\/blog\\\/wp-content\\\/uploads\\\/2020\\\/04\\\/la-ingenieria-clasica-y-su-influ.jpg\",\"keywords\":[\"documental\",\"Fernando S\u00e1enz Ridruejo\",\"ingenier\u00eda\",\"ingeniero\",\"tv\",\"urbanismo\"],\"articleSection\":[\"tv\"],\"inLanguage\":\"es\",\"potentialAction\":[{\"@type\":\"CommentAction\",\"name\":\"Comment\",\"target\":[\"https:\\\/\\\/veredes.es\\\/blog\\\/la-ingenieria-clasica-influencia-urbanismo-actual\\\/#respond\"]}]},{\"@type\":\"WebPage\",\"@id\":\"https:\\\/\\\/veredes.es\\\/blog\\\/la-ingenieria-clasica-influencia-urbanismo-actual\\\/\",\"url\":\"https:\\\/\\\/veredes.es\\\/blog\\\/la-ingenieria-clasica-influencia-urbanismo-actual\\\/\",\"name\":\"La ingenier\u00eda cl\u00e1sica y su influencia en el urbanismo actual - veredes\",\"isPartOf\":{\"@id\":\"https:\\\/\\\/veredes.es\\\/blog\\\/#website\"},\"primaryImageOfPage\":{\"@id\":\"https:\\\/\\\/veredes.es\\\/blog\\\/la-ingenieria-clasica-influencia-urbanismo-actual\\\/#primaryimage\"},\"image\":{\"@id\":\"https:\\\/\\\/veredes.es\\\/blog\\\/la-ingenieria-clasica-influencia-urbanismo-actual\\\/#primaryimage\"},\"thumbnailUrl\":\"https:\\\/\\\/veredes.es\\\/blog\\\/wp-content\\\/uploads\\\/2020\\\/04\\\/la-ingenieria-clasica-y-su-influ.jpg\",\"datePublished\":\"2020-05-13T22:01:22+00:00\",\"description\":\"Toda la informaci\u00f3n sobre: La ingenier\u00eda cl\u00e1sica y su influencia en el urbanismo actual\",\"breadcrumb\":{\"@id\":\"https:\\\/\\\/veredes.es\\\/blog\\\/la-ingenieria-clasica-influencia-urbanismo-actual\\\/#breadcrumb\"},\"inLanguage\":\"es\",\"potentialAction\":[{\"@type\":\"ReadAction\",\"target\":[\"https:\\\/\\\/veredes.es\\\/blog\\\/la-ingenieria-clasica-influencia-urbanismo-actual\\\/\"]}]},{\"@type\":\"ImageObject\",\"inLanguage\":\"es\",\"@id\":\"https:\\\/\\\/veredes.es\\\/blog\\\/la-ingenieria-clasica-influencia-urbanismo-actual\\\/#primaryimage\",\"url\":\"https:\\\/\\\/veredes.es\\\/blog\\\/wp-content\\\/uploads\\\/2020\\\/04\\\/la-ingenieria-clasica-y-su-influ.jpg\",\"contentUrl\":\"https:\\\/\\\/veredes.es\\\/blog\\\/wp-content\\\/uploads\\\/2020\\\/04\\\/la-ingenieria-clasica-y-su-influ.jpg\",\"width\":480,\"height\":360},{\"@type\":\"BreadcrumbList\",\"@id\":\"https:\\\/\\\/veredes.es\\\/blog\\\/la-ingenieria-clasica-influencia-urbanismo-actual\\\/#breadcrumb\",\"itemListElement\":[{\"@type\":\"ListItem\",\"position\":1,\"name\":\"Portada\",\"item\":\"https:\\\/\\\/veredes.es\\\/blog\\\/\"},{\"@type\":\"ListItem\",\"position\":2,\"name\":\"La ingenier\u00eda cl\u00e1sica y su influencia en el urbanismo actual\"}]},{\"@type\":\"WebSite\",\"@id\":\"https:\\\/\\\/veredes.es\\\/blog\\\/#website\",\"url\":\"https:\\\/\\\/veredes.es\\\/blog\\\/\",\"name\":\"veredes, arquitectura y divulgaci\u00f3n\",\"description\":\"veredes\",\"publisher\":{\"@id\":\"https:\\\/\\\/veredes.es\\\/blog\\\/#organization\"},\"alternateName\":\"veredes\",\"potentialAction\":[{\"@type\":\"SearchAction\",\"target\":{\"@type\":\"EntryPoint\",\"urlTemplate\":\"https:\\\/\\\/veredes.es\\\/blog\\\/?s={search_term_string}\"},\"query-input\":{\"@type\":\"PropertyValueSpecification\",\"valueRequired\":true,\"valueName\":\"search_term_string\"}}],\"inLanguage\":\"es\"},{\"@type\":\"Organization\",\"@id\":\"https:\\\/\\\/veredes.es\\\/blog\\\/#organization\",\"name\":\"veredes, arquitectura y divulgaci\u00f3n\",\"alternateName\":\"veredes\",\"url\":\"https:\\\/\\\/veredes.es\\\/blog\\\/\",\"logo\":{\"@type\":\"ImageObject\",\"inLanguage\":\"es\",\"@id\":\"https:\\\/\\\/veredes.es\\\/blog\\\/#\\\/schema\\\/logo\\\/image\\\/\",\"url\":\"https:\\\/\\\/veredes.es\\\/blog\\\/wp-content\\\/uploads\\\/2021\\\/12\\\/veredes-logo-centrado_140x54.png\",\"contentUrl\":\"https:\\\/\\\/veredes.es\\\/blog\\\/wp-content\\\/uploads\\\/2021\\\/12\\\/veredes-logo-centrado_140x54.png\",\"width\":140,\"height\":54,\"caption\":\"veredes, arquitectura y divulgaci\u00f3n\"},\"image\":{\"@id\":\"https:\\\/\\\/veredes.es\\\/blog\\\/#\\\/schema\\\/logo\\\/image\\\/\"},\"sameAs\":[\"https:\\\/\\\/www.facebook.com\\\/veredesArquitecturayDivulgacion\\\/\",\"https:\\\/\\\/x.com\\\/veredes\",\"https:\\\/\\\/instagram.com\\\/veredes\\\/\",\"https:\\\/\\\/www.linkedin.com\\\/company\\\/veredes-arquitectura-y-divulgacion\\\/\",\"https:\\\/\\\/es.pinterest.com\\\/veredes\\\/\",\"https:\\\/\\\/www.tumblr.com\\\/veredes\"]},{\"@type\":\"Person\",\"@id\":\"https:\\\/\\\/veredes.es\\\/blog\\\/#\\\/schema\\\/person\\\/0bbb669073ef7faba5168a0844e93d2c\",\"name\":\"veredes\",\"image\":{\"@type\":\"ImageObject\",\"inLanguage\":\"es\",\"@id\":\"https:\\\/\\\/veredes.es\\\/blog\\\/wp-content\\\/uploads\\\/2018\\\/04\\\/face-96x96.jpg\",\"url\":\"https:\\\/\\\/veredes.es\\\/blog\\\/wp-content\\\/uploads\\\/2018\\\/04\\\/face-96x96.jpg\",\"contentUrl\":\"https:\\\/\\\/veredes.es\\\/blog\\\/wp-content\\\/uploads\\\/2018\\\/04\\\/face-96x96.jpg\",\"caption\":\"veredes\"},\"description\":\"Surge enero de 2009 como b\u00fasqueda de satisfacer el conocimiento de la actividad arquitect\u00f3nica y tangentes que se generan. La idea es crear un espacio para divulgar los diversos proyectos en busca de nueva inspiraci\u00f3n y de intercambio.\",\"sameAs\":[\"https:\\\/\\\/veredes.es\\\/\",\"https:\\\/\\\/www.facebook.com\\\/veredesArquitecturayDivulgacion\\\/\",\"https:\\\/\\\/www.instagram.com\\\/veredes\\\/\",\"https:\\\/\\\/www.linkedin.com\\\/company\\\/veredes-arquitectura-y-divulgacion\\\/\",\"https:\\\/\\\/www.pinterest.es\\\/veredes\\\/\",\"https:\\\/\\\/x.com\\\/https:\\\/\\\/twitter.com\\\/veredes\",\"https:\\\/\\\/veredes.tumblr.com\\\/\"],\"url\":\"https:\\\/\\\/veredes.es\\\/blog\\\/author\\\/alberto\\\/\"}]}<\/script>\n<!-- \/ Yoast SEO plugin. -->","yoast_head_json":{"title":"La ingenier\u00eda cl\u00e1sica y su influencia en el urbanismo actual - veredes","description":"Toda la informaci\u00f3n sobre: La ingenier\u00eda cl\u00e1sica y su influencia en el urbanismo actual","robots":{"index":"index","follow":"follow","max-snippet":"max-snippet:-1","max-image-preview":"max-image-preview:large","max-video-preview":"max-video-preview:-1"},"canonical":"https:\/\/veredes.es\/blog\/la-ingenieria-clasica-influencia-urbanismo-actual\/","og_locale":"es_ES","og_type":"article","og_title":"La ingenier\u00eda cl\u00e1sica y su influencia en el urbanismo actual - veredes","og_description":"Toda la informaci\u00f3n sobre: La ingenier\u00eda cl\u00e1sica y su influencia en el urbanismo actual","og_url":"https:\/\/veredes.es\/blog\/la-ingenieria-clasica-influencia-urbanismo-actual\/","og_site_name":"veredes, arquitectura y divulgaci\u00f3n","article_publisher":"https:\/\/www.facebook.com\/veredesArquitecturayDivulgacion\/","article_author":"https:\/\/www.facebook.com\/veredesArquitecturayDivulgacion\/","article_published_time":"2020-05-13T22:01:22+00:00","og_image":[{"width":480,"height":360,"url":"https:\/\/veredes.es\/blog\/wp-content\/uploads\/2020\/04\/la-ingenieria-clasica-y-su-influ.jpg","type":"image\/jpeg"}],"author":"veredes","twitter_card":"summary_large_image","twitter_creator":"@https:\/\/twitter.com\/veredes","twitter_site":"@veredes","twitter_misc":{"Escrito por":"veredes","Tiempo de lectura":"1 minuto"},"schema":{"@context":"https:\/\/schema.org","@graph":[{"@type":"Article","@id":"https:\/\/veredes.es\/blog\/la-ingenieria-clasica-influencia-urbanismo-actual\/#article","isPartOf":{"@id":"https:\/\/veredes.es\/blog\/la-ingenieria-clasica-influencia-urbanismo-actual\/"},"author":{"name":"veredes","@id":"https:\/\/veredes.es\/blog\/#\/schema\/person\/0bbb669073ef7faba5168a0844e93d2c"},"headline":"La ingenier\u00eda cl\u00e1sica y su influencia en el urbanismo actual","datePublished":"2020-05-13T22:01:22+00:00","mainEntityOfPage":{"@id":"https:\/\/veredes.es\/blog\/la-ingenieria-clasica-influencia-urbanismo-actual\/"},"wordCount":130,"commentCount":0,"publisher":{"@id":"https:\/\/veredes.es\/blog\/#organization"},"image":{"@id":"https:\/\/veredes.es\/blog\/la-ingenieria-clasica-influencia-urbanismo-actual\/#primaryimage"},"thumbnailUrl":"https:\/\/veredes.es\/blog\/wp-content\/uploads\/2020\/04\/la-ingenieria-clasica-y-su-influ.jpg","keywords":["documental","Fernando S\u00e1enz Ridruejo","ingenier\u00eda","ingeniero","tv","urbanismo"],"articleSection":["tv"],"inLanguage":"es","potentialAction":[{"@type":"CommentAction","name":"Comment","target":["https:\/\/veredes.es\/blog\/la-ingenieria-clasica-influencia-urbanismo-actual\/#respond"]}]},{"@type":"WebPage","@id":"https:\/\/veredes.es\/blog\/la-ingenieria-clasica-influencia-urbanismo-actual\/","url":"https:\/\/veredes.es\/blog\/la-ingenieria-clasica-influencia-urbanismo-actual\/","name":"La ingenier\u00eda cl\u00e1sica y su influencia en el urbanismo actual - veredes","isPartOf":{"@id":"https:\/\/veredes.es\/blog\/#website"},"primaryImageOfPage":{"@id":"https:\/\/veredes.es\/blog\/la-ingenieria-clasica-influencia-urbanismo-actual\/#primaryimage"},"image":{"@id":"https:\/\/veredes.es\/blog\/la-ingenieria-clasica-influencia-urbanismo-actual\/#primaryimage"},"thumbnailUrl":"https:\/\/veredes.es\/blog\/wp-content\/uploads\/2020\/04\/la-ingenieria-clasica-y-su-influ.jpg","datePublished":"2020-05-13T22:01:22+00:00","description":"Toda la informaci\u00f3n sobre: La ingenier\u00eda cl\u00e1sica y su influencia en el urbanismo actual","breadcrumb":{"@id":"https:\/\/veredes.es\/blog\/la-ingenieria-clasica-influencia-urbanismo-actual\/#breadcrumb"},"inLanguage":"es","potentialAction":[{"@type":"ReadAction","target":["https:\/\/veredes.es\/blog\/la-ingenieria-clasica-influencia-urbanismo-actual\/"]}]},{"@type":"ImageObject","inLanguage":"es","@id":"https:\/\/veredes.es\/blog\/la-ingenieria-clasica-influencia-urbanismo-actual\/#primaryimage","url":"https:\/\/veredes.es\/blog\/wp-content\/uploads\/2020\/04\/la-ingenieria-clasica-y-su-influ.jpg","contentUrl":"https:\/\/veredes.es\/blog\/wp-content\/uploads\/2020\/04\/la-ingenieria-clasica-y-su-influ.jpg","width":480,"height":360},{"@type":"BreadcrumbList","@id":"https:\/\/veredes.es\/blog\/la-ingenieria-clasica-influencia-urbanismo-actual\/#breadcrumb","itemListElement":[{"@type":"ListItem","position":1,"name":"Portada","item":"https:\/\/veredes.es\/blog\/"},{"@type":"ListItem","position":2,"name":"La ingenier\u00eda cl\u00e1sica y su influencia en el urbanismo actual"}]},{"@type":"WebSite","@id":"https:\/\/veredes.es\/blog\/#website","url":"https:\/\/veredes.es\/blog\/","name":"veredes, arquitectura y divulgaci\u00f3n","description":"veredes","publisher":{"@id":"https:\/\/veredes.es\/blog\/#organization"},"alternateName":"veredes","potentialAction":[{"@type":"SearchAction","target":{"@type":"EntryPoint","urlTemplate":"https:\/\/veredes.es\/blog\/?s={search_term_string}"},"query-input":{"@type":"PropertyValueSpecification","valueRequired":true,"valueName":"search_term_string"}}],"inLanguage":"es"},{"@type":"Organization","@id":"https:\/\/veredes.es\/blog\/#organization","name":"veredes, arquitectura y divulgaci\u00f3n","alternateName":"veredes","url":"https:\/\/veredes.es\/blog\/","logo":{"@type":"ImageObject","inLanguage":"es","@id":"https:\/\/veredes.es\/blog\/#\/schema\/logo\/image\/","url":"https:\/\/veredes.es\/blog\/wp-content\/uploads\/2021\/12\/veredes-logo-centrado_140x54.png","contentUrl":"https:\/\/veredes.es\/blog\/wp-content\/uploads\/2021\/12\/veredes-logo-centrado_140x54.png","width":140,"height":54,"caption":"veredes, arquitectura y divulgaci\u00f3n"},"image":{"@id":"https:\/\/veredes.es\/blog\/#\/schema\/logo\/image\/"},"sameAs":["https:\/\/www.facebook.com\/veredesArquitecturayDivulgacion\/","https:\/\/x.com\/veredes","https:\/\/instagram.com\/veredes\/","https:\/\/www.linkedin.com\/company\/veredes-arquitectura-y-divulgacion\/","https:\/\/es.pinterest.com\/veredes\/","https:\/\/www.tumblr.com\/veredes"]},{"@type":"Person","@id":"https:\/\/veredes.es\/blog\/#\/schema\/person\/0bbb669073ef7faba5168a0844e93d2c","name":"veredes","image":{"@type":"ImageObject","inLanguage":"es","@id":"https:\/\/veredes.es\/blog\/wp-content\/uploads\/2018\/04\/face-96x96.jpg","url":"https:\/\/veredes.es\/blog\/wp-content\/uploads\/2018\/04\/face-96x96.jpg","contentUrl":"https:\/\/veredes.es\/blog\/wp-content\/uploads\/2018\/04\/face-96x96.jpg","caption":"veredes"},"description":"Surge enero de 2009 como b\u00fasqueda de satisfacer el conocimiento de la actividad arquitect\u00f3nica y tangentes que se generan. La idea es crear un espacio para divulgar los diversos proyectos en busca de nueva inspiraci\u00f3n y de intercambio.","sameAs":["https:\/\/veredes.es\/","https:\/\/www.facebook.com\/veredesArquitecturayDivulgacion\/","https:\/\/www.instagram.com\/veredes\/","https:\/\/www.linkedin.com\/company\/veredes-arquitectura-y-divulgacion\/","https:\/\/www.pinterest.es\/veredes\/","https:\/\/x.com\/https:\/\/twitter.com\/veredes","https:\/\/veredes.tumblr.com\/"],"url":"https:\/\/veredes.es\/blog\/author\/alberto\/"}]}},"_links":{"self":[{"href":"https:\/\/veredes.es\/blog\/wp-json\/wp\/v2\/posts\/77215","targetHints":{"allow":["GET"]}}],"collection":[{"href":"https:\/\/veredes.es\/blog\/wp-json\/wp\/v2\/posts"}],"about":[{"href":"https:\/\/veredes.es\/blog\/wp-json\/wp\/v2\/types\/post"}],"author":[{"embeddable":true,"href":"https:\/\/veredes.es\/blog\/wp-json\/wp\/v2\/users\/2"}],"replies":[{"embeddable":true,"href":"https:\/\/veredes.es\/blog\/wp-json\/wp\/v2\/comments?post=77215"}],"version-history":[{"count":0,"href":"https:\/\/veredes.es\/blog\/wp-json\/wp\/v2\/posts\/77215\/revisions"}],"wp:featuredmedia":[{"embeddable":true,"href":"https:\/\/veredes.es\/blog\/wp-json\/wp\/v2\/media\/79719"}],"wp:attachment":[{"href":"https:\/\/veredes.es\/blog\/wp-json\/wp\/v2\/media?parent=77215"}],"wp:term":[{"taxonomy":"category","embeddable":true,"href":"https:\/\/veredes.es\/blog\/wp-json\/wp\/v2\/categories?post=77215"},{"taxonomy":"post_tag","embeddable":true,"href":"https:\/\/veredes.es\/blog\/wp-json\/wp\/v2\/tags?post=77215"}],"curies":[{"name":"wp","href":"https:\/\/api.w.org\/{rel}","templated":true}]}}