{"id":76929,"date":"2019-12-31T08:59:20","date_gmt":"2019-12-31T07:59:20","guid":{"rendered":"https:\/\/veredes.es\/blog\/?p=76929"},"modified":"2019-12-31T09:06:28","modified_gmt":"2019-12-31T08:06:28","slug":"momentum-3-limited-framework","status":"publish","type":"post","link":"https:\/\/veredes.es\/blog\/momentum-3-limited-framework\/","title":{"rendered":"Momentum III. Limited Framework"},"content":{"rendered":"<p><\/p>\n<p style=\"text-align: justify;\"><img loading=\"lazy\" decoding=\"async\" class=\"alignnone size-large wp-image-76930\" src=\"https:\/\/veredes.es\/blog\/wp-content\/uploads\/2019\/12\/Momentum-III.-Limited-Framework-743x1024.jpg\" alt=\"Momentum III. Limited Framework\" width=\"640\" height=\"882\" srcset=\"https:\/\/veredes.es\/blog\/wp-content\/uploads\/2019\/12\/Momentum-III.-Limited-Framework-743x1024.jpg 743w, https:\/\/veredes.es\/blog\/wp-content\/uploads\/2019\/12\/Momentum-III.-Limited-Framework-218x300.jpg 218w, https:\/\/veredes.es\/blog\/wp-content\/uploads\/2019\/12\/Momentum-III.-Limited-Framework.jpg 1200w\" sizes=\"auto, (max-width: 640px) 100vw, 640px\" \/><\/p>\n<p style=\"text-align: justify;\">El tercer n\u00famero de <a href=\"https:\/\/www.momentummag.info\/\" target=\"_blank\"><strong>MOMENTUM, Limited Frameworks<\/strong>,<\/a> pretende revisitar el concepto de l\u00edmite a trav\u00e9s de 13 diferentes puntos de vista. Aunque hoy en d\u00eda su definici\u00f3n est\u00e1 presente en el debate p\u00fablico generalmente a trav\u00e9s de la idea de frontera (debido al enorme reto que suponen las migraciones globales para nuestra sociedad), la intenci\u00f3n de esta investigaci\u00f3n es introducir diferentes narrativas alternativas que puedan ayudar a ilustrar como este conjunto de \u201cl\u00edneas\u201d o \u201cdivisiones\u201d est\u00e1n permanentemente presentes y como se manifiestan y afectan a nuestras vidas diarias.<\/p>\n<p style=\"text-align: justify;\">Introduciendo ideas que van desde el lenguaje a la arquitectura pasando por la geopol\u00edtica, los siguientes colaboradores han dado forma a esta tercera aventura proponiendo visiones alternativas sobre los l\u00edmites: Adrian Phiffer, AFAB Architecture, Guillermo S\u00e1nchez-Arsuaga, Rebecca Carrai + Martino Tattara, Llu\u00eds Alexandre Casanovas Blanco, Daniel Mart\u00edn-Villamuelas, Atxu Amann Alcocer, Tatiana Poggi, Neeraj Bhatia + Cesar Lopez, Pablo Mart\u00ednez Capdevila, Kapka Kassabova, n\u2019UNDO and Pedro Azevedo.<\/p>\n<p style=\"text-align: justify;\">Extracto del editorial de Momentum III:<\/p>\n<blockquote>\n<p style=\"text-align: justify;\">\u201cEl significado y la influencia que conceptos como l\u00edmite, frontera o divisi\u00f3n tienen sobre nuestras formas de vida, especialmente cuando nos referimos a los sistemas de organizaci\u00f3n especial y territorial, est\u00e1 hoy en d\u00eda en el centro del debate p\u00fablico debido a las crecientes corrientes de migraci\u00f3n y exclusi\u00f3n global que existen en el planeta. En este contexto, los l\u00edmites pueden ser entendidos como l\u00edneas que simplemente nos separan del diferente, tratando de establecer un marco de trabajo limitado que busca preservar las condiciones econ\u00f3micas, culturales y sociales de aquellos que lo habitan.<\/p>\n<p style=\"text-align: justify;\">Sin embargo, dentro de estos l\u00edmites, los desarrollos urbanos que organizan la interioridad est\u00e1n lejos de ser igualitarios e inclusivos, debido a que los mecanismos que los regulan est\u00e1n basados en l\u00f3gicas de gesti\u00f3n y especulaci\u00f3n que dif\u00edcilmente dejan margen para enfoques alternativos. [\u2026] Como afirma Aureli: \u201cNo hay vuelta atr\u00e1s para el urbanismo\u201d, pero quiz\u00e1 todav\u00eda tenemos tiempo de reaccionar desde un nuevo tipo de l\u00edmite interior, estableciendo una diferencia entre lo urbano y lo arquitect\u00f3nico que nos permita sugerir y proponer nuevas formas de interacci\u00f3n con la ciudad, as\u00ed como di\u00e1logos con lo gen\u00e9rico para transformarlo y hacerlo evolucionar.[\u2026] Estas interioridades pueden ser exploradas desde diferentes puntos de vista, politicos o sociales, empujados por dise\u00f1os espaciales y program\u00e1ticos o simplemente por modos de ocupaci\u00f3n espont\u00e1neos y dom\u00e9sticos que muchas veces, incluso sin saberlo, producen extraordinarios casos de estudio a partir de situaciones completamente gen\u00e9ricas. [\u2026]\u201d<\/p>\n<\/blockquote>\n<p><img loading=\"lazy\" decoding=\"async\" class=\"alignnone size-large wp-image-76932\" src=\"https:\/\/veredes.es\/blog\/wp-content\/uploads\/2019\/12\/Momentum-III.-Limited-Framework-1-1024x308.jpg\" alt=\"Momentum-III.-Limited-Framework\" width=\"640\" height=\"193\" srcset=\"https:\/\/veredes.es\/blog\/wp-content\/uploads\/2019\/12\/Momentum-III.-Limited-Framework-1-1024x308.jpg 1024w, https:\/\/veredes.es\/blog\/wp-content\/uploads\/2019\/12\/Momentum-III.-Limited-Framework-1-300x90.jpg 300w, https:\/\/veredes.es\/blog\/wp-content\/uploads\/2019\/12\/Momentum-III.-Limited-Framework-1.jpg 1200w\" sizes=\"auto, (max-width: 640px) 100vw, 640px\" \/><\/p>\n<p style=\"text-align: justify;\">T\u00edtulo:\u00a0Momentum III. Limited Frameworks.<br \/>\nEditorial:\u00a0Independiente<br \/>\nLugar:\u00a0Alcal\u00e1 de Henares. Madrid. (Espa\u00f1a).<br \/>\nTipo de publicaci\u00f3n:\u00a0Semestral.<br \/>\nIdioma:\u00a0Ingl\u00e9s.<br \/>\nISSN\u00a0\u00a02531-1662<br \/>\nColaboradores: Adrian Phiffer, AFAB Architecture, Guillermo S\u00e1nchez-Arsuaga, Rebecca Carrai + Martino Tattara, Llu\u00eds Alexandre Casanovas Blanco, Daniel Mart\u00edn-Villamuelas, Atxu Amann Alcocer, Tatiana Poggi, Neeraj Bhatia + Cesar Lopez, Pablo Mart\u00ednez Capdevila, Kapka Kassabova, n\u2019UNDO, Pedro Azevedo.<br \/>\nFecha de publicaci\u00f3n:\u00a0Diciembre de 2019.<br \/>\nEquipo: Alejandro Carrasco, Eduardo Cilleruelo, Laura Puchades y \u00c1ngela Molina<br \/>\nImpresi\u00f3n: Impresiones Ballesteros (Alcal\u00e1 de Henares)<br \/>\n<a href=\"https:\/\/www.momentummag.info\/\" target=\"_blank\">+ momentummag.info <\/a><\/p>\n<p><\/p>","protected":false},"excerpt":{"rendered":"<p>El tercer n\u00famero de MOMENTUM, Limited Frameworks, pretende revisitar el concepto de l\u00edmite a trav\u00e9s de 13 diferentes puntos de vista. Aunque hoy en d\u00eda su definici\u00f3n est\u00e1 presente en el debate p\u00fablico generalmente a trav\u00e9s de la idea de frontera (debido al enorme reto que suponen las migraciones globales para nuestra sociedad), la intenci\u00f3n [&hellip;]<\/p>\n","protected":false},"author":2,"featured_media":76930,"comment_status":"open","ping_status":"closed","sticky":false,"template":"","format":"standard","meta":{"footnotes":""},"categories":[26,28],"tags":[14394,14396,13349,13894,12758,14402,14400,13350,14397,14404,13895,13637,14399,13351,14401,7413,14403,14395,14398,12756],"class_list":{"0":"post-76929","1":"post","2":"type-post","3":"status-publish","4":"format-standard","5":"has-post-thumbnail","7":"category-publicaciones","8":"category-revistas","9":"tag-adrian-phiffer","10":"tag-afab-architecture","11":"tag-alejandro-carrasco-hidalgo","12":"tag-angela-molina","13":"tag-atxu-amann","14":"tag-cesar-lopez","15":"tag-daniel-martin-villamuelas","16":"tag-eduardo-cilleruelo-teran","17":"tag-guillermo-sanchez-arsuaga","18":"tag-kapka-kassabova","19":"tag-laura-puchades","20":"tag-lluis-alexandre-casanovas-blanco","21":"tag-martino-tattara","22":"tag-momentum-magazine","23":"tag-neeraj-bhatia","24":"tag-nundo","25":"tag-pablo-martinez-capdevila","26":"tag-pedro-azevedo","27":"tag-rebecca-carrai","28":"tag-tatiana-poggi"},"yoast_head":"<!-- This site is optimized with the Yoast SEO plugin v27.4 - https:\/\/yoast.com\/product\/yoast-seo-wordpress\/ -->\n<title>Momentum III. Limited Framework - veredes<\/title>\n<meta name=\"description\" content=\"Toda la informaci\u00f3n sobre: Momentum III. Limited Framework\" \/>\n<meta name=\"robots\" content=\"index, follow, max-snippet:-1, max-image-preview:large, max-video-preview:-1\" \/>\n<link rel=\"canonical\" href=\"https:\/\/veredes.es\/blog\/momentum-3-limited-framework\/\" \/>\n<meta property=\"og:locale\" content=\"es_ES\" \/>\n<meta property=\"og:type\" content=\"article\" \/>\n<meta property=\"og:title\" content=\"Momentum III. Limited Framework - veredes\" \/>\n<meta property=\"og:description\" content=\"Toda la informaci\u00f3n sobre: Momentum III. Limited Framework\" \/>\n<meta property=\"og:url\" content=\"https:\/\/veredes.es\/blog\/momentum-3-limited-framework\/\" \/>\n<meta property=\"og:site_name\" content=\"veredes, arquitectura y divulgaci\u00f3n\" \/>\n<meta property=\"article:publisher\" content=\"https:\/\/www.facebook.com\/veredesArquitecturayDivulgacion\/\" \/>\n<meta property=\"article:author\" content=\"https:\/\/www.facebook.com\/veredesArquitecturayDivulgacion\/\" \/>\n<meta property=\"article:published_time\" content=\"2019-12-31T07:59:20+00:00\" \/>\n<meta property=\"article:modified_time\" content=\"2019-12-31T08:06:28+00:00\" \/>\n<meta property=\"og:image\" content=\"https:\/\/veredes.es\/blog\/wp-content\/uploads\/2019\/12\/Momentum-III.-Limited-Framework.jpg\" \/>\n\t<meta property=\"og:image:width\" content=\"1200\" \/>\n\t<meta property=\"og:image:height\" content=\"1653\" \/>\n\t<meta property=\"og:image:type\" content=\"image\/jpeg\" \/>\n<meta name=\"author\" content=\"veredes\" \/>\n<meta name=\"twitter:card\" content=\"summary_large_image\" \/>\n<meta name=\"twitter:creator\" content=\"@https:\/\/twitter.com\/veredes\" \/>\n<meta name=\"twitter:site\" content=\"@veredes\" \/>\n<meta name=\"twitter:label1\" content=\"Escrito por\" \/>\n\t<meta name=\"twitter:data1\" content=\"veredes\" \/>\n\t<meta name=\"twitter:label2\" content=\"Tiempo de lectura\" \/>\n\t<meta name=\"twitter:data2\" content=\"8 minutos\" \/>\n<script type=\"application\/ld+json\" class=\"yoast-schema-graph\">{\"@context\":\"https:\\\/\\\/schema.org\",\"@graph\":[{\"@type\":\"Article\",\"@id\":\"https:\\\/\\\/veredes.es\\\/blog\\\/momentum-3-limited-framework\\\/#article\",\"isPartOf\":{\"@id\":\"https:\\\/\\\/veredes.es\\\/blog\\\/momentum-3-limited-framework\\\/\"},\"author\":{\"name\":\"veredes\",\"@id\":\"https:\\\/\\\/veredes.es\\\/blog\\\/#\\\/schema\\\/person\\\/0bbb669073ef7faba5168a0844e93d2c\"},\"headline\":\"Momentum III. Limited Framework\",\"datePublished\":\"2019-12-31T07:59:20+00:00\",\"dateModified\":\"2019-12-31T08:06:28+00:00\",\"mainEntityOfPage\":{\"@id\":\"https:\\\/\\\/veredes.es\\\/blog\\\/momentum-3-limited-framework\\\/\"},\"wordCount\":1527,\"commentCount\":0,\"publisher\":{\"@id\":\"https:\\\/\\\/veredes.es\\\/blog\\\/#organization\"},\"image\":{\"@id\":\"https:\\\/\\\/veredes.es\\\/blog\\\/momentum-3-limited-framework\\\/#primaryimage\"},\"thumbnailUrl\":\"https:\\\/\\\/veredes.es\\\/blog\\\/wp-content\\\/uploads\\\/2019\\\/12\\\/Momentum-III.-Limited-Framework.jpg\",\"keywords\":[\"Adrian Phiffer\",\"AFAB Architecture\",\"Alejandro Carrasco Hidalgo\",\"\u00c1ngela Molina\",\"Atxu Amann\",\"Cesar Lopez\",\"Daniel Mart\u00edn-Villamuelas\",\"Eduardo Cilleruelo Ter\u00e1n\",\"Guillermo S\u00e1nchez-Arsuaga\",\"Kapka Kassabova\",\"Laura Puchades\",\"Lluis Alexandre Casanovas Blanco\",\"Martino Tattara\",\"Momentum Magazine\",\"Neeraj Bhatia\",\"n\u2019UNDO\",\"Pablo Mart\u00ednez Capdevila\",\"Pedro Azevedo\",\"Rebecca Carrai\",\"Tatiana Poggi\"],\"articleSection\":[\"publicaciones\",\"revistas\"],\"inLanguage\":\"es\",\"potentialAction\":[{\"@type\":\"CommentAction\",\"name\":\"Comment\",\"target\":[\"https:\\\/\\\/veredes.es\\\/blog\\\/momentum-3-limited-framework\\\/#respond\"]}]},{\"@type\":\"WebPage\",\"@id\":\"https:\\\/\\\/veredes.es\\\/blog\\\/momentum-3-limited-framework\\\/\",\"url\":\"https:\\\/\\\/veredes.es\\\/blog\\\/momentum-3-limited-framework\\\/\",\"name\":\"Momentum III. Limited Framework - veredes\",\"isPartOf\":{\"@id\":\"https:\\\/\\\/veredes.es\\\/blog\\\/#website\"},\"primaryImageOfPage\":{\"@id\":\"https:\\\/\\\/veredes.es\\\/blog\\\/momentum-3-limited-framework\\\/#primaryimage\"},\"image\":{\"@id\":\"https:\\\/\\\/veredes.es\\\/blog\\\/momentum-3-limited-framework\\\/#primaryimage\"},\"thumbnailUrl\":\"https:\\\/\\\/veredes.es\\\/blog\\\/wp-content\\\/uploads\\\/2019\\\/12\\\/Momentum-III.-Limited-Framework.jpg\",\"datePublished\":\"2019-12-31T07:59:20+00:00\",\"dateModified\":\"2019-12-31T08:06:28+00:00\",\"description\":\"Toda la informaci\u00f3n sobre: Momentum III. Limited Framework\",\"breadcrumb\":{\"@id\":\"https:\\\/\\\/veredes.es\\\/blog\\\/momentum-3-limited-framework\\\/#breadcrumb\"},\"inLanguage\":\"es\",\"potentialAction\":[{\"@type\":\"ReadAction\",\"target\":[\"https:\\\/\\\/veredes.es\\\/blog\\\/momentum-3-limited-framework\\\/\"]}]},{\"@type\":\"ImageObject\",\"inLanguage\":\"es\",\"@id\":\"https:\\\/\\\/veredes.es\\\/blog\\\/momentum-3-limited-framework\\\/#primaryimage\",\"url\":\"https:\\\/\\\/veredes.es\\\/blog\\\/wp-content\\\/uploads\\\/2019\\\/12\\\/Momentum-III.-Limited-Framework.jpg\",\"contentUrl\":\"https:\\\/\\\/veredes.es\\\/blog\\\/wp-content\\\/uploads\\\/2019\\\/12\\\/Momentum-III.-Limited-Framework.jpg\",\"width\":1200,\"height\":1653},{\"@type\":\"BreadcrumbList\",\"@id\":\"https:\\\/\\\/veredes.es\\\/blog\\\/momentum-3-limited-framework\\\/#breadcrumb\",\"itemListElement\":[{\"@type\":\"ListItem\",\"position\":1,\"name\":\"Portada\",\"item\":\"https:\\\/\\\/veredes.es\\\/blog\\\/\"},{\"@type\":\"ListItem\",\"position\":2,\"name\":\"Momentum III. Limited Framework\"}]},{\"@type\":\"WebSite\",\"@id\":\"https:\\\/\\\/veredes.es\\\/blog\\\/#website\",\"url\":\"https:\\\/\\\/veredes.es\\\/blog\\\/\",\"name\":\"veredes, arquitectura y divulgaci\u00f3n\",\"description\":\"veredes\",\"publisher\":{\"@id\":\"https:\\\/\\\/veredes.es\\\/blog\\\/#organization\"},\"alternateName\":\"veredes\",\"potentialAction\":[{\"@type\":\"SearchAction\",\"target\":{\"@type\":\"EntryPoint\",\"urlTemplate\":\"https:\\\/\\\/veredes.es\\\/blog\\\/?s={search_term_string}\"},\"query-input\":{\"@type\":\"PropertyValueSpecification\",\"valueRequired\":true,\"valueName\":\"search_term_string\"}}],\"inLanguage\":\"es\"},{\"@type\":\"Organization\",\"@id\":\"https:\\\/\\\/veredes.es\\\/blog\\\/#organization\",\"name\":\"veredes, arquitectura y divulgaci\u00f3n\",\"alternateName\":\"veredes\",\"url\":\"https:\\\/\\\/veredes.es\\\/blog\\\/\",\"logo\":{\"@type\":\"ImageObject\",\"inLanguage\":\"es\",\"@id\":\"https:\\\/\\\/veredes.es\\\/blog\\\/#\\\/schema\\\/logo\\\/image\\\/\",\"url\":\"https:\\\/\\\/veredes.es\\\/blog\\\/wp-content\\\/uploads\\\/2021\\\/12\\\/veredes-logo-centrado_140x54.png\",\"contentUrl\":\"https:\\\/\\\/veredes.es\\\/blog\\\/wp-content\\\/uploads\\\/2021\\\/12\\\/veredes-logo-centrado_140x54.png\",\"width\":140,\"height\":54,\"caption\":\"veredes, arquitectura y divulgaci\u00f3n\"},\"image\":{\"@id\":\"https:\\\/\\\/veredes.es\\\/blog\\\/#\\\/schema\\\/logo\\\/image\\\/\"},\"sameAs\":[\"https:\\\/\\\/www.facebook.com\\\/veredesArquitecturayDivulgacion\\\/\",\"https:\\\/\\\/x.com\\\/veredes\",\"https:\\\/\\\/instagram.com\\\/veredes\\\/\",\"https:\\\/\\\/www.linkedin.com\\\/company\\\/veredes-arquitectura-y-divulgacion\\\/\",\"https:\\\/\\\/es.pinterest.com\\\/veredes\\\/\",\"https:\\\/\\\/www.tumblr.com\\\/veredes\"]},{\"@type\":\"Person\",\"@id\":\"https:\\\/\\\/veredes.es\\\/blog\\\/#\\\/schema\\\/person\\\/0bbb669073ef7faba5168a0844e93d2c\",\"name\":\"veredes\",\"image\":{\"@type\":\"ImageObject\",\"inLanguage\":\"es\",\"@id\":\"https:\\\/\\\/veredes.es\\\/blog\\\/wp-content\\\/uploads\\\/2018\\\/04\\\/face-96x96.jpg\",\"url\":\"https:\\\/\\\/veredes.es\\\/blog\\\/wp-content\\\/uploads\\\/2018\\\/04\\\/face-96x96.jpg\",\"contentUrl\":\"https:\\\/\\\/veredes.es\\\/blog\\\/wp-content\\\/uploads\\\/2018\\\/04\\\/face-96x96.jpg\",\"caption\":\"veredes\"},\"description\":\"Surge enero de 2009 como b\u00fasqueda de satisfacer el conocimiento de la actividad arquitect\u00f3nica y tangentes que se generan. La idea es crear un espacio para divulgar los diversos proyectos en busca de nueva inspiraci\u00f3n y de intercambio.\",\"sameAs\":[\"https:\\\/\\\/veredes.es\\\/\",\"https:\\\/\\\/www.facebook.com\\\/veredesArquitecturayDivulgacion\\\/\",\"https:\\\/\\\/www.instagram.com\\\/veredes\\\/\",\"https:\\\/\\\/www.linkedin.com\\\/company\\\/veredes-arquitectura-y-divulgacion\\\/\",\"https:\\\/\\\/www.pinterest.es\\\/veredes\\\/\",\"https:\\\/\\\/x.com\\\/https:\\\/\\\/twitter.com\\\/veredes\",\"https:\\\/\\\/veredes.tumblr.com\\\/\"],\"url\":\"https:\\\/\\\/veredes.es\\\/blog\\\/author\\\/alberto\\\/\"}]}<\/script>\n<!-- \/ Yoast SEO plugin. -->","yoast_head_json":{"title":"Momentum III. Limited Framework - veredes","description":"Toda la informaci\u00f3n sobre: Momentum III. Limited Framework","robots":{"index":"index","follow":"follow","max-snippet":"max-snippet:-1","max-image-preview":"max-image-preview:large","max-video-preview":"max-video-preview:-1"},"canonical":"https:\/\/veredes.es\/blog\/momentum-3-limited-framework\/","og_locale":"es_ES","og_type":"article","og_title":"Momentum III. Limited Framework - veredes","og_description":"Toda la informaci\u00f3n sobre: Momentum III. Limited Framework","og_url":"https:\/\/veredes.es\/blog\/momentum-3-limited-framework\/","og_site_name":"veredes, arquitectura y divulgaci\u00f3n","article_publisher":"https:\/\/www.facebook.com\/veredesArquitecturayDivulgacion\/","article_author":"https:\/\/www.facebook.com\/veredesArquitecturayDivulgacion\/","article_published_time":"2019-12-31T07:59:20+00:00","article_modified_time":"2019-12-31T08:06:28+00:00","og_image":[{"width":1200,"height":1653,"url":"https:\/\/veredes.es\/blog\/wp-content\/uploads\/2019\/12\/Momentum-III.-Limited-Framework.jpg","type":"image\/jpeg"}],"author":"veredes","twitter_card":"summary_large_image","twitter_creator":"@https:\/\/twitter.com\/veredes","twitter_site":"@veredes","twitter_misc":{"Escrito por":"veredes","Tiempo de lectura":"8 minutos"},"schema":{"@context":"https:\/\/schema.org","@graph":[{"@type":"Article","@id":"https:\/\/veredes.es\/blog\/momentum-3-limited-framework\/#article","isPartOf":{"@id":"https:\/\/veredes.es\/blog\/momentum-3-limited-framework\/"},"author":{"name":"veredes","@id":"https:\/\/veredes.es\/blog\/#\/schema\/person\/0bbb669073ef7faba5168a0844e93d2c"},"headline":"Momentum III. Limited Framework","datePublished":"2019-12-31T07:59:20+00:00","dateModified":"2019-12-31T08:06:28+00:00","mainEntityOfPage":{"@id":"https:\/\/veredes.es\/blog\/momentum-3-limited-framework\/"},"wordCount":1527,"commentCount":0,"publisher":{"@id":"https:\/\/veredes.es\/blog\/#organization"},"image":{"@id":"https:\/\/veredes.es\/blog\/momentum-3-limited-framework\/#primaryimage"},"thumbnailUrl":"https:\/\/veredes.es\/blog\/wp-content\/uploads\/2019\/12\/Momentum-III.-Limited-Framework.jpg","keywords":["Adrian Phiffer","AFAB Architecture","Alejandro Carrasco Hidalgo","\u00c1ngela Molina","Atxu Amann","Cesar Lopez","Daniel Mart\u00edn-Villamuelas","Eduardo Cilleruelo Ter\u00e1n","Guillermo S\u00e1nchez-Arsuaga","Kapka Kassabova","Laura Puchades","Lluis Alexandre Casanovas Blanco","Martino Tattara","Momentum Magazine","Neeraj Bhatia","n\u2019UNDO","Pablo Mart\u00ednez Capdevila","Pedro Azevedo","Rebecca Carrai","Tatiana Poggi"],"articleSection":["publicaciones","revistas"],"inLanguage":"es","potentialAction":[{"@type":"CommentAction","name":"Comment","target":["https:\/\/veredes.es\/blog\/momentum-3-limited-framework\/#respond"]}]},{"@type":"WebPage","@id":"https:\/\/veredes.es\/blog\/momentum-3-limited-framework\/","url":"https:\/\/veredes.es\/blog\/momentum-3-limited-framework\/","name":"Momentum III. Limited Framework - veredes","isPartOf":{"@id":"https:\/\/veredes.es\/blog\/#website"},"primaryImageOfPage":{"@id":"https:\/\/veredes.es\/blog\/momentum-3-limited-framework\/#primaryimage"},"image":{"@id":"https:\/\/veredes.es\/blog\/momentum-3-limited-framework\/#primaryimage"},"thumbnailUrl":"https:\/\/veredes.es\/blog\/wp-content\/uploads\/2019\/12\/Momentum-III.-Limited-Framework.jpg","datePublished":"2019-12-31T07:59:20+00:00","dateModified":"2019-12-31T08:06:28+00:00","description":"Toda la informaci\u00f3n sobre: Momentum III. Limited Framework","breadcrumb":{"@id":"https:\/\/veredes.es\/blog\/momentum-3-limited-framework\/#breadcrumb"},"inLanguage":"es","potentialAction":[{"@type":"ReadAction","target":["https:\/\/veredes.es\/blog\/momentum-3-limited-framework\/"]}]},{"@type":"ImageObject","inLanguage":"es","@id":"https:\/\/veredes.es\/blog\/momentum-3-limited-framework\/#primaryimage","url":"https:\/\/veredes.es\/blog\/wp-content\/uploads\/2019\/12\/Momentum-III.-Limited-Framework.jpg","contentUrl":"https:\/\/veredes.es\/blog\/wp-content\/uploads\/2019\/12\/Momentum-III.-Limited-Framework.jpg","width":1200,"height":1653},{"@type":"BreadcrumbList","@id":"https:\/\/veredes.es\/blog\/momentum-3-limited-framework\/#breadcrumb","itemListElement":[{"@type":"ListItem","position":1,"name":"Portada","item":"https:\/\/veredes.es\/blog\/"},{"@type":"ListItem","position":2,"name":"Momentum III. Limited Framework"}]},{"@type":"WebSite","@id":"https:\/\/veredes.es\/blog\/#website","url":"https:\/\/veredes.es\/blog\/","name":"veredes, arquitectura y divulgaci\u00f3n","description":"veredes","publisher":{"@id":"https:\/\/veredes.es\/blog\/#organization"},"alternateName":"veredes","potentialAction":[{"@type":"SearchAction","target":{"@type":"EntryPoint","urlTemplate":"https:\/\/veredes.es\/blog\/?s={search_term_string}"},"query-input":{"@type":"PropertyValueSpecification","valueRequired":true,"valueName":"search_term_string"}}],"inLanguage":"es"},{"@type":"Organization","@id":"https:\/\/veredes.es\/blog\/#organization","name":"veredes, arquitectura y divulgaci\u00f3n","alternateName":"veredes","url":"https:\/\/veredes.es\/blog\/","logo":{"@type":"ImageObject","inLanguage":"es","@id":"https:\/\/veredes.es\/blog\/#\/schema\/logo\/image\/","url":"https:\/\/veredes.es\/blog\/wp-content\/uploads\/2021\/12\/veredes-logo-centrado_140x54.png","contentUrl":"https:\/\/veredes.es\/blog\/wp-content\/uploads\/2021\/12\/veredes-logo-centrado_140x54.png","width":140,"height":54,"caption":"veredes, arquitectura y divulgaci\u00f3n"},"image":{"@id":"https:\/\/veredes.es\/blog\/#\/schema\/logo\/image\/"},"sameAs":["https:\/\/www.facebook.com\/veredesArquitecturayDivulgacion\/","https:\/\/x.com\/veredes","https:\/\/instagram.com\/veredes\/","https:\/\/www.linkedin.com\/company\/veredes-arquitectura-y-divulgacion\/","https:\/\/es.pinterest.com\/veredes\/","https:\/\/www.tumblr.com\/veredes"]},{"@type":"Person","@id":"https:\/\/veredes.es\/blog\/#\/schema\/person\/0bbb669073ef7faba5168a0844e93d2c","name":"veredes","image":{"@type":"ImageObject","inLanguage":"es","@id":"https:\/\/veredes.es\/blog\/wp-content\/uploads\/2018\/04\/face-96x96.jpg","url":"https:\/\/veredes.es\/blog\/wp-content\/uploads\/2018\/04\/face-96x96.jpg","contentUrl":"https:\/\/veredes.es\/blog\/wp-content\/uploads\/2018\/04\/face-96x96.jpg","caption":"veredes"},"description":"Surge enero de 2009 como b\u00fasqueda de satisfacer el conocimiento de la actividad arquitect\u00f3nica y tangentes que se generan. La idea es crear un espacio para divulgar los diversos proyectos en busca de nueva inspiraci\u00f3n y de intercambio.","sameAs":["https:\/\/veredes.es\/","https:\/\/www.facebook.com\/veredesArquitecturayDivulgacion\/","https:\/\/www.instagram.com\/veredes\/","https:\/\/www.linkedin.com\/company\/veredes-arquitectura-y-divulgacion\/","https:\/\/www.pinterest.es\/veredes\/","https:\/\/x.com\/https:\/\/twitter.com\/veredes","https:\/\/veredes.tumblr.com\/"],"url":"https:\/\/veredes.es\/blog\/author\/alberto\/"}]}},"_links":{"self":[{"href":"https:\/\/veredes.es\/blog\/wp-json\/wp\/v2\/posts\/76929","targetHints":{"allow":["GET"]}}],"collection":[{"href":"https:\/\/veredes.es\/blog\/wp-json\/wp\/v2\/posts"}],"about":[{"href":"https:\/\/veredes.es\/blog\/wp-json\/wp\/v2\/types\/post"}],"author":[{"embeddable":true,"href":"https:\/\/veredes.es\/blog\/wp-json\/wp\/v2\/users\/2"}],"replies":[{"embeddable":true,"href":"https:\/\/veredes.es\/blog\/wp-json\/wp\/v2\/comments?post=76929"}],"version-history":[{"count":0,"href":"https:\/\/veredes.es\/blog\/wp-json\/wp\/v2\/posts\/76929\/revisions"}],"wp:featuredmedia":[{"embeddable":true,"href":"https:\/\/veredes.es\/blog\/wp-json\/wp\/v2\/media\/76930"}],"wp:attachment":[{"href":"https:\/\/veredes.es\/blog\/wp-json\/wp\/v2\/media?parent=76929"}],"wp:term":[{"taxonomy":"category","embeddable":true,"href":"https:\/\/veredes.es\/blog\/wp-json\/wp\/v2\/categories?post=76929"},{"taxonomy":"post_tag","embeddable":true,"href":"https:\/\/veredes.es\/blog\/wp-json\/wp\/v2\/tags?post=76929"}],"curies":[{"name":"wp","href":"https:\/\/api.w.org\/{rel}","templated":true}]}}