{"id":76639,"date":"2019-12-24T00:01:34","date_gmt":"2019-12-23T23:01:34","guid":{"rendered":"https:\/\/veredes.es\/blog\/?p=76639"},"modified":"2021-07-03T10:27:59","modified_gmt":"2021-07-03T08:27:59","slug":"12-artistas-colaboran-la-organizacion-nacional-payasos-hospital-saniclown-no-calendario","status":"publish","type":"post","link":"https:\/\/veredes.es\/blog\/12-artistas-colaboran-la-organizacion-nacional-payasos-hospital-saniclown-no-calendario\/","title":{"rendered":"12 artistas colaboran con la Organizaci\u00f3n Nacional de Payasos de Hospital Saniclown: Esto no es un calendario"},"content":{"rendered":"<p><\/p>\n<p style=\"text-align: justify;\"><img loading=\"lazy\" decoding=\"async\" class=\"alignnone size-large wp-image-76640\" src=\"https:\/\/veredes.es\/blog\/wp-content\/uploads\/2019\/12\/12-artistas-colaboran-con-la-Organizaci\u00f3n-Nacional-de-Payasos-de-Hospital-Saniclown-Esto-no-es-un-calendario-Banner-1024x467.jpg\" alt=\"12 artistas colaboran con la Organizaci\u00f3n Nacional de Payasos de Hospital Saniclown Esto no es un calendario Banner\" width=\"640\" height=\"292\" srcset=\"https:\/\/veredes.es\/blog\/wp-content\/uploads\/2019\/12\/12-artistas-colaboran-con-la-Organizaci\u00f3n-Nacional-de-Payasos-de-Hospital-Saniclown-Esto-no-es-un-calendario-Banner-1024x467.jpg 1024w, https:\/\/veredes.es\/blog\/wp-content\/uploads\/2019\/12\/12-artistas-colaboran-con-la-Organizaci\u00f3n-Nacional-de-Payasos-de-Hospital-Saniclown-Esto-no-es-un-calendario-Banner-300x137.jpg 300w, https:\/\/veredes.es\/blog\/wp-content\/uploads\/2019\/12\/12-artistas-colaboran-con-la-Organizaci\u00f3n-Nacional-de-Payasos-de-Hospital-Saniclown-Esto-no-es-un-calendario-Banner.jpg 1200w\" sizes=\"auto, (max-width: 640px) 100vw, 640px\" \/><\/p>\n<p style=\"text-align: justify;\">La <strong>Asociaci\u00f3n Nacional de Payasos de Hospital <em>Saniclown<\/em><\/strong> lleva desde 2004 haciendo m\u00e1s f\u00e1ciles los d\u00edas de los peque\u00f1os y peque\u00f1as que se encuentran en situaciones complicadas, ingresados en hospitales de toda Espa\u00f1a, aportando un apoyo emocional inestimable a familias enteras, e incluso sacando alguna carcajada inimaginable. Un verdadero Arte, emocionante y divertido, que estos Clowns de Hospital llevan a cabo d\u00eda tras d\u00eda para conseguir poner un poco de luz en los momentos m\u00e1s necesarios.<\/p>\n<p style=\"text-align: justify;\">Desde la publicaci\u00f3n online de Arquitectura y Arte <em>Patio de Sombras<\/em>, se puso en marcha un proyecto ben\u00e9fico para conseguir reunir a doce artistas j\u00f3venes de distintas disciplinas -fot\u00f3grafos, arquitectos, poetas, ilustradores, pintores\u2026- cuyo trabajo acabar\u00eda acompa\u00f1ando un calendario que gira en torno a la infancia, un ensayo visceral y directo, personal, de la ni\u00f1ez.<\/p>\n<p style=\"text-align: justify;\"><img loading=\"lazy\" decoding=\"async\" class=\"alignnone size-large wp-image-76641\" src=\"https:\/\/veredes.es\/blog\/wp-content\/uploads\/2019\/12\/12-artistas-colaboran-con-la-Organizaci\u00f3n-Nacional-de-Payasos-de-Hospital-Saniclown-Esto-no-es-un-calendario-1024x768.jpg\" alt=\"12 artistas colaboran con la Organizaci\u00f3n Nacional de Payasos de Hospital Saniclown Esto no es un calendario\" width=\"640\" height=\"480\" srcset=\"https:\/\/veredes.es\/blog\/wp-content\/uploads\/2019\/12\/12-artistas-colaboran-con-la-Organizaci\u00f3n-Nacional-de-Payasos-de-Hospital-Saniclown-Esto-no-es-un-calendario-1024x768.jpg 1024w, https:\/\/veredes.es\/blog\/wp-content\/uploads\/2019\/12\/12-artistas-colaboran-con-la-Organizaci\u00f3n-Nacional-de-Payasos-de-Hospital-Saniclown-Esto-no-es-un-calendario-300x225.jpg 300w, https:\/\/veredes.es\/blog\/wp-content\/uploads\/2019\/12\/12-artistas-colaboran-con-la-Organizaci\u00f3n-Nacional-de-Payasos-de-Hospital-Saniclown-Esto-no-es-un-calendario.jpg 1200w\" sizes=\"auto, (max-width: 640px) 100vw, 640px\" \/><\/p>\n<p style=\"text-align: justify;\">El <strong>Calendario Ben\u00e9fico | 20 20<\/strong> nace de la colaboraci\u00f3n de 12 artistas internacionales, generando un documento manual, artesano, y sencillo. Un proyecto que Patio de Sombras pone en marcha para conseguir que aquellos peque\u00f1os que tienen que pasar sus d\u00edas en un hospital, sea como sea, siempre tengan una raz\u00f3n para sonre\u00edr. Y es por eso por lo que el beneficio de todas las ventas de este calendario ir\u00e1 a la Asociaci\u00f3n Nacional de Payasos de Hospitales Saniclown, para que sigan haciendo esa magia tan especial que s\u00f3lo ellos son capaces de hacer: Hacernos re\u00edr.<\/p>\n<blockquote>\n<p style=\"text-align: justify;\">\u201cComo dir\u00eda Ren\u00e9 Magritte, <strong><em>esto no es un calendario<\/em><\/strong>\u2026<br \/>\n\u2026es un patio, un lugar de encuentro, donde contar grandes historias y pasar las horas juntos. Donde hay sitio para todos, y cuantos m\u00e1s mejor. Es un cuento, contado por 12 artistas, a lo largo de 12 meses, con sus d\u00edas y noches, fr\u00edas o c\u00e1lidas, pero siempre con una gran sonrisa.\u201d<\/p>\n<\/blockquote>\n<p style=\"text-align: center;\"><strong>Puedes colaborar con el proyecto en la web de Patio de Sombras.<\/strong><\/p>\n<p><\/p>","protected":false},"excerpt":{"rendered":"<p>La Asociaci\u00f3n Nacional de Payasos de Hospital Saniclown lleva desde 2004 haciendo m\u00e1s f\u00e1ciles los d\u00edas de los peque\u00f1os y peque\u00f1as que se encuentran en situaciones complicadas, ingresados en hospitales de toda Espa\u00f1a, aportando un apoyo emocional inestimable a familias enteras, e incluso sacando alguna carcajada inimaginable. Un verdadero Arte, emocionante y divertido, que estos [&hellip;]<\/p>\n","protected":false},"author":2,"featured_media":76641,"comment_status":"open","ping_status":"closed","sticky":false,"template":"","format":"standard","meta":{"footnotes":""},"categories":[5624],"tags":[14393,1780],"class_list":{"0":"post-76639","1":"post","2":"type-post","3":"status-publish","4":"format-standard","5":"has-post-thumbnail","7":"category-deriva","8":"tag-calendario","9":"tag-solidaridad"},"yoast_head":"<!-- This site is optimized with the Yoast SEO plugin v27.4 - https:\/\/yoast.com\/product\/yoast-seo-wordpress\/ -->\n<title>12 artistas colaboran con la Organizaci\u00f3n Nacional de Payasos de Hospital Saniclown: Esto no es un calendario - veredes<\/title>\n<meta name=\"description\" content=\"Toda la informaci\u00f3n sobre: 12 artistas colaboran con la Organizaci\u00f3n Nacional de Payasos de Hospital Saniclown: Esto no es un calendario\" \/>\n<meta name=\"robots\" content=\"index, follow, max-snippet:-1, max-image-preview:large, max-video-preview:-1\" \/>\n<link rel=\"canonical\" href=\"https:\/\/veredes.es\/blog\/12-artistas-colaboran-la-organizacion-nacional-payasos-hospital-saniclown-no-calendario\/\" \/>\n<meta property=\"og:locale\" content=\"es_ES\" \/>\n<meta property=\"og:type\" content=\"article\" \/>\n<meta property=\"og:title\" content=\"12 artistas colaboran con la Organizaci\u00f3n Nacional de Payasos de Hospital Saniclown: Esto no es un calendario - veredes\" \/>\n<meta property=\"og:description\" content=\"Toda la informaci\u00f3n sobre: 12 artistas colaboran con la Organizaci\u00f3n Nacional de Payasos de Hospital Saniclown: Esto no es un calendario\" \/>\n<meta property=\"og:url\" content=\"https:\/\/veredes.es\/blog\/12-artistas-colaboran-la-organizacion-nacional-payasos-hospital-saniclown-no-calendario\/\" \/>\n<meta property=\"og:site_name\" content=\"veredes, arquitectura y divulgaci\u00f3n\" \/>\n<meta property=\"article:publisher\" content=\"https:\/\/www.facebook.com\/veredesArquitecturayDivulgacion\/\" \/>\n<meta property=\"article:author\" content=\"https:\/\/www.facebook.com\/veredesArquitecturayDivulgacion\/\" \/>\n<meta property=\"article:published_time\" content=\"2019-12-23T23:01:34+00:00\" \/>\n<meta property=\"article:modified_time\" content=\"2021-07-03T08:27:59+00:00\" \/>\n<meta property=\"og:image\" content=\"https:\/\/veredes.es\/blog\/wp-content\/uploads\/2019\/12\/12-artistas-colaboran-con-la-Organizaci\u00f3n-Nacional-de-Payasos-de-Hospital-Saniclown-Esto-no-es-un-calendario.jpg\" \/>\n\t<meta property=\"og:image:width\" content=\"1200\" \/>\n\t<meta property=\"og:image:height\" content=\"900\" \/>\n\t<meta property=\"og:image:type\" content=\"image\/jpeg\" \/>\n<meta name=\"author\" content=\"veredes\" \/>\n<meta name=\"twitter:card\" content=\"summary_large_image\" \/>\n<meta name=\"twitter:creator\" content=\"@https:\/\/twitter.com\/veredes\" \/>\n<meta name=\"twitter:site\" content=\"@veredes\" \/>\n<meta name=\"twitter:label1\" content=\"Escrito por\" \/>\n\t<meta name=\"twitter:data1\" content=\"veredes\" \/>\n\t<meta name=\"twitter:label2\" content=\"Tiempo de lectura\" \/>\n\t<meta name=\"twitter:data2\" content=\"5 minutos\" \/>\n<script type=\"application\/ld+json\" class=\"yoast-schema-graph\">{\"@context\":\"https:\\\/\\\/schema.org\",\"@graph\":[{\"@type\":\"Article\",\"@id\":\"https:\\\/\\\/veredes.es\\\/blog\\\/12-artistas-colaboran-la-organizacion-nacional-payasos-hospital-saniclown-no-calendario\\\/#article\",\"isPartOf\":{\"@id\":\"https:\\\/\\\/veredes.es\\\/blog\\\/12-artistas-colaboran-la-organizacion-nacional-payasos-hospital-saniclown-no-calendario\\\/\"},\"author\":{\"name\":\"veredes\",\"@id\":\"https:\\\/\\\/veredes.es\\\/blog\\\/#\\\/schema\\\/person\\\/0bbb669073ef7faba5168a0844e93d2c\"},\"headline\":\"12 artistas colaboran con la Organizaci\u00f3n Nacional de Payasos de Hospital Saniclown: Esto no es un calendario\",\"datePublished\":\"2019-12-23T23:01:34+00:00\",\"dateModified\":\"2021-07-03T08:27:59+00:00\",\"mainEntityOfPage\":{\"@id\":\"https:\\\/\\\/veredes.es\\\/blog\\\/12-artistas-colaboran-la-organizacion-nacional-payasos-hospital-saniclown-no-calendario\\\/\"},\"wordCount\":995,\"commentCount\":0,\"publisher\":{\"@id\":\"https:\\\/\\\/veredes.es\\\/blog\\\/#organization\"},\"image\":{\"@id\":\"https:\\\/\\\/veredes.es\\\/blog\\\/12-artistas-colaboran-la-organizacion-nacional-payasos-hospital-saniclown-no-calendario\\\/#primaryimage\"},\"thumbnailUrl\":\"https:\\\/\\\/veredes.es\\\/blog\\\/wp-content\\\/uploads\\\/2019\\\/12\\\/12-artistas-colaboran-con-la-Organizaci\u00f3n-Nacional-de-Payasos-de-Hospital-Saniclown-Esto-no-es-un-calendario.jpg\",\"keywords\":[\"calendario\",\"solidaridad\"],\"articleSection\":[\"deriva\"],\"inLanguage\":\"es\",\"potentialAction\":[{\"@type\":\"CommentAction\",\"name\":\"Comment\",\"target\":[\"https:\\\/\\\/veredes.es\\\/blog\\\/12-artistas-colaboran-la-organizacion-nacional-payasos-hospital-saniclown-no-calendario\\\/#respond\"]}]},{\"@type\":\"WebPage\",\"@id\":\"https:\\\/\\\/veredes.es\\\/blog\\\/12-artistas-colaboran-la-organizacion-nacional-payasos-hospital-saniclown-no-calendario\\\/\",\"url\":\"https:\\\/\\\/veredes.es\\\/blog\\\/12-artistas-colaboran-la-organizacion-nacional-payasos-hospital-saniclown-no-calendario\\\/\",\"name\":\"12 artistas colaboran con la Organizaci\u00f3n Nacional de Payasos de Hospital Saniclown: Esto no es un calendario - veredes\",\"isPartOf\":{\"@id\":\"https:\\\/\\\/veredes.es\\\/blog\\\/#website\"},\"primaryImageOfPage\":{\"@id\":\"https:\\\/\\\/veredes.es\\\/blog\\\/12-artistas-colaboran-la-organizacion-nacional-payasos-hospital-saniclown-no-calendario\\\/#primaryimage\"},\"image\":{\"@id\":\"https:\\\/\\\/veredes.es\\\/blog\\\/12-artistas-colaboran-la-organizacion-nacional-payasos-hospital-saniclown-no-calendario\\\/#primaryimage\"},\"thumbnailUrl\":\"https:\\\/\\\/veredes.es\\\/blog\\\/wp-content\\\/uploads\\\/2019\\\/12\\\/12-artistas-colaboran-con-la-Organizaci\u00f3n-Nacional-de-Payasos-de-Hospital-Saniclown-Esto-no-es-un-calendario.jpg\",\"datePublished\":\"2019-12-23T23:01:34+00:00\",\"dateModified\":\"2021-07-03T08:27:59+00:00\",\"description\":\"Toda la informaci\u00f3n sobre: 12 artistas colaboran con la Organizaci\u00f3n Nacional de Payasos de Hospital Saniclown: Esto no es un calendario\",\"breadcrumb\":{\"@id\":\"https:\\\/\\\/veredes.es\\\/blog\\\/12-artistas-colaboran-la-organizacion-nacional-payasos-hospital-saniclown-no-calendario\\\/#breadcrumb\"},\"inLanguage\":\"es\",\"potentialAction\":[{\"@type\":\"ReadAction\",\"target\":[\"https:\\\/\\\/veredes.es\\\/blog\\\/12-artistas-colaboran-la-organizacion-nacional-payasos-hospital-saniclown-no-calendario\\\/\"]}]},{\"@type\":\"ImageObject\",\"inLanguage\":\"es\",\"@id\":\"https:\\\/\\\/veredes.es\\\/blog\\\/12-artistas-colaboran-la-organizacion-nacional-payasos-hospital-saniclown-no-calendario\\\/#primaryimage\",\"url\":\"https:\\\/\\\/veredes.es\\\/blog\\\/wp-content\\\/uploads\\\/2019\\\/12\\\/12-artistas-colaboran-con-la-Organizaci\u00f3n-Nacional-de-Payasos-de-Hospital-Saniclown-Esto-no-es-un-calendario.jpg\",\"contentUrl\":\"https:\\\/\\\/veredes.es\\\/blog\\\/wp-content\\\/uploads\\\/2019\\\/12\\\/12-artistas-colaboran-con-la-Organizaci\u00f3n-Nacional-de-Payasos-de-Hospital-Saniclown-Esto-no-es-un-calendario.jpg\",\"width\":1200,\"height\":900},{\"@type\":\"BreadcrumbList\",\"@id\":\"https:\\\/\\\/veredes.es\\\/blog\\\/12-artistas-colaboran-la-organizacion-nacional-payasos-hospital-saniclown-no-calendario\\\/#breadcrumb\",\"itemListElement\":[{\"@type\":\"ListItem\",\"position\":1,\"name\":\"Portada\",\"item\":\"https:\\\/\\\/veredes.es\\\/blog\\\/\"},{\"@type\":\"ListItem\",\"position\":2,\"name\":\"12 artistas colaboran con la Organizaci\u00f3n Nacional de Payasos de Hospital Saniclown: Esto no es un calendario\"}]},{\"@type\":\"WebSite\",\"@id\":\"https:\\\/\\\/veredes.es\\\/blog\\\/#website\",\"url\":\"https:\\\/\\\/veredes.es\\\/blog\\\/\",\"name\":\"veredes, arquitectura y divulgaci\u00f3n\",\"description\":\"veredes\",\"publisher\":{\"@id\":\"https:\\\/\\\/veredes.es\\\/blog\\\/#organization\"},\"alternateName\":\"veredes\",\"potentialAction\":[{\"@type\":\"SearchAction\",\"target\":{\"@type\":\"EntryPoint\",\"urlTemplate\":\"https:\\\/\\\/veredes.es\\\/blog\\\/?s={search_term_string}\"},\"query-input\":{\"@type\":\"PropertyValueSpecification\",\"valueRequired\":true,\"valueName\":\"search_term_string\"}}],\"inLanguage\":\"es\"},{\"@type\":\"Organization\",\"@id\":\"https:\\\/\\\/veredes.es\\\/blog\\\/#organization\",\"name\":\"veredes, arquitectura y divulgaci\u00f3n\",\"alternateName\":\"veredes\",\"url\":\"https:\\\/\\\/veredes.es\\\/blog\\\/\",\"logo\":{\"@type\":\"ImageObject\",\"inLanguage\":\"es\",\"@id\":\"https:\\\/\\\/veredes.es\\\/blog\\\/#\\\/schema\\\/logo\\\/image\\\/\",\"url\":\"https:\\\/\\\/veredes.es\\\/blog\\\/wp-content\\\/uploads\\\/2021\\\/12\\\/veredes-logo-centrado_140x54.png\",\"contentUrl\":\"https:\\\/\\\/veredes.es\\\/blog\\\/wp-content\\\/uploads\\\/2021\\\/12\\\/veredes-logo-centrado_140x54.png\",\"width\":140,\"height\":54,\"caption\":\"veredes, arquitectura y divulgaci\u00f3n\"},\"image\":{\"@id\":\"https:\\\/\\\/veredes.es\\\/blog\\\/#\\\/schema\\\/logo\\\/image\\\/\"},\"sameAs\":[\"https:\\\/\\\/www.facebook.com\\\/veredesArquitecturayDivulgacion\\\/\",\"https:\\\/\\\/x.com\\\/veredes\",\"https:\\\/\\\/instagram.com\\\/veredes\\\/\",\"https:\\\/\\\/www.linkedin.com\\\/company\\\/veredes-arquitectura-y-divulgacion\\\/\",\"https:\\\/\\\/es.pinterest.com\\\/veredes\\\/\",\"https:\\\/\\\/www.tumblr.com\\\/veredes\"]},{\"@type\":\"Person\",\"@id\":\"https:\\\/\\\/veredes.es\\\/blog\\\/#\\\/schema\\\/person\\\/0bbb669073ef7faba5168a0844e93d2c\",\"name\":\"veredes\",\"image\":{\"@type\":\"ImageObject\",\"inLanguage\":\"es\",\"@id\":\"https:\\\/\\\/veredes.es\\\/blog\\\/wp-content\\\/uploads\\\/2018\\\/04\\\/face-96x96.jpg\",\"url\":\"https:\\\/\\\/veredes.es\\\/blog\\\/wp-content\\\/uploads\\\/2018\\\/04\\\/face-96x96.jpg\",\"contentUrl\":\"https:\\\/\\\/veredes.es\\\/blog\\\/wp-content\\\/uploads\\\/2018\\\/04\\\/face-96x96.jpg\",\"caption\":\"veredes\"},\"description\":\"Surge enero de 2009 como b\u00fasqueda de satisfacer el conocimiento de la actividad arquitect\u00f3nica y tangentes que se generan. La idea es crear un espacio para divulgar los diversos proyectos en busca de nueva inspiraci\u00f3n y de intercambio.\",\"sameAs\":[\"https:\\\/\\\/veredes.es\\\/\",\"https:\\\/\\\/www.facebook.com\\\/veredesArquitecturayDivulgacion\\\/\",\"https:\\\/\\\/www.instagram.com\\\/veredes\\\/\",\"https:\\\/\\\/www.linkedin.com\\\/company\\\/veredes-arquitectura-y-divulgacion\\\/\",\"https:\\\/\\\/www.pinterest.es\\\/veredes\\\/\",\"https:\\\/\\\/x.com\\\/https:\\\/\\\/twitter.com\\\/veredes\",\"https:\\\/\\\/veredes.tumblr.com\\\/\"],\"url\":\"https:\\\/\\\/veredes.es\\\/blog\\\/author\\\/alberto\\\/\"}]}<\/script>\n<!-- \/ Yoast SEO plugin. -->","yoast_head_json":{"title":"12 artistas colaboran con la Organizaci\u00f3n Nacional de Payasos de Hospital Saniclown: Esto no es un calendario - veredes","description":"Toda la informaci\u00f3n sobre: 12 artistas colaboran con la Organizaci\u00f3n Nacional de Payasos de Hospital Saniclown: Esto no es un calendario","robots":{"index":"index","follow":"follow","max-snippet":"max-snippet:-1","max-image-preview":"max-image-preview:large","max-video-preview":"max-video-preview:-1"},"canonical":"https:\/\/veredes.es\/blog\/12-artistas-colaboran-la-organizacion-nacional-payasos-hospital-saniclown-no-calendario\/","og_locale":"es_ES","og_type":"article","og_title":"12 artistas colaboran con la Organizaci\u00f3n Nacional de Payasos de Hospital Saniclown: Esto no es un calendario - veredes","og_description":"Toda la informaci\u00f3n sobre: 12 artistas colaboran con la Organizaci\u00f3n Nacional de Payasos de Hospital Saniclown: Esto no es un calendario","og_url":"https:\/\/veredes.es\/blog\/12-artistas-colaboran-la-organizacion-nacional-payasos-hospital-saniclown-no-calendario\/","og_site_name":"veredes, arquitectura y divulgaci\u00f3n","article_publisher":"https:\/\/www.facebook.com\/veredesArquitecturayDivulgacion\/","article_author":"https:\/\/www.facebook.com\/veredesArquitecturayDivulgacion\/","article_published_time":"2019-12-23T23:01:34+00:00","article_modified_time":"2021-07-03T08:27:59+00:00","og_image":[{"width":1200,"height":900,"url":"https:\/\/veredes.es\/blog\/wp-content\/uploads\/2019\/12\/12-artistas-colaboran-con-la-Organizaci\u00f3n-Nacional-de-Payasos-de-Hospital-Saniclown-Esto-no-es-un-calendario.jpg","type":"image\/jpeg"}],"author":"veredes","twitter_card":"summary_large_image","twitter_creator":"@https:\/\/twitter.com\/veredes","twitter_site":"@veredes","twitter_misc":{"Escrito por":"veredes","Tiempo de lectura":"5 minutos"},"schema":{"@context":"https:\/\/schema.org","@graph":[{"@type":"Article","@id":"https:\/\/veredes.es\/blog\/12-artistas-colaboran-la-organizacion-nacional-payasos-hospital-saniclown-no-calendario\/#article","isPartOf":{"@id":"https:\/\/veredes.es\/blog\/12-artistas-colaboran-la-organizacion-nacional-payasos-hospital-saniclown-no-calendario\/"},"author":{"name":"veredes","@id":"https:\/\/veredes.es\/blog\/#\/schema\/person\/0bbb669073ef7faba5168a0844e93d2c"},"headline":"12 artistas colaboran con la Organizaci\u00f3n Nacional de Payasos de Hospital Saniclown: Esto no es un calendario","datePublished":"2019-12-23T23:01:34+00:00","dateModified":"2021-07-03T08:27:59+00:00","mainEntityOfPage":{"@id":"https:\/\/veredes.es\/blog\/12-artistas-colaboran-la-organizacion-nacional-payasos-hospital-saniclown-no-calendario\/"},"wordCount":995,"commentCount":0,"publisher":{"@id":"https:\/\/veredes.es\/blog\/#organization"},"image":{"@id":"https:\/\/veredes.es\/blog\/12-artistas-colaboran-la-organizacion-nacional-payasos-hospital-saniclown-no-calendario\/#primaryimage"},"thumbnailUrl":"https:\/\/veredes.es\/blog\/wp-content\/uploads\/2019\/12\/12-artistas-colaboran-con-la-Organizaci\u00f3n-Nacional-de-Payasos-de-Hospital-Saniclown-Esto-no-es-un-calendario.jpg","keywords":["calendario","solidaridad"],"articleSection":["deriva"],"inLanguage":"es","potentialAction":[{"@type":"CommentAction","name":"Comment","target":["https:\/\/veredes.es\/blog\/12-artistas-colaboran-la-organizacion-nacional-payasos-hospital-saniclown-no-calendario\/#respond"]}]},{"@type":"WebPage","@id":"https:\/\/veredes.es\/blog\/12-artistas-colaboran-la-organizacion-nacional-payasos-hospital-saniclown-no-calendario\/","url":"https:\/\/veredes.es\/blog\/12-artistas-colaboran-la-organizacion-nacional-payasos-hospital-saniclown-no-calendario\/","name":"12 artistas colaboran con la Organizaci\u00f3n Nacional de Payasos de Hospital Saniclown: Esto no es un calendario - veredes","isPartOf":{"@id":"https:\/\/veredes.es\/blog\/#website"},"primaryImageOfPage":{"@id":"https:\/\/veredes.es\/blog\/12-artistas-colaboran-la-organizacion-nacional-payasos-hospital-saniclown-no-calendario\/#primaryimage"},"image":{"@id":"https:\/\/veredes.es\/blog\/12-artistas-colaboran-la-organizacion-nacional-payasos-hospital-saniclown-no-calendario\/#primaryimage"},"thumbnailUrl":"https:\/\/veredes.es\/blog\/wp-content\/uploads\/2019\/12\/12-artistas-colaboran-con-la-Organizaci\u00f3n-Nacional-de-Payasos-de-Hospital-Saniclown-Esto-no-es-un-calendario.jpg","datePublished":"2019-12-23T23:01:34+00:00","dateModified":"2021-07-03T08:27:59+00:00","description":"Toda la informaci\u00f3n sobre: 12 artistas colaboran con la Organizaci\u00f3n Nacional de Payasos de Hospital Saniclown: Esto no es un calendario","breadcrumb":{"@id":"https:\/\/veredes.es\/blog\/12-artistas-colaboran-la-organizacion-nacional-payasos-hospital-saniclown-no-calendario\/#breadcrumb"},"inLanguage":"es","potentialAction":[{"@type":"ReadAction","target":["https:\/\/veredes.es\/blog\/12-artistas-colaboran-la-organizacion-nacional-payasos-hospital-saniclown-no-calendario\/"]}]},{"@type":"ImageObject","inLanguage":"es","@id":"https:\/\/veredes.es\/blog\/12-artistas-colaboran-la-organizacion-nacional-payasos-hospital-saniclown-no-calendario\/#primaryimage","url":"https:\/\/veredes.es\/blog\/wp-content\/uploads\/2019\/12\/12-artistas-colaboran-con-la-Organizaci\u00f3n-Nacional-de-Payasos-de-Hospital-Saniclown-Esto-no-es-un-calendario.jpg","contentUrl":"https:\/\/veredes.es\/blog\/wp-content\/uploads\/2019\/12\/12-artistas-colaboran-con-la-Organizaci\u00f3n-Nacional-de-Payasos-de-Hospital-Saniclown-Esto-no-es-un-calendario.jpg","width":1200,"height":900},{"@type":"BreadcrumbList","@id":"https:\/\/veredes.es\/blog\/12-artistas-colaboran-la-organizacion-nacional-payasos-hospital-saniclown-no-calendario\/#breadcrumb","itemListElement":[{"@type":"ListItem","position":1,"name":"Portada","item":"https:\/\/veredes.es\/blog\/"},{"@type":"ListItem","position":2,"name":"12 artistas colaboran con la Organizaci\u00f3n Nacional de Payasos de Hospital Saniclown: Esto no es un calendario"}]},{"@type":"WebSite","@id":"https:\/\/veredes.es\/blog\/#website","url":"https:\/\/veredes.es\/blog\/","name":"veredes, arquitectura y divulgaci\u00f3n","description":"veredes","publisher":{"@id":"https:\/\/veredes.es\/blog\/#organization"},"alternateName":"veredes","potentialAction":[{"@type":"SearchAction","target":{"@type":"EntryPoint","urlTemplate":"https:\/\/veredes.es\/blog\/?s={search_term_string}"},"query-input":{"@type":"PropertyValueSpecification","valueRequired":true,"valueName":"search_term_string"}}],"inLanguage":"es"},{"@type":"Organization","@id":"https:\/\/veredes.es\/blog\/#organization","name":"veredes, arquitectura y divulgaci\u00f3n","alternateName":"veredes","url":"https:\/\/veredes.es\/blog\/","logo":{"@type":"ImageObject","inLanguage":"es","@id":"https:\/\/veredes.es\/blog\/#\/schema\/logo\/image\/","url":"https:\/\/veredes.es\/blog\/wp-content\/uploads\/2021\/12\/veredes-logo-centrado_140x54.png","contentUrl":"https:\/\/veredes.es\/blog\/wp-content\/uploads\/2021\/12\/veredes-logo-centrado_140x54.png","width":140,"height":54,"caption":"veredes, arquitectura y divulgaci\u00f3n"},"image":{"@id":"https:\/\/veredes.es\/blog\/#\/schema\/logo\/image\/"},"sameAs":["https:\/\/www.facebook.com\/veredesArquitecturayDivulgacion\/","https:\/\/x.com\/veredes","https:\/\/instagram.com\/veredes\/","https:\/\/www.linkedin.com\/company\/veredes-arquitectura-y-divulgacion\/","https:\/\/es.pinterest.com\/veredes\/","https:\/\/www.tumblr.com\/veredes"]},{"@type":"Person","@id":"https:\/\/veredes.es\/blog\/#\/schema\/person\/0bbb669073ef7faba5168a0844e93d2c","name":"veredes","image":{"@type":"ImageObject","inLanguage":"es","@id":"https:\/\/veredes.es\/blog\/wp-content\/uploads\/2018\/04\/face-96x96.jpg","url":"https:\/\/veredes.es\/blog\/wp-content\/uploads\/2018\/04\/face-96x96.jpg","contentUrl":"https:\/\/veredes.es\/blog\/wp-content\/uploads\/2018\/04\/face-96x96.jpg","caption":"veredes"},"description":"Surge enero de 2009 como b\u00fasqueda de satisfacer el conocimiento de la actividad arquitect\u00f3nica y tangentes que se generan. La idea es crear un espacio para divulgar los diversos proyectos en busca de nueva inspiraci\u00f3n y de intercambio.","sameAs":["https:\/\/veredes.es\/","https:\/\/www.facebook.com\/veredesArquitecturayDivulgacion\/","https:\/\/www.instagram.com\/veredes\/","https:\/\/www.linkedin.com\/company\/veredes-arquitectura-y-divulgacion\/","https:\/\/www.pinterest.es\/veredes\/","https:\/\/x.com\/https:\/\/twitter.com\/veredes","https:\/\/veredes.tumblr.com\/"],"url":"https:\/\/veredes.es\/blog\/author\/alberto\/"}]}},"_links":{"self":[{"href":"https:\/\/veredes.es\/blog\/wp-json\/wp\/v2\/posts\/76639","targetHints":{"allow":["GET"]}}],"collection":[{"href":"https:\/\/veredes.es\/blog\/wp-json\/wp\/v2\/posts"}],"about":[{"href":"https:\/\/veredes.es\/blog\/wp-json\/wp\/v2\/types\/post"}],"author":[{"embeddable":true,"href":"https:\/\/veredes.es\/blog\/wp-json\/wp\/v2\/users\/2"}],"replies":[{"embeddable":true,"href":"https:\/\/veredes.es\/blog\/wp-json\/wp\/v2\/comments?post=76639"}],"version-history":[{"count":0,"href":"https:\/\/veredes.es\/blog\/wp-json\/wp\/v2\/posts\/76639\/revisions"}],"wp:featuredmedia":[{"embeddable":true,"href":"https:\/\/veredes.es\/blog\/wp-json\/wp\/v2\/media\/76641"}],"wp:attachment":[{"href":"https:\/\/veredes.es\/blog\/wp-json\/wp\/v2\/media?parent=76639"}],"wp:term":[{"taxonomy":"category","embeddable":true,"href":"https:\/\/veredes.es\/blog\/wp-json\/wp\/v2\/categories?post=76639"},{"taxonomy":"post_tag","embeddable":true,"href":"https:\/\/veredes.es\/blog\/wp-json\/wp\/v2\/tags?post=76639"}],"curies":[{"name":"wp","href":"https:\/\/api.w.org\/{rel}","templated":true}]}}