{"id":76069,"date":"2019-12-05T00:01:28","date_gmt":"2019-12-04T23:01:28","guid":{"rendered":"https:\/\/veredes.es\/blog\/?p=76069"},"modified":"2020-05-12T09:51:14","modified_gmt":"2020-05-12T07:51:14","slug":"reyner-banham-loves-los-angeles-1972","status":"publish","type":"post","link":"https:\/\/veredes.es\/blog\/reyner-banham-loves-los-angeles-1972\/","title":{"rendered":"Reyner Banham Loves Los Angeles 1972"},"content":{"rendered":"<p><iframe loading=\"lazy\" title=\"Reyner Banham Loves Los Angeles  \/ VINTAGE LOS ANGELES on Facebook\" width=\"696\" height=\"522\" src=\"https:\/\/www.youtube.com\/embed\/5BF3l-RgKts?feature=oembed\" frameborder=\"0\" allow=\"accelerometer; autoplay; clipboard-write; encrypted-media; gyroscope; picture-in-picture\" allowfullscreen><\/iframe><\/p>\n<p style=\"text-align: justify;\">El cr\u00edtico de arquitectura <a href=\"https:\/\/veredes.es\/blog\/tag\/reyner-banham\/\" target=\"_blank\" rel=\"noopener noreferrer\"><strong>Reyner Banham<\/strong><\/a> explora Los \u00c1ngeles en este documental de la BBC de 1972. <span class=\"\" title=\"\">Incluyendo un paseo por Tiny Naylors con Ed Ruscha y Mike Salisbury.\u00a0<\/span><\/p>\n<p class=\"cc-ctr normal\" style=\"text-align: justify;\">Es un documental encargado por la BBC en 1972 para popularizar su\u00a0libro sobre la ciudad, lanzado un a\u00f1o antes. Reyner Banham hace una lectura de Los Angeles, en California, donde\u00a0aparecen los fen\u00f3menos urbanos cruzados dentro de\u00a0una ciudad de costa y llena de formas del futuro.\u00a0Una manera de hacer investigaci\u00f3n.<\/p>\n<p style=\"text-align: justify;\">Peter\u00a0Reyner Banham (1922-1988) fue uno de los escritores m\u00e1s influyentes en la arquitectura, el dise\u00f1o y la cultura popular desde mediados de la d\u00e9cada de 1950 hasta finales de 1980. Se hizo famoso con su tratado te\u00f3rico\u00a0<a href=\"https:\/\/amzn.to\/2OvWjRT\" target=\"_blank\" rel=\"noopener noreferrer\"><em>Theory and Design in the First Machine Age<\/em><\/a>\u00a0y con su libro de 1971\u00a0<a href=\"https:\/\/amzn.to\/2D4DS1s\" target=\"_blank\" rel=\"noopener noreferrer\"><em>Los Angeles: The Architecture of Four Ecologies<\/em><\/a>.\u00a0En otra de sus obras,\u00a0<a href=\"https:\/\/www.amazon.com\/New-Brutalism-Ethic-Aesthetic\/dp\/B0000CN9HJ\" target=\"_blank\" rel=\"noopener noreferrer\"><i>The New Brutalism: Ethic or Aesthetic?<\/i><\/a>\u00a0(1966) hizo un an\u00e1lisis del\u00a0movimiento brutalista.<\/p>\n","protected":false},"excerpt":{"rendered":"<p>El cr\u00edtico de arquitectura Reyner Banham explora Los \u00c1ngeles en este documental de la BBC de 1972. Incluyendo un paseo por Tiny Naylors con Ed Ruscha y Mike Salisbury.\u00a0 Es un documental encargado por la BBC en 1972 para popularizar su\u00a0libro sobre la ciudad, lanzado un a\u00f1o antes. Reyner Banham hace una lectura de Los [&hellip;]<\/p>\n","protected":false},"author":2,"featured_media":76409,"comment_status":"open","ping_status":"closed","sticky":false,"template":"","format":"standard","meta":{"footnotes":""},"categories":[4854],"tags":[7474,9132,318,319,393,415,3740,434,460,6122,1021,1865,1890,6587,4445,12468,1908,6605],"class_list":{"0":"post-76069","1":"post","2":"type-post","3":"status-publish","4":"format-standard","5":"has-post-thumbnail","7":"category-tv","8":"tag-arquitectura-brutalista","9":"tag-arquitectura-norteamericana","10":"tag-ciudad","11":"tag-ciudad-contemporanea","12":"tag-critica","13":"tag-desarrollo","14":"tag-desarrollo-urbano","15":"tag-documental","16":"tag-eeuu","17":"tag-los-angeles","18":"tag-pensamiento","19":"tag-reflexion","20":"tag-reflexion-multidisciplinar","21":"tag-reflexion-urbanistica","22":"tag-reyner-banham","23":"tag-urbanismo","24":"tag-urbanismo-responsable","25":"tag-urbanismo-sostenible"},"yoast_head":"<!-- This site is optimized with the Yoast SEO plugin v27.4 - https:\/\/yoast.com\/product\/yoast-seo-wordpress\/ -->\n<title>Reyner Banham Loves Los Angeles 1972 - veredes<\/title>\n<meta name=\"description\" content=\"Toda la informaci\u00f3n sobre: Reyner Banham Loves Los Angeles 1972\" \/>\n<meta name=\"robots\" content=\"index, follow, max-snippet:-1, max-image-preview:large, max-video-preview:-1\" \/>\n<link rel=\"canonical\" href=\"https:\/\/veredes.es\/blog\/reyner-banham-loves-los-angeles-1972\/\" \/>\n<meta property=\"og:locale\" content=\"es_ES\" \/>\n<meta property=\"og:type\" content=\"article\" \/>\n<meta property=\"og:title\" content=\"Reyner Banham Loves Los Angeles 1972 - veredes\" \/>\n<meta property=\"og:description\" content=\"Toda la informaci\u00f3n sobre: Reyner Banham Loves Los Angeles 1972\" \/>\n<meta property=\"og:url\" content=\"https:\/\/veredes.es\/blog\/reyner-banham-loves-los-angeles-1972\/\" \/>\n<meta property=\"og:site_name\" content=\"veredes, arquitectura y divulgaci\u00f3n\" \/>\n<meta property=\"article:publisher\" content=\"https:\/\/www.facebook.com\/veredesArquitecturayDivulgacion\/\" \/>\n<meta property=\"article:author\" content=\"https:\/\/www.facebook.com\/veredesArquitecturayDivulgacion\/\" \/>\n<meta property=\"article:published_time\" content=\"2019-12-04T23:01:28+00:00\" \/>\n<meta property=\"article:modified_time\" content=\"2020-05-12T07:51:14+00:00\" \/>\n<meta property=\"og:image\" content=\"https:\/\/veredes.es\/blog\/wp-content\/uploads\/2019\/12\/reyner-banham-loves-los-angeles.jpg\" \/>\n\t<meta property=\"og:image:width\" content=\"480\" \/>\n\t<meta property=\"og:image:height\" content=\"360\" \/>\n\t<meta property=\"og:image:type\" content=\"image\/jpeg\" \/>\n<meta name=\"author\" content=\"veredes\" \/>\n<meta name=\"twitter:card\" content=\"summary_large_image\" \/>\n<meta name=\"twitter:creator\" content=\"@https:\/\/twitter.com\/veredes\" \/>\n<meta name=\"twitter:site\" content=\"@veredes\" \/>\n<meta name=\"twitter:label1\" content=\"Escrito por\" \/>\n\t<meta name=\"twitter:data1\" content=\"veredes\" \/>\n\t<meta name=\"twitter:label2\" content=\"Tiempo de lectura\" \/>\n\t<meta name=\"twitter:data2\" content=\"1 minuto\" \/>\n<script type=\"application\/ld+json\" class=\"yoast-schema-graph\">{\"@context\":\"https:\\\/\\\/schema.org\",\"@graph\":[{\"@type\":\"Article\",\"@id\":\"https:\\\/\\\/veredes.es\\\/blog\\\/reyner-banham-loves-los-angeles-1972\\\/#article\",\"isPartOf\":{\"@id\":\"https:\\\/\\\/veredes.es\\\/blog\\\/reyner-banham-loves-los-angeles-1972\\\/\"},\"author\":{\"name\":\"veredes\",\"@id\":\"https:\\\/\\\/veredes.es\\\/blog\\\/#\\\/schema\\\/person\\\/0bbb669073ef7faba5168a0844e93d2c\"},\"headline\":\"Reyner Banham Loves Los Angeles 1972\",\"datePublished\":\"2019-12-04T23:01:28+00:00\",\"dateModified\":\"2020-05-12T07:51:14+00:00\",\"mainEntityOfPage\":{\"@id\":\"https:\\\/\\\/veredes.es\\\/blog\\\/reyner-banham-loves-los-angeles-1972\\\/\"},\"wordCount\":172,\"commentCount\":0,\"publisher\":{\"@id\":\"https:\\\/\\\/veredes.es\\\/blog\\\/#organization\"},\"image\":{\"@id\":\"https:\\\/\\\/veredes.es\\\/blog\\\/reyner-banham-loves-los-angeles-1972\\\/#primaryimage\"},\"thumbnailUrl\":\"https:\\\/\\\/veredes.es\\\/blog\\\/wp-content\\\/uploads\\\/2019\\\/12\\\/reyner-banham-loves-los-angeles.jpg\",\"keywords\":[\"arquitectura brutalista\",\"arquitectura norteamericana\",\"ciudad\",\"ciudad contempor\u00e1nea\",\"cr\u00edtica\",\"desarrollo\",\"desarrollo urbano\",\"documental\",\"EEUU\",\"Los \u00c1ngeles\",\"pensamiento\",\"reflexi\u00f3n\",\"reflexi\u00f3n multidisciplinar\",\"reflexi\u00f3n urban\u00edstica\",\"Reyner Banham\",\"urbanismo\",\"urbanismo responsable\",\"urbanismo sostenible\"],\"articleSection\":[\"tv\"],\"inLanguage\":\"es\",\"potentialAction\":[{\"@type\":\"CommentAction\",\"name\":\"Comment\",\"target\":[\"https:\\\/\\\/veredes.es\\\/blog\\\/reyner-banham-loves-los-angeles-1972\\\/#respond\"]}]},{\"@type\":\"WebPage\",\"@id\":\"https:\\\/\\\/veredes.es\\\/blog\\\/reyner-banham-loves-los-angeles-1972\\\/\",\"url\":\"https:\\\/\\\/veredes.es\\\/blog\\\/reyner-banham-loves-los-angeles-1972\\\/\",\"name\":\"Reyner Banham Loves Los Angeles 1972 - veredes\",\"isPartOf\":{\"@id\":\"https:\\\/\\\/veredes.es\\\/blog\\\/#website\"},\"primaryImageOfPage\":{\"@id\":\"https:\\\/\\\/veredes.es\\\/blog\\\/reyner-banham-loves-los-angeles-1972\\\/#primaryimage\"},\"image\":{\"@id\":\"https:\\\/\\\/veredes.es\\\/blog\\\/reyner-banham-loves-los-angeles-1972\\\/#primaryimage\"},\"thumbnailUrl\":\"https:\\\/\\\/veredes.es\\\/blog\\\/wp-content\\\/uploads\\\/2019\\\/12\\\/reyner-banham-loves-los-angeles.jpg\",\"datePublished\":\"2019-12-04T23:01:28+00:00\",\"dateModified\":\"2020-05-12T07:51:14+00:00\",\"description\":\"Toda la informaci\u00f3n sobre: Reyner Banham Loves Los Angeles 1972\",\"breadcrumb\":{\"@id\":\"https:\\\/\\\/veredes.es\\\/blog\\\/reyner-banham-loves-los-angeles-1972\\\/#breadcrumb\"},\"inLanguage\":\"es\",\"potentialAction\":[{\"@type\":\"ReadAction\",\"target\":[\"https:\\\/\\\/veredes.es\\\/blog\\\/reyner-banham-loves-los-angeles-1972\\\/\"]}]},{\"@type\":\"ImageObject\",\"inLanguage\":\"es\",\"@id\":\"https:\\\/\\\/veredes.es\\\/blog\\\/reyner-banham-loves-los-angeles-1972\\\/#primaryimage\",\"url\":\"https:\\\/\\\/veredes.es\\\/blog\\\/wp-content\\\/uploads\\\/2019\\\/12\\\/reyner-banham-loves-los-angeles.jpg\",\"contentUrl\":\"https:\\\/\\\/veredes.es\\\/blog\\\/wp-content\\\/uploads\\\/2019\\\/12\\\/reyner-banham-loves-los-angeles.jpg\",\"width\":480,\"height\":360},{\"@type\":\"BreadcrumbList\",\"@id\":\"https:\\\/\\\/veredes.es\\\/blog\\\/reyner-banham-loves-los-angeles-1972\\\/#breadcrumb\",\"itemListElement\":[{\"@type\":\"ListItem\",\"position\":1,\"name\":\"Portada\",\"item\":\"https:\\\/\\\/veredes.es\\\/blog\\\/\"},{\"@type\":\"ListItem\",\"position\":2,\"name\":\"Reyner Banham Loves Los Angeles 1972\"}]},{\"@type\":\"WebSite\",\"@id\":\"https:\\\/\\\/veredes.es\\\/blog\\\/#website\",\"url\":\"https:\\\/\\\/veredes.es\\\/blog\\\/\",\"name\":\"veredes, arquitectura y divulgaci\u00f3n\",\"description\":\"veredes\",\"publisher\":{\"@id\":\"https:\\\/\\\/veredes.es\\\/blog\\\/#organization\"},\"alternateName\":\"veredes\",\"potentialAction\":[{\"@type\":\"SearchAction\",\"target\":{\"@type\":\"EntryPoint\",\"urlTemplate\":\"https:\\\/\\\/veredes.es\\\/blog\\\/?s={search_term_string}\"},\"query-input\":{\"@type\":\"PropertyValueSpecification\",\"valueRequired\":true,\"valueName\":\"search_term_string\"}}],\"inLanguage\":\"es\"},{\"@type\":\"Organization\",\"@id\":\"https:\\\/\\\/veredes.es\\\/blog\\\/#organization\",\"name\":\"veredes, arquitectura y divulgaci\u00f3n\",\"alternateName\":\"veredes\",\"url\":\"https:\\\/\\\/veredes.es\\\/blog\\\/\",\"logo\":{\"@type\":\"ImageObject\",\"inLanguage\":\"es\",\"@id\":\"https:\\\/\\\/veredes.es\\\/blog\\\/#\\\/schema\\\/logo\\\/image\\\/\",\"url\":\"https:\\\/\\\/veredes.es\\\/blog\\\/wp-content\\\/uploads\\\/2021\\\/12\\\/veredes-logo-centrado_140x54.png\",\"contentUrl\":\"https:\\\/\\\/veredes.es\\\/blog\\\/wp-content\\\/uploads\\\/2021\\\/12\\\/veredes-logo-centrado_140x54.png\",\"width\":140,\"height\":54,\"caption\":\"veredes, arquitectura y divulgaci\u00f3n\"},\"image\":{\"@id\":\"https:\\\/\\\/veredes.es\\\/blog\\\/#\\\/schema\\\/logo\\\/image\\\/\"},\"sameAs\":[\"https:\\\/\\\/www.facebook.com\\\/veredesArquitecturayDivulgacion\\\/\",\"https:\\\/\\\/x.com\\\/veredes\",\"https:\\\/\\\/instagram.com\\\/veredes\\\/\",\"https:\\\/\\\/www.linkedin.com\\\/company\\\/veredes-arquitectura-y-divulgacion\\\/\",\"https:\\\/\\\/es.pinterest.com\\\/veredes\\\/\",\"https:\\\/\\\/www.tumblr.com\\\/veredes\"]},{\"@type\":\"Person\",\"@id\":\"https:\\\/\\\/veredes.es\\\/blog\\\/#\\\/schema\\\/person\\\/0bbb669073ef7faba5168a0844e93d2c\",\"name\":\"veredes\",\"image\":{\"@type\":\"ImageObject\",\"inLanguage\":\"es\",\"@id\":\"https:\\\/\\\/veredes.es\\\/blog\\\/wp-content\\\/uploads\\\/2018\\\/04\\\/face-96x96.jpg\",\"url\":\"https:\\\/\\\/veredes.es\\\/blog\\\/wp-content\\\/uploads\\\/2018\\\/04\\\/face-96x96.jpg\",\"contentUrl\":\"https:\\\/\\\/veredes.es\\\/blog\\\/wp-content\\\/uploads\\\/2018\\\/04\\\/face-96x96.jpg\",\"caption\":\"veredes\"},\"description\":\"Surge enero de 2009 como b\u00fasqueda de satisfacer el conocimiento de la actividad arquitect\u00f3nica y tangentes que se generan. La idea es crear un espacio para divulgar los diversos proyectos en busca de nueva inspiraci\u00f3n y de intercambio.\",\"sameAs\":[\"https:\\\/\\\/veredes.es\\\/\",\"https:\\\/\\\/www.facebook.com\\\/veredesArquitecturayDivulgacion\\\/\",\"https:\\\/\\\/www.instagram.com\\\/veredes\\\/\",\"https:\\\/\\\/www.linkedin.com\\\/company\\\/veredes-arquitectura-y-divulgacion\\\/\",\"https:\\\/\\\/www.pinterest.es\\\/veredes\\\/\",\"https:\\\/\\\/x.com\\\/https:\\\/\\\/twitter.com\\\/veredes\",\"https:\\\/\\\/veredes.tumblr.com\\\/\"],\"url\":\"https:\\\/\\\/veredes.es\\\/blog\\\/author\\\/alberto\\\/\"}]}<\/script>\n<!-- \/ Yoast SEO plugin. -->","yoast_head_json":{"title":"Reyner Banham Loves Los Angeles 1972 - veredes","description":"Toda la informaci\u00f3n sobre: Reyner Banham Loves Los Angeles 1972","robots":{"index":"index","follow":"follow","max-snippet":"max-snippet:-1","max-image-preview":"max-image-preview:large","max-video-preview":"max-video-preview:-1"},"canonical":"https:\/\/veredes.es\/blog\/reyner-banham-loves-los-angeles-1972\/","og_locale":"es_ES","og_type":"article","og_title":"Reyner Banham Loves Los Angeles 1972 - veredes","og_description":"Toda la informaci\u00f3n sobre: Reyner Banham Loves Los Angeles 1972","og_url":"https:\/\/veredes.es\/blog\/reyner-banham-loves-los-angeles-1972\/","og_site_name":"veredes, arquitectura y divulgaci\u00f3n","article_publisher":"https:\/\/www.facebook.com\/veredesArquitecturayDivulgacion\/","article_author":"https:\/\/www.facebook.com\/veredesArquitecturayDivulgacion\/","article_published_time":"2019-12-04T23:01:28+00:00","article_modified_time":"2020-05-12T07:51:14+00:00","og_image":[{"width":480,"height":360,"url":"https:\/\/veredes.es\/blog\/wp-content\/uploads\/2019\/12\/reyner-banham-loves-los-angeles.jpg","type":"image\/jpeg"}],"author":"veredes","twitter_card":"summary_large_image","twitter_creator":"@https:\/\/twitter.com\/veredes","twitter_site":"@veredes","twitter_misc":{"Escrito por":"veredes","Tiempo de lectura":"1 minuto"},"schema":{"@context":"https:\/\/schema.org","@graph":[{"@type":"Article","@id":"https:\/\/veredes.es\/blog\/reyner-banham-loves-los-angeles-1972\/#article","isPartOf":{"@id":"https:\/\/veredes.es\/blog\/reyner-banham-loves-los-angeles-1972\/"},"author":{"name":"veredes","@id":"https:\/\/veredes.es\/blog\/#\/schema\/person\/0bbb669073ef7faba5168a0844e93d2c"},"headline":"Reyner Banham Loves Los Angeles 1972","datePublished":"2019-12-04T23:01:28+00:00","dateModified":"2020-05-12T07:51:14+00:00","mainEntityOfPage":{"@id":"https:\/\/veredes.es\/blog\/reyner-banham-loves-los-angeles-1972\/"},"wordCount":172,"commentCount":0,"publisher":{"@id":"https:\/\/veredes.es\/blog\/#organization"},"image":{"@id":"https:\/\/veredes.es\/blog\/reyner-banham-loves-los-angeles-1972\/#primaryimage"},"thumbnailUrl":"https:\/\/veredes.es\/blog\/wp-content\/uploads\/2019\/12\/reyner-banham-loves-los-angeles.jpg","keywords":["arquitectura brutalista","arquitectura norteamericana","ciudad","ciudad contempor\u00e1nea","cr\u00edtica","desarrollo","desarrollo urbano","documental","EEUU","Los \u00c1ngeles","pensamiento","reflexi\u00f3n","reflexi\u00f3n multidisciplinar","reflexi\u00f3n urban\u00edstica","Reyner Banham","urbanismo","urbanismo responsable","urbanismo sostenible"],"articleSection":["tv"],"inLanguage":"es","potentialAction":[{"@type":"CommentAction","name":"Comment","target":["https:\/\/veredes.es\/blog\/reyner-banham-loves-los-angeles-1972\/#respond"]}]},{"@type":"WebPage","@id":"https:\/\/veredes.es\/blog\/reyner-banham-loves-los-angeles-1972\/","url":"https:\/\/veredes.es\/blog\/reyner-banham-loves-los-angeles-1972\/","name":"Reyner Banham Loves Los Angeles 1972 - veredes","isPartOf":{"@id":"https:\/\/veredes.es\/blog\/#website"},"primaryImageOfPage":{"@id":"https:\/\/veredes.es\/blog\/reyner-banham-loves-los-angeles-1972\/#primaryimage"},"image":{"@id":"https:\/\/veredes.es\/blog\/reyner-banham-loves-los-angeles-1972\/#primaryimage"},"thumbnailUrl":"https:\/\/veredes.es\/blog\/wp-content\/uploads\/2019\/12\/reyner-banham-loves-los-angeles.jpg","datePublished":"2019-12-04T23:01:28+00:00","dateModified":"2020-05-12T07:51:14+00:00","description":"Toda la informaci\u00f3n sobre: Reyner Banham Loves Los Angeles 1972","breadcrumb":{"@id":"https:\/\/veredes.es\/blog\/reyner-banham-loves-los-angeles-1972\/#breadcrumb"},"inLanguage":"es","potentialAction":[{"@type":"ReadAction","target":["https:\/\/veredes.es\/blog\/reyner-banham-loves-los-angeles-1972\/"]}]},{"@type":"ImageObject","inLanguage":"es","@id":"https:\/\/veredes.es\/blog\/reyner-banham-loves-los-angeles-1972\/#primaryimage","url":"https:\/\/veredes.es\/blog\/wp-content\/uploads\/2019\/12\/reyner-banham-loves-los-angeles.jpg","contentUrl":"https:\/\/veredes.es\/blog\/wp-content\/uploads\/2019\/12\/reyner-banham-loves-los-angeles.jpg","width":480,"height":360},{"@type":"BreadcrumbList","@id":"https:\/\/veredes.es\/blog\/reyner-banham-loves-los-angeles-1972\/#breadcrumb","itemListElement":[{"@type":"ListItem","position":1,"name":"Portada","item":"https:\/\/veredes.es\/blog\/"},{"@type":"ListItem","position":2,"name":"Reyner Banham Loves Los Angeles 1972"}]},{"@type":"WebSite","@id":"https:\/\/veredes.es\/blog\/#website","url":"https:\/\/veredes.es\/blog\/","name":"veredes, arquitectura y divulgaci\u00f3n","description":"veredes","publisher":{"@id":"https:\/\/veredes.es\/blog\/#organization"},"alternateName":"veredes","potentialAction":[{"@type":"SearchAction","target":{"@type":"EntryPoint","urlTemplate":"https:\/\/veredes.es\/blog\/?s={search_term_string}"},"query-input":{"@type":"PropertyValueSpecification","valueRequired":true,"valueName":"search_term_string"}}],"inLanguage":"es"},{"@type":"Organization","@id":"https:\/\/veredes.es\/blog\/#organization","name":"veredes, arquitectura y divulgaci\u00f3n","alternateName":"veredes","url":"https:\/\/veredes.es\/blog\/","logo":{"@type":"ImageObject","inLanguage":"es","@id":"https:\/\/veredes.es\/blog\/#\/schema\/logo\/image\/","url":"https:\/\/veredes.es\/blog\/wp-content\/uploads\/2021\/12\/veredes-logo-centrado_140x54.png","contentUrl":"https:\/\/veredes.es\/blog\/wp-content\/uploads\/2021\/12\/veredes-logo-centrado_140x54.png","width":140,"height":54,"caption":"veredes, arquitectura y divulgaci\u00f3n"},"image":{"@id":"https:\/\/veredes.es\/blog\/#\/schema\/logo\/image\/"},"sameAs":["https:\/\/www.facebook.com\/veredesArquitecturayDivulgacion\/","https:\/\/x.com\/veredes","https:\/\/instagram.com\/veredes\/","https:\/\/www.linkedin.com\/company\/veredes-arquitectura-y-divulgacion\/","https:\/\/es.pinterest.com\/veredes\/","https:\/\/www.tumblr.com\/veredes"]},{"@type":"Person","@id":"https:\/\/veredes.es\/blog\/#\/schema\/person\/0bbb669073ef7faba5168a0844e93d2c","name":"veredes","image":{"@type":"ImageObject","inLanguage":"es","@id":"https:\/\/veredes.es\/blog\/wp-content\/uploads\/2018\/04\/face-96x96.jpg","url":"https:\/\/veredes.es\/blog\/wp-content\/uploads\/2018\/04\/face-96x96.jpg","contentUrl":"https:\/\/veredes.es\/blog\/wp-content\/uploads\/2018\/04\/face-96x96.jpg","caption":"veredes"},"description":"Surge enero de 2009 como b\u00fasqueda de satisfacer el conocimiento de la actividad arquitect\u00f3nica y tangentes que se generan. La idea es crear un espacio para divulgar los diversos proyectos en busca de nueva inspiraci\u00f3n y de intercambio.","sameAs":["https:\/\/veredes.es\/","https:\/\/www.facebook.com\/veredesArquitecturayDivulgacion\/","https:\/\/www.instagram.com\/veredes\/","https:\/\/www.linkedin.com\/company\/veredes-arquitectura-y-divulgacion\/","https:\/\/www.pinterest.es\/veredes\/","https:\/\/x.com\/https:\/\/twitter.com\/veredes","https:\/\/veredes.tumblr.com\/"],"url":"https:\/\/veredes.es\/blog\/author\/alberto\/"}]}},"_links":{"self":[{"href":"https:\/\/veredes.es\/blog\/wp-json\/wp\/v2\/posts\/76069","targetHints":{"allow":["GET"]}}],"collection":[{"href":"https:\/\/veredes.es\/blog\/wp-json\/wp\/v2\/posts"}],"about":[{"href":"https:\/\/veredes.es\/blog\/wp-json\/wp\/v2\/types\/post"}],"author":[{"embeddable":true,"href":"https:\/\/veredes.es\/blog\/wp-json\/wp\/v2\/users\/2"}],"replies":[{"embeddable":true,"href":"https:\/\/veredes.es\/blog\/wp-json\/wp\/v2\/comments?post=76069"}],"version-history":[{"count":0,"href":"https:\/\/veredes.es\/blog\/wp-json\/wp\/v2\/posts\/76069\/revisions"}],"wp:featuredmedia":[{"embeddable":true,"href":"https:\/\/veredes.es\/blog\/wp-json\/wp\/v2\/media\/76409"}],"wp:attachment":[{"href":"https:\/\/veredes.es\/blog\/wp-json\/wp\/v2\/media?parent=76069"}],"wp:term":[{"taxonomy":"category","embeddable":true,"href":"https:\/\/veredes.es\/blog\/wp-json\/wp\/v2\/categories?post=76069"},{"taxonomy":"post_tag","embeddable":true,"href":"https:\/\/veredes.es\/blog\/wp-json\/wp\/v2\/tags?post=76069"}],"curies":[{"name":"wp","href":"https:\/\/api.w.org\/{rel}","templated":true}]}}