{"id":75315,"date":"2019-11-14T00:01:23","date_gmt":"2019-11-13T23:01:23","guid":{"rendered":"https:\/\/veredes.es\/blog\/?p=75315"},"modified":"2019-10-30T19:05:09","modified_gmt":"2019-10-30T18:05:09","slug":"arquitecturas-la-orilla","status":"publish","type":"post","link":"https:\/\/veredes.es\/blog\/arquitecturas-la-orilla\/","title":{"rendered":"Arquitecturas en la orilla"},"content":{"rendered":"<p><\/p>\n<p style=\"text-align: justify;\">Una zambullida en el <a href=\"https:\/\/miesarch.com\/archive\" target=\"_blank\"><strong>Archivo<\/strong><\/a> del Premio de arquitectura contempor\u00e1nea de la Uni\u00f3n Europea &#8211; Premio Mies van der Rohe que aborda la regeneraci\u00f3n de las ciudades europeas a trav\u00e9s de sus <em>waterfronts.<\/em><\/p>\n<p style=\"text-align: justify;\"><img loading=\"lazy\" decoding=\"async\" class=\"alignnone wp-image-75316\" src=\"https:\/\/veredes.es\/blog\/wp-content\/uploads\/2019\/10\/Arquitecturas-en-la-orilla-596x1024.jpg\" alt=\"Arquitecturas en la orilla\" width=\"640\" height=\"1100\" srcset=\"https:\/\/veredes.es\/blog\/wp-content\/uploads\/2019\/10\/Arquitecturas-en-la-orilla-596x1024.jpg 596w, https:\/\/veredes.es\/blog\/wp-content\/uploads\/2019\/10\/Arquitecturas-en-la-orilla-175x300.jpg 175w, https:\/\/veredes.es\/blog\/wp-content\/uploads\/2019\/10\/Arquitecturas-en-la-orilla.jpg 1200w\" sizes=\"auto, (max-width: 640px) 100vw, 640px\" \/><\/p>\n<p style=\"text-align: justify;\">La Fundaci\u00f3 Mies van der Rohe en colaboraci\u00f3n con Arquitectes per l\u2019Arquitectura (AxA) inauguran hoy en el Museu Mar\u00edtim de Barcelona la exposici\u00f3n<strong> \u201cArquitecturas en la orilla\u201d<\/strong> dedicada a los <em>waterfronts<\/em> y las arquitecturas situadas en zonas urbanas junto al agua, espacios que en los \u00faltimos treinta a\u00f1os han sufrido importantes procesos de regeneraci\u00f3n urbana derivados de la reubicaci\u00f3n de actividades tradicionales como las portuarias e industriales, redise\u00f1ando en muchos casos la forma y las funciones de la ciudad junto al agua.<\/p>\n<p style=\"text-align: justify;\">La exposici\u00f3n ha sido comisariada por Francesc Mu\u00f1oz, Doctor en Geograf\u00eda Urbana y Director del Observatorio de la Urbanizaci\u00f3n (UAB), que ha aportado su relectura de la informaci\u00f3n del archivo del Premio, como ya hizo en el<a href=\"https:\/\/veredes.es\/blog\/atlas-arquitectura-europea-contemporanea\/\" target=\"_blank\"> ATLAS de Arquitectura Europea Contempor\u00e1nea<\/a> (2016) y a partir de su investigaci\u00f3n sobre la transformaci\u00f3n de los frentes mar\u00edtimos y el efecto de la urbanalizaci\u00f3n, un t\u00e9rmino acu\u00f1ado por \u00e9l; y por Ivan Blasi y Anna Sala Giralt \u2013 Fundaci\u00f3 Mies van der Rohe.<\/p>\n<p style=\"text-align: justify;\">La muestra se desarrolla a partir de 68 obras que pertenecen al Archivo del Premio de Arquitectura Contempor\u00e1nea de la Uni\u00f3n Europea \u2013 Premio Mies van der Rohe (EU Mies Award) y nos narra con im\u00e1genes, audiovisuales y maquetas las particulares historias de estas arquitecturas que construyen nuevos espacios de relaci\u00f3n de ciudades como Par\u00eds, Copenhague, Madrid, Lisboa, Oslo, Donostia o Barcelona con el agua.<\/p>\n<p style=\"text-align: justify;\">El archivo del EU Mies Award cuenta en la actualidad, con una selecci\u00f3n de 3.618 proyectos de obra construida y m\u00e1s de 500 maquetas originales. Se trata de una recopilaci\u00f3n \u00fanica que permite investigar, analizar y explicar los principales fen\u00f3menos de cambio en la arquitectura europea a trav\u00e9s de diferentes lecturas, y generar publicaciones como el ATLAS o exposiciones como la que se presenta en el Museu Mar\u00edtim, o \u201c<a href=\"https:\/\/miesbcn.com\/es\/calendario\/inauguracion-exposicion-spanish-architectures-cronicas-desde-europa\/\" target=\"_blank\"><strong>Spanish Architectures, Cr\u00f3nica desde Europa<\/strong><\/a>\u201d que se exhibi\u00f3 el a\u00f1o pasado en Madrid.<\/p>\n<p style=\"text-align: justify;\"><img loading=\"lazy\" decoding=\"async\" class=\"alignnone size-large wp-image-75317\" src=\"https:\/\/veredes.es\/blog\/wp-content\/uploads\/2019\/10\/Arquitecturas-en-la-orilla-exposici\u00f3n-1024x768.jpg\" alt=\"Arquitecturas en la orilla exposici\u00f3n\" width=\"640\" height=\"480\" srcset=\"https:\/\/veredes.es\/blog\/wp-content\/uploads\/2019\/10\/Arquitecturas-en-la-orilla-exposici\u00f3n-1024x768.jpg 1024w, https:\/\/veredes.es\/blog\/wp-content\/uploads\/2019\/10\/Arquitecturas-en-la-orilla-exposici\u00f3n-300x225.jpg 300w, https:\/\/veredes.es\/blog\/wp-content\/uploads\/2019\/10\/Arquitecturas-en-la-orilla-exposici\u00f3n.jpg 1200w\" sizes=\"auto, (max-width: 640px) 100vw, 640px\" \/><\/p>\n<p style=\"text-align: justify;\">Entre las 68 obras seleccionadas de \u201c<strong>Arquitecturas en la orilla<\/strong>\u201d se encuentran 4 ganadoras del EU Mies Award: la Biblioteca Nacional de Francia de Dominique Perrault Architecte (1996 &#8211; Par\u00eds), el Kursaal de Rafael Moneo (2001 \u2013 Donostia), el edificio de la \u00d3pera y Ballet Nacional de Noruega de Sn\u00f8hetta (2009 \u2013 Oslo) y Harpa, auditorio y centro de congresos de Henning Larsen Architects, Studio Olafur Eliasson y Batter\u00edid architects (2013 \u2013 Reikiavik).<\/p>\n<p style=\"text-align: justify;\">Una selecci\u00f3n que atestigua c\u00f3mo la trasformaci\u00f3n de los waterfront ha sido fundamental tanto en grandes metr\u00f3polis como en peque\u00f1as ciudades. M\u00e1s all\u00e1 de esta selecci\u00f3n de obras expuestas, tanto en el <a href=\"http:\/\/eumiesaward.com\" target=\"_blank\">archivo on-line<\/a>, en el ATLAS y la App, el total de las obras que constituyen el archivo queda abierto a m\u00faltiples miradas. En ocasi\u00f3n de esta exposici\u00f3n se ha creado el apartado espec\u00edfico \u201c<strong>Architectures on the Waterfront<\/strong>\u201d\u00a0para estimular la visita a las obras expuestas.<\/p>\n<p style=\"text-align: justify;\">En palabras de los comisarios:<\/p>\n<blockquote>\n<p style=\"text-align: justify;\">\u201cEsta exposici\u00f3n es una oportunidad para conocer una selecci\u00f3n de arquitecturas del archivo del Premio de Arquitectura Contempor\u00e1nea de la Uni\u00f3n Europea \u2013 Premio Mies van der Rohe, que comparten una ubicaci\u00f3n junto al agua. Cada una desarrolla una estrategia \u00fanica para afrontar los retos de construir la ciudad a trav\u00e9s de la transformaci\u00f3n de estos espacios.\u201d<\/p>\n<p style=\"text-align: right;\">Ivan Blasi y Anna Sala &#8211; Fundaci\u00f3 Mies van der Rohe<\/p>\n<p style=\"text-align: justify;\">\u201cEstos espacios urbanos junto al agua, fragmentos de ciudad en el l\u00edmite, y tradicionalmente ocupados por actividades portuarias, productivas o industriales, han sido objeto de regeneraci\u00f3n urbana que han cambiado no solo la forma y funciones del frente mar\u00edtimo o fluvial, sino, en realidad, la imagen y fisonom\u00eda de la propia ciudad.\u201d<\/p>\n<p style=\"text-align: right;\">Francesc Mu\u00f1oz<\/p>\n<\/blockquote>\n<p style=\"text-align: justify;\">La exposici\u00f3n se acompa\u00f1a de un cat\u00e1logo que recopila diferentes escritos realizados por expertos de estas ciudades que analizan las transformaciones vividas por Barcelona, Paris, Oslo, Reikiavik, Lisboa, Rotterdam, Marsella, Copenhague y \u00c1msterdam, ciudades donde confluyen varias intervenciones de gran calidad arquitect\u00f3nica, que han conseguido redireccionar estos cambios urbanos.<\/p>\n<p style=\"text-align: justify;\">Todas estas obras est\u00e1n accesibles a trav\u00e9s de la <strong><a href=\"https:\/\/miesbcn.com\/es\/proyecto\/app-eumiesarch\/\" target=\"_blank\">App EUMiesAward<\/a><\/strong>, disponible gratuitamente para iOS y Android que permite localizar las obras nominadas y acceder a su informaci\u00f3n.<\/p>\n<p><\/p>","protected":false},"excerpt":{"rendered":"<p>Una zambullida en el Archivo del Premio de arquitectura contempor\u00e1nea de la Uni\u00f3n Europea &#8211; Premio Mies van der Rohe que aborda la regeneraci\u00f3n de las ciudades europeas a trav\u00e9s de sus waterfronts. La Fundaci\u00f3 Mies van der Rohe en colaboraci\u00f3n con Arquitectes per l\u2019Arquitectura (AxA) inauguran hoy en el Museu Mar\u00edtim de Barcelona la [&hellip;]<\/p>\n","protected":false},"author":2,"featured_media":75316,"comment_status":"open","ping_status":"closed","sticky":false,"template":"","format":"standard","meta":{"footnotes":""},"categories":[16,1382],"tags":[14354,143,6908,3788,516,1787,556,14353,9930,6909,12763,8912,796,865,5594,6158,2470,10620,1286,12468],"class_list":{"0":"post-75315","1":"post","2":"type-post","3":"status-publish","4":"format-standard","5":"has-post-thumbnail","7":"category-eventos","8":"category-exposiciones","9":"tag-anna-sala-giralt","10":"tag-arquitectura-contemporanea","11":"tag-batteriid-architects","12":"tag-dominique-perrault","13":"tag-espacio-publico","14":"tag-europa","15":"tag-exposicion","16":"tag-francesc-munoz-ramirez","17":"tag-fundacion-mies-van-der-rohe","18":"tag-henning-larsen-architects","19":"tag-ivan-blasi","20":"tag-jose-rafael-moneo-valles","21":"tag-litoral","22":"tag-mies-van-der-rohe","23":"tag-olafur-eliasson","24":"tag-premio-mies-van-de-rohe","25":"tag-sala-exposiciones","26":"tag-snohetta","27":"tag-territorio","28":"tag-urbanismo"},"yoast_head":"<!-- This site is optimized with the Yoast SEO plugin v27.4 - https:\/\/yoast.com\/product\/yoast-seo-wordpress\/ -->\n<title>Arquitecturas en la orilla - veredes<\/title>\n<meta name=\"description\" content=\"Toda la informaci\u00f3n sobre: [:es]Arquitecturas en la orilla[:gl]Arquitecturas na beira[:en]Architectures on the Waterfont[:]\" \/>\n<meta name=\"robots\" content=\"index, follow, max-snippet:-1, max-image-preview:large, max-video-preview:-1\" \/>\n<link rel=\"canonical\" href=\"https:\/\/veredes.es\/blog\/arquitecturas-la-orilla\/\" \/>\n<meta property=\"og:locale\" content=\"es_ES\" \/>\n<meta property=\"og:type\" content=\"article\" \/>\n<meta property=\"og:title\" content=\"[:es]Arquitecturas en la orilla[:gl]Arquitecturas na beira[:en]Architectures on the Waterfont[:] - veredes\" \/>\n<meta property=\"og:description\" content=\"Toda la informaci\u00f3n sobre: [:es]Arquitecturas en la orilla[:gl]Arquitecturas na beira[:en]Architectures on the Waterfont[:]\" \/>\n<meta property=\"og:url\" content=\"https:\/\/veredes.es\/blog\/arquitecturas-la-orilla\/\" \/>\n<meta property=\"og:site_name\" content=\"veredes, arquitectura y divulgaci\u00f3n\" \/>\n<meta property=\"article:publisher\" content=\"https:\/\/www.facebook.com\/veredesArquitecturayDivulgacion\/\" \/>\n<meta property=\"article:author\" content=\"https:\/\/www.facebook.com\/veredesArquitecturayDivulgacion\/\" \/>\n<meta property=\"article:published_time\" content=\"2019-11-13T23:01:23+00:00\" \/>\n<meta property=\"og:image\" content=\"https:\/\/veredes.es\/blog\/wp-content\/uploads\/2019\/10\/Arquitecturas-en-la-orilla.jpg\" \/>\n\t<meta property=\"og:image:width\" content=\"1200\" \/>\n\t<meta property=\"og:image:height\" content=\"2063\" \/>\n\t<meta property=\"og:image:type\" content=\"image\/jpeg\" \/>\n<meta name=\"author\" content=\"veredes\" \/>\n<meta name=\"twitter:card\" content=\"summary_large_image\" \/>\n<meta name=\"twitter:creator\" content=\"@https:\/\/twitter.com\/veredes\" \/>\n<meta name=\"twitter:site\" content=\"@veredes\" \/>\n<meta name=\"twitter:label1\" content=\"Escrito por\" \/>\n\t<meta name=\"twitter:data1\" content=\"veredes\" \/>\n\t<meta name=\"twitter:label2\" content=\"Tiempo de lectura\" \/>\n\t<meta name=\"twitter:data2\" content=\"11 minutos\" \/>\n<script type=\"application\/ld+json\" class=\"yoast-schema-graph\">{\"@context\":\"https:\\\/\\\/schema.org\",\"@graph\":[{\"@type\":\"Article\",\"@id\":\"https:\\\/\\\/veredes.es\\\/blog\\\/arquitecturas-la-orilla\\\/#article\",\"isPartOf\":{\"@id\":\"https:\\\/\\\/veredes.es\\\/blog\\\/arquitecturas-la-orilla\\\/\"},\"author\":{\"name\":\"veredes\",\"@id\":\"https:\\\/\\\/veredes.es\\\/blog\\\/#\\\/schema\\\/person\\\/0bbb669073ef7faba5168a0844e93d2c\"},\"headline\":\"Arquitecturas en la orilla\",\"datePublished\":\"2019-11-13T23:01:23+00:00\",\"mainEntityOfPage\":{\"@id\":\"https:\\\/\\\/veredes.es\\\/blog\\\/arquitecturas-la-orilla\\\/\"},\"wordCount\":2131,\"commentCount\":0,\"publisher\":{\"@id\":\"https:\\\/\\\/veredes.es\\\/blog\\\/#organization\"},\"image\":{\"@id\":\"https:\\\/\\\/veredes.es\\\/blog\\\/arquitecturas-la-orilla\\\/#primaryimage\"},\"thumbnailUrl\":\"https:\\\/\\\/veredes.es\\\/blog\\\/wp-content\\\/uploads\\\/2019\\\/10\\\/Arquitecturas-en-la-orilla.jpg\",\"keywords\":[\"Anna Sala Giralt\",\"arquitectura contempor\u00e1nea\",\"Batter\u00edid Architects\",\"Dominique Perrault\",\"espacio p\u00fablico\",\"Europa\",\"exposici\u00f3n\",\"Francesc Mu\u00f1oz Ram\u00edrez\",\"fundaci\u00f3n Mies van der Rohe\",\"Henning Larsen Architects\",\"Ivan Blasi\",\"Jos\u00e9 Rafael Moneo Vall\u00e9s\",\"litoral\",\"Mies van der Rohe\",\"Olafur Eliasson\",\"premio Mies van der Rohe\",\"sala exposiciones\",\"Sn\u00f8hetta\",\"territorio\",\"urbanismo\"],\"articleSection\":[\"eventos\",\"exposiciones\"],\"inLanguage\":\"es\",\"potentialAction\":[{\"@type\":\"CommentAction\",\"name\":\"Comment\",\"target\":[\"https:\\\/\\\/veredes.es\\\/blog\\\/arquitecturas-la-orilla\\\/#respond\"]}]},{\"@type\":\"WebPage\",\"@id\":\"https:\\\/\\\/veredes.es\\\/blog\\\/arquitecturas-la-orilla\\\/\",\"url\":\"https:\\\/\\\/veredes.es\\\/blog\\\/arquitecturas-la-orilla\\\/\",\"name\":\"[:es]Arquitecturas en la orilla[:gl]Arquitecturas na beira[:en]Architectures on the Waterfont[:] - veredes\",\"isPartOf\":{\"@id\":\"https:\\\/\\\/veredes.es\\\/blog\\\/#website\"},\"primaryImageOfPage\":{\"@id\":\"https:\\\/\\\/veredes.es\\\/blog\\\/arquitecturas-la-orilla\\\/#primaryimage\"},\"image\":{\"@id\":\"https:\\\/\\\/veredes.es\\\/blog\\\/arquitecturas-la-orilla\\\/#primaryimage\"},\"thumbnailUrl\":\"https:\\\/\\\/veredes.es\\\/blog\\\/wp-content\\\/uploads\\\/2019\\\/10\\\/Arquitecturas-en-la-orilla.jpg\",\"datePublished\":\"2019-11-13T23:01:23+00:00\",\"description\":\"Toda la informaci\u00f3n sobre: [:es]Arquitecturas en la orilla[:gl]Arquitecturas na beira[:en]Architectures on the Waterfont[:]\",\"breadcrumb\":{\"@id\":\"https:\\\/\\\/veredes.es\\\/blog\\\/arquitecturas-la-orilla\\\/#breadcrumb\"},\"inLanguage\":\"es\",\"potentialAction\":[{\"@type\":\"ReadAction\",\"target\":[\"https:\\\/\\\/veredes.es\\\/blog\\\/arquitecturas-la-orilla\\\/\"]}]},{\"@type\":\"ImageObject\",\"inLanguage\":\"es\",\"@id\":\"https:\\\/\\\/veredes.es\\\/blog\\\/arquitecturas-la-orilla\\\/#primaryimage\",\"url\":\"https:\\\/\\\/veredes.es\\\/blog\\\/wp-content\\\/uploads\\\/2019\\\/10\\\/Arquitecturas-en-la-orilla.jpg\",\"contentUrl\":\"https:\\\/\\\/veredes.es\\\/blog\\\/wp-content\\\/uploads\\\/2019\\\/10\\\/Arquitecturas-en-la-orilla.jpg\",\"width\":1200,\"height\":2063},{\"@type\":\"BreadcrumbList\",\"@id\":\"https:\\\/\\\/veredes.es\\\/blog\\\/arquitecturas-la-orilla\\\/#breadcrumb\",\"itemListElement\":[{\"@type\":\"ListItem\",\"position\":1,\"name\":\"Portada\",\"item\":\"https:\\\/\\\/veredes.es\\\/blog\\\/\"},{\"@type\":\"ListItem\",\"position\":2,\"name\":\"Arquitecturas en la orilla\"}]},{\"@type\":\"WebSite\",\"@id\":\"https:\\\/\\\/veredes.es\\\/blog\\\/#website\",\"url\":\"https:\\\/\\\/veredes.es\\\/blog\\\/\",\"name\":\"veredes, arquitectura y divulgaci\u00f3n\",\"description\":\"veredes\",\"publisher\":{\"@id\":\"https:\\\/\\\/veredes.es\\\/blog\\\/#organization\"},\"alternateName\":\"veredes\",\"potentialAction\":[{\"@type\":\"SearchAction\",\"target\":{\"@type\":\"EntryPoint\",\"urlTemplate\":\"https:\\\/\\\/veredes.es\\\/blog\\\/?s={search_term_string}\"},\"query-input\":{\"@type\":\"PropertyValueSpecification\",\"valueRequired\":true,\"valueName\":\"search_term_string\"}}],\"inLanguage\":\"es\"},{\"@type\":\"Organization\",\"@id\":\"https:\\\/\\\/veredes.es\\\/blog\\\/#organization\",\"name\":\"veredes, arquitectura y divulgaci\u00f3n\",\"alternateName\":\"veredes\",\"url\":\"https:\\\/\\\/veredes.es\\\/blog\\\/\",\"logo\":{\"@type\":\"ImageObject\",\"inLanguage\":\"es\",\"@id\":\"https:\\\/\\\/veredes.es\\\/blog\\\/#\\\/schema\\\/logo\\\/image\\\/\",\"url\":\"https:\\\/\\\/veredes.es\\\/blog\\\/wp-content\\\/uploads\\\/2021\\\/12\\\/veredes-logo-centrado_140x54.png\",\"contentUrl\":\"https:\\\/\\\/veredes.es\\\/blog\\\/wp-content\\\/uploads\\\/2021\\\/12\\\/veredes-logo-centrado_140x54.png\",\"width\":140,\"height\":54,\"caption\":\"veredes, arquitectura y divulgaci\u00f3n\"},\"image\":{\"@id\":\"https:\\\/\\\/veredes.es\\\/blog\\\/#\\\/schema\\\/logo\\\/image\\\/\"},\"sameAs\":[\"https:\\\/\\\/www.facebook.com\\\/veredesArquitecturayDivulgacion\\\/\",\"https:\\\/\\\/x.com\\\/veredes\",\"https:\\\/\\\/instagram.com\\\/veredes\\\/\",\"https:\\\/\\\/www.linkedin.com\\\/company\\\/veredes-arquitectura-y-divulgacion\\\/\",\"https:\\\/\\\/es.pinterest.com\\\/veredes\\\/\",\"https:\\\/\\\/www.tumblr.com\\\/veredes\"]},{\"@type\":\"Person\",\"@id\":\"https:\\\/\\\/veredes.es\\\/blog\\\/#\\\/schema\\\/person\\\/0bbb669073ef7faba5168a0844e93d2c\",\"name\":\"veredes\",\"image\":{\"@type\":\"ImageObject\",\"inLanguage\":\"es\",\"@id\":\"https:\\\/\\\/veredes.es\\\/blog\\\/wp-content\\\/uploads\\\/2018\\\/04\\\/face-96x96.jpg\",\"url\":\"https:\\\/\\\/veredes.es\\\/blog\\\/wp-content\\\/uploads\\\/2018\\\/04\\\/face-96x96.jpg\",\"contentUrl\":\"https:\\\/\\\/veredes.es\\\/blog\\\/wp-content\\\/uploads\\\/2018\\\/04\\\/face-96x96.jpg\",\"caption\":\"veredes\"},\"description\":\"Surge enero de 2009 como b\u00fasqueda de satisfacer el conocimiento de la actividad arquitect\u00f3nica y tangentes que se generan. La idea es crear un espacio para divulgar los diversos proyectos en busca de nueva inspiraci\u00f3n y de intercambio.\",\"sameAs\":[\"https:\\\/\\\/veredes.es\\\/\",\"https:\\\/\\\/www.facebook.com\\\/veredesArquitecturayDivulgacion\\\/\",\"https:\\\/\\\/www.instagram.com\\\/veredes\\\/\",\"https:\\\/\\\/www.linkedin.com\\\/company\\\/veredes-arquitectura-y-divulgacion\\\/\",\"https:\\\/\\\/www.pinterest.es\\\/veredes\\\/\",\"https:\\\/\\\/x.com\\\/https:\\\/\\\/twitter.com\\\/veredes\",\"https:\\\/\\\/veredes.tumblr.com\\\/\"],\"url\":\"https:\\\/\\\/veredes.es\\\/blog\\\/author\\\/alberto\\\/\"}]}<\/script>\n<!-- \/ Yoast SEO plugin. -->","yoast_head_json":{"title":"[:es]Arquitecturas en la orilla[:gl]Arquitecturas na beira[:en]Architectures on the Waterfont[:] - veredes","description":"Toda la informaci\u00f3n sobre: [:es]Arquitecturas en la orilla[:gl]Arquitecturas na beira[:en]Architectures on the Waterfont[:]","robots":{"index":"index","follow":"follow","max-snippet":"max-snippet:-1","max-image-preview":"max-image-preview:large","max-video-preview":"max-video-preview:-1"},"canonical":"https:\/\/veredes.es\/blog\/arquitecturas-la-orilla\/","og_locale":"es_ES","og_type":"article","og_title":"[:es]Arquitecturas en la orilla[:gl]Arquitecturas na beira[:en]Architectures on the Waterfont[:] - veredes","og_description":"Toda la informaci\u00f3n sobre: [:es]Arquitecturas en la orilla[:gl]Arquitecturas na beira[:en]Architectures on the Waterfont[:]","og_url":"https:\/\/veredes.es\/blog\/arquitecturas-la-orilla\/","og_site_name":"veredes, arquitectura y divulgaci\u00f3n","article_publisher":"https:\/\/www.facebook.com\/veredesArquitecturayDivulgacion\/","article_author":"https:\/\/www.facebook.com\/veredesArquitecturayDivulgacion\/","article_published_time":"2019-11-13T23:01:23+00:00","og_image":[{"width":1200,"height":2063,"url":"https:\/\/veredes.es\/blog\/wp-content\/uploads\/2019\/10\/Arquitecturas-en-la-orilla.jpg","type":"image\/jpeg"}],"author":"veredes","twitter_card":"summary_large_image","twitter_creator":"@https:\/\/twitter.com\/veredes","twitter_site":"@veredes","twitter_misc":{"Escrito por":"veredes","Tiempo de lectura":"11 minutos"},"schema":{"@context":"https:\/\/schema.org","@graph":[{"@type":"Article","@id":"https:\/\/veredes.es\/blog\/arquitecturas-la-orilla\/#article","isPartOf":{"@id":"https:\/\/veredes.es\/blog\/arquitecturas-la-orilla\/"},"author":{"name":"veredes","@id":"https:\/\/veredes.es\/blog\/#\/schema\/person\/0bbb669073ef7faba5168a0844e93d2c"},"headline":"Arquitecturas en la orilla","datePublished":"2019-11-13T23:01:23+00:00","mainEntityOfPage":{"@id":"https:\/\/veredes.es\/blog\/arquitecturas-la-orilla\/"},"wordCount":2131,"commentCount":0,"publisher":{"@id":"https:\/\/veredes.es\/blog\/#organization"},"image":{"@id":"https:\/\/veredes.es\/blog\/arquitecturas-la-orilla\/#primaryimage"},"thumbnailUrl":"https:\/\/veredes.es\/blog\/wp-content\/uploads\/2019\/10\/Arquitecturas-en-la-orilla.jpg","keywords":["Anna Sala Giralt","arquitectura contempor\u00e1nea","Batter\u00edid Architects","Dominique Perrault","espacio p\u00fablico","Europa","exposici\u00f3n","Francesc Mu\u00f1oz Ram\u00edrez","fundaci\u00f3n Mies van der Rohe","Henning Larsen Architects","Ivan Blasi","Jos\u00e9 Rafael Moneo Vall\u00e9s","litoral","Mies van der Rohe","Olafur Eliasson","premio Mies van der Rohe","sala exposiciones","Sn\u00f8hetta","territorio","urbanismo"],"articleSection":["eventos","exposiciones"],"inLanguage":"es","potentialAction":[{"@type":"CommentAction","name":"Comment","target":["https:\/\/veredes.es\/blog\/arquitecturas-la-orilla\/#respond"]}]},{"@type":"WebPage","@id":"https:\/\/veredes.es\/blog\/arquitecturas-la-orilla\/","url":"https:\/\/veredes.es\/blog\/arquitecturas-la-orilla\/","name":"[:es]Arquitecturas en la orilla[:gl]Arquitecturas na beira[:en]Architectures on the Waterfont[:] - veredes","isPartOf":{"@id":"https:\/\/veredes.es\/blog\/#website"},"primaryImageOfPage":{"@id":"https:\/\/veredes.es\/blog\/arquitecturas-la-orilla\/#primaryimage"},"image":{"@id":"https:\/\/veredes.es\/blog\/arquitecturas-la-orilla\/#primaryimage"},"thumbnailUrl":"https:\/\/veredes.es\/blog\/wp-content\/uploads\/2019\/10\/Arquitecturas-en-la-orilla.jpg","datePublished":"2019-11-13T23:01:23+00:00","description":"Toda la informaci\u00f3n sobre: [:es]Arquitecturas en la orilla[:gl]Arquitecturas na beira[:en]Architectures on the Waterfont[:]","breadcrumb":{"@id":"https:\/\/veredes.es\/blog\/arquitecturas-la-orilla\/#breadcrumb"},"inLanguage":"es","potentialAction":[{"@type":"ReadAction","target":["https:\/\/veredes.es\/blog\/arquitecturas-la-orilla\/"]}]},{"@type":"ImageObject","inLanguage":"es","@id":"https:\/\/veredes.es\/blog\/arquitecturas-la-orilla\/#primaryimage","url":"https:\/\/veredes.es\/blog\/wp-content\/uploads\/2019\/10\/Arquitecturas-en-la-orilla.jpg","contentUrl":"https:\/\/veredes.es\/blog\/wp-content\/uploads\/2019\/10\/Arquitecturas-en-la-orilla.jpg","width":1200,"height":2063},{"@type":"BreadcrumbList","@id":"https:\/\/veredes.es\/blog\/arquitecturas-la-orilla\/#breadcrumb","itemListElement":[{"@type":"ListItem","position":1,"name":"Portada","item":"https:\/\/veredes.es\/blog\/"},{"@type":"ListItem","position":2,"name":"Arquitecturas en la orilla"}]},{"@type":"WebSite","@id":"https:\/\/veredes.es\/blog\/#website","url":"https:\/\/veredes.es\/blog\/","name":"veredes, arquitectura y divulgaci\u00f3n","description":"veredes","publisher":{"@id":"https:\/\/veredes.es\/blog\/#organization"},"alternateName":"veredes","potentialAction":[{"@type":"SearchAction","target":{"@type":"EntryPoint","urlTemplate":"https:\/\/veredes.es\/blog\/?s={search_term_string}"},"query-input":{"@type":"PropertyValueSpecification","valueRequired":true,"valueName":"search_term_string"}}],"inLanguage":"es"},{"@type":"Organization","@id":"https:\/\/veredes.es\/blog\/#organization","name":"veredes, arquitectura y divulgaci\u00f3n","alternateName":"veredes","url":"https:\/\/veredes.es\/blog\/","logo":{"@type":"ImageObject","inLanguage":"es","@id":"https:\/\/veredes.es\/blog\/#\/schema\/logo\/image\/","url":"https:\/\/veredes.es\/blog\/wp-content\/uploads\/2021\/12\/veredes-logo-centrado_140x54.png","contentUrl":"https:\/\/veredes.es\/blog\/wp-content\/uploads\/2021\/12\/veredes-logo-centrado_140x54.png","width":140,"height":54,"caption":"veredes, arquitectura y divulgaci\u00f3n"},"image":{"@id":"https:\/\/veredes.es\/blog\/#\/schema\/logo\/image\/"},"sameAs":["https:\/\/www.facebook.com\/veredesArquitecturayDivulgacion\/","https:\/\/x.com\/veredes","https:\/\/instagram.com\/veredes\/","https:\/\/www.linkedin.com\/company\/veredes-arquitectura-y-divulgacion\/","https:\/\/es.pinterest.com\/veredes\/","https:\/\/www.tumblr.com\/veredes"]},{"@type":"Person","@id":"https:\/\/veredes.es\/blog\/#\/schema\/person\/0bbb669073ef7faba5168a0844e93d2c","name":"veredes","image":{"@type":"ImageObject","inLanguage":"es","@id":"https:\/\/veredes.es\/blog\/wp-content\/uploads\/2018\/04\/face-96x96.jpg","url":"https:\/\/veredes.es\/blog\/wp-content\/uploads\/2018\/04\/face-96x96.jpg","contentUrl":"https:\/\/veredes.es\/blog\/wp-content\/uploads\/2018\/04\/face-96x96.jpg","caption":"veredes"},"description":"Surge enero de 2009 como b\u00fasqueda de satisfacer el conocimiento de la actividad arquitect\u00f3nica y tangentes que se generan. La idea es crear un espacio para divulgar los diversos proyectos en busca de nueva inspiraci\u00f3n y de intercambio.","sameAs":["https:\/\/veredes.es\/","https:\/\/www.facebook.com\/veredesArquitecturayDivulgacion\/","https:\/\/www.instagram.com\/veredes\/","https:\/\/www.linkedin.com\/company\/veredes-arquitectura-y-divulgacion\/","https:\/\/www.pinterest.es\/veredes\/","https:\/\/x.com\/https:\/\/twitter.com\/veredes","https:\/\/veredes.tumblr.com\/"],"url":"https:\/\/veredes.es\/blog\/author\/alberto\/"}]}},"_links":{"self":[{"href":"https:\/\/veredes.es\/blog\/wp-json\/wp\/v2\/posts\/75315","targetHints":{"allow":["GET"]}}],"collection":[{"href":"https:\/\/veredes.es\/blog\/wp-json\/wp\/v2\/posts"}],"about":[{"href":"https:\/\/veredes.es\/blog\/wp-json\/wp\/v2\/types\/post"}],"author":[{"embeddable":true,"href":"https:\/\/veredes.es\/blog\/wp-json\/wp\/v2\/users\/2"}],"replies":[{"embeddable":true,"href":"https:\/\/veredes.es\/blog\/wp-json\/wp\/v2\/comments?post=75315"}],"version-history":[{"count":0,"href":"https:\/\/veredes.es\/blog\/wp-json\/wp\/v2\/posts\/75315\/revisions"}],"wp:featuredmedia":[{"embeddable":true,"href":"https:\/\/veredes.es\/blog\/wp-json\/wp\/v2\/media\/75316"}],"wp:attachment":[{"href":"https:\/\/veredes.es\/blog\/wp-json\/wp\/v2\/media?parent=75315"}],"wp:term":[{"taxonomy":"category","embeddable":true,"href":"https:\/\/veredes.es\/blog\/wp-json\/wp\/v2\/categories?post=75315"},{"taxonomy":"post_tag","embeddable":true,"href":"https:\/\/veredes.es\/blog\/wp-json\/wp\/v2\/tags?post=75315"}],"curies":[{"name":"wp","href":"https:\/\/api.w.org\/{rel}","templated":true}]}}