{"id":74484,"date":"2019-10-21T00:01:58","date_gmt":"2019-10-20T22:01:58","guid":{"rendered":"https:\/\/veredes.es\/blog\/?p=74484"},"modified":"2023-05-18T07:36:48","modified_gmt":"2023-05-18T05:36:48","slug":"futuro-no-lugar-pedro-hernandez","status":"publish","type":"post","link":"https:\/\/veredes.es\/blog\/futuro-no-lugar-pedro-hernandez\/","title":{"rendered":"El futuro es un no lugar | Landa Hern\u00e1ndez Mart\u00ednez"},"content":{"rendered":"<p><iframe loading=\"lazy\" title=\"Introducing Amazon Go and the world\u2019s most advanced shopping technology\" width=\"696\" height=\"392\" src=\"https:\/\/www.youtube.com\/embed\/NrmMk1Myrxc?feature=oembed\" frameborder=\"0\" allow=\"accelerometer; autoplay; clipboard-write; encrypted-media; gyroscope; picture-in-picture\" allowfullscreen><\/iframe><\/p>\n<p style=\"text-align: justify;\">El 5 de diciembre de 2016, Amazon, el gigante de las ventas online, publicaba en su perfil de YouTube un v\u00eddeo titulado\u00a0<em class=\"ks\">Introducing Amazon Go and the world\u2019s most advanced shopping technology<\/em>. La idea era tan sencilla como radical, y parec\u00eda sacada de una historia de una ciencia ficci\u00f3n, pero con un nivel de realismo que hac\u00eda preguntarse por qu\u00e9 a nadie se le hab\u00eda ocurrido antes: Amazon propon\u00eda el primer supermercado en el que no ser\u00eda necesario servicio ni personal, se puede entrar, tomar los productos que necesites y salir\u00a0<em class=\"ks\">sin pasar<\/em>\u00a0por caja. Sin colas. Una app en nuestro dispositivo m\u00f3vil es la que reconocer\u00e1 qu\u00e9 hemos seleccionado y nos cobrar\u00e1 de manera autom\u00e1tica.<\/p>\n<p style=\"text-align: justify;\">Las intenciones eran simples: reducir costos a partir de la reducci\u00f3n de personal y aligerar el proceso de compra, haci\u00e9ndolo m\u00e1s r\u00e1pido, al tiempo que ampliaba el concepto: oculto tras de los espacios de compra, un grupo de cocineros y trabajadores se dedicar\u00e1 a preparar platillos al momento. Amazon ve\u00eda en su propuesta el futuro del comercio minorista: un extenso n\u00famero de cosas al alcance de la mano donde no necesitamos esperar. Para unos ser\u00e1 un alivio especial, aquellos cansados de hacer cola a la hora de ir a la tienda de la esquina \u2014 sea una peque\u00f1a de abarrotes o cualquier franquicia tipo Oxxo, Circle K o Seven Eleven; para otros, una amenaza: el trabajo de cajero es el segundo m\u00e1s com\u00fan en los EE.UU.<\/p>\n<p style=\"text-align: justify;\">Aquel v\u00eddeo, una primera ilusi\u00f3n, se hizo realidad esta semana en Seattle con la apertura de la primera tienda de la compa\u00f1\u00eda que resume estas caracter\u00edsticas. Curiosamente, el tan anunciado comercio sin colas rebas\u00f3 sus espectativas y los primeros usuarios tuvieron que esperar para poder comprar en el nuevo modelo de negocio. Pese a ello, fue un \u00e9xito, y muchos compartieron en sus redes sociales qu\u00e9 tan f\u00e1cil y pr\u00e1ctico les hab\u00eda resultado. Aun as\u00ed, ya sabemos, las modas son pasajeras; habr\u00e1 que esperar un tiempo para ver qu\u00e9 tan bien funciona la propuesta y si se expande en el futuro a otros lugares, aunque todo apunte a que s\u00ed, a que nos encontramos con el primer negocio en su tipo.<\/p>\n<blockquote class=\"twitter-tweet\">\n<p dir=\"ltr\" lang=\"en\" style=\"text-align: justify;\"><em>I\u2019m in Seattle and there is currently a line to shop at the grocery store whose entire premise is that you won\u2019t have to wait in line.<\/em> <a href=\"https:\/\/t.co\/fWr80A0ZPV\">pic.twitter.com\/fWr80A0ZPV<\/a><\/p>\n<p style=\"text-align: justify;\">\u2014 Ryan Petersen (@typesfast) <a href=\"https:\/\/twitter.com\/typesfast\/status\/955522688268746752?ref_src=twsrc%5Etfw\">January 22, 2018<\/a><\/p>\n<\/blockquote>\n<p style=\"text-align: justify;\">El futuro \u2014 en las compras, al menos \u2014 ser\u00e1 m\u00e1s r\u00e1pido y fugaz, y, aparentemente, m\u00e1s accesible para el usuario. Amazon lo cree y ya ha anunciado la compra de una cadena de supermercados, la aparici\u00f3n de una secci\u00f3n de bienes ra\u00edces en la empresa y la redefinici\u00f3n de su entrega a domicilio con la venta de productos frescos.<\/p>\n<p style=\"text-align: justify;\">En un mundo como el actual, donde parece todos tenemos prisa aunque en ocasiones no sepamos por qu\u00e9, los espacios tradicionales comienzan a redefinir su uso de acuerdo a los nuevos sentidos que otorga la tecnolog\u00eda. Bien es cierto que los supermercados, todos iguales y parecidos fuera el lugar del mundo que fuera, ya eran aquellos entornos entendidos desde el anonimato, \u201c<strong><a href=\"https:\/\/veredes.es\/blog\/la-ciudad-simulada-marc-chalamanch\/\" target=\"_blank\" rel=\"noopener\">no-lugares<\/a><\/strong>\u201d, tal y como los defini\u00f3 <a href=\"https:\/\/veredes.es\/blog\/tag\/marc-auge\/\" target=\"_blank\" rel=\"noopener\">Marc Aug\u00e9<\/a>, entornos donde lo social, el encuentro, se sustituye por el tr\u00e1nsito. Sin embargo, esta propuesta supone un paso m\u00e1s, no s\u00f3lo permite un proceso m\u00e1s r\u00e1pido y barato, sino que tambi\u00e9n reduce al m\u00ednimo la interacci\u00f3n social; la tecnolog\u00eda sustituye cualquier posibilidad de di\u00e1logo: ser\u00e1 un algoritmo el que se encargue del proceso y el que, m\u00e1s temprano que tarde, aprender\u00e1 a reconocer nuestros h\u00e1bitos de consumo. Ah\u00ed podemos ver el siguiente paso, la llegada de ofertas personalizadas de acuerdo a nuestras pr\u00e1cticas; y el siguiente a \u00e9ste, la transformaci\u00f3n y predicci\u00f3n de nuestros deseos y la producci\u00f3n de consumidores, transformados en meros n\u00fameros: lo que compras, lo que vendes, la cantidad de veces que haces uso del servicio\u2026<\/p>\n<p style=\"text-align: justify;\">Un modelo que no est\u00e1 re\u00f1ido con la producci\u00f3n de una ciudad que puede ser cada vez menos inclusiva. Perd\u00f3n por sonar pesimista, pero ya la ciencia ficci\u00f3n \u2014 que hab\u00eda imaginado antes un comercio sin colas \u2014 ha dado muestras de un posible s\u00edntoma futuro en el que las relaciones sociales o el acceso a los lugares se plantean en esos t\u00e9rminos: frente a la posible democratizaci\u00f3n de los lugares de compra que cabr\u00eda pensar de estas tecnolog\u00edas,<\/p>\n<blockquote>\n<p style=\"text-align: justify;\">\u00bfpodremos imaginarnos tiendas a las que solo se pueda acceder con apps-vip, limitadas a aquellos usuarios que puedan pagarlas o, como plantea\u00a0<em class=\"ks\">Black Mirror<\/em>\u00a0en uno de sus c\u00e9lebres episodios \u2014\u00a0<em class=\"ks\">Nosedive<\/em> \u2014 , puedan acceder a ellos por estar bien valorados seg\u00fan alguna forma de voto?<\/p>\n<\/blockquote>\n<p style=\"text-align: justify;\">No es tan dif\u00edcil de imaginar. En el mencionado cap\u00edtulo de la serie, los habitantes de la historia s\u00f3lo pueden acceder a determinados lugares de la ciudad o hacer uso de determinados servicios de calidad si su puntuaci\u00f3n social \u2014 definida por las sonrisas que sean capaces de emitir ante los dem\u00e1s y por el voto de estos \u2014 lo permite. Las apps, los algoritmos, el Big Data, son, sin duda, los modelos de control y exclusi\u00f3n social m\u00e1s extendidos hoy. Ellos definen a los usuarios no como personas con cuerpo, sino como meros datos definidos desde la eficiencia y rendimiento: aquellos que, de acuerdo al c\u00f3digo sean reconocibles como buenos consumidores, pueden acceder a ellos.<\/p>\n<p style=\"text-align: justify;\">En tales t\u00e9rminos, el capitalismo se esforz\u00f3 durante mucho tiempo en convertir el espacio de las interacciones sociales \u2014 aquellas no mediadas por las apps o el comercio \u2014 en anomal\u00edas a evitar. Ya centrados en la ciudad, lo que interesa es reducir las posibilidades de un lugar a sus condiciones de consumo. La tecnolog\u00eda m\u00f3vil, ubicua, hace posible eso. Y ello requiere infraestructura, aparentemente no visible o que, al menos, no estorbe. En el caso de Amazon Go un conjunto de c\u00e1maras y otros sensores ubicados en el techo de la tienda registran el progreso de los consumidores a trav\u00e9s de la tienda: qu\u00e9 toman, qu\u00e9 dejan, que se llevan\u2026<\/p>\n<figure id=\"attachment_74493\" aria-describedby=\"caption-attachment-74493\" style=\"width: 1200px\" class=\"wp-caption alignnone\"><img loading=\"lazy\" decoding=\"async\" class=\"wp-image-74493 size-full\" src=\"https:\/\/veredes.es\/blog\/wp-content\/uploads\/2019\/10\/El-futuro-es-un-no-lugar-Pedro-Hern\u00e1ndez-Amazon-Go-o3.jpg\" alt=\"Amazon Go\" width=\"1200\" height=\"644\" srcset=\"https:\/\/veredes.es\/blog\/wp-content\/uploads\/2019\/10\/El-futuro-es-un-no-lugar-Pedro-Hern\u00e1ndez-Amazon-Go-o3.jpg 1200w, https:\/\/veredes.es\/blog\/wp-content\/uploads\/2019\/10\/El-futuro-es-un-no-lugar-Pedro-Hern\u00e1ndez-Amazon-Go-o3-300x161.jpg 300w, https:\/\/veredes.es\/blog\/wp-content\/uploads\/2019\/10\/El-futuro-es-un-no-lugar-Pedro-Hern\u00e1ndez-Amazon-Go-o3-1024x550.jpg 1024w\" sizes=\"auto, (max-width: 1200px) 100vw, 1200px\" \/><figcaption id=\"caption-attachment-74493\" class=\"wp-caption-text\"><span style=\"color: #999999;\">Amazon Go | Recode | <a href=\"https:\/\/www.sopitas.com\/noticias\/amazon-go-tienda-sin-cajeros\/\" target=\"_blank\" rel=\"noopener\">Fuente: sopitas.com<\/a><\/span><\/figcaption><\/figure>\n<p style=\"text-align: justify;\">La aparente libertad que deriva del avance tecnol\u00f3gico conlleva tambi\u00e9n un reverso siniestro: la cesi\u00f3n de nuestra privacidad a las manos del comercio privado, seguramente no tan malicioso como suena aqu\u00ed descrito, pero opaco, finalmente.<\/p>\n<blockquote>\n<p style=\"text-align: justify;\">\u00bfQu\u00e9 pasar\u00e1 m\u00e1s all\u00e1?, \u00bfser\u00e1 alg\u00fan tipo de antecedente de los modelos de consumo que que vengan despu\u00e9s?,<\/p>\n<\/blockquote>\n<p style=\"text-align: justify;\">y, a sabiendas que el espacio p\u00fablico es hoy, m\u00e1s que nunca, un reflejo de los espacios de consumo,<\/p>\n<blockquote>\n<p style=\"text-align: justify;\">\u00bfle afectar\u00e1 esta tecnolog\u00eda tambi\u00e9n?<\/p>\n<\/blockquote>\n<p style=\"text-align: justify;\">Falta mucho para ello, sin duda. El costo de la infraestructura para una tienda de estas caracter\u00edsticas es muy alto a\u00fan y su fase es a\u00fan experimental. Pero no es descabellado pensar que, quiz\u00e1 en un universo dist\u00f3pico, el acceso a un lugar \u2014 pretendidamente p\u00fablico \u2014 pueda estar controlado a trav\u00e9s de una tecnolog\u00eda como \u00e9sta, aparentemente inocua pero que se despliega y se desliza en nuestra vida invadiendo en nuestra privacidad. \u00c9se parece el \u00fanico destino posible que le queda a la ciudad, cada vez m\u00e1s vendida al consumo y la especulaci\u00f3n.<\/p>\n<p style=\"text-align: justify;\">La pregunta que nos queda ser\u00eda otra:<\/p>\n<blockquote>\n<p style=\"text-align: justify;\"><strong>\u00bfa qui\u00e9n pertenecer\u00e1 la tecnolog\u00eda que lo haga posible?<\/strong><\/p>\n<\/blockquote>\n<p>Pedro Hern\u00e1ndez \u00b7 arquitecto<br \/>\nMadrid.\u00a0Enero 2018<\/p>\n","protected":false},"excerpt":{"rendered":"<p>El 5 de diciembre de 2016, Amazon, el gigante de las ventas online, publicaba en su perfil de YouTube un v\u00eddeo titulado\u00a0Introducing Amazon Go and the world\u2019s most advanced shopping technology. La idea era tan sencilla como radical, y parec\u00eda sacada de una historia de una ciencia ficci\u00f3n, pero con un nivel de realismo que [&hellip;]<\/p>\n","protected":false},"author":36,"featured_media":75063,"comment_status":"open","ping_status":"closed","sticky":false,"template":"","format":"standard","meta":{"footnotes":""},"categories":[5934,5951],"tags":[11481,145,10910,11486,11485,1521,11483,12416,4050,350,11482,6401,5907,3127,11487,630,706,710,11911,730,12526,4964,4505,11488,804,8575,12524,11450,12418,11480,2726,11484,12525,6148,2351,1151,1152,2801,7478,2336,9526,4319,2179,1241,11477,12417,1271,1289,1721,5116,12468,12090],"class_list":{"0":"post-74484","1":"post","2":"type-post","3":"status-publish","4":"format-standard","5":"has-post-thumbnail","7":"category-articulos","8":"category-slider-principal","9":"tag-armand-mattelart","10":"tag-arquitectura-industrial","11":"tag-arquitectura-informacional","12":"tag-bernei-dekoven","13":"tag-brad-neuberg","14":"tag-cedric-price","15":"tag-chris-benner","16":"tag-chun-chieh-hsiao","17":"tag-codigo-abierto","18":"tag-comunicacion","19":"tag-coworking","20":"tag-espacio-colectivo","21":"tag-espacio-privado","22":"tag-formatos-digitales","23":"tag-frederick-winslow-taylor","24":"tag-geografia","25":"tag-industria-cultural","26":"tag-informacion","27":"tag-informacionalismo","28":"tag-internet","29":"tag-jean-braudillard","30":"tag-jose-miguel-g-cortes","31":"tag-landa-hernandez","32":"tag-leon-emmanuelle","33":"tag-lugar","34":"tag-manuel-castells","35":"tag-marc-auge","36":"tag-marc-chalamanch","37":"tag-maria-teresa-garcia-garcia-besne","38":"tag-marshall-mcluhan","39":"tag-nueva-tecnologia","40":"tag-pekka-himanen","41":"tag-pierre-huyghe","42":"tag-procesos-digitales","43":"tag-procesos-globales","44":"tag-red","45":"tag-red-social","46":"tag-richard-sennett","47":"tag-s-xxi","48":"tag-saskia-sassen","49":"tag-smart-citizens","50":"tag-smart-city","51":"tag-social-media","52":"tag-sociedad","53":"tag-sociedad-red","54":"tag-stephen-graham","55":"tag-tecnologia","56":"tag-tiempo","57":"tag-toyo-ito","58":"tag-trabajar","59":"tag-urbanismo","60":"tag-william-j-mitchell"},"yoast_head":"<!-- This site is optimized with the Yoast SEO plugin v27.5 - https:\/\/yoast.com\/product\/yoast-seo-wordpress\/ -->\n<title>El futuro es un no lugar | Landa Hern\u00e1ndez Mart\u00ednez - veredes<\/title>\n<meta name=\"description\" content=\"Toda la informaci\u00f3n sobre: El futuro es un no lugar | Landa Hern\u00e1ndez Mart\u00ednez\" \/>\n<meta name=\"robots\" content=\"index, follow, max-snippet:-1, max-image-preview:large, max-video-preview:-1\" \/>\n<link rel=\"canonical\" href=\"https:\/\/veredes.es\/blog\/futuro-no-lugar-pedro-hernandez\/\" \/>\n<meta property=\"og:locale\" content=\"es_ES\" \/>\n<meta property=\"og:type\" content=\"article\" \/>\n<meta property=\"og:title\" content=\"El futuro es un no lugar | Landa Hern\u00e1ndez Mart\u00ednez - veredes\" \/>\n<meta property=\"og:description\" content=\"Toda la informaci\u00f3n sobre: El futuro es un no lugar | Landa Hern\u00e1ndez Mart\u00ednez\" \/>\n<meta property=\"og:url\" content=\"https:\/\/veredes.es\/blog\/futuro-no-lugar-pedro-hernandez\/\" \/>\n<meta property=\"og:site_name\" content=\"veredes, arquitectura y divulgaci\u00f3n\" \/>\n<meta property=\"article:publisher\" content=\"https:\/\/www.facebook.com\/veredesArquitecturayDivulgacion\/\" \/>\n<meta property=\"article:author\" content=\"https:\/\/www.facebook.com\/pehemar\" \/>\n<meta property=\"article:published_time\" content=\"2019-10-20T22:01:58+00:00\" \/>\n<meta property=\"article:modified_time\" content=\"2023-05-18T05:36:48+00:00\" \/>\n<meta property=\"og:image\" content=\"https:\/\/veredes.es\/blog\/wp-content\/uploads\/2019\/10\/el-futuro-es-un-no-lugar-pedro-h.jpg\" \/>\n\t<meta property=\"og:image:width\" content=\"1280\" \/>\n\t<meta property=\"og:image:height\" content=\"720\" \/>\n\t<meta property=\"og:image:type\" content=\"image\/jpeg\" \/>\n<meta name=\"author\" content=\"Landa Hern\u00e1ndez\" \/>\n<meta name=\"twitter:card\" content=\"summary_large_image\" \/>\n<meta name=\"twitter:creator\" content=\"@https:\/\/twitter.com\/laperiferia\" \/>\n<meta name=\"twitter:site\" content=\"@veredes\" \/>\n<meta name=\"twitter:label1\" content=\"Escrito por\" \/>\n\t<meta name=\"twitter:data1\" content=\"Landa Hern\u00e1ndez\" \/>\n\t<meta name=\"twitter:label2\" content=\"Tiempo de lectura\" \/>\n\t<meta name=\"twitter:data2\" content=\"6 minutos\" \/>\n<script type=\"application\/ld+json\" class=\"yoast-schema-graph\">{\"@context\":\"https:\\\/\\\/schema.org\",\"@graph\":[{\"@type\":\"Article\",\"@id\":\"https:\\\/\\\/veredes.es\\\/blog\\\/futuro-no-lugar-pedro-hernandez\\\/#article\",\"isPartOf\":{\"@id\":\"https:\\\/\\\/veredes.es\\\/blog\\\/futuro-no-lugar-pedro-hernandez\\\/\"},\"author\":{\"name\":\"Landa Hern\u00e1ndez\",\"@id\":\"https:\\\/\\\/veredes.es\\\/blog\\\/#\\\/schema\\\/person\\\/c2e70e079f5cb4810ff9e002286ae4d4\"},\"headline\":\"El futuro es un no lugar | Landa Hern\u00e1ndez Mart\u00ednez\",\"datePublished\":\"2019-10-20T22:01:58+00:00\",\"dateModified\":\"2023-05-18T05:36:48+00:00\",\"mainEntityOfPage\":{\"@id\":\"https:\\\/\\\/veredes.es\\\/blog\\\/futuro-no-lugar-pedro-hernandez\\\/\"},\"wordCount\":1309,\"commentCount\":0,\"publisher\":{\"@id\":\"https:\\\/\\\/veredes.es\\\/blog\\\/#organization\"},\"image\":{\"@id\":\"https:\\\/\\\/veredes.es\\\/blog\\\/futuro-no-lugar-pedro-hernandez\\\/#primaryimage\"},\"thumbnailUrl\":\"https:\\\/\\\/veredes.es\\\/blog\\\/wp-content\\\/uploads\\\/2019\\\/10\\\/el-futuro-es-un-no-lugar-pedro-h.jpg\",\"keywords\":[\"Armand Mattelart\",\"arquitectura industrial\",\"arquitectura informacional\",\"Bernei Dekoven\",\"Brad Neuberg\",\"Cedric Price\",\"chris benner\",\"Chun-Chieh Hsiao\",\"codigo abierto\",\"comunicaci\u00f3n\",\"coworking\",\"espacio colectivo\",\"espacio privado\",\"formatos digitales\",\"frederick winslow taylor\",\"geograf\u00eda\",\"industria cultural\",\"informaci\u00f3n\",\"informacionalismo\",\"internet\",\"Jean Braudillard\",\"Jos\u00e9 Miguel G. Cort\u00e9s\",\"Landa Hern\u00e1ndez\",\"l\u00e9on emmanuelle\",\"lugar\",\"Manuel Castells\",\"Marc Aug\u00e9\",\"Marc Chalamanch\",\"Mar\u00eda Teresa Garc\u00eda Garc\u00eda Besn\u00e9\",\"marshall mcluhan\",\"nueva tecnologia\",\"pekka himanen\",\"Pierre Huyghe\",\"procesos digitales\",\"procesos globales\",\"red\",\"red social\",\"Richard Sennett\",\"s. xxi\",\"Saskia Sassen\",\"smart citizens\",\"smart city\",\"social media\",\"sociedad\",\"sociedad red\",\"Stephen Graham\",\"tecnolog\u00eda\",\"tiempo\",\"Toyo Ito\",\"trabajar\",\"urbanismo\",\"William J. Mitchell\"],\"articleSection\":[\"art\u00edculos\",\"slider principal\"],\"inLanguage\":\"es\",\"potentialAction\":[{\"@type\":\"CommentAction\",\"name\":\"Comment\",\"target\":[\"https:\\\/\\\/veredes.es\\\/blog\\\/futuro-no-lugar-pedro-hernandez\\\/#respond\"]}]},{\"@type\":\"WebPage\",\"@id\":\"https:\\\/\\\/veredes.es\\\/blog\\\/futuro-no-lugar-pedro-hernandez\\\/\",\"url\":\"https:\\\/\\\/veredes.es\\\/blog\\\/futuro-no-lugar-pedro-hernandez\\\/\",\"name\":\"El futuro es un no lugar | Landa Hern\u00e1ndez Mart\u00ednez - veredes\",\"isPartOf\":{\"@id\":\"https:\\\/\\\/veredes.es\\\/blog\\\/#website\"},\"primaryImageOfPage\":{\"@id\":\"https:\\\/\\\/veredes.es\\\/blog\\\/futuro-no-lugar-pedro-hernandez\\\/#primaryimage\"},\"image\":{\"@id\":\"https:\\\/\\\/veredes.es\\\/blog\\\/futuro-no-lugar-pedro-hernandez\\\/#primaryimage\"},\"thumbnailUrl\":\"https:\\\/\\\/veredes.es\\\/blog\\\/wp-content\\\/uploads\\\/2019\\\/10\\\/el-futuro-es-un-no-lugar-pedro-h.jpg\",\"datePublished\":\"2019-10-20T22:01:58+00:00\",\"dateModified\":\"2023-05-18T05:36:48+00:00\",\"description\":\"Toda la informaci\u00f3n sobre: El futuro es un no lugar | Landa Hern\u00e1ndez Mart\u00ednez\",\"breadcrumb\":{\"@id\":\"https:\\\/\\\/veredes.es\\\/blog\\\/futuro-no-lugar-pedro-hernandez\\\/#breadcrumb\"},\"inLanguage\":\"es\",\"potentialAction\":[{\"@type\":\"ReadAction\",\"target\":[\"https:\\\/\\\/veredes.es\\\/blog\\\/futuro-no-lugar-pedro-hernandez\\\/\"]}]},{\"@type\":\"ImageObject\",\"inLanguage\":\"es\",\"@id\":\"https:\\\/\\\/veredes.es\\\/blog\\\/futuro-no-lugar-pedro-hernandez\\\/#primaryimage\",\"url\":\"https:\\\/\\\/veredes.es\\\/blog\\\/wp-content\\\/uploads\\\/2019\\\/10\\\/el-futuro-es-un-no-lugar-pedro-h.jpg\",\"contentUrl\":\"https:\\\/\\\/veredes.es\\\/blog\\\/wp-content\\\/uploads\\\/2019\\\/10\\\/el-futuro-es-un-no-lugar-pedro-h.jpg\",\"width\":1280,\"height\":720},{\"@type\":\"BreadcrumbList\",\"@id\":\"https:\\\/\\\/veredes.es\\\/blog\\\/futuro-no-lugar-pedro-hernandez\\\/#breadcrumb\",\"itemListElement\":[{\"@type\":\"ListItem\",\"position\":1,\"name\":\"Portada\",\"item\":\"https:\\\/\\\/veredes.es\\\/blog\\\/\"},{\"@type\":\"ListItem\",\"position\":2,\"name\":\"El futuro es un no lugar | Landa Hern\u00e1ndez Mart\u00ednez\"}]},{\"@type\":\"WebSite\",\"@id\":\"https:\\\/\\\/veredes.es\\\/blog\\\/#website\",\"url\":\"https:\\\/\\\/veredes.es\\\/blog\\\/\",\"name\":\"veredes, arquitectura y divulgaci\u00f3n\",\"description\":\"veredes\",\"publisher\":{\"@id\":\"https:\\\/\\\/veredes.es\\\/blog\\\/#organization\"},\"alternateName\":\"veredes\",\"potentialAction\":[{\"@type\":\"SearchAction\",\"target\":{\"@type\":\"EntryPoint\",\"urlTemplate\":\"https:\\\/\\\/veredes.es\\\/blog\\\/?s={search_term_string}\"},\"query-input\":{\"@type\":\"PropertyValueSpecification\",\"valueRequired\":true,\"valueName\":\"search_term_string\"}}],\"inLanguage\":\"es\"},{\"@type\":\"Organization\",\"@id\":\"https:\\\/\\\/veredes.es\\\/blog\\\/#organization\",\"name\":\"veredes, arquitectura y divulgaci\u00f3n\",\"alternateName\":\"veredes\",\"url\":\"https:\\\/\\\/veredes.es\\\/blog\\\/\",\"logo\":{\"@type\":\"ImageObject\",\"inLanguage\":\"es\",\"@id\":\"https:\\\/\\\/veredes.es\\\/blog\\\/#\\\/schema\\\/logo\\\/image\\\/\",\"url\":\"https:\\\/\\\/veredes.es\\\/blog\\\/wp-content\\\/uploads\\\/2021\\\/12\\\/veredes-logo-centrado_140x54.png\",\"contentUrl\":\"https:\\\/\\\/veredes.es\\\/blog\\\/wp-content\\\/uploads\\\/2021\\\/12\\\/veredes-logo-centrado_140x54.png\",\"width\":140,\"height\":54,\"caption\":\"veredes, arquitectura y divulgaci\u00f3n\"},\"image\":{\"@id\":\"https:\\\/\\\/veredes.es\\\/blog\\\/#\\\/schema\\\/logo\\\/image\\\/\"},\"sameAs\":[\"https:\\\/\\\/www.facebook.com\\\/veredesArquitecturayDivulgacion\\\/\",\"https:\\\/\\\/x.com\\\/veredes\",\"https:\\\/\\\/instagram.com\\\/veredes\\\/\",\"https:\\\/\\\/www.linkedin.com\\\/company\\\/veredes-arquitectura-y-divulgacion\\\/\",\"https:\\\/\\\/es.pinterest.com\\\/veredes\\\/\",\"https:\\\/\\\/www.tumblr.com\\\/veredes\"]},{\"@type\":\"Person\",\"@id\":\"https:\\\/\\\/veredes.es\\\/blog\\\/#\\\/schema\\\/person\\\/c2e70e079f5cb4810ff9e002286ae4d4\",\"name\":\"Landa Hern\u00e1ndez\",\"image\":{\"@type\":\"ImageObject\",\"inLanguage\":\"es\",\"@id\":\"https:\\\/\\\/secure.gravatar.com\\\/avatar\\\/557e510e5576322e0c38a78a1bfab7d33982187ff66668704d6978d3f690ceb1?s=96&r=g\",\"url\":\"https:\\\/\\\/secure.gravatar.com\\\/avatar\\\/557e510e5576322e0c38a78a1bfab7d33982187ff66668704d6978d3f690ceb1?s=96&r=g\",\"contentUrl\":\"https:\\\/\\\/secure.gravatar.com\\\/avatar\\\/557e510e5576322e0c38a78a1bfab7d33982187ff66668704d6978d3f690ceb1?s=96&r=g\",\"caption\":\"Landa Hern\u00e1ndez\"},\"description\":\"Soy arquitecto por la Universidad de Alicante, pero mi inter\u00e9s sobre esta disciplina se encuentra alejado de su papel tradicional de dise\u00f1o de espacios. M\u00e1s bien, me interesa entender c\u00f3mo las representaciones de la arquitectura, el paisaje, el dise\u00f1o o el territorio construyen y materializan determinados discursos ideol\u00f3gicos, imponiendo posturas, subjetividades y formas de acci\u00f3n sobre los cuerpos que la habitan. En mi trabajo edito estos discursos \u2013sus im\u00e1genes, sus historias o sus restos materiales\u2013 y reelaboro comentarios cr\u00edticos que ponen en evidencia sus controversias y contradicciones, formaliz\u00e1ndolos en diversos formatos como textos, fotograf\u00edas, v\u00eddeos, objetos o instalaciones, muchas veces entrecruzados entre s\u00ed. He publicado art\u00edculos y ensayos en diversos medios de Estados Unidos, Italia, Croacia, Espa\u00f1a, Chile y M\u00e9xico. Desde enero de 2013 resido en la Ciudad de M\u00e9xico donde trabajo como coordinador de contenidos en Arquine.\",\"sameAs\":[\"http:\\\/\\\/laperiferiadomestica.tumblr.com\\\/\",\"https:\\\/\\\/www.facebook.com\\\/pehemar\",\"https:\\\/\\\/www.instagram.com\\\/laperiferia\\\/\",\"https:\\\/\\\/www.linkedin.com\\\/in\\\/pedrohm\\\/\",\"https:\\\/\\\/x.com\\\/https:\\\/\\\/twitter.com\\\/laperiferia\"],\"url\":\"https:\\\/\\\/veredes.es\\\/blog\\\/author\\\/pedro-hernandez-martinez\\\/\"}]}<\/script>\n<!-- \/ Yoast SEO plugin. -->","yoast_head_json":{"title":"El futuro es un no lugar | Landa Hern\u00e1ndez Mart\u00ednez - veredes","description":"Toda la informaci\u00f3n sobre: El futuro es un no lugar | Landa Hern\u00e1ndez Mart\u00ednez","robots":{"index":"index","follow":"follow","max-snippet":"max-snippet:-1","max-image-preview":"max-image-preview:large","max-video-preview":"max-video-preview:-1"},"canonical":"https:\/\/veredes.es\/blog\/futuro-no-lugar-pedro-hernandez\/","og_locale":"es_ES","og_type":"article","og_title":"El futuro es un no lugar | Landa Hern\u00e1ndez Mart\u00ednez - veredes","og_description":"Toda la informaci\u00f3n sobre: El futuro es un no lugar | Landa Hern\u00e1ndez Mart\u00ednez","og_url":"https:\/\/veredes.es\/blog\/futuro-no-lugar-pedro-hernandez\/","og_site_name":"veredes, arquitectura y divulgaci\u00f3n","article_publisher":"https:\/\/www.facebook.com\/veredesArquitecturayDivulgacion\/","article_author":"https:\/\/www.facebook.com\/pehemar","article_published_time":"2019-10-20T22:01:58+00:00","article_modified_time":"2023-05-18T05:36:48+00:00","og_image":[{"width":1280,"height":720,"url":"https:\/\/veredes.es\/blog\/wp-content\/uploads\/2019\/10\/el-futuro-es-un-no-lugar-pedro-h.jpg","type":"image\/jpeg"}],"author":"Landa Hern\u00e1ndez","twitter_card":"summary_large_image","twitter_creator":"@https:\/\/twitter.com\/laperiferia","twitter_site":"@veredes","twitter_misc":{"Escrito por":"Landa Hern\u00e1ndez","Tiempo de lectura":"6 minutos"},"schema":{"@context":"https:\/\/schema.org","@graph":[{"@type":"Article","@id":"https:\/\/veredes.es\/blog\/futuro-no-lugar-pedro-hernandez\/#article","isPartOf":{"@id":"https:\/\/veredes.es\/blog\/futuro-no-lugar-pedro-hernandez\/"},"author":{"name":"Landa Hern\u00e1ndez","@id":"https:\/\/veredes.es\/blog\/#\/schema\/person\/c2e70e079f5cb4810ff9e002286ae4d4"},"headline":"El futuro es un no lugar | Landa Hern\u00e1ndez Mart\u00ednez","datePublished":"2019-10-20T22:01:58+00:00","dateModified":"2023-05-18T05:36:48+00:00","mainEntityOfPage":{"@id":"https:\/\/veredes.es\/blog\/futuro-no-lugar-pedro-hernandez\/"},"wordCount":1309,"commentCount":0,"publisher":{"@id":"https:\/\/veredes.es\/blog\/#organization"},"image":{"@id":"https:\/\/veredes.es\/blog\/futuro-no-lugar-pedro-hernandez\/#primaryimage"},"thumbnailUrl":"https:\/\/veredes.es\/blog\/wp-content\/uploads\/2019\/10\/el-futuro-es-un-no-lugar-pedro-h.jpg","keywords":["Armand Mattelart","arquitectura industrial","arquitectura informacional","Bernei Dekoven","Brad Neuberg","Cedric Price","chris benner","Chun-Chieh Hsiao","codigo abierto","comunicaci\u00f3n","coworking","espacio colectivo","espacio privado","formatos digitales","frederick winslow taylor","geograf\u00eda","industria cultural","informaci\u00f3n","informacionalismo","internet","Jean Braudillard","Jos\u00e9 Miguel G. Cort\u00e9s","Landa Hern\u00e1ndez","l\u00e9on emmanuelle","lugar","Manuel Castells","Marc Aug\u00e9","Marc Chalamanch","Mar\u00eda Teresa Garc\u00eda Garc\u00eda Besn\u00e9","marshall mcluhan","nueva tecnologia","pekka himanen","Pierre Huyghe","procesos digitales","procesos globales","red","red social","Richard Sennett","s. xxi","Saskia Sassen","smart citizens","smart city","social media","sociedad","sociedad red","Stephen Graham","tecnolog\u00eda","tiempo","Toyo Ito","trabajar","urbanismo","William J. Mitchell"],"articleSection":["art\u00edculos","slider principal"],"inLanguage":"es","potentialAction":[{"@type":"CommentAction","name":"Comment","target":["https:\/\/veredes.es\/blog\/futuro-no-lugar-pedro-hernandez\/#respond"]}]},{"@type":"WebPage","@id":"https:\/\/veredes.es\/blog\/futuro-no-lugar-pedro-hernandez\/","url":"https:\/\/veredes.es\/blog\/futuro-no-lugar-pedro-hernandez\/","name":"El futuro es un no lugar | Landa Hern\u00e1ndez Mart\u00ednez - veredes","isPartOf":{"@id":"https:\/\/veredes.es\/blog\/#website"},"primaryImageOfPage":{"@id":"https:\/\/veredes.es\/blog\/futuro-no-lugar-pedro-hernandez\/#primaryimage"},"image":{"@id":"https:\/\/veredes.es\/blog\/futuro-no-lugar-pedro-hernandez\/#primaryimage"},"thumbnailUrl":"https:\/\/veredes.es\/blog\/wp-content\/uploads\/2019\/10\/el-futuro-es-un-no-lugar-pedro-h.jpg","datePublished":"2019-10-20T22:01:58+00:00","dateModified":"2023-05-18T05:36:48+00:00","description":"Toda la informaci\u00f3n sobre: El futuro es un no lugar | Landa Hern\u00e1ndez Mart\u00ednez","breadcrumb":{"@id":"https:\/\/veredes.es\/blog\/futuro-no-lugar-pedro-hernandez\/#breadcrumb"},"inLanguage":"es","potentialAction":[{"@type":"ReadAction","target":["https:\/\/veredes.es\/blog\/futuro-no-lugar-pedro-hernandez\/"]}]},{"@type":"ImageObject","inLanguage":"es","@id":"https:\/\/veredes.es\/blog\/futuro-no-lugar-pedro-hernandez\/#primaryimage","url":"https:\/\/veredes.es\/blog\/wp-content\/uploads\/2019\/10\/el-futuro-es-un-no-lugar-pedro-h.jpg","contentUrl":"https:\/\/veredes.es\/blog\/wp-content\/uploads\/2019\/10\/el-futuro-es-un-no-lugar-pedro-h.jpg","width":1280,"height":720},{"@type":"BreadcrumbList","@id":"https:\/\/veredes.es\/blog\/futuro-no-lugar-pedro-hernandez\/#breadcrumb","itemListElement":[{"@type":"ListItem","position":1,"name":"Portada","item":"https:\/\/veredes.es\/blog\/"},{"@type":"ListItem","position":2,"name":"El futuro es un no lugar | Landa Hern\u00e1ndez Mart\u00ednez"}]},{"@type":"WebSite","@id":"https:\/\/veredes.es\/blog\/#website","url":"https:\/\/veredes.es\/blog\/","name":"veredes, arquitectura y divulgaci\u00f3n","description":"veredes","publisher":{"@id":"https:\/\/veredes.es\/blog\/#organization"},"alternateName":"veredes","potentialAction":[{"@type":"SearchAction","target":{"@type":"EntryPoint","urlTemplate":"https:\/\/veredes.es\/blog\/?s={search_term_string}"},"query-input":{"@type":"PropertyValueSpecification","valueRequired":true,"valueName":"search_term_string"}}],"inLanguage":"es"},{"@type":"Organization","@id":"https:\/\/veredes.es\/blog\/#organization","name":"veredes, arquitectura y divulgaci\u00f3n","alternateName":"veredes","url":"https:\/\/veredes.es\/blog\/","logo":{"@type":"ImageObject","inLanguage":"es","@id":"https:\/\/veredes.es\/blog\/#\/schema\/logo\/image\/","url":"https:\/\/veredes.es\/blog\/wp-content\/uploads\/2021\/12\/veredes-logo-centrado_140x54.png","contentUrl":"https:\/\/veredes.es\/blog\/wp-content\/uploads\/2021\/12\/veredes-logo-centrado_140x54.png","width":140,"height":54,"caption":"veredes, arquitectura y divulgaci\u00f3n"},"image":{"@id":"https:\/\/veredes.es\/blog\/#\/schema\/logo\/image\/"},"sameAs":["https:\/\/www.facebook.com\/veredesArquitecturayDivulgacion\/","https:\/\/x.com\/veredes","https:\/\/instagram.com\/veredes\/","https:\/\/www.linkedin.com\/company\/veredes-arquitectura-y-divulgacion\/","https:\/\/es.pinterest.com\/veredes\/","https:\/\/www.tumblr.com\/veredes"]},{"@type":"Person","@id":"https:\/\/veredes.es\/blog\/#\/schema\/person\/c2e70e079f5cb4810ff9e002286ae4d4","name":"Landa Hern\u00e1ndez","image":{"@type":"ImageObject","inLanguage":"es","@id":"https:\/\/secure.gravatar.com\/avatar\/557e510e5576322e0c38a78a1bfab7d33982187ff66668704d6978d3f690ceb1?s=96&r=g","url":"https:\/\/secure.gravatar.com\/avatar\/557e510e5576322e0c38a78a1bfab7d33982187ff66668704d6978d3f690ceb1?s=96&r=g","contentUrl":"https:\/\/secure.gravatar.com\/avatar\/557e510e5576322e0c38a78a1bfab7d33982187ff66668704d6978d3f690ceb1?s=96&r=g","caption":"Landa Hern\u00e1ndez"},"description":"Soy arquitecto por la Universidad de Alicante, pero mi inter\u00e9s sobre esta disciplina se encuentra alejado de su papel tradicional de dise\u00f1o de espacios. M\u00e1s bien, me interesa entender c\u00f3mo las representaciones de la arquitectura, el paisaje, el dise\u00f1o o el territorio construyen y materializan determinados discursos ideol\u00f3gicos, imponiendo posturas, subjetividades y formas de acci\u00f3n sobre los cuerpos que la habitan. En mi trabajo edito estos discursos \u2013sus im\u00e1genes, sus historias o sus restos materiales\u2013 y reelaboro comentarios cr\u00edticos que ponen en evidencia sus controversias y contradicciones, formaliz\u00e1ndolos en diversos formatos como textos, fotograf\u00edas, v\u00eddeos, objetos o instalaciones, muchas veces entrecruzados entre s\u00ed. He publicado art\u00edculos y ensayos en diversos medios de Estados Unidos, Italia, Croacia, Espa\u00f1a, Chile y M\u00e9xico. Desde enero de 2013 resido en la Ciudad de M\u00e9xico donde trabajo como coordinador de contenidos en Arquine.","sameAs":["http:\/\/laperiferiadomestica.tumblr.com\/","https:\/\/www.facebook.com\/pehemar","https:\/\/www.instagram.com\/laperiferia\/","https:\/\/www.linkedin.com\/in\/pedrohm\/","https:\/\/x.com\/https:\/\/twitter.com\/laperiferia"],"url":"https:\/\/veredes.es\/blog\/author\/pedro-hernandez-martinez\/"}]}},"_links":{"self":[{"href":"https:\/\/veredes.es\/blog\/wp-json\/wp\/v2\/posts\/74484","targetHints":{"allow":["GET"]}}],"collection":[{"href":"https:\/\/veredes.es\/blog\/wp-json\/wp\/v2\/posts"}],"about":[{"href":"https:\/\/veredes.es\/blog\/wp-json\/wp\/v2\/types\/post"}],"author":[{"embeddable":true,"href":"https:\/\/veredes.es\/blog\/wp-json\/wp\/v2\/users\/36"}],"replies":[{"embeddable":true,"href":"https:\/\/veredes.es\/blog\/wp-json\/wp\/v2\/comments?post=74484"}],"version-history":[{"count":0,"href":"https:\/\/veredes.es\/blog\/wp-json\/wp\/v2\/posts\/74484\/revisions"}],"wp:featuredmedia":[{"embeddable":true,"href":"https:\/\/veredes.es\/blog\/wp-json\/wp\/v2\/media\/75063"}],"wp:attachment":[{"href":"https:\/\/veredes.es\/blog\/wp-json\/wp\/v2\/media?parent=74484"}],"wp:term":[{"taxonomy":"category","embeddable":true,"href":"https:\/\/veredes.es\/blog\/wp-json\/wp\/v2\/categories?post=74484"},{"taxonomy":"post_tag","embeddable":true,"href":"https:\/\/veredes.es\/blog\/wp-json\/wp\/v2\/tags?post=74484"}],"curies":[{"name":"wp","href":"https:\/\/api.w.org\/{rel}","templated":true}]}}