{"id":74381,"date":"2020-02-17T00:01:14","date_gmt":"2020-02-16T23:01:14","guid":{"rendered":"https:\/\/veredes.es\/blog\/?p=74381"},"modified":"2023-09-22T18:15:21","modified_gmt":"2023-09-22T16:15:21","slug":"sera-sergio-miguel","status":"publish","type":"post","link":"https:\/\/veredes.es\/blog\/sera-sergio-miguel\/","title":{"rendered":"Ser\u00e1 | Sergio de Miguel"},"content":{"rendered":"<p><figure id=\"attachment_74382\" aria-describedby=\"caption-attachment-74382\" style=\"width: 1200px\" class=\"wp-caption alignnone\"><img loading=\"lazy\" decoding=\"async\" class=\"wp-image-74382 size-full\" src=\"https:\/\/veredes.es\/blog\/wp-content\/uploads\/2019\/09\/Luis-Pab\u00f3n.-Plano-de-metro-en-las-estrellas.-2007.-SERA-Sergio-de-Miguel.jpg\" alt=\"Luis Pab\u00f3n. Plano de metro en las estrellas. 2007.\" width=\"1200\" height=\"1200\" srcset=\"https:\/\/veredes.es\/blog\/wp-content\/uploads\/2019\/09\/Luis-Pab\u00f3n.-Plano-de-metro-en-las-estrellas.-2007.-SERA-Sergio-de-Miguel.jpg 1200w, https:\/\/veredes.es\/blog\/wp-content\/uploads\/2019\/09\/Luis-Pab\u00f3n.-Plano-de-metro-en-las-estrellas.-2007.-SERA-Sergio-de-Miguel-120x120.jpg 120w, https:\/\/veredes.es\/blog\/wp-content\/uploads\/2019\/09\/Luis-Pab\u00f3n.-Plano-de-metro-en-las-estrellas.-2007.-SERA-Sergio-de-Miguel-300x300.jpg 300w, https:\/\/veredes.es\/blog\/wp-content\/uploads\/2019\/09\/Luis-Pab\u00f3n.-Plano-de-metro-en-las-estrellas.-2007.-SERA-Sergio-de-Miguel-1024x1024.jpg 1024w, https:\/\/veredes.es\/blog\/wp-content\/uploads\/2019\/09\/Luis-Pab\u00f3n.-Plano-de-metro-en-las-estrellas.-2007.-SERA-Sergio-de-Miguel-150x150.jpg 150w\" sizes=\"auto, (max-width: 1200px) 100vw, 1200px\" \/><figcaption id=\"caption-attachment-74382\" class=\"wp-caption-text\"><span style=\"color: #999999;\">Luis Pab\u00f3n. Plano de metro en las estrellas. 2007.<\/span><\/figcaption><\/figure><\/p>\n<blockquote>\n<p style=\"text-align: justify;\">\u201cMuchos an\u0303os despue\u0301s, frente al peloto\u0301n de fusilamiento, el coronel Aureliano Buendi\u0301a habi\u0301a de recordar aquella tarde remota en que su padre lo llevo\u0301 a conocer el hielo\u201d.<\/p>\n<p style=\"text-align: right;\"><a href=\"https:\/\/amzn.to\/2zJXDtv\" target=\"_blank\" rel=\"noopener\">Cien an\u0303os de soledad<\/a>. Gabriel Garci\u0301a Ma\u0301rquez<\/p>\n<\/blockquote>\n<p style=\"text-align: justify;\">Por alguna razo\u0301n o intuicio\u0301n tendemos a pensar adoptando co\u0301digos temporales. Nos detenemos en la direccionalidad exacta que nos proporciona la experiencia del pasado, el aprovechamiento del presente y el perfeccionamiento del futuro. Pero aunque por puro discernimiento pudieran parecer estados mentales estancos e independientes, es palpable que nunca lo son. Establecemos el presente con recurrentes guin\u0303os del pasado y posibilistas anhelos de futuro. Nada es esta\u0301tico e intemporal.<\/p>\n<p style=\"text-align: justify;\">No nos seri\u0301a posible juzgar, evaluar, establecer, afirmar, sin localizar referencias puro temporales. Tanto prete\u0301ritas como futuras. Tanto es asi\u0301 que nuestro quehacer como arquitectos es proyectar. Una actividad que se detiene en prevenir un futuro. La posibilidad de los hechos. Donde la realidad se acomoda a lo que puede y quiere ser.<\/p>\n<p style=\"text-align: justify;\">Si atendemos al mago <a href=\"https:\/\/veredes.es\/blog\/tag\/jorge-luis-borges\/\" target=\"_blank\" rel=\"noopener\">Borges<\/a> cuando razona:<\/p>\n<blockquote>\n<p style=\"text-align: justify;\">\u201cla li\u0301nea consta de un nu\u0301mero infinito de puntos; el plano, de un nu\u0301mero infinito de li\u0301neas; el volumen, de un nu\u0301mero infinito de planos; el hipervolumen, de un nu\u0301mero infinito de volu\u0301menes&#8230;\u201d ,<\/p>\n<\/blockquote>\n<p style=\"text-align: justify;\">y somos capaces de reconocer no so\u0301lo un evolucionado concepto del espacio, sino adema\u0301s, una nueva manera de sentir el tiempo, quedara\u0301 superada la milenaria imagen de Hera\u0301clito, en la que el tiempo se asemeja a un ri\u0301o, lineal e invariable. Ma\u0301s au\u0301n, si vemos en el tiempo una cualidad propia de las presencias, con todas sus dimensiones y unida a sus caracteri\u0301sticas espaciales, estaremos ante una ma\u0301s precisa nocio\u0301n de la realidad. Caeremos en la cuenta de que el concepto tiempo esta\u0301 inseparablemente ligado a las cosas.<\/p>\n<p style=\"text-align: justify;\">Hay que reconocer que merodeamos. Que deambulamos por un recorrido nunca predeterminado. Saliendo al paso de bifurcaciones y opciones que llaman constantemente nuestra atencio\u0301n. Seleccionamos, guardamos, cazamos o coleccionamos. Pero proseguimos. La cuerda sin fin. A menudo nuestro recorrido es circular. Muchas veces espiral. Procediendo a rodear progresivamente nuestros intereses sin apenas tocarlos. Sin alterarlos. Cultivando la actitud de la eficiente paciencia. Y so\u0301lo descansamos junto a nuestro objetivo el tiempo necesario para vislumbrar nuevos horizontes.<\/p>\n<p style=\"text-align: justify;\">El movimiento es y quiere ser continuo. La concatenacio\u0301n de acciones y pensamientos nos pasea por el feliz estado de alerta en el que consumimos nuestra energi\u0301a. Nuestra vida. Y es en ese territorio de pasos perdidos, de sucesivos segmentos recorridos, donde nos encontramos cuando queremos explicar nuestra existencia. Habitamos una nube de puntos. Un lugar multidimensional de interconexiones sin li\u0301mites. Un espacio de movilidad que sustituye las fronteras por nudos. Sin <a href=\"https:\/\/veredes.es\/blog\/?s=mapas\" target=\"_blank\" rel=\"noopener\">mapas<\/a>.<\/p>\n<p style=\"text-align: justify;\">Sostenemos con insistencia que todo adema\u0301s de ser significa. Mejor dicho, sera\u0301&#8230;<\/p>\n<p style=\"text-align: justify;\">Sergio de Miguel, Doctor arquitecto<br \/>\nMadrid, Junio 2018<br \/>\n<span style=\"color: #999999;\"><em>Publicado en Grupo docente y de investigaci\u00f3n para la arquitectura\u00a0Grupo 4!\u00a0de la ETSAM.<\/em><\/span><\/p>\n<p><\/p>","protected":false},"excerpt":{"rendered":"<p>\u201cMuchos an\u0303os despue\u0301s, frente al peloto\u0301n de fusilamiento, el coronel Aureliano Buendi\u0301a habi\u0301a de recordar aquella tarde remota en que su padre lo llevo\u0301 a conocer el hielo\u201d. Cien an\u0303os de soledad. Gabriel Garci\u0301a Ma\u0301rquez Por alguna razo\u0301n o intuicio\u0301n tendemos a pensar adoptando co\u0301digos temporales. Nos detenemos en la direccionalidad exacta que nos proporciona [&hellip;]<\/p>\n","protected":false},"author":24,"featured_media":74382,"comment_status":"open","ping_status":"closed","sticky":false,"template":"","format":"standard","meta":{"footnotes":""},"categories":[5934,5951],"tags":[12282,7889,260,1815,510,7183,630,12280,668,698,12281,6465,5945,1278,2048,1289],"class_list":{"0":"post-74381","1":"post","2":"type-post","3":"status-publish","4":"format-standard","5":"has-post-thumbnail","7":"category-articulos","8":"category-slider-principal","9":"tag-alain-roger","10":"tag-arquitectura-ecologica","11":"tag-cartografia","12":"tag-ecologia","13":"tag-espacio","14":"tag-fernando-pessoa","15":"tag-geografia","16":"tag-henry-holyday","17":"tag-historia","18":"tag-ilustracion","19":"tag-lewis-carroll","20":"tag-miguel-angel-diaz-camacho","21":"tag-sergio-de-miguel","22":"tag-teoria","23":"tag-teoria-e-historia","24":"tag-tiempo"},"yoast_head":"<!-- This site is optimized with the Yoast SEO plugin v27.5 - https:\/\/yoast.com\/product\/yoast-seo-wordpress\/ -->\n<title>Ser\u00e1 | Sergio de Miguel - veredes<\/title>\n<meta name=\"description\" content=\"Toda la informaci\u00f3n sobre: [:es]Ser\u00e1 | Sergio de Miguel[:gl]Ser\u00e1 | Sergio de Miguel[:en]It will be | Sergio de Miguel[:]\" \/>\n<meta name=\"robots\" content=\"index, follow, max-snippet:-1, max-image-preview:large, max-video-preview:-1\" \/>\n<link rel=\"canonical\" href=\"https:\/\/veredes.es\/blog\/sera-sergio-miguel\/\" \/>\n<meta property=\"og:locale\" content=\"es_ES\" \/>\n<meta property=\"og:type\" content=\"article\" \/>\n<meta property=\"og:title\" content=\"[:es]Ser\u00e1 | Sergio de Miguel[:gl]Ser\u00e1 | Sergio de Miguel[:en]It will be | Sergio de Miguel[:] - veredes\" \/>\n<meta property=\"og:description\" content=\"Toda la informaci\u00f3n sobre: [:es]Ser\u00e1 | Sergio de Miguel[:gl]Ser\u00e1 | Sergio de Miguel[:en]It will be | Sergio de Miguel[:]\" \/>\n<meta property=\"og:url\" content=\"https:\/\/veredes.es\/blog\/sera-sergio-miguel\/\" \/>\n<meta property=\"og:site_name\" content=\"veredes, arquitectura y divulgaci\u00f3n\" \/>\n<meta property=\"article:publisher\" content=\"https:\/\/www.facebook.com\/veredesArquitecturayDivulgacion\/\" \/>\n<meta property=\"article:author\" content=\"https:\/\/www.facebook.com\/sdmhand\" \/>\n<meta property=\"article:published_time\" content=\"2020-02-16T23:01:14+00:00\" \/>\n<meta property=\"article:modified_time\" content=\"2023-09-22T16:15:21+00:00\" \/>\n<meta property=\"og:image\" content=\"https:\/\/veredes.es\/blog\/wp-content\/uploads\/2019\/09\/Luis-Pab\u00f3n.-Plano-de-metro-en-las-estrellas.-2007.-SERA-Sergio-de-Miguel.jpg\" \/>\n\t<meta property=\"og:image:width\" content=\"1200\" \/>\n\t<meta property=\"og:image:height\" content=\"1200\" \/>\n\t<meta property=\"og:image:type\" content=\"image\/jpeg\" \/>\n<meta name=\"author\" content=\"Sergio de Miguel Garc\u00eda\" \/>\n<meta name=\"twitter:card\" content=\"summary_large_image\" \/>\n<meta name=\"twitter:creator\" content=\"@https:\/\/twitter.com\/sdmhand\" \/>\n<meta name=\"twitter:site\" content=\"@veredes\" \/>\n<meta name=\"twitter:label1\" content=\"Escrito por\" \/>\n\t<meta name=\"twitter:data1\" content=\"Sergio de Miguel Garc\u00eda\" \/>\n\t<meta name=\"twitter:label2\" content=\"Tiempo de lectura\" \/>\n\t<meta name=\"twitter:data2\" content=\"3 minutos\" \/>\n<script type=\"application\/ld+json\" class=\"yoast-schema-graph\">{\"@context\":\"https:\\\/\\\/schema.org\",\"@graph\":[{\"@type\":\"Article\",\"@id\":\"https:\\\/\\\/veredes.es\\\/blog\\\/sera-sergio-miguel\\\/#article\",\"isPartOf\":{\"@id\":\"https:\\\/\\\/veredes.es\\\/blog\\\/sera-sergio-miguel\\\/\"},\"author\":{\"name\":\"Sergio de Miguel Garc\u00eda\",\"@id\":\"https:\\\/\\\/veredes.es\\\/blog\\\/#\\\/schema\\\/person\\\/03abd4607ec3697544ddb6c9e3f6164c\"},\"headline\":\"Ser\u00e1 | Sergio de Miguel\",\"datePublished\":\"2020-02-16T23:01:14+00:00\",\"dateModified\":\"2023-09-22T16:15:21+00:00\",\"mainEntityOfPage\":{\"@id\":\"https:\\\/\\\/veredes.es\\\/blog\\\/sera-sergio-miguel\\\/\"},\"wordCount\":1557,\"commentCount\":0,\"publisher\":{\"@id\":\"https:\\\/\\\/veredes.es\\\/blog\\\/#organization\"},\"image\":{\"@id\":\"https:\\\/\\\/veredes.es\\\/blog\\\/sera-sergio-miguel\\\/#primaryimage\"},\"thumbnailUrl\":\"https:\\\/\\\/veredes.es\\\/blog\\\/wp-content\\\/uploads\\\/2019\\\/09\\\/Luis-Pab\u00f3n.-Plano-de-metro-en-las-estrellas.-2007.-SERA-Sergio-de-Miguel.jpg\",\"keywords\":[\"Alain Roger\",\"arquitectura ecol\u00f3gica\",\"cartograf\u00eda\",\"ecolog\u00eda\",\"espacio\",\"Fernando Pessoa\",\"geograf\u00eda\",\"Henry Holyday\",\"historia\",\"ilustraci\u00f3n\",\"Lewis Carroll\",\"Miguel \u00c1ngel D\u00edaz Camacho\",\"Sergio de Miguel\",\"teor\u00eda\",\"teor\u00eda e historia\",\"tiempo\"],\"articleSection\":[\"art\u00edculos\",\"slider principal\"],\"inLanguage\":\"es\",\"potentialAction\":[{\"@type\":\"CommentAction\",\"name\":\"Comment\",\"target\":[\"https:\\\/\\\/veredes.es\\\/blog\\\/sera-sergio-miguel\\\/#respond\"]}]},{\"@type\":\"WebPage\",\"@id\":\"https:\\\/\\\/veredes.es\\\/blog\\\/sera-sergio-miguel\\\/\",\"url\":\"https:\\\/\\\/veredes.es\\\/blog\\\/sera-sergio-miguel\\\/\",\"name\":\"[:es]Ser\u00e1 | Sergio de Miguel[:gl]Ser\u00e1 | Sergio de Miguel[:en]It will be | Sergio de Miguel[:] - veredes\",\"isPartOf\":{\"@id\":\"https:\\\/\\\/veredes.es\\\/blog\\\/#website\"},\"primaryImageOfPage\":{\"@id\":\"https:\\\/\\\/veredes.es\\\/blog\\\/sera-sergio-miguel\\\/#primaryimage\"},\"image\":{\"@id\":\"https:\\\/\\\/veredes.es\\\/blog\\\/sera-sergio-miguel\\\/#primaryimage\"},\"thumbnailUrl\":\"https:\\\/\\\/veredes.es\\\/blog\\\/wp-content\\\/uploads\\\/2019\\\/09\\\/Luis-Pab\u00f3n.-Plano-de-metro-en-las-estrellas.-2007.-SERA-Sergio-de-Miguel.jpg\",\"datePublished\":\"2020-02-16T23:01:14+00:00\",\"dateModified\":\"2023-09-22T16:15:21+00:00\",\"description\":\"Toda la informaci\u00f3n sobre: [:es]Ser\u00e1 | Sergio de Miguel[:gl]Ser\u00e1 | Sergio de Miguel[:en]It will be | Sergio de Miguel[:]\",\"breadcrumb\":{\"@id\":\"https:\\\/\\\/veredes.es\\\/blog\\\/sera-sergio-miguel\\\/#breadcrumb\"},\"inLanguage\":\"es\",\"potentialAction\":[{\"@type\":\"ReadAction\",\"target\":[\"https:\\\/\\\/veredes.es\\\/blog\\\/sera-sergio-miguel\\\/\"]}]},{\"@type\":\"ImageObject\",\"inLanguage\":\"es\",\"@id\":\"https:\\\/\\\/veredes.es\\\/blog\\\/sera-sergio-miguel\\\/#primaryimage\",\"url\":\"https:\\\/\\\/veredes.es\\\/blog\\\/wp-content\\\/uploads\\\/2019\\\/09\\\/Luis-Pab\u00f3n.-Plano-de-metro-en-las-estrellas.-2007.-SERA-Sergio-de-Miguel.jpg\",\"contentUrl\":\"https:\\\/\\\/veredes.es\\\/blog\\\/wp-content\\\/uploads\\\/2019\\\/09\\\/Luis-Pab\u00f3n.-Plano-de-metro-en-las-estrellas.-2007.-SERA-Sergio-de-Miguel.jpg\",\"width\":1200,\"height\":1200,\"caption\":\"Luis Pab\u00f3n. Plano de metro en las estrellas. 2007.\"},{\"@type\":\"BreadcrumbList\",\"@id\":\"https:\\\/\\\/veredes.es\\\/blog\\\/sera-sergio-miguel\\\/#breadcrumb\",\"itemListElement\":[{\"@type\":\"ListItem\",\"position\":1,\"name\":\"Portada\",\"item\":\"https:\\\/\\\/veredes.es\\\/blog\\\/\"},{\"@type\":\"ListItem\",\"position\":2,\"name\":\"[:es]Ser\u00e1 | Sergio de Miguel[:gl]Ser\u00e1 | Sergio de Miguel[:en]It will be | Sergio de Miguel[:]\"}]},{\"@type\":\"WebSite\",\"@id\":\"https:\\\/\\\/veredes.es\\\/blog\\\/#website\",\"url\":\"https:\\\/\\\/veredes.es\\\/blog\\\/\",\"name\":\"veredes, arquitectura y divulgaci\u00f3n\",\"description\":\"veredes\",\"publisher\":{\"@id\":\"https:\\\/\\\/veredes.es\\\/blog\\\/#organization\"},\"alternateName\":\"veredes\",\"potentialAction\":[{\"@type\":\"SearchAction\",\"target\":{\"@type\":\"EntryPoint\",\"urlTemplate\":\"https:\\\/\\\/veredes.es\\\/blog\\\/?s={search_term_string}\"},\"query-input\":{\"@type\":\"PropertyValueSpecification\",\"valueRequired\":true,\"valueName\":\"search_term_string\"}}],\"inLanguage\":\"es\"},{\"@type\":\"Organization\",\"@id\":\"https:\\\/\\\/veredes.es\\\/blog\\\/#organization\",\"name\":\"veredes, arquitectura y divulgaci\u00f3n\",\"alternateName\":\"veredes\",\"url\":\"https:\\\/\\\/veredes.es\\\/blog\\\/\",\"logo\":{\"@type\":\"ImageObject\",\"inLanguage\":\"es\",\"@id\":\"https:\\\/\\\/veredes.es\\\/blog\\\/#\\\/schema\\\/logo\\\/image\\\/\",\"url\":\"https:\\\/\\\/veredes.es\\\/blog\\\/wp-content\\\/uploads\\\/2021\\\/12\\\/veredes-logo-centrado_140x54.png\",\"contentUrl\":\"https:\\\/\\\/veredes.es\\\/blog\\\/wp-content\\\/uploads\\\/2021\\\/12\\\/veredes-logo-centrado_140x54.png\",\"width\":140,\"height\":54,\"caption\":\"veredes, arquitectura y divulgaci\u00f3n\"},\"image\":{\"@id\":\"https:\\\/\\\/veredes.es\\\/blog\\\/#\\\/schema\\\/logo\\\/image\\\/\"},\"sameAs\":[\"https:\\\/\\\/www.facebook.com\\\/veredesArquitecturayDivulgacion\\\/\",\"https:\\\/\\\/x.com\\\/veredes\",\"https:\\\/\\\/instagram.com\\\/veredes\\\/\",\"https:\\\/\\\/www.linkedin.com\\\/company\\\/veredes-arquitectura-y-divulgacion\\\/\",\"https:\\\/\\\/es.pinterest.com\\\/veredes\\\/\",\"https:\\\/\\\/www.tumblr.com\\\/veredes\"]},{\"@type\":\"Person\",\"@id\":\"https:\\\/\\\/veredes.es\\\/blog\\\/#\\\/schema\\\/person\\\/03abd4607ec3697544ddb6c9e3f6164c\",\"name\":\"Sergio de Miguel Garc\u00eda\",\"image\":{\"@type\":\"ImageObject\",\"inLanguage\":\"es\",\"@id\":\"https:\\\/\\\/veredes.es\\\/blog\\\/wp-content\\\/uploads\\\/2018\\\/04\\\/Sergio-de-Miguel-Garc\u00eda-96x96.jpg\",\"url\":\"https:\\\/\\\/veredes.es\\\/blog\\\/wp-content\\\/uploads\\\/2018\\\/04\\\/Sergio-de-Miguel-Garc\u00eda-96x96.jpg\",\"contentUrl\":\"https:\\\/\\\/veredes.es\\\/blog\\\/wp-content\\\/uploads\\\/2018\\\/04\\\/Sergio-de-Miguel-Garc\u00eda-96x96.jpg\",\"caption\":\"Sergio de Miguel Garc\u00eda\"},\"description\":\"Ph.D. Arquitectura, Universidad Polit\u00e9cnica de Madrid, (ETSAM) 2016. M.A. Arquitectura, Universidad Polit\u00e9cnica de Madrid, (ETSAM) 1990. Profesor en la Universidad Polit\u00e9cnica de Madrid, (ETSAM) desde 1995.\",\"sameAs\":[\"http:\\\/\\\/www.hand-architecture.com\\\/\",\"https:\\\/\\\/www.facebook.com\\\/sdmhand\",\"https:\\\/\\\/www.instagram.com\\\/sdmhand\\\/\",\"https:\\\/\\\/www.linkedin.com\\\/in\\\/sdmhandarchitecture\\\/\",\"https:\\\/\\\/x.com\\\/https:\\\/\\\/twitter.com\\\/sdmhand\"],\"url\":\"https:\\\/\\\/veredes.es\\\/blog\\\/author\\\/sdem\\\/\"}]}<\/script>\n<!-- \/ Yoast SEO plugin. -->","yoast_head_json":{"title":"[:es]Ser\u00e1 | Sergio de Miguel[:gl]Ser\u00e1 | Sergio de Miguel[:en]It will be | Sergio de Miguel[:] - veredes","description":"Toda la informaci\u00f3n sobre: [:es]Ser\u00e1 | Sergio de Miguel[:gl]Ser\u00e1 | Sergio de Miguel[:en]It will be | Sergio de Miguel[:]","robots":{"index":"index","follow":"follow","max-snippet":"max-snippet:-1","max-image-preview":"max-image-preview:large","max-video-preview":"max-video-preview:-1"},"canonical":"https:\/\/veredes.es\/blog\/sera-sergio-miguel\/","og_locale":"es_ES","og_type":"article","og_title":"[:es]Ser\u00e1 | Sergio de Miguel[:gl]Ser\u00e1 | Sergio de Miguel[:en]It will be | Sergio de Miguel[:] - veredes","og_description":"Toda la informaci\u00f3n sobre: [:es]Ser\u00e1 | Sergio de Miguel[:gl]Ser\u00e1 | Sergio de Miguel[:en]It will be | Sergio de Miguel[:]","og_url":"https:\/\/veredes.es\/blog\/sera-sergio-miguel\/","og_site_name":"veredes, arquitectura y divulgaci\u00f3n","article_publisher":"https:\/\/www.facebook.com\/veredesArquitecturayDivulgacion\/","article_author":"https:\/\/www.facebook.com\/sdmhand","article_published_time":"2020-02-16T23:01:14+00:00","article_modified_time":"2023-09-22T16:15:21+00:00","og_image":[{"width":1200,"height":1200,"url":"https:\/\/veredes.es\/blog\/wp-content\/uploads\/2019\/09\/Luis-Pab\u00f3n.-Plano-de-metro-en-las-estrellas.-2007.-SERA-Sergio-de-Miguel.jpg","type":"image\/jpeg"}],"author":"Sergio de Miguel Garc\u00eda","twitter_card":"summary_large_image","twitter_creator":"@https:\/\/twitter.com\/sdmhand","twitter_site":"@veredes","twitter_misc":{"Escrito por":"Sergio de Miguel Garc\u00eda","Tiempo de lectura":"3 minutos"},"schema":{"@context":"https:\/\/schema.org","@graph":[{"@type":"Article","@id":"https:\/\/veredes.es\/blog\/sera-sergio-miguel\/#article","isPartOf":{"@id":"https:\/\/veredes.es\/blog\/sera-sergio-miguel\/"},"author":{"name":"Sergio de Miguel Garc\u00eda","@id":"https:\/\/veredes.es\/blog\/#\/schema\/person\/03abd4607ec3697544ddb6c9e3f6164c"},"headline":"Ser\u00e1 | Sergio de Miguel","datePublished":"2020-02-16T23:01:14+00:00","dateModified":"2023-09-22T16:15:21+00:00","mainEntityOfPage":{"@id":"https:\/\/veredes.es\/blog\/sera-sergio-miguel\/"},"wordCount":1557,"commentCount":0,"publisher":{"@id":"https:\/\/veredes.es\/blog\/#organization"},"image":{"@id":"https:\/\/veredes.es\/blog\/sera-sergio-miguel\/#primaryimage"},"thumbnailUrl":"https:\/\/veredes.es\/blog\/wp-content\/uploads\/2019\/09\/Luis-Pab\u00f3n.-Plano-de-metro-en-las-estrellas.-2007.-SERA-Sergio-de-Miguel.jpg","keywords":["Alain Roger","arquitectura ecol\u00f3gica","cartograf\u00eda","ecolog\u00eda","espacio","Fernando Pessoa","geograf\u00eda","Henry Holyday","historia","ilustraci\u00f3n","Lewis Carroll","Miguel \u00c1ngel D\u00edaz Camacho","Sergio de Miguel","teor\u00eda","teor\u00eda e historia","tiempo"],"articleSection":["art\u00edculos","slider principal"],"inLanguage":"es","potentialAction":[{"@type":"CommentAction","name":"Comment","target":["https:\/\/veredes.es\/blog\/sera-sergio-miguel\/#respond"]}]},{"@type":"WebPage","@id":"https:\/\/veredes.es\/blog\/sera-sergio-miguel\/","url":"https:\/\/veredes.es\/blog\/sera-sergio-miguel\/","name":"[:es]Ser\u00e1 | Sergio de Miguel[:gl]Ser\u00e1 | Sergio de Miguel[:en]It will be | Sergio de Miguel[:] - veredes","isPartOf":{"@id":"https:\/\/veredes.es\/blog\/#website"},"primaryImageOfPage":{"@id":"https:\/\/veredes.es\/blog\/sera-sergio-miguel\/#primaryimage"},"image":{"@id":"https:\/\/veredes.es\/blog\/sera-sergio-miguel\/#primaryimage"},"thumbnailUrl":"https:\/\/veredes.es\/blog\/wp-content\/uploads\/2019\/09\/Luis-Pab\u00f3n.-Plano-de-metro-en-las-estrellas.-2007.-SERA-Sergio-de-Miguel.jpg","datePublished":"2020-02-16T23:01:14+00:00","dateModified":"2023-09-22T16:15:21+00:00","description":"Toda la informaci\u00f3n sobre: [:es]Ser\u00e1 | Sergio de Miguel[:gl]Ser\u00e1 | Sergio de Miguel[:en]It will be | Sergio de Miguel[:]","breadcrumb":{"@id":"https:\/\/veredes.es\/blog\/sera-sergio-miguel\/#breadcrumb"},"inLanguage":"es","potentialAction":[{"@type":"ReadAction","target":["https:\/\/veredes.es\/blog\/sera-sergio-miguel\/"]}]},{"@type":"ImageObject","inLanguage":"es","@id":"https:\/\/veredes.es\/blog\/sera-sergio-miguel\/#primaryimage","url":"https:\/\/veredes.es\/blog\/wp-content\/uploads\/2019\/09\/Luis-Pab\u00f3n.-Plano-de-metro-en-las-estrellas.-2007.-SERA-Sergio-de-Miguel.jpg","contentUrl":"https:\/\/veredes.es\/blog\/wp-content\/uploads\/2019\/09\/Luis-Pab\u00f3n.-Plano-de-metro-en-las-estrellas.-2007.-SERA-Sergio-de-Miguel.jpg","width":1200,"height":1200,"caption":"Luis Pab\u00f3n. Plano de metro en las estrellas. 2007."},{"@type":"BreadcrumbList","@id":"https:\/\/veredes.es\/blog\/sera-sergio-miguel\/#breadcrumb","itemListElement":[{"@type":"ListItem","position":1,"name":"Portada","item":"https:\/\/veredes.es\/blog\/"},{"@type":"ListItem","position":2,"name":"[:es]Ser\u00e1 | Sergio de Miguel[:gl]Ser\u00e1 | Sergio de Miguel[:en]It will be | Sergio de Miguel[:]"}]},{"@type":"WebSite","@id":"https:\/\/veredes.es\/blog\/#website","url":"https:\/\/veredes.es\/blog\/","name":"veredes, arquitectura y divulgaci\u00f3n","description":"veredes","publisher":{"@id":"https:\/\/veredes.es\/blog\/#organization"},"alternateName":"veredes","potentialAction":[{"@type":"SearchAction","target":{"@type":"EntryPoint","urlTemplate":"https:\/\/veredes.es\/blog\/?s={search_term_string}"},"query-input":{"@type":"PropertyValueSpecification","valueRequired":true,"valueName":"search_term_string"}}],"inLanguage":"es"},{"@type":"Organization","@id":"https:\/\/veredes.es\/blog\/#organization","name":"veredes, arquitectura y divulgaci\u00f3n","alternateName":"veredes","url":"https:\/\/veredes.es\/blog\/","logo":{"@type":"ImageObject","inLanguage":"es","@id":"https:\/\/veredes.es\/blog\/#\/schema\/logo\/image\/","url":"https:\/\/veredes.es\/blog\/wp-content\/uploads\/2021\/12\/veredes-logo-centrado_140x54.png","contentUrl":"https:\/\/veredes.es\/blog\/wp-content\/uploads\/2021\/12\/veredes-logo-centrado_140x54.png","width":140,"height":54,"caption":"veredes, arquitectura y divulgaci\u00f3n"},"image":{"@id":"https:\/\/veredes.es\/blog\/#\/schema\/logo\/image\/"},"sameAs":["https:\/\/www.facebook.com\/veredesArquitecturayDivulgacion\/","https:\/\/x.com\/veredes","https:\/\/instagram.com\/veredes\/","https:\/\/www.linkedin.com\/company\/veredes-arquitectura-y-divulgacion\/","https:\/\/es.pinterest.com\/veredes\/","https:\/\/www.tumblr.com\/veredes"]},{"@type":"Person","@id":"https:\/\/veredes.es\/blog\/#\/schema\/person\/03abd4607ec3697544ddb6c9e3f6164c","name":"Sergio de Miguel Garc\u00eda","image":{"@type":"ImageObject","inLanguage":"es","@id":"https:\/\/veredes.es\/blog\/wp-content\/uploads\/2018\/04\/Sergio-de-Miguel-Garc\u00eda-96x96.jpg","url":"https:\/\/veredes.es\/blog\/wp-content\/uploads\/2018\/04\/Sergio-de-Miguel-Garc\u00eda-96x96.jpg","contentUrl":"https:\/\/veredes.es\/blog\/wp-content\/uploads\/2018\/04\/Sergio-de-Miguel-Garc\u00eda-96x96.jpg","caption":"Sergio de Miguel Garc\u00eda"},"description":"Ph.D. Arquitectura, Universidad Polit\u00e9cnica de Madrid, (ETSAM) 2016. M.A. Arquitectura, Universidad Polit\u00e9cnica de Madrid, (ETSAM) 1990. Profesor en la Universidad Polit\u00e9cnica de Madrid, (ETSAM) desde 1995.","sameAs":["http:\/\/www.hand-architecture.com\/","https:\/\/www.facebook.com\/sdmhand","https:\/\/www.instagram.com\/sdmhand\/","https:\/\/www.linkedin.com\/in\/sdmhandarchitecture\/","https:\/\/x.com\/https:\/\/twitter.com\/sdmhand"],"url":"https:\/\/veredes.es\/blog\/author\/sdem\/"}]}},"_links":{"self":[{"href":"https:\/\/veredes.es\/blog\/wp-json\/wp\/v2\/posts\/74381","targetHints":{"allow":["GET"]}}],"collection":[{"href":"https:\/\/veredes.es\/blog\/wp-json\/wp\/v2\/posts"}],"about":[{"href":"https:\/\/veredes.es\/blog\/wp-json\/wp\/v2\/types\/post"}],"author":[{"embeddable":true,"href":"https:\/\/veredes.es\/blog\/wp-json\/wp\/v2\/users\/24"}],"replies":[{"embeddable":true,"href":"https:\/\/veredes.es\/blog\/wp-json\/wp\/v2\/comments?post=74381"}],"version-history":[{"count":0,"href":"https:\/\/veredes.es\/blog\/wp-json\/wp\/v2\/posts\/74381\/revisions"}],"wp:featuredmedia":[{"embeddable":true,"href":"https:\/\/veredes.es\/blog\/wp-json\/wp\/v2\/media\/74382"}],"wp:attachment":[{"href":"https:\/\/veredes.es\/blog\/wp-json\/wp\/v2\/media?parent=74381"}],"wp:term":[{"taxonomy":"category","embeddable":true,"href":"https:\/\/veredes.es\/blog\/wp-json\/wp\/v2\/categories?post=74381"},{"taxonomy":"post_tag","embeddable":true,"href":"https:\/\/veredes.es\/blog\/wp-json\/wp\/v2\/tags?post=74381"}],"curies":[{"name":"wp","href":"https:\/\/api.w.org\/{rel}","templated":true}]}}