{"id":73999,"date":"2019-07-19T00:01:21","date_gmt":"2019-07-18T22:01:21","guid":{"rendered":"https:\/\/veredes.es\/blog\/?p=73999"},"modified":"2022-12-26T13:37:31","modified_gmt":"2022-12-26T12:37:31","slug":"defensa-del-tiempo-jorge-meijide","status":"publish","type":"post","link":"https:\/\/veredes.es\/blog\/defensa-del-tiempo-jorge-meijide\/","title":{"rendered":"En defensa del tiempo | Jorge Meijide"},"content":{"rendered":"<p><figure id=\"attachment_74000\" aria-describedby=\"caption-attachment-74000\" style=\"width: 1200px\" class=\"wp-caption alignnone\"><img loading=\"lazy\" decoding=\"async\" class=\"wp-image-74000 size-full\" title=\"Cua\u0301druple esclusa, Fro\u0301mista | Fotograf\u00eda: Jorge Meijide\" src=\"https:\/\/veredes.es\/blog\/wp-content\/uploads\/2019\/07\/En-defensa-del-tiempo-Jorge-Meijide-cua\u0301druple-esclusa.-fro\u0301mista.-jmeijide.jpg\" alt=\"Cua\u0301druple esclusa, Fro\u0301mista | Fotograf\u00eda: Jorge Meijide\" width=\"1200\" height=\"1199\" srcset=\"https:\/\/veredes.es\/blog\/wp-content\/uploads\/2019\/07\/En-defensa-del-tiempo-Jorge-Meijide-cua\u0301druple-esclusa.-fro\u0301mista.-jmeijide.jpg 1200w, https:\/\/veredes.es\/blog\/wp-content\/uploads\/2019\/07\/En-defensa-del-tiempo-Jorge-Meijide-cua\u0301druple-esclusa.-fro\u0301mista.-jmeijide-120x120.jpg 120w, https:\/\/veredes.es\/blog\/wp-content\/uploads\/2019\/07\/En-defensa-del-tiempo-Jorge-Meijide-cua\u0301druple-esclusa.-fro\u0301mista.-jmeijide-300x300.jpg 300w, https:\/\/veredes.es\/blog\/wp-content\/uploads\/2019\/07\/En-defensa-del-tiempo-Jorge-Meijide-cua\u0301druple-esclusa.-fro\u0301mista.-jmeijide-1024x1024.jpg 1024w, https:\/\/veredes.es\/blog\/wp-content\/uploads\/2019\/07\/En-defensa-del-tiempo-Jorge-Meijide-cua\u0301druple-esclusa.-fro\u0301mista.-jmeijide-150x150.jpg 150w\" sizes=\"auto, (max-width: 1200px) 100vw, 1200px\" \/><figcaption id=\"caption-attachment-74000\" class=\"wp-caption-text\"><span style=\"color: #999999;\">Cua\u0301druple esclusa, Fro\u0301mista | Fotograf\u00eda: Jorge Meijide<\/span><\/figcaption><\/figure><\/p>\n<blockquote>\n<p style=\"text-align: justify;\">\u201cSed fugit interea, fugit irreparabile tempus\u201d.<sup>1<\/sup><\/p>\n<\/blockquote>\n<p style=\"text-align: justify;\">Un recorrido por el Canal de Castilla pone trasfondo a estas reflexiones sobre el tiempo. Un tiempo de lento discurrir entre el rumor del agua.<\/p>\n<p style=\"text-align: justify;\">El Canal de Castilla es el gran esfuerzo de la ingenier\u00eda hidr\u00e1ulica espa\u00f1ola de finales del XVIII. Hijo tard\u00edo de la ilustraci\u00f3n y v\u00edctima temprana de la revoluci\u00f3n industrial nace ya casi obsoleto y refleja bien el concepto de tiempo al que me quiero referir. El Canal une al hombre con su industria y a ambos con el territorio. Agua y tiempo hilvanan y ponen en evidencia las relaciones entre todos ellos.<\/p>\n<p style=\"text-align: justify;\">En el Canal se hace patente, tangible y visible, esa interdependencia que une tiempo y agua en un transcurrir constante. Un transcurrir <a href=\"https:\/\/veredes.es\/blog\/instrumentos-de-medida-del-tiempo-i-jorge-rodriguez\/\" target=\"_blank\" rel=\"noopener\">lento<\/a> y atemporal como s\u00f3lo la uni\u00f3n de esta tierra sin horizonte y el discurrir del agua pueden hacer. La artificial geometr\u00eda de su trazado conduce al agua en un constante movimiento que contrasta con la aparente inmovilidad del campo por el que discurre. La meseta y los campos de cereal, los r\u00edos y el canal que los \u00e1rboles delimitan, el silencio y el horizonte, la luz y el murmullo del agua, todo nos habla del tiempo.<\/p>\n<p style=\"text-align: justify;\">Alguien dijo una vez, parafraseando el titulo del libro de <a href=\"https:\/\/veredes.es\/blog\/tag\/sigfried-giedion\/\" target=\"_blank\" rel=\"noopener\">Giedion<\/a>, que<\/p>\n<blockquote><p>\u201cla arquitectura conlleva un gran espacio de tiempo\u201d,<\/p><\/blockquote>\n<p style=\"text-align: justify;\">y es verdad, una gran e irrefutable verdad. El tiempo condiciona a la arquitectura y acompa\u00f1a y conduce su percepci\u00f3n y disfrute. Pero la arquitectura tambi\u00e9n precisa de su tiempo para reflexi\u00f3n, para permitir el poso necesario para su decantaci\u00f3n y para el trabajo que conlleva su elaboraci\u00f3n. Todo es cuesti\u00f3n de tiempo y a cada cosa el suyo propio.<\/p>\n<p style=\"text-align: justify;\">No es mi intenci\u00f3n reclamar ahora para la arquitectura el exagerado tiempo geol\u00f3gico que lleva a la piedra a cristalizarse ni al cauce del r\u00edo a formarse, pero si el tiempo equivalente al que emplea un carpintero en trabajar la madera, a un cantero en dar forma a la piedra o a un herrero en forjar el metal. El tiempo del aprendizaje y el tiempo del trabajo. Tiempo necesario para pensar y hacer. Pero reclamar el tiempo de toda una vida y reclamar el tiempo de la artesan\u00eda que permite pensar y no el de la m\u00e1quina que nos lo evita es, hoy en d\u00eda una utop\u00eda obsoleta. El bueno de Bauman nos hablaba de los \u201ctiempos l\u00edquidos\u201d, pero mucho me temo que hemos cambiado de estado y de l\u00edquidos hemos pasado a \u201cgaseosos\u201d. Imparable proceso qu\u00edmico. Pero no me resigno.<\/p>\n<p style=\"text-align: justify;\">Hoy todo es veloz, la rapidez y la inmediatez son el lema. Pero no aquella velocidad futurista que <a href=\"https:\/\/veredes.es\/blog\/tag\/filippo-tommaso-marinetti\/\" target=\"_blank\" rel=\"noopener\">Marinetti<\/a>y compa\u00f1\u00eda expon\u00edan en su manifiesto, no, hablamos de la novedad por la novedad. Ser distinto y nuevo son ya valores en si mismos independientemente de su calidad. Los plazos se acortan y todo se sucede sin digesti\u00f3n ni poso. Todo es ef\u00edmero y pasajero en tiempo de r\u00e9cord ol\u00edmpico, lo dicho, \u201cgaseoso\u201d.<\/p>\n<p style=\"text-align: justify;\">El tiempo que me interesa es el del agua, el tiempo que se mide por su transcurrir, ese que discurre r\u00e1pido o lento, ese que salta o se remansa, ese que se mueve, se arremolina o se estanca. El tiempo de la arquitectura que me gusta es como el tiempo que se mide por el discurrir del agua por el Canal de Castilla.<\/p>\n<p style=\"text-align: justify;\">La dimensi\u00f3n temporal y el discurrir del agua establecen una perfecta interdependencia en un juego din\u00e1mico constante, cuyos efectos se hacen visibles por medio de su resonancia en el agua. La memoria del Canal, de su historia y de su arquitectura, es evocada continuamente en este juego de relaciones y el tiempo que el Canal evoca nos recuerda su valor, inmutable y cambiante a la vez.<\/p>\n<p style=\"text-align: justify;\">Es el tiempo, junto con la gravedad y la luz, uno de esos valores inmutables que nos permiten el necesario anclaje en esta contemporaneidad de tiempos de obsolescencia programada y valores mercantilizados de inmediatez y reposici\u00f3n constante. El Canal evoca una necesaria memoria pausada frente a la desmemoria fren\u00e9tica de la constante novedad.<\/p>\n<p style=\"text-align: justify;\">El tiempo de la arquitectura es el tiempo del agua.<\/p>\n<p>Jorge Meijide . Arquitecto<br \/>\nPalencia. Julio 2019<\/p>\n<p>Notas:<\/p>\n<p><sup>1<\/sup>\u00a0<a href=\"https:\/\/amzn.to\/2NXa5jE\" target=\"_blank\" rel=\"noopener\">\u201cPero huye entretanto, huye irreparablemente el tiempo\u201d. Virgilio,<em> Ge\u00f3rgicas<\/em> III, 2, 84<\/a><\/p>","protected":false},"excerpt":{"rendered":"<p>\u201cSed fugit interea, fugit irreparabile tempus\u201d.1 Un recorrido por el Canal de Castilla pone trasfondo a estas reflexiones sobre el tiempo. Un tiempo de lento discurrir entre el rumor del agua. El Canal de Castilla es el gran esfuerzo de la ingenier\u00eda hidr\u00e1ulica espa\u00f1ola de finales del XVIII. Hijo tard\u00edo de la ilustraci\u00f3n y v\u00edctima [&hellip;]<\/p>\n","protected":false},"author":47,"featured_media":74000,"comment_status":"open","ping_status":"closed","sticky":false,"template":"","format":"standard","meta":{"footnotes":""},"categories":[568,5951],"tags":[6479,2631,7137,150,6757,9809,1560,1973,3242,1986,11305,12013,335,12014,2298,424,6632,3333,5333,10720,8351,2027,11818,3639,3462,5846,1748,11304,785,11819,815,821,6964,6567,884,1680,8181,1021,12466,1113,12012,1865,5106,9808,3929,1289,12455,12848],"class_list":{"0":"post-73999","1":"post","2":"type-post","3":"status-publish","4":"format-standard","5":"has-post-thumbnail","7":"category-faro","8":"category-slider-principal","10":"tag-arquitectura-espanola","11":"tag-arquitectura-popular","12":"tag-arquitectura-tradicional","13":"tag-arquitectura-vernacula","14":"tag-arthur-schopenhauer","15":"tag-benedetta-tagliabue","16":"tag-cabana","17":"tag-carlos-pita-abad","18":"tag-casa","19":"tag-caterina-miralles-tagliabue","20":"tag-cesar-abraham-vallejo-mendoza","21":"tag-colaboracion","22":"tag-constantino-cavafis","23":"tag-dibujar","24":"tag-dibujo","25":"tag-eduardo-chillida","26":"tag-enric-miralles","27":"tag-fernando-higueras","28":"tag-filippo-tommaso-marinetti","29":"tag-francisco-alonso-de-santos","30":"tag-futurismo","31":"tag-honore-de-balza","32":"tag-jorge-luis-borges","33":"tag-jorge-meijide","34":"tag-jorge-rodriguez-seoane","35":"tag-juguete","36":"tag-kolonihaven","37":"tag-le-corbusier","38":"tag-luis-lopez-nieves","39":"tag-maestro","40":"tag-man","41":"tag-martin-heidegger","42":"tag-miguel-angel","43":"tag-modulor","44":"tag-oscar-tusquets-blanca","45":"tag-pablo-picasso","46":"tag-pensamiento","47":"tag-pintura","48":"tag-proyecto","49":"tag-ramon-gomez-de-la-serna-ppuig","50":"tag-reflexion","51":"tag-ricardo-bofill","52":"tag-san-juan-de-la-cruz","53":"tag-sigfried-giedion","54":"tag-tiempo","55":"tag-vivienda-unifamiliar","56":"tag-zygmunt-bauman"},"yoast_head":"<!-- This site is optimized with the Yoast SEO plugin v27.4 - https:\/\/yoast.com\/product\/yoast-seo-wordpress\/ -->\n<title>En defensa del tiempo | Jorge Meijide - veredes<\/title>\n<meta name=\"description\" content=\"Toda la informaci\u00f3n sobre: [:es]En defensa del tiempo | Jorge Meijide[:gl]En defensa do tempo | Jorge Meijide[:en]In defense of time | Jorge Meijide[:]\" \/>\n<meta name=\"robots\" content=\"index, follow, max-snippet:-1, max-image-preview:large, max-video-preview:-1\" \/>\n<link rel=\"canonical\" href=\"https:\/\/veredes.es\/blog\/defensa-del-tiempo-jorge-meijide\/\" \/>\n<meta property=\"og:locale\" content=\"es_ES\" \/>\n<meta property=\"og:type\" content=\"article\" \/>\n<meta property=\"og:title\" content=\"[:es]En defensa del tiempo | Jorge Meijide[:gl]En defensa do tempo | Jorge Meijide[:en]In defense of time | Jorge Meijide[:] - veredes\" \/>\n<meta property=\"og:description\" content=\"Toda la informaci\u00f3n sobre: [:es]En defensa del tiempo | Jorge Meijide[:gl]En defensa do tempo | Jorge Meijide[:en]In defense of time | Jorge Meijide[:]\" \/>\n<meta property=\"og:url\" content=\"https:\/\/veredes.es\/blog\/defensa-del-tiempo-jorge-meijide\/\" \/>\n<meta property=\"og:site_name\" content=\"veredes, arquitectura y divulgaci\u00f3n\" \/>\n<meta property=\"article:publisher\" content=\"https:\/\/www.facebook.com\/veredesArquitecturayDivulgacion\/\" \/>\n<meta property=\"article:author\" content=\"https:\/\/www.facebook.com\/jmeijide\" \/>\n<meta property=\"article:published_time\" content=\"2019-07-18T22:01:21+00:00\" \/>\n<meta property=\"article:modified_time\" content=\"2022-12-26T12:37:31+00:00\" \/>\n<meta property=\"og:image\" content=\"https:\/\/veredes.es\/blog\/wp-content\/uploads\/2019\/07\/En-defensa-del-tiempo-Jorge-Meijide-cua\u0301druple-esclusa.-fro\u0301mista.-jmeijide.jpg\" \/>\n\t<meta property=\"og:image:width\" content=\"1200\" \/>\n\t<meta property=\"og:image:height\" content=\"1199\" \/>\n\t<meta property=\"og:image:type\" content=\"image\/jpeg\" \/>\n<meta name=\"author\" content=\"Jorge Meijide Tom\u00e1s\" \/>\n<meta name=\"twitter:card\" content=\"summary_large_image\" \/>\n<meta name=\"twitter:creator\" content=\"@https:\/\/twitter.com\/jmeijide\" \/>\n<meta name=\"twitter:site\" content=\"@veredes\" \/>\n<meta name=\"twitter:label1\" content=\"Escrito por\" \/>\n\t<meta name=\"twitter:data1\" content=\"Jorge Meijide Tom\u00e1s\" \/>\n\t<meta name=\"twitter:label2\" content=\"Tiempo de lectura\" \/>\n\t<meta name=\"twitter:data2\" content=\"4 minutos\" \/>\n<script type=\"application\/ld+json\" class=\"yoast-schema-graph\">{\"@context\":\"https:\\\/\\\/schema.org\",\"@graph\":[{\"@type\":\"Article\",\"@id\":\"https:\\\/\\\/veredes.es\\\/blog\\\/defensa-del-tiempo-jorge-meijide\\\/#article\",\"isPartOf\":{\"@id\":\"https:\\\/\\\/veredes.es\\\/blog\\\/defensa-del-tiempo-jorge-meijide\\\/\"},\"author\":{\"name\":\"Jorge Meijide Tom\u00e1s\",\"@id\":\"https:\\\/\\\/veredes.es\\\/blog\\\/#\\\/schema\\\/person\\\/f114c5ff977108aaf60488426430427d\"},\"headline\":\"En defensa del tiempo | Jorge Meijide\",\"datePublished\":\"2019-07-18T22:01:21+00:00\",\"dateModified\":\"2022-12-26T12:37:31+00:00\",\"mainEntityOfPage\":{\"@id\":\"https:\\\/\\\/veredes.es\\\/blog\\\/defensa-del-tiempo-jorge-meijide\\\/\"},\"wordCount\":2198,\"commentCount\":0,\"publisher\":{\"@id\":\"https:\\\/\\\/veredes.es\\\/blog\\\/#organization\"},\"image\":{\"@id\":\"https:\\\/\\\/veredes.es\\\/blog\\\/defensa-del-tiempo-jorge-meijide\\\/#primaryimage\"},\"thumbnailUrl\":\"https:\\\/\\\/veredes.es\\\/blog\\\/wp-content\\\/uploads\\\/2019\\\/07\\\/En-defensa-del-tiempo-Jorge-Meijide-cua\u0301druple-esclusa.-fro\u0301mista.-jmeijide.jpg\",\"keywords\":[\"Antonio L\u00f3pez\",\"arquitectura espa\u00f1ola\",\"arquitectura popular\",\"arquitectura tradicional\",\"arquitectura vern\u00e1cula\",\"Arthur Schopenhauer\",\"Benedetta Tagliabue\",\"caba\u00f1a\",\"Carlos Pita Abad\",\"casa\",\"caterina miralles tagliabue\",\"c\u00e9sar abraham vallejo mendoza\",\"colaboraci\u00f3n\",\"Constantino Cavafis\",\"dibujar\",\"dibujo\",\"Eduardo Chillida\",\"Enric Miralles\",\"Fernando Higueras\",\"Filippo Tommaso Marinetti\",\"Francisco Alonso de Santos\",\"futurismo\",\"honor\u00e9 de balza\",\"Jorge Luis Borges\",\"Jorge Meijide\",\"Jorge Rodr\u00edguez Seoane\",\"juguete\",\"kolonihaven\",\"Le Corbusier\",\"luis l\u00f3pez nieves\",\"maestro\",\"man\",\"Martin Heidegger\",\"Miguel \u00c1ngel\",\"modulor\",\"\u00d3scar Tusquets Blanca\",\"Pablo Picasso\",\"pensamiento\",\"pintura\",\"proyecto\",\"ram\u00f3n g\u00f3mez de la serna Ppuig\",\"reflexi\u00f3n\",\"Ricardo Bofill\",\"san juan de la cruz\",\"Sigfried Giedion\",\"tiempo\",\"vivienda unifamiliar\",\"Zygmunt Bauman\"],\"articleSection\":[\"faro\",\"slider principal\"],\"inLanguage\":\"es\",\"potentialAction\":[{\"@type\":\"CommentAction\",\"name\":\"Comment\",\"target\":[\"https:\\\/\\\/veredes.es\\\/blog\\\/defensa-del-tiempo-jorge-meijide\\\/#respond\"]}]},{\"@type\":\"WebPage\",\"@id\":\"https:\\\/\\\/veredes.es\\\/blog\\\/defensa-del-tiempo-jorge-meijide\\\/\",\"url\":\"https:\\\/\\\/veredes.es\\\/blog\\\/defensa-del-tiempo-jorge-meijide\\\/\",\"name\":\"[:es]En defensa del tiempo | Jorge Meijide[:gl]En defensa do tempo | Jorge Meijide[:en]In defense of time | Jorge Meijide[:] - veredes\",\"isPartOf\":{\"@id\":\"https:\\\/\\\/veredes.es\\\/blog\\\/#website\"},\"primaryImageOfPage\":{\"@id\":\"https:\\\/\\\/veredes.es\\\/blog\\\/defensa-del-tiempo-jorge-meijide\\\/#primaryimage\"},\"image\":{\"@id\":\"https:\\\/\\\/veredes.es\\\/blog\\\/defensa-del-tiempo-jorge-meijide\\\/#primaryimage\"},\"thumbnailUrl\":\"https:\\\/\\\/veredes.es\\\/blog\\\/wp-content\\\/uploads\\\/2019\\\/07\\\/En-defensa-del-tiempo-Jorge-Meijide-cua\u0301druple-esclusa.-fro\u0301mista.-jmeijide.jpg\",\"datePublished\":\"2019-07-18T22:01:21+00:00\",\"dateModified\":\"2022-12-26T12:37:31+00:00\",\"description\":\"Toda la informaci\u00f3n sobre: [:es]En defensa del tiempo | Jorge Meijide[:gl]En defensa do tempo | Jorge Meijide[:en]In defense of time | Jorge Meijide[:]\",\"breadcrumb\":{\"@id\":\"https:\\\/\\\/veredes.es\\\/blog\\\/defensa-del-tiempo-jorge-meijide\\\/#breadcrumb\"},\"inLanguage\":\"es\",\"potentialAction\":[{\"@type\":\"ReadAction\",\"target\":[\"https:\\\/\\\/veredes.es\\\/blog\\\/defensa-del-tiempo-jorge-meijide\\\/\"]}]},{\"@type\":\"ImageObject\",\"inLanguage\":\"es\",\"@id\":\"https:\\\/\\\/veredes.es\\\/blog\\\/defensa-del-tiempo-jorge-meijide\\\/#primaryimage\",\"url\":\"https:\\\/\\\/veredes.es\\\/blog\\\/wp-content\\\/uploads\\\/2019\\\/07\\\/En-defensa-del-tiempo-Jorge-Meijide-cua\u0301druple-esclusa.-fro\u0301mista.-jmeijide.jpg\",\"contentUrl\":\"https:\\\/\\\/veredes.es\\\/blog\\\/wp-content\\\/uploads\\\/2019\\\/07\\\/En-defensa-del-tiempo-Jorge-Meijide-cua\u0301druple-esclusa.-fro\u0301mista.-jmeijide.jpg\",\"width\":1200,\"height\":1199,\"caption\":\"Cua\u0301druple esclusa, Fro\u0301mista | Fotograf\u00eda: Jorge Meijide\"},{\"@type\":\"BreadcrumbList\",\"@id\":\"https:\\\/\\\/veredes.es\\\/blog\\\/defensa-del-tiempo-jorge-meijide\\\/#breadcrumb\",\"itemListElement\":[{\"@type\":\"ListItem\",\"position\":1,\"name\":\"Portada\",\"item\":\"https:\\\/\\\/veredes.es\\\/blog\\\/\"},{\"@type\":\"ListItem\",\"position\":2,\"name\":\"En defensa del tiempo | Jorge Meijide\"}]},{\"@type\":\"WebSite\",\"@id\":\"https:\\\/\\\/veredes.es\\\/blog\\\/#website\",\"url\":\"https:\\\/\\\/veredes.es\\\/blog\\\/\",\"name\":\"veredes, arquitectura y divulgaci\u00f3n\",\"description\":\"veredes\",\"publisher\":{\"@id\":\"https:\\\/\\\/veredes.es\\\/blog\\\/#organization\"},\"alternateName\":\"veredes\",\"potentialAction\":[{\"@type\":\"SearchAction\",\"target\":{\"@type\":\"EntryPoint\",\"urlTemplate\":\"https:\\\/\\\/veredes.es\\\/blog\\\/?s={search_term_string}\"},\"query-input\":{\"@type\":\"PropertyValueSpecification\",\"valueRequired\":true,\"valueName\":\"search_term_string\"}}],\"inLanguage\":\"es\"},{\"@type\":\"Organization\",\"@id\":\"https:\\\/\\\/veredes.es\\\/blog\\\/#organization\",\"name\":\"veredes, arquitectura y divulgaci\u00f3n\",\"alternateName\":\"veredes\",\"url\":\"https:\\\/\\\/veredes.es\\\/blog\\\/\",\"logo\":{\"@type\":\"ImageObject\",\"inLanguage\":\"es\",\"@id\":\"https:\\\/\\\/veredes.es\\\/blog\\\/#\\\/schema\\\/logo\\\/image\\\/\",\"url\":\"https:\\\/\\\/veredes.es\\\/blog\\\/wp-content\\\/uploads\\\/2021\\\/12\\\/veredes-logo-centrado_140x54.png\",\"contentUrl\":\"https:\\\/\\\/veredes.es\\\/blog\\\/wp-content\\\/uploads\\\/2021\\\/12\\\/veredes-logo-centrado_140x54.png\",\"width\":140,\"height\":54,\"caption\":\"veredes, arquitectura y divulgaci\u00f3n\"},\"image\":{\"@id\":\"https:\\\/\\\/veredes.es\\\/blog\\\/#\\\/schema\\\/logo\\\/image\\\/\"},\"sameAs\":[\"https:\\\/\\\/www.facebook.com\\\/veredesArquitecturayDivulgacion\\\/\",\"https:\\\/\\\/x.com\\\/veredes\",\"https:\\\/\\\/instagram.com\\\/veredes\\\/\",\"https:\\\/\\\/www.linkedin.com\\\/company\\\/veredes-arquitectura-y-divulgacion\\\/\",\"https:\\\/\\\/es.pinterest.com\\\/veredes\\\/\",\"https:\\\/\\\/www.tumblr.com\\\/veredes\"]},{\"@type\":\"Person\",\"@id\":\"https:\\\/\\\/veredes.es\\\/blog\\\/#\\\/schema\\\/person\\\/f114c5ff977108aaf60488426430427d\",\"name\":\"Jorge Meijide Tom\u00e1s\",\"image\":{\"@type\":\"ImageObject\",\"inLanguage\":\"es\",\"@id\":\"https:\\\/\\\/secure.gravatar.com\\\/avatar\\\/a8e6d631cd70d608ba8f329ff0d06134d8e7a1038277aa8a192fda118cabd34a?s=96&r=g\",\"url\":\"https:\\\/\\\/secure.gravatar.com\\\/avatar\\\/a8e6d631cd70d608ba8f329ff0d06134d8e7a1038277aa8a192fda118cabd34a?s=96&r=g\",\"contentUrl\":\"https:\\\/\\\/secure.gravatar.com\\\/avatar\\\/a8e6d631cd70d608ba8f329ff0d06134d8e7a1038277aa8a192fda118cabd34a?s=96&r=g\",\"caption\":\"Jorge Meijide Tom\u00e1s\"},\"description\":\"Arquitecto por la ETSA de A Coru\u00f1a desde 1991. Colabora en el estudio de Juan Navarro Baldeweg entre 1991 y 1992. M\u00e1ster de proyectos integrados por la fundaci\u00f3n camu\u00f1as, madrid 1992. A la vuelta A Coru\u00f1a se incorpora al estudio de su padre, Carlos E. Meijide Calvo con el que trabaja hasta 2001. Desde 2004 hasta 2009 colabora con los arquitectos Patricia de Marichalar y Fernando Mart\u00ednez. En el a\u00f1o 2009 forma, junto con Patricia de Marichalar meijidedemarichalar arquitectos. Desde 2014 trabaja en solitario colaborando con estudios y arquitectos amigos. Es profesor de proyectos arquitect\u00f3nicos en la Escuela T\u00e9cnica superior de Arquitectura de A Coru\u00f1a desde 1997; es tutor de proyecto fin de carrera y ha sido presidente del tribunal de PFC. Colabora con blogs y publicaciones de arquitectura.\",\"sameAs\":[\"http:\\\/\\\/jorgemeijide.blogspot.com.es\\\/\",\"https:\\\/\\\/www.facebook.com\\\/jmeijide\",\"https:\\\/\\\/www.instagram.com\\\/jmeijide\\\/\",\"https:\\\/\\\/www.linkedin.com\\\/in\\\/jorge-meijide-toms-ab9b9a21\\\/\",\"https:\\\/\\\/x.com\\\/https:\\\/\\\/twitter.com\\\/jmeijide\"],\"url\":\"https:\\\/\\\/veredes.es\\\/blog\\\/author\\\/jorge-meijide-tomas\\\/\"}]}<\/script>\n<!-- \/ Yoast SEO plugin. -->","yoast_head_json":{"title":"[:es]En defensa del tiempo | Jorge Meijide[:gl]En defensa do tempo | Jorge Meijide[:en]In defense of time | Jorge Meijide[:] - veredes","description":"Toda la informaci\u00f3n sobre: [:es]En defensa del tiempo | Jorge Meijide[:gl]En defensa do tempo | Jorge Meijide[:en]In defense of time | Jorge Meijide[:]","robots":{"index":"index","follow":"follow","max-snippet":"max-snippet:-1","max-image-preview":"max-image-preview:large","max-video-preview":"max-video-preview:-1"},"canonical":"https:\/\/veredes.es\/blog\/defensa-del-tiempo-jorge-meijide\/","og_locale":"es_ES","og_type":"article","og_title":"[:es]En defensa del tiempo | Jorge Meijide[:gl]En defensa do tempo | Jorge Meijide[:en]In defense of time | Jorge Meijide[:] - veredes","og_description":"Toda la informaci\u00f3n sobre: [:es]En defensa del tiempo | Jorge Meijide[:gl]En defensa do tempo | Jorge Meijide[:en]In defense of time | Jorge Meijide[:]","og_url":"https:\/\/veredes.es\/blog\/defensa-del-tiempo-jorge-meijide\/","og_site_name":"veredes, arquitectura y divulgaci\u00f3n","article_publisher":"https:\/\/www.facebook.com\/veredesArquitecturayDivulgacion\/","article_author":"https:\/\/www.facebook.com\/jmeijide","article_published_time":"2019-07-18T22:01:21+00:00","article_modified_time":"2022-12-26T12:37:31+00:00","og_image":[{"width":1200,"height":1199,"url":"https:\/\/veredes.es\/blog\/wp-content\/uploads\/2019\/07\/En-defensa-del-tiempo-Jorge-Meijide-cua\u0301druple-esclusa.-fro\u0301mista.-jmeijide.jpg","type":"image\/jpeg"}],"author":"Jorge Meijide Tom\u00e1s","twitter_card":"summary_large_image","twitter_creator":"@https:\/\/twitter.com\/jmeijide","twitter_site":"@veredes","twitter_misc":{"Escrito por":"Jorge Meijide Tom\u00e1s","Tiempo de lectura":"4 minutos"},"schema":{"@context":"https:\/\/schema.org","@graph":[{"@type":"Article","@id":"https:\/\/veredes.es\/blog\/defensa-del-tiempo-jorge-meijide\/#article","isPartOf":{"@id":"https:\/\/veredes.es\/blog\/defensa-del-tiempo-jorge-meijide\/"},"author":{"name":"Jorge Meijide Tom\u00e1s","@id":"https:\/\/veredes.es\/blog\/#\/schema\/person\/f114c5ff977108aaf60488426430427d"},"headline":"En defensa del tiempo | Jorge Meijide","datePublished":"2019-07-18T22:01:21+00:00","dateModified":"2022-12-26T12:37:31+00:00","mainEntityOfPage":{"@id":"https:\/\/veredes.es\/blog\/defensa-del-tiempo-jorge-meijide\/"},"wordCount":2198,"commentCount":0,"publisher":{"@id":"https:\/\/veredes.es\/blog\/#organization"},"image":{"@id":"https:\/\/veredes.es\/blog\/defensa-del-tiempo-jorge-meijide\/#primaryimage"},"thumbnailUrl":"https:\/\/veredes.es\/blog\/wp-content\/uploads\/2019\/07\/En-defensa-del-tiempo-Jorge-Meijide-cua\u0301druple-esclusa.-fro\u0301mista.-jmeijide.jpg","keywords":["Antonio L\u00f3pez","arquitectura espa\u00f1ola","arquitectura popular","arquitectura tradicional","arquitectura vern\u00e1cula","Arthur Schopenhauer","Benedetta Tagliabue","caba\u00f1a","Carlos Pita Abad","casa","caterina miralles tagliabue","c\u00e9sar abraham vallejo mendoza","colaboraci\u00f3n","Constantino Cavafis","dibujar","dibujo","Eduardo Chillida","Enric Miralles","Fernando Higueras","Filippo Tommaso Marinetti","Francisco Alonso de Santos","futurismo","honor\u00e9 de balza","Jorge Luis Borges","Jorge Meijide","Jorge Rodr\u00edguez Seoane","juguete","kolonihaven","Le Corbusier","luis l\u00f3pez nieves","maestro","man","Martin Heidegger","Miguel \u00c1ngel","modulor","\u00d3scar Tusquets Blanca","Pablo Picasso","pensamiento","pintura","proyecto","ram\u00f3n g\u00f3mez de la serna Ppuig","reflexi\u00f3n","Ricardo Bofill","san juan de la cruz","Sigfried Giedion","tiempo","vivienda unifamiliar","Zygmunt Bauman"],"articleSection":["faro","slider principal"],"inLanguage":"es","potentialAction":[{"@type":"CommentAction","name":"Comment","target":["https:\/\/veredes.es\/blog\/defensa-del-tiempo-jorge-meijide\/#respond"]}]},{"@type":"WebPage","@id":"https:\/\/veredes.es\/blog\/defensa-del-tiempo-jorge-meijide\/","url":"https:\/\/veredes.es\/blog\/defensa-del-tiempo-jorge-meijide\/","name":"[:es]En defensa del tiempo | Jorge Meijide[:gl]En defensa do tempo | Jorge Meijide[:en]In defense of time | Jorge Meijide[:] - veredes","isPartOf":{"@id":"https:\/\/veredes.es\/blog\/#website"},"primaryImageOfPage":{"@id":"https:\/\/veredes.es\/blog\/defensa-del-tiempo-jorge-meijide\/#primaryimage"},"image":{"@id":"https:\/\/veredes.es\/blog\/defensa-del-tiempo-jorge-meijide\/#primaryimage"},"thumbnailUrl":"https:\/\/veredes.es\/blog\/wp-content\/uploads\/2019\/07\/En-defensa-del-tiempo-Jorge-Meijide-cua\u0301druple-esclusa.-fro\u0301mista.-jmeijide.jpg","datePublished":"2019-07-18T22:01:21+00:00","dateModified":"2022-12-26T12:37:31+00:00","description":"Toda la informaci\u00f3n sobre: [:es]En defensa del tiempo | Jorge Meijide[:gl]En defensa do tempo | Jorge Meijide[:en]In defense of time | Jorge Meijide[:]","breadcrumb":{"@id":"https:\/\/veredes.es\/blog\/defensa-del-tiempo-jorge-meijide\/#breadcrumb"},"inLanguage":"es","potentialAction":[{"@type":"ReadAction","target":["https:\/\/veredes.es\/blog\/defensa-del-tiempo-jorge-meijide\/"]}]},{"@type":"ImageObject","inLanguage":"es","@id":"https:\/\/veredes.es\/blog\/defensa-del-tiempo-jorge-meijide\/#primaryimage","url":"https:\/\/veredes.es\/blog\/wp-content\/uploads\/2019\/07\/En-defensa-del-tiempo-Jorge-Meijide-cua\u0301druple-esclusa.-fro\u0301mista.-jmeijide.jpg","contentUrl":"https:\/\/veredes.es\/blog\/wp-content\/uploads\/2019\/07\/En-defensa-del-tiempo-Jorge-Meijide-cua\u0301druple-esclusa.-fro\u0301mista.-jmeijide.jpg","width":1200,"height":1199,"caption":"Cua\u0301druple esclusa, Fro\u0301mista | Fotograf\u00eda: Jorge Meijide"},{"@type":"BreadcrumbList","@id":"https:\/\/veredes.es\/blog\/defensa-del-tiempo-jorge-meijide\/#breadcrumb","itemListElement":[{"@type":"ListItem","position":1,"name":"Portada","item":"https:\/\/veredes.es\/blog\/"},{"@type":"ListItem","position":2,"name":"En defensa del tiempo | Jorge Meijide"}]},{"@type":"WebSite","@id":"https:\/\/veredes.es\/blog\/#website","url":"https:\/\/veredes.es\/blog\/","name":"veredes, arquitectura y divulgaci\u00f3n","description":"veredes","publisher":{"@id":"https:\/\/veredes.es\/blog\/#organization"},"alternateName":"veredes","potentialAction":[{"@type":"SearchAction","target":{"@type":"EntryPoint","urlTemplate":"https:\/\/veredes.es\/blog\/?s={search_term_string}"},"query-input":{"@type":"PropertyValueSpecification","valueRequired":true,"valueName":"search_term_string"}}],"inLanguage":"es"},{"@type":"Organization","@id":"https:\/\/veredes.es\/blog\/#organization","name":"veredes, arquitectura y divulgaci\u00f3n","alternateName":"veredes","url":"https:\/\/veredes.es\/blog\/","logo":{"@type":"ImageObject","inLanguage":"es","@id":"https:\/\/veredes.es\/blog\/#\/schema\/logo\/image\/","url":"https:\/\/veredes.es\/blog\/wp-content\/uploads\/2021\/12\/veredes-logo-centrado_140x54.png","contentUrl":"https:\/\/veredes.es\/blog\/wp-content\/uploads\/2021\/12\/veredes-logo-centrado_140x54.png","width":140,"height":54,"caption":"veredes, arquitectura y divulgaci\u00f3n"},"image":{"@id":"https:\/\/veredes.es\/blog\/#\/schema\/logo\/image\/"},"sameAs":["https:\/\/www.facebook.com\/veredesArquitecturayDivulgacion\/","https:\/\/x.com\/veredes","https:\/\/instagram.com\/veredes\/","https:\/\/www.linkedin.com\/company\/veredes-arquitectura-y-divulgacion\/","https:\/\/es.pinterest.com\/veredes\/","https:\/\/www.tumblr.com\/veredes"]},{"@type":"Person","@id":"https:\/\/veredes.es\/blog\/#\/schema\/person\/f114c5ff977108aaf60488426430427d","name":"Jorge Meijide Tom\u00e1s","image":{"@type":"ImageObject","inLanguage":"es","@id":"https:\/\/secure.gravatar.com\/avatar\/a8e6d631cd70d608ba8f329ff0d06134d8e7a1038277aa8a192fda118cabd34a?s=96&r=g","url":"https:\/\/secure.gravatar.com\/avatar\/a8e6d631cd70d608ba8f329ff0d06134d8e7a1038277aa8a192fda118cabd34a?s=96&r=g","contentUrl":"https:\/\/secure.gravatar.com\/avatar\/a8e6d631cd70d608ba8f329ff0d06134d8e7a1038277aa8a192fda118cabd34a?s=96&r=g","caption":"Jorge Meijide Tom\u00e1s"},"description":"Arquitecto por la ETSA de A Coru\u00f1a desde 1991. Colabora en el estudio de Juan Navarro Baldeweg entre 1991 y 1992. M\u00e1ster de proyectos integrados por la fundaci\u00f3n camu\u00f1as, madrid 1992. A la vuelta A Coru\u00f1a se incorpora al estudio de su padre, Carlos E. Meijide Calvo con el que trabaja hasta 2001. Desde 2004 hasta 2009 colabora con los arquitectos Patricia de Marichalar y Fernando Mart\u00ednez. En el a\u00f1o 2009 forma, junto con Patricia de Marichalar meijidedemarichalar arquitectos. Desde 2014 trabaja en solitario colaborando con estudios y arquitectos amigos. Es profesor de proyectos arquitect\u00f3nicos en la Escuela T\u00e9cnica superior de Arquitectura de A Coru\u00f1a desde 1997; es tutor de proyecto fin de carrera y ha sido presidente del tribunal de PFC. Colabora con blogs y publicaciones de arquitectura.","sameAs":["http:\/\/jorgemeijide.blogspot.com.es\/","https:\/\/www.facebook.com\/jmeijide","https:\/\/www.instagram.com\/jmeijide\/","https:\/\/www.linkedin.com\/in\/jorge-meijide-toms-ab9b9a21\/","https:\/\/x.com\/https:\/\/twitter.com\/jmeijide"],"url":"https:\/\/veredes.es\/blog\/author\/jorge-meijide-tomas\/"}]}},"_links":{"self":[{"href":"https:\/\/veredes.es\/blog\/wp-json\/wp\/v2\/posts\/73999","targetHints":{"allow":["GET"]}}],"collection":[{"href":"https:\/\/veredes.es\/blog\/wp-json\/wp\/v2\/posts"}],"about":[{"href":"https:\/\/veredes.es\/blog\/wp-json\/wp\/v2\/types\/post"}],"author":[{"embeddable":true,"href":"https:\/\/veredes.es\/blog\/wp-json\/wp\/v2\/users\/47"}],"replies":[{"embeddable":true,"href":"https:\/\/veredes.es\/blog\/wp-json\/wp\/v2\/comments?post=73999"}],"version-history":[{"count":0,"href":"https:\/\/veredes.es\/blog\/wp-json\/wp\/v2\/posts\/73999\/revisions"}],"wp:featuredmedia":[{"embeddable":true,"href":"https:\/\/veredes.es\/blog\/wp-json\/wp\/v2\/media\/74000"}],"wp:attachment":[{"href":"https:\/\/veredes.es\/blog\/wp-json\/wp\/v2\/media?parent=73999"}],"wp:term":[{"taxonomy":"category","embeddable":true,"href":"https:\/\/veredes.es\/blog\/wp-json\/wp\/v2\/categories?post=73999"},{"taxonomy":"post_tag","embeddable":true,"href":"https:\/\/veredes.es\/blog\/wp-json\/wp\/v2\/tags?post=73999"}],"curies":[{"name":"wp","href":"https:\/\/api.w.org\/{rel}","templated":true}]}}