{"id":73901,"date":"2019-08-06T00:01:34","date_gmt":"2019-08-05T22:01:34","guid":{"rendered":"https:\/\/veredes.es\/blog\/?p=73901"},"modified":"2019-10-31T14:46:30","modified_gmt":"2019-10-31T13:46:30","slug":"vari-carames-lugares-2","status":"publish","type":"post","link":"https:\/\/veredes.es\/blog\/vari-carames-lugares-2\/","title":{"rendered":"Vari Caram\u00e9s. Lugares"},"content":{"rendered":"<p><\/p>\n<div class=\"col-sm-6\">\n<div class=\"content bottom\">\n<p style=\"text-align: justify;\"><img loading=\"lazy\" decoding=\"async\" class=\"alignnone size-large wp-image-73902\" src=\"https:\/\/veredes.es\/blog\/wp-content\/uploads\/2019\/07\/Vari-Caram\u00e9s.-Lugares-1024x683.jpg\" alt=\"Vari Caram\u00e9s. Lugares\" width=\"640\" height=\"427\" srcset=\"https:\/\/veredes.es\/blog\/wp-content\/uploads\/2019\/07\/Vari-Caram\u00e9s.-Lugares-1024x683.jpg 1024w, https:\/\/veredes.es\/blog\/wp-content\/uploads\/2019\/07\/Vari-Caram\u00e9s.-Lugares-300x200.jpg 300w, https:\/\/veredes.es\/blog\/wp-content\/uploads\/2019\/07\/Vari-Caram\u00e9s.-Lugares.jpg 1200w\" sizes=\"auto, (max-width: 640px) 100vw, 640px\" \/><\/p>\n<p style=\"text-align: justify;\">En el a\u00f1o 2018, la editorial Fabulatorio publica\u00a0<em><strong><a href=\"https:\/\/amzn.to\/2Joe3NH\" target=\"_blank\">Lugares<\/a><\/strong>,<\/em>\u00a0un fotolibro que re\u00fane el trabajo m\u00e1s reciente del fot\u00f3grafo Vari Caram\u00e9s (Ferrol, 1953), con el que el artista hace referencia al mundo de sus recuerdos y a la estrecha l\u00ednea que separa realidad y memoria, un dise\u00f1o editorial firmado por el estudio gallego Desescribir que acaba de ser galardonado con un LAUS de Oro concedido por la ADG-FAD, la Asociaci\u00f3n de Directores de Arte y Dise\u00f1adores Gr\u00e1ficos de Espa\u00f1a. El volumen se completa con un ensayo a cargo de Miguel Fern\u00e1ndez-Cid y con un texto breve del propio Caram\u00e9s.<\/p>\n<p style=\"text-align: justify;\">Ese mismo a\u00f1o, las im\u00e1genes de\u00a0<strong><a href=\"https:\/\/amzn.to\/2Joe3NH\" target=\"_blank\"><em>Lugares<\/em><\/a>\u00a0<\/strong>se mostrar\u00edan al p\u00fablico por vez primera en la <a href=\"https:\/\/veredes.es\/blog\/breves-notas-sobre-la-galeria-trinta-de-pablo-tome-arquitecto-luis-gil\/\" target=\"_blank\">Galer\u00eda Trinta<\/a> de Santiago de Compostela -que tambi\u00e9n acoger\u00eda la presentaci\u00f3n de la publicaci\u00f3n hom\u00f3nima- en una exposici\u00f3n que ahora se traslada a la sala principal de la Fundaci\u00f3n Luis Seoane a trav\u00e9s de un conjunto de 30 fotograf\u00edas en color que reproducen esos lugares reales e imaginados a un tiempo, escenarios en los que quiz\u00e1 el artista nunca estuvo y que, como viene siendo habitual en su obra, transmiten una sensaci\u00f3n de familiaridad y de\u00a0<em>d\u00e9j\u00e0 vu<\/em>\u00a0propia de un universo visual que hace referencia constante a las emociones a trav\u00e9s de la construcci\u00f3n de un relato en el que lo representado posee car\u00e1cter universal.<\/p>\n<\/div>\n<\/div>\n<div class=\"col-sm-6\">\n<div class=\"content bottom\">\n<p style=\"text-align: justify;\">La obra de Vari Caram\u00e9s regresa a la Fundaci\u00f3n Luis Seoane para conectar una vez m\u00e1s con el p\u00fablico de la ciudad que le vio desarrollarse como fot\u00f3grafo desde finales de los a\u00f1os setenta hasta el momento presente, una extensa trayectoria que le ha convertido en uno de los nombres fundamentales de la fotograf\u00eda contempor\u00e1nea en Galicia. A lo largo de cuatro d\u00e9cadas de actividad art\u00edstica, Caram\u00e9s ha participado en numerosas exposiciones individuales y colectivas, incluida una gran retrospectiva sobre su obra que en el a\u00f1o 2001 le dedic\u00f3 el Centro Galego de Arte Contempor\u00e1nea. Su trabajo est\u00e1 presente en importantes colecciones p\u00fablicas y privadas, como las del Museo Nacional Centro de Arte Reina Sof\u00eda, el C\u00edrculo de Bellas Artes, el Centro de Estudos Fotogr\u00e1ficos de Braga, el IVAM o el propio CGAC, entre otras.<\/p>\n<div class=\"youtube-embed\" data-video_id=\"765e6bPt6pI\"><iframe loading=\"lazy\" title=\"Lugares Sonoros. Fito Ares \/ Chefa Alonso\" width=\"696\" height=\"392\" src=\"https:\/\/www.youtube.com\/embed\/765e6bPt6pI?feature=oembed&#038;enablejsapi=1\" frameborder=\"0\" allow=\"accelerometer; autoplay; clipboard-write; encrypted-media; gyroscope; picture-in-picture\" allowfullscreen><\/iframe><\/div>\n<\/div>\n<p><a href=\"https:\/\/fundacionluisseoane.gal\/es\/exposiciones\/vari-carames-lugares\/\" target=\"_blank\"><strong>Vari Caram\u00e9s. Lugares<\/strong><\/a><br \/>\n10 julio 2019 \/ 27 octubre 2019<br \/>\nFundaci\u00f3n Luis Seoane<\/p>\n<\/div>\n<p><\/p>","protected":false},"excerpt":{"rendered":"<p>En el a\u00f1o 2018, la editorial Fabulatorio publica\u00a0Lugares,\u00a0un fotolibro que re\u00fane el trabajo m\u00e1s reciente del fot\u00f3grafo Vari Caram\u00e9s (Ferrol, 1953), con el que el artista hace referencia al mundo de sus recuerdos y a la estrecha l\u00ednea que separa realidad y memoria, un dise\u00f1o editorial firmado por el estudio gallego Desescribir que acaba de [&hellip;]<\/p>\n","protected":false},"author":2,"featured_media":73902,"comment_status":"open","ping_status":"closed","sticky":false,"template":"","format":"standard","meta":{"footnotes":""},"categories":[16,1382],"tags":[66,202,3181,4108,9030,556,12460,8701,5789,619,6794,920,1286,4814],"class_list":{"0":"post-73901","1":"post","2":"type-post","3":"status-publish","4":"format-standard","5":"has-post-thumbnail","7":"category-eventos","8":"category-exposiciones","9":"tag-a-coruna","10":"tag-bellas-artes","11":"tag-cgac","12":"tag-desescribir","13":"tag-editorial-fabulatorio","14":"tag-exposicion","15":"tag-fotografia","16":"tag-fotolibro","17":"tag-fundacion-luis-seoane","18":"tag-galicia","19":"tag-museo-reina-sofia","20":"tag-naturaleza","21":"tag-territorio","22":"tag-vari-carames"},"yoast_head":"<!-- This site is optimized with the Yoast SEO plugin v27.5 - https:\/\/yoast.com\/product\/yoast-seo-wordpress\/ -->\n<title>Vari Caram\u00e9s. Lugares  - veredes<\/title>\n<meta name=\"description\" content=\"Toda la informaci\u00f3n sobre: [:es]Vari Caram\u00e9s. Lugares [:gl]Vari Caram\u00e9s. Lugares[:en]Vari Caram\u00e9s. Sites[:]\" \/>\n<meta name=\"robots\" content=\"index, follow, max-snippet:-1, max-image-preview:large, max-video-preview:-1\" \/>\n<link rel=\"canonical\" href=\"https:\/\/veredes.es\/blog\/vari-carames-lugares-2\/\" \/>\n<meta property=\"og:locale\" content=\"es_ES\" \/>\n<meta property=\"og:type\" content=\"article\" \/>\n<meta property=\"og:title\" content=\"[:es]Vari Caram\u00e9s. Lugares [:gl]Vari Caram\u00e9s. Lugares[:en]Vari Caram\u00e9s. Sites[:] - veredes\" \/>\n<meta property=\"og:description\" content=\"Toda la informaci\u00f3n sobre: [:es]Vari Caram\u00e9s. Lugares [:gl]Vari Caram\u00e9s. Lugares[:en]Vari Caram\u00e9s. Sites[:]\" \/>\n<meta property=\"og:url\" content=\"https:\/\/veredes.es\/blog\/vari-carames-lugares-2\/\" \/>\n<meta property=\"og:site_name\" content=\"veredes, arquitectura y divulgaci\u00f3n\" \/>\n<meta property=\"article:publisher\" content=\"https:\/\/www.facebook.com\/veredesArquitecturayDivulgacion\/\" \/>\n<meta property=\"article:author\" content=\"https:\/\/www.facebook.com\/veredesArquitecturayDivulgacion\/\" \/>\n<meta property=\"article:published_time\" content=\"2019-08-05T22:01:34+00:00\" \/>\n<meta property=\"article:modified_time\" content=\"2019-10-31T13:46:30+00:00\" \/>\n<meta property=\"og:image\" content=\"https:\/\/veredes.es\/blog\/wp-content\/uploads\/2019\/07\/Vari-Caram\u00e9s.-Lugares.jpg\" \/>\n\t<meta property=\"og:image:width\" content=\"1200\" \/>\n\t<meta property=\"og:image:height\" content=\"800\" \/>\n\t<meta property=\"og:image:type\" content=\"image\/jpeg\" \/>\n<meta name=\"author\" content=\"veredes\" \/>\n<meta name=\"twitter:card\" content=\"summary_large_image\" \/>\n<meta name=\"twitter:creator\" content=\"@https:\/\/twitter.com\/veredes\" \/>\n<meta name=\"twitter:site\" content=\"@veredes\" \/>\n<meta name=\"twitter:label1\" content=\"Escrito por\" \/>\n\t<meta name=\"twitter:data1\" content=\"veredes\" \/>\n\t<meta name=\"twitter:label2\" content=\"Tiempo de lectura\" \/>\n\t<meta name=\"twitter:data2\" content=\"6 minutos\" \/>\n<script type=\"application\/ld+json\" class=\"yoast-schema-graph\">{\"@context\":\"https:\\\/\\\/schema.org\",\"@graph\":[{\"@type\":\"Article\",\"@id\":\"https:\\\/\\\/veredes.es\\\/blog\\\/vari-carames-lugares-2\\\/#article\",\"isPartOf\":{\"@id\":\"https:\\\/\\\/veredes.es\\\/blog\\\/vari-carames-lugares-2\\\/\"},\"author\":{\"name\":\"veredes\",\"@id\":\"https:\\\/\\\/veredes.es\\\/blog\\\/#\\\/schema\\\/person\\\/0bbb669073ef7faba5168a0844e93d2c\"},\"headline\":\"Vari Caram\u00e9s. Lugares\",\"datePublished\":\"2019-08-05T22:01:34+00:00\",\"dateModified\":\"2019-10-31T13:46:30+00:00\",\"mainEntityOfPage\":{\"@id\":\"https:\\\/\\\/veredes.es\\\/blog\\\/vari-carames-lugares-2\\\/\"},\"wordCount\":1188,\"commentCount\":0,\"publisher\":{\"@id\":\"https:\\\/\\\/veredes.es\\\/blog\\\/#organization\"},\"image\":{\"@id\":\"https:\\\/\\\/veredes.es\\\/blog\\\/vari-carames-lugares-2\\\/#primaryimage\"},\"thumbnailUrl\":\"https:\\\/\\\/veredes.es\\\/blog\\\/wp-content\\\/uploads\\\/2019\\\/07\\\/Vari-Caram\u00e9s.-Lugares.jpg\",\"keywords\":[\"A Coru\u00f1a\",\"bellas artes\",\"CGAC\",\"desescribir\",\"editorial fabulatorio\",\"exposici\u00f3n\",\"fotograf\u00eda\",\"fotolibro\",\"Fundaci\u00f3n Luis Seoane\",\"Galicia\",\"museo Reina Sof\u00eda\",\"naturaleza\",\"territorio\",\"Vari Caram\u00e9s\"],\"articleSection\":[\"eventos\",\"exposiciones\"],\"inLanguage\":\"es\",\"potentialAction\":[{\"@type\":\"CommentAction\",\"name\":\"Comment\",\"target\":[\"https:\\\/\\\/veredes.es\\\/blog\\\/vari-carames-lugares-2\\\/#respond\"]}]},{\"@type\":\"WebPage\",\"@id\":\"https:\\\/\\\/veredes.es\\\/blog\\\/vari-carames-lugares-2\\\/\",\"url\":\"https:\\\/\\\/veredes.es\\\/blog\\\/vari-carames-lugares-2\\\/\",\"name\":\"[:es]Vari Caram\u00e9s. Lugares [:gl]Vari Caram\u00e9s. Lugares[:en]Vari Caram\u00e9s. Sites[:] - veredes\",\"isPartOf\":{\"@id\":\"https:\\\/\\\/veredes.es\\\/blog\\\/#website\"},\"primaryImageOfPage\":{\"@id\":\"https:\\\/\\\/veredes.es\\\/blog\\\/vari-carames-lugares-2\\\/#primaryimage\"},\"image\":{\"@id\":\"https:\\\/\\\/veredes.es\\\/blog\\\/vari-carames-lugares-2\\\/#primaryimage\"},\"thumbnailUrl\":\"https:\\\/\\\/veredes.es\\\/blog\\\/wp-content\\\/uploads\\\/2019\\\/07\\\/Vari-Caram\u00e9s.-Lugares.jpg\",\"datePublished\":\"2019-08-05T22:01:34+00:00\",\"dateModified\":\"2019-10-31T13:46:30+00:00\",\"description\":\"Toda la informaci\u00f3n sobre: [:es]Vari Caram\u00e9s. Lugares [:gl]Vari Caram\u00e9s. Lugares[:en]Vari Caram\u00e9s. Sites[:]\",\"breadcrumb\":{\"@id\":\"https:\\\/\\\/veredes.es\\\/blog\\\/vari-carames-lugares-2\\\/#breadcrumb\"},\"inLanguage\":\"es\",\"potentialAction\":[{\"@type\":\"ReadAction\",\"target\":[\"https:\\\/\\\/veredes.es\\\/blog\\\/vari-carames-lugares-2\\\/\"]}]},{\"@type\":\"ImageObject\",\"inLanguage\":\"es\",\"@id\":\"https:\\\/\\\/veredes.es\\\/blog\\\/vari-carames-lugares-2\\\/#primaryimage\",\"url\":\"https:\\\/\\\/veredes.es\\\/blog\\\/wp-content\\\/uploads\\\/2019\\\/07\\\/Vari-Caram\u00e9s.-Lugares.jpg\",\"contentUrl\":\"https:\\\/\\\/veredes.es\\\/blog\\\/wp-content\\\/uploads\\\/2019\\\/07\\\/Vari-Caram\u00e9s.-Lugares.jpg\",\"width\":1200,\"height\":800},{\"@type\":\"BreadcrumbList\",\"@id\":\"https:\\\/\\\/veredes.es\\\/blog\\\/vari-carames-lugares-2\\\/#breadcrumb\",\"itemListElement\":[{\"@type\":\"ListItem\",\"position\":1,\"name\":\"Portada\",\"item\":\"https:\\\/\\\/veredes.es\\\/blog\\\/\"},{\"@type\":\"ListItem\",\"position\":2,\"name\":\"Vari Caram\u00e9s. Lugares\"}]},{\"@type\":\"WebSite\",\"@id\":\"https:\\\/\\\/veredes.es\\\/blog\\\/#website\",\"url\":\"https:\\\/\\\/veredes.es\\\/blog\\\/\",\"name\":\"veredes, arquitectura y divulgaci\u00f3n\",\"description\":\"veredes\",\"publisher\":{\"@id\":\"https:\\\/\\\/veredes.es\\\/blog\\\/#organization\"},\"alternateName\":\"veredes\",\"potentialAction\":[{\"@type\":\"SearchAction\",\"target\":{\"@type\":\"EntryPoint\",\"urlTemplate\":\"https:\\\/\\\/veredes.es\\\/blog\\\/?s={search_term_string}\"},\"query-input\":{\"@type\":\"PropertyValueSpecification\",\"valueRequired\":true,\"valueName\":\"search_term_string\"}}],\"inLanguage\":\"es\"},{\"@type\":\"Organization\",\"@id\":\"https:\\\/\\\/veredes.es\\\/blog\\\/#organization\",\"name\":\"veredes, arquitectura y divulgaci\u00f3n\",\"alternateName\":\"veredes\",\"url\":\"https:\\\/\\\/veredes.es\\\/blog\\\/\",\"logo\":{\"@type\":\"ImageObject\",\"inLanguage\":\"es\",\"@id\":\"https:\\\/\\\/veredes.es\\\/blog\\\/#\\\/schema\\\/logo\\\/image\\\/\",\"url\":\"https:\\\/\\\/veredes.es\\\/blog\\\/wp-content\\\/uploads\\\/2021\\\/12\\\/veredes-logo-centrado_140x54.png\",\"contentUrl\":\"https:\\\/\\\/veredes.es\\\/blog\\\/wp-content\\\/uploads\\\/2021\\\/12\\\/veredes-logo-centrado_140x54.png\",\"width\":140,\"height\":54,\"caption\":\"veredes, arquitectura y divulgaci\u00f3n\"},\"image\":{\"@id\":\"https:\\\/\\\/veredes.es\\\/blog\\\/#\\\/schema\\\/logo\\\/image\\\/\"},\"sameAs\":[\"https:\\\/\\\/www.facebook.com\\\/veredesArquitecturayDivulgacion\\\/\",\"https:\\\/\\\/x.com\\\/veredes\",\"https:\\\/\\\/instagram.com\\\/veredes\\\/\",\"https:\\\/\\\/www.linkedin.com\\\/company\\\/veredes-arquitectura-y-divulgacion\\\/\",\"https:\\\/\\\/es.pinterest.com\\\/veredes\\\/\",\"https:\\\/\\\/www.tumblr.com\\\/veredes\"]},{\"@type\":\"Person\",\"@id\":\"https:\\\/\\\/veredes.es\\\/blog\\\/#\\\/schema\\\/person\\\/0bbb669073ef7faba5168a0844e93d2c\",\"name\":\"veredes\",\"image\":{\"@type\":\"ImageObject\",\"inLanguage\":\"es\",\"@id\":\"https:\\\/\\\/veredes.es\\\/blog\\\/wp-content\\\/uploads\\\/2018\\\/04\\\/face-96x96.jpg\",\"url\":\"https:\\\/\\\/veredes.es\\\/blog\\\/wp-content\\\/uploads\\\/2018\\\/04\\\/face-96x96.jpg\",\"contentUrl\":\"https:\\\/\\\/veredes.es\\\/blog\\\/wp-content\\\/uploads\\\/2018\\\/04\\\/face-96x96.jpg\",\"caption\":\"veredes\"},\"description\":\"Surge enero de 2009 como b\u00fasqueda de satisfacer el conocimiento de la actividad arquitect\u00f3nica y tangentes que se generan. La idea es crear un espacio para divulgar los diversos proyectos en busca de nueva inspiraci\u00f3n y de intercambio.\",\"sameAs\":[\"https:\\\/\\\/veredes.es\\\/\",\"https:\\\/\\\/www.facebook.com\\\/veredesArquitecturayDivulgacion\\\/\",\"https:\\\/\\\/www.instagram.com\\\/veredes\\\/\",\"https:\\\/\\\/www.linkedin.com\\\/company\\\/veredes-arquitectura-y-divulgacion\\\/\",\"https:\\\/\\\/www.pinterest.es\\\/veredes\\\/\",\"https:\\\/\\\/x.com\\\/https:\\\/\\\/twitter.com\\\/veredes\",\"https:\\\/\\\/veredes.tumblr.com\\\/\"],\"url\":\"https:\\\/\\\/veredes.es\\\/blog\\\/author\\\/alberto\\\/\"}]}<\/script>\n<!-- \/ Yoast SEO plugin. -->","yoast_head_json":{"title":"[:es]Vari Caram\u00e9s. Lugares [:gl]Vari Caram\u00e9s. Lugares[:en]Vari Caram\u00e9s. Sites[:] - veredes","description":"Toda la informaci\u00f3n sobre: [:es]Vari Caram\u00e9s. Lugares [:gl]Vari Caram\u00e9s. Lugares[:en]Vari Caram\u00e9s. Sites[:]","robots":{"index":"index","follow":"follow","max-snippet":"max-snippet:-1","max-image-preview":"max-image-preview:large","max-video-preview":"max-video-preview:-1"},"canonical":"https:\/\/veredes.es\/blog\/vari-carames-lugares-2\/","og_locale":"es_ES","og_type":"article","og_title":"[:es]Vari Caram\u00e9s. Lugares [:gl]Vari Caram\u00e9s. Lugares[:en]Vari Caram\u00e9s. Sites[:] - veredes","og_description":"Toda la informaci\u00f3n sobre: [:es]Vari Caram\u00e9s. Lugares [:gl]Vari Caram\u00e9s. Lugares[:en]Vari Caram\u00e9s. Sites[:]","og_url":"https:\/\/veredes.es\/blog\/vari-carames-lugares-2\/","og_site_name":"veredes, arquitectura y divulgaci\u00f3n","article_publisher":"https:\/\/www.facebook.com\/veredesArquitecturayDivulgacion\/","article_author":"https:\/\/www.facebook.com\/veredesArquitecturayDivulgacion\/","article_published_time":"2019-08-05T22:01:34+00:00","article_modified_time":"2019-10-31T13:46:30+00:00","og_image":[{"width":1200,"height":800,"url":"https:\/\/veredes.es\/blog\/wp-content\/uploads\/2019\/07\/Vari-Caram\u00e9s.-Lugares.jpg","type":"image\/jpeg"}],"author":"veredes","twitter_card":"summary_large_image","twitter_creator":"@https:\/\/twitter.com\/veredes","twitter_site":"@veredes","twitter_misc":{"Escrito por":"veredes","Tiempo de lectura":"6 minutos"},"schema":{"@context":"https:\/\/schema.org","@graph":[{"@type":"Article","@id":"https:\/\/veredes.es\/blog\/vari-carames-lugares-2\/#article","isPartOf":{"@id":"https:\/\/veredes.es\/blog\/vari-carames-lugares-2\/"},"author":{"name":"veredes","@id":"https:\/\/veredes.es\/blog\/#\/schema\/person\/0bbb669073ef7faba5168a0844e93d2c"},"headline":"Vari Caram\u00e9s. Lugares","datePublished":"2019-08-05T22:01:34+00:00","dateModified":"2019-10-31T13:46:30+00:00","mainEntityOfPage":{"@id":"https:\/\/veredes.es\/blog\/vari-carames-lugares-2\/"},"wordCount":1188,"commentCount":0,"publisher":{"@id":"https:\/\/veredes.es\/blog\/#organization"},"image":{"@id":"https:\/\/veredes.es\/blog\/vari-carames-lugares-2\/#primaryimage"},"thumbnailUrl":"https:\/\/veredes.es\/blog\/wp-content\/uploads\/2019\/07\/Vari-Caram\u00e9s.-Lugares.jpg","keywords":["A Coru\u00f1a","bellas artes","CGAC","desescribir","editorial fabulatorio","exposici\u00f3n","fotograf\u00eda","fotolibro","Fundaci\u00f3n Luis Seoane","Galicia","museo Reina Sof\u00eda","naturaleza","territorio","Vari Caram\u00e9s"],"articleSection":["eventos","exposiciones"],"inLanguage":"es","potentialAction":[{"@type":"CommentAction","name":"Comment","target":["https:\/\/veredes.es\/blog\/vari-carames-lugares-2\/#respond"]}]},{"@type":"WebPage","@id":"https:\/\/veredes.es\/blog\/vari-carames-lugares-2\/","url":"https:\/\/veredes.es\/blog\/vari-carames-lugares-2\/","name":"[:es]Vari Caram\u00e9s. Lugares [:gl]Vari Caram\u00e9s. Lugares[:en]Vari Caram\u00e9s. Sites[:] - veredes","isPartOf":{"@id":"https:\/\/veredes.es\/blog\/#website"},"primaryImageOfPage":{"@id":"https:\/\/veredes.es\/blog\/vari-carames-lugares-2\/#primaryimage"},"image":{"@id":"https:\/\/veredes.es\/blog\/vari-carames-lugares-2\/#primaryimage"},"thumbnailUrl":"https:\/\/veredes.es\/blog\/wp-content\/uploads\/2019\/07\/Vari-Caram\u00e9s.-Lugares.jpg","datePublished":"2019-08-05T22:01:34+00:00","dateModified":"2019-10-31T13:46:30+00:00","description":"Toda la informaci\u00f3n sobre: [:es]Vari Caram\u00e9s. Lugares [:gl]Vari Caram\u00e9s. Lugares[:en]Vari Caram\u00e9s. Sites[:]","breadcrumb":{"@id":"https:\/\/veredes.es\/blog\/vari-carames-lugares-2\/#breadcrumb"},"inLanguage":"es","potentialAction":[{"@type":"ReadAction","target":["https:\/\/veredes.es\/blog\/vari-carames-lugares-2\/"]}]},{"@type":"ImageObject","inLanguage":"es","@id":"https:\/\/veredes.es\/blog\/vari-carames-lugares-2\/#primaryimage","url":"https:\/\/veredes.es\/blog\/wp-content\/uploads\/2019\/07\/Vari-Caram\u00e9s.-Lugares.jpg","contentUrl":"https:\/\/veredes.es\/blog\/wp-content\/uploads\/2019\/07\/Vari-Caram\u00e9s.-Lugares.jpg","width":1200,"height":800},{"@type":"BreadcrumbList","@id":"https:\/\/veredes.es\/blog\/vari-carames-lugares-2\/#breadcrumb","itemListElement":[{"@type":"ListItem","position":1,"name":"Portada","item":"https:\/\/veredes.es\/blog\/"},{"@type":"ListItem","position":2,"name":"Vari Caram\u00e9s. Lugares"}]},{"@type":"WebSite","@id":"https:\/\/veredes.es\/blog\/#website","url":"https:\/\/veredes.es\/blog\/","name":"veredes, arquitectura y divulgaci\u00f3n","description":"veredes","publisher":{"@id":"https:\/\/veredes.es\/blog\/#organization"},"alternateName":"veredes","potentialAction":[{"@type":"SearchAction","target":{"@type":"EntryPoint","urlTemplate":"https:\/\/veredes.es\/blog\/?s={search_term_string}"},"query-input":{"@type":"PropertyValueSpecification","valueRequired":true,"valueName":"search_term_string"}}],"inLanguage":"es"},{"@type":"Organization","@id":"https:\/\/veredes.es\/blog\/#organization","name":"veredes, arquitectura y divulgaci\u00f3n","alternateName":"veredes","url":"https:\/\/veredes.es\/blog\/","logo":{"@type":"ImageObject","inLanguage":"es","@id":"https:\/\/veredes.es\/blog\/#\/schema\/logo\/image\/","url":"https:\/\/veredes.es\/blog\/wp-content\/uploads\/2021\/12\/veredes-logo-centrado_140x54.png","contentUrl":"https:\/\/veredes.es\/blog\/wp-content\/uploads\/2021\/12\/veredes-logo-centrado_140x54.png","width":140,"height":54,"caption":"veredes, arquitectura y divulgaci\u00f3n"},"image":{"@id":"https:\/\/veredes.es\/blog\/#\/schema\/logo\/image\/"},"sameAs":["https:\/\/www.facebook.com\/veredesArquitecturayDivulgacion\/","https:\/\/x.com\/veredes","https:\/\/instagram.com\/veredes\/","https:\/\/www.linkedin.com\/company\/veredes-arquitectura-y-divulgacion\/","https:\/\/es.pinterest.com\/veredes\/","https:\/\/www.tumblr.com\/veredes"]},{"@type":"Person","@id":"https:\/\/veredes.es\/blog\/#\/schema\/person\/0bbb669073ef7faba5168a0844e93d2c","name":"veredes","image":{"@type":"ImageObject","inLanguage":"es","@id":"https:\/\/veredes.es\/blog\/wp-content\/uploads\/2018\/04\/face-96x96.jpg","url":"https:\/\/veredes.es\/blog\/wp-content\/uploads\/2018\/04\/face-96x96.jpg","contentUrl":"https:\/\/veredes.es\/blog\/wp-content\/uploads\/2018\/04\/face-96x96.jpg","caption":"veredes"},"description":"Surge enero de 2009 como b\u00fasqueda de satisfacer el conocimiento de la actividad arquitect\u00f3nica y tangentes que se generan. La idea es crear un espacio para divulgar los diversos proyectos en busca de nueva inspiraci\u00f3n y de intercambio.","sameAs":["https:\/\/veredes.es\/","https:\/\/www.facebook.com\/veredesArquitecturayDivulgacion\/","https:\/\/www.instagram.com\/veredes\/","https:\/\/www.linkedin.com\/company\/veredes-arquitectura-y-divulgacion\/","https:\/\/www.pinterest.es\/veredes\/","https:\/\/x.com\/https:\/\/twitter.com\/veredes","https:\/\/veredes.tumblr.com\/"],"url":"https:\/\/veredes.es\/blog\/author\/alberto\/"}]}},"_links":{"self":[{"href":"https:\/\/veredes.es\/blog\/wp-json\/wp\/v2\/posts\/73901","targetHints":{"allow":["GET"]}}],"collection":[{"href":"https:\/\/veredes.es\/blog\/wp-json\/wp\/v2\/posts"}],"about":[{"href":"https:\/\/veredes.es\/blog\/wp-json\/wp\/v2\/types\/post"}],"author":[{"embeddable":true,"href":"https:\/\/veredes.es\/blog\/wp-json\/wp\/v2\/users\/2"}],"replies":[{"embeddable":true,"href":"https:\/\/veredes.es\/blog\/wp-json\/wp\/v2\/comments?post=73901"}],"version-history":[{"count":0,"href":"https:\/\/veredes.es\/blog\/wp-json\/wp\/v2\/posts\/73901\/revisions"}],"wp:featuredmedia":[{"embeddable":true,"href":"https:\/\/veredes.es\/blog\/wp-json\/wp\/v2\/media\/73902"}],"wp:attachment":[{"href":"https:\/\/veredes.es\/blog\/wp-json\/wp\/v2\/media?parent=73901"}],"wp:term":[{"taxonomy":"category","embeddable":true,"href":"https:\/\/veredes.es\/blog\/wp-json\/wp\/v2\/categories?post=73901"},{"taxonomy":"post_tag","embeddable":true,"href":"https:\/\/veredes.es\/blog\/wp-json\/wp\/v2\/tags?post=73901"}],"curies":[{"name":"wp","href":"https:\/\/api.w.org\/{rel}","templated":true}]}}