{"id":73690,"date":"2019-07-10T00:01:39","date_gmt":"2019-07-09T22:01:39","guid":{"rendered":"https:\/\/veredes.es\/blog\/?p=73690"},"modified":"2019-07-10T14:04:00","modified_gmt":"2019-07-10T12:04:00","slug":"estacion-benidorm-hulot-arch-studio","status":"publish","type":"post","link":"https:\/\/veredes.es\/blog\/estacion-benidorm-hulot-arch-studio\/","title":{"rendered":"Estaci\u00f3n de Benidorm | HULOT arch. Studio"},"content":{"rendered":"<p><figure id=\"attachment_73708\" aria-describedby=\"caption-attachment-73708\" style=\"width: 640px\" class=\"wp-caption alignnone\"><img loading=\"lazy\" decoding=\"async\" class=\"size-large wp-image-73708\" src=\"https:\/\/veredes.es\/blog\/wp-content\/uploads\/2019\/06\/Estaci\u00f3n-de-Benidorm-HULOT-arch.-Studio-o15-\u00a9Milena-Villalba-2018-1024x683.jpg\" alt=\"Estaci\u00f3n de Benidorm | HULOT arch. Studio | \u00a9Milena Villalba 2018\" width=\"640\" height=\"427\" srcset=\"https:\/\/veredes.es\/blog\/wp-content\/uploads\/2019\/06\/Estaci\u00f3n-de-Benidorm-HULOT-arch.-Studio-o15-\u00a9Milena-Villalba-2018-1024x683.jpg 1024w, https:\/\/veredes.es\/blog\/wp-content\/uploads\/2019\/06\/Estaci\u00f3n-de-Benidorm-HULOT-arch.-Studio-o15-\u00a9Milena-Villalba-2018-300x200.jpg 300w, https:\/\/veredes.es\/blog\/wp-content\/uploads\/2019\/06\/Estaci\u00f3n-de-Benidorm-HULOT-arch.-Studio-o15-\u00a9Milena-Villalba-2018.jpg 1200w\" sizes=\"auto, (max-width: 640px) 100vw, 640px\" \/><figcaption id=\"caption-attachment-73708\" class=\"wp-caption-text\"><span style=\"color: #999999;\">Estaci\u00f3n de Benidorm | HULOT arch. Studio | \u00a9Milena Villalba 2018<\/span><\/figcaption><\/figure><\/p>\n<p style=\"text-align: justify;\">La arquitectura est\u00e1 directamente ligada y entrelazada al concepto de rutina. Convivimos con y en ella cada d\u00eda, cada hora, y de esa convivencia surgen apegos y desapegos. Normalmente, nos levantamos a diario en el mismo sitio, vamos a trabajar a uno o varios lugares, y nos cobijamos en casa para volver a cerrar ese ciclo habitual.<\/p>\n<p style=\"text-align: justify;\">La rutina es un concepto bello, que crea peque\u00f1as familiaridades en el encuentro entre los espacios y nosotros, en el \u201cde aqu\u00ed para all\u00e1\u201d. Peque\u00f1os gui\u00f1os que solo el que vive en un lugar o lo transita a diario puede percibir, como aquella escena del film de Amelie, cuando describe el ajetreo de una ma\u00f1ana cualquiera mientras ayuda a su vecino invidente a cruzar la calle. Nuestros espacios de rutina, ya sean personales o colectivos, sedentarios o de tr\u00e1nsito, acumulan infinitas interacciones, que hacen que a veces nos preguntemos:<\/p>\n<blockquote>\n<p style=\"text-align: justify;\">\u201c\u00bfCu\u00e1ntas veces habr\u00e9 pasado por aqu\u00ed?\u201d<\/p>\n<\/blockquote>\n<p style=\"text-align: justify;\">Imaginemos entonces proyectar un lugar que principalmente se destina al tr\u00e1nsito, al movimiento constante y c\u00edclico de personas en su quehacer diario. Hoy vamos a revisar el proyecto de la Estaci\u00f3n de Benidorm, desarrollado por HULOT arch. Studio.<\/p>\n<p style=\"text-align: justify;\">Este equipo lleva ya impl\u00edcito en su nombre la atracci\u00f3n por esa magia en la rutina de los lugares y los recorridos por ellos.<\/p>\n<blockquote>\n<p style=\"text-align: justify;\">\u201cHulot es el nombre del personaje principal de una pel\u00edcula, \u2018Mon oncle\u2019. Nos sentimos totalmente identificados con la forma de ver la vida de este personaje; es el conector entre la vida real y la vida sofisticada, entre el barrio vivido y la mansi\u00f3n hostil. Todos los d\u00edas recorre el mismo camino para pasar de un mundo al otro cuando va a buscar a su sobrino y no siempre entiende lo que sucede al otro lado. Para nosotros el secreto est\u00e1 en saber c\u00f3mo recorrer ese camino. Tat\u00ed, el director de la\u00a0pel\u00edcula, amante de lo hermoso, detractor de lo in\u00fatil, nos hace reflexionar sobre la verdadera misi\u00f3n de la arquitectura\u201d.<\/p>\n<\/blockquote>\n<p style=\"text-align: justify;\">El proyecto, que se basa en la adaptaci\u00f3n del antiguo edificio de la estaci\u00f3n para hacerlo apropiado al momento actual, parece resolverse en ese trinomio: entender el camino, deshacerse de lo in\u00fatil, buscar la belleza. Todo ello trabajado con mesura y ascetismo, pero, al tiempo, componiendo un edificio reconocible, destacable, como requiere una infraestructura de este tipo.<\/p>\n<blockquote>\n<p style=\"text-align: justify;\">\u201cHace aproximadamente un a\u00f1o nos surgi\u00f3 la oportunidad de intervenir en este singular edificio de los a\u00f1os 60. Su planta rectangular y su estructura met\u00e1lica recordaban m\u00e1s a una construcci\u00f3n industrial que a una estaci\u00f3n de tren propiamente dicha. Cuando abordamos el redise\u00f1o del edificio, adem\u00e1s de adaptarlo a las exigentes normativas actuales en materia de transportes, accesibilidad y c\u00f3digo t\u00e9cnico de la edificaci\u00f3n, vimos la posibilidad de utilizar soluciones constructivas actuales para mejorar su imagen urbana, as\u00ed como la experiencia de los usuarios\u201d,<\/p>\n<\/blockquote>\n<p style=\"text-align: justify;\">explican Estela y Pedro, al frente de HULOT arch. Studio.<\/p>\n<p style=\"text-align: justify;\">La experiencia de los usuarios est\u00e1 directamente ligada al programa destinado a cada \u00e1rea. As\u00ed, se zonificaron los distintos usos seg\u00fan su car\u00e1cter privado o p\u00fablico. En la zona p\u00fablica se sit\u00faa el hall, como un espacio umbral entre los andenes, el acceso desde la calle, la cafeter\u00eda y la zona de espera, mientras que en la zona con car\u00e1cter m\u00e1s privado se ubican las salas de trabajo y aseos. As\u00ed, el programa requerido que inclu\u00eda la intervenci\u00f3n en el edificio de la estaci\u00f3n, el vest\u00edbulo general, el nuevo acceso, la zona de gabinete de circulaci\u00f3n, venta de billetes, salas de trabajo, aseos y espacios para el mantenimiento, se resolvi\u00f3 estudiando de antemano qu\u00e9 elementos y zonas de la antigua estaci\u00f3n eran determinantes para la identidad del edificio y su interacci\u00f3n con los usuarios, pero marcados por esa dualidad entre las dos rutinas de la estaci\u00f3n: la de los viajeros y la de los trabajadores.<\/p>\n<blockquote>\n<p style=\"text-align: justify;\">\u201cEsta reflexi\u00f3n inicial nos llev\u00f3 a mantener la singularidad de la cubierta, redimensionar los huecos existentes en fachada y eliminar partes del cerramiento exterior para hacer llegar la luz a todos los espacios. Con el redimensionamiento de los huecos conseguimos darle protagonismo al acceso, ya que quedaba diluido entre el resto de huecos existentes\u201d.<\/p>\n<\/blockquote>\n<p style=\"text-align: justify;\">Esta intervenci\u00f3n en los elementos para redise\u00f1ar la construcci\u00f3n en base a una personalidad esperada, se apoya en la elecci\u00f3n material para reforzar ese car\u00e1cter.<\/p>\n<blockquote><p>\u201cEl ladrillo de la fachada principal fue sustituido por planchas de policarbonato transl\u00facido que se extendieron hasta la zona de andenes, consiguiendo una lectura de conjunto del edificio. Mientras que el resto del volumen fue cubierto con una piel de chapa perforada de aluminio extrusionado, produciendo un claro efecto lleno-vac\u00edo. As\u00ed, el Hall es un espacio di\u00e1fano cargado de luz, tanto de d\u00eda como de noche gracias a una instalaci\u00f3n de luminarias lineales y cruzadas que crean una din\u00e1mica composici\u00f3n\u201d.<\/p><\/blockquote>\n<p style=\"text-align: justify;\">As\u00ed, la renovada estaci\u00f3n se lee como un espacio luminoso, ajetreado y atrayente como la danza nocturna de la polilla y la luz. Cada elemento en ella, a trav\u00e9s del color, la textura, los grados de transparencia, es reconfigurado: es el mismo edificio, pero distinto lugar. Esos detalles marcan las interacciones de sus usuarios, al crear las referencias visuales de esa rutina diaria. Y los detalles, como bien afirm\u00f3 Charles Eames, no son los detalles:<\/p>\n<blockquote><p>\u201clos detalles son el dise\u00f1o\u201d.<\/p><\/blockquote>\n<p style=\"text-align: justify;\">En el caso de Hulot, como reza la filosof\u00eda del estudio,<\/p>\n<blockquote><p>\u201cel dise\u00f1o debe ser inclusivo y accesible para cualquier bolsillo. La arquitectura debe solucionar problemas, no ser pura exhibici\u00f3n. Los espacios deben invitar a ser vividos. La est\u00e9tica debe estar al servicio de un fin, donde lo creativo, bello y funcional sean uno\u201d.<\/p><\/blockquote>\n<p style=\"text-align: justify;\">Sin duda, este edificio es prueba de ello.<\/p>\n<div id='gallery-1' class='gallery galleryid-73690 gallery-columns-4 gallery-size-thumbnail'><figure class='gallery-item'>\n\t\t\t<div class='gallery-icon landscape'>\n\t\t\t\t<a href='https:\/\/veredes.es\/blog\/wp-content\/uploads\/2019\/06\/Estaci\u00f3n-de-Benidorm-HULOT-arch.-Studio-o1-Alzado-PP.jpg'><img loading=\"lazy\" decoding=\"async\" width=\"120\" height=\"120\" src=\"https:\/\/veredes.es\/blog\/wp-content\/uploads\/2019\/06\/Estaci\u00f3n-de-Benidorm-HULOT-arch.-Studio-o1-Alzado-PP-120x120.jpg\" class=\"attachment-thumbnail size-thumbnail\" alt=\"\" srcset=\"https:\/\/veredes.es\/blog\/wp-content\/uploads\/2019\/06\/Estaci\u00f3n-de-Benidorm-HULOT-arch.-Studio-o1-Alzado-PP-120x120.jpg 120w, https:\/\/veredes.es\/blog\/wp-content\/uploads\/2019\/06\/Estaci\u00f3n-de-Benidorm-HULOT-arch.-Studio-o1-Alzado-PP-150x150.jpg 150w\" sizes=\"auto, (max-width: 120px) 100vw, 120px\" \/><\/a>\n\t\t\t<\/div><\/figure><figure class='gallery-item'>\n\t\t\t<div class='gallery-icon landscape'>\n\t\t\t\t<a href='https:\/\/veredes.es\/blog\/wp-content\/uploads\/2019\/06\/Estaci\u00f3n-de-Benidorm-HULOT-arch.-Studio-o2-AlzadoPosterior.jpg'><img loading=\"lazy\" decoding=\"async\" width=\"120\" height=\"120\" src=\"https:\/\/veredes.es\/blog\/wp-content\/uploads\/2019\/06\/Estaci\u00f3n-de-Benidorm-HULOT-arch.-Studio-o2-AlzadoPosterior-120x120.jpg\" class=\"attachment-thumbnail size-thumbnail\" alt=\"\" srcset=\"https:\/\/veredes.es\/blog\/wp-content\/uploads\/2019\/06\/Estaci\u00f3n-de-Benidorm-HULOT-arch.-Studio-o2-AlzadoPosterior-120x120.jpg 120w, https:\/\/veredes.es\/blog\/wp-content\/uploads\/2019\/06\/Estaci\u00f3n-de-Benidorm-HULOT-arch.-Studio-o2-AlzadoPosterior-150x150.jpg 150w\" sizes=\"auto, (max-width: 120px) 100vw, 120px\" \/><\/a>\n\t\t\t<\/div><\/figure><figure class='gallery-item'>\n\t\t\t<div class='gallery-icon landscape'>\n\t\t\t\t<a href='https:\/\/veredes.es\/blog\/wp-content\/uploads\/2019\/06\/Estaci\u00f3n-de-Benidorm-HULOT-arch.-Studio-o3-Alzado-lateral.jpg'><img loading=\"lazy\" decoding=\"async\" width=\"120\" height=\"120\" src=\"https:\/\/veredes.es\/blog\/wp-content\/uploads\/2019\/06\/Estaci\u00f3n-de-Benidorm-HULOT-arch.-Studio-o3-Alzado-lateral-120x120.jpg\" class=\"attachment-thumbnail size-thumbnail\" alt=\"\" srcset=\"https:\/\/veredes.es\/blog\/wp-content\/uploads\/2019\/06\/Estaci\u00f3n-de-Benidorm-HULOT-arch.-Studio-o3-Alzado-lateral-120x120.jpg 120w, https:\/\/veredes.es\/blog\/wp-content\/uploads\/2019\/06\/Estaci\u00f3n-de-Benidorm-HULOT-arch.-Studio-o3-Alzado-lateral-150x150.jpg 150w\" sizes=\"auto, (max-width: 120px) 100vw, 120px\" \/><\/a>\n\t\t\t<\/div><\/figure><figure class='gallery-item'>\n\t\t\t<div class='gallery-icon landscape'>\n\t\t\t\t<a href='https:\/\/veredes.es\/blog\/wp-content\/uploads\/2019\/06\/Estaci\u00f3n-de-Benidorm-HULOT-arch.-Studio-o4-Planta.jpg'><img loading=\"lazy\" decoding=\"async\" width=\"120\" height=\"120\" src=\"https:\/\/veredes.es\/blog\/wp-content\/uploads\/2019\/06\/Estaci\u00f3n-de-Benidorm-HULOT-arch.-Studio-o4-Planta-120x120.jpg\" class=\"attachment-thumbnail size-thumbnail\" alt=\"\" srcset=\"https:\/\/veredes.es\/blog\/wp-content\/uploads\/2019\/06\/Estaci\u00f3n-de-Benidorm-HULOT-arch.-Studio-o4-Planta-120x120.jpg 120w, https:\/\/veredes.es\/blog\/wp-content\/uploads\/2019\/06\/Estaci\u00f3n-de-Benidorm-HULOT-arch.-Studio-o4-Planta-150x150.jpg 150w\" sizes=\"auto, (max-width: 120px) 100vw, 120px\" \/><\/a>\n\t\t\t<\/div><\/figure><figure class='gallery-item'>\n\t\t\t<div class='gallery-icon landscape'>\n\t\t\t\t<a href='https:\/\/veredes.es\/blog\/wp-content\/uploads\/2019\/06\/Estaci\u00f3n-de-Benidorm-HULOT-arch.-Studio-o5-Planta-de-Falsos-techos-e-iluminaci\u00f3n.jpg'><img loading=\"lazy\" decoding=\"async\" width=\"120\" height=\"120\" src=\"https:\/\/veredes.es\/blog\/wp-content\/uploads\/2019\/06\/Estaci\u00f3n-de-Benidorm-HULOT-arch.-Studio-o5-Planta-de-Falsos-techos-e-iluminaci\u00f3n-120x120.jpg\" class=\"attachment-thumbnail size-thumbnail\" alt=\"\" srcset=\"https:\/\/veredes.es\/blog\/wp-content\/uploads\/2019\/06\/Estaci\u00f3n-de-Benidorm-HULOT-arch.-Studio-o5-Planta-de-Falsos-techos-e-iluminaci\u00f3n-120x120.jpg 120w, https:\/\/veredes.es\/blog\/wp-content\/uploads\/2019\/06\/Estaci\u00f3n-de-Benidorm-HULOT-arch.-Studio-o5-Planta-de-Falsos-techos-e-iluminaci\u00f3n-150x150.jpg 150w\" sizes=\"auto, (max-width: 120px) 100vw, 120px\" \/><\/a>\n\t\t\t<\/div><\/figure><figure class='gallery-item'>\n\t\t\t<div class='gallery-icon landscape'>\n\t\t\t\t<a href='https:\/\/veredes.es\/blog\/wp-content\/uploads\/2019\/06\/Estaci\u00f3n-de-Benidorm-HULOT-arch.-Studio-o6-Carpinter\u00eda-interior.jpg'><img loading=\"lazy\" decoding=\"async\" width=\"120\" height=\"120\" src=\"https:\/\/veredes.es\/blog\/wp-content\/uploads\/2019\/06\/Estaci\u00f3n-de-Benidorm-HULOT-arch.-Studio-o6-Carpinter\u00eda-interior-120x120.jpg\" class=\"attachment-thumbnail size-thumbnail\" alt=\"\" srcset=\"https:\/\/veredes.es\/blog\/wp-content\/uploads\/2019\/06\/Estaci\u00f3n-de-Benidorm-HULOT-arch.-Studio-o6-Carpinter\u00eda-interior-120x120.jpg 120w, https:\/\/veredes.es\/blog\/wp-content\/uploads\/2019\/06\/Estaci\u00f3n-de-Benidorm-HULOT-arch.-Studio-o6-Carpinter\u00eda-interior-150x150.jpg 150w\" sizes=\"auto, (max-width: 120px) 100vw, 120px\" \/><\/a>\n\t\t\t<\/div><\/figure><figure class='gallery-item'>\n\t\t\t<div class='gallery-icon landscape'>\n\t\t\t\t<a href='https:\/\/veredes.es\/blog\/wp-content\/uploads\/2019\/06\/Estaci\u00f3n-de-Benidorm-HULOT-arch.-Studio-o7-\u00a9Milena-Villalba-2018.jpg'><img loading=\"lazy\" decoding=\"async\" width=\"120\" height=\"120\" src=\"https:\/\/veredes.es\/blog\/wp-content\/uploads\/2019\/06\/Estaci\u00f3n-de-Benidorm-HULOT-arch.-Studio-o7-\u00a9Milena-Villalba-2018-120x120.jpg\" class=\"attachment-thumbnail size-thumbnail\" alt=\"\" aria-describedby=\"gallery-1-73700\" srcset=\"https:\/\/veredes.es\/blog\/wp-content\/uploads\/2019\/06\/Estaci\u00f3n-de-Benidorm-HULOT-arch.-Studio-o7-\u00a9Milena-Villalba-2018-120x120.jpg 120w, https:\/\/veredes.es\/blog\/wp-content\/uploads\/2019\/06\/Estaci\u00f3n-de-Benidorm-HULOT-arch.-Studio-o7-\u00a9Milena-Villalba-2018-150x150.jpg 150w\" sizes=\"auto, (max-width: 120px) 100vw, 120px\" \/><\/a>\n\t\t\t<\/div>\n\t\t\t\t<figcaption class='wp-caption-text gallery-caption' id='gallery-1-73700'>\n\t\t\t\tEstaci\u00f3n de Benidorm | HULOT arch. Studio | \u00a9Milena Villalba 2018\n\t\t\t\t<\/figcaption><\/figure><figure class='gallery-item'>\n\t\t\t<div class='gallery-icon landscape'>\n\t\t\t\t<a href='https:\/\/veredes.es\/blog\/wp-content\/uploads\/2019\/06\/Estaci\u00f3n-de-Benidorm-HULOT-arch.-Studio-o8-\u00a9Milena-Villalba-2018.jpg'><img loading=\"lazy\" decoding=\"async\" width=\"120\" height=\"120\" src=\"https:\/\/veredes.es\/blog\/wp-content\/uploads\/2019\/06\/Estaci\u00f3n-de-Benidorm-HULOT-arch.-Studio-o8-\u00a9Milena-Villalba-2018-120x120.jpg\" class=\"attachment-thumbnail size-thumbnail\" alt=\"\" aria-describedby=\"gallery-1-73701\" srcset=\"https:\/\/veredes.es\/blog\/wp-content\/uploads\/2019\/06\/Estaci\u00f3n-de-Benidorm-HULOT-arch.-Studio-o8-\u00a9Milena-Villalba-2018-120x120.jpg 120w, https:\/\/veredes.es\/blog\/wp-content\/uploads\/2019\/06\/Estaci\u00f3n-de-Benidorm-HULOT-arch.-Studio-o8-\u00a9Milena-Villalba-2018-150x150.jpg 150w\" sizes=\"auto, (max-width: 120px) 100vw, 120px\" \/><\/a>\n\t\t\t<\/div>\n\t\t\t\t<figcaption class='wp-caption-text gallery-caption' id='gallery-1-73701'>\n\t\t\t\tEstaci\u00f3n de Benidorm | HULOT arch. Studio | \u00a9Milena Villalba 2018\n\t\t\t\t<\/figcaption><\/figure><figure class='gallery-item'>\n\t\t\t<div class='gallery-icon portrait'>\n\t\t\t\t<a href='https:\/\/veredes.es\/blog\/wp-content\/uploads\/2019\/06\/Estaci\u00f3n-de-Benidorm-HULOT-arch.-Studio-o9-\u00a9Milena-Villalba-2018.jpg'><img loading=\"lazy\" decoding=\"async\" width=\"120\" height=\"120\" src=\"https:\/\/veredes.es\/blog\/wp-content\/uploads\/2019\/06\/Estaci\u00f3n-de-Benidorm-HULOT-arch.-Studio-o9-\u00a9Milena-Villalba-2018-120x120.jpg\" class=\"attachment-thumbnail size-thumbnail\" alt=\"\" aria-describedby=\"gallery-1-73702\" srcset=\"https:\/\/veredes.es\/blog\/wp-content\/uploads\/2019\/06\/Estaci\u00f3n-de-Benidorm-HULOT-arch.-Studio-o9-\u00a9Milena-Villalba-2018-120x120.jpg 120w, https:\/\/veredes.es\/blog\/wp-content\/uploads\/2019\/06\/Estaci\u00f3n-de-Benidorm-HULOT-arch.-Studio-o9-\u00a9Milena-Villalba-2018-150x150.jpg 150w\" sizes=\"auto, (max-width: 120px) 100vw, 120px\" \/><\/a>\n\t\t\t<\/div>\n\t\t\t\t<figcaption class='wp-caption-text gallery-caption' id='gallery-1-73702'>\n\t\t\t\tEstaci\u00f3n de Benidorm | HULOT arch. Studio | \u00a9Milena Villalba 2018\n\t\t\t\t<\/figcaption><\/figure><figure class='gallery-item'>\n\t\t\t<div class='gallery-icon portrait'>\n\t\t\t\t<a href='https:\/\/veredes.es\/blog\/wp-content\/uploads\/2019\/06\/Estaci\u00f3n-de-Benidorm-HULOT-arch.-Studio-o10-\u00a9Milena-Villalba-2018.jpg'><img loading=\"lazy\" decoding=\"async\" width=\"120\" height=\"120\" src=\"https:\/\/veredes.es\/blog\/wp-content\/uploads\/2019\/06\/Estaci\u00f3n-de-Benidorm-HULOT-arch.-Studio-o10-\u00a9Milena-Villalba-2018-120x120.jpg\" class=\"attachment-thumbnail size-thumbnail\" alt=\"\" aria-describedby=\"gallery-1-73703\" srcset=\"https:\/\/veredes.es\/blog\/wp-content\/uploads\/2019\/06\/Estaci\u00f3n-de-Benidorm-HULOT-arch.-Studio-o10-\u00a9Milena-Villalba-2018-120x120.jpg 120w, https:\/\/veredes.es\/blog\/wp-content\/uploads\/2019\/06\/Estaci\u00f3n-de-Benidorm-HULOT-arch.-Studio-o10-\u00a9Milena-Villalba-2018-150x150.jpg 150w\" sizes=\"auto, (max-width: 120px) 100vw, 120px\" \/><\/a>\n\t\t\t<\/div>\n\t\t\t\t<figcaption class='wp-caption-text gallery-caption' id='gallery-1-73703'>\n\t\t\t\tEstaci\u00f3n de Benidorm | HULOT arch. Studio | \u00a9Milena Villalba 2018\n\t\t\t\t<\/figcaption><\/figure><figure class='gallery-item'>\n\t\t\t<div class='gallery-icon landscape'>\n\t\t\t\t<a href='https:\/\/veredes.es\/blog\/wp-content\/uploads\/2019\/06\/Estaci\u00f3n-de-Benidorm-HULOT-arch.-Studio-o11-\u00a9Milena-Villalba-2018.jpg'><img loading=\"lazy\" decoding=\"async\" width=\"120\" height=\"120\" src=\"https:\/\/veredes.es\/blog\/wp-content\/uploads\/2019\/06\/Estaci\u00f3n-de-Benidorm-HULOT-arch.-Studio-o11-\u00a9Milena-Villalba-2018-120x120.jpg\" class=\"attachment-thumbnail size-thumbnail\" alt=\"\" aria-describedby=\"gallery-1-73704\" srcset=\"https:\/\/veredes.es\/blog\/wp-content\/uploads\/2019\/06\/Estaci\u00f3n-de-Benidorm-HULOT-arch.-Studio-o11-\u00a9Milena-Villalba-2018-120x120.jpg 120w, https:\/\/veredes.es\/blog\/wp-content\/uploads\/2019\/06\/Estaci\u00f3n-de-Benidorm-HULOT-arch.-Studio-o11-\u00a9Milena-Villalba-2018-150x150.jpg 150w\" sizes=\"auto, (max-width: 120px) 100vw, 120px\" \/><\/a>\n\t\t\t<\/div>\n\t\t\t\t<figcaption class='wp-caption-text gallery-caption' id='gallery-1-73704'>\n\t\t\t\tEstaci\u00f3n de Benidorm | HULOT arch. Studio | \u00a9Milena Villalba 2018\n\t\t\t\t<\/figcaption><\/figure><figure class='gallery-item'>\n\t\t\t<div class='gallery-icon landscape'>\n\t\t\t\t<a href='https:\/\/veredes.es\/blog\/wp-content\/uploads\/2019\/06\/Estaci\u00f3n-de-Benidorm-HULOT-arch.-Studio-o12-\u00a9Milena-Villalba-2018.jpg'><img loading=\"lazy\" decoding=\"async\" width=\"120\" height=\"120\" src=\"https:\/\/veredes.es\/blog\/wp-content\/uploads\/2019\/06\/Estaci\u00f3n-de-Benidorm-HULOT-arch.-Studio-o12-\u00a9Milena-Villalba-2018-120x120.jpg\" class=\"attachment-thumbnail size-thumbnail\" alt=\"\" aria-describedby=\"gallery-1-73705\" srcset=\"https:\/\/veredes.es\/blog\/wp-content\/uploads\/2019\/06\/Estaci\u00f3n-de-Benidorm-HULOT-arch.-Studio-o12-\u00a9Milena-Villalba-2018-120x120.jpg 120w, https:\/\/veredes.es\/blog\/wp-content\/uploads\/2019\/06\/Estaci\u00f3n-de-Benidorm-HULOT-arch.-Studio-o12-\u00a9Milena-Villalba-2018-150x150.jpg 150w\" sizes=\"auto, (max-width: 120px) 100vw, 120px\" \/><\/a>\n\t\t\t<\/div>\n\t\t\t\t<figcaption class='wp-caption-text gallery-caption' id='gallery-1-73705'>\n\t\t\t\tEstaci\u00f3n de Benidorm | HULOT arch. Studio | \u00a9Milena Villalba 2018\n\t\t\t\t<\/figcaption><\/figure><figure class='gallery-item'>\n\t\t\t<div class='gallery-icon portrait'>\n\t\t\t\t<a href='https:\/\/veredes.es\/blog\/wp-content\/uploads\/2019\/06\/Estaci\u00f3n-de-Benidorm-HULOT-arch.-Studio-o13-\u00a9Milena-Villalba-2018.jpg'><img loading=\"lazy\" decoding=\"async\" width=\"120\" height=\"120\" src=\"https:\/\/veredes.es\/blog\/wp-content\/uploads\/2019\/06\/Estaci\u00f3n-de-Benidorm-HULOT-arch.-Studio-o13-\u00a9Milena-Villalba-2018-120x120.jpg\" class=\"attachment-thumbnail size-thumbnail\" alt=\"\" aria-describedby=\"gallery-1-73706\" srcset=\"https:\/\/veredes.es\/blog\/wp-content\/uploads\/2019\/06\/Estaci\u00f3n-de-Benidorm-HULOT-arch.-Studio-o13-\u00a9Milena-Villalba-2018-120x120.jpg 120w, https:\/\/veredes.es\/blog\/wp-content\/uploads\/2019\/06\/Estaci\u00f3n-de-Benidorm-HULOT-arch.-Studio-o13-\u00a9Milena-Villalba-2018-150x150.jpg 150w\" sizes=\"auto, (max-width: 120px) 100vw, 120px\" \/><\/a>\n\t\t\t<\/div>\n\t\t\t\t<figcaption class='wp-caption-text gallery-caption' id='gallery-1-73706'>\n\t\t\t\tEstaci\u00f3n de Benidorm | HULOT arch. Studio | \u00a9Milena Villalba 2018\n\t\t\t\t<\/figcaption><\/figure><figure class='gallery-item'>\n\t\t\t<div class='gallery-icon portrait'>\n\t\t\t\t<a href='https:\/\/veredes.es\/blog\/wp-content\/uploads\/2019\/06\/Estaci\u00f3n-de-Benidorm-HULOT-arch.-Studio-o14-\u00a9Milena-Villalba-2018.jpg'><img loading=\"lazy\" decoding=\"async\" width=\"120\" height=\"120\" src=\"https:\/\/veredes.es\/blog\/wp-content\/uploads\/2019\/06\/Estaci\u00f3n-de-Benidorm-HULOT-arch.-Studio-o14-\u00a9Milena-Villalba-2018-120x120.jpg\" class=\"attachment-thumbnail size-thumbnail\" alt=\"\" aria-describedby=\"gallery-1-73707\" srcset=\"https:\/\/veredes.es\/blog\/wp-content\/uploads\/2019\/06\/Estaci\u00f3n-de-Benidorm-HULOT-arch.-Studio-o14-\u00a9Milena-Villalba-2018-120x120.jpg 120w, https:\/\/veredes.es\/blog\/wp-content\/uploads\/2019\/06\/Estaci\u00f3n-de-Benidorm-HULOT-arch.-Studio-o14-\u00a9Milena-Villalba-2018-150x150.jpg 150w\" sizes=\"auto, (max-width: 120px) 100vw, 120px\" \/><\/a>\n\t\t\t<\/div>\n\t\t\t\t<figcaption class='wp-caption-text gallery-caption' id='gallery-1-73707'>\n\t\t\t\tEstaci\u00f3n de Benidorm | HULOT arch. Studio | \u00a9Milena Villalba 2018\n\t\t\t\t<\/figcaption><\/figure><figure class='gallery-item'>\n\t\t\t<div class='gallery-icon landscape'>\n\t\t\t\t<a href='https:\/\/veredes.es\/blog\/wp-content\/uploads\/2019\/06\/Estaci\u00f3n-de-Benidorm-HULOT-arch.-Studio-o15-\u00a9Milena-Villalba-2018.jpg'><img loading=\"lazy\" decoding=\"async\" width=\"120\" height=\"120\" src=\"https:\/\/veredes.es\/blog\/wp-content\/uploads\/2019\/06\/Estaci\u00f3n-de-Benidorm-HULOT-arch.-Studio-o15-\u00a9Milena-Villalba-2018-120x120.jpg\" class=\"attachment-thumbnail size-thumbnail\" alt=\"\" aria-describedby=\"gallery-1-73708\" srcset=\"https:\/\/veredes.es\/blog\/wp-content\/uploads\/2019\/06\/Estaci\u00f3n-de-Benidorm-HULOT-arch.-Studio-o15-\u00a9Milena-Villalba-2018-120x120.jpg 120w, https:\/\/veredes.es\/blog\/wp-content\/uploads\/2019\/06\/Estaci\u00f3n-de-Benidorm-HULOT-arch.-Studio-o15-\u00a9Milena-Villalba-2018-150x150.jpg 150w\" sizes=\"auto, (max-width: 120px) 100vw, 120px\" \/><\/a>\n\t\t\t<\/div>\n\t\t\t\t<figcaption class='wp-caption-text gallery-caption' id='gallery-1-73708'>\n\t\t\t\tEstaci\u00f3n de Benidorm | HULOT arch. Studio | \u00a9Milena Villalba 2018\n\t\t\t\t<\/figcaption><\/figure>\n\t\t<\/div>\n\n<p>Obra:\u00a0Estaci\u00f3n de Benidorm<br \/>\nAutores: HULOT arch. Studio (Estela Sanch\u00eds Part, Pedro Palencia)<br \/>\nUbicaci\u00f3n: Benidorm, Espa\u00f1a<br \/>\nSuperficie: 339,80 m2<br \/>\nA\u00f1o: 2018<br \/>\nObjeto: Rehabilitaci\u00f3n de edificio principal de la estaci\u00f3n de Benidorm<br \/>\nOtros agentes:Ingenier\u00eda: Cota a cota ingenier\u00eda\/\/ Constructora: UTE TECSA + CHM\/\/ Cliente: FGV<br \/>\nColaboradores: Cota a cota ingenier\u00eda<br \/>\nProveedores: Carpinter\u00eda: Technal\/\/ Chapa perforada de aluminio: Italfilm\/\/Policarbonato: Ironlux Levante\/\/ Sistema marcos ocultos: Kubik System\/\/ Ambients iluminaci\u00f3n<br \/>\nFotograf\u00eda:\u00a0<a href=\"http:\/\/milenavillalba.com\/\" target=\"_blank\">Milena Villalba<\/a><br \/>\nArt\u00edculo: Ana Asensio<br \/>\n<a href=\"http:\/\/hulot.es\/\" target=\"_blank\"><span style=\"color: #999999;\">+ hulot.es<\/span><\/a><\/p>","protected":false},"excerpt":{"rendered":"<p>La arquitectura est\u00e1 directamente ligada y entrelazada al concepto de rutina. Convivimos con y en ella cada d\u00eda, cada hora, y de esa convivencia surgen apegos y desapegos. Normalmente, nos levantamos a diario en el mismo sitio, vamos a trabajar a uno o varios lugares, y nos cobijamos en casa para volver a cerrar ese [&hellip;]<\/p>\n","protected":false},"author":2,"featured_media":73708,"comment_status":"open","ping_status":"closed","sticky":false,"template":"","format":"standard","meta":{"footnotes":""},"categories":[34,488,1465,735,23,2039,1159,5951],"tags":[2631,11183,318,486,1877,491,516,8753,14161,14163,14162,12464,6611],"class_list":{"0":"post-73690","1":"post","2":"type-post","3":"status-publish","4":"format-standard","5":"has-post-thumbnail","7":"category-arquitectura","8":"category-equipamiento-dotacional","9":"category-espacio-publico-arquitectura","10":"category-intervencion-urbana","11":"category-obras","12":"category-reforma-interior","13":"category-rehabilitacion","15":"tag-arquitectura-espanola","16":"tag-arquitectura-valenciana","17":"tag-ciudad","18":"tag-equipamiento","19":"tag-equipamiento-publico","20":"tag-equipamiento-urbano","21":"tag-espacio-publico","22":"tag-estacion-maritima","23":"tag-estela-sanchis-part","24":"tag-hulot-arch-studio","25":"tag-pedro-palencia","26":"tag-rehabilitacion","27":"tag-rehabilitacion-urbana"},"yoast_head":"<!-- This site is optimized with the Yoast SEO plugin v27.4 - https:\/\/yoast.com\/product\/yoast-seo-wordpress\/ -->\n<title>Estaci\u00f3n de Benidorm | HULOT arch. Studio - veredes<\/title>\n<meta name=\"description\" content=\"Toda la informaci\u00f3n sobre: [:es]Estaci\u00f3n de Benidorm | HULOT arch. Studio[:gl]Estaci\u00f3n de Benidorm | HULOT arch. Studio[:en]Benidorm Station | HULOT arch. Studio[:]\" \/>\n<meta name=\"robots\" content=\"index, follow, max-snippet:-1, max-image-preview:large, max-video-preview:-1\" \/>\n<link rel=\"canonical\" href=\"https:\/\/veredes.es\/blog\/estacion-benidorm-hulot-arch-studio\/\" \/>\n<meta property=\"og:locale\" content=\"es_ES\" \/>\n<meta property=\"og:type\" content=\"article\" \/>\n<meta property=\"og:title\" content=\"[:es]Estaci\u00f3n de Benidorm | HULOT arch. Studio[:gl]Estaci\u00f3n de Benidorm | HULOT arch. Studio[:en]Benidorm Station | HULOT arch. Studio[:] - veredes\" \/>\n<meta property=\"og:description\" content=\"Toda la informaci\u00f3n sobre: [:es]Estaci\u00f3n de Benidorm | HULOT arch. Studio[:gl]Estaci\u00f3n de Benidorm | HULOT arch. Studio[:en]Benidorm Station | HULOT arch. Studio[:]\" \/>\n<meta property=\"og:url\" content=\"https:\/\/veredes.es\/blog\/estacion-benidorm-hulot-arch-studio\/\" \/>\n<meta property=\"og:site_name\" content=\"veredes, arquitectura y divulgaci\u00f3n\" \/>\n<meta property=\"article:publisher\" content=\"https:\/\/www.facebook.com\/veredesArquitecturayDivulgacion\/\" \/>\n<meta property=\"article:author\" content=\"https:\/\/www.facebook.com\/veredesArquitecturayDivulgacion\/\" \/>\n<meta property=\"article:published_time\" content=\"2019-07-09T22:01:39+00:00\" \/>\n<meta property=\"article:modified_time\" content=\"2019-07-10T12:04:00+00:00\" \/>\n<meta property=\"og:image\" content=\"https:\/\/veredes.es\/blog\/wp-content\/uploads\/2019\/06\/Estaci\u00f3n-de-Benidorm-HULOT-arch.-Studio-o15-\u00a9Milena-Villalba-2018.jpg\" \/>\n\t<meta property=\"og:image:width\" content=\"1200\" \/>\n\t<meta property=\"og:image:height\" content=\"800\" \/>\n\t<meta property=\"og:image:type\" content=\"image\/jpeg\" \/>\n<meta name=\"author\" content=\"veredes\" \/>\n<meta name=\"twitter:card\" content=\"summary_large_image\" \/>\n<meta name=\"twitter:creator\" content=\"@https:\/\/twitter.com\/veredes\" \/>\n<meta name=\"twitter:site\" content=\"@veredes\" \/>\n<meta name=\"twitter:label1\" content=\"Escrito por\" \/>\n\t<meta name=\"twitter:data1\" content=\"veredes\" \/>\n\t<meta name=\"twitter:label2\" content=\"Tiempo de lectura\" \/>\n\t<meta name=\"twitter:data2\" content=\"16 minutos\" \/>\n<script type=\"application\/ld+json\" class=\"yoast-schema-graph\">{\"@context\":\"https:\\\/\\\/schema.org\",\"@graph\":[{\"@type\":\"Article\",\"@id\":\"https:\\\/\\\/veredes.es\\\/blog\\\/estacion-benidorm-hulot-arch-studio\\\/#article\",\"isPartOf\":{\"@id\":\"https:\\\/\\\/veredes.es\\\/blog\\\/estacion-benidorm-hulot-arch-studio\\\/\"},\"author\":{\"name\":\"veredes\",\"@id\":\"https:\\\/\\\/veredes.es\\\/blog\\\/#\\\/schema\\\/person\\\/0bbb669073ef7faba5168a0844e93d2c\"},\"headline\":\"Estaci\u00f3n de Benidorm | HULOT arch. Studio\",\"datePublished\":\"2019-07-09T22:01:39+00:00\",\"dateModified\":\"2019-07-10T12:04:00+00:00\",\"mainEntityOfPage\":{\"@id\":\"https:\\\/\\\/veredes.es\\\/blog\\\/estacion-benidorm-hulot-arch-studio\\\/\"},\"wordCount\":3220,\"commentCount\":0,\"publisher\":{\"@id\":\"https:\\\/\\\/veredes.es\\\/blog\\\/#organization\"},\"image\":{\"@id\":\"https:\\\/\\\/veredes.es\\\/blog\\\/estacion-benidorm-hulot-arch-studio\\\/#primaryimage\"},\"thumbnailUrl\":\"https:\\\/\\\/veredes.es\\\/blog\\\/wp-content\\\/uploads\\\/2019\\\/06\\\/Estaci\u00f3n-de-Benidorm-HULOT-arch.-Studio-o15-\u00a9Milena-Villalba-2018.jpg\",\"keywords\":[\"arquitectura espa\u00f1ola\",\"arquitectura valenciana\",\"ciudad\",\"equipamiento\",\"equipamiento p\u00fablico\",\"equipamiento urbano\",\"espacio p\u00fablico\",\"estaci\u00f3n mar\u00edtima\",\"Estela Sanch\u00eds Part\",\"HULOT arch. Studio\",\"Pedro Palencia\",\"rehabilitaci\u00f3n\",\"rehabilitaci\u00f3n urbana\"],\"articleSection\":[\"arquitectura\",\"equipamiento dotacional\",\"espacio publico\",\"intervenci\u00f3n urbana\",\"obras\",\"reforma interior\",\"rehabilitaci\u00f3n\",\"slider principal\"],\"inLanguage\":\"es\",\"potentialAction\":[{\"@type\":\"CommentAction\",\"name\":\"Comment\",\"target\":[\"https:\\\/\\\/veredes.es\\\/blog\\\/estacion-benidorm-hulot-arch-studio\\\/#respond\"]}]},{\"@type\":\"WebPage\",\"@id\":\"https:\\\/\\\/veredes.es\\\/blog\\\/estacion-benidorm-hulot-arch-studio\\\/\",\"url\":\"https:\\\/\\\/veredes.es\\\/blog\\\/estacion-benidorm-hulot-arch-studio\\\/\",\"name\":\"[:es]Estaci\u00f3n de Benidorm | HULOT arch. Studio[:gl]Estaci\u00f3n de Benidorm | HULOT arch. Studio[:en]Benidorm Station | HULOT arch. Studio[:] - veredes\",\"isPartOf\":{\"@id\":\"https:\\\/\\\/veredes.es\\\/blog\\\/#website\"},\"primaryImageOfPage\":{\"@id\":\"https:\\\/\\\/veredes.es\\\/blog\\\/estacion-benidorm-hulot-arch-studio\\\/#primaryimage\"},\"image\":{\"@id\":\"https:\\\/\\\/veredes.es\\\/blog\\\/estacion-benidorm-hulot-arch-studio\\\/#primaryimage\"},\"thumbnailUrl\":\"https:\\\/\\\/veredes.es\\\/blog\\\/wp-content\\\/uploads\\\/2019\\\/06\\\/Estaci\u00f3n-de-Benidorm-HULOT-arch.-Studio-o15-\u00a9Milena-Villalba-2018.jpg\",\"datePublished\":\"2019-07-09T22:01:39+00:00\",\"dateModified\":\"2019-07-10T12:04:00+00:00\",\"description\":\"Toda la informaci\u00f3n sobre: [:es]Estaci\u00f3n de Benidorm | HULOT arch. Studio[:gl]Estaci\u00f3n de Benidorm | HULOT arch. Studio[:en]Benidorm Station | HULOT arch. Studio[:]\",\"breadcrumb\":{\"@id\":\"https:\\\/\\\/veredes.es\\\/blog\\\/estacion-benidorm-hulot-arch-studio\\\/#breadcrumb\"},\"inLanguage\":\"es\",\"potentialAction\":[{\"@type\":\"ReadAction\",\"target\":[\"https:\\\/\\\/veredes.es\\\/blog\\\/estacion-benidorm-hulot-arch-studio\\\/\"]}]},{\"@type\":\"ImageObject\",\"inLanguage\":\"es\",\"@id\":\"https:\\\/\\\/veredes.es\\\/blog\\\/estacion-benidorm-hulot-arch-studio\\\/#primaryimage\",\"url\":\"https:\\\/\\\/veredes.es\\\/blog\\\/wp-content\\\/uploads\\\/2019\\\/06\\\/Estaci\u00f3n-de-Benidorm-HULOT-arch.-Studio-o15-\u00a9Milena-Villalba-2018.jpg\",\"contentUrl\":\"https:\\\/\\\/veredes.es\\\/blog\\\/wp-content\\\/uploads\\\/2019\\\/06\\\/Estaci\u00f3n-de-Benidorm-HULOT-arch.-Studio-o15-\u00a9Milena-Villalba-2018.jpg\",\"width\":1200,\"height\":800,\"caption\":\"Estaci\u00f3n de Benidorm | HULOT arch. Studio | \u00a9Milena Villalba 2018\"},{\"@type\":\"BreadcrumbList\",\"@id\":\"https:\\\/\\\/veredes.es\\\/blog\\\/estacion-benidorm-hulot-arch-studio\\\/#breadcrumb\",\"itemListElement\":[{\"@type\":\"ListItem\",\"position\":1,\"name\":\"Portada\",\"item\":\"https:\\\/\\\/veredes.es\\\/blog\\\/\"},{\"@type\":\"ListItem\",\"position\":2,\"name\":\"Estaci\u00f3n de Benidorm | HULOT arch. Studio\"}]},{\"@type\":\"WebSite\",\"@id\":\"https:\\\/\\\/veredes.es\\\/blog\\\/#website\",\"url\":\"https:\\\/\\\/veredes.es\\\/blog\\\/\",\"name\":\"veredes, arquitectura y divulgaci\u00f3n\",\"description\":\"veredes\",\"publisher\":{\"@id\":\"https:\\\/\\\/veredes.es\\\/blog\\\/#organization\"},\"alternateName\":\"veredes\",\"potentialAction\":[{\"@type\":\"SearchAction\",\"target\":{\"@type\":\"EntryPoint\",\"urlTemplate\":\"https:\\\/\\\/veredes.es\\\/blog\\\/?s={search_term_string}\"},\"query-input\":{\"@type\":\"PropertyValueSpecification\",\"valueRequired\":true,\"valueName\":\"search_term_string\"}}],\"inLanguage\":\"es\"},{\"@type\":\"Organization\",\"@id\":\"https:\\\/\\\/veredes.es\\\/blog\\\/#organization\",\"name\":\"veredes, arquitectura y divulgaci\u00f3n\",\"alternateName\":\"veredes\",\"url\":\"https:\\\/\\\/veredes.es\\\/blog\\\/\",\"logo\":{\"@type\":\"ImageObject\",\"inLanguage\":\"es\",\"@id\":\"https:\\\/\\\/veredes.es\\\/blog\\\/#\\\/schema\\\/logo\\\/image\\\/\",\"url\":\"https:\\\/\\\/veredes.es\\\/blog\\\/wp-content\\\/uploads\\\/2021\\\/12\\\/veredes-logo-centrado_140x54.png\",\"contentUrl\":\"https:\\\/\\\/veredes.es\\\/blog\\\/wp-content\\\/uploads\\\/2021\\\/12\\\/veredes-logo-centrado_140x54.png\",\"width\":140,\"height\":54,\"caption\":\"veredes, arquitectura y divulgaci\u00f3n\"},\"image\":{\"@id\":\"https:\\\/\\\/veredes.es\\\/blog\\\/#\\\/schema\\\/logo\\\/image\\\/\"},\"sameAs\":[\"https:\\\/\\\/www.facebook.com\\\/veredesArquitecturayDivulgacion\\\/\",\"https:\\\/\\\/x.com\\\/veredes\",\"https:\\\/\\\/instagram.com\\\/veredes\\\/\",\"https:\\\/\\\/www.linkedin.com\\\/company\\\/veredes-arquitectura-y-divulgacion\\\/\",\"https:\\\/\\\/es.pinterest.com\\\/veredes\\\/\",\"https:\\\/\\\/www.tumblr.com\\\/veredes\"]},{\"@type\":\"Person\",\"@id\":\"https:\\\/\\\/veredes.es\\\/blog\\\/#\\\/schema\\\/person\\\/0bbb669073ef7faba5168a0844e93d2c\",\"name\":\"veredes\",\"image\":{\"@type\":\"ImageObject\",\"inLanguage\":\"es\",\"@id\":\"https:\\\/\\\/veredes.es\\\/blog\\\/wp-content\\\/uploads\\\/2018\\\/04\\\/face-96x96.jpg\",\"url\":\"https:\\\/\\\/veredes.es\\\/blog\\\/wp-content\\\/uploads\\\/2018\\\/04\\\/face-96x96.jpg\",\"contentUrl\":\"https:\\\/\\\/veredes.es\\\/blog\\\/wp-content\\\/uploads\\\/2018\\\/04\\\/face-96x96.jpg\",\"caption\":\"veredes\"},\"description\":\"Surge enero de 2009 como b\u00fasqueda de satisfacer el conocimiento de la actividad arquitect\u00f3nica y tangentes que se generan. La idea es crear un espacio para divulgar los diversos proyectos en busca de nueva inspiraci\u00f3n y de intercambio.\",\"sameAs\":[\"https:\\\/\\\/veredes.es\\\/\",\"https:\\\/\\\/www.facebook.com\\\/veredesArquitecturayDivulgacion\\\/\",\"https:\\\/\\\/www.instagram.com\\\/veredes\\\/\",\"https:\\\/\\\/www.linkedin.com\\\/company\\\/veredes-arquitectura-y-divulgacion\\\/\",\"https:\\\/\\\/www.pinterest.es\\\/veredes\\\/\",\"https:\\\/\\\/x.com\\\/https:\\\/\\\/twitter.com\\\/veredes\",\"https:\\\/\\\/veredes.tumblr.com\\\/\"],\"url\":\"https:\\\/\\\/veredes.es\\\/blog\\\/author\\\/alberto\\\/\"}]}<\/script>\n<!-- \/ Yoast SEO plugin. -->","yoast_head_json":{"title":"[:es]Estaci\u00f3n de Benidorm | HULOT arch. Studio[:gl]Estaci\u00f3n de Benidorm | HULOT arch. Studio[:en]Benidorm Station | HULOT arch. Studio[:] - veredes","description":"Toda la informaci\u00f3n sobre: [:es]Estaci\u00f3n de Benidorm | HULOT arch. Studio[:gl]Estaci\u00f3n de Benidorm | HULOT arch. Studio[:en]Benidorm Station | HULOT arch. Studio[:]","robots":{"index":"index","follow":"follow","max-snippet":"max-snippet:-1","max-image-preview":"max-image-preview:large","max-video-preview":"max-video-preview:-1"},"canonical":"https:\/\/veredes.es\/blog\/estacion-benidorm-hulot-arch-studio\/","og_locale":"es_ES","og_type":"article","og_title":"[:es]Estaci\u00f3n de Benidorm | HULOT arch. Studio[:gl]Estaci\u00f3n de Benidorm | HULOT arch. Studio[:en]Benidorm Station | HULOT arch. Studio[:] - veredes","og_description":"Toda la informaci\u00f3n sobre: [:es]Estaci\u00f3n de Benidorm | HULOT arch. Studio[:gl]Estaci\u00f3n de Benidorm | HULOT arch. Studio[:en]Benidorm Station | HULOT arch. Studio[:]","og_url":"https:\/\/veredes.es\/blog\/estacion-benidorm-hulot-arch-studio\/","og_site_name":"veredes, arquitectura y divulgaci\u00f3n","article_publisher":"https:\/\/www.facebook.com\/veredesArquitecturayDivulgacion\/","article_author":"https:\/\/www.facebook.com\/veredesArquitecturayDivulgacion\/","article_published_time":"2019-07-09T22:01:39+00:00","article_modified_time":"2019-07-10T12:04:00+00:00","og_image":[{"width":1200,"height":800,"url":"https:\/\/veredes.es\/blog\/wp-content\/uploads\/2019\/06\/Estaci\u00f3n-de-Benidorm-HULOT-arch.-Studio-o15-\u00a9Milena-Villalba-2018.jpg","type":"image\/jpeg"}],"author":"veredes","twitter_card":"summary_large_image","twitter_creator":"@https:\/\/twitter.com\/veredes","twitter_site":"@veredes","twitter_misc":{"Escrito por":"veredes","Tiempo de lectura":"16 minutos"},"schema":{"@context":"https:\/\/schema.org","@graph":[{"@type":"Article","@id":"https:\/\/veredes.es\/blog\/estacion-benidorm-hulot-arch-studio\/#article","isPartOf":{"@id":"https:\/\/veredes.es\/blog\/estacion-benidorm-hulot-arch-studio\/"},"author":{"name":"veredes","@id":"https:\/\/veredes.es\/blog\/#\/schema\/person\/0bbb669073ef7faba5168a0844e93d2c"},"headline":"Estaci\u00f3n de Benidorm | HULOT arch. Studio","datePublished":"2019-07-09T22:01:39+00:00","dateModified":"2019-07-10T12:04:00+00:00","mainEntityOfPage":{"@id":"https:\/\/veredes.es\/blog\/estacion-benidorm-hulot-arch-studio\/"},"wordCount":3220,"commentCount":0,"publisher":{"@id":"https:\/\/veredes.es\/blog\/#organization"},"image":{"@id":"https:\/\/veredes.es\/blog\/estacion-benidorm-hulot-arch-studio\/#primaryimage"},"thumbnailUrl":"https:\/\/veredes.es\/blog\/wp-content\/uploads\/2019\/06\/Estaci\u00f3n-de-Benidorm-HULOT-arch.-Studio-o15-\u00a9Milena-Villalba-2018.jpg","keywords":["arquitectura espa\u00f1ola","arquitectura valenciana","ciudad","equipamiento","equipamiento p\u00fablico","equipamiento urbano","espacio p\u00fablico","estaci\u00f3n mar\u00edtima","Estela Sanch\u00eds Part","HULOT arch. Studio","Pedro Palencia","rehabilitaci\u00f3n","rehabilitaci\u00f3n urbana"],"articleSection":["arquitectura","equipamiento dotacional","espacio publico","intervenci\u00f3n urbana","obras","reforma interior","rehabilitaci\u00f3n","slider principal"],"inLanguage":"es","potentialAction":[{"@type":"CommentAction","name":"Comment","target":["https:\/\/veredes.es\/blog\/estacion-benidorm-hulot-arch-studio\/#respond"]}]},{"@type":"WebPage","@id":"https:\/\/veredes.es\/blog\/estacion-benidorm-hulot-arch-studio\/","url":"https:\/\/veredes.es\/blog\/estacion-benidorm-hulot-arch-studio\/","name":"[:es]Estaci\u00f3n de Benidorm | HULOT arch. Studio[:gl]Estaci\u00f3n de Benidorm | HULOT arch. Studio[:en]Benidorm Station | HULOT arch. Studio[:] - veredes","isPartOf":{"@id":"https:\/\/veredes.es\/blog\/#website"},"primaryImageOfPage":{"@id":"https:\/\/veredes.es\/blog\/estacion-benidorm-hulot-arch-studio\/#primaryimage"},"image":{"@id":"https:\/\/veredes.es\/blog\/estacion-benidorm-hulot-arch-studio\/#primaryimage"},"thumbnailUrl":"https:\/\/veredes.es\/blog\/wp-content\/uploads\/2019\/06\/Estaci\u00f3n-de-Benidorm-HULOT-arch.-Studio-o15-\u00a9Milena-Villalba-2018.jpg","datePublished":"2019-07-09T22:01:39+00:00","dateModified":"2019-07-10T12:04:00+00:00","description":"Toda la informaci\u00f3n sobre: [:es]Estaci\u00f3n de Benidorm | HULOT arch. Studio[:gl]Estaci\u00f3n de Benidorm | HULOT arch. Studio[:en]Benidorm Station | HULOT arch. Studio[:]","breadcrumb":{"@id":"https:\/\/veredes.es\/blog\/estacion-benidorm-hulot-arch-studio\/#breadcrumb"},"inLanguage":"es","potentialAction":[{"@type":"ReadAction","target":["https:\/\/veredes.es\/blog\/estacion-benidorm-hulot-arch-studio\/"]}]},{"@type":"ImageObject","inLanguage":"es","@id":"https:\/\/veredes.es\/blog\/estacion-benidorm-hulot-arch-studio\/#primaryimage","url":"https:\/\/veredes.es\/blog\/wp-content\/uploads\/2019\/06\/Estaci\u00f3n-de-Benidorm-HULOT-arch.-Studio-o15-\u00a9Milena-Villalba-2018.jpg","contentUrl":"https:\/\/veredes.es\/blog\/wp-content\/uploads\/2019\/06\/Estaci\u00f3n-de-Benidorm-HULOT-arch.-Studio-o15-\u00a9Milena-Villalba-2018.jpg","width":1200,"height":800,"caption":"Estaci\u00f3n de Benidorm | HULOT arch. Studio | \u00a9Milena Villalba 2018"},{"@type":"BreadcrumbList","@id":"https:\/\/veredes.es\/blog\/estacion-benidorm-hulot-arch-studio\/#breadcrumb","itemListElement":[{"@type":"ListItem","position":1,"name":"Portada","item":"https:\/\/veredes.es\/blog\/"},{"@type":"ListItem","position":2,"name":"Estaci\u00f3n de Benidorm | HULOT arch. Studio"}]},{"@type":"WebSite","@id":"https:\/\/veredes.es\/blog\/#website","url":"https:\/\/veredes.es\/blog\/","name":"veredes, arquitectura y divulgaci\u00f3n","description":"veredes","publisher":{"@id":"https:\/\/veredes.es\/blog\/#organization"},"alternateName":"veredes","potentialAction":[{"@type":"SearchAction","target":{"@type":"EntryPoint","urlTemplate":"https:\/\/veredes.es\/blog\/?s={search_term_string}"},"query-input":{"@type":"PropertyValueSpecification","valueRequired":true,"valueName":"search_term_string"}}],"inLanguage":"es"},{"@type":"Organization","@id":"https:\/\/veredes.es\/blog\/#organization","name":"veredes, arquitectura y divulgaci\u00f3n","alternateName":"veredes","url":"https:\/\/veredes.es\/blog\/","logo":{"@type":"ImageObject","inLanguage":"es","@id":"https:\/\/veredes.es\/blog\/#\/schema\/logo\/image\/","url":"https:\/\/veredes.es\/blog\/wp-content\/uploads\/2021\/12\/veredes-logo-centrado_140x54.png","contentUrl":"https:\/\/veredes.es\/blog\/wp-content\/uploads\/2021\/12\/veredes-logo-centrado_140x54.png","width":140,"height":54,"caption":"veredes, arquitectura y divulgaci\u00f3n"},"image":{"@id":"https:\/\/veredes.es\/blog\/#\/schema\/logo\/image\/"},"sameAs":["https:\/\/www.facebook.com\/veredesArquitecturayDivulgacion\/","https:\/\/x.com\/veredes","https:\/\/instagram.com\/veredes\/","https:\/\/www.linkedin.com\/company\/veredes-arquitectura-y-divulgacion\/","https:\/\/es.pinterest.com\/veredes\/","https:\/\/www.tumblr.com\/veredes"]},{"@type":"Person","@id":"https:\/\/veredes.es\/blog\/#\/schema\/person\/0bbb669073ef7faba5168a0844e93d2c","name":"veredes","image":{"@type":"ImageObject","inLanguage":"es","@id":"https:\/\/veredes.es\/blog\/wp-content\/uploads\/2018\/04\/face-96x96.jpg","url":"https:\/\/veredes.es\/blog\/wp-content\/uploads\/2018\/04\/face-96x96.jpg","contentUrl":"https:\/\/veredes.es\/blog\/wp-content\/uploads\/2018\/04\/face-96x96.jpg","caption":"veredes"},"description":"Surge enero de 2009 como b\u00fasqueda de satisfacer el conocimiento de la actividad arquitect\u00f3nica y tangentes que se generan. La idea es crear un espacio para divulgar los diversos proyectos en busca de nueva inspiraci\u00f3n y de intercambio.","sameAs":["https:\/\/veredes.es\/","https:\/\/www.facebook.com\/veredesArquitecturayDivulgacion\/","https:\/\/www.instagram.com\/veredes\/","https:\/\/www.linkedin.com\/company\/veredes-arquitectura-y-divulgacion\/","https:\/\/www.pinterest.es\/veredes\/","https:\/\/x.com\/https:\/\/twitter.com\/veredes","https:\/\/veredes.tumblr.com\/"],"url":"https:\/\/veredes.es\/blog\/author\/alberto\/"}]}},"_links":{"self":[{"href":"https:\/\/veredes.es\/blog\/wp-json\/wp\/v2\/posts\/73690","targetHints":{"allow":["GET"]}}],"collection":[{"href":"https:\/\/veredes.es\/blog\/wp-json\/wp\/v2\/posts"}],"about":[{"href":"https:\/\/veredes.es\/blog\/wp-json\/wp\/v2\/types\/post"}],"author":[{"embeddable":true,"href":"https:\/\/veredes.es\/blog\/wp-json\/wp\/v2\/users\/2"}],"replies":[{"embeddable":true,"href":"https:\/\/veredes.es\/blog\/wp-json\/wp\/v2\/comments?post=73690"}],"version-history":[{"count":0,"href":"https:\/\/veredes.es\/blog\/wp-json\/wp\/v2\/posts\/73690\/revisions"}],"wp:featuredmedia":[{"embeddable":true,"href":"https:\/\/veredes.es\/blog\/wp-json\/wp\/v2\/media\/73708"}],"wp:attachment":[{"href":"https:\/\/veredes.es\/blog\/wp-json\/wp\/v2\/media?parent=73690"}],"wp:term":[{"taxonomy":"category","embeddable":true,"href":"https:\/\/veredes.es\/blog\/wp-json\/wp\/v2\/categories?post=73690"},{"taxonomy":"post_tag","embeddable":true,"href":"https:\/\/veredes.es\/blog\/wp-json\/wp\/v2\/tags?post=73690"}],"curies":[{"name":"wp","href":"https:\/\/api.w.org\/{rel}","templated":true}]}}