{"id":72867,"date":"2019-04-29T00:01:14","date_gmt":"2019-04-28T22:01:14","guid":{"rendered":"https:\/\/veredes.es\/blog\/?p=72867"},"modified":"2019-04-16T17:54:16","modified_gmt":"2019-04-16T15:54:16","slug":"universo-una-casa-marcelo-gardinetti","status":"publish","type":"post","link":"https:\/\/veredes.es\/blog\/universo-una-casa-marcelo-gardinetti\/","title":{"rendered":"Un universo, una casa | Marcelo Gardinetti"},"content":{"rendered":"<p><figure id=\"attachment_72870\" aria-describedby=\"caption-attachment-72870\" style=\"width: 640px\" class=\"wp-caption alignnone\"><img loading=\"lazy\" decoding=\"async\" class=\"size-large wp-image-72870\" src=\"https:\/\/veredes.es\/blog\/wp-content\/uploads\/2019\/04\/Maison-Bordeaux-1996-98-Rem-Koolhas-\u00a9Hans-Werlemann-courtesy-OMA-1-1024x679.jpg\" alt=\"Maison Bordeaux, 1996-98, Rem Koolhas \u00a9Hans Werlemann, courtesy OMA\" width=\"640\" height=\"424\" srcset=\"https:\/\/veredes.es\/blog\/wp-content\/uploads\/2019\/04\/Maison-Bordeaux-1996-98-Rem-Koolhas-\u00a9Hans-Werlemann-courtesy-OMA-1-1024x679.jpg 1024w, https:\/\/veredes.es\/blog\/wp-content\/uploads\/2019\/04\/Maison-Bordeaux-1996-98-Rem-Koolhas-\u00a9Hans-Werlemann-courtesy-OMA-1-300x199.jpg 300w, https:\/\/veredes.es\/blog\/wp-content\/uploads\/2019\/04\/Maison-Bordeaux-1996-98-Rem-Koolhas-\u00a9Hans-Werlemann-courtesy-OMA-1-160x105.jpg 160w, https:\/\/veredes.es\/blog\/wp-content\/uploads\/2019\/04\/Maison-Bordeaux-1996-98-Rem-Koolhas-\u00a9Hans-Werlemann-courtesy-OMA-1.jpg 1200w\" sizes=\"auto, (max-width: 640px) 100vw, 640px\" \/><figcaption id=\"caption-attachment-72870\" class=\"wp-caption-text\"><span style=\"color: #999999;\">Maison Bordeaux, 1996-98, Rem Koolhas \u00a9Hans Werlemann, courtesy OMA<\/span><\/figcaption><\/figure><\/p>\n<p style=\"text-align: justify;\">\u00bfC\u00f3mo debe ser una casa en la ladera de la monta\u00f1a para una familia con una persona confinada a una silla de ruedas? El propio cliente ten\u00eda la respuesta:<\/p>\n<blockquote><p>\u201cal contrario de lo que cabr\u00eda esperar, no quiero una casa sencilla. Quiero una casa compleja porque la casa definir\u00e1 mi mundo\u201d.<sup>1<\/sup><\/p><\/blockquote>\n<figure id=\"attachment_72871\" aria-describedby=\"caption-attachment-72871\" style=\"width: 640px\" class=\"wp-caption alignnone\"><img loading=\"lazy\" decoding=\"async\" class=\"size-large wp-image-72871\" src=\"https:\/\/veredes.es\/blog\/wp-content\/uploads\/2019\/04\/Maison-Bordeaux-1996-98-Rem-Koolhas-\u00a9Hans-Werlemann-courtesy-OMA-2-1024x674.jpg\" alt=\"Maison Bordeaux, 1996-98, Rem Koolhas \u00a9Hans Werlemann, courtesy OMA\" width=\"640\" height=\"421\" srcset=\"https:\/\/veredes.es\/blog\/wp-content\/uploads\/2019\/04\/Maison-Bordeaux-1996-98-Rem-Koolhas-\u00a9Hans-Werlemann-courtesy-OMA-2-1024x674.jpg 1024w, https:\/\/veredes.es\/blog\/wp-content\/uploads\/2019\/04\/Maison-Bordeaux-1996-98-Rem-Koolhas-\u00a9Hans-Werlemann-courtesy-OMA-2-300x198.jpg 300w, https:\/\/veredes.es\/blog\/wp-content\/uploads\/2019\/04\/Maison-Bordeaux-1996-98-Rem-Koolhas-\u00a9Hans-Werlemann-courtesy-OMA-2-160x105.jpg 160w, https:\/\/veredes.es\/blog\/wp-content\/uploads\/2019\/04\/Maison-Bordeaux-1996-98-Rem-Koolhas-\u00a9Hans-Werlemann-courtesy-OMA-2.jpg 1200w\" sizes=\"auto, (max-width: 640px) 100vw, 640px\" \/><figcaption id=\"caption-attachment-72871\" class=\"wp-caption-text\"><span style=\"color: #999999;\">Maison Bordeaux, 1996-98, Rem Koolhas \u00a9Hans Werlemann, courtesy OMA<\/span><\/figcaption><\/figure>\n<p style=\"text-align: justify;\">El terreno donde se implanta la vivienda est\u00e1 ubicado en los alrededores de Burdeos, en la ladera en una colina con vistas a la ciudad. El propietario hab\u00eda adquirido el lote antes que un accidente de auto le limitara la movilidad. Koolhaas atiende la solicitud del cliente y responde al desaf\u00edo con un dise\u00f1o en tres niveles que ser\u00e1n el universo de su cliente.<\/p>\n<p style=\"text-align: justify;\">El nivel bajo enclava su silueta irregular en la ladera de la colina. Sobre este volumen se apilan otras dos cajas diferentes. Cada caja corresponde a un piso y se define como una entidad de car\u00e1cter y funcionamiento aut\u00f3nomo.<\/p>\n<figure id=\"attachment_72872\" aria-describedby=\"caption-attachment-72872\" style=\"width: 640px\" class=\"wp-caption alignnone\"><img loading=\"lazy\" decoding=\"async\" class=\"size-large wp-image-72872\" src=\"https:\/\/veredes.es\/blog\/wp-content\/uploads\/2019\/04\/Maison-Bordeaux-1996-98-Rem-Koolhas-\u00a9Hans-Werlemann-courtesy-OMA-3-1024x1006.jpg\" alt=\"Maison Bordeaux, 1996-98, Rem Koolhas \u00a9Hans Werlemann, courtesy OMA\" width=\"640\" height=\"629\" srcset=\"https:\/\/veredes.es\/blog\/wp-content\/uploads\/2019\/04\/Maison-Bordeaux-1996-98-Rem-Koolhas-\u00a9Hans-Werlemann-courtesy-OMA-3-1024x1006.jpg 1024w, https:\/\/veredes.es\/blog\/wp-content\/uploads\/2019\/04\/Maison-Bordeaux-1996-98-Rem-Koolhas-\u00a9Hans-Werlemann-courtesy-OMA-3-300x295.jpg 300w, https:\/\/veredes.es\/blog\/wp-content\/uploads\/2019\/04\/Maison-Bordeaux-1996-98-Rem-Koolhas-\u00a9Hans-Werlemann-courtesy-OMA-3.jpg 1200w\" sizes=\"auto, (max-width: 640px) 100vw, 640px\" \/><figcaption id=\"caption-attachment-72872\" class=\"wp-caption-text\"><span style=\"color: #999999;\">Maison Bordeaux, 1996-98, Rem Koolhas \u00a9Hans Werlemann, courtesy OMA<\/span><\/figcaption><\/figure>\n<p style=\"text-align: justify;\">La planta inferior Agrupa los servicios de la casa: cocina, comedor \u00edntimo, bodega y una sala para tv. En la planta intermedia se desarrolla la actividad social de la familia. Una planta libre con cerramientos transparentes que permiten vivenciar el paisaje urbano a la distancia. La planta superior aloja los dormitorios. Es una caja de hormig\u00f3n rosado con aberturas redondas que enmarcan el paisaje desde cada dormitorio. Vista a cierta distancia, la primera planta se funde con la ladera y la tercera parece flotar sobre la caja de vidrio intermedia.<\/p>\n<p style=\"text-align: justify;\">Sin embargo, la caracter\u00edstica sobresaliente de la casa es el escritorio del propietario. Una habitaci\u00f3n de 3 x 3,5 metros montada sobre una plataforma con un enorme pist\u00f3n hidr\u00e1ulico que permite la movilidad vertical en los tres niveles.<\/p>\n<blockquote><p>\u201cEl movimiento del elevador cambia continuamente la arquitectura de la casa. Una m\u00e1quina es su coraz\u00f3n\u201d.<sup>2<\/sup><\/p><\/blockquote>\n<p style=\"text-align: justify;\">En la planta baja forma parte de la cocina comedor; en el primer piso se integra con el mismo solado del \u00e1rea social; en la planta alta forma parte del dormitorio del matrimonio. Una biblioteca cierra uno de los laterales de la plataforma en todo el recorrido de la plataforma.<\/p>\n<figure id=\"attachment_72873\" aria-describedby=\"caption-attachment-72873\" style=\"width: 640px\" class=\"wp-caption alignnone\"><img loading=\"lazy\" decoding=\"async\" class=\"size-large wp-image-72873\" src=\"https:\/\/veredes.es\/blog\/wp-content\/uploads\/2019\/04\/Maison-Bordeaux-1996-98-Rem-Koolhas-\u00a9Hans-Werlemann-courtesy-OMA-4-1024x998.jpg\" alt=\"Maison Bordeaux, 1996-98, Rem Koolhas \u00a9Hans Werlemann, courtesy OMA\" width=\"640\" height=\"624\" srcset=\"https:\/\/veredes.es\/blog\/wp-content\/uploads\/2019\/04\/Maison-Bordeaux-1996-98-Rem-Koolhas-\u00a9Hans-Werlemann-courtesy-OMA-4-1024x998.jpg 1024w, https:\/\/veredes.es\/blog\/wp-content\/uploads\/2019\/04\/Maison-Bordeaux-1996-98-Rem-Koolhas-\u00a9Hans-Werlemann-courtesy-OMA-4-300x293.jpg 300w, https:\/\/veredes.es\/blog\/wp-content\/uploads\/2019\/04\/Maison-Bordeaux-1996-98-Rem-Koolhas-\u00a9Hans-Werlemann-courtesy-OMA-4.jpg 1200w\" sizes=\"auto, (max-width: 640px) 100vw, 640px\" \/><figcaption id=\"caption-attachment-72873\" class=\"wp-caption-text\"><span style=\"color: #999999;\">Maison Bordeaux, 1996-98, Rem Koolhas \u00a9Hans Werlemann, courtesy OMA<\/span><\/figcaption><\/figure>\n<p style=\"text-align: justify;\">Las dem\u00e1s circulaciones verticales se adaptan a las formas caprichosas de la planta baja. Una escalera caracol atraviesa la casa paralela al montacargas. Cuando alcanza la planta intermedia, se reviste en acero inoxidable para que se diluya en el reflejo del paisaje que domina el piso.<\/p>\n<p style=\"text-align: justify;\">La soluci\u00f3n estructural tambi\u00e9n es at\u00edpica. La planta superior descansa en uno de los extremos sobre el volumen de la escalera, que se encuentra fuera del eje axial de la planta rectangular. Este desequilibrio se resuelve mediante una viga que cruza de manera transversal el volumen por encima del techo, soportada por un tensor de acero anclado al piso para alcanzar la estabilidad estructural. La parte trasera est\u00e1 sujeta por un soporte se acero en forma de \u201cele\u201d.<\/p>\n<figure id=\"attachment_72874\" aria-describedby=\"caption-attachment-72874\" style=\"width: 640px\" class=\"wp-caption alignnone\"><img loading=\"lazy\" decoding=\"async\" class=\"size-large wp-image-72874\" src=\"https:\/\/veredes.es\/blog\/wp-content\/uploads\/2019\/04\/Maison-Bordeaux-1996-98-Rem-Koolhas-\u00a9Hans-Werlemann-courtesy-OMA-5-1024x985.jpg\" alt=\"Maison Bordeaux, 1996-98, Rem Koolhas \u00a9Hans Werlemann, courtesy OMA\" width=\"640\" height=\"616\" srcset=\"https:\/\/veredes.es\/blog\/wp-content\/uploads\/2019\/04\/Maison-Bordeaux-1996-98-Rem-Koolhas-\u00a9Hans-Werlemann-courtesy-OMA-5-1024x985.jpg 1024w, https:\/\/veredes.es\/blog\/wp-content\/uploads\/2019\/04\/Maison-Bordeaux-1996-98-Rem-Koolhas-\u00a9Hans-Werlemann-courtesy-OMA-5-300x289.jpg 300w, https:\/\/veredes.es\/blog\/wp-content\/uploads\/2019\/04\/Maison-Bordeaux-1996-98-Rem-Koolhas-\u00a9Hans-Werlemann-courtesy-OMA-5.jpg 1200w\" sizes=\"auto, (max-width: 640px) 100vw, 640px\" \/><figcaption id=\"caption-attachment-72874\" class=\"wp-caption-text\"><span style=\"color: #999999;\">Maison Bordeaux, 1996-98, Rem Koolhas \u00a9Hans Werlemann, courtesy OMA<\/span><\/figcaption><\/figure>\n<p style=\"text-align: justify;\">As\u00ed definida, la casa establece un doble orden funcional de una manera sagaz y efectiva. El movimiento vertical de la habitaci\u00f3n permite al propietario interactuar con los dem\u00e1s miembros de la familia en las \u00e1reas m\u00e1s importantes de la vivienda.<\/p>\n<p style=\"text-align: justify;\">Koolhaas crea un peque\u00f1o universo para un hombre que carece de movilidad propia, y ese universo se mueve para \u00e9l.<\/p>\n<figure id=\"attachment_72875\" aria-describedby=\"caption-attachment-72875\" style=\"width: 640px\" class=\"wp-caption alignnone\"><img loading=\"lazy\" decoding=\"async\" class=\"size-large wp-image-72875\" src=\"https:\/\/veredes.es\/blog\/wp-content\/uploads\/2019\/04\/Maison-Bordeaux-1996-98-Rem-Koolhas-\u00a9Hans-Werlemann-courtesy-OMA-6-1024x694.jpg\" alt=\"Maison Bordeaux, 1996-98, Rem Koolhas \u00a9Hans Werlemann, courtesy OMA\" width=\"640\" height=\"434\" srcset=\"https:\/\/veredes.es\/blog\/wp-content\/uploads\/2019\/04\/Maison-Bordeaux-1996-98-Rem-Koolhas-\u00a9Hans-Werlemann-courtesy-OMA-6-1024x694.jpg 1024w, https:\/\/veredes.es\/blog\/wp-content\/uploads\/2019\/04\/Maison-Bordeaux-1996-98-Rem-Koolhas-\u00a9Hans-Werlemann-courtesy-OMA-6-300x203.jpg 300w, https:\/\/veredes.es\/blog\/wp-content\/uploads\/2019\/04\/Maison-Bordeaux-1996-98-Rem-Koolhas-\u00a9Hans-Werlemann-courtesy-OMA-6.jpg 1200w\" sizes=\"auto, (max-width: 640px) 100vw, 640px\" \/><figcaption id=\"caption-attachment-72875\" class=\"wp-caption-text\"><span style=\"color: #999999;\">Maison Bordeaux, 1996-98, Rem Koolhas \u00a9Hans Werlemann, courtesy OMA<\/span><\/figcaption><\/figure>\n<p>Marcelo Gardinetti. Arquitecto<br \/>\nLa Plata. Argentina. Abril 2019<\/p>\n<p>Notas:<\/p>\n<p><sup>1<\/sup>\u00a0Rem Koolhaas\/OMA, <a href=\"http:\/\/www.oma.eu\" target=\"_blank\">Memoria descriptiva del proyecto.<\/a><\/p>\n<p><sup>2<\/sup>\u00a0Ibidem.<\/p>","protected":false},"excerpt":{"rendered":"<p>\u00bfC\u00f3mo debe ser una casa en la ladera de la monta\u00f1a para una familia con una persona confinada a una silla de ruedas? El propio cliente ten\u00eda la respuesta: \u201cal contrario de lo que cabr\u00eda esperar, no quiero una casa sencilla. Quiero una casa compleja porque la casa definir\u00e1 mi mundo\u201d.1 El terreno donde se [&hellip;]<\/p>\n","protected":false},"author":4,"featured_media":72870,"comment_status":"open","ping_status":"closed","sticky":false,"template":"","format":"standard","meta":{"footnotes":""},"categories":[5934,5951],"tags":[143,2913,7446,147,1765,668,4985,2049,2173,1278,12465,12455],"class_list":{"0":"post-72867","1":"post","2":"type-post","3":"status-publish","4":"format-standard","5":"has-post-thumbnail","7":"category-articulos","8":"category-slider-principal","9":"tag-arquitectura-contemporanea","10":"tag-arquitectura-holandesa","11":"tag-arquitectura-inglesa","12":"tag-arquitectura-moderna","13":"tag-arquitectura-movil","14":"tag-historia","15":"tag-marcelo-gardinetti","16":"tag-oma","17":"tag-rem-koolhaas","18":"tag-teoria","19":"tag-vivienda","20":"tag-vivienda-unifamiliar"},"yoast_head":"<!-- This site is optimized with the Yoast SEO plugin v27.4 - https:\/\/yoast.com\/product\/yoast-seo-wordpress\/ -->\n<title>Un universo, una casa | Marcelo Gardinetti - veredes<\/title>\n<meta name=\"description\" content=\"Toda la informaci\u00f3n sobre: [:es]Un universo, una casa | Marcelo Gardinetti[:gl]Un universo, unha casa | Marcelo Gardinetti[:en]A universe, a house | Marcelo Gardinetti[:]\" \/>\n<meta name=\"robots\" content=\"index, follow, max-snippet:-1, max-image-preview:large, max-video-preview:-1\" \/>\n<link rel=\"canonical\" href=\"https:\/\/veredes.es\/blog\/universo-una-casa-marcelo-gardinetti\/\" \/>\n<meta property=\"og:locale\" content=\"es_ES\" \/>\n<meta property=\"og:type\" content=\"article\" \/>\n<meta property=\"og:title\" content=\"[:es]Un universo, una casa | Marcelo Gardinetti[:gl]Un universo, unha casa | Marcelo Gardinetti[:en]A universe, a house | Marcelo Gardinetti[:] - veredes\" \/>\n<meta property=\"og:description\" content=\"Toda la informaci\u00f3n sobre: [:es]Un universo, una casa | Marcelo Gardinetti[:gl]Un universo, unha casa | Marcelo Gardinetti[:en]A universe, a house | Marcelo Gardinetti[:]\" \/>\n<meta property=\"og:url\" content=\"https:\/\/veredes.es\/blog\/universo-una-casa-marcelo-gardinetti\/\" \/>\n<meta property=\"og:site_name\" content=\"veredes, arquitectura y divulgaci\u00f3n\" \/>\n<meta property=\"article:publisher\" content=\"https:\/\/www.facebook.com\/veredesArquitecturayDivulgacion\/\" \/>\n<meta property=\"article:author\" content=\"https:\/\/www.facebook.com\/marcegardinetti\" \/>\n<meta property=\"article:published_time\" content=\"2019-04-28T22:01:14+00:00\" \/>\n<meta property=\"og:image\" content=\"https:\/\/veredes.es\/blog\/wp-content\/uploads\/2019\/04\/Maison-Bordeaux-1996-98-Rem-Koolhas-\u00a9Hans-Werlemann-courtesy-OMA-1.jpg\" \/>\n\t<meta property=\"og:image:width\" content=\"1200\" \/>\n\t<meta property=\"og:image:height\" content=\"796\" \/>\n\t<meta property=\"og:image:type\" content=\"image\/jpeg\" \/>\n<meta name=\"author\" content=\"Marcelo Gardinetti\" \/>\n<meta name=\"twitter:card\" content=\"summary_large_image\" \/>\n<meta name=\"twitter:creator\" content=\"@https:\/\/twitter.com\/marcegardinetti\" \/>\n<meta name=\"twitter:site\" content=\"@veredes\" \/>\n<meta name=\"twitter:label1\" content=\"Escrito por\" \/>\n\t<meta name=\"twitter:data1\" content=\"Marcelo Gardinetti\" \/>\n\t<meta name=\"twitter:label2\" content=\"Tiempo de lectura\" \/>\n\t<meta name=\"twitter:data2\" content=\"10 minutos\" \/>\n<script type=\"application\/ld+json\" class=\"yoast-schema-graph\">{\"@context\":\"https:\\\/\\\/schema.org\",\"@graph\":[{\"@type\":\"Article\",\"@id\":\"https:\\\/\\\/veredes.es\\\/blog\\\/universo-una-casa-marcelo-gardinetti\\\/#article\",\"isPartOf\":{\"@id\":\"https:\\\/\\\/veredes.es\\\/blog\\\/universo-una-casa-marcelo-gardinetti\\\/\"},\"author\":{\"name\":\"Marcelo Gardinetti\",\"@id\":\"https:\\\/\\\/veredes.es\\\/blog\\\/#\\\/schema\\\/person\\\/e03af9138634cd6876b9935dc1536c82\"},\"headline\":\"Un universo, una casa | Marcelo Gardinetti\",\"datePublished\":\"2019-04-28T22:01:14+00:00\",\"mainEntityOfPage\":{\"@id\":\"https:\\\/\\\/veredes.es\\\/blog\\\/universo-una-casa-marcelo-gardinetti\\\/\"},\"wordCount\":1950,\"commentCount\":0,\"publisher\":{\"@id\":\"https:\\\/\\\/veredes.es\\\/blog\\\/#organization\"},\"image\":{\"@id\":\"https:\\\/\\\/veredes.es\\\/blog\\\/universo-una-casa-marcelo-gardinetti\\\/#primaryimage\"},\"thumbnailUrl\":\"https:\\\/\\\/veredes.es\\\/blog\\\/wp-content\\\/uploads\\\/2019\\\/04\\\/Maison-Bordeaux-1996-98-Rem-Koolhas-\u00a9Hans-Werlemann-courtesy-OMA-1.jpg\",\"keywords\":[\"arquitectura contempor\u00e1nea\",\"arquitectura holandesa\",\"arquitectura inglesa\",\"arquitectura moderna\",\"arquitectura m\u00f3vil\",\"historia\",\"Marcelo Gardinetti\",\"OMA\",\"Rem Koolhaas\",\"teor\u00eda\",\"vivienda\",\"vivienda unifamiliar\"],\"articleSection\":[\"art\u00edculos\",\"slider principal\"],\"inLanguage\":\"es\",\"potentialAction\":[{\"@type\":\"CommentAction\",\"name\":\"Comment\",\"target\":[\"https:\\\/\\\/veredes.es\\\/blog\\\/universo-una-casa-marcelo-gardinetti\\\/#respond\"]}]},{\"@type\":\"WebPage\",\"@id\":\"https:\\\/\\\/veredes.es\\\/blog\\\/universo-una-casa-marcelo-gardinetti\\\/\",\"url\":\"https:\\\/\\\/veredes.es\\\/blog\\\/universo-una-casa-marcelo-gardinetti\\\/\",\"name\":\"[:es]Un universo, una casa | Marcelo Gardinetti[:gl]Un universo, unha casa | Marcelo Gardinetti[:en]A universe, a house | Marcelo Gardinetti[:] - veredes\",\"isPartOf\":{\"@id\":\"https:\\\/\\\/veredes.es\\\/blog\\\/#website\"},\"primaryImageOfPage\":{\"@id\":\"https:\\\/\\\/veredes.es\\\/blog\\\/universo-una-casa-marcelo-gardinetti\\\/#primaryimage\"},\"image\":{\"@id\":\"https:\\\/\\\/veredes.es\\\/blog\\\/universo-una-casa-marcelo-gardinetti\\\/#primaryimage\"},\"thumbnailUrl\":\"https:\\\/\\\/veredes.es\\\/blog\\\/wp-content\\\/uploads\\\/2019\\\/04\\\/Maison-Bordeaux-1996-98-Rem-Koolhas-\u00a9Hans-Werlemann-courtesy-OMA-1.jpg\",\"datePublished\":\"2019-04-28T22:01:14+00:00\",\"description\":\"Toda la informaci\u00f3n sobre: [:es]Un universo, una casa | Marcelo Gardinetti[:gl]Un universo, unha casa | Marcelo Gardinetti[:en]A universe, a house | Marcelo Gardinetti[:]\",\"breadcrumb\":{\"@id\":\"https:\\\/\\\/veredes.es\\\/blog\\\/universo-una-casa-marcelo-gardinetti\\\/#breadcrumb\"},\"inLanguage\":\"es\",\"potentialAction\":[{\"@type\":\"ReadAction\",\"target\":[\"https:\\\/\\\/veredes.es\\\/blog\\\/universo-una-casa-marcelo-gardinetti\\\/\"]}]},{\"@type\":\"ImageObject\",\"inLanguage\":\"es\",\"@id\":\"https:\\\/\\\/veredes.es\\\/blog\\\/universo-una-casa-marcelo-gardinetti\\\/#primaryimage\",\"url\":\"https:\\\/\\\/veredes.es\\\/blog\\\/wp-content\\\/uploads\\\/2019\\\/04\\\/Maison-Bordeaux-1996-98-Rem-Koolhas-\u00a9Hans-Werlemann-courtesy-OMA-1.jpg\",\"contentUrl\":\"https:\\\/\\\/veredes.es\\\/blog\\\/wp-content\\\/uploads\\\/2019\\\/04\\\/Maison-Bordeaux-1996-98-Rem-Koolhas-\u00a9Hans-Werlemann-courtesy-OMA-1.jpg\",\"width\":1200,\"height\":796,\"caption\":\"Maison Bordeaux, 1996-98, Rem Koolhas \u00a9Hans Werlemann, courtesy OMA\"},{\"@type\":\"BreadcrumbList\",\"@id\":\"https:\\\/\\\/veredes.es\\\/blog\\\/universo-una-casa-marcelo-gardinetti\\\/#breadcrumb\",\"itemListElement\":[{\"@type\":\"ListItem\",\"position\":1,\"name\":\"Portada\",\"item\":\"https:\\\/\\\/veredes.es\\\/blog\\\/\"},{\"@type\":\"ListItem\",\"position\":2,\"name\":\"Un universo, una casa | Marcelo Gardinetti\"}]},{\"@type\":\"WebSite\",\"@id\":\"https:\\\/\\\/veredes.es\\\/blog\\\/#website\",\"url\":\"https:\\\/\\\/veredes.es\\\/blog\\\/\",\"name\":\"veredes, arquitectura y divulgaci\u00f3n\",\"description\":\"veredes\",\"publisher\":{\"@id\":\"https:\\\/\\\/veredes.es\\\/blog\\\/#organization\"},\"alternateName\":\"veredes\",\"potentialAction\":[{\"@type\":\"SearchAction\",\"target\":{\"@type\":\"EntryPoint\",\"urlTemplate\":\"https:\\\/\\\/veredes.es\\\/blog\\\/?s={search_term_string}\"},\"query-input\":{\"@type\":\"PropertyValueSpecification\",\"valueRequired\":true,\"valueName\":\"search_term_string\"}}],\"inLanguage\":\"es\"},{\"@type\":\"Organization\",\"@id\":\"https:\\\/\\\/veredes.es\\\/blog\\\/#organization\",\"name\":\"veredes, arquitectura y divulgaci\u00f3n\",\"alternateName\":\"veredes\",\"url\":\"https:\\\/\\\/veredes.es\\\/blog\\\/\",\"logo\":{\"@type\":\"ImageObject\",\"inLanguage\":\"es\",\"@id\":\"https:\\\/\\\/veredes.es\\\/blog\\\/#\\\/schema\\\/logo\\\/image\\\/\",\"url\":\"https:\\\/\\\/veredes.es\\\/blog\\\/wp-content\\\/uploads\\\/2021\\\/12\\\/veredes-logo-centrado_140x54.png\",\"contentUrl\":\"https:\\\/\\\/veredes.es\\\/blog\\\/wp-content\\\/uploads\\\/2021\\\/12\\\/veredes-logo-centrado_140x54.png\",\"width\":140,\"height\":54,\"caption\":\"veredes, arquitectura y divulgaci\u00f3n\"},\"image\":{\"@id\":\"https:\\\/\\\/veredes.es\\\/blog\\\/#\\\/schema\\\/logo\\\/image\\\/\"},\"sameAs\":[\"https:\\\/\\\/www.facebook.com\\\/veredesArquitecturayDivulgacion\\\/\",\"https:\\\/\\\/x.com\\\/veredes\",\"https:\\\/\\\/instagram.com\\\/veredes\\\/\",\"https:\\\/\\\/www.linkedin.com\\\/company\\\/veredes-arquitectura-y-divulgacion\\\/\",\"https:\\\/\\\/es.pinterest.com\\\/veredes\\\/\",\"https:\\\/\\\/www.tumblr.com\\\/veredes\"]},{\"@type\":\"Person\",\"@id\":\"https:\\\/\\\/veredes.es\\\/blog\\\/#\\\/schema\\\/person\\\/e03af9138634cd6876b9935dc1536c82\",\"name\":\"Marcelo Gardinetti\",\"image\":{\"@type\":\"ImageObject\",\"inLanguage\":\"es\",\"@id\":\"https:\\\/\\\/veredes.es\\\/blog\\\/wp-content\\\/uploads\\\/2018\\\/04\\\/marcelogardinetti-96x96.jpg\",\"url\":\"https:\\\/\\\/veredes.es\\\/blog\\\/wp-content\\\/uploads\\\/2018\\\/04\\\/marcelogardinetti-96x96.jpg\",\"contentUrl\":\"https:\\\/\\\/veredes.es\\\/blog\\\/wp-content\\\/uploads\\\/2018\\\/04\\\/marcelogardinetti-96x96.jpg\",\"caption\":\"Marcelo Gardinetti\"},\"description\":\"No voy a hablar de la penumbra, mejor voy a ver si puedo despertar. Arquitecto, - Universidad Nacional de La Plata, La Plata, 1985 - Editor responsable en Tecnne 2012 a la fecha. - Columnista de arquitectura en revistas y sitios web. 2012 a la fecha - Director en estudio de arquitectura, 1985 a la fecha. - Consultor Senior en Proyectos institucionales. 1995 a la fecha - Docente, Universidad Nacional de La Plata, 1985-1990 y 2011-2014 - Coordinador T\u00e9cnico en Universidad Nacional de Tres de Febrero, 2014 - 2019 - Director en Arquitectura Escolar, Provincia de Buenos Aires, 1991-1996 y 2001-2010 - Representante T\u00e9cnico, convenio UBA - FETINGRA, a\u00f1os 2020 a la fecha\",\"sameAs\":[\"https:\\\/\\\/marcelogardinetti.com\\\/\",\"https:\\\/\\\/www.facebook.com\\\/marcegardinetti\",\"https:\\\/\\\/www.instagram.com\\\/marcelogardinetti\\\/\",\"https:\\\/\\\/www.linkedin.com\\\/in\\\/marcelogardinetti\\\/\",\"https:\\\/\\\/x.com\\\/https:\\\/\\\/twitter.com\\\/marcegardinetti\"],\"url\":\"https:\\\/\\\/veredes.es\\\/blog\\\/author\\\/marcelo-gardinetti\\\/\"}]}<\/script>\n<!-- \/ Yoast SEO plugin. -->","yoast_head_json":{"title":"[:es]Un universo, una casa | Marcelo Gardinetti[:gl]Un universo, unha casa | Marcelo Gardinetti[:en]A universe, a house | Marcelo Gardinetti[:] - veredes","description":"Toda la informaci\u00f3n sobre: [:es]Un universo, una casa | Marcelo Gardinetti[:gl]Un universo, unha casa | Marcelo Gardinetti[:en]A universe, a house | Marcelo Gardinetti[:]","robots":{"index":"index","follow":"follow","max-snippet":"max-snippet:-1","max-image-preview":"max-image-preview:large","max-video-preview":"max-video-preview:-1"},"canonical":"https:\/\/veredes.es\/blog\/universo-una-casa-marcelo-gardinetti\/","og_locale":"es_ES","og_type":"article","og_title":"[:es]Un universo, una casa | Marcelo Gardinetti[:gl]Un universo, unha casa | Marcelo Gardinetti[:en]A universe, a house | Marcelo Gardinetti[:] - veredes","og_description":"Toda la informaci\u00f3n sobre: [:es]Un universo, una casa | Marcelo Gardinetti[:gl]Un universo, unha casa | Marcelo Gardinetti[:en]A universe, a house | Marcelo Gardinetti[:]","og_url":"https:\/\/veredes.es\/blog\/universo-una-casa-marcelo-gardinetti\/","og_site_name":"veredes, arquitectura y divulgaci\u00f3n","article_publisher":"https:\/\/www.facebook.com\/veredesArquitecturayDivulgacion\/","article_author":"https:\/\/www.facebook.com\/marcegardinetti","article_published_time":"2019-04-28T22:01:14+00:00","og_image":[{"width":1200,"height":796,"url":"https:\/\/veredes.es\/blog\/wp-content\/uploads\/2019\/04\/Maison-Bordeaux-1996-98-Rem-Koolhas-\u00a9Hans-Werlemann-courtesy-OMA-1.jpg","type":"image\/jpeg"}],"author":"Marcelo Gardinetti","twitter_card":"summary_large_image","twitter_creator":"@https:\/\/twitter.com\/marcegardinetti","twitter_site":"@veredes","twitter_misc":{"Escrito por":"Marcelo Gardinetti","Tiempo de lectura":"10 minutos"},"schema":{"@context":"https:\/\/schema.org","@graph":[{"@type":"Article","@id":"https:\/\/veredes.es\/blog\/universo-una-casa-marcelo-gardinetti\/#article","isPartOf":{"@id":"https:\/\/veredes.es\/blog\/universo-una-casa-marcelo-gardinetti\/"},"author":{"name":"Marcelo Gardinetti","@id":"https:\/\/veredes.es\/blog\/#\/schema\/person\/e03af9138634cd6876b9935dc1536c82"},"headline":"Un universo, una casa | Marcelo Gardinetti","datePublished":"2019-04-28T22:01:14+00:00","mainEntityOfPage":{"@id":"https:\/\/veredes.es\/blog\/universo-una-casa-marcelo-gardinetti\/"},"wordCount":1950,"commentCount":0,"publisher":{"@id":"https:\/\/veredes.es\/blog\/#organization"},"image":{"@id":"https:\/\/veredes.es\/blog\/universo-una-casa-marcelo-gardinetti\/#primaryimage"},"thumbnailUrl":"https:\/\/veredes.es\/blog\/wp-content\/uploads\/2019\/04\/Maison-Bordeaux-1996-98-Rem-Koolhas-\u00a9Hans-Werlemann-courtesy-OMA-1.jpg","keywords":["arquitectura contempor\u00e1nea","arquitectura holandesa","arquitectura inglesa","arquitectura moderna","arquitectura m\u00f3vil","historia","Marcelo Gardinetti","OMA","Rem Koolhaas","teor\u00eda","vivienda","vivienda unifamiliar"],"articleSection":["art\u00edculos","slider principal"],"inLanguage":"es","potentialAction":[{"@type":"CommentAction","name":"Comment","target":["https:\/\/veredes.es\/blog\/universo-una-casa-marcelo-gardinetti\/#respond"]}]},{"@type":"WebPage","@id":"https:\/\/veredes.es\/blog\/universo-una-casa-marcelo-gardinetti\/","url":"https:\/\/veredes.es\/blog\/universo-una-casa-marcelo-gardinetti\/","name":"[:es]Un universo, una casa | Marcelo Gardinetti[:gl]Un universo, unha casa | Marcelo Gardinetti[:en]A universe, a house | Marcelo Gardinetti[:] - veredes","isPartOf":{"@id":"https:\/\/veredes.es\/blog\/#website"},"primaryImageOfPage":{"@id":"https:\/\/veredes.es\/blog\/universo-una-casa-marcelo-gardinetti\/#primaryimage"},"image":{"@id":"https:\/\/veredes.es\/blog\/universo-una-casa-marcelo-gardinetti\/#primaryimage"},"thumbnailUrl":"https:\/\/veredes.es\/blog\/wp-content\/uploads\/2019\/04\/Maison-Bordeaux-1996-98-Rem-Koolhas-\u00a9Hans-Werlemann-courtesy-OMA-1.jpg","datePublished":"2019-04-28T22:01:14+00:00","description":"Toda la informaci\u00f3n sobre: [:es]Un universo, una casa | Marcelo Gardinetti[:gl]Un universo, unha casa | Marcelo Gardinetti[:en]A universe, a house | Marcelo Gardinetti[:]","breadcrumb":{"@id":"https:\/\/veredes.es\/blog\/universo-una-casa-marcelo-gardinetti\/#breadcrumb"},"inLanguage":"es","potentialAction":[{"@type":"ReadAction","target":["https:\/\/veredes.es\/blog\/universo-una-casa-marcelo-gardinetti\/"]}]},{"@type":"ImageObject","inLanguage":"es","@id":"https:\/\/veredes.es\/blog\/universo-una-casa-marcelo-gardinetti\/#primaryimage","url":"https:\/\/veredes.es\/blog\/wp-content\/uploads\/2019\/04\/Maison-Bordeaux-1996-98-Rem-Koolhas-\u00a9Hans-Werlemann-courtesy-OMA-1.jpg","contentUrl":"https:\/\/veredes.es\/blog\/wp-content\/uploads\/2019\/04\/Maison-Bordeaux-1996-98-Rem-Koolhas-\u00a9Hans-Werlemann-courtesy-OMA-1.jpg","width":1200,"height":796,"caption":"Maison Bordeaux, 1996-98, Rem Koolhas \u00a9Hans Werlemann, courtesy OMA"},{"@type":"BreadcrumbList","@id":"https:\/\/veredes.es\/blog\/universo-una-casa-marcelo-gardinetti\/#breadcrumb","itemListElement":[{"@type":"ListItem","position":1,"name":"Portada","item":"https:\/\/veredes.es\/blog\/"},{"@type":"ListItem","position":2,"name":"Un universo, una casa | Marcelo Gardinetti"}]},{"@type":"WebSite","@id":"https:\/\/veredes.es\/blog\/#website","url":"https:\/\/veredes.es\/blog\/","name":"veredes, arquitectura y divulgaci\u00f3n","description":"veredes","publisher":{"@id":"https:\/\/veredes.es\/blog\/#organization"},"alternateName":"veredes","potentialAction":[{"@type":"SearchAction","target":{"@type":"EntryPoint","urlTemplate":"https:\/\/veredes.es\/blog\/?s={search_term_string}"},"query-input":{"@type":"PropertyValueSpecification","valueRequired":true,"valueName":"search_term_string"}}],"inLanguage":"es"},{"@type":"Organization","@id":"https:\/\/veredes.es\/blog\/#organization","name":"veredes, arquitectura y divulgaci\u00f3n","alternateName":"veredes","url":"https:\/\/veredes.es\/blog\/","logo":{"@type":"ImageObject","inLanguage":"es","@id":"https:\/\/veredes.es\/blog\/#\/schema\/logo\/image\/","url":"https:\/\/veredes.es\/blog\/wp-content\/uploads\/2021\/12\/veredes-logo-centrado_140x54.png","contentUrl":"https:\/\/veredes.es\/blog\/wp-content\/uploads\/2021\/12\/veredes-logo-centrado_140x54.png","width":140,"height":54,"caption":"veredes, arquitectura y divulgaci\u00f3n"},"image":{"@id":"https:\/\/veredes.es\/blog\/#\/schema\/logo\/image\/"},"sameAs":["https:\/\/www.facebook.com\/veredesArquitecturayDivulgacion\/","https:\/\/x.com\/veredes","https:\/\/instagram.com\/veredes\/","https:\/\/www.linkedin.com\/company\/veredes-arquitectura-y-divulgacion\/","https:\/\/es.pinterest.com\/veredes\/","https:\/\/www.tumblr.com\/veredes"]},{"@type":"Person","@id":"https:\/\/veredes.es\/blog\/#\/schema\/person\/e03af9138634cd6876b9935dc1536c82","name":"Marcelo Gardinetti","image":{"@type":"ImageObject","inLanguage":"es","@id":"https:\/\/veredes.es\/blog\/wp-content\/uploads\/2018\/04\/marcelogardinetti-96x96.jpg","url":"https:\/\/veredes.es\/blog\/wp-content\/uploads\/2018\/04\/marcelogardinetti-96x96.jpg","contentUrl":"https:\/\/veredes.es\/blog\/wp-content\/uploads\/2018\/04\/marcelogardinetti-96x96.jpg","caption":"Marcelo Gardinetti"},"description":"No voy a hablar de la penumbra, mejor voy a ver si puedo despertar. Arquitecto, - Universidad Nacional de La Plata, La Plata, 1985 - Editor responsable en Tecnne 2012 a la fecha. - Columnista de arquitectura en revistas y sitios web. 2012 a la fecha - Director en estudio de arquitectura, 1985 a la fecha. - Consultor Senior en Proyectos institucionales. 1995 a la fecha - Docente, Universidad Nacional de La Plata, 1985-1990 y 2011-2014 - Coordinador T\u00e9cnico en Universidad Nacional de Tres de Febrero, 2014 - 2019 - Director en Arquitectura Escolar, Provincia de Buenos Aires, 1991-1996 y 2001-2010 - Representante T\u00e9cnico, convenio UBA - FETINGRA, a\u00f1os 2020 a la fecha","sameAs":["https:\/\/marcelogardinetti.com\/","https:\/\/www.facebook.com\/marcegardinetti","https:\/\/www.instagram.com\/marcelogardinetti\/","https:\/\/www.linkedin.com\/in\/marcelogardinetti\/","https:\/\/x.com\/https:\/\/twitter.com\/marcegardinetti"],"url":"https:\/\/veredes.es\/blog\/author\/marcelo-gardinetti\/"}]}},"_links":{"self":[{"href":"https:\/\/veredes.es\/blog\/wp-json\/wp\/v2\/posts\/72867","targetHints":{"allow":["GET"]}}],"collection":[{"href":"https:\/\/veredes.es\/blog\/wp-json\/wp\/v2\/posts"}],"about":[{"href":"https:\/\/veredes.es\/blog\/wp-json\/wp\/v2\/types\/post"}],"author":[{"embeddable":true,"href":"https:\/\/veredes.es\/blog\/wp-json\/wp\/v2\/users\/4"}],"replies":[{"embeddable":true,"href":"https:\/\/veredes.es\/blog\/wp-json\/wp\/v2\/comments?post=72867"}],"version-history":[{"count":0,"href":"https:\/\/veredes.es\/blog\/wp-json\/wp\/v2\/posts\/72867\/revisions"}],"wp:featuredmedia":[{"embeddable":true,"href":"https:\/\/veredes.es\/blog\/wp-json\/wp\/v2\/media\/72870"}],"wp:attachment":[{"href":"https:\/\/veredes.es\/blog\/wp-json\/wp\/v2\/media?parent=72867"}],"wp:term":[{"taxonomy":"category","embeddable":true,"href":"https:\/\/veredes.es\/blog\/wp-json\/wp\/v2\/categories?post=72867"},{"taxonomy":"post_tag","embeddable":true,"href":"https:\/\/veredes.es\/blog\/wp-json\/wp\/v2\/tags?post=72867"}],"curies":[{"name":"wp","href":"https:\/\/api.w.org\/{rel}","templated":true}]}}