{"id":72225,"date":"2019-04-24T00:01:24","date_gmt":"2019-04-23T22:01:24","guid":{"rendered":"https:\/\/veredes.es\/blog\/?p=72225"},"modified":"2019-11-05T18:40:26","modified_gmt":"2019-11-05T17:40:26","slug":"shave-the-sailor-barbeshop-n8l2-vba-estudio","status":"publish","type":"post","link":"https:\/\/veredes.es\/blog\/shave-the-sailor-barbeshop-n8l2-vba-estudio\/","title":{"rendered":"Shave the Sailor. Barbeshop N8L2 | V&#038;Ba estudio"},"content":{"rendered":"<p><\/p>\n<p style=\"text-align: justify;\"><img loading=\"lazy\" decoding=\"async\" class=\"alignnone size-large wp-image-72233\" src=\"https:\/\/veredes.es\/blog\/wp-content\/uploads\/2019\/02\/Shave-the-Sailor.-Barbeshop-N8L2-VBa-estudio-o7-Exto1-1024x683.jpg\" alt=\"Shave the Sailor. Barbeshop N8L2 V&amp;Ba estudio o7 Exto1\" width=\"640\" height=\"427\" srcset=\"https:\/\/veredes.es\/blog\/wp-content\/uploads\/2019\/02\/Shave-the-Sailor.-Barbeshop-N8L2-VBa-estudio-o7-Exto1-1024x683.jpg 1024w, https:\/\/veredes.es\/blog\/wp-content\/uploads\/2019\/02\/Shave-the-Sailor.-Barbeshop-N8L2-VBa-estudio-o7-Exto1-300x200.jpg 300w, https:\/\/veredes.es\/blog\/wp-content\/uploads\/2019\/02\/Shave-the-Sailor.-Barbeshop-N8L2-VBa-estudio-o7-Exto1.jpg 1200w\" sizes=\"auto, (max-width: 640px) 100vw, 640px\" \/><\/p>\n<p style=\"text-align: justify;\"><strong>Refinado y con car\u00e1cter.<\/strong><\/p>\n<p style=\"text-align: justify;\">Entre lo bruto y lo delicado se encuentra nuestra \u00faltima reforma interior.<\/p>\n<p style=\"text-align: justify;\"><i>Shave the Sailor <\/i> es una barber\u00eda situada en pleno centro de Vigo y de inspiraci\u00f3n naval por influencia de los astilleros de la r\u00eda.<\/p>\n<p style=\"text-align: justify;\">Un espacio de apenas 55m2, totalmente optimizado que acoge una zona de trabajo para 3 butacas, un mostrador-bar, un guardarropa, un office, lava cabezas, aseo y almac\u00e9n. El local est\u00e1 muy estudiado, de tal manera que cada metro cuadrado se exprime al m\u00e1ximo con el fin de sacarle el mayor rendimiento sin restar sensaci\u00f3n de amplitud.<\/p>\n<p style=\"text-align: justify;\">Mediante una tabiquer\u00eda m\u00ednima de bloques de hormig\u00f3n, que no llegan hasta el techo, se delimitan los espacios m\u00e1s privados. Mientras, una piel m\u00e1s flexible y de car\u00e1cter semi-transparente y met\u00e1lica, define el resto de zonas creando un juego delicado de transparencias y relaciones visuales entre las diferentes \u00e1reas.<\/p>\n<p style=\"text-align: justify;\">El metal, el hormig\u00f3n y el viroc son los protagonistas del local. Su acabado al natural y en bruto intensifican el aspecto final de taller-laboratorio, y avivan la atm\u00f3sfera <i>garage<\/i> e industrial tan masculina y deseada por el cliente.<\/p>\n<p style=\"text-align: justify;\">Una de las singularidades de la barber\u00eda es el tratamiento e integraci\u00f3n de la luz. La iluminaci\u00f3n, justa y necesaria, nos ha ayudado a crear y acondicionar los ambientes de cada fase del proceso de corte y cuidado, otorgar la privacidad imprescindible, y la sensaci\u00f3n de confort indispensable. Por eso, tanto la colocaci\u00f3n de las luminarias, la selecci\u00f3n de la temperatura de color y la intensidad luminosa se miden seg\u00fan las necesidades de cada punto.<\/p>\n<div id='gallery-1' class='gallery galleryid-72225 gallery-columns-4 gallery-size-thumbnail'><figure class='gallery-item'>\n\t\t\t<div class='gallery-icon landscape'>\n\t\t\t\t<a href='https:\/\/veredes.es\/blog\/wp-content\/uploads\/2019\/02\/Shave-the-Sailor.-Barbeshop-N8L2-VBa-estudio-o1-EA-Panta.jpg'><img loading=\"lazy\" decoding=\"async\" width=\"120\" height=\"120\" src=\"https:\/\/veredes.es\/blog\/wp-content\/uploads\/2019\/02\/Shave-the-Sailor.-Barbeshop-N8L2-VBa-estudio-o1-EA-Panta-120x120.jpg\" class=\"attachment-thumbnail size-thumbnail\" alt=\"\" srcset=\"https:\/\/veredes.es\/blog\/wp-content\/uploads\/2019\/02\/Shave-the-Sailor.-Barbeshop-N8L2-VBa-estudio-o1-EA-Panta-120x120.jpg 120w, https:\/\/veredes.es\/blog\/wp-content\/uploads\/2019\/02\/Shave-the-Sailor.-Barbeshop-N8L2-VBa-estudio-o1-EA-Panta-300x300.jpg 300w, https:\/\/veredes.es\/blog\/wp-content\/uploads\/2019\/02\/Shave-the-Sailor.-Barbeshop-N8L2-VBa-estudio-o1-EA-Panta-1024x1024.jpg 1024w, https:\/\/veredes.es\/blog\/wp-content\/uploads\/2019\/02\/Shave-the-Sailor.-Barbeshop-N8L2-VBa-estudio-o1-EA-Panta-150x150.jpg 150w, https:\/\/veredes.es\/blog\/wp-content\/uploads\/2019\/02\/Shave-the-Sailor.-Barbeshop-N8L2-VBa-estudio-o1-EA-Panta.jpg 1200w\" sizes=\"auto, (max-width: 120px) 100vw, 120px\" \/><\/a>\n\t\t\t<\/div><\/figure><figure class='gallery-item'>\n\t\t\t<div class='gallery-icon landscape'>\n\t\t\t\t<a href='https:\/\/veredes.es\/blog\/wp-content\/uploads\/2019\/02\/Shave-the-Sailor.-Barbeshop-N8L2-VBa-estudio-o2-EA-Panta.jpg'><img loading=\"lazy\" decoding=\"async\" width=\"120\" height=\"120\" src=\"https:\/\/veredes.es\/blog\/wp-content\/uploads\/2019\/02\/Shave-the-Sailor.-Barbeshop-N8L2-VBa-estudio-o2-EA-Panta-120x120.jpg\" class=\"attachment-thumbnail size-thumbnail\" alt=\"\" srcset=\"https:\/\/veredes.es\/blog\/wp-content\/uploads\/2019\/02\/Shave-the-Sailor.-Barbeshop-N8L2-VBa-estudio-o2-EA-Panta-120x120.jpg 120w, https:\/\/veredes.es\/blog\/wp-content\/uploads\/2019\/02\/Shave-the-Sailor.-Barbeshop-N8L2-VBa-estudio-o2-EA-Panta-300x300.jpg 300w, https:\/\/veredes.es\/blog\/wp-content\/uploads\/2019\/02\/Shave-the-Sailor.-Barbeshop-N8L2-VBa-estudio-o2-EA-Panta-1024x1024.jpg 1024w, https:\/\/veredes.es\/blog\/wp-content\/uploads\/2019\/02\/Shave-the-Sailor.-Barbeshop-N8L2-VBa-estudio-o2-EA-Panta-150x150.jpg 150w, https:\/\/veredes.es\/blog\/wp-content\/uploads\/2019\/02\/Shave-the-Sailor.-Barbeshop-N8L2-VBa-estudio-o2-EA-Panta.jpg 1200w\" sizes=\"auto, (max-width: 120px) 100vw, 120px\" \/><\/a>\n\t\t\t<\/div><\/figure><figure class='gallery-item'>\n\t\t\t<div class='gallery-icon landscape'>\n\t\t\t\t<a href='https:\/\/veredes.es\/blog\/wp-content\/uploads\/2019\/02\/Shave-the-Sailor.-Barbeshop-N8L2-VBa-estudio-o3-Axo.jpg'><img loading=\"lazy\" decoding=\"async\" width=\"120\" height=\"120\" src=\"https:\/\/veredes.es\/blog\/wp-content\/uploads\/2019\/02\/Shave-the-Sailor.-Barbeshop-N8L2-VBa-estudio-o3-Axo-120x120.jpg\" class=\"attachment-thumbnail size-thumbnail\" alt=\"\" srcset=\"https:\/\/veredes.es\/blog\/wp-content\/uploads\/2019\/02\/Shave-the-Sailor.-Barbeshop-N8L2-VBa-estudio-o3-Axo-120x120.jpg 120w, https:\/\/veredes.es\/blog\/wp-content\/uploads\/2019\/02\/Shave-the-Sailor.-Barbeshop-N8L2-VBa-estudio-o3-Axo-150x150.jpg 150w\" sizes=\"auto, (max-width: 120px) 100vw, 120px\" \/><\/a>\n\t\t\t<\/div><\/figure><figure class='gallery-item'>\n\t\t\t<div class='gallery-icon landscape'>\n\t\t\t\t<a href='https:\/\/veredes.es\/blog\/wp-content\/uploads\/2019\/02\/Shave-the-Sailor.-Barbeshop-N8L2-VBa-estudio-o4-Planta.jpg'><img loading=\"lazy\" decoding=\"async\" width=\"120\" height=\"120\" src=\"https:\/\/veredes.es\/blog\/wp-content\/uploads\/2019\/02\/Shave-the-Sailor.-Barbeshop-N8L2-VBa-estudio-o4-Planta-120x120.jpg\" class=\"attachment-thumbnail size-thumbnail\" alt=\"\" srcset=\"https:\/\/veredes.es\/blog\/wp-content\/uploads\/2019\/02\/Shave-the-Sailor.-Barbeshop-N8L2-VBa-estudio-o4-Planta-120x120.jpg 120w, https:\/\/veredes.es\/blog\/wp-content\/uploads\/2019\/02\/Shave-the-Sailor.-Barbeshop-N8L2-VBa-estudio-o4-Planta-300x300.jpg 300w, https:\/\/veredes.es\/blog\/wp-content\/uploads\/2019\/02\/Shave-the-Sailor.-Barbeshop-N8L2-VBa-estudio-o4-Planta-1024x1024.jpg 1024w, https:\/\/veredes.es\/blog\/wp-content\/uploads\/2019\/02\/Shave-the-Sailor.-Barbeshop-N8L2-VBa-estudio-o4-Planta-150x150.jpg 150w, https:\/\/veredes.es\/blog\/wp-content\/uploads\/2019\/02\/Shave-the-Sailor.-Barbeshop-N8L2-VBa-estudio-o4-Planta.jpg 1200w\" sizes=\"auto, (max-width: 120px) 100vw, 120px\" \/><\/a>\n\t\t\t<\/div><\/figure><figure class='gallery-item'>\n\t\t\t<div class='gallery-icon landscape'>\n\t\t\t\t<a href='https:\/\/veredes.es\/blog\/wp-content\/uploads\/2019\/02\/Shave-the-Sailor.-Barbeshop-N8L2-VBa-estudio-o5-Secc.jpg'><img loading=\"lazy\" decoding=\"async\" width=\"120\" height=\"120\" src=\"https:\/\/veredes.es\/blog\/wp-content\/uploads\/2019\/02\/Shave-the-Sailor.-Barbeshop-N8L2-VBa-estudio-o5-Secc-120x120.jpg\" class=\"attachment-thumbnail size-thumbnail\" alt=\"\" srcset=\"https:\/\/veredes.es\/blog\/wp-content\/uploads\/2019\/02\/Shave-the-Sailor.-Barbeshop-N8L2-VBa-estudio-o5-Secc-120x120.jpg 120w, https:\/\/veredes.es\/blog\/wp-content\/uploads\/2019\/02\/Shave-the-Sailor.-Barbeshop-N8L2-VBa-estudio-o5-Secc-300x300.jpg 300w, https:\/\/veredes.es\/blog\/wp-content\/uploads\/2019\/02\/Shave-the-Sailor.-Barbeshop-N8L2-VBa-estudio-o5-Secc-1024x1024.jpg 1024w, https:\/\/veredes.es\/blog\/wp-content\/uploads\/2019\/02\/Shave-the-Sailor.-Barbeshop-N8L2-VBa-estudio-o5-Secc-150x150.jpg 150w, https:\/\/veredes.es\/blog\/wp-content\/uploads\/2019\/02\/Shave-the-Sailor.-Barbeshop-N8L2-VBa-estudio-o5-Secc.jpg 1200w\" sizes=\"auto, (max-width: 120px) 100vw, 120px\" \/><\/a>\n\t\t\t<\/div><\/figure><figure class='gallery-item'>\n\t\t\t<div class='gallery-icon landscape'>\n\t\t\t\t<a href='https:\/\/veredes.es\/blog\/wp-content\/uploads\/2019\/02\/Shave-the-Sailor.-Barbeshop-N8L2-VBa-estudio-o6-Alz-Secc.jpg'><img loading=\"lazy\" decoding=\"async\" width=\"120\" height=\"120\" src=\"https:\/\/veredes.es\/blog\/wp-content\/uploads\/2019\/02\/Shave-the-Sailor.-Barbeshop-N8L2-VBa-estudio-o6-Alz-Secc-120x120.jpg\" class=\"attachment-thumbnail size-thumbnail\" alt=\"\" srcset=\"https:\/\/veredes.es\/blog\/wp-content\/uploads\/2019\/02\/Shave-the-Sailor.-Barbeshop-N8L2-VBa-estudio-o6-Alz-Secc-120x120.jpg 120w, https:\/\/veredes.es\/blog\/wp-content\/uploads\/2019\/02\/Shave-the-Sailor.-Barbeshop-N8L2-VBa-estudio-o6-Alz-Secc-300x300.jpg 300w, https:\/\/veredes.es\/blog\/wp-content\/uploads\/2019\/02\/Shave-the-Sailor.-Barbeshop-N8L2-VBa-estudio-o6-Alz-Secc-1024x1024.jpg 1024w, https:\/\/veredes.es\/blog\/wp-content\/uploads\/2019\/02\/Shave-the-Sailor.-Barbeshop-N8L2-VBa-estudio-o6-Alz-Secc-150x150.jpg 150w, https:\/\/veredes.es\/blog\/wp-content\/uploads\/2019\/02\/Shave-the-Sailor.-Barbeshop-N8L2-VBa-estudio-o6-Alz-Secc.jpg 1200w\" sizes=\"auto, (max-width: 120px) 100vw, 120px\" \/><\/a>\n\t\t\t<\/div><\/figure><figure class='gallery-item'>\n\t\t\t<div class='gallery-icon landscape'>\n\t\t\t\t<a href='https:\/\/veredes.es\/blog\/wp-content\/uploads\/2019\/02\/Shave-the-Sailor.-Barbeshop-N8L2-VBa-estudio-o7-Exto1.jpg'><img loading=\"lazy\" decoding=\"async\" width=\"120\" height=\"120\" src=\"https:\/\/veredes.es\/blog\/wp-content\/uploads\/2019\/02\/Shave-the-Sailor.-Barbeshop-N8L2-VBa-estudio-o7-Exto1-120x120.jpg\" class=\"attachment-thumbnail size-thumbnail\" alt=\"\" srcset=\"https:\/\/veredes.es\/blog\/wp-content\/uploads\/2019\/02\/Shave-the-Sailor.-Barbeshop-N8L2-VBa-estudio-o7-Exto1-120x120.jpg 120w, https:\/\/veredes.es\/blog\/wp-content\/uploads\/2019\/02\/Shave-the-Sailor.-Barbeshop-N8L2-VBa-estudio-o7-Exto1-150x150.jpg 150w\" sizes=\"auto, (max-width: 120px) 100vw, 120px\" \/><\/a>\n\t\t\t<\/div><\/figure><figure class='gallery-item'>\n\t\t\t<div class='gallery-icon landscape'>\n\t\t\t\t<a href='https:\/\/veredes.es\/blog\/wp-content\/uploads\/2019\/02\/Shave-the-Sailor.-Barbeshop-N8L2-VBa-estudio-o8-into1.jpg'><img loading=\"lazy\" decoding=\"async\" width=\"120\" height=\"120\" src=\"https:\/\/veredes.es\/blog\/wp-content\/uploads\/2019\/02\/Shave-the-Sailor.-Barbeshop-N8L2-VBa-estudio-o8-into1-120x120.jpg\" class=\"attachment-thumbnail size-thumbnail\" alt=\"\" srcset=\"https:\/\/veredes.es\/blog\/wp-content\/uploads\/2019\/02\/Shave-the-Sailor.-Barbeshop-N8L2-VBa-estudio-o8-into1-120x120.jpg 120w, https:\/\/veredes.es\/blog\/wp-content\/uploads\/2019\/02\/Shave-the-Sailor.-Barbeshop-N8L2-VBa-estudio-o8-into1-150x150.jpg 150w\" sizes=\"auto, (max-width: 120px) 100vw, 120px\" \/><\/a>\n\t\t\t<\/div><\/figure><figure class='gallery-item'>\n\t\t\t<div class='gallery-icon landscape'>\n\t\t\t\t<a href='https:\/\/veredes.es\/blog\/wp-content\/uploads\/2019\/02\/Shave-the-Sailor.-Barbeshop-N8L2-VBa-estudio-o9-into2.jpg'><img loading=\"lazy\" decoding=\"async\" width=\"120\" height=\"120\" src=\"https:\/\/veredes.es\/blog\/wp-content\/uploads\/2019\/02\/Shave-the-Sailor.-Barbeshop-N8L2-VBa-estudio-o9-into2-120x120.jpg\" class=\"attachment-thumbnail size-thumbnail\" alt=\"\" srcset=\"https:\/\/veredes.es\/blog\/wp-content\/uploads\/2019\/02\/Shave-the-Sailor.-Barbeshop-N8L2-VBa-estudio-o9-into2-120x120.jpg 120w, https:\/\/veredes.es\/blog\/wp-content\/uploads\/2019\/02\/Shave-the-Sailor.-Barbeshop-N8L2-VBa-estudio-o9-into2-150x150.jpg 150w\" sizes=\"auto, (max-width: 120px) 100vw, 120px\" \/><\/a>\n\t\t\t<\/div><\/figure><figure class='gallery-item'>\n\t\t\t<div class='gallery-icon landscape'>\n\t\t\t\t<a href='https:\/\/veredes.es\/blog\/wp-content\/uploads\/2019\/02\/Shave-the-Sailor.-Barbeshop-N8L2-VBa-estudio-o10-into3.jpg'><img loading=\"lazy\" decoding=\"async\" width=\"120\" height=\"120\" src=\"https:\/\/veredes.es\/blog\/wp-content\/uploads\/2019\/02\/Shave-the-Sailor.-Barbeshop-N8L2-VBa-estudio-o10-into3-120x120.jpg\" class=\"attachment-thumbnail size-thumbnail\" alt=\"\" srcset=\"https:\/\/veredes.es\/blog\/wp-content\/uploads\/2019\/02\/Shave-the-Sailor.-Barbeshop-N8L2-VBa-estudio-o10-into3-120x120.jpg 120w, https:\/\/veredes.es\/blog\/wp-content\/uploads\/2019\/02\/Shave-the-Sailor.-Barbeshop-N8L2-VBa-estudio-o10-into3-150x150.jpg 150w\" sizes=\"auto, (max-width: 120px) 100vw, 120px\" \/><\/a>\n\t\t\t<\/div><\/figure><figure class='gallery-item'>\n\t\t\t<div class='gallery-icon landscape'>\n\t\t\t\t<a href='https:\/\/veredes.es\/blog\/wp-content\/uploads\/2019\/02\/Shave-the-Sailor.-Barbeshop-N8L2-VBa-estudio-o11-into4.jpg'><img loading=\"lazy\" decoding=\"async\" width=\"120\" height=\"120\" src=\"https:\/\/veredes.es\/blog\/wp-content\/uploads\/2019\/02\/Shave-the-Sailor.-Barbeshop-N8L2-VBa-estudio-o11-into4-120x120.jpg\" class=\"attachment-thumbnail size-thumbnail\" alt=\"\" srcset=\"https:\/\/veredes.es\/blog\/wp-content\/uploads\/2019\/02\/Shave-the-Sailor.-Barbeshop-N8L2-VBa-estudio-o11-into4-120x120.jpg 120w, https:\/\/veredes.es\/blog\/wp-content\/uploads\/2019\/02\/Shave-the-Sailor.-Barbeshop-N8L2-VBa-estudio-o11-into4-150x150.jpg 150w\" sizes=\"auto, (max-width: 120px) 100vw, 120px\" \/><\/a>\n\t\t\t<\/div><\/figure><figure class='gallery-item'>\n\t\t\t<div class='gallery-icon landscape'>\n\t\t\t\t<a href='https:\/\/veredes.es\/blog\/wp-content\/uploads\/2019\/02\/Shave-the-Sailor.-Barbeshop-N8L2-VBa-estudio-o12-into5.jpg'><img loading=\"lazy\" decoding=\"async\" width=\"120\" height=\"120\" src=\"https:\/\/veredes.es\/blog\/wp-content\/uploads\/2019\/02\/Shave-the-Sailor.-Barbeshop-N8L2-VBa-estudio-o12-into5-120x120.jpg\" class=\"attachment-thumbnail size-thumbnail\" alt=\"\" srcset=\"https:\/\/veredes.es\/blog\/wp-content\/uploads\/2019\/02\/Shave-the-Sailor.-Barbeshop-N8L2-VBa-estudio-o12-into5-120x120.jpg 120w, https:\/\/veredes.es\/blog\/wp-content\/uploads\/2019\/02\/Shave-the-Sailor.-Barbeshop-N8L2-VBa-estudio-o12-into5-150x150.jpg 150w\" sizes=\"auto, (max-width: 120px) 100vw, 120px\" \/><\/a>\n\t\t\t<\/div><\/figure><figure class='gallery-item'>\n\t\t\t<div class='gallery-icon landscape'>\n\t\t\t\t<a href='https:\/\/veredes.es\/blog\/wp-content\/uploads\/2019\/02\/Shave-the-Sailor.-Barbeshop-N8L2-VBa-estudio-o13-into6.jpg'><img loading=\"lazy\" decoding=\"async\" width=\"120\" height=\"120\" src=\"https:\/\/veredes.es\/blog\/wp-content\/uploads\/2019\/02\/Shave-the-Sailor.-Barbeshop-N8L2-VBa-estudio-o13-into6-120x120.jpg\" class=\"attachment-thumbnail size-thumbnail\" alt=\"\" srcset=\"https:\/\/veredes.es\/blog\/wp-content\/uploads\/2019\/02\/Shave-the-Sailor.-Barbeshop-N8L2-VBa-estudio-o13-into6-120x120.jpg 120w, https:\/\/veredes.es\/blog\/wp-content\/uploads\/2019\/02\/Shave-the-Sailor.-Barbeshop-N8L2-VBa-estudio-o13-into6-150x150.jpg 150w\" sizes=\"auto, (max-width: 120px) 100vw, 120px\" \/><\/a>\n\t\t\t<\/div><\/figure><figure class='gallery-item'>\n\t\t\t<div class='gallery-icon landscape'>\n\t\t\t\t<a href='https:\/\/veredes.es\/blog\/wp-content\/uploads\/2019\/02\/Shave-the-Sailor.-Barbeshop-N8L2-VBa-estudio-o14-into7.jpg'><img loading=\"lazy\" decoding=\"async\" width=\"120\" height=\"120\" src=\"https:\/\/veredes.es\/blog\/wp-content\/uploads\/2019\/02\/Shave-the-Sailor.-Barbeshop-N8L2-VBa-estudio-o14-into7-120x120.jpg\" class=\"attachment-thumbnail size-thumbnail\" alt=\"\" srcset=\"https:\/\/veredes.es\/blog\/wp-content\/uploads\/2019\/02\/Shave-the-Sailor.-Barbeshop-N8L2-VBa-estudio-o14-into7-120x120.jpg 120w, https:\/\/veredes.es\/blog\/wp-content\/uploads\/2019\/02\/Shave-the-Sailor.-Barbeshop-N8L2-VBa-estudio-o14-into7-150x150.jpg 150w\" sizes=\"auto, (max-width: 120px) 100vw, 120px\" \/><\/a>\n\t\t\t<\/div><\/figure><figure class='gallery-item'>\n\t\t\t<div class='gallery-icon landscape'>\n\t\t\t\t<a href='https:\/\/veredes.es\/blog\/wp-content\/uploads\/2019\/02\/Shave-the-Sailor.-Barbeshop-N8L2-VBa-estudio-o15-into8.jpg'><img loading=\"lazy\" decoding=\"async\" width=\"120\" height=\"120\" src=\"https:\/\/veredes.es\/blog\/wp-content\/uploads\/2019\/02\/Shave-the-Sailor.-Barbeshop-N8L2-VBa-estudio-o15-into8-120x120.jpg\" class=\"attachment-thumbnail size-thumbnail\" alt=\"\" srcset=\"https:\/\/veredes.es\/blog\/wp-content\/uploads\/2019\/02\/Shave-the-Sailor.-Barbeshop-N8L2-VBa-estudio-o15-into8-120x120.jpg 120w, https:\/\/veredes.es\/blog\/wp-content\/uploads\/2019\/02\/Shave-the-Sailor.-Barbeshop-N8L2-VBa-estudio-o15-into8-150x150.jpg 150w\" sizes=\"auto, (max-width: 120px) 100vw, 120px\" \/><\/a>\n\t\t\t<\/div><\/figure><figure class='gallery-item'>\n\t\t\t<div class='gallery-icon portrait'>\n\t\t\t\t<a href='https:\/\/veredes.es\/blog\/wp-content\/uploads\/2019\/02\/Shave-the-Sailor.-Barbeshop-N8L2-VBa-estudio-o16-into9.jpg'><img loading=\"lazy\" decoding=\"async\" width=\"120\" height=\"120\" src=\"https:\/\/veredes.es\/blog\/wp-content\/uploads\/2019\/02\/Shave-the-Sailor.-Barbeshop-N8L2-VBa-estudio-o16-into9-120x120.jpg\" class=\"attachment-thumbnail size-thumbnail\" alt=\"\" srcset=\"https:\/\/veredes.es\/blog\/wp-content\/uploads\/2019\/02\/Shave-the-Sailor.-Barbeshop-N8L2-VBa-estudio-o16-into9-120x120.jpg 120w, https:\/\/veredes.es\/blog\/wp-content\/uploads\/2019\/02\/Shave-the-Sailor.-Barbeshop-N8L2-VBa-estudio-o16-into9-150x150.jpg 150w\" sizes=\"auto, (max-width: 120px) 100vw, 120px\" \/><\/a>\n\t\t\t<\/div><\/figure><figure class='gallery-item'>\n\t\t\t<div class='gallery-icon landscape'>\n\t\t\t\t<a href='https:\/\/veredes.es\/blog\/wp-content\/uploads\/2019\/02\/Shave-the-Sailor.-Barbeshop-N8L2-VBa-estudio-o17-into10.jpg'><img loading=\"lazy\" decoding=\"async\" width=\"120\" height=\"120\" src=\"https:\/\/veredes.es\/blog\/wp-content\/uploads\/2019\/02\/Shave-the-Sailor.-Barbeshop-N8L2-VBa-estudio-o17-into10-120x120.jpg\" class=\"attachment-thumbnail size-thumbnail\" alt=\"\" srcset=\"https:\/\/veredes.es\/blog\/wp-content\/uploads\/2019\/02\/Shave-the-Sailor.-Barbeshop-N8L2-VBa-estudio-o17-into10-120x120.jpg 120w, https:\/\/veredes.es\/blog\/wp-content\/uploads\/2019\/02\/Shave-the-Sailor.-Barbeshop-N8L2-VBa-estudio-o17-into10-150x150.jpg 150w\" sizes=\"auto, (max-width: 120px) 100vw, 120px\" \/><\/a>\n\t\t\t<\/div><\/figure>\n\t\t<\/div>\n\n<p>Obra: Shave the Sailor. Barbeshop N8L2<br \/>\nAutor V&amp;BA estudio (Elena Gimeno)<br \/>\nUbicaci\u00f3n: Rua Eduardo Iglesias n\u00ba8 L2, Vigo<br \/>\nA\u00f1o: 2017<br \/>\nSuperficie \u00datil Total: 55 m\u00b2<br \/>\nSuperficie Construida Total: 65 m\u00b2<br \/>\nFotograf\u00eda: Nacho Mor\u00e1n<br \/>\nColaboradores: Maria Pintos Pav\u00f3n<br \/>\nConstructora: Construcciones Castro Figueiro S.L.<br \/>\n<a href=\"https:\/\/vandba.com\/\" target=\"_blank\"><span style=\"color: #999999;\">+ vandba.com<\/span><\/a><\/p>","protected":false},"excerpt":{"rendered":"<p>Refinado y con car\u00e1cter. Entre lo bruto y lo delicado se encuentra nuestra \u00faltima reforma interior. Shave the Sailor es una barber\u00eda situada en pleno centro de Vigo y de inspiraci\u00f3n naval por influencia de los astilleros de la r\u00eda. Un espacio de apenas 55m2, totalmente optimizado que acoge una zona de trabajo para 3 [&hellip;]<\/p>\n","protected":false},"author":2,"featured_media":72236,"comment_status":"open","ping_status":"closed","sticky":false,"template":"","format":"standard","meta":{"footnotes":""},"categories":[34,52,23,2039,5951],"tags":[2631,5865,344,14012,14011,12441,1843,847,1155,12472,12464,3686,14009,12465],"class_list":{"0":"post-72225","1":"post","2":"type-post","3":"status-publish","4":"format-standard","5":"has-post-thumbnail","7":"category-arquitectura","8":"category-equipamiento-terciario","9":"category-obras","10":"category-reforma-interior","12":"tag-arquitectura-espanola","13":"tag-arquitectura-gallega","14":"tag-comercio","15":"tag-elena-gimeno-bayes","16":"tag-enrique-pereira-vazquez","17":"tag-equipamiento-comercial","18":"tag-local-comercial","19":"tag-medio-rural","20":"tag-reforma","21":"tag-reforma-interior","22":"tag-rehabilitacion","23":"tag-rehabilitar","24":"tag-vba-estudio","25":"tag-vivienda"},"yoast_head":"<!-- This site is optimized with the Yoast SEO plugin v27.4 - https:\/\/yoast.com\/product\/yoast-seo-wordpress\/ -->\n<title>Shave the Sailor. Barbeshop N8L2 | V&amp;Ba estudio - veredes<\/title>\n<meta name=\"description\" content=\"Toda la informaci\u00f3n sobre: Shave the Sailor. Barbeshop N8L2 | V&amp;Ba estudio\" \/>\n<meta name=\"robots\" content=\"index, follow, max-snippet:-1, max-image-preview:large, max-video-preview:-1\" \/>\n<link rel=\"canonical\" href=\"https:\/\/veredes.es\/blog\/shave-the-sailor-barbeshop-n8l2-vba-estudio\/\" \/>\n<meta property=\"og:locale\" content=\"es_ES\" \/>\n<meta property=\"og:type\" content=\"article\" \/>\n<meta property=\"og:title\" content=\"Shave the Sailor. Barbeshop N8L2 | V&amp;Ba estudio - veredes\" \/>\n<meta property=\"og:description\" content=\"Toda la informaci\u00f3n sobre: Shave the Sailor. Barbeshop N8L2 | V&amp;Ba estudio\" \/>\n<meta property=\"og:url\" content=\"https:\/\/veredes.es\/blog\/shave-the-sailor-barbeshop-n8l2-vba-estudio\/\" \/>\n<meta property=\"og:site_name\" content=\"veredes, arquitectura y divulgaci\u00f3n\" \/>\n<meta property=\"article:publisher\" content=\"https:\/\/www.facebook.com\/veredesArquitecturayDivulgacion\/\" \/>\n<meta property=\"article:author\" content=\"https:\/\/www.facebook.com\/veredesArquitecturayDivulgacion\/\" \/>\n<meta property=\"article:published_time\" content=\"2019-04-23T22:01:24+00:00\" \/>\n<meta property=\"article:modified_time\" content=\"2019-11-05T17:40:26+00:00\" \/>\n<meta property=\"og:image\" content=\"https:\/\/veredes.es\/blog\/wp-content\/uploads\/2019\/02\/Shave-the-Sailor.-Barbeshop-N8L2-VBa-estudio-o10-into3.jpg\" \/>\n\t<meta property=\"og:image:width\" content=\"1200\" \/>\n\t<meta property=\"og:image:height\" content=\"800\" \/>\n\t<meta property=\"og:image:type\" content=\"image\/jpeg\" \/>\n<meta name=\"author\" content=\"veredes\" \/>\n<meta name=\"twitter:card\" content=\"summary_large_image\" \/>\n<meta name=\"twitter:creator\" content=\"@https:\/\/twitter.com\/veredes\" \/>\n<meta name=\"twitter:site\" content=\"@veredes\" \/>\n<meta name=\"twitter:label1\" content=\"Escrito por\" \/>\n\t<meta name=\"twitter:data1\" content=\"veredes\" \/>\n\t<meta name=\"twitter:label2\" content=\"Tiempo de lectura\" \/>\n\t<meta name=\"twitter:data2\" content=\"5 minutos\" \/>\n<script type=\"application\/ld+json\" class=\"yoast-schema-graph\">{\"@context\":\"https:\\\/\\\/schema.org\",\"@graph\":[{\"@type\":\"Article\",\"@id\":\"https:\\\/\\\/veredes.es\\\/blog\\\/shave-the-sailor-barbeshop-n8l2-vba-estudio\\\/#article\",\"isPartOf\":{\"@id\":\"https:\\\/\\\/veredes.es\\\/blog\\\/shave-the-sailor-barbeshop-n8l2-vba-estudio\\\/\"},\"author\":{\"name\":\"veredes\",\"@id\":\"https:\\\/\\\/veredes.es\\\/blog\\\/#\\\/schema\\\/person\\\/0bbb669073ef7faba5168a0844e93d2c\"},\"headline\":\"Shave the Sailor. Barbeshop N8L2 | V&#038;Ba estudio\",\"datePublished\":\"2019-04-23T22:01:24+00:00\",\"dateModified\":\"2019-11-05T17:40:26+00:00\",\"mainEntityOfPage\":{\"@id\":\"https:\\\/\\\/veredes.es\\\/blog\\\/shave-the-sailor-barbeshop-n8l2-vba-estudio\\\/\"},\"wordCount\":971,\"commentCount\":0,\"publisher\":{\"@id\":\"https:\\\/\\\/veredes.es\\\/blog\\\/#organization\"},\"image\":{\"@id\":\"https:\\\/\\\/veredes.es\\\/blog\\\/shave-the-sailor-barbeshop-n8l2-vba-estudio\\\/#primaryimage\"},\"thumbnailUrl\":\"https:\\\/\\\/veredes.es\\\/blog\\\/wp-content\\\/uploads\\\/2019\\\/02\\\/Shave-the-Sailor.-Barbeshop-N8L2-VBa-estudio-o10-into3.jpg\",\"keywords\":[\"arquitectura espa\u00f1ola\",\"arquitectura gallega\",\"comercio\",\"Elena Gimeno Bay\u00e9s\",\"Enrique Pereira V\u00e1zquez\",\"equipamiento comercial\",\"local comercial\",\"medio rural\",\"reforma\",\"reforma interior\",\"rehabilitaci\u00f3n\",\"rehabilitar\",\"V&amp;Ba estudio\",\"vivienda\"],\"articleSection\":[\"arquitectura\",\"equipamiento terciario\",\"obras\",\"reforma interior\",\"slider principal\"],\"inLanguage\":\"es\",\"potentialAction\":[{\"@type\":\"CommentAction\",\"name\":\"Comment\",\"target\":[\"https:\\\/\\\/veredes.es\\\/blog\\\/shave-the-sailor-barbeshop-n8l2-vba-estudio\\\/#respond\"]}]},{\"@type\":\"WebPage\",\"@id\":\"https:\\\/\\\/veredes.es\\\/blog\\\/shave-the-sailor-barbeshop-n8l2-vba-estudio\\\/\",\"url\":\"https:\\\/\\\/veredes.es\\\/blog\\\/shave-the-sailor-barbeshop-n8l2-vba-estudio\\\/\",\"name\":\"Shave the Sailor. Barbeshop N8L2 | V&Ba estudio - veredes\",\"isPartOf\":{\"@id\":\"https:\\\/\\\/veredes.es\\\/blog\\\/#website\"},\"primaryImageOfPage\":{\"@id\":\"https:\\\/\\\/veredes.es\\\/blog\\\/shave-the-sailor-barbeshop-n8l2-vba-estudio\\\/#primaryimage\"},\"image\":{\"@id\":\"https:\\\/\\\/veredes.es\\\/blog\\\/shave-the-sailor-barbeshop-n8l2-vba-estudio\\\/#primaryimage\"},\"thumbnailUrl\":\"https:\\\/\\\/veredes.es\\\/blog\\\/wp-content\\\/uploads\\\/2019\\\/02\\\/Shave-the-Sailor.-Barbeshop-N8L2-VBa-estudio-o10-into3.jpg\",\"datePublished\":\"2019-04-23T22:01:24+00:00\",\"dateModified\":\"2019-11-05T17:40:26+00:00\",\"description\":\"Toda la informaci\u00f3n sobre: Shave the Sailor. Barbeshop N8L2 | V&Ba estudio\",\"breadcrumb\":{\"@id\":\"https:\\\/\\\/veredes.es\\\/blog\\\/shave-the-sailor-barbeshop-n8l2-vba-estudio\\\/#breadcrumb\"},\"inLanguage\":\"es\",\"potentialAction\":[{\"@type\":\"ReadAction\",\"target\":[\"https:\\\/\\\/veredes.es\\\/blog\\\/shave-the-sailor-barbeshop-n8l2-vba-estudio\\\/\"]}]},{\"@type\":\"ImageObject\",\"inLanguage\":\"es\",\"@id\":\"https:\\\/\\\/veredes.es\\\/blog\\\/shave-the-sailor-barbeshop-n8l2-vba-estudio\\\/#primaryimage\",\"url\":\"https:\\\/\\\/veredes.es\\\/blog\\\/wp-content\\\/uploads\\\/2019\\\/02\\\/Shave-the-Sailor.-Barbeshop-N8L2-VBa-estudio-o10-into3.jpg\",\"contentUrl\":\"https:\\\/\\\/veredes.es\\\/blog\\\/wp-content\\\/uploads\\\/2019\\\/02\\\/Shave-the-Sailor.-Barbeshop-N8L2-VBa-estudio-o10-into3.jpg\",\"width\":1200,\"height\":800},{\"@type\":\"BreadcrumbList\",\"@id\":\"https:\\\/\\\/veredes.es\\\/blog\\\/shave-the-sailor-barbeshop-n8l2-vba-estudio\\\/#breadcrumb\",\"itemListElement\":[{\"@type\":\"ListItem\",\"position\":1,\"name\":\"Portada\",\"item\":\"https:\\\/\\\/veredes.es\\\/blog\\\/\"},{\"@type\":\"ListItem\",\"position\":2,\"name\":\"Shave the Sailor. Barbeshop N8L2 | V&#038;Ba estudio\"}]},{\"@type\":\"WebSite\",\"@id\":\"https:\\\/\\\/veredes.es\\\/blog\\\/#website\",\"url\":\"https:\\\/\\\/veredes.es\\\/blog\\\/\",\"name\":\"veredes, arquitectura y divulgaci\u00f3n\",\"description\":\"veredes\",\"publisher\":{\"@id\":\"https:\\\/\\\/veredes.es\\\/blog\\\/#organization\"},\"alternateName\":\"veredes\",\"potentialAction\":[{\"@type\":\"SearchAction\",\"target\":{\"@type\":\"EntryPoint\",\"urlTemplate\":\"https:\\\/\\\/veredes.es\\\/blog\\\/?s={search_term_string}\"},\"query-input\":{\"@type\":\"PropertyValueSpecification\",\"valueRequired\":true,\"valueName\":\"search_term_string\"}}],\"inLanguage\":\"es\"},{\"@type\":\"Organization\",\"@id\":\"https:\\\/\\\/veredes.es\\\/blog\\\/#organization\",\"name\":\"veredes, arquitectura y divulgaci\u00f3n\",\"alternateName\":\"veredes\",\"url\":\"https:\\\/\\\/veredes.es\\\/blog\\\/\",\"logo\":{\"@type\":\"ImageObject\",\"inLanguage\":\"es\",\"@id\":\"https:\\\/\\\/veredes.es\\\/blog\\\/#\\\/schema\\\/logo\\\/image\\\/\",\"url\":\"https:\\\/\\\/veredes.es\\\/blog\\\/wp-content\\\/uploads\\\/2021\\\/12\\\/veredes-logo-centrado_140x54.png\",\"contentUrl\":\"https:\\\/\\\/veredes.es\\\/blog\\\/wp-content\\\/uploads\\\/2021\\\/12\\\/veredes-logo-centrado_140x54.png\",\"width\":140,\"height\":54,\"caption\":\"veredes, arquitectura y divulgaci\u00f3n\"},\"image\":{\"@id\":\"https:\\\/\\\/veredes.es\\\/blog\\\/#\\\/schema\\\/logo\\\/image\\\/\"},\"sameAs\":[\"https:\\\/\\\/www.facebook.com\\\/veredesArquitecturayDivulgacion\\\/\",\"https:\\\/\\\/x.com\\\/veredes\",\"https:\\\/\\\/instagram.com\\\/veredes\\\/\",\"https:\\\/\\\/www.linkedin.com\\\/company\\\/veredes-arquitectura-y-divulgacion\\\/\",\"https:\\\/\\\/es.pinterest.com\\\/veredes\\\/\",\"https:\\\/\\\/www.tumblr.com\\\/veredes\"]},{\"@type\":\"Person\",\"@id\":\"https:\\\/\\\/veredes.es\\\/blog\\\/#\\\/schema\\\/person\\\/0bbb669073ef7faba5168a0844e93d2c\",\"name\":\"veredes\",\"image\":{\"@type\":\"ImageObject\",\"inLanguage\":\"es\",\"@id\":\"https:\\\/\\\/veredes.es\\\/blog\\\/wp-content\\\/uploads\\\/2018\\\/04\\\/face-96x96.jpg\",\"url\":\"https:\\\/\\\/veredes.es\\\/blog\\\/wp-content\\\/uploads\\\/2018\\\/04\\\/face-96x96.jpg\",\"contentUrl\":\"https:\\\/\\\/veredes.es\\\/blog\\\/wp-content\\\/uploads\\\/2018\\\/04\\\/face-96x96.jpg\",\"caption\":\"veredes\"},\"description\":\"Surge enero de 2009 como b\u00fasqueda de satisfacer el conocimiento de la actividad arquitect\u00f3nica y tangentes que se generan. La idea es crear un espacio para divulgar los diversos proyectos en busca de nueva inspiraci\u00f3n y de intercambio.\",\"sameAs\":[\"https:\\\/\\\/veredes.es\\\/\",\"https:\\\/\\\/www.facebook.com\\\/veredesArquitecturayDivulgacion\\\/\",\"https:\\\/\\\/www.instagram.com\\\/veredes\\\/\",\"https:\\\/\\\/www.linkedin.com\\\/company\\\/veredes-arquitectura-y-divulgacion\\\/\",\"https:\\\/\\\/www.pinterest.es\\\/veredes\\\/\",\"https:\\\/\\\/x.com\\\/https:\\\/\\\/twitter.com\\\/veredes\",\"https:\\\/\\\/veredes.tumblr.com\\\/\"],\"url\":\"https:\\\/\\\/veredes.es\\\/blog\\\/author\\\/alberto\\\/\"}]}<\/script>\n<!-- \/ Yoast SEO plugin. -->","yoast_head_json":{"title":"Shave the Sailor. Barbeshop N8L2 | V&Ba estudio - veredes","description":"Toda la informaci\u00f3n sobre: Shave the Sailor. Barbeshop N8L2 | V&Ba estudio","robots":{"index":"index","follow":"follow","max-snippet":"max-snippet:-1","max-image-preview":"max-image-preview:large","max-video-preview":"max-video-preview:-1"},"canonical":"https:\/\/veredes.es\/blog\/shave-the-sailor-barbeshop-n8l2-vba-estudio\/","og_locale":"es_ES","og_type":"article","og_title":"Shave the Sailor. Barbeshop N8L2 | V&Ba estudio - veredes","og_description":"Toda la informaci\u00f3n sobre: Shave the Sailor. Barbeshop N8L2 | V&Ba estudio","og_url":"https:\/\/veredes.es\/blog\/shave-the-sailor-barbeshop-n8l2-vba-estudio\/","og_site_name":"veredes, arquitectura y divulgaci\u00f3n","article_publisher":"https:\/\/www.facebook.com\/veredesArquitecturayDivulgacion\/","article_author":"https:\/\/www.facebook.com\/veredesArquitecturayDivulgacion\/","article_published_time":"2019-04-23T22:01:24+00:00","article_modified_time":"2019-11-05T17:40:26+00:00","og_image":[{"width":1200,"height":800,"url":"https:\/\/veredes.es\/blog\/wp-content\/uploads\/2019\/02\/Shave-the-Sailor.-Barbeshop-N8L2-VBa-estudio-o10-into3.jpg","type":"image\/jpeg"}],"author":"veredes","twitter_card":"summary_large_image","twitter_creator":"@https:\/\/twitter.com\/veredes","twitter_site":"@veredes","twitter_misc":{"Escrito por":"veredes","Tiempo de lectura":"5 minutos"},"schema":{"@context":"https:\/\/schema.org","@graph":[{"@type":"Article","@id":"https:\/\/veredes.es\/blog\/shave-the-sailor-barbeshop-n8l2-vba-estudio\/#article","isPartOf":{"@id":"https:\/\/veredes.es\/blog\/shave-the-sailor-barbeshop-n8l2-vba-estudio\/"},"author":{"name":"veredes","@id":"https:\/\/veredes.es\/blog\/#\/schema\/person\/0bbb669073ef7faba5168a0844e93d2c"},"headline":"Shave the Sailor. Barbeshop N8L2 | V&#038;Ba estudio","datePublished":"2019-04-23T22:01:24+00:00","dateModified":"2019-11-05T17:40:26+00:00","mainEntityOfPage":{"@id":"https:\/\/veredes.es\/blog\/shave-the-sailor-barbeshop-n8l2-vba-estudio\/"},"wordCount":971,"commentCount":0,"publisher":{"@id":"https:\/\/veredes.es\/blog\/#organization"},"image":{"@id":"https:\/\/veredes.es\/blog\/shave-the-sailor-barbeshop-n8l2-vba-estudio\/#primaryimage"},"thumbnailUrl":"https:\/\/veredes.es\/blog\/wp-content\/uploads\/2019\/02\/Shave-the-Sailor.-Barbeshop-N8L2-VBa-estudio-o10-into3.jpg","keywords":["arquitectura espa\u00f1ola","arquitectura gallega","comercio","Elena Gimeno Bay\u00e9s","Enrique Pereira V\u00e1zquez","equipamiento comercial","local comercial","medio rural","reforma","reforma interior","rehabilitaci\u00f3n","rehabilitar","V&amp;Ba estudio","vivienda"],"articleSection":["arquitectura","equipamiento terciario","obras","reforma interior","slider principal"],"inLanguage":"es","potentialAction":[{"@type":"CommentAction","name":"Comment","target":["https:\/\/veredes.es\/blog\/shave-the-sailor-barbeshop-n8l2-vba-estudio\/#respond"]}]},{"@type":"WebPage","@id":"https:\/\/veredes.es\/blog\/shave-the-sailor-barbeshop-n8l2-vba-estudio\/","url":"https:\/\/veredes.es\/blog\/shave-the-sailor-barbeshop-n8l2-vba-estudio\/","name":"Shave the Sailor. Barbeshop N8L2 | V&Ba estudio - veredes","isPartOf":{"@id":"https:\/\/veredes.es\/blog\/#website"},"primaryImageOfPage":{"@id":"https:\/\/veredes.es\/blog\/shave-the-sailor-barbeshop-n8l2-vba-estudio\/#primaryimage"},"image":{"@id":"https:\/\/veredes.es\/blog\/shave-the-sailor-barbeshop-n8l2-vba-estudio\/#primaryimage"},"thumbnailUrl":"https:\/\/veredes.es\/blog\/wp-content\/uploads\/2019\/02\/Shave-the-Sailor.-Barbeshop-N8L2-VBa-estudio-o10-into3.jpg","datePublished":"2019-04-23T22:01:24+00:00","dateModified":"2019-11-05T17:40:26+00:00","description":"Toda la informaci\u00f3n sobre: Shave the Sailor. Barbeshop N8L2 | V&Ba estudio","breadcrumb":{"@id":"https:\/\/veredes.es\/blog\/shave-the-sailor-barbeshop-n8l2-vba-estudio\/#breadcrumb"},"inLanguage":"es","potentialAction":[{"@type":"ReadAction","target":["https:\/\/veredes.es\/blog\/shave-the-sailor-barbeshop-n8l2-vba-estudio\/"]}]},{"@type":"ImageObject","inLanguage":"es","@id":"https:\/\/veredes.es\/blog\/shave-the-sailor-barbeshop-n8l2-vba-estudio\/#primaryimage","url":"https:\/\/veredes.es\/blog\/wp-content\/uploads\/2019\/02\/Shave-the-Sailor.-Barbeshop-N8L2-VBa-estudio-o10-into3.jpg","contentUrl":"https:\/\/veredes.es\/blog\/wp-content\/uploads\/2019\/02\/Shave-the-Sailor.-Barbeshop-N8L2-VBa-estudio-o10-into3.jpg","width":1200,"height":800},{"@type":"BreadcrumbList","@id":"https:\/\/veredes.es\/blog\/shave-the-sailor-barbeshop-n8l2-vba-estudio\/#breadcrumb","itemListElement":[{"@type":"ListItem","position":1,"name":"Portada","item":"https:\/\/veredes.es\/blog\/"},{"@type":"ListItem","position":2,"name":"Shave the Sailor. Barbeshop N8L2 | V&#038;Ba estudio"}]},{"@type":"WebSite","@id":"https:\/\/veredes.es\/blog\/#website","url":"https:\/\/veredes.es\/blog\/","name":"veredes, arquitectura y divulgaci\u00f3n","description":"veredes","publisher":{"@id":"https:\/\/veredes.es\/blog\/#organization"},"alternateName":"veredes","potentialAction":[{"@type":"SearchAction","target":{"@type":"EntryPoint","urlTemplate":"https:\/\/veredes.es\/blog\/?s={search_term_string}"},"query-input":{"@type":"PropertyValueSpecification","valueRequired":true,"valueName":"search_term_string"}}],"inLanguage":"es"},{"@type":"Organization","@id":"https:\/\/veredes.es\/blog\/#organization","name":"veredes, arquitectura y divulgaci\u00f3n","alternateName":"veredes","url":"https:\/\/veredes.es\/blog\/","logo":{"@type":"ImageObject","inLanguage":"es","@id":"https:\/\/veredes.es\/blog\/#\/schema\/logo\/image\/","url":"https:\/\/veredes.es\/blog\/wp-content\/uploads\/2021\/12\/veredes-logo-centrado_140x54.png","contentUrl":"https:\/\/veredes.es\/blog\/wp-content\/uploads\/2021\/12\/veredes-logo-centrado_140x54.png","width":140,"height":54,"caption":"veredes, arquitectura y divulgaci\u00f3n"},"image":{"@id":"https:\/\/veredes.es\/blog\/#\/schema\/logo\/image\/"},"sameAs":["https:\/\/www.facebook.com\/veredesArquitecturayDivulgacion\/","https:\/\/x.com\/veredes","https:\/\/instagram.com\/veredes\/","https:\/\/www.linkedin.com\/company\/veredes-arquitectura-y-divulgacion\/","https:\/\/es.pinterest.com\/veredes\/","https:\/\/www.tumblr.com\/veredes"]},{"@type":"Person","@id":"https:\/\/veredes.es\/blog\/#\/schema\/person\/0bbb669073ef7faba5168a0844e93d2c","name":"veredes","image":{"@type":"ImageObject","inLanguage":"es","@id":"https:\/\/veredes.es\/blog\/wp-content\/uploads\/2018\/04\/face-96x96.jpg","url":"https:\/\/veredes.es\/blog\/wp-content\/uploads\/2018\/04\/face-96x96.jpg","contentUrl":"https:\/\/veredes.es\/blog\/wp-content\/uploads\/2018\/04\/face-96x96.jpg","caption":"veredes"},"description":"Surge enero de 2009 como b\u00fasqueda de satisfacer el conocimiento de la actividad arquitect\u00f3nica y tangentes que se generan. La idea es crear un espacio para divulgar los diversos proyectos en busca de nueva inspiraci\u00f3n y de intercambio.","sameAs":["https:\/\/veredes.es\/","https:\/\/www.facebook.com\/veredesArquitecturayDivulgacion\/","https:\/\/www.instagram.com\/veredes\/","https:\/\/www.linkedin.com\/company\/veredes-arquitectura-y-divulgacion\/","https:\/\/www.pinterest.es\/veredes\/","https:\/\/x.com\/https:\/\/twitter.com\/veredes","https:\/\/veredes.tumblr.com\/"],"url":"https:\/\/veredes.es\/blog\/author\/alberto\/"}]}},"_links":{"self":[{"href":"https:\/\/veredes.es\/blog\/wp-json\/wp\/v2\/posts\/72225","targetHints":{"allow":["GET"]}}],"collection":[{"href":"https:\/\/veredes.es\/blog\/wp-json\/wp\/v2\/posts"}],"about":[{"href":"https:\/\/veredes.es\/blog\/wp-json\/wp\/v2\/types\/post"}],"author":[{"embeddable":true,"href":"https:\/\/veredes.es\/blog\/wp-json\/wp\/v2\/users\/2"}],"replies":[{"embeddable":true,"href":"https:\/\/veredes.es\/blog\/wp-json\/wp\/v2\/comments?post=72225"}],"version-history":[{"count":0,"href":"https:\/\/veredes.es\/blog\/wp-json\/wp\/v2\/posts\/72225\/revisions"}],"wp:featuredmedia":[{"embeddable":true,"href":"https:\/\/veredes.es\/blog\/wp-json\/wp\/v2\/media\/72236"}],"wp:attachment":[{"href":"https:\/\/veredes.es\/blog\/wp-json\/wp\/v2\/media?parent=72225"}],"wp:term":[{"taxonomy":"category","embeddable":true,"href":"https:\/\/veredes.es\/blog\/wp-json\/wp\/v2\/categories?post=72225"},{"taxonomy":"post_tag","embeddable":true,"href":"https:\/\/veredes.es\/blog\/wp-json\/wp\/v2\/tags?post=72225"}],"curies":[{"name":"wp","href":"https:\/\/api.w.org\/{rel}","templated":true}]}}