{"id":72033,"date":"2019-10-07T00:01:58","date_gmt":"2019-10-06T22:01:58","guid":{"rendered":"https:\/\/veredes.es\/blog\/?p=72033"},"modified":"2019-07-09T15:21:19","modified_gmt":"2019-07-09T13:21:19","slug":"textura-la-arquitectura-socialista-la-expresion-local-personal-jelena-prokopljevic","status":"publish","type":"post","link":"https:\/\/veredes.es\/blog\/textura-la-arquitectura-socialista-la-expresion-local-personal-jelena-prokopljevic\/","title":{"rendered":"Textura en la arquitectura socialista. La expresi\u00f3n local y personal | Jelena Prokopljevi\u0107"},"content":{"rendered":"<figure id=\"attachment_72036\" aria-describedby=\"caption-attachment-72036\" style=\"width: 640px\" class=\"wp-caption alignnone\"><img loading=\"lazy\" decoding=\"async\" class=\"size-large wp-image-72036\" src=\"https:\/\/veredes.es\/blog\/wp-content\/uploads\/2019\/10\/Textura-en-la-arquitectura-socialista.-La-expresi\u00f3n-local-y-personal-Jelena-Prokopljevi\u0107-Memorial-de-los-Partisanos-Mostar.-Bogdan-Bogdanovi\u0107-arq.-1965.-foto-W.-Thaler-1011x1024.jpg\" alt=\"Memorial de los Partisanos, Mostar. Bogdan Bogdanovi\u0107 arq. 1965. Foto: W. Thaler.\" width=\"640\" height=\"648\" srcset=\"https:\/\/veredes.es\/blog\/wp-content\/uploads\/2019\/10\/Textura-en-la-arquitectura-socialista.-La-expresi\u00f3n-local-y-personal-Jelena-Prokopljevi\u0107-Memorial-de-los-Partisanos-Mostar.-Bogdan-Bogdanovi\u0107-arq.-1965.-foto-W.-Thaler-1011x1024.jpg 1011w, https:\/\/veredes.es\/blog\/wp-content\/uploads\/2019\/10\/Textura-en-la-arquitectura-socialista.-La-expresi\u00f3n-local-y-personal-Jelena-Prokopljevi\u0107-Memorial-de-los-Partisanos-Mostar.-Bogdan-Bogdanovi\u0107-arq.-1965.-foto-W.-Thaler-296x300.jpg 296w, https:\/\/veredes.es\/blog\/wp-content\/uploads\/2019\/10\/Textura-en-la-arquitectura-socialista.-La-expresi\u00f3n-local-y-personal-Jelena-Prokopljevi\u0107-Memorial-de-los-Partisanos-Mostar.-Bogdan-Bogdanovi\u0107-arq.-1965.-foto-W.-Thaler.jpg 1200w\" sizes=\"auto, (max-width: 640px) 100vw, 640px\" \/><figcaption id=\"caption-attachment-72036\" class=\"wp-caption-text\"><span style=\"color: #999999;\">Memorial de los Partisanos, Mostar. Bogdan Bogdanovi\u0107 arq. 1965. Foto: W. Thaler.<\/span><\/figcaption><\/figure>\n<p style=\"text-align: justify;\">La arquitectura socialista fue generalmente concebida y entendida bajo el pretexto de internacionalismo. Las estrechas relaciones pol\u00edticas, la ayuda tecnol\u00f3gica y el trasvase de conocimiento entre los pa\u00edses se traduc\u00edan en la obra construida a trav\u00e9s de la similitud de respuestas formales y organizativas. Relacionada con la ideolog\u00eda de la masa popular como el protagonista de la historia, con la igualdad de oportunidades como reflejo de la justicia social y con la planificaci\u00f3n central de la construcci\u00f3n, esta arquitectura se ha percibido como impersonal por su escala y por su poca relaci\u00f3n con el contexto m\u00e1s inmediato. Es una generalizaci\u00f3n que ha marcado la producci\u00f3n arquitect\u00f3nica de la mitad este de Europa tanto desde el punto de vista exterior como desde sus propios usuarios y cr\u00edticos.<\/p>\n<p style=\"text-align: justify;\">El realismo socialista, el primer estilo com\u00fan para todo \u2013o casi todo- el mundo socialista, era un estilo ornamental basado en el neoclasicismo en el que las texturas se resaltaban principalmente por su contenido ret\u00f3rico. La arquitectura generalmente conocida como estalinista, se desarrollaba seg\u00fan la formula \u201cnacional en la forma, socialista en el contenido\u201d, en la cual la componente nacional garantizaba la proximidad discursiva con su contexto inmediato. Sin embargo, el realismo socialista era un conglomerado de formas racionalmente elegidas entre las arquitecturas hist\u00f3ricas representativas y trasmisoras de los valores progresistas. Esto, por supuesto, era cuesti\u00f3n de una interpretaci\u00f3n y evaluaci\u00f3n interesada de la producci\u00f3n arquitect\u00f3nica de los tiempos pasados, en la cual raras veces cab\u00edan formas y texturas vernaculares o propuestas personales.<\/p>\n<figure id=\"attachment_72037\" aria-describedby=\"caption-attachment-72037\" style=\"width: 640px\" class=\"wp-caption alignnone\"><img loading=\"lazy\" decoding=\"async\" class=\"size-large wp-image-72037\" src=\"https:\/\/veredes.es\/blog\/wp-content\/uploads\/2019\/10\/Textura-en-la-arquitectura-socialista.-La-expresi\u00f3n-local-y-personal-Jelena-Prokopljevi\u0107-Hotel-Podgorica-Svetana-Radenovi\u0107-arq.-1967-foto-W.-Thaler-731x1024.jpg\" alt=\"Hotel Podgorica, Svetana Radenovi\u0107 arq. 1967. Foto W. Thaler.\" width=\"640\" height=\"897\" srcset=\"https:\/\/veredes.es\/blog\/wp-content\/uploads\/2019\/10\/Textura-en-la-arquitectura-socialista.-La-expresi\u00f3n-local-y-personal-Jelena-Prokopljevi\u0107-Hotel-Podgorica-Svetana-Radenovi\u0107-arq.-1967-foto-W.-Thaler-731x1024.jpg 731w, https:\/\/veredes.es\/blog\/wp-content\/uploads\/2019\/10\/Textura-en-la-arquitectura-socialista.-La-expresi\u00f3n-local-y-personal-Jelena-Prokopljevi\u0107-Hotel-Podgorica-Svetana-Radenovi\u0107-arq.-1967-foto-W.-Thaler-214x300.jpg 214w, https:\/\/veredes.es\/blog\/wp-content\/uploads\/2019\/10\/Textura-en-la-arquitectura-socialista.-La-expresi\u00f3n-local-y-personal-Jelena-Prokopljevi\u0107-Hotel-Podgorica-Svetana-Radenovi\u0107-arq.-1967-foto-W.-Thaler.jpg 1200w\" sizes=\"auto, (max-width: 640px) 100vw, 640px\" \/><figcaption id=\"caption-attachment-72037\" class=\"wp-caption-text\"><span style=\"color: #999999;\">Hotel Podgorica, Svetana Radenovi\u0107 arq. 1967. Foto W. Thaler.<\/span><\/figcaption><\/figure>\n<p style=\"text-align: justify;\">El modernismo socialista que a partir de los mediados de los a\u00f1os 50 cambi\u00f3 el paradigma arquitect\u00f3nico de Europa del Este, se aproxima al estilo internacional y a sus posteriores evoluciones. La textura empieza a aparecer en las obras de los a\u00f1os 60 primero como la marca del encofrado en el hormig\u00f3n bruto y m\u00e1s tarde como material a\u00f1adido de piedras, elementos de cer\u00e1mica o hierro. El brutalismo tuvo bastantes seguidores en Yugoslavia cuyos arquitectos hab\u00edan trabajado con Le Corbusier, Paul Rudolph, Kenzo Tange o Louis Kahn y una gran parte de la arquitectura entre la segunda mitad de los 60 y primera de los 80 fue una interpretaci\u00f3n del brutalismo. Esto no fue tanto el caso en el resto de los pa\u00edses socialistas donde la textura se expres\u00f3 con otros medios y con otras intenciones.<\/p>\n<p style=\"text-align: justify;\">La introducci\u00f3n de las texturas en la arquitectura socialista tiene que ver con la tensi\u00f3n entre la modernidad universal de la que pretende formar parte y de las especificidades locales o nacionales determinadas ya desde el realismo socialista como parte constitutiva de la obra arquitect\u00f3nica. En el texto \u201c<a href=\"https:\/\/vdocuments.mx\/ricoeur-civilizacion-universal-y-culturas-nacionales.html\" target=\"_blank\">La Civilizaci\u00f3n Universal y las Culturas Nacionales<\/a>\u201d de 1961, citado por Kenneth Frampton, Paul Ricoeur plantea el problema de esta manera:<\/p>\n<blockquote>\n<p style=\"text-align: justify;\">\u201cPara formar parte de la civilizaci\u00f3n moderna es necesario formar parte, al mismo tiempo, de la racionalidad cient\u00edfica, t\u00e9cnica y pol\u00edtica, algo que a menudo exige puro y simple abandono de todo el pasado cultural. Esto es un hecho: todas las culturas no se pueden sostener y absorber el choque de la civilizaci\u00f3n moderna. Aqu\u00ed hay una paradoja: c\u00f3mo ser moderno y volver a los or\u00edgenes; c\u00f3mo reavivar a la civilizaci\u00f3n antigua y durmiente y tomar parte en la civilizaci\u00f3n universal\u2026\u201d<\/p>\n<\/blockquote>\n<figure id=\"attachment_72038\" aria-describedby=\"caption-attachment-72038\" style=\"width: 640px\" class=\"wp-caption alignnone\"><img loading=\"lazy\" decoding=\"async\" class=\"size-large wp-image-72038\" src=\"https:\/\/veredes.es\/blog\/wp-content\/uploads\/2019\/10\/Textura-en-la-arquitectura-socialista.-La-expresi\u00f3n-local-y-personal-Jelena-Prokopljevi\u0107-Archivo-Municipal-de-Skopje-Georgi-Konstantinovski-arq.-1966-68-foto-W.-Thaler-740x1024.jpg\" alt=\"Archivo Municipal de Skopje, Georgi Konstantinovski arq. 1966-68. Foto: W. Thaler.\" width=\"640\" height=\"886\" srcset=\"https:\/\/veredes.es\/blog\/wp-content\/uploads\/2019\/10\/Textura-en-la-arquitectura-socialista.-La-expresi\u00f3n-local-y-personal-Jelena-Prokopljevi\u0107-Archivo-Municipal-de-Skopje-Georgi-Konstantinovski-arq.-1966-68-foto-W.-Thaler-740x1024.jpg 740w, https:\/\/veredes.es\/blog\/wp-content\/uploads\/2019\/10\/Textura-en-la-arquitectura-socialista.-La-expresi\u00f3n-local-y-personal-Jelena-Prokopljevi\u0107-Archivo-Municipal-de-Skopje-Georgi-Konstantinovski-arq.-1966-68-foto-W.-Thaler-217x300.jpg 217w, https:\/\/veredes.es\/blog\/wp-content\/uploads\/2019\/10\/Textura-en-la-arquitectura-socialista.-La-expresi\u00f3n-local-y-personal-Jelena-Prokopljevi\u0107-Archivo-Municipal-de-Skopje-Georgi-Konstantinovski-arq.-1966-68-foto-W.-Thaler.jpg 1200w\" sizes=\"auto, (max-width: 640px) 100vw, 640px\" \/><figcaption id=\"caption-attachment-72038\" class=\"wp-caption-text\"><span style=\"color: #999999;\">Archivo Municipal de Skopje, Georgi Konstantinovski arq. 1966-68. Foto: W. Thale<\/span>r.<\/figcaption><\/figure>\n<p style=\"text-align: justify;\">El debate definido por Kenneth Frampton y <a href=\"https:\/\/en.wikipedia.org\/wiki\/Alexander_Tzonis\" target=\"_blank\">Alexander Tzonis<\/a> como el Regionalismo Cr\u00edtico incluy\u00f3 en los pa\u00edses socialistas la componente pol\u00edtica e ideol\u00f3gica que seg\u00fan el contexto o el programa era m\u00e1s o menos determinante. La introducci\u00f3n de la textura como elemento de expresi\u00f3n fue un importante acercamiento hacia lo local desde las superficies lisas de hormig\u00f3n, diferentes aplacados y vidrio del modernismo socialista. Teniendo en cuenta que las reminiscencias tradicionalistas no eran siempre bienvenidas, o que en algunos casos supon\u00edan tradiciones contrapuestas, las formas y texturas m\u00e1s individualistas tend\u00edan a inspirarse en unas herencias ancestrales, m\u00e1s abstractas, o como dec\u00eda <a href=\"https:\/\/veredes.es\/blog\/tag\/aldo-van-eyck\/\" target=\"_blank\">Aldo Van Eyck<\/a> en el congreso de Otterlo de 1959:<\/p>\n<blockquote>\n<p style=\"text-align: justify;\">\u201cLos arquitectos modernos han estado indagando continuamente sobre lo que es diferente en nuestro tiempo, hasta tal punto que han perdido de vista aquello que no es diferente, aquello que siempre ha sido esencialmente igual.\u201d<\/p>\n<\/blockquote>\n<p style=\"text-align: justify;\">La textura actuaba como el puente entre lo local y lo universal en los dos sentidos, siempre partiendo de un punto de vista moderno de organizaci\u00f3n de formas y espacios o de la tecnolog\u00eda de edificaci\u00f3n.<\/p>\n<figure id=\"attachment_72039\" aria-describedby=\"caption-attachment-72039\" style=\"width: 610px\" class=\"wp-caption alignnone\"><img loading=\"lazy\" decoding=\"async\" class=\"size-large wp-image-72039\" src=\"https:\/\/veredes.es\/blog\/wp-content\/uploads\/2019\/10\/Textura-en-la-arquitectura-socialista.-La-expresi\u00f3n-local-y-personal-Jelena-Prokopljevi\u0107-Viviendas-en-Belgrado-Mihajlo-Mitrovi\u0107-arq.-1964.-foto-M.-Perovic-610x1024.jpg\" alt=\"Viviendas en Belgrado, Mihajlo Mitrovi\u0107 arq. 1964. Foto: M. Perovic.\" width=\"610\" height=\"1024\" srcset=\"https:\/\/veredes.es\/blog\/wp-content\/uploads\/2019\/10\/Textura-en-la-arquitectura-socialista.-La-expresi\u00f3n-local-y-personal-Jelena-Prokopljevi\u0107-Viviendas-en-Belgrado-Mihajlo-Mitrovi\u0107-arq.-1964.-foto-M.-Perovic-610x1024.jpg 610w, https:\/\/veredes.es\/blog\/wp-content\/uploads\/2019\/10\/Textura-en-la-arquitectura-socialista.-La-expresi\u00f3n-local-y-personal-Jelena-Prokopljevi\u0107-Viviendas-en-Belgrado-Mihajlo-Mitrovi\u0107-arq.-1964.-foto-M.-Perovic-179x300.jpg 179w, https:\/\/veredes.es\/blog\/wp-content\/uploads\/2019\/10\/Textura-en-la-arquitectura-socialista.-La-expresi\u00f3n-local-y-personal-Jelena-Prokopljevi\u0107-Viviendas-en-Belgrado-Mihajlo-Mitrovi\u0107-arq.-1964.-foto-M.-Perovic.jpg 1200w\" sizes=\"auto, (max-width: 610px) 100vw, 610px\" \/><figcaption id=\"caption-attachment-72039\" class=\"wp-caption-text\"><span style=\"color: #999999;\">Viviendas en Belgrado, Mihajlo Mitrovi\u0107 arq. 1964. Foto: M. Perovic.<\/span><\/figcaption><\/figure>\n<p style=\"text-align: justify;\">La textura se introduce de dos maneras esenciales: como cualidad del material o como contraposici\u00f3n entre varios materiales para expresar el v\u00ednculo con el lugar una narrativa contextual o personal del autor de la obra y como elemento a\u00f1adido a la forma e industrialmente producido. En Yugoslavia, Bogdan Bogdanovi\u0107 reutiliza las piedras de las casas derruidas durante la guerra para configurar el recorrido del memorial de los Partisanos en Mostar. En su la arquitectura monumental, la materialidad jugar\u00e1 un papel importante junto con las formas transculturales, para entender a los memoriales revolucionarios anclados en el lugar por encima del tiempo y de la historia reciente. El hotel Podgorica, de la arquitecta Svetlana Radenovi\u0107, sobrepone las piedras del r\u00edo local a la estructura de hormig\u00f3n visto, acabado que en otras dimensiones y escalas ser\u00e1 utilizado para las fachadas prefabricadas de la vivienda colectiva.<\/p>\n<p style=\"text-align: justify;\"><a href=\"https:\/\/veredes.es\/blog\/tag\/edvard-ravnikar\/\" target=\"_blank\">Edvard Ravnikar<\/a> crea el v\u00ednculo cultural en los rascacielos de la Plaza de la Republica a trav\u00e9s de elementos de anclaje del aplacado de las fachadas, una referencia tanto local como personal a la arquitectura de <a href=\"https:\/\/veredes.es\/blog\/tag\/otto-koloman-wagner\/\" target=\"_blank\">Otto Wagner<\/a> y el contexto centroeuropeo en el cual la Eslovenia socialista se quer\u00eda reconocer. En su \u00fanica obra construida en Belgrado, <a href=\"https:\/\/veredes.es\/blog\/tag\/nikola-dobrovic\/\" target=\"_blank\">Nikola Dobrovi\u0107<\/a> hace un v\u00ednculo personal a las piedras de las murallas de Dubrovnik, ciudad que alberga la mayor parte de su obra construida. De una manera similar, utilizando la textura del hormig\u00f3n de su Archivo Municipal de Skopje (1966-68), el disc\u00edpulo macedonio de Paul Rudolph, el arquitecto <a href=\"https:\/\/en.wikipedia.org\/wiki\/Georgi_Konstantinovski\" target=\"_blank\">Georgi Konstantinovski<\/a>, rinde homenaje a su maestro de la Escuela de Arquitectura de Yale.<\/p>\n<figure id=\"attachment_72040\" aria-describedby=\"caption-attachment-72040\" style=\"width: 640px\" class=\"wp-caption alignnone\"><img loading=\"lazy\" decoding=\"async\" class=\"size-large wp-image-72040\" src=\"https:\/\/veredes.es\/blog\/wp-content\/uploads\/2019\/10\/Textura-en-la-arquitectura-socialista.-La-expresi\u00f3n-local-y-personal-Jelena-Prokopljevi\u0107-Kino-International-Berlin-Josef-Kaiser-arq-1024x659.jpg\" alt=\"Kino International, Berlin, Josef Kaiser arq, relieves de Waldemar Grzimek,Hubert Schiefelbein y Karl-Heinz Schamal, 1961-63. Foto: J. Prokopljevic\" width=\"640\" height=\"412\" srcset=\"https:\/\/veredes.es\/blog\/wp-content\/uploads\/2019\/10\/Textura-en-la-arquitectura-socialista.-La-expresi\u00f3n-local-y-personal-Jelena-Prokopljevi\u0107-Kino-International-Berlin-Josef-Kaiser-arq-1024x659.jpg 1024w, https:\/\/veredes.es\/blog\/wp-content\/uploads\/2019\/10\/Textura-en-la-arquitectura-socialista.-La-expresi\u00f3n-local-y-personal-Jelena-Prokopljevi\u0107-Kino-International-Berlin-Josef-Kaiser-arq-300x193.jpg 300w, https:\/\/veredes.es\/blog\/wp-content\/uploads\/2019\/10\/Textura-en-la-arquitectura-socialista.-La-expresi\u00f3n-local-y-personal-Jelena-Prokopljevi\u0107-Kino-International-Berlin-Josef-Kaiser-arq.jpg 1200w\" sizes=\"auto, (max-width: 640px) 100vw, 640px\" \/><figcaption id=\"caption-attachment-72040\" class=\"wp-caption-text\"><span style=\"color: #999999;\">Kino International, Berlin, Josef Kaiser arq, relieves de Waldemar Grzimek,Hubert Schiefelbein y Karl-Heinz Schamal, 1961-63. Foto: J. Prokopljevic<\/span><\/figcaption><\/figure>\n<p style=\"text-align: justify;\">La capacidad expresiva de la textura y la posibilidad de crear narrativas ligadas al lugar espec\u00edfico, ha llevado a la creaci\u00f3n de texturas nuevas, relacionadas con el contexto m\u00e1s amplio de la obra, con su contenido e incluso como expresi\u00f3n de las posibilidades tecnol\u00f3gicas de los materiales. <a href=\"https:\/\/fr.wikipedia.org\/wiki\/Mihajlo_Mitrovi%C4%87\" target=\"_blank\">Mihajlo Mitrovi\u0107<\/a> cre\u00f3 en sus obras unas texturas nuevas como combinaci\u00f3n de materiales y elementos prefabricados con una funcionalidad po\u00e9tica.<\/p>\n<p style=\"text-align: justify;\">La textura como un relieve abstracto tuvo mucha presencia en la construcci\u00f3n socialista, en elementos puntuales como barandillas o antepechos y en fachadas enteras. Los ejemplos casi simult\u00e1neos de la <a href=\"https:\/\/veredes.es\/blog\/la-viena-roja-oscar-tenreiro-degwitz\/\" target=\"_blank\">Karl Marx Alee<\/a> de Berl\u00edn oriental y de Cluj Napoca de Ruman\u00eda muestran variaciones en el l\u00edmite la textura y relieve.<\/p>\n<figure id=\"attachment_72041\" aria-describedby=\"caption-attachment-72041\" style=\"width: 640px\" class=\"wp-caption alignnone\"><img loading=\"lazy\" decoding=\"async\" class=\"size-large wp-image-72041\" src=\"https:\/\/veredes.es\/blog\/wp-content\/uploads\/2019\/10\/Textura-en-la-arquitectura-socialista.-La-expresi\u00f3n-local-y-personal-Jelena-Prokopljevi\u0107-Edificio-de-correos-y-telefon\u00eda-Cluj-Napoca-Romania-Vasile-Mitrea-arq.-1966-69.-foto-D.-Rusu-\u00a9BACU-1024x914.jpg\" alt=\"Edificio de correos y telefon\u00eda, Cluj-Napoca, Romania, Vasile Mitrea arq. 1966-69. Foto: D. Rusu \u00a9 BACU\" width=\"640\" height=\"571\" srcset=\"https:\/\/veredes.es\/blog\/wp-content\/uploads\/2019\/10\/Textura-en-la-arquitectura-socialista.-La-expresi\u00f3n-local-y-personal-Jelena-Prokopljevi\u0107-Edificio-de-correos-y-telefon\u00eda-Cluj-Napoca-Romania-Vasile-Mitrea-arq.-1966-69.-foto-D.-Rusu-\u00a9BACU-1024x914.jpg 1024w, https:\/\/veredes.es\/blog\/wp-content\/uploads\/2019\/10\/Textura-en-la-arquitectura-socialista.-La-expresi\u00f3n-local-y-personal-Jelena-Prokopljevi\u0107-Edificio-de-correos-y-telefon\u00eda-Cluj-Napoca-Romania-Vasile-Mitrea-arq.-1966-69.-foto-D.-Rusu-\u00a9BACU-300x268.jpg 300w, https:\/\/veredes.es\/blog\/wp-content\/uploads\/2019\/10\/Textura-en-la-arquitectura-socialista.-La-expresi\u00f3n-local-y-personal-Jelena-Prokopljevi\u0107-Edificio-de-correos-y-telefon\u00eda-Cluj-Napoca-Romania-Vasile-Mitrea-arq.-1966-69.-foto-D.-Rusu-\u00a9BACU.jpg 1200w\" sizes=\"auto, (max-width: 640px) 100vw, 640px\" \/><figcaption id=\"caption-attachment-72041\" class=\"wp-caption-text\"><span style=\"color: #999999;\">Edificio de correos y telefon\u00eda, Cluj-Napoca, Romania, Vasile Mitrea arq. 1966-69. Foto: D. Rusu \u00a9 BACU<\/span><\/figcaption><\/figure>\n<p style=\"text-align: justify;\">Alemania oriental fue la m\u00e1s desarrollada industrialmente entre los pa\u00edses socialistas. Fue conocida por la industria ligera, producci\u00f3n de bienes de consumo y de la construcci\u00f3n y sobre todo por sus sistemas de prefabricaci\u00f3n de una multitud de elementos arquitect\u00f3nicos. Los elementos de acabado se sistematizaron en opacos y semi-transparentes que fueron dise\u00f1ados como variaci\u00f3n y modernizaci\u00f3n de la forma tradicional de celos\u00eda. Desarrollando este tema se lleg\u00f3 a soluciones muy interesantes y funcionales para las fachadas opacas para los centros comerciales de Dresden, Leipzig o Magdenburgo, acabadas en tejidos met\u00e1licos.<\/p>\n<p style=\"text-align: justify;\">Una textura excepcional se cre\u00f3 en base de elementos prefabricados de hormig\u00f3n para el centro cultural de la ciudad de Chemnitz, entonces Karl-Marx Stadt en Alemania oriental. Obra del arquitecto <a href=\"http:\/\/architectuul.com\/architect\/rudolf-weiser\" target=\"_blank\">Rudolf Wei\u00dfer<\/a> inaugurada en 1974, la gran celos\u00eda de elementos curvados en forma de zig-zag fue creada para resaltar la diferencia de usos interiores la sala de conciertos que tambi\u00e9n es opaca y el hall de acceso y salas de exposiciones.<\/p>\n<div id='gallery-1' class='gallery galleryid-72033 gallery-columns-3 gallery-size-thumbnail'><figure class='gallery-item'>\n\t\t\t<div class='gallery-icon landscape'>\n\t\t\t\t<a href='https:\/\/veredes.es\/blog\/wp-content\/uploads\/2019\/10\/Textura-en-la-arquitectura-socialista.-La-expresi\u00f3n-local-y-personal-Jelena-Prokopljevi\u0107-Kaufhof-Tin-Leipzig-Richard-Wagner-arq.-1964-66-foto-J.-Prokopljevic.jpg'><img loading=\"lazy\" decoding=\"async\" width=\"120\" height=\"120\" src=\"https:\/\/veredes.es\/blog\/wp-content\/uploads\/2019\/10\/Textura-en-la-arquitectura-socialista.-La-expresi\u00f3n-local-y-personal-Jelena-Prokopljevi\u0107-Kaufhof-Tin-Leipzig-Richard-Wagner-arq.-1964-66-foto-J.-Prokopljevic-120x120.jpg\" class=\"attachment-thumbnail size-thumbnail\" alt=\"\" aria-describedby=\"gallery-1-72042\" srcset=\"https:\/\/veredes.es\/blog\/wp-content\/uploads\/2019\/10\/Textura-en-la-arquitectura-socialista.-La-expresi\u00f3n-local-y-personal-Jelena-Prokopljevi\u0107-Kaufhof-Tin-Leipzig-Richard-Wagner-arq.-1964-66-foto-J.-Prokopljevic-120x120.jpg 120w, https:\/\/veredes.es\/blog\/wp-content\/uploads\/2019\/10\/Textura-en-la-arquitectura-socialista.-La-expresi\u00f3n-local-y-personal-Jelena-Prokopljevi\u0107-Kaufhof-Tin-Leipzig-Richard-Wagner-arq.-1964-66-foto-J.-Prokopljevic-150x150.jpg 150w\" sizes=\"auto, (max-width: 120px) 100vw, 120px\" \/><\/a>\n\t\t\t<\/div>\n\t\t\t\t<figcaption class='wp-caption-text gallery-caption' id='gallery-1-72042'>\n\t\t\t\tKaufhof Tin, Leipzig, Richard Wagner arq. 1964-66. Foto: J. Prokopljevi\u0107.\n\t\t\t\t<\/figcaption><\/figure><figure class='gallery-item'>\n\t\t\t<div class='gallery-icon portrait'>\n\t\t\t\t<a href='https:\/\/veredes.es\/blog\/wp-content\/uploads\/2019\/10\/Textura-en-la-arquitectura-socialista.-La-expresi\u00f3n-local-y-personal-Jelena-Prokopljevi\u0107-Kaufhof-Centrum-Dresden-Ferenc-Simon-Ivan-Fokvari-arqs.-1973-78.jpg'><img loading=\"lazy\" decoding=\"async\" width=\"120\" height=\"120\" src=\"https:\/\/veredes.es\/blog\/wp-content\/uploads\/2019\/10\/Textura-en-la-arquitectura-socialista.-La-expresi\u00f3n-local-y-personal-Jelena-Prokopljevi\u0107-Kaufhof-Centrum-Dresden-Ferenc-Simon-Ivan-Fokvari-arqs.-1973-78-120x120.jpg\" class=\"attachment-thumbnail size-thumbnail\" alt=\"\" aria-describedby=\"gallery-1-72043\" srcset=\"https:\/\/veredes.es\/blog\/wp-content\/uploads\/2019\/10\/Textura-en-la-arquitectura-socialista.-La-expresi\u00f3n-local-y-personal-Jelena-Prokopljevi\u0107-Kaufhof-Centrum-Dresden-Ferenc-Simon-Ivan-Fokvari-arqs.-1973-78-120x120.jpg 120w, https:\/\/veredes.es\/blog\/wp-content\/uploads\/2019\/10\/Textura-en-la-arquitectura-socialista.-La-expresi\u00f3n-local-y-personal-Jelena-Prokopljevi\u0107-Kaufhof-Centrum-Dresden-Ferenc-Simon-Ivan-Fokvari-arqs.-1973-78-150x150.jpg 150w\" sizes=\"auto, (max-width: 120px) 100vw, 120px\" \/><\/a>\n\t\t\t<\/div>\n\t\t\t\t<figcaption class='wp-caption-text gallery-caption' id='gallery-1-72043'>\n\t\t\t\tKaufhof Centrum, Dresden, Ferenc Simon, Ivan Fokvari arqs. 1973-78.\n\t\t\t\t<\/figcaption><\/figure><figure class='gallery-item'>\n\t\t\t<div class='gallery-icon landscape'>\n\t\t\t\t<a href='https:\/\/veredes.es\/blog\/wp-content\/uploads\/2019\/10\/Textura-en-la-arquitectura-socialista.-La-expresi\u00f3n-local-y-personal-Jelena-Prokopljevi\u0107-Centrum-Warenhaus-Magdeburg-Michael-Emig-arq.-1969-73-foto-M.-Maleschka.jpg'><img loading=\"lazy\" decoding=\"async\" width=\"120\" height=\"120\" src=\"https:\/\/veredes.es\/blog\/wp-content\/uploads\/2019\/10\/Textura-en-la-arquitectura-socialista.-La-expresi\u00f3n-local-y-personal-Jelena-Prokopljevi\u0107-Centrum-Warenhaus-Magdeburg-Michael-Emig-arq.-1969-73-foto-M.-Maleschka-120x120.jpg\" class=\"attachment-thumbnail size-thumbnail\" alt=\"\" aria-describedby=\"gallery-1-72044\" srcset=\"https:\/\/veredes.es\/blog\/wp-content\/uploads\/2019\/10\/Textura-en-la-arquitectura-socialista.-La-expresi\u00f3n-local-y-personal-Jelena-Prokopljevi\u0107-Centrum-Warenhaus-Magdeburg-Michael-Emig-arq.-1969-73-foto-M.-Maleschka-120x120.jpg 120w, https:\/\/veredes.es\/blog\/wp-content\/uploads\/2019\/10\/Textura-en-la-arquitectura-socialista.-La-expresi\u00f3n-local-y-personal-Jelena-Prokopljevi\u0107-Centrum-Warenhaus-Magdeburg-Michael-Emig-arq.-1969-73-foto-M.-Maleschka-150x150.jpg 150w\" sizes=\"auto, (max-width: 120px) 100vw, 120px\" \/><\/a>\n\t\t\t<\/div>\n\t\t\t\t<figcaption class='wp-caption-text gallery-caption' id='gallery-1-72044'>\n\t\t\t\tCentrum Warenhaus Magdeburg, Michael Emig arq. 1969-73. Foto: M. Maleschka.\n\t\t\t\t<\/figcaption><\/figure><figure class='gallery-item'>\n\t\t\t<div class='gallery-icon landscape'>\n\t\t\t\t<a href='https:\/\/veredes.es\/blog\/wp-content\/uploads\/2019\/10\/Textura-en-la-arquitectura-socialista.-La-expresi\u00f3n-local-y-personal-Jelena-Prokopljevi\u0107-fachada-lateral-del-bloque-de-viviendas-en-Dresden-foto-J.-Prokopljevic.jpg'><img loading=\"lazy\" decoding=\"async\" width=\"120\" height=\"120\" src=\"https:\/\/veredes.es\/blog\/wp-content\/uploads\/2019\/10\/Textura-en-la-arquitectura-socialista.-La-expresi\u00f3n-local-y-personal-Jelena-Prokopljevi\u0107-fachada-lateral-del-bloque-de-viviendas-en-Dresden-foto-J.-Prokopljevic-120x120.jpg\" class=\"attachment-thumbnail size-thumbnail\" alt=\"\" aria-describedby=\"gallery-1-72045\" srcset=\"https:\/\/veredes.es\/blog\/wp-content\/uploads\/2019\/10\/Textura-en-la-arquitectura-socialista.-La-expresi\u00f3n-local-y-personal-Jelena-Prokopljevi\u0107-fachada-lateral-del-bloque-de-viviendas-en-Dresden-foto-J.-Prokopljevic-120x120.jpg 120w, https:\/\/veredes.es\/blog\/wp-content\/uploads\/2019\/10\/Textura-en-la-arquitectura-socialista.-La-expresi\u00f3n-local-y-personal-Jelena-Prokopljevi\u0107-fachada-lateral-del-bloque-de-viviendas-en-Dresden-foto-J.-Prokopljevic-150x150.jpg 150w\" sizes=\"auto, (max-width: 120px) 100vw, 120px\" \/><\/a>\n\t\t\t<\/div>\n\t\t\t\t<figcaption class='wp-caption-text gallery-caption' id='gallery-1-72045'>\n\t\t\t\tFachada lateral del bloque de viviendas en Dresden. Foto: J. Prokopljevi\u0107.\n\t\t\t\t<\/figcaption><\/figure><figure class='gallery-item'>\n\t\t\t<div class='gallery-icon landscape'>\n\t\t\t\t<a href='https:\/\/veredes.es\/blog\/wp-content\/uploads\/2019\/10\/Textura-en-la-arquitectura-socialista.-La-expresi\u00f3n-local-y-personal-Jelena-Prokopljevi\u0107-entrada-al-museo-de-Stasi-Berl\u00edn-1960.-foto-Jj.-Prokopljevic.jpg'><img loading=\"lazy\" decoding=\"async\" width=\"120\" height=\"120\" src=\"https:\/\/veredes.es\/blog\/wp-content\/uploads\/2019\/10\/Textura-en-la-arquitectura-socialista.-La-expresi\u00f3n-local-y-personal-Jelena-Prokopljevi\u0107-entrada-al-museo-de-Stasi-Berl\u00edn-1960.-foto-Jj.-Prokopljevic-120x120.jpg\" class=\"attachment-thumbnail size-thumbnail\" alt=\"\" aria-describedby=\"gallery-1-72046\" srcset=\"https:\/\/veredes.es\/blog\/wp-content\/uploads\/2019\/10\/Textura-en-la-arquitectura-socialista.-La-expresi\u00f3n-local-y-personal-Jelena-Prokopljevi\u0107-entrada-al-museo-de-Stasi-Berl\u00edn-1960.-foto-Jj.-Prokopljevic-120x120.jpg 120w, https:\/\/veredes.es\/blog\/wp-content\/uploads\/2019\/10\/Textura-en-la-arquitectura-socialista.-La-expresi\u00f3n-local-y-personal-Jelena-Prokopljevi\u0107-entrada-al-museo-de-Stasi-Berl\u00edn-1960.-foto-Jj.-Prokopljevic-150x150.jpg 150w\" sizes=\"auto, (max-width: 120px) 100vw, 120px\" \/><\/a>\n\t\t\t<\/div>\n\t\t\t\t<figcaption class='wp-caption-text gallery-caption' id='gallery-1-72046'>\n\t\t\t\tEntrada al museo de Stasi, Berl\u00edn, 1960. Foto: J. Prokopljevi\u0107.\n\t\t\t\t<\/figcaption><\/figure><figure class='gallery-item'>\n\t\t\t<div class='gallery-icon landscape'>\n\t\t\t\t<a href='https:\/\/veredes.es\/blog\/wp-content\/uploads\/2019\/10\/Textura-en-la-arquitectura-socialista.-La-expresi\u00f3n-local-y-personal-Jelena-Prokopljevi\u0107-Centro-cultural-de-Chemnitz-Rudolf-Wei\u00dfer-arq.-1974.-foto-R.-Bezjak.jpg'><img loading=\"lazy\" decoding=\"async\" width=\"120\" height=\"120\" src=\"https:\/\/veredes.es\/blog\/wp-content\/uploads\/2019\/10\/Textura-en-la-arquitectura-socialista.-La-expresi\u00f3n-local-y-personal-Jelena-Prokopljevi\u0107-Centro-cultural-de-Chemnitz-Rudolf-Wei\u00dfer-arq.-1974.-foto-R.-Bezjak-120x120.jpg\" class=\"attachment-thumbnail size-thumbnail\" alt=\"\" aria-describedby=\"gallery-1-72047\" srcset=\"https:\/\/veredes.es\/blog\/wp-content\/uploads\/2019\/10\/Textura-en-la-arquitectura-socialista.-La-expresi\u00f3n-local-y-personal-Jelena-Prokopljevi\u0107-Centro-cultural-de-Chemnitz-Rudolf-Wei\u00dfer-arq.-1974.-foto-R.-Bezjak-120x120.jpg 120w, https:\/\/veredes.es\/blog\/wp-content\/uploads\/2019\/10\/Textura-en-la-arquitectura-socialista.-La-expresi\u00f3n-local-y-personal-Jelena-Prokopljevi\u0107-Centro-cultural-de-Chemnitz-Rudolf-Wei\u00dfer-arq.-1974.-foto-R.-Bezjak-150x150.jpg 150w\" sizes=\"auto, (max-width: 120px) 100vw, 120px\" \/><\/a>\n\t\t\t<\/div>\n\t\t\t\t<figcaption class='wp-caption-text gallery-caption' id='gallery-1-72047'>\n\t\t\t\tCentro cultural de Chemnitz, Rudolf Wei\u00dfer arq. 1974. Foto: R. Bezjak\n\t\t\t\t<\/figcaption><\/figure>\n\t\t<\/div>\n\n<p style=\"text-align: justify;\">Bas\u00e1ndose en la artesan\u00eda tradicional y en la antropolog\u00eda, en su libro \u201c<a href=\"https:\/\/www.amazon.es\/gp\/product\/0521180864\/ref=as_li_tl?ie=UTF8&amp;camp=3638&amp;creative=24630&amp;creativeASIN=0521180864&amp;linkCode=as2&amp;tag=veredes-21&amp;linkId=29c56392f4a771c184088356b94107b6\" target=\"_blank\">Los Cuatro Elementos de Arquitectura<\/a>\u201d, publicado en 1851, <a href=\"https:\/\/veredes.es\/blog\/tag\/gottfried-semper\/\" target=\"_blank\">Gottfried Semper <\/a>defini\u00f3 el tejido como el origen de los cerramientos. Esta teor\u00eda, a veces criticada por r\u00edgida y fundamentada en la t\u00e9cnica y la experiencia del uso como el origen de las formas, ha sido repetidamente revisitada y reinterpretada, hasta la famosa <em>Curtain-wall house <\/em>de Shigeru Ban. Las celos\u00edas prefabricadas y ampliadas de la RDA tambi\u00e9n fueron una modernizaci\u00f3n a trav\u00e9s de la tecnolog\u00eda de esta teor\u00eda. La capacidad de hacer \u201caterrizar\u201d la arquitectura moderna en un contexto determinado hizo que las texturas prefabricadas inundaran la construcci\u00f3n de la Uni\u00f3n Sovi\u00e9tica y especialmente de sus rep\u00fablicas asi\u00e1ticas donde el contenido nacional era muy importante para expresar la identidad.<\/p>\n<p style=\"text-align: justify;\">Los motivos tradicionales de los tejidos inspiraron el Museo de Lenin de Tashkent de 1970, el cerramiento del hotel Uzbekist\u00e1n, como tambi\u00e9n El Palacio de las Nacionalidades de 1981 donde los elementos de la forma fueron pensados como complementarios a la textura nacional. En la creaci\u00f3n de la particular arquitectura neo-nacional de Corea del Norte, a partir de 1960, en parte para representar su independencia pol\u00edtica de los grandes poderes socialista (China y URSS), las texturas fueron parte imprescindible del men\u00fa formal. Las piezas prefabricadas reproduc\u00edan la ornamentaci\u00f3n y las texturas de los cerramientos tradicionalmente realizados en madera y papel.<\/p>\n<div id='gallery-2' class='gallery galleryid-72033 gallery-columns-3 gallery-size-thumbnail'><figure class='gallery-item'>\n\t\t\t<div class='gallery-icon landscape'>\n\t\t\t\t<a href='https:\/\/veredes.es\/blog\/wp-content\/uploads\/2019\/10\/Textura-en-la-arquitectura-socialista.-La-expresi\u00f3n-local-y-personal-Jelena-Prokopljevi\u0107-Museo-de-Lenin-Tashkent-Y.-Rosanov-y-V.-Shestopalov-arqs.-1970.-foto-F.-Chaubin.jpg'><img loading=\"lazy\" decoding=\"async\" width=\"120\" height=\"120\" src=\"https:\/\/veredes.es\/blog\/wp-content\/uploads\/2019\/10\/Textura-en-la-arquitectura-socialista.-La-expresi\u00f3n-local-y-personal-Jelena-Prokopljevi\u0107-Museo-de-Lenin-Tashkent-Y.-Rosanov-y-V.-Shestopalov-arqs.-1970.-foto-F.-Chaubin-120x120.jpg\" class=\"attachment-thumbnail size-thumbnail\" alt=\"\" aria-describedby=\"gallery-2-72048\" srcset=\"https:\/\/veredes.es\/blog\/wp-content\/uploads\/2019\/10\/Textura-en-la-arquitectura-socialista.-La-expresi\u00f3n-local-y-personal-Jelena-Prokopljevi\u0107-Museo-de-Lenin-Tashkent-Y.-Rosanov-y-V.-Shestopalov-arqs.-1970.-foto-F.-Chaubin-120x120.jpg 120w, https:\/\/veredes.es\/blog\/wp-content\/uploads\/2019\/10\/Textura-en-la-arquitectura-socialista.-La-expresi\u00f3n-local-y-personal-Jelena-Prokopljevi\u0107-Museo-de-Lenin-Tashkent-Y.-Rosanov-y-V.-Shestopalov-arqs.-1970.-foto-F.-Chaubin-150x150.jpg 150w\" sizes=\"auto, (max-width: 120px) 100vw, 120px\" \/><\/a>\n\t\t\t<\/div>\n\t\t\t\t<figcaption class='wp-caption-text gallery-caption' id='gallery-2-72048'>\n\t\t\t\tMuseo de Lenin, Tashkent, Y. Rosanov y V. Shestopalov arqs. 1970. Foto: F. Chaubin.\n\t\t\t\t<\/figcaption><\/figure><figure class='gallery-item'>\n\t\t\t<div class='gallery-icon landscape'>\n\t\t\t\t<a href='https:\/\/veredes.es\/blog\/wp-content\/uploads\/2019\/10\/Textura-en-la-arquitectura-socialista.-La-expresi\u00f3n-local-y-personal-Jelena-Prokopljevi\u0107-Hotel-Uzbekistan-Tashkent-I.-Merport-L.-Yershova-V.-Rashchupkin-arqs-1980.jpg'><img loading=\"lazy\" decoding=\"async\" width=\"120\" height=\"120\" src=\"https:\/\/veredes.es\/blog\/wp-content\/uploads\/2019\/10\/Textura-en-la-arquitectura-socialista.-La-expresi\u00f3n-local-y-personal-Jelena-Prokopljevi\u0107-Hotel-Uzbekistan-Tashkent-I.-Merport-L.-Yershova-V.-Rashchupkin-arqs-1980-120x120.jpg\" class=\"attachment-thumbnail size-thumbnail\" alt=\"\" aria-describedby=\"gallery-2-72049\" srcset=\"https:\/\/veredes.es\/blog\/wp-content\/uploads\/2019\/10\/Textura-en-la-arquitectura-socialista.-La-expresi\u00f3n-local-y-personal-Jelena-Prokopljevi\u0107-Hotel-Uzbekistan-Tashkent-I.-Merport-L.-Yershova-V.-Rashchupkin-arqs-1980-120x120.jpg 120w, https:\/\/veredes.es\/blog\/wp-content\/uploads\/2019\/10\/Textura-en-la-arquitectura-socialista.-La-expresi\u00f3n-local-y-personal-Jelena-Prokopljevi\u0107-Hotel-Uzbekistan-Tashkent-I.-Merport-L.-Yershova-V.-Rashchupkin-arqs-1980-150x150.jpg 150w\" sizes=\"auto, (max-width: 120px) 100vw, 120px\" \/><\/a>\n\t\t\t<\/div>\n\t\t\t\t<figcaption class='wp-caption-text gallery-caption' id='gallery-2-72049'>\n\t\t\t\tHotel Uzbekistan, Tashkent, I. Merport, L. Yershova, V. Rashchupkin arqs. 1980.\n\t\t\t\t<\/figcaption><\/figure><figure class='gallery-item'>\n\t\t\t<div class='gallery-icon landscape'>\n\t\t\t\t<a href='https:\/\/veredes.es\/blog\/wp-content\/uploads\/2019\/10\/Textura-en-la-arquitectura-socialista.-La-expresi\u00f3n-local-y-personal-Jelena-Prokopljevi\u0107-Biblioteca-Universitaria-y-Nacional-de-Kosovo-Pristina-A.-Mutnjakovi\u0107-1971-82-foto-I.-Biancacci.jpg'><img loading=\"lazy\" decoding=\"async\" width=\"120\" height=\"120\" src=\"https:\/\/veredes.es\/blog\/wp-content\/uploads\/2019\/10\/Textura-en-la-arquitectura-socialista.-La-expresi\u00f3n-local-y-personal-Jelena-Prokopljevi\u0107-Biblioteca-Universitaria-y-Nacional-de-Kosovo-Pristina-A.-Mutnjakovi\u0107-1971-82-foto-I.-Biancacci-120x120.jpg\" class=\"attachment-thumbnail size-thumbnail\" alt=\"\" aria-describedby=\"gallery-2-72050\" srcset=\"https:\/\/veredes.es\/blog\/wp-content\/uploads\/2019\/10\/Textura-en-la-arquitectura-socialista.-La-expresi\u00f3n-local-y-personal-Jelena-Prokopljevi\u0107-Biblioteca-Universitaria-y-Nacional-de-Kosovo-Pristina-A.-Mutnjakovi\u0107-1971-82-foto-I.-Biancacci-120x120.jpg 120w, https:\/\/veredes.es\/blog\/wp-content\/uploads\/2019\/10\/Textura-en-la-arquitectura-socialista.-La-expresi\u00f3n-local-y-personal-Jelena-Prokopljevi\u0107-Biblioteca-Universitaria-y-Nacional-de-Kosovo-Pristina-A.-Mutnjakovi\u0107-1971-82-foto-I.-Biancacci-150x150.jpg 150w\" sizes=\"auto, (max-width: 120px) 100vw, 120px\" \/><\/a>\n\t\t\t<\/div>\n\t\t\t\t<figcaption class='wp-caption-text gallery-caption' id='gallery-2-72050'>\n\t\t\t\tBiblioteca Universitaria y Nacional de Kosovo, Pristina, A. Mutnjakovi\u0107, 1971-82. Foto: I. Biancacci.\n\t\t\t\t<\/figcaption><\/figure>\n\t\t<\/div>\n\n<p style=\"text-align: justify;\">El impacto visual de la textura, de la repetici\u00f3n infinita de motivos geom\u00e9tricos basada en elementos prefabricados se ha utilizado para crear narrativas, formando parte de las decisiones proyectuales sobre la forma y volumetr\u00eda. En la Biblioteca Universitaria y Nacional de Kosovo, construida en Pri\u0161tina entre 1971 y 1982, la textura met\u00e1lica fue parte \u00edntegra de la forma. El motivo de la reja en la arquitectura oriental que filtra la luz en el interior junto con la multitud de c\u00fapulas de origen bizantino y la volumetr\u00eda disgregada en recuerdo a la arquitectura popular, simbolizaba el car\u00e1cter multinacional de la sociedad kosovar.<\/p>\n<p style=\"text-align: justify;\">Un simbolismo quiz\u00e1s fallido ya que la biblioteca fue inaugurada simult\u00e1neamente con las primeras tensiones \u00e9tnicas. Con o sin la narrativa local, la imagen de textura se ha utilizado como manera de pensar la forma de las macroestructuras residenciales o de los equipamientos p\u00fablicos en Europa de Este, relacion\u00e1ndolas en un nivel m\u00e1s general, con una modernidad espec\u00edfica y muy reconocible de los a\u00f1os 70 y 80.<\/p>\n<p><a href=\"https:\/\/laciudadsocialista.wordpress.com\/\" target=\"_blank\">Jelena Prokopljevi\u0107<\/a>. Doctora Arquitecta.<br \/>\nBarcelona.\u00a0Diciembre 2014.<\/p>\n<p>&nbsp;<\/p>\n<p>&nbsp;<\/p>\n","protected":false},"excerpt":{"rendered":"<p>La arquitectura socialista fue generalmente concebida y entendida bajo el pretexto de internacionalismo. Las estrechas relaciones pol\u00edticas, la ayuda tecnol\u00f3gica y el trasvase de conocimiento entre los pa\u00edses se traduc\u00edan en la obra construida a trav\u00e9s de la similitud de respuestas formales y organizativas. Relacionada con la ideolog\u00eda de la masa popular como el protagonista [&hellip;]<\/p>\n","protected":false},"author":41,"featured_media":72045,"comment_status":"open","ping_status":"closed","sticky":false,"template":"","format":"standard","meta":{"footnotes":""},"categories":[5934,5951],"tags":[92,13958,7474,12780,13213,145,147,9577,8019,6145,2377,13212,150,6757,12779,12778,13951,13955,6577,12777,1621,13952,785,3104,841,7058,13957,13396,10511,13953,6313,13956,1226,3015,5276,13954,12468],"class_list":{"0":"post-72033","1":"post","2":"type-post","3":"status-publish","4":"format-standard","5":"has-post-thumbnail","7":"category-articulos","8":"category-slider-principal","9":"tag-aldo-van-eyck","10":"tag-alexander-tzonis","11":"tag-arquitectura-brutalista","12":"tag-arquitectura-comunista","13":"tag-arquitectura-eslovena","14":"tag-arquitectura-industrial","15":"tag-arquitectura-moderna","16":"tag-arquitectura-monumental","17":"tag-arquitectura-regionalista","18":"tag-arquitectura-rusa","19":"tag-arquitectura-social","20":"tag-arquitectura-socialista","21":"tag-arquitectura-tradicional","22":"tag-arquitectura-vernacula","23":"tag-arquitectura-yugoslava","24":"tag-ciudad-socialista","25":"tag-edvard-ravnikar","26":"tag-georgi-konstantinovski","27":"tag-gottfried-semper","28":"tag-jelena-prokopljevic","29":"tag-kenneth-frampton","30":"tag-kenzo-tange","31":"tag-le-corbusier","32":"tag-louis-i-kahn","33":"tag-material","34":"tag-materialidad","35":"tag-mihajlo-mitrovic","36":"tag-nikola-dobrovic","37":"tag-otto-koloman-wagner","38":"tag-paul-ricoeur","39":"tag-paul-rudolph","40":"tag-rudolf-weiser","41":"tag-shigeru-ban","42":"tag-simbolismo","43":"tag-simbolo","44":"tag-svetlana-radenovic","45":"tag-urbanismo"},"yoast_head":"<!-- This site is optimized with the Yoast SEO plugin v27.5 - https:\/\/yoast.com\/product\/yoast-seo-wordpress\/ -->\n<title>Textura en la arquitectura socialista. La expresi\u00f3n local y personal | Jelena Prokopljevi\u0107 - veredes<\/title>\n<meta name=\"description\" content=\"Toda la informaci\u00f3n sobre: Textura en la arquitectura socialista. La expresi\u00f3n local y personal | Jelena Prokopljevi\u0107\" \/>\n<meta name=\"robots\" content=\"index, follow, max-snippet:-1, max-image-preview:large, max-video-preview:-1\" \/>\n<link rel=\"canonical\" href=\"https:\/\/veredes.es\/blog\/textura-la-arquitectura-socialista-la-expresion-local-personal-jelena-prokopljevic\/\" \/>\n<meta property=\"og:locale\" content=\"es_ES\" \/>\n<meta property=\"og:type\" content=\"article\" \/>\n<meta property=\"og:title\" content=\"Textura en la arquitectura socialista. La expresi\u00f3n local y personal | Jelena Prokopljevi\u0107 - veredes\" \/>\n<meta property=\"og:description\" content=\"Toda la informaci\u00f3n sobre: Textura en la arquitectura socialista. La expresi\u00f3n local y personal | Jelena Prokopljevi\u0107\" \/>\n<meta property=\"og:url\" content=\"https:\/\/veredes.es\/blog\/textura-la-arquitectura-socialista-la-expresion-local-personal-jelena-prokopljevic\/\" \/>\n<meta property=\"og:site_name\" content=\"veredes, arquitectura y divulgaci\u00f3n\" \/>\n<meta property=\"article:publisher\" content=\"https:\/\/www.facebook.com\/veredesArquitecturayDivulgacion\/\" \/>\n<meta property=\"article:author\" content=\"https:\/\/www.facebook.com\/jelena.prokopljevic\" \/>\n<meta property=\"article:published_time\" content=\"2019-10-06T22:01:58+00:00\" \/>\n<meta property=\"og:image\" content=\"https:\/\/veredes.es\/blog\/wp-content\/uploads\/2019\/10\/Textura-en-la-arquitectura-socialista.-La-expresi\u00f3n-local-y-personal-Jelena-Prokopljevi\u0107-fachada-lateral-del-bloque-de-viviendas-en-Dresden-foto-J.-Prokopljevic.jpg\" \/>\n\t<meta property=\"og:image:width\" content=\"1200\" \/>\n\t<meta property=\"og:image:height\" content=\"866\" \/>\n\t<meta property=\"og:image:type\" content=\"image\/jpeg\" \/>\n<meta name=\"author\" content=\"Jelena Prokopljevi\u0107\" \/>\n<meta name=\"twitter:card\" content=\"summary_large_image\" \/>\n<meta name=\"twitter:creator\" content=\"@https:\/\/twitter.com\/jelena_pro\" \/>\n<meta name=\"twitter:site\" content=\"@veredes\" \/>\n<meta name=\"twitter:label1\" content=\"Escrito por\" \/>\n\t<meta name=\"twitter:data1\" content=\"Jelena Prokopljevi\u0107\" \/>\n\t<meta name=\"twitter:label2\" content=\"Tiempo de lectura\" \/>\n\t<meta name=\"twitter:data2\" content=\"10 minutos\" \/>\n<script type=\"application\/ld+json\" class=\"yoast-schema-graph\">{\"@context\":\"https:\\\/\\\/schema.org\",\"@graph\":[{\"@type\":\"Article\",\"@id\":\"https:\\\/\\\/veredes.es\\\/blog\\\/textura-la-arquitectura-socialista-la-expresion-local-personal-jelena-prokopljevic\\\/#article\",\"isPartOf\":{\"@id\":\"https:\\\/\\\/veredes.es\\\/blog\\\/textura-la-arquitectura-socialista-la-expresion-local-personal-jelena-prokopljevic\\\/\"},\"author\":{\"name\":\"Jelena Prokopljevi\u0107\",\"@id\":\"https:\\\/\\\/veredes.es\\\/blog\\\/#\\\/schema\\\/person\\\/1d843476b56756e2e3f8fe7f15524de4\"},\"headline\":\"Textura en la arquitectura socialista. La expresi\u00f3n local y personal | Jelena Prokopljevi\u0107\",\"datePublished\":\"2019-10-06T22:01:58+00:00\",\"mainEntityOfPage\":{\"@id\":\"https:\\\/\\\/veredes.es\\\/blog\\\/textura-la-arquitectura-socialista-la-expresion-local-personal-jelena-prokopljevic\\\/\"},\"wordCount\":1927,\"commentCount\":0,\"publisher\":{\"@id\":\"https:\\\/\\\/veredes.es\\\/blog\\\/#organization\"},\"image\":{\"@id\":\"https:\\\/\\\/veredes.es\\\/blog\\\/textura-la-arquitectura-socialista-la-expresion-local-personal-jelena-prokopljevic\\\/#primaryimage\"},\"thumbnailUrl\":\"https:\\\/\\\/veredes.es\\\/blog\\\/wp-content\\\/uploads\\\/2019\\\/10\\\/Textura-en-la-arquitectura-socialista.-La-expresi\u00f3n-local-y-personal-Jelena-Prokopljevi\u0107-fachada-lateral-del-bloque-de-viviendas-en-Dresden-foto-J.-Prokopljevic.jpg\",\"keywords\":[\"Aldo van Eyck\",\"Alexander Tzonis\",\"arquitectura brutalista\",\"arquitectura comunista\",\"arquitectura eslovena\",\"arquitectura industrial\",\"arquitectura moderna\",\"arquitectura monumental\",\"arquitectura regionalista\",\"arquitectura rusa\",\"arquitectura social\",\"arquitectura socialista\",\"arquitectura tradicional\",\"arquitectura vern\u00e1cula\",\"arquitectura yugoslava\",\"ciudad socialista\",\"Edvard Ravnikar\",\"Georgi Konstantinovski\",\"Gottfried Semper\",\"Jelena Prokopljevi\u0107\",\"Kenneth Frampton\",\"Kenzo Tange\",\"Le Corbusier\",\"Louis I. Kahn\",\"material\",\"materialidad\",\"Mihajlo Mitrovi\u0107\",\"Nikola Dobrovi\u0107\",\"Otto Koloman Wagner\",\"Paul Ricoeur\",\"Paul Rudolph\",\"Rudolf Wei\u00dfer\",\"Shigeru Ban\",\"simbolismo\",\"s\u00edmbolo\",\"Svetlana Radenovi\u0107\",\"urbanismo\"],\"articleSection\":[\"art\u00edculos\",\"slider principal\"],\"inLanguage\":\"es\",\"potentialAction\":[{\"@type\":\"CommentAction\",\"name\":\"Comment\",\"target\":[\"https:\\\/\\\/veredes.es\\\/blog\\\/textura-la-arquitectura-socialista-la-expresion-local-personal-jelena-prokopljevic\\\/#respond\"]}]},{\"@type\":\"WebPage\",\"@id\":\"https:\\\/\\\/veredes.es\\\/blog\\\/textura-la-arquitectura-socialista-la-expresion-local-personal-jelena-prokopljevic\\\/\",\"url\":\"https:\\\/\\\/veredes.es\\\/blog\\\/textura-la-arquitectura-socialista-la-expresion-local-personal-jelena-prokopljevic\\\/\",\"name\":\"Textura en la arquitectura socialista. La expresi\u00f3n local y personal | Jelena Prokopljevi\u0107 - veredes\",\"isPartOf\":{\"@id\":\"https:\\\/\\\/veredes.es\\\/blog\\\/#website\"},\"primaryImageOfPage\":{\"@id\":\"https:\\\/\\\/veredes.es\\\/blog\\\/textura-la-arquitectura-socialista-la-expresion-local-personal-jelena-prokopljevic\\\/#primaryimage\"},\"image\":{\"@id\":\"https:\\\/\\\/veredes.es\\\/blog\\\/textura-la-arquitectura-socialista-la-expresion-local-personal-jelena-prokopljevic\\\/#primaryimage\"},\"thumbnailUrl\":\"https:\\\/\\\/veredes.es\\\/blog\\\/wp-content\\\/uploads\\\/2019\\\/10\\\/Textura-en-la-arquitectura-socialista.-La-expresi\u00f3n-local-y-personal-Jelena-Prokopljevi\u0107-fachada-lateral-del-bloque-de-viviendas-en-Dresden-foto-J.-Prokopljevic.jpg\",\"datePublished\":\"2019-10-06T22:01:58+00:00\",\"description\":\"Toda la informaci\u00f3n sobre: Textura en la arquitectura socialista. La expresi\u00f3n local y personal | Jelena Prokopljevi\u0107\",\"breadcrumb\":{\"@id\":\"https:\\\/\\\/veredes.es\\\/blog\\\/textura-la-arquitectura-socialista-la-expresion-local-personal-jelena-prokopljevic\\\/#breadcrumb\"},\"inLanguage\":\"es\",\"potentialAction\":[{\"@type\":\"ReadAction\",\"target\":[\"https:\\\/\\\/veredes.es\\\/blog\\\/textura-la-arquitectura-socialista-la-expresion-local-personal-jelena-prokopljevic\\\/\"]}]},{\"@type\":\"ImageObject\",\"inLanguage\":\"es\",\"@id\":\"https:\\\/\\\/veredes.es\\\/blog\\\/textura-la-arquitectura-socialista-la-expresion-local-personal-jelena-prokopljevic\\\/#primaryimage\",\"url\":\"https:\\\/\\\/veredes.es\\\/blog\\\/wp-content\\\/uploads\\\/2019\\\/10\\\/Textura-en-la-arquitectura-socialista.-La-expresi\u00f3n-local-y-personal-Jelena-Prokopljevi\u0107-fachada-lateral-del-bloque-de-viviendas-en-Dresden-foto-J.-Prokopljevic.jpg\",\"contentUrl\":\"https:\\\/\\\/veredes.es\\\/blog\\\/wp-content\\\/uploads\\\/2019\\\/10\\\/Textura-en-la-arquitectura-socialista.-La-expresi\u00f3n-local-y-personal-Jelena-Prokopljevi\u0107-fachada-lateral-del-bloque-de-viviendas-en-Dresden-foto-J.-Prokopljevic.jpg\",\"width\":1200,\"height\":866,\"caption\":\"Fachada lateral del bloque de viviendas en Dresden. Foto: J. Prokopljevi\u0107.\"},{\"@type\":\"BreadcrumbList\",\"@id\":\"https:\\\/\\\/veredes.es\\\/blog\\\/textura-la-arquitectura-socialista-la-expresion-local-personal-jelena-prokopljevic\\\/#breadcrumb\",\"itemListElement\":[{\"@type\":\"ListItem\",\"position\":1,\"name\":\"Portada\",\"item\":\"https:\\\/\\\/veredes.es\\\/blog\\\/\"},{\"@type\":\"ListItem\",\"position\":2,\"name\":\"Textura en la arquitectura socialista. La expresi\u00f3n local y personal | Jelena Prokopljevi\u0107\"}]},{\"@type\":\"WebSite\",\"@id\":\"https:\\\/\\\/veredes.es\\\/blog\\\/#website\",\"url\":\"https:\\\/\\\/veredes.es\\\/blog\\\/\",\"name\":\"veredes, arquitectura y divulgaci\u00f3n\",\"description\":\"veredes\",\"publisher\":{\"@id\":\"https:\\\/\\\/veredes.es\\\/blog\\\/#organization\"},\"alternateName\":\"veredes\",\"potentialAction\":[{\"@type\":\"SearchAction\",\"target\":{\"@type\":\"EntryPoint\",\"urlTemplate\":\"https:\\\/\\\/veredes.es\\\/blog\\\/?s={search_term_string}\"},\"query-input\":{\"@type\":\"PropertyValueSpecification\",\"valueRequired\":true,\"valueName\":\"search_term_string\"}}],\"inLanguage\":\"es\"},{\"@type\":\"Organization\",\"@id\":\"https:\\\/\\\/veredes.es\\\/blog\\\/#organization\",\"name\":\"veredes, arquitectura y divulgaci\u00f3n\",\"alternateName\":\"veredes\",\"url\":\"https:\\\/\\\/veredes.es\\\/blog\\\/\",\"logo\":{\"@type\":\"ImageObject\",\"inLanguage\":\"es\",\"@id\":\"https:\\\/\\\/veredes.es\\\/blog\\\/#\\\/schema\\\/logo\\\/image\\\/\",\"url\":\"https:\\\/\\\/veredes.es\\\/blog\\\/wp-content\\\/uploads\\\/2021\\\/12\\\/veredes-logo-centrado_140x54.png\",\"contentUrl\":\"https:\\\/\\\/veredes.es\\\/blog\\\/wp-content\\\/uploads\\\/2021\\\/12\\\/veredes-logo-centrado_140x54.png\",\"width\":140,\"height\":54,\"caption\":\"veredes, arquitectura y divulgaci\u00f3n\"},\"image\":{\"@id\":\"https:\\\/\\\/veredes.es\\\/blog\\\/#\\\/schema\\\/logo\\\/image\\\/\"},\"sameAs\":[\"https:\\\/\\\/www.facebook.com\\\/veredesArquitecturayDivulgacion\\\/\",\"https:\\\/\\\/x.com\\\/veredes\",\"https:\\\/\\\/instagram.com\\\/veredes\\\/\",\"https:\\\/\\\/www.linkedin.com\\\/company\\\/veredes-arquitectura-y-divulgacion\\\/\",\"https:\\\/\\\/es.pinterest.com\\\/veredes\\\/\",\"https:\\\/\\\/www.tumblr.com\\\/veredes\"]},{\"@type\":\"Person\",\"@id\":\"https:\\\/\\\/veredes.es\\\/blog\\\/#\\\/schema\\\/person\\\/1d843476b56756e2e3f8fe7f15524de4\",\"name\":\"Jelena Prokopljevi\u0107\",\"image\":{\"@type\":\"ImageObject\",\"inLanguage\":\"es\",\"@id\":\"https:\\\/\\\/veredes.es\\\/blog\\\/wp-content\\\/uploads\\\/2018\\\/04\\\/Jelena-Prokopljevi\u0107_avatar_1524557239-96x96.jpg\",\"url\":\"https:\\\/\\\/veredes.es\\\/blog\\\/wp-content\\\/uploads\\\/2018\\\/04\\\/Jelena-Prokopljevi\u0107_avatar_1524557239-96x96.jpg\",\"contentUrl\":\"https:\\\/\\\/veredes.es\\\/blog\\\/wp-content\\\/uploads\\\/2018\\\/04\\\/Jelena-Prokopljevi\u0107_avatar_1524557239-96x96.jpg\",\"caption\":\"Jelena Prokopljevi\u0107\"},\"description\":\"Arquitecta e investigadora serbia, titulada por la Universidad de Belgrado, y residente en Barcelona, miembro del Comit\u00e9 de Expertos del Premio Europeo del Espacio P\u00fablico Urbano desde la edici\u00f3n del 2014. Se doctor\u00f3 en 2006 en la ETSAB, ciudad en la que reside y trabaja. Ha colaborado con la plataforma Eurasian Hub en proyectos de transformaci\u00f3n urbana y ha sido responsable del \u00e1rea de arquitectura y urbanismo en la Casa del Este, organizaci\u00f3n radicada en Barcelona y dedicada a promover la cooperaci\u00f3n con la Europa Central y Oriental. Entre sus publicaciones m\u00e1s destacadas, consta el libro Corea del Norte: Utop\u00eda de hormig\u00f3n; arquitectura y urbanismo al servicio de una ideolog\u00eda (escrito con Roger Mateos, 2012) y el art\u00edculo \u00abEspacio p\u00fablico en la ciudad socialista: entre la abundancia y la indefinici\u00f3n\u00bb, publicado en URBS, revista de estudios urbanos y ciencias sociales. Adem\u00e1s, suele impartir conferencias y participar en coloquios en lugares como la ETSAB, la Universidad Aut\u00f3noma de Barcelona (UAB), la fundaci\u00f3n Amigos de la UNESCO de Barcelona o la Universidad Ion Mincu de Bucarest. Prokopljevi\u0107 es miembro del Comit\u00e9 de expertos del Premio Europeo del Espacio P\u00fablico Urbano desde su edici\u00f3n de 2014.\",\"sameAs\":[\"https:\\\/\\\/laciudadsocialista.wordpress.com\\\/\",\"https:\\\/\\\/www.facebook.com\\\/jelena.prokopljevic\",\"https:\\\/\\\/www.instagram.com\\\/jlnp\\\/\",\"https:\\\/\\\/www.linkedin.com\\\/in\\\/jelena-prokopljevic-29006b43\\\/\",\"https:\\\/\\\/x.com\\\/https:\\\/\\\/twitter.com\\\/jelena_pro\"],\"url\":\"https:\\\/\\\/veredes.es\\\/blog\\\/author\\\/jelena-prokopljevic\\\/\"}]}<\/script>\n<!-- \/ Yoast SEO plugin. -->","yoast_head_json":{"title":"Textura en la arquitectura socialista. La expresi\u00f3n local y personal | Jelena Prokopljevi\u0107 - veredes","description":"Toda la informaci\u00f3n sobre: Textura en la arquitectura socialista. La expresi\u00f3n local y personal | Jelena Prokopljevi\u0107","robots":{"index":"index","follow":"follow","max-snippet":"max-snippet:-1","max-image-preview":"max-image-preview:large","max-video-preview":"max-video-preview:-1"},"canonical":"https:\/\/veredes.es\/blog\/textura-la-arquitectura-socialista-la-expresion-local-personal-jelena-prokopljevic\/","og_locale":"es_ES","og_type":"article","og_title":"Textura en la arquitectura socialista. La expresi\u00f3n local y personal | Jelena Prokopljevi\u0107 - veredes","og_description":"Toda la informaci\u00f3n sobre: Textura en la arquitectura socialista. La expresi\u00f3n local y personal | Jelena Prokopljevi\u0107","og_url":"https:\/\/veredes.es\/blog\/textura-la-arquitectura-socialista-la-expresion-local-personal-jelena-prokopljevic\/","og_site_name":"veredes, arquitectura y divulgaci\u00f3n","article_publisher":"https:\/\/www.facebook.com\/veredesArquitecturayDivulgacion\/","article_author":"https:\/\/www.facebook.com\/jelena.prokopljevic","article_published_time":"2019-10-06T22:01:58+00:00","og_image":[{"width":1200,"height":866,"url":"https:\/\/veredes.es\/blog\/wp-content\/uploads\/2019\/10\/Textura-en-la-arquitectura-socialista.-La-expresi\u00f3n-local-y-personal-Jelena-Prokopljevi\u0107-fachada-lateral-del-bloque-de-viviendas-en-Dresden-foto-J.-Prokopljevic.jpg","type":"image\/jpeg"}],"author":"Jelena Prokopljevi\u0107","twitter_card":"summary_large_image","twitter_creator":"@https:\/\/twitter.com\/jelena_pro","twitter_site":"@veredes","twitter_misc":{"Escrito por":"Jelena Prokopljevi\u0107","Tiempo de lectura":"10 minutos"},"schema":{"@context":"https:\/\/schema.org","@graph":[{"@type":"Article","@id":"https:\/\/veredes.es\/blog\/textura-la-arquitectura-socialista-la-expresion-local-personal-jelena-prokopljevic\/#article","isPartOf":{"@id":"https:\/\/veredes.es\/blog\/textura-la-arquitectura-socialista-la-expresion-local-personal-jelena-prokopljevic\/"},"author":{"name":"Jelena Prokopljevi\u0107","@id":"https:\/\/veredes.es\/blog\/#\/schema\/person\/1d843476b56756e2e3f8fe7f15524de4"},"headline":"Textura en la arquitectura socialista. La expresi\u00f3n local y personal | Jelena Prokopljevi\u0107","datePublished":"2019-10-06T22:01:58+00:00","mainEntityOfPage":{"@id":"https:\/\/veredes.es\/blog\/textura-la-arquitectura-socialista-la-expresion-local-personal-jelena-prokopljevic\/"},"wordCount":1927,"commentCount":0,"publisher":{"@id":"https:\/\/veredes.es\/blog\/#organization"},"image":{"@id":"https:\/\/veredes.es\/blog\/textura-la-arquitectura-socialista-la-expresion-local-personal-jelena-prokopljevic\/#primaryimage"},"thumbnailUrl":"https:\/\/veredes.es\/blog\/wp-content\/uploads\/2019\/10\/Textura-en-la-arquitectura-socialista.-La-expresi\u00f3n-local-y-personal-Jelena-Prokopljevi\u0107-fachada-lateral-del-bloque-de-viviendas-en-Dresden-foto-J.-Prokopljevic.jpg","keywords":["Aldo van Eyck","Alexander Tzonis","arquitectura brutalista","arquitectura comunista","arquitectura eslovena","arquitectura industrial","arquitectura moderna","arquitectura monumental","arquitectura regionalista","arquitectura rusa","arquitectura social","arquitectura socialista","arquitectura tradicional","arquitectura vern\u00e1cula","arquitectura yugoslava","ciudad socialista","Edvard Ravnikar","Georgi Konstantinovski","Gottfried Semper","Jelena Prokopljevi\u0107","Kenneth Frampton","Kenzo Tange","Le Corbusier","Louis I. Kahn","material","materialidad","Mihajlo Mitrovi\u0107","Nikola Dobrovi\u0107","Otto Koloman Wagner","Paul Ricoeur","Paul Rudolph","Rudolf Wei\u00dfer","Shigeru Ban","simbolismo","s\u00edmbolo","Svetlana Radenovi\u0107","urbanismo"],"articleSection":["art\u00edculos","slider principal"],"inLanguage":"es","potentialAction":[{"@type":"CommentAction","name":"Comment","target":["https:\/\/veredes.es\/blog\/textura-la-arquitectura-socialista-la-expresion-local-personal-jelena-prokopljevic\/#respond"]}]},{"@type":"WebPage","@id":"https:\/\/veredes.es\/blog\/textura-la-arquitectura-socialista-la-expresion-local-personal-jelena-prokopljevic\/","url":"https:\/\/veredes.es\/blog\/textura-la-arquitectura-socialista-la-expresion-local-personal-jelena-prokopljevic\/","name":"Textura en la arquitectura socialista. La expresi\u00f3n local y personal | Jelena Prokopljevi\u0107 - veredes","isPartOf":{"@id":"https:\/\/veredes.es\/blog\/#website"},"primaryImageOfPage":{"@id":"https:\/\/veredes.es\/blog\/textura-la-arquitectura-socialista-la-expresion-local-personal-jelena-prokopljevic\/#primaryimage"},"image":{"@id":"https:\/\/veredes.es\/blog\/textura-la-arquitectura-socialista-la-expresion-local-personal-jelena-prokopljevic\/#primaryimage"},"thumbnailUrl":"https:\/\/veredes.es\/blog\/wp-content\/uploads\/2019\/10\/Textura-en-la-arquitectura-socialista.-La-expresi\u00f3n-local-y-personal-Jelena-Prokopljevi\u0107-fachada-lateral-del-bloque-de-viviendas-en-Dresden-foto-J.-Prokopljevic.jpg","datePublished":"2019-10-06T22:01:58+00:00","description":"Toda la informaci\u00f3n sobre: Textura en la arquitectura socialista. La expresi\u00f3n local y personal | Jelena Prokopljevi\u0107","breadcrumb":{"@id":"https:\/\/veredes.es\/blog\/textura-la-arquitectura-socialista-la-expresion-local-personal-jelena-prokopljevic\/#breadcrumb"},"inLanguage":"es","potentialAction":[{"@type":"ReadAction","target":["https:\/\/veredes.es\/blog\/textura-la-arquitectura-socialista-la-expresion-local-personal-jelena-prokopljevic\/"]}]},{"@type":"ImageObject","inLanguage":"es","@id":"https:\/\/veredes.es\/blog\/textura-la-arquitectura-socialista-la-expresion-local-personal-jelena-prokopljevic\/#primaryimage","url":"https:\/\/veredes.es\/blog\/wp-content\/uploads\/2019\/10\/Textura-en-la-arquitectura-socialista.-La-expresi\u00f3n-local-y-personal-Jelena-Prokopljevi\u0107-fachada-lateral-del-bloque-de-viviendas-en-Dresden-foto-J.-Prokopljevic.jpg","contentUrl":"https:\/\/veredes.es\/blog\/wp-content\/uploads\/2019\/10\/Textura-en-la-arquitectura-socialista.-La-expresi\u00f3n-local-y-personal-Jelena-Prokopljevi\u0107-fachada-lateral-del-bloque-de-viviendas-en-Dresden-foto-J.-Prokopljevic.jpg","width":1200,"height":866,"caption":"Fachada lateral del bloque de viviendas en Dresden. Foto: J. Prokopljevi\u0107."},{"@type":"BreadcrumbList","@id":"https:\/\/veredes.es\/blog\/textura-la-arquitectura-socialista-la-expresion-local-personal-jelena-prokopljevic\/#breadcrumb","itemListElement":[{"@type":"ListItem","position":1,"name":"Portada","item":"https:\/\/veredes.es\/blog\/"},{"@type":"ListItem","position":2,"name":"Textura en la arquitectura socialista. La expresi\u00f3n local y personal | Jelena Prokopljevi\u0107"}]},{"@type":"WebSite","@id":"https:\/\/veredes.es\/blog\/#website","url":"https:\/\/veredes.es\/blog\/","name":"veredes, arquitectura y divulgaci\u00f3n","description":"veredes","publisher":{"@id":"https:\/\/veredes.es\/blog\/#organization"},"alternateName":"veredes","potentialAction":[{"@type":"SearchAction","target":{"@type":"EntryPoint","urlTemplate":"https:\/\/veredes.es\/blog\/?s={search_term_string}"},"query-input":{"@type":"PropertyValueSpecification","valueRequired":true,"valueName":"search_term_string"}}],"inLanguage":"es"},{"@type":"Organization","@id":"https:\/\/veredes.es\/blog\/#organization","name":"veredes, arquitectura y divulgaci\u00f3n","alternateName":"veredes","url":"https:\/\/veredes.es\/blog\/","logo":{"@type":"ImageObject","inLanguage":"es","@id":"https:\/\/veredes.es\/blog\/#\/schema\/logo\/image\/","url":"https:\/\/veredes.es\/blog\/wp-content\/uploads\/2021\/12\/veredes-logo-centrado_140x54.png","contentUrl":"https:\/\/veredes.es\/blog\/wp-content\/uploads\/2021\/12\/veredes-logo-centrado_140x54.png","width":140,"height":54,"caption":"veredes, arquitectura y divulgaci\u00f3n"},"image":{"@id":"https:\/\/veredes.es\/blog\/#\/schema\/logo\/image\/"},"sameAs":["https:\/\/www.facebook.com\/veredesArquitecturayDivulgacion\/","https:\/\/x.com\/veredes","https:\/\/instagram.com\/veredes\/","https:\/\/www.linkedin.com\/company\/veredes-arquitectura-y-divulgacion\/","https:\/\/es.pinterest.com\/veredes\/","https:\/\/www.tumblr.com\/veredes"]},{"@type":"Person","@id":"https:\/\/veredes.es\/blog\/#\/schema\/person\/1d843476b56756e2e3f8fe7f15524de4","name":"Jelena Prokopljevi\u0107","image":{"@type":"ImageObject","inLanguage":"es","@id":"https:\/\/veredes.es\/blog\/wp-content\/uploads\/2018\/04\/Jelena-Prokopljevi\u0107_avatar_1524557239-96x96.jpg","url":"https:\/\/veredes.es\/blog\/wp-content\/uploads\/2018\/04\/Jelena-Prokopljevi\u0107_avatar_1524557239-96x96.jpg","contentUrl":"https:\/\/veredes.es\/blog\/wp-content\/uploads\/2018\/04\/Jelena-Prokopljevi\u0107_avatar_1524557239-96x96.jpg","caption":"Jelena Prokopljevi\u0107"},"description":"Arquitecta e investigadora serbia, titulada por la Universidad de Belgrado, y residente en Barcelona, miembro del Comit\u00e9 de Expertos del Premio Europeo del Espacio P\u00fablico Urbano desde la edici\u00f3n del 2014. Se doctor\u00f3 en 2006 en la ETSAB, ciudad en la que reside y trabaja. Ha colaborado con la plataforma Eurasian Hub en proyectos de transformaci\u00f3n urbana y ha sido responsable del \u00e1rea de arquitectura y urbanismo en la Casa del Este, organizaci\u00f3n radicada en Barcelona y dedicada a promover la cooperaci\u00f3n con la Europa Central y Oriental. Entre sus publicaciones m\u00e1s destacadas, consta el libro Corea del Norte: Utop\u00eda de hormig\u00f3n; arquitectura y urbanismo al servicio de una ideolog\u00eda (escrito con Roger Mateos, 2012) y el art\u00edculo \u00abEspacio p\u00fablico en la ciudad socialista: entre la abundancia y la indefinici\u00f3n\u00bb, publicado en URBS, revista de estudios urbanos y ciencias sociales. Adem\u00e1s, suele impartir conferencias y participar en coloquios en lugares como la ETSAB, la Universidad Aut\u00f3noma de Barcelona (UAB), la fundaci\u00f3n Amigos de la UNESCO de Barcelona o la Universidad Ion Mincu de Bucarest. Prokopljevi\u0107 es miembro del Comit\u00e9 de expertos del Premio Europeo del Espacio P\u00fablico Urbano desde su edici\u00f3n de 2014.","sameAs":["https:\/\/laciudadsocialista.wordpress.com\/","https:\/\/www.facebook.com\/jelena.prokopljevic","https:\/\/www.instagram.com\/jlnp\/","https:\/\/www.linkedin.com\/in\/jelena-prokopljevic-29006b43\/","https:\/\/x.com\/https:\/\/twitter.com\/jelena_pro"],"url":"https:\/\/veredes.es\/blog\/author\/jelena-prokopljevic\/"}]}},"_links":{"self":[{"href":"https:\/\/veredes.es\/blog\/wp-json\/wp\/v2\/posts\/72033","targetHints":{"allow":["GET"]}}],"collection":[{"href":"https:\/\/veredes.es\/blog\/wp-json\/wp\/v2\/posts"}],"about":[{"href":"https:\/\/veredes.es\/blog\/wp-json\/wp\/v2\/types\/post"}],"author":[{"embeddable":true,"href":"https:\/\/veredes.es\/blog\/wp-json\/wp\/v2\/users\/41"}],"replies":[{"embeddable":true,"href":"https:\/\/veredes.es\/blog\/wp-json\/wp\/v2\/comments?post=72033"}],"version-history":[{"count":0,"href":"https:\/\/veredes.es\/blog\/wp-json\/wp\/v2\/posts\/72033\/revisions"}],"wp:featuredmedia":[{"embeddable":true,"href":"https:\/\/veredes.es\/blog\/wp-json\/wp\/v2\/media\/72045"}],"wp:attachment":[{"href":"https:\/\/veredes.es\/blog\/wp-json\/wp\/v2\/media?parent=72033"}],"wp:term":[{"taxonomy":"category","embeddable":true,"href":"https:\/\/veredes.es\/blog\/wp-json\/wp\/v2\/categories?post=72033"},{"taxonomy":"post_tag","embeddable":true,"href":"https:\/\/veredes.es\/blog\/wp-json\/wp\/v2\/tags?post=72033"}],"curies":[{"name":"wp","href":"https:\/\/api.w.org\/{rel}","templated":true}]}}