{"id":71348,"date":"2020-01-17T00:01:51","date_gmt":"2020-01-16T23:01:51","guid":{"rendered":"https:\/\/veredes.es\/blog\/?p=71348"},"modified":"2019-10-25T20:24:14","modified_gmt":"2019-10-25T18:24:14","slug":"la-ensenanza-finlandia-oscar-tenreiro-degwitz","status":"publish","type":"post","link":"https:\/\/veredes.es\/blog\/la-ensenanza-finlandia-oscar-tenreiro-degwitz\/","title":{"rendered":"La ense\u00f1anza de Finlandia | \u00d3scar Tenreiro Degwitz"},"content":{"rendered":"<figure id=\"attachment_71349\" aria-describedby=\"caption-attachment-71349\" style=\"width: 640px\" class=\"wp-caption alignnone\"><img loading=\"lazy\" decoding=\"async\" class=\"size-large wp-image-71349\" src=\"https:\/\/veredes.es\/blog\/wp-content\/uploads\/2018\/11\/La-ense\u00f1anza-de-Finlandia-\u00d3scar-Tenreiro-Degwitz-El-interior-del-Finlandia-Hall-de-Alvar-Aalto-1024x686.jpg\" alt=\"El interior del Finlandia Hall de Alvar Aalto | Fotograf\u00eda: \u00d3scar Tenreiro\" width=\"640\" height=\"429\" srcset=\"https:\/\/veredes.es\/blog\/wp-content\/uploads\/2018\/11\/La-ense\u00f1anza-de-Finlandia-\u00d3scar-Tenreiro-Degwitz-El-interior-del-Finlandia-Hall-de-Alvar-Aalto-1024x686.jpg 1024w, https:\/\/veredes.es\/blog\/wp-content\/uploads\/2018\/11\/La-ense\u00f1anza-de-Finlandia-\u00d3scar-Tenreiro-Degwitz-El-interior-del-Finlandia-Hall-de-Alvar-Aalto-300x201.jpg 300w, https:\/\/veredes.es\/blog\/wp-content\/uploads\/2018\/11\/La-ense\u00f1anza-de-Finlandia-\u00d3scar-Tenreiro-Degwitz-El-interior-del-Finlandia-Hall-de-Alvar-Aalto.jpg 1278w\" sizes=\"auto, (max-width: 640px) 100vw, 640px\" \/><figcaption id=\"caption-attachment-71349\" class=\"wp-caption-text\"><span style=\"color: #999999;\">El interior del Finlandia Hall de Alvar Aalto | Fotograf\u00eda: \u00d3scar Tenreiro<\/span><\/figcaption><\/figure>\n<p style=\"text-align: justify;\">Debo una lejana admiraci\u00f3n por Finlandia en gran parte a la que me trasmiti\u00f3 desde hace ya muchos a\u00f1os Domingo \u00c1lvarez, quien la tiene a ra\u00edz de su devoci\u00f3n por Alvar Aalto (1898-1976) arquitecto fundamental.<\/p>\n<p style=\"text-align: justify;\">Por eso he querido siempre visitar ese pa\u00eds. Y ahora, cuando a prop\u00f3sito de ese posible viaje buscaba los datos del Arq. Juhani Pallasmaa (1935), me top\u00e9 con una frase de Frank Gehry, el arquitecto americano\u2013canadiense (1928), en la que dec\u00eda que era un admirador de Aalto. Esa confesi\u00f3n sorprende porque no es tan f\u00e1cil encontrar conexiones entre la arquitectura de Gehry y el legado de Aalto. Pero buscando un poco m\u00e1s descubro que con ocasi\u00f3n del encargo del Walt Disney Hall de Los \u00c1ngeles, Gehry, apoy\u00e1ndose en su relaci\u00f3n personal con Pallasmaa, investig\u00f3 espec\u00edficamente el Finlandia Hall, proyectado por Aalto en 1960-62. Fue el interior de esa sala de conciertos lo que termin\u00f3 siendo estudiado por Gehry como referencia para su encargo.<\/p>\n<p style=\"text-align: justify;\">Gehry estudi\u00f3 arquitectura a fines de los cuarenta y comienzos de los cincuenta, reci\u00e9n pasada la Segunda Guerra, por lo cual es sorprendente que en ese tiempo cuando Aalto ten\u00eda cuarentipocos a\u00f1os, ya \u00e9ste tuviese el peso de figura esencial en el desarrollo de la herencia moderna. Lo separaban algo m\u00e1s de diez a\u00f1os de Le Corbusier (1887) y once de Mies Van der Rohe (1886), dos de los \u201ch\u00e9roes\u201d m\u00e1s relevantes del Movimiento Moderno, y casi treinta de Frank Lloyd Wright, nacido en 1869, distante sin embargo en t\u00e9rminos que pudi\u00e9ramos llamar \u201ct\u00e9cnicos\u201d y tambi\u00e9n ideol\u00f3gicos, del debate que desde Europa se expandi\u00f3 por el mundo.<\/p>\n<p style=\"text-align: justify;\">Cuando entr\u00e9 a la UCV en 1955 Aalto quien ten\u00eda apenas 57 a\u00f1os estaba bien establecido como referencia permanente. Ya era parte junto a los otros tres maestros, de algo as\u00ed como una \u201ccuaternidad\u201d, la de los cuatro evangelizadores de la nueva arquitectura.<\/p>\n<p style=\"text-align: justify;\">Nuestro Carlos Ra\u00fal Villanueva (1900) era apenas dos a\u00f1os menor que Aalto. Y construy\u00f3 su obra maestra, el conjunto Aula Magna-Plaza Cubierta, cuando ten\u00eda m\u00e1s de cincuenta a\u00f1os. Por eso, y por las mismas caracter\u00edsticas de ese conjunto, es que ya en su caso puede hablarse con propiedad de una \u201csegunda generaci\u00f3n\u201d, en la que estar\u00eda inclu\u00eddo Louis I. Kahn, (quien alguna vez dijo que la arquitectura era un arte de viejos) s\u00f3lo tres a\u00f1os y medio menor que Aalto que construy\u00f3 su obra seminal, las Torres M\u00e9dicas de la Penn University, cuando ten\u00eda 55 a\u00f1os.<\/p>\n<p style=\"text-align: justify;\">Esa madurez temprana como artista de Alvar Aalto y el desarrollo precoz de su lenguaje puede ser fuente de muchas interesantes reflexiones para nosotros. Porque ello se debe en gran medida a la aceptaci\u00f3n con la que cont\u00f3 en su pa\u00eds, donde se le convirti\u00f3 en un h\u00e9roe de la civilidad finlandesa, de un modo an\u00e1logo a lo que ocurri\u00f3 con ese otro gran nombre de la cultura musical de ese pa\u00eds, Jan Sibelius, cuyo entierro en 1957 fue una enorme manifestaci\u00f3n de duelo nacional. Baste decir que el sanatorio de Paimio, una obra ejemplar de la arquitectura racionalista del Movimiento Moderno, fue construida por un Aalto treinta\u00f1ero entre 1929 y 1933 con unos niveles de excelencia que nunca pudo lograr Le Corbusier en la Francia de esos tiempos.<\/p>\n<p style=\"text-align: justify;\">Nuestro Villanueva por ejemplo,\u00a0a partir de 1958, s\u00f3lo cinco a\u00f1os despu\u00e9s de haber construido el Aula Magna, pas\u00f3 por un per\u00edodo de inactividad que dur\u00f3 casi diez a\u00f1os, y s\u00f3lo fue en 1966 cuando recibi\u00f3 un encargo oficial, gracias a la activa funci\u00f3n instrumental del Arq. Eduardo Trujillo, para hacer el extraordinario Proyecto del Pabell\u00f3n de Venezuela en la Expo 67 de Montreal.<\/p>\n<p style=\"text-align: justify;\">La mezquindad con Villanueva es de la misma familia de las que han poblado nuestra historia y de la cual un ejemplo feroz, como se ha dicho bastante, fue la entrega de Francisco de Miranda como prisionero a la corona espa\u00f1ola en 1812. Y ha estado directamente relacionada con las tensiones pol\u00edticas y la polarizaci\u00f3n que tiende a acompa\u00f1arla en una sociedad incivilizada. Cuando muri\u00f3 Uslar Pietri por ejemplo, el actual r\u00e9gimen militar lo ignor\u00f3 cobr\u00e1ndole su posici\u00f3n pol\u00edtica y desconociendo su valor en nuestra cultura. Y lo ocurrido con Humberto Fern\u00e1ndez Mor\u00e1n (1924-1999) que vivi\u00f3 exiliado s\u00f3lo por haber tenido la flaqueza de vincularse a un desgraciado episodio pol\u00edtico, ha sido objeto de muchas consideraciones.<\/p>\n<p style=\"text-align: justify;\">Cuando llega al poder una facci\u00f3n opuesta se impone la necesidad de marginar a todo aquel que desempe\u00f1ando una labor intelectual o disciplinar haya tenido alguna figuraci\u00f3n en el \u201cantiguo r\u00e9gimen\u201d, aunque no tenga conexiones con la pol\u00edtica de partidos. Y a la inversa, quien desempe\u00f1a esa labor en un contexto pol\u00edtico dado, en vez de establecer claramente su libertad de acci\u00f3n frente a la polarizaci\u00f3n, se ve obligado a guardar una neutralidad ficticia para evitar ser penalizado. Como ocurre con el celebrad\u00edsimo Jos\u00e9 Antonio Abreu que calla sobre los graves abusos pol\u00edticos del r\u00e9gimen militar actual para que no le impidan continuar su obra. Son dos caras de la misma moneda: mezquindad como m\u00e9todo por un lado y silencio interesado por el otro para vencerla.<\/p>\n<p style=\"text-align: justify;\">Con la arquitectura el problema se hace mucho m\u00e1s grave porque nuestra disciplina dependiente siempre del Poder, y sobre todo del Poder Pol\u00edtico en sociedades como la nuestra, no se perfecciona, no se hace experiencia sin la construcci\u00f3n. Hubo tiempos recientes en los cuales se habl\u00f3 de la arquitectura de papel, pero s\u00f3lo fue una especulaci\u00f3n. Un arquitecto que no construye no puede completar un legado, no puede perfeccionar su experiencia, sus posibilidades se marchitan, se consumen en un discurso que no le es propio.<\/p>\n<p style=\"text-align: justify;\">Por todo eso el binomio Finlandia-Alvar Aalto es una ense\u00f1anza permanente para nosotros.<\/p>\n<p>\u00d3scar Tenreiro Degwitz, Arquitecto.<br \/>\nVenezuela,\u00a0octubre 2009<br \/>\n<span style=\"color: #999999;\"><em>Entre lo Cierto y lo Verdadero <\/em><\/span><\/p>\n","protected":false},"excerpt":{"rendered":"<p>Debo una lejana admiraci\u00f3n por Finlandia en gran parte a la que me trasmiti\u00f3 desde hace ya muchos a\u00f1os Domingo \u00c1lvarez, quien la tiene a ra\u00edz de su devoci\u00f3n por Alvar Aalto (1898-1976) arquitecto fundamental. Por eso he querido siempre visitar ese pa\u00eds. Y ahora, cuando a prop\u00f3sito de ese posible viaje buscaba los datos [&hellip;]<\/p>\n","protected":false},"author":35,"featured_media":71349,"comment_status":"open","ping_status":"closed","sticky":false,"template":"","format":"standard","meta":{"footnotes":""},"categories":[568,5951],"tags":[102,6893,9142,7103,14348,3512,9714,3487,605,668,6634,14350,1541,14349,785,815,13785,2092,8078,11762,12197,2200,1278,2048,14347],"class_list":{"0":"post-71348","1":"post","2":"type-post","3":"status-publish","4":"format-standard","5":"has-post-thumbnail","7":"category-faro","8":"category-slider-principal","9":"tag-alvar-aalto","10":"tag-arquitectura-finlandesa","11":"tag-arquitectura-venezolana","12":"tag-carlos-raul-villanueva","13":"tag-eduardo-trujillo","14":"tag-eero-saarinen","15":"tag-eliel-saarinen","16":"tag-frank-gehry","17":"tag-frank-lloyd-wright","18":"tag-historia","19":"tag-ivan-illich","20":"tag-johan-sigfrid-siren","21":"tag-juhani-pallasmaa","22":"tag-julian-ferris","23":"tag-le-corbusier","24":"tag-maestro","25":"tag-maestros-modernos","26":"tag-montreal","27":"tag-museo-alvar-aalto","28":"tag-oscar-tenreiro-degwitz","29":"tag-reima-pietila","30":"tag-steven-holl","31":"tag-teoria","32":"tag-teoria-e-historia","33":"tag-uslar-pietri"},"yoast_head":"<!-- This site is optimized with the Yoast SEO plugin v27.4 - https:\/\/yoast.com\/product\/yoast-seo-wordpress\/ -->\n<title>La ense\u00f1anza de Finlandia | \u00d3scar Tenreiro Degwitz - veredes<\/title>\n<meta name=\"description\" content=\"Toda la informaci\u00f3n sobre: La ense\u00f1anza de Finlandia | \u00d3scar Tenreiro Degwitz\" \/>\n<meta name=\"robots\" content=\"index, follow, max-snippet:-1, max-image-preview:large, max-video-preview:-1\" \/>\n<link rel=\"canonical\" href=\"https:\/\/veredes.es\/blog\/la-ensenanza-finlandia-oscar-tenreiro-degwitz\/\" \/>\n<meta property=\"og:locale\" content=\"es_ES\" \/>\n<meta property=\"og:type\" content=\"article\" \/>\n<meta property=\"og:title\" content=\"La ense\u00f1anza de Finlandia | \u00d3scar Tenreiro Degwitz - veredes\" \/>\n<meta property=\"og:description\" content=\"Toda la informaci\u00f3n sobre: La ense\u00f1anza de Finlandia | \u00d3scar Tenreiro Degwitz\" \/>\n<meta property=\"og:url\" content=\"https:\/\/veredes.es\/blog\/la-ensenanza-finlandia-oscar-tenreiro-degwitz\/\" \/>\n<meta property=\"og:site_name\" content=\"veredes, arquitectura y divulgaci\u00f3n\" \/>\n<meta property=\"article:publisher\" content=\"https:\/\/www.facebook.com\/veredesArquitecturayDivulgacion\/\" \/>\n<meta property=\"article:published_time\" content=\"2020-01-16T23:01:51+00:00\" \/>\n<meta property=\"og:image\" content=\"https:\/\/veredes.es\/blog\/wp-content\/uploads\/2018\/11\/La-ense\u00f1anza-de-Finlandia-\u00d3scar-Tenreiro-Degwitz-El-interior-del-Finlandia-Hall-de-Alvar-Aalto.jpg\" \/>\n\t<meta property=\"og:image:width\" content=\"1278\" \/>\n\t<meta property=\"og:image:height\" content=\"856\" \/>\n\t<meta property=\"og:image:type\" content=\"image\/jpeg\" \/>\n<meta name=\"author\" content=\"\u00d3scar Tenreiro Degwitz\" \/>\n<meta name=\"twitter:card\" content=\"summary_large_image\" \/>\n<meta name=\"twitter:creator\" content=\"@veredes\" \/>\n<meta name=\"twitter:site\" content=\"@veredes\" \/>\n<meta name=\"twitter:label1\" content=\"Escrito por\" \/>\n\t<meta name=\"twitter:data1\" content=\"\u00d3scar Tenreiro Degwitz\" \/>\n\t<meta name=\"twitter:label2\" content=\"Tiempo de lectura\" \/>\n\t<meta name=\"twitter:data2\" content=\"5 minutos\" \/>\n<script type=\"application\/ld+json\" class=\"yoast-schema-graph\">{\"@context\":\"https:\\\/\\\/schema.org\",\"@graph\":[{\"@type\":\"Article\",\"@id\":\"https:\\\/\\\/veredes.es\\\/blog\\\/la-ensenanza-finlandia-oscar-tenreiro-degwitz\\\/#article\",\"isPartOf\":{\"@id\":\"https:\\\/\\\/veredes.es\\\/blog\\\/la-ensenanza-finlandia-oscar-tenreiro-degwitz\\\/\"},\"author\":{\"name\":\"\u00d3scar Tenreiro Degwitz\",\"@id\":\"https:\\\/\\\/veredes.es\\\/blog\\\/#\\\/schema\\\/person\\\/3612c3173c340910b53bc7a6a8816b19\"},\"headline\":\"La ense\u00f1anza de Finlandia | \u00d3scar Tenreiro Degwitz\",\"datePublished\":\"2020-01-16T23:01:51+00:00\",\"mainEntityOfPage\":{\"@id\":\"https:\\\/\\\/veredes.es\\\/blog\\\/la-ensenanza-finlandia-oscar-tenreiro-degwitz\\\/\"},\"wordCount\":1049,\"commentCount\":0,\"publisher\":{\"@id\":\"https:\\\/\\\/veredes.es\\\/blog\\\/#organization\"},\"image\":{\"@id\":\"https:\\\/\\\/veredes.es\\\/blog\\\/la-ensenanza-finlandia-oscar-tenreiro-degwitz\\\/#primaryimage\"},\"thumbnailUrl\":\"https:\\\/\\\/veredes.es\\\/blog\\\/wp-content\\\/uploads\\\/2018\\\/11\\\/La-ense\u00f1anza-de-Finlandia-\u00d3scar-Tenreiro-Degwitz-El-interior-del-Finlandia-Hall-de-Alvar-Aalto.jpg\",\"keywords\":[\"Alvar Aalto\",\"arquitectura finlandesa\",\"arquitectura venezolana\",\"Carlos Ra\u00fal Villanueva\",\"Eduardo Trujillo\",\"Eero Saarinen\",\"Eliel Saarinen\",\"Frank Gehry\",\"Frank Lloyd Wright\",\"historia\",\"Ivan Illich\",\"Johan Sigfrid Sir\u00e9n\",\"Juhani Pallasmaa\",\"Juli\u00e1n Ferris\",\"Le Corbusier\",\"maestro\",\"maestros modernos\",\"montreal\",\"museo alvar aalto\",\"\u00d3scar Tenreiro Degwitz\",\"Reima Pietil\u00e4\",\"Steven Holl\",\"teor\u00eda\",\"teor\u00eda e historia\",\"Uslar Pietri\"],\"articleSection\":[\"faro\",\"slider principal\"],\"inLanguage\":\"es\",\"potentialAction\":[{\"@type\":\"CommentAction\",\"name\":\"Comment\",\"target\":[\"https:\\\/\\\/veredes.es\\\/blog\\\/la-ensenanza-finlandia-oscar-tenreiro-degwitz\\\/#respond\"]}]},{\"@type\":\"WebPage\",\"@id\":\"https:\\\/\\\/veredes.es\\\/blog\\\/la-ensenanza-finlandia-oscar-tenreiro-degwitz\\\/\",\"url\":\"https:\\\/\\\/veredes.es\\\/blog\\\/la-ensenanza-finlandia-oscar-tenreiro-degwitz\\\/\",\"name\":\"La ense\u00f1anza de Finlandia | \u00d3scar Tenreiro Degwitz - veredes\",\"isPartOf\":{\"@id\":\"https:\\\/\\\/veredes.es\\\/blog\\\/#website\"},\"primaryImageOfPage\":{\"@id\":\"https:\\\/\\\/veredes.es\\\/blog\\\/la-ensenanza-finlandia-oscar-tenreiro-degwitz\\\/#primaryimage\"},\"image\":{\"@id\":\"https:\\\/\\\/veredes.es\\\/blog\\\/la-ensenanza-finlandia-oscar-tenreiro-degwitz\\\/#primaryimage\"},\"thumbnailUrl\":\"https:\\\/\\\/veredes.es\\\/blog\\\/wp-content\\\/uploads\\\/2018\\\/11\\\/La-ense\u00f1anza-de-Finlandia-\u00d3scar-Tenreiro-Degwitz-El-interior-del-Finlandia-Hall-de-Alvar-Aalto.jpg\",\"datePublished\":\"2020-01-16T23:01:51+00:00\",\"description\":\"Toda la informaci\u00f3n sobre: La ense\u00f1anza de Finlandia | \u00d3scar Tenreiro Degwitz\",\"breadcrumb\":{\"@id\":\"https:\\\/\\\/veredes.es\\\/blog\\\/la-ensenanza-finlandia-oscar-tenreiro-degwitz\\\/#breadcrumb\"},\"inLanguage\":\"es\",\"potentialAction\":[{\"@type\":\"ReadAction\",\"target\":[\"https:\\\/\\\/veredes.es\\\/blog\\\/la-ensenanza-finlandia-oscar-tenreiro-degwitz\\\/\"]}]},{\"@type\":\"ImageObject\",\"inLanguage\":\"es\",\"@id\":\"https:\\\/\\\/veredes.es\\\/blog\\\/la-ensenanza-finlandia-oscar-tenreiro-degwitz\\\/#primaryimage\",\"url\":\"https:\\\/\\\/veredes.es\\\/blog\\\/wp-content\\\/uploads\\\/2018\\\/11\\\/La-ense\u00f1anza-de-Finlandia-\u00d3scar-Tenreiro-Degwitz-El-interior-del-Finlandia-Hall-de-Alvar-Aalto.jpg\",\"contentUrl\":\"https:\\\/\\\/veredes.es\\\/blog\\\/wp-content\\\/uploads\\\/2018\\\/11\\\/La-ense\u00f1anza-de-Finlandia-\u00d3scar-Tenreiro-Degwitz-El-interior-del-Finlandia-Hall-de-Alvar-Aalto.jpg\",\"width\":1278,\"height\":856,\"caption\":\"El interior del Finlandia Hall de Alvar Aalto | Fotograf\u00eda: \u00d3scar Tenreiro\"},{\"@type\":\"BreadcrumbList\",\"@id\":\"https:\\\/\\\/veredes.es\\\/blog\\\/la-ensenanza-finlandia-oscar-tenreiro-degwitz\\\/#breadcrumb\",\"itemListElement\":[{\"@type\":\"ListItem\",\"position\":1,\"name\":\"Portada\",\"item\":\"https:\\\/\\\/veredes.es\\\/blog\\\/\"},{\"@type\":\"ListItem\",\"position\":2,\"name\":\"La ense\u00f1anza de Finlandia | \u00d3scar Tenreiro Degwitz\"}]},{\"@type\":\"WebSite\",\"@id\":\"https:\\\/\\\/veredes.es\\\/blog\\\/#website\",\"url\":\"https:\\\/\\\/veredes.es\\\/blog\\\/\",\"name\":\"veredes, arquitectura y divulgaci\u00f3n\",\"description\":\"veredes\",\"publisher\":{\"@id\":\"https:\\\/\\\/veredes.es\\\/blog\\\/#organization\"},\"alternateName\":\"veredes\",\"potentialAction\":[{\"@type\":\"SearchAction\",\"target\":{\"@type\":\"EntryPoint\",\"urlTemplate\":\"https:\\\/\\\/veredes.es\\\/blog\\\/?s={search_term_string}\"},\"query-input\":{\"@type\":\"PropertyValueSpecification\",\"valueRequired\":true,\"valueName\":\"search_term_string\"}}],\"inLanguage\":\"es\"},{\"@type\":\"Organization\",\"@id\":\"https:\\\/\\\/veredes.es\\\/blog\\\/#organization\",\"name\":\"veredes, arquitectura y divulgaci\u00f3n\",\"alternateName\":\"veredes\",\"url\":\"https:\\\/\\\/veredes.es\\\/blog\\\/\",\"logo\":{\"@type\":\"ImageObject\",\"inLanguage\":\"es\",\"@id\":\"https:\\\/\\\/veredes.es\\\/blog\\\/#\\\/schema\\\/logo\\\/image\\\/\",\"url\":\"https:\\\/\\\/veredes.es\\\/blog\\\/wp-content\\\/uploads\\\/2021\\\/12\\\/veredes-logo-centrado_140x54.png\",\"contentUrl\":\"https:\\\/\\\/veredes.es\\\/blog\\\/wp-content\\\/uploads\\\/2021\\\/12\\\/veredes-logo-centrado_140x54.png\",\"width\":140,\"height\":54,\"caption\":\"veredes, arquitectura y divulgaci\u00f3n\"},\"image\":{\"@id\":\"https:\\\/\\\/veredes.es\\\/blog\\\/#\\\/schema\\\/logo\\\/image\\\/\"},\"sameAs\":[\"https:\\\/\\\/www.facebook.com\\\/veredesArquitecturayDivulgacion\\\/\",\"https:\\\/\\\/x.com\\\/veredes\",\"https:\\\/\\\/instagram.com\\\/veredes\\\/\",\"https:\\\/\\\/www.linkedin.com\\\/company\\\/veredes-arquitectura-y-divulgacion\\\/\",\"https:\\\/\\\/es.pinterest.com\\\/veredes\\\/\",\"https:\\\/\\\/www.tumblr.com\\\/veredes\"]},{\"@type\":\"Person\",\"@id\":\"https:\\\/\\\/veredes.es\\\/blog\\\/#\\\/schema\\\/person\\\/3612c3173c340910b53bc7a6a8816b19\",\"name\":\"\u00d3scar Tenreiro Degwitz\",\"image\":{\"@type\":\"ImageObject\",\"inLanguage\":\"es\",\"@id\":\"https:\\\/\\\/veredes.es\\\/blog\\\/wp-content\\\/uploads\\\/2018\\\/04\\\/\u00d3scar-Tenreiro-Degwitz-96x96.jpg\",\"url\":\"https:\\\/\\\/veredes.es\\\/blog\\\/wp-content\\\/uploads\\\/2018\\\/04\\\/\u00d3scar-Tenreiro-Degwitz-96x96.jpg\",\"contentUrl\":\"https:\\\/\\\/veredes.es\\\/blog\\\/wp-content\\\/uploads\\\/2018\\\/04\\\/\u00d3scar-Tenreiro-Degwitz-96x96.jpg\",\"caption\":\"\u00d3scar Tenreiro Degwitz\"},\"description\":\"Es un arquitecto venezolano, nacido en 1939, Premio Nacional de Arquitectura de su pa\u00eds en 2002-2003, profesor de Dise\u00f1o Arquitect\u00f3nico por m\u00e1s de treinta a\u00f1os en la Universidad Central de Venezuela, quien paralelamente con su ejercicio ha mantenido ya por a\u00f1os presencia en la prensa de su pa\u00eds en un esfuerzo de comunicaci\u00f3n hacia la gente en general de los puntos de vista del arquitecto acerca de los m\u00e1s diversos temas, entre los cuales figuran los agudos problemas pol\u00edticos de una sociedad como la venezolana. Tenreiro practica as\u00ed lo que el llama el \u201cpensamiento desde y hacia la arquitectura\u201d, insistiendo en que lo hace como arquitecto en ejercicio, para escapar de los estereotipos y cautelas propios de la \u201ccr\u00edtica arquitect\u00f3nica\u201d. Respecto a la cual no oculta su desconfianza, que explica recurriendo al aforismo de Nietzsche sobre el cr\u00edtico de arte \u201cque ve el arte desde cerca sin llegar a tocarlo nunca\u201d.\",\"sameAs\":[\"https:\\\/\\\/oscartenreiro.com\\\/\"],\"url\":\"https:\\\/\\\/veredes.es\\\/blog\\\/author\\\/oscar-tenreiro-degwitz\\\/\"}]}<\/script>\n<!-- \/ Yoast SEO plugin. -->","yoast_head_json":{"title":"La ense\u00f1anza de Finlandia | \u00d3scar Tenreiro Degwitz - veredes","description":"Toda la informaci\u00f3n sobre: La ense\u00f1anza de Finlandia | \u00d3scar Tenreiro Degwitz","robots":{"index":"index","follow":"follow","max-snippet":"max-snippet:-1","max-image-preview":"max-image-preview:large","max-video-preview":"max-video-preview:-1"},"canonical":"https:\/\/veredes.es\/blog\/la-ensenanza-finlandia-oscar-tenreiro-degwitz\/","og_locale":"es_ES","og_type":"article","og_title":"La ense\u00f1anza de Finlandia | \u00d3scar Tenreiro Degwitz - veredes","og_description":"Toda la informaci\u00f3n sobre: La ense\u00f1anza de Finlandia | \u00d3scar Tenreiro Degwitz","og_url":"https:\/\/veredes.es\/blog\/la-ensenanza-finlandia-oscar-tenreiro-degwitz\/","og_site_name":"veredes, arquitectura y divulgaci\u00f3n","article_publisher":"https:\/\/www.facebook.com\/veredesArquitecturayDivulgacion\/","article_published_time":"2020-01-16T23:01:51+00:00","og_image":[{"width":1278,"height":856,"url":"https:\/\/veredes.es\/blog\/wp-content\/uploads\/2018\/11\/La-ense\u00f1anza-de-Finlandia-\u00d3scar-Tenreiro-Degwitz-El-interior-del-Finlandia-Hall-de-Alvar-Aalto.jpg","type":"image\/jpeg"}],"author":"\u00d3scar Tenreiro Degwitz","twitter_card":"summary_large_image","twitter_creator":"@veredes","twitter_site":"@veredes","twitter_misc":{"Escrito por":"\u00d3scar Tenreiro Degwitz","Tiempo de lectura":"5 minutos"},"schema":{"@context":"https:\/\/schema.org","@graph":[{"@type":"Article","@id":"https:\/\/veredes.es\/blog\/la-ensenanza-finlandia-oscar-tenreiro-degwitz\/#article","isPartOf":{"@id":"https:\/\/veredes.es\/blog\/la-ensenanza-finlandia-oscar-tenreiro-degwitz\/"},"author":{"name":"\u00d3scar Tenreiro Degwitz","@id":"https:\/\/veredes.es\/blog\/#\/schema\/person\/3612c3173c340910b53bc7a6a8816b19"},"headline":"La ense\u00f1anza de Finlandia | \u00d3scar Tenreiro Degwitz","datePublished":"2020-01-16T23:01:51+00:00","mainEntityOfPage":{"@id":"https:\/\/veredes.es\/blog\/la-ensenanza-finlandia-oscar-tenreiro-degwitz\/"},"wordCount":1049,"commentCount":0,"publisher":{"@id":"https:\/\/veredes.es\/blog\/#organization"},"image":{"@id":"https:\/\/veredes.es\/blog\/la-ensenanza-finlandia-oscar-tenreiro-degwitz\/#primaryimage"},"thumbnailUrl":"https:\/\/veredes.es\/blog\/wp-content\/uploads\/2018\/11\/La-ense\u00f1anza-de-Finlandia-\u00d3scar-Tenreiro-Degwitz-El-interior-del-Finlandia-Hall-de-Alvar-Aalto.jpg","keywords":["Alvar Aalto","arquitectura finlandesa","arquitectura venezolana","Carlos Ra\u00fal Villanueva","Eduardo Trujillo","Eero Saarinen","Eliel Saarinen","Frank Gehry","Frank Lloyd Wright","historia","Ivan Illich","Johan Sigfrid Sir\u00e9n","Juhani Pallasmaa","Juli\u00e1n Ferris","Le Corbusier","maestro","maestros modernos","montreal","museo alvar aalto","\u00d3scar Tenreiro Degwitz","Reima Pietil\u00e4","Steven Holl","teor\u00eda","teor\u00eda e historia","Uslar Pietri"],"articleSection":["faro","slider principal"],"inLanguage":"es","potentialAction":[{"@type":"CommentAction","name":"Comment","target":["https:\/\/veredes.es\/blog\/la-ensenanza-finlandia-oscar-tenreiro-degwitz\/#respond"]}]},{"@type":"WebPage","@id":"https:\/\/veredes.es\/blog\/la-ensenanza-finlandia-oscar-tenreiro-degwitz\/","url":"https:\/\/veredes.es\/blog\/la-ensenanza-finlandia-oscar-tenreiro-degwitz\/","name":"La ense\u00f1anza de Finlandia | \u00d3scar Tenreiro Degwitz - veredes","isPartOf":{"@id":"https:\/\/veredes.es\/blog\/#website"},"primaryImageOfPage":{"@id":"https:\/\/veredes.es\/blog\/la-ensenanza-finlandia-oscar-tenreiro-degwitz\/#primaryimage"},"image":{"@id":"https:\/\/veredes.es\/blog\/la-ensenanza-finlandia-oscar-tenreiro-degwitz\/#primaryimage"},"thumbnailUrl":"https:\/\/veredes.es\/blog\/wp-content\/uploads\/2018\/11\/La-ense\u00f1anza-de-Finlandia-\u00d3scar-Tenreiro-Degwitz-El-interior-del-Finlandia-Hall-de-Alvar-Aalto.jpg","datePublished":"2020-01-16T23:01:51+00:00","description":"Toda la informaci\u00f3n sobre: La ense\u00f1anza de Finlandia | \u00d3scar Tenreiro Degwitz","breadcrumb":{"@id":"https:\/\/veredes.es\/blog\/la-ensenanza-finlandia-oscar-tenreiro-degwitz\/#breadcrumb"},"inLanguage":"es","potentialAction":[{"@type":"ReadAction","target":["https:\/\/veredes.es\/blog\/la-ensenanza-finlandia-oscar-tenreiro-degwitz\/"]}]},{"@type":"ImageObject","inLanguage":"es","@id":"https:\/\/veredes.es\/blog\/la-ensenanza-finlandia-oscar-tenreiro-degwitz\/#primaryimage","url":"https:\/\/veredes.es\/blog\/wp-content\/uploads\/2018\/11\/La-ense\u00f1anza-de-Finlandia-\u00d3scar-Tenreiro-Degwitz-El-interior-del-Finlandia-Hall-de-Alvar-Aalto.jpg","contentUrl":"https:\/\/veredes.es\/blog\/wp-content\/uploads\/2018\/11\/La-ense\u00f1anza-de-Finlandia-\u00d3scar-Tenreiro-Degwitz-El-interior-del-Finlandia-Hall-de-Alvar-Aalto.jpg","width":1278,"height":856,"caption":"El interior del Finlandia Hall de Alvar Aalto | Fotograf\u00eda: \u00d3scar Tenreiro"},{"@type":"BreadcrumbList","@id":"https:\/\/veredes.es\/blog\/la-ensenanza-finlandia-oscar-tenreiro-degwitz\/#breadcrumb","itemListElement":[{"@type":"ListItem","position":1,"name":"Portada","item":"https:\/\/veredes.es\/blog\/"},{"@type":"ListItem","position":2,"name":"La ense\u00f1anza de Finlandia | \u00d3scar Tenreiro Degwitz"}]},{"@type":"WebSite","@id":"https:\/\/veredes.es\/blog\/#website","url":"https:\/\/veredes.es\/blog\/","name":"veredes, arquitectura y divulgaci\u00f3n","description":"veredes","publisher":{"@id":"https:\/\/veredes.es\/blog\/#organization"},"alternateName":"veredes","potentialAction":[{"@type":"SearchAction","target":{"@type":"EntryPoint","urlTemplate":"https:\/\/veredes.es\/blog\/?s={search_term_string}"},"query-input":{"@type":"PropertyValueSpecification","valueRequired":true,"valueName":"search_term_string"}}],"inLanguage":"es"},{"@type":"Organization","@id":"https:\/\/veredes.es\/blog\/#organization","name":"veredes, arquitectura y divulgaci\u00f3n","alternateName":"veredes","url":"https:\/\/veredes.es\/blog\/","logo":{"@type":"ImageObject","inLanguage":"es","@id":"https:\/\/veredes.es\/blog\/#\/schema\/logo\/image\/","url":"https:\/\/veredes.es\/blog\/wp-content\/uploads\/2021\/12\/veredes-logo-centrado_140x54.png","contentUrl":"https:\/\/veredes.es\/blog\/wp-content\/uploads\/2021\/12\/veredes-logo-centrado_140x54.png","width":140,"height":54,"caption":"veredes, arquitectura y divulgaci\u00f3n"},"image":{"@id":"https:\/\/veredes.es\/blog\/#\/schema\/logo\/image\/"},"sameAs":["https:\/\/www.facebook.com\/veredesArquitecturayDivulgacion\/","https:\/\/x.com\/veredes","https:\/\/instagram.com\/veredes\/","https:\/\/www.linkedin.com\/company\/veredes-arquitectura-y-divulgacion\/","https:\/\/es.pinterest.com\/veredes\/","https:\/\/www.tumblr.com\/veredes"]},{"@type":"Person","@id":"https:\/\/veredes.es\/blog\/#\/schema\/person\/3612c3173c340910b53bc7a6a8816b19","name":"\u00d3scar Tenreiro Degwitz","image":{"@type":"ImageObject","inLanguage":"es","@id":"https:\/\/veredes.es\/blog\/wp-content\/uploads\/2018\/04\/\u00d3scar-Tenreiro-Degwitz-96x96.jpg","url":"https:\/\/veredes.es\/blog\/wp-content\/uploads\/2018\/04\/\u00d3scar-Tenreiro-Degwitz-96x96.jpg","contentUrl":"https:\/\/veredes.es\/blog\/wp-content\/uploads\/2018\/04\/\u00d3scar-Tenreiro-Degwitz-96x96.jpg","caption":"\u00d3scar Tenreiro Degwitz"},"description":"Es un arquitecto venezolano, nacido en 1939, Premio Nacional de Arquitectura de su pa\u00eds en 2002-2003, profesor de Dise\u00f1o Arquitect\u00f3nico por m\u00e1s de treinta a\u00f1os en la Universidad Central de Venezuela, quien paralelamente con su ejercicio ha mantenido ya por a\u00f1os presencia en la prensa de su pa\u00eds en un esfuerzo de comunicaci\u00f3n hacia la gente en general de los puntos de vista del arquitecto acerca de los m\u00e1s diversos temas, entre los cuales figuran los agudos problemas pol\u00edticos de una sociedad como la venezolana. Tenreiro practica as\u00ed lo que el llama el \u201cpensamiento desde y hacia la arquitectura\u201d, insistiendo en que lo hace como arquitecto en ejercicio, para escapar de los estereotipos y cautelas propios de la \u201ccr\u00edtica arquitect\u00f3nica\u201d. Respecto a la cual no oculta su desconfianza, que explica recurriendo al aforismo de Nietzsche sobre el cr\u00edtico de arte \u201cque ve el arte desde cerca sin llegar a tocarlo nunca\u201d.","sameAs":["https:\/\/oscartenreiro.com\/"],"url":"https:\/\/veredes.es\/blog\/author\/oscar-tenreiro-degwitz\/"}]}},"_links":{"self":[{"href":"https:\/\/veredes.es\/blog\/wp-json\/wp\/v2\/posts\/71348","targetHints":{"allow":["GET"]}}],"collection":[{"href":"https:\/\/veredes.es\/blog\/wp-json\/wp\/v2\/posts"}],"about":[{"href":"https:\/\/veredes.es\/blog\/wp-json\/wp\/v2\/types\/post"}],"author":[{"embeddable":true,"href":"https:\/\/veredes.es\/blog\/wp-json\/wp\/v2\/users\/35"}],"replies":[{"embeddable":true,"href":"https:\/\/veredes.es\/blog\/wp-json\/wp\/v2\/comments?post=71348"}],"version-history":[{"count":0,"href":"https:\/\/veredes.es\/blog\/wp-json\/wp\/v2\/posts\/71348\/revisions"}],"wp:featuredmedia":[{"embeddable":true,"href":"https:\/\/veredes.es\/blog\/wp-json\/wp\/v2\/media\/71349"}],"wp:attachment":[{"href":"https:\/\/veredes.es\/blog\/wp-json\/wp\/v2\/media?parent=71348"}],"wp:term":[{"taxonomy":"category","embeddable":true,"href":"https:\/\/veredes.es\/blog\/wp-json\/wp\/v2\/categories?post=71348"},{"taxonomy":"post_tag","embeddable":true,"href":"https:\/\/veredes.es\/blog\/wp-json\/wp\/v2\/tags?post=71348"}],"curies":[{"name":"wp","href":"https:\/\/api.w.org\/{rel}","templated":true}]}}