{"id":71342,"date":"2019-11-18T00:01:02","date_gmt":"2019-11-17T23:01:02","guid":{"rendered":"https:\/\/veredes.es\/blog\/?p=71342"},"modified":"2019-10-25T20:26:20","modified_gmt":"2019-10-25T18:26:20","slug":"ensenar-arquitectura-oscar-tenreiro-degwitz","status":"publish","type":"post","link":"https:\/\/veredes.es\/blog\/ensenar-arquitectura-oscar-tenreiro-degwitz\/","title":{"rendered":"\u00bfEnse\u00f1ar arquitectura? | \u00d3scar Tenreiro Degwitz"},"content":{"rendered":"<figure id=\"attachment_71346\" aria-describedby=\"caption-attachment-71346\" style=\"width: 640px\" class=\"wp-caption alignnone\"><img loading=\"lazy\" decoding=\"async\" class=\"size-large wp-image-71346\" src=\"https:\/\/veredes.es\/blog\/wp-content\/uploads\/2018\/11\/Ense\u00f1ar-arquitectura-El-conocido-cuadro-1787-de-Jacques-Louis-David-sobre-la-muerte-de-S\u00f3crates-rodeado-de-sus-disc\u00edpulos...menos-Plat\u00f3n-que-estaba-enfermo-Fuente-wikipedia.com_-1024x680.jpg\" alt=\"El conocido cuadro (1787) de Jacques Louis David sobre la muerte de S\u00f3crates rodeado de sus disc\u00edpulos...menos Plat\u00f3n que estaba enfermo | Fuente: wikipedia.com\" width=\"640\" height=\"425\" srcset=\"https:\/\/veredes.es\/blog\/wp-content\/uploads\/2018\/11\/Ense\u00f1ar-arquitectura-El-conocido-cuadro-1787-de-Jacques-Louis-David-sobre-la-muerte-de-S\u00f3crates-rodeado-de-sus-disc\u00edpulos...menos-Plat\u00f3n-que-estaba-enfermo-Fuente-wikipedia.com_-1024x680.jpg 1024w, https:\/\/veredes.es\/blog\/wp-content\/uploads\/2018\/11\/Ense\u00f1ar-arquitectura-El-conocido-cuadro-1787-de-Jacques-Louis-David-sobre-la-muerte-de-S\u00f3crates-rodeado-de-sus-disc\u00edpulos...menos-Plat\u00f3n-que-estaba-enfermo-Fuente-wikipedia.com_-300x199.jpg 300w, https:\/\/veredes.es\/blog\/wp-content\/uploads\/2018\/11\/Ense\u00f1ar-arquitectura-El-conocido-cuadro-1787-de-Jacques-Louis-David-sobre-la-muerte-de-S\u00f3crates-rodeado-de-sus-disc\u00edpulos...menos-Plat\u00f3n-que-estaba-enfermo-Fuente-wikipedia.com_-160x105.jpg 160w, https:\/\/veredes.es\/blog\/wp-content\/uploads\/2018\/11\/Ense\u00f1ar-arquitectura-El-conocido-cuadro-1787-de-Jacques-Louis-David-sobre-la-muerte-de-S\u00f3crates-rodeado-de-sus-disc\u00edpulos...menos-Plat\u00f3n-que-estaba-enfermo-Fuente-wikipedia.com_.jpg 1200w\" sizes=\"auto, (max-width: 640px) 100vw, 640px\" \/><figcaption id=\"caption-attachment-71346\" class=\"wp-caption-text\"><span style=\"color: #999999;\">El conocido cuadro (1787) de Jacques Louis David sobre la muerte de S\u00f3crates rodeado de sus disc\u00edpulos&#8230;menos Plat\u00f3n que estaba enfermo | Fuente: wikipedia.com<\/span><\/figcaption><\/figure>\n<p style=\"text-align: justify;\">Pasaron muchos a\u00f1os despu\u00e9s de mi entrada como profesor interino en la Facultad de Arquitectura de la UCV antes de que pudiera encontrarme c\u00f3modo con el rol de profesor. Conociendo mis carencias, mis dudas, no cre\u00eda estar en capacidad de orientar a los m\u00e1s j\u00f3venes, de apuntar con cierta claridad en una disciplina que todav\u00eda no me abr\u00eda del todo las puertas. Era adem\u00e1s muy joven, demasiado si lo vemos con los est\u00e1ndares de hoy, y muchos de los estudiantes eran casi de mi edad, lo cual hace dif\u00edcil tener la necesaria ascendencia para que las tareas que deb\u00eda proponer fuesen aceptadas como necesarias.<\/p>\n<p style=\"text-align: justify;\">Porque \u201cense\u00f1ar arquitectura\u201d que es lo que se espera de un profesor de \u201cDise\u00f1o\u201d, \u201cTaller\u201d o \u201cComposici\u00f3n Arquitect\u00f3nica\u201d (como se dec\u00eda cuando yo estudi\u00e9) no es comunicar conocimientos precisos que parten de certidumbres cient\u00edficas o tecnol\u00f3gicas, no es una narraci\u00f3n o exposici\u00f3n de conceptos, eventos, fechas, interpretaciones como en el caso de algunas disciplinas human\u00edsticas. Tampoco se refiere a un contenido bien delimitado, establecido por otros, al cual uno se refiere sin temor a equivocaciones. Es m\u00e1s bien abrirle al estudiante un espacio de reflexiones, de referencias, en el cual el ejercicio de prueba y error le permite ir haciendo comprobaciones sobre los grandes temas de la disciplina para as\u00ed ir conociendo los recursos de los que el arquitecto dispone, por una parte, y las limitaciones y facilidades personales como asunto fundamental. Todo ello mientras a lo largo de la carrera se van adquiriendo destrezas t\u00e9cnicas, se profundiza en las referencias venidas de la historia universal y local, de lo que hacen otros, cercanos y lejanos.<\/p>\n<p style=\"text-align: justify;\">Todo eso luce muy complicado y de hecho lo es; y por eso mismo respond\u00eda con evasivas cuando mi hermano Jes\u00fas quien me llevaba casi cuatro a\u00f1os de edad y ya hab\u00eda entrado como joven profesor a mi Facultad, me preguntaba por carta si al regresar del uso de una beca que al terminar mis estudios me permiti\u00f3 hacer pasant\u00edas de postgrado en Chile y en Francia, me incorporar\u00eda a la docencia. Me resist\u00eda a decir que s\u00ed y al estar de nuevo en Caracas toqu\u00e9 varias puertas, entre ellas la de la CVG (Ciudad Guayana planific\u00e1ndose) buscando trabajo sin \u00e9xito, hasta que Oscar Carpio, como Director de la Escuela (corr\u00eda Noviembre de 1962) me ofreci\u00f3 entrar a la Facultad como interino a Dedicaci\u00f3n Exclusiva. Ten\u00eda ya un hijo a los veintitr\u00e9s a\u00f1os, esperaba el segundo, muy pocos ahorros y mis padres me daban sobre todo ayuda moral porque de la otra no dispon\u00edan, as\u00ed que acept\u00e9 el ofrecimiento. Mis reticencias cedieron ante la necesidad.<\/p>\n<p style=\"text-align: justify;\">Se inici\u00f3 all\u00ed un proceso arduo y hasta problem\u00e1tico, que durante casi quince a\u00f1os, tal como dije m\u00e1s arriba, me caus\u00f3 incomodidad. Pero que ha sido clave en mi vida porque me ense\u00f1\u00f3 la mayor riqueza de las aulas universitarias, la de permitir, estimular y favorecer la producci\u00f3n y el intercambio de ideas. Como interlocutor de los m\u00e1s j\u00f3venes, que generalmente, en un pa\u00eds como el nuestro, tienden a abrirse hacia el profesor de manera generosa, procurando que a pesar de sus limitaciones se convierta de alguna manera en gu\u00eda. Y como en la ense\u00f1anza de Arquitectura se usa a\u00fan, a la manera de las Escuelas de Bellas Artes, el sistema de Taller, o sea aprendices (estudiantes) agrupados en torno a un maestro (profesor); se crea en fin de cuentas un cierto sentido de comunidad que algo se acerca al antiqu\u00edsimo ideal socr\u00e1tico. Y a trav\u00e9s de los a\u00f1os ese vivir por retazos en comunidad termina dejando huella positiva en nuestras vidas como intento de \u201cformar grey\u201d, instinto que todos tenemos dentro. De un intento digo porque la vida con frecuencia nos desmiente.<\/p>\n<p style=\"text-align: justify;\">No siempre es as\u00ed en otras partes del mundo, m\u00e1s cultas, m\u00e1s sabidas, en las que el estudiante llega a las aulas universitarias m\u00e1s hecho, con mayores prevenciones, con convicciones acaso forzadas por sociedades muy competitivas. Me lo mostr\u00f3 mi experiencia en los Estados Unidos donde estuve un a\u00f1o de profesor invitado. All\u00ed dif\u00edcilmente el profesor es visto como ductor porque existe una barrera invisible que autom\u00e1ticamente lo coloca en otro territorio, distante del que corresponde al estudiante. Su papel es m\u00e1s jer\u00e1rquico, menos pr\u00f3ximo. Pude tambi\u00e9n palparlo en Alemania y en Espa\u00f1a. En ambos pa\u00edses, con las diferencias l\u00f3gicas de culturas y tradiciones, no fue raro encontrarme con estudiantes que quer\u00edan a toda costa hacer \u201clo suyo\u201d como que si se tratara de cultivar una originalidad, un modo de hacer que se diferenciaba del de los dem\u00e1s y, por supuesto, de cualquier cosa que el profesor pudiera proponer. Me explico esa actitud porque la arquitectura en los mundos opulentos ha ido derivando peligrosamente, y sin duda en la direcci\u00f3n equivocada, hacia una celebraci\u00f3n del arquitecto que descansa en lo novedoso, en lo singular, en lo que se \u201cinventa\u201d. Y el estudiante fantasea con ser el pr\u00f3ximo exitoso-novedoso.<\/p>\n<p style=\"text-align: justify;\">No pretendo que estos atributos sean norma y dejo espacio a que haya modos de ser menos cargados por el peso de la ambici\u00f3n, pero me interesa destacar la apertura como nuestro rasgo dominante. Aqu\u00ed los j\u00f3venes est\u00e1n ansiosos por recibir se\u00f1ales de los mayores. No los obsesiona tanto la b\u00fasqueda de notoriedad, aunque s\u00ed, con frecuencia que a veces exaspera, buscan s\u00f3lo ventajas econ\u00f3micas, cosa que esta carrera est\u00e1 lejos de garantizar. Y si extrapolamos esa apertura a la sociedad en general hay muchas razones para pensar que aprenderemos todos a superar los obst\u00e1culos actuales.<\/p>\n<p style=\"text-align: justify;\">S\u00e9 que generalizo, s\u00e9 que escribo siguiendo eso que los franceses llaman un \u201c\u00e9l\u00e0n\u201d. Pero no est\u00e1 mal hacerlo cuando ocupa tanto espacio la mediocridad y el resentimiento de los que tienen Poder.<\/p>\n<p>\u00d3scar Tenreiro Degwitz, Arquitecto.<br \/>\nVenezuela,\u00a0julio\u00a02009<br \/>\n<span style=\"color: #999999;\"><em>Entre lo Cierto y lo Verdadero <\/em><\/span><\/p>\n","protected":false},"excerpt":{"rendered":"<p>Pasaron muchos a\u00f1os despu\u00e9s de mi entrada como profesor interino en la Facultad de Arquitectura de la UCV antes de que pudiera encontrarme c\u00f3modo con el rol de profesor. Conociendo mis carencias, mis dudas, no cre\u00eda estar en capacidad de orientar a los m\u00e1s j\u00f3venes, de apuntar con cierta claridad en una disciplina que todav\u00eda [&hellip;]<\/p>\n","protected":false},"author":35,"featured_media":71346,"comment_status":"open","ping_status":"closed","sticky":false,"template":"","format":"standard","meta":{"footnotes":""},"categories":[5934,5951],"tags":[143,7089,147,8746,668,737,9590,3091,815,13785,898,11762,977,1021,1820,1933,4982,1865,10880,1278,2048,1286,12468],"class_list":{"0":"post-71342","1":"post","2":"type-post","3":"status-publish","4":"format-standard","5":"has-post-thumbnail","7":"category-articulos","8":"category-slider-principal","9":"tag-arquitectura-contemporanea","10":"tag-arquitectura-francesa","11":"tag-arquitectura-moderna","12":"tag-estilo-internacional","13":"tag-historia","14":"tag-investigacion","15":"tag-investigador","16":"tag-investigar","17":"tag-maestro","18":"tag-maestros-modernos","19":"tag-movimiento-moderno","20":"tag-oscar-tenreiro-degwitz","21":"tag-paisaje","22":"tag-pensamiento","23":"tag-politica","24":"tag-politica-social","25":"tag-politicas-urbanas","26":"tag-reflexion","27":"tag-revista-arts-architecture","28":"tag-teoria","29":"tag-teoria-e-historia","30":"tag-territorio","31":"tag-urbanismo"},"yoast_head":"<!-- This site is optimized with the Yoast SEO plugin v27.5 - https:\/\/yoast.com\/product\/yoast-seo-wordpress\/ -->\n<title>\u00bfEnse\u00f1ar arquitectura? | \u00d3scar Tenreiro Degwitz - veredes<\/title>\n<meta name=\"description\" content=\"Toda la informaci\u00f3n sobre: \u00bfEnse\u00f1ar arquitectura? | \u00d3scar Tenreiro Degwitz\" \/>\n<meta name=\"robots\" content=\"index, follow, max-snippet:-1, max-image-preview:large, max-video-preview:-1\" \/>\n<link rel=\"canonical\" href=\"https:\/\/veredes.es\/blog\/ensenar-arquitectura-oscar-tenreiro-degwitz\/\" \/>\n<meta property=\"og:locale\" content=\"es_ES\" \/>\n<meta property=\"og:type\" content=\"article\" \/>\n<meta property=\"og:title\" content=\"\u00bfEnse\u00f1ar arquitectura? | \u00d3scar Tenreiro Degwitz - veredes\" \/>\n<meta property=\"og:description\" content=\"Toda la informaci\u00f3n sobre: \u00bfEnse\u00f1ar arquitectura? | \u00d3scar Tenreiro Degwitz\" \/>\n<meta property=\"og:url\" content=\"https:\/\/veredes.es\/blog\/ensenar-arquitectura-oscar-tenreiro-degwitz\/\" \/>\n<meta property=\"og:site_name\" content=\"veredes, arquitectura y divulgaci\u00f3n\" \/>\n<meta property=\"article:publisher\" content=\"https:\/\/www.facebook.com\/veredesArquitecturayDivulgacion\/\" \/>\n<meta property=\"article:published_time\" content=\"2019-11-17T23:01:02+00:00\" \/>\n<meta property=\"og:image\" content=\"https:\/\/veredes.es\/blog\/wp-content\/uploads\/2018\/11\/Ense\u00f1ar-arquitectura-El-conocido-cuadro-1787-de-Jacques-Louis-David-sobre-la-muerte-de-S\u00f3crates-rodeado-de-sus-disc\u00edpulos...menos-Plat\u00f3n-que-estaba-enfermo-Fuente-wikipedia.com_.jpg\" \/>\n\t<meta property=\"og:image:width\" content=\"1200\" \/>\n\t<meta property=\"og:image:height\" content=\"797\" \/>\n\t<meta property=\"og:image:type\" content=\"image\/jpeg\" \/>\n<meta name=\"author\" content=\"\u00d3scar Tenreiro Degwitz\" \/>\n<meta name=\"twitter:card\" content=\"summary_large_image\" \/>\n<meta name=\"twitter:creator\" content=\"@veredes\" \/>\n<meta name=\"twitter:site\" content=\"@veredes\" \/>\n<meta name=\"twitter:label1\" content=\"Escrito por\" \/>\n\t<meta name=\"twitter:data1\" content=\"\u00d3scar Tenreiro Degwitz\" \/>\n\t<meta name=\"twitter:label2\" content=\"Tiempo de lectura\" \/>\n\t<meta name=\"twitter:data2\" content=\"5 minutos\" \/>\n<script type=\"application\/ld+json\" class=\"yoast-schema-graph\">{\"@context\":\"https:\\\/\\\/schema.org\",\"@graph\":[{\"@type\":\"Article\",\"@id\":\"https:\\\/\\\/veredes.es\\\/blog\\\/ensenar-arquitectura-oscar-tenreiro-degwitz\\\/#article\",\"isPartOf\":{\"@id\":\"https:\\\/\\\/veredes.es\\\/blog\\\/ensenar-arquitectura-oscar-tenreiro-degwitz\\\/\"},\"author\":{\"name\":\"\u00d3scar Tenreiro Degwitz\",\"@id\":\"https:\\\/\\\/veredes.es\\\/blog\\\/#\\\/schema\\\/person\\\/3612c3173c340910b53bc7a6a8816b19\"},\"headline\":\"\u00bfEnse\u00f1ar arquitectura? | \u00d3scar Tenreiro Degwitz\",\"datePublished\":\"2019-11-17T23:01:02+00:00\",\"mainEntityOfPage\":{\"@id\":\"https:\\\/\\\/veredes.es\\\/blog\\\/ensenar-arquitectura-oscar-tenreiro-degwitz\\\/\"},\"wordCount\":1075,\"commentCount\":0,\"publisher\":{\"@id\":\"https:\\\/\\\/veredes.es\\\/blog\\\/#organization\"},\"image\":{\"@id\":\"https:\\\/\\\/veredes.es\\\/blog\\\/ensenar-arquitectura-oscar-tenreiro-degwitz\\\/#primaryimage\"},\"thumbnailUrl\":\"https:\\\/\\\/veredes.es\\\/blog\\\/wp-content\\\/uploads\\\/2018\\\/11\\\/Ense\u00f1ar-arquitectura-El-conocido-cuadro-1787-de-Jacques-Louis-David-sobre-la-muerte-de-S\u00f3crates-rodeado-de-sus-disc\u00edpulos...menos-Plat\u00f3n-que-estaba-enfermo-Fuente-wikipedia.com_.jpg\",\"keywords\":[\"arquitectura contempor\u00e1nea\",\"arquitectura francesa\",\"arquitectura moderna\",\"estilo internacional\",\"historia\",\"investigaci\u00f3n\",\"investigador\",\"investigar\",\"maestro\",\"maestros modernos\",\"movimiento moderno\",\"\u00d3scar Tenreiro Degwitz\",\"paisaje\",\"pensamiento\",\"pol\u00edtica\",\"pol\u00edtica social\",\"pol\u00edticas urbanas\",\"reflexi\u00f3n\",\"revista arts &amp; architecture\",\"teor\u00eda\",\"teor\u00eda e historia\",\"territorio\",\"urbanismo\"],\"articleSection\":[\"art\u00edculos\",\"slider principal\"],\"inLanguage\":\"es\",\"potentialAction\":[{\"@type\":\"CommentAction\",\"name\":\"Comment\",\"target\":[\"https:\\\/\\\/veredes.es\\\/blog\\\/ensenar-arquitectura-oscar-tenreiro-degwitz\\\/#respond\"]}]},{\"@type\":\"WebPage\",\"@id\":\"https:\\\/\\\/veredes.es\\\/blog\\\/ensenar-arquitectura-oscar-tenreiro-degwitz\\\/\",\"url\":\"https:\\\/\\\/veredes.es\\\/blog\\\/ensenar-arquitectura-oscar-tenreiro-degwitz\\\/\",\"name\":\"\u00bfEnse\u00f1ar arquitectura? | \u00d3scar Tenreiro Degwitz - veredes\",\"isPartOf\":{\"@id\":\"https:\\\/\\\/veredes.es\\\/blog\\\/#website\"},\"primaryImageOfPage\":{\"@id\":\"https:\\\/\\\/veredes.es\\\/blog\\\/ensenar-arquitectura-oscar-tenreiro-degwitz\\\/#primaryimage\"},\"image\":{\"@id\":\"https:\\\/\\\/veredes.es\\\/blog\\\/ensenar-arquitectura-oscar-tenreiro-degwitz\\\/#primaryimage\"},\"thumbnailUrl\":\"https:\\\/\\\/veredes.es\\\/blog\\\/wp-content\\\/uploads\\\/2018\\\/11\\\/Ense\u00f1ar-arquitectura-El-conocido-cuadro-1787-de-Jacques-Louis-David-sobre-la-muerte-de-S\u00f3crates-rodeado-de-sus-disc\u00edpulos...menos-Plat\u00f3n-que-estaba-enfermo-Fuente-wikipedia.com_.jpg\",\"datePublished\":\"2019-11-17T23:01:02+00:00\",\"description\":\"Toda la informaci\u00f3n sobre: \u00bfEnse\u00f1ar arquitectura? | \u00d3scar Tenreiro Degwitz\",\"breadcrumb\":{\"@id\":\"https:\\\/\\\/veredes.es\\\/blog\\\/ensenar-arquitectura-oscar-tenreiro-degwitz\\\/#breadcrumb\"},\"inLanguage\":\"es\",\"potentialAction\":[{\"@type\":\"ReadAction\",\"target\":[\"https:\\\/\\\/veredes.es\\\/blog\\\/ensenar-arquitectura-oscar-tenreiro-degwitz\\\/\"]}]},{\"@type\":\"ImageObject\",\"inLanguage\":\"es\",\"@id\":\"https:\\\/\\\/veredes.es\\\/blog\\\/ensenar-arquitectura-oscar-tenreiro-degwitz\\\/#primaryimage\",\"url\":\"https:\\\/\\\/veredes.es\\\/blog\\\/wp-content\\\/uploads\\\/2018\\\/11\\\/Ense\u00f1ar-arquitectura-El-conocido-cuadro-1787-de-Jacques-Louis-David-sobre-la-muerte-de-S\u00f3crates-rodeado-de-sus-disc\u00edpulos...menos-Plat\u00f3n-que-estaba-enfermo-Fuente-wikipedia.com_.jpg\",\"contentUrl\":\"https:\\\/\\\/veredes.es\\\/blog\\\/wp-content\\\/uploads\\\/2018\\\/11\\\/Ense\u00f1ar-arquitectura-El-conocido-cuadro-1787-de-Jacques-Louis-David-sobre-la-muerte-de-S\u00f3crates-rodeado-de-sus-disc\u00edpulos...menos-Plat\u00f3n-que-estaba-enfermo-Fuente-wikipedia.com_.jpg\",\"width\":1200,\"height\":797,\"caption\":\"El conocido cuadro (1787) de Jacques Louis David sobre la muerte de S\u00f3crates rodeado de sus disc\u00edpulos...menos Plat\u00f3n que estaba enfermo | Fuente: wikipedia.com\"},{\"@type\":\"BreadcrumbList\",\"@id\":\"https:\\\/\\\/veredes.es\\\/blog\\\/ensenar-arquitectura-oscar-tenreiro-degwitz\\\/#breadcrumb\",\"itemListElement\":[{\"@type\":\"ListItem\",\"position\":1,\"name\":\"Portada\",\"item\":\"https:\\\/\\\/veredes.es\\\/blog\\\/\"},{\"@type\":\"ListItem\",\"position\":2,\"name\":\"\u00bfEnse\u00f1ar arquitectura? | \u00d3scar Tenreiro Degwitz\"}]},{\"@type\":\"WebSite\",\"@id\":\"https:\\\/\\\/veredes.es\\\/blog\\\/#website\",\"url\":\"https:\\\/\\\/veredes.es\\\/blog\\\/\",\"name\":\"veredes, arquitectura y divulgaci\u00f3n\",\"description\":\"veredes\",\"publisher\":{\"@id\":\"https:\\\/\\\/veredes.es\\\/blog\\\/#organization\"},\"alternateName\":\"veredes\",\"potentialAction\":[{\"@type\":\"SearchAction\",\"target\":{\"@type\":\"EntryPoint\",\"urlTemplate\":\"https:\\\/\\\/veredes.es\\\/blog\\\/?s={search_term_string}\"},\"query-input\":{\"@type\":\"PropertyValueSpecification\",\"valueRequired\":true,\"valueName\":\"search_term_string\"}}],\"inLanguage\":\"es\"},{\"@type\":\"Organization\",\"@id\":\"https:\\\/\\\/veredes.es\\\/blog\\\/#organization\",\"name\":\"veredes, arquitectura y divulgaci\u00f3n\",\"alternateName\":\"veredes\",\"url\":\"https:\\\/\\\/veredes.es\\\/blog\\\/\",\"logo\":{\"@type\":\"ImageObject\",\"inLanguage\":\"es\",\"@id\":\"https:\\\/\\\/veredes.es\\\/blog\\\/#\\\/schema\\\/logo\\\/image\\\/\",\"url\":\"https:\\\/\\\/veredes.es\\\/blog\\\/wp-content\\\/uploads\\\/2021\\\/12\\\/veredes-logo-centrado_140x54.png\",\"contentUrl\":\"https:\\\/\\\/veredes.es\\\/blog\\\/wp-content\\\/uploads\\\/2021\\\/12\\\/veredes-logo-centrado_140x54.png\",\"width\":140,\"height\":54,\"caption\":\"veredes, arquitectura y divulgaci\u00f3n\"},\"image\":{\"@id\":\"https:\\\/\\\/veredes.es\\\/blog\\\/#\\\/schema\\\/logo\\\/image\\\/\"},\"sameAs\":[\"https:\\\/\\\/www.facebook.com\\\/veredesArquitecturayDivulgacion\\\/\",\"https:\\\/\\\/x.com\\\/veredes\",\"https:\\\/\\\/instagram.com\\\/veredes\\\/\",\"https:\\\/\\\/www.linkedin.com\\\/company\\\/veredes-arquitectura-y-divulgacion\\\/\",\"https:\\\/\\\/es.pinterest.com\\\/veredes\\\/\",\"https:\\\/\\\/www.tumblr.com\\\/veredes\"]},{\"@type\":\"Person\",\"@id\":\"https:\\\/\\\/veredes.es\\\/blog\\\/#\\\/schema\\\/person\\\/3612c3173c340910b53bc7a6a8816b19\",\"name\":\"\u00d3scar Tenreiro Degwitz\",\"image\":{\"@type\":\"ImageObject\",\"inLanguage\":\"es\",\"@id\":\"https:\\\/\\\/veredes.es\\\/blog\\\/wp-content\\\/uploads\\\/2018\\\/04\\\/\u00d3scar-Tenreiro-Degwitz-96x96.jpg\",\"url\":\"https:\\\/\\\/veredes.es\\\/blog\\\/wp-content\\\/uploads\\\/2018\\\/04\\\/\u00d3scar-Tenreiro-Degwitz-96x96.jpg\",\"contentUrl\":\"https:\\\/\\\/veredes.es\\\/blog\\\/wp-content\\\/uploads\\\/2018\\\/04\\\/\u00d3scar-Tenreiro-Degwitz-96x96.jpg\",\"caption\":\"\u00d3scar Tenreiro Degwitz\"},\"description\":\"Es un arquitecto venezolano, nacido en 1939, Premio Nacional de Arquitectura de su pa\u00eds en 2002-2003, profesor de Dise\u00f1o Arquitect\u00f3nico por m\u00e1s de treinta a\u00f1os en la Universidad Central de Venezuela, quien paralelamente con su ejercicio ha mantenido ya por a\u00f1os presencia en la prensa de su pa\u00eds en un esfuerzo de comunicaci\u00f3n hacia la gente en general de los puntos de vista del arquitecto acerca de los m\u00e1s diversos temas, entre los cuales figuran los agudos problemas pol\u00edticos de una sociedad como la venezolana. Tenreiro practica as\u00ed lo que el llama el \u201cpensamiento desde y hacia la arquitectura\u201d, insistiendo en que lo hace como arquitecto en ejercicio, para escapar de los estereotipos y cautelas propios de la \u201ccr\u00edtica arquitect\u00f3nica\u201d. Respecto a la cual no oculta su desconfianza, que explica recurriendo al aforismo de Nietzsche sobre el cr\u00edtico de arte \u201cque ve el arte desde cerca sin llegar a tocarlo nunca\u201d.\",\"sameAs\":[\"https:\\\/\\\/oscartenreiro.com\\\/\"],\"url\":\"https:\\\/\\\/veredes.es\\\/blog\\\/author\\\/oscar-tenreiro-degwitz\\\/\"}]}<\/script>\n<!-- \/ Yoast SEO plugin. -->","yoast_head_json":{"title":"\u00bfEnse\u00f1ar arquitectura? | \u00d3scar Tenreiro Degwitz - veredes","description":"Toda la informaci\u00f3n sobre: \u00bfEnse\u00f1ar arquitectura? | \u00d3scar Tenreiro Degwitz","robots":{"index":"index","follow":"follow","max-snippet":"max-snippet:-1","max-image-preview":"max-image-preview:large","max-video-preview":"max-video-preview:-1"},"canonical":"https:\/\/veredes.es\/blog\/ensenar-arquitectura-oscar-tenreiro-degwitz\/","og_locale":"es_ES","og_type":"article","og_title":"\u00bfEnse\u00f1ar arquitectura? | \u00d3scar Tenreiro Degwitz - veredes","og_description":"Toda la informaci\u00f3n sobre: \u00bfEnse\u00f1ar arquitectura? | \u00d3scar Tenreiro Degwitz","og_url":"https:\/\/veredes.es\/blog\/ensenar-arquitectura-oscar-tenreiro-degwitz\/","og_site_name":"veredes, arquitectura y divulgaci\u00f3n","article_publisher":"https:\/\/www.facebook.com\/veredesArquitecturayDivulgacion\/","article_published_time":"2019-11-17T23:01:02+00:00","og_image":[{"width":1200,"height":797,"url":"https:\/\/veredes.es\/blog\/wp-content\/uploads\/2018\/11\/Ense\u00f1ar-arquitectura-El-conocido-cuadro-1787-de-Jacques-Louis-David-sobre-la-muerte-de-S\u00f3crates-rodeado-de-sus-disc\u00edpulos...menos-Plat\u00f3n-que-estaba-enfermo-Fuente-wikipedia.com_.jpg","type":"image\/jpeg"}],"author":"\u00d3scar Tenreiro Degwitz","twitter_card":"summary_large_image","twitter_creator":"@veredes","twitter_site":"@veredes","twitter_misc":{"Escrito por":"\u00d3scar Tenreiro Degwitz","Tiempo de lectura":"5 minutos"},"schema":{"@context":"https:\/\/schema.org","@graph":[{"@type":"Article","@id":"https:\/\/veredes.es\/blog\/ensenar-arquitectura-oscar-tenreiro-degwitz\/#article","isPartOf":{"@id":"https:\/\/veredes.es\/blog\/ensenar-arquitectura-oscar-tenreiro-degwitz\/"},"author":{"name":"\u00d3scar Tenreiro Degwitz","@id":"https:\/\/veredes.es\/blog\/#\/schema\/person\/3612c3173c340910b53bc7a6a8816b19"},"headline":"\u00bfEnse\u00f1ar arquitectura? | \u00d3scar Tenreiro Degwitz","datePublished":"2019-11-17T23:01:02+00:00","mainEntityOfPage":{"@id":"https:\/\/veredes.es\/blog\/ensenar-arquitectura-oscar-tenreiro-degwitz\/"},"wordCount":1075,"commentCount":0,"publisher":{"@id":"https:\/\/veredes.es\/blog\/#organization"},"image":{"@id":"https:\/\/veredes.es\/blog\/ensenar-arquitectura-oscar-tenreiro-degwitz\/#primaryimage"},"thumbnailUrl":"https:\/\/veredes.es\/blog\/wp-content\/uploads\/2018\/11\/Ense\u00f1ar-arquitectura-El-conocido-cuadro-1787-de-Jacques-Louis-David-sobre-la-muerte-de-S\u00f3crates-rodeado-de-sus-disc\u00edpulos...menos-Plat\u00f3n-que-estaba-enfermo-Fuente-wikipedia.com_.jpg","keywords":["arquitectura contempor\u00e1nea","arquitectura francesa","arquitectura moderna","estilo internacional","historia","investigaci\u00f3n","investigador","investigar","maestro","maestros modernos","movimiento moderno","\u00d3scar Tenreiro Degwitz","paisaje","pensamiento","pol\u00edtica","pol\u00edtica social","pol\u00edticas urbanas","reflexi\u00f3n","revista arts &amp; architecture","teor\u00eda","teor\u00eda e historia","territorio","urbanismo"],"articleSection":["art\u00edculos","slider principal"],"inLanguage":"es","potentialAction":[{"@type":"CommentAction","name":"Comment","target":["https:\/\/veredes.es\/blog\/ensenar-arquitectura-oscar-tenreiro-degwitz\/#respond"]}]},{"@type":"WebPage","@id":"https:\/\/veredes.es\/blog\/ensenar-arquitectura-oscar-tenreiro-degwitz\/","url":"https:\/\/veredes.es\/blog\/ensenar-arquitectura-oscar-tenreiro-degwitz\/","name":"\u00bfEnse\u00f1ar arquitectura? | \u00d3scar Tenreiro Degwitz - veredes","isPartOf":{"@id":"https:\/\/veredes.es\/blog\/#website"},"primaryImageOfPage":{"@id":"https:\/\/veredes.es\/blog\/ensenar-arquitectura-oscar-tenreiro-degwitz\/#primaryimage"},"image":{"@id":"https:\/\/veredes.es\/blog\/ensenar-arquitectura-oscar-tenreiro-degwitz\/#primaryimage"},"thumbnailUrl":"https:\/\/veredes.es\/blog\/wp-content\/uploads\/2018\/11\/Ense\u00f1ar-arquitectura-El-conocido-cuadro-1787-de-Jacques-Louis-David-sobre-la-muerte-de-S\u00f3crates-rodeado-de-sus-disc\u00edpulos...menos-Plat\u00f3n-que-estaba-enfermo-Fuente-wikipedia.com_.jpg","datePublished":"2019-11-17T23:01:02+00:00","description":"Toda la informaci\u00f3n sobre: \u00bfEnse\u00f1ar arquitectura? | \u00d3scar Tenreiro Degwitz","breadcrumb":{"@id":"https:\/\/veredes.es\/blog\/ensenar-arquitectura-oscar-tenreiro-degwitz\/#breadcrumb"},"inLanguage":"es","potentialAction":[{"@type":"ReadAction","target":["https:\/\/veredes.es\/blog\/ensenar-arquitectura-oscar-tenreiro-degwitz\/"]}]},{"@type":"ImageObject","inLanguage":"es","@id":"https:\/\/veredes.es\/blog\/ensenar-arquitectura-oscar-tenreiro-degwitz\/#primaryimage","url":"https:\/\/veredes.es\/blog\/wp-content\/uploads\/2018\/11\/Ense\u00f1ar-arquitectura-El-conocido-cuadro-1787-de-Jacques-Louis-David-sobre-la-muerte-de-S\u00f3crates-rodeado-de-sus-disc\u00edpulos...menos-Plat\u00f3n-que-estaba-enfermo-Fuente-wikipedia.com_.jpg","contentUrl":"https:\/\/veredes.es\/blog\/wp-content\/uploads\/2018\/11\/Ense\u00f1ar-arquitectura-El-conocido-cuadro-1787-de-Jacques-Louis-David-sobre-la-muerte-de-S\u00f3crates-rodeado-de-sus-disc\u00edpulos...menos-Plat\u00f3n-que-estaba-enfermo-Fuente-wikipedia.com_.jpg","width":1200,"height":797,"caption":"El conocido cuadro (1787) de Jacques Louis David sobre la muerte de S\u00f3crates rodeado de sus disc\u00edpulos...menos Plat\u00f3n que estaba enfermo | Fuente: wikipedia.com"},{"@type":"BreadcrumbList","@id":"https:\/\/veredes.es\/blog\/ensenar-arquitectura-oscar-tenreiro-degwitz\/#breadcrumb","itemListElement":[{"@type":"ListItem","position":1,"name":"Portada","item":"https:\/\/veredes.es\/blog\/"},{"@type":"ListItem","position":2,"name":"\u00bfEnse\u00f1ar arquitectura? | \u00d3scar Tenreiro Degwitz"}]},{"@type":"WebSite","@id":"https:\/\/veredes.es\/blog\/#website","url":"https:\/\/veredes.es\/blog\/","name":"veredes, arquitectura y divulgaci\u00f3n","description":"veredes","publisher":{"@id":"https:\/\/veredes.es\/blog\/#organization"},"alternateName":"veredes","potentialAction":[{"@type":"SearchAction","target":{"@type":"EntryPoint","urlTemplate":"https:\/\/veredes.es\/blog\/?s={search_term_string}"},"query-input":{"@type":"PropertyValueSpecification","valueRequired":true,"valueName":"search_term_string"}}],"inLanguage":"es"},{"@type":"Organization","@id":"https:\/\/veredes.es\/blog\/#organization","name":"veredes, arquitectura y divulgaci\u00f3n","alternateName":"veredes","url":"https:\/\/veredes.es\/blog\/","logo":{"@type":"ImageObject","inLanguage":"es","@id":"https:\/\/veredes.es\/blog\/#\/schema\/logo\/image\/","url":"https:\/\/veredes.es\/blog\/wp-content\/uploads\/2021\/12\/veredes-logo-centrado_140x54.png","contentUrl":"https:\/\/veredes.es\/blog\/wp-content\/uploads\/2021\/12\/veredes-logo-centrado_140x54.png","width":140,"height":54,"caption":"veredes, arquitectura y divulgaci\u00f3n"},"image":{"@id":"https:\/\/veredes.es\/blog\/#\/schema\/logo\/image\/"},"sameAs":["https:\/\/www.facebook.com\/veredesArquitecturayDivulgacion\/","https:\/\/x.com\/veredes","https:\/\/instagram.com\/veredes\/","https:\/\/www.linkedin.com\/company\/veredes-arquitectura-y-divulgacion\/","https:\/\/es.pinterest.com\/veredes\/","https:\/\/www.tumblr.com\/veredes"]},{"@type":"Person","@id":"https:\/\/veredes.es\/blog\/#\/schema\/person\/3612c3173c340910b53bc7a6a8816b19","name":"\u00d3scar Tenreiro Degwitz","image":{"@type":"ImageObject","inLanguage":"es","@id":"https:\/\/veredes.es\/blog\/wp-content\/uploads\/2018\/04\/\u00d3scar-Tenreiro-Degwitz-96x96.jpg","url":"https:\/\/veredes.es\/blog\/wp-content\/uploads\/2018\/04\/\u00d3scar-Tenreiro-Degwitz-96x96.jpg","contentUrl":"https:\/\/veredes.es\/blog\/wp-content\/uploads\/2018\/04\/\u00d3scar-Tenreiro-Degwitz-96x96.jpg","caption":"\u00d3scar Tenreiro Degwitz"},"description":"Es un arquitecto venezolano, nacido en 1939, Premio Nacional de Arquitectura de su pa\u00eds en 2002-2003, profesor de Dise\u00f1o Arquitect\u00f3nico por m\u00e1s de treinta a\u00f1os en la Universidad Central de Venezuela, quien paralelamente con su ejercicio ha mantenido ya por a\u00f1os presencia en la prensa de su pa\u00eds en un esfuerzo de comunicaci\u00f3n hacia la gente en general de los puntos de vista del arquitecto acerca de los m\u00e1s diversos temas, entre los cuales figuran los agudos problemas pol\u00edticos de una sociedad como la venezolana. Tenreiro practica as\u00ed lo que el llama el \u201cpensamiento desde y hacia la arquitectura\u201d, insistiendo en que lo hace como arquitecto en ejercicio, para escapar de los estereotipos y cautelas propios de la \u201ccr\u00edtica arquitect\u00f3nica\u201d. Respecto a la cual no oculta su desconfianza, que explica recurriendo al aforismo de Nietzsche sobre el cr\u00edtico de arte \u201cque ve el arte desde cerca sin llegar a tocarlo nunca\u201d.","sameAs":["https:\/\/oscartenreiro.com\/"],"url":"https:\/\/veredes.es\/blog\/author\/oscar-tenreiro-degwitz\/"}]}},"_links":{"self":[{"href":"https:\/\/veredes.es\/blog\/wp-json\/wp\/v2\/posts\/71342","targetHints":{"allow":["GET"]}}],"collection":[{"href":"https:\/\/veredes.es\/blog\/wp-json\/wp\/v2\/posts"}],"about":[{"href":"https:\/\/veredes.es\/blog\/wp-json\/wp\/v2\/types\/post"}],"author":[{"embeddable":true,"href":"https:\/\/veredes.es\/blog\/wp-json\/wp\/v2\/users\/35"}],"replies":[{"embeddable":true,"href":"https:\/\/veredes.es\/blog\/wp-json\/wp\/v2\/comments?post=71342"}],"version-history":[{"count":0,"href":"https:\/\/veredes.es\/blog\/wp-json\/wp\/v2\/posts\/71342\/revisions"}],"wp:featuredmedia":[{"embeddable":true,"href":"https:\/\/veredes.es\/blog\/wp-json\/wp\/v2\/media\/71346"}],"wp:attachment":[{"href":"https:\/\/veredes.es\/blog\/wp-json\/wp\/v2\/media?parent=71342"}],"wp:term":[{"taxonomy":"category","embeddable":true,"href":"https:\/\/veredes.es\/blog\/wp-json\/wp\/v2\/categories?post=71342"},{"taxonomy":"post_tag","embeddable":true,"href":"https:\/\/veredes.es\/blog\/wp-json\/wp\/v2\/tags?post=71342"}],"curies":[{"name":"wp","href":"https:\/\/api.w.org\/{rel}","templated":true}]}}