{"id":71138,"date":"2018-11-15T00:01:59","date_gmt":"2018-11-14T23:01:59","guid":{"rendered":"https:\/\/veredes.es\/blog\/?p=71138"},"modified":"2024-01-03T11:23:27","modified_gmt":"2024-01-03T10:23:27","slug":"hna-no-pagues-las-cuotas-autonomo-2019","status":"publish","type":"post","link":"https:\/\/veredes.es\/blog\/hna-no-pagues-las-cuotas-autonomo-2019\/","title":{"rendered":"\u00a1Con hna, no pagues las cuotas de aut\u00f3nomo hasta 2019!"},"content":{"rendered":"<p><figure id=\"attachment_71139\" aria-describedby=\"caption-attachment-71139\" style=\"width: 1200px\" class=\"wp-caption alignnone\"><img loading=\"lazy\" decoding=\"async\" class=\"wp-image-71139 size-full\" title=\"\u00a1Con hna, no pagues las cuotas de aut\u00f3nomo hasta 2019!\" src=\"https:\/\/veredes.es\/blog\/wp-content\/uploads\/2018\/11\/\u00a1Con-hna-no-pagues-las-cuotas-de-aut\u00f3nomo-hasta-2019.jpg\" alt=\"\u00a1Con hna, no pagues las cuotas de aut\u00f3nomo hasta 2019!\" width=\"1200\" height=\"628\" srcset=\"https:\/\/veredes.es\/blog\/wp-content\/uploads\/2018\/11\/\u00a1Con-hna-no-pagues-las-cuotas-de-aut\u00f3nomo-hasta-2019.jpg 1200w, https:\/\/veredes.es\/blog\/wp-content\/uploads\/2018\/11\/\u00a1Con-hna-no-pagues-las-cuotas-de-aut\u00f3nomo-hasta-2019-300x157.jpg 300w, https:\/\/veredes.es\/blog\/wp-content\/uploads\/2018\/11\/\u00a1Con-hna-no-pagues-las-cuotas-de-aut\u00f3nomo-hasta-2019-1024x536.jpg 1024w\" sizes=\"auto, (max-width: 1200px) 100vw, 1200px\" \/><figcaption id=\"caption-attachment-71139\" class=\"wp-caption-text\"><span style=\"color: #999999;\">\u00a1Con hna, no pagues las cuotas de aut\u00f3nomo hasta 2019!<\/span><\/figcaption><\/figure><\/p>\n<h6 style=\"text-align: justify;\"><strong>\u00a1La Mutualidad ofrece las mejores soluciones para ejercer profesionalmente como arquitecto!<\/strong><\/h6>\n<p style=\"text-align: justify;\">Hasta final de a\u00f1o, la Mutualidad de los Arquitectos promueve el inicio del ejercicio profesional entre los j\u00f3venes, a trav\u00e9s del SPP Emprendedores de hna. As\u00ed, <strong>los nuevos arquitectos que empiecen a ejercer a trav\u00e9s del SPP no pagar\u00e1n sus cuotas hasta 2019<\/strong>. Adem\u00e1s, solo por informarse hna regala una licencia digital anual de ElCroquis.<\/p>\n<p style=\"text-align: justify;\">Esta promoci\u00f3n est\u00e1 vigente hasta enero de 2019 para quienes se den de alta por primera vez en el SPP. Una vez finalizado el periodo, los nuevos mutualistas tendr\u00e1n su SPP Emprendedores desde 45 euros al mes hasta el \u00faltimo trimestre de 2019 y, adem\u00e1s, tendr\u00e1n cuotas reducidas durante los tres primeros a\u00f1os.<\/p>\n<h6 style=\"text-align: justify;\"><strong>Ejercer a trav\u00e9s del SPP<\/strong><\/h6>\n<p style=\"text-align: justify;\">Desde hna, la Mutualidad de los Arquitectos, ponemos a tu disposici\u00f3n el <strong>Sistema de Previsi\u00f3n Personalizado (SPP)<\/strong>. \u00c9ste es, <strong>para los arquitectos superiores que ejercen por cuenta propia (aut\u00f3nomos), una alternativa exclusiva a la cotizaci\u00f3n del R\u00e9gimen de Aut\u00f3nomos de la Seguridad Social (RETA)<\/strong>. De este modo, tienes la posibilidad de optar entre cotizar a la Seguridad Social o a trav\u00e9s de hna, tu Mutualidad, que te ofrece de manera m\u00e1s flexible y econ\u00f3mica todas las coberturas que necesitas, as\u00ed como asesoramiento personal y otras ventajas con productos dise\u00f1ados en exclusiva para el colectivo.<\/p>\n<p style=\"text-align: justify;\">Para <strong>aquellos que trabajan por cuenta ajena, el SPP supone el<\/strong> <strong>complemento perfecto a la pensi\u00f3n p\u00fablica<\/strong>, creando un fondo personal, flexible e intransferible para la jubilaci\u00f3n, con una alta rentabilidad y ahorro fiscal.<\/p>\n<h6 style=\"text-align: justify;\"><strong>Ventajas del SPP<\/strong><\/h6>\n<p style=\"text-align: justify;\"><strong>M\u00e1s econ\u00f3mico que la Seguridad Social.<\/strong><br \/>\nLas cuotas del SPP de hna son siempre en torno a un 20% m\u00e1s econ\u00f3micas que las de los aut\u00f3nomos de la Seguridad Social. Con el SPP Plan Emprendedores de hna puedes ejercer desde 45 euros al mes durante un a\u00f1o y, adem\u00e1s, cuentas con cuotas reducidas durante los tres primeros a\u00f1os.<\/p>\n<p style=\"text-align: justify;\"><strong>Todas las coberturas.<\/strong><br \/>\nEl ahorro en las cuotas (hasta 1.440 euros durante los cuatro primeros a\u00f1os, respecto al &#8216;Aut\u00f3nomos&#8217; de la Seguridad Social) no supone menos coberturas respecto al RETA. Con el SPP tienes todas las que necesitas hoy y en el futuro: jubilaci\u00f3n, incapacidad temporal, invalidez permanente, maternidad, paternidad, fallecimiento\u2026<\/p>\n<p style=\"text-align: justify;\"><strong>Flexible y a tu medida.<\/strong><br \/>\nEl SPP permite adaptar las cuotas seg\u00fan las necesidades de cada momento para confeccionar un fondo personal e intransferible para la jubilaci\u00f3n. Lo que ahorres con tu plan se queda en tu Fondo de Ahorro Total (FAT). Adem\u00e1s, a\u00f1o a a\u00f1o el fondo se incrementa con la rentabilidad obtenida por hna y las mejoras en las cuotas y aportaciones extraordinarias.<\/p>\n<p style=\"text-align: justify;\"><strong>Jubilaci\u00f3n desde los 60 a\u00f1os.<\/strong><br \/>\nEl SPP permite la jubilaci\u00f3n a partir de los 60 a\u00f1os de edad y sin obligatoriedad de haber cotizado un m\u00ednimo de a\u00f1os, a diferencia del R\u00e9gimen de Aut\u00f3nomos.<\/p>\n<p style=\"text-align: justify;\"><strong>Jubilaci\u00f3n y ejercicio profesional.<\/strong><br \/>\nLos mutualistas de hna que ejercen a trav\u00e9s del SPP y se jubilan pueden compatibilizar su pensi\u00f3n con el ejercicio de la profesi\u00f3n.<\/p>\n<p style=\"text-align: justify;\"><strong>Desgravable en la declaraci\u00f3n fiscal.<\/strong><br \/>\nLas aportaciones al SPP pueden ser deducibles como gasto de la actividad profesional o como reducci\u00f3n de la base imponible en la Renta.<\/p>\n<p style=\"text-align: center;\"><a href=\"https:\/\/bit.ly\/2Dbg6SR\" target=\"_blank\" rel=\"noopener\"><strong>\u00a1Consigue m\u00e1s informaci\u00f3n!\u00a0<\/strong><\/a><\/p>\n<p>&nbsp;<\/p>","protected":false},"excerpt":{"rendered":"<p>\u00a1La Mutualidad ofrece las mejores soluciones para ejercer profesionalmente como arquitecto! Hasta final de a\u00f1o, la Mutualidad de los Arquitectos promueve el inicio del ejercicio profesional entre los j\u00f3venes, a trav\u00e9s del SPP Emprendedores de hna. As\u00ed, los nuevos arquitectos que empiecen a ejercer a trav\u00e9s del SPP no pagar\u00e1n sus cuotas hasta 2019. Adem\u00e1s, [&hellip;]<\/p>\n","protected":false},"author":2,"featured_media":71139,"comment_status":"open","ping_status":"closed","sticky":false,"template":"","format":"standard","meta":{"footnotes":""},"categories":[5624,5951],"tags":[12478,3087,5815,535,11681,758,759,4798,1103,13036],"class_list":{"0":"post-71138","1":"post","2":"type-post","3":"status-publish","4":"format-standard","5":"has-post-thumbnail","7":"category-deriva","8":"category-slider-principal","9":"tag-aparejo","10":"tag-emprendimiento","11":"tag-empresa","12":"tag-estudiante","13":"tag-hna","14":"tag-joven-arquitecto","15":"tag-joven-valor","16":"tag-modelo-profesional","17":"tag-profesion","18":"tag-promocion"},"yoast_head":"<!-- This site is optimized with the Yoast SEO plugin v27.4 - https:\/\/yoast.com\/product\/yoast-seo-wordpress\/ -->\n<title>\u00a1Con hna, no pagues las cuotas de aut\u00f3nomo hasta 2019! - veredes<\/title>\n<meta name=\"description\" content=\"Toda la informaci\u00f3n sobre: [:es]\u00a1Con hna, no pagues las cuotas de aut\u00f3nomo hasta 2019![:gl]Con hna, no pagues as cuotas de aut\u00f3nomo ata 2019![:en]\u00a1Con hna, no pagues las cuotas de aut\u00f3nomo hasta 2019![:]\" \/>\n<meta name=\"robots\" content=\"index, follow, max-snippet:-1, max-image-preview:large, max-video-preview:-1\" \/>\n<link rel=\"canonical\" href=\"https:\/\/veredes.es\/blog\/hna-no-pagues-las-cuotas-autonomo-2019\/\" \/>\n<meta property=\"og:locale\" content=\"es_ES\" \/>\n<meta property=\"og:type\" content=\"article\" \/>\n<meta property=\"og:title\" content=\"[:es]\u00a1Con hna, no pagues las cuotas de aut\u00f3nomo hasta 2019![:gl]Con hna, no pagues as cuotas de aut\u00f3nomo ata 2019![:en]\u00a1Con hna, no pagues las cuotas de aut\u00f3nomo hasta 2019![:] - veredes\" \/>\n<meta property=\"og:description\" content=\"Toda la informaci\u00f3n sobre: [:es]\u00a1Con hna, no pagues las cuotas de aut\u00f3nomo hasta 2019![:gl]Con hna, no pagues as cuotas de aut\u00f3nomo ata 2019![:en]\u00a1Con hna, no pagues las cuotas de aut\u00f3nomo hasta 2019![:]\" \/>\n<meta property=\"og:url\" content=\"https:\/\/veredes.es\/blog\/hna-no-pagues-las-cuotas-autonomo-2019\/\" \/>\n<meta property=\"og:site_name\" content=\"veredes, arquitectura y divulgaci\u00f3n\" \/>\n<meta property=\"article:publisher\" content=\"https:\/\/www.facebook.com\/veredesArquitecturayDivulgacion\/\" \/>\n<meta property=\"article:author\" content=\"https:\/\/www.facebook.com\/veredesArquitecturayDivulgacion\/\" \/>\n<meta property=\"article:published_time\" content=\"2018-11-14T23:01:59+00:00\" \/>\n<meta property=\"article:modified_time\" content=\"2024-01-03T10:23:27+00:00\" \/>\n<meta property=\"og:image\" content=\"https:\/\/veredes.es\/blog\/wp-content\/uploads\/2018\/11\/\u00a1Con-hna-no-pagues-las-cuotas-de-aut\u00f3nomo-hasta-2019.jpg\" \/>\n\t<meta property=\"og:image:width\" content=\"1200\" \/>\n\t<meta property=\"og:image:height\" content=\"628\" \/>\n\t<meta property=\"og:image:type\" content=\"image\/jpeg\" \/>\n<meta name=\"author\" content=\"veredes\" \/>\n<meta name=\"twitter:card\" content=\"summary_large_image\" \/>\n<meta name=\"twitter:creator\" content=\"@https:\/\/twitter.com\/veredes\" \/>\n<meta name=\"twitter:site\" content=\"@veredes\" \/>\n<meta name=\"twitter:label1\" content=\"Escrito por\" \/>\n\t<meta name=\"twitter:data1\" content=\"veredes\" \/>\n\t<meta name=\"twitter:label2\" content=\"Tiempo de lectura\" \/>\n\t<meta name=\"twitter:data2\" content=\"3 minutos\" \/>\n<script type=\"application\/ld+json\" class=\"yoast-schema-graph\">{\"@context\":\"https:\\\/\\\/schema.org\",\"@graph\":[{\"@type\":\"Article\",\"@id\":\"https:\\\/\\\/veredes.es\\\/blog\\\/hna-no-pagues-las-cuotas-autonomo-2019\\\/#article\",\"isPartOf\":{\"@id\":\"https:\\\/\\\/veredes.es\\\/blog\\\/hna-no-pagues-las-cuotas-autonomo-2019\\\/\"},\"author\":{\"name\":\"veredes\",\"@id\":\"https:\\\/\\\/veredes.es\\\/blog\\\/#\\\/schema\\\/person\\\/0bbb669073ef7faba5168a0844e93d2c\"},\"headline\":\"\u00a1Con hna, no pagues las cuotas de aut\u00f3nomo hasta 2019!\",\"datePublished\":\"2018-11-14T23:01:59+00:00\",\"dateModified\":\"2024-01-03T10:23:27+00:00\",\"mainEntityOfPage\":{\"@id\":\"https:\\\/\\\/veredes.es\\\/blog\\\/hna-no-pagues-las-cuotas-autonomo-2019\\\/\"},\"wordCount\":1831,\"commentCount\":0,\"publisher\":{\"@id\":\"https:\\\/\\\/veredes.es\\\/blog\\\/#organization\"},\"image\":{\"@id\":\"https:\\\/\\\/veredes.es\\\/blog\\\/hna-no-pagues-las-cuotas-autonomo-2019\\\/#primaryimage\"},\"thumbnailUrl\":\"https:\\\/\\\/veredes.es\\\/blog\\\/wp-content\\\/uploads\\\/2018\\\/11\\\/\u00a1Con-hna-no-pagues-las-cuotas-de-aut\u00f3nomo-hasta-2019.jpg\",\"keywords\":[\"aparejo\",\"emprendimiento\",\"empresa\",\"estudiante\",\"hna\",\"joven arquitecto\",\"joven valor\",\"modelo profesional\",\"profesi\u00f3n\",\"[:es]promoci\u00f3n[:gl]promoci\u00f3n[:en]promotion[:]\"],\"articleSection\":[\"deriva\",\"slider principal\"],\"inLanguage\":\"es\",\"potentialAction\":[{\"@type\":\"CommentAction\",\"name\":\"Comment\",\"target\":[\"https:\\\/\\\/veredes.es\\\/blog\\\/hna-no-pagues-las-cuotas-autonomo-2019\\\/#respond\"]}]},{\"@type\":\"WebPage\",\"@id\":\"https:\\\/\\\/veredes.es\\\/blog\\\/hna-no-pagues-las-cuotas-autonomo-2019\\\/\",\"url\":\"https:\\\/\\\/veredes.es\\\/blog\\\/hna-no-pagues-las-cuotas-autonomo-2019\\\/\",\"name\":\"[:es]\u00a1Con hna, no pagues las cuotas de aut\u00f3nomo hasta 2019![:gl]Con hna, no pagues as cuotas de aut\u00f3nomo ata 2019![:en]\u00a1Con hna, no pagues las cuotas de aut\u00f3nomo hasta 2019![:] - veredes\",\"isPartOf\":{\"@id\":\"https:\\\/\\\/veredes.es\\\/blog\\\/#website\"},\"primaryImageOfPage\":{\"@id\":\"https:\\\/\\\/veredes.es\\\/blog\\\/hna-no-pagues-las-cuotas-autonomo-2019\\\/#primaryimage\"},\"image\":{\"@id\":\"https:\\\/\\\/veredes.es\\\/blog\\\/hna-no-pagues-las-cuotas-autonomo-2019\\\/#primaryimage\"},\"thumbnailUrl\":\"https:\\\/\\\/veredes.es\\\/blog\\\/wp-content\\\/uploads\\\/2018\\\/11\\\/\u00a1Con-hna-no-pagues-las-cuotas-de-aut\u00f3nomo-hasta-2019.jpg\",\"datePublished\":\"2018-11-14T23:01:59+00:00\",\"dateModified\":\"2024-01-03T10:23:27+00:00\",\"description\":\"Toda la informaci\u00f3n sobre: [:es]\u00a1Con hna, no pagues las cuotas de aut\u00f3nomo hasta 2019![:gl]Con hna, no pagues as cuotas de aut\u00f3nomo ata 2019![:en]\u00a1Con hna, no pagues las cuotas de aut\u00f3nomo hasta 2019![:]\",\"breadcrumb\":{\"@id\":\"https:\\\/\\\/veredes.es\\\/blog\\\/hna-no-pagues-las-cuotas-autonomo-2019\\\/#breadcrumb\"},\"inLanguage\":\"es\",\"potentialAction\":[{\"@type\":\"ReadAction\",\"target\":[\"https:\\\/\\\/veredes.es\\\/blog\\\/hna-no-pagues-las-cuotas-autonomo-2019\\\/\"]}]},{\"@type\":\"ImageObject\",\"inLanguage\":\"es\",\"@id\":\"https:\\\/\\\/veredes.es\\\/blog\\\/hna-no-pagues-las-cuotas-autonomo-2019\\\/#primaryimage\",\"url\":\"https:\\\/\\\/veredes.es\\\/blog\\\/wp-content\\\/uploads\\\/2018\\\/11\\\/\u00a1Con-hna-no-pagues-las-cuotas-de-aut\u00f3nomo-hasta-2019.jpg\",\"contentUrl\":\"https:\\\/\\\/veredes.es\\\/blog\\\/wp-content\\\/uploads\\\/2018\\\/11\\\/\u00a1Con-hna-no-pagues-las-cuotas-de-aut\u00f3nomo-hasta-2019.jpg\",\"width\":1200,\"height\":628},{\"@type\":\"BreadcrumbList\",\"@id\":\"https:\\\/\\\/veredes.es\\\/blog\\\/hna-no-pagues-las-cuotas-autonomo-2019\\\/#breadcrumb\",\"itemListElement\":[{\"@type\":\"ListItem\",\"position\":1,\"name\":\"Portada\",\"item\":\"https:\\\/\\\/veredes.es\\\/blog\\\/\"},{\"@type\":\"ListItem\",\"position\":2,\"name\":\"\u00a1Con hna, no pagues las cuotas de aut\u00f3nomo hasta 2019!\"}]},{\"@type\":\"WebSite\",\"@id\":\"https:\\\/\\\/veredes.es\\\/blog\\\/#website\",\"url\":\"https:\\\/\\\/veredes.es\\\/blog\\\/\",\"name\":\"veredes, arquitectura y divulgaci\u00f3n\",\"description\":\"veredes\",\"publisher\":{\"@id\":\"https:\\\/\\\/veredes.es\\\/blog\\\/#organization\"},\"alternateName\":\"veredes\",\"potentialAction\":[{\"@type\":\"SearchAction\",\"target\":{\"@type\":\"EntryPoint\",\"urlTemplate\":\"https:\\\/\\\/veredes.es\\\/blog\\\/?s={search_term_string}\"},\"query-input\":{\"@type\":\"PropertyValueSpecification\",\"valueRequired\":true,\"valueName\":\"search_term_string\"}}],\"inLanguage\":\"es\"},{\"@type\":\"Organization\",\"@id\":\"https:\\\/\\\/veredes.es\\\/blog\\\/#organization\",\"name\":\"veredes, arquitectura y divulgaci\u00f3n\",\"alternateName\":\"veredes\",\"url\":\"https:\\\/\\\/veredes.es\\\/blog\\\/\",\"logo\":{\"@type\":\"ImageObject\",\"inLanguage\":\"es\",\"@id\":\"https:\\\/\\\/veredes.es\\\/blog\\\/#\\\/schema\\\/logo\\\/image\\\/\",\"url\":\"https:\\\/\\\/veredes.es\\\/blog\\\/wp-content\\\/uploads\\\/2021\\\/12\\\/veredes-logo-centrado_140x54.png\",\"contentUrl\":\"https:\\\/\\\/veredes.es\\\/blog\\\/wp-content\\\/uploads\\\/2021\\\/12\\\/veredes-logo-centrado_140x54.png\",\"width\":140,\"height\":54,\"caption\":\"veredes, arquitectura y divulgaci\u00f3n\"},\"image\":{\"@id\":\"https:\\\/\\\/veredes.es\\\/blog\\\/#\\\/schema\\\/logo\\\/image\\\/\"},\"sameAs\":[\"https:\\\/\\\/www.facebook.com\\\/veredesArquitecturayDivulgacion\\\/\",\"https:\\\/\\\/x.com\\\/veredes\",\"https:\\\/\\\/instagram.com\\\/veredes\\\/\",\"https:\\\/\\\/www.linkedin.com\\\/company\\\/veredes-arquitectura-y-divulgacion\\\/\",\"https:\\\/\\\/es.pinterest.com\\\/veredes\\\/\",\"https:\\\/\\\/www.tumblr.com\\\/veredes\"]},{\"@type\":\"Person\",\"@id\":\"https:\\\/\\\/veredes.es\\\/blog\\\/#\\\/schema\\\/person\\\/0bbb669073ef7faba5168a0844e93d2c\",\"name\":\"veredes\",\"image\":{\"@type\":\"ImageObject\",\"inLanguage\":\"es\",\"@id\":\"https:\\\/\\\/veredes.es\\\/blog\\\/wp-content\\\/uploads\\\/2018\\\/04\\\/face-96x96.jpg\",\"url\":\"https:\\\/\\\/veredes.es\\\/blog\\\/wp-content\\\/uploads\\\/2018\\\/04\\\/face-96x96.jpg\",\"contentUrl\":\"https:\\\/\\\/veredes.es\\\/blog\\\/wp-content\\\/uploads\\\/2018\\\/04\\\/face-96x96.jpg\",\"caption\":\"veredes\"},\"description\":\"Surge enero de 2009 como b\u00fasqueda de satisfacer el conocimiento de la actividad arquitect\u00f3nica y tangentes que se generan. La idea es crear un espacio para divulgar los diversos proyectos en busca de nueva inspiraci\u00f3n y de intercambio.\",\"sameAs\":[\"https:\\\/\\\/veredes.es\\\/\",\"https:\\\/\\\/www.facebook.com\\\/veredesArquitecturayDivulgacion\\\/\",\"https:\\\/\\\/www.instagram.com\\\/veredes\\\/\",\"https:\\\/\\\/www.linkedin.com\\\/company\\\/veredes-arquitectura-y-divulgacion\\\/\",\"https:\\\/\\\/www.pinterest.es\\\/veredes\\\/\",\"https:\\\/\\\/x.com\\\/https:\\\/\\\/twitter.com\\\/veredes\",\"https:\\\/\\\/veredes.tumblr.com\\\/\"],\"url\":\"https:\\\/\\\/veredes.es\\\/blog\\\/author\\\/alberto\\\/\"}]}<\/script>\n<!-- \/ Yoast SEO plugin. -->","yoast_head_json":{"title":"[:es]\u00a1Con hna, no pagues las cuotas de aut\u00f3nomo hasta 2019![:gl]Con hna, no pagues as cuotas de aut\u00f3nomo ata 2019![:en]\u00a1Con hna, no pagues las cuotas de aut\u00f3nomo hasta 2019![:] - veredes","description":"Toda la informaci\u00f3n sobre: [:es]\u00a1Con hna, no pagues las cuotas de aut\u00f3nomo hasta 2019![:gl]Con hna, no pagues as cuotas de aut\u00f3nomo ata 2019![:en]\u00a1Con hna, no pagues las cuotas de aut\u00f3nomo hasta 2019![:]","robots":{"index":"index","follow":"follow","max-snippet":"max-snippet:-1","max-image-preview":"max-image-preview:large","max-video-preview":"max-video-preview:-1"},"canonical":"https:\/\/veredes.es\/blog\/hna-no-pagues-las-cuotas-autonomo-2019\/","og_locale":"es_ES","og_type":"article","og_title":"[:es]\u00a1Con hna, no pagues las cuotas de aut\u00f3nomo hasta 2019![:gl]Con hna, no pagues as cuotas de aut\u00f3nomo ata 2019![:en]\u00a1Con hna, no pagues las cuotas de aut\u00f3nomo hasta 2019![:] - veredes","og_description":"Toda la informaci\u00f3n sobre: [:es]\u00a1Con hna, no pagues las cuotas de aut\u00f3nomo hasta 2019![:gl]Con hna, no pagues as cuotas de aut\u00f3nomo ata 2019![:en]\u00a1Con hna, no pagues las cuotas de aut\u00f3nomo hasta 2019![:]","og_url":"https:\/\/veredes.es\/blog\/hna-no-pagues-las-cuotas-autonomo-2019\/","og_site_name":"veredes, arquitectura y divulgaci\u00f3n","article_publisher":"https:\/\/www.facebook.com\/veredesArquitecturayDivulgacion\/","article_author":"https:\/\/www.facebook.com\/veredesArquitecturayDivulgacion\/","article_published_time":"2018-11-14T23:01:59+00:00","article_modified_time":"2024-01-03T10:23:27+00:00","og_image":[{"width":1200,"height":628,"url":"https:\/\/veredes.es\/blog\/wp-content\/uploads\/2018\/11\/\u00a1Con-hna-no-pagues-las-cuotas-de-aut\u00f3nomo-hasta-2019.jpg","type":"image\/jpeg"}],"author":"veredes","twitter_card":"summary_large_image","twitter_creator":"@https:\/\/twitter.com\/veredes","twitter_site":"@veredes","twitter_misc":{"Escrito por":"veredes","Tiempo de lectura":"3 minutos"},"schema":{"@context":"https:\/\/schema.org","@graph":[{"@type":"Article","@id":"https:\/\/veredes.es\/blog\/hna-no-pagues-las-cuotas-autonomo-2019\/#article","isPartOf":{"@id":"https:\/\/veredes.es\/blog\/hna-no-pagues-las-cuotas-autonomo-2019\/"},"author":{"name":"veredes","@id":"https:\/\/veredes.es\/blog\/#\/schema\/person\/0bbb669073ef7faba5168a0844e93d2c"},"headline":"\u00a1Con hna, no pagues las cuotas de aut\u00f3nomo hasta 2019!","datePublished":"2018-11-14T23:01:59+00:00","dateModified":"2024-01-03T10:23:27+00:00","mainEntityOfPage":{"@id":"https:\/\/veredes.es\/blog\/hna-no-pagues-las-cuotas-autonomo-2019\/"},"wordCount":1831,"commentCount":0,"publisher":{"@id":"https:\/\/veredes.es\/blog\/#organization"},"image":{"@id":"https:\/\/veredes.es\/blog\/hna-no-pagues-las-cuotas-autonomo-2019\/#primaryimage"},"thumbnailUrl":"https:\/\/veredes.es\/blog\/wp-content\/uploads\/2018\/11\/\u00a1Con-hna-no-pagues-las-cuotas-de-aut\u00f3nomo-hasta-2019.jpg","keywords":["aparejo","emprendimiento","empresa","estudiante","hna","joven arquitecto","joven valor","modelo profesional","profesi\u00f3n","[:es]promoci\u00f3n[:gl]promoci\u00f3n[:en]promotion[:]"],"articleSection":["deriva","slider principal"],"inLanguage":"es","potentialAction":[{"@type":"CommentAction","name":"Comment","target":["https:\/\/veredes.es\/blog\/hna-no-pagues-las-cuotas-autonomo-2019\/#respond"]}]},{"@type":"WebPage","@id":"https:\/\/veredes.es\/blog\/hna-no-pagues-las-cuotas-autonomo-2019\/","url":"https:\/\/veredes.es\/blog\/hna-no-pagues-las-cuotas-autonomo-2019\/","name":"[:es]\u00a1Con hna, no pagues las cuotas de aut\u00f3nomo hasta 2019![:gl]Con hna, no pagues as cuotas de aut\u00f3nomo ata 2019![:en]\u00a1Con hna, no pagues las cuotas de aut\u00f3nomo hasta 2019![:] - veredes","isPartOf":{"@id":"https:\/\/veredes.es\/blog\/#website"},"primaryImageOfPage":{"@id":"https:\/\/veredes.es\/blog\/hna-no-pagues-las-cuotas-autonomo-2019\/#primaryimage"},"image":{"@id":"https:\/\/veredes.es\/blog\/hna-no-pagues-las-cuotas-autonomo-2019\/#primaryimage"},"thumbnailUrl":"https:\/\/veredes.es\/blog\/wp-content\/uploads\/2018\/11\/\u00a1Con-hna-no-pagues-las-cuotas-de-aut\u00f3nomo-hasta-2019.jpg","datePublished":"2018-11-14T23:01:59+00:00","dateModified":"2024-01-03T10:23:27+00:00","description":"Toda la informaci\u00f3n sobre: [:es]\u00a1Con hna, no pagues las cuotas de aut\u00f3nomo hasta 2019![:gl]Con hna, no pagues as cuotas de aut\u00f3nomo ata 2019![:en]\u00a1Con hna, no pagues las cuotas de aut\u00f3nomo hasta 2019![:]","breadcrumb":{"@id":"https:\/\/veredes.es\/blog\/hna-no-pagues-las-cuotas-autonomo-2019\/#breadcrumb"},"inLanguage":"es","potentialAction":[{"@type":"ReadAction","target":["https:\/\/veredes.es\/blog\/hna-no-pagues-las-cuotas-autonomo-2019\/"]}]},{"@type":"ImageObject","inLanguage":"es","@id":"https:\/\/veredes.es\/blog\/hna-no-pagues-las-cuotas-autonomo-2019\/#primaryimage","url":"https:\/\/veredes.es\/blog\/wp-content\/uploads\/2018\/11\/\u00a1Con-hna-no-pagues-las-cuotas-de-aut\u00f3nomo-hasta-2019.jpg","contentUrl":"https:\/\/veredes.es\/blog\/wp-content\/uploads\/2018\/11\/\u00a1Con-hna-no-pagues-las-cuotas-de-aut\u00f3nomo-hasta-2019.jpg","width":1200,"height":628},{"@type":"BreadcrumbList","@id":"https:\/\/veredes.es\/blog\/hna-no-pagues-las-cuotas-autonomo-2019\/#breadcrumb","itemListElement":[{"@type":"ListItem","position":1,"name":"Portada","item":"https:\/\/veredes.es\/blog\/"},{"@type":"ListItem","position":2,"name":"\u00a1Con hna, no pagues las cuotas de aut\u00f3nomo hasta 2019!"}]},{"@type":"WebSite","@id":"https:\/\/veredes.es\/blog\/#website","url":"https:\/\/veredes.es\/blog\/","name":"veredes, arquitectura y divulgaci\u00f3n","description":"veredes","publisher":{"@id":"https:\/\/veredes.es\/blog\/#organization"},"alternateName":"veredes","potentialAction":[{"@type":"SearchAction","target":{"@type":"EntryPoint","urlTemplate":"https:\/\/veredes.es\/blog\/?s={search_term_string}"},"query-input":{"@type":"PropertyValueSpecification","valueRequired":true,"valueName":"search_term_string"}}],"inLanguage":"es"},{"@type":"Organization","@id":"https:\/\/veredes.es\/blog\/#organization","name":"veredes, arquitectura y divulgaci\u00f3n","alternateName":"veredes","url":"https:\/\/veredes.es\/blog\/","logo":{"@type":"ImageObject","inLanguage":"es","@id":"https:\/\/veredes.es\/blog\/#\/schema\/logo\/image\/","url":"https:\/\/veredes.es\/blog\/wp-content\/uploads\/2021\/12\/veredes-logo-centrado_140x54.png","contentUrl":"https:\/\/veredes.es\/blog\/wp-content\/uploads\/2021\/12\/veredes-logo-centrado_140x54.png","width":140,"height":54,"caption":"veredes, arquitectura y divulgaci\u00f3n"},"image":{"@id":"https:\/\/veredes.es\/blog\/#\/schema\/logo\/image\/"},"sameAs":["https:\/\/www.facebook.com\/veredesArquitecturayDivulgacion\/","https:\/\/x.com\/veredes","https:\/\/instagram.com\/veredes\/","https:\/\/www.linkedin.com\/company\/veredes-arquitectura-y-divulgacion\/","https:\/\/es.pinterest.com\/veredes\/","https:\/\/www.tumblr.com\/veredes"]},{"@type":"Person","@id":"https:\/\/veredes.es\/blog\/#\/schema\/person\/0bbb669073ef7faba5168a0844e93d2c","name":"veredes","image":{"@type":"ImageObject","inLanguage":"es","@id":"https:\/\/veredes.es\/blog\/wp-content\/uploads\/2018\/04\/face-96x96.jpg","url":"https:\/\/veredes.es\/blog\/wp-content\/uploads\/2018\/04\/face-96x96.jpg","contentUrl":"https:\/\/veredes.es\/blog\/wp-content\/uploads\/2018\/04\/face-96x96.jpg","caption":"veredes"},"description":"Surge enero de 2009 como b\u00fasqueda de satisfacer el conocimiento de la actividad arquitect\u00f3nica y tangentes que se generan. La idea es crear un espacio para divulgar los diversos proyectos en busca de nueva inspiraci\u00f3n y de intercambio.","sameAs":["https:\/\/veredes.es\/","https:\/\/www.facebook.com\/veredesArquitecturayDivulgacion\/","https:\/\/www.instagram.com\/veredes\/","https:\/\/www.linkedin.com\/company\/veredes-arquitectura-y-divulgacion\/","https:\/\/www.pinterest.es\/veredes\/","https:\/\/x.com\/https:\/\/twitter.com\/veredes","https:\/\/veredes.tumblr.com\/"],"url":"https:\/\/veredes.es\/blog\/author\/alberto\/"}]}},"_links":{"self":[{"href":"https:\/\/veredes.es\/blog\/wp-json\/wp\/v2\/posts\/71138","targetHints":{"allow":["GET"]}}],"collection":[{"href":"https:\/\/veredes.es\/blog\/wp-json\/wp\/v2\/posts"}],"about":[{"href":"https:\/\/veredes.es\/blog\/wp-json\/wp\/v2\/types\/post"}],"author":[{"embeddable":true,"href":"https:\/\/veredes.es\/blog\/wp-json\/wp\/v2\/users\/2"}],"replies":[{"embeddable":true,"href":"https:\/\/veredes.es\/blog\/wp-json\/wp\/v2\/comments?post=71138"}],"version-history":[{"count":0,"href":"https:\/\/veredes.es\/blog\/wp-json\/wp\/v2\/posts\/71138\/revisions"}],"wp:featuredmedia":[{"embeddable":true,"href":"https:\/\/veredes.es\/blog\/wp-json\/wp\/v2\/media\/71139"}],"wp:attachment":[{"href":"https:\/\/veredes.es\/blog\/wp-json\/wp\/v2\/media?parent=71138"}],"wp:term":[{"taxonomy":"category","embeddable":true,"href":"https:\/\/veredes.es\/blog\/wp-json\/wp\/v2\/categories?post=71138"},{"taxonomy":"post_tag","embeddable":true,"href":"https:\/\/veredes.es\/blog\/wp-json\/wp\/v2\/tags?post=71138"}],"curies":[{"name":"wp","href":"https:\/\/api.w.org\/{rel}","templated":true}]}}