{"id":7110,"date":"2010-12-02T08:42:31","date_gmt":"2010-12-02T08:42:31","guid":{"rendered":"http:\/\/veredes.es\/blog\/?p=7110"},"modified":"2020-11-25T15:43:01","modified_gmt":"2020-11-25T14:43:01","slug":"conferencia-matias-del-campo","status":"publish","type":"post","link":"https:\/\/veredes.es\/blog\/conferencia-matias-del-campo\/","title":{"rendered":"Conferencia Mat\u00edas del Campo"},"content":{"rendered":"<p><\/p>\n<p style=\"text-align: justify;\">La delegaci\u00f3n en Vigo del Colegio Oficial de Arquitectos de Galicia \u2013COAG- acoge ma\u00f1ana, jueves 2 diciembre, a las 19.00 h. y en colaboraci\u00f3n con la empresa Dismac, la conferencia del arquitecto Mat\u00edas del Campo. Mat\u00edas del Campo, chileno afincado en Austria desde hace a\u00f1os, es el fundador de SPAN Arquitectura, estudio que ha firmado proyectos por toda Europa, China y Sudam\u00e9rica, cosechando multitud de premios. Su trabajo se caracteriza por la b\u00fasqueda de ambientes contempor\u00e1neos y la utilizaci\u00f3n de las m\u00e1s vanguardistas formas de construcci\u00f3n. Otra constante en sus proyectos es la aplicaci\u00f3n de herramientas de generaci\u00f3n de algoritmos y la reproducci\u00f3n de estructuras bi\u00f3nicas basadas en la naturaleza, aspecto en el que centrar\u00e1 su intervenci\u00f3n de ma\u00f1ana. Destaca, tambi\u00e9n, su enorme sensibilidad por la l\u00ednea curva y org\u00e1nica inspirada en geometr\u00edas barrocas, y su confesada admiraci\u00f3n por las obras del arquitecto austro-americano Frederick Kiesler.<\/p>\n<p style=\"text-align: justify;\"><a href=\"http:\/\/veredes.es\/blog\/wp-content\/uploads\/2010\/12\/australia6.jpg\"><img loading=\"lazy\" decoding=\"async\" class=\"alignnone size-full wp-image-7111\" title=\"australia6\" src=\"http:\/\/veredes.es\/blog\/wp-content\/uploads\/2010\/12\/australia6.jpg\" alt=\"\" width=\"350\" height=\"233\" srcset=\"https:\/\/veredes.es\/blog\/wp-content\/uploads\/2010\/12\/australia6.jpg 350w, https:\/\/veredes.es\/blog\/wp-content\/uploads\/2010\/12\/australia6-300x199.jpg 300w\" sizes=\"auto, (max-width: 350px) 100vw, 350px\" \/><\/a><span style=\"color: #888888;\">por us.arqa.com<\/span><\/p>\n<p style=\"text-align: justify;\"><strong>Pabell\u00f3n de Austria para la Expo Shangh\u00e1i 2010<\/strong><br \/>\nUna de las obras m\u00e1s conocidas de Del Campo es el pabell\u00f3n de Austria para la Expo de Shangh\u00e1i 2010, dise\u00f1ado a partir de la idea de una arquitectura futurista. La estructura de dos pisos es producto del dise\u00f1o desarrollado por SPAN y Arquitectos Zeytinoglu, ambos con sede en Viena. Con una superficie sin fisuras ni juntas que evoca estructuras biol\u00f3gicas, la fachada del pabell\u00f3n est\u00e1 cubierta por diez millones de azulejos, un volumen biom\u00f3rfico envuelto en una brillante piel de porcelana. Seg\u00fan Del Campo, \u00abla arquitectura del proyecto se basa en la idea de continuidad, con superficies suaves, un concepto que desarrolla un flujo continuo dentro del pabell\u00f3n y que a su vez ofrece una mezcla sutil entre el exterior y el interior\u00bb. El dise\u00f1o de SPAN y Zeytinoglu fue elegido por unanimidad del jurado en un concurso para estudios de arquitectura de toda Europa celebrado en 2008.<\/p>\n<p style=\"text-align: justify;\">[&#8230;]<\/p>\n<p style=\"text-align: justify;\"><a href=\"http:\/\/www.soloarquitectura.com\/noticias\/noticia2010120103.html\" target=\"_blank\" rel=\"noopener noreferrer\"><span style=\"color: #888888;\">+ articulo publicado en soloarquitectura.com<\/span><\/a><\/p>\n<p style=\"text-align: justify;\"><span style=\"color: #888888;\">via:coagcoru\u00f1a.es<\/span><\/p>\n<p><\/p>","protected":false},"excerpt":{"rendered":"<p>La delegaci\u00f3n en Vigo del Colegio Oficial de Arquitectos de Galicia \u2013COAG- acoge ma\u00f1ana, jueves 2 diciembre, a las 19.00 h. y en colaboraci\u00f3n con la empresa Dismac, la conferencia del arquitecto Mat\u00edas del Campo. Mat\u00edas del Campo, chileno afincado en Austria desde hace a\u00f1os, es el fundador de SPAN Arquitectura, estudio que ha firmado [&hellip;]<\/p>\n","protected":false},"author":2,"featured_media":7111,"comment_status":"open","ping_status":"closed","sticky":false,"template":"","format":"standard","meta":{"footnotes":""},"categories":[1385,16],"tags":[357,1559],"class_list":{"0":"post-7110","1":"post","2":"type-post","3":"status-publish","4":"format-standard","5":"has-post-thumbnail","7":"category-conferencias","8":"category-eventos","9":"tag-conferencia","10":"tag-expo-shanghai"},"yoast_head":"<!-- This site is optimized with the Yoast SEO plugin v27.5 - https:\/\/yoast.com\/product\/yoast-seo-wordpress\/ -->\n<title>Conferencia Mat\u00edas del Campo - veredes<\/title>\n<meta name=\"description\" content=\"Toda la informaci\u00f3n sobre: [:es]Conferencia Mat\u00edas del Campo[:gl]Conferencia Mat\u00edas del Campo[:en]Conference Mat\u00edas del Campo[:]\" \/>\n<meta name=\"robots\" content=\"index, follow, max-snippet:-1, max-image-preview:large, max-video-preview:-1\" \/>\n<link rel=\"canonical\" href=\"https:\/\/veredes.es\/blog\/conferencia-matias-del-campo\/\" \/>\n<meta property=\"og:locale\" content=\"es_ES\" \/>\n<meta property=\"og:type\" content=\"article\" \/>\n<meta property=\"og:title\" content=\"[:es]Conferencia Mat\u00edas del Campo[:gl]Conferencia Mat\u00edas del Campo[:en]Conference Mat\u00edas del Campo[:] - veredes\" \/>\n<meta property=\"og:description\" content=\"Toda la informaci\u00f3n sobre: [:es]Conferencia Mat\u00edas del Campo[:gl]Conferencia Mat\u00edas del Campo[:en]Conference Mat\u00edas del Campo[:]\" \/>\n<meta property=\"og:url\" content=\"https:\/\/veredes.es\/blog\/conferencia-matias-del-campo\/\" \/>\n<meta property=\"og:site_name\" content=\"veredes, arquitectura y divulgaci\u00f3n\" \/>\n<meta property=\"article:publisher\" content=\"https:\/\/www.facebook.com\/veredesArquitecturayDivulgacion\/\" \/>\n<meta property=\"article:author\" content=\"https:\/\/www.facebook.com\/veredesArquitecturayDivulgacion\/\" \/>\n<meta property=\"article:published_time\" content=\"2010-12-02T08:42:31+00:00\" \/>\n<meta property=\"article:modified_time\" content=\"2020-11-25T14:43:01+00:00\" \/>\n<meta property=\"og:image\" content=\"https:\/\/veredes.es\/blog\/wp-content\/uploads\/2010\/12\/australia6.jpg\" \/>\n\t<meta property=\"og:image:width\" content=\"350\" \/>\n\t<meta property=\"og:image:height\" content=\"233\" \/>\n\t<meta property=\"og:image:type\" content=\"image\/jpeg\" \/>\n<meta name=\"author\" content=\"veredes\" \/>\n<meta name=\"twitter:card\" content=\"summary_large_image\" \/>\n<meta name=\"twitter:creator\" content=\"@https:\/\/twitter.com\/veredes\" \/>\n<meta name=\"twitter:site\" content=\"@veredes\" \/>\n<meta name=\"twitter:label1\" content=\"Escrito por\" \/>\n\t<meta name=\"twitter:data1\" content=\"veredes\" \/>\n\t<meta name=\"twitter:label2\" content=\"Tiempo de lectura\" \/>\n\t<meta name=\"twitter:data2\" content=\"5 minutos\" \/>\n<script type=\"application\/ld+json\" class=\"yoast-schema-graph\">{\"@context\":\"https:\\\/\\\/schema.org\",\"@graph\":[{\"@type\":\"Article\",\"@id\":\"https:\\\/\\\/veredes.es\\\/blog\\\/conferencia-matias-del-campo\\\/#article\",\"isPartOf\":{\"@id\":\"https:\\\/\\\/veredes.es\\\/blog\\\/conferencia-matias-del-campo\\\/\"},\"author\":{\"name\":\"veredes\",\"@id\":\"https:\\\/\\\/veredes.es\\\/blog\\\/#\\\/schema\\\/person\\\/0bbb669073ef7faba5168a0844e93d2c\"},\"headline\":\"Conferencia Mat\u00edas del Campo\",\"datePublished\":\"2010-12-02T08:42:31+00:00\",\"dateModified\":\"2020-11-25T14:43:01+00:00\",\"mainEntityOfPage\":{\"@id\":\"https:\\\/\\\/veredes.es\\\/blog\\\/conferencia-matias-del-campo\\\/\"},\"wordCount\":1028,\"commentCount\":30,\"publisher\":{\"@id\":\"https:\\\/\\\/veredes.es\\\/blog\\\/#organization\"},\"image\":{\"@id\":\"https:\\\/\\\/veredes.es\\\/blog\\\/conferencia-matias-del-campo\\\/#primaryimage\"},\"thumbnailUrl\":\"https:\\\/\\\/veredes.es\\\/blog\\\/wp-content\\\/uploads\\\/2010\\\/12\\\/australia6.jpg\",\"keywords\":[\"conferencia\",\"expo shanghai\"],\"articleSection\":[\"conferencias\",\"eventos\"],\"inLanguage\":\"es\",\"potentialAction\":[{\"@type\":\"CommentAction\",\"name\":\"Comment\",\"target\":[\"https:\\\/\\\/veredes.es\\\/blog\\\/conferencia-matias-del-campo\\\/#respond\"]}]},{\"@type\":\"WebPage\",\"@id\":\"https:\\\/\\\/veredes.es\\\/blog\\\/conferencia-matias-del-campo\\\/\",\"url\":\"https:\\\/\\\/veredes.es\\\/blog\\\/conferencia-matias-del-campo\\\/\",\"name\":\"[:es]Conferencia Mat\u00edas del Campo[:gl]Conferencia Mat\u00edas del Campo[:en]Conference Mat\u00edas del Campo[:] - veredes\",\"isPartOf\":{\"@id\":\"https:\\\/\\\/veredes.es\\\/blog\\\/#website\"},\"primaryImageOfPage\":{\"@id\":\"https:\\\/\\\/veredes.es\\\/blog\\\/conferencia-matias-del-campo\\\/#primaryimage\"},\"image\":{\"@id\":\"https:\\\/\\\/veredes.es\\\/blog\\\/conferencia-matias-del-campo\\\/#primaryimage\"},\"thumbnailUrl\":\"https:\\\/\\\/veredes.es\\\/blog\\\/wp-content\\\/uploads\\\/2010\\\/12\\\/australia6.jpg\",\"datePublished\":\"2010-12-02T08:42:31+00:00\",\"dateModified\":\"2020-11-25T14:43:01+00:00\",\"description\":\"Toda la informaci\u00f3n sobre: [:es]Conferencia Mat\u00edas del Campo[:gl]Conferencia Mat\u00edas del Campo[:en]Conference Mat\u00edas del Campo[:]\",\"breadcrumb\":{\"@id\":\"https:\\\/\\\/veredes.es\\\/blog\\\/conferencia-matias-del-campo\\\/#breadcrumb\"},\"inLanguage\":\"es\",\"potentialAction\":[{\"@type\":\"ReadAction\",\"target\":[\"https:\\\/\\\/veredes.es\\\/blog\\\/conferencia-matias-del-campo\\\/\"]}]},{\"@type\":\"ImageObject\",\"inLanguage\":\"es\",\"@id\":\"https:\\\/\\\/veredes.es\\\/blog\\\/conferencia-matias-del-campo\\\/#primaryimage\",\"url\":\"https:\\\/\\\/veredes.es\\\/blog\\\/wp-content\\\/uploads\\\/2010\\\/12\\\/australia6.jpg\",\"contentUrl\":\"https:\\\/\\\/veredes.es\\\/blog\\\/wp-content\\\/uploads\\\/2010\\\/12\\\/australia6.jpg\",\"width\":\"350\",\"height\":\"233\"},{\"@type\":\"BreadcrumbList\",\"@id\":\"https:\\\/\\\/veredes.es\\\/blog\\\/conferencia-matias-del-campo\\\/#breadcrumb\",\"itemListElement\":[{\"@type\":\"ListItem\",\"position\":1,\"name\":\"Portada\",\"item\":\"https:\\\/\\\/veredes.es\\\/blog\\\/\"},{\"@type\":\"ListItem\",\"position\":2,\"name\":\"Conferencia Mat\u00edas del Campo\"}]},{\"@type\":\"WebSite\",\"@id\":\"https:\\\/\\\/veredes.es\\\/blog\\\/#website\",\"url\":\"https:\\\/\\\/veredes.es\\\/blog\\\/\",\"name\":\"veredes, arquitectura y divulgaci\u00f3n\",\"description\":\"veredes\",\"publisher\":{\"@id\":\"https:\\\/\\\/veredes.es\\\/blog\\\/#organization\"},\"alternateName\":\"veredes\",\"potentialAction\":[{\"@type\":\"SearchAction\",\"target\":{\"@type\":\"EntryPoint\",\"urlTemplate\":\"https:\\\/\\\/veredes.es\\\/blog\\\/?s={search_term_string}\"},\"query-input\":{\"@type\":\"PropertyValueSpecification\",\"valueRequired\":true,\"valueName\":\"search_term_string\"}}],\"inLanguage\":\"es\"},{\"@type\":\"Organization\",\"@id\":\"https:\\\/\\\/veredes.es\\\/blog\\\/#organization\",\"name\":\"veredes, arquitectura y divulgaci\u00f3n\",\"alternateName\":\"veredes\",\"url\":\"https:\\\/\\\/veredes.es\\\/blog\\\/\",\"logo\":{\"@type\":\"ImageObject\",\"inLanguage\":\"es\",\"@id\":\"https:\\\/\\\/veredes.es\\\/blog\\\/#\\\/schema\\\/logo\\\/image\\\/\",\"url\":\"https:\\\/\\\/veredes.es\\\/blog\\\/wp-content\\\/uploads\\\/2021\\\/12\\\/veredes-logo-centrado_140x54.png\",\"contentUrl\":\"https:\\\/\\\/veredes.es\\\/blog\\\/wp-content\\\/uploads\\\/2021\\\/12\\\/veredes-logo-centrado_140x54.png\",\"width\":140,\"height\":54,\"caption\":\"veredes, arquitectura y divulgaci\u00f3n\"},\"image\":{\"@id\":\"https:\\\/\\\/veredes.es\\\/blog\\\/#\\\/schema\\\/logo\\\/image\\\/\"},\"sameAs\":[\"https:\\\/\\\/www.facebook.com\\\/veredesArquitecturayDivulgacion\\\/\",\"https:\\\/\\\/x.com\\\/veredes\",\"https:\\\/\\\/instagram.com\\\/veredes\\\/\",\"https:\\\/\\\/www.linkedin.com\\\/company\\\/veredes-arquitectura-y-divulgacion\\\/\",\"https:\\\/\\\/es.pinterest.com\\\/veredes\\\/\",\"https:\\\/\\\/www.tumblr.com\\\/veredes\"]},{\"@type\":\"Person\",\"@id\":\"https:\\\/\\\/veredes.es\\\/blog\\\/#\\\/schema\\\/person\\\/0bbb669073ef7faba5168a0844e93d2c\",\"name\":\"veredes\",\"image\":{\"@type\":\"ImageObject\",\"inLanguage\":\"es\",\"@id\":\"https:\\\/\\\/veredes.es\\\/blog\\\/wp-content\\\/uploads\\\/2018\\\/04\\\/face-96x96.jpg\",\"url\":\"https:\\\/\\\/veredes.es\\\/blog\\\/wp-content\\\/uploads\\\/2018\\\/04\\\/face-96x96.jpg\",\"contentUrl\":\"https:\\\/\\\/veredes.es\\\/blog\\\/wp-content\\\/uploads\\\/2018\\\/04\\\/face-96x96.jpg\",\"caption\":\"veredes\"},\"description\":\"Surge enero de 2009 como b\u00fasqueda de satisfacer el conocimiento de la actividad arquitect\u00f3nica y tangentes que se generan. La idea es crear un espacio para divulgar los diversos proyectos en busca de nueva inspiraci\u00f3n y de intercambio.\",\"sameAs\":[\"https:\\\/\\\/veredes.es\\\/\",\"https:\\\/\\\/www.facebook.com\\\/veredesArquitecturayDivulgacion\\\/\",\"https:\\\/\\\/www.instagram.com\\\/veredes\\\/\",\"https:\\\/\\\/www.linkedin.com\\\/company\\\/veredes-arquitectura-y-divulgacion\\\/\",\"https:\\\/\\\/www.pinterest.es\\\/veredes\\\/\",\"https:\\\/\\\/x.com\\\/https:\\\/\\\/twitter.com\\\/veredes\",\"https:\\\/\\\/veredes.tumblr.com\\\/\"],\"url\":\"https:\\\/\\\/veredes.es\\\/blog\\\/author\\\/alberto\\\/\"}]}<\/script>\n<!-- \/ Yoast SEO plugin. -->","yoast_head_json":{"title":"[:es]Conferencia Mat\u00edas del Campo[:gl]Conferencia Mat\u00edas del Campo[:en]Conference Mat\u00edas del Campo[:] - veredes","description":"Toda la informaci\u00f3n sobre: [:es]Conferencia Mat\u00edas del Campo[:gl]Conferencia Mat\u00edas del Campo[:en]Conference Mat\u00edas del Campo[:]","robots":{"index":"index","follow":"follow","max-snippet":"max-snippet:-1","max-image-preview":"max-image-preview:large","max-video-preview":"max-video-preview:-1"},"canonical":"https:\/\/veredes.es\/blog\/conferencia-matias-del-campo\/","og_locale":"es_ES","og_type":"article","og_title":"[:es]Conferencia Mat\u00edas del Campo[:gl]Conferencia Mat\u00edas del Campo[:en]Conference Mat\u00edas del Campo[:] - veredes","og_description":"Toda la informaci\u00f3n sobre: [:es]Conferencia Mat\u00edas del Campo[:gl]Conferencia Mat\u00edas del Campo[:en]Conference Mat\u00edas del Campo[:]","og_url":"https:\/\/veredes.es\/blog\/conferencia-matias-del-campo\/","og_site_name":"veredes, arquitectura y divulgaci\u00f3n","article_publisher":"https:\/\/www.facebook.com\/veredesArquitecturayDivulgacion\/","article_author":"https:\/\/www.facebook.com\/veredesArquitecturayDivulgacion\/","article_published_time":"2010-12-02T08:42:31+00:00","article_modified_time":"2020-11-25T14:43:01+00:00","og_image":[{"width":350,"height":233,"url":"https:\/\/veredes.es\/blog\/wp-content\/uploads\/2010\/12\/australia6.jpg","type":"image\/jpeg"}],"author":"veredes","twitter_card":"summary_large_image","twitter_creator":"@https:\/\/twitter.com\/veredes","twitter_site":"@veredes","twitter_misc":{"Escrito por":"veredes","Tiempo de lectura":"5 minutos"},"schema":{"@context":"https:\/\/schema.org","@graph":[{"@type":"Article","@id":"https:\/\/veredes.es\/blog\/conferencia-matias-del-campo\/#article","isPartOf":{"@id":"https:\/\/veredes.es\/blog\/conferencia-matias-del-campo\/"},"author":{"name":"veredes","@id":"https:\/\/veredes.es\/blog\/#\/schema\/person\/0bbb669073ef7faba5168a0844e93d2c"},"headline":"Conferencia Mat\u00edas del Campo","datePublished":"2010-12-02T08:42:31+00:00","dateModified":"2020-11-25T14:43:01+00:00","mainEntityOfPage":{"@id":"https:\/\/veredes.es\/blog\/conferencia-matias-del-campo\/"},"wordCount":1028,"commentCount":30,"publisher":{"@id":"https:\/\/veredes.es\/blog\/#organization"},"image":{"@id":"https:\/\/veredes.es\/blog\/conferencia-matias-del-campo\/#primaryimage"},"thumbnailUrl":"https:\/\/veredes.es\/blog\/wp-content\/uploads\/2010\/12\/australia6.jpg","keywords":["conferencia","expo shanghai"],"articleSection":["conferencias","eventos"],"inLanguage":"es","potentialAction":[{"@type":"CommentAction","name":"Comment","target":["https:\/\/veredes.es\/blog\/conferencia-matias-del-campo\/#respond"]}]},{"@type":"WebPage","@id":"https:\/\/veredes.es\/blog\/conferencia-matias-del-campo\/","url":"https:\/\/veredes.es\/blog\/conferencia-matias-del-campo\/","name":"[:es]Conferencia Mat\u00edas del Campo[:gl]Conferencia Mat\u00edas del Campo[:en]Conference Mat\u00edas del Campo[:] - veredes","isPartOf":{"@id":"https:\/\/veredes.es\/blog\/#website"},"primaryImageOfPage":{"@id":"https:\/\/veredes.es\/blog\/conferencia-matias-del-campo\/#primaryimage"},"image":{"@id":"https:\/\/veredes.es\/blog\/conferencia-matias-del-campo\/#primaryimage"},"thumbnailUrl":"https:\/\/veredes.es\/blog\/wp-content\/uploads\/2010\/12\/australia6.jpg","datePublished":"2010-12-02T08:42:31+00:00","dateModified":"2020-11-25T14:43:01+00:00","description":"Toda la informaci\u00f3n sobre: [:es]Conferencia Mat\u00edas del Campo[:gl]Conferencia Mat\u00edas del Campo[:en]Conference Mat\u00edas del Campo[:]","breadcrumb":{"@id":"https:\/\/veredes.es\/blog\/conferencia-matias-del-campo\/#breadcrumb"},"inLanguage":"es","potentialAction":[{"@type":"ReadAction","target":["https:\/\/veredes.es\/blog\/conferencia-matias-del-campo\/"]}]},{"@type":"ImageObject","inLanguage":"es","@id":"https:\/\/veredes.es\/blog\/conferencia-matias-del-campo\/#primaryimage","url":"https:\/\/veredes.es\/blog\/wp-content\/uploads\/2010\/12\/australia6.jpg","contentUrl":"https:\/\/veredes.es\/blog\/wp-content\/uploads\/2010\/12\/australia6.jpg","width":"350","height":"233"},{"@type":"BreadcrumbList","@id":"https:\/\/veredes.es\/blog\/conferencia-matias-del-campo\/#breadcrumb","itemListElement":[{"@type":"ListItem","position":1,"name":"Portada","item":"https:\/\/veredes.es\/blog\/"},{"@type":"ListItem","position":2,"name":"Conferencia Mat\u00edas del Campo"}]},{"@type":"WebSite","@id":"https:\/\/veredes.es\/blog\/#website","url":"https:\/\/veredes.es\/blog\/","name":"veredes, arquitectura y divulgaci\u00f3n","description":"veredes","publisher":{"@id":"https:\/\/veredes.es\/blog\/#organization"},"alternateName":"veredes","potentialAction":[{"@type":"SearchAction","target":{"@type":"EntryPoint","urlTemplate":"https:\/\/veredes.es\/blog\/?s={search_term_string}"},"query-input":{"@type":"PropertyValueSpecification","valueRequired":true,"valueName":"search_term_string"}}],"inLanguage":"es"},{"@type":"Organization","@id":"https:\/\/veredes.es\/blog\/#organization","name":"veredes, arquitectura y divulgaci\u00f3n","alternateName":"veredes","url":"https:\/\/veredes.es\/blog\/","logo":{"@type":"ImageObject","inLanguage":"es","@id":"https:\/\/veredes.es\/blog\/#\/schema\/logo\/image\/","url":"https:\/\/veredes.es\/blog\/wp-content\/uploads\/2021\/12\/veredes-logo-centrado_140x54.png","contentUrl":"https:\/\/veredes.es\/blog\/wp-content\/uploads\/2021\/12\/veredes-logo-centrado_140x54.png","width":140,"height":54,"caption":"veredes, arquitectura y divulgaci\u00f3n"},"image":{"@id":"https:\/\/veredes.es\/blog\/#\/schema\/logo\/image\/"},"sameAs":["https:\/\/www.facebook.com\/veredesArquitecturayDivulgacion\/","https:\/\/x.com\/veredes","https:\/\/instagram.com\/veredes\/","https:\/\/www.linkedin.com\/company\/veredes-arquitectura-y-divulgacion\/","https:\/\/es.pinterest.com\/veredes\/","https:\/\/www.tumblr.com\/veredes"]},{"@type":"Person","@id":"https:\/\/veredes.es\/blog\/#\/schema\/person\/0bbb669073ef7faba5168a0844e93d2c","name":"veredes","image":{"@type":"ImageObject","inLanguage":"es","@id":"https:\/\/veredes.es\/blog\/wp-content\/uploads\/2018\/04\/face-96x96.jpg","url":"https:\/\/veredes.es\/blog\/wp-content\/uploads\/2018\/04\/face-96x96.jpg","contentUrl":"https:\/\/veredes.es\/blog\/wp-content\/uploads\/2018\/04\/face-96x96.jpg","caption":"veredes"},"description":"Surge enero de 2009 como b\u00fasqueda de satisfacer el conocimiento de la actividad arquitect\u00f3nica y tangentes que se generan. La idea es crear un espacio para divulgar los diversos proyectos en busca de nueva inspiraci\u00f3n y de intercambio.","sameAs":["https:\/\/veredes.es\/","https:\/\/www.facebook.com\/veredesArquitecturayDivulgacion\/","https:\/\/www.instagram.com\/veredes\/","https:\/\/www.linkedin.com\/company\/veredes-arquitectura-y-divulgacion\/","https:\/\/www.pinterest.es\/veredes\/","https:\/\/x.com\/https:\/\/twitter.com\/veredes","https:\/\/veredes.tumblr.com\/"],"url":"https:\/\/veredes.es\/blog\/author\/alberto\/"}]}},"_links":{"self":[{"href":"https:\/\/veredes.es\/blog\/wp-json\/wp\/v2\/posts\/7110","targetHints":{"allow":["GET"]}}],"collection":[{"href":"https:\/\/veredes.es\/blog\/wp-json\/wp\/v2\/posts"}],"about":[{"href":"https:\/\/veredes.es\/blog\/wp-json\/wp\/v2\/types\/post"}],"author":[{"embeddable":true,"href":"https:\/\/veredes.es\/blog\/wp-json\/wp\/v2\/users\/2"}],"replies":[{"embeddable":true,"href":"https:\/\/veredes.es\/blog\/wp-json\/wp\/v2\/comments?post=7110"}],"version-history":[{"count":0,"href":"https:\/\/veredes.es\/blog\/wp-json\/wp\/v2\/posts\/7110\/revisions"}],"wp:featuredmedia":[{"embeddable":true,"href":"https:\/\/veredes.es\/blog\/wp-json\/wp\/v2\/media\/7111"}],"wp:attachment":[{"href":"https:\/\/veredes.es\/blog\/wp-json\/wp\/v2\/media?parent=7110"}],"wp:term":[{"taxonomy":"category","embeddable":true,"href":"https:\/\/veredes.es\/blog\/wp-json\/wp\/v2\/categories?post=7110"},{"taxonomy":"post_tag","embeddable":true,"href":"https:\/\/veredes.es\/blog\/wp-json\/wp\/v2\/tags?post=7110"}],"curies":[{"name":"wp","href":"https:\/\/api.w.org\/{rel}","templated":true}]}}