{"id":69477,"date":"2018-06-14T00:01:05","date_gmt":"2018-06-13T22:01:05","guid":{"rendered":"https:\/\/veredes.es\/blog\/?p=69477"},"modified":"2025-12-15T10:16:11","modified_gmt":"2025-12-15T09:16:11","slug":"5-razones-las-mundo-habla-bim","status":"publish","type":"post","link":"https:\/\/veredes.es\/blog\/5-razones-las-mundo-habla-bim\/","title":{"rendered":"5 razones por las que todo el mundo habla de BIM"},"content":{"rendered":"<p><figure id=\"attachment_69478\" aria-describedby=\"caption-attachment-69478\" style=\"width: 1200px\" class=\"wp-caption alignnone\"><img loading=\"lazy\" decoding=\"async\" class=\"wp-image-69478 size-full\" src=\"https:\/\/veredes.es\/blog\/wp-content\/uploads\/2018\/06\/5-razones-por-las-que-todo-el-mundo-habla-de-BIM-bim-ursa.jpg\" alt=\"BIM\" width=\"1200\" height=\"1046\" srcset=\"https:\/\/veredes.es\/blog\/wp-content\/uploads\/2018\/06\/5-razones-por-las-que-todo-el-mundo-habla-de-BIM-bim-ursa.jpg 1200w, https:\/\/veredes.es\/blog\/wp-content\/uploads\/2018\/06\/5-razones-por-las-que-todo-el-mundo-habla-de-BIM-bim-ursa-300x262.jpg 300w, https:\/\/veredes.es\/blog\/wp-content\/uploads\/2018\/06\/5-razones-por-las-que-todo-el-mundo-habla-de-BIM-bim-ursa-1024x893.jpg 1024w\" sizes=\"auto, (max-width: 1200px) 100vw, 1200px\" \/><figcaption id=\"caption-attachment-69478\" class=\"wp-caption-text\"><span style=\"color: #999999;\">BIM<\/span><\/figcaption><\/figure><\/p>\n<p style=\"text-align: justify;\"><span style=\"color: #999999;\"><em>(Lo que debes saber sobre esta nueva tecnolog\u00eda que est\u00e1 cambiando la forma de edificar en el mundo)<\/em><\/span><\/p>\n<p style=\"text-align: justify;\">Cada d\u00eda recibimos en nuestro correo electr\u00f3nico noticias, ofertas de formaci\u00f3n, presentaciones sobre la tecnolog\u00eda BIM. Si algo nos ha sorprendido es lo r\u00e1pido que han reaccionado los distintos actores del sector de la edificaci\u00f3n a la hora de incorporar el nuevo lenguaje a su din\u00e1mica laboral. Los fabricantes de materiales de construcci\u00f3n han actuado de forma r\u00e1pida para completar sus bibliotecas con todas sus gamas descritas en <a href=\"https:\/\/veredes.es\/blog\/que-es-el-bim\/\" target=\"_blank\" rel=\"noopener noreferrer\">BIM<\/a>.<\/p>\n<p style=\"text-align: justify;\"><strong>BIM<\/strong> son las siglas de <strong>Building Modellin Information<\/strong> o <strong>modelado de informaci\u00f3n de construcci\u00f3n<\/strong>. La Wikipedia lo define como el proceso de generaci\u00f3n y <a href=\"https:\/\/es.wikipedia.org\/wiki\/Gesti%C3%B3n_de_datos\" target=\"_blank\" rel=\"noopener noreferrer\">gesti\u00f3n de datos<\/a> de un <a href=\"https:\/\/es.wikipedia.org\/wiki\/Edificio\" target=\"_blank\" rel=\"noopener noreferrer\">edificio<\/a> durante su <a href=\"https:\/\/es.wikipedia.org\/wiki\/Ciclo_de_vida_%28medioambiente%29\" target=\"_blank\" rel=\"noopener noreferrer\">ciclo de vida<\/a>, utilizando software din\u00e1mico de modelado de edificios en tres dimensiones y <a href=\"https:\/\/es.wikipedia.org\/wiki\/Computaci%C3%B3n_en_tiempo_real\" target=\"_blank\" rel=\"noopener noreferrer\">en tiempo real<\/a>, para disminuir la p\u00e9rdida de tiempo y recursos en el <a href=\"https:\/\/es.wikipedia.org\/wiki\/Proyecto_arquitect%C3%B3nico\" target=\"_blank\" rel=\"noopener noreferrer\">dise\u00f1o<\/a> y la <a href=\"https:\/\/es.wikipedia.org\/wiki\/Construcci%C3%B3n\" target=\"_blank\" rel=\"noopener noreferrer\">construcci\u00f3n<\/a>. Este proceso produce el modelo de informaci\u00f3n del edificio (tambi\u00e9n abreviado BIM), que abarca la <a href=\"https:\/\/es.wikipedia.org\/wiki\/Geometr%C3%ADa\" target=\"_blank\" rel=\"noopener noreferrer\">geometr\u00eda<\/a> del edificio, las relaciones espaciales, la <a href=\"https:\/\/es.wikipedia.org\/wiki\/Informaci%C3%B3n_geogr%C3%A1fica\">informaci\u00f3n geogr\u00e1fica<\/a>, as\u00ed como las cantidades y las propiedades de sus componentes.<\/p>\n<p style=\"text-align: justify;\">En definitiva, se trata de dar toda la informaci\u00f3n de un proyecto en tres dimensiones y en tiempo real. Pero,<\/p>\n<blockquote>\n<p style=\"text-align: justify;\">\u00bfquieres saber las razones por las que ahora se ha puesto tan de moda esta tecnolog\u00eda?<\/p>\n<\/blockquote>\n<h5 style=\"text-align: justify;\"><strong>1.-<\/strong> <strong>Acceso r\u00e1pido y eficaz a la informaci\u00f3n sobre cualquier producto.<\/strong><\/h5>\n<p style=\"text-align: justify;\">Supone una gran ventaja para los profesionales, un ahorro de tiempo y una gran eficiencia en la coordinaci\u00f3n con otros participantes, ya que los datos del contenido en BIM siempre facilitan la integraci\u00f3n de datos a un proyecto.<\/p>\n<p style=\"text-align: justify;\">Para <strong>Silvia Herranz<\/strong>, responsable del Departamento T\u00e9cnico de <a href=\"https:\/\/www.ursa.es\/\" target=\"_blank\" rel=\"noopener noreferrer\"><strong>URSA<\/strong><\/a>, empresa fabricante de materiales aislantes,<\/p>\n<blockquote>\n<p style=\"text-align: justify;\">\u201cel \u00e9xito de BIM se debe a su capacidad de centralizar toda la informaci\u00f3n en un \u00fanico modelo, al que pueden acceder en cada momento todos los profesionales que intervienen o van a intervenir en el proceso\u201d.<\/p>\n<\/blockquote>\n<h5 style=\"text-align: justify;\"><strong>2.- El sector de la construcci\u00f3n ganar\u00e1 competitividad<\/strong><\/h5>\n<p style=\"text-align: justify;\">Con la adopci\u00f3n de la tecnolog\u00eda en todo el ciclo de producci\u00f3n, desde el proyecto de una obra de edificaci\u00f3n hasta su mantenimiento e integraci\u00f3n en la ciudad.<\/p>\n<p style=\"text-align: justify;\">Y es que hoy en d\u00eda hablar de construcci\u00f3n y no hacerlo del entorno BIM supone un gran atraso, porque esta tecnolog\u00eda va a ser clave en el desarrollo y expansi\u00f3n de un sector que ha sufrido con dureza el castigo de la crisis.<\/p>\n<h5 style=\"text-align: justify;\"><strong>3.- BIM<\/strong> supone <strong>grandes posibilidades de sinergias<\/strong><\/h5>\n<p style=\"text-align: justify;\">Entre los distintos pa\u00edses que puedan compartir sus cat\u00e1logos en este lenguaje tal y como ya lo est\u00e1n haciendo muchas empresas que comparten sus bibliotecas de materiales y entre los propios fabricantes que pueden compartir sus ficheros. Tambi\u00e9n es importante el entorno colaborativo que lleva aparejada la tecnolog\u00eda BIM por el que, las modificaciones que se hacen en el modelo se actualizan autom\u00e1ticamente en todos los dibujos y planos, manteniendo el dise\u00f1o permanentemente actualizado.<\/p>\n<h5 style=\"text-align: justify;\"><strong>4.-<\/strong> Porque su <strong>calendario de implantaci\u00f3n est\u00e1 a la vuelta de la esquina<\/strong>.<\/h5>\n<p style=\"text-align: justify;\">Los objetivos del Ministerio de Fomento y otras administraciones p\u00fablicas son los siguientes:<\/p>\n<p style=\"text-align: justify; padding-left: 30px;\">En <strong>2018<\/strong>: Los equipamientos y las infraestructuras p\u00fablicas de presupuesto superior a 2 M\u20ac deber\u00e1n producirse en BIM en las fases de Dise\u00f1o y Construcci\u00f3n. Circunscribir este objetivo en proyectos de obra nueva.<\/p>\n<p style=\"text-align: justify; padding-left: 30px;\">En <strong>2020<\/strong>: Todos los equipamientos y las infraestructuras p\u00fablicas deber\u00e1n producirse en BIM en todas las fases: dise\u00f1o, construcci\u00f3n y mantenimiento.<\/p>\n<p style=\"text-align: justify;\">Circunscribir este objetivo a todos los proyectos de obra nueva y rehabilitaci\u00f3n.<\/p>\n<h5 style=\"text-align: justify;\"><strong>5.- Los edificios ser\u00e1n m\u00e1s sostenibles<\/strong>.<\/h5>\n<p style=\"text-align: justify;\">Lo interesante de la metodolog\u00eda BIM no es \u00fanicamente la informaci\u00f3n que se pueda integrar, o su an\u00e1lisis e interacci\u00f3n entre los diferentes elementos constructivos, sino el poder llegar a hacer un an\u00e1lisis de ciclo de vida del edificio, su mantenimiento. Permitir\u00e1 tener una mejor visi\u00f3n global de la construcci\u00f3n del edificio y de su futura deconstrucci\u00f3n.<\/p>\n<blockquote>\n<p style=\"text-align: justify;\">\u201cAl ofrecer informaci\u00f3n sobre todo el ciclo de vida, es mucho m\u00e1s sencillo hacer una evaluaci\u00f3n medioambiental o una simulaci\u00f3n del futuro comportamiento energ\u00e9tico. Esto ayudar\u00e1 a los profesionales a tener una informaci\u00f3n global que le permita elegir las soluciones m\u00e1s adecuadas\u201d, asegura Silvia Herranz.<\/p>\n<\/blockquote>\n<figure id=\"attachment_69583\" aria-describedby=\"caption-attachment-69583\" style=\"width: 640px\" class=\"wp-caption alignnone\"><img loading=\"lazy\" decoding=\"async\" class=\"size-large wp-image-69583\" src=\"https:\/\/veredes.es\/blog\/wp-content\/uploads\/2018\/06\/5-razones-por-las-que-todo-el-mundo-habla-de-BIM-URSA-Air-Zero-1024x576.jpg\" alt=\"URSA BIM\" width=\"640\" height=\"360\" srcset=\"https:\/\/veredes.es\/blog\/wp-content\/uploads\/2018\/06\/5-razones-por-las-que-todo-el-mundo-habla-de-BIM-URSA-Air-Zero-1024x576.jpg 1024w, https:\/\/veredes.es\/blog\/wp-content\/uploads\/2018\/06\/5-razones-por-las-que-todo-el-mundo-habla-de-BIM-URSA-Air-Zero-300x169.jpg 300w, https:\/\/veredes.es\/blog\/wp-content\/uploads\/2018\/06\/5-razones-por-las-que-todo-el-mundo-habla-de-BIM-URSA-Air-Zero.jpg 1200w\" sizes=\"auto, (max-width: 640px) 100vw, 640px\" \/><figcaption id=\"caption-attachment-69583\" class=\"wp-caption-text\"><span style=\"color: #999999;\">URSA BIM<\/span><\/figcaption><\/figure>\n<p style=\"text-align: justify;\">Nosotros ya estamos convencidos y \u00bfvosotros?, \u00bfTen\u00e9is ya experiencia en BIM? \u00bfOs est\u00e1 resultando dif\u00edcil su implantaci\u00f3n? \u00a1Esperamos vuestros comentarios!<\/p>\n<p><\/p>","protected":false},"excerpt":{"rendered":"<p>(Lo que debes saber sobre esta nueva tecnolog\u00eda que est\u00e1 cambiando la forma de edificar en el mundo) Cada d\u00eda recibimos en nuestro correo electr\u00f3nico noticias, ofertas de formaci\u00f3n, presentaciones sobre la tecnolog\u00eda BIM. Si algo nos ha sorprendido es lo r\u00e1pido que han reaccionado los distintos actores del sector de la edificaci\u00f3n a la [&hellip;]<\/p>\n","protected":false},"author":2,"featured_media":69478,"comment_status":"open","ping_status":"closed","sticky":false,"template":"","format":"standard","meta":{"footnotes":""},"categories":[10089,5951],"tags":[12478,12847,365,1657,12470,433,1576,535,3127,2100,10109,758,759,838,3282,6148,1103,2112,4642,13623],"class_list":{"0":"post-69477","1":"post","2":"type-post","3":"status-publish","4":"format-standard","5":"has-post-thumbnail","7":"category-aparejo","8":"category-slider-principal","9":"tag-aparejo","10":"tag-bim","11":"tag-construccion","12":"tag-digital","13":"tag-diseno","14":"tag-diseno-ordenador","15":"tag-ensenanza","16":"tag-estudiante","17":"tag-formatos-digitales","18":"tag-gestion","19":"tag-herramienta","20":"tag-joven-arquitecto","21":"tag-joven-valor","22":"tag-master","23":"tag-planificacion","24":"tag-procesos-digitales","25":"tag-profesion","26":"tag-representacion","27":"tag-software-libre","28":"tag-ursa"},"yoast_head":"<!-- This site is optimized with the Yoast SEO plugin v27.4 - https:\/\/yoast.com\/product\/yoast-seo-wordpress\/ -->\n<title>5 razones por las que todo el mundo habla de BIM - veredes<\/title>\n<meta name=\"description\" content=\"Toda la informaci\u00f3n sobre: [:es]5 razones por las que todo el mundo habla de BIM[:gl]5 raz\u00f3ns polas que todo o mundo fala do BIM[:en]5 reasons why everyone talks about BIM[:]\" \/>\n<meta name=\"robots\" content=\"index, follow, max-snippet:-1, max-image-preview:large, max-video-preview:-1\" \/>\n<link rel=\"canonical\" href=\"https:\/\/veredes.es\/blog\/5-razones-las-mundo-habla-bim\/\" \/>\n<meta property=\"og:locale\" content=\"es_ES\" \/>\n<meta property=\"og:type\" content=\"article\" \/>\n<meta property=\"og:title\" content=\"[:es]5 razones por las que todo el mundo habla de BIM[:gl]5 raz\u00f3ns polas que todo o mundo fala do BIM[:en]5 reasons why everyone talks about BIM[:] - veredes\" \/>\n<meta property=\"og:description\" content=\"Toda la informaci\u00f3n sobre: [:es]5 razones por las que todo el mundo habla de BIM[:gl]5 raz\u00f3ns polas que todo o mundo fala do BIM[:en]5 reasons why everyone talks about BIM[:]\" \/>\n<meta property=\"og:url\" content=\"https:\/\/veredes.es\/blog\/5-razones-las-mundo-habla-bim\/\" \/>\n<meta property=\"og:site_name\" content=\"veredes, arquitectura y divulgaci\u00f3n\" \/>\n<meta property=\"article:publisher\" content=\"https:\/\/www.facebook.com\/veredesArquitecturayDivulgacion\/\" \/>\n<meta property=\"article:author\" content=\"https:\/\/www.facebook.com\/veredesArquitecturayDivulgacion\/\" \/>\n<meta property=\"article:published_time\" content=\"2018-06-13T22:01:05+00:00\" \/>\n<meta property=\"article:modified_time\" content=\"2025-12-15T09:16:11+00:00\" \/>\n<meta property=\"og:image\" content=\"https:\/\/veredes.es\/blog\/wp-content\/uploads\/2018\/06\/5-razones-por-las-que-todo-el-mundo-habla-de-BIM-bim-ursa.jpg\" \/>\n\t<meta property=\"og:image:width\" content=\"1200\" \/>\n\t<meta property=\"og:image:height\" content=\"1046\" \/>\n\t<meta property=\"og:image:type\" content=\"image\/jpeg\" \/>\n<meta name=\"author\" content=\"veredes\" \/>\n<meta name=\"twitter:card\" content=\"summary_large_image\" \/>\n<meta name=\"twitter:creator\" content=\"@https:\/\/twitter.com\/veredes\" \/>\n<meta name=\"twitter:site\" content=\"@veredes\" \/>\n<meta name=\"twitter:label1\" content=\"Escrito por\" \/>\n\t<meta name=\"twitter:data1\" content=\"veredes\" \/>\n\t<meta name=\"twitter:label2\" content=\"Tiempo de lectura\" \/>\n\t<meta name=\"twitter:data2\" content=\"4 minutos\" \/>\n<script type=\"application\/ld+json\" class=\"yoast-schema-graph\">{\"@context\":\"https:\\\/\\\/schema.org\",\"@graph\":[{\"@type\":\"Article\",\"@id\":\"https:\\\/\\\/veredes.es\\\/blog\\\/5-razones-las-mundo-habla-bim\\\/#article\",\"isPartOf\":{\"@id\":\"https:\\\/\\\/veredes.es\\\/blog\\\/5-razones-las-mundo-habla-bim\\\/\"},\"author\":{\"name\":\"veredes\",\"@id\":\"https:\\\/\\\/veredes.es\\\/blog\\\/#\\\/schema\\\/person\\\/0bbb669073ef7faba5168a0844e93d2c\"},\"headline\":\"5 razones por las que todo el mundo habla de BIM\",\"datePublished\":\"2018-06-13T22:01:05+00:00\",\"dateModified\":\"2025-12-15T09:16:11+00:00\",\"mainEntityOfPage\":{\"@id\":\"https:\\\/\\\/veredes.es\\\/blog\\\/5-razones-las-mundo-habla-bim\\\/\"},\"wordCount\":2398,\"commentCount\":0,\"publisher\":{\"@id\":\"https:\\\/\\\/veredes.es\\\/blog\\\/#organization\"},\"image\":{\"@id\":\"https:\\\/\\\/veredes.es\\\/blog\\\/5-razones-las-mundo-habla-bim\\\/#primaryimage\"},\"thumbnailUrl\":\"https:\\\/\\\/veredes.es\\\/blog\\\/wp-content\\\/uploads\\\/2018\\\/06\\\/5-razones-por-las-que-todo-el-mundo-habla-de-BIM-bim-ursa.jpg\",\"keywords\":[\"aparejo\",\"BIM\",\"construcci\u00f3n\",\"digital\",\"dise\u00f1o\",\"dise\u00f1o ordenador\",\"ense\u00f1anza\",\"estudiante\",\"formatos digitales\",\"gesti\u00f3n\",\"herramienta\",\"joven arquitecto\",\"joven valor\",\"m\u00e1ster\",\"planificacion\",\"procesos digitales\",\"profesi\u00f3n\",\"representaci\u00f3n\",\"software libre\",\"URSA\"],\"articleSection\":[\"aparejo\",\"slider principal\"],\"inLanguage\":\"es\",\"potentialAction\":[{\"@type\":\"CommentAction\",\"name\":\"Comment\",\"target\":[\"https:\\\/\\\/veredes.es\\\/blog\\\/5-razones-las-mundo-habla-bim\\\/#respond\"]}]},{\"@type\":\"WebPage\",\"@id\":\"https:\\\/\\\/veredes.es\\\/blog\\\/5-razones-las-mundo-habla-bim\\\/\",\"url\":\"https:\\\/\\\/veredes.es\\\/blog\\\/5-razones-las-mundo-habla-bim\\\/\",\"name\":\"[:es]5 razones por las que todo el mundo habla de BIM[:gl]5 raz\u00f3ns polas que todo o mundo fala do BIM[:en]5 reasons why everyone talks about BIM[:] - veredes\",\"isPartOf\":{\"@id\":\"https:\\\/\\\/veredes.es\\\/blog\\\/#website\"},\"primaryImageOfPage\":{\"@id\":\"https:\\\/\\\/veredes.es\\\/blog\\\/5-razones-las-mundo-habla-bim\\\/#primaryimage\"},\"image\":{\"@id\":\"https:\\\/\\\/veredes.es\\\/blog\\\/5-razones-las-mundo-habla-bim\\\/#primaryimage\"},\"thumbnailUrl\":\"https:\\\/\\\/veredes.es\\\/blog\\\/wp-content\\\/uploads\\\/2018\\\/06\\\/5-razones-por-las-que-todo-el-mundo-habla-de-BIM-bim-ursa.jpg\",\"datePublished\":\"2018-06-13T22:01:05+00:00\",\"dateModified\":\"2025-12-15T09:16:11+00:00\",\"description\":\"Toda la informaci\u00f3n sobre: [:es]5 razones por las que todo el mundo habla de BIM[:gl]5 raz\u00f3ns polas que todo o mundo fala do BIM[:en]5 reasons why everyone talks about BIM[:]\",\"breadcrumb\":{\"@id\":\"https:\\\/\\\/veredes.es\\\/blog\\\/5-razones-las-mundo-habla-bim\\\/#breadcrumb\"},\"inLanguage\":\"es\",\"potentialAction\":[{\"@type\":\"ReadAction\",\"target\":[\"https:\\\/\\\/veredes.es\\\/blog\\\/5-razones-las-mundo-habla-bim\\\/\"]}]},{\"@type\":\"ImageObject\",\"inLanguage\":\"es\",\"@id\":\"https:\\\/\\\/veredes.es\\\/blog\\\/5-razones-las-mundo-habla-bim\\\/#primaryimage\",\"url\":\"https:\\\/\\\/veredes.es\\\/blog\\\/wp-content\\\/uploads\\\/2018\\\/06\\\/5-razones-por-las-que-todo-el-mundo-habla-de-BIM-bim-ursa.jpg\",\"contentUrl\":\"https:\\\/\\\/veredes.es\\\/blog\\\/wp-content\\\/uploads\\\/2018\\\/06\\\/5-razones-por-las-que-todo-el-mundo-habla-de-BIM-bim-ursa.jpg\",\"width\":1200,\"height\":1046,\"caption\":\"BIM\"},{\"@type\":\"BreadcrumbList\",\"@id\":\"https:\\\/\\\/veredes.es\\\/blog\\\/5-razones-las-mundo-habla-bim\\\/#breadcrumb\",\"itemListElement\":[{\"@type\":\"ListItem\",\"position\":1,\"name\":\"Portada\",\"item\":\"https:\\\/\\\/veredes.es\\\/blog\\\/\"},{\"@type\":\"ListItem\",\"position\":2,\"name\":\"5 razones por las que todo el mundo habla de BIM\"}]},{\"@type\":\"WebSite\",\"@id\":\"https:\\\/\\\/veredes.es\\\/blog\\\/#website\",\"url\":\"https:\\\/\\\/veredes.es\\\/blog\\\/\",\"name\":\"veredes, arquitectura y divulgaci\u00f3n\",\"description\":\"veredes\",\"publisher\":{\"@id\":\"https:\\\/\\\/veredes.es\\\/blog\\\/#organization\"},\"alternateName\":\"veredes\",\"potentialAction\":[{\"@type\":\"SearchAction\",\"target\":{\"@type\":\"EntryPoint\",\"urlTemplate\":\"https:\\\/\\\/veredes.es\\\/blog\\\/?s={search_term_string}\"},\"query-input\":{\"@type\":\"PropertyValueSpecification\",\"valueRequired\":true,\"valueName\":\"search_term_string\"}}],\"inLanguage\":\"es\"},{\"@type\":\"Organization\",\"@id\":\"https:\\\/\\\/veredes.es\\\/blog\\\/#organization\",\"name\":\"veredes, arquitectura y divulgaci\u00f3n\",\"alternateName\":\"veredes\",\"url\":\"https:\\\/\\\/veredes.es\\\/blog\\\/\",\"logo\":{\"@type\":\"ImageObject\",\"inLanguage\":\"es\",\"@id\":\"https:\\\/\\\/veredes.es\\\/blog\\\/#\\\/schema\\\/logo\\\/image\\\/\",\"url\":\"https:\\\/\\\/veredes.es\\\/blog\\\/wp-content\\\/uploads\\\/2021\\\/12\\\/veredes-logo-centrado_140x54.png\",\"contentUrl\":\"https:\\\/\\\/veredes.es\\\/blog\\\/wp-content\\\/uploads\\\/2021\\\/12\\\/veredes-logo-centrado_140x54.png\",\"width\":140,\"height\":54,\"caption\":\"veredes, arquitectura y divulgaci\u00f3n\"},\"image\":{\"@id\":\"https:\\\/\\\/veredes.es\\\/blog\\\/#\\\/schema\\\/logo\\\/image\\\/\"},\"sameAs\":[\"https:\\\/\\\/www.facebook.com\\\/veredesArquitecturayDivulgacion\\\/\",\"https:\\\/\\\/x.com\\\/veredes\",\"https:\\\/\\\/instagram.com\\\/veredes\\\/\",\"https:\\\/\\\/www.linkedin.com\\\/company\\\/veredes-arquitectura-y-divulgacion\\\/\",\"https:\\\/\\\/es.pinterest.com\\\/veredes\\\/\",\"https:\\\/\\\/www.tumblr.com\\\/veredes\"]},{\"@type\":\"Person\",\"@id\":\"https:\\\/\\\/veredes.es\\\/blog\\\/#\\\/schema\\\/person\\\/0bbb669073ef7faba5168a0844e93d2c\",\"name\":\"veredes\",\"image\":{\"@type\":\"ImageObject\",\"inLanguage\":\"es\",\"@id\":\"https:\\\/\\\/veredes.es\\\/blog\\\/wp-content\\\/uploads\\\/2018\\\/04\\\/face-96x96.jpg\",\"url\":\"https:\\\/\\\/veredes.es\\\/blog\\\/wp-content\\\/uploads\\\/2018\\\/04\\\/face-96x96.jpg\",\"contentUrl\":\"https:\\\/\\\/veredes.es\\\/blog\\\/wp-content\\\/uploads\\\/2018\\\/04\\\/face-96x96.jpg\",\"caption\":\"veredes\"},\"description\":\"Surge enero de 2009 como b\u00fasqueda de satisfacer el conocimiento de la actividad arquitect\u00f3nica y tangentes que se generan. La idea es crear un espacio para divulgar los diversos proyectos en busca de nueva inspiraci\u00f3n y de intercambio.\",\"sameAs\":[\"https:\\\/\\\/veredes.es\\\/\",\"https:\\\/\\\/www.facebook.com\\\/veredesArquitecturayDivulgacion\\\/\",\"https:\\\/\\\/www.instagram.com\\\/veredes\\\/\",\"https:\\\/\\\/www.linkedin.com\\\/company\\\/veredes-arquitectura-y-divulgacion\\\/\",\"https:\\\/\\\/www.pinterest.es\\\/veredes\\\/\",\"https:\\\/\\\/x.com\\\/https:\\\/\\\/twitter.com\\\/veredes\",\"https:\\\/\\\/veredes.tumblr.com\\\/\"],\"url\":\"https:\\\/\\\/veredes.es\\\/blog\\\/author\\\/alberto\\\/\"}]}<\/script>\n<!-- \/ Yoast SEO plugin. -->","yoast_head_json":{"title":"[:es]5 razones por las que todo el mundo habla de BIM[:gl]5 raz\u00f3ns polas que todo o mundo fala do BIM[:en]5 reasons why everyone talks about BIM[:] - veredes","description":"Toda la informaci\u00f3n sobre: [:es]5 razones por las que todo el mundo habla de BIM[:gl]5 raz\u00f3ns polas que todo o mundo fala do BIM[:en]5 reasons why everyone talks about BIM[:]","robots":{"index":"index","follow":"follow","max-snippet":"max-snippet:-1","max-image-preview":"max-image-preview:large","max-video-preview":"max-video-preview:-1"},"canonical":"https:\/\/veredes.es\/blog\/5-razones-las-mundo-habla-bim\/","og_locale":"es_ES","og_type":"article","og_title":"[:es]5 razones por las que todo el mundo habla de BIM[:gl]5 raz\u00f3ns polas que todo o mundo fala do BIM[:en]5 reasons why everyone talks about BIM[:] - veredes","og_description":"Toda la informaci\u00f3n sobre: [:es]5 razones por las que todo el mundo habla de BIM[:gl]5 raz\u00f3ns polas que todo o mundo fala do BIM[:en]5 reasons why everyone talks about BIM[:]","og_url":"https:\/\/veredes.es\/blog\/5-razones-las-mundo-habla-bim\/","og_site_name":"veredes, arquitectura y divulgaci\u00f3n","article_publisher":"https:\/\/www.facebook.com\/veredesArquitecturayDivulgacion\/","article_author":"https:\/\/www.facebook.com\/veredesArquitecturayDivulgacion\/","article_published_time":"2018-06-13T22:01:05+00:00","article_modified_time":"2025-12-15T09:16:11+00:00","og_image":[{"width":1200,"height":1046,"url":"https:\/\/veredes.es\/blog\/wp-content\/uploads\/2018\/06\/5-razones-por-las-que-todo-el-mundo-habla-de-BIM-bim-ursa.jpg","type":"image\/jpeg"}],"author":"veredes","twitter_card":"summary_large_image","twitter_creator":"@https:\/\/twitter.com\/veredes","twitter_site":"@veredes","twitter_misc":{"Escrito por":"veredes","Tiempo de lectura":"4 minutos"},"schema":{"@context":"https:\/\/schema.org","@graph":[{"@type":"Article","@id":"https:\/\/veredes.es\/blog\/5-razones-las-mundo-habla-bim\/#article","isPartOf":{"@id":"https:\/\/veredes.es\/blog\/5-razones-las-mundo-habla-bim\/"},"author":{"name":"veredes","@id":"https:\/\/veredes.es\/blog\/#\/schema\/person\/0bbb669073ef7faba5168a0844e93d2c"},"headline":"5 razones por las que todo el mundo habla de BIM","datePublished":"2018-06-13T22:01:05+00:00","dateModified":"2025-12-15T09:16:11+00:00","mainEntityOfPage":{"@id":"https:\/\/veredes.es\/blog\/5-razones-las-mundo-habla-bim\/"},"wordCount":2398,"commentCount":0,"publisher":{"@id":"https:\/\/veredes.es\/blog\/#organization"},"image":{"@id":"https:\/\/veredes.es\/blog\/5-razones-las-mundo-habla-bim\/#primaryimage"},"thumbnailUrl":"https:\/\/veredes.es\/blog\/wp-content\/uploads\/2018\/06\/5-razones-por-las-que-todo-el-mundo-habla-de-BIM-bim-ursa.jpg","keywords":["aparejo","BIM","construcci\u00f3n","digital","dise\u00f1o","dise\u00f1o ordenador","ense\u00f1anza","estudiante","formatos digitales","gesti\u00f3n","herramienta","joven arquitecto","joven valor","m\u00e1ster","planificacion","procesos digitales","profesi\u00f3n","representaci\u00f3n","software libre","URSA"],"articleSection":["aparejo","slider principal"],"inLanguage":"es","potentialAction":[{"@type":"CommentAction","name":"Comment","target":["https:\/\/veredes.es\/blog\/5-razones-las-mundo-habla-bim\/#respond"]}]},{"@type":"WebPage","@id":"https:\/\/veredes.es\/blog\/5-razones-las-mundo-habla-bim\/","url":"https:\/\/veredes.es\/blog\/5-razones-las-mundo-habla-bim\/","name":"[:es]5 razones por las que todo el mundo habla de BIM[:gl]5 raz\u00f3ns polas que todo o mundo fala do BIM[:en]5 reasons why everyone talks about BIM[:] - veredes","isPartOf":{"@id":"https:\/\/veredes.es\/blog\/#website"},"primaryImageOfPage":{"@id":"https:\/\/veredes.es\/blog\/5-razones-las-mundo-habla-bim\/#primaryimage"},"image":{"@id":"https:\/\/veredes.es\/blog\/5-razones-las-mundo-habla-bim\/#primaryimage"},"thumbnailUrl":"https:\/\/veredes.es\/blog\/wp-content\/uploads\/2018\/06\/5-razones-por-las-que-todo-el-mundo-habla-de-BIM-bim-ursa.jpg","datePublished":"2018-06-13T22:01:05+00:00","dateModified":"2025-12-15T09:16:11+00:00","description":"Toda la informaci\u00f3n sobre: [:es]5 razones por las que todo el mundo habla de BIM[:gl]5 raz\u00f3ns polas que todo o mundo fala do BIM[:en]5 reasons why everyone talks about BIM[:]","breadcrumb":{"@id":"https:\/\/veredes.es\/blog\/5-razones-las-mundo-habla-bim\/#breadcrumb"},"inLanguage":"es","potentialAction":[{"@type":"ReadAction","target":["https:\/\/veredes.es\/blog\/5-razones-las-mundo-habla-bim\/"]}]},{"@type":"ImageObject","inLanguage":"es","@id":"https:\/\/veredes.es\/blog\/5-razones-las-mundo-habla-bim\/#primaryimage","url":"https:\/\/veredes.es\/blog\/wp-content\/uploads\/2018\/06\/5-razones-por-las-que-todo-el-mundo-habla-de-BIM-bim-ursa.jpg","contentUrl":"https:\/\/veredes.es\/blog\/wp-content\/uploads\/2018\/06\/5-razones-por-las-que-todo-el-mundo-habla-de-BIM-bim-ursa.jpg","width":1200,"height":1046,"caption":"BIM"},{"@type":"BreadcrumbList","@id":"https:\/\/veredes.es\/blog\/5-razones-las-mundo-habla-bim\/#breadcrumb","itemListElement":[{"@type":"ListItem","position":1,"name":"Portada","item":"https:\/\/veredes.es\/blog\/"},{"@type":"ListItem","position":2,"name":"5 razones por las que todo el mundo habla de BIM"}]},{"@type":"WebSite","@id":"https:\/\/veredes.es\/blog\/#website","url":"https:\/\/veredes.es\/blog\/","name":"veredes, arquitectura y divulgaci\u00f3n","description":"veredes","publisher":{"@id":"https:\/\/veredes.es\/blog\/#organization"},"alternateName":"veredes","potentialAction":[{"@type":"SearchAction","target":{"@type":"EntryPoint","urlTemplate":"https:\/\/veredes.es\/blog\/?s={search_term_string}"},"query-input":{"@type":"PropertyValueSpecification","valueRequired":true,"valueName":"search_term_string"}}],"inLanguage":"es"},{"@type":"Organization","@id":"https:\/\/veredes.es\/blog\/#organization","name":"veredes, arquitectura y divulgaci\u00f3n","alternateName":"veredes","url":"https:\/\/veredes.es\/blog\/","logo":{"@type":"ImageObject","inLanguage":"es","@id":"https:\/\/veredes.es\/blog\/#\/schema\/logo\/image\/","url":"https:\/\/veredes.es\/blog\/wp-content\/uploads\/2021\/12\/veredes-logo-centrado_140x54.png","contentUrl":"https:\/\/veredes.es\/blog\/wp-content\/uploads\/2021\/12\/veredes-logo-centrado_140x54.png","width":140,"height":54,"caption":"veredes, arquitectura y divulgaci\u00f3n"},"image":{"@id":"https:\/\/veredes.es\/blog\/#\/schema\/logo\/image\/"},"sameAs":["https:\/\/www.facebook.com\/veredesArquitecturayDivulgacion\/","https:\/\/x.com\/veredes","https:\/\/instagram.com\/veredes\/","https:\/\/www.linkedin.com\/company\/veredes-arquitectura-y-divulgacion\/","https:\/\/es.pinterest.com\/veredes\/","https:\/\/www.tumblr.com\/veredes"]},{"@type":"Person","@id":"https:\/\/veredes.es\/blog\/#\/schema\/person\/0bbb669073ef7faba5168a0844e93d2c","name":"veredes","image":{"@type":"ImageObject","inLanguage":"es","@id":"https:\/\/veredes.es\/blog\/wp-content\/uploads\/2018\/04\/face-96x96.jpg","url":"https:\/\/veredes.es\/blog\/wp-content\/uploads\/2018\/04\/face-96x96.jpg","contentUrl":"https:\/\/veredes.es\/blog\/wp-content\/uploads\/2018\/04\/face-96x96.jpg","caption":"veredes"},"description":"Surge enero de 2009 como b\u00fasqueda de satisfacer el conocimiento de la actividad arquitect\u00f3nica y tangentes que se generan. La idea es crear un espacio para divulgar los diversos proyectos en busca de nueva inspiraci\u00f3n y de intercambio.","sameAs":["https:\/\/veredes.es\/","https:\/\/www.facebook.com\/veredesArquitecturayDivulgacion\/","https:\/\/www.instagram.com\/veredes\/","https:\/\/www.linkedin.com\/company\/veredes-arquitectura-y-divulgacion\/","https:\/\/www.pinterest.es\/veredes\/","https:\/\/x.com\/https:\/\/twitter.com\/veredes","https:\/\/veredes.tumblr.com\/"],"url":"https:\/\/veredes.es\/blog\/author\/alberto\/"}]}},"_links":{"self":[{"href":"https:\/\/veredes.es\/blog\/wp-json\/wp\/v2\/posts\/69477","targetHints":{"allow":["GET"]}}],"collection":[{"href":"https:\/\/veredes.es\/blog\/wp-json\/wp\/v2\/posts"}],"about":[{"href":"https:\/\/veredes.es\/blog\/wp-json\/wp\/v2\/types\/post"}],"author":[{"embeddable":true,"href":"https:\/\/veredes.es\/blog\/wp-json\/wp\/v2\/users\/2"}],"replies":[{"embeddable":true,"href":"https:\/\/veredes.es\/blog\/wp-json\/wp\/v2\/comments?post=69477"}],"version-history":[{"count":1,"href":"https:\/\/veredes.es\/blog\/wp-json\/wp\/v2\/posts\/69477\/revisions"}],"predecessor-version":[{"id":104411,"href":"https:\/\/veredes.es\/blog\/wp-json\/wp\/v2\/posts\/69477\/revisions\/104411"}],"wp:featuredmedia":[{"embeddable":true,"href":"https:\/\/veredes.es\/blog\/wp-json\/wp\/v2\/media\/69478"}],"wp:attachment":[{"href":"https:\/\/veredes.es\/blog\/wp-json\/wp\/v2\/media?parent=69477"}],"wp:term":[{"taxonomy":"category","embeddable":true,"href":"https:\/\/veredes.es\/blog\/wp-json\/wp\/v2\/categories?post=69477"},{"taxonomy":"post_tag","embeddable":true,"href":"https:\/\/veredes.es\/blog\/wp-json\/wp\/v2\/tags?post=69477"}],"curies":[{"name":"wp","href":"https:\/\/api.w.org\/{rel}","templated":true}]}}