{"id":69417,"date":"2019-01-28T00:01:34","date_gmt":"2019-01-27T23:01:34","guid":{"rendered":"https:\/\/veredes.es\/blog\/?p=69417"},"modified":"2023-02-17T14:01:47","modified_gmt":"2023-02-17T13:01:47","slug":"lo-no-cabe-tiempo-luis-gil","status":"publish","type":"post","link":"https:\/\/veredes.es\/blog\/lo-no-cabe-tiempo-luis-gil\/","title":{"rendered":"Lo que no cabe en el tiempo | Luis Gil"},"content":{"rendered":"<p><figure id=\"attachment_69423\" aria-describedby=\"caption-attachment-69423\" style=\"width: 1200px\" class=\"wp-caption alignnone\"><img loading=\"lazy\" decoding=\"async\" class=\"wp-image-69423 size-full\" src=\"https:\/\/veredes.es\/blog\/wp-content\/uploads\/2018\/07\/Lo-que-no-cabe-en-el-tiempo-LUIS-GIL-Casa-del-FuturoAlisonPeter-Smithson1956.jpg\" alt=\"Casa del Futuro,Alison&amp;Peter Smithson, 1956\" width=\"1200\" height=\"941\" srcset=\"https:\/\/veredes.es\/blog\/wp-content\/uploads\/2018\/07\/Lo-que-no-cabe-en-el-tiempo-LUIS-GIL-Casa-del-FuturoAlisonPeter-Smithson1956.jpg 1200w, https:\/\/veredes.es\/blog\/wp-content\/uploads\/2018\/07\/Lo-que-no-cabe-en-el-tiempo-LUIS-GIL-Casa-del-FuturoAlisonPeter-Smithson1956-300x235.jpg 300w, https:\/\/veredes.es\/blog\/wp-content\/uploads\/2018\/07\/Lo-que-no-cabe-en-el-tiempo-LUIS-GIL-Casa-del-FuturoAlisonPeter-Smithson1956-1024x803.jpg 1024w\" sizes=\"auto, (max-width: 1200px) 100vw, 1200px\" \/><figcaption id=\"caption-attachment-69423\" class=\"wp-caption-text\"><a href=\"https:\/\/es.wikiarquitectura.com\/edificio\/casa-del-futuro\/\" target=\"_blank\" rel=\"noopener\"><span style=\"color: #999999;\">Casa del Futuro, Alison&amp;Peter Smithson, 1956<\/span><\/a><\/figcaption><\/figure><\/p>\n<p style=\"text-align: justify;\">El horizonte hist\u00f3rico que nos ha tocado habitar hace que todos los ciudadanos occidentales de la actualidad pertenezcamos ya sin excepci\u00f3n a la asentada sociedad del consumo y el exceso. Un s\u00edndrome que avanzaron y denunciaron desde sus inicios, a mediados del s.XX, diferentes pensadores y soci\u00f3logos. El capitalismo inund\u00f3 desde entonces nuestras vidas de comportamientos superfluos y de objetos innecesarios. A partir de los a\u00f1os 60\u00b4s los programas arquitect\u00f3nicos se fueron transformando poco a poco para conseguir \u00e1reas suplementarias de almacenamiento y el proyecto del habitar dom\u00e9stico comenz\u00f3 a ocuparse con urgencia de esta nueva demanda.<\/p>\n<p style=\"text-align: justify;\">La acumulaci\u00f3n, como importante problema de \u00edndole material y ecol\u00f3gica, tambi\u00e9n fue detectada como cuesti\u00f3n central para la arquitectura por los arquitectos de la segunda generaci\u00f3n de la modernidad; espec\u00edficamente por algunos de los componentes del<strong><a href=\"https:\/\/veredes.es\/blog\/the-smithsons-sobre-vivienda\/\" target=\"_blank\" rel=\"noopener\"> Team X<\/a>.<\/strong> As\u00ed muy tempranamente, en 1958, este tema de la inflaci\u00f3n del mundo material fue abordado en el cr\u00edtico art\u00edculo <strong>\u201c<a href=\"https:\/\/veredes.es\/blog\/utopias-domesticas-la-casa-del-futuro-de-alison-y-peter-smithson\/\" target=\"_blank\" rel=\"noopener\">The future of furniture<\/a>\u201d<\/strong> de <a href=\"https:\/\/veredes.es\/blog\/tag\/peter-y-alison-smithson\/\" target=\"_blank\" rel=\"noopener\"><strong>Alison Smithson<\/strong><\/a> que terminar\u00eda por formalizarse, aunque mucho mas tarde en 1993, en el \u00a0planteamiento te\u00f3rico para la casa \u201cTodo en su Sitio\u201d que hoy podr\u00edamos entender como una propuesta denuncia de los conflictos generados por esta nueva sociedad.<\/p>\n<p style=\"text-align: justify;\">Uno de los principales valores que plantea el proyecto de la casa \u201cTodo en su sitio\u201d, es la reflexi\u00f3n por un programa cuyo \u00a0objetivo primero \u00a0es el orden y almacenamiento de lo accesorio. No se trata de una propuesta-investigaci\u00f3n en torno al habitante y su relaci\u00f3n con el espacio o el emplazamiento geogr\u00e1fico envolvente sino de \u00e9ste con su tiempo, el tiempo de la acumulaci\u00f3n innecesaria al interior dom\u00e9stico. Lo que buscan los Smithson es ordenar la vida de la casa y sus habitantes a trav\u00e9s del \u201cguardado\u201d de las cosas.<\/p>\n<p style=\"text-align: justify;\">Guardar lo in\u00fatil, como nuevo objetivo, en tanto que con anterioridad a la sociedad de consumo no exist\u00eda nada que mantener fuera de la vista, todo lo que era, poco o nada, estaba -por imprescindible- a mano para su uso directo. Recordemos la espontaneidad y austeridad del mobiliario vern\u00e1culo y \u00a0la escasez de los ajuares que acompa\u00f1aban la vida de los ciudadanos, as\u00ed como la crisis que supon\u00eda la rotura de alguno de ellos, un c\u00e1ntaro, un plato, una silla\u2026<\/p>\n<p style=\"text-align: justify;\">Lo que se propone finalmente es una casa denuncia, un reconocimiento de la artificialidad de lo sobrante, una respuesta cr\u00edtica a\u00a0 la inflaci\u00f3n de lo pose\u00eddo.<\/p>\n<p style=\"text-align: justify;\">Al contrario, un ejemplo que abord\u00f3 el problema de la acumulaci\u00f3n desde una perspectiva no te\u00f3rica sino real, e imprescindible para este texto, es la propuesta ejecutada por <a href=\"https:\/\/veredes.es\/blog\/tag\/aldo-van-eyck\/\" target=\"_blank\" rel=\"noopener\"><strong>Aldo van Eyck<\/strong> <\/a>en la ampliaci\u00f3n de la casa Visser en 1967-68, para un creciente coleccionista de arte, sobre un proyecto anterior de <a href=\"https:\/\/veredes.es\/blog\/tag\/gerrit-t-rietveld\/\" target=\"_blank\" rel=\"noopener\"><strong>Gerrit Rietveld<\/strong><\/a>. Frente al planteamiento abstracto de la Casa todo en su sitio, la ampliaci\u00f3n de la casa Visser demuestra c\u00f3mo sobre un objeto real, el problema de la acumulaci\u00f3n puede ser resuelto -al contrario de la estrategia de guardar lejos de la vista, en una caja\u00a0 cerrada alrededor de la que gravite el resto del programa- mediante un n\u00facleo libre y abierto donde emplazar lo acumulado y desde donde reformular el espacio dom\u00e9stico original.<\/p>\n<figure id=\"attachment_69422\" aria-describedby=\"caption-attachment-69422\" style=\"width: 1200px\" class=\"wp-caption alignnone\"><img loading=\"lazy\" decoding=\"async\" class=\"wp-image-69422 size-full\" src=\"https:\/\/veredes.es\/blog\/wp-content\/uploads\/2018\/07\/Lo-que-no-cabe-en-el-tiempo-Luis-Gil-Ampliaci\u00f3n-casa-Visser-Aldo-van-Eyck.jpg\" alt=\"Ampliaci\u00f3n casa Visser, Aldo van Eyck\" width=\"1200\" height=\"1260\" srcset=\"https:\/\/veredes.es\/blog\/wp-content\/uploads\/2018\/07\/Lo-que-no-cabe-en-el-tiempo-Luis-Gil-Ampliaci\u00f3n-casa-Visser-Aldo-van-Eyck.jpg 1200w, https:\/\/veredes.es\/blog\/wp-content\/uploads\/2018\/07\/Lo-que-no-cabe-en-el-tiempo-Luis-Gil-Ampliaci\u00f3n-casa-Visser-Aldo-van-Eyck-286x300.jpg 286w, https:\/\/veredes.es\/blog\/wp-content\/uploads\/2018\/07\/Lo-que-no-cabe-en-el-tiempo-Luis-Gil-Ampliaci\u00f3n-casa-Visser-Aldo-van-Eyck-975x1024.jpg 975w\" sizes=\"auto, (max-width: 1200px) 100vw, 1200px\" \/><figcaption id=\"caption-attachment-69422\" class=\"wp-caption-text\"><span style=\"color: #999999;\">Ampliaci\u00f3n casa Visser, Aldo van Eyck<\/span><\/figcaption><\/figure>\n<p style=\"text-align: justify;\">La ampliaci\u00f3n de la casa Visser parece contraponerse a la l\u00f3gica de guardado de los Smithson, puesto que la necesidad de un lugar donde almacenar, esta vez, debe ser colocada \u201ca la vista\u201d exhibiendo una colecci\u00f3n de arte, para ser interpelada y discutida diariamente. Esta manera de abrir lo guardado para su observaci\u00f3n le confiere un sentido de utilidad a la acumulaci\u00f3n, que es contraria a la estrategia del gran armario cofre de la Casa todo en su sitio. En el fondo lo que distingue a estos dos ejercicios \u2013m\u00e1s all\u00e1 del encuentro entre un planteamiento te\u00f3rico y una obra real- es la diferente utilizaci\u00f3n de lo que acumulamos como pretexto y motor de un proyecto y, como esa delgada \u00a0l\u00ednea entre la acumulaci\u00f3n cerrada o abierta, da un sentido u otro a la vida \u00a0del habitante y a la arquitectura.<\/p>\n<p style=\"text-align: justify;\">As\u00ed, en el caso de los Smithson, el centro de la casa ser\u00eda un n\u00facleo cerrado, el gran armario, que se ve atravesado por el pasillo central, una especie de falso cardo y decumano dom\u00e9stico, que adem\u00e1s desplaza la habitual situaci\u00f3n de los tradicionales elementos repartidores de una casa, como las escaleras o el fuego, desde el centro hacia la periferia de la planta. Al contrario la ampliaci\u00f3n, para contener m\u00e1s cosas-m\u00e1s arte- de la casa Visser, trae al centro de la casa un nuevo lugar y centralidad que sin embargo se ejecuta mediante un crecimiento-contenedor que est\u00e1 afuera. Este nuevo centro lo genera la burbuja descentrada que dibuja <a href=\"https:\/\/veredes.es\/blog\/indesem-87-aldo-van-eyck\/\" target=\"_blank\" rel=\"noopener\"><strong>Aldo van Eyck<\/strong><\/a> como espacio reservado a la acumulaci\u00f3n que, sin embargo al contrario del de la casa todo en su sitio, es habitable y abierto, el verdadero \u00e1gora y pretexto para la nueva vida dom\u00e9stica de la casa ya remozada.<\/p>\n<p style=\"text-align: justify;\">La tensi\u00f3n que debe soportar la preexistencia del proyecto de Rietveld ante la ampliaci\u00f3n, nos habla adem\u00e1s de c\u00f3mo las construcciones ya existentes, tambi\u00e9n las modernas y contempor\u00e1neas, han de enfrentarse a lo largo del tiempo a nuevas demandas basadas en el exceso, y de si es posible el crecimiento y a\u00f1adido de un nuevo cuerpo sin menoscabo de la pieza original. As\u00ed en esta obra, lo que resulta de la implementaci\u00f3n no es un edifico previo mas una ampliaci\u00f3n, sino un nuevo organismo, compacto, coherente y con identidad propia -separado del pasado y del futuro- en el que se ha generado una nueva tensi\u00f3n arquitect\u00f3nica y vital.<\/p>\n<p style=\"text-align: justify;\">Aunque comenzamos emplaz\u00e1ndonos en los inicios de la sociedad de consumo, como pretexto adecuado a los ejemplos referidos, la historia nos demuestra que el problema del sobredimensionado del uso original de un edificio, no es estrictamente una cuesti\u00f3n moderna o contempor\u00e1nea, sino uno de los m\u00e1s frecuentes temas de la arquitectura. La proposici\u00f3n de nuevas y crecientes demandas a antiguos edificios, son expresi\u00f3n de la aut\u00e9ntica y fundamental materia de la arquitectura, el paso del tiempo, que acostumbra a formalizarse no solo a trav\u00e9s del <a href=\"http:\/\/oa.upm.es\/43373\/1\/ANA_MARIA_RODRIGUEZ_GARCIA.pdf\" target=\"_blank\" rel=\"noopener\">natural<\/a> envejecimiento y ruina final (quiz\u00e1s no un destino tan malo como nos han hecho creer), sino tambi\u00e9n, al igual que en la casa Visser, mediante\u00a0 el a\u00f1adido de programas a las figuras y construcciones originales que todav\u00eda se demuestran capaces de ofrecer soporte, y servir de infraestructura a una nueva actividad.<\/p>\n<p style=\"text-align: justify;\">Arquitecturas matrices a las que se incorporan superposiciones, adiciones y entrelazados que responden de forma positiva a nuevas demandas. As\u00ed se mantuvieron vivas las construcciones a lo largo de la historia sin perder identidad si, como dice <a href=\"https:\/\/veredes.es\/blog\/tag\/jose-rafael-moneo-valles\/\" target=\"_blank\" rel=\"noopener\"><strong>Rafael Moneo<\/strong><\/a>, esos principios resultaban suficientemente s\u00f3lidos para poder absorber transformaciones, cambios, distorsiones, etc. sin que \u00e9ste (el edificio original) dejase de ser fundamentalmente el que era, respetando, en una palabra, lo que fueron sus or\u00edgenes.<\/p>\n<p style=\"text-align: justify;\">Finalizamos pensando que la dial\u00e9ctica encontrada entre ambos proyectos es, aunque alejada, complementaria y productiva, pues cada uno de ellos ayuda a subvertir y entender las dudas y certezas del otro. Esta lectura conjunta afianza el planteamiento de que la arquitectura ha de observar siempre el imprevisible crecimiento y modificaci\u00f3n de las acciones en la larga vida de un edificio, de manera que ese incierto futurible sea siempre capaz de ser absorbido por la adaptaci\u00f3n del programa original o su extensi\u00f3n, mientras como sociedad no aprendamos a prescindir de lo in\u00fatil y a recuperar lo realmente \u00fatil, incluso la acumulaci\u00f3n de arte.<\/p>\n<p style=\"text-align: justify;\">Luis Gil Pitao, arquitecto<br \/>\nSantiago de Compostela,\u00a0noviembre 2016<\/p>\n<p style=\"text-align: justify;\"><span style=\"color: #999999;\"><em>Notas entresacadas del aula \u201cFrom imperfect past to imperfect future\u201d impartida por Luis Gil en el curso de Doctorado de Rehabilitaci\u00f3n de la Facultad de arquitectura de Guimar\u00e3es 2016-17 para la publicaci\u00f3n Universitaria T+U (Telling+Unbuilts). Edt Luis Est\u00e9ves<\/em><\/span><\/p>\n<p><\/p>","protected":false},"excerpt":{"rendered":"<p>El horizonte hist\u00f3rico que nos ha tocado habitar hace que todos los ciudadanos occidentales de la actualidad pertenezcamos ya sin excepci\u00f3n a la asentada sociedad del consumo y el exceso. Un s\u00edndrome que avanzaron y denunciaron desde sus inicios, a mediados del s.XX, diferentes pensadores y soci\u00f3logos. El capitalismo inund\u00f3 desde entonces nuestras vidas de [&hellip;]<\/p>\n","protected":false},"author":53,"featured_media":69423,"comment_status":"open","ping_status":"closed","sticky":false,"template":"","format":"standard","meta":{"footnotes":""},"categories":[5934,5951],"tags":[92,6743,6282,12449,393,7481,5777,659,668,8912,4601,1021,3640,1517,4444,1514,1278,2048,12465],"class_list":{"0":"post-69417","1":"post","2":"type-post","3":"status-publish","4":"format-standard","5":"has-post-thumbnail","7":"category-articulos","8":"category-slider-principal","9":"tag-aldo-van-eyck","10":"tag-alison-smithson","11":"tag-anos-60","12":"tag-arte","13":"tag-critica","14":"tag-espacio-domestico","15":"tag-gerrit-t-rietveld","16":"tag-habitar","17":"tag-historia","18":"tag-jose-rafael-moneo-valles","19":"tag-luis-gil-pita","20":"tag-pensamiento","21":"tag-peter-smithson","22":"tag-peter-y-alison-smithson","23":"tag-s-xx","24":"tag-team-x","25":"tag-teoria","26":"tag-teoria-e-historia","27":"tag-vivienda"},"yoast_head":"<!-- This site is optimized with the Yoast SEO plugin v27.5 - https:\/\/yoast.com\/product\/yoast-seo-wordpress\/ -->\n<title>Lo que no cabe en el tiempo | Luis Gil - veredes<\/title>\n<meta name=\"description\" content=\"Toda la informaci\u00f3n sobre: [:es]Lo que no cabe en el tiempo | Luis Gil[:gl]O que non cabe no tempo | Lu\u00eds Gil[:en]What does not fit in time | Luis Gil[:]\" \/>\n<meta name=\"robots\" content=\"index, follow, max-snippet:-1, max-image-preview:large, max-video-preview:-1\" \/>\n<link rel=\"canonical\" href=\"https:\/\/veredes.es\/blog\/lo-no-cabe-tiempo-luis-gil\/\" \/>\n<meta property=\"og:locale\" content=\"es_ES\" \/>\n<meta property=\"og:type\" content=\"article\" \/>\n<meta property=\"og:title\" content=\"[:es]Lo que no cabe en el tiempo | Luis Gil[:gl]O que non cabe no tempo | Lu\u00eds Gil[:en]What does not fit in time | Luis Gil[:] - veredes\" \/>\n<meta property=\"og:description\" content=\"Toda la informaci\u00f3n sobre: [:es]Lo que no cabe en el tiempo | Luis Gil[:gl]O que non cabe no tempo | Lu\u00eds Gil[:en]What does not fit in time | Luis Gil[:]\" \/>\n<meta property=\"og:url\" content=\"https:\/\/veredes.es\/blog\/lo-no-cabe-tiempo-luis-gil\/\" \/>\n<meta property=\"og:site_name\" content=\"veredes, arquitectura y divulgaci\u00f3n\" \/>\n<meta property=\"article:publisher\" content=\"https:\/\/www.facebook.com\/veredesArquitecturayDivulgacion\/\" \/>\n<meta property=\"article:author\" content=\"https:\/\/www.facebook.com\/gilpita\" \/>\n<meta property=\"article:published_time\" content=\"2019-01-27T23:01:34+00:00\" \/>\n<meta property=\"article:modified_time\" content=\"2023-02-17T13:01:47+00:00\" \/>\n<meta property=\"og:image\" content=\"https:\/\/veredes.es\/blog\/wp-content\/uploads\/2018\/07\/Lo-que-no-cabe-en-el-tiempo-LUIS-GIL-Casa-del-FuturoAlisonPeter-Smithson1956.jpg\" \/>\n\t<meta property=\"og:image:width\" content=\"1200\" \/>\n\t<meta property=\"og:image:height\" content=\"941\" \/>\n\t<meta property=\"og:image:type\" content=\"image\/jpeg\" \/>\n<meta name=\"author\" content=\"Luis Gil Pita\" \/>\n<meta name=\"twitter:card\" content=\"summary_large_image\" \/>\n<meta name=\"twitter:creator\" content=\"@https:\/\/twitter.com\/luisgilpita\" \/>\n<meta name=\"twitter:site\" content=\"@veredes\" \/>\n<meta name=\"twitter:label1\" content=\"Escrito por\" \/>\n\t<meta name=\"twitter:data1\" content=\"Luis Gil Pita\" \/>\n\t<meta name=\"twitter:label2\" content=\"Tiempo de lectura\" \/>\n\t<meta name=\"twitter:data2\" content=\"7 minutos\" \/>\n<script type=\"application\/ld+json\" class=\"yoast-schema-graph\">{\"@context\":\"https:\\\/\\\/schema.org\",\"@graph\":[{\"@type\":\"Article\",\"@id\":\"https:\\\/\\\/veredes.es\\\/blog\\\/lo-no-cabe-tiempo-luis-gil\\\/#article\",\"isPartOf\":{\"@id\":\"https:\\\/\\\/veredes.es\\\/blog\\\/lo-no-cabe-tiempo-luis-gil\\\/\"},\"author\":{\"name\":\"Luis Gil Pita\",\"@id\":\"https:\\\/\\\/veredes.es\\\/blog\\\/#\\\/schema\\\/person\\\/93581b26cf9aac5cdd330a01e481e1c5\"},\"headline\":\"Lo que no cabe en el tiempo | Luis Gil\",\"datePublished\":\"2019-01-27T23:01:34+00:00\",\"dateModified\":\"2023-02-17T13:01:47+00:00\",\"mainEntityOfPage\":{\"@id\":\"https:\\\/\\\/veredes.es\\\/blog\\\/lo-no-cabe-tiempo-luis-gil\\\/\"},\"wordCount\":4018,\"commentCount\":0,\"publisher\":{\"@id\":\"https:\\\/\\\/veredes.es\\\/blog\\\/#organization\"},\"image\":{\"@id\":\"https:\\\/\\\/veredes.es\\\/blog\\\/lo-no-cabe-tiempo-luis-gil\\\/#primaryimage\"},\"thumbnailUrl\":\"https:\\\/\\\/veredes.es\\\/blog\\\/wp-content\\\/uploads\\\/2018\\\/07\\\/Lo-que-no-cabe-en-el-tiempo-LUIS-GIL-Casa-del-FuturoAlisonPeter-Smithson1956.jpg\",\"keywords\":[\"Aldo van Eyck\",\"Alison Smithson\",\"a\u00f1os 60\",\"arte\",\"cr\u00edtica\",\"espacio dom\u00e9stico\",\"Gerrit T. Rietveld\",\"habitar\",\"historia\",\"Jos\u00e9 Rafael Moneo Vall\u00e9s\",\"Luis Gil Pita\",\"pensamiento\",\"Peter Smithson\",\"Peter y Alison Smithson\",\"s. xx\",\"Team X\",\"teor\u00eda\",\"teor\u00eda e historia\",\"vivienda\"],\"articleSection\":[\"art\u00edculos\",\"slider principal\"],\"inLanguage\":\"es\",\"potentialAction\":[{\"@type\":\"CommentAction\",\"name\":\"Comment\",\"target\":[\"https:\\\/\\\/veredes.es\\\/blog\\\/lo-no-cabe-tiempo-luis-gil\\\/#respond\"]}]},{\"@type\":\"WebPage\",\"@id\":\"https:\\\/\\\/veredes.es\\\/blog\\\/lo-no-cabe-tiempo-luis-gil\\\/\",\"url\":\"https:\\\/\\\/veredes.es\\\/blog\\\/lo-no-cabe-tiempo-luis-gil\\\/\",\"name\":\"[:es]Lo que no cabe en el tiempo | Luis Gil[:gl]O que non cabe no tempo | Lu\u00eds Gil[:en]What does not fit in time | Luis Gil[:] - veredes\",\"isPartOf\":{\"@id\":\"https:\\\/\\\/veredes.es\\\/blog\\\/#website\"},\"primaryImageOfPage\":{\"@id\":\"https:\\\/\\\/veredes.es\\\/blog\\\/lo-no-cabe-tiempo-luis-gil\\\/#primaryimage\"},\"image\":{\"@id\":\"https:\\\/\\\/veredes.es\\\/blog\\\/lo-no-cabe-tiempo-luis-gil\\\/#primaryimage\"},\"thumbnailUrl\":\"https:\\\/\\\/veredes.es\\\/blog\\\/wp-content\\\/uploads\\\/2018\\\/07\\\/Lo-que-no-cabe-en-el-tiempo-LUIS-GIL-Casa-del-FuturoAlisonPeter-Smithson1956.jpg\",\"datePublished\":\"2019-01-27T23:01:34+00:00\",\"dateModified\":\"2023-02-17T13:01:47+00:00\",\"description\":\"Toda la informaci\u00f3n sobre: [:es]Lo que no cabe en el tiempo | Luis Gil[:gl]O que non cabe no tempo | Lu\u00eds Gil[:en]What does not fit in time | Luis Gil[:]\",\"breadcrumb\":{\"@id\":\"https:\\\/\\\/veredes.es\\\/blog\\\/lo-no-cabe-tiempo-luis-gil\\\/#breadcrumb\"},\"inLanguage\":\"es\",\"potentialAction\":[{\"@type\":\"ReadAction\",\"target\":[\"https:\\\/\\\/veredes.es\\\/blog\\\/lo-no-cabe-tiempo-luis-gil\\\/\"]}]},{\"@type\":\"ImageObject\",\"inLanguage\":\"es\",\"@id\":\"https:\\\/\\\/veredes.es\\\/blog\\\/lo-no-cabe-tiempo-luis-gil\\\/#primaryimage\",\"url\":\"https:\\\/\\\/veredes.es\\\/blog\\\/wp-content\\\/uploads\\\/2018\\\/07\\\/Lo-que-no-cabe-en-el-tiempo-LUIS-GIL-Casa-del-FuturoAlisonPeter-Smithson1956.jpg\",\"contentUrl\":\"https:\\\/\\\/veredes.es\\\/blog\\\/wp-content\\\/uploads\\\/2018\\\/07\\\/Lo-que-no-cabe-en-el-tiempo-LUIS-GIL-Casa-del-FuturoAlisonPeter-Smithson1956.jpg\",\"width\":1200,\"height\":941,\"caption\":\"Casa del Futuro,Alison&Peter Smithson, 1956\"},{\"@type\":\"BreadcrumbList\",\"@id\":\"https:\\\/\\\/veredes.es\\\/blog\\\/lo-no-cabe-tiempo-luis-gil\\\/#breadcrumb\",\"itemListElement\":[{\"@type\":\"ListItem\",\"position\":1,\"name\":\"Portada\",\"item\":\"https:\\\/\\\/veredes.es\\\/blog\\\/\"},{\"@type\":\"ListItem\",\"position\":2,\"name\":\"Lo que no cabe en el tiempo | Luis Gil\"}]},{\"@type\":\"WebSite\",\"@id\":\"https:\\\/\\\/veredes.es\\\/blog\\\/#website\",\"url\":\"https:\\\/\\\/veredes.es\\\/blog\\\/\",\"name\":\"veredes, arquitectura y divulgaci\u00f3n\",\"description\":\"veredes\",\"publisher\":{\"@id\":\"https:\\\/\\\/veredes.es\\\/blog\\\/#organization\"},\"alternateName\":\"veredes\",\"potentialAction\":[{\"@type\":\"SearchAction\",\"target\":{\"@type\":\"EntryPoint\",\"urlTemplate\":\"https:\\\/\\\/veredes.es\\\/blog\\\/?s={search_term_string}\"},\"query-input\":{\"@type\":\"PropertyValueSpecification\",\"valueRequired\":true,\"valueName\":\"search_term_string\"}}],\"inLanguage\":\"es\"},{\"@type\":\"Organization\",\"@id\":\"https:\\\/\\\/veredes.es\\\/blog\\\/#organization\",\"name\":\"veredes, arquitectura y divulgaci\u00f3n\",\"alternateName\":\"veredes\",\"url\":\"https:\\\/\\\/veredes.es\\\/blog\\\/\",\"logo\":{\"@type\":\"ImageObject\",\"inLanguage\":\"es\",\"@id\":\"https:\\\/\\\/veredes.es\\\/blog\\\/#\\\/schema\\\/logo\\\/image\\\/\",\"url\":\"https:\\\/\\\/veredes.es\\\/blog\\\/wp-content\\\/uploads\\\/2021\\\/12\\\/veredes-logo-centrado_140x54.png\",\"contentUrl\":\"https:\\\/\\\/veredes.es\\\/blog\\\/wp-content\\\/uploads\\\/2021\\\/12\\\/veredes-logo-centrado_140x54.png\",\"width\":140,\"height\":54,\"caption\":\"veredes, arquitectura y divulgaci\u00f3n\"},\"image\":{\"@id\":\"https:\\\/\\\/veredes.es\\\/blog\\\/#\\\/schema\\\/logo\\\/image\\\/\"},\"sameAs\":[\"https:\\\/\\\/www.facebook.com\\\/veredesArquitecturayDivulgacion\\\/\",\"https:\\\/\\\/x.com\\\/veredes\",\"https:\\\/\\\/instagram.com\\\/veredes\\\/\",\"https:\\\/\\\/www.linkedin.com\\\/company\\\/veredes-arquitectura-y-divulgacion\\\/\",\"https:\\\/\\\/es.pinterest.com\\\/veredes\\\/\",\"https:\\\/\\\/www.tumblr.com\\\/veredes\"]},{\"@type\":\"Person\",\"@id\":\"https:\\\/\\\/veredes.es\\\/blog\\\/#\\\/schema\\\/person\\\/93581b26cf9aac5cdd330a01e481e1c5\",\"name\":\"Luis Gil Pita\",\"image\":{\"@type\":\"ImageObject\",\"inLanguage\":\"es\",\"@id\":\"https:\\\/\\\/veredes.es\\\/blog\\\/wp-content\\\/uploads\\\/2018\\\/04\\\/luis-gil-pita-96x96.jpg\",\"url\":\"https:\\\/\\\/veredes.es\\\/blog\\\/wp-content\\\/uploads\\\/2018\\\/04\\\/luis-gil-pita-96x96.jpg\",\"contentUrl\":\"https:\\\/\\\/veredes.es\\\/blog\\\/wp-content\\\/uploads\\\/2018\\\/04\\\/luis-gil-pita-96x96.jpg\",\"caption\":\"Luis Gil Pita\"},\"description\":\"Arquitecto por la ETSA en 1997, desde ese a\u00f1o colabora en el estudio de Manuel Gallego Jorreto hasta 1999. Becado de investigaci\u00f3n en Holanda en 2000-1, con un estudio sobre lo fronterizo y liminar en arquitectura, por la Diputaci\u00f3n de A Coru\u00f1a, fue posteriormente Profesor invitado en el \u00e1rea de proyectos de la Facultad de Arquitectura de Guimar\u00e1es, Universidade do Minho, del 2001 hasta el 2007. Desde el inicio de su carrera ha publicado asiduamente art\u00edculos y ha participado como editor en diferentes publicaciones alrededor de la arquitectura.\",\"sameAs\":[\"https:\\\/\\\/gilpitanietopenamariaarquitectos.com\\\/\",\"https:\\\/\\\/www.facebook.com\\\/gilpita\",\"https:\\\/\\\/www.instagram.com\\\/explore\\\/tags\\\/luisgilpita\\\/\",\"https:\\\/\\\/www.linkedin.com\\\/in\\\/jos-luis-gil-pita-5ba58920\\\/\",\"https:\\\/\\\/x.com\\\/https:\\\/\\\/twitter.com\\\/luisgilpita\"],\"url\":\"https:\\\/\\\/veredes.es\\\/blog\\\/author\\\/luis-gil-pita\\\/\"}]}<\/script>\n<!-- \/ Yoast SEO plugin. -->","yoast_head_json":{"title":"[:es]Lo que no cabe en el tiempo | Luis Gil[:gl]O que non cabe no tempo | Lu\u00eds Gil[:en]What does not fit in time | Luis Gil[:] - veredes","description":"Toda la informaci\u00f3n sobre: [:es]Lo que no cabe en el tiempo | Luis Gil[:gl]O que non cabe no tempo | Lu\u00eds Gil[:en]What does not fit in time | Luis Gil[:]","robots":{"index":"index","follow":"follow","max-snippet":"max-snippet:-1","max-image-preview":"max-image-preview:large","max-video-preview":"max-video-preview:-1"},"canonical":"https:\/\/veredes.es\/blog\/lo-no-cabe-tiempo-luis-gil\/","og_locale":"es_ES","og_type":"article","og_title":"[:es]Lo que no cabe en el tiempo | Luis Gil[:gl]O que non cabe no tempo | Lu\u00eds Gil[:en]What does not fit in time | Luis Gil[:] - veredes","og_description":"Toda la informaci\u00f3n sobre: [:es]Lo que no cabe en el tiempo | Luis Gil[:gl]O que non cabe no tempo | Lu\u00eds Gil[:en]What does not fit in time | Luis Gil[:]","og_url":"https:\/\/veredes.es\/blog\/lo-no-cabe-tiempo-luis-gil\/","og_site_name":"veredes, arquitectura y divulgaci\u00f3n","article_publisher":"https:\/\/www.facebook.com\/veredesArquitecturayDivulgacion\/","article_author":"https:\/\/www.facebook.com\/gilpita","article_published_time":"2019-01-27T23:01:34+00:00","article_modified_time":"2023-02-17T13:01:47+00:00","og_image":[{"width":1200,"height":941,"url":"https:\/\/veredes.es\/blog\/wp-content\/uploads\/2018\/07\/Lo-que-no-cabe-en-el-tiempo-LUIS-GIL-Casa-del-FuturoAlisonPeter-Smithson1956.jpg","type":"image\/jpeg"}],"author":"Luis Gil Pita","twitter_card":"summary_large_image","twitter_creator":"@https:\/\/twitter.com\/luisgilpita","twitter_site":"@veredes","twitter_misc":{"Escrito por":"Luis Gil Pita","Tiempo de lectura":"7 minutos"},"schema":{"@context":"https:\/\/schema.org","@graph":[{"@type":"Article","@id":"https:\/\/veredes.es\/blog\/lo-no-cabe-tiempo-luis-gil\/#article","isPartOf":{"@id":"https:\/\/veredes.es\/blog\/lo-no-cabe-tiempo-luis-gil\/"},"author":{"name":"Luis Gil Pita","@id":"https:\/\/veredes.es\/blog\/#\/schema\/person\/93581b26cf9aac5cdd330a01e481e1c5"},"headline":"Lo que no cabe en el tiempo | Luis Gil","datePublished":"2019-01-27T23:01:34+00:00","dateModified":"2023-02-17T13:01:47+00:00","mainEntityOfPage":{"@id":"https:\/\/veredes.es\/blog\/lo-no-cabe-tiempo-luis-gil\/"},"wordCount":4018,"commentCount":0,"publisher":{"@id":"https:\/\/veredes.es\/blog\/#organization"},"image":{"@id":"https:\/\/veredes.es\/blog\/lo-no-cabe-tiempo-luis-gil\/#primaryimage"},"thumbnailUrl":"https:\/\/veredes.es\/blog\/wp-content\/uploads\/2018\/07\/Lo-que-no-cabe-en-el-tiempo-LUIS-GIL-Casa-del-FuturoAlisonPeter-Smithson1956.jpg","keywords":["Aldo van Eyck","Alison Smithson","a\u00f1os 60","arte","cr\u00edtica","espacio dom\u00e9stico","Gerrit T. Rietveld","habitar","historia","Jos\u00e9 Rafael Moneo Vall\u00e9s","Luis Gil Pita","pensamiento","Peter Smithson","Peter y Alison Smithson","s. xx","Team X","teor\u00eda","teor\u00eda e historia","vivienda"],"articleSection":["art\u00edculos","slider principal"],"inLanguage":"es","potentialAction":[{"@type":"CommentAction","name":"Comment","target":["https:\/\/veredes.es\/blog\/lo-no-cabe-tiempo-luis-gil\/#respond"]}]},{"@type":"WebPage","@id":"https:\/\/veredes.es\/blog\/lo-no-cabe-tiempo-luis-gil\/","url":"https:\/\/veredes.es\/blog\/lo-no-cabe-tiempo-luis-gil\/","name":"[:es]Lo que no cabe en el tiempo | Luis Gil[:gl]O que non cabe no tempo | Lu\u00eds Gil[:en]What does not fit in time | Luis Gil[:] - veredes","isPartOf":{"@id":"https:\/\/veredes.es\/blog\/#website"},"primaryImageOfPage":{"@id":"https:\/\/veredes.es\/blog\/lo-no-cabe-tiempo-luis-gil\/#primaryimage"},"image":{"@id":"https:\/\/veredes.es\/blog\/lo-no-cabe-tiempo-luis-gil\/#primaryimage"},"thumbnailUrl":"https:\/\/veredes.es\/blog\/wp-content\/uploads\/2018\/07\/Lo-que-no-cabe-en-el-tiempo-LUIS-GIL-Casa-del-FuturoAlisonPeter-Smithson1956.jpg","datePublished":"2019-01-27T23:01:34+00:00","dateModified":"2023-02-17T13:01:47+00:00","description":"Toda la informaci\u00f3n sobre: [:es]Lo que no cabe en el tiempo | Luis Gil[:gl]O que non cabe no tempo | Lu\u00eds Gil[:en]What does not fit in time | Luis Gil[:]","breadcrumb":{"@id":"https:\/\/veredes.es\/blog\/lo-no-cabe-tiempo-luis-gil\/#breadcrumb"},"inLanguage":"es","potentialAction":[{"@type":"ReadAction","target":["https:\/\/veredes.es\/blog\/lo-no-cabe-tiempo-luis-gil\/"]}]},{"@type":"ImageObject","inLanguage":"es","@id":"https:\/\/veredes.es\/blog\/lo-no-cabe-tiempo-luis-gil\/#primaryimage","url":"https:\/\/veredes.es\/blog\/wp-content\/uploads\/2018\/07\/Lo-que-no-cabe-en-el-tiempo-LUIS-GIL-Casa-del-FuturoAlisonPeter-Smithson1956.jpg","contentUrl":"https:\/\/veredes.es\/blog\/wp-content\/uploads\/2018\/07\/Lo-que-no-cabe-en-el-tiempo-LUIS-GIL-Casa-del-FuturoAlisonPeter-Smithson1956.jpg","width":1200,"height":941,"caption":"Casa del Futuro,Alison&Peter Smithson, 1956"},{"@type":"BreadcrumbList","@id":"https:\/\/veredes.es\/blog\/lo-no-cabe-tiempo-luis-gil\/#breadcrumb","itemListElement":[{"@type":"ListItem","position":1,"name":"Portada","item":"https:\/\/veredes.es\/blog\/"},{"@type":"ListItem","position":2,"name":"Lo que no cabe en el tiempo | Luis Gil"}]},{"@type":"WebSite","@id":"https:\/\/veredes.es\/blog\/#website","url":"https:\/\/veredes.es\/blog\/","name":"veredes, arquitectura y divulgaci\u00f3n","description":"veredes","publisher":{"@id":"https:\/\/veredes.es\/blog\/#organization"},"alternateName":"veredes","potentialAction":[{"@type":"SearchAction","target":{"@type":"EntryPoint","urlTemplate":"https:\/\/veredes.es\/blog\/?s={search_term_string}"},"query-input":{"@type":"PropertyValueSpecification","valueRequired":true,"valueName":"search_term_string"}}],"inLanguage":"es"},{"@type":"Organization","@id":"https:\/\/veredes.es\/blog\/#organization","name":"veredes, arquitectura y divulgaci\u00f3n","alternateName":"veredes","url":"https:\/\/veredes.es\/blog\/","logo":{"@type":"ImageObject","inLanguage":"es","@id":"https:\/\/veredes.es\/blog\/#\/schema\/logo\/image\/","url":"https:\/\/veredes.es\/blog\/wp-content\/uploads\/2021\/12\/veredes-logo-centrado_140x54.png","contentUrl":"https:\/\/veredes.es\/blog\/wp-content\/uploads\/2021\/12\/veredes-logo-centrado_140x54.png","width":140,"height":54,"caption":"veredes, arquitectura y divulgaci\u00f3n"},"image":{"@id":"https:\/\/veredes.es\/blog\/#\/schema\/logo\/image\/"},"sameAs":["https:\/\/www.facebook.com\/veredesArquitecturayDivulgacion\/","https:\/\/x.com\/veredes","https:\/\/instagram.com\/veredes\/","https:\/\/www.linkedin.com\/company\/veredes-arquitectura-y-divulgacion\/","https:\/\/es.pinterest.com\/veredes\/","https:\/\/www.tumblr.com\/veredes"]},{"@type":"Person","@id":"https:\/\/veredes.es\/blog\/#\/schema\/person\/93581b26cf9aac5cdd330a01e481e1c5","name":"Luis Gil Pita","image":{"@type":"ImageObject","inLanguage":"es","@id":"https:\/\/veredes.es\/blog\/wp-content\/uploads\/2018\/04\/luis-gil-pita-96x96.jpg","url":"https:\/\/veredes.es\/blog\/wp-content\/uploads\/2018\/04\/luis-gil-pita-96x96.jpg","contentUrl":"https:\/\/veredes.es\/blog\/wp-content\/uploads\/2018\/04\/luis-gil-pita-96x96.jpg","caption":"Luis Gil Pita"},"description":"Arquitecto por la ETSA en 1997, desde ese a\u00f1o colabora en el estudio de Manuel Gallego Jorreto hasta 1999. Becado de investigaci\u00f3n en Holanda en 2000-1, con un estudio sobre lo fronterizo y liminar en arquitectura, por la Diputaci\u00f3n de A Coru\u00f1a, fue posteriormente Profesor invitado en el \u00e1rea de proyectos de la Facultad de Arquitectura de Guimar\u00e1es, Universidade do Minho, del 2001 hasta el 2007. Desde el inicio de su carrera ha publicado asiduamente art\u00edculos y ha participado como editor en diferentes publicaciones alrededor de la arquitectura.","sameAs":["https:\/\/gilpitanietopenamariaarquitectos.com\/","https:\/\/www.facebook.com\/gilpita","https:\/\/www.instagram.com\/explore\/tags\/luisgilpita\/","https:\/\/www.linkedin.com\/in\/jos-luis-gil-pita-5ba58920\/","https:\/\/x.com\/https:\/\/twitter.com\/luisgilpita"],"url":"https:\/\/veredes.es\/blog\/author\/luis-gil-pita\/"}]}},"_links":{"self":[{"href":"https:\/\/veredes.es\/blog\/wp-json\/wp\/v2\/posts\/69417","targetHints":{"allow":["GET"]}}],"collection":[{"href":"https:\/\/veredes.es\/blog\/wp-json\/wp\/v2\/posts"}],"about":[{"href":"https:\/\/veredes.es\/blog\/wp-json\/wp\/v2\/types\/post"}],"author":[{"embeddable":true,"href":"https:\/\/veredes.es\/blog\/wp-json\/wp\/v2\/users\/53"}],"replies":[{"embeddable":true,"href":"https:\/\/veredes.es\/blog\/wp-json\/wp\/v2\/comments?post=69417"}],"version-history":[{"count":0,"href":"https:\/\/veredes.es\/blog\/wp-json\/wp\/v2\/posts\/69417\/revisions"}],"wp:featuredmedia":[{"embeddable":true,"href":"https:\/\/veredes.es\/blog\/wp-json\/wp\/v2\/media\/69423"}],"wp:attachment":[{"href":"https:\/\/veredes.es\/blog\/wp-json\/wp\/v2\/media?parent=69417"}],"wp:term":[{"taxonomy":"category","embeddable":true,"href":"https:\/\/veredes.es\/blog\/wp-json\/wp\/v2\/categories?post=69417"},{"taxonomy":"post_tag","embeddable":true,"href":"https:\/\/veredes.es\/blog\/wp-json\/wp\/v2\/tags?post=69417"}],"curies":[{"name":"wp","href":"https:\/\/api.w.org\/{rel}","templated":true}]}}